{"id":9704,"date":"2025-12-04T16:08:45","date_gmt":"2025-12-04T16:08:45","guid":{"rendered":"https:\/\/galicia.ingenierosnavales.com\/?p=9704"},"modified":"2025-12-05T09:35:42","modified_gmt":"2025-12-05T09:35:42","slug":"sesion-coin-aine-epef-sobre-habilitacion-naval-19-de-novembro","status":"publish","type":"post","link":"https:\/\/galicia.ingenierosnavales.com\/index.php\/2025\/12\/04\/sesion-coin-aine-epef-sobre-habilitacion-naval-19-de-novembro\/","title":{"rendered":"Sesi\u00f3n COIN\/AINE-EPEF sobre \u00abHabilitaci\u00f3n Naval\u00bb, 19 de novembro"},"content":{"rendered":"<p><img loading=\"lazy\" decoding=\"async\" class=\"aligncenter wp-image-9493 size-large\" src=\"https:\/\/galicia.ingenierosnavales.com\/wp-content\/uploads\/2025\/10\/COIN-AINE-BANNER-GAL-JORNADA-HABILITACION-NAVAL-1024x587.png\" alt=\"\" width=\"1024\" height=\"587\" srcset=\"https:\/\/galicia.ingenierosnavales.com\/wp-content\/uploads\/2025\/10\/COIN-AINE-BANNER-GAL-JORNADA-HABILITACION-NAVAL-1024x587.png 1024w, https:\/\/galicia.ingenierosnavales.com\/wp-content\/uploads\/2025\/10\/COIN-AINE-BANNER-GAL-JORNADA-HABILITACION-NAVAL-300x172.png 300w, https:\/\/galicia.ingenierosnavales.com\/wp-content\/uploads\/2025\/10\/COIN-AINE-BANNER-GAL-JORNADA-HABILITACION-NAVAL-768x440.png 768w, https:\/\/galicia.ingenierosnavales.com\/wp-content\/uploads\/2025\/10\/COIN-AINE-BANNER-GAL-JORNADA-HABILITACION-NAVAL.png 1406w\" sizes=\"auto, (max-width: 1024px) 100vw, 1024px\" \/><\/p>\n<p>Na tarde do pasado <strong>19 de novembro<\/strong>, tivo lugar a \u00faltima conferencia do ciclo que a <strong>Delegaci\u00f3n Territorial en Galicia do Colexio de Enxe\u00f1eiros Navais e Oce\u00e1nicos, organizou ao longo do 2025, en colaboraci\u00f3n coa Escola Polit\u00e9cnica de Enxe\u00f1ar\u00eda de Ferrol (EPEF) e subvencionada pola Deputaci\u00f3n da Coru\u00f1a.<\/strong><\/p>\n<p>Nesta xornada falouse do que \u00e9 a habilitaci\u00f3n naval, o que engloba como illamentos t\u00e9rmicos, ac\u00fasticos, protecci\u00f3n contra incendios; habitabilidade, normativas aplicables e integraci\u00f3n de sistemas (HVAC, canleado, mobiliario t\u00e9cnico); tam\u00e9n se expor\u00e1n as diferenzas con outras disciplinas como poden ser estrutura, propulsi\u00f3n, etc.<\/p>\n<p>Finalmente expux\u00e9ronse as tendencias e futuro da habilitaci\u00f3n naval, en dixitalizaci\u00f3n, sostenibilidades, automatizaci\u00f3n e prefabricaci\u00f3n, as\u00ed como novos tipos de buques (cruceiros sostibles, buques militares de nova xeraci\u00f3n)<\/p>\n<p>Os relatores desta conferencia foron:<\/p>\n<p><strong>Pablo Guerrero Salgado, COO Grupo GABADI, S.L., Enxe\u00f1eiro Naval e Oce\u00e1nico <\/strong>que empezou a s\u00faa traxectoria como director da Escola de Vela Liceo Casino de Vilagarc\u00eda para pasar a becario en Coordinaci\u00f3n de Construci\u00f3ns en Navantia en Ferrol e Dese\u00f1o Naval e Industrial en Melbourne, Australia. A partir desta experiencia desempe\u00f1ou as tarefas de responsable de proxetos LNG (tanques de membrana sistema Mark y NO), responsable de habilitaci\u00f3n naval en novas construci\u00f3ns, e responsable de proxecto en diversos pa\u00edses como Malasia, Singapur, Canad\u00e1\u2026en Gabadi, S.L.Na actualidade desempe\u00f1a o cargo de Director de Operaci\u00f3ns do Grupo Gabadi en Ferrol<\/p>\n<p><strong>Antonio J. Llago Hermida, Director Xeral Grupo GABADI, S.L.<\/strong><strong>, \u00e9<\/strong> licenciado en Dereito pola UDC con un M\u00e1ster en Direci\u00f3n e Administraci\u00f3n,\u00a0 M\u00e1ster de Xestores do sector naval; \u00e9 xestor de medio ambiente. \u00c9 socio fundador do Despacho Legal Llago e Moncina, S.L.Actualmente \u00e9 o Director Xeral do Grupo GABADI, S.L. , as\u00ed como membro da Xunta Directiva do Cl\u00faster do Sector Naval\u00a0 (ACLUNAGA)<\/p>\n<p><strong>No seguinte enlace p\u00f3dese acceder \u00e1 presentaci\u00f3n desta xornada: <a href=\"https:\/\/galicia.ingenierosnavales.com\/wp-content\/uploads\/2025\/12\/GABADI-Presentation-Universidad-rev2.pdf\">GABADI Presentation Universidad rev2<\/a><\/strong><\/p>\n<p style=\"text-align: center;\"><span style=\"color: #000080;\"><strong><u>GALER\u00cdA DE IMAXES<\/u><\/strong><\/span><\/p>\n\n\t\t<style>\n\t\t\t#gallery-1 {\n\t\t\t\tmargin: auto;\n\t\t\t}\n\t\t\t#gallery-1 .gallery-item {\n\t\t\t\tfloat: left;\n\t\t\t\tmargin-top: 10px;\n\t\t\t\ttext-align: center;\n\t\t\t\twidth: 33%;\n\t\t\t}\n\t\t\t#gallery-1 img {\n\t\t\t\tborder: 2px solid #cfcfcf;\n\t\t\t}\n\t\t\t#gallery-1 .gallery-caption {\n\t\t\t\tmargin-left: 0;\n\t\t\t}\n\t\t\t\/* see gallery_shortcode() in wp-includes\/media.php *\/\n\t\t<\/style>\n\t\t<div id='gallery-1' class='gallery galleryid-9704 gallery-columns-3 gallery-size-full'><dl class='gallery-item'>\n\t\t\t<dt class='gallery-icon landscape'>\n\t\t\t\t<a href='https:\/\/galicia.ingenierosnavales.com\/index.php\/2025\/12\/04\/sesion-coin-aine-epef-sobre-habilitacion-naval-19-de-novembro\/_dsc1865\/'><img loading=\"lazy\" decoding=\"async\" width=\"1200\" height=\"800\" src=\"https:\/\/galicia.ingenierosnavales.com\/wp-content\/uploads\/2025\/12\/DSC1865.jpg\" class=\"attachment-full size-full no-lazy\" alt=\"\" srcset=\"https:\/\/galicia.ingenierosnavales.com\/wp-content\/uploads\/2025\/12\/DSC1865.jpg 1200w, https:\/\/galicia.ingenierosnavales.com\/wp-content\/uploads\/2025\/12\/DSC1865-300x200.jpg 300w, https:\/\/galicia.ingenierosnavales.com\/wp-content\/uploads\/2025\/12\/DSC1865-1024x683.jpg 1024w, https:\/\/galicia.ingenierosnavales.com\/wp-content\/uploads\/2025\/12\/DSC1865-768x512.jpg 768w\" sizes=\"auto, (max-width: 1200px) 100vw, 1200px\" \/><\/a>\n\t\t\t<\/dt><\/dl><dl class='gallery-item'>\n\t\t\t<dt class='gallery-icon landscape'>\n\t\t\t\t<a href='https:\/\/galicia.ingenierosnavales.com\/index.php\/2025\/12\/04\/sesion-coin-aine-epef-sobre-habilitacion-naval-19-de-novembro\/_dsc1870\/'><img loading=\"lazy\" decoding=\"async\" width=\"1200\" height=\"800\" src=\"https:\/\/galicia.ingenierosnavales.com\/wp-content\/uploads\/2025\/12\/DSC1870.jpg\" class=\"attachment-full size-full no-lazy\" alt=\"\" srcset=\"https:\/\/galicia.ingenierosnavales.com\/wp-content\/uploads\/2025\/12\/DSC1870.jpg 1200w, https:\/\/galicia.ingenierosnavales.com\/wp-content\/uploads\/2025\/12\/DSC1870-300x200.jpg 300w, https:\/\/galicia.ingenierosnavales.com\/wp-content\/uploads\/2025\/12\/DSC1870-1024x683.jpg 1024w, https:\/\/galicia.ingenierosnavales.com\/wp-content\/uploads\/2025\/12\/DSC1870-768x512.jpg 768w\" sizes=\"auto, (max-width: 1200px) 100vw, 1200px\" \/><\/a>\n\t\t\t<\/dt><\/dl><dl class='gallery-item'>\n\t\t\t<dt class='gallery-icon landscape'>\n\t\t\t\t<a href='https:\/\/galicia.ingenierosnavales.com\/index.php\/2025\/12\/04\/sesion-coin-aine-epef-sobre-habilitacion-naval-19-de-novembro\/_dsc1874\/'><img loading=\"lazy\" decoding=\"async\" width=\"1200\" height=\"800\" src=\"https:\/\/galicia.ingenierosnavales.com\/wp-content\/uploads\/2025\/12\/DSC1874.jpg\" class=\"attachment-full size-full no-lazy\" alt=\"\" srcset=\"https:\/\/galicia.ingenierosnavales.com\/wp-content\/uploads\/2025\/12\/DSC1874.jpg 1200w, https:\/\/galicia.ingenierosnavales.com\/wp-content\/uploads\/2025\/12\/DSC1874-300x200.jpg 300w, https:\/\/galicia.ingenierosnavales.com\/wp-content\/uploads\/2025\/12\/DSC1874-1024x683.jpg 1024w, https:\/\/galicia.ingenierosnavales.com\/wp-content\/uploads\/2025\/12\/DSC1874-768x512.jpg 768w\" sizes=\"auto, (max-width: 1200px) 100vw, 1200px\" \/><\/a>\n\t\t\t<\/dt><\/dl><br style=\"clear: both\" \/><dl class='gallery-item'>\n\t\t\t<dt class='gallery-icon landscape'>\n\t\t\t\t<a href='https:\/\/galicia.ingenierosnavales.com\/index.php\/2025\/12\/04\/sesion-coin-aine-epef-sobre-habilitacion-naval-19-de-novembro\/_dsc1877\/'><img loading=\"lazy\" decoding=\"async\" width=\"1200\" height=\"800\" src=\"https:\/\/galicia.ingenierosnavales.com\/wp-content\/uploads\/2025\/12\/DSC1877.jpg\" class=\"attachment-full size-full no-lazy\" alt=\"\" srcset=\"https:\/\/galicia.ingenierosnavales.com\/wp-content\/uploads\/2025\/12\/DSC1877.jpg 1200w, https:\/\/galicia.ingenierosnavales.com\/wp-content\/uploads\/2025\/12\/DSC1877-300x200.jpg 300w, https:\/\/galicia.ingenierosnavales.com\/wp-content\/uploads\/2025\/12\/DSC1877-1024x683.jpg 1024w, https:\/\/galicia.ingenierosnavales.com\/wp-content\/uploads\/2025\/12\/DSC1877-768x512.jpg 768w\" sizes=\"auto, (max-width: 1200px) 100vw, 1200px\" \/><\/a>\n\t\t\t<\/dt><\/dl><dl class='gallery-item'>\n\t\t\t<dt class='gallery-icon landscape'>\n\t\t\t\t<a href='https:\/\/galicia.ingenierosnavales.com\/index.php\/2025\/12\/04\/sesion-coin-aine-epef-sobre-habilitacion-naval-19-de-novembro\/_dsc1879\/'><img loading=\"lazy\" decoding=\"async\" width=\"1200\" height=\"800\" src=\"https:\/\/galicia.ingenierosnavales.com\/wp-content\/uploads\/2025\/12\/DSC1879.jpg\" class=\"attachment-full size-full no-lazy\" alt=\"\" srcset=\"https:\/\/galicia.ingenierosnavales.com\/wp-content\/uploads\/2025\/12\/DSC1879.jpg 1200w, https:\/\/galicia.ingenierosnavales.com\/wp-content\/uploads\/2025\/12\/DSC1879-300x200.jpg 300w, https:\/\/galicia.ingenierosnavales.com\/wp-content\/uploads\/2025\/12\/DSC1879-1024x683.jpg 1024w, https:\/\/galicia.ingenierosnavales.com\/wp-content\/uploads\/2025\/12\/DSC1879-768x512.jpg 768w\" sizes=\"auto, (max-width: 1200px) 100vw, 1200px\" \/><\/a>\n\t\t\t<\/dt><\/dl><dl class='gallery-item'>\n\t\t\t<dt class='gallery-icon landscape'>\n\t\t\t\t<a href='https:\/\/galicia.ingenierosnavales.com\/index.php\/2025\/12\/04\/sesion-coin-aine-epef-sobre-habilitacion-naval-19-de-novembro\/_dsc1882\/'><img loading=\"lazy\" decoding=\"async\" width=\"1200\" height=\"800\" src=\"https:\/\/galicia.ingenierosnavales.com\/wp-content\/uploads\/2025\/12\/DSC1882.jpg\" class=\"attachment-full size-full no-lazy\" alt=\"\" srcset=\"https:\/\/galicia.ingenierosnavales.com\/wp-content\/uploads\/2025\/12\/DSC1882.jpg 1200w, https:\/\/galicia.ingenierosnavales.com\/wp-content\/uploads\/2025\/12\/DSC1882-300x200.jpg 300w, https:\/\/galicia.ingenierosnavales.com\/wp-content\/uploads\/2025\/12\/DSC1882-1024x683.jpg 1024w, https:\/\/galicia.ingenierosnavales.com\/wp-content\/uploads\/2025\/12\/DSC1882-768x512.jpg 768w\" sizes=\"auto, (max-width: 1200px) 100vw, 1200px\" \/><\/a>\n\t\t\t<\/dt><\/dl><br style=\"clear: both\" \/><dl class='gallery-item'>\n\t\t\t<dt class='gallery-icon landscape'>\n\t\t\t\t<a href='https:\/\/galicia.ingenierosnavales.com\/index.php\/2025\/12\/04\/sesion-coin-aine-epef-sobre-habilitacion-naval-19-de-novembro\/_dsc1883\/'><img loading=\"lazy\" decoding=\"async\" width=\"1200\" height=\"800\" src=\"https:\/\/galicia.ingenierosnavales.com\/wp-content\/uploads\/2025\/12\/DSC1883.jpg\" class=\"attachment-full size-full no-lazy\" alt=\"\" srcset=\"https:\/\/galicia.ingenierosnavales.com\/wp-content\/uploads\/2025\/12\/DSC1883.jpg 1200w, https:\/\/galicia.ingenierosnavales.com\/wp-content\/uploads\/2025\/12\/DSC1883-300x200.jpg 300w, https:\/\/galicia.ingenierosnavales.com\/wp-content\/uploads\/2025\/12\/DSC1883-1024x683.jpg 1024w, https:\/\/galicia.ingenierosnavales.com\/wp-content\/uploads\/2025\/12\/DSC1883-768x512.jpg 768w\" sizes=\"auto, (max-width: 1200px) 100vw, 1200px\" \/><\/a>\n\t\t\t<\/dt><\/dl><dl class='gallery-item'>\n\t\t\t<dt class='gallery-icon landscape'>\n\t\t\t\t<a href='https:\/\/galicia.ingenierosnavales.com\/index.php\/2025\/12\/04\/sesion-coin-aine-epef-sobre-habilitacion-naval-19-de-novembro\/_dsc1885\/'><img loading=\"lazy\" decoding=\"async\" width=\"1200\" height=\"800\" src=\"https:\/\/galicia.ingenierosnavales.com\/wp-content\/uploads\/2025\/12\/DSC1885.jpg\" class=\"attachment-full size-full no-lazy\" alt=\"\" srcset=\"https:\/\/galicia.ingenierosnavales.com\/wp-content\/uploads\/2025\/12\/DSC1885.jpg 1200w, https:\/\/galicia.ingenierosnavales.com\/wp-content\/uploads\/2025\/12\/DSC1885-300x200.jpg 300w, https:\/\/galicia.ingenierosnavales.com\/wp-content\/uploads\/2025\/12\/DSC1885-1024x683.jpg 1024w, https:\/\/galicia.ingenierosnavales.com\/wp-content\/uploads\/2025\/12\/DSC1885-768x512.jpg 768w\" sizes=\"auto, (max-width: 1200px) 100vw, 1200px\" \/><\/a>\n\t\t\t<\/dt><\/dl><dl class='gallery-item'>\n\t\t\t<dt class='gallery-icon landscape'>\n\t\t\t\t<a href='https:\/\/galicia.ingenierosnavales.com\/index.php\/2025\/12\/04\/sesion-coin-aine-epef-sobre-habilitacion-naval-19-de-novembro\/_dsc1886\/'><img loading=\"lazy\" decoding=\"async\" width=\"1200\" height=\"800\" src=\"https:\/\/galicia.ingenierosnavales.com\/wp-content\/uploads\/2025\/12\/DSC1886.jpg\" class=\"attachment-full size-full no-lazy\" alt=\"\" srcset=\"https:\/\/galicia.ingenierosnavales.com\/wp-content\/uploads\/2025\/12\/DSC1886.jpg 1200w, https:\/\/galicia.ingenierosnavales.com\/wp-content\/uploads\/2025\/12\/DSC1886-300x200.jpg 300w, https:\/\/galicia.ingenierosnavales.com\/wp-content\/uploads\/2025\/12\/DSC1886-1024x683.jpg 1024w, https:\/\/galicia.ingenierosnavales.com\/wp-content\/uploads\/2025\/12\/DSC1886-768x512.jpg 768w\" sizes=\"auto, (max-width: 1200px) 100vw, 1200px\" \/><\/a>\n\t\t\t<\/dt><\/dl><br style=\"clear: both\" \/><dl class='gallery-item'>\n\t\t\t<dt class='gallery-icon landscape'>\n\t\t\t\t<a href='https:\/\/galicia.ingenierosnavales.com\/index.php\/2025\/12\/04\/sesion-coin-aine-epef-sobre-habilitacion-naval-19-de-novembro\/_dsc1887-2\/'><img loading=\"lazy\" decoding=\"async\" width=\"1200\" height=\"800\" src=\"https:\/\/galicia.ingenierosnavales.com\/wp-content\/uploads\/2025\/12\/DSC1887.jpg\" class=\"attachment-full size-full no-lazy\" alt=\"\" srcset=\"https:\/\/galicia.ingenierosnavales.com\/wp-content\/uploads\/2025\/12\/DSC1887.jpg 1200w, https:\/\/galicia.ingenierosnavales.com\/wp-content\/uploads\/2025\/12\/DSC1887-300x200.jpg 300w, https:\/\/galicia.ingenierosnavales.com\/wp-content\/uploads\/2025\/12\/DSC1887-1024x683.jpg 1024w, https:\/\/galicia.ingenierosnavales.com\/wp-content\/uploads\/2025\/12\/DSC1887-768x512.jpg 768w\" sizes=\"auto, (max-width: 1200px) 100vw, 1200px\" \/><\/a>\n\t\t\t<\/dt><\/dl><dl class='gallery-item'>\n\t\t\t<dt class='gallery-icon landscape'>\n\t\t\t\t<a href='https:\/\/galicia.ingenierosnavales.com\/index.php\/2025\/12\/04\/sesion-coin-aine-epef-sobre-habilitacion-naval-19-de-novembro\/_dsc1888-2\/'><img loading=\"lazy\" decoding=\"async\" width=\"1200\" height=\"800\" src=\"https:\/\/galicia.ingenierosnavales.com\/wp-content\/uploads\/2025\/12\/DSC1888.jpg\" class=\"attachment-full size-full no-lazy\" alt=\"\" srcset=\"https:\/\/galicia.ingenierosnavales.com\/wp-content\/uploads\/2025\/12\/DSC1888.jpg 1200w, https:\/\/galicia.ingenierosnavales.com\/wp-content\/uploads\/2025\/12\/DSC1888-300x200.jpg 300w, https:\/\/galicia.ingenierosnavales.com\/wp-content\/uploads\/2025\/12\/DSC1888-1024x683.jpg 1024w, https:\/\/galicia.ingenierosnavales.com\/wp-content\/uploads\/2025\/12\/DSC1888-768x512.jpg 768w\" sizes=\"auto, (max-width: 1200px) 100vw, 1200px\" \/><\/a>\n\t\t\t<\/dt><\/dl><dl class='gallery-item'>\n\t\t\t<dt class='gallery-icon landscape'>\n\t\t\t\t<a href='https:\/\/galicia.ingenierosnavales.com\/index.php\/2025\/12\/04\/sesion-coin-aine-epef-sobre-habilitacion-naval-19-de-novembro\/_dsc1889\/'><img loading=\"lazy\" decoding=\"async\" width=\"1200\" height=\"800\" src=\"https:\/\/galicia.ingenierosnavales.com\/wp-content\/uploads\/2025\/12\/DSC1889.jpg\" class=\"attachment-full size-full no-lazy\" alt=\"\" srcset=\"https:\/\/galicia.ingenierosnavales.com\/wp-content\/uploads\/2025\/12\/DSC1889.jpg 1200w, https:\/\/galicia.ingenierosnavales.com\/wp-content\/uploads\/2025\/12\/DSC1889-300x200.jpg 300w, https:\/\/galicia.ingenierosnavales.com\/wp-content\/uploads\/2025\/12\/DSC1889-1024x683.jpg 1024w, https:\/\/galicia.ingenierosnavales.com\/wp-content\/uploads\/2025\/12\/DSC1889-768x512.jpg 768w\" sizes=\"auto, (max-width: 1200px) 100vw, 1200px\" \/><\/a>\n\t\t\t<\/dt><\/dl><br style=\"clear: both\" \/><dl class='gallery-item'>\n\t\t\t<dt class='gallery-icon landscape'>\n\t\t\t\t<a href='https:\/\/galicia.ingenierosnavales.com\/index.php\/2025\/12\/04\/sesion-coin-aine-epef-sobre-habilitacion-naval-19-de-novembro\/_dsc1891\/'><img loading=\"lazy\" decoding=\"async\" width=\"1200\" height=\"800\" src=\"https:\/\/galicia.ingenierosnavales.com\/wp-content\/uploads\/2025\/12\/DSC1891.jpg\" class=\"attachment-full size-full no-lazy\" alt=\"\" srcset=\"https:\/\/galicia.ingenierosnavales.com\/wp-content\/uploads\/2025\/12\/DSC1891.jpg 1200w, https:\/\/galicia.ingenierosnavales.com\/wp-content\/uploads\/2025\/12\/DSC1891-300x200.jpg 300w, https:\/\/galicia.ingenierosnavales.com\/wp-content\/uploads\/2025\/12\/DSC1891-1024x683.jpg 1024w, https:\/\/galicia.ingenierosnavales.com\/wp-content\/uploads\/2025\/12\/DSC1891-768x512.jpg 768w\" sizes=\"auto, (max-width: 1200px) 100vw, 1200px\" \/><\/a>\n\t\t\t<\/dt><\/dl><dl class='gallery-item'>\n\t\t\t<dt class='gallery-icon landscape'>\n\t\t\t\t<a href='https:\/\/galicia.ingenierosnavales.com\/index.php\/2025\/12\/04\/sesion-coin-aine-epef-sobre-habilitacion-naval-19-de-novembro\/_dsc1893\/'><img loading=\"lazy\" decoding=\"async\" width=\"1200\" height=\"800\" src=\"https:\/\/galicia.ingenierosnavales.com\/wp-content\/uploads\/2025\/12\/DSC1893.jpg\" class=\"attachment-full size-full no-lazy\" alt=\"\" srcset=\"https:\/\/galicia.ingenierosnavales.com\/wp-content\/uploads\/2025\/12\/DSC1893.jpg 1200w, https:\/\/galicia.ingenierosnavales.com\/wp-content\/uploads\/2025\/12\/DSC1893-300x200.jpg 300w, https:\/\/galicia.ingenierosnavales.com\/wp-content\/uploads\/2025\/12\/DSC1893-1024x683.jpg 1024w, https:\/\/galicia.ingenierosnavales.com\/wp-content\/uploads\/2025\/12\/DSC1893-768x512.jpg 768w\" sizes=\"auto, (max-width: 1200px) 100vw, 1200px\" \/><\/a>\n\t\t\t<\/dt><\/dl>\n\t\t\t<br style='clear: both' \/>\n\t\t<\/div>\n\n","protected":false},"excerpt":{"rendered":"<p>Na tarde do pasado 19 de novembro, tivo lugar a \u00faltima conferencia do ciclo que a Delegaci\u00f3n Territorial en Galicia do Colexio de Enxe\u00f1eiros Navais e Oce\u00e1nicos, organizou ao longo do 2025, en colaboraci\u00f3n&#46;&#46;&#46;<\/p>\n","protected":false},"author":2,"featured_media":9718,"comment_status":"open","ping_status":"open","sticky":false,"template":"","format":"standard","meta":{"om_disable_all_campaigns":false,"_monsterinsights_skip_tracking":false,"_monsterinsights_sitenote_active":false,"_monsterinsights_sitenote_note":"","_monsterinsights_sitenote_category":0,"_uf_show_specific_survey":0,"_uf_disable_surveys":false,"footnotes":""},"categories":[32],"tags":[73,59,61],"class_list":["post-9704","post","type-post","status-publish","format-standard","has-post-thumbnail","hentry","category-eventos-g","tag-actividades-galicia","tag-enxeneiros-navais-galicia","tag-xornadas-enxeneiros-navais-en-galicia"],"aioseo_notices":[],"yoast_head":"<!-- This site is optimized with the Yoast SEO plugin v24.0 - https:\/\/yoast.com\/wordpress\/plugins\/seo\/ -->\n<title>Sesi\u00f3n COIN\/AINE-EPEF sobre &quot;Habilitaci\u00f3n Naval&quot;, 19 de novembro - Delegaci\u00f3n del COIN en Galicia -<\/title>\n<meta name=\"robots\" content=\"index, follow, max-snippet:-1, max-image-preview:large, max-video-preview:-1\" \/>\n<link rel=\"canonical\" href=\"https:\/\/galicia.ingenierosnavales.com\/index.php\/2025\/12\/04\/sesion-coin-aine-epef-sobre-habilitacion-naval-19-de-novembro\/\" \/>\n<meta property=\"og:locale\" content=\"es_ES\" \/>\n<meta property=\"og:type\" content=\"article\" \/>\n<meta property=\"og:title\" content=\"Sesi\u00f3n COIN\/AINE-EPEF sobre &quot;Habilitaci\u00f3n Naval&quot;, 19 de novembro - Delegaci\u00f3n del COIN en Galicia -\" \/>\n<meta property=\"og:description\" content=\"Na tarde do pasado 19 de novembro, tivo lugar a \u00faltima conferencia do ciclo que a Delegaci\u00f3n Territorial en Galicia do Colexio de Enxe\u00f1eiros Navais e Oce\u00e1nicos, organizou ao longo do 2025, en colaboraci\u00f3n&#046;&#046;&#046;\" \/>\n<meta property=\"og:url\" content=\"https:\/\/galicia.ingenierosnavales.com\/index.php\/2025\/12\/04\/sesion-coin-aine-epef-sobre-habilitacion-naval-19-de-novembro\/\" \/>\n<meta property=\"og:site_name\" content=\"Delegaci\u00f3n del COIN en Galicia -\" \/>\n<meta property=\"article:published_time\" content=\"2025-12-04T16:08:45+00:00\" \/>\n<meta property=\"article:modified_time\" content=\"2025-12-05T09:35:42+00:00\" \/>\n<meta property=\"og:image\" content=\"https:\/\/galicia.ingenierosnavales.com\/wp-content\/uploads\/2025\/12\/DSC1865.jpg\" \/>\n\t<meta property=\"og:image:width\" content=\"1200\" \/>\n\t<meta property=\"og:image:height\" content=\"800\" \/>\n\t<meta property=\"og:image:type\" content=\"image\/jpeg\" \/>\n<meta name=\"author\" content=\"Delegaci\u00f3n Galicia\" \/>\n<meta name=\"twitter:card\" content=\"summary_large_image\" \/>\n<meta name=\"twitter:label1\" content=\"Escrito por\" \/>\n\t<meta name=\"twitter:data1\" content=\"Delegaci\u00f3n Galicia\" \/>\n\t<meta name=\"twitter:label2\" content=\"Tiempo de lectura\" \/>\n\t<meta name=\"twitter:data2\" content=\"2 minutos\" \/>\n<script type=\"application\/ld+json\" class=\"yoast-schema-graph\">{\"@context\":\"https:\/\/schema.org\",\"@graph\":[{\"@type\":\"Article\",\"@id\":\"https:\/\/galicia.ingenierosnavales.com\/index.php\/2025\/12\/04\/sesion-coin-aine-epef-sobre-habilitacion-naval-19-de-novembro\/#article\",\"isPartOf\":{\"@id\":\"https:\/\/galicia.ingenierosnavales.com\/index.php\/2025\/12\/04\/sesion-coin-aine-epef-sobre-habilitacion-naval-19-de-novembro\/\"},\"author\":{\"name\":\"Delegaci\u00f3n Galicia\",\"@id\":\"https:\/\/galicia.ingenierosnavales.com\/#\/schema\/person\/5b19750a916831d424f63e9271d4e51d\"},\"headline\":\"Sesi\u00f3n COIN\/AINE-EPEF sobre \u00abHabilitaci\u00f3n Naval\u00bb, 19 de novembro\",\"datePublished\":\"2025-12-04T16:08:45+00:00\",\"dateModified\":\"2025-12-05T09:35:42+00:00\",\"mainEntityOfPage\":{\"@id\":\"https:\/\/galicia.ingenierosnavales.com\/index.php\/2025\/12\/04\/sesion-coin-aine-epef-sobre-habilitacion-naval-19-de-novembro\/\"},\"wordCount\":361,\"commentCount\":0,\"publisher\":{\"@id\":\"https:\/\/galicia.ingenierosnavales.com\/#organization\"},\"image\":{\"@id\":\"https:\/\/galicia.ingenierosnavales.com\/index.php\/2025\/12\/04\/sesion-coin-aine-epef-sobre-habilitacion-naval-19-de-novembro\/#primaryimage\"},\"thumbnailUrl\":\"https:\/\/galicia.ingenierosnavales.com\/wp-content\/uploads\/2025\/12\/DSC1865.jpg\",\"keywords\":[\"actividades Galicia\",\"enxe\u00f1eiros navais Galicia\",\"xornadas enxe\u00f1eiros navais en Galicia\"],\"articleSection\":[\"eventos (G)\"],\"inLanguage\":\"es\",\"potentialAction\":[{\"@type\":\"CommentAction\",\"name\":\"Comment\",\"target\":[\"https:\/\/galicia.ingenierosnavales.com\/index.php\/2025\/12\/04\/sesion-coin-aine-epef-sobre-habilitacion-naval-19-de-novembro\/#respond\"]}]},{\"@type\":\"WebPage\",\"@id\":\"https:\/\/galicia.ingenierosnavales.com\/index.php\/2025\/12\/04\/sesion-coin-aine-epef-sobre-habilitacion-naval-19-de-novembro\/\",\"url\":\"https:\/\/galicia.ingenierosnavales.com\/index.php\/2025\/12\/04\/sesion-coin-aine-epef-sobre-habilitacion-naval-19-de-novembro\/\",\"name\":\"Sesi\u00f3n COIN\/AINE-EPEF sobre \\\"Habilitaci\u00f3n Naval\\\", 19 de novembro - Delegaci\u00f3n del COIN en Galicia -\",\"isPartOf\":{\"@id\":\"https:\/\/galicia.ingenierosnavales.com\/#website\"},\"primaryImageOfPage\":{\"@id\":\"https:\/\/galicia.ingenierosnavales.com\/index.php\/2025\/12\/04\/sesion-coin-aine-epef-sobre-habilitacion-naval-19-de-novembro\/#primaryimage\"},\"image\":{\"@id\":\"https:\/\/galicia.ingenierosnavales.com\/index.php\/2025\/12\/04\/sesion-coin-aine-epef-sobre-habilitacion-naval-19-de-novembro\/#primaryimage\"},\"thumbnailUrl\":\"https:\/\/galicia.ingenierosnavales.com\/wp-content\/uploads\/2025\/12\/DSC1865.jpg\",\"datePublished\":\"2025-12-04T16:08:45+00:00\",\"dateModified\":\"2025-12-05T09:35:42+00:00\",\"breadcrumb\":{\"@id\":\"https:\/\/galicia.ingenierosnavales.com\/index.php\/2025\/12\/04\/sesion-coin-aine-epef-sobre-habilitacion-naval-19-de-novembro\/#breadcrumb\"},\"inLanguage\":\"es\",\"potentialAction\":[{\"@type\":\"ReadAction\",\"target\":[\"https:\/\/galicia.ingenierosnavales.com\/index.php\/2025\/12\/04\/sesion-coin-aine-epef-sobre-habilitacion-naval-19-de-novembro\/\"]}]},{\"@type\":\"ImageObject\",\"inLanguage\":\"es\",\"@id\":\"https:\/\/galicia.ingenierosnavales.com\/index.php\/2025\/12\/04\/sesion-coin-aine-epef-sobre-habilitacion-naval-19-de-novembro\/#primaryimage\",\"url\":\"https:\/\/galicia.ingenierosnavales.com\/wp-content\/uploads\/2025\/12\/DSC1865.jpg\",\"contentUrl\":\"https:\/\/galicia.ingenierosnavales.com\/wp-content\/uploads\/2025\/12\/DSC1865.jpg\",\"width\":1200,\"height\":800},{\"@type\":\"BreadcrumbList\",\"@id\":\"https:\/\/galicia.ingenierosnavales.com\/index.php\/2025\/12\/04\/sesion-coin-aine-epef-sobre-habilitacion-naval-19-de-novembro\/#breadcrumb\",\"itemListElement\":[{\"@type\":\"ListItem\",\"position\":1,\"name\":\"Home\",\"item\":\"https:\/\/galicia.ingenierosnavales.com\/\"},{\"@type\":\"ListItem\",\"position\":2,\"name\":\"Sesi\u00f3n COIN\/AINE-EPEF sobre \u00abHabilitaci\u00f3n Naval\u00bb, 19 de novembro\"}]},{\"@type\":\"WebSite\",\"@id\":\"https:\/\/galicia.ingenierosnavales.com\/#website\",\"url\":\"https:\/\/galicia.ingenierosnavales.com\/\",\"name\":\"Delegaci\u00f3n del COIN en Galicia -\",\"description\":\"\",\"publisher\":{\"@id\":\"https:\/\/galicia.ingenierosnavales.com\/#organization\"},\"potentialAction\":[{\"@type\":\"SearchAction\",\"target\":{\"@type\":\"EntryPoint\",\"urlTemplate\":\"https:\/\/galicia.ingenierosnavales.com\/?s={search_term_string}\"},\"query-input\":{\"@type\":\"PropertyValueSpecification\",\"valueRequired\":true,\"valueName\":\"search_term_string\"}}],\"inLanguage\":\"es\"},{\"@type\":\"Organization\",\"@id\":\"https:\/\/galicia.ingenierosnavales.com\/#organization\",\"name\":\"Delegaci\u00f3n del COIN en Galicia -\",\"url\":\"https:\/\/galicia.ingenierosnavales.com\/\",\"logo\":{\"@type\":\"ImageObject\",\"inLanguage\":\"es\",\"@id\":\"https:\/\/galicia.ingenierosnavales.com\/#\/schema\/logo\/image\/\",\"url\":\"https:\/\/galicia.ingenierosnavales.com\/wp-content\/uploads\/2022\/03\/logo_2-1.png\",\"contentUrl\":\"https:\/\/galicia.ingenierosnavales.com\/wp-content\/uploads\/2022\/03\/logo_2-1.png\",\"width\":240,\"height\":94,\"caption\":\"Delegaci\u00f3n del COIN en Galicia - \"},\"image\":{\"@id\":\"https:\/\/galicia.ingenierosnavales.com\/#\/schema\/logo\/image\/\"}},{\"@type\":\"Person\",\"@id\":\"https:\/\/galicia.ingenierosnavales.com\/#\/schema\/person\/5b19750a916831d424f63e9271d4e51d\",\"name\":\"Delegaci\u00f3n Galicia\",\"image\":{\"@type\":\"ImageObject\",\"inLanguage\":\"es\",\"@id\":\"https:\/\/galicia.ingenierosnavales.com\/#\/schema\/person\/image\/\",\"url\":\"https:\/\/secure.gravatar.com\/avatar\/8ba9b1dd96c7effddd31fcf63bf8cc7f?s=96&d=mm&r=g\",\"contentUrl\":\"https:\/\/secure.gravatar.com\/avatar\/8ba9b1dd96c7effddd31fcf63bf8cc7f?s=96&d=mm&r=g\",\"caption\":\"Delegaci\u00f3n Galicia\"},\"url\":\"https:\/\/galicia.ingenierosnavales.com\/index.php\/author\/galicia\/\"}]}<\/script>\n<!-- \/ Yoast SEO plugin. -->","yoast_head_json":{"title":"Sesi\u00f3n COIN\/AINE-EPEF sobre \"Habilitaci\u00f3n Naval\", 19 de novembro - Delegaci\u00f3n del COIN en Galicia -","robots":{"index":"index","follow":"follow","max-snippet":"max-snippet:-1","max-image-preview":"max-image-preview:large","max-video-preview":"max-video-preview:-1"},"canonical":"https:\/\/galicia.ingenierosnavales.com\/index.php\/2025\/12\/04\/sesion-coin-aine-epef-sobre-habilitacion-naval-19-de-novembro\/","og_locale":"es_ES","og_type":"article","og_title":"Sesi\u00f3n COIN\/AINE-EPEF sobre \"Habilitaci\u00f3n Naval\", 19 de novembro - Delegaci\u00f3n del COIN en Galicia -","og_description":"Na tarde do pasado 19 de novembro, tivo lugar a \u00faltima conferencia do ciclo que a Delegaci\u00f3n Territorial en Galicia do Colexio de Enxe\u00f1eiros Navais e Oce\u00e1nicos, organizou ao longo do 2025, en colaboraci\u00f3n&#46;&#46;&#46;","og_url":"https:\/\/galicia.ingenierosnavales.com\/index.php\/2025\/12\/04\/sesion-coin-aine-epef-sobre-habilitacion-naval-19-de-novembro\/","og_site_name":"Delegaci\u00f3n del COIN en Galicia -","article_published_time":"2025-12-04T16:08:45+00:00","article_modified_time":"2025-12-05T09:35:42+00:00","og_image":[{"width":1200,"height":800,"url":"https:\/\/galicia.ingenierosnavales.com\/wp-content\/uploads\/2025\/12\/DSC1865.jpg","type":"image\/jpeg"}],"author":"Delegaci\u00f3n Galicia","twitter_card":"summary_large_image","twitter_misc":{"Escrito por":"Delegaci\u00f3n Galicia","Tiempo de lectura":"2 minutos"},"schema":{"@context":"https:\/\/schema.org","@graph":[{"@type":"Article","@id":"https:\/\/galicia.ingenierosnavales.com\/index.php\/2025\/12\/04\/sesion-coin-aine-epef-sobre-habilitacion-naval-19-de-novembro\/#article","isPartOf":{"@id":"https:\/\/galicia.ingenierosnavales.com\/index.php\/2025\/12\/04\/sesion-coin-aine-epef-sobre-habilitacion-naval-19-de-novembro\/"},"author":{"name":"Delegaci\u00f3n Galicia","@id":"https:\/\/galicia.ingenierosnavales.com\/#\/schema\/person\/5b19750a916831d424f63e9271d4e51d"},"headline":"Sesi\u00f3n COIN\/AINE-EPEF sobre \u00abHabilitaci\u00f3n Naval\u00bb, 19 de novembro","datePublished":"2025-12-04T16:08:45+00:00","dateModified":"2025-12-05T09:35:42+00:00","mainEntityOfPage":{"@id":"https:\/\/galicia.ingenierosnavales.com\/index.php\/2025\/12\/04\/sesion-coin-aine-epef-sobre-habilitacion-naval-19-de-novembro\/"},"wordCount":361,"commentCount":0,"publisher":{"@id":"https:\/\/galicia.ingenierosnavales.com\/#organization"},"image":{"@id":"https:\/\/galicia.ingenierosnavales.com\/index.php\/2025\/12\/04\/sesion-coin-aine-epef-sobre-habilitacion-naval-19-de-novembro\/#primaryimage"},"thumbnailUrl":"https:\/\/galicia.ingenierosnavales.com\/wp-content\/uploads\/2025\/12\/DSC1865.jpg","keywords":["actividades Galicia","enxe\u00f1eiros navais Galicia","xornadas enxe\u00f1eiros navais en Galicia"],"articleSection":["eventos (G)"],"inLanguage":"es","potentialAction":[{"@type":"CommentAction","name":"Comment","target":["https:\/\/galicia.ingenierosnavales.com\/index.php\/2025\/12\/04\/sesion-coin-aine-epef-sobre-habilitacion-naval-19-de-novembro\/#respond"]}]},{"@type":"WebPage","@id":"https:\/\/galicia.ingenierosnavales.com\/index.php\/2025\/12\/04\/sesion-coin-aine-epef-sobre-habilitacion-naval-19-de-novembro\/","url":"https:\/\/galicia.ingenierosnavales.com\/index.php\/2025\/12\/04\/sesion-coin-aine-epef-sobre-habilitacion-naval-19-de-novembro\/","name":"Sesi\u00f3n COIN\/AINE-EPEF sobre \"Habilitaci\u00f3n Naval\", 19 de novembro - Delegaci\u00f3n del COIN en Galicia -","isPartOf":{"@id":"https:\/\/galicia.ingenierosnavales.com\/#website"},"primaryImageOfPage":{"@id":"https:\/\/galicia.ingenierosnavales.com\/index.php\/2025\/12\/04\/sesion-coin-aine-epef-sobre-habilitacion-naval-19-de-novembro\/#primaryimage"},"image":{"@id":"https:\/\/galicia.ingenierosnavales.com\/index.php\/2025\/12\/04\/sesion-coin-aine-epef-sobre-habilitacion-naval-19-de-novembro\/#primaryimage"},"thumbnailUrl":"https:\/\/galicia.ingenierosnavales.com\/wp-content\/uploads\/2025\/12\/DSC1865.jpg","datePublished":"2025-12-04T16:08:45+00:00","dateModified":"2025-12-05T09:35:42+00:00","breadcrumb":{"@id":"https:\/\/galicia.ingenierosnavales.com\/index.php\/2025\/12\/04\/sesion-coin-aine-epef-sobre-habilitacion-naval-19-de-novembro\/#breadcrumb"},"inLanguage":"es","potentialAction":[{"@type":"ReadAction","target":["https:\/\/galicia.ingenierosnavales.com\/index.php\/2025\/12\/04\/sesion-coin-aine-epef-sobre-habilitacion-naval-19-de-novembro\/"]}]},{"@type":"ImageObject","inLanguage":"es","@id":"https:\/\/galicia.ingenierosnavales.com\/index.php\/2025\/12\/04\/sesion-coin-aine-epef-sobre-habilitacion-naval-19-de-novembro\/#primaryimage","url":"https:\/\/galicia.ingenierosnavales.com\/wp-content\/uploads\/2025\/12\/DSC1865.jpg","contentUrl":"https:\/\/galicia.ingenierosnavales.com\/wp-content\/uploads\/2025\/12\/DSC1865.jpg","width":1200,"height":800},{"@type":"BreadcrumbList","@id":"https:\/\/galicia.ingenierosnavales.com\/index.php\/2025\/12\/04\/sesion-coin-aine-epef-sobre-habilitacion-naval-19-de-novembro\/#breadcrumb","itemListElement":[{"@type":"ListItem","position":1,"name":"Home","item":"https:\/\/galicia.ingenierosnavales.com\/"},{"@type":"ListItem","position":2,"name":"Sesi\u00f3n COIN\/AINE-EPEF sobre \u00abHabilitaci\u00f3n Naval\u00bb, 19 de novembro"}]},{"@type":"WebSite","@id":"https:\/\/galicia.ingenierosnavales.com\/#website","url":"https:\/\/galicia.ingenierosnavales.com\/","name":"Delegaci\u00f3n del COIN en Galicia -","description":"","publisher":{"@id":"https:\/\/galicia.ingenierosnavales.com\/#organization"},"potentialAction":[{"@type":"SearchAction","target":{"@type":"EntryPoint","urlTemplate":"https:\/\/galicia.ingenierosnavales.com\/?s={search_term_string}"},"query-input":{"@type":"PropertyValueSpecification","valueRequired":true,"valueName":"search_term_string"}}],"inLanguage":"es"},{"@type":"Organization","@id":"https:\/\/galicia.ingenierosnavales.com\/#organization","name":"Delegaci\u00f3n del COIN en Galicia -","url":"https:\/\/galicia.ingenierosnavales.com\/","logo":{"@type":"ImageObject","inLanguage":"es","@id":"https:\/\/galicia.ingenierosnavales.com\/#\/schema\/logo\/image\/","url":"https:\/\/galicia.ingenierosnavales.com\/wp-content\/uploads\/2022\/03\/logo_2-1.png","contentUrl":"https:\/\/galicia.ingenierosnavales.com\/wp-content\/uploads\/2022\/03\/logo_2-1.png","width":240,"height":94,"caption":"Delegaci\u00f3n del COIN en Galicia - "},"image":{"@id":"https:\/\/galicia.ingenierosnavales.com\/#\/schema\/logo\/image\/"}},{"@type":"Person","@id":"https:\/\/galicia.ingenierosnavales.com\/#\/schema\/person\/5b19750a916831d424f63e9271d4e51d","name":"Delegaci\u00f3n Galicia","image":{"@type":"ImageObject","inLanguage":"es","@id":"https:\/\/galicia.ingenierosnavales.com\/#\/schema\/person\/image\/","url":"https:\/\/secure.gravatar.com\/avatar\/8ba9b1dd96c7effddd31fcf63bf8cc7f?s=96&d=mm&r=g","contentUrl":"https:\/\/secure.gravatar.com\/avatar\/8ba9b1dd96c7effddd31fcf63bf8cc7f?s=96&d=mm&r=g","caption":"Delegaci\u00f3n Galicia"},"url":"https:\/\/galicia.ingenierosnavales.com\/index.php\/author\/galicia\/"}]}},"_links":{"self":[{"href":"https:\/\/galicia.ingenierosnavales.com\/index.php\/wp-json\/wp\/v2\/posts\/9704","targetHints":{"allow":["GET"]}}],"collection":[{"href":"https:\/\/galicia.ingenierosnavales.com\/index.php\/wp-json\/wp\/v2\/posts"}],"about":[{"href":"https:\/\/galicia.ingenierosnavales.com\/index.php\/wp-json\/wp\/v2\/types\/post"}],"author":[{"embeddable":true,"href":"https:\/\/galicia.ingenierosnavales.com\/index.php\/wp-json\/wp\/v2\/users\/2"}],"replies":[{"embeddable":true,"href":"https:\/\/galicia.ingenierosnavales.com\/index.php\/wp-json\/wp\/v2\/comments?post=9704"}],"version-history":[{"count":5,"href":"https:\/\/galicia.ingenierosnavales.com\/index.php\/wp-json\/wp\/v2\/posts\/9704\/revisions"}],"predecessor-version":[{"id":9735,"href":"https:\/\/galicia.ingenierosnavales.com\/index.php\/wp-json\/wp\/v2\/posts\/9704\/revisions\/9735"}],"wp:featuredmedia":[{"embeddable":true,"href":"https:\/\/galicia.ingenierosnavales.com\/index.php\/wp-json\/wp\/v2\/media\/9718"}],"wp:attachment":[{"href":"https:\/\/galicia.ingenierosnavales.com\/index.php\/wp-json\/wp\/v2\/media?parent=9704"}],"wp:term":[{"taxonomy":"category","embeddable":true,"href":"https:\/\/galicia.ingenierosnavales.com\/index.php\/wp-json\/wp\/v2\/categories?post=9704"},{"taxonomy":"post_tag","embeddable":true,"href":"https:\/\/galicia.ingenierosnavales.com\/index.php\/wp-json\/wp\/v2\/tags?post=9704"}],"curies":[{"name":"wp","href":"https:\/\/api.w.org\/{rel}","templated":true}]}}