{"id":9507,"date":"2025-10-31T11:44:20","date_gmt":"2025-10-31T11:44:20","guid":{"rendered":"https:\/\/galicia.ingenierosnavales.com\/?p=9507"},"modified":"2025-10-31T11:44:20","modified_gmt":"2025-10-31T11:44:20","slug":"festalent-2025","status":"publish","type":"post","link":"https:\/\/galicia.ingenierosnavales.com\/index.php\/2025\/10\/31\/festalent-2025\/","title":{"rendered":"FESTALENT 2025"},"content":{"rendered":"<p><a href=\"https:\/\/campusindustrial.udc.es\/es\/festalent\/\"><img loading=\"lazy\" decoding=\"async\" class=\"aligncenter wp-image-9452 size-large\" src=\"https:\/\/galicia.ingenierosnavales.com\/wp-content\/uploads\/2025\/10\/imagen-introductoria_beamian_festalent2025_vf_92fe554da7baf51448129a8495d79c2c-1024x575.png\" alt=\"\" width=\"1024\" height=\"575\" srcset=\"https:\/\/galicia.ingenierosnavales.com\/wp-content\/uploads\/2025\/10\/imagen-introductoria_beamian_festalent2025_vf_92fe554da7baf51448129a8495d79c2c-1024x575.png 1024w, https:\/\/galicia.ingenierosnavales.com\/wp-content\/uploads\/2025\/10\/imagen-introductoria_beamian_festalent2025_vf_92fe554da7baf51448129a8495d79c2c-300x169.png 300w, https:\/\/galicia.ingenierosnavales.com\/wp-content\/uploads\/2025\/10\/imagen-introductoria_beamian_festalent2025_vf_92fe554da7baf51448129a8495d79c2c-768x431.png 768w, https:\/\/galicia.ingenierosnavales.com\/wp-content\/uploads\/2025\/10\/imagen-introductoria_beamian_festalent2025_vf_92fe554da7baf51448129a8495d79c2c.png 1440w\" sizes=\"auto, (max-width: 1024px) 100vw, 1024px\" \/><\/a><\/p>\n<p>Esta semana participamos no FESTALENT, a Feira de Empresas e Talento organizada polo <a class=\"LmMeOGJCHUQMAiSkHdRldjjlJhoFI \" tabindex=\"0\" href=\"https:\/\/www.linkedin.com\/company\/campus-industrial-de-ferrol-universidade-da-coruna\/\" target=\"_self\" data-test-app-aware-link=\"\">Campus Industrial de Ferrol (Universidade da Coru\u00f1a)<\/a>, que conecta empresas con talento universitario e p\u00fablico en xeral en b\u00fasqueda de oportunidades profesionais.<\/p>\n<p>Nela contamos aos rapaces\/as e futuros enxe\u00f1eiros\/as navais como o <a class=\"LmMeOGJCHUQMAiSkHdRldjjlJhoFI \" tabindex=\"0\" href=\"https:\/\/www.linkedin.com\/search\/results\/all\/?keywords=%23coin&amp;origin=HASH_TAG_FROM_FEED\" data-test-app-aware-link=\"\"><span aria-hidden=\"true\">#<\/span>COIN<\/a> est\u00e1 preto deles, con proxectos que lles axudan a comenzar a s\u00faa vida profesional e con oportunidades como becas ou ofertas de pr\u00e1cticas que lles facilitan o seu desenvolvemento.<\/p>\n<p>Dende a Delegaci\u00f3n Territorial do COIN en Galicia, queremos agradecer \u00e1 Vicerreitora do Campus De Ferrol D\u00aa Ana Isabel Ares Pernas, ao Director de Campus Industrial de Ferrol Marcos M\u00edguez, e a D\u00aa. Ivanna Fern\u00e1ndez por facilitarnos a participaci\u00f3n nesta nova edici\u00f3n.<\/p>\n\n\t\t<style>\n\t\t\t#gallery-1 {\n\t\t\t\tmargin: auto;\n\t\t\t}\n\t\t\t#gallery-1 .gallery-item {\n\t\t\t\tfloat: left;\n\t\t\t\tmargin-top: 10px;\n\t\t\t\ttext-align: center;\n\t\t\t\twidth: 50%;\n\t\t\t}\n\t\t\t#gallery-1 img {\n\t\t\t\tborder: 2px solid #cfcfcf;\n\t\t\t}\n\t\t\t#gallery-1 .gallery-caption {\n\t\t\t\tmargin-left: 0;\n\t\t\t}\n\t\t\t\/* see gallery_shortcode() in wp-includes\/media.php *\/\n\t\t<\/style>\n\t\t<div id='gallery-1' class='gallery galleryid-9507 gallery-columns-2 gallery-size-large'><dl class='gallery-item'>\n\t\t\t<dt class='gallery-icon portrait'>\n\t\t\t\t<a href='https:\/\/galicia.ingenierosnavales.com\/index.php\/2025\/10\/31\/festalent-2025\/img-20251030-wa0012\/'><img loading=\"lazy\" decoding=\"async\" width=\"576\" height=\"1024\" src=\"https:\/\/galicia.ingenierosnavales.com\/wp-content\/uploads\/2025\/10\/IMG-20251030-WA0012-576x1024.jpg\" class=\"attachment-large size-large no-lazy\" alt=\"\" srcset=\"https:\/\/galicia.ingenierosnavales.com\/wp-content\/uploads\/2025\/10\/IMG-20251030-WA0012-576x1024.jpg 576w, https:\/\/galicia.ingenierosnavales.com\/wp-content\/uploads\/2025\/10\/IMG-20251030-WA0012-169x300.jpg 169w, https:\/\/galicia.ingenierosnavales.com\/wp-content\/uploads\/2025\/10\/IMG-20251030-WA0012-768x1365.jpg 768w, https:\/\/galicia.ingenierosnavales.com\/wp-content\/uploads\/2025\/10\/IMG-20251030-WA0012.jpg 800w\" sizes=\"auto, (max-width: 576px) 100vw, 576px\" \/><\/a>\n\t\t\t<\/dt><\/dl><dl class='gallery-item'>\n\t\t\t<dt class='gallery-icon portrait'>\n\t\t\t\t<a href='https:\/\/galicia.ingenierosnavales.com\/index.php\/2025\/10\/31\/festalent-2025\/img-20251030-wa0014\/'><img loading=\"lazy\" decoding=\"async\" width=\"576\" height=\"1024\" src=\"https:\/\/galicia.ingenierosnavales.com\/wp-content\/uploads\/2025\/10\/IMG-20251030-WA0014-576x1024.jpg\" class=\"attachment-large size-large no-lazy\" alt=\"\" srcset=\"https:\/\/galicia.ingenierosnavales.com\/wp-content\/uploads\/2025\/10\/IMG-20251030-WA0014-576x1024.jpg 576w, https:\/\/galicia.ingenierosnavales.com\/wp-content\/uploads\/2025\/10\/IMG-20251030-WA0014-169x300.jpg 169w, https:\/\/galicia.ingenierosnavales.com\/wp-content\/uploads\/2025\/10\/IMG-20251030-WA0014-768x1365.jpg 768w, https:\/\/galicia.ingenierosnavales.com\/wp-content\/uploads\/2025\/10\/IMG-20251030-WA0014.jpg 800w\" sizes=\"auto, (max-width: 576px) 100vw, 576px\" \/><\/a>\n\t\t\t<\/dt><\/dl><br style=\"clear: both\" \/>\n\t\t<\/div>\n\n","protected":false},"excerpt":{"rendered":"<p>Esta semana participamos no FESTALENT, a Feira de Empresas e Talento organizada polo Campus Industrial de Ferrol (Universidade da Coru\u00f1a), que conecta empresas con talento universitario e p\u00fablico en xeral en b\u00fasqueda de oportunidades&#46;&#46;&#46;<\/p>\n","protected":false},"author":2,"featured_media":9452,"comment_status":"open","ping_status":"open","sticky":false,"template":"","format":"standard","meta":{"om_disable_all_campaigns":false,"_monsterinsights_skip_tracking":false,"_monsterinsights_sitenote_active":false,"_monsterinsights_sitenote_note":"","_monsterinsights_sitenote_category":0,"_uf_show_specific_survey":0,"_uf_disable_surveys":false,"footnotes":""},"categories":[1],"tags":[75,49,47],"class_list":["post-9507","post","type-post","status-publish","format-standard","has-post-thumbnail","hentry","category-eventos","tag-actividades-galicia-es","tag-ingenieros-navales-galicia","tag-sector-naval-en-galicia"],"aioseo_notices":[],"yoast_head":"<!-- This site is optimized with the Yoast SEO plugin v24.0 - https:\/\/yoast.com\/wordpress\/plugins\/seo\/ -->\n<title>FESTALENT 2025 - Delegaci\u00f3n del COIN en Galicia -<\/title>\n<meta name=\"robots\" content=\"index, follow, max-snippet:-1, max-image-preview:large, max-video-preview:-1\" \/>\n<link rel=\"canonical\" href=\"https:\/\/galicia.ingenierosnavales.com\/index.php\/2025\/10\/31\/festalent-2025\/\" \/>\n<meta property=\"og:locale\" content=\"es_ES\" \/>\n<meta property=\"og:type\" content=\"article\" \/>\n<meta property=\"og:title\" content=\"FESTALENT 2025 - Delegaci\u00f3n del COIN en Galicia -\" \/>\n<meta property=\"og:description\" content=\"Esta semana participamos no FESTALENT, a Feira de Empresas e Talento organizada polo Campus Industrial de Ferrol (Universidade da Coru\u00f1a), que conecta empresas con talento universitario e p\u00fablico en xeral en b\u00fasqueda de oportunidades&#046;&#046;&#046;\" \/>\n<meta property=\"og:url\" content=\"https:\/\/galicia.ingenierosnavales.com\/index.php\/2025\/10\/31\/festalent-2025\/\" \/>\n<meta property=\"og:site_name\" content=\"Delegaci\u00f3n del COIN en Galicia -\" \/>\n<meta property=\"article:published_time\" content=\"2025-10-31T11:44:20+00:00\" \/>\n<meta property=\"og:image\" content=\"https:\/\/galicia.ingenierosnavales.com\/wp-content\/uploads\/2025\/10\/imagen-introductoria_beamian_festalent2025_vf_92fe554da7baf51448129a8495d79c2c.png\" \/>\n\t<meta property=\"og:image:width\" content=\"1440\" \/>\n\t<meta property=\"og:image:height\" content=\"809\" \/>\n\t<meta property=\"og:image:type\" content=\"image\/png\" \/>\n<meta name=\"author\" content=\"Delegaci\u00f3n Galicia\" \/>\n<meta name=\"twitter:card\" content=\"summary_large_image\" \/>\n<meta name=\"twitter:label1\" content=\"Escrito por\" \/>\n\t<meta name=\"twitter:data1\" content=\"Delegaci\u00f3n Galicia\" \/>\n\t<meta name=\"twitter:label2\" content=\"Tiempo de lectura\" \/>\n\t<meta name=\"twitter:data2\" content=\"1 minuto\" \/>\n<script type=\"application\/ld+json\" class=\"yoast-schema-graph\">{\"@context\":\"https:\/\/schema.org\",\"@graph\":[{\"@type\":\"Article\",\"@id\":\"https:\/\/galicia.ingenierosnavales.com\/index.php\/2025\/10\/31\/festalent-2025\/#article\",\"isPartOf\":{\"@id\":\"https:\/\/galicia.ingenierosnavales.com\/index.php\/2025\/10\/31\/festalent-2025\/\"},\"author\":{\"name\":\"Delegaci\u00f3n Galicia\",\"@id\":\"https:\/\/galicia.ingenierosnavales.com\/#\/schema\/person\/5b19750a916831d424f63e9271d4e51d\"},\"headline\":\"FESTALENT 2025\",\"datePublished\":\"2025-10-31T11:44:20+00:00\",\"dateModified\":\"2025-10-31T11:44:20+00:00\",\"mainEntityOfPage\":{\"@id\":\"https:\/\/galicia.ingenierosnavales.com\/index.php\/2025\/10\/31\/festalent-2025\/\"},\"wordCount\":135,\"commentCount\":0,\"publisher\":{\"@id\":\"https:\/\/galicia.ingenierosnavales.com\/#organization\"},\"image\":{\"@id\":\"https:\/\/galicia.ingenierosnavales.com\/index.php\/2025\/10\/31\/festalent-2025\/#primaryimage\"},\"thumbnailUrl\":\"https:\/\/galicia.ingenierosnavales.com\/wp-content\/uploads\/2025\/10\/imagen-introductoria_beamian_festalent2025_vf_92fe554da7baf51448129a8495d79c2c.png\",\"keywords\":[\"actividades Galicia\",\"Ingenieros Navales Galicia\",\"sector naval en Galicia\"],\"articleSection\":[\"Eventos\"],\"inLanguage\":\"es\",\"potentialAction\":[{\"@type\":\"CommentAction\",\"name\":\"Comment\",\"target\":[\"https:\/\/galicia.ingenierosnavales.com\/index.php\/2025\/10\/31\/festalent-2025\/#respond\"]}]},{\"@type\":\"WebPage\",\"@id\":\"https:\/\/galicia.ingenierosnavales.com\/index.php\/2025\/10\/31\/festalent-2025\/\",\"url\":\"https:\/\/galicia.ingenierosnavales.com\/index.php\/2025\/10\/31\/festalent-2025\/\",\"name\":\"FESTALENT 2025 - Delegaci\u00f3n del COIN en Galicia -\",\"isPartOf\":{\"@id\":\"https:\/\/galicia.ingenierosnavales.com\/#website\"},\"primaryImageOfPage\":{\"@id\":\"https:\/\/galicia.ingenierosnavales.com\/index.php\/2025\/10\/31\/festalent-2025\/#primaryimage\"},\"image\":{\"@id\":\"https:\/\/galicia.ingenierosnavales.com\/index.php\/2025\/10\/31\/festalent-2025\/#primaryimage\"},\"thumbnailUrl\":\"https:\/\/galicia.ingenierosnavales.com\/wp-content\/uploads\/2025\/10\/imagen-introductoria_beamian_festalent2025_vf_92fe554da7baf51448129a8495d79c2c.png\",\"datePublished\":\"2025-10-31T11:44:20+00:00\",\"dateModified\":\"2025-10-31T11:44:20+00:00\",\"breadcrumb\":{\"@id\":\"https:\/\/galicia.ingenierosnavales.com\/index.php\/2025\/10\/31\/festalent-2025\/#breadcrumb\"},\"inLanguage\":\"es\",\"potentialAction\":[{\"@type\":\"ReadAction\",\"target\":[\"https:\/\/galicia.ingenierosnavales.com\/index.php\/2025\/10\/31\/festalent-2025\/\"]}]},{\"@type\":\"ImageObject\",\"inLanguage\":\"es\",\"@id\":\"https:\/\/galicia.ingenierosnavales.com\/index.php\/2025\/10\/31\/festalent-2025\/#primaryimage\",\"url\":\"https:\/\/galicia.ingenierosnavales.com\/wp-content\/uploads\/2025\/10\/imagen-introductoria_beamian_festalent2025_vf_92fe554da7baf51448129a8495d79c2c.png\",\"contentUrl\":\"https:\/\/galicia.ingenierosnavales.com\/wp-content\/uploads\/2025\/10\/imagen-introductoria_beamian_festalent2025_vf_92fe554da7baf51448129a8495d79c2c.png\",\"width\":1440,\"height\":809},{\"@type\":\"BreadcrumbList\",\"@id\":\"https:\/\/galicia.ingenierosnavales.com\/index.php\/2025\/10\/31\/festalent-2025\/#breadcrumb\",\"itemListElement\":[{\"@type\":\"ListItem\",\"position\":1,\"name\":\"Home\",\"item\":\"https:\/\/galicia.ingenierosnavales.com\/\"},{\"@type\":\"ListItem\",\"position\":2,\"name\":\"FESTALENT 2025\"}]},{\"@type\":\"WebSite\",\"@id\":\"https:\/\/galicia.ingenierosnavales.com\/#website\",\"url\":\"https:\/\/galicia.ingenierosnavales.com\/\",\"name\":\"Delegaci\u00f3n del COIN en Galicia -\",\"description\":\"\",\"publisher\":{\"@id\":\"https:\/\/galicia.ingenierosnavales.com\/#organization\"},\"potentialAction\":[{\"@type\":\"SearchAction\",\"target\":{\"@type\":\"EntryPoint\",\"urlTemplate\":\"https:\/\/galicia.ingenierosnavales.com\/?s={search_term_string}\"},\"query-input\":{\"@type\":\"PropertyValueSpecification\",\"valueRequired\":true,\"valueName\":\"search_term_string\"}}],\"inLanguage\":\"es\"},{\"@type\":\"Organization\",\"@id\":\"https:\/\/galicia.ingenierosnavales.com\/#organization\",\"name\":\"Delegaci\u00f3n del COIN en Galicia -\",\"url\":\"https:\/\/galicia.ingenierosnavales.com\/\",\"logo\":{\"@type\":\"ImageObject\",\"inLanguage\":\"es\",\"@id\":\"https:\/\/galicia.ingenierosnavales.com\/#\/schema\/logo\/image\/\",\"url\":\"https:\/\/galicia.ingenierosnavales.com\/wp-content\/uploads\/2022\/03\/logo_2-1.png\",\"contentUrl\":\"https:\/\/galicia.ingenierosnavales.com\/wp-content\/uploads\/2022\/03\/logo_2-1.png\",\"width\":240,\"height\":94,\"caption\":\"Delegaci\u00f3n del COIN en Galicia - \"},\"image\":{\"@id\":\"https:\/\/galicia.ingenierosnavales.com\/#\/schema\/logo\/image\/\"}},{\"@type\":\"Person\",\"@id\":\"https:\/\/galicia.ingenierosnavales.com\/#\/schema\/person\/5b19750a916831d424f63e9271d4e51d\",\"name\":\"Delegaci\u00f3n Galicia\",\"image\":{\"@type\":\"ImageObject\",\"inLanguage\":\"es\",\"@id\":\"https:\/\/galicia.ingenierosnavales.com\/#\/schema\/person\/image\/\",\"url\":\"https:\/\/secure.gravatar.com\/avatar\/8ba9b1dd96c7effddd31fcf63bf8cc7f?s=96&d=mm&r=g\",\"contentUrl\":\"https:\/\/secure.gravatar.com\/avatar\/8ba9b1dd96c7effddd31fcf63bf8cc7f?s=96&d=mm&r=g\",\"caption\":\"Delegaci\u00f3n Galicia\"},\"url\":\"https:\/\/galicia.ingenierosnavales.com\/index.php\/author\/galicia\/\"}]}<\/script>\n<!-- \/ Yoast SEO plugin. -->","yoast_head_json":{"title":"FESTALENT 2025 - Delegaci\u00f3n del COIN en Galicia -","robots":{"index":"index","follow":"follow","max-snippet":"max-snippet:-1","max-image-preview":"max-image-preview:large","max-video-preview":"max-video-preview:-1"},"canonical":"https:\/\/galicia.ingenierosnavales.com\/index.php\/2025\/10\/31\/festalent-2025\/","og_locale":"es_ES","og_type":"article","og_title":"FESTALENT 2025 - Delegaci\u00f3n del COIN en Galicia -","og_description":"Esta semana participamos no FESTALENT, a Feira de Empresas e Talento organizada polo Campus Industrial de Ferrol (Universidade da Coru\u00f1a), que conecta empresas con talento universitario e p\u00fablico en xeral en b\u00fasqueda de oportunidades&#46;&#46;&#46;","og_url":"https:\/\/galicia.ingenierosnavales.com\/index.php\/2025\/10\/31\/festalent-2025\/","og_site_name":"Delegaci\u00f3n del COIN en Galicia -","article_published_time":"2025-10-31T11:44:20+00:00","og_image":[{"width":1440,"height":809,"url":"https:\/\/galicia.ingenierosnavales.com\/wp-content\/uploads\/2025\/10\/imagen-introductoria_beamian_festalent2025_vf_92fe554da7baf51448129a8495d79c2c.png","type":"image\/png"}],"author":"Delegaci\u00f3n Galicia","twitter_card":"summary_large_image","twitter_misc":{"Escrito por":"Delegaci\u00f3n Galicia","Tiempo de lectura":"1 minuto"},"schema":{"@context":"https:\/\/schema.org","@graph":[{"@type":"Article","@id":"https:\/\/galicia.ingenierosnavales.com\/index.php\/2025\/10\/31\/festalent-2025\/#article","isPartOf":{"@id":"https:\/\/galicia.ingenierosnavales.com\/index.php\/2025\/10\/31\/festalent-2025\/"},"author":{"name":"Delegaci\u00f3n Galicia","@id":"https:\/\/galicia.ingenierosnavales.com\/#\/schema\/person\/5b19750a916831d424f63e9271d4e51d"},"headline":"FESTALENT 2025","datePublished":"2025-10-31T11:44:20+00:00","dateModified":"2025-10-31T11:44:20+00:00","mainEntityOfPage":{"@id":"https:\/\/galicia.ingenierosnavales.com\/index.php\/2025\/10\/31\/festalent-2025\/"},"wordCount":135,"commentCount":0,"publisher":{"@id":"https:\/\/galicia.ingenierosnavales.com\/#organization"},"image":{"@id":"https:\/\/galicia.ingenierosnavales.com\/index.php\/2025\/10\/31\/festalent-2025\/#primaryimage"},"thumbnailUrl":"https:\/\/galicia.ingenierosnavales.com\/wp-content\/uploads\/2025\/10\/imagen-introductoria_beamian_festalent2025_vf_92fe554da7baf51448129a8495d79c2c.png","keywords":["actividades Galicia","Ingenieros Navales Galicia","sector naval en Galicia"],"articleSection":["Eventos"],"inLanguage":"es","potentialAction":[{"@type":"CommentAction","name":"Comment","target":["https:\/\/galicia.ingenierosnavales.com\/index.php\/2025\/10\/31\/festalent-2025\/#respond"]}]},{"@type":"WebPage","@id":"https:\/\/galicia.ingenierosnavales.com\/index.php\/2025\/10\/31\/festalent-2025\/","url":"https:\/\/galicia.ingenierosnavales.com\/index.php\/2025\/10\/31\/festalent-2025\/","name":"FESTALENT 2025 - Delegaci\u00f3n del COIN en Galicia -","isPartOf":{"@id":"https:\/\/galicia.ingenierosnavales.com\/#website"},"primaryImageOfPage":{"@id":"https:\/\/galicia.ingenierosnavales.com\/index.php\/2025\/10\/31\/festalent-2025\/#primaryimage"},"image":{"@id":"https:\/\/galicia.ingenierosnavales.com\/index.php\/2025\/10\/31\/festalent-2025\/#primaryimage"},"thumbnailUrl":"https:\/\/galicia.ingenierosnavales.com\/wp-content\/uploads\/2025\/10\/imagen-introductoria_beamian_festalent2025_vf_92fe554da7baf51448129a8495d79c2c.png","datePublished":"2025-10-31T11:44:20+00:00","dateModified":"2025-10-31T11:44:20+00:00","breadcrumb":{"@id":"https:\/\/galicia.ingenierosnavales.com\/index.php\/2025\/10\/31\/festalent-2025\/#breadcrumb"},"inLanguage":"es","potentialAction":[{"@type":"ReadAction","target":["https:\/\/galicia.ingenierosnavales.com\/index.php\/2025\/10\/31\/festalent-2025\/"]}]},{"@type":"ImageObject","inLanguage":"es","@id":"https:\/\/galicia.ingenierosnavales.com\/index.php\/2025\/10\/31\/festalent-2025\/#primaryimage","url":"https:\/\/galicia.ingenierosnavales.com\/wp-content\/uploads\/2025\/10\/imagen-introductoria_beamian_festalent2025_vf_92fe554da7baf51448129a8495d79c2c.png","contentUrl":"https:\/\/galicia.ingenierosnavales.com\/wp-content\/uploads\/2025\/10\/imagen-introductoria_beamian_festalent2025_vf_92fe554da7baf51448129a8495d79c2c.png","width":1440,"height":809},{"@type":"BreadcrumbList","@id":"https:\/\/galicia.ingenierosnavales.com\/index.php\/2025\/10\/31\/festalent-2025\/#breadcrumb","itemListElement":[{"@type":"ListItem","position":1,"name":"Home","item":"https:\/\/galicia.ingenierosnavales.com\/"},{"@type":"ListItem","position":2,"name":"FESTALENT 2025"}]},{"@type":"WebSite","@id":"https:\/\/galicia.ingenierosnavales.com\/#website","url":"https:\/\/galicia.ingenierosnavales.com\/","name":"Delegaci\u00f3n del COIN en Galicia -","description":"","publisher":{"@id":"https:\/\/galicia.ingenierosnavales.com\/#organization"},"potentialAction":[{"@type":"SearchAction","target":{"@type":"EntryPoint","urlTemplate":"https:\/\/galicia.ingenierosnavales.com\/?s={search_term_string}"},"query-input":{"@type":"PropertyValueSpecification","valueRequired":true,"valueName":"search_term_string"}}],"inLanguage":"es"},{"@type":"Organization","@id":"https:\/\/galicia.ingenierosnavales.com\/#organization","name":"Delegaci\u00f3n del COIN en Galicia -","url":"https:\/\/galicia.ingenierosnavales.com\/","logo":{"@type":"ImageObject","inLanguage":"es","@id":"https:\/\/galicia.ingenierosnavales.com\/#\/schema\/logo\/image\/","url":"https:\/\/galicia.ingenierosnavales.com\/wp-content\/uploads\/2022\/03\/logo_2-1.png","contentUrl":"https:\/\/galicia.ingenierosnavales.com\/wp-content\/uploads\/2022\/03\/logo_2-1.png","width":240,"height":94,"caption":"Delegaci\u00f3n del COIN en Galicia - "},"image":{"@id":"https:\/\/galicia.ingenierosnavales.com\/#\/schema\/logo\/image\/"}},{"@type":"Person","@id":"https:\/\/galicia.ingenierosnavales.com\/#\/schema\/person\/5b19750a916831d424f63e9271d4e51d","name":"Delegaci\u00f3n Galicia","image":{"@type":"ImageObject","inLanguage":"es","@id":"https:\/\/galicia.ingenierosnavales.com\/#\/schema\/person\/image\/","url":"https:\/\/secure.gravatar.com\/avatar\/8ba9b1dd96c7effddd31fcf63bf8cc7f?s=96&d=mm&r=g","contentUrl":"https:\/\/secure.gravatar.com\/avatar\/8ba9b1dd96c7effddd31fcf63bf8cc7f?s=96&d=mm&r=g","caption":"Delegaci\u00f3n Galicia"},"url":"https:\/\/galicia.ingenierosnavales.com\/index.php\/author\/galicia\/"}]}},"_links":{"self":[{"href":"https:\/\/galicia.ingenierosnavales.com\/index.php\/wp-json\/wp\/v2\/posts\/9507","targetHints":{"allow":["GET"]}}],"collection":[{"href":"https:\/\/galicia.ingenierosnavales.com\/index.php\/wp-json\/wp\/v2\/posts"}],"about":[{"href":"https:\/\/galicia.ingenierosnavales.com\/index.php\/wp-json\/wp\/v2\/types\/post"}],"author":[{"embeddable":true,"href":"https:\/\/galicia.ingenierosnavales.com\/index.php\/wp-json\/wp\/v2\/users\/2"}],"replies":[{"embeddable":true,"href":"https:\/\/galicia.ingenierosnavales.com\/index.php\/wp-json\/wp\/v2\/comments?post=9507"}],"version-history":[{"count":1,"href":"https:\/\/galicia.ingenierosnavales.com\/index.php\/wp-json\/wp\/v2\/posts\/9507\/revisions"}],"predecessor-version":[{"id":9515,"href":"https:\/\/galicia.ingenierosnavales.com\/index.php\/wp-json\/wp\/v2\/posts\/9507\/revisions\/9515"}],"wp:featuredmedia":[{"embeddable":true,"href":"https:\/\/galicia.ingenierosnavales.com\/index.php\/wp-json\/wp\/v2\/media\/9452"}],"wp:attachment":[{"href":"https:\/\/galicia.ingenierosnavales.com\/index.php\/wp-json\/wp\/v2\/media?parent=9507"}],"wp:term":[{"taxonomy":"category","embeddable":true,"href":"https:\/\/galicia.ingenierosnavales.com\/index.php\/wp-json\/wp\/v2\/categories?post=9507"},{"taxonomy":"post_tag","embeddable":true,"href":"https:\/\/galicia.ingenierosnavales.com\/index.php\/wp-json\/wp\/v2\/tags?post=9507"}],"curies":[{"name":"wp","href":"https:\/\/api.w.org\/{rel}","templated":true}]}}