{"id":9495,"date":"2025-10-31T09:35:06","date_gmt":"2025-10-31T09:35:06","guid":{"rendered":"https:\/\/galicia.ingenierosnavales.com\/?p=9495"},"modified":"2025-10-31T09:35:06","modified_gmt":"2025-10-31T09:35:06","slug":"sesion-coin-aine-epef-habilitacion-naval-19-de-noviembre","status":"publish","type":"post","link":"https:\/\/galicia.ingenierosnavales.com\/index.php\/2025\/10\/31\/sesion-coin-aine-epef-habilitacion-naval-19-de-noviembre\/","title":{"rendered":"Sesi\u00f3n COIN\/AINE-EPEF \u00abHabilitaci\u00f3n Naval\u00bb, 19 de noviembre"},"content":{"rendered":"<p><img loading=\"lazy\" decoding=\"async\" class=\"aligncenter wp-image-9496 size-large\" src=\"https:\/\/galicia.ingenierosnavales.com\/wp-content\/uploads\/2025\/10\/COIN-AINE-BANNER-ESP-JORNADA-HABILITACION-NAVAL-1024x587.png\" alt=\"\" width=\"1024\" height=\"587\" srcset=\"https:\/\/galicia.ingenierosnavales.com\/wp-content\/uploads\/2025\/10\/COIN-AINE-BANNER-ESP-JORNADA-HABILITACION-NAVAL-1024x587.png 1024w, https:\/\/galicia.ingenierosnavales.com\/wp-content\/uploads\/2025\/10\/COIN-AINE-BANNER-ESP-JORNADA-HABILITACION-NAVAL-300x172.png 300w, https:\/\/galicia.ingenierosnavales.com\/wp-content\/uploads\/2025\/10\/COIN-AINE-BANNER-ESP-JORNADA-HABILITACION-NAVAL-768x440.png 768w, https:\/\/galicia.ingenierosnavales.com\/wp-content\/uploads\/2025\/10\/COIN-AINE-BANNER-ESP-JORNADA-HABILITACION-NAVAL.png 1313w\" sizes=\"auto, (max-width: 1024px) 100vw, 1024px\" \/><\/p>\n<p>El pr\u00f3ximo <strong>19\u00a0de noviembre a las 18:15 h<\/strong>., tendr\u00e1 lugar la cuarta y \u00faltima de las conferencias que la <strong>Delegaci\u00f3n Territorial en Galicia del Colegio y Asociaci\u00f3n de Ingenieros Navales y Oce\u00e1nicos<\/strong>, tiene previsto organizar a lo largo de 2025, en colaboraci\u00f3n con la\u00a0<strong>Escola Polit\u00e9cnica de Enxe\u00f1ar\u00eda de Ferrol (EPEF).<\/strong><\/p>\n<p style=\"text-align: center;\"><strong>19 de noviembre de 2025- 18:15 h.<\/strong><\/p>\n<p style=\"text-align: center;\"><strong>Lugar:<\/strong>\u00a0Sal\u00f3n de actos Concepci\u00f3n Arenal -Campus Industrial de Ferrol<\/p>\n<p style=\"text-align: center;\"><strong>Inscripciones: https:\/\/bit.ly\/3JjvCQV\u00a0<\/strong><\/p>\n<p style=\"text-align: center;\"><strong>Dirigido:<\/strong>\u00a0Estudiantes de Grado y M\u00e1ster, y p\u00fablico en general interesado en la materia hasta completar aforo<\/p>\n<p style=\"text-align: center;\">Cualquier aclaraci\u00f3n, no dud\u00e9is en contactar con la DT a trav\u00e9s de\u00a0<a href=\"mailto:galicia@ingenierosnavales.com\">galicia@ingenierosnavales.com<\/a>\u00a0o en el 981 37 22 00 .<\/p>\n<p style=\"text-align: center;\">\n","protected":false},"excerpt":{"rendered":"<p>El pr\u00f3ximo 19\u00a0de noviembre a las 18:15 h., tendr\u00e1 lugar la cuarta y \u00faltima de las conferencias que la Delegaci\u00f3n Territorial en Galicia del Colegio y Asociaci\u00f3n de Ingenieros Navales y Oce\u00e1nicos, tiene previsto&#46;&#46;&#46;<\/p>\n","protected":false},"author":2,"featured_media":9496,"comment_status":"open","ping_status":"open","sticky":false,"template":"","format":"standard","meta":{"om_disable_all_campaigns":false,"_monsterinsights_skip_tracking":false,"_monsterinsights_sitenote_active":false,"_monsterinsights_sitenote_note":"","_monsterinsights_sitenote_category":0,"_uf_show_specific_survey":0,"_uf_disable_surveys":false,"footnotes":""},"categories":[1],"tags":[75,49],"class_list":["post-9495","post","type-post","status-publish","format-standard","has-post-thumbnail","hentry","category-eventos","tag-actividades-galicia-es","tag-ingenieros-navales-galicia"],"aioseo_notices":[],"yoast_head":"<!-- This site is optimized with the Yoast SEO plugin v24.0 - https:\/\/yoast.com\/wordpress\/plugins\/seo\/ -->\n<title>Sesi\u00f3n COIN\/AINE-EPEF &quot;Habilitaci\u00f3n Naval&quot;, 19 de noviembre - Delegaci\u00f3n del COIN en Galicia -<\/title>\n<meta name=\"robots\" content=\"index, follow, max-snippet:-1, max-image-preview:large, max-video-preview:-1\" \/>\n<link rel=\"canonical\" href=\"https:\/\/galicia.ingenierosnavales.com\/index.php\/2025\/10\/31\/sesion-coin-aine-epef-habilitacion-naval-19-de-noviembre\/\" \/>\n<meta property=\"og:locale\" content=\"es_ES\" \/>\n<meta property=\"og:type\" content=\"article\" \/>\n<meta property=\"og:title\" content=\"Sesi\u00f3n COIN\/AINE-EPEF &quot;Habilitaci\u00f3n Naval&quot;, 19 de noviembre - Delegaci\u00f3n del COIN en Galicia -\" \/>\n<meta property=\"og:description\" content=\"El pr\u00f3ximo 19\u00a0de noviembre a las 18:15 h., tendr\u00e1 lugar la cuarta y \u00faltima de las conferencias que la Delegaci\u00f3n Territorial en Galicia del Colegio y Asociaci\u00f3n de Ingenieros Navales y Oce\u00e1nicos, tiene previsto&#046;&#046;&#046;\" \/>\n<meta property=\"og:url\" content=\"https:\/\/galicia.ingenierosnavales.com\/index.php\/2025\/10\/31\/sesion-coin-aine-epef-habilitacion-naval-19-de-noviembre\/\" \/>\n<meta property=\"og:site_name\" content=\"Delegaci\u00f3n del COIN en Galicia -\" \/>\n<meta property=\"article:published_time\" content=\"2025-10-31T09:35:06+00:00\" \/>\n<meta property=\"og:image\" content=\"https:\/\/galicia.ingenierosnavales.com\/wp-content\/uploads\/2025\/10\/COIN-AINE-BANNER-ESP-JORNADA-HABILITACION-NAVAL.png\" \/>\n\t<meta property=\"og:image:width\" content=\"1313\" \/>\n\t<meta property=\"og:image:height\" content=\"753\" \/>\n\t<meta property=\"og:image:type\" content=\"image\/png\" \/>\n<meta name=\"author\" content=\"Delegaci\u00f3n Galicia\" \/>\n<meta name=\"twitter:card\" content=\"summary_large_image\" \/>\n<meta name=\"twitter:label1\" content=\"Escrito por\" \/>\n\t<meta name=\"twitter:data1\" content=\"Delegaci\u00f3n Galicia\" \/>\n\t<meta name=\"twitter:label2\" content=\"Tiempo de lectura\" \/>\n\t<meta name=\"twitter:data2\" content=\"1 minuto\" \/>\n<script type=\"application\/ld+json\" class=\"yoast-schema-graph\">{\"@context\":\"https:\/\/schema.org\",\"@graph\":[{\"@type\":\"Article\",\"@id\":\"https:\/\/galicia.ingenierosnavales.com\/index.php\/2025\/10\/31\/sesion-coin-aine-epef-habilitacion-naval-19-de-noviembre\/#article\",\"isPartOf\":{\"@id\":\"https:\/\/galicia.ingenierosnavales.com\/index.php\/2025\/10\/31\/sesion-coin-aine-epef-habilitacion-naval-19-de-noviembre\/\"},\"author\":{\"name\":\"Delegaci\u00f3n Galicia\",\"@id\":\"https:\/\/galicia.ingenierosnavales.com\/#\/schema\/person\/5b19750a916831d424f63e9271d4e51d\"},\"headline\":\"Sesi\u00f3n COIN\/AINE-EPEF \u00abHabilitaci\u00f3n Naval\u00bb, 19 de noviembre\",\"datePublished\":\"2025-10-31T09:35:06+00:00\",\"dateModified\":\"2025-10-31T09:35:06+00:00\",\"mainEntityOfPage\":{\"@id\":\"https:\/\/galicia.ingenierosnavales.com\/index.php\/2025\/10\/31\/sesion-coin-aine-epef-habilitacion-naval-19-de-noviembre\/\"},\"wordCount\":128,\"commentCount\":0,\"publisher\":{\"@id\":\"https:\/\/galicia.ingenierosnavales.com\/#organization\"},\"image\":{\"@id\":\"https:\/\/galicia.ingenierosnavales.com\/index.php\/2025\/10\/31\/sesion-coin-aine-epef-habilitacion-naval-19-de-noviembre\/#primaryimage\"},\"thumbnailUrl\":\"https:\/\/galicia.ingenierosnavales.com\/wp-content\/uploads\/2025\/10\/COIN-AINE-BANNER-ESP-JORNADA-HABILITACION-NAVAL.png\",\"keywords\":[\"actividades Galicia\",\"Ingenieros Navales Galicia\"],\"articleSection\":[\"Eventos\"],\"inLanguage\":\"es\",\"potentialAction\":[{\"@type\":\"CommentAction\",\"name\":\"Comment\",\"target\":[\"https:\/\/galicia.ingenierosnavales.com\/index.php\/2025\/10\/31\/sesion-coin-aine-epef-habilitacion-naval-19-de-noviembre\/#respond\"]}]},{\"@type\":\"WebPage\",\"@id\":\"https:\/\/galicia.ingenierosnavales.com\/index.php\/2025\/10\/31\/sesion-coin-aine-epef-habilitacion-naval-19-de-noviembre\/\",\"url\":\"https:\/\/galicia.ingenierosnavales.com\/index.php\/2025\/10\/31\/sesion-coin-aine-epef-habilitacion-naval-19-de-noviembre\/\",\"name\":\"Sesi\u00f3n COIN\/AINE-EPEF \\\"Habilitaci\u00f3n Naval\\\", 19 de noviembre - Delegaci\u00f3n del COIN en Galicia -\",\"isPartOf\":{\"@id\":\"https:\/\/galicia.ingenierosnavales.com\/#website\"},\"primaryImageOfPage\":{\"@id\":\"https:\/\/galicia.ingenierosnavales.com\/index.php\/2025\/10\/31\/sesion-coin-aine-epef-habilitacion-naval-19-de-noviembre\/#primaryimage\"},\"image\":{\"@id\":\"https:\/\/galicia.ingenierosnavales.com\/index.php\/2025\/10\/31\/sesion-coin-aine-epef-habilitacion-naval-19-de-noviembre\/#primaryimage\"},\"thumbnailUrl\":\"https:\/\/galicia.ingenierosnavales.com\/wp-content\/uploads\/2025\/10\/COIN-AINE-BANNER-ESP-JORNADA-HABILITACION-NAVAL.png\",\"datePublished\":\"2025-10-31T09:35:06+00:00\",\"dateModified\":\"2025-10-31T09:35:06+00:00\",\"breadcrumb\":{\"@id\":\"https:\/\/galicia.ingenierosnavales.com\/index.php\/2025\/10\/31\/sesion-coin-aine-epef-habilitacion-naval-19-de-noviembre\/#breadcrumb\"},\"inLanguage\":\"es\",\"potentialAction\":[{\"@type\":\"ReadAction\",\"target\":[\"https:\/\/galicia.ingenierosnavales.com\/index.php\/2025\/10\/31\/sesion-coin-aine-epef-habilitacion-naval-19-de-noviembre\/\"]}]},{\"@type\":\"ImageObject\",\"inLanguage\":\"es\",\"@id\":\"https:\/\/galicia.ingenierosnavales.com\/index.php\/2025\/10\/31\/sesion-coin-aine-epef-habilitacion-naval-19-de-noviembre\/#primaryimage\",\"url\":\"https:\/\/galicia.ingenierosnavales.com\/wp-content\/uploads\/2025\/10\/COIN-AINE-BANNER-ESP-JORNADA-HABILITACION-NAVAL.png\",\"contentUrl\":\"https:\/\/galicia.ingenierosnavales.com\/wp-content\/uploads\/2025\/10\/COIN-AINE-BANNER-ESP-JORNADA-HABILITACION-NAVAL.png\",\"width\":1313,\"height\":753},{\"@type\":\"BreadcrumbList\",\"@id\":\"https:\/\/galicia.ingenierosnavales.com\/index.php\/2025\/10\/31\/sesion-coin-aine-epef-habilitacion-naval-19-de-noviembre\/#breadcrumb\",\"itemListElement\":[{\"@type\":\"ListItem\",\"position\":1,\"name\":\"Home\",\"item\":\"https:\/\/galicia.ingenierosnavales.com\/\"},{\"@type\":\"ListItem\",\"position\":2,\"name\":\"Sesi\u00f3n COIN\/AINE-EPEF \u00abHabilitaci\u00f3n Naval\u00bb, 19 de noviembre\"}]},{\"@type\":\"WebSite\",\"@id\":\"https:\/\/galicia.ingenierosnavales.com\/#website\",\"url\":\"https:\/\/galicia.ingenierosnavales.com\/\",\"name\":\"Delegaci\u00f3n del COIN en Galicia -\",\"description\":\"\",\"publisher\":{\"@id\":\"https:\/\/galicia.ingenierosnavales.com\/#organization\"},\"potentialAction\":[{\"@type\":\"SearchAction\",\"target\":{\"@type\":\"EntryPoint\",\"urlTemplate\":\"https:\/\/galicia.ingenierosnavales.com\/?s={search_term_string}\"},\"query-input\":{\"@type\":\"PropertyValueSpecification\",\"valueRequired\":true,\"valueName\":\"search_term_string\"}}],\"inLanguage\":\"es\"},{\"@type\":\"Organization\",\"@id\":\"https:\/\/galicia.ingenierosnavales.com\/#organization\",\"name\":\"Delegaci\u00f3n del COIN en Galicia -\",\"url\":\"https:\/\/galicia.ingenierosnavales.com\/\",\"logo\":{\"@type\":\"ImageObject\",\"inLanguage\":\"es\",\"@id\":\"https:\/\/galicia.ingenierosnavales.com\/#\/schema\/logo\/image\/\",\"url\":\"https:\/\/galicia.ingenierosnavales.com\/wp-content\/uploads\/2022\/03\/logo_2-1.png\",\"contentUrl\":\"https:\/\/galicia.ingenierosnavales.com\/wp-content\/uploads\/2022\/03\/logo_2-1.png\",\"width\":240,\"height\":94,\"caption\":\"Delegaci\u00f3n del COIN en Galicia - \"},\"image\":{\"@id\":\"https:\/\/galicia.ingenierosnavales.com\/#\/schema\/logo\/image\/\"}},{\"@type\":\"Person\",\"@id\":\"https:\/\/galicia.ingenierosnavales.com\/#\/schema\/person\/5b19750a916831d424f63e9271d4e51d\",\"name\":\"Delegaci\u00f3n Galicia\",\"image\":{\"@type\":\"ImageObject\",\"inLanguage\":\"es\",\"@id\":\"https:\/\/galicia.ingenierosnavales.com\/#\/schema\/person\/image\/\",\"url\":\"https:\/\/secure.gravatar.com\/avatar\/8ba9b1dd96c7effddd31fcf63bf8cc7f?s=96&d=mm&r=g\",\"contentUrl\":\"https:\/\/secure.gravatar.com\/avatar\/8ba9b1dd96c7effddd31fcf63bf8cc7f?s=96&d=mm&r=g\",\"caption\":\"Delegaci\u00f3n Galicia\"},\"url\":\"https:\/\/galicia.ingenierosnavales.com\/index.php\/author\/galicia\/\"}]}<\/script>\n<!-- \/ Yoast SEO plugin. -->","yoast_head_json":{"title":"Sesi\u00f3n COIN\/AINE-EPEF \"Habilitaci\u00f3n Naval\", 19 de noviembre - Delegaci\u00f3n del COIN en Galicia -","robots":{"index":"index","follow":"follow","max-snippet":"max-snippet:-1","max-image-preview":"max-image-preview:large","max-video-preview":"max-video-preview:-1"},"canonical":"https:\/\/galicia.ingenierosnavales.com\/index.php\/2025\/10\/31\/sesion-coin-aine-epef-habilitacion-naval-19-de-noviembre\/","og_locale":"es_ES","og_type":"article","og_title":"Sesi\u00f3n COIN\/AINE-EPEF \"Habilitaci\u00f3n Naval\", 19 de noviembre - Delegaci\u00f3n del COIN en Galicia -","og_description":"El pr\u00f3ximo 19\u00a0de noviembre a las 18:15 h., tendr\u00e1 lugar la cuarta y \u00faltima de las conferencias que la Delegaci\u00f3n Territorial en Galicia del Colegio y Asociaci\u00f3n de Ingenieros Navales y Oce\u00e1nicos, tiene previsto&#46;&#46;&#46;","og_url":"https:\/\/galicia.ingenierosnavales.com\/index.php\/2025\/10\/31\/sesion-coin-aine-epef-habilitacion-naval-19-de-noviembre\/","og_site_name":"Delegaci\u00f3n del COIN en Galicia -","article_published_time":"2025-10-31T09:35:06+00:00","og_image":[{"width":1313,"height":753,"url":"https:\/\/galicia.ingenierosnavales.com\/wp-content\/uploads\/2025\/10\/COIN-AINE-BANNER-ESP-JORNADA-HABILITACION-NAVAL.png","type":"image\/png"}],"author":"Delegaci\u00f3n Galicia","twitter_card":"summary_large_image","twitter_misc":{"Escrito por":"Delegaci\u00f3n Galicia","Tiempo de lectura":"1 minuto"},"schema":{"@context":"https:\/\/schema.org","@graph":[{"@type":"Article","@id":"https:\/\/galicia.ingenierosnavales.com\/index.php\/2025\/10\/31\/sesion-coin-aine-epef-habilitacion-naval-19-de-noviembre\/#article","isPartOf":{"@id":"https:\/\/galicia.ingenierosnavales.com\/index.php\/2025\/10\/31\/sesion-coin-aine-epef-habilitacion-naval-19-de-noviembre\/"},"author":{"name":"Delegaci\u00f3n Galicia","@id":"https:\/\/galicia.ingenierosnavales.com\/#\/schema\/person\/5b19750a916831d424f63e9271d4e51d"},"headline":"Sesi\u00f3n COIN\/AINE-EPEF \u00abHabilitaci\u00f3n Naval\u00bb, 19 de noviembre","datePublished":"2025-10-31T09:35:06+00:00","dateModified":"2025-10-31T09:35:06+00:00","mainEntityOfPage":{"@id":"https:\/\/galicia.ingenierosnavales.com\/index.php\/2025\/10\/31\/sesion-coin-aine-epef-habilitacion-naval-19-de-noviembre\/"},"wordCount":128,"commentCount":0,"publisher":{"@id":"https:\/\/galicia.ingenierosnavales.com\/#organization"},"image":{"@id":"https:\/\/galicia.ingenierosnavales.com\/index.php\/2025\/10\/31\/sesion-coin-aine-epef-habilitacion-naval-19-de-noviembre\/#primaryimage"},"thumbnailUrl":"https:\/\/galicia.ingenierosnavales.com\/wp-content\/uploads\/2025\/10\/COIN-AINE-BANNER-ESP-JORNADA-HABILITACION-NAVAL.png","keywords":["actividades Galicia","Ingenieros Navales Galicia"],"articleSection":["Eventos"],"inLanguage":"es","potentialAction":[{"@type":"CommentAction","name":"Comment","target":["https:\/\/galicia.ingenierosnavales.com\/index.php\/2025\/10\/31\/sesion-coin-aine-epef-habilitacion-naval-19-de-noviembre\/#respond"]}]},{"@type":"WebPage","@id":"https:\/\/galicia.ingenierosnavales.com\/index.php\/2025\/10\/31\/sesion-coin-aine-epef-habilitacion-naval-19-de-noviembre\/","url":"https:\/\/galicia.ingenierosnavales.com\/index.php\/2025\/10\/31\/sesion-coin-aine-epef-habilitacion-naval-19-de-noviembre\/","name":"Sesi\u00f3n COIN\/AINE-EPEF \"Habilitaci\u00f3n Naval\", 19 de noviembre - Delegaci\u00f3n del COIN en Galicia -","isPartOf":{"@id":"https:\/\/galicia.ingenierosnavales.com\/#website"},"primaryImageOfPage":{"@id":"https:\/\/galicia.ingenierosnavales.com\/index.php\/2025\/10\/31\/sesion-coin-aine-epef-habilitacion-naval-19-de-noviembre\/#primaryimage"},"image":{"@id":"https:\/\/galicia.ingenierosnavales.com\/index.php\/2025\/10\/31\/sesion-coin-aine-epef-habilitacion-naval-19-de-noviembre\/#primaryimage"},"thumbnailUrl":"https:\/\/galicia.ingenierosnavales.com\/wp-content\/uploads\/2025\/10\/COIN-AINE-BANNER-ESP-JORNADA-HABILITACION-NAVAL.png","datePublished":"2025-10-31T09:35:06+00:00","dateModified":"2025-10-31T09:35:06+00:00","breadcrumb":{"@id":"https:\/\/galicia.ingenierosnavales.com\/index.php\/2025\/10\/31\/sesion-coin-aine-epef-habilitacion-naval-19-de-noviembre\/#breadcrumb"},"inLanguage":"es","potentialAction":[{"@type":"ReadAction","target":["https:\/\/galicia.ingenierosnavales.com\/index.php\/2025\/10\/31\/sesion-coin-aine-epef-habilitacion-naval-19-de-noviembre\/"]}]},{"@type":"ImageObject","inLanguage":"es","@id":"https:\/\/galicia.ingenierosnavales.com\/index.php\/2025\/10\/31\/sesion-coin-aine-epef-habilitacion-naval-19-de-noviembre\/#primaryimage","url":"https:\/\/galicia.ingenierosnavales.com\/wp-content\/uploads\/2025\/10\/COIN-AINE-BANNER-ESP-JORNADA-HABILITACION-NAVAL.png","contentUrl":"https:\/\/galicia.ingenierosnavales.com\/wp-content\/uploads\/2025\/10\/COIN-AINE-BANNER-ESP-JORNADA-HABILITACION-NAVAL.png","width":1313,"height":753},{"@type":"BreadcrumbList","@id":"https:\/\/galicia.ingenierosnavales.com\/index.php\/2025\/10\/31\/sesion-coin-aine-epef-habilitacion-naval-19-de-noviembre\/#breadcrumb","itemListElement":[{"@type":"ListItem","position":1,"name":"Home","item":"https:\/\/galicia.ingenierosnavales.com\/"},{"@type":"ListItem","position":2,"name":"Sesi\u00f3n COIN\/AINE-EPEF \u00abHabilitaci\u00f3n Naval\u00bb, 19 de noviembre"}]},{"@type":"WebSite","@id":"https:\/\/galicia.ingenierosnavales.com\/#website","url":"https:\/\/galicia.ingenierosnavales.com\/","name":"Delegaci\u00f3n del COIN en Galicia -","description":"","publisher":{"@id":"https:\/\/galicia.ingenierosnavales.com\/#organization"},"potentialAction":[{"@type":"SearchAction","target":{"@type":"EntryPoint","urlTemplate":"https:\/\/galicia.ingenierosnavales.com\/?s={search_term_string}"},"query-input":{"@type":"PropertyValueSpecification","valueRequired":true,"valueName":"search_term_string"}}],"inLanguage":"es"},{"@type":"Organization","@id":"https:\/\/galicia.ingenierosnavales.com\/#organization","name":"Delegaci\u00f3n del COIN en Galicia -","url":"https:\/\/galicia.ingenierosnavales.com\/","logo":{"@type":"ImageObject","inLanguage":"es","@id":"https:\/\/galicia.ingenierosnavales.com\/#\/schema\/logo\/image\/","url":"https:\/\/galicia.ingenierosnavales.com\/wp-content\/uploads\/2022\/03\/logo_2-1.png","contentUrl":"https:\/\/galicia.ingenierosnavales.com\/wp-content\/uploads\/2022\/03\/logo_2-1.png","width":240,"height":94,"caption":"Delegaci\u00f3n del COIN en Galicia - "},"image":{"@id":"https:\/\/galicia.ingenierosnavales.com\/#\/schema\/logo\/image\/"}},{"@type":"Person","@id":"https:\/\/galicia.ingenierosnavales.com\/#\/schema\/person\/5b19750a916831d424f63e9271d4e51d","name":"Delegaci\u00f3n Galicia","image":{"@type":"ImageObject","inLanguage":"es","@id":"https:\/\/galicia.ingenierosnavales.com\/#\/schema\/person\/image\/","url":"https:\/\/secure.gravatar.com\/avatar\/8ba9b1dd96c7effddd31fcf63bf8cc7f?s=96&d=mm&r=g","contentUrl":"https:\/\/secure.gravatar.com\/avatar\/8ba9b1dd96c7effddd31fcf63bf8cc7f?s=96&d=mm&r=g","caption":"Delegaci\u00f3n Galicia"},"url":"https:\/\/galicia.ingenierosnavales.com\/index.php\/author\/galicia\/"}]}},"_links":{"self":[{"href":"https:\/\/galicia.ingenierosnavales.com\/index.php\/wp-json\/wp\/v2\/posts\/9495","targetHints":{"allow":["GET"]}}],"collection":[{"href":"https:\/\/galicia.ingenierosnavales.com\/index.php\/wp-json\/wp\/v2\/posts"}],"about":[{"href":"https:\/\/galicia.ingenierosnavales.com\/index.php\/wp-json\/wp\/v2\/types\/post"}],"author":[{"embeddable":true,"href":"https:\/\/galicia.ingenierosnavales.com\/index.php\/wp-json\/wp\/v2\/users\/2"}],"replies":[{"embeddable":true,"href":"https:\/\/galicia.ingenierosnavales.com\/index.php\/wp-json\/wp\/v2\/comments?post=9495"}],"version-history":[{"count":1,"href":"https:\/\/galicia.ingenierosnavales.com\/index.php\/wp-json\/wp\/v2\/posts\/9495\/revisions"}],"predecessor-version":[{"id":9497,"href":"https:\/\/galicia.ingenierosnavales.com\/index.php\/wp-json\/wp\/v2\/posts\/9495\/revisions\/9497"}],"wp:featuredmedia":[{"embeddable":true,"href":"https:\/\/galicia.ingenierosnavales.com\/index.php\/wp-json\/wp\/v2\/media\/9496"}],"wp:attachment":[{"href":"https:\/\/galicia.ingenierosnavales.com\/index.php\/wp-json\/wp\/v2\/media?parent=9495"}],"wp:term":[{"taxonomy":"category","embeddable":true,"href":"https:\/\/galicia.ingenierosnavales.com\/index.php\/wp-json\/wp\/v2\/categories?post=9495"},{"taxonomy":"post_tag","embeddable":true,"href":"https:\/\/galicia.ingenierosnavales.com\/index.php\/wp-json\/wp\/v2\/tags?post=9495"}],"curies":[{"name":"wp","href":"https:\/\/api.w.org\/{rel}","templated":true}]}}