{"id":9454,"date":"2025-10-24T12:05:20","date_gmt":"2025-10-24T12:05:20","guid":{"rendered":"https:\/\/galicia.ingenierosnavales.com\/?p=9454"},"modified":"2025-10-24T12:07:20","modified_gmt":"2025-10-24T12:07:20","slug":"festalent-2025-feira-de-empresas-e-talento","status":"publish","type":"post","link":"https:\/\/galicia.ingenierosnavales.com\/index.php\/2025\/10\/24\/festalent-2025-feira-de-empresas-e-talento\/","title":{"rendered":"FESTALENT 2025 &#8211; Feira de empresas e talento"},"content":{"rendered":"<p><a href=\"https:\/\/app.beamian.com\/festalent-2025\/\"><img loading=\"lazy\" decoding=\"async\" class=\"aligncenter wp-image-9452 size-large\" src=\"https:\/\/galicia.ingenierosnavales.com\/wp-content\/uploads\/2025\/10\/imagen-introductoria_beamian_festalent2025_vf_92fe554da7baf51448129a8495d79c2c-1024x575.png\" alt=\"\" width=\"1024\" height=\"575\" srcset=\"https:\/\/galicia.ingenierosnavales.com\/wp-content\/uploads\/2025\/10\/imagen-introductoria_beamian_festalent2025_vf_92fe554da7baf51448129a8495d79c2c-1024x575.png 1024w, https:\/\/galicia.ingenierosnavales.com\/wp-content\/uploads\/2025\/10\/imagen-introductoria_beamian_festalent2025_vf_92fe554da7baf51448129a8495d79c2c-300x169.png 300w, https:\/\/galicia.ingenierosnavales.com\/wp-content\/uploads\/2025\/10\/imagen-introductoria_beamian_festalent2025_vf_92fe554da7baf51448129a8495d79c2c-768x431.png 768w, https:\/\/galicia.ingenierosnavales.com\/wp-content\/uploads\/2025\/10\/imagen-introductoria_beamian_festalent2025_vf_92fe554da7baf51448129a8495d79c2c.png 1440w\" sizes=\"auto, (max-width: 1024px) 100vw, 1024px\" \/><\/a><\/p>\n<p><strong>FESTALENT, a Feira de Empresas e Talento<\/strong> organizada polo <strong>Campus Industrial de Ferrol<\/strong> (Universidade da Coru\u00f1a), busca conectar \u00e1s empresas co talento universitario e con aquelas persoas en busca de novas oportunidades profesionais. Durante <strong>a feira de emprego<\/strong>, que se celebrar\u00e1 no Pabell\u00f3n Municipal de Esteiro, os asistentes poder\u00e1n participar en actividades que faciliten a s\u00faa transici\u00f3n ao mundo laboral, interactuando directamente con l\u00edderes nos seus sectores nos seus stands, informarse dos perfiles que est\u00e1n demandando e presentando o seu talento nas entrevistas r\u00e1pidas que ter\u00e1n lugar durante a feira.<\/p>\n<p>Como broche final do FESTALENT 2025, invitan a participar na <strong>masterclass de Miguel Navarro<\/strong> (enxe\u00f1eiro, emprendedor e CEO de Productividad Feroz) que ter\u00e1 lugar no sal\u00f3n de actos do Campus Industrial de Ferrol despois das 18:30. Nela, o relator presentar\u00e1 estratexias para conseguir obxetivos de forma m\u00e1is eficiente e destacar nun mercado laboral altamente competitivo.<\/p>\n<p>A Delegaci\u00f3n Territorial do COIN\/AINE en Galicia, participa cun stand donde poderedes obter toda a informaci\u00f3n de colexiaci\u00f3n, becas, estudos, actividades&#8230;.<\/p>\n<p style=\"text-align: center;\"><span style=\"color: #ff0000;\"><strong>VIS\u00cdTANOS NO STAND 39<\/strong><\/span><\/p>\n","protected":false},"excerpt":{"rendered":"<p>FESTALENT, a Feira de Empresas e Talento organizada polo Campus Industrial de Ferrol (Universidade da Coru\u00f1a), busca conectar \u00e1s empresas co talento universitario e con aquelas persoas en busca de novas oportunidades profesionais. Durante&#46;&#46;&#46;<\/p>\n","protected":false},"author":2,"featured_media":9452,"comment_status":"open","ping_status":"open","sticky":false,"template":"","format":"standard","meta":{"om_disable_all_campaigns":false,"_monsterinsights_skip_tracking":false,"_monsterinsights_sitenote_active":false,"_monsterinsights_sitenote_note":"","_monsterinsights_sitenote_category":0,"_uf_show_specific_survey":0,"_uf_disable_surveys":false,"footnotes":""},"categories":[32],"tags":[73,59,61],"class_list":["post-9454","post","type-post","status-publish","format-standard","has-post-thumbnail","hentry","category-eventos-g","tag-actividades-galicia","tag-enxeneiros-navais-galicia","tag-xornadas-enxeneiros-navais-en-galicia"],"aioseo_notices":[],"yoast_head":"<!-- This site is optimized with the Yoast SEO plugin v24.0 - https:\/\/yoast.com\/wordpress\/plugins\/seo\/ -->\n<title>FESTALENT 2025 - Feira de empresas e talento - Delegaci\u00f3n del COIN en Galicia -<\/title>\n<meta name=\"robots\" content=\"index, follow, max-snippet:-1, max-image-preview:large, max-video-preview:-1\" \/>\n<link rel=\"canonical\" href=\"https:\/\/galicia.ingenierosnavales.com\/index.php\/2025\/10\/24\/festalent-2025-feira-de-empresas-e-talento\/\" \/>\n<meta property=\"og:locale\" content=\"es_ES\" \/>\n<meta property=\"og:type\" content=\"article\" \/>\n<meta property=\"og:title\" content=\"FESTALENT 2025 - Feira de empresas e talento - Delegaci\u00f3n del COIN en Galicia -\" \/>\n<meta property=\"og:description\" content=\"FESTALENT, a Feira de Empresas e Talento organizada polo Campus Industrial de Ferrol (Universidade da Coru\u00f1a), busca conectar \u00e1s empresas co talento universitario e con aquelas persoas en busca de novas oportunidades profesionais. Durante&#046;&#046;&#046;\" \/>\n<meta property=\"og:url\" content=\"https:\/\/galicia.ingenierosnavales.com\/index.php\/2025\/10\/24\/festalent-2025-feira-de-empresas-e-talento\/\" \/>\n<meta property=\"og:site_name\" content=\"Delegaci\u00f3n del COIN en Galicia -\" \/>\n<meta property=\"article:published_time\" content=\"2025-10-24T12:05:20+00:00\" \/>\n<meta property=\"article:modified_time\" content=\"2025-10-24T12:07:20+00:00\" \/>\n<meta property=\"og:image\" content=\"https:\/\/galicia.ingenierosnavales.com\/wp-content\/uploads\/2025\/10\/imagen-introductoria_beamian_festalent2025_vf_92fe554da7baf51448129a8495d79c2c.png\" \/>\n\t<meta property=\"og:image:width\" content=\"1440\" \/>\n\t<meta property=\"og:image:height\" content=\"809\" \/>\n\t<meta property=\"og:image:type\" content=\"image\/png\" \/>\n<meta name=\"author\" content=\"Delegaci\u00f3n Galicia\" \/>\n<meta name=\"twitter:card\" content=\"summary_large_image\" \/>\n<meta name=\"twitter:label1\" content=\"Escrito por\" \/>\n\t<meta name=\"twitter:data1\" content=\"Delegaci\u00f3n Galicia\" \/>\n\t<meta name=\"twitter:label2\" content=\"Tiempo de lectura\" \/>\n\t<meta name=\"twitter:data2\" content=\"2 minutos\" \/>\n<script type=\"application\/ld+json\" class=\"yoast-schema-graph\">{\"@context\":\"https:\/\/schema.org\",\"@graph\":[{\"@type\":\"Article\",\"@id\":\"https:\/\/galicia.ingenierosnavales.com\/index.php\/2025\/10\/24\/festalent-2025-feira-de-empresas-e-talento\/#article\",\"isPartOf\":{\"@id\":\"https:\/\/galicia.ingenierosnavales.com\/index.php\/2025\/10\/24\/festalent-2025-feira-de-empresas-e-talento\/\"},\"author\":{\"name\":\"Delegaci\u00f3n Galicia\",\"@id\":\"https:\/\/galicia.ingenierosnavales.com\/#\/schema\/person\/5b19750a916831d424f63e9271d4e51d\"},\"headline\":\"FESTALENT 2025 &#8211; Feira de empresas e talento\",\"datePublished\":\"2025-10-24T12:05:20+00:00\",\"dateModified\":\"2025-10-24T12:07:20+00:00\",\"mainEntityOfPage\":{\"@id\":\"https:\/\/galicia.ingenierosnavales.com\/index.php\/2025\/10\/24\/festalent-2025-feira-de-empresas-e-talento\/\"},\"wordCount\":191,\"commentCount\":0,\"publisher\":{\"@id\":\"https:\/\/galicia.ingenierosnavales.com\/#organization\"},\"image\":{\"@id\":\"https:\/\/galicia.ingenierosnavales.com\/index.php\/2025\/10\/24\/festalent-2025-feira-de-empresas-e-talento\/#primaryimage\"},\"thumbnailUrl\":\"https:\/\/galicia.ingenierosnavales.com\/wp-content\/uploads\/2025\/10\/imagen-introductoria_beamian_festalent2025_vf_92fe554da7baf51448129a8495d79c2c.png\",\"keywords\":[\"actividades Galicia\",\"enxe\u00f1eiros navais Galicia\",\"xornadas enxe\u00f1eiros navais en Galicia\"],\"articleSection\":[\"eventos (G)\"],\"inLanguage\":\"es\",\"potentialAction\":[{\"@type\":\"CommentAction\",\"name\":\"Comment\",\"target\":[\"https:\/\/galicia.ingenierosnavales.com\/index.php\/2025\/10\/24\/festalent-2025-feira-de-empresas-e-talento\/#respond\"]}]},{\"@type\":\"WebPage\",\"@id\":\"https:\/\/galicia.ingenierosnavales.com\/index.php\/2025\/10\/24\/festalent-2025-feira-de-empresas-e-talento\/\",\"url\":\"https:\/\/galicia.ingenierosnavales.com\/index.php\/2025\/10\/24\/festalent-2025-feira-de-empresas-e-talento\/\",\"name\":\"FESTALENT 2025 - Feira de empresas e talento - Delegaci\u00f3n del COIN en Galicia -\",\"isPartOf\":{\"@id\":\"https:\/\/galicia.ingenierosnavales.com\/#website\"},\"primaryImageOfPage\":{\"@id\":\"https:\/\/galicia.ingenierosnavales.com\/index.php\/2025\/10\/24\/festalent-2025-feira-de-empresas-e-talento\/#primaryimage\"},\"image\":{\"@id\":\"https:\/\/galicia.ingenierosnavales.com\/index.php\/2025\/10\/24\/festalent-2025-feira-de-empresas-e-talento\/#primaryimage\"},\"thumbnailUrl\":\"https:\/\/galicia.ingenierosnavales.com\/wp-content\/uploads\/2025\/10\/imagen-introductoria_beamian_festalent2025_vf_92fe554da7baf51448129a8495d79c2c.png\",\"datePublished\":\"2025-10-24T12:05:20+00:00\",\"dateModified\":\"2025-10-24T12:07:20+00:00\",\"breadcrumb\":{\"@id\":\"https:\/\/galicia.ingenierosnavales.com\/index.php\/2025\/10\/24\/festalent-2025-feira-de-empresas-e-talento\/#breadcrumb\"},\"inLanguage\":\"es\",\"potentialAction\":[{\"@type\":\"ReadAction\",\"target\":[\"https:\/\/galicia.ingenierosnavales.com\/index.php\/2025\/10\/24\/festalent-2025-feira-de-empresas-e-talento\/\"]}]},{\"@type\":\"ImageObject\",\"inLanguage\":\"es\",\"@id\":\"https:\/\/galicia.ingenierosnavales.com\/index.php\/2025\/10\/24\/festalent-2025-feira-de-empresas-e-talento\/#primaryimage\",\"url\":\"https:\/\/galicia.ingenierosnavales.com\/wp-content\/uploads\/2025\/10\/imagen-introductoria_beamian_festalent2025_vf_92fe554da7baf51448129a8495d79c2c.png\",\"contentUrl\":\"https:\/\/galicia.ingenierosnavales.com\/wp-content\/uploads\/2025\/10\/imagen-introductoria_beamian_festalent2025_vf_92fe554da7baf51448129a8495d79c2c.png\",\"width\":1440,\"height\":809},{\"@type\":\"BreadcrumbList\",\"@id\":\"https:\/\/galicia.ingenierosnavales.com\/index.php\/2025\/10\/24\/festalent-2025-feira-de-empresas-e-talento\/#breadcrumb\",\"itemListElement\":[{\"@type\":\"ListItem\",\"position\":1,\"name\":\"Home\",\"item\":\"https:\/\/galicia.ingenierosnavales.com\/\"},{\"@type\":\"ListItem\",\"position\":2,\"name\":\"FESTALENT 2025 &#8211; Feira de empresas e talento\"}]},{\"@type\":\"WebSite\",\"@id\":\"https:\/\/galicia.ingenierosnavales.com\/#website\",\"url\":\"https:\/\/galicia.ingenierosnavales.com\/\",\"name\":\"Delegaci\u00f3n del COIN en Galicia -\",\"description\":\"\",\"publisher\":{\"@id\":\"https:\/\/galicia.ingenierosnavales.com\/#organization\"},\"potentialAction\":[{\"@type\":\"SearchAction\",\"target\":{\"@type\":\"EntryPoint\",\"urlTemplate\":\"https:\/\/galicia.ingenierosnavales.com\/?s={search_term_string}\"},\"query-input\":{\"@type\":\"PropertyValueSpecification\",\"valueRequired\":true,\"valueName\":\"search_term_string\"}}],\"inLanguage\":\"es\"},{\"@type\":\"Organization\",\"@id\":\"https:\/\/galicia.ingenierosnavales.com\/#organization\",\"name\":\"Delegaci\u00f3n del COIN en Galicia -\",\"url\":\"https:\/\/galicia.ingenierosnavales.com\/\",\"logo\":{\"@type\":\"ImageObject\",\"inLanguage\":\"es\",\"@id\":\"https:\/\/galicia.ingenierosnavales.com\/#\/schema\/logo\/image\/\",\"url\":\"https:\/\/galicia.ingenierosnavales.com\/wp-content\/uploads\/2022\/03\/logo_2-1.png\",\"contentUrl\":\"https:\/\/galicia.ingenierosnavales.com\/wp-content\/uploads\/2022\/03\/logo_2-1.png\",\"width\":240,\"height\":94,\"caption\":\"Delegaci\u00f3n del COIN en Galicia - \"},\"image\":{\"@id\":\"https:\/\/galicia.ingenierosnavales.com\/#\/schema\/logo\/image\/\"}},{\"@type\":\"Person\",\"@id\":\"https:\/\/galicia.ingenierosnavales.com\/#\/schema\/person\/5b19750a916831d424f63e9271d4e51d\",\"name\":\"Delegaci\u00f3n Galicia\",\"image\":{\"@type\":\"ImageObject\",\"inLanguage\":\"es\",\"@id\":\"https:\/\/galicia.ingenierosnavales.com\/#\/schema\/person\/image\/\",\"url\":\"https:\/\/secure.gravatar.com\/avatar\/8ba9b1dd96c7effddd31fcf63bf8cc7f?s=96&d=mm&r=g\",\"contentUrl\":\"https:\/\/secure.gravatar.com\/avatar\/8ba9b1dd96c7effddd31fcf63bf8cc7f?s=96&d=mm&r=g\",\"caption\":\"Delegaci\u00f3n Galicia\"},\"url\":\"https:\/\/galicia.ingenierosnavales.com\/index.php\/author\/galicia\/\"}]}<\/script>\n<!-- \/ Yoast SEO plugin. -->","yoast_head_json":{"title":"FESTALENT 2025 - Feira de empresas e talento - Delegaci\u00f3n del COIN en Galicia -","robots":{"index":"index","follow":"follow","max-snippet":"max-snippet:-1","max-image-preview":"max-image-preview:large","max-video-preview":"max-video-preview:-1"},"canonical":"https:\/\/galicia.ingenierosnavales.com\/index.php\/2025\/10\/24\/festalent-2025-feira-de-empresas-e-talento\/","og_locale":"es_ES","og_type":"article","og_title":"FESTALENT 2025 - Feira de empresas e talento - Delegaci\u00f3n del COIN en Galicia -","og_description":"FESTALENT, a Feira de Empresas e Talento organizada polo Campus Industrial de Ferrol (Universidade da Coru\u00f1a), busca conectar \u00e1s empresas co talento universitario e con aquelas persoas en busca de novas oportunidades profesionais. Durante&#46;&#46;&#46;","og_url":"https:\/\/galicia.ingenierosnavales.com\/index.php\/2025\/10\/24\/festalent-2025-feira-de-empresas-e-talento\/","og_site_name":"Delegaci\u00f3n del COIN en Galicia -","article_published_time":"2025-10-24T12:05:20+00:00","article_modified_time":"2025-10-24T12:07:20+00:00","og_image":[{"width":1440,"height":809,"url":"https:\/\/galicia.ingenierosnavales.com\/wp-content\/uploads\/2025\/10\/imagen-introductoria_beamian_festalent2025_vf_92fe554da7baf51448129a8495d79c2c.png","type":"image\/png"}],"author":"Delegaci\u00f3n Galicia","twitter_card":"summary_large_image","twitter_misc":{"Escrito por":"Delegaci\u00f3n Galicia","Tiempo de lectura":"2 minutos"},"schema":{"@context":"https:\/\/schema.org","@graph":[{"@type":"Article","@id":"https:\/\/galicia.ingenierosnavales.com\/index.php\/2025\/10\/24\/festalent-2025-feira-de-empresas-e-talento\/#article","isPartOf":{"@id":"https:\/\/galicia.ingenierosnavales.com\/index.php\/2025\/10\/24\/festalent-2025-feira-de-empresas-e-talento\/"},"author":{"name":"Delegaci\u00f3n Galicia","@id":"https:\/\/galicia.ingenierosnavales.com\/#\/schema\/person\/5b19750a916831d424f63e9271d4e51d"},"headline":"FESTALENT 2025 &#8211; Feira de empresas e talento","datePublished":"2025-10-24T12:05:20+00:00","dateModified":"2025-10-24T12:07:20+00:00","mainEntityOfPage":{"@id":"https:\/\/galicia.ingenierosnavales.com\/index.php\/2025\/10\/24\/festalent-2025-feira-de-empresas-e-talento\/"},"wordCount":191,"commentCount":0,"publisher":{"@id":"https:\/\/galicia.ingenierosnavales.com\/#organization"},"image":{"@id":"https:\/\/galicia.ingenierosnavales.com\/index.php\/2025\/10\/24\/festalent-2025-feira-de-empresas-e-talento\/#primaryimage"},"thumbnailUrl":"https:\/\/galicia.ingenierosnavales.com\/wp-content\/uploads\/2025\/10\/imagen-introductoria_beamian_festalent2025_vf_92fe554da7baf51448129a8495d79c2c.png","keywords":["actividades Galicia","enxe\u00f1eiros navais Galicia","xornadas enxe\u00f1eiros navais en Galicia"],"articleSection":["eventos (G)"],"inLanguage":"es","potentialAction":[{"@type":"CommentAction","name":"Comment","target":["https:\/\/galicia.ingenierosnavales.com\/index.php\/2025\/10\/24\/festalent-2025-feira-de-empresas-e-talento\/#respond"]}]},{"@type":"WebPage","@id":"https:\/\/galicia.ingenierosnavales.com\/index.php\/2025\/10\/24\/festalent-2025-feira-de-empresas-e-talento\/","url":"https:\/\/galicia.ingenierosnavales.com\/index.php\/2025\/10\/24\/festalent-2025-feira-de-empresas-e-talento\/","name":"FESTALENT 2025 - Feira de empresas e talento - Delegaci\u00f3n del COIN en Galicia -","isPartOf":{"@id":"https:\/\/galicia.ingenierosnavales.com\/#website"},"primaryImageOfPage":{"@id":"https:\/\/galicia.ingenierosnavales.com\/index.php\/2025\/10\/24\/festalent-2025-feira-de-empresas-e-talento\/#primaryimage"},"image":{"@id":"https:\/\/galicia.ingenierosnavales.com\/index.php\/2025\/10\/24\/festalent-2025-feira-de-empresas-e-talento\/#primaryimage"},"thumbnailUrl":"https:\/\/galicia.ingenierosnavales.com\/wp-content\/uploads\/2025\/10\/imagen-introductoria_beamian_festalent2025_vf_92fe554da7baf51448129a8495d79c2c.png","datePublished":"2025-10-24T12:05:20+00:00","dateModified":"2025-10-24T12:07:20+00:00","breadcrumb":{"@id":"https:\/\/galicia.ingenierosnavales.com\/index.php\/2025\/10\/24\/festalent-2025-feira-de-empresas-e-talento\/#breadcrumb"},"inLanguage":"es","potentialAction":[{"@type":"ReadAction","target":["https:\/\/galicia.ingenierosnavales.com\/index.php\/2025\/10\/24\/festalent-2025-feira-de-empresas-e-talento\/"]}]},{"@type":"ImageObject","inLanguage":"es","@id":"https:\/\/galicia.ingenierosnavales.com\/index.php\/2025\/10\/24\/festalent-2025-feira-de-empresas-e-talento\/#primaryimage","url":"https:\/\/galicia.ingenierosnavales.com\/wp-content\/uploads\/2025\/10\/imagen-introductoria_beamian_festalent2025_vf_92fe554da7baf51448129a8495d79c2c.png","contentUrl":"https:\/\/galicia.ingenierosnavales.com\/wp-content\/uploads\/2025\/10\/imagen-introductoria_beamian_festalent2025_vf_92fe554da7baf51448129a8495d79c2c.png","width":1440,"height":809},{"@type":"BreadcrumbList","@id":"https:\/\/galicia.ingenierosnavales.com\/index.php\/2025\/10\/24\/festalent-2025-feira-de-empresas-e-talento\/#breadcrumb","itemListElement":[{"@type":"ListItem","position":1,"name":"Home","item":"https:\/\/galicia.ingenierosnavales.com\/"},{"@type":"ListItem","position":2,"name":"FESTALENT 2025 &#8211; Feira de empresas e talento"}]},{"@type":"WebSite","@id":"https:\/\/galicia.ingenierosnavales.com\/#website","url":"https:\/\/galicia.ingenierosnavales.com\/","name":"Delegaci\u00f3n del COIN en Galicia -","description":"","publisher":{"@id":"https:\/\/galicia.ingenierosnavales.com\/#organization"},"potentialAction":[{"@type":"SearchAction","target":{"@type":"EntryPoint","urlTemplate":"https:\/\/galicia.ingenierosnavales.com\/?s={search_term_string}"},"query-input":{"@type":"PropertyValueSpecification","valueRequired":true,"valueName":"search_term_string"}}],"inLanguage":"es"},{"@type":"Organization","@id":"https:\/\/galicia.ingenierosnavales.com\/#organization","name":"Delegaci\u00f3n del COIN en Galicia -","url":"https:\/\/galicia.ingenierosnavales.com\/","logo":{"@type":"ImageObject","inLanguage":"es","@id":"https:\/\/galicia.ingenierosnavales.com\/#\/schema\/logo\/image\/","url":"https:\/\/galicia.ingenierosnavales.com\/wp-content\/uploads\/2022\/03\/logo_2-1.png","contentUrl":"https:\/\/galicia.ingenierosnavales.com\/wp-content\/uploads\/2022\/03\/logo_2-1.png","width":240,"height":94,"caption":"Delegaci\u00f3n del COIN en Galicia - "},"image":{"@id":"https:\/\/galicia.ingenierosnavales.com\/#\/schema\/logo\/image\/"}},{"@type":"Person","@id":"https:\/\/galicia.ingenierosnavales.com\/#\/schema\/person\/5b19750a916831d424f63e9271d4e51d","name":"Delegaci\u00f3n Galicia","image":{"@type":"ImageObject","inLanguage":"es","@id":"https:\/\/galicia.ingenierosnavales.com\/#\/schema\/person\/image\/","url":"https:\/\/secure.gravatar.com\/avatar\/8ba9b1dd96c7effddd31fcf63bf8cc7f?s=96&d=mm&r=g","contentUrl":"https:\/\/secure.gravatar.com\/avatar\/8ba9b1dd96c7effddd31fcf63bf8cc7f?s=96&d=mm&r=g","caption":"Delegaci\u00f3n Galicia"},"url":"https:\/\/galicia.ingenierosnavales.com\/index.php\/author\/galicia\/"}]}},"_links":{"self":[{"href":"https:\/\/galicia.ingenierosnavales.com\/index.php\/wp-json\/wp\/v2\/posts\/9454","targetHints":{"allow":["GET"]}}],"collection":[{"href":"https:\/\/galicia.ingenierosnavales.com\/index.php\/wp-json\/wp\/v2\/posts"}],"about":[{"href":"https:\/\/galicia.ingenierosnavales.com\/index.php\/wp-json\/wp\/v2\/types\/post"}],"author":[{"embeddable":true,"href":"https:\/\/galicia.ingenierosnavales.com\/index.php\/wp-json\/wp\/v2\/users\/2"}],"replies":[{"embeddable":true,"href":"https:\/\/galicia.ingenierosnavales.com\/index.php\/wp-json\/wp\/v2\/comments?post=9454"}],"version-history":[{"count":3,"href":"https:\/\/galicia.ingenierosnavales.com\/index.php\/wp-json\/wp\/v2\/posts\/9454\/revisions"}],"predecessor-version":[{"id":9459,"href":"https:\/\/galicia.ingenierosnavales.com\/index.php\/wp-json\/wp\/v2\/posts\/9454\/revisions\/9459"}],"wp:featuredmedia":[{"embeddable":true,"href":"https:\/\/galicia.ingenierosnavales.com\/index.php\/wp-json\/wp\/v2\/media\/9452"}],"wp:attachment":[{"href":"https:\/\/galicia.ingenierosnavales.com\/index.php\/wp-json\/wp\/v2\/media?parent=9454"}],"wp:term":[{"taxonomy":"category","embeddable":true,"href":"https:\/\/galicia.ingenierosnavales.com\/index.php\/wp-json\/wp\/v2\/categories?post=9454"},{"taxonomy":"post_tag","embeddable":true,"href":"https:\/\/galicia.ingenierosnavales.com\/index.php\/wp-json\/wp\/v2\/tags?post=9454"}],"curies":[{"name":"wp","href":"https:\/\/api.w.org\/{rel}","templated":true}]}}