{"id":9304,"date":"2025-10-21T10:31:38","date_gmt":"2025-10-21T10:31:38","guid":{"rendered":"https:\/\/galicia.ingenierosnavales.com\/?p=9304"},"modified":"2025-10-23T08:54:49","modified_gmt":"2025-10-23T08:54:49","slug":"vii-jornadas-tecnicas-aine-enm-2025","status":"publish","type":"post","link":"https:\/\/galicia.ingenierosnavales.com\/index.php\/2025\/10\/21\/vii-jornadas-tecnicas-aine-enm-2025\/","title":{"rendered":"VII JORNADAS T\u00c9CNICAS AINE-ENM 2025"},"content":{"rendered":"<p><img loading=\"lazy\" decoding=\"async\" class=\"aligncenter wp-image-9305 size-large\" src=\"https:\/\/galicia.ingenierosnavales.com\/wp-content\/uploads\/2025\/10\/imagen-fondo-1024x512.jpg\" alt=\"\" width=\"1024\" height=\"512\" srcset=\"https:\/\/galicia.ingenierosnavales.com\/wp-content\/uploads\/2025\/10\/imagen-fondo-1024x512.jpg 1024w, https:\/\/galicia.ingenierosnavales.com\/wp-content\/uploads\/2025\/10\/imagen-fondo-300x150.jpg 300w, https:\/\/galicia.ingenierosnavales.com\/wp-content\/uploads\/2025\/10\/imagen-fondo-768x384.jpg 768w, https:\/\/galicia.ingenierosnavales.com\/wp-content\/uploads\/2025\/10\/imagen-fondo-1536x768.jpg 1536w, https:\/\/galicia.ingenierosnavales.com\/wp-content\/uploads\/2025\/10\/imagen-fondo.jpg 1600w\" sizes=\"auto, (max-width: 1024px) 100vw, 1024px\" \/><\/p>\n<p>El pasado <strong>17 y 18 de octubre<\/strong>, tuvieron lugar en la <strong>Escuela Naval Militar de Mar\u00edn<\/strong> (Pontevedra), las <strong>VII Jornadas T\u00e9cnicas<\/strong> de colaboraci\u00f3n entre la <strong>Asociaci\u00f3n de Ingenieros Navales y Oce\u00e1nicos de Espa\u00f1a (AINE) y la Escuela Naval Militar (ENM)<\/strong>, que en esta ocasi\u00f3n trataron sobre <em><strong>\u00abBuques de escolta modernos. Las Fragatas\u00bb<\/strong><\/em><\/p>\n<p><a href=\"https:\/\/galicia.ingenierosnavales.com\/wp-content\/uploads\/2025\/10\/VII-JORNADAS-TECNICAS-AINE-ENM-2025-17.10.2025-2.pdf\"><img loading=\"lazy\" decoding=\"async\" class=\"aligncenter wp-image-9306 size-large\" src=\"https:\/\/galicia.ingenierosnavales.com\/wp-content\/uploads\/2025\/10\/VII-JORNADAS-TECNICAS-AINE-ENM-2025-portada-1024x724.png\" alt=\"\" width=\"1024\" height=\"724\" srcset=\"https:\/\/galicia.ingenierosnavales.com\/wp-content\/uploads\/2025\/10\/VII-JORNADAS-TECNICAS-AINE-ENM-2025-portada-1024x724.png 1024w, https:\/\/galicia.ingenierosnavales.com\/wp-content\/uploads\/2025\/10\/VII-JORNADAS-TECNICAS-AINE-ENM-2025-portada-300x212.png 300w, https:\/\/galicia.ingenierosnavales.com\/wp-content\/uploads\/2025\/10\/VII-JORNADAS-TECNICAS-AINE-ENM-2025-portada-768x543.png 768w, https:\/\/galicia.ingenierosnavales.com\/wp-content\/uploads\/2025\/10\/VII-JORNADAS-TECNICAS-AINE-ENM-2025-portada-1536x1086.png 1536w, https:\/\/galicia.ingenierosnavales.com\/wp-content\/uploads\/2025\/10\/VII-JORNADAS-TECNICAS-AINE-ENM-2025-portada.png 2000w\" sizes=\"auto, (max-width: 1024px) 100vw, 1024px\" \/><\/a><\/p>\n<p style=\"text-align: center;\"><a href=\"https:\/\/galicia.ingenierosnavales.com\/wp-content\/uploads\/2025\/10\/VII-JORNADAS-TECNICAS-AINE-ENM-2025-17.10.2025-2.pdf\">VII JORNADAS T\u00c9CNICAS AINE-ENM 2025 &#8211; 17.10.2025 (2)<\/a><\/p>\n<p>Las jornadas comenzaron con unas palabras de bienvenida por parte de D. Tom\u00e1s Clavijo Rey-Stolle, C.N. Director de la Escuela Naval Militar, D. Luis Guerrero G\u00f3mez reci\u00e9n nombrado Presidente de la Asociaci\u00f3n de Ingenieros Navales y Oce\u00e1nicos de Espa\u00f1a (AINE), y D. Jorge Dahl de Sobrino, Presidente Territorial en Galicia de la AINE.<\/p>\n<p>A continuaci\u00f3n D. Guillermo Gefaell Chamoch\u00edn, Ingenieros Naval y Coordinador de estas Jornadas, introdujo la tem\u00e1tica de esta 7\u00aa edici\u00f3n, dando paso a los ponentes.<\/p>\n<p>El primer d\u00eda, 17 de octubre, le toc\u00f3 el turno al<strong> Almirante D. Juan Rodr\u00edguez Garat<\/strong> (retirado), Diplomado de Estado Mayor, comandante del Cuartel General Mar\u00edtimo Espa\u00f1ol y Almirante de la Flota. Dirigi\u00f3 tres a\u00f1os el Instituto de Historia y Cultura Naval.<\/p>\n<p><em><strong>\u00abEl buque de escolta, su evoluci\u00f3n en el siglo XX y su presencia en la Armada\u00bb<\/strong><\/em><\/p>\n<p><em>El moderno buque de escolta \u2014una denominaci\u00f3n tradicional que, como veremos, no se justa en absoluto a las vers\u00e1tiles fragatas de la Armada se hoy\u2014 nace en Espa\u00f1a, en los albores del siglo XX. Fue en 1904 cuando el Destructor, concebido por Fernando Villaamil como un torpedero de alta mar, fue reclasificado como contra-torpedero: un buque de escolta, en definitiva, capaz de proteger a los buques mayores contra la amenaza propia de la \u00e9poca.<\/em><\/p>\n<p><em>La tecnolog\u00eda, acelerada por las guerras mundiales del siglo pasado, trajo otras amenazas que a\u00f1adieron nuevas dimensiones a la guerra naval. El submarino en la Gran Guerra y el avi\u00f3n en la campa\u00f1a del Pac\u00edfico forzaron el dise\u00f1o de los destructores de la \u00e9poca hasta convertirlos en buques relativamente grandes y sofisticados. Aparece entonces en Gran Breta\u00f1a la fragata, un buque de escolta m\u00e1s lento y, sobre todo, m\u00e1s barato, construido en gran n\u00famero para la protecci\u00f3n de los convoyes contra la amenaza submarina.<\/em><\/p>\n<p><em>En la Armada, los buques de escolta siguieron un camino parecido. Los destructores de la clase Churruca, buques de 36 nudos dise\u00f1ados en los a\u00f1os 20, se vieron complementados en la posguerra con los ca\u00f1oneros \u2014m\u00e1s adelante reclasificados como fragatas\u2014 de la clase Pizarro, que a duras penas alcanzaban los 18.<\/em><\/p>\n<p><em>En los a\u00f1os 50, la llegada de los \u201cLatinos\u201d \u2014cinco destructores de la clase Fletcher\u2014 ayud\u00f3 a complicar el panorama sem\u00e1ntico. Eran barcos tan potentes para la \u00e9poca que convirtieron a los peque\u00f1os destructores de la clase Audaz y \u00c1lava en lo que parec\u00eda un contrasentido sem\u00e1ntico: fragatas r\u00e1pidas.<\/em><\/p>\n<p><em>Cuando la Armada entr\u00f3 en la era de los misiles copi\u00f3 de la US Navy la designaci\u00f3n de fragata para la clase Baleares. El nombre parec\u00eda correcto en su origen \u2014para los est\u00e1ndares de los EE.UU., no eran buques de flota sino de escoltas\u2014 pero en Espa\u00f1a eran todo lo que hab\u00eda. El criterio aplicado a esta clase se mantuvo en las F-80 y, de forma mucho m\u00e1s discutible, en la clase \u00c1lvaro de Baz\u00e1n, que es mucho m\u00e1s que una fragata y, en realidad, se parece bastante m\u00e1s a lo que en su d\u00eda se consider\u00f3 un Capital Ship que a lo que hace un siglo se entend\u00eda por un buque de escolta.<\/em><\/p>\n<p><em>La segunda presentaci\u00f3n estuvo a cargo del <strong>Ingeniero Naval D. Francisco Javier Caba\u00f1as Navarro<\/strong>. Entre 1976 y 1998 ejerci\u00f3 diversos cargos en la factor\u00eda de Ferrol de la Empresa Nacional Baz\u00e1n y en 1999 fue nombrado director del Astillero de Cartagena de Navantia, especializado en buques cazaminas y submarinos.<\/em><\/p>\n<p><em><strong>\u00abDe la construcci\u00f3n tradicional a la integrada\u00bb<\/strong><\/em><\/p>\n<p><em>Se trat\u00f3 la evoluci\u00f3n de la forma de construir nuestros buques de superficie, especialmente en el Astillero de Ferrol, desde la d\u00e9cada de los 70 del pasado siglo, hasta la actualidad.<\/em><\/p>\n<p><em>A la hora de construir un buque, la manera de construirlo queda recogida en la llamada \u201cEstrategia Constructiva\u201d, donde se establecen, para cada actividad, el c\u00f3mo, el cu\u00e1ndo, el d\u00f3nde y los medios con los que vamos a realizarla.<\/em><\/p>\n<p><em>Al principio de los 70 en las Fragatas tipo Baleares se aplic\u00f3 la construcci\u00f3n de tipo <strong>TRADICIONAL<\/strong>, basada en la divisi\u00f3n del casco en bloques. La estructuras de estas unidades una vez completadas se llevaban a la grada donde se un\u00edan entre s\u00ed, a la vez que se continuaba con el montaje de los restantes elementos.<\/em><\/p>\n<p><em>En la d\u00e9cada de los 80, con la construcci\u00f3n de las Fragatas tipo Santa Mar\u00eda se abandona el sistema TRADICIONAL y se comienza a aplicar la <strong>CONSTRUCCION CON PREARMAMENTO, <\/strong>en la que las actividades de montaje de todos los elementos que va a contener el bloque se dividen en dos tipos. Aquellas que requieren soldadura al casco (Prearmamento 1) y las que no lo necesitan (Prearmamento 2). Entre estas dos fases se procede al chorreado y pintado del bloque.<\/em><\/p>\n<p><em>Las nuevas estrategias utilizadas supusieron para el astillero, inversiones muy importantes en nuevos talleres e instalaciones y un cambio radical en la forma de trabajo, no s\u00f3lo para el Departamento de Producci\u00f3n, sino tambi\u00e9n para los dem\u00e1s departamentos, T\u00e9cnico, Aprovisionamientos, Planificaci\u00f3n.<\/em><\/p>\n<p><em>A finales de los 90 y principios de los 2000 se comienza a aplicar un nuevo tipo de estrategia, basada en la <strong>CONSTRUCCION INTEGRADA Y MODULAR<\/strong>, que se fundamenta en que todas las actividades de montaje progresen \u00a0simult\u00e1neamente de modo que los distintos elementos del buque se montan en el momento id\u00f3neo, teniendo en cuenta la situaci\u00f3n y accesibilidad del punto donde van a ser instalados.<\/em><\/p>\n<p><em>Estos cambios progresivos de estrategia han producido importantes avances entre los que podemos destacar :<\/em><\/p>\n<ul>\n<li><em>Reducci\u00f3n de los plazos de entrega.<\/em><\/li>\n<li><em>Mayor eficiencia y calidad en el producto.<\/em><\/li>\n<li><em>Flexibilidad en el uso de los recursos a utilizar.<\/em><\/li>\n<\/ul>\n<p>Las jornadas llegaron a su fin el viernes 17, con una mesa redonda moderada por el Presidente Territorial de la AINE, D. Jorge Dahl de Sobrino.<\/p>\n<p>Al d\u00eda siguiente, 18 de octubre, comenz\u00f3 la jornada<strong> D. Francisco V\u00edlchez Rodr\u00edguez<\/strong>. Ingeniero Naval que ha desarrollado su trayectoria profesional principalmente en Navantia donde ostenta actualmente el cargo de Director de la Autoridad T\u00e9cnica\u00a0 de Ingenier\u00eda NAVANTIA (Grupo SEPI).<\/p>\n<p><em><strong>\u00abFragatas F-110. El camino hacia el futuro\u00bb<\/strong><\/em><\/p>\n<p><em>Las fragatas de la clase F-110, tambi\u00e9n conocida como Clase Bonifaz, representan la nueva generaci\u00f3n de fragatas dise\u00f1adas por Navantia que resultan de una evoluci\u00f3n disruptiva de la clase F-100 cuyo \u00e9xito ha sido reconocido internacionalmente. Este programa marca un salto tecnol\u00f3gico y operativo hacia un buque inteligente, modular y altamente interoperable, preparado para afrontar los desaf\u00edos del entorno mar\u00edtimo del siglo XXI.<\/em><\/p>\n<p><em>La F-110 ha sido concebida en un ecosistema digital que permite la optimizaci\u00f3n de las tareas de dise\u00f1o, construcci\u00f3n, operaci\u00f3n y mantenimiento en un entorno ciberseguro.<\/em><\/p>\n<p><em>La F-110 ser\u00e1 el primer buque militar que incorpore un Gemelo Digital, lo que permitir\u00e1:<\/em><\/p>\n<ul>\n<li><em>Monitorizaci\u00f3n en tiempo real del estado del buque.<\/em><\/li>\n<li><em>Apoyo a la toma de decisiones mediante inteligencia artificial.<\/em><\/li>\n<li><em>Mantenimiento predictivo y reducci\u00f3n de costes de operaci\u00f3n.<\/em><\/li>\n<\/ul>\n<p><em>Incorpora tecnolog\u00edas clave adicionales:<\/em><\/p>\n<ul>\n<li><em>Propulsi\u00f3n h\u00edbrida CODELAG para una navegaci\u00f3n ultra silenciosa alineada con su perfil antisubmarino.<\/em><\/li>\n<li><em>Sistema de combate avanzado con el radar SPY-7(V)2 de \u00faltima generaci\u00f3n de Lockheed Martin, radar de superficie banda X de INDRA, s\u00f3nares de casco y remolcado, lanzadores VLS MK-41, tubos lanzatorpedos, misiles NSM y ca\u00f1\u00f3n principal de 127 mm.<\/em><\/li>\n<li><em>Espacio multimisi\u00f3n de m\u00e1s de 170 m\u00b2 para helic\u00f3pteros, contenedores, RHIBs y veh\u00edculos no tripulados (UxV) que le permiten reconfigurarse y adaptarse a cualquier perfil de misi\u00f3n.<\/em><\/li>\n<li><em>Sistema de Servicios Integrados (SSI), \u00fanico en aplicaci\u00f3n naval, para extender la sensorizaci\u00f3n y las comunicaciones a todos los espacios del buque.<\/em><\/li>\n<\/ul>\n<p><em>Con ello, la F-110 presenta capacidades inigualables para el control permanente del aire, la mar y el espacio submarino.<\/em><\/p>\n<p><em>La F-110 no solo refuerza la capacidad de defensa nacional, sino que posiciona a Espa\u00f1a como l\u00edder en integraci\u00f3n del sistema AEGIS y en digitalizaci\u00f3n. Su versatilidad y tecnolog\u00eda la hacen \u00fanica para la exportaci\u00f3n.<\/em><\/p>\n<p><em>Navantia est\u00e1 preparada para hacer frente a las demandas de futuras unidades de la serie en base a sus robustos sistemas de control de la calidad y madurez del dise\u00f1o y sus instalaciones productivas a la vanguardia del sector naval.<\/em><\/p>\n<p>La \u00faltima conferencia de las dos jornadas, corri\u00f3 a cargo del Vicealmirante D. Gregorio Bueno\u00a0 Murga (reserva). Fue Jefe de la Divisi\u00f3n de Planes del Estado Mayor de la Armada; particip\u00f3 en la STANAVFORLANT de la OTAN y en la primera guerra del golfo P\u00e9rsico a bordo de la fragata \u00abSanta Mar\u00eda\u00bb. Fue representante nacional en USNAVCENT (Bahrain)en la coalici\u00f3n contra el terrorismo en 2003 y Jefe del Estado Mayor de la fuerza conjunta en Iraq en 2004, as\u00ed como Representante Nacional Militar ante SACEUR entre 2013 y 2016.<\/p>\n<p><em><strong>\u00abPresencia de la Armada con sus buques de escolta polivalentes en las agrupaciones navales internacionales\u00bb<\/strong><\/em><\/p>\n<p><em>La seguridad mar\u00edtima global es un pilar fundamental para el comercio y la estabilidad, con m\u00e1s del 90% del intercambio mundial viajando por mar. Sin embargo, este entorno vital enfrenta amenazas transnacionales crecientes como la pirater\u00eda, el narcotr\u00e1fico, el terrorismo y la pesca ilegal. Ninguna naci\u00f3n puede abordar estos desaf\u00edos en solitario; la\u00a0<strong>cooperaci\u00f3n internacional<\/strong>\u00a0es esencial. Espa\u00f1a, consciente de esta realidad, se posiciona como un actor clave en la\u00a0<strong>seguridad mar\u00edtima europea e internacional<\/strong>, comprometida con la defensa colectiva y la estabilidad global.<\/em><\/p>\n<p><em>La Armada Espa\u00f1ola participa activamente en diversas\u00a0<strong>agrupaciones navales multinacionales<\/strong>, que son formaciones de buques de diferentes pa\u00edses operando bajo un mando conjunto. Destacan los\u00a0<strong>Grupos Mar\u00edtimos Permanentes de la OTAN (SNMGs)<\/strong>, donde contribuye a la defensa colectiva y a la respuesta r\u00e1pida. En el \u00e1mbito de la Uni\u00f3n Europea, la Armada es fundamental en operaciones como\u00a0<strong>Atalanta<\/strong>, contra la pirater\u00eda en el Cuerno de \u00c1frica, y en las misiones de presencia naval avanzada en el golfo de Guinea.<\/em><\/p>\n<p><em>Los\u00a0<strong>buques de escolta<\/strong>\u00a0espa\u00f1oles, particularmente las\u00a0<strong>fragatas F-100<\/strong>\u00a0con su avanzado sistema Aegis, son la espina dorsal de esta participaci\u00f3n. Estas fragatas ofrecen capacidades cr\u00edticas de\u00a0<strong>defensa antia\u00e9rea de \u00e1rea<\/strong>, guerra antisubmarina y antisuperficie, y a menudo act\u00faan como buques de mando en las agrupaciones. La futura incorporaci\u00f3n de las\u00a0<strong>fragatas F-110 (Clase Bonifaz)<\/strong>\u00a0reforzar\u00e1 a\u00fan m\u00e1s la vanguardia tecnol\u00f3gica de la Armada.<\/em><\/p>\n<p><em>Las\u00a0<strong>dotaciones espa\u00f1olas<\/strong>\u00a0son altamente profesionales, destacando por su\u00a0<strong>interoperabilidad<\/strong>\u00a0y dominio de los procedimientos de la OTAN y la UE. Su presencia no solo aporta capacidad militar, sino que tambi\u00e9n ejerce una importante funci\u00f3n de\u00a0<strong>disuasi\u00f3n<\/strong>\u00a0y proyecci\u00f3n de la\u00a0<strong>imagen de Espa\u00f1a<\/strong>\u00a0como socio fiable y capaz. Casos de \u00e9xito, como el liderazgo en la Operaci\u00f3n Atalanta o la contribuci\u00f3n a la vigilancia en el Mediterr\u00e1neo, demuestran los beneficios tangibles.<\/em><\/p>\n<p><em>La participaci\u00f3n en estas agrupaciones no solo fortalece la\u00a0<strong>defensa nacional<\/strong>\u00a0al proporcionar experiencia operativa invaluable y mejorar la interoperabilidad con aliados, sino que tambi\u00e9n consolida la influencia de Espa\u00f1a en el \u00e1mbito internacional. Mirando al futuro, la Armada se enfrenta a retos como la necesidad de\u00a0<strong>inversi\u00f3n continua<\/strong>\u00a0y la\u00a0<strong>adaptaci\u00f3n a nuevas amenazas<\/strong>\u00a0(ciberataques, drones), pero su compromiso con la cooperaci\u00f3n multinacional sigue siendo una prioridad ineludible para garantizar la seguridad de los mares.<\/em><\/p>\n<p>Finalizadas las conferencias del s\u00e1bado, tuvo lugar una mesa redonda moderada por la Vicepresidenta Territorial D\u00aa. Beatriz Spuch, para luego cerrar las VII Jornadas T\u00e9cnicas AINE-ENM, el Sr. Comandante-Director de la Escuela Naval Militar CN D. Tom\u00e1s Clavijo Rey-Stolle, el Sr. Presidente Territorial de la AINE en Galicia D. Jorge Dahl y el Coordinador de las Jornadas D. Guillermo Gefaell.<\/p>\n<p>La Escuela Naval Militar de Mar\u00edn ofreci\u00f3 un c\u00f3ctel de cierre\u00a0 de las jornadas, donde se hizo entrega de los regalos entre la Escuela y la AINE y se aprovech\u00f3 para hacer entrega de reconocimientos a los patrocinadores, sin los que no ser\u00eda posible la organizaci\u00f3n de estas Jornadas:<\/p>\n<ul>\n<li>Concello de Mar\u00edn<\/li>\n<li>Autoridade Portuaria de Mar\u00edn<\/li>\n<li>NorInver Montajes e Ingenier\u00eda<\/li>\n<li>Industrias Ferri<\/li>\n<li>Nodosa Shipyard<\/li>\n<li>Amare Mar\u00edn<\/li>\n<li>Narwhal<\/li>\n<li>Ghenova<\/li>\n<li>Fern\u00e1ndez Jove<\/li>\n<li>Gauz\u00f3n Ib\u00e9rica<\/li>\n<li>Frizonia<\/li>\n<li>Gestenaval<\/li>\n<li>Detegasa<\/li>\n<\/ul>\n<p>Agradecimiento a todos los ponentes por su participaci\u00f3n en estas jornadas, a todos los patrocinadores, y menci\u00f3n especial a la\u00a0<strong>Escuela Naval Militar de Mar\u00edn y a Guillermo Gefaell Chamoch\u00edn<\/strong>\u00a0por su, como siempre, excelente organizaci\u00f3n.<\/p>\n<h2 style=\"text-align: center;\"><span style=\"color: #0000ff;\"><em>GALER\u00cdA DE IM\u00c1GENES<\/em><\/span><\/h2>\n\n\t\t<style>\n\t\t\t#gallery-1 {\n\t\t\t\tmargin: auto;\n\t\t\t}\n\t\t\t#gallery-1 .gallery-item {\n\t\t\t\tfloat: left;\n\t\t\t\tmargin-top: 10px;\n\t\t\t\ttext-align: center;\n\t\t\t\twidth: 33%;\n\t\t\t}\n\t\t\t#gallery-1 img {\n\t\t\t\tborder: 2px solid #cfcfcf;\n\t\t\t}\n\t\t\t#gallery-1 .gallery-caption {\n\t\t\t\tmargin-left: 0;\n\t\t\t}\n\t\t\t\/* see gallery_shortcode() in wp-includes\/media.php *\/\n\t\t<\/style>\n\t\t<div id='gallery-1' class='gallery galleryid-9304 gallery-columns-3 gallery-size-large'><dl class='gallery-item'>\n\t\t\t<dt class='gallery-icon landscape'>\n\t\t\t\t<a href='https:\/\/galicia.ingenierosnavales.com\/index.php\/2025\/10\/21\/vii-jornadas-tecnicas-aine-enm-2025\/171025_jornadas-aine-enm-2025_baja\/'><img loading=\"lazy\" decoding=\"async\" width=\"1024\" height=\"683\" src=\"https:\/\/galicia.ingenierosnavales.com\/wp-content\/uploads\/2025\/10\/171025_Jornadas-AINE-ENM-2025_Baja-1024x683.jpg\" class=\"attachment-large size-large no-lazy\" alt=\"\" srcset=\"https:\/\/galicia.ingenierosnavales.com\/wp-content\/uploads\/2025\/10\/171025_Jornadas-AINE-ENM-2025_Baja-1024x683.jpg 1024w, https:\/\/galicia.ingenierosnavales.com\/wp-content\/uploads\/2025\/10\/171025_Jornadas-AINE-ENM-2025_Baja-300x200.jpg 300w, https:\/\/galicia.ingenierosnavales.com\/wp-content\/uploads\/2025\/10\/171025_Jornadas-AINE-ENM-2025_Baja-768x512.jpg 768w, https:\/\/galicia.ingenierosnavales.com\/wp-content\/uploads\/2025\/10\/171025_Jornadas-AINE-ENM-2025_Baja-1536x1024.jpg 1536w, https:\/\/galicia.ingenierosnavales.com\/wp-content\/uploads\/2025\/10\/171025_Jornadas-AINE-ENM-2025_Baja.jpg 1900w\" sizes=\"auto, (max-width: 1024px) 100vw, 1024px\" \/><\/a>\n\t\t\t<\/dt><\/dl><dl class='gallery-item'>\n\t\t\t<dt class='gallery-icon landscape'>\n\t\t\t\t<a href='https:\/\/galicia.ingenierosnavales.com\/index.php\/2025\/10\/21\/vii-jornadas-tecnicas-aine-enm-2025\/171025_jornadas-aine-enm-2025_baja-2\/'><img loading=\"lazy\" decoding=\"async\" width=\"1024\" height=\"683\" src=\"https:\/\/galicia.ingenierosnavales.com\/wp-content\/uploads\/2025\/10\/171025_Jornadas-AINE-ENM-2025_Baja-2-1024x683.jpg\" class=\"attachment-large size-large no-lazy\" alt=\"\" srcset=\"https:\/\/galicia.ingenierosnavales.com\/wp-content\/uploads\/2025\/10\/171025_Jornadas-AINE-ENM-2025_Baja-2-1024x683.jpg 1024w, https:\/\/galicia.ingenierosnavales.com\/wp-content\/uploads\/2025\/10\/171025_Jornadas-AINE-ENM-2025_Baja-2-300x200.jpg 300w, https:\/\/galicia.ingenierosnavales.com\/wp-content\/uploads\/2025\/10\/171025_Jornadas-AINE-ENM-2025_Baja-2-768x512.jpg 768w, https:\/\/galicia.ingenierosnavales.com\/wp-content\/uploads\/2025\/10\/171025_Jornadas-AINE-ENM-2025_Baja-2-1536x1024.jpg 1536w, https:\/\/galicia.ingenierosnavales.com\/wp-content\/uploads\/2025\/10\/171025_Jornadas-AINE-ENM-2025_Baja-2.jpg 1900w\" sizes=\"auto, (max-width: 1024px) 100vw, 1024px\" \/><\/a>\n\t\t\t<\/dt><\/dl><dl class='gallery-item'>\n\t\t\t<dt class='gallery-icon landscape'>\n\t\t\t\t<a href='https:\/\/galicia.ingenierosnavales.com\/index.php\/2025\/10\/21\/vii-jornadas-tecnicas-aine-enm-2025\/171025_jornadas-aine-enm-2025_baja-3\/'><img loading=\"lazy\" decoding=\"async\" width=\"1024\" height=\"683\" src=\"https:\/\/galicia.ingenierosnavales.com\/wp-content\/uploads\/2025\/10\/171025_Jornadas-AINE-ENM-2025_Baja-3-1024x683.jpg\" class=\"attachment-large size-large no-lazy\" alt=\"\" srcset=\"https:\/\/galicia.ingenierosnavales.com\/wp-content\/uploads\/2025\/10\/171025_Jornadas-AINE-ENM-2025_Baja-3-1024x683.jpg 1024w, https:\/\/galicia.ingenierosnavales.com\/wp-content\/uploads\/2025\/10\/171025_Jornadas-AINE-ENM-2025_Baja-3-300x200.jpg 300w, https:\/\/galicia.ingenierosnavales.com\/wp-content\/uploads\/2025\/10\/171025_Jornadas-AINE-ENM-2025_Baja-3-768x512.jpg 768w, https:\/\/galicia.ingenierosnavales.com\/wp-content\/uploads\/2025\/10\/171025_Jornadas-AINE-ENM-2025_Baja-3-1536x1024.jpg 1536w, https:\/\/galicia.ingenierosnavales.com\/wp-content\/uploads\/2025\/10\/171025_Jornadas-AINE-ENM-2025_Baja-3.jpg 1900w\" sizes=\"auto, (max-width: 1024px) 100vw, 1024px\" \/><\/a>\n\t\t\t<\/dt><\/dl><br style=\"clear: both\" \/><dl class='gallery-item'>\n\t\t\t<dt class='gallery-icon landscape'>\n\t\t\t\t<a href='https:\/\/galicia.ingenierosnavales.com\/index.php\/2025\/10\/21\/vii-jornadas-tecnicas-aine-enm-2025\/171025_jornadas-aine-enm-2025_baja-4\/'><img loading=\"lazy\" decoding=\"async\" width=\"1024\" height=\"683\" src=\"https:\/\/galicia.ingenierosnavales.com\/wp-content\/uploads\/2025\/10\/171025_Jornadas-AINE-ENM-2025_Baja-4-1024x683.jpg\" class=\"attachment-large size-large no-lazy\" alt=\"\" srcset=\"https:\/\/galicia.ingenierosnavales.com\/wp-content\/uploads\/2025\/10\/171025_Jornadas-AINE-ENM-2025_Baja-4-1024x683.jpg 1024w, https:\/\/galicia.ingenierosnavales.com\/wp-content\/uploads\/2025\/10\/171025_Jornadas-AINE-ENM-2025_Baja-4-300x200.jpg 300w, https:\/\/galicia.ingenierosnavales.com\/wp-content\/uploads\/2025\/10\/171025_Jornadas-AINE-ENM-2025_Baja-4-768x512.jpg 768w, https:\/\/galicia.ingenierosnavales.com\/wp-content\/uploads\/2025\/10\/171025_Jornadas-AINE-ENM-2025_Baja-4-1536x1024.jpg 1536w, https:\/\/galicia.ingenierosnavales.com\/wp-content\/uploads\/2025\/10\/171025_Jornadas-AINE-ENM-2025_Baja-4.jpg 1900w\" sizes=\"auto, (max-width: 1024px) 100vw, 1024px\" \/><\/a>\n\t\t\t<\/dt><\/dl><dl class='gallery-item'>\n\t\t\t<dt class='gallery-icon landscape'>\n\t\t\t\t<a href='https:\/\/galicia.ingenierosnavales.com\/index.php\/2025\/10\/21\/vii-jornadas-tecnicas-aine-enm-2025\/171025_jornadas-aine-enm-2025_baja-5\/'><img loading=\"lazy\" decoding=\"async\" width=\"1024\" height=\"683\" src=\"https:\/\/galicia.ingenierosnavales.com\/wp-content\/uploads\/2025\/10\/171025_Jornadas-AINE-ENM-2025_Baja-5-1024x683.jpg\" class=\"attachment-large size-large no-lazy\" alt=\"\" srcset=\"https:\/\/galicia.ingenierosnavales.com\/wp-content\/uploads\/2025\/10\/171025_Jornadas-AINE-ENM-2025_Baja-5-1024x683.jpg 1024w, https:\/\/galicia.ingenierosnavales.com\/wp-content\/uploads\/2025\/10\/171025_Jornadas-AINE-ENM-2025_Baja-5-300x200.jpg 300w, https:\/\/galicia.ingenierosnavales.com\/wp-content\/uploads\/2025\/10\/171025_Jornadas-AINE-ENM-2025_Baja-5-768x512.jpg 768w, https:\/\/galicia.ingenierosnavales.com\/wp-content\/uploads\/2025\/10\/171025_Jornadas-AINE-ENM-2025_Baja-5-1536x1024.jpg 1536w, https:\/\/galicia.ingenierosnavales.com\/wp-content\/uploads\/2025\/10\/171025_Jornadas-AINE-ENM-2025_Baja-5.jpg 1900w\" sizes=\"auto, (max-width: 1024px) 100vw, 1024px\" \/><\/a>\n\t\t\t<\/dt><\/dl><dl class='gallery-item'>\n\t\t\t<dt class='gallery-icon landscape'>\n\t\t\t\t<a href='https:\/\/galicia.ingenierosnavales.com\/index.php\/2025\/10\/21\/vii-jornadas-tecnicas-aine-enm-2025\/171025_jornadas-aine-enm-2025_baja-6\/'><img loading=\"lazy\" decoding=\"async\" width=\"1024\" height=\"683\" src=\"https:\/\/galicia.ingenierosnavales.com\/wp-content\/uploads\/2025\/10\/171025_Jornadas-AINE-ENM-2025_Baja-6-1024x683.jpg\" class=\"attachment-large size-large no-lazy\" alt=\"\" srcset=\"https:\/\/galicia.ingenierosnavales.com\/wp-content\/uploads\/2025\/10\/171025_Jornadas-AINE-ENM-2025_Baja-6-1024x683.jpg 1024w, https:\/\/galicia.ingenierosnavales.com\/wp-content\/uploads\/2025\/10\/171025_Jornadas-AINE-ENM-2025_Baja-6-300x200.jpg 300w, https:\/\/galicia.ingenierosnavales.com\/wp-content\/uploads\/2025\/10\/171025_Jornadas-AINE-ENM-2025_Baja-6-768x512.jpg 768w, https:\/\/galicia.ingenierosnavales.com\/wp-content\/uploads\/2025\/10\/171025_Jornadas-AINE-ENM-2025_Baja-6-1536x1024.jpg 1536w, https:\/\/galicia.ingenierosnavales.com\/wp-content\/uploads\/2025\/10\/171025_Jornadas-AINE-ENM-2025_Baja-6.jpg 1900w\" sizes=\"auto, (max-width: 1024px) 100vw, 1024px\" \/><\/a>\n\t\t\t<\/dt><\/dl><br style=\"clear: both\" \/><dl class='gallery-item'>\n\t\t\t<dt class='gallery-icon landscape'>\n\t\t\t\t<a href='https:\/\/galicia.ingenierosnavales.com\/index.php\/2025\/10\/21\/vii-jornadas-tecnicas-aine-enm-2025\/171025_jornadas-aine-enm-2025_baja-7\/'><img loading=\"lazy\" decoding=\"async\" width=\"1024\" height=\"683\" src=\"https:\/\/galicia.ingenierosnavales.com\/wp-content\/uploads\/2025\/10\/171025_Jornadas-AINE-ENM-2025_Baja-7-1024x683.jpg\" class=\"attachment-large size-large no-lazy\" alt=\"\" srcset=\"https:\/\/galicia.ingenierosnavales.com\/wp-content\/uploads\/2025\/10\/171025_Jornadas-AINE-ENM-2025_Baja-7-1024x683.jpg 1024w, https:\/\/galicia.ingenierosnavales.com\/wp-content\/uploads\/2025\/10\/171025_Jornadas-AINE-ENM-2025_Baja-7-300x200.jpg 300w, https:\/\/galicia.ingenierosnavales.com\/wp-content\/uploads\/2025\/10\/171025_Jornadas-AINE-ENM-2025_Baja-7-768x512.jpg 768w, https:\/\/galicia.ingenierosnavales.com\/wp-content\/uploads\/2025\/10\/171025_Jornadas-AINE-ENM-2025_Baja-7-1536x1024.jpg 1536w, https:\/\/galicia.ingenierosnavales.com\/wp-content\/uploads\/2025\/10\/171025_Jornadas-AINE-ENM-2025_Baja-7.jpg 1900w\" sizes=\"auto, (max-width: 1024px) 100vw, 1024px\" \/><\/a>\n\t\t\t<\/dt><\/dl><dl class='gallery-item'>\n\t\t\t<dt class='gallery-icon landscape'>\n\t\t\t\t<a href='https:\/\/galicia.ingenierosnavales.com\/index.php\/2025\/10\/21\/vii-jornadas-tecnicas-aine-enm-2025\/171025_jornadas-aine-enm-2025_baja-8\/'><img loading=\"lazy\" decoding=\"async\" width=\"1024\" height=\"683\" src=\"https:\/\/galicia.ingenierosnavales.com\/wp-content\/uploads\/2025\/10\/171025_Jornadas-AINE-ENM-2025_Baja-8-1024x683.jpg\" class=\"attachment-large size-large no-lazy\" alt=\"\" srcset=\"https:\/\/galicia.ingenierosnavales.com\/wp-content\/uploads\/2025\/10\/171025_Jornadas-AINE-ENM-2025_Baja-8-1024x683.jpg 1024w, https:\/\/galicia.ingenierosnavales.com\/wp-content\/uploads\/2025\/10\/171025_Jornadas-AINE-ENM-2025_Baja-8-300x200.jpg 300w, https:\/\/galicia.ingenierosnavales.com\/wp-content\/uploads\/2025\/10\/171025_Jornadas-AINE-ENM-2025_Baja-8-768x512.jpg 768w, https:\/\/galicia.ingenierosnavales.com\/wp-content\/uploads\/2025\/10\/171025_Jornadas-AINE-ENM-2025_Baja-8-1536x1024.jpg 1536w, https:\/\/galicia.ingenierosnavales.com\/wp-content\/uploads\/2025\/10\/171025_Jornadas-AINE-ENM-2025_Baja-8.jpg 1900w\" sizes=\"auto, (max-width: 1024px) 100vw, 1024px\" \/><\/a>\n\t\t\t<\/dt><\/dl><dl class='gallery-item'>\n\t\t\t<dt class='gallery-icon landscape'>\n\t\t\t\t<a href='https:\/\/galicia.ingenierosnavales.com\/index.php\/2025\/10\/21\/vii-jornadas-tecnicas-aine-enm-2025\/171025_jornadas-aine-enm-2025_baja-9\/'><img loading=\"lazy\" decoding=\"async\" width=\"1024\" height=\"683\" src=\"https:\/\/galicia.ingenierosnavales.com\/wp-content\/uploads\/2025\/10\/171025_Jornadas-AINE-ENM-2025_Baja-9-1024x683.jpg\" class=\"attachment-large size-large no-lazy\" alt=\"\" srcset=\"https:\/\/galicia.ingenierosnavales.com\/wp-content\/uploads\/2025\/10\/171025_Jornadas-AINE-ENM-2025_Baja-9-1024x683.jpg 1024w, https:\/\/galicia.ingenierosnavales.com\/wp-content\/uploads\/2025\/10\/171025_Jornadas-AINE-ENM-2025_Baja-9-300x200.jpg 300w, https:\/\/galicia.ingenierosnavales.com\/wp-content\/uploads\/2025\/10\/171025_Jornadas-AINE-ENM-2025_Baja-9-768x512.jpg 768w, https:\/\/galicia.ingenierosnavales.com\/wp-content\/uploads\/2025\/10\/171025_Jornadas-AINE-ENM-2025_Baja-9-1536x1024.jpg 1536w, https:\/\/galicia.ingenierosnavales.com\/wp-content\/uploads\/2025\/10\/171025_Jornadas-AINE-ENM-2025_Baja-9.jpg 1900w\" sizes=\"auto, (max-width: 1024px) 100vw, 1024px\" \/><\/a>\n\t\t\t<\/dt><\/dl><br style=\"clear: both\" \/><dl class='gallery-item'>\n\t\t\t<dt class='gallery-icon landscape'>\n\t\t\t\t<a href='https:\/\/galicia.ingenierosnavales.com\/index.php\/2025\/10\/21\/vii-jornadas-tecnicas-aine-enm-2025\/171025_jornadas-aine-enm-2025_baja-10\/'><img loading=\"lazy\" decoding=\"async\" width=\"1024\" height=\"683\" src=\"https:\/\/galicia.ingenierosnavales.com\/wp-content\/uploads\/2025\/10\/171025_Jornadas-AINE-ENM-2025_Baja-10-1024x683.jpg\" class=\"attachment-large size-large no-lazy\" alt=\"\" srcset=\"https:\/\/galicia.ingenierosnavales.com\/wp-content\/uploads\/2025\/10\/171025_Jornadas-AINE-ENM-2025_Baja-10-1024x683.jpg 1024w, https:\/\/galicia.ingenierosnavales.com\/wp-content\/uploads\/2025\/10\/171025_Jornadas-AINE-ENM-2025_Baja-10-300x200.jpg 300w, https:\/\/galicia.ingenierosnavales.com\/wp-content\/uploads\/2025\/10\/171025_Jornadas-AINE-ENM-2025_Baja-10-768x512.jpg 768w, https:\/\/galicia.ingenierosnavales.com\/wp-content\/uploads\/2025\/10\/171025_Jornadas-AINE-ENM-2025_Baja-10-1536x1024.jpg 1536w, https:\/\/galicia.ingenierosnavales.com\/wp-content\/uploads\/2025\/10\/171025_Jornadas-AINE-ENM-2025_Baja-10.jpg 1900w\" sizes=\"auto, (max-width: 1024px) 100vw, 1024px\" \/><\/a>\n\t\t\t<\/dt><\/dl><dl class='gallery-item'>\n\t\t\t<dt class='gallery-icon landscape'>\n\t\t\t\t<a href='https:\/\/galicia.ingenierosnavales.com\/index.php\/2025\/10\/21\/vii-jornadas-tecnicas-aine-enm-2025\/171025_jornadas-aine-enm-2025_baja-11\/'><img loading=\"lazy\" decoding=\"async\" width=\"1024\" height=\"683\" src=\"https:\/\/galicia.ingenierosnavales.com\/wp-content\/uploads\/2025\/10\/171025_Jornadas-AINE-ENM-2025_Baja-11-1024x683.jpg\" class=\"attachment-large size-large no-lazy\" alt=\"\" srcset=\"https:\/\/galicia.ingenierosnavales.com\/wp-content\/uploads\/2025\/10\/171025_Jornadas-AINE-ENM-2025_Baja-11-1024x683.jpg 1024w, https:\/\/galicia.ingenierosnavales.com\/wp-content\/uploads\/2025\/10\/171025_Jornadas-AINE-ENM-2025_Baja-11-300x200.jpg 300w, https:\/\/galicia.ingenierosnavales.com\/wp-content\/uploads\/2025\/10\/171025_Jornadas-AINE-ENM-2025_Baja-11-768x512.jpg 768w, https:\/\/galicia.ingenierosnavales.com\/wp-content\/uploads\/2025\/10\/171025_Jornadas-AINE-ENM-2025_Baja-11-1536x1024.jpg 1536w, https:\/\/galicia.ingenierosnavales.com\/wp-content\/uploads\/2025\/10\/171025_Jornadas-AINE-ENM-2025_Baja-11.jpg 1900w\" sizes=\"auto, (max-width: 1024px) 100vw, 1024px\" \/><\/a>\n\t\t\t<\/dt><\/dl><dl class='gallery-item'>\n\t\t\t<dt class='gallery-icon landscape'>\n\t\t\t\t<a href='https:\/\/galicia.ingenierosnavales.com\/index.php\/2025\/10\/21\/vii-jornadas-tecnicas-aine-enm-2025\/171025_jornadas-aine-enm-2025_baja-12\/'><img loading=\"lazy\" decoding=\"async\" width=\"1024\" height=\"683\" src=\"https:\/\/galicia.ingenierosnavales.com\/wp-content\/uploads\/2025\/10\/171025_Jornadas-AINE-ENM-2025_Baja-12-1024x683.jpg\" class=\"attachment-large size-large no-lazy\" alt=\"\" srcset=\"https:\/\/galicia.ingenierosnavales.com\/wp-content\/uploads\/2025\/10\/171025_Jornadas-AINE-ENM-2025_Baja-12-1024x683.jpg 1024w, https:\/\/galicia.ingenierosnavales.com\/wp-content\/uploads\/2025\/10\/171025_Jornadas-AINE-ENM-2025_Baja-12-300x200.jpg 300w, https:\/\/galicia.ingenierosnavales.com\/wp-content\/uploads\/2025\/10\/171025_Jornadas-AINE-ENM-2025_Baja-12-768x512.jpg 768w, https:\/\/galicia.ingenierosnavales.com\/wp-content\/uploads\/2025\/10\/171025_Jornadas-AINE-ENM-2025_Baja-12-1536x1024.jpg 1536w, https:\/\/galicia.ingenierosnavales.com\/wp-content\/uploads\/2025\/10\/171025_Jornadas-AINE-ENM-2025_Baja-12.jpg 1900w\" sizes=\"auto, (max-width: 1024px) 100vw, 1024px\" \/><\/a>\n\t\t\t<\/dt><\/dl><br style=\"clear: both\" \/><dl class='gallery-item'>\n\t\t\t<dt class='gallery-icon landscape'>\n\t\t\t\t<a href='https:\/\/galicia.ingenierosnavales.com\/index.php\/2025\/10\/21\/vii-jornadas-tecnicas-aine-enm-2025\/171025_jornadas-aine-enm-2025_baja-13\/'><img loading=\"lazy\" decoding=\"async\" width=\"1024\" height=\"683\" src=\"https:\/\/galicia.ingenierosnavales.com\/wp-content\/uploads\/2025\/10\/171025_Jornadas-AINE-ENM-2025_Baja-13-1024x683.jpg\" class=\"attachment-large size-large no-lazy\" alt=\"\" srcset=\"https:\/\/galicia.ingenierosnavales.com\/wp-content\/uploads\/2025\/10\/171025_Jornadas-AINE-ENM-2025_Baja-13-1024x683.jpg 1024w, https:\/\/galicia.ingenierosnavales.com\/wp-content\/uploads\/2025\/10\/171025_Jornadas-AINE-ENM-2025_Baja-13-300x200.jpg 300w, https:\/\/galicia.ingenierosnavales.com\/wp-content\/uploads\/2025\/10\/171025_Jornadas-AINE-ENM-2025_Baja-13-768x512.jpg 768w, https:\/\/galicia.ingenierosnavales.com\/wp-content\/uploads\/2025\/10\/171025_Jornadas-AINE-ENM-2025_Baja-13-1536x1024.jpg 1536w, https:\/\/galicia.ingenierosnavales.com\/wp-content\/uploads\/2025\/10\/171025_Jornadas-AINE-ENM-2025_Baja-13.jpg 1900w\" sizes=\"auto, (max-width: 1024px) 100vw, 1024px\" \/><\/a>\n\t\t\t<\/dt><\/dl><dl class='gallery-item'>\n\t\t\t<dt class='gallery-icon landscape'>\n\t\t\t\t<a href='https:\/\/galicia.ingenierosnavales.com\/index.php\/2025\/10\/21\/vii-jornadas-tecnicas-aine-enm-2025\/171025_jornadas-aine-enm-2025_baja-14\/'><img loading=\"lazy\" decoding=\"async\" width=\"1024\" height=\"683\" src=\"https:\/\/galicia.ingenierosnavales.com\/wp-content\/uploads\/2025\/10\/171025_Jornadas-AINE-ENM-2025_Baja-14-1024x683.jpg\" class=\"attachment-large size-large no-lazy\" alt=\"\" srcset=\"https:\/\/galicia.ingenierosnavales.com\/wp-content\/uploads\/2025\/10\/171025_Jornadas-AINE-ENM-2025_Baja-14-1024x683.jpg 1024w, https:\/\/galicia.ingenierosnavales.com\/wp-content\/uploads\/2025\/10\/171025_Jornadas-AINE-ENM-2025_Baja-14-300x200.jpg 300w, https:\/\/galicia.ingenierosnavales.com\/wp-content\/uploads\/2025\/10\/171025_Jornadas-AINE-ENM-2025_Baja-14-768x512.jpg 768w, https:\/\/galicia.ingenierosnavales.com\/wp-content\/uploads\/2025\/10\/171025_Jornadas-AINE-ENM-2025_Baja-14-1536x1024.jpg 1536w, https:\/\/galicia.ingenierosnavales.com\/wp-content\/uploads\/2025\/10\/171025_Jornadas-AINE-ENM-2025_Baja-14.jpg 1900w\" sizes=\"auto, (max-width: 1024px) 100vw, 1024px\" \/><\/a>\n\t\t\t<\/dt><\/dl><dl class='gallery-item'>\n\t\t\t<dt class='gallery-icon landscape'>\n\t\t\t\t<a href='https:\/\/galicia.ingenierosnavales.com\/index.php\/2025\/10\/21\/vii-jornadas-tecnicas-aine-enm-2025\/171025_jornadas-aine-enm-2025_baja-15\/'><img loading=\"lazy\" decoding=\"async\" width=\"1024\" height=\"683\" src=\"https:\/\/galicia.ingenierosnavales.com\/wp-content\/uploads\/2025\/10\/171025_Jornadas-AINE-ENM-2025_Baja-15-1024x683.jpg\" class=\"attachment-large size-large no-lazy\" alt=\"\" srcset=\"https:\/\/galicia.ingenierosnavales.com\/wp-content\/uploads\/2025\/10\/171025_Jornadas-AINE-ENM-2025_Baja-15-1024x683.jpg 1024w, https:\/\/galicia.ingenierosnavales.com\/wp-content\/uploads\/2025\/10\/171025_Jornadas-AINE-ENM-2025_Baja-15-300x200.jpg 300w, https:\/\/galicia.ingenierosnavales.com\/wp-content\/uploads\/2025\/10\/171025_Jornadas-AINE-ENM-2025_Baja-15-768x512.jpg 768w, https:\/\/galicia.ingenierosnavales.com\/wp-content\/uploads\/2025\/10\/171025_Jornadas-AINE-ENM-2025_Baja-15-1536x1024.jpg 1536w, https:\/\/galicia.ingenierosnavales.com\/wp-content\/uploads\/2025\/10\/171025_Jornadas-AINE-ENM-2025_Baja-15.jpg 1900w\" sizes=\"auto, (max-width: 1024px) 100vw, 1024px\" \/><\/a>\n\t\t\t<\/dt><\/dl><br style=\"clear: both\" \/><dl class='gallery-item'>\n\t\t\t<dt class='gallery-icon landscape'>\n\t\t\t\t<a href='https:\/\/galicia.ingenierosnavales.com\/index.php\/2025\/10\/21\/vii-jornadas-tecnicas-aine-enm-2025\/171025_jornadas-aine-enm-2025_baja-16\/'><img loading=\"lazy\" decoding=\"async\" width=\"1024\" height=\"683\" src=\"https:\/\/galicia.ingenierosnavales.com\/wp-content\/uploads\/2025\/10\/171025_Jornadas-AINE-ENM-2025_Baja-16-1024x683.jpg\" class=\"attachment-large size-large no-lazy\" alt=\"\" srcset=\"https:\/\/galicia.ingenierosnavales.com\/wp-content\/uploads\/2025\/10\/171025_Jornadas-AINE-ENM-2025_Baja-16-1024x683.jpg 1024w, https:\/\/galicia.ingenierosnavales.com\/wp-content\/uploads\/2025\/10\/171025_Jornadas-AINE-ENM-2025_Baja-16-300x200.jpg 300w, https:\/\/galicia.ingenierosnavales.com\/wp-content\/uploads\/2025\/10\/171025_Jornadas-AINE-ENM-2025_Baja-16-768x512.jpg 768w, https:\/\/galicia.ingenierosnavales.com\/wp-content\/uploads\/2025\/10\/171025_Jornadas-AINE-ENM-2025_Baja-16-1536x1024.jpg 1536w, https:\/\/galicia.ingenierosnavales.com\/wp-content\/uploads\/2025\/10\/171025_Jornadas-AINE-ENM-2025_Baja-16.jpg 1900w\" sizes=\"auto, (max-width: 1024px) 100vw, 1024px\" \/><\/a>\n\t\t\t<\/dt><\/dl><dl class='gallery-item'>\n\t\t\t<dt class='gallery-icon landscape'>\n\t\t\t\t<a href='https:\/\/galicia.ingenierosnavales.com\/index.php\/2025\/10\/21\/vii-jornadas-tecnicas-aine-enm-2025\/171025_jornadas-aine-enm-2025_baja-17\/'><img loading=\"lazy\" decoding=\"async\" width=\"1024\" height=\"683\" src=\"https:\/\/galicia.ingenierosnavales.com\/wp-content\/uploads\/2025\/10\/171025_Jornadas-AINE-ENM-2025_Baja-17-1024x683.jpg\" class=\"attachment-large size-large no-lazy\" alt=\"\" srcset=\"https:\/\/galicia.ingenierosnavales.com\/wp-content\/uploads\/2025\/10\/171025_Jornadas-AINE-ENM-2025_Baja-17-1024x683.jpg 1024w, https:\/\/galicia.ingenierosnavales.com\/wp-content\/uploads\/2025\/10\/171025_Jornadas-AINE-ENM-2025_Baja-17-300x200.jpg 300w, https:\/\/galicia.ingenierosnavales.com\/wp-content\/uploads\/2025\/10\/171025_Jornadas-AINE-ENM-2025_Baja-17-768x512.jpg 768w, https:\/\/galicia.ingenierosnavales.com\/wp-content\/uploads\/2025\/10\/171025_Jornadas-AINE-ENM-2025_Baja-17-1536x1024.jpg 1536w, https:\/\/galicia.ingenierosnavales.com\/wp-content\/uploads\/2025\/10\/171025_Jornadas-AINE-ENM-2025_Baja-17.jpg 1900w\" sizes=\"auto, (max-width: 1024px) 100vw, 1024px\" \/><\/a>\n\t\t\t<\/dt><\/dl><dl class='gallery-item'>\n\t\t\t<dt class='gallery-icon landscape'>\n\t\t\t\t<a href='https:\/\/galicia.ingenierosnavales.com\/index.php\/2025\/10\/21\/vii-jornadas-tecnicas-aine-enm-2025\/171025_jornadas-aine-enm-2025_baja-18\/'><img loading=\"lazy\" decoding=\"async\" width=\"1024\" height=\"683\" src=\"https:\/\/galicia.ingenierosnavales.com\/wp-content\/uploads\/2025\/10\/171025_Jornadas-AINE-ENM-2025_Baja-18-1024x683.jpg\" class=\"attachment-large size-large no-lazy\" alt=\"\" srcset=\"https:\/\/galicia.ingenierosnavales.com\/wp-content\/uploads\/2025\/10\/171025_Jornadas-AINE-ENM-2025_Baja-18-1024x683.jpg 1024w, https:\/\/galicia.ingenierosnavales.com\/wp-content\/uploads\/2025\/10\/171025_Jornadas-AINE-ENM-2025_Baja-18-300x200.jpg 300w, https:\/\/galicia.ingenierosnavales.com\/wp-content\/uploads\/2025\/10\/171025_Jornadas-AINE-ENM-2025_Baja-18-768x512.jpg 768w, https:\/\/galicia.ingenierosnavales.com\/wp-content\/uploads\/2025\/10\/171025_Jornadas-AINE-ENM-2025_Baja-18-1536x1024.jpg 1536w, https:\/\/galicia.ingenierosnavales.com\/wp-content\/uploads\/2025\/10\/171025_Jornadas-AINE-ENM-2025_Baja-18.jpg 1900w\" sizes=\"auto, (max-width: 1024px) 100vw, 1024px\" \/><\/a>\n\t\t\t<\/dt><\/dl><br style=\"clear: both\" \/><dl class='gallery-item'>\n\t\t\t<dt class='gallery-icon landscape'>\n\t\t\t\t<a href='https:\/\/galicia.ingenierosnavales.com\/index.php\/2025\/10\/21\/vii-jornadas-tecnicas-aine-enm-2025\/171025_jornadas-aine-enm-2025_baja-19\/'><img loading=\"lazy\" decoding=\"async\" width=\"1024\" height=\"683\" src=\"https:\/\/galicia.ingenierosnavales.com\/wp-content\/uploads\/2025\/10\/171025_Jornadas-AINE-ENM-2025_Baja-19-1024x683.jpg\" class=\"attachment-large size-large no-lazy\" alt=\"\" srcset=\"https:\/\/galicia.ingenierosnavales.com\/wp-content\/uploads\/2025\/10\/171025_Jornadas-AINE-ENM-2025_Baja-19-1024x683.jpg 1024w, https:\/\/galicia.ingenierosnavales.com\/wp-content\/uploads\/2025\/10\/171025_Jornadas-AINE-ENM-2025_Baja-19-300x200.jpg 300w, https:\/\/galicia.ingenierosnavales.com\/wp-content\/uploads\/2025\/10\/171025_Jornadas-AINE-ENM-2025_Baja-19-768x512.jpg 768w, https:\/\/galicia.ingenierosnavales.com\/wp-content\/uploads\/2025\/10\/171025_Jornadas-AINE-ENM-2025_Baja-19-1536x1024.jpg 1536w, https:\/\/galicia.ingenierosnavales.com\/wp-content\/uploads\/2025\/10\/171025_Jornadas-AINE-ENM-2025_Baja-19.jpg 1900w\" sizes=\"auto, (max-width: 1024px) 100vw, 1024px\" \/><\/a>\n\t\t\t<\/dt><\/dl><dl class='gallery-item'>\n\t\t\t<dt class='gallery-icon landscape'>\n\t\t\t\t<a href='https:\/\/galicia.ingenierosnavales.com\/index.php\/2025\/10\/21\/vii-jornadas-tecnicas-aine-enm-2025\/171025_jornadas-aine-enm-2025_baja-20\/'><img loading=\"lazy\" decoding=\"async\" width=\"1024\" height=\"683\" src=\"https:\/\/galicia.ingenierosnavales.com\/wp-content\/uploads\/2025\/10\/171025_Jornadas-AINE-ENM-2025_Baja-20-1024x683.jpg\" class=\"attachment-large size-large no-lazy\" alt=\"\" srcset=\"https:\/\/galicia.ingenierosnavales.com\/wp-content\/uploads\/2025\/10\/171025_Jornadas-AINE-ENM-2025_Baja-20-1024x683.jpg 1024w, https:\/\/galicia.ingenierosnavales.com\/wp-content\/uploads\/2025\/10\/171025_Jornadas-AINE-ENM-2025_Baja-20-300x200.jpg 300w, https:\/\/galicia.ingenierosnavales.com\/wp-content\/uploads\/2025\/10\/171025_Jornadas-AINE-ENM-2025_Baja-20-768x512.jpg 768w, https:\/\/galicia.ingenierosnavales.com\/wp-content\/uploads\/2025\/10\/171025_Jornadas-AINE-ENM-2025_Baja-20-1536x1024.jpg 1536w, https:\/\/galicia.ingenierosnavales.com\/wp-content\/uploads\/2025\/10\/171025_Jornadas-AINE-ENM-2025_Baja-20.jpg 1900w\" sizes=\"auto, (max-width: 1024px) 100vw, 1024px\" \/><\/a>\n\t\t\t<\/dt><\/dl><dl class='gallery-item'>\n\t\t\t<dt class='gallery-icon landscape'>\n\t\t\t\t<a href='https:\/\/galicia.ingenierosnavales.com\/index.php\/2025\/10\/21\/vii-jornadas-tecnicas-aine-enm-2025\/171025_jornadas-aine-enm-2025_baja-21\/'><img loading=\"lazy\" decoding=\"async\" width=\"1024\" height=\"683\" src=\"https:\/\/galicia.ingenierosnavales.com\/wp-content\/uploads\/2025\/10\/171025_Jornadas-AINE-ENM-2025_Baja-21-1024x683.jpg\" class=\"attachment-large size-large no-lazy\" alt=\"\" srcset=\"https:\/\/galicia.ingenierosnavales.com\/wp-content\/uploads\/2025\/10\/171025_Jornadas-AINE-ENM-2025_Baja-21-1024x683.jpg 1024w, https:\/\/galicia.ingenierosnavales.com\/wp-content\/uploads\/2025\/10\/171025_Jornadas-AINE-ENM-2025_Baja-21-300x200.jpg 300w, https:\/\/galicia.ingenierosnavales.com\/wp-content\/uploads\/2025\/10\/171025_Jornadas-AINE-ENM-2025_Baja-21-768x512.jpg 768w, https:\/\/galicia.ingenierosnavales.com\/wp-content\/uploads\/2025\/10\/171025_Jornadas-AINE-ENM-2025_Baja-21-1536x1024.jpg 1536w, https:\/\/galicia.ingenierosnavales.com\/wp-content\/uploads\/2025\/10\/171025_Jornadas-AINE-ENM-2025_Baja-21.jpg 1900w\" sizes=\"auto, (max-width: 1024px) 100vw, 1024px\" \/><\/a>\n\t\t\t<\/dt><\/dl><br style=\"clear: both\" \/><dl class='gallery-item'>\n\t\t\t<dt class='gallery-icon landscape'>\n\t\t\t\t<a href='https:\/\/galicia.ingenierosnavales.com\/index.php\/2025\/10\/21\/vii-jornadas-tecnicas-aine-enm-2025\/171025_jornadas-aine-enm-2025_baja-22\/'><img loading=\"lazy\" decoding=\"async\" width=\"1024\" height=\"683\" src=\"https:\/\/galicia.ingenierosnavales.com\/wp-content\/uploads\/2025\/10\/171025_Jornadas-AINE-ENM-2025_Baja-22-1024x683.jpg\" class=\"attachment-large size-large no-lazy\" alt=\"\" srcset=\"https:\/\/galicia.ingenierosnavales.com\/wp-content\/uploads\/2025\/10\/171025_Jornadas-AINE-ENM-2025_Baja-22-1024x683.jpg 1024w, https:\/\/galicia.ingenierosnavales.com\/wp-content\/uploads\/2025\/10\/171025_Jornadas-AINE-ENM-2025_Baja-22-300x200.jpg 300w, https:\/\/galicia.ingenierosnavales.com\/wp-content\/uploads\/2025\/10\/171025_Jornadas-AINE-ENM-2025_Baja-22-768x512.jpg 768w, https:\/\/galicia.ingenierosnavales.com\/wp-content\/uploads\/2025\/10\/171025_Jornadas-AINE-ENM-2025_Baja-22-1536x1024.jpg 1536w, https:\/\/galicia.ingenierosnavales.com\/wp-content\/uploads\/2025\/10\/171025_Jornadas-AINE-ENM-2025_Baja-22.jpg 1900w\" sizes=\"auto, (max-width: 1024px) 100vw, 1024px\" \/><\/a>\n\t\t\t<\/dt><\/dl><dl class='gallery-item'>\n\t\t\t<dt class='gallery-icon landscape'>\n\t\t\t\t<a href='https:\/\/galicia.ingenierosnavales.com\/index.php\/2025\/10\/21\/vii-jornadas-tecnicas-aine-enm-2025\/171025_jornadas-aine-enm-2025_baja-23\/'><img loading=\"lazy\" decoding=\"async\" width=\"1024\" height=\"683\" src=\"https:\/\/galicia.ingenierosnavales.com\/wp-content\/uploads\/2025\/10\/171025_Jornadas-AINE-ENM-2025_Baja-23-1024x683.jpg\" class=\"attachment-large size-large no-lazy\" alt=\"\" srcset=\"https:\/\/galicia.ingenierosnavales.com\/wp-content\/uploads\/2025\/10\/171025_Jornadas-AINE-ENM-2025_Baja-23-1024x683.jpg 1024w, https:\/\/galicia.ingenierosnavales.com\/wp-content\/uploads\/2025\/10\/171025_Jornadas-AINE-ENM-2025_Baja-23-300x200.jpg 300w, https:\/\/galicia.ingenierosnavales.com\/wp-content\/uploads\/2025\/10\/171025_Jornadas-AINE-ENM-2025_Baja-23-768x512.jpg 768w, https:\/\/galicia.ingenierosnavales.com\/wp-content\/uploads\/2025\/10\/171025_Jornadas-AINE-ENM-2025_Baja-23-1536x1024.jpg 1536w, https:\/\/galicia.ingenierosnavales.com\/wp-content\/uploads\/2025\/10\/171025_Jornadas-AINE-ENM-2025_Baja-23.jpg 1900w\" sizes=\"auto, (max-width: 1024px) 100vw, 1024px\" \/><\/a>\n\t\t\t<\/dt><\/dl><dl class='gallery-item'>\n\t\t\t<dt class='gallery-icon landscape'>\n\t\t\t\t<a href='https:\/\/galicia.ingenierosnavales.com\/index.php\/2025\/10\/21\/vii-jornadas-tecnicas-aine-enm-2025\/171025_jornadas-aine-enm-2025_baja-24\/'><img loading=\"lazy\" decoding=\"async\" width=\"1024\" height=\"683\" src=\"https:\/\/galicia.ingenierosnavales.com\/wp-content\/uploads\/2025\/10\/171025_Jornadas-AINE-ENM-2025_Baja-24-1024x683.jpg\" class=\"attachment-large size-large no-lazy\" alt=\"\" srcset=\"https:\/\/galicia.ingenierosnavales.com\/wp-content\/uploads\/2025\/10\/171025_Jornadas-AINE-ENM-2025_Baja-24-1024x683.jpg 1024w, https:\/\/galicia.ingenierosnavales.com\/wp-content\/uploads\/2025\/10\/171025_Jornadas-AINE-ENM-2025_Baja-24-300x200.jpg 300w, https:\/\/galicia.ingenierosnavales.com\/wp-content\/uploads\/2025\/10\/171025_Jornadas-AINE-ENM-2025_Baja-24-768x512.jpg 768w, https:\/\/galicia.ingenierosnavales.com\/wp-content\/uploads\/2025\/10\/171025_Jornadas-AINE-ENM-2025_Baja-24-1536x1024.jpg 1536w, https:\/\/galicia.ingenierosnavales.com\/wp-content\/uploads\/2025\/10\/171025_Jornadas-AINE-ENM-2025_Baja-24.jpg 1900w\" sizes=\"auto, (max-width: 1024px) 100vw, 1024px\" \/><\/a>\n\t\t\t<\/dt><\/dl><br style=\"clear: both\" \/><dl class='gallery-item'>\n\t\t\t<dt class='gallery-icon landscape'>\n\t\t\t\t<a href='https:\/\/galicia.ingenierosnavales.com\/index.php\/2025\/10\/21\/vii-jornadas-tecnicas-aine-enm-2025\/171025_jornadas-aine-enm-2025_baja-25\/'><img loading=\"lazy\" decoding=\"async\" width=\"1024\" height=\"683\" src=\"https:\/\/galicia.ingenierosnavales.com\/wp-content\/uploads\/2025\/10\/171025_Jornadas-AINE-ENM-2025_Baja-25-1024x683.jpg\" class=\"attachment-large size-large no-lazy\" alt=\"\" srcset=\"https:\/\/galicia.ingenierosnavales.com\/wp-content\/uploads\/2025\/10\/171025_Jornadas-AINE-ENM-2025_Baja-25-1024x683.jpg 1024w, https:\/\/galicia.ingenierosnavales.com\/wp-content\/uploads\/2025\/10\/171025_Jornadas-AINE-ENM-2025_Baja-25-300x200.jpg 300w, https:\/\/galicia.ingenierosnavales.com\/wp-content\/uploads\/2025\/10\/171025_Jornadas-AINE-ENM-2025_Baja-25-768x512.jpg 768w, https:\/\/galicia.ingenierosnavales.com\/wp-content\/uploads\/2025\/10\/171025_Jornadas-AINE-ENM-2025_Baja-25-1536x1024.jpg 1536w, https:\/\/galicia.ingenierosnavales.com\/wp-content\/uploads\/2025\/10\/171025_Jornadas-AINE-ENM-2025_Baja-25.jpg 1900w\" sizes=\"auto, (max-width: 1024px) 100vw, 1024px\" \/><\/a>\n\t\t\t<\/dt><\/dl><dl class='gallery-item'>\n\t\t\t<dt class='gallery-icon landscape'>\n\t\t\t\t<a href='https:\/\/galicia.ingenierosnavales.com\/index.php\/2025\/10\/21\/vii-jornadas-tecnicas-aine-enm-2025\/171025_jornadas-aine-enm-2025_baja-26\/'><img loading=\"lazy\" decoding=\"async\" width=\"1024\" height=\"683\" src=\"https:\/\/galicia.ingenierosnavales.com\/wp-content\/uploads\/2025\/10\/171025_Jornadas-AINE-ENM-2025_Baja-26-1024x683.jpg\" class=\"attachment-large size-large no-lazy\" alt=\"\" srcset=\"https:\/\/galicia.ingenierosnavales.com\/wp-content\/uploads\/2025\/10\/171025_Jornadas-AINE-ENM-2025_Baja-26-1024x683.jpg 1024w, https:\/\/galicia.ingenierosnavales.com\/wp-content\/uploads\/2025\/10\/171025_Jornadas-AINE-ENM-2025_Baja-26-300x200.jpg 300w, https:\/\/galicia.ingenierosnavales.com\/wp-content\/uploads\/2025\/10\/171025_Jornadas-AINE-ENM-2025_Baja-26-768x512.jpg 768w, https:\/\/galicia.ingenierosnavales.com\/wp-content\/uploads\/2025\/10\/171025_Jornadas-AINE-ENM-2025_Baja-26-1536x1024.jpg 1536w, https:\/\/galicia.ingenierosnavales.com\/wp-content\/uploads\/2025\/10\/171025_Jornadas-AINE-ENM-2025_Baja-26.jpg 1900w\" sizes=\"auto, (max-width: 1024px) 100vw, 1024px\" \/><\/a>\n\t\t\t<\/dt><\/dl><dl class='gallery-item'>\n\t\t\t<dt class='gallery-icon landscape'>\n\t\t\t\t<a href='https:\/\/galicia.ingenierosnavales.com\/index.php\/2025\/10\/21\/vii-jornadas-tecnicas-aine-enm-2025\/171025_jornadas-aine-enm-2025_baja-27\/'><img loading=\"lazy\" decoding=\"async\" width=\"1024\" height=\"683\" src=\"https:\/\/galicia.ingenierosnavales.com\/wp-content\/uploads\/2025\/10\/171025_Jornadas-AINE-ENM-2025_Baja-27-1024x683.jpg\" class=\"attachment-large size-large no-lazy\" alt=\"\" srcset=\"https:\/\/galicia.ingenierosnavales.com\/wp-content\/uploads\/2025\/10\/171025_Jornadas-AINE-ENM-2025_Baja-27-1024x683.jpg 1024w, https:\/\/galicia.ingenierosnavales.com\/wp-content\/uploads\/2025\/10\/171025_Jornadas-AINE-ENM-2025_Baja-27-300x200.jpg 300w, https:\/\/galicia.ingenierosnavales.com\/wp-content\/uploads\/2025\/10\/171025_Jornadas-AINE-ENM-2025_Baja-27-768x512.jpg 768w, https:\/\/galicia.ingenierosnavales.com\/wp-content\/uploads\/2025\/10\/171025_Jornadas-AINE-ENM-2025_Baja-27-1536x1024.jpg 1536w, https:\/\/galicia.ingenierosnavales.com\/wp-content\/uploads\/2025\/10\/171025_Jornadas-AINE-ENM-2025_Baja-27.jpg 1900w\" sizes=\"auto, (max-width: 1024px) 100vw, 1024px\" \/><\/a>\n\t\t\t<\/dt><\/dl><br style=\"clear: both\" \/><dl class='gallery-item'>\n\t\t\t<dt class='gallery-icon landscape'>\n\t\t\t\t<a href='https:\/\/galicia.ingenierosnavales.com\/index.php\/2025\/10\/21\/vii-jornadas-tecnicas-aine-enm-2025\/171025_jornadas-aine-enm-2025_baja-28\/'><img loading=\"lazy\" decoding=\"async\" width=\"1024\" height=\"683\" src=\"https:\/\/galicia.ingenierosnavales.com\/wp-content\/uploads\/2025\/10\/171025_Jornadas-AINE-ENM-2025_Baja-28-1024x683.jpg\" class=\"attachment-large size-large no-lazy\" alt=\"\" srcset=\"https:\/\/galicia.ingenierosnavales.com\/wp-content\/uploads\/2025\/10\/171025_Jornadas-AINE-ENM-2025_Baja-28-1024x683.jpg 1024w, https:\/\/galicia.ingenierosnavales.com\/wp-content\/uploads\/2025\/10\/171025_Jornadas-AINE-ENM-2025_Baja-28-300x200.jpg 300w, https:\/\/galicia.ingenierosnavales.com\/wp-content\/uploads\/2025\/10\/171025_Jornadas-AINE-ENM-2025_Baja-28-768x512.jpg 768w, https:\/\/galicia.ingenierosnavales.com\/wp-content\/uploads\/2025\/10\/171025_Jornadas-AINE-ENM-2025_Baja-28-1536x1024.jpg 1536w, https:\/\/galicia.ingenierosnavales.com\/wp-content\/uploads\/2025\/10\/171025_Jornadas-AINE-ENM-2025_Baja-28.jpg 1900w\" sizes=\"auto, (max-width: 1024px) 100vw, 1024px\" \/><\/a>\n\t\t\t<\/dt><\/dl><dl class='gallery-item'>\n\t\t\t<dt class='gallery-icon landscape'>\n\t\t\t\t<a href='https:\/\/galicia.ingenierosnavales.com\/index.php\/2025\/10\/21\/vii-jornadas-tecnicas-aine-enm-2025\/171025_jornadas-aine-enm-2025_baja-29\/'><img loading=\"lazy\" decoding=\"async\" width=\"1024\" height=\"683\" src=\"https:\/\/galicia.ingenierosnavales.com\/wp-content\/uploads\/2025\/10\/171025_Jornadas-AINE-ENM-2025_Baja-29-1024x683.jpg\" class=\"attachment-large size-large no-lazy\" alt=\"\" srcset=\"https:\/\/galicia.ingenierosnavales.com\/wp-content\/uploads\/2025\/10\/171025_Jornadas-AINE-ENM-2025_Baja-29-1024x683.jpg 1024w, https:\/\/galicia.ingenierosnavales.com\/wp-content\/uploads\/2025\/10\/171025_Jornadas-AINE-ENM-2025_Baja-29-300x200.jpg 300w, https:\/\/galicia.ingenierosnavales.com\/wp-content\/uploads\/2025\/10\/171025_Jornadas-AINE-ENM-2025_Baja-29-768x512.jpg 768w, https:\/\/galicia.ingenierosnavales.com\/wp-content\/uploads\/2025\/10\/171025_Jornadas-AINE-ENM-2025_Baja-29-1536x1024.jpg 1536w, https:\/\/galicia.ingenierosnavales.com\/wp-content\/uploads\/2025\/10\/171025_Jornadas-AINE-ENM-2025_Baja-29.jpg 1900w\" sizes=\"auto, (max-width: 1024px) 100vw, 1024px\" \/><\/a>\n\t\t\t<\/dt><\/dl><dl class='gallery-item'>\n\t\t\t<dt class='gallery-icon landscape'>\n\t\t\t\t<a href='https:\/\/galicia.ingenierosnavales.com\/index.php\/2025\/10\/21\/vii-jornadas-tecnicas-aine-enm-2025\/171025_jornadas-aine-enm-2025_baja-30\/'><img loading=\"lazy\" decoding=\"async\" width=\"1024\" height=\"683\" src=\"https:\/\/galicia.ingenierosnavales.com\/wp-content\/uploads\/2025\/10\/171025_Jornadas-AINE-ENM-2025_Baja-30-1024x683.jpg\" class=\"attachment-large size-large no-lazy\" alt=\"\" srcset=\"https:\/\/galicia.ingenierosnavales.com\/wp-content\/uploads\/2025\/10\/171025_Jornadas-AINE-ENM-2025_Baja-30-1024x683.jpg 1024w, https:\/\/galicia.ingenierosnavales.com\/wp-content\/uploads\/2025\/10\/171025_Jornadas-AINE-ENM-2025_Baja-30-300x200.jpg 300w, https:\/\/galicia.ingenierosnavales.com\/wp-content\/uploads\/2025\/10\/171025_Jornadas-AINE-ENM-2025_Baja-30-768x512.jpg 768w, https:\/\/galicia.ingenierosnavales.com\/wp-content\/uploads\/2025\/10\/171025_Jornadas-AINE-ENM-2025_Baja-30-1536x1024.jpg 1536w, https:\/\/galicia.ingenierosnavales.com\/wp-content\/uploads\/2025\/10\/171025_Jornadas-AINE-ENM-2025_Baja-30.jpg 1900w\" sizes=\"auto, (max-width: 1024px) 100vw, 1024px\" \/><\/a>\n\t\t\t<\/dt><\/dl><br style=\"clear: both\" \/><dl class='gallery-item'>\n\t\t\t<dt class='gallery-icon landscape'>\n\t\t\t\t<a href='https:\/\/galicia.ingenierosnavales.com\/index.php\/2025\/10\/21\/vii-jornadas-tecnicas-aine-enm-2025\/171025_jornadas-aine-enm-2025_baja-31\/'><img loading=\"lazy\" decoding=\"async\" width=\"1024\" height=\"683\" src=\"https:\/\/galicia.ingenierosnavales.com\/wp-content\/uploads\/2025\/10\/171025_Jornadas-AINE-ENM-2025_Baja-31-1024x683.jpg\" class=\"attachment-large size-large no-lazy\" alt=\"\" srcset=\"https:\/\/galicia.ingenierosnavales.com\/wp-content\/uploads\/2025\/10\/171025_Jornadas-AINE-ENM-2025_Baja-31-1024x683.jpg 1024w, https:\/\/galicia.ingenierosnavales.com\/wp-content\/uploads\/2025\/10\/171025_Jornadas-AINE-ENM-2025_Baja-31-300x200.jpg 300w, https:\/\/galicia.ingenierosnavales.com\/wp-content\/uploads\/2025\/10\/171025_Jornadas-AINE-ENM-2025_Baja-31-768x512.jpg 768w, https:\/\/galicia.ingenierosnavales.com\/wp-content\/uploads\/2025\/10\/171025_Jornadas-AINE-ENM-2025_Baja-31-1536x1024.jpg 1536w, https:\/\/galicia.ingenierosnavales.com\/wp-content\/uploads\/2025\/10\/171025_Jornadas-AINE-ENM-2025_Baja-31.jpg 1900w\" sizes=\"auto, (max-width: 1024px) 100vw, 1024px\" \/><\/a>\n\t\t\t<\/dt><\/dl><dl class='gallery-item'>\n\t\t\t<dt class='gallery-icon landscape'>\n\t\t\t\t<a href='https:\/\/galicia.ingenierosnavales.com\/index.php\/2025\/10\/21\/vii-jornadas-tecnicas-aine-enm-2025\/171025_jornadas-aine-enm-2025_baja-32\/'><img loading=\"lazy\" decoding=\"async\" width=\"1024\" height=\"683\" src=\"https:\/\/galicia.ingenierosnavales.com\/wp-content\/uploads\/2025\/10\/171025_Jornadas-AINE-ENM-2025_Baja-32-1024x683.jpg\" class=\"attachment-large size-large no-lazy\" alt=\"\" srcset=\"https:\/\/galicia.ingenierosnavales.com\/wp-content\/uploads\/2025\/10\/171025_Jornadas-AINE-ENM-2025_Baja-32-1024x683.jpg 1024w, https:\/\/galicia.ingenierosnavales.com\/wp-content\/uploads\/2025\/10\/171025_Jornadas-AINE-ENM-2025_Baja-32-300x200.jpg 300w, https:\/\/galicia.ingenierosnavales.com\/wp-content\/uploads\/2025\/10\/171025_Jornadas-AINE-ENM-2025_Baja-32-768x512.jpg 768w, https:\/\/galicia.ingenierosnavales.com\/wp-content\/uploads\/2025\/10\/171025_Jornadas-AINE-ENM-2025_Baja-32-1536x1024.jpg 1536w, https:\/\/galicia.ingenierosnavales.com\/wp-content\/uploads\/2025\/10\/171025_Jornadas-AINE-ENM-2025_Baja-32.jpg 1900w\" sizes=\"auto, (max-width: 1024px) 100vw, 1024px\" \/><\/a>\n\t\t\t<\/dt><\/dl><dl class='gallery-item'>\n\t\t\t<dt class='gallery-icon landscape'>\n\t\t\t\t<a href='https:\/\/galicia.ingenierosnavales.com\/index.php\/2025\/10\/21\/vii-jornadas-tecnicas-aine-enm-2025\/171025_jornadas-aine-enm-2025_baja-33\/'><img loading=\"lazy\" decoding=\"async\" width=\"1024\" height=\"683\" src=\"https:\/\/galicia.ingenierosnavales.com\/wp-content\/uploads\/2025\/10\/171025_Jornadas-AINE-ENM-2025_Baja-33-1024x683.jpg\" class=\"attachment-large size-large no-lazy\" alt=\"\" srcset=\"https:\/\/galicia.ingenierosnavales.com\/wp-content\/uploads\/2025\/10\/171025_Jornadas-AINE-ENM-2025_Baja-33-1024x683.jpg 1024w, https:\/\/galicia.ingenierosnavales.com\/wp-content\/uploads\/2025\/10\/171025_Jornadas-AINE-ENM-2025_Baja-33-300x200.jpg 300w, https:\/\/galicia.ingenierosnavales.com\/wp-content\/uploads\/2025\/10\/171025_Jornadas-AINE-ENM-2025_Baja-33-768x512.jpg 768w, https:\/\/galicia.ingenierosnavales.com\/wp-content\/uploads\/2025\/10\/171025_Jornadas-AINE-ENM-2025_Baja-33-1536x1024.jpg 1536w, https:\/\/galicia.ingenierosnavales.com\/wp-content\/uploads\/2025\/10\/171025_Jornadas-AINE-ENM-2025_Baja-33.jpg 1900w\" sizes=\"auto, (max-width: 1024px) 100vw, 1024px\" \/><\/a>\n\t\t\t<\/dt><\/dl><br style=\"clear: both\" \/><dl class='gallery-item'>\n\t\t\t<dt class='gallery-icon landscape'>\n\t\t\t\t<a href='https:\/\/galicia.ingenierosnavales.com\/index.php\/2025\/10\/21\/vii-jornadas-tecnicas-aine-enm-2025\/171025_jornadas-aine-enm-2025_baja-34\/'><img loading=\"lazy\" decoding=\"async\" width=\"1024\" height=\"683\" src=\"https:\/\/galicia.ingenierosnavales.com\/wp-content\/uploads\/2025\/10\/171025_Jornadas-AINE-ENM-2025_Baja-34-1024x683.jpg\" class=\"attachment-large size-large no-lazy\" alt=\"\" srcset=\"https:\/\/galicia.ingenierosnavales.com\/wp-content\/uploads\/2025\/10\/171025_Jornadas-AINE-ENM-2025_Baja-34-1024x683.jpg 1024w, https:\/\/galicia.ingenierosnavales.com\/wp-content\/uploads\/2025\/10\/171025_Jornadas-AINE-ENM-2025_Baja-34-300x200.jpg 300w, https:\/\/galicia.ingenierosnavales.com\/wp-content\/uploads\/2025\/10\/171025_Jornadas-AINE-ENM-2025_Baja-34-768x512.jpg 768w, https:\/\/galicia.ingenierosnavales.com\/wp-content\/uploads\/2025\/10\/171025_Jornadas-AINE-ENM-2025_Baja-34-1536x1024.jpg 1536w, https:\/\/galicia.ingenierosnavales.com\/wp-content\/uploads\/2025\/10\/171025_Jornadas-AINE-ENM-2025_Baja-34.jpg 1900w\" sizes=\"auto, (max-width: 1024px) 100vw, 1024px\" \/><\/a>\n\t\t\t<\/dt><\/dl><dl class='gallery-item'>\n\t\t\t<dt class='gallery-icon landscape'>\n\t\t\t\t<a href='https:\/\/galicia.ingenierosnavales.com\/index.php\/2025\/10\/21\/vii-jornadas-tecnicas-aine-enm-2025\/171025_jornadas-aine-enm-2025_baja-35\/'><img loading=\"lazy\" decoding=\"async\" width=\"1024\" height=\"683\" src=\"https:\/\/galicia.ingenierosnavales.com\/wp-content\/uploads\/2025\/10\/171025_Jornadas-AINE-ENM-2025_Baja-35-1024x683.jpg\" class=\"attachment-large size-large no-lazy\" alt=\"\" srcset=\"https:\/\/galicia.ingenierosnavales.com\/wp-content\/uploads\/2025\/10\/171025_Jornadas-AINE-ENM-2025_Baja-35-1024x683.jpg 1024w, https:\/\/galicia.ingenierosnavales.com\/wp-content\/uploads\/2025\/10\/171025_Jornadas-AINE-ENM-2025_Baja-35-300x200.jpg 300w, https:\/\/galicia.ingenierosnavales.com\/wp-content\/uploads\/2025\/10\/171025_Jornadas-AINE-ENM-2025_Baja-35-768x512.jpg 768w, https:\/\/galicia.ingenierosnavales.com\/wp-content\/uploads\/2025\/10\/171025_Jornadas-AINE-ENM-2025_Baja-35-1536x1024.jpg 1536w, https:\/\/galicia.ingenierosnavales.com\/wp-content\/uploads\/2025\/10\/171025_Jornadas-AINE-ENM-2025_Baja-35.jpg 1900w\" sizes=\"auto, (max-width: 1024px) 100vw, 1024px\" \/><\/a>\n\t\t\t<\/dt><\/dl><dl class='gallery-item'>\n\t\t\t<dt class='gallery-icon landscape'>\n\t\t\t\t<a href='https:\/\/galicia.ingenierosnavales.com\/index.php\/2025\/10\/21\/vii-jornadas-tecnicas-aine-enm-2025\/171025_jornadas-aine-enm-2025_baja-36\/'><img loading=\"lazy\" decoding=\"async\" width=\"1024\" height=\"683\" src=\"https:\/\/galicia.ingenierosnavales.com\/wp-content\/uploads\/2025\/10\/171025_Jornadas-AINE-ENM-2025_Baja-36-1024x683.jpg\" class=\"attachment-large size-large no-lazy\" alt=\"\" srcset=\"https:\/\/galicia.ingenierosnavales.com\/wp-content\/uploads\/2025\/10\/171025_Jornadas-AINE-ENM-2025_Baja-36-1024x683.jpg 1024w, https:\/\/galicia.ingenierosnavales.com\/wp-content\/uploads\/2025\/10\/171025_Jornadas-AINE-ENM-2025_Baja-36-300x200.jpg 300w, https:\/\/galicia.ingenierosnavales.com\/wp-content\/uploads\/2025\/10\/171025_Jornadas-AINE-ENM-2025_Baja-36-768x512.jpg 768w, https:\/\/galicia.ingenierosnavales.com\/wp-content\/uploads\/2025\/10\/171025_Jornadas-AINE-ENM-2025_Baja-36-1536x1024.jpg 1536w, https:\/\/galicia.ingenierosnavales.com\/wp-content\/uploads\/2025\/10\/171025_Jornadas-AINE-ENM-2025_Baja-36.jpg 1900w\" sizes=\"auto, (max-width: 1024px) 100vw, 1024px\" \/><\/a>\n\t\t\t<\/dt><\/dl><br style=\"clear: both\" \/><dl class='gallery-item'>\n\t\t\t<dt class='gallery-icon landscape'>\n\t\t\t\t<a href='https:\/\/galicia.ingenierosnavales.com\/index.php\/2025\/10\/21\/vii-jornadas-tecnicas-aine-enm-2025\/171025_jornadas-aine-enm-2025_baja-37\/'><img loading=\"lazy\" decoding=\"async\" width=\"1024\" height=\"683\" src=\"https:\/\/galicia.ingenierosnavales.com\/wp-content\/uploads\/2025\/10\/171025_Jornadas-AINE-ENM-2025_Baja-37-1024x683.jpg\" class=\"attachment-large size-large no-lazy\" alt=\"\" srcset=\"https:\/\/galicia.ingenierosnavales.com\/wp-content\/uploads\/2025\/10\/171025_Jornadas-AINE-ENM-2025_Baja-37-1024x683.jpg 1024w, https:\/\/galicia.ingenierosnavales.com\/wp-content\/uploads\/2025\/10\/171025_Jornadas-AINE-ENM-2025_Baja-37-300x200.jpg 300w, https:\/\/galicia.ingenierosnavales.com\/wp-content\/uploads\/2025\/10\/171025_Jornadas-AINE-ENM-2025_Baja-37-768x512.jpg 768w, https:\/\/galicia.ingenierosnavales.com\/wp-content\/uploads\/2025\/10\/171025_Jornadas-AINE-ENM-2025_Baja-37-1536x1024.jpg 1536w, https:\/\/galicia.ingenierosnavales.com\/wp-content\/uploads\/2025\/10\/171025_Jornadas-AINE-ENM-2025_Baja-37.jpg 1900w\" sizes=\"auto, (max-width: 1024px) 100vw, 1024px\" \/><\/a>\n\t\t\t<\/dt><\/dl><dl class='gallery-item'>\n\t\t\t<dt class='gallery-icon landscape'>\n\t\t\t\t<a href='https:\/\/galicia.ingenierosnavales.com\/index.php\/2025\/10\/21\/vii-jornadas-tecnicas-aine-enm-2025\/171025_jornadas-aine-enm-2025_baja-38\/'><img loading=\"lazy\" decoding=\"async\" width=\"1024\" height=\"683\" src=\"https:\/\/galicia.ingenierosnavales.com\/wp-content\/uploads\/2025\/10\/171025_Jornadas-AINE-ENM-2025_Baja-38-1024x683.jpg\" class=\"attachment-large size-large no-lazy\" alt=\"\" srcset=\"https:\/\/galicia.ingenierosnavales.com\/wp-content\/uploads\/2025\/10\/171025_Jornadas-AINE-ENM-2025_Baja-38-1024x683.jpg 1024w, https:\/\/galicia.ingenierosnavales.com\/wp-content\/uploads\/2025\/10\/171025_Jornadas-AINE-ENM-2025_Baja-38-300x200.jpg 300w, https:\/\/galicia.ingenierosnavales.com\/wp-content\/uploads\/2025\/10\/171025_Jornadas-AINE-ENM-2025_Baja-38-768x512.jpg 768w, https:\/\/galicia.ingenierosnavales.com\/wp-content\/uploads\/2025\/10\/171025_Jornadas-AINE-ENM-2025_Baja-38-1536x1024.jpg 1536w, https:\/\/galicia.ingenierosnavales.com\/wp-content\/uploads\/2025\/10\/171025_Jornadas-AINE-ENM-2025_Baja-38.jpg 1900w\" sizes=\"auto, (max-width: 1024px) 100vw, 1024px\" \/><\/a>\n\t\t\t<\/dt><\/dl><dl class='gallery-item'>\n\t\t\t<dt class='gallery-icon landscape'>\n\t\t\t\t<a href='https:\/\/galicia.ingenierosnavales.com\/index.php\/2025\/10\/21\/vii-jornadas-tecnicas-aine-enm-2025\/171025_jornadas-aine-enm-2025_baja-39\/'><img loading=\"lazy\" decoding=\"async\" width=\"1024\" height=\"767\" src=\"https:\/\/galicia.ingenierosnavales.com\/wp-content\/uploads\/2025\/10\/171025_Jornadas-AINE-ENM-2025_Baja-39-1024x767.jpg\" class=\"attachment-large size-large no-lazy\" alt=\"\" srcset=\"https:\/\/galicia.ingenierosnavales.com\/wp-content\/uploads\/2025\/10\/171025_Jornadas-AINE-ENM-2025_Baja-39-1024x767.jpg 1024w, https:\/\/galicia.ingenierosnavales.com\/wp-content\/uploads\/2025\/10\/171025_Jornadas-AINE-ENM-2025_Baja-39-300x225.jpg 300w, https:\/\/galicia.ingenierosnavales.com\/wp-content\/uploads\/2025\/10\/171025_Jornadas-AINE-ENM-2025_Baja-39-768x576.jpg 768w, https:\/\/galicia.ingenierosnavales.com\/wp-content\/uploads\/2025\/10\/171025_Jornadas-AINE-ENM-2025_Baja-39-1536x1151.jpg 1536w, https:\/\/galicia.ingenierosnavales.com\/wp-content\/uploads\/2025\/10\/171025_Jornadas-AINE-ENM-2025_Baja-39.jpg 1900w\" sizes=\"auto, (max-width: 1024px) 100vw, 1024px\" \/><\/a>\n\t\t\t<\/dt><\/dl><br style=\"clear: both\" \/><dl class='gallery-item'>\n\t\t\t<dt class='gallery-icon landscape'>\n\t\t\t\t<a href='https:\/\/galicia.ingenierosnavales.com\/index.php\/2025\/10\/21\/vii-jornadas-tecnicas-aine-enm-2025\/181025_jornadas-aine-enm-2025_baja\/'><img loading=\"lazy\" decoding=\"async\" width=\"1024\" height=\"683\" src=\"https:\/\/galicia.ingenierosnavales.com\/wp-content\/uploads\/2025\/10\/181025_Jornadas-AINE-ENM-2025_Baja-1024x683.jpg\" class=\"attachment-large size-large no-lazy\" alt=\"\" srcset=\"https:\/\/galicia.ingenierosnavales.com\/wp-content\/uploads\/2025\/10\/181025_Jornadas-AINE-ENM-2025_Baja-1024x683.jpg 1024w, https:\/\/galicia.ingenierosnavales.com\/wp-content\/uploads\/2025\/10\/181025_Jornadas-AINE-ENM-2025_Baja-300x200.jpg 300w, https:\/\/galicia.ingenierosnavales.com\/wp-content\/uploads\/2025\/10\/181025_Jornadas-AINE-ENM-2025_Baja-768x512.jpg 768w, https:\/\/galicia.ingenierosnavales.com\/wp-content\/uploads\/2025\/10\/181025_Jornadas-AINE-ENM-2025_Baja-1536x1024.jpg 1536w, https:\/\/galicia.ingenierosnavales.com\/wp-content\/uploads\/2025\/10\/181025_Jornadas-AINE-ENM-2025_Baja.jpg 1900w\" sizes=\"auto, (max-width: 1024px) 100vw, 1024px\" \/><\/a>\n\t\t\t<\/dt><\/dl><dl class='gallery-item'>\n\t\t\t<dt class='gallery-icon landscape'>\n\t\t\t\t<a href='https:\/\/galicia.ingenierosnavales.com\/index.php\/2025\/10\/21\/vii-jornadas-tecnicas-aine-enm-2025\/181025_jornadas-aine-enm-2025_baja-2\/'><img loading=\"lazy\" decoding=\"async\" width=\"1024\" height=\"683\" src=\"https:\/\/galicia.ingenierosnavales.com\/wp-content\/uploads\/2025\/10\/181025_Jornadas-AINE-ENM-2025_Baja-2-1024x683.jpg\" class=\"attachment-large size-large no-lazy\" alt=\"\" srcset=\"https:\/\/galicia.ingenierosnavales.com\/wp-content\/uploads\/2025\/10\/181025_Jornadas-AINE-ENM-2025_Baja-2-1024x683.jpg 1024w, https:\/\/galicia.ingenierosnavales.com\/wp-content\/uploads\/2025\/10\/181025_Jornadas-AINE-ENM-2025_Baja-2-300x200.jpg 300w, https:\/\/galicia.ingenierosnavales.com\/wp-content\/uploads\/2025\/10\/181025_Jornadas-AINE-ENM-2025_Baja-2-768x512.jpg 768w, https:\/\/galicia.ingenierosnavales.com\/wp-content\/uploads\/2025\/10\/181025_Jornadas-AINE-ENM-2025_Baja-2-1536x1024.jpg 1536w, https:\/\/galicia.ingenierosnavales.com\/wp-content\/uploads\/2025\/10\/181025_Jornadas-AINE-ENM-2025_Baja-2.jpg 1900w\" sizes=\"auto, (max-width: 1024px) 100vw, 1024px\" \/><\/a>\n\t\t\t<\/dt><\/dl><dl class='gallery-item'>\n\t\t\t<dt class='gallery-icon landscape'>\n\t\t\t\t<a href='https:\/\/galicia.ingenierosnavales.com\/index.php\/2025\/10\/21\/vii-jornadas-tecnicas-aine-enm-2025\/181025_jornadas-aine-enm-2025_baja-3\/'><img loading=\"lazy\" decoding=\"async\" width=\"1024\" height=\"683\" src=\"https:\/\/galicia.ingenierosnavales.com\/wp-content\/uploads\/2025\/10\/181025_Jornadas-AINE-ENM-2025_Baja-3-1024x683.jpg\" class=\"attachment-large size-large no-lazy\" alt=\"\" srcset=\"https:\/\/galicia.ingenierosnavales.com\/wp-content\/uploads\/2025\/10\/181025_Jornadas-AINE-ENM-2025_Baja-3-1024x683.jpg 1024w, https:\/\/galicia.ingenierosnavales.com\/wp-content\/uploads\/2025\/10\/181025_Jornadas-AINE-ENM-2025_Baja-3-300x200.jpg 300w, https:\/\/galicia.ingenierosnavales.com\/wp-content\/uploads\/2025\/10\/181025_Jornadas-AINE-ENM-2025_Baja-3-768x512.jpg 768w, https:\/\/galicia.ingenierosnavales.com\/wp-content\/uploads\/2025\/10\/181025_Jornadas-AINE-ENM-2025_Baja-3-1536x1024.jpg 1536w, https:\/\/galicia.ingenierosnavales.com\/wp-content\/uploads\/2025\/10\/181025_Jornadas-AINE-ENM-2025_Baja-3.jpg 1900w\" sizes=\"auto, (max-width: 1024px) 100vw, 1024px\" \/><\/a>\n\t\t\t<\/dt><\/dl><br style=\"clear: both\" \/><dl class='gallery-item'>\n\t\t\t<dt class='gallery-icon landscape'>\n\t\t\t\t<a href='https:\/\/galicia.ingenierosnavales.com\/index.php\/2025\/10\/21\/vii-jornadas-tecnicas-aine-enm-2025\/181025_jornadas-aine-enm-2025_baja-4\/'><img loading=\"lazy\" decoding=\"async\" width=\"1024\" height=\"683\" src=\"https:\/\/galicia.ingenierosnavales.com\/wp-content\/uploads\/2025\/10\/181025_Jornadas-AINE-ENM-2025_Baja-4-1024x683.jpg\" class=\"attachment-large size-large no-lazy\" alt=\"\" srcset=\"https:\/\/galicia.ingenierosnavales.com\/wp-content\/uploads\/2025\/10\/181025_Jornadas-AINE-ENM-2025_Baja-4-1024x683.jpg 1024w, https:\/\/galicia.ingenierosnavales.com\/wp-content\/uploads\/2025\/10\/181025_Jornadas-AINE-ENM-2025_Baja-4-300x200.jpg 300w, https:\/\/galicia.ingenierosnavales.com\/wp-content\/uploads\/2025\/10\/181025_Jornadas-AINE-ENM-2025_Baja-4-768x512.jpg 768w, https:\/\/galicia.ingenierosnavales.com\/wp-content\/uploads\/2025\/10\/181025_Jornadas-AINE-ENM-2025_Baja-4-1536x1024.jpg 1536w, https:\/\/galicia.ingenierosnavales.com\/wp-content\/uploads\/2025\/10\/181025_Jornadas-AINE-ENM-2025_Baja-4.jpg 1900w\" sizes=\"auto, (max-width: 1024px) 100vw, 1024px\" \/><\/a>\n\t\t\t<\/dt><\/dl><dl class='gallery-item'>\n\t\t\t<dt class='gallery-icon landscape'>\n\t\t\t\t<a href='https:\/\/galicia.ingenierosnavales.com\/index.php\/2025\/10\/21\/vii-jornadas-tecnicas-aine-enm-2025\/181025_jornadas-aine-enm-2025_baja-5\/'><img loading=\"lazy\" decoding=\"async\" width=\"1024\" height=\"683\" src=\"https:\/\/galicia.ingenierosnavales.com\/wp-content\/uploads\/2025\/10\/181025_Jornadas-AINE-ENM-2025_Baja-5-1024x683.jpg\" class=\"attachment-large size-large no-lazy\" alt=\"\" srcset=\"https:\/\/galicia.ingenierosnavales.com\/wp-content\/uploads\/2025\/10\/181025_Jornadas-AINE-ENM-2025_Baja-5-1024x683.jpg 1024w, https:\/\/galicia.ingenierosnavales.com\/wp-content\/uploads\/2025\/10\/181025_Jornadas-AINE-ENM-2025_Baja-5-300x200.jpg 300w, https:\/\/galicia.ingenierosnavales.com\/wp-content\/uploads\/2025\/10\/181025_Jornadas-AINE-ENM-2025_Baja-5-768x512.jpg 768w, https:\/\/galicia.ingenierosnavales.com\/wp-content\/uploads\/2025\/10\/181025_Jornadas-AINE-ENM-2025_Baja-5-1536x1024.jpg 1536w, https:\/\/galicia.ingenierosnavales.com\/wp-content\/uploads\/2025\/10\/181025_Jornadas-AINE-ENM-2025_Baja-5.jpg 1900w\" sizes=\"auto, (max-width: 1024px) 100vw, 1024px\" \/><\/a>\n\t\t\t<\/dt><\/dl><dl class='gallery-item'>\n\t\t\t<dt class='gallery-icon landscape'>\n\t\t\t\t<a href='https:\/\/galicia.ingenierosnavales.com\/index.php\/2025\/10\/21\/vii-jornadas-tecnicas-aine-enm-2025\/181025_jornadas-aine-enm-2025_baja-6\/'><img loading=\"lazy\" decoding=\"async\" width=\"1024\" height=\"683\" src=\"https:\/\/galicia.ingenierosnavales.com\/wp-content\/uploads\/2025\/10\/181025_Jornadas-AINE-ENM-2025_Baja-6-1024x683.jpg\" class=\"attachment-large size-large no-lazy\" alt=\"\" srcset=\"https:\/\/galicia.ingenierosnavales.com\/wp-content\/uploads\/2025\/10\/181025_Jornadas-AINE-ENM-2025_Baja-6-1024x683.jpg 1024w, https:\/\/galicia.ingenierosnavales.com\/wp-content\/uploads\/2025\/10\/181025_Jornadas-AINE-ENM-2025_Baja-6-300x200.jpg 300w, https:\/\/galicia.ingenierosnavales.com\/wp-content\/uploads\/2025\/10\/181025_Jornadas-AINE-ENM-2025_Baja-6-768x512.jpg 768w, https:\/\/galicia.ingenierosnavales.com\/wp-content\/uploads\/2025\/10\/181025_Jornadas-AINE-ENM-2025_Baja-6-1536x1024.jpg 1536w, https:\/\/galicia.ingenierosnavales.com\/wp-content\/uploads\/2025\/10\/181025_Jornadas-AINE-ENM-2025_Baja-6.jpg 1900w\" sizes=\"auto, (max-width: 1024px) 100vw, 1024px\" \/><\/a>\n\t\t\t<\/dt><\/dl><br style=\"clear: both\" \/><dl class='gallery-item'>\n\t\t\t<dt class='gallery-icon landscape'>\n\t\t\t\t<a href='https:\/\/galicia.ingenierosnavales.com\/index.php\/2025\/10\/21\/vii-jornadas-tecnicas-aine-enm-2025\/181025_jornadas-aine-enm-2025_baja-7\/'><img loading=\"lazy\" decoding=\"async\" width=\"1024\" height=\"683\" src=\"https:\/\/galicia.ingenierosnavales.com\/wp-content\/uploads\/2025\/10\/181025_Jornadas-AINE-ENM-2025_Baja-7-1024x683.jpg\" class=\"attachment-large size-large no-lazy\" alt=\"\" srcset=\"https:\/\/galicia.ingenierosnavales.com\/wp-content\/uploads\/2025\/10\/181025_Jornadas-AINE-ENM-2025_Baja-7-1024x683.jpg 1024w, https:\/\/galicia.ingenierosnavales.com\/wp-content\/uploads\/2025\/10\/181025_Jornadas-AINE-ENM-2025_Baja-7-300x200.jpg 300w, https:\/\/galicia.ingenierosnavales.com\/wp-content\/uploads\/2025\/10\/181025_Jornadas-AINE-ENM-2025_Baja-7-768x512.jpg 768w, https:\/\/galicia.ingenierosnavales.com\/wp-content\/uploads\/2025\/10\/181025_Jornadas-AINE-ENM-2025_Baja-7-1536x1024.jpg 1536w, https:\/\/galicia.ingenierosnavales.com\/wp-content\/uploads\/2025\/10\/181025_Jornadas-AINE-ENM-2025_Baja-7.jpg 1900w\" sizes=\"auto, (max-width: 1024px) 100vw, 1024px\" \/><\/a>\n\t\t\t<\/dt><\/dl><dl class='gallery-item'>\n\t\t\t<dt class='gallery-icon landscape'>\n\t\t\t\t<a href='https:\/\/galicia.ingenierosnavales.com\/index.php\/2025\/10\/21\/vii-jornadas-tecnicas-aine-enm-2025\/181025_jornadas-aine-enm-2025_baja-8\/'><img loading=\"lazy\" decoding=\"async\" width=\"1024\" height=\"683\" src=\"https:\/\/galicia.ingenierosnavales.com\/wp-content\/uploads\/2025\/10\/181025_Jornadas-AINE-ENM-2025_Baja-8-1024x683.jpg\" class=\"attachment-large size-large no-lazy\" alt=\"\" srcset=\"https:\/\/galicia.ingenierosnavales.com\/wp-content\/uploads\/2025\/10\/181025_Jornadas-AINE-ENM-2025_Baja-8-1024x683.jpg 1024w, https:\/\/galicia.ingenierosnavales.com\/wp-content\/uploads\/2025\/10\/181025_Jornadas-AINE-ENM-2025_Baja-8-300x200.jpg 300w, https:\/\/galicia.ingenierosnavales.com\/wp-content\/uploads\/2025\/10\/181025_Jornadas-AINE-ENM-2025_Baja-8-768x512.jpg 768w, https:\/\/galicia.ingenierosnavales.com\/wp-content\/uploads\/2025\/10\/181025_Jornadas-AINE-ENM-2025_Baja-8-1536x1024.jpg 1536w, https:\/\/galicia.ingenierosnavales.com\/wp-content\/uploads\/2025\/10\/181025_Jornadas-AINE-ENM-2025_Baja-8.jpg 1900w\" sizes=\"auto, (max-width: 1024px) 100vw, 1024px\" \/><\/a>\n\t\t\t<\/dt><\/dl><dl class='gallery-item'>\n\t\t\t<dt class='gallery-icon landscape'>\n\t\t\t\t<a href='https:\/\/galicia.ingenierosnavales.com\/index.php\/2025\/10\/21\/vii-jornadas-tecnicas-aine-enm-2025\/181025_jornadas-aine-enm-2025_baja-9\/'><img loading=\"lazy\" decoding=\"async\" width=\"1024\" height=\"683\" src=\"https:\/\/galicia.ingenierosnavales.com\/wp-content\/uploads\/2025\/10\/181025_Jornadas-AINE-ENM-2025_Baja-9-1024x683.jpg\" class=\"attachment-large size-large no-lazy\" alt=\"\" srcset=\"https:\/\/galicia.ingenierosnavales.com\/wp-content\/uploads\/2025\/10\/181025_Jornadas-AINE-ENM-2025_Baja-9-1024x683.jpg 1024w, https:\/\/galicia.ingenierosnavales.com\/wp-content\/uploads\/2025\/10\/181025_Jornadas-AINE-ENM-2025_Baja-9-300x200.jpg 300w, https:\/\/galicia.ingenierosnavales.com\/wp-content\/uploads\/2025\/10\/181025_Jornadas-AINE-ENM-2025_Baja-9-768x512.jpg 768w, https:\/\/galicia.ingenierosnavales.com\/wp-content\/uploads\/2025\/10\/181025_Jornadas-AINE-ENM-2025_Baja-9-1536x1024.jpg 1536w, https:\/\/galicia.ingenierosnavales.com\/wp-content\/uploads\/2025\/10\/181025_Jornadas-AINE-ENM-2025_Baja-9.jpg 1900w\" sizes=\"auto, (max-width: 1024px) 100vw, 1024px\" \/><\/a>\n\t\t\t<\/dt><\/dl><br style=\"clear: both\" \/><dl class='gallery-item'>\n\t\t\t<dt class='gallery-icon landscape'>\n\t\t\t\t<a href='https:\/\/galicia.ingenierosnavales.com\/index.php\/2025\/10\/21\/vii-jornadas-tecnicas-aine-enm-2025\/181025_jornadas-aine-enm-2025_baja-10\/'><img loading=\"lazy\" decoding=\"async\" width=\"1024\" height=\"683\" src=\"https:\/\/galicia.ingenierosnavales.com\/wp-content\/uploads\/2025\/10\/181025_Jornadas-AINE-ENM-2025_Baja-10-1024x683.jpg\" class=\"attachment-large size-large no-lazy\" alt=\"\" srcset=\"https:\/\/galicia.ingenierosnavales.com\/wp-content\/uploads\/2025\/10\/181025_Jornadas-AINE-ENM-2025_Baja-10-1024x683.jpg 1024w, https:\/\/galicia.ingenierosnavales.com\/wp-content\/uploads\/2025\/10\/181025_Jornadas-AINE-ENM-2025_Baja-10-300x200.jpg 300w, https:\/\/galicia.ingenierosnavales.com\/wp-content\/uploads\/2025\/10\/181025_Jornadas-AINE-ENM-2025_Baja-10-768x512.jpg 768w, https:\/\/galicia.ingenierosnavales.com\/wp-content\/uploads\/2025\/10\/181025_Jornadas-AINE-ENM-2025_Baja-10-1536x1024.jpg 1536w, https:\/\/galicia.ingenierosnavales.com\/wp-content\/uploads\/2025\/10\/181025_Jornadas-AINE-ENM-2025_Baja-10.jpg 1900w\" sizes=\"auto, (max-width: 1024px) 100vw, 1024px\" \/><\/a>\n\t\t\t<\/dt><\/dl><dl class='gallery-item'>\n\t\t\t<dt class='gallery-icon landscape'>\n\t\t\t\t<a href='https:\/\/galicia.ingenierosnavales.com\/index.php\/2025\/10\/21\/vii-jornadas-tecnicas-aine-enm-2025\/181025_jornadas-aine-enm-2025_baja-11\/'><img loading=\"lazy\" decoding=\"async\" width=\"1024\" height=\"683\" src=\"https:\/\/galicia.ingenierosnavales.com\/wp-content\/uploads\/2025\/10\/181025_Jornadas-AINE-ENM-2025_Baja-11-1024x683.jpg\" class=\"attachment-large size-large no-lazy\" alt=\"\" srcset=\"https:\/\/galicia.ingenierosnavales.com\/wp-content\/uploads\/2025\/10\/181025_Jornadas-AINE-ENM-2025_Baja-11-1024x683.jpg 1024w, https:\/\/galicia.ingenierosnavales.com\/wp-content\/uploads\/2025\/10\/181025_Jornadas-AINE-ENM-2025_Baja-11-300x200.jpg 300w, https:\/\/galicia.ingenierosnavales.com\/wp-content\/uploads\/2025\/10\/181025_Jornadas-AINE-ENM-2025_Baja-11-768x512.jpg 768w, https:\/\/galicia.ingenierosnavales.com\/wp-content\/uploads\/2025\/10\/181025_Jornadas-AINE-ENM-2025_Baja-11-1536x1024.jpg 1536w, https:\/\/galicia.ingenierosnavales.com\/wp-content\/uploads\/2025\/10\/181025_Jornadas-AINE-ENM-2025_Baja-11.jpg 1900w\" sizes=\"auto, (max-width: 1024px) 100vw, 1024px\" \/><\/a>\n\t\t\t<\/dt><\/dl><dl class='gallery-item'>\n\t\t\t<dt class='gallery-icon landscape'>\n\t\t\t\t<a href='https:\/\/galicia.ingenierosnavales.com\/index.php\/2025\/10\/21\/vii-jornadas-tecnicas-aine-enm-2025\/181025_jornadas-aine-enm-2025_baja-12\/'><img loading=\"lazy\" decoding=\"async\" width=\"1024\" height=\"683\" src=\"https:\/\/galicia.ingenierosnavales.com\/wp-content\/uploads\/2025\/10\/181025_Jornadas-AINE-ENM-2025_Baja-12-1024x683.jpg\" class=\"attachment-large size-large no-lazy\" alt=\"\" srcset=\"https:\/\/galicia.ingenierosnavales.com\/wp-content\/uploads\/2025\/10\/181025_Jornadas-AINE-ENM-2025_Baja-12-1024x683.jpg 1024w, https:\/\/galicia.ingenierosnavales.com\/wp-content\/uploads\/2025\/10\/181025_Jornadas-AINE-ENM-2025_Baja-12-300x200.jpg 300w, https:\/\/galicia.ingenierosnavales.com\/wp-content\/uploads\/2025\/10\/181025_Jornadas-AINE-ENM-2025_Baja-12-768x512.jpg 768w, https:\/\/galicia.ingenierosnavales.com\/wp-content\/uploads\/2025\/10\/181025_Jornadas-AINE-ENM-2025_Baja-12-1536x1024.jpg 1536w, https:\/\/galicia.ingenierosnavales.com\/wp-content\/uploads\/2025\/10\/181025_Jornadas-AINE-ENM-2025_Baja-12.jpg 1900w\" sizes=\"auto, (max-width: 1024px) 100vw, 1024px\" \/><\/a>\n\t\t\t<\/dt><\/dl><br style=\"clear: both\" \/><dl class='gallery-item'>\n\t\t\t<dt class='gallery-icon landscape'>\n\t\t\t\t<a href='https:\/\/galicia.ingenierosnavales.com\/index.php\/2025\/10\/21\/vii-jornadas-tecnicas-aine-enm-2025\/181025_jornadas-aine-enm-2025_baja-13\/'><img loading=\"lazy\" decoding=\"async\" width=\"1024\" height=\"683\" src=\"https:\/\/galicia.ingenierosnavales.com\/wp-content\/uploads\/2025\/10\/181025_Jornadas-AINE-ENM-2025_Baja-13-1024x683.jpg\" class=\"attachment-large size-large no-lazy\" alt=\"\" srcset=\"https:\/\/galicia.ingenierosnavales.com\/wp-content\/uploads\/2025\/10\/181025_Jornadas-AINE-ENM-2025_Baja-13-1024x683.jpg 1024w, https:\/\/galicia.ingenierosnavales.com\/wp-content\/uploads\/2025\/10\/181025_Jornadas-AINE-ENM-2025_Baja-13-300x200.jpg 300w, https:\/\/galicia.ingenierosnavales.com\/wp-content\/uploads\/2025\/10\/181025_Jornadas-AINE-ENM-2025_Baja-13-768x512.jpg 768w, https:\/\/galicia.ingenierosnavales.com\/wp-content\/uploads\/2025\/10\/181025_Jornadas-AINE-ENM-2025_Baja-13-1536x1024.jpg 1536w, https:\/\/galicia.ingenierosnavales.com\/wp-content\/uploads\/2025\/10\/181025_Jornadas-AINE-ENM-2025_Baja-13.jpg 1900w\" sizes=\"auto, (max-width: 1024px) 100vw, 1024px\" \/><\/a>\n\t\t\t<\/dt><\/dl><dl class='gallery-item'>\n\t\t\t<dt class='gallery-icon landscape'>\n\t\t\t\t<a href='https:\/\/galicia.ingenierosnavales.com\/index.php\/2025\/10\/21\/vii-jornadas-tecnicas-aine-enm-2025\/181025_jornadas-aine-enm-2025_baja-14\/'><img loading=\"lazy\" decoding=\"async\" width=\"1024\" height=\"683\" src=\"https:\/\/galicia.ingenierosnavales.com\/wp-content\/uploads\/2025\/10\/181025_Jornadas-AINE-ENM-2025_Baja-14-1024x683.jpg\" class=\"attachment-large size-large no-lazy\" alt=\"\" srcset=\"https:\/\/galicia.ingenierosnavales.com\/wp-content\/uploads\/2025\/10\/181025_Jornadas-AINE-ENM-2025_Baja-14-1024x683.jpg 1024w, https:\/\/galicia.ingenierosnavales.com\/wp-content\/uploads\/2025\/10\/181025_Jornadas-AINE-ENM-2025_Baja-14-300x200.jpg 300w, https:\/\/galicia.ingenierosnavales.com\/wp-content\/uploads\/2025\/10\/181025_Jornadas-AINE-ENM-2025_Baja-14-768x512.jpg 768w, https:\/\/galicia.ingenierosnavales.com\/wp-content\/uploads\/2025\/10\/181025_Jornadas-AINE-ENM-2025_Baja-14-1536x1024.jpg 1536w, https:\/\/galicia.ingenierosnavales.com\/wp-content\/uploads\/2025\/10\/181025_Jornadas-AINE-ENM-2025_Baja-14.jpg 1900w\" sizes=\"auto, (max-width: 1024px) 100vw, 1024px\" \/><\/a>\n\t\t\t<\/dt><\/dl><dl class='gallery-item'>\n\t\t\t<dt class='gallery-icon landscape'>\n\t\t\t\t<a href='https:\/\/galicia.ingenierosnavales.com\/index.php\/2025\/10\/21\/vii-jornadas-tecnicas-aine-enm-2025\/181025_jornadas-aine-enm-2025_baja-15\/'><img loading=\"lazy\" decoding=\"async\" width=\"1024\" height=\"668\" src=\"https:\/\/galicia.ingenierosnavales.com\/wp-content\/uploads\/2025\/10\/181025_Jornadas-AINE-ENM-2025_Baja-15-1024x668.jpg\" class=\"attachment-large size-large no-lazy\" alt=\"\" srcset=\"https:\/\/galicia.ingenierosnavales.com\/wp-content\/uploads\/2025\/10\/181025_Jornadas-AINE-ENM-2025_Baja-15-1024x668.jpg 1024w, https:\/\/galicia.ingenierosnavales.com\/wp-content\/uploads\/2025\/10\/181025_Jornadas-AINE-ENM-2025_Baja-15-300x196.jpg 300w, https:\/\/galicia.ingenierosnavales.com\/wp-content\/uploads\/2025\/10\/181025_Jornadas-AINE-ENM-2025_Baja-15-768x501.jpg 768w, https:\/\/galicia.ingenierosnavales.com\/wp-content\/uploads\/2025\/10\/181025_Jornadas-AINE-ENM-2025_Baja-15-1536x1002.jpg 1536w, https:\/\/galicia.ingenierosnavales.com\/wp-content\/uploads\/2025\/10\/181025_Jornadas-AINE-ENM-2025_Baja-15.jpg 1900w\" sizes=\"auto, (max-width: 1024px) 100vw, 1024px\" \/><\/a>\n\t\t\t<\/dt><\/dl><br style=\"clear: both\" \/><dl class='gallery-item'>\n\t\t\t<dt class='gallery-icon landscape'>\n\t\t\t\t<a href='https:\/\/galicia.ingenierosnavales.com\/index.php\/2025\/10\/21\/vii-jornadas-tecnicas-aine-enm-2025\/181025_jornadas-aine-enm-2025_baja-16\/'><img loading=\"lazy\" decoding=\"async\" width=\"1024\" height=\"683\" src=\"https:\/\/galicia.ingenierosnavales.com\/wp-content\/uploads\/2025\/10\/181025_Jornadas-AINE-ENM-2025_Baja-16-1024x683.jpg\" class=\"attachment-large size-large no-lazy\" alt=\"\" srcset=\"https:\/\/galicia.ingenierosnavales.com\/wp-content\/uploads\/2025\/10\/181025_Jornadas-AINE-ENM-2025_Baja-16-1024x683.jpg 1024w, https:\/\/galicia.ingenierosnavales.com\/wp-content\/uploads\/2025\/10\/181025_Jornadas-AINE-ENM-2025_Baja-16-300x200.jpg 300w, https:\/\/galicia.ingenierosnavales.com\/wp-content\/uploads\/2025\/10\/181025_Jornadas-AINE-ENM-2025_Baja-16-768x512.jpg 768w, https:\/\/galicia.ingenierosnavales.com\/wp-content\/uploads\/2025\/10\/181025_Jornadas-AINE-ENM-2025_Baja-16-1536x1024.jpg 1536w, https:\/\/galicia.ingenierosnavales.com\/wp-content\/uploads\/2025\/10\/181025_Jornadas-AINE-ENM-2025_Baja-16.jpg 1900w\" sizes=\"auto, (max-width: 1024px) 100vw, 1024px\" \/><\/a>\n\t\t\t<\/dt><\/dl><dl class='gallery-item'>\n\t\t\t<dt class='gallery-icon landscape'>\n\t\t\t\t<a href='https:\/\/galicia.ingenierosnavales.com\/index.php\/2025\/10\/21\/vii-jornadas-tecnicas-aine-enm-2025\/181025_jornadas-aine-enm-2025_baja-17\/'><img loading=\"lazy\" decoding=\"async\" width=\"1024\" height=\"683\" src=\"https:\/\/galicia.ingenierosnavales.com\/wp-content\/uploads\/2025\/10\/181025_Jornadas-AINE-ENM-2025_Baja-17-1024x683.jpg\" class=\"attachment-large size-large no-lazy\" alt=\"\" srcset=\"https:\/\/galicia.ingenierosnavales.com\/wp-content\/uploads\/2025\/10\/181025_Jornadas-AINE-ENM-2025_Baja-17-1024x683.jpg 1024w, https:\/\/galicia.ingenierosnavales.com\/wp-content\/uploads\/2025\/10\/181025_Jornadas-AINE-ENM-2025_Baja-17-300x200.jpg 300w, https:\/\/galicia.ingenierosnavales.com\/wp-content\/uploads\/2025\/10\/181025_Jornadas-AINE-ENM-2025_Baja-17-768x512.jpg 768w, https:\/\/galicia.ingenierosnavales.com\/wp-content\/uploads\/2025\/10\/181025_Jornadas-AINE-ENM-2025_Baja-17-1536x1024.jpg 1536w, https:\/\/galicia.ingenierosnavales.com\/wp-content\/uploads\/2025\/10\/181025_Jornadas-AINE-ENM-2025_Baja-17.jpg 1900w\" sizes=\"auto, (max-width: 1024px) 100vw, 1024px\" \/><\/a>\n\t\t\t<\/dt><\/dl><dl class='gallery-item'>\n\t\t\t<dt class='gallery-icon landscape'>\n\t\t\t\t<a href='https:\/\/galicia.ingenierosnavales.com\/index.php\/2025\/10\/21\/vii-jornadas-tecnicas-aine-enm-2025\/181025_jornadas-aine-enm-2025_baja-18\/'><img loading=\"lazy\" decoding=\"async\" width=\"1024\" height=\"683\" src=\"https:\/\/galicia.ingenierosnavales.com\/wp-content\/uploads\/2025\/10\/181025_Jornadas-AINE-ENM-2025_Baja-18-1024x683.jpg\" class=\"attachment-large size-large no-lazy\" alt=\"\" srcset=\"https:\/\/galicia.ingenierosnavales.com\/wp-content\/uploads\/2025\/10\/181025_Jornadas-AINE-ENM-2025_Baja-18-1024x683.jpg 1024w, https:\/\/galicia.ingenierosnavales.com\/wp-content\/uploads\/2025\/10\/181025_Jornadas-AINE-ENM-2025_Baja-18-300x200.jpg 300w, https:\/\/galicia.ingenierosnavales.com\/wp-content\/uploads\/2025\/10\/181025_Jornadas-AINE-ENM-2025_Baja-18-768x512.jpg 768w, https:\/\/galicia.ingenierosnavales.com\/wp-content\/uploads\/2025\/10\/181025_Jornadas-AINE-ENM-2025_Baja-18-1536x1024.jpg 1536w, https:\/\/galicia.ingenierosnavales.com\/wp-content\/uploads\/2025\/10\/181025_Jornadas-AINE-ENM-2025_Baja-18.jpg 1900w\" sizes=\"auto, (max-width: 1024px) 100vw, 1024px\" \/><\/a>\n\t\t\t<\/dt><\/dl><br style=\"clear: both\" \/><dl class='gallery-item'>\n\t\t\t<dt class='gallery-icon landscape'>\n\t\t\t\t<a href='https:\/\/galicia.ingenierosnavales.com\/index.php\/2025\/10\/21\/vii-jornadas-tecnicas-aine-enm-2025\/181025_jornadas-aine-enm-2025_baja-19\/'><img loading=\"lazy\" decoding=\"async\" width=\"1024\" height=\"683\" src=\"https:\/\/galicia.ingenierosnavales.com\/wp-content\/uploads\/2025\/10\/181025_Jornadas-AINE-ENM-2025_Baja-19-1024x683.jpg\" class=\"attachment-large size-large no-lazy\" alt=\"\" srcset=\"https:\/\/galicia.ingenierosnavales.com\/wp-content\/uploads\/2025\/10\/181025_Jornadas-AINE-ENM-2025_Baja-19-1024x683.jpg 1024w, https:\/\/galicia.ingenierosnavales.com\/wp-content\/uploads\/2025\/10\/181025_Jornadas-AINE-ENM-2025_Baja-19-300x200.jpg 300w, https:\/\/galicia.ingenierosnavales.com\/wp-content\/uploads\/2025\/10\/181025_Jornadas-AINE-ENM-2025_Baja-19-768x512.jpg 768w, https:\/\/galicia.ingenierosnavales.com\/wp-content\/uploads\/2025\/10\/181025_Jornadas-AINE-ENM-2025_Baja-19-1536x1024.jpg 1536w, https:\/\/galicia.ingenierosnavales.com\/wp-content\/uploads\/2025\/10\/181025_Jornadas-AINE-ENM-2025_Baja-19.jpg 1900w\" sizes=\"auto, (max-width: 1024px) 100vw, 1024px\" \/><\/a>\n\t\t\t<\/dt><\/dl><dl class='gallery-item'>\n\t\t\t<dt class='gallery-icon landscape'>\n\t\t\t\t<a href='https:\/\/galicia.ingenierosnavales.com\/index.php\/2025\/10\/21\/vii-jornadas-tecnicas-aine-enm-2025\/181025_jornadas-aine-enm-2025_baja-20\/'><img loading=\"lazy\" decoding=\"async\" width=\"1024\" height=\"683\" src=\"https:\/\/galicia.ingenierosnavales.com\/wp-content\/uploads\/2025\/10\/181025_Jornadas-AINE-ENM-2025_Baja-20-1024x683.jpg\" class=\"attachment-large size-large no-lazy\" alt=\"\" srcset=\"https:\/\/galicia.ingenierosnavales.com\/wp-content\/uploads\/2025\/10\/181025_Jornadas-AINE-ENM-2025_Baja-20-1024x683.jpg 1024w, https:\/\/galicia.ingenierosnavales.com\/wp-content\/uploads\/2025\/10\/181025_Jornadas-AINE-ENM-2025_Baja-20-300x200.jpg 300w, https:\/\/galicia.ingenierosnavales.com\/wp-content\/uploads\/2025\/10\/181025_Jornadas-AINE-ENM-2025_Baja-20-768x512.jpg 768w, https:\/\/galicia.ingenierosnavales.com\/wp-content\/uploads\/2025\/10\/181025_Jornadas-AINE-ENM-2025_Baja-20-1536x1024.jpg 1536w, https:\/\/galicia.ingenierosnavales.com\/wp-content\/uploads\/2025\/10\/181025_Jornadas-AINE-ENM-2025_Baja-20.jpg 1900w\" sizes=\"auto, (max-width: 1024px) 100vw, 1024px\" \/><\/a>\n\t\t\t<\/dt><\/dl><dl class='gallery-item'>\n\t\t\t<dt class='gallery-icon landscape'>\n\t\t\t\t<a href='https:\/\/galicia.ingenierosnavales.com\/index.php\/2025\/10\/21\/vii-jornadas-tecnicas-aine-enm-2025\/181025_jornadas-aine-enm-2025_baja-21\/'><img loading=\"lazy\" decoding=\"async\" width=\"1024\" height=\"683\" src=\"https:\/\/galicia.ingenierosnavales.com\/wp-content\/uploads\/2025\/10\/181025_Jornadas-AINE-ENM-2025_Baja-21-1024x683.jpg\" class=\"attachment-large size-large no-lazy\" alt=\"\" srcset=\"https:\/\/galicia.ingenierosnavales.com\/wp-content\/uploads\/2025\/10\/181025_Jornadas-AINE-ENM-2025_Baja-21-1024x683.jpg 1024w, https:\/\/galicia.ingenierosnavales.com\/wp-content\/uploads\/2025\/10\/181025_Jornadas-AINE-ENM-2025_Baja-21-300x200.jpg 300w, https:\/\/galicia.ingenierosnavales.com\/wp-content\/uploads\/2025\/10\/181025_Jornadas-AINE-ENM-2025_Baja-21-768x512.jpg 768w, https:\/\/galicia.ingenierosnavales.com\/wp-content\/uploads\/2025\/10\/181025_Jornadas-AINE-ENM-2025_Baja-21-1536x1024.jpg 1536w, https:\/\/galicia.ingenierosnavales.com\/wp-content\/uploads\/2025\/10\/181025_Jornadas-AINE-ENM-2025_Baja-21.jpg 1900w\" sizes=\"auto, (max-width: 1024px) 100vw, 1024px\" \/><\/a>\n\t\t\t<\/dt><\/dl><br style=\"clear: both\" \/><dl class='gallery-item'>\n\t\t\t<dt class='gallery-icon landscape'>\n\t\t\t\t<a href='https:\/\/galicia.ingenierosnavales.com\/index.php\/2025\/10\/21\/vii-jornadas-tecnicas-aine-enm-2025\/181025_jornadas-aine-enm-2025_baja-22\/'><img loading=\"lazy\" decoding=\"async\" width=\"1024\" height=\"683\" src=\"https:\/\/galicia.ingenierosnavales.com\/wp-content\/uploads\/2025\/10\/181025_Jornadas-AINE-ENM-2025_Baja-22-1024x683.jpg\" class=\"attachment-large size-large no-lazy\" alt=\"\" srcset=\"https:\/\/galicia.ingenierosnavales.com\/wp-content\/uploads\/2025\/10\/181025_Jornadas-AINE-ENM-2025_Baja-22-1024x683.jpg 1024w, https:\/\/galicia.ingenierosnavales.com\/wp-content\/uploads\/2025\/10\/181025_Jornadas-AINE-ENM-2025_Baja-22-300x200.jpg 300w, https:\/\/galicia.ingenierosnavales.com\/wp-content\/uploads\/2025\/10\/181025_Jornadas-AINE-ENM-2025_Baja-22-768x512.jpg 768w, https:\/\/galicia.ingenierosnavales.com\/wp-content\/uploads\/2025\/10\/181025_Jornadas-AINE-ENM-2025_Baja-22-1536x1024.jpg 1536w, https:\/\/galicia.ingenierosnavales.com\/wp-content\/uploads\/2025\/10\/181025_Jornadas-AINE-ENM-2025_Baja-22.jpg 1900w\" sizes=\"auto, (max-width: 1024px) 100vw, 1024px\" \/><\/a>\n\t\t\t<\/dt><\/dl><dl class='gallery-item'>\n\t\t\t<dt class='gallery-icon landscape'>\n\t\t\t\t<a href='https:\/\/galicia.ingenierosnavales.com\/index.php\/2025\/10\/21\/vii-jornadas-tecnicas-aine-enm-2025\/181025_jornadas-aine-enm-2025_baja-23\/'><img loading=\"lazy\" decoding=\"async\" width=\"1024\" height=\"683\" src=\"https:\/\/galicia.ingenierosnavales.com\/wp-content\/uploads\/2025\/10\/181025_Jornadas-AINE-ENM-2025_Baja-23-1024x683.jpg\" class=\"attachment-large size-large no-lazy\" alt=\"\" srcset=\"https:\/\/galicia.ingenierosnavales.com\/wp-content\/uploads\/2025\/10\/181025_Jornadas-AINE-ENM-2025_Baja-23-1024x683.jpg 1024w, https:\/\/galicia.ingenierosnavales.com\/wp-content\/uploads\/2025\/10\/181025_Jornadas-AINE-ENM-2025_Baja-23-300x200.jpg 300w, https:\/\/galicia.ingenierosnavales.com\/wp-content\/uploads\/2025\/10\/181025_Jornadas-AINE-ENM-2025_Baja-23-768x512.jpg 768w, https:\/\/galicia.ingenierosnavales.com\/wp-content\/uploads\/2025\/10\/181025_Jornadas-AINE-ENM-2025_Baja-23-1536x1024.jpg 1536w, https:\/\/galicia.ingenierosnavales.com\/wp-content\/uploads\/2025\/10\/181025_Jornadas-AINE-ENM-2025_Baja-23.jpg 1900w\" sizes=\"auto, (max-width: 1024px) 100vw, 1024px\" \/><\/a>\n\t\t\t<\/dt><\/dl><dl class='gallery-item'>\n\t\t\t<dt class='gallery-icon landscape'>\n\t\t\t\t<a href='https:\/\/galicia.ingenierosnavales.com\/index.php\/2025\/10\/21\/vii-jornadas-tecnicas-aine-enm-2025\/181025_jornadas-aine-enm-2025_baja-24\/'><img loading=\"lazy\" decoding=\"async\" width=\"1024\" height=\"683\" src=\"https:\/\/galicia.ingenierosnavales.com\/wp-content\/uploads\/2025\/10\/181025_Jornadas-AINE-ENM-2025_Baja-24-1024x683.jpg\" class=\"attachment-large size-large no-lazy\" alt=\"\" srcset=\"https:\/\/galicia.ingenierosnavales.com\/wp-content\/uploads\/2025\/10\/181025_Jornadas-AINE-ENM-2025_Baja-24-1024x683.jpg 1024w, https:\/\/galicia.ingenierosnavales.com\/wp-content\/uploads\/2025\/10\/181025_Jornadas-AINE-ENM-2025_Baja-24-300x200.jpg 300w, https:\/\/galicia.ingenierosnavales.com\/wp-content\/uploads\/2025\/10\/181025_Jornadas-AINE-ENM-2025_Baja-24-768x512.jpg 768w, https:\/\/galicia.ingenierosnavales.com\/wp-content\/uploads\/2025\/10\/181025_Jornadas-AINE-ENM-2025_Baja-24-1536x1024.jpg 1536w, https:\/\/galicia.ingenierosnavales.com\/wp-content\/uploads\/2025\/10\/181025_Jornadas-AINE-ENM-2025_Baja-24.jpg 1900w\" sizes=\"auto, (max-width: 1024px) 100vw, 1024px\" \/><\/a>\n\t\t\t<\/dt><\/dl><br style=\"clear: both\" \/><dl class='gallery-item'>\n\t\t\t<dt class='gallery-icon landscape'>\n\t\t\t\t<a href='https:\/\/galicia.ingenierosnavales.com\/index.php\/2025\/10\/21\/vii-jornadas-tecnicas-aine-enm-2025\/181025_jornadas-aine-enm-2025_baja-25\/'><img loading=\"lazy\" decoding=\"async\" width=\"1024\" height=\"683\" src=\"https:\/\/galicia.ingenierosnavales.com\/wp-content\/uploads\/2025\/10\/181025_Jornadas-AINE-ENM-2025_Baja-25-1024x683.jpg\" class=\"attachment-large size-large no-lazy\" alt=\"\" srcset=\"https:\/\/galicia.ingenierosnavales.com\/wp-content\/uploads\/2025\/10\/181025_Jornadas-AINE-ENM-2025_Baja-25-1024x683.jpg 1024w, https:\/\/galicia.ingenierosnavales.com\/wp-content\/uploads\/2025\/10\/181025_Jornadas-AINE-ENM-2025_Baja-25-300x200.jpg 300w, https:\/\/galicia.ingenierosnavales.com\/wp-content\/uploads\/2025\/10\/181025_Jornadas-AINE-ENM-2025_Baja-25-768x512.jpg 768w, https:\/\/galicia.ingenierosnavales.com\/wp-content\/uploads\/2025\/10\/181025_Jornadas-AINE-ENM-2025_Baja-25-1536x1024.jpg 1536w, https:\/\/galicia.ingenierosnavales.com\/wp-content\/uploads\/2025\/10\/181025_Jornadas-AINE-ENM-2025_Baja-25.jpg 1900w\" sizes=\"auto, (max-width: 1024px) 100vw, 1024px\" \/><\/a>\n\t\t\t<\/dt><\/dl><dl class='gallery-item'>\n\t\t\t<dt class='gallery-icon landscape'>\n\t\t\t\t<a href='https:\/\/galicia.ingenierosnavales.com\/index.php\/2025\/10\/21\/vii-jornadas-tecnicas-aine-enm-2025\/181025_jornadas-aine-enm-2025_baja-26\/'><img loading=\"lazy\" decoding=\"async\" width=\"1024\" height=\"683\" src=\"https:\/\/galicia.ingenierosnavales.com\/wp-content\/uploads\/2025\/10\/181025_Jornadas-AINE-ENM-2025_Baja-26-1024x683.jpg\" class=\"attachment-large size-large no-lazy\" alt=\"\" srcset=\"https:\/\/galicia.ingenierosnavales.com\/wp-content\/uploads\/2025\/10\/181025_Jornadas-AINE-ENM-2025_Baja-26-1024x683.jpg 1024w, https:\/\/galicia.ingenierosnavales.com\/wp-content\/uploads\/2025\/10\/181025_Jornadas-AINE-ENM-2025_Baja-26-300x200.jpg 300w, https:\/\/galicia.ingenierosnavales.com\/wp-content\/uploads\/2025\/10\/181025_Jornadas-AINE-ENM-2025_Baja-26-768x512.jpg 768w, https:\/\/galicia.ingenierosnavales.com\/wp-content\/uploads\/2025\/10\/181025_Jornadas-AINE-ENM-2025_Baja-26-1536x1024.jpg 1536w, https:\/\/galicia.ingenierosnavales.com\/wp-content\/uploads\/2025\/10\/181025_Jornadas-AINE-ENM-2025_Baja-26.jpg 1900w\" sizes=\"auto, (max-width: 1024px) 100vw, 1024px\" \/><\/a>\n\t\t\t<\/dt><\/dl><dl class='gallery-item'>\n\t\t\t<dt class='gallery-icon landscape'>\n\t\t\t\t<a href='https:\/\/galicia.ingenierosnavales.com\/index.php\/2025\/10\/21\/vii-jornadas-tecnicas-aine-enm-2025\/181025_jornadas-aine-enm-2025_baja-27\/'><img loading=\"lazy\" decoding=\"async\" width=\"1024\" height=\"683\" src=\"https:\/\/galicia.ingenierosnavales.com\/wp-content\/uploads\/2025\/10\/181025_Jornadas-AINE-ENM-2025_Baja-27-1024x683.jpg\" class=\"attachment-large size-large no-lazy\" alt=\"\" srcset=\"https:\/\/galicia.ingenierosnavales.com\/wp-content\/uploads\/2025\/10\/181025_Jornadas-AINE-ENM-2025_Baja-27-1024x683.jpg 1024w, https:\/\/galicia.ingenierosnavales.com\/wp-content\/uploads\/2025\/10\/181025_Jornadas-AINE-ENM-2025_Baja-27-300x200.jpg 300w, https:\/\/galicia.ingenierosnavales.com\/wp-content\/uploads\/2025\/10\/181025_Jornadas-AINE-ENM-2025_Baja-27-768x512.jpg 768w, https:\/\/galicia.ingenierosnavales.com\/wp-content\/uploads\/2025\/10\/181025_Jornadas-AINE-ENM-2025_Baja-27-1536x1024.jpg 1536w, https:\/\/galicia.ingenierosnavales.com\/wp-content\/uploads\/2025\/10\/181025_Jornadas-AINE-ENM-2025_Baja-27.jpg 1900w\" sizes=\"auto, (max-width: 1024px) 100vw, 1024px\" \/><\/a>\n\t\t\t<\/dt><\/dl><br style=\"clear: both\" \/><dl class='gallery-item'>\n\t\t\t<dt class='gallery-icon landscape'>\n\t\t\t\t<a href='https:\/\/galicia.ingenierosnavales.com\/index.php\/2025\/10\/21\/vii-jornadas-tecnicas-aine-enm-2025\/181025_jornadas-aine-enm-2025_baja-28\/'><img loading=\"lazy\" decoding=\"async\" width=\"1024\" height=\"683\" src=\"https:\/\/galicia.ingenierosnavales.com\/wp-content\/uploads\/2025\/10\/181025_Jornadas-AINE-ENM-2025_Baja-28-1024x683.jpg\" class=\"attachment-large size-large no-lazy\" alt=\"\" srcset=\"https:\/\/galicia.ingenierosnavales.com\/wp-content\/uploads\/2025\/10\/181025_Jornadas-AINE-ENM-2025_Baja-28-1024x683.jpg 1024w, https:\/\/galicia.ingenierosnavales.com\/wp-content\/uploads\/2025\/10\/181025_Jornadas-AINE-ENM-2025_Baja-28-300x200.jpg 300w, https:\/\/galicia.ingenierosnavales.com\/wp-content\/uploads\/2025\/10\/181025_Jornadas-AINE-ENM-2025_Baja-28-768x512.jpg 768w, https:\/\/galicia.ingenierosnavales.com\/wp-content\/uploads\/2025\/10\/181025_Jornadas-AINE-ENM-2025_Baja-28-1536x1024.jpg 1536w, https:\/\/galicia.ingenierosnavales.com\/wp-content\/uploads\/2025\/10\/181025_Jornadas-AINE-ENM-2025_Baja-28.jpg 1900w\" sizes=\"auto, (max-width: 1024px) 100vw, 1024px\" \/><\/a>\n\t\t\t<\/dt><\/dl><dl class='gallery-item'>\n\t\t\t<dt class='gallery-icon landscape'>\n\t\t\t\t<a href='https:\/\/galicia.ingenierosnavales.com\/index.php\/2025\/10\/21\/vii-jornadas-tecnicas-aine-enm-2025\/181025_jornadas-aine-enm-2025_baja-29\/'><img loading=\"lazy\" decoding=\"async\" width=\"1024\" height=\"674\" src=\"https:\/\/galicia.ingenierosnavales.com\/wp-content\/uploads\/2025\/10\/181025_Jornadas-AINE-ENM-2025_Baja-29-1024x674.jpg\" class=\"attachment-large size-large no-lazy\" alt=\"\" srcset=\"https:\/\/galicia.ingenierosnavales.com\/wp-content\/uploads\/2025\/10\/181025_Jornadas-AINE-ENM-2025_Baja-29-1024x674.jpg 1024w, https:\/\/galicia.ingenierosnavales.com\/wp-content\/uploads\/2025\/10\/181025_Jornadas-AINE-ENM-2025_Baja-29-300x198.jpg 300w, https:\/\/galicia.ingenierosnavales.com\/wp-content\/uploads\/2025\/10\/181025_Jornadas-AINE-ENM-2025_Baja-29-768x506.jpg 768w, https:\/\/galicia.ingenierosnavales.com\/wp-content\/uploads\/2025\/10\/181025_Jornadas-AINE-ENM-2025_Baja-29-1536x1011.jpg 1536w, https:\/\/galicia.ingenierosnavales.com\/wp-content\/uploads\/2025\/10\/181025_Jornadas-AINE-ENM-2025_Baja-29.jpg 1900w\" sizes=\"auto, (max-width: 1024px) 100vw, 1024px\" \/><\/a>\n\t\t\t<\/dt><\/dl><dl class='gallery-item'>\n\t\t\t<dt class='gallery-icon landscape'>\n\t\t\t\t<a href='https:\/\/galicia.ingenierosnavales.com\/index.php\/2025\/10\/21\/vii-jornadas-tecnicas-aine-enm-2025\/181025_jornadas-aine-enm-2025_baja-30\/'><img loading=\"lazy\" decoding=\"async\" width=\"1024\" height=\"683\" src=\"https:\/\/galicia.ingenierosnavales.com\/wp-content\/uploads\/2025\/10\/181025_Jornadas-AINE-ENM-2025_Baja-30-1024x683.jpg\" class=\"attachment-large size-large no-lazy\" alt=\"\" srcset=\"https:\/\/galicia.ingenierosnavales.com\/wp-content\/uploads\/2025\/10\/181025_Jornadas-AINE-ENM-2025_Baja-30-1024x683.jpg 1024w, https:\/\/galicia.ingenierosnavales.com\/wp-content\/uploads\/2025\/10\/181025_Jornadas-AINE-ENM-2025_Baja-30-300x200.jpg 300w, https:\/\/galicia.ingenierosnavales.com\/wp-content\/uploads\/2025\/10\/181025_Jornadas-AINE-ENM-2025_Baja-30-768x512.jpg 768w, https:\/\/galicia.ingenierosnavales.com\/wp-content\/uploads\/2025\/10\/181025_Jornadas-AINE-ENM-2025_Baja-30-1536x1024.jpg 1536w, https:\/\/galicia.ingenierosnavales.com\/wp-content\/uploads\/2025\/10\/181025_Jornadas-AINE-ENM-2025_Baja-30.jpg 1900w\" sizes=\"auto, (max-width: 1024px) 100vw, 1024px\" \/><\/a>\n\t\t\t<\/dt><\/dl><br style=\"clear: both\" \/><dl class='gallery-item'>\n\t\t\t<dt class='gallery-icon landscape'>\n\t\t\t\t<a href='https:\/\/galicia.ingenierosnavales.com\/index.php\/2025\/10\/21\/vii-jornadas-tecnicas-aine-enm-2025\/181025_jornadas-aine-enm-2025_baja-31\/'><img loading=\"lazy\" decoding=\"async\" width=\"1024\" height=\"683\" src=\"https:\/\/galicia.ingenierosnavales.com\/wp-content\/uploads\/2025\/10\/181025_Jornadas-AINE-ENM-2025_Baja-31-1024x683.jpg\" class=\"attachment-large size-large no-lazy\" alt=\"\" srcset=\"https:\/\/galicia.ingenierosnavales.com\/wp-content\/uploads\/2025\/10\/181025_Jornadas-AINE-ENM-2025_Baja-31-1024x683.jpg 1024w, https:\/\/galicia.ingenierosnavales.com\/wp-content\/uploads\/2025\/10\/181025_Jornadas-AINE-ENM-2025_Baja-31-300x200.jpg 300w, https:\/\/galicia.ingenierosnavales.com\/wp-content\/uploads\/2025\/10\/181025_Jornadas-AINE-ENM-2025_Baja-31-768x512.jpg 768w, https:\/\/galicia.ingenierosnavales.com\/wp-content\/uploads\/2025\/10\/181025_Jornadas-AINE-ENM-2025_Baja-31-1536x1024.jpg 1536w, https:\/\/galicia.ingenierosnavales.com\/wp-content\/uploads\/2025\/10\/181025_Jornadas-AINE-ENM-2025_Baja-31.jpg 1900w\" sizes=\"auto, (max-width: 1024px) 100vw, 1024px\" \/><\/a>\n\t\t\t<\/dt><\/dl><dl class='gallery-item'>\n\t\t\t<dt class='gallery-icon landscape'>\n\t\t\t\t<a href='https:\/\/galicia.ingenierosnavales.com\/index.php\/2025\/10\/21\/vii-jornadas-tecnicas-aine-enm-2025\/181025_jornadas-aine-enm-2025_baja-32\/'><img loading=\"lazy\" decoding=\"async\" width=\"1024\" height=\"683\" src=\"https:\/\/galicia.ingenierosnavales.com\/wp-content\/uploads\/2025\/10\/181025_Jornadas-AINE-ENM-2025_Baja-32-1024x683.jpg\" class=\"attachment-large size-large no-lazy\" alt=\"\" srcset=\"https:\/\/galicia.ingenierosnavales.com\/wp-content\/uploads\/2025\/10\/181025_Jornadas-AINE-ENM-2025_Baja-32-1024x683.jpg 1024w, https:\/\/galicia.ingenierosnavales.com\/wp-content\/uploads\/2025\/10\/181025_Jornadas-AINE-ENM-2025_Baja-32-300x200.jpg 300w, https:\/\/galicia.ingenierosnavales.com\/wp-content\/uploads\/2025\/10\/181025_Jornadas-AINE-ENM-2025_Baja-32-768x512.jpg 768w, https:\/\/galicia.ingenierosnavales.com\/wp-content\/uploads\/2025\/10\/181025_Jornadas-AINE-ENM-2025_Baja-32-1536x1024.jpg 1536w, https:\/\/galicia.ingenierosnavales.com\/wp-content\/uploads\/2025\/10\/181025_Jornadas-AINE-ENM-2025_Baja-32.jpg 1900w\" sizes=\"auto, (max-width: 1024px) 100vw, 1024px\" \/><\/a>\n\t\t\t<\/dt><\/dl><dl class='gallery-item'>\n\t\t\t<dt class='gallery-icon landscape'>\n\t\t\t\t<a href='https:\/\/galicia.ingenierosnavales.com\/index.php\/2025\/10\/21\/vii-jornadas-tecnicas-aine-enm-2025\/181025_jornadas-aine-enm-2025_baja-33\/'><img loading=\"lazy\" decoding=\"async\" width=\"1024\" height=\"683\" src=\"https:\/\/galicia.ingenierosnavales.com\/wp-content\/uploads\/2025\/10\/181025_Jornadas-AINE-ENM-2025_Baja-33-1024x683.jpg\" class=\"attachment-large size-large no-lazy\" alt=\"\" srcset=\"https:\/\/galicia.ingenierosnavales.com\/wp-content\/uploads\/2025\/10\/181025_Jornadas-AINE-ENM-2025_Baja-33-1024x683.jpg 1024w, https:\/\/galicia.ingenierosnavales.com\/wp-content\/uploads\/2025\/10\/181025_Jornadas-AINE-ENM-2025_Baja-33-300x200.jpg 300w, https:\/\/galicia.ingenierosnavales.com\/wp-content\/uploads\/2025\/10\/181025_Jornadas-AINE-ENM-2025_Baja-33-768x512.jpg 768w, https:\/\/galicia.ingenierosnavales.com\/wp-content\/uploads\/2025\/10\/181025_Jornadas-AINE-ENM-2025_Baja-33-1536x1024.jpg 1536w, https:\/\/galicia.ingenierosnavales.com\/wp-content\/uploads\/2025\/10\/181025_Jornadas-AINE-ENM-2025_Baja-33.jpg 1900w\" sizes=\"auto, (max-width: 1024px) 100vw, 1024px\" \/><\/a>\n\t\t\t<\/dt><\/dl><br style=\"clear: both\" \/><dl class='gallery-item'>\n\t\t\t<dt class='gallery-icon landscape'>\n\t\t\t\t<a href='https:\/\/galicia.ingenierosnavales.com\/index.php\/2025\/10\/21\/vii-jornadas-tecnicas-aine-enm-2025\/181025_jornadas-aine-enm-2025_baja-34\/'><img loading=\"lazy\" decoding=\"async\" width=\"1024\" height=\"683\" src=\"https:\/\/galicia.ingenierosnavales.com\/wp-content\/uploads\/2025\/10\/181025_Jornadas-AINE-ENM-2025_Baja-34-1024x683.jpg\" class=\"attachment-large size-large no-lazy\" alt=\"\" srcset=\"https:\/\/galicia.ingenierosnavales.com\/wp-content\/uploads\/2025\/10\/181025_Jornadas-AINE-ENM-2025_Baja-34-1024x683.jpg 1024w, https:\/\/galicia.ingenierosnavales.com\/wp-content\/uploads\/2025\/10\/181025_Jornadas-AINE-ENM-2025_Baja-34-300x200.jpg 300w, https:\/\/galicia.ingenierosnavales.com\/wp-content\/uploads\/2025\/10\/181025_Jornadas-AINE-ENM-2025_Baja-34-768x512.jpg 768w, https:\/\/galicia.ingenierosnavales.com\/wp-content\/uploads\/2025\/10\/181025_Jornadas-AINE-ENM-2025_Baja-34-1536x1024.jpg 1536w, https:\/\/galicia.ingenierosnavales.com\/wp-content\/uploads\/2025\/10\/181025_Jornadas-AINE-ENM-2025_Baja-34.jpg 1900w\" sizes=\"auto, (max-width: 1024px) 100vw, 1024px\" \/><\/a>\n\t\t\t<\/dt><\/dl><dl class='gallery-item'>\n\t\t\t<dt class='gallery-icon landscape'>\n\t\t\t\t<a href='https:\/\/galicia.ingenierosnavales.com\/index.php\/2025\/10\/21\/vii-jornadas-tecnicas-aine-enm-2025\/181025_jornadas-aine-enm-2025_baja-35\/'><img loading=\"lazy\" decoding=\"async\" width=\"1024\" height=\"683\" src=\"https:\/\/galicia.ingenierosnavales.com\/wp-content\/uploads\/2025\/10\/181025_Jornadas-AINE-ENM-2025_Baja-35-1024x683.jpg\" class=\"attachment-large size-large no-lazy\" alt=\"\" srcset=\"https:\/\/galicia.ingenierosnavales.com\/wp-content\/uploads\/2025\/10\/181025_Jornadas-AINE-ENM-2025_Baja-35-1024x683.jpg 1024w, https:\/\/galicia.ingenierosnavales.com\/wp-content\/uploads\/2025\/10\/181025_Jornadas-AINE-ENM-2025_Baja-35-300x200.jpg 300w, https:\/\/galicia.ingenierosnavales.com\/wp-content\/uploads\/2025\/10\/181025_Jornadas-AINE-ENM-2025_Baja-35-768x512.jpg 768w, https:\/\/galicia.ingenierosnavales.com\/wp-content\/uploads\/2025\/10\/181025_Jornadas-AINE-ENM-2025_Baja-35-1536x1024.jpg 1536w, https:\/\/galicia.ingenierosnavales.com\/wp-content\/uploads\/2025\/10\/181025_Jornadas-AINE-ENM-2025_Baja-35.jpg 1900w\" sizes=\"auto, (max-width: 1024px) 100vw, 1024px\" \/><\/a>\n\t\t\t<\/dt><\/dl><dl class='gallery-item'>\n\t\t\t<dt class='gallery-icon landscape'>\n\t\t\t\t<a href='https:\/\/galicia.ingenierosnavales.com\/index.php\/2025\/10\/21\/vii-jornadas-tecnicas-aine-enm-2025\/181025_jornadas-aine-enm-2025_baja-36\/'><img loading=\"lazy\" decoding=\"async\" width=\"1024\" height=\"683\" src=\"https:\/\/galicia.ingenierosnavales.com\/wp-content\/uploads\/2025\/10\/181025_Jornadas-AINE-ENM-2025_Baja-36-1024x683.jpg\" class=\"attachment-large size-large no-lazy\" alt=\"\" srcset=\"https:\/\/galicia.ingenierosnavales.com\/wp-content\/uploads\/2025\/10\/181025_Jornadas-AINE-ENM-2025_Baja-36-1024x683.jpg 1024w, https:\/\/galicia.ingenierosnavales.com\/wp-content\/uploads\/2025\/10\/181025_Jornadas-AINE-ENM-2025_Baja-36-300x200.jpg 300w, https:\/\/galicia.ingenierosnavales.com\/wp-content\/uploads\/2025\/10\/181025_Jornadas-AINE-ENM-2025_Baja-36-768x512.jpg 768w, https:\/\/galicia.ingenierosnavales.com\/wp-content\/uploads\/2025\/10\/181025_Jornadas-AINE-ENM-2025_Baja-36-1536x1024.jpg 1536w, https:\/\/galicia.ingenierosnavales.com\/wp-content\/uploads\/2025\/10\/181025_Jornadas-AINE-ENM-2025_Baja-36.jpg 1900w\" sizes=\"auto, (max-width: 1024px) 100vw, 1024px\" \/><\/a>\n\t\t\t<\/dt><\/dl><br style=\"clear: both\" \/><dl class='gallery-item'>\n\t\t\t<dt class='gallery-icon landscape'>\n\t\t\t\t<a href='https:\/\/galicia.ingenierosnavales.com\/index.php\/2025\/10\/21\/vii-jornadas-tecnicas-aine-enm-2025\/181025_jornadas-aine-enm-2025_baja-37\/'><img loading=\"lazy\" decoding=\"async\" width=\"1024\" height=\"683\" src=\"https:\/\/galicia.ingenierosnavales.com\/wp-content\/uploads\/2025\/10\/181025_Jornadas-AINE-ENM-2025_Baja-37-1024x683.jpg\" class=\"attachment-large size-large no-lazy\" alt=\"\" srcset=\"https:\/\/galicia.ingenierosnavales.com\/wp-content\/uploads\/2025\/10\/181025_Jornadas-AINE-ENM-2025_Baja-37-1024x683.jpg 1024w, https:\/\/galicia.ingenierosnavales.com\/wp-content\/uploads\/2025\/10\/181025_Jornadas-AINE-ENM-2025_Baja-37-300x200.jpg 300w, https:\/\/galicia.ingenierosnavales.com\/wp-content\/uploads\/2025\/10\/181025_Jornadas-AINE-ENM-2025_Baja-37-768x512.jpg 768w, https:\/\/galicia.ingenierosnavales.com\/wp-content\/uploads\/2025\/10\/181025_Jornadas-AINE-ENM-2025_Baja-37-1536x1024.jpg 1536w, https:\/\/galicia.ingenierosnavales.com\/wp-content\/uploads\/2025\/10\/181025_Jornadas-AINE-ENM-2025_Baja-37.jpg 1900w\" sizes=\"auto, (max-width: 1024px) 100vw, 1024px\" \/><\/a>\n\t\t\t<\/dt><\/dl><dl class='gallery-item'>\n\t\t\t<dt class='gallery-icon landscape'>\n\t\t\t\t<a href='https:\/\/galicia.ingenierosnavales.com\/index.php\/2025\/10\/21\/vii-jornadas-tecnicas-aine-enm-2025\/181025_jornadas-aine-enm-2025_baja-38\/'><img loading=\"lazy\" decoding=\"async\" width=\"1024\" height=\"683\" src=\"https:\/\/galicia.ingenierosnavales.com\/wp-content\/uploads\/2025\/10\/181025_Jornadas-AINE-ENM-2025_Baja-38-1024x683.jpg\" class=\"attachment-large size-large no-lazy\" alt=\"\" srcset=\"https:\/\/galicia.ingenierosnavales.com\/wp-content\/uploads\/2025\/10\/181025_Jornadas-AINE-ENM-2025_Baja-38-1024x683.jpg 1024w, https:\/\/galicia.ingenierosnavales.com\/wp-content\/uploads\/2025\/10\/181025_Jornadas-AINE-ENM-2025_Baja-38-300x200.jpg 300w, https:\/\/galicia.ingenierosnavales.com\/wp-content\/uploads\/2025\/10\/181025_Jornadas-AINE-ENM-2025_Baja-38-768x512.jpg 768w, https:\/\/galicia.ingenierosnavales.com\/wp-content\/uploads\/2025\/10\/181025_Jornadas-AINE-ENM-2025_Baja-38-1536x1024.jpg 1536w, https:\/\/galicia.ingenierosnavales.com\/wp-content\/uploads\/2025\/10\/181025_Jornadas-AINE-ENM-2025_Baja-38.jpg 1900w\" sizes=\"auto, (max-width: 1024px) 100vw, 1024px\" \/><\/a>\n\t\t\t<\/dt><\/dl><dl class='gallery-item'>\n\t\t\t<dt class='gallery-icon landscape'>\n\t\t\t\t<a href='https:\/\/galicia.ingenierosnavales.com\/index.php\/2025\/10\/21\/vii-jornadas-tecnicas-aine-enm-2025\/181025_jornadas-aine-enm-2025_baja-39\/'><img loading=\"lazy\" decoding=\"async\" width=\"1024\" height=\"683\" src=\"https:\/\/galicia.ingenierosnavales.com\/wp-content\/uploads\/2025\/10\/181025_Jornadas-AINE-ENM-2025_Baja-39-1024x683.jpg\" class=\"attachment-large size-large no-lazy\" alt=\"\" srcset=\"https:\/\/galicia.ingenierosnavales.com\/wp-content\/uploads\/2025\/10\/181025_Jornadas-AINE-ENM-2025_Baja-39-1024x683.jpg 1024w, https:\/\/galicia.ingenierosnavales.com\/wp-content\/uploads\/2025\/10\/181025_Jornadas-AINE-ENM-2025_Baja-39-300x200.jpg 300w, https:\/\/galicia.ingenierosnavales.com\/wp-content\/uploads\/2025\/10\/181025_Jornadas-AINE-ENM-2025_Baja-39-768x512.jpg 768w, https:\/\/galicia.ingenierosnavales.com\/wp-content\/uploads\/2025\/10\/181025_Jornadas-AINE-ENM-2025_Baja-39-1536x1024.jpg 1536w, https:\/\/galicia.ingenierosnavales.com\/wp-content\/uploads\/2025\/10\/181025_Jornadas-AINE-ENM-2025_Baja-39.jpg 1900w\" sizes=\"auto, (max-width: 1024px) 100vw, 1024px\" \/><\/a>\n\t\t\t<\/dt><\/dl><br style=\"clear: both\" \/><dl class='gallery-item'>\n\t\t\t<dt class='gallery-icon landscape'>\n\t\t\t\t<a href='https:\/\/galicia.ingenierosnavales.com\/index.php\/2025\/10\/21\/vii-jornadas-tecnicas-aine-enm-2025\/181025_jornadas-aine-enm-2025_baja-40\/'><img loading=\"lazy\" decoding=\"async\" width=\"1024\" height=\"683\" src=\"https:\/\/galicia.ingenierosnavales.com\/wp-content\/uploads\/2025\/10\/181025_Jornadas-AINE-ENM-2025_Baja-40-1024x683.jpg\" class=\"attachment-large size-large no-lazy\" alt=\"\" srcset=\"https:\/\/galicia.ingenierosnavales.com\/wp-content\/uploads\/2025\/10\/181025_Jornadas-AINE-ENM-2025_Baja-40-1024x683.jpg 1024w, https:\/\/galicia.ingenierosnavales.com\/wp-content\/uploads\/2025\/10\/181025_Jornadas-AINE-ENM-2025_Baja-40-300x200.jpg 300w, https:\/\/galicia.ingenierosnavales.com\/wp-content\/uploads\/2025\/10\/181025_Jornadas-AINE-ENM-2025_Baja-40-768x512.jpg 768w, https:\/\/galicia.ingenierosnavales.com\/wp-content\/uploads\/2025\/10\/181025_Jornadas-AINE-ENM-2025_Baja-40-1536x1024.jpg 1536w, https:\/\/galicia.ingenierosnavales.com\/wp-content\/uploads\/2025\/10\/181025_Jornadas-AINE-ENM-2025_Baja-40.jpg 1900w\" sizes=\"auto, (max-width: 1024px) 100vw, 1024px\" \/><\/a>\n\t\t\t<\/dt><\/dl><dl class='gallery-item'>\n\t\t\t<dt class='gallery-icon landscape'>\n\t\t\t\t<a href='https:\/\/galicia.ingenierosnavales.com\/index.php\/2025\/10\/21\/vii-jornadas-tecnicas-aine-enm-2025\/181025_jornadas-aine-enm-2025_baja-41\/'><img loading=\"lazy\" decoding=\"async\" width=\"1024\" height=\"683\" src=\"https:\/\/galicia.ingenierosnavales.com\/wp-content\/uploads\/2025\/10\/181025_Jornadas-AINE-ENM-2025_Baja-41-1024x683.jpg\" class=\"attachment-large size-large no-lazy\" alt=\"\" srcset=\"https:\/\/galicia.ingenierosnavales.com\/wp-content\/uploads\/2025\/10\/181025_Jornadas-AINE-ENM-2025_Baja-41-1024x683.jpg 1024w, https:\/\/galicia.ingenierosnavales.com\/wp-content\/uploads\/2025\/10\/181025_Jornadas-AINE-ENM-2025_Baja-41-300x200.jpg 300w, https:\/\/galicia.ingenierosnavales.com\/wp-content\/uploads\/2025\/10\/181025_Jornadas-AINE-ENM-2025_Baja-41-768x512.jpg 768w, https:\/\/galicia.ingenierosnavales.com\/wp-content\/uploads\/2025\/10\/181025_Jornadas-AINE-ENM-2025_Baja-41-1536x1024.jpg 1536w, https:\/\/galicia.ingenierosnavales.com\/wp-content\/uploads\/2025\/10\/181025_Jornadas-AINE-ENM-2025_Baja-41.jpg 1900w\" sizes=\"auto, (max-width: 1024px) 100vw, 1024px\" \/><\/a>\n\t\t\t<\/dt><\/dl><dl class='gallery-item'>\n\t\t\t<dt class='gallery-icon landscape'>\n\t\t\t\t<a href='https:\/\/galicia.ingenierosnavales.com\/index.php\/2025\/10\/21\/vii-jornadas-tecnicas-aine-enm-2025\/181025_jornadas-aine-enm-2025_baja-42\/'><img loading=\"lazy\" decoding=\"async\" width=\"1024\" height=\"683\" src=\"https:\/\/galicia.ingenierosnavales.com\/wp-content\/uploads\/2025\/10\/181025_Jornadas-AINE-ENM-2025_Baja-42-1024x683.jpg\" class=\"attachment-large size-large no-lazy\" alt=\"\" srcset=\"https:\/\/galicia.ingenierosnavales.com\/wp-content\/uploads\/2025\/10\/181025_Jornadas-AINE-ENM-2025_Baja-42-1024x683.jpg 1024w, https:\/\/galicia.ingenierosnavales.com\/wp-content\/uploads\/2025\/10\/181025_Jornadas-AINE-ENM-2025_Baja-42-300x200.jpg 300w, https:\/\/galicia.ingenierosnavales.com\/wp-content\/uploads\/2025\/10\/181025_Jornadas-AINE-ENM-2025_Baja-42-768x512.jpg 768w, https:\/\/galicia.ingenierosnavales.com\/wp-content\/uploads\/2025\/10\/181025_Jornadas-AINE-ENM-2025_Baja-42-1536x1024.jpg 1536w, https:\/\/galicia.ingenierosnavales.com\/wp-content\/uploads\/2025\/10\/181025_Jornadas-AINE-ENM-2025_Baja-42.jpg 1900w\" sizes=\"auto, (max-width: 1024px) 100vw, 1024px\" \/><\/a>\n\t\t\t<\/dt><\/dl><br style=\"clear: both\" \/><dl class='gallery-item'>\n\t\t\t<dt class='gallery-icon landscape'>\n\t\t\t\t<a href='https:\/\/galicia.ingenierosnavales.com\/index.php\/2025\/10\/21\/vii-jornadas-tecnicas-aine-enm-2025\/181025_jornadas-aine-enm-2025_baja-43\/'><img loading=\"lazy\" decoding=\"async\" width=\"1024\" height=\"683\" src=\"https:\/\/galicia.ingenierosnavales.com\/wp-content\/uploads\/2025\/10\/181025_Jornadas-AINE-ENM-2025_Baja-43-1024x683.jpg\" class=\"attachment-large size-large no-lazy\" alt=\"\" srcset=\"https:\/\/galicia.ingenierosnavales.com\/wp-content\/uploads\/2025\/10\/181025_Jornadas-AINE-ENM-2025_Baja-43-1024x683.jpg 1024w, https:\/\/galicia.ingenierosnavales.com\/wp-content\/uploads\/2025\/10\/181025_Jornadas-AINE-ENM-2025_Baja-43-300x200.jpg 300w, https:\/\/galicia.ingenierosnavales.com\/wp-content\/uploads\/2025\/10\/181025_Jornadas-AINE-ENM-2025_Baja-43-768x512.jpg 768w, https:\/\/galicia.ingenierosnavales.com\/wp-content\/uploads\/2025\/10\/181025_Jornadas-AINE-ENM-2025_Baja-43-1536x1024.jpg 1536w, https:\/\/galicia.ingenierosnavales.com\/wp-content\/uploads\/2025\/10\/181025_Jornadas-AINE-ENM-2025_Baja-43.jpg 1900w\" sizes=\"auto, (max-width: 1024px) 100vw, 1024px\" \/><\/a>\n\t\t\t<\/dt><\/dl><dl class='gallery-item'>\n\t\t\t<dt class='gallery-icon landscape'>\n\t\t\t\t<a href='https:\/\/galicia.ingenierosnavales.com\/index.php\/2025\/10\/21\/vii-jornadas-tecnicas-aine-enm-2025\/181025_jornadas-aine-enm-2025_baja-44\/'><img loading=\"lazy\" decoding=\"async\" width=\"1024\" height=\"683\" src=\"https:\/\/galicia.ingenierosnavales.com\/wp-content\/uploads\/2025\/10\/181025_Jornadas-AINE-ENM-2025_Baja-44-1024x683.jpg\" class=\"attachment-large size-large no-lazy\" alt=\"\" srcset=\"https:\/\/galicia.ingenierosnavales.com\/wp-content\/uploads\/2025\/10\/181025_Jornadas-AINE-ENM-2025_Baja-44-1024x683.jpg 1024w, https:\/\/galicia.ingenierosnavales.com\/wp-content\/uploads\/2025\/10\/181025_Jornadas-AINE-ENM-2025_Baja-44-300x200.jpg 300w, https:\/\/galicia.ingenierosnavales.com\/wp-content\/uploads\/2025\/10\/181025_Jornadas-AINE-ENM-2025_Baja-44-768x512.jpg 768w, https:\/\/galicia.ingenierosnavales.com\/wp-content\/uploads\/2025\/10\/181025_Jornadas-AINE-ENM-2025_Baja-44-1536x1024.jpg 1536w, https:\/\/galicia.ingenierosnavales.com\/wp-content\/uploads\/2025\/10\/181025_Jornadas-AINE-ENM-2025_Baja-44.jpg 1900w\" sizes=\"auto, (max-width: 1024px) 100vw, 1024px\" \/><\/a>\n\t\t\t<\/dt><\/dl><dl class='gallery-item'>\n\t\t\t<dt class='gallery-icon landscape'>\n\t\t\t\t<a href='https:\/\/galicia.ingenierosnavales.com\/index.php\/2025\/10\/21\/vii-jornadas-tecnicas-aine-enm-2025\/181025_jornadas-aine-enm-2025_baja-45\/'><img loading=\"lazy\" decoding=\"async\" width=\"1024\" height=\"683\" src=\"https:\/\/galicia.ingenierosnavales.com\/wp-content\/uploads\/2025\/10\/181025_Jornadas-AINE-ENM-2025_Baja-45-1024x683.jpg\" class=\"attachment-large size-large no-lazy\" alt=\"\" srcset=\"https:\/\/galicia.ingenierosnavales.com\/wp-content\/uploads\/2025\/10\/181025_Jornadas-AINE-ENM-2025_Baja-45-1024x683.jpg 1024w, https:\/\/galicia.ingenierosnavales.com\/wp-content\/uploads\/2025\/10\/181025_Jornadas-AINE-ENM-2025_Baja-45-300x200.jpg 300w, https:\/\/galicia.ingenierosnavales.com\/wp-content\/uploads\/2025\/10\/181025_Jornadas-AINE-ENM-2025_Baja-45-768x512.jpg 768w, https:\/\/galicia.ingenierosnavales.com\/wp-content\/uploads\/2025\/10\/181025_Jornadas-AINE-ENM-2025_Baja-45-1536x1024.jpg 1536w, https:\/\/galicia.ingenierosnavales.com\/wp-content\/uploads\/2025\/10\/181025_Jornadas-AINE-ENM-2025_Baja-45.jpg 1900w\" sizes=\"auto, (max-width: 1024px) 100vw, 1024px\" \/><\/a>\n\t\t\t<\/dt><\/dl><br style=\"clear: both\" \/><dl class='gallery-item'>\n\t\t\t<dt class='gallery-icon landscape'>\n\t\t\t\t<a href='https:\/\/galicia.ingenierosnavales.com\/index.php\/2025\/10\/21\/vii-jornadas-tecnicas-aine-enm-2025\/181025_jornadas-aine-enm-2025_baja-46\/'><img loading=\"lazy\" decoding=\"async\" width=\"1024\" height=\"683\" src=\"https:\/\/galicia.ingenierosnavales.com\/wp-content\/uploads\/2025\/10\/181025_Jornadas-AINE-ENM-2025_Baja-46-1024x683.jpg\" class=\"attachment-large size-large no-lazy\" alt=\"\" srcset=\"https:\/\/galicia.ingenierosnavales.com\/wp-content\/uploads\/2025\/10\/181025_Jornadas-AINE-ENM-2025_Baja-46-1024x683.jpg 1024w, https:\/\/galicia.ingenierosnavales.com\/wp-content\/uploads\/2025\/10\/181025_Jornadas-AINE-ENM-2025_Baja-46-300x200.jpg 300w, https:\/\/galicia.ingenierosnavales.com\/wp-content\/uploads\/2025\/10\/181025_Jornadas-AINE-ENM-2025_Baja-46-768x512.jpg 768w, https:\/\/galicia.ingenierosnavales.com\/wp-content\/uploads\/2025\/10\/181025_Jornadas-AINE-ENM-2025_Baja-46-1536x1024.jpg 1536w, https:\/\/galicia.ingenierosnavales.com\/wp-content\/uploads\/2025\/10\/181025_Jornadas-AINE-ENM-2025_Baja-46.jpg 1900w\" sizes=\"auto, (max-width: 1024px) 100vw, 1024px\" \/><\/a>\n\t\t\t<\/dt><\/dl><dl class='gallery-item'>\n\t\t\t<dt class='gallery-icon landscape'>\n\t\t\t\t<a href='https:\/\/galicia.ingenierosnavales.com\/index.php\/2025\/10\/21\/vii-jornadas-tecnicas-aine-enm-2025\/181025_jornadas-aine-enm-2025_baja-47\/'><img loading=\"lazy\" decoding=\"async\" width=\"1024\" height=\"683\" src=\"https:\/\/galicia.ingenierosnavales.com\/wp-content\/uploads\/2025\/10\/181025_Jornadas-AINE-ENM-2025_Baja-47-1024x683.jpg\" class=\"attachment-large size-large no-lazy\" alt=\"\" srcset=\"https:\/\/galicia.ingenierosnavales.com\/wp-content\/uploads\/2025\/10\/181025_Jornadas-AINE-ENM-2025_Baja-47-1024x683.jpg 1024w, https:\/\/galicia.ingenierosnavales.com\/wp-content\/uploads\/2025\/10\/181025_Jornadas-AINE-ENM-2025_Baja-47-300x200.jpg 300w, https:\/\/galicia.ingenierosnavales.com\/wp-content\/uploads\/2025\/10\/181025_Jornadas-AINE-ENM-2025_Baja-47-768x512.jpg 768w, https:\/\/galicia.ingenierosnavales.com\/wp-content\/uploads\/2025\/10\/181025_Jornadas-AINE-ENM-2025_Baja-47-1536x1024.jpg 1536w, https:\/\/galicia.ingenierosnavales.com\/wp-content\/uploads\/2025\/10\/181025_Jornadas-AINE-ENM-2025_Baja-47.jpg 1900w\" sizes=\"auto, (max-width: 1024px) 100vw, 1024px\" \/><\/a>\n\t\t\t<\/dt><\/dl><dl class='gallery-item'>\n\t\t\t<dt class='gallery-icon landscape'>\n\t\t\t\t<a href='https:\/\/galicia.ingenierosnavales.com\/index.php\/2025\/10\/21\/vii-jornadas-tecnicas-aine-enm-2025\/181025_jornadas-aine-enm-2025_baja-48\/'><img loading=\"lazy\" decoding=\"async\" width=\"1024\" height=\"683\" src=\"https:\/\/galicia.ingenierosnavales.com\/wp-content\/uploads\/2025\/10\/181025_Jornadas-AINE-ENM-2025_Baja-48-1024x683.jpg\" class=\"attachment-large size-large no-lazy\" alt=\"\" srcset=\"https:\/\/galicia.ingenierosnavales.com\/wp-content\/uploads\/2025\/10\/181025_Jornadas-AINE-ENM-2025_Baja-48-1024x683.jpg 1024w, https:\/\/galicia.ingenierosnavales.com\/wp-content\/uploads\/2025\/10\/181025_Jornadas-AINE-ENM-2025_Baja-48-300x200.jpg 300w, https:\/\/galicia.ingenierosnavales.com\/wp-content\/uploads\/2025\/10\/181025_Jornadas-AINE-ENM-2025_Baja-48-768x512.jpg 768w, https:\/\/galicia.ingenierosnavales.com\/wp-content\/uploads\/2025\/10\/181025_Jornadas-AINE-ENM-2025_Baja-48-1536x1024.jpg 1536w, https:\/\/galicia.ingenierosnavales.com\/wp-content\/uploads\/2025\/10\/181025_Jornadas-AINE-ENM-2025_Baja-48.jpg 1900w\" sizes=\"auto, (max-width: 1024px) 100vw, 1024px\" \/><\/a>\n\t\t\t<\/dt><\/dl><br style=\"clear: both\" \/><dl class='gallery-item'>\n\t\t\t<dt class='gallery-icon landscape'>\n\t\t\t\t<a href='https:\/\/galicia.ingenierosnavales.com\/index.php\/2025\/10\/21\/vii-jornadas-tecnicas-aine-enm-2025\/181025_jornadas-aine-enm-2025_baja-49\/'><img loading=\"lazy\" decoding=\"async\" width=\"1024\" height=\"683\" src=\"https:\/\/galicia.ingenierosnavales.com\/wp-content\/uploads\/2025\/10\/181025_Jornadas-AINE-ENM-2025_Baja-49-1024x683.jpg\" class=\"attachment-large size-large no-lazy\" alt=\"\" srcset=\"https:\/\/galicia.ingenierosnavales.com\/wp-content\/uploads\/2025\/10\/181025_Jornadas-AINE-ENM-2025_Baja-49-1024x683.jpg 1024w, https:\/\/galicia.ingenierosnavales.com\/wp-content\/uploads\/2025\/10\/181025_Jornadas-AINE-ENM-2025_Baja-49-300x200.jpg 300w, https:\/\/galicia.ingenierosnavales.com\/wp-content\/uploads\/2025\/10\/181025_Jornadas-AINE-ENM-2025_Baja-49-768x512.jpg 768w, https:\/\/galicia.ingenierosnavales.com\/wp-content\/uploads\/2025\/10\/181025_Jornadas-AINE-ENM-2025_Baja-49-1536x1024.jpg 1536w, https:\/\/galicia.ingenierosnavales.com\/wp-content\/uploads\/2025\/10\/181025_Jornadas-AINE-ENM-2025_Baja-49.jpg 1900w\" sizes=\"auto, (max-width: 1024px) 100vw, 1024px\" \/><\/a>\n\t\t\t<\/dt><\/dl><dl class='gallery-item'>\n\t\t\t<dt class='gallery-icon landscape'>\n\t\t\t\t<a href='https:\/\/galicia.ingenierosnavales.com\/index.php\/2025\/10\/21\/vii-jornadas-tecnicas-aine-enm-2025\/181025_jornadas-aine-enm-2025_baja-50\/'><img loading=\"lazy\" decoding=\"async\" width=\"1024\" height=\"683\" src=\"https:\/\/galicia.ingenierosnavales.com\/wp-content\/uploads\/2025\/10\/181025_Jornadas-AINE-ENM-2025_Baja-50-1024x683.jpg\" class=\"attachment-large size-large no-lazy\" alt=\"\" srcset=\"https:\/\/galicia.ingenierosnavales.com\/wp-content\/uploads\/2025\/10\/181025_Jornadas-AINE-ENM-2025_Baja-50-1024x683.jpg 1024w, https:\/\/galicia.ingenierosnavales.com\/wp-content\/uploads\/2025\/10\/181025_Jornadas-AINE-ENM-2025_Baja-50-300x200.jpg 300w, https:\/\/galicia.ingenierosnavales.com\/wp-content\/uploads\/2025\/10\/181025_Jornadas-AINE-ENM-2025_Baja-50-768x512.jpg 768w, https:\/\/galicia.ingenierosnavales.com\/wp-content\/uploads\/2025\/10\/181025_Jornadas-AINE-ENM-2025_Baja-50-1536x1024.jpg 1536w, https:\/\/galicia.ingenierosnavales.com\/wp-content\/uploads\/2025\/10\/181025_Jornadas-AINE-ENM-2025_Baja-50.jpg 1900w\" sizes=\"auto, (max-width: 1024px) 100vw, 1024px\" \/><\/a>\n\t\t\t<\/dt><\/dl><dl class='gallery-item'>\n\t\t\t<dt class='gallery-icon landscape'>\n\t\t\t\t<a href='https:\/\/galicia.ingenierosnavales.com\/index.php\/2025\/10\/21\/vii-jornadas-tecnicas-aine-enm-2025\/181025_jornadas-aine-enm-2025_baja-51\/'><img loading=\"lazy\" decoding=\"async\" width=\"1024\" height=\"683\" src=\"https:\/\/galicia.ingenierosnavales.com\/wp-content\/uploads\/2025\/10\/181025_Jornadas-AINE-ENM-2025_Baja-51-1024x683.jpg\" class=\"attachment-large size-large no-lazy\" alt=\"\" srcset=\"https:\/\/galicia.ingenierosnavales.com\/wp-content\/uploads\/2025\/10\/181025_Jornadas-AINE-ENM-2025_Baja-51-1024x683.jpg 1024w, https:\/\/galicia.ingenierosnavales.com\/wp-content\/uploads\/2025\/10\/181025_Jornadas-AINE-ENM-2025_Baja-51-300x200.jpg 300w, https:\/\/galicia.ingenierosnavales.com\/wp-content\/uploads\/2025\/10\/181025_Jornadas-AINE-ENM-2025_Baja-51-768x512.jpg 768w, https:\/\/galicia.ingenierosnavales.com\/wp-content\/uploads\/2025\/10\/181025_Jornadas-AINE-ENM-2025_Baja-51-1536x1024.jpg 1536w, https:\/\/galicia.ingenierosnavales.com\/wp-content\/uploads\/2025\/10\/181025_Jornadas-AINE-ENM-2025_Baja-51.jpg 1900w\" sizes=\"auto, (max-width: 1024px) 100vw, 1024px\" \/><\/a>\n\t\t\t<\/dt><\/dl><br style=\"clear: both\" \/><dl class='gallery-item'>\n\t\t\t<dt class='gallery-icon landscape'>\n\t\t\t\t<a href='https:\/\/galicia.ingenierosnavales.com\/index.php\/2025\/10\/21\/vii-jornadas-tecnicas-aine-enm-2025\/181025_jornadas-aine-enm-2025_baja-52\/'><img loading=\"lazy\" decoding=\"async\" width=\"1024\" height=\"683\" src=\"https:\/\/galicia.ingenierosnavales.com\/wp-content\/uploads\/2025\/10\/181025_Jornadas-AINE-ENM-2025_Baja-52-1024x683.jpg\" class=\"attachment-large size-large no-lazy\" alt=\"\" srcset=\"https:\/\/galicia.ingenierosnavales.com\/wp-content\/uploads\/2025\/10\/181025_Jornadas-AINE-ENM-2025_Baja-52-1024x683.jpg 1024w, https:\/\/galicia.ingenierosnavales.com\/wp-content\/uploads\/2025\/10\/181025_Jornadas-AINE-ENM-2025_Baja-52-300x200.jpg 300w, https:\/\/galicia.ingenierosnavales.com\/wp-content\/uploads\/2025\/10\/181025_Jornadas-AINE-ENM-2025_Baja-52-768x512.jpg 768w, https:\/\/galicia.ingenierosnavales.com\/wp-content\/uploads\/2025\/10\/181025_Jornadas-AINE-ENM-2025_Baja-52-1536x1024.jpg 1536w, https:\/\/galicia.ingenierosnavales.com\/wp-content\/uploads\/2025\/10\/181025_Jornadas-AINE-ENM-2025_Baja-52.jpg 1900w\" sizes=\"auto, (max-width: 1024px) 100vw, 1024px\" \/><\/a>\n\t\t\t<\/dt><\/dl><dl class='gallery-item'>\n\t\t\t<dt class='gallery-icon landscape'>\n\t\t\t\t<a href='https:\/\/galicia.ingenierosnavales.com\/index.php\/2025\/10\/21\/vii-jornadas-tecnicas-aine-enm-2025\/181025_jornadas-aine-enm-2025_baja-53\/'><img loading=\"lazy\" decoding=\"async\" width=\"1024\" height=\"683\" src=\"https:\/\/galicia.ingenierosnavales.com\/wp-content\/uploads\/2025\/10\/181025_Jornadas-AINE-ENM-2025_Baja-53-1024x683.jpg\" class=\"attachment-large size-large no-lazy\" alt=\"\" srcset=\"https:\/\/galicia.ingenierosnavales.com\/wp-content\/uploads\/2025\/10\/181025_Jornadas-AINE-ENM-2025_Baja-53-1024x683.jpg 1024w, https:\/\/galicia.ingenierosnavales.com\/wp-content\/uploads\/2025\/10\/181025_Jornadas-AINE-ENM-2025_Baja-53-300x200.jpg 300w, https:\/\/galicia.ingenierosnavales.com\/wp-content\/uploads\/2025\/10\/181025_Jornadas-AINE-ENM-2025_Baja-53-768x512.jpg 768w, https:\/\/galicia.ingenierosnavales.com\/wp-content\/uploads\/2025\/10\/181025_Jornadas-AINE-ENM-2025_Baja-53-1536x1024.jpg 1536w, https:\/\/galicia.ingenierosnavales.com\/wp-content\/uploads\/2025\/10\/181025_Jornadas-AINE-ENM-2025_Baja-53.jpg 1900w\" sizes=\"auto, (max-width: 1024px) 100vw, 1024px\" \/><\/a>\n\t\t\t<\/dt><\/dl><dl class='gallery-item'>\n\t\t\t<dt class='gallery-icon landscape'>\n\t\t\t\t<a href='https:\/\/galicia.ingenierosnavales.com\/index.php\/2025\/10\/21\/vii-jornadas-tecnicas-aine-enm-2025\/181025_jornadas-aine-enm-2025_baja-54\/'><img loading=\"lazy\" decoding=\"async\" width=\"1024\" height=\"683\" src=\"https:\/\/galicia.ingenierosnavales.com\/wp-content\/uploads\/2025\/10\/181025_Jornadas-AINE-ENM-2025_Baja-54-1024x683.jpg\" class=\"attachment-large size-large no-lazy\" alt=\"\" srcset=\"https:\/\/galicia.ingenierosnavales.com\/wp-content\/uploads\/2025\/10\/181025_Jornadas-AINE-ENM-2025_Baja-54-1024x683.jpg 1024w, https:\/\/galicia.ingenierosnavales.com\/wp-content\/uploads\/2025\/10\/181025_Jornadas-AINE-ENM-2025_Baja-54-300x200.jpg 300w, https:\/\/galicia.ingenierosnavales.com\/wp-content\/uploads\/2025\/10\/181025_Jornadas-AINE-ENM-2025_Baja-54-768x512.jpg 768w, https:\/\/galicia.ingenierosnavales.com\/wp-content\/uploads\/2025\/10\/181025_Jornadas-AINE-ENM-2025_Baja-54-1536x1024.jpg 1536w, https:\/\/galicia.ingenierosnavales.com\/wp-content\/uploads\/2025\/10\/181025_Jornadas-AINE-ENM-2025_Baja-54.jpg 1900w\" sizes=\"auto, (max-width: 1024px) 100vw, 1024px\" \/><\/a>\n\t\t\t<\/dt><\/dl><br style=\"clear: both\" \/><dl class='gallery-item'>\n\t\t\t<dt class='gallery-icon landscape'>\n\t\t\t\t<a href='https:\/\/galicia.ingenierosnavales.com\/index.php\/2025\/10\/21\/vii-jornadas-tecnicas-aine-enm-2025\/181025_jornadas-aine-enm-2025_baja-55\/'><img loading=\"lazy\" decoding=\"async\" width=\"1024\" height=\"683\" src=\"https:\/\/galicia.ingenierosnavales.com\/wp-content\/uploads\/2025\/10\/181025_Jornadas-AINE-ENM-2025_Baja-55-1024x683.jpg\" class=\"attachment-large size-large no-lazy\" alt=\"\" srcset=\"https:\/\/galicia.ingenierosnavales.com\/wp-content\/uploads\/2025\/10\/181025_Jornadas-AINE-ENM-2025_Baja-55-1024x683.jpg 1024w, https:\/\/galicia.ingenierosnavales.com\/wp-content\/uploads\/2025\/10\/181025_Jornadas-AINE-ENM-2025_Baja-55-300x200.jpg 300w, https:\/\/galicia.ingenierosnavales.com\/wp-content\/uploads\/2025\/10\/181025_Jornadas-AINE-ENM-2025_Baja-55-768x512.jpg 768w, https:\/\/galicia.ingenierosnavales.com\/wp-content\/uploads\/2025\/10\/181025_Jornadas-AINE-ENM-2025_Baja-55-1536x1024.jpg 1536w, https:\/\/galicia.ingenierosnavales.com\/wp-content\/uploads\/2025\/10\/181025_Jornadas-AINE-ENM-2025_Baja-55.jpg 1900w\" sizes=\"auto, (max-width: 1024px) 100vw, 1024px\" \/><\/a>\n\t\t\t<\/dt><\/dl><dl class='gallery-item'>\n\t\t\t<dt class='gallery-icon landscape'>\n\t\t\t\t<a href='https:\/\/galicia.ingenierosnavales.com\/index.php\/2025\/10\/21\/vii-jornadas-tecnicas-aine-enm-2025\/181025_jornadas-aine-enm-2025_baja-56\/'><img loading=\"lazy\" decoding=\"async\" width=\"1024\" height=\"683\" src=\"https:\/\/galicia.ingenierosnavales.com\/wp-content\/uploads\/2025\/10\/181025_Jornadas-AINE-ENM-2025_Baja-56-1024x683.jpg\" class=\"attachment-large size-large no-lazy\" alt=\"\" srcset=\"https:\/\/galicia.ingenierosnavales.com\/wp-content\/uploads\/2025\/10\/181025_Jornadas-AINE-ENM-2025_Baja-56-1024x683.jpg 1024w, https:\/\/galicia.ingenierosnavales.com\/wp-content\/uploads\/2025\/10\/181025_Jornadas-AINE-ENM-2025_Baja-56-300x200.jpg 300w, https:\/\/galicia.ingenierosnavales.com\/wp-content\/uploads\/2025\/10\/181025_Jornadas-AINE-ENM-2025_Baja-56-768x512.jpg 768w, https:\/\/galicia.ingenierosnavales.com\/wp-content\/uploads\/2025\/10\/181025_Jornadas-AINE-ENM-2025_Baja-56-1536x1024.jpg 1536w, https:\/\/galicia.ingenierosnavales.com\/wp-content\/uploads\/2025\/10\/181025_Jornadas-AINE-ENM-2025_Baja-56.jpg 1900w\" sizes=\"auto, (max-width: 1024px) 100vw, 1024px\" \/><\/a>\n\t\t\t<\/dt><\/dl><dl class='gallery-item'>\n\t\t\t<dt class='gallery-icon landscape'>\n\t\t\t\t<a href='https:\/\/galicia.ingenierosnavales.com\/index.php\/2025\/10\/21\/vii-jornadas-tecnicas-aine-enm-2025\/181025_jornadas-aine-enm-2025_baja-57\/'><img loading=\"lazy\" decoding=\"async\" width=\"1024\" height=\"683\" src=\"https:\/\/galicia.ingenierosnavales.com\/wp-content\/uploads\/2025\/10\/181025_Jornadas-AINE-ENM-2025_Baja-57-1024x683.jpg\" class=\"attachment-large size-large no-lazy\" alt=\"\" srcset=\"https:\/\/galicia.ingenierosnavales.com\/wp-content\/uploads\/2025\/10\/181025_Jornadas-AINE-ENM-2025_Baja-57-1024x683.jpg 1024w, https:\/\/galicia.ingenierosnavales.com\/wp-content\/uploads\/2025\/10\/181025_Jornadas-AINE-ENM-2025_Baja-57-300x200.jpg 300w, https:\/\/galicia.ingenierosnavales.com\/wp-content\/uploads\/2025\/10\/181025_Jornadas-AINE-ENM-2025_Baja-57-768x512.jpg 768w, https:\/\/galicia.ingenierosnavales.com\/wp-content\/uploads\/2025\/10\/181025_Jornadas-AINE-ENM-2025_Baja-57-1536x1024.jpg 1536w, https:\/\/galicia.ingenierosnavales.com\/wp-content\/uploads\/2025\/10\/181025_Jornadas-AINE-ENM-2025_Baja-57.jpg 1900w\" sizes=\"auto, (max-width: 1024px) 100vw, 1024px\" \/><\/a>\n\t\t\t<\/dt><\/dl><br style=\"clear: both\" \/><dl class='gallery-item'>\n\t\t\t<dt class='gallery-icon landscape'>\n\t\t\t\t<a href='https:\/\/galicia.ingenierosnavales.com\/index.php\/2025\/10\/21\/vii-jornadas-tecnicas-aine-enm-2025\/181025_jornadas-aine-enm-2025_baja-58\/'><img loading=\"lazy\" decoding=\"async\" width=\"1024\" height=\"683\" src=\"https:\/\/galicia.ingenierosnavales.com\/wp-content\/uploads\/2025\/10\/181025_Jornadas-AINE-ENM-2025_Baja-58-1024x683.jpg\" class=\"attachment-large size-large no-lazy\" alt=\"\" srcset=\"https:\/\/galicia.ingenierosnavales.com\/wp-content\/uploads\/2025\/10\/181025_Jornadas-AINE-ENM-2025_Baja-58-1024x683.jpg 1024w, https:\/\/galicia.ingenierosnavales.com\/wp-content\/uploads\/2025\/10\/181025_Jornadas-AINE-ENM-2025_Baja-58-300x200.jpg 300w, https:\/\/galicia.ingenierosnavales.com\/wp-content\/uploads\/2025\/10\/181025_Jornadas-AINE-ENM-2025_Baja-58-768x512.jpg 768w, https:\/\/galicia.ingenierosnavales.com\/wp-content\/uploads\/2025\/10\/181025_Jornadas-AINE-ENM-2025_Baja-58-1536x1024.jpg 1536w, https:\/\/galicia.ingenierosnavales.com\/wp-content\/uploads\/2025\/10\/181025_Jornadas-AINE-ENM-2025_Baja-58.jpg 1900w\" sizes=\"auto, (max-width: 1024px) 100vw, 1024px\" \/><\/a>\n\t\t\t<\/dt><\/dl><dl class='gallery-item'>\n\t\t\t<dt class='gallery-icon landscape'>\n\t\t\t\t<a href='https:\/\/galicia.ingenierosnavales.com\/index.php\/2025\/10\/21\/vii-jornadas-tecnicas-aine-enm-2025\/181025_jornadas-aine-enm-2025_baja-59\/'><img loading=\"lazy\" decoding=\"async\" width=\"1024\" height=\"683\" src=\"https:\/\/galicia.ingenierosnavales.com\/wp-content\/uploads\/2025\/10\/181025_Jornadas-AINE-ENM-2025_Baja-59-1024x683.jpg\" class=\"attachment-large size-large no-lazy\" alt=\"\" srcset=\"https:\/\/galicia.ingenierosnavales.com\/wp-content\/uploads\/2025\/10\/181025_Jornadas-AINE-ENM-2025_Baja-59-1024x683.jpg 1024w, https:\/\/galicia.ingenierosnavales.com\/wp-content\/uploads\/2025\/10\/181025_Jornadas-AINE-ENM-2025_Baja-59-300x200.jpg 300w, https:\/\/galicia.ingenierosnavales.com\/wp-content\/uploads\/2025\/10\/181025_Jornadas-AINE-ENM-2025_Baja-59-768x512.jpg 768w, https:\/\/galicia.ingenierosnavales.com\/wp-content\/uploads\/2025\/10\/181025_Jornadas-AINE-ENM-2025_Baja-59-1536x1024.jpg 1536w, https:\/\/galicia.ingenierosnavales.com\/wp-content\/uploads\/2025\/10\/181025_Jornadas-AINE-ENM-2025_Baja-59.jpg 1900w\" sizes=\"auto, (max-width: 1024px) 100vw, 1024px\" \/><\/a>\n\t\t\t<\/dt><\/dl><dl class='gallery-item'>\n\t\t\t<dt class='gallery-icon landscape'>\n\t\t\t\t<a href='https:\/\/galicia.ingenierosnavales.com\/index.php\/2025\/10\/21\/vii-jornadas-tecnicas-aine-enm-2025\/181025_jornadas-aine-enm-2025_baja-60\/'><img loading=\"lazy\" decoding=\"async\" width=\"1024\" height=\"683\" src=\"https:\/\/galicia.ingenierosnavales.com\/wp-content\/uploads\/2025\/10\/181025_Jornadas-AINE-ENM-2025_Baja-60-1024x683.jpg\" class=\"attachment-large size-large no-lazy\" alt=\"\" srcset=\"https:\/\/galicia.ingenierosnavales.com\/wp-content\/uploads\/2025\/10\/181025_Jornadas-AINE-ENM-2025_Baja-60-1024x683.jpg 1024w, https:\/\/galicia.ingenierosnavales.com\/wp-content\/uploads\/2025\/10\/181025_Jornadas-AINE-ENM-2025_Baja-60-300x200.jpg 300w, https:\/\/galicia.ingenierosnavales.com\/wp-content\/uploads\/2025\/10\/181025_Jornadas-AINE-ENM-2025_Baja-60-768x512.jpg 768w, https:\/\/galicia.ingenierosnavales.com\/wp-content\/uploads\/2025\/10\/181025_Jornadas-AINE-ENM-2025_Baja-60-1536x1024.jpg 1536w, https:\/\/galicia.ingenierosnavales.com\/wp-content\/uploads\/2025\/10\/181025_Jornadas-AINE-ENM-2025_Baja-60.jpg 1900w\" sizes=\"auto, (max-width: 1024px) 100vw, 1024px\" \/><\/a>\n\t\t\t<\/dt><\/dl><br style=\"clear: both\" \/><dl class='gallery-item'>\n\t\t\t<dt class='gallery-icon landscape'>\n\t\t\t\t<a href='https:\/\/galicia.ingenierosnavales.com\/index.php\/2025\/10\/21\/vii-jornadas-tecnicas-aine-enm-2025\/181025_jornadas-aine-enm-2025_baja-61\/'><img loading=\"lazy\" decoding=\"async\" width=\"1024\" height=\"683\" src=\"https:\/\/galicia.ingenierosnavales.com\/wp-content\/uploads\/2025\/10\/181025_Jornadas-AINE-ENM-2025_Baja-61-1024x683.jpg\" class=\"attachment-large size-large no-lazy\" alt=\"\" srcset=\"https:\/\/galicia.ingenierosnavales.com\/wp-content\/uploads\/2025\/10\/181025_Jornadas-AINE-ENM-2025_Baja-61-1024x683.jpg 1024w, https:\/\/galicia.ingenierosnavales.com\/wp-content\/uploads\/2025\/10\/181025_Jornadas-AINE-ENM-2025_Baja-61-300x200.jpg 300w, https:\/\/galicia.ingenierosnavales.com\/wp-content\/uploads\/2025\/10\/181025_Jornadas-AINE-ENM-2025_Baja-61-768x512.jpg 768w, https:\/\/galicia.ingenierosnavales.com\/wp-content\/uploads\/2025\/10\/181025_Jornadas-AINE-ENM-2025_Baja-61-1536x1024.jpg 1536w, https:\/\/galicia.ingenierosnavales.com\/wp-content\/uploads\/2025\/10\/181025_Jornadas-AINE-ENM-2025_Baja-61.jpg 1900w\" sizes=\"auto, (max-width: 1024px) 100vw, 1024px\" \/><\/a>\n\t\t\t<\/dt><\/dl><dl class='gallery-item'>\n\t\t\t<dt class='gallery-icon landscape'>\n\t\t\t\t<a href='https:\/\/galicia.ingenierosnavales.com\/index.php\/2025\/10\/21\/vii-jornadas-tecnicas-aine-enm-2025\/181025_jornadas-aine-enm-2025_baja-62\/'><img loading=\"lazy\" decoding=\"async\" width=\"1024\" height=\"683\" src=\"https:\/\/galicia.ingenierosnavales.com\/wp-content\/uploads\/2025\/10\/181025_Jornadas-AINE-ENM-2025_Baja-62-1024x683.jpg\" class=\"attachment-large size-large no-lazy\" alt=\"\" srcset=\"https:\/\/galicia.ingenierosnavales.com\/wp-content\/uploads\/2025\/10\/181025_Jornadas-AINE-ENM-2025_Baja-62-1024x683.jpg 1024w, https:\/\/galicia.ingenierosnavales.com\/wp-content\/uploads\/2025\/10\/181025_Jornadas-AINE-ENM-2025_Baja-62-300x200.jpg 300w, https:\/\/galicia.ingenierosnavales.com\/wp-content\/uploads\/2025\/10\/181025_Jornadas-AINE-ENM-2025_Baja-62-768x512.jpg 768w, https:\/\/galicia.ingenierosnavales.com\/wp-content\/uploads\/2025\/10\/181025_Jornadas-AINE-ENM-2025_Baja-62-1536x1024.jpg 1536w, https:\/\/galicia.ingenierosnavales.com\/wp-content\/uploads\/2025\/10\/181025_Jornadas-AINE-ENM-2025_Baja-62.jpg 1900w\" sizes=\"auto, (max-width: 1024px) 100vw, 1024px\" \/><\/a>\n\t\t\t<\/dt><\/dl><dl class='gallery-item'>\n\t\t\t<dt class='gallery-icon landscape'>\n\t\t\t\t<a href='https:\/\/galicia.ingenierosnavales.com\/index.php\/2025\/10\/21\/vii-jornadas-tecnicas-aine-enm-2025\/181025_jornadas-aine-enm-2025_baja-63\/'><img loading=\"lazy\" decoding=\"async\" width=\"1024\" height=\"683\" src=\"https:\/\/galicia.ingenierosnavales.com\/wp-content\/uploads\/2025\/10\/181025_Jornadas-AINE-ENM-2025_Baja-63-1024x683.jpg\" class=\"attachment-large size-large no-lazy\" alt=\"\" srcset=\"https:\/\/galicia.ingenierosnavales.com\/wp-content\/uploads\/2025\/10\/181025_Jornadas-AINE-ENM-2025_Baja-63-1024x683.jpg 1024w, https:\/\/galicia.ingenierosnavales.com\/wp-content\/uploads\/2025\/10\/181025_Jornadas-AINE-ENM-2025_Baja-63-300x200.jpg 300w, https:\/\/galicia.ingenierosnavales.com\/wp-content\/uploads\/2025\/10\/181025_Jornadas-AINE-ENM-2025_Baja-63-768x512.jpg 768w, https:\/\/galicia.ingenierosnavales.com\/wp-content\/uploads\/2025\/10\/181025_Jornadas-AINE-ENM-2025_Baja-63-1536x1024.jpg 1536w, https:\/\/galicia.ingenierosnavales.com\/wp-content\/uploads\/2025\/10\/181025_Jornadas-AINE-ENM-2025_Baja-63.jpg 1900w\" sizes=\"auto, (max-width: 1024px) 100vw, 1024px\" \/><\/a>\n\t\t\t<\/dt><\/dl><br style=\"clear: both\" \/><dl class='gallery-item'>\n\t\t\t<dt class='gallery-icon landscape'>\n\t\t\t\t<a href='https:\/\/galicia.ingenierosnavales.com\/index.php\/2025\/10\/21\/vii-jornadas-tecnicas-aine-enm-2025\/181025_jornadas-aine-enm-2025_baja-64\/'><img loading=\"lazy\" decoding=\"async\" width=\"1024\" height=\"683\" src=\"https:\/\/galicia.ingenierosnavales.com\/wp-content\/uploads\/2025\/10\/181025_Jornadas-AINE-ENM-2025_Baja-64-1024x683.jpg\" class=\"attachment-large size-large no-lazy\" alt=\"\" srcset=\"https:\/\/galicia.ingenierosnavales.com\/wp-content\/uploads\/2025\/10\/181025_Jornadas-AINE-ENM-2025_Baja-64-1024x683.jpg 1024w, https:\/\/galicia.ingenierosnavales.com\/wp-content\/uploads\/2025\/10\/181025_Jornadas-AINE-ENM-2025_Baja-64-300x200.jpg 300w, https:\/\/galicia.ingenierosnavales.com\/wp-content\/uploads\/2025\/10\/181025_Jornadas-AINE-ENM-2025_Baja-64-768x512.jpg 768w, https:\/\/galicia.ingenierosnavales.com\/wp-content\/uploads\/2025\/10\/181025_Jornadas-AINE-ENM-2025_Baja-64-1536x1024.jpg 1536w, https:\/\/galicia.ingenierosnavales.com\/wp-content\/uploads\/2025\/10\/181025_Jornadas-AINE-ENM-2025_Baja-64.jpg 1900w\" sizes=\"auto, (max-width: 1024px) 100vw, 1024px\" \/><\/a>\n\t\t\t<\/dt><\/dl><dl class='gallery-item'>\n\t\t\t<dt class='gallery-icon landscape'>\n\t\t\t\t<a href='https:\/\/galicia.ingenierosnavales.com\/index.php\/2025\/10\/21\/vii-jornadas-tecnicas-aine-enm-2025\/181025_jornadas-aine-enm-2025_baja-65\/'><img loading=\"lazy\" decoding=\"async\" width=\"1024\" height=\"683\" src=\"https:\/\/galicia.ingenierosnavales.com\/wp-content\/uploads\/2025\/10\/181025_Jornadas-AINE-ENM-2025_Baja-65-1024x683.jpg\" class=\"attachment-large size-large no-lazy\" alt=\"\" srcset=\"https:\/\/galicia.ingenierosnavales.com\/wp-content\/uploads\/2025\/10\/181025_Jornadas-AINE-ENM-2025_Baja-65-1024x683.jpg 1024w, https:\/\/galicia.ingenierosnavales.com\/wp-content\/uploads\/2025\/10\/181025_Jornadas-AINE-ENM-2025_Baja-65-300x200.jpg 300w, https:\/\/galicia.ingenierosnavales.com\/wp-content\/uploads\/2025\/10\/181025_Jornadas-AINE-ENM-2025_Baja-65-768x512.jpg 768w, https:\/\/galicia.ingenierosnavales.com\/wp-content\/uploads\/2025\/10\/181025_Jornadas-AINE-ENM-2025_Baja-65-1536x1024.jpg 1536w, https:\/\/galicia.ingenierosnavales.com\/wp-content\/uploads\/2025\/10\/181025_Jornadas-AINE-ENM-2025_Baja-65.jpg 1900w\" sizes=\"auto, (max-width: 1024px) 100vw, 1024px\" \/><\/a>\n\t\t\t<\/dt><\/dl>\n\t\t\t<br style='clear: both' \/>\n\t\t<\/div>\n\n","protected":false},"excerpt":{"rendered":"<p>El pasado 17 y 18 de octubre, tuvieron lugar en la Escuela Naval Militar de Mar\u00edn (Pontevedra), las VII Jornadas T\u00e9cnicas de colaboraci\u00f3n entre la Asociaci\u00f3n de Ingenieros Navales y Oce\u00e1nicos de Espa\u00f1a (AINE)&#46;&#46;&#46;<\/p>\n","protected":false},"author":2,"featured_media":9305,"comment_status":"open","ping_status":"open","sticky":false,"template":"","format":"standard","meta":{"om_disable_all_campaigns":false,"_monsterinsights_skip_tracking":false,"_monsterinsights_sitenote_active":false,"_monsterinsights_sitenote_note":"","_monsterinsights_sitenote_category":0,"_uf_show_specific_survey":0,"_uf_disable_surveys":false,"footnotes":""},"categories":[1,2],"tags":[49,43,47],"class_list":["post-9304","post","type-post","status-publish","format-standard","has-post-thumbnail","hentry","category-eventos","category-formacion","tag-ingenieros-navales-galicia","tag-noticias-galicia","tag-sector-naval-en-galicia"],"aioseo_notices":[],"yoast_head":"<!-- This site is optimized with the Yoast SEO plugin v24.0 - https:\/\/yoast.com\/wordpress\/plugins\/seo\/ -->\n<title>VII JORNADAS T\u00c9CNICAS AINE-ENM 2025 - Delegaci\u00f3n del COIN en Galicia -<\/title>\n<meta name=\"robots\" content=\"index, follow, max-snippet:-1, max-image-preview:large, max-video-preview:-1\" \/>\n<link rel=\"canonical\" href=\"https:\/\/galicia.ingenierosnavales.com\/index.php\/2025\/10\/21\/vii-jornadas-tecnicas-aine-enm-2025\/\" \/>\n<meta property=\"og:locale\" content=\"es_ES\" \/>\n<meta property=\"og:type\" content=\"article\" \/>\n<meta property=\"og:title\" content=\"VII JORNADAS T\u00c9CNICAS AINE-ENM 2025 - Delegaci\u00f3n del COIN en Galicia -\" \/>\n<meta property=\"og:description\" content=\"El pasado 17 y 18 de octubre, tuvieron lugar en la Escuela Naval Militar de Mar\u00edn (Pontevedra), las VII Jornadas T\u00e9cnicas de colaboraci\u00f3n entre la Asociaci\u00f3n de Ingenieros Navales y Oce\u00e1nicos de Espa\u00f1a (AINE)&#046;&#046;&#046;\" \/>\n<meta property=\"og:url\" content=\"https:\/\/galicia.ingenierosnavales.com\/index.php\/2025\/10\/21\/vii-jornadas-tecnicas-aine-enm-2025\/\" \/>\n<meta property=\"og:site_name\" content=\"Delegaci\u00f3n del COIN en Galicia -\" \/>\n<meta property=\"article:published_time\" content=\"2025-10-21T10:31:38+00:00\" \/>\n<meta property=\"article:modified_time\" content=\"2025-10-23T08:54:49+00:00\" \/>\n<meta property=\"og:image\" content=\"https:\/\/galicia.ingenierosnavales.com\/wp-content\/uploads\/2025\/10\/imagen-fondo.jpg\" \/>\n\t<meta property=\"og:image:width\" content=\"1600\" \/>\n\t<meta property=\"og:image:height\" content=\"800\" \/>\n\t<meta property=\"og:image:type\" content=\"image\/jpeg\" \/>\n<meta name=\"author\" content=\"Delegaci\u00f3n Galicia\" \/>\n<meta name=\"twitter:card\" content=\"summary_large_image\" \/>\n<meta name=\"twitter:label1\" content=\"Escrito por\" \/>\n\t<meta name=\"twitter:data1\" content=\"Delegaci\u00f3n Galicia\" \/>\n\t<meta name=\"twitter:label2\" content=\"Tiempo de lectura\" \/>\n\t<meta name=\"twitter:data2\" content=\"10 minutos\" \/>\n<script type=\"application\/ld+json\" class=\"yoast-schema-graph\">{\"@context\":\"https:\/\/schema.org\",\"@graph\":[{\"@type\":\"Article\",\"@id\":\"https:\/\/galicia.ingenierosnavales.com\/index.php\/2025\/10\/21\/vii-jornadas-tecnicas-aine-enm-2025\/#article\",\"isPartOf\":{\"@id\":\"https:\/\/galicia.ingenierosnavales.com\/index.php\/2025\/10\/21\/vii-jornadas-tecnicas-aine-enm-2025\/\"},\"author\":{\"name\":\"Delegaci\u00f3n Galicia\",\"@id\":\"https:\/\/galicia.ingenierosnavales.com\/#\/schema\/person\/5b19750a916831d424f63e9271d4e51d\"},\"headline\":\"VII JORNADAS T\u00c9CNICAS AINE-ENM 2025\",\"datePublished\":\"2025-10-21T10:31:38+00:00\",\"dateModified\":\"2025-10-23T08:54:49+00:00\",\"mainEntityOfPage\":{\"@id\":\"https:\/\/galicia.ingenierosnavales.com\/index.php\/2025\/10\/21\/vii-jornadas-tecnicas-aine-enm-2025\/\"},\"wordCount\":2197,\"commentCount\":0,\"publisher\":{\"@id\":\"https:\/\/galicia.ingenierosnavales.com\/#organization\"},\"image\":{\"@id\":\"https:\/\/galicia.ingenierosnavales.com\/index.php\/2025\/10\/21\/vii-jornadas-tecnicas-aine-enm-2025\/#primaryimage\"},\"thumbnailUrl\":\"https:\/\/galicia.ingenierosnavales.com\/wp-content\/uploads\/2025\/10\/imagen-fondo.jpg\",\"keywords\":[\"Ingenieros Navales Galicia\",\"Noticias Galicia\",\"sector naval en Galicia\"],\"articleSection\":[\"Eventos\",\"Formaci\u00f3n\"],\"inLanguage\":\"es\",\"potentialAction\":[{\"@type\":\"CommentAction\",\"name\":\"Comment\",\"target\":[\"https:\/\/galicia.ingenierosnavales.com\/index.php\/2025\/10\/21\/vii-jornadas-tecnicas-aine-enm-2025\/#respond\"]}]},{\"@type\":\"WebPage\",\"@id\":\"https:\/\/galicia.ingenierosnavales.com\/index.php\/2025\/10\/21\/vii-jornadas-tecnicas-aine-enm-2025\/\",\"url\":\"https:\/\/galicia.ingenierosnavales.com\/index.php\/2025\/10\/21\/vii-jornadas-tecnicas-aine-enm-2025\/\",\"name\":\"VII JORNADAS T\u00c9CNICAS AINE-ENM 2025 - Delegaci\u00f3n del COIN en Galicia -\",\"isPartOf\":{\"@id\":\"https:\/\/galicia.ingenierosnavales.com\/#website\"},\"primaryImageOfPage\":{\"@id\":\"https:\/\/galicia.ingenierosnavales.com\/index.php\/2025\/10\/21\/vii-jornadas-tecnicas-aine-enm-2025\/#primaryimage\"},\"image\":{\"@id\":\"https:\/\/galicia.ingenierosnavales.com\/index.php\/2025\/10\/21\/vii-jornadas-tecnicas-aine-enm-2025\/#primaryimage\"},\"thumbnailUrl\":\"https:\/\/galicia.ingenierosnavales.com\/wp-content\/uploads\/2025\/10\/imagen-fondo.jpg\",\"datePublished\":\"2025-10-21T10:31:38+00:00\",\"dateModified\":\"2025-10-23T08:54:49+00:00\",\"breadcrumb\":{\"@id\":\"https:\/\/galicia.ingenierosnavales.com\/index.php\/2025\/10\/21\/vii-jornadas-tecnicas-aine-enm-2025\/#breadcrumb\"},\"inLanguage\":\"es\",\"potentialAction\":[{\"@type\":\"ReadAction\",\"target\":[\"https:\/\/galicia.ingenierosnavales.com\/index.php\/2025\/10\/21\/vii-jornadas-tecnicas-aine-enm-2025\/\"]}]},{\"@type\":\"ImageObject\",\"inLanguage\":\"es\",\"@id\":\"https:\/\/galicia.ingenierosnavales.com\/index.php\/2025\/10\/21\/vii-jornadas-tecnicas-aine-enm-2025\/#primaryimage\",\"url\":\"https:\/\/galicia.ingenierosnavales.com\/wp-content\/uploads\/2025\/10\/imagen-fondo.jpg\",\"contentUrl\":\"https:\/\/galicia.ingenierosnavales.com\/wp-content\/uploads\/2025\/10\/imagen-fondo.jpg\",\"width\":1600,\"height\":800},{\"@type\":\"BreadcrumbList\",\"@id\":\"https:\/\/galicia.ingenierosnavales.com\/index.php\/2025\/10\/21\/vii-jornadas-tecnicas-aine-enm-2025\/#breadcrumb\",\"itemListElement\":[{\"@type\":\"ListItem\",\"position\":1,\"name\":\"Home\",\"item\":\"https:\/\/galicia.ingenierosnavales.com\/\"},{\"@type\":\"ListItem\",\"position\":2,\"name\":\"VII JORNADAS T\u00c9CNICAS AINE-ENM 2025\"}]},{\"@type\":\"WebSite\",\"@id\":\"https:\/\/galicia.ingenierosnavales.com\/#website\",\"url\":\"https:\/\/galicia.ingenierosnavales.com\/\",\"name\":\"Delegaci\u00f3n del COIN en Galicia -\",\"description\":\"\",\"publisher\":{\"@id\":\"https:\/\/galicia.ingenierosnavales.com\/#organization\"},\"potentialAction\":[{\"@type\":\"SearchAction\",\"target\":{\"@type\":\"EntryPoint\",\"urlTemplate\":\"https:\/\/galicia.ingenierosnavales.com\/?s={search_term_string}\"},\"query-input\":{\"@type\":\"PropertyValueSpecification\",\"valueRequired\":true,\"valueName\":\"search_term_string\"}}],\"inLanguage\":\"es\"},{\"@type\":\"Organization\",\"@id\":\"https:\/\/galicia.ingenierosnavales.com\/#organization\",\"name\":\"Delegaci\u00f3n del COIN en Galicia -\",\"url\":\"https:\/\/galicia.ingenierosnavales.com\/\",\"logo\":{\"@type\":\"ImageObject\",\"inLanguage\":\"es\",\"@id\":\"https:\/\/galicia.ingenierosnavales.com\/#\/schema\/logo\/image\/\",\"url\":\"https:\/\/galicia.ingenierosnavales.com\/wp-content\/uploads\/2022\/03\/logo_2-1.png\",\"contentUrl\":\"https:\/\/galicia.ingenierosnavales.com\/wp-content\/uploads\/2022\/03\/logo_2-1.png\",\"width\":240,\"height\":94,\"caption\":\"Delegaci\u00f3n del COIN en Galicia - \"},\"image\":{\"@id\":\"https:\/\/galicia.ingenierosnavales.com\/#\/schema\/logo\/image\/\"}},{\"@type\":\"Person\",\"@id\":\"https:\/\/galicia.ingenierosnavales.com\/#\/schema\/person\/5b19750a916831d424f63e9271d4e51d\",\"name\":\"Delegaci\u00f3n Galicia\",\"image\":{\"@type\":\"ImageObject\",\"inLanguage\":\"es\",\"@id\":\"https:\/\/galicia.ingenierosnavales.com\/#\/schema\/person\/image\/\",\"url\":\"https:\/\/secure.gravatar.com\/avatar\/8ba9b1dd96c7effddd31fcf63bf8cc7f?s=96&d=mm&r=g\",\"contentUrl\":\"https:\/\/secure.gravatar.com\/avatar\/8ba9b1dd96c7effddd31fcf63bf8cc7f?s=96&d=mm&r=g\",\"caption\":\"Delegaci\u00f3n Galicia\"},\"url\":\"https:\/\/galicia.ingenierosnavales.com\/index.php\/author\/galicia\/\"}]}<\/script>\n<!-- \/ Yoast SEO plugin. -->","yoast_head_json":{"title":"VII JORNADAS T\u00c9CNICAS AINE-ENM 2025 - Delegaci\u00f3n del COIN en Galicia -","robots":{"index":"index","follow":"follow","max-snippet":"max-snippet:-1","max-image-preview":"max-image-preview:large","max-video-preview":"max-video-preview:-1"},"canonical":"https:\/\/galicia.ingenierosnavales.com\/index.php\/2025\/10\/21\/vii-jornadas-tecnicas-aine-enm-2025\/","og_locale":"es_ES","og_type":"article","og_title":"VII JORNADAS T\u00c9CNICAS AINE-ENM 2025 - Delegaci\u00f3n del COIN en Galicia -","og_description":"El pasado 17 y 18 de octubre, tuvieron lugar en la Escuela Naval Militar de Mar\u00edn (Pontevedra), las VII Jornadas T\u00e9cnicas de colaboraci\u00f3n entre la Asociaci\u00f3n de Ingenieros Navales y Oce\u00e1nicos de Espa\u00f1a (AINE)&#46;&#46;&#46;","og_url":"https:\/\/galicia.ingenierosnavales.com\/index.php\/2025\/10\/21\/vii-jornadas-tecnicas-aine-enm-2025\/","og_site_name":"Delegaci\u00f3n del COIN en Galicia -","article_published_time":"2025-10-21T10:31:38+00:00","article_modified_time":"2025-10-23T08:54:49+00:00","og_image":[{"width":1600,"height":800,"url":"https:\/\/galicia.ingenierosnavales.com\/wp-content\/uploads\/2025\/10\/imagen-fondo.jpg","type":"image\/jpeg"}],"author":"Delegaci\u00f3n Galicia","twitter_card":"summary_large_image","twitter_misc":{"Escrito por":"Delegaci\u00f3n Galicia","Tiempo de lectura":"10 minutos"},"schema":{"@context":"https:\/\/schema.org","@graph":[{"@type":"Article","@id":"https:\/\/galicia.ingenierosnavales.com\/index.php\/2025\/10\/21\/vii-jornadas-tecnicas-aine-enm-2025\/#article","isPartOf":{"@id":"https:\/\/galicia.ingenierosnavales.com\/index.php\/2025\/10\/21\/vii-jornadas-tecnicas-aine-enm-2025\/"},"author":{"name":"Delegaci\u00f3n Galicia","@id":"https:\/\/galicia.ingenierosnavales.com\/#\/schema\/person\/5b19750a916831d424f63e9271d4e51d"},"headline":"VII JORNADAS T\u00c9CNICAS AINE-ENM 2025","datePublished":"2025-10-21T10:31:38+00:00","dateModified":"2025-10-23T08:54:49+00:00","mainEntityOfPage":{"@id":"https:\/\/galicia.ingenierosnavales.com\/index.php\/2025\/10\/21\/vii-jornadas-tecnicas-aine-enm-2025\/"},"wordCount":2197,"commentCount":0,"publisher":{"@id":"https:\/\/galicia.ingenierosnavales.com\/#organization"},"image":{"@id":"https:\/\/galicia.ingenierosnavales.com\/index.php\/2025\/10\/21\/vii-jornadas-tecnicas-aine-enm-2025\/#primaryimage"},"thumbnailUrl":"https:\/\/galicia.ingenierosnavales.com\/wp-content\/uploads\/2025\/10\/imagen-fondo.jpg","keywords":["Ingenieros Navales Galicia","Noticias Galicia","sector naval en Galicia"],"articleSection":["Eventos","Formaci\u00f3n"],"inLanguage":"es","potentialAction":[{"@type":"CommentAction","name":"Comment","target":["https:\/\/galicia.ingenierosnavales.com\/index.php\/2025\/10\/21\/vii-jornadas-tecnicas-aine-enm-2025\/#respond"]}]},{"@type":"WebPage","@id":"https:\/\/galicia.ingenierosnavales.com\/index.php\/2025\/10\/21\/vii-jornadas-tecnicas-aine-enm-2025\/","url":"https:\/\/galicia.ingenierosnavales.com\/index.php\/2025\/10\/21\/vii-jornadas-tecnicas-aine-enm-2025\/","name":"VII JORNADAS T\u00c9CNICAS AINE-ENM 2025 - Delegaci\u00f3n del COIN en Galicia -","isPartOf":{"@id":"https:\/\/galicia.ingenierosnavales.com\/#website"},"primaryImageOfPage":{"@id":"https:\/\/galicia.ingenierosnavales.com\/index.php\/2025\/10\/21\/vii-jornadas-tecnicas-aine-enm-2025\/#primaryimage"},"image":{"@id":"https:\/\/galicia.ingenierosnavales.com\/index.php\/2025\/10\/21\/vii-jornadas-tecnicas-aine-enm-2025\/#primaryimage"},"thumbnailUrl":"https:\/\/galicia.ingenierosnavales.com\/wp-content\/uploads\/2025\/10\/imagen-fondo.jpg","datePublished":"2025-10-21T10:31:38+00:00","dateModified":"2025-10-23T08:54:49+00:00","breadcrumb":{"@id":"https:\/\/galicia.ingenierosnavales.com\/index.php\/2025\/10\/21\/vii-jornadas-tecnicas-aine-enm-2025\/#breadcrumb"},"inLanguage":"es","potentialAction":[{"@type":"ReadAction","target":["https:\/\/galicia.ingenierosnavales.com\/index.php\/2025\/10\/21\/vii-jornadas-tecnicas-aine-enm-2025\/"]}]},{"@type":"ImageObject","inLanguage":"es","@id":"https:\/\/galicia.ingenierosnavales.com\/index.php\/2025\/10\/21\/vii-jornadas-tecnicas-aine-enm-2025\/#primaryimage","url":"https:\/\/galicia.ingenierosnavales.com\/wp-content\/uploads\/2025\/10\/imagen-fondo.jpg","contentUrl":"https:\/\/galicia.ingenierosnavales.com\/wp-content\/uploads\/2025\/10\/imagen-fondo.jpg","width":1600,"height":800},{"@type":"BreadcrumbList","@id":"https:\/\/galicia.ingenierosnavales.com\/index.php\/2025\/10\/21\/vii-jornadas-tecnicas-aine-enm-2025\/#breadcrumb","itemListElement":[{"@type":"ListItem","position":1,"name":"Home","item":"https:\/\/galicia.ingenierosnavales.com\/"},{"@type":"ListItem","position":2,"name":"VII JORNADAS T\u00c9CNICAS AINE-ENM 2025"}]},{"@type":"WebSite","@id":"https:\/\/galicia.ingenierosnavales.com\/#website","url":"https:\/\/galicia.ingenierosnavales.com\/","name":"Delegaci\u00f3n del COIN en Galicia -","description":"","publisher":{"@id":"https:\/\/galicia.ingenierosnavales.com\/#organization"},"potentialAction":[{"@type":"SearchAction","target":{"@type":"EntryPoint","urlTemplate":"https:\/\/galicia.ingenierosnavales.com\/?s={search_term_string}"},"query-input":{"@type":"PropertyValueSpecification","valueRequired":true,"valueName":"search_term_string"}}],"inLanguage":"es"},{"@type":"Organization","@id":"https:\/\/galicia.ingenierosnavales.com\/#organization","name":"Delegaci\u00f3n del COIN en Galicia -","url":"https:\/\/galicia.ingenierosnavales.com\/","logo":{"@type":"ImageObject","inLanguage":"es","@id":"https:\/\/galicia.ingenierosnavales.com\/#\/schema\/logo\/image\/","url":"https:\/\/galicia.ingenierosnavales.com\/wp-content\/uploads\/2022\/03\/logo_2-1.png","contentUrl":"https:\/\/galicia.ingenierosnavales.com\/wp-content\/uploads\/2022\/03\/logo_2-1.png","width":240,"height":94,"caption":"Delegaci\u00f3n del COIN en Galicia - "},"image":{"@id":"https:\/\/galicia.ingenierosnavales.com\/#\/schema\/logo\/image\/"}},{"@type":"Person","@id":"https:\/\/galicia.ingenierosnavales.com\/#\/schema\/person\/5b19750a916831d424f63e9271d4e51d","name":"Delegaci\u00f3n Galicia","image":{"@type":"ImageObject","inLanguage":"es","@id":"https:\/\/galicia.ingenierosnavales.com\/#\/schema\/person\/image\/","url":"https:\/\/secure.gravatar.com\/avatar\/8ba9b1dd96c7effddd31fcf63bf8cc7f?s=96&d=mm&r=g","contentUrl":"https:\/\/secure.gravatar.com\/avatar\/8ba9b1dd96c7effddd31fcf63bf8cc7f?s=96&d=mm&r=g","caption":"Delegaci\u00f3n Galicia"},"url":"https:\/\/galicia.ingenierosnavales.com\/index.php\/author\/galicia\/"}]}},"_links":{"self":[{"href":"https:\/\/galicia.ingenierosnavales.com\/index.php\/wp-json\/wp\/v2\/posts\/9304","targetHints":{"allow":["GET"]}}],"collection":[{"href":"https:\/\/galicia.ingenierosnavales.com\/index.php\/wp-json\/wp\/v2\/posts"}],"about":[{"href":"https:\/\/galicia.ingenierosnavales.com\/index.php\/wp-json\/wp\/v2\/types\/post"}],"author":[{"embeddable":true,"href":"https:\/\/galicia.ingenierosnavales.com\/index.php\/wp-json\/wp\/v2\/users\/2"}],"replies":[{"embeddable":true,"href":"https:\/\/galicia.ingenierosnavales.com\/index.php\/wp-json\/wp\/v2\/comments?post=9304"}],"version-history":[{"count":10,"href":"https:\/\/galicia.ingenierosnavales.com\/index.php\/wp-json\/wp\/v2\/posts\/9304\/revisions"}],"predecessor-version":[{"id":9433,"href":"https:\/\/galicia.ingenierosnavales.com\/index.php\/wp-json\/wp\/v2\/posts\/9304\/revisions\/9433"}],"wp:featuredmedia":[{"embeddable":true,"href":"https:\/\/galicia.ingenierosnavales.com\/index.php\/wp-json\/wp\/v2\/media\/9305"}],"wp:attachment":[{"href":"https:\/\/galicia.ingenierosnavales.com\/index.php\/wp-json\/wp\/v2\/media?parent=9304"}],"wp:term":[{"taxonomy":"category","embeddable":true,"href":"https:\/\/galicia.ingenierosnavales.com\/index.php\/wp-json\/wp\/v2\/categories?post=9304"},{"taxonomy":"post_tag","embeddable":true,"href":"https:\/\/galicia.ingenierosnavales.com\/index.php\/wp-json\/wp\/v2\/tags?post=9304"}],"curies":[{"name":"wp","href":"https:\/\/api.w.org\/{rel}","templated":true}]}}