{"id":9111,"date":"2025-09-17T11:19:07","date_gmt":"2025-09-17T11:19:07","guid":{"rendered":"https:\/\/galicia.ingenierosnavales.com\/?p=9111"},"modified":"2025-09-17T11:54:32","modified_gmt":"2025-09-17T11:54:32","slug":"resena-de-la-jornada-sobre-carpinteiros-de-ribeira-10-de-septiembre","status":"publish","type":"post","link":"https:\/\/galicia.ingenierosnavales.com\/index.php\/2025\/09\/17\/resena-de-la-jornada-sobre-carpinteiros-de-ribeira-10-de-septiembre\/","title":{"rendered":"Rese\u00f1a de la Jornada sobre \u00abCarpinteiros de Ribeira\u00bb, 10 de septiembre"},"content":{"rendered":"<p><img loading=\"lazy\" decoding=\"async\" class=\"aligncenter wp-image-9028 \" src=\"https:\/\/galicia.ingenierosnavales.com\/wp-content\/uploads\/2025\/09\/DSC9038-1024x683.jpg\" alt=\"\" width=\"736\" height=\"491\" srcset=\"https:\/\/galicia.ingenierosnavales.com\/wp-content\/uploads\/2025\/09\/DSC9038-1024x683.jpg 1024w, https:\/\/galicia.ingenierosnavales.com\/wp-content\/uploads\/2025\/09\/DSC9038-300x200.jpg 300w, https:\/\/galicia.ingenierosnavales.com\/wp-content\/uploads\/2025\/09\/DSC9038-768x512.jpg 768w, https:\/\/galicia.ingenierosnavales.com\/wp-content\/uploads\/2025\/09\/DSC9038-1536x1024.jpg 1536w, https:\/\/galicia.ingenierosnavales.com\/wp-content\/uploads\/2025\/09\/DSC9038-2048x1365.jpg 2048w\" sizes=\"auto, (max-width: 736px) 100vw, 736px\" \/><\/p>\n<p>&nbsp;<\/p>\n<p>El pasado 10 de Septiembre y organizado por la delegaci\u00f3n Territorial del Colegio y de la Asociaci\u00f3n de Ingenieros Navales y Oce\u00e1nicos de Espa\u00f1a, se celebr\u00f3 en la sala Carlos III de Exponav, una sesi\u00f3n monogr\u00e1fica dedicada a la <strong>Carpinter\u00eda de Ribeira, <\/strong>gremio que actualmente se ocupa de la construcci\u00f3n artesanal y reparaci\u00f3n, igualmente artesanal, de peque\u00f1as embarcaciones en madera, pero que durante varios siglos y ha llevado el peso de la Construcci\u00f3n Naval en Espa\u00f1a.<\/p>\n<p><a href=\"https:\/\/www.youtube.com\/watch?v=DtOh0U9oq9s&amp;t=49s\"><img loading=\"lazy\" decoding=\"async\" class=\"size-medium wp-image-8963 aligncenter\" src=\"https:\/\/galicia.ingenierosnavales.com\/wp-content\/uploads\/2025\/08\/Banner-Carpinteiros-de-Ribeira-1-300x172.png\" alt=\"\" width=\"300\" height=\"172\" srcset=\"https:\/\/galicia.ingenierosnavales.com\/wp-content\/uploads\/2025\/08\/Banner-Carpinteiros-de-Ribeira-1-300x172.png 300w, https:\/\/galicia.ingenierosnavales.com\/wp-content\/uploads\/2025\/08\/Banner-Carpinteiros-de-Ribeira-1-1024x587.png 1024w, https:\/\/galicia.ingenierosnavales.com\/wp-content\/uploads\/2025\/08\/Banner-Carpinteiros-de-Ribeira-1-768x440.png 768w, https:\/\/galicia.ingenierosnavales.com\/wp-content\/uploads\/2025\/08\/Banner-Carpinteiros-de-Ribeira-1.png 1031w\" sizes=\"auto, (max-width: 300px) 100vw, 300px\" \/><\/a><\/p>\n<p>La jornada se inici\u00f3 con un acto de bienvenida a cargo del Decano Territorial D. Jorge Dahl, el Gerente de Exponav D.\u00a0 Rafael Su\u00e1rez y el Presidente de AGALCARI (Asociaci\u00f3n Galega de Carpinter\u00eda de Ribeira) D. Ram\u00f3n Collazo.<\/p>\n<p>La sesi\u00f3n se celebr\u00f3 un d\u00eda antes de la botadura de la Fragata Bonifaz, tercera unidad en la Armada con este nombre, y buque que es un claro exponente del estado del arte a nivel mundial de la Tecnolog\u00eda y de la Construcci\u00f3n Naval.<\/p>\n<p>En su introducci\u00f3n Jorge Dahl record\u00f3 a los presentes que Ram\u00f3n Bonifaz, mercader, marino y primer Almirante de Castilla, comand\u00f3 una flota de trece naves y tres galeras que contribuy\u00f3 de forma significativa a la conquista de Sevilla en 1248. Flota construida \u00edntegramente en los Astilleros C\u00e1ntabros (Guarnizo, Santo\u00f1a, Colindres) que, ya en el siglo XIII, destacaban por la robustez de sus construcciones. El Astillero de Guarnizo se convirti\u00f3 con el tiempo en \u201cla Joya de la Corona\u201d. En este Astillero, y posteriormente en los Arsenales de la Armada, en los que jug\u00f3 un papel predominante el Arsenal de Ferrol, se construyeron en los Siglos XVI y XVII, y las mejores unidades entregadas a al Real Armada.<\/p>\n<p>Estos arsenales, y los astilleros que crecieron a su amparo, fueron evolucionando progresivamente, desde los conocimientos adquiridos y t\u00e9cnicas utilizadas como Carpinteros de Ribera, a los astilleros de principios del siglo XX y actuales, capaces de dise\u00f1ar construir y entregar buques como el que se botar\u00e1 ma\u00f1ana.<\/p>\n<p>Rafael Su\u00e1rez se\u00f1al\u00f3, al igual que ya lo hab\u00eda hecho Jorge Dahl, la necesidad de estas charlas, ya que existe un desconocimiento bastante generalizado entre los Ingenieros Navales de la historia de la Carpinter\u00eda de Ribera, de las t\u00e9cnicas de construcci\u00f3n utilizadas por este gremio, de la capacidad actual de estos Astilleros, o mejor dicho de estas Carpinter\u00edas, de sus planes de innovaci\u00f3n, y en general de este gremio, origen de los Astilleros que a lo largo de la primera mitad del siglo XX fueron desarrollando la Construcci\u00f3n Naval Espa\u00f1ola a los niveles actuales que los sit\u00faan a la altura de cualquier Astillero Europeo o Mundial.<\/p>\n<p>Tambi\u00e9n hizo hincapi\u00e9 Rafael, en la divulgaci\u00f3n que desde EXPONAV se hace de esta actividad, habi\u00e9ndose dedicado una de las salas del museo a la Carpinter\u00eda de Ribeira.<\/p>\n<p>Ram\u00f3n Collazo, desde su posici\u00f3n como Presidente de AGALCARI, (asociaci\u00f3n que representa a la totalidad de las Carpinter\u00edas de Ribeira en la Comunidad Gallega) expuso su visi\u00f3n sobre el momento que vive la Carpinter\u00eda de Ribera, que a su juicio se encuentra en una situaci\u00f3n dif\u00edcil y que precisa de una reflexi\u00f3n a todos los niveles para discutir las v\u00edas de innovaci\u00f3n y sostenibilidad que aseguren la supervivencia y relevancia de la Carpinter\u00eda de Ribera en el siglo XXI.<\/p>\n<p>Comenz\u00f3 su andadura profesional como \u201cMestre Carpinteiro de Riveira\u201d hace 40 a\u00f1os, en un momento en que Galicia estaba salpicada por este tipo de instalaciones, con 15 de ellas solo en Rianxo. Hoy solo quedan 12 en Galicia y solo 3 de ellas son capaces de construir unidades de cierto porte.<\/p>\n<p>Las ayudas fijadas por la Xunta de Galicia para la construcci\u00f3n de buques de pesca de bajura y unidades de apoyo a las bateas, han primado, en su opini\u00f3n, la construcci\u00f3n de estas unidades en fibra o acero, a pesar del baj\u00edsimo impacto medioambiental que tiene la construcci\u00f3n en madera.<\/p>\n<p>AGALCARI creada en 2007, se fij\u00f3 como uno de sus objetivos la redacci\u00f3n de un \u201cReglamento de Construcci\u00f3n Naval en Madera\u201d que reemplazase al existente incorporando los avances tecnol\u00f3gicos, as\u00ed como la creaci\u00f3n de un sello de Calidad en Construcci\u00f3n naval en madera. Ese Reglamento y Certificaci\u00f3n est\u00e1n pendiente de aprobaci\u00f3n por las autoridades competentes.<\/p>\n<p>Indic\u00f3 por \u00faltimo la necesidad de un relevo generacional que asegure la continuidad de este gremio, y entre otras cosas la conservaci\u00f3n de las m\u00e1s de 2.000 embarcaciones de distinto tipo que constituyen el Patrimonio cultural asociado a esta actividad.<\/p>\n<p><img loading=\"lazy\" decoding=\"async\" class=\"wp-image-9105 aligncenter\" src=\"https:\/\/galicia.ingenierosnavales.com\/wp-content\/uploads\/2025\/09\/DSC9374-1024x683.jpg\" alt=\"\" width=\"724\" height=\"483\" srcset=\"https:\/\/galicia.ingenierosnavales.com\/wp-content\/uploads\/2025\/09\/DSC9374-1024x683.jpg 1024w, https:\/\/galicia.ingenierosnavales.com\/wp-content\/uploads\/2025\/09\/DSC9374-300x200.jpg 300w, https:\/\/galicia.ingenierosnavales.com\/wp-content\/uploads\/2025\/09\/DSC9374-768x512.jpg 768w, https:\/\/galicia.ingenierosnavales.com\/wp-content\/uploads\/2025\/09\/DSC9374-1536x1024.jpg 1536w, https:\/\/galicia.ingenierosnavales.com\/wp-content\/uploads\/2025\/09\/DSC9374-2048x1365.jpg 2048w\" sizes=\"auto, (max-width: 724px) 100vw, 724px\" \/><\/p>\n<h6 style=\"text-align: center;\"><em>Ponentes y representantes de la Delegaci\u00f3n Territorial: Jos\u00e9 M.\u00aa De Juan-Garc\u00eda, Rafael Suarez, Gerardo Tri\u00f1anes, M.\u00aa. Azahara Soil\u00e1n, Ramon Collazo, Beatriz Spuch, Jorge Dahl<\/em><\/h6>\n<p>Jos\u00e9 Mar\u00eda de Juan-Garc\u00eda, Doctor Ingeniero Naval, \u00a0inici\u00f3 su ponencia\u00a0 \u201cLa Carpinter\u00eda de Ribeira en la R\u00eda de Ferrol en la historia de la Carpinter\u00eda de Ribeira en la R\u00eda de Ferrol\u201d, se\u00f1alando los dos frentes en los que se desarrollaba la construcci\u00f3n naval en madera en los siglos XIX y XX en Galicia. Por un lado, los Astilleros, que constru\u00edan bas\u00e1ndose en planos, ten\u00edan plantilla estable en los diferentes gremios y realizaban los montajes mec\u00e1nicos en sus talleres y con sus medios propios, y por otro la Carpinter\u00eda de ribera artesanal que trabajaban en galpones o incluso en su casa, bas\u00e1ndose en medios modelos del casco, se reg\u00eda por el sistema de trabajadores aut\u00f3nomos y los montajes se realizaban por talleres mec\u00e1nicos ajenos.<\/p>\n<p>El gremio de los Carpinteros de Ribera no solo estaba formado por carpinteros, sino tambi\u00e9n por calafates, mec\u00e1nicos, veleros, etc. Gozaban de reconocido prestigio, como muestra de ello cabe se\u00f1alar que al llegar los ingleses a Ferrol y hacerse con el control de los Astilleros, mantuvieron en su puesto al Maestro Enrique D\u00edaz.<\/p>\n<p>La ponencia tambi\u00e9n detall\u00f3 el sistema de construcci\u00f3n utilizado por este gremio: el buque se construye siguiendo el sistema de construcci\u00f3n de \u201cVareta\u201d, (forro primero cuadernas despu\u00e9s), consistente en fijar el forro sobre un molde y fijando luego al forro las varengas, una vez que se les da forma mediante un ba\u00f1o de vapor.<\/p>\n<p>Jos\u00e9 Mar\u00eda hizo una rese\u00f1a de las distintas Carpinter\u00edas de Ribeira de Ferrol, Fene, Mugardos, Neda y La Gra\u00f1a, as\u00ed como un ejemplo de los Botes y Barcos construidos.<\/p>\n<p>Como ejemplo de embarcaciones construidas cabe citar, Pesqueros, Bucetas, Gamelas, Chalanas, Pailebotes, (buque de 25 metros de eslora con 3 o 2 palos con vela trapezoidal y escandalosa, dedicado al transporte de mercanc\u00edas), Minuetas (bote de dedicado al servicio interior en los distintos arsenales de la Armada, de 7,9 metros de eslora), Trincados (de 16 a 20 metros de eslora para el transporte de mercanc\u00eda, dos buque hidrogr\u00e1ficos para cruceros y otras unidades construidas en Ferrol), y las dos unidades encargadas por Antonio Fern\u00e1ndez Fern\u00e1ndez, el \u201cAdriano I (1927) y el \u201cAdriano II (1932) que durante a\u00f1os transportaron a los Gaditanos desde C\u00e1diz al Puerto y conocidos Popularmente como \u201cElo Vaporcito del Puerto\u201d<\/p>\n<p><img loading=\"lazy\" decoding=\"async\" class=\"aligncenter wp-image-9023 size-full\" src=\"https:\/\/galicia.ingenierosnavales.com\/wp-content\/uploads\/2025\/09\/Imagen1.png\" alt=\"\" width=\"562\" height=\"392\" srcset=\"https:\/\/galicia.ingenierosnavales.com\/wp-content\/uploads\/2025\/09\/Imagen1.png 562w, https:\/\/galicia.ingenierosnavales.com\/wp-content\/uploads\/2025\/09\/Imagen1-300x209.png 300w\" sizes=\"auto, (max-width: 562px) 100vw, 562px\" \/><\/p>\n<p><img loading=\"lazy\" decoding=\"async\" class=\"aligncenter wp-image-9024 size-full\" src=\"https:\/\/galicia.ingenierosnavales.com\/wp-content\/uploads\/2025\/09\/Imagen2.png\" alt=\"\" width=\"660\" height=\"490\" srcset=\"https:\/\/galicia.ingenierosnavales.com\/wp-content\/uploads\/2025\/09\/Imagen2.png 660w, https:\/\/galicia.ingenierosnavales.com\/wp-content\/uploads\/2025\/09\/Imagen2-300x223.png 300w\" sizes=\"auto, (max-width: 660px) 100vw, 660px\" \/><\/p>\n<p>Azahara Soil\u00e1n, Doctora Ingeniera de Montes centr\u00f3 su ponencia, \u201cLa Madera en la Construcci\u00f3n Naval\u201d, en las\u00a0caracter\u00edsticas de la madera como material, haciendo un repaso por las propiedades f\u00edsicas y mec\u00e1nicas que caracterizan su comportamiento como material estructural y que la hacen id\u00f3nea para su utilizaci\u00f3n en la construcci\u00f3n naval. Asimismo, Azahara repaso las particularidades de las especies locales m\u00e1s empleadas en la \u201ccarpinter\u00eda de Riveira\u201d,\u00a0as\u00ed como aquellos aspectos que condicionan el \u00e9xito en su utilizaci\u00f3n. Adem\u00e1s, la ponencia abord\u00f3 otros aspectos de la fabricaci\u00f3n de productos derivados de la madera, con la durabilidad y la huella ecol\u00f3gica de los materiales.<\/p>\n<p><img loading=\"lazy\" decoding=\"async\" class=\"aligncenter wp-image-9025 size-full\" src=\"https:\/\/galicia.ingenierosnavales.com\/wp-content\/uploads\/2025\/09\/Imagen3.png\" alt=\"\" width=\"709\" height=\"364\" srcset=\"https:\/\/galicia.ingenierosnavales.com\/wp-content\/uploads\/2025\/09\/Imagen3.png 709w, https:\/\/galicia.ingenierosnavales.com\/wp-content\/uploads\/2025\/09\/Imagen3-300x154.png 300w\" sizes=\"auto, (max-width: 709px) 100vw, 709px\" \/><\/p>\n<p>La \u00faltima ponencia \u201cCarpinter\u00eda de Ribeira en el Siglo XXI, Situaci\u00f3n y Retos\u201d desarrollada por Gerardo Tri\u00f1anes, \u201cMestre Carpinteiro de Ribeira\u201d nos ofreci\u00f3 a una descripci\u00f3n de la situaci\u00f3n actual de la carpinter\u00eda de Ribeira en Galicia, a la que considero como \u201cde naufragio\u201d. El ponente subray\u00f3 el valor de la Carpinter\u00eda de Ribera como un Valor patrimonial y un valor de futuro que es preciso potenciar y conservar. Se\u00f1alo el Plan Estrat\u00e9gico presentado a la Xunta encaminado a proteger las t\u00e9cnicas tradicionales de la Carpinter\u00eda de Ribera, garantizar su continuidad y reconocer institucionalmente el papel del \u201cMestre Carpinteros de Ribeira\u201d<\/p>\n<p>La Carpinter\u00eda de Ribeira se ha declarado como un Bien de Inter\u00e9s Cultural, con m\u00e1s efectos \u201crom\u00e1nticos y culturales\u201d que pr\u00e1cticos. Un hito que valoriza este patrimonio inmaterial, pero que tambi\u00e9n plantea nuevos retos y objetivos.<\/p>\n<p>Indic\u00f3 tambi\u00e9n la necesidad de actualizar el Reglamento de inspecciones que se\u00f1ala la obligatoriedad de varadas anuales.<\/p>\n<p>Finalmente, la explor\u00f3 las posibilidades que ofrecen las nuevas tecnolog\u00edas (realidad virtual, corte CNC, nuevos materiales, tableros marinos, Epoxi, sistema de vac\u00edo, dise\u00f1os actualizados) y la proyecci\u00f3n de futuro de la carpinter\u00eda de Ribera, buscando c\u00f3mo este oficio tradicional puede adaptarse y encontrar su espacio en el presente y el futuro, indicando la identificaci\u00f3n de esta profesi\u00f3n con los requisitos de la Agenda 20\/30.<\/p>\n<p><img loading=\"lazy\" decoding=\"async\" class=\"aligncenter wp-image-9026 size-full\" src=\"https:\/\/galicia.ingenierosnavales.com\/wp-content\/uploads\/2025\/09\/Imagen4.png\" alt=\"\" width=\"709\" height=\"467\" srcset=\"https:\/\/galicia.ingenierosnavales.com\/wp-content\/uploads\/2025\/09\/Imagen4.png 709w, https:\/\/galicia.ingenierosnavales.com\/wp-content\/uploads\/2025\/09\/Imagen4-300x198.png 300w\" sizes=\"auto, (max-width: 709px) 100vw, 709px\" \/><\/p>\n<p>&nbsp;<\/p>\n<p>Tras las ponencias se celebr\u00f3 una mesa redonda, con gran participaci\u00f3n y alto n\u00famero de preguntas por parte de los asistentes y concluy\u00f3 con unas palabras por parte de la Vicedecana D.\u00aa Beatriz Spuch, que resumi\u00f3 la jornada, subray\u00f3 las conclusiones de la sesi\u00f3n y termin\u00f3 agradeciendo a los ponentes y asistentes su presencia en la sala.<\/p>\n<p style=\"text-align: center;\"><strong><em><u>GALER\u00cdA DE IM\u00c1GENES<\/u><\/em><\/strong><\/p>\n\n\t\t<style>\n\t\t\t#gallery-1 {\n\t\t\t\tmargin: auto;\n\t\t\t}\n\t\t\t#gallery-1 .gallery-item {\n\t\t\t\tfloat: left;\n\t\t\t\tmargin-top: 10px;\n\t\t\t\ttext-align: center;\n\t\t\t\twidth: 33%;\n\t\t\t}\n\t\t\t#gallery-1 img {\n\t\t\t\tborder: 2px solid #cfcfcf;\n\t\t\t}\n\t\t\t#gallery-1 .gallery-caption {\n\t\t\t\tmargin-left: 0;\n\t\t\t}\n\t\t\t\/* see gallery_shortcode() in wp-includes\/media.php *\/\n\t\t<\/style>\n\t\t<div id='gallery-1' class='gallery galleryid-9111 gallery-columns-3 gallery-size-full'><dl class='gallery-item'>\n\t\t\t<dt class='gallery-icon landscape'>\n\t\t\t\t<a href='https:\/\/galicia.ingenierosnavales.com\/index.php\/2025\/09\/17\/resena-xornada-carpinteiros-de-ribeira-10-de-setembro\/_dsc9374\/'><img loading=\"lazy\" decoding=\"async\" width=\"2560\" height=\"1707\" src=\"https:\/\/galicia.ingenierosnavales.com\/wp-content\/uploads\/2025\/09\/DSC9374-scaled.jpg\" class=\"attachment-full size-full no-lazy\" alt=\"\" srcset=\"https:\/\/galicia.ingenierosnavales.com\/wp-content\/uploads\/2025\/09\/DSC9374-scaled.jpg 2560w, https:\/\/galicia.ingenierosnavales.com\/wp-content\/uploads\/2025\/09\/DSC9374-300x200.jpg 300w, https:\/\/galicia.ingenierosnavales.com\/wp-content\/uploads\/2025\/09\/DSC9374-1024x683.jpg 1024w, https:\/\/galicia.ingenierosnavales.com\/wp-content\/uploads\/2025\/09\/DSC9374-768x512.jpg 768w, https:\/\/galicia.ingenierosnavales.com\/wp-content\/uploads\/2025\/09\/DSC9374-1536x1024.jpg 1536w, https:\/\/galicia.ingenierosnavales.com\/wp-content\/uploads\/2025\/09\/DSC9374-2048x1365.jpg 2048w\" sizes=\"auto, (max-width: 2560px) 100vw, 2560px\" \/><\/a>\n\t\t\t<\/dt><\/dl><dl class='gallery-item'>\n\t\t\t<dt class='gallery-icon landscape'>\n\t\t\t\t<a href='https:\/\/galicia.ingenierosnavales.com\/index.php\/2025\/09\/17\/resena-xornada-carpinteiros-de-ribeira-10-de-setembro\/_dsc9366\/'><img loading=\"lazy\" decoding=\"async\" width=\"2560\" height=\"1707\" src=\"https:\/\/galicia.ingenierosnavales.com\/wp-content\/uploads\/2025\/09\/DSC9366-scaled.jpg\" class=\"attachment-full size-full no-lazy\" alt=\"\" srcset=\"https:\/\/galicia.ingenierosnavales.com\/wp-content\/uploads\/2025\/09\/DSC9366-scaled.jpg 2560w, https:\/\/galicia.ingenierosnavales.com\/wp-content\/uploads\/2025\/09\/DSC9366-300x200.jpg 300w, https:\/\/galicia.ingenierosnavales.com\/wp-content\/uploads\/2025\/09\/DSC9366-1024x683.jpg 1024w, https:\/\/galicia.ingenierosnavales.com\/wp-content\/uploads\/2025\/09\/DSC9366-768x512.jpg 768w, https:\/\/galicia.ingenierosnavales.com\/wp-content\/uploads\/2025\/09\/DSC9366-1536x1024.jpg 1536w, https:\/\/galicia.ingenierosnavales.com\/wp-content\/uploads\/2025\/09\/DSC9366-2048x1365.jpg 2048w\" sizes=\"auto, (max-width: 2560px) 100vw, 2560px\" \/><\/a>\n\t\t\t<\/dt><\/dl><dl class='gallery-item'>\n\t\t\t<dt class='gallery-icon landscape'>\n\t\t\t\t<a href='https:\/\/galicia.ingenierosnavales.com\/index.php\/2025\/09\/17\/resena-xornada-carpinteiros-de-ribeira-10-de-setembro\/_dsc9362\/'><img loading=\"lazy\" decoding=\"async\" width=\"2560\" height=\"1707\" src=\"https:\/\/galicia.ingenierosnavales.com\/wp-content\/uploads\/2025\/09\/DSC9362-scaled.jpg\" class=\"attachment-full size-full no-lazy\" alt=\"\" srcset=\"https:\/\/galicia.ingenierosnavales.com\/wp-content\/uploads\/2025\/09\/DSC9362-scaled.jpg 2560w, https:\/\/galicia.ingenierosnavales.com\/wp-content\/uploads\/2025\/09\/DSC9362-300x200.jpg 300w, https:\/\/galicia.ingenierosnavales.com\/wp-content\/uploads\/2025\/09\/DSC9362-1024x683.jpg 1024w, https:\/\/galicia.ingenierosnavales.com\/wp-content\/uploads\/2025\/09\/DSC9362-768x512.jpg 768w, https:\/\/galicia.ingenierosnavales.com\/wp-content\/uploads\/2025\/09\/DSC9362-1536x1024.jpg 1536w, https:\/\/galicia.ingenierosnavales.com\/wp-content\/uploads\/2025\/09\/DSC9362-2048x1365.jpg 2048w\" sizes=\"auto, (max-width: 2560px) 100vw, 2560px\" \/><\/a>\n\t\t\t<\/dt><\/dl><br style=\"clear: both\" \/><dl class='gallery-item'>\n\t\t\t<dt class='gallery-icon landscape'>\n\t\t\t\t<a href='https:\/\/galicia.ingenierosnavales.com\/index.php\/2025\/09\/17\/resena-xornada-carpinteiros-de-ribeira-10-de-setembro\/_dsc9335\/'><img loading=\"lazy\" decoding=\"async\" width=\"2560\" height=\"1707\" src=\"https:\/\/galicia.ingenierosnavales.com\/wp-content\/uploads\/2025\/09\/DSC9335-scaled.jpg\" class=\"attachment-full size-full no-lazy\" alt=\"\" srcset=\"https:\/\/galicia.ingenierosnavales.com\/wp-content\/uploads\/2025\/09\/DSC9335-scaled.jpg 2560w, https:\/\/galicia.ingenierosnavales.com\/wp-content\/uploads\/2025\/09\/DSC9335-300x200.jpg 300w, https:\/\/galicia.ingenierosnavales.com\/wp-content\/uploads\/2025\/09\/DSC9335-1024x683.jpg 1024w, https:\/\/galicia.ingenierosnavales.com\/wp-content\/uploads\/2025\/09\/DSC9335-768x512.jpg 768w, https:\/\/galicia.ingenierosnavales.com\/wp-content\/uploads\/2025\/09\/DSC9335-1536x1024.jpg 1536w, https:\/\/galicia.ingenierosnavales.com\/wp-content\/uploads\/2025\/09\/DSC9335-2048x1365.jpg 2048w\" sizes=\"auto, (max-width: 2560px) 100vw, 2560px\" \/><\/a>\n\t\t\t<\/dt><\/dl><dl class='gallery-item'>\n\t\t\t<dt class='gallery-icon landscape'>\n\t\t\t\t<a href='https:\/\/galicia.ingenierosnavales.com\/index.php\/2025\/09\/17\/resena-xornada-carpinteiros-de-ribeira-10-de-setembro\/_dsc9334\/'><img loading=\"lazy\" decoding=\"async\" width=\"2560\" height=\"1707\" src=\"https:\/\/galicia.ingenierosnavales.com\/wp-content\/uploads\/2025\/09\/DSC9334-scaled.jpg\" class=\"attachment-full size-full no-lazy\" alt=\"\" srcset=\"https:\/\/galicia.ingenierosnavales.com\/wp-content\/uploads\/2025\/09\/DSC9334-scaled.jpg 2560w, https:\/\/galicia.ingenierosnavales.com\/wp-content\/uploads\/2025\/09\/DSC9334-300x200.jpg 300w, https:\/\/galicia.ingenierosnavales.com\/wp-content\/uploads\/2025\/09\/DSC9334-1024x683.jpg 1024w, https:\/\/galicia.ingenierosnavales.com\/wp-content\/uploads\/2025\/09\/DSC9334-768x512.jpg 768w, https:\/\/galicia.ingenierosnavales.com\/wp-content\/uploads\/2025\/09\/DSC9334-1536x1024.jpg 1536w, https:\/\/galicia.ingenierosnavales.com\/wp-content\/uploads\/2025\/09\/DSC9334-2048x1365.jpg 2048w\" sizes=\"auto, (max-width: 2560px) 100vw, 2560px\" \/><\/a>\n\t\t\t<\/dt><\/dl><dl class='gallery-item'>\n\t\t\t<dt class='gallery-icon landscape'>\n\t\t\t\t<a href='https:\/\/galicia.ingenierosnavales.com\/index.php\/2025\/09\/17\/resena-xornada-carpinteiros-de-ribeira-10-de-setembro\/_dsc9332\/'><img loading=\"lazy\" decoding=\"async\" width=\"2560\" height=\"1707\" src=\"https:\/\/galicia.ingenierosnavales.com\/wp-content\/uploads\/2025\/09\/DSC9332-scaled.jpg\" class=\"attachment-full size-full no-lazy\" alt=\"\" srcset=\"https:\/\/galicia.ingenierosnavales.com\/wp-content\/uploads\/2025\/09\/DSC9332-scaled.jpg 2560w, https:\/\/galicia.ingenierosnavales.com\/wp-content\/uploads\/2025\/09\/DSC9332-300x200.jpg 300w, https:\/\/galicia.ingenierosnavales.com\/wp-content\/uploads\/2025\/09\/DSC9332-1024x683.jpg 1024w, https:\/\/galicia.ingenierosnavales.com\/wp-content\/uploads\/2025\/09\/DSC9332-768x512.jpg 768w, https:\/\/galicia.ingenierosnavales.com\/wp-content\/uploads\/2025\/09\/DSC9332-1536x1024.jpg 1536w, https:\/\/galicia.ingenierosnavales.com\/wp-content\/uploads\/2025\/09\/DSC9332-2048x1365.jpg 2048w\" sizes=\"auto, (max-width: 2560px) 100vw, 2560px\" \/><\/a>\n\t\t\t<\/dt><\/dl><br style=\"clear: both\" \/><dl class='gallery-item'>\n\t\t\t<dt class='gallery-icon landscape'>\n\t\t\t\t<a href='https:\/\/galicia.ingenierosnavales.com\/index.php\/2025\/09\/17\/resena-xornada-carpinteiros-de-ribeira-10-de-setembro\/_dsc9324\/'><img loading=\"lazy\" decoding=\"async\" width=\"2560\" height=\"1706\" src=\"https:\/\/galicia.ingenierosnavales.com\/wp-content\/uploads\/2025\/09\/DSC9324-scaled.jpg\" class=\"attachment-full size-full no-lazy\" alt=\"\" srcset=\"https:\/\/galicia.ingenierosnavales.com\/wp-content\/uploads\/2025\/09\/DSC9324-scaled.jpg 2560w, https:\/\/galicia.ingenierosnavales.com\/wp-content\/uploads\/2025\/09\/DSC9324-300x200.jpg 300w, https:\/\/galicia.ingenierosnavales.com\/wp-content\/uploads\/2025\/09\/DSC9324-1024x683.jpg 1024w, https:\/\/galicia.ingenierosnavales.com\/wp-content\/uploads\/2025\/09\/DSC9324-768x512.jpg 768w, https:\/\/galicia.ingenierosnavales.com\/wp-content\/uploads\/2025\/09\/DSC9324-1536x1024.jpg 1536w, https:\/\/galicia.ingenierosnavales.com\/wp-content\/uploads\/2025\/09\/DSC9324-2048x1365.jpg 2048w\" sizes=\"auto, (max-width: 2560px) 100vw, 2560px\" \/><\/a>\n\t\t\t<\/dt><\/dl><dl class='gallery-item'>\n\t\t\t<dt class='gallery-icon landscape'>\n\t\t\t\t<a href='https:\/\/galicia.ingenierosnavales.com\/index.php\/2025\/09\/17\/resena-xornada-carpinteiros-de-ribeira-10-de-setembro\/_dsc9322\/'><img loading=\"lazy\" decoding=\"async\" width=\"2560\" height=\"1706\" src=\"https:\/\/galicia.ingenierosnavales.com\/wp-content\/uploads\/2025\/09\/DSC9322-scaled.jpg\" class=\"attachment-full size-full no-lazy\" alt=\"\" srcset=\"https:\/\/galicia.ingenierosnavales.com\/wp-content\/uploads\/2025\/09\/DSC9322-scaled.jpg 2560w, https:\/\/galicia.ingenierosnavales.com\/wp-content\/uploads\/2025\/09\/DSC9322-300x200.jpg 300w, https:\/\/galicia.ingenierosnavales.com\/wp-content\/uploads\/2025\/09\/DSC9322-1024x683.jpg 1024w, https:\/\/galicia.ingenierosnavales.com\/wp-content\/uploads\/2025\/09\/DSC9322-768x512.jpg 768w, https:\/\/galicia.ingenierosnavales.com\/wp-content\/uploads\/2025\/09\/DSC9322-1536x1024.jpg 1536w, https:\/\/galicia.ingenierosnavales.com\/wp-content\/uploads\/2025\/09\/DSC9322-2048x1365.jpg 2048w\" sizes=\"auto, (max-width: 2560px) 100vw, 2560px\" \/><\/a>\n\t\t\t<\/dt><\/dl><dl class='gallery-item'>\n\t\t\t<dt class='gallery-icon landscape'>\n\t\t\t\t<a href='https:\/\/galicia.ingenierosnavales.com\/index.php\/2025\/09\/17\/resena-xornada-carpinteiros-de-ribeira-10-de-setembro\/_dsc9319\/'><img loading=\"lazy\" decoding=\"async\" width=\"2560\" height=\"1707\" src=\"https:\/\/galicia.ingenierosnavales.com\/wp-content\/uploads\/2025\/09\/DSC9319-scaled.jpg\" class=\"attachment-full size-full no-lazy\" alt=\"\" srcset=\"https:\/\/galicia.ingenierosnavales.com\/wp-content\/uploads\/2025\/09\/DSC9319-scaled.jpg 2560w, https:\/\/galicia.ingenierosnavales.com\/wp-content\/uploads\/2025\/09\/DSC9319-300x200.jpg 300w, https:\/\/galicia.ingenierosnavales.com\/wp-content\/uploads\/2025\/09\/DSC9319-1024x683.jpg 1024w, https:\/\/galicia.ingenierosnavales.com\/wp-content\/uploads\/2025\/09\/DSC9319-768x512.jpg 768w, https:\/\/galicia.ingenierosnavales.com\/wp-content\/uploads\/2025\/09\/DSC9319-1536x1024.jpg 1536w, https:\/\/galicia.ingenierosnavales.com\/wp-content\/uploads\/2025\/09\/DSC9319-2048x1365.jpg 2048w\" sizes=\"auto, (max-width: 2560px) 100vw, 2560px\" \/><\/a>\n\t\t\t<\/dt><\/dl><br style=\"clear: both\" \/><dl class='gallery-item'>\n\t\t\t<dt class='gallery-icon landscape'>\n\t\t\t\t<a href='https:\/\/galicia.ingenierosnavales.com\/index.php\/2025\/09\/17\/resena-xornada-carpinteiros-de-ribeira-10-de-setembro\/_dsc9305\/'><img loading=\"lazy\" decoding=\"async\" width=\"2560\" height=\"1707\" src=\"https:\/\/galicia.ingenierosnavales.com\/wp-content\/uploads\/2025\/09\/DSC9305-scaled.jpg\" class=\"attachment-full size-full no-lazy\" alt=\"\" srcset=\"https:\/\/galicia.ingenierosnavales.com\/wp-content\/uploads\/2025\/09\/DSC9305-scaled.jpg 2560w, https:\/\/galicia.ingenierosnavales.com\/wp-content\/uploads\/2025\/09\/DSC9305-300x200.jpg 300w, https:\/\/galicia.ingenierosnavales.com\/wp-content\/uploads\/2025\/09\/DSC9305-1024x683.jpg 1024w, https:\/\/galicia.ingenierosnavales.com\/wp-content\/uploads\/2025\/09\/DSC9305-768x512.jpg 768w, https:\/\/galicia.ingenierosnavales.com\/wp-content\/uploads\/2025\/09\/DSC9305-1536x1024.jpg 1536w, https:\/\/galicia.ingenierosnavales.com\/wp-content\/uploads\/2025\/09\/DSC9305-2048x1365.jpg 2048w\" sizes=\"auto, (max-width: 2560px) 100vw, 2560px\" \/><\/a>\n\t\t\t<\/dt><\/dl><dl class='gallery-item'>\n\t\t\t<dt class='gallery-icon landscape'>\n\t\t\t\t<a href='https:\/\/galicia.ingenierosnavales.com\/index.php\/2025\/09\/17\/resena-xornada-carpinteiros-de-ribeira-10-de-setembro\/_dsc9302\/'><img loading=\"lazy\" decoding=\"async\" width=\"2560\" height=\"1707\" src=\"https:\/\/galicia.ingenierosnavales.com\/wp-content\/uploads\/2025\/09\/DSC9302-scaled.jpg\" class=\"attachment-full size-full no-lazy\" alt=\"\" srcset=\"https:\/\/galicia.ingenierosnavales.com\/wp-content\/uploads\/2025\/09\/DSC9302-scaled.jpg 2560w, https:\/\/galicia.ingenierosnavales.com\/wp-content\/uploads\/2025\/09\/DSC9302-300x200.jpg 300w, https:\/\/galicia.ingenierosnavales.com\/wp-content\/uploads\/2025\/09\/DSC9302-1024x683.jpg 1024w, https:\/\/galicia.ingenierosnavales.com\/wp-content\/uploads\/2025\/09\/DSC9302-768x512.jpg 768w, https:\/\/galicia.ingenierosnavales.com\/wp-content\/uploads\/2025\/09\/DSC9302-1536x1024.jpg 1536w, https:\/\/galicia.ingenierosnavales.com\/wp-content\/uploads\/2025\/09\/DSC9302-2048x1365.jpg 2048w\" sizes=\"auto, (max-width: 2560px) 100vw, 2560px\" \/><\/a>\n\t\t\t<\/dt><\/dl><dl class='gallery-item'>\n\t\t\t<dt class='gallery-icon landscape'>\n\t\t\t\t<a href='https:\/\/galicia.ingenierosnavales.com\/index.php\/2025\/09\/17\/resena-xornada-carpinteiros-de-ribeira-10-de-setembro\/_dsc9295\/'><img loading=\"lazy\" decoding=\"async\" width=\"2560\" height=\"1707\" src=\"https:\/\/galicia.ingenierosnavales.com\/wp-content\/uploads\/2025\/09\/DSC9295-scaled.jpg\" class=\"attachment-full size-full no-lazy\" alt=\"\" srcset=\"https:\/\/galicia.ingenierosnavales.com\/wp-content\/uploads\/2025\/09\/DSC9295-scaled.jpg 2560w, https:\/\/galicia.ingenierosnavales.com\/wp-content\/uploads\/2025\/09\/DSC9295-300x200.jpg 300w, https:\/\/galicia.ingenierosnavales.com\/wp-content\/uploads\/2025\/09\/DSC9295-1024x683.jpg 1024w, https:\/\/galicia.ingenierosnavales.com\/wp-content\/uploads\/2025\/09\/DSC9295-768x512.jpg 768w, https:\/\/galicia.ingenierosnavales.com\/wp-content\/uploads\/2025\/09\/DSC9295-1536x1024.jpg 1536w, https:\/\/galicia.ingenierosnavales.com\/wp-content\/uploads\/2025\/09\/DSC9295-2048x1365.jpg 2048w\" sizes=\"auto, (max-width: 2560px) 100vw, 2560px\" \/><\/a>\n\t\t\t<\/dt><\/dl><br style=\"clear: both\" \/><dl class='gallery-item'>\n\t\t\t<dt class='gallery-icon landscape'>\n\t\t\t\t<a href='https:\/\/galicia.ingenierosnavales.com\/index.php\/2025\/09\/17\/resena-xornada-carpinteiros-de-ribeira-10-de-setembro\/_dsc9277\/'><img loading=\"lazy\" decoding=\"async\" width=\"2560\" height=\"1707\" src=\"https:\/\/galicia.ingenierosnavales.com\/wp-content\/uploads\/2025\/09\/DSC9277-scaled.jpg\" class=\"attachment-full size-full no-lazy\" alt=\"\" srcset=\"https:\/\/galicia.ingenierosnavales.com\/wp-content\/uploads\/2025\/09\/DSC9277-scaled.jpg 2560w, https:\/\/galicia.ingenierosnavales.com\/wp-content\/uploads\/2025\/09\/DSC9277-300x200.jpg 300w, https:\/\/galicia.ingenierosnavales.com\/wp-content\/uploads\/2025\/09\/DSC9277-1024x683.jpg 1024w, https:\/\/galicia.ingenierosnavales.com\/wp-content\/uploads\/2025\/09\/DSC9277-768x512.jpg 768w, https:\/\/galicia.ingenierosnavales.com\/wp-content\/uploads\/2025\/09\/DSC9277-1536x1024.jpg 1536w, https:\/\/galicia.ingenierosnavales.com\/wp-content\/uploads\/2025\/09\/DSC9277-2048x1365.jpg 2048w\" sizes=\"auto, (max-width: 2560px) 100vw, 2560px\" \/><\/a>\n\t\t\t<\/dt><\/dl><dl class='gallery-item'>\n\t\t\t<dt class='gallery-icon landscape'>\n\t\t\t\t<a href='https:\/\/galicia.ingenierosnavales.com\/index.php\/2025\/09\/17\/resena-xornada-carpinteiros-de-ribeira-10-de-setembro\/_dsc9275\/'><img loading=\"lazy\" decoding=\"async\" width=\"2560\" height=\"1707\" src=\"https:\/\/galicia.ingenierosnavales.com\/wp-content\/uploads\/2025\/09\/DSC9275-scaled.jpg\" class=\"attachment-full size-full no-lazy\" alt=\"\" srcset=\"https:\/\/galicia.ingenierosnavales.com\/wp-content\/uploads\/2025\/09\/DSC9275-scaled.jpg 2560w, https:\/\/galicia.ingenierosnavales.com\/wp-content\/uploads\/2025\/09\/DSC9275-300x200.jpg 300w, https:\/\/galicia.ingenierosnavales.com\/wp-content\/uploads\/2025\/09\/DSC9275-1024x683.jpg 1024w, https:\/\/galicia.ingenierosnavales.com\/wp-content\/uploads\/2025\/09\/DSC9275-768x512.jpg 768w, https:\/\/galicia.ingenierosnavales.com\/wp-content\/uploads\/2025\/09\/DSC9275-1536x1024.jpg 1536w, https:\/\/galicia.ingenierosnavales.com\/wp-content\/uploads\/2025\/09\/DSC9275-2048x1365.jpg 2048w\" sizes=\"auto, (max-width: 2560px) 100vw, 2560px\" \/><\/a>\n\t\t\t<\/dt><\/dl><dl class='gallery-item'>\n\t\t\t<dt class='gallery-icon landscape'>\n\t\t\t\t<a href='https:\/\/galicia.ingenierosnavales.com\/index.php\/2025\/09\/17\/resena-xornada-carpinteiros-de-ribeira-10-de-setembro\/_dsc9271\/'><img loading=\"lazy\" decoding=\"async\" width=\"2560\" height=\"1707\" src=\"https:\/\/galicia.ingenierosnavales.com\/wp-content\/uploads\/2025\/09\/DSC9271-scaled.jpg\" class=\"attachment-full size-full no-lazy\" alt=\"\" srcset=\"https:\/\/galicia.ingenierosnavales.com\/wp-content\/uploads\/2025\/09\/DSC9271-scaled.jpg 2560w, https:\/\/galicia.ingenierosnavales.com\/wp-content\/uploads\/2025\/09\/DSC9271-300x200.jpg 300w, https:\/\/galicia.ingenierosnavales.com\/wp-content\/uploads\/2025\/09\/DSC9271-1024x683.jpg 1024w, https:\/\/galicia.ingenierosnavales.com\/wp-content\/uploads\/2025\/09\/DSC9271-768x512.jpg 768w, https:\/\/galicia.ingenierosnavales.com\/wp-content\/uploads\/2025\/09\/DSC9271-1536x1024.jpg 1536w, https:\/\/galicia.ingenierosnavales.com\/wp-content\/uploads\/2025\/09\/DSC9271-2048x1365.jpg 2048w\" sizes=\"auto, (max-width: 2560px) 100vw, 2560px\" \/><\/a>\n\t\t\t<\/dt><\/dl><br style=\"clear: both\" \/><dl class='gallery-item'>\n\t\t\t<dt class='gallery-icon landscape'>\n\t\t\t\t<a href='https:\/\/galicia.ingenierosnavales.com\/index.php\/2025\/09\/17\/resena-xornada-carpinteiros-de-ribeira-10-de-setembro\/_dsc9264\/'><img loading=\"lazy\" decoding=\"async\" width=\"2560\" height=\"1707\" src=\"https:\/\/galicia.ingenierosnavales.com\/wp-content\/uploads\/2025\/09\/DSC9264-scaled.jpg\" class=\"attachment-full size-full no-lazy\" alt=\"\" srcset=\"https:\/\/galicia.ingenierosnavales.com\/wp-content\/uploads\/2025\/09\/DSC9264-scaled.jpg 2560w, https:\/\/galicia.ingenierosnavales.com\/wp-content\/uploads\/2025\/09\/DSC9264-300x200.jpg 300w, https:\/\/galicia.ingenierosnavales.com\/wp-content\/uploads\/2025\/09\/DSC9264-1024x683.jpg 1024w, https:\/\/galicia.ingenierosnavales.com\/wp-content\/uploads\/2025\/09\/DSC9264-768x512.jpg 768w, https:\/\/galicia.ingenierosnavales.com\/wp-content\/uploads\/2025\/09\/DSC9264-1536x1024.jpg 1536w, https:\/\/galicia.ingenierosnavales.com\/wp-content\/uploads\/2025\/09\/DSC9264-2048x1365.jpg 2048w\" sizes=\"auto, (max-width: 2560px) 100vw, 2560px\" \/><\/a>\n\t\t\t<\/dt><\/dl><dl class='gallery-item'>\n\t\t\t<dt class='gallery-icon landscape'>\n\t\t\t\t<a href='https:\/\/galicia.ingenierosnavales.com\/index.php\/2025\/09\/17\/resena-xornada-carpinteiros-de-ribeira-10-de-setembro\/_dsc9261\/'><img loading=\"lazy\" decoding=\"async\" width=\"2560\" height=\"1707\" src=\"https:\/\/galicia.ingenierosnavales.com\/wp-content\/uploads\/2025\/09\/DSC9261-scaled.jpg\" class=\"attachment-full size-full no-lazy\" alt=\"\" srcset=\"https:\/\/galicia.ingenierosnavales.com\/wp-content\/uploads\/2025\/09\/DSC9261-scaled.jpg 2560w, https:\/\/galicia.ingenierosnavales.com\/wp-content\/uploads\/2025\/09\/DSC9261-300x200.jpg 300w, https:\/\/galicia.ingenierosnavales.com\/wp-content\/uploads\/2025\/09\/DSC9261-1024x683.jpg 1024w, https:\/\/galicia.ingenierosnavales.com\/wp-content\/uploads\/2025\/09\/DSC9261-768x512.jpg 768w, https:\/\/galicia.ingenierosnavales.com\/wp-content\/uploads\/2025\/09\/DSC9261-1536x1024.jpg 1536w, https:\/\/galicia.ingenierosnavales.com\/wp-content\/uploads\/2025\/09\/DSC9261-2048x1365.jpg 2048w\" sizes=\"auto, (max-width: 2560px) 100vw, 2560px\" \/><\/a>\n\t\t\t<\/dt><\/dl><dl class='gallery-item'>\n\t\t\t<dt class='gallery-icon landscape'>\n\t\t\t\t<a href='https:\/\/galicia.ingenierosnavales.com\/index.php\/2025\/09\/17\/resena-xornada-carpinteiros-de-ribeira-10-de-setembro\/_dsc9258\/'><img loading=\"lazy\" decoding=\"async\" width=\"2560\" height=\"1707\" src=\"https:\/\/galicia.ingenierosnavales.com\/wp-content\/uploads\/2025\/09\/DSC9258-scaled.jpg\" class=\"attachment-full size-full no-lazy\" alt=\"\" srcset=\"https:\/\/galicia.ingenierosnavales.com\/wp-content\/uploads\/2025\/09\/DSC9258-scaled.jpg 2560w, https:\/\/galicia.ingenierosnavales.com\/wp-content\/uploads\/2025\/09\/DSC9258-300x200.jpg 300w, https:\/\/galicia.ingenierosnavales.com\/wp-content\/uploads\/2025\/09\/DSC9258-1024x683.jpg 1024w, https:\/\/galicia.ingenierosnavales.com\/wp-content\/uploads\/2025\/09\/DSC9258-768x512.jpg 768w, https:\/\/galicia.ingenierosnavales.com\/wp-content\/uploads\/2025\/09\/DSC9258-1536x1024.jpg 1536w, https:\/\/galicia.ingenierosnavales.com\/wp-content\/uploads\/2025\/09\/DSC9258-2048x1365.jpg 2048w\" sizes=\"auto, (max-width: 2560px) 100vw, 2560px\" \/><\/a>\n\t\t\t<\/dt><\/dl><br style=\"clear: both\" \/><dl class='gallery-item'>\n\t\t\t<dt class='gallery-icon landscape'>\n\t\t\t\t<a href='https:\/\/galicia.ingenierosnavales.com\/index.php\/2025\/09\/17\/resena-xornada-carpinteiros-de-ribeira-10-de-setembro\/_dsc9257\/'><img loading=\"lazy\" decoding=\"async\" width=\"2560\" height=\"1707\" src=\"https:\/\/galicia.ingenierosnavales.com\/wp-content\/uploads\/2025\/09\/DSC9257-scaled.jpg\" class=\"attachment-full size-full no-lazy\" alt=\"\" srcset=\"https:\/\/galicia.ingenierosnavales.com\/wp-content\/uploads\/2025\/09\/DSC9257-scaled.jpg 2560w, https:\/\/galicia.ingenierosnavales.com\/wp-content\/uploads\/2025\/09\/DSC9257-300x200.jpg 300w, https:\/\/galicia.ingenierosnavales.com\/wp-content\/uploads\/2025\/09\/DSC9257-1024x683.jpg 1024w, https:\/\/galicia.ingenierosnavales.com\/wp-content\/uploads\/2025\/09\/DSC9257-768x512.jpg 768w, https:\/\/galicia.ingenierosnavales.com\/wp-content\/uploads\/2025\/09\/DSC9257-1536x1024.jpg 1536w, https:\/\/galicia.ingenierosnavales.com\/wp-content\/uploads\/2025\/09\/DSC9257-2048x1365.jpg 2048w\" sizes=\"auto, (max-width: 2560px) 100vw, 2560px\" \/><\/a>\n\t\t\t<\/dt><\/dl><dl class='gallery-item'>\n\t\t\t<dt class='gallery-icon landscape'>\n\t\t\t\t<a href='https:\/\/galicia.ingenierosnavales.com\/index.php\/2025\/09\/17\/resena-xornada-carpinteiros-de-ribeira-10-de-setembro\/_dsc9256\/'><img loading=\"lazy\" decoding=\"async\" width=\"2560\" height=\"1707\" src=\"https:\/\/galicia.ingenierosnavales.com\/wp-content\/uploads\/2025\/09\/DSC9256-scaled.jpg\" class=\"attachment-full size-full no-lazy\" alt=\"\" srcset=\"https:\/\/galicia.ingenierosnavales.com\/wp-content\/uploads\/2025\/09\/DSC9256-scaled.jpg 2560w, https:\/\/galicia.ingenierosnavales.com\/wp-content\/uploads\/2025\/09\/DSC9256-300x200.jpg 300w, https:\/\/galicia.ingenierosnavales.com\/wp-content\/uploads\/2025\/09\/DSC9256-1024x683.jpg 1024w, https:\/\/galicia.ingenierosnavales.com\/wp-content\/uploads\/2025\/09\/DSC9256-768x512.jpg 768w, https:\/\/galicia.ingenierosnavales.com\/wp-content\/uploads\/2025\/09\/DSC9256-1536x1024.jpg 1536w, https:\/\/galicia.ingenierosnavales.com\/wp-content\/uploads\/2025\/09\/DSC9256-2048x1365.jpg 2048w\" sizes=\"auto, (max-width: 2560px) 100vw, 2560px\" \/><\/a>\n\t\t\t<\/dt><\/dl><dl class='gallery-item'>\n\t\t\t<dt class='gallery-icon landscape'>\n\t\t\t\t<a href='https:\/\/galicia.ingenierosnavales.com\/index.php\/2025\/09\/17\/resena-xornada-carpinteiros-de-ribeira-10-de-setembro\/_dsc9245\/'><img loading=\"lazy\" decoding=\"async\" width=\"2560\" height=\"1707\" src=\"https:\/\/galicia.ingenierosnavales.com\/wp-content\/uploads\/2025\/09\/DSC9245-scaled.jpg\" class=\"attachment-full size-full no-lazy\" alt=\"\" srcset=\"https:\/\/galicia.ingenierosnavales.com\/wp-content\/uploads\/2025\/09\/DSC9245-scaled.jpg 2560w, https:\/\/galicia.ingenierosnavales.com\/wp-content\/uploads\/2025\/09\/DSC9245-300x200.jpg 300w, https:\/\/galicia.ingenierosnavales.com\/wp-content\/uploads\/2025\/09\/DSC9245-1024x683.jpg 1024w, https:\/\/galicia.ingenierosnavales.com\/wp-content\/uploads\/2025\/09\/DSC9245-768x512.jpg 768w, https:\/\/galicia.ingenierosnavales.com\/wp-content\/uploads\/2025\/09\/DSC9245-1536x1024.jpg 1536w, https:\/\/galicia.ingenierosnavales.com\/wp-content\/uploads\/2025\/09\/DSC9245-2048x1365.jpg 2048w\" sizes=\"auto, (max-width: 2560px) 100vw, 2560px\" \/><\/a>\n\t\t\t<\/dt><\/dl><br style=\"clear: both\" \/><dl class='gallery-item'>\n\t\t\t<dt class='gallery-icon landscape'>\n\t\t\t\t<a href='https:\/\/galicia.ingenierosnavales.com\/index.php\/2025\/09\/17\/resena-xornada-carpinteiros-de-ribeira-10-de-setembro\/_dsc9227\/'><img loading=\"lazy\" decoding=\"async\" width=\"2560\" height=\"1707\" src=\"https:\/\/galicia.ingenierosnavales.com\/wp-content\/uploads\/2025\/09\/DSC9227-scaled.jpg\" class=\"attachment-full size-full no-lazy\" alt=\"\" srcset=\"https:\/\/galicia.ingenierosnavales.com\/wp-content\/uploads\/2025\/09\/DSC9227-scaled.jpg 2560w, https:\/\/galicia.ingenierosnavales.com\/wp-content\/uploads\/2025\/09\/DSC9227-300x200.jpg 300w, https:\/\/galicia.ingenierosnavales.com\/wp-content\/uploads\/2025\/09\/DSC9227-1024x683.jpg 1024w, https:\/\/galicia.ingenierosnavales.com\/wp-content\/uploads\/2025\/09\/DSC9227-768x512.jpg 768w, https:\/\/galicia.ingenierosnavales.com\/wp-content\/uploads\/2025\/09\/DSC9227-1536x1024.jpg 1536w, https:\/\/galicia.ingenierosnavales.com\/wp-content\/uploads\/2025\/09\/DSC9227-2048x1365.jpg 2048w\" sizes=\"auto, (max-width: 2560px) 100vw, 2560px\" \/><\/a>\n\t\t\t<\/dt><\/dl><dl class='gallery-item'>\n\t\t\t<dt class='gallery-icon landscape'>\n\t\t\t\t<a href='https:\/\/galicia.ingenierosnavales.com\/index.php\/2025\/09\/17\/resena-xornada-carpinteiros-de-ribeira-10-de-setembro\/_dsc9225\/'><img loading=\"lazy\" decoding=\"async\" width=\"2560\" height=\"1707\" src=\"https:\/\/galicia.ingenierosnavales.com\/wp-content\/uploads\/2025\/09\/DSC9225-scaled.jpg\" class=\"attachment-full size-full no-lazy\" alt=\"\" srcset=\"https:\/\/galicia.ingenierosnavales.com\/wp-content\/uploads\/2025\/09\/DSC9225-scaled.jpg 2560w, https:\/\/galicia.ingenierosnavales.com\/wp-content\/uploads\/2025\/09\/DSC9225-300x200.jpg 300w, https:\/\/galicia.ingenierosnavales.com\/wp-content\/uploads\/2025\/09\/DSC9225-1024x683.jpg 1024w, https:\/\/galicia.ingenierosnavales.com\/wp-content\/uploads\/2025\/09\/DSC9225-768x512.jpg 768w, https:\/\/galicia.ingenierosnavales.com\/wp-content\/uploads\/2025\/09\/DSC9225-1536x1024.jpg 1536w, https:\/\/galicia.ingenierosnavales.com\/wp-content\/uploads\/2025\/09\/DSC9225-2048x1365.jpg 2048w\" sizes=\"auto, (max-width: 2560px) 100vw, 2560px\" \/><\/a>\n\t\t\t<\/dt><\/dl><dl class='gallery-item'>\n\t\t\t<dt class='gallery-icon landscape'>\n\t\t\t\t<a href='https:\/\/galicia.ingenierosnavales.com\/index.php\/2025\/09\/17\/resena-xornada-carpinteiros-de-ribeira-10-de-setembro\/_dsc9212\/'><img loading=\"lazy\" decoding=\"async\" width=\"2560\" height=\"1707\" src=\"https:\/\/galicia.ingenierosnavales.com\/wp-content\/uploads\/2025\/09\/DSC9212-scaled.jpg\" class=\"attachment-full size-full no-lazy\" alt=\"\" srcset=\"https:\/\/galicia.ingenierosnavales.com\/wp-content\/uploads\/2025\/09\/DSC9212-scaled.jpg 2560w, https:\/\/galicia.ingenierosnavales.com\/wp-content\/uploads\/2025\/09\/DSC9212-300x200.jpg 300w, https:\/\/galicia.ingenierosnavales.com\/wp-content\/uploads\/2025\/09\/DSC9212-1024x683.jpg 1024w, https:\/\/galicia.ingenierosnavales.com\/wp-content\/uploads\/2025\/09\/DSC9212-768x512.jpg 768w, https:\/\/galicia.ingenierosnavales.com\/wp-content\/uploads\/2025\/09\/DSC9212-1536x1024.jpg 1536w, https:\/\/galicia.ingenierosnavales.com\/wp-content\/uploads\/2025\/09\/DSC9212-2048x1365.jpg 2048w\" sizes=\"auto, (max-width: 2560px) 100vw, 2560px\" \/><\/a>\n\t\t\t<\/dt><\/dl><br style=\"clear: both\" \/><dl class='gallery-item'>\n\t\t\t<dt class='gallery-icon landscape'>\n\t\t\t\t<a href='https:\/\/galicia.ingenierosnavales.com\/index.php\/2025\/09\/17\/resena-xornada-carpinteiros-de-ribeira-10-de-setembro\/_dsc9209\/'><img loading=\"lazy\" decoding=\"async\" width=\"2560\" height=\"1707\" src=\"https:\/\/galicia.ingenierosnavales.com\/wp-content\/uploads\/2025\/09\/DSC9209-scaled.jpg\" class=\"attachment-full size-full no-lazy\" alt=\"\" srcset=\"https:\/\/galicia.ingenierosnavales.com\/wp-content\/uploads\/2025\/09\/DSC9209-scaled.jpg 2560w, https:\/\/galicia.ingenierosnavales.com\/wp-content\/uploads\/2025\/09\/DSC9209-300x200.jpg 300w, https:\/\/galicia.ingenierosnavales.com\/wp-content\/uploads\/2025\/09\/DSC9209-1024x683.jpg 1024w, https:\/\/galicia.ingenierosnavales.com\/wp-content\/uploads\/2025\/09\/DSC9209-768x512.jpg 768w, https:\/\/galicia.ingenierosnavales.com\/wp-content\/uploads\/2025\/09\/DSC9209-1536x1024.jpg 1536w, https:\/\/galicia.ingenierosnavales.com\/wp-content\/uploads\/2025\/09\/DSC9209-2048x1365.jpg 2048w\" sizes=\"auto, (max-width: 2560px) 100vw, 2560px\" \/><\/a>\n\t\t\t<\/dt><\/dl><dl class='gallery-item'>\n\t\t\t<dt class='gallery-icon landscape'>\n\t\t\t\t<a href='https:\/\/galicia.ingenierosnavales.com\/index.php\/2025\/09\/17\/resena-xornada-carpinteiros-de-ribeira-10-de-setembro\/_dsc9205\/'><img loading=\"lazy\" decoding=\"async\" width=\"2560\" height=\"1707\" src=\"https:\/\/galicia.ingenierosnavales.com\/wp-content\/uploads\/2025\/09\/DSC9205-scaled.jpg\" class=\"attachment-full size-full no-lazy\" alt=\"\" srcset=\"https:\/\/galicia.ingenierosnavales.com\/wp-content\/uploads\/2025\/09\/DSC9205-scaled.jpg 2560w, https:\/\/galicia.ingenierosnavales.com\/wp-content\/uploads\/2025\/09\/DSC9205-300x200.jpg 300w, https:\/\/galicia.ingenierosnavales.com\/wp-content\/uploads\/2025\/09\/DSC9205-1024x683.jpg 1024w, https:\/\/galicia.ingenierosnavales.com\/wp-content\/uploads\/2025\/09\/DSC9205-768x512.jpg 768w, https:\/\/galicia.ingenierosnavales.com\/wp-content\/uploads\/2025\/09\/DSC9205-1536x1024.jpg 1536w, https:\/\/galicia.ingenierosnavales.com\/wp-content\/uploads\/2025\/09\/DSC9205-2048x1365.jpg 2048w\" sizes=\"auto, (max-width: 2560px) 100vw, 2560px\" \/><\/a>\n\t\t\t<\/dt><\/dl><dl class='gallery-item'>\n\t\t\t<dt class='gallery-icon landscape'>\n\t\t\t\t<a href='https:\/\/galicia.ingenierosnavales.com\/index.php\/2025\/09\/17\/resena-xornada-carpinteiros-de-ribeira-10-de-setembro\/_dsc9202\/'><img loading=\"lazy\" decoding=\"async\" width=\"2560\" height=\"1707\" src=\"https:\/\/galicia.ingenierosnavales.com\/wp-content\/uploads\/2025\/09\/DSC9202-scaled.jpg\" class=\"attachment-full size-full no-lazy\" alt=\"\" srcset=\"https:\/\/galicia.ingenierosnavales.com\/wp-content\/uploads\/2025\/09\/DSC9202-scaled.jpg 2560w, https:\/\/galicia.ingenierosnavales.com\/wp-content\/uploads\/2025\/09\/DSC9202-300x200.jpg 300w, https:\/\/galicia.ingenierosnavales.com\/wp-content\/uploads\/2025\/09\/DSC9202-1024x683.jpg 1024w, https:\/\/galicia.ingenierosnavales.com\/wp-content\/uploads\/2025\/09\/DSC9202-768x512.jpg 768w, https:\/\/galicia.ingenierosnavales.com\/wp-content\/uploads\/2025\/09\/DSC9202-1536x1024.jpg 1536w, https:\/\/galicia.ingenierosnavales.com\/wp-content\/uploads\/2025\/09\/DSC9202-2048x1365.jpg 2048w\" sizes=\"auto, (max-width: 2560px) 100vw, 2560px\" \/><\/a>\n\t\t\t<\/dt><\/dl><br style=\"clear: both\" \/><dl class='gallery-item'>\n\t\t\t<dt class='gallery-icon landscape'>\n\t\t\t\t<a href='https:\/\/galicia.ingenierosnavales.com\/index.php\/2025\/09\/17\/resena-xornada-carpinteiros-de-ribeira-10-de-setembro\/_dsc9200\/'><img loading=\"lazy\" decoding=\"async\" width=\"2560\" height=\"1707\" src=\"https:\/\/galicia.ingenierosnavales.com\/wp-content\/uploads\/2025\/09\/DSC9200-scaled.jpg\" class=\"attachment-full size-full no-lazy\" alt=\"\" srcset=\"https:\/\/galicia.ingenierosnavales.com\/wp-content\/uploads\/2025\/09\/DSC9200-scaled.jpg 2560w, https:\/\/galicia.ingenierosnavales.com\/wp-content\/uploads\/2025\/09\/DSC9200-300x200.jpg 300w, https:\/\/galicia.ingenierosnavales.com\/wp-content\/uploads\/2025\/09\/DSC9200-1024x683.jpg 1024w, https:\/\/galicia.ingenierosnavales.com\/wp-content\/uploads\/2025\/09\/DSC9200-768x512.jpg 768w, https:\/\/galicia.ingenierosnavales.com\/wp-content\/uploads\/2025\/09\/DSC9200-1536x1024.jpg 1536w, https:\/\/galicia.ingenierosnavales.com\/wp-content\/uploads\/2025\/09\/DSC9200-2048x1365.jpg 2048w\" sizes=\"auto, (max-width: 2560px) 100vw, 2560px\" \/><\/a>\n\t\t\t<\/dt><\/dl><dl class='gallery-item'>\n\t\t\t<dt class='gallery-icon landscape'>\n\t\t\t\t<a href='https:\/\/galicia.ingenierosnavales.com\/index.php\/2025\/09\/17\/resena-xornada-carpinteiros-de-ribeira-10-de-setembro\/_dsc9196\/'><img loading=\"lazy\" decoding=\"async\" width=\"2560\" height=\"1707\" src=\"https:\/\/galicia.ingenierosnavales.com\/wp-content\/uploads\/2025\/09\/DSC9196-scaled.jpg\" class=\"attachment-full size-full no-lazy\" alt=\"\" srcset=\"https:\/\/galicia.ingenierosnavales.com\/wp-content\/uploads\/2025\/09\/DSC9196-scaled.jpg 2560w, https:\/\/galicia.ingenierosnavales.com\/wp-content\/uploads\/2025\/09\/DSC9196-300x200.jpg 300w, https:\/\/galicia.ingenierosnavales.com\/wp-content\/uploads\/2025\/09\/DSC9196-1024x683.jpg 1024w, https:\/\/galicia.ingenierosnavales.com\/wp-content\/uploads\/2025\/09\/DSC9196-768x512.jpg 768w, https:\/\/galicia.ingenierosnavales.com\/wp-content\/uploads\/2025\/09\/DSC9196-1536x1024.jpg 1536w, https:\/\/galicia.ingenierosnavales.com\/wp-content\/uploads\/2025\/09\/DSC9196-2048x1365.jpg 2048w\" sizes=\"auto, (max-width: 2560px) 100vw, 2560px\" \/><\/a>\n\t\t\t<\/dt><\/dl><dl class='gallery-item'>\n\t\t\t<dt class='gallery-icon landscape'>\n\t\t\t\t<a href='https:\/\/galicia.ingenierosnavales.com\/index.php\/2025\/09\/17\/resena-xornada-carpinteiros-de-ribeira-10-de-setembro\/_dsc9193\/'><img loading=\"lazy\" decoding=\"async\" width=\"2560\" height=\"1707\" src=\"https:\/\/galicia.ingenierosnavales.com\/wp-content\/uploads\/2025\/09\/DSC9193-scaled.jpg\" class=\"attachment-full size-full no-lazy\" alt=\"\" srcset=\"https:\/\/galicia.ingenierosnavales.com\/wp-content\/uploads\/2025\/09\/DSC9193-scaled.jpg 2560w, https:\/\/galicia.ingenierosnavales.com\/wp-content\/uploads\/2025\/09\/DSC9193-300x200.jpg 300w, https:\/\/galicia.ingenierosnavales.com\/wp-content\/uploads\/2025\/09\/DSC9193-1024x683.jpg 1024w, https:\/\/galicia.ingenierosnavales.com\/wp-content\/uploads\/2025\/09\/DSC9193-768x512.jpg 768w, https:\/\/galicia.ingenierosnavales.com\/wp-content\/uploads\/2025\/09\/DSC9193-1536x1024.jpg 1536w, https:\/\/galicia.ingenierosnavales.com\/wp-content\/uploads\/2025\/09\/DSC9193-2048x1365.jpg 2048w\" sizes=\"auto, (max-width: 2560px) 100vw, 2560px\" \/><\/a>\n\t\t\t<\/dt><\/dl><br style=\"clear: both\" \/><dl class='gallery-item'>\n\t\t\t<dt class='gallery-icon landscape'>\n\t\t\t\t<a href='https:\/\/galicia.ingenierosnavales.com\/index.php\/2025\/09\/17\/resena-xornada-carpinteiros-de-ribeira-10-de-setembro\/_dsc9185\/'><img loading=\"lazy\" decoding=\"async\" width=\"2560\" height=\"1707\" src=\"https:\/\/galicia.ingenierosnavales.com\/wp-content\/uploads\/2025\/09\/DSC9185-scaled.jpg\" class=\"attachment-full size-full no-lazy\" alt=\"\" srcset=\"https:\/\/galicia.ingenierosnavales.com\/wp-content\/uploads\/2025\/09\/DSC9185-scaled.jpg 2560w, https:\/\/galicia.ingenierosnavales.com\/wp-content\/uploads\/2025\/09\/DSC9185-300x200.jpg 300w, https:\/\/galicia.ingenierosnavales.com\/wp-content\/uploads\/2025\/09\/DSC9185-1024x683.jpg 1024w, https:\/\/galicia.ingenierosnavales.com\/wp-content\/uploads\/2025\/09\/DSC9185-768x512.jpg 768w, https:\/\/galicia.ingenierosnavales.com\/wp-content\/uploads\/2025\/09\/DSC9185-1536x1024.jpg 1536w, https:\/\/galicia.ingenierosnavales.com\/wp-content\/uploads\/2025\/09\/DSC9185-2048x1365.jpg 2048w\" sizes=\"auto, (max-width: 2560px) 100vw, 2560px\" \/><\/a>\n\t\t\t<\/dt><\/dl><dl class='gallery-item'>\n\t\t\t<dt class='gallery-icon landscape'>\n\t\t\t\t<a href='https:\/\/galicia.ingenierosnavales.com\/index.php\/2025\/09\/17\/resena-xornada-carpinteiros-de-ribeira-10-de-setembro\/_dsc9179\/'><img loading=\"lazy\" decoding=\"async\" width=\"2560\" height=\"1707\" src=\"https:\/\/galicia.ingenierosnavales.com\/wp-content\/uploads\/2025\/09\/DSC9179-scaled.jpg\" class=\"attachment-full size-full no-lazy\" alt=\"\" srcset=\"https:\/\/galicia.ingenierosnavales.com\/wp-content\/uploads\/2025\/09\/DSC9179-scaled.jpg 2560w, https:\/\/galicia.ingenierosnavales.com\/wp-content\/uploads\/2025\/09\/DSC9179-300x200.jpg 300w, https:\/\/galicia.ingenierosnavales.com\/wp-content\/uploads\/2025\/09\/DSC9179-1024x683.jpg 1024w, https:\/\/galicia.ingenierosnavales.com\/wp-content\/uploads\/2025\/09\/DSC9179-768x512.jpg 768w, https:\/\/galicia.ingenierosnavales.com\/wp-content\/uploads\/2025\/09\/DSC9179-1536x1024.jpg 1536w, https:\/\/galicia.ingenierosnavales.com\/wp-content\/uploads\/2025\/09\/DSC9179-2048x1365.jpg 2048w\" sizes=\"auto, (max-width: 2560px) 100vw, 2560px\" \/><\/a>\n\t\t\t<\/dt><\/dl><dl class='gallery-item'>\n\t\t\t<dt class='gallery-icon landscape'>\n\t\t\t\t<a href='https:\/\/galicia.ingenierosnavales.com\/index.php\/2025\/09\/17\/resena-xornada-carpinteiros-de-ribeira-10-de-setembro\/_dsc9176\/'><img loading=\"lazy\" decoding=\"async\" width=\"2560\" height=\"1707\" src=\"https:\/\/galicia.ingenierosnavales.com\/wp-content\/uploads\/2025\/09\/DSC9176-scaled.jpg\" class=\"attachment-full size-full no-lazy\" alt=\"\" srcset=\"https:\/\/galicia.ingenierosnavales.com\/wp-content\/uploads\/2025\/09\/DSC9176-scaled.jpg 2560w, https:\/\/galicia.ingenierosnavales.com\/wp-content\/uploads\/2025\/09\/DSC9176-300x200.jpg 300w, https:\/\/galicia.ingenierosnavales.com\/wp-content\/uploads\/2025\/09\/DSC9176-1024x683.jpg 1024w, https:\/\/galicia.ingenierosnavales.com\/wp-content\/uploads\/2025\/09\/DSC9176-768x512.jpg 768w, https:\/\/galicia.ingenierosnavales.com\/wp-content\/uploads\/2025\/09\/DSC9176-1536x1024.jpg 1536w, https:\/\/galicia.ingenierosnavales.com\/wp-content\/uploads\/2025\/09\/DSC9176-2048x1365.jpg 2048w\" sizes=\"auto, (max-width: 2560px) 100vw, 2560px\" \/><\/a>\n\t\t\t<\/dt><\/dl><br style=\"clear: both\" \/><dl class='gallery-item'>\n\t\t\t<dt class='gallery-icon landscape'>\n\t\t\t\t<a href='https:\/\/galicia.ingenierosnavales.com\/index.php\/2025\/09\/17\/resena-xornada-carpinteiros-de-ribeira-10-de-setembro\/_dsc9171\/'><img loading=\"lazy\" decoding=\"async\" width=\"2560\" height=\"1707\" src=\"https:\/\/galicia.ingenierosnavales.com\/wp-content\/uploads\/2025\/09\/DSC9171-scaled.jpg\" class=\"attachment-full size-full no-lazy\" alt=\"\" srcset=\"https:\/\/galicia.ingenierosnavales.com\/wp-content\/uploads\/2025\/09\/DSC9171-scaled.jpg 2560w, https:\/\/galicia.ingenierosnavales.com\/wp-content\/uploads\/2025\/09\/DSC9171-300x200.jpg 300w, https:\/\/galicia.ingenierosnavales.com\/wp-content\/uploads\/2025\/09\/DSC9171-1024x683.jpg 1024w, https:\/\/galicia.ingenierosnavales.com\/wp-content\/uploads\/2025\/09\/DSC9171-768x512.jpg 768w, https:\/\/galicia.ingenierosnavales.com\/wp-content\/uploads\/2025\/09\/DSC9171-1536x1024.jpg 1536w, https:\/\/galicia.ingenierosnavales.com\/wp-content\/uploads\/2025\/09\/DSC9171-2048x1365.jpg 2048w\" sizes=\"auto, (max-width: 2560px) 100vw, 2560px\" \/><\/a>\n\t\t\t<\/dt><\/dl><dl class='gallery-item'>\n\t\t\t<dt class='gallery-icon landscape'>\n\t\t\t\t<a href='https:\/\/galicia.ingenierosnavales.com\/index.php\/2025\/09\/17\/resena-xornada-carpinteiros-de-ribeira-10-de-setembro\/_dsc9166\/'><img loading=\"lazy\" decoding=\"async\" width=\"2560\" height=\"1707\" src=\"https:\/\/galicia.ingenierosnavales.com\/wp-content\/uploads\/2025\/09\/DSC9166-scaled.jpg\" class=\"attachment-full size-full no-lazy\" alt=\"\" srcset=\"https:\/\/galicia.ingenierosnavales.com\/wp-content\/uploads\/2025\/09\/DSC9166-scaled.jpg 2560w, https:\/\/galicia.ingenierosnavales.com\/wp-content\/uploads\/2025\/09\/DSC9166-300x200.jpg 300w, https:\/\/galicia.ingenierosnavales.com\/wp-content\/uploads\/2025\/09\/DSC9166-1024x683.jpg 1024w, https:\/\/galicia.ingenierosnavales.com\/wp-content\/uploads\/2025\/09\/DSC9166-768x512.jpg 768w, https:\/\/galicia.ingenierosnavales.com\/wp-content\/uploads\/2025\/09\/DSC9166-1536x1024.jpg 1536w, https:\/\/galicia.ingenierosnavales.com\/wp-content\/uploads\/2025\/09\/DSC9166-2048x1365.jpg 2048w\" sizes=\"auto, (max-width: 2560px) 100vw, 2560px\" \/><\/a>\n\t\t\t<\/dt><\/dl><dl class='gallery-item'>\n\t\t\t<dt class='gallery-icon landscape'>\n\t\t\t\t<a href='https:\/\/galicia.ingenierosnavales.com\/index.php\/2025\/09\/17\/resena-xornada-carpinteiros-de-ribeira-10-de-setembro\/_dsc9131\/'><img loading=\"lazy\" decoding=\"async\" width=\"2560\" height=\"1707\" src=\"https:\/\/galicia.ingenierosnavales.com\/wp-content\/uploads\/2025\/09\/DSC9131-scaled.jpg\" class=\"attachment-full size-full no-lazy\" alt=\"\" srcset=\"https:\/\/galicia.ingenierosnavales.com\/wp-content\/uploads\/2025\/09\/DSC9131-scaled.jpg 2560w, https:\/\/galicia.ingenierosnavales.com\/wp-content\/uploads\/2025\/09\/DSC9131-300x200.jpg 300w, https:\/\/galicia.ingenierosnavales.com\/wp-content\/uploads\/2025\/09\/DSC9131-1024x683.jpg 1024w, https:\/\/galicia.ingenierosnavales.com\/wp-content\/uploads\/2025\/09\/DSC9131-768x512.jpg 768w, https:\/\/galicia.ingenierosnavales.com\/wp-content\/uploads\/2025\/09\/DSC9131-1536x1024.jpg 1536w, https:\/\/galicia.ingenierosnavales.com\/wp-content\/uploads\/2025\/09\/DSC9131-2048x1365.jpg 2048w\" sizes=\"auto, (max-width: 2560px) 100vw, 2560px\" \/><\/a>\n\t\t\t<\/dt><\/dl><br style=\"clear: both\" \/><dl class='gallery-item'>\n\t\t\t<dt class='gallery-icon landscape'>\n\t\t\t\t<a href='https:\/\/galicia.ingenierosnavales.com\/index.php\/2025\/09\/17\/resena-xornada-carpinteiros-de-ribeira-10-de-setembro\/_dsc9129\/'><img loading=\"lazy\" decoding=\"async\" width=\"2560\" height=\"1707\" src=\"https:\/\/galicia.ingenierosnavales.com\/wp-content\/uploads\/2025\/09\/DSC9129-scaled.jpg\" class=\"attachment-full size-full no-lazy\" alt=\"\" srcset=\"https:\/\/galicia.ingenierosnavales.com\/wp-content\/uploads\/2025\/09\/DSC9129-scaled.jpg 2560w, https:\/\/galicia.ingenierosnavales.com\/wp-content\/uploads\/2025\/09\/DSC9129-300x200.jpg 300w, https:\/\/galicia.ingenierosnavales.com\/wp-content\/uploads\/2025\/09\/DSC9129-1024x683.jpg 1024w, https:\/\/galicia.ingenierosnavales.com\/wp-content\/uploads\/2025\/09\/DSC9129-768x512.jpg 768w, https:\/\/galicia.ingenierosnavales.com\/wp-content\/uploads\/2025\/09\/DSC9129-1536x1024.jpg 1536w, https:\/\/galicia.ingenierosnavales.com\/wp-content\/uploads\/2025\/09\/DSC9129-2048x1365.jpg 2048w\" sizes=\"auto, (max-width: 2560px) 100vw, 2560px\" \/><\/a>\n\t\t\t<\/dt><\/dl><dl class='gallery-item'>\n\t\t\t<dt class='gallery-icon landscape'>\n\t\t\t\t<a href='https:\/\/galicia.ingenierosnavales.com\/index.php\/2025\/09\/17\/resena-xornada-carpinteiros-de-ribeira-10-de-setembro\/_dsc9126\/'><img loading=\"lazy\" decoding=\"async\" width=\"2560\" height=\"1707\" src=\"https:\/\/galicia.ingenierosnavales.com\/wp-content\/uploads\/2025\/09\/DSC9126-scaled.jpg\" class=\"attachment-full size-full no-lazy\" alt=\"\" srcset=\"https:\/\/galicia.ingenierosnavales.com\/wp-content\/uploads\/2025\/09\/DSC9126-scaled.jpg 2560w, https:\/\/galicia.ingenierosnavales.com\/wp-content\/uploads\/2025\/09\/DSC9126-300x200.jpg 300w, https:\/\/galicia.ingenierosnavales.com\/wp-content\/uploads\/2025\/09\/DSC9126-1024x683.jpg 1024w, https:\/\/galicia.ingenierosnavales.com\/wp-content\/uploads\/2025\/09\/DSC9126-768x512.jpg 768w, https:\/\/galicia.ingenierosnavales.com\/wp-content\/uploads\/2025\/09\/DSC9126-1536x1024.jpg 1536w, https:\/\/galicia.ingenierosnavales.com\/wp-content\/uploads\/2025\/09\/DSC9126-2048x1365.jpg 2048w\" sizes=\"auto, (max-width: 2560px) 100vw, 2560px\" \/><\/a>\n\t\t\t<\/dt><\/dl><dl class='gallery-item'>\n\t\t\t<dt class='gallery-icon landscape'>\n\t\t\t\t<a href='https:\/\/galicia.ingenierosnavales.com\/index.php\/2025\/09\/17\/resena-xornada-carpinteiros-de-ribeira-10-de-setembro\/_dsc9122\/'><img loading=\"lazy\" decoding=\"async\" width=\"2560\" height=\"1707\" src=\"https:\/\/galicia.ingenierosnavales.com\/wp-content\/uploads\/2025\/09\/DSC9122-scaled.jpg\" class=\"attachment-full size-full no-lazy\" alt=\"\" srcset=\"https:\/\/galicia.ingenierosnavales.com\/wp-content\/uploads\/2025\/09\/DSC9122-scaled.jpg 2560w, https:\/\/galicia.ingenierosnavales.com\/wp-content\/uploads\/2025\/09\/DSC9122-300x200.jpg 300w, https:\/\/galicia.ingenierosnavales.com\/wp-content\/uploads\/2025\/09\/DSC9122-1024x683.jpg 1024w, https:\/\/galicia.ingenierosnavales.com\/wp-content\/uploads\/2025\/09\/DSC9122-768x512.jpg 768w, https:\/\/galicia.ingenierosnavales.com\/wp-content\/uploads\/2025\/09\/DSC9122-1536x1024.jpg 1536w, https:\/\/galicia.ingenierosnavales.com\/wp-content\/uploads\/2025\/09\/DSC9122-2048x1365.jpg 2048w\" sizes=\"auto, (max-width: 2560px) 100vw, 2560px\" \/><\/a>\n\t\t\t<\/dt><\/dl><br style=\"clear: both\" \/><dl class='gallery-item'>\n\t\t\t<dt class='gallery-icon landscape'>\n\t\t\t\t<a href='https:\/\/galicia.ingenierosnavales.com\/index.php\/2025\/09\/17\/resena-xornada-carpinteiros-de-ribeira-10-de-setembro\/_dsc9117\/'><img loading=\"lazy\" decoding=\"async\" width=\"2560\" height=\"1707\" src=\"https:\/\/galicia.ingenierosnavales.com\/wp-content\/uploads\/2025\/09\/DSC9117-scaled.jpg\" class=\"attachment-full size-full no-lazy\" alt=\"\" srcset=\"https:\/\/galicia.ingenierosnavales.com\/wp-content\/uploads\/2025\/09\/DSC9117-scaled.jpg 2560w, https:\/\/galicia.ingenierosnavales.com\/wp-content\/uploads\/2025\/09\/DSC9117-300x200.jpg 300w, https:\/\/galicia.ingenierosnavales.com\/wp-content\/uploads\/2025\/09\/DSC9117-1024x683.jpg 1024w, https:\/\/galicia.ingenierosnavales.com\/wp-content\/uploads\/2025\/09\/DSC9117-768x512.jpg 768w, https:\/\/galicia.ingenierosnavales.com\/wp-content\/uploads\/2025\/09\/DSC9117-1536x1024.jpg 1536w, https:\/\/galicia.ingenierosnavales.com\/wp-content\/uploads\/2025\/09\/DSC9117-2048x1365.jpg 2048w\" sizes=\"auto, (max-width: 2560px) 100vw, 2560px\" \/><\/a>\n\t\t\t<\/dt><\/dl><dl class='gallery-item'>\n\t\t\t<dt class='gallery-icon landscape'>\n\t\t\t\t<a href='https:\/\/galicia.ingenierosnavales.com\/index.php\/2025\/09\/17\/resena-xornada-carpinteiros-de-ribeira-10-de-setembro\/_dsc9116\/'><img loading=\"lazy\" decoding=\"async\" width=\"2560\" height=\"1707\" src=\"https:\/\/galicia.ingenierosnavales.com\/wp-content\/uploads\/2025\/09\/DSC9116-scaled.jpg\" class=\"attachment-full size-full no-lazy\" alt=\"\" srcset=\"https:\/\/galicia.ingenierosnavales.com\/wp-content\/uploads\/2025\/09\/DSC9116-scaled.jpg 2560w, https:\/\/galicia.ingenierosnavales.com\/wp-content\/uploads\/2025\/09\/DSC9116-300x200.jpg 300w, https:\/\/galicia.ingenierosnavales.com\/wp-content\/uploads\/2025\/09\/DSC9116-1024x683.jpg 1024w, https:\/\/galicia.ingenierosnavales.com\/wp-content\/uploads\/2025\/09\/DSC9116-768x512.jpg 768w, https:\/\/galicia.ingenierosnavales.com\/wp-content\/uploads\/2025\/09\/DSC9116-1536x1024.jpg 1536w, https:\/\/galicia.ingenierosnavales.com\/wp-content\/uploads\/2025\/09\/DSC9116-2048x1365.jpg 2048w\" sizes=\"auto, (max-width: 2560px) 100vw, 2560px\" \/><\/a>\n\t\t\t<\/dt><\/dl><dl class='gallery-item'>\n\t\t\t<dt class='gallery-icon landscape'>\n\t\t\t\t<a href='https:\/\/galicia.ingenierosnavales.com\/index.php\/2025\/09\/17\/resena-xornada-carpinteiros-de-ribeira-10-de-setembro\/_dsc9113\/'><img loading=\"lazy\" decoding=\"async\" width=\"2560\" height=\"1707\" src=\"https:\/\/galicia.ingenierosnavales.com\/wp-content\/uploads\/2025\/09\/DSC9113-scaled.jpg\" class=\"attachment-full size-full no-lazy\" alt=\"\" srcset=\"https:\/\/galicia.ingenierosnavales.com\/wp-content\/uploads\/2025\/09\/DSC9113-scaled.jpg 2560w, https:\/\/galicia.ingenierosnavales.com\/wp-content\/uploads\/2025\/09\/DSC9113-300x200.jpg 300w, https:\/\/galicia.ingenierosnavales.com\/wp-content\/uploads\/2025\/09\/DSC9113-1024x683.jpg 1024w, https:\/\/galicia.ingenierosnavales.com\/wp-content\/uploads\/2025\/09\/DSC9113-768x512.jpg 768w, https:\/\/galicia.ingenierosnavales.com\/wp-content\/uploads\/2025\/09\/DSC9113-1536x1024.jpg 1536w, https:\/\/galicia.ingenierosnavales.com\/wp-content\/uploads\/2025\/09\/DSC9113-2048x1365.jpg 2048w\" sizes=\"auto, (max-width: 2560px) 100vw, 2560px\" \/><\/a>\n\t\t\t<\/dt><\/dl><br style=\"clear: both\" \/><dl class='gallery-item'>\n\t\t\t<dt class='gallery-icon landscape'>\n\t\t\t\t<a href='https:\/\/galicia.ingenierosnavales.com\/index.php\/2025\/09\/17\/resena-xornada-carpinteiros-de-ribeira-10-de-setembro\/_dsc9111\/'><img loading=\"lazy\" decoding=\"async\" width=\"2560\" height=\"1707\" src=\"https:\/\/galicia.ingenierosnavales.com\/wp-content\/uploads\/2025\/09\/DSC9111-scaled.jpg\" class=\"attachment-full size-full no-lazy\" alt=\"\" srcset=\"https:\/\/galicia.ingenierosnavales.com\/wp-content\/uploads\/2025\/09\/DSC9111-scaled.jpg 2560w, https:\/\/galicia.ingenierosnavales.com\/wp-content\/uploads\/2025\/09\/DSC9111-300x200.jpg 300w, https:\/\/galicia.ingenierosnavales.com\/wp-content\/uploads\/2025\/09\/DSC9111-1024x683.jpg 1024w, https:\/\/galicia.ingenierosnavales.com\/wp-content\/uploads\/2025\/09\/DSC9111-768x512.jpg 768w, https:\/\/galicia.ingenierosnavales.com\/wp-content\/uploads\/2025\/09\/DSC9111-1536x1024.jpg 1536w, https:\/\/galicia.ingenierosnavales.com\/wp-content\/uploads\/2025\/09\/DSC9111-2048x1365.jpg 2048w\" sizes=\"auto, (max-width: 2560px) 100vw, 2560px\" \/><\/a>\n\t\t\t<\/dt><\/dl><dl class='gallery-item'>\n\t\t\t<dt class='gallery-icon landscape'>\n\t\t\t\t<a href='https:\/\/galicia.ingenierosnavales.com\/index.php\/2025\/09\/17\/resena-xornada-carpinteiros-de-ribeira-10-de-setembro\/_dsc9110\/'><img loading=\"lazy\" decoding=\"async\" width=\"2560\" height=\"1707\" src=\"https:\/\/galicia.ingenierosnavales.com\/wp-content\/uploads\/2025\/09\/DSC9110-scaled.jpg\" class=\"attachment-full size-full no-lazy\" alt=\"\" srcset=\"https:\/\/galicia.ingenierosnavales.com\/wp-content\/uploads\/2025\/09\/DSC9110-scaled.jpg 2560w, https:\/\/galicia.ingenierosnavales.com\/wp-content\/uploads\/2025\/09\/DSC9110-300x200.jpg 300w, https:\/\/galicia.ingenierosnavales.com\/wp-content\/uploads\/2025\/09\/DSC9110-1024x683.jpg 1024w, https:\/\/galicia.ingenierosnavales.com\/wp-content\/uploads\/2025\/09\/DSC9110-768x512.jpg 768w, https:\/\/galicia.ingenierosnavales.com\/wp-content\/uploads\/2025\/09\/DSC9110-1536x1024.jpg 1536w, https:\/\/galicia.ingenierosnavales.com\/wp-content\/uploads\/2025\/09\/DSC9110-2048x1365.jpg 2048w\" sizes=\"auto, (max-width: 2560px) 100vw, 2560px\" \/><\/a>\n\t\t\t<\/dt><\/dl><dl class='gallery-item'>\n\t\t\t<dt class='gallery-icon landscape'>\n\t\t\t\t<a href='https:\/\/galicia.ingenierosnavales.com\/index.php\/2025\/09\/17\/resena-xornada-carpinteiros-de-ribeira-10-de-setembro\/_dsc9108\/'><img loading=\"lazy\" decoding=\"async\" width=\"2560\" height=\"1707\" src=\"https:\/\/galicia.ingenierosnavales.com\/wp-content\/uploads\/2025\/09\/DSC9108-scaled.jpg\" class=\"attachment-full size-full no-lazy\" alt=\"\" srcset=\"https:\/\/galicia.ingenierosnavales.com\/wp-content\/uploads\/2025\/09\/DSC9108-scaled.jpg 2560w, https:\/\/galicia.ingenierosnavales.com\/wp-content\/uploads\/2025\/09\/DSC9108-300x200.jpg 300w, https:\/\/galicia.ingenierosnavales.com\/wp-content\/uploads\/2025\/09\/DSC9108-1024x683.jpg 1024w, https:\/\/galicia.ingenierosnavales.com\/wp-content\/uploads\/2025\/09\/DSC9108-768x512.jpg 768w, https:\/\/galicia.ingenierosnavales.com\/wp-content\/uploads\/2025\/09\/DSC9108-1536x1024.jpg 1536w, https:\/\/galicia.ingenierosnavales.com\/wp-content\/uploads\/2025\/09\/DSC9108-2048x1365.jpg 2048w\" sizes=\"auto, (max-width: 2560px) 100vw, 2560px\" \/><\/a>\n\t\t\t<\/dt><\/dl><br style=\"clear: both\" \/><dl class='gallery-item'>\n\t\t\t<dt class='gallery-icon landscape'>\n\t\t\t\t<a href='https:\/\/galicia.ingenierosnavales.com\/index.php\/2025\/09\/17\/resena-xornada-carpinteiros-de-ribeira-10-de-setembro\/_dsc9105\/'><img loading=\"lazy\" decoding=\"async\" width=\"2560\" height=\"1706\" src=\"https:\/\/galicia.ingenierosnavales.com\/wp-content\/uploads\/2025\/09\/DSC9105-scaled.jpg\" class=\"attachment-full size-full no-lazy\" alt=\"\" srcset=\"https:\/\/galicia.ingenierosnavales.com\/wp-content\/uploads\/2025\/09\/DSC9105-scaled.jpg 2560w, https:\/\/galicia.ingenierosnavales.com\/wp-content\/uploads\/2025\/09\/DSC9105-300x200.jpg 300w, https:\/\/galicia.ingenierosnavales.com\/wp-content\/uploads\/2025\/09\/DSC9105-1024x683.jpg 1024w, https:\/\/galicia.ingenierosnavales.com\/wp-content\/uploads\/2025\/09\/DSC9105-768x512.jpg 768w, https:\/\/galicia.ingenierosnavales.com\/wp-content\/uploads\/2025\/09\/DSC9105-1536x1024.jpg 1536w, https:\/\/galicia.ingenierosnavales.com\/wp-content\/uploads\/2025\/09\/DSC9105-2048x1365.jpg 2048w\" sizes=\"auto, (max-width: 2560px) 100vw, 2560px\" \/><\/a>\n\t\t\t<\/dt><\/dl><dl class='gallery-item'>\n\t\t\t<dt class='gallery-icon landscape'>\n\t\t\t\t<a href='https:\/\/galicia.ingenierosnavales.com\/index.php\/2025\/09\/17\/resena-xornada-carpinteiros-de-ribeira-10-de-setembro\/_dsc9103\/'><img loading=\"lazy\" decoding=\"async\" width=\"2560\" height=\"1707\" src=\"https:\/\/galicia.ingenierosnavales.com\/wp-content\/uploads\/2025\/09\/DSC9103-scaled.jpg\" class=\"attachment-full size-full no-lazy\" alt=\"\" srcset=\"https:\/\/galicia.ingenierosnavales.com\/wp-content\/uploads\/2025\/09\/DSC9103-scaled.jpg 2560w, https:\/\/galicia.ingenierosnavales.com\/wp-content\/uploads\/2025\/09\/DSC9103-300x200.jpg 300w, https:\/\/galicia.ingenierosnavales.com\/wp-content\/uploads\/2025\/09\/DSC9103-1024x683.jpg 1024w, https:\/\/galicia.ingenierosnavales.com\/wp-content\/uploads\/2025\/09\/DSC9103-768x512.jpg 768w, https:\/\/galicia.ingenierosnavales.com\/wp-content\/uploads\/2025\/09\/DSC9103-1536x1024.jpg 1536w, https:\/\/galicia.ingenierosnavales.com\/wp-content\/uploads\/2025\/09\/DSC9103-2048x1365.jpg 2048w\" sizes=\"auto, (max-width: 2560px) 100vw, 2560px\" \/><\/a>\n\t\t\t<\/dt><\/dl><dl class='gallery-item'>\n\t\t\t<dt class='gallery-icon landscape'>\n\t\t\t\t<a href='https:\/\/galicia.ingenierosnavales.com\/index.php\/2025\/09\/17\/resena-xornada-carpinteiros-de-ribeira-10-de-setembro\/_dsc9101\/'><img loading=\"lazy\" decoding=\"async\" width=\"2560\" height=\"1707\" src=\"https:\/\/galicia.ingenierosnavales.com\/wp-content\/uploads\/2025\/09\/DSC9101-scaled.jpg\" class=\"attachment-full size-full no-lazy\" alt=\"\" srcset=\"https:\/\/galicia.ingenierosnavales.com\/wp-content\/uploads\/2025\/09\/DSC9101-scaled.jpg 2560w, https:\/\/galicia.ingenierosnavales.com\/wp-content\/uploads\/2025\/09\/DSC9101-300x200.jpg 300w, https:\/\/galicia.ingenierosnavales.com\/wp-content\/uploads\/2025\/09\/DSC9101-1024x683.jpg 1024w, https:\/\/galicia.ingenierosnavales.com\/wp-content\/uploads\/2025\/09\/DSC9101-768x512.jpg 768w, https:\/\/galicia.ingenierosnavales.com\/wp-content\/uploads\/2025\/09\/DSC9101-1536x1024.jpg 1536w, https:\/\/galicia.ingenierosnavales.com\/wp-content\/uploads\/2025\/09\/DSC9101-2048x1365.jpg 2048w\" sizes=\"auto, (max-width: 2560px) 100vw, 2560px\" \/><\/a>\n\t\t\t<\/dt><\/dl><br style=\"clear: both\" \/><dl class='gallery-item'>\n\t\t\t<dt class='gallery-icon landscape'>\n\t\t\t\t<a href='https:\/\/galicia.ingenierosnavales.com\/index.php\/2025\/09\/17\/resena-xornada-carpinteiros-de-ribeira-10-de-setembro\/_dsc9097\/'><img loading=\"lazy\" decoding=\"async\" width=\"2560\" height=\"1707\" src=\"https:\/\/galicia.ingenierosnavales.com\/wp-content\/uploads\/2025\/09\/DSC9097-scaled.jpg\" class=\"attachment-full size-full no-lazy\" alt=\"\" srcset=\"https:\/\/galicia.ingenierosnavales.com\/wp-content\/uploads\/2025\/09\/DSC9097-scaled.jpg 2560w, https:\/\/galicia.ingenierosnavales.com\/wp-content\/uploads\/2025\/09\/DSC9097-300x200.jpg 300w, https:\/\/galicia.ingenierosnavales.com\/wp-content\/uploads\/2025\/09\/DSC9097-1024x683.jpg 1024w, https:\/\/galicia.ingenierosnavales.com\/wp-content\/uploads\/2025\/09\/DSC9097-768x512.jpg 768w, https:\/\/galicia.ingenierosnavales.com\/wp-content\/uploads\/2025\/09\/DSC9097-1536x1024.jpg 1536w, https:\/\/galicia.ingenierosnavales.com\/wp-content\/uploads\/2025\/09\/DSC9097-2048x1365.jpg 2048w\" sizes=\"auto, (max-width: 2560px) 100vw, 2560px\" \/><\/a>\n\t\t\t<\/dt><\/dl><dl class='gallery-item'>\n\t\t\t<dt class='gallery-icon landscape'>\n\t\t\t\t<a href='https:\/\/galicia.ingenierosnavales.com\/index.php\/2025\/09\/17\/resena-xornada-carpinteiros-de-ribeira-10-de-setembro\/_dsc9093\/'><img loading=\"lazy\" decoding=\"async\" width=\"2560\" height=\"1707\" src=\"https:\/\/galicia.ingenierosnavales.com\/wp-content\/uploads\/2025\/09\/DSC9093-scaled.jpg\" class=\"attachment-full size-full no-lazy\" alt=\"\" srcset=\"https:\/\/galicia.ingenierosnavales.com\/wp-content\/uploads\/2025\/09\/DSC9093-scaled.jpg 2560w, https:\/\/galicia.ingenierosnavales.com\/wp-content\/uploads\/2025\/09\/DSC9093-300x200.jpg 300w, https:\/\/galicia.ingenierosnavales.com\/wp-content\/uploads\/2025\/09\/DSC9093-1024x683.jpg 1024w, https:\/\/galicia.ingenierosnavales.com\/wp-content\/uploads\/2025\/09\/DSC9093-768x512.jpg 768w, https:\/\/galicia.ingenierosnavales.com\/wp-content\/uploads\/2025\/09\/DSC9093-1536x1024.jpg 1536w, https:\/\/galicia.ingenierosnavales.com\/wp-content\/uploads\/2025\/09\/DSC9093-2048x1365.jpg 2048w\" sizes=\"auto, (max-width: 2560px) 100vw, 2560px\" \/><\/a>\n\t\t\t<\/dt><\/dl><dl class='gallery-item'>\n\t\t\t<dt class='gallery-icon landscape'>\n\t\t\t\t<a href='https:\/\/galicia.ingenierosnavales.com\/index.php\/2025\/09\/17\/resena-xornada-carpinteiros-de-ribeira-10-de-setembro\/_dsc9090\/'><img loading=\"lazy\" decoding=\"async\" width=\"2560\" height=\"1707\" src=\"https:\/\/galicia.ingenierosnavales.com\/wp-content\/uploads\/2025\/09\/DSC9090-scaled.jpg\" class=\"attachment-full size-full no-lazy\" alt=\"\" srcset=\"https:\/\/galicia.ingenierosnavales.com\/wp-content\/uploads\/2025\/09\/DSC9090-scaled.jpg 2560w, https:\/\/galicia.ingenierosnavales.com\/wp-content\/uploads\/2025\/09\/DSC9090-300x200.jpg 300w, https:\/\/galicia.ingenierosnavales.com\/wp-content\/uploads\/2025\/09\/DSC9090-1024x683.jpg 1024w, https:\/\/galicia.ingenierosnavales.com\/wp-content\/uploads\/2025\/09\/DSC9090-768x512.jpg 768w, https:\/\/galicia.ingenierosnavales.com\/wp-content\/uploads\/2025\/09\/DSC9090-1536x1024.jpg 1536w, https:\/\/galicia.ingenierosnavales.com\/wp-content\/uploads\/2025\/09\/DSC9090-2048x1365.jpg 2048w\" sizes=\"auto, (max-width: 2560px) 100vw, 2560px\" \/><\/a>\n\t\t\t<\/dt><\/dl><br style=\"clear: both\" \/><dl class='gallery-item'>\n\t\t\t<dt class='gallery-icon landscape'>\n\t\t\t\t<a href='https:\/\/galicia.ingenierosnavales.com\/index.php\/2025\/09\/17\/resena-xornada-carpinteiros-de-ribeira-10-de-setembro\/_dsc9088\/'><img loading=\"lazy\" decoding=\"async\" width=\"2560\" height=\"1707\" src=\"https:\/\/galicia.ingenierosnavales.com\/wp-content\/uploads\/2025\/09\/DSC9088-scaled.jpg\" class=\"attachment-full size-full no-lazy\" alt=\"\" srcset=\"https:\/\/galicia.ingenierosnavales.com\/wp-content\/uploads\/2025\/09\/DSC9088-scaled.jpg 2560w, https:\/\/galicia.ingenierosnavales.com\/wp-content\/uploads\/2025\/09\/DSC9088-300x200.jpg 300w, https:\/\/galicia.ingenierosnavales.com\/wp-content\/uploads\/2025\/09\/DSC9088-1024x683.jpg 1024w, https:\/\/galicia.ingenierosnavales.com\/wp-content\/uploads\/2025\/09\/DSC9088-768x512.jpg 768w, https:\/\/galicia.ingenierosnavales.com\/wp-content\/uploads\/2025\/09\/DSC9088-1536x1024.jpg 1536w, https:\/\/galicia.ingenierosnavales.com\/wp-content\/uploads\/2025\/09\/DSC9088-2048x1365.jpg 2048w\" sizes=\"auto, (max-width: 2560px) 100vw, 2560px\" \/><\/a>\n\t\t\t<\/dt><\/dl><dl class='gallery-item'>\n\t\t\t<dt class='gallery-icon portrait'>\n\t\t\t\t<a href='https:\/\/galicia.ingenierosnavales.com\/index.php\/2025\/09\/17\/resena-xornada-carpinteiros-de-ribeira-10-de-setembro\/_dsc9083\/'><img loading=\"lazy\" decoding=\"async\" width=\"1707\" height=\"2560\" src=\"https:\/\/galicia.ingenierosnavales.com\/wp-content\/uploads\/2025\/09\/DSC9083-scaled.jpg\" class=\"attachment-full size-full no-lazy\" alt=\"\" srcset=\"https:\/\/galicia.ingenierosnavales.com\/wp-content\/uploads\/2025\/09\/DSC9083-scaled.jpg 1707w, https:\/\/galicia.ingenierosnavales.com\/wp-content\/uploads\/2025\/09\/DSC9083-200x300.jpg 200w, https:\/\/galicia.ingenierosnavales.com\/wp-content\/uploads\/2025\/09\/DSC9083-683x1024.jpg 683w, https:\/\/galicia.ingenierosnavales.com\/wp-content\/uploads\/2025\/09\/DSC9083-768x1152.jpg 768w, https:\/\/galicia.ingenierosnavales.com\/wp-content\/uploads\/2025\/09\/DSC9083-1024x1536.jpg 1024w, https:\/\/galicia.ingenierosnavales.com\/wp-content\/uploads\/2025\/09\/DSC9083-1365x2048.jpg 1365w\" sizes=\"auto, (max-width: 1707px) 100vw, 1707px\" \/><\/a>\n\t\t\t<\/dt><\/dl><dl class='gallery-item'>\n\t\t\t<dt class='gallery-icon landscape'>\n\t\t\t\t<a href='https:\/\/galicia.ingenierosnavales.com\/index.php\/2025\/09\/17\/resena-xornada-carpinteiros-de-ribeira-10-de-setembro\/_dsc9081\/'><img loading=\"lazy\" decoding=\"async\" width=\"2560\" height=\"1707\" src=\"https:\/\/galicia.ingenierosnavales.com\/wp-content\/uploads\/2025\/09\/DSC9081-scaled.jpg\" class=\"attachment-full size-full no-lazy\" alt=\"\" srcset=\"https:\/\/galicia.ingenierosnavales.com\/wp-content\/uploads\/2025\/09\/DSC9081-scaled.jpg 2560w, https:\/\/galicia.ingenierosnavales.com\/wp-content\/uploads\/2025\/09\/DSC9081-300x200.jpg 300w, https:\/\/galicia.ingenierosnavales.com\/wp-content\/uploads\/2025\/09\/DSC9081-1024x683.jpg 1024w, https:\/\/galicia.ingenierosnavales.com\/wp-content\/uploads\/2025\/09\/DSC9081-768x512.jpg 768w, https:\/\/galicia.ingenierosnavales.com\/wp-content\/uploads\/2025\/09\/DSC9081-1536x1024.jpg 1536w, https:\/\/galicia.ingenierosnavales.com\/wp-content\/uploads\/2025\/09\/DSC9081-2048x1365.jpg 2048w\" sizes=\"auto, (max-width: 2560px) 100vw, 2560px\" \/><\/a>\n\t\t\t<\/dt><\/dl><br style=\"clear: both\" \/><dl class='gallery-item'>\n\t\t\t<dt class='gallery-icon landscape'>\n\t\t\t\t<a href='https:\/\/galicia.ingenierosnavales.com\/index.php\/2025\/09\/17\/resena-xornada-carpinteiros-de-ribeira-10-de-setembro\/_dsc9073\/'><img loading=\"lazy\" decoding=\"async\" width=\"2560\" height=\"1707\" src=\"https:\/\/galicia.ingenierosnavales.com\/wp-content\/uploads\/2025\/09\/DSC9073-scaled.jpg\" class=\"attachment-full size-full no-lazy\" alt=\"\" srcset=\"https:\/\/galicia.ingenierosnavales.com\/wp-content\/uploads\/2025\/09\/DSC9073-scaled.jpg 2560w, https:\/\/galicia.ingenierosnavales.com\/wp-content\/uploads\/2025\/09\/DSC9073-300x200.jpg 300w, https:\/\/galicia.ingenierosnavales.com\/wp-content\/uploads\/2025\/09\/DSC9073-1024x683.jpg 1024w, https:\/\/galicia.ingenierosnavales.com\/wp-content\/uploads\/2025\/09\/DSC9073-768x512.jpg 768w, https:\/\/galicia.ingenierosnavales.com\/wp-content\/uploads\/2025\/09\/DSC9073-1536x1024.jpg 1536w, https:\/\/galicia.ingenierosnavales.com\/wp-content\/uploads\/2025\/09\/DSC9073-2048x1365.jpg 2048w\" sizes=\"auto, (max-width: 2560px) 100vw, 2560px\" \/><\/a>\n\t\t\t<\/dt><\/dl><dl class='gallery-item'>\n\t\t\t<dt class='gallery-icon landscape'>\n\t\t\t\t<a href='https:\/\/galicia.ingenierosnavales.com\/index.php\/2025\/09\/17\/resena-xornada-carpinteiros-de-ribeira-10-de-setembro\/_dsc9068\/'><img loading=\"lazy\" decoding=\"async\" width=\"2560\" height=\"1707\" src=\"https:\/\/galicia.ingenierosnavales.com\/wp-content\/uploads\/2025\/09\/DSC9068-scaled.jpg\" class=\"attachment-full size-full no-lazy\" alt=\"\" srcset=\"https:\/\/galicia.ingenierosnavales.com\/wp-content\/uploads\/2025\/09\/DSC9068-scaled.jpg 2560w, https:\/\/galicia.ingenierosnavales.com\/wp-content\/uploads\/2025\/09\/DSC9068-300x200.jpg 300w, https:\/\/galicia.ingenierosnavales.com\/wp-content\/uploads\/2025\/09\/DSC9068-1024x683.jpg 1024w, https:\/\/galicia.ingenierosnavales.com\/wp-content\/uploads\/2025\/09\/DSC9068-768x512.jpg 768w, https:\/\/galicia.ingenierosnavales.com\/wp-content\/uploads\/2025\/09\/DSC9068-1536x1024.jpg 1536w, https:\/\/galicia.ingenierosnavales.com\/wp-content\/uploads\/2025\/09\/DSC9068-2048x1365.jpg 2048w\" sizes=\"auto, (max-width: 2560px) 100vw, 2560px\" \/><\/a>\n\t\t\t<\/dt><\/dl><dl class='gallery-item'>\n\t\t\t<dt class='gallery-icon landscape'>\n\t\t\t\t<a href='https:\/\/galicia.ingenierosnavales.com\/index.php\/2025\/09\/17\/resena-xornada-carpinteiros-de-ribeira-10-de-setembro\/_dsc9065\/'><img loading=\"lazy\" decoding=\"async\" width=\"2560\" height=\"1707\" src=\"https:\/\/galicia.ingenierosnavales.com\/wp-content\/uploads\/2025\/09\/DSC9065-scaled.jpg\" class=\"attachment-full size-full no-lazy\" alt=\"\" srcset=\"https:\/\/galicia.ingenierosnavales.com\/wp-content\/uploads\/2025\/09\/DSC9065-scaled.jpg 2560w, https:\/\/galicia.ingenierosnavales.com\/wp-content\/uploads\/2025\/09\/DSC9065-300x200.jpg 300w, https:\/\/galicia.ingenierosnavales.com\/wp-content\/uploads\/2025\/09\/DSC9065-1024x683.jpg 1024w, https:\/\/galicia.ingenierosnavales.com\/wp-content\/uploads\/2025\/09\/DSC9065-768x512.jpg 768w, https:\/\/galicia.ingenierosnavales.com\/wp-content\/uploads\/2025\/09\/DSC9065-1536x1024.jpg 1536w, https:\/\/galicia.ingenierosnavales.com\/wp-content\/uploads\/2025\/09\/DSC9065-2048x1365.jpg 2048w\" sizes=\"auto, (max-width: 2560px) 100vw, 2560px\" \/><\/a>\n\t\t\t<\/dt><\/dl><br style=\"clear: both\" \/><dl class='gallery-item'>\n\t\t\t<dt class='gallery-icon landscape'>\n\t\t\t\t<a href='https:\/\/galicia.ingenierosnavales.com\/index.php\/2025\/09\/17\/resena-xornada-carpinteiros-de-ribeira-10-de-setembro\/_dsc9063\/'><img loading=\"lazy\" decoding=\"async\" width=\"2560\" height=\"1707\" src=\"https:\/\/galicia.ingenierosnavales.com\/wp-content\/uploads\/2025\/09\/DSC9063-scaled.jpg\" class=\"attachment-full size-full no-lazy\" alt=\"\" srcset=\"https:\/\/galicia.ingenierosnavales.com\/wp-content\/uploads\/2025\/09\/DSC9063-scaled.jpg 2560w, https:\/\/galicia.ingenierosnavales.com\/wp-content\/uploads\/2025\/09\/DSC9063-300x200.jpg 300w, https:\/\/galicia.ingenierosnavales.com\/wp-content\/uploads\/2025\/09\/DSC9063-1024x683.jpg 1024w, https:\/\/galicia.ingenierosnavales.com\/wp-content\/uploads\/2025\/09\/DSC9063-768x512.jpg 768w, https:\/\/galicia.ingenierosnavales.com\/wp-content\/uploads\/2025\/09\/DSC9063-1536x1024.jpg 1536w, https:\/\/galicia.ingenierosnavales.com\/wp-content\/uploads\/2025\/09\/DSC9063-2048x1365.jpg 2048w\" sizes=\"auto, (max-width: 2560px) 100vw, 2560px\" \/><\/a>\n\t\t\t<\/dt><\/dl><dl class='gallery-item'>\n\t\t\t<dt class='gallery-icon landscape'>\n\t\t\t\t<a href='https:\/\/galicia.ingenierosnavales.com\/index.php\/2025\/09\/17\/resena-xornada-carpinteiros-de-ribeira-10-de-setembro\/_dsc9057\/'><img loading=\"lazy\" decoding=\"async\" width=\"2560\" height=\"1707\" src=\"https:\/\/galicia.ingenierosnavales.com\/wp-content\/uploads\/2025\/09\/DSC9057-scaled.jpg\" class=\"attachment-full size-full no-lazy\" alt=\"\" srcset=\"https:\/\/galicia.ingenierosnavales.com\/wp-content\/uploads\/2025\/09\/DSC9057-scaled.jpg 2560w, https:\/\/galicia.ingenierosnavales.com\/wp-content\/uploads\/2025\/09\/DSC9057-300x200.jpg 300w, https:\/\/galicia.ingenierosnavales.com\/wp-content\/uploads\/2025\/09\/DSC9057-1024x683.jpg 1024w, https:\/\/galicia.ingenierosnavales.com\/wp-content\/uploads\/2025\/09\/DSC9057-768x512.jpg 768w, https:\/\/galicia.ingenierosnavales.com\/wp-content\/uploads\/2025\/09\/DSC9057-1536x1024.jpg 1536w, https:\/\/galicia.ingenierosnavales.com\/wp-content\/uploads\/2025\/09\/DSC9057-2048x1365.jpg 2048w\" sizes=\"auto, (max-width: 2560px) 100vw, 2560px\" \/><\/a>\n\t\t\t<\/dt><\/dl><dl class='gallery-item'>\n\t\t\t<dt class='gallery-icon landscape'>\n\t\t\t\t<a href='https:\/\/galicia.ingenierosnavales.com\/index.php\/2025\/09\/17\/resena-xornada-carpinteiros-de-ribeira-10-de-setembro\/_dsc9056\/'><img loading=\"lazy\" decoding=\"async\" width=\"2560\" height=\"1707\" src=\"https:\/\/galicia.ingenierosnavales.com\/wp-content\/uploads\/2025\/09\/DSC9056-scaled.jpg\" class=\"attachment-full size-full no-lazy\" alt=\"\" srcset=\"https:\/\/galicia.ingenierosnavales.com\/wp-content\/uploads\/2025\/09\/DSC9056-scaled.jpg 2560w, https:\/\/galicia.ingenierosnavales.com\/wp-content\/uploads\/2025\/09\/DSC9056-300x200.jpg 300w, https:\/\/galicia.ingenierosnavales.com\/wp-content\/uploads\/2025\/09\/DSC9056-1024x683.jpg 1024w, https:\/\/galicia.ingenierosnavales.com\/wp-content\/uploads\/2025\/09\/DSC9056-768x512.jpg 768w, https:\/\/galicia.ingenierosnavales.com\/wp-content\/uploads\/2025\/09\/DSC9056-1536x1024.jpg 1536w, https:\/\/galicia.ingenierosnavales.com\/wp-content\/uploads\/2025\/09\/DSC9056-2048x1365.jpg 2048w\" sizes=\"auto, (max-width: 2560px) 100vw, 2560px\" \/><\/a>\n\t\t\t<\/dt><\/dl><br style=\"clear: both\" \/><dl class='gallery-item'>\n\t\t\t<dt class='gallery-icon landscape'>\n\t\t\t\t<a href='https:\/\/galicia.ingenierosnavales.com\/index.php\/2025\/09\/17\/resena-xornada-carpinteiros-de-ribeira-10-de-setembro\/_dsc9054\/'><img loading=\"lazy\" decoding=\"async\" width=\"2560\" height=\"1707\" src=\"https:\/\/galicia.ingenierosnavales.com\/wp-content\/uploads\/2025\/09\/DSC9054-scaled.jpg\" class=\"attachment-full size-full no-lazy\" alt=\"\" srcset=\"https:\/\/galicia.ingenierosnavales.com\/wp-content\/uploads\/2025\/09\/DSC9054-scaled.jpg 2560w, https:\/\/galicia.ingenierosnavales.com\/wp-content\/uploads\/2025\/09\/DSC9054-300x200.jpg 300w, https:\/\/galicia.ingenierosnavales.com\/wp-content\/uploads\/2025\/09\/DSC9054-1024x683.jpg 1024w, https:\/\/galicia.ingenierosnavales.com\/wp-content\/uploads\/2025\/09\/DSC9054-768x512.jpg 768w, https:\/\/galicia.ingenierosnavales.com\/wp-content\/uploads\/2025\/09\/DSC9054-1536x1024.jpg 1536w, https:\/\/galicia.ingenierosnavales.com\/wp-content\/uploads\/2025\/09\/DSC9054-2048x1365.jpg 2048w\" sizes=\"auto, (max-width: 2560px) 100vw, 2560px\" \/><\/a>\n\t\t\t<\/dt><\/dl><dl class='gallery-item'>\n\t\t\t<dt class='gallery-icon landscape'>\n\t\t\t\t<a href='https:\/\/galicia.ingenierosnavales.com\/index.php\/2025\/09\/17\/resena-xornada-carpinteiros-de-ribeira-10-de-setembro\/_dsc9052\/'><img loading=\"lazy\" decoding=\"async\" width=\"2560\" height=\"1707\" src=\"https:\/\/galicia.ingenierosnavales.com\/wp-content\/uploads\/2025\/09\/DSC9052-scaled.jpg\" class=\"attachment-full size-full no-lazy\" alt=\"\" srcset=\"https:\/\/galicia.ingenierosnavales.com\/wp-content\/uploads\/2025\/09\/DSC9052-scaled.jpg 2560w, https:\/\/galicia.ingenierosnavales.com\/wp-content\/uploads\/2025\/09\/DSC9052-300x200.jpg 300w, https:\/\/galicia.ingenierosnavales.com\/wp-content\/uploads\/2025\/09\/DSC9052-1024x683.jpg 1024w, https:\/\/galicia.ingenierosnavales.com\/wp-content\/uploads\/2025\/09\/DSC9052-768x512.jpg 768w, https:\/\/galicia.ingenierosnavales.com\/wp-content\/uploads\/2025\/09\/DSC9052-1536x1024.jpg 1536w, https:\/\/galicia.ingenierosnavales.com\/wp-content\/uploads\/2025\/09\/DSC9052-2048x1365.jpg 2048w\" sizes=\"auto, (max-width: 2560px) 100vw, 2560px\" \/><\/a>\n\t\t\t<\/dt><\/dl><dl class='gallery-item'>\n\t\t\t<dt class='gallery-icon landscape'>\n\t\t\t\t<a href='https:\/\/galicia.ingenierosnavales.com\/index.php\/2025\/09\/17\/resena-xornada-carpinteiros-de-ribeira-10-de-setembro\/_dsc9050\/'><img loading=\"lazy\" decoding=\"async\" width=\"2560\" height=\"1707\" src=\"https:\/\/galicia.ingenierosnavales.com\/wp-content\/uploads\/2025\/09\/DSC9050-scaled.jpg\" class=\"attachment-full size-full no-lazy\" alt=\"\" srcset=\"https:\/\/galicia.ingenierosnavales.com\/wp-content\/uploads\/2025\/09\/DSC9050-scaled.jpg 2560w, https:\/\/galicia.ingenierosnavales.com\/wp-content\/uploads\/2025\/09\/DSC9050-300x200.jpg 300w, https:\/\/galicia.ingenierosnavales.com\/wp-content\/uploads\/2025\/09\/DSC9050-1024x683.jpg 1024w, https:\/\/galicia.ingenierosnavales.com\/wp-content\/uploads\/2025\/09\/DSC9050-768x512.jpg 768w, https:\/\/galicia.ingenierosnavales.com\/wp-content\/uploads\/2025\/09\/DSC9050-1536x1024.jpg 1536w, https:\/\/galicia.ingenierosnavales.com\/wp-content\/uploads\/2025\/09\/DSC9050-2048x1365.jpg 2048w\" sizes=\"auto, (max-width: 2560px) 100vw, 2560px\" \/><\/a>\n\t\t\t<\/dt><\/dl><br style=\"clear: both\" \/><dl class='gallery-item'>\n\t\t\t<dt class='gallery-icon landscape'>\n\t\t\t\t<a href='https:\/\/galicia.ingenierosnavales.com\/index.php\/2025\/09\/17\/resena-xornada-carpinteiros-de-ribeira-10-de-setembro\/_dsc9048\/'><img loading=\"lazy\" decoding=\"async\" width=\"2560\" height=\"1707\" src=\"https:\/\/galicia.ingenierosnavales.com\/wp-content\/uploads\/2025\/09\/DSC9048-scaled.jpg\" class=\"attachment-full size-full no-lazy\" alt=\"\" srcset=\"https:\/\/galicia.ingenierosnavales.com\/wp-content\/uploads\/2025\/09\/DSC9048-scaled.jpg 2560w, https:\/\/galicia.ingenierosnavales.com\/wp-content\/uploads\/2025\/09\/DSC9048-300x200.jpg 300w, https:\/\/galicia.ingenierosnavales.com\/wp-content\/uploads\/2025\/09\/DSC9048-1024x683.jpg 1024w, https:\/\/galicia.ingenierosnavales.com\/wp-content\/uploads\/2025\/09\/DSC9048-768x512.jpg 768w, https:\/\/galicia.ingenierosnavales.com\/wp-content\/uploads\/2025\/09\/DSC9048-1536x1024.jpg 1536w, https:\/\/galicia.ingenierosnavales.com\/wp-content\/uploads\/2025\/09\/DSC9048-2048x1365.jpg 2048w\" sizes=\"auto, (max-width: 2560px) 100vw, 2560px\" \/><\/a>\n\t\t\t<\/dt><\/dl><dl class='gallery-item'>\n\t\t\t<dt class='gallery-icon landscape'>\n\t\t\t\t<a href='https:\/\/galicia.ingenierosnavales.com\/index.php\/2025\/09\/17\/resena-xornada-carpinteiros-de-ribeira-10-de-setembro\/_dsc9047\/'><img loading=\"lazy\" decoding=\"async\" width=\"2560\" height=\"1707\" src=\"https:\/\/galicia.ingenierosnavales.com\/wp-content\/uploads\/2025\/09\/DSC9047-scaled.jpg\" class=\"attachment-full size-full no-lazy\" alt=\"\" srcset=\"https:\/\/galicia.ingenierosnavales.com\/wp-content\/uploads\/2025\/09\/DSC9047-scaled.jpg 2560w, https:\/\/galicia.ingenierosnavales.com\/wp-content\/uploads\/2025\/09\/DSC9047-300x200.jpg 300w, https:\/\/galicia.ingenierosnavales.com\/wp-content\/uploads\/2025\/09\/DSC9047-1024x683.jpg 1024w, https:\/\/galicia.ingenierosnavales.com\/wp-content\/uploads\/2025\/09\/DSC9047-768x512.jpg 768w, https:\/\/galicia.ingenierosnavales.com\/wp-content\/uploads\/2025\/09\/DSC9047-1536x1024.jpg 1536w, https:\/\/galicia.ingenierosnavales.com\/wp-content\/uploads\/2025\/09\/DSC9047-2048x1365.jpg 2048w\" sizes=\"auto, (max-width: 2560px) 100vw, 2560px\" \/><\/a>\n\t\t\t<\/dt><\/dl><dl class='gallery-item'>\n\t\t\t<dt class='gallery-icon landscape'>\n\t\t\t\t<a href='https:\/\/galicia.ingenierosnavales.com\/index.php\/2025\/09\/17\/resena-xornada-carpinteiros-de-ribeira-10-de-setembro\/_dsc9046\/'><img loading=\"lazy\" decoding=\"async\" width=\"2560\" height=\"1707\" src=\"https:\/\/galicia.ingenierosnavales.com\/wp-content\/uploads\/2025\/09\/DSC9046-scaled.jpg\" class=\"attachment-full size-full no-lazy\" alt=\"\" srcset=\"https:\/\/galicia.ingenierosnavales.com\/wp-content\/uploads\/2025\/09\/DSC9046-scaled.jpg 2560w, https:\/\/galicia.ingenierosnavales.com\/wp-content\/uploads\/2025\/09\/DSC9046-300x200.jpg 300w, https:\/\/galicia.ingenierosnavales.com\/wp-content\/uploads\/2025\/09\/DSC9046-1024x683.jpg 1024w, https:\/\/galicia.ingenierosnavales.com\/wp-content\/uploads\/2025\/09\/DSC9046-768x512.jpg 768w, https:\/\/galicia.ingenierosnavales.com\/wp-content\/uploads\/2025\/09\/DSC9046-1536x1024.jpg 1536w, https:\/\/galicia.ingenierosnavales.com\/wp-content\/uploads\/2025\/09\/DSC9046-2048x1365.jpg 2048w\" sizes=\"auto, (max-width: 2560px) 100vw, 2560px\" \/><\/a>\n\t\t\t<\/dt><\/dl><br style=\"clear: both\" \/><dl class='gallery-item'>\n\t\t\t<dt class='gallery-icon landscape'>\n\t\t\t\t<a href='https:\/\/galicia.ingenierosnavales.com\/index.php\/2025\/09\/17\/resena-xornada-carpinteiros-de-ribeira-10-de-setembro\/_dsc9038\/'><img loading=\"lazy\" decoding=\"async\" width=\"2560\" height=\"1707\" src=\"https:\/\/galicia.ingenierosnavales.com\/wp-content\/uploads\/2025\/09\/DSC9038-scaled.jpg\" class=\"attachment-full size-full no-lazy\" alt=\"\" srcset=\"https:\/\/galicia.ingenierosnavales.com\/wp-content\/uploads\/2025\/09\/DSC9038-scaled.jpg 2560w, https:\/\/galicia.ingenierosnavales.com\/wp-content\/uploads\/2025\/09\/DSC9038-300x200.jpg 300w, https:\/\/galicia.ingenierosnavales.com\/wp-content\/uploads\/2025\/09\/DSC9038-1024x683.jpg 1024w, https:\/\/galicia.ingenierosnavales.com\/wp-content\/uploads\/2025\/09\/DSC9038-768x512.jpg 768w, https:\/\/galicia.ingenierosnavales.com\/wp-content\/uploads\/2025\/09\/DSC9038-1536x1024.jpg 1536w, https:\/\/galicia.ingenierosnavales.com\/wp-content\/uploads\/2025\/09\/DSC9038-2048x1365.jpg 2048w\" sizes=\"auto, (max-width: 2560px) 100vw, 2560px\" \/><\/a>\n\t\t\t<\/dt><\/dl><dl class='gallery-item'>\n\t\t\t<dt class='gallery-icon landscape'>\n\t\t\t\t<a href='https:\/\/galicia.ingenierosnavales.com\/index.php\/2025\/09\/17\/resena-xornada-carpinteiros-de-ribeira-10-de-setembro\/_dsc9037\/'><img loading=\"lazy\" decoding=\"async\" width=\"2560\" height=\"1707\" src=\"https:\/\/galicia.ingenierosnavales.com\/wp-content\/uploads\/2025\/09\/DSC9037-scaled.jpg\" class=\"attachment-full size-full no-lazy\" alt=\"\" srcset=\"https:\/\/galicia.ingenierosnavales.com\/wp-content\/uploads\/2025\/09\/DSC9037-scaled.jpg 2560w, https:\/\/galicia.ingenierosnavales.com\/wp-content\/uploads\/2025\/09\/DSC9037-300x200.jpg 300w, https:\/\/galicia.ingenierosnavales.com\/wp-content\/uploads\/2025\/09\/DSC9037-1024x683.jpg 1024w, https:\/\/galicia.ingenierosnavales.com\/wp-content\/uploads\/2025\/09\/DSC9037-768x512.jpg 768w, https:\/\/galicia.ingenierosnavales.com\/wp-content\/uploads\/2025\/09\/DSC9037-1536x1024.jpg 1536w, https:\/\/galicia.ingenierosnavales.com\/wp-content\/uploads\/2025\/09\/DSC9037-2048x1365.jpg 2048w\" sizes=\"auto, (max-width: 2560px) 100vw, 2560px\" \/><\/a>\n\t\t\t<\/dt><\/dl>\n\t\t\t<br style='clear: both' \/>\n\t\t<\/div>\n\n","protected":false},"excerpt":{"rendered":"<p>&nbsp; El pasado 10 de Septiembre y organizado por la delegaci\u00f3n Territorial del Colegio y de la Asociaci\u00f3n de Ingenieros Navales y Oce\u00e1nicos de Espa\u00f1a, se celebr\u00f3 en la sala Carlos III de Exponav,&#46;&#46;&#46;<\/p>\n","protected":false},"author":2,"featured_media":9105,"comment_status":"open","ping_status":"open","sticky":false,"template":"","format":"standard","meta":{"om_disable_all_campaigns":false,"_monsterinsights_skip_tracking":false,"_monsterinsights_sitenote_active":false,"_monsterinsights_sitenote_note":"","_monsterinsights_sitenote_category":0,"_uf_show_specific_survey":0,"_uf_disable_surveys":false,"footnotes":""},"categories":[1],"tags":[49,43,47],"class_list":["post-9111","post","type-post","status-publish","format-standard","has-post-thumbnail","hentry","category-eventos","tag-ingenieros-navales-galicia","tag-noticias-galicia","tag-sector-naval-en-galicia"],"aioseo_notices":[],"yoast_head":"<!-- This site is optimized with the Yoast SEO plugin v24.0 - https:\/\/yoast.com\/wordpress\/plugins\/seo\/ -->\n<title>Rese\u00f1a de la Jornada sobre &quot;Carpinteiros de Ribeira&quot;, 10 de septiembre - Delegaci\u00f3n del COIN en Galicia -<\/title>\n<meta name=\"robots\" content=\"index, follow, max-snippet:-1, max-image-preview:large, max-video-preview:-1\" \/>\n<link rel=\"canonical\" href=\"https:\/\/galicia.ingenierosnavales.com\/index.php\/2025\/09\/17\/resena-de-la-jornada-sobre-carpinteiros-de-ribeira-10-de-septiembre\/\" \/>\n<meta property=\"og:locale\" content=\"es_ES\" \/>\n<meta property=\"og:type\" content=\"article\" \/>\n<meta property=\"og:title\" content=\"Rese\u00f1a de la Jornada sobre &quot;Carpinteiros de Ribeira&quot;, 10 de septiembre - Delegaci\u00f3n del COIN en Galicia -\" \/>\n<meta property=\"og:description\" content=\"&nbsp; El pasado 10 de Septiembre y organizado por la delegaci\u00f3n Territorial del Colegio y de la Asociaci\u00f3n de Ingenieros Navales y Oce\u00e1nicos de Espa\u00f1a, se celebr\u00f3 en la sala Carlos III de Exponav,&#046;&#046;&#046;\" \/>\n<meta property=\"og:url\" content=\"https:\/\/galicia.ingenierosnavales.com\/index.php\/2025\/09\/17\/resena-de-la-jornada-sobre-carpinteiros-de-ribeira-10-de-septiembre\/\" \/>\n<meta property=\"og:site_name\" content=\"Delegaci\u00f3n del COIN en Galicia -\" \/>\n<meta property=\"article:published_time\" content=\"2025-09-17T11:19:07+00:00\" \/>\n<meta property=\"article:modified_time\" content=\"2025-09-17T11:54:32+00:00\" \/>\n<meta property=\"og:image\" content=\"https:\/\/galicia.ingenierosnavales.com\/wp-content\/uploads\/2025\/09\/DSC9374-scaled.jpg\" \/>\n\t<meta property=\"og:image:width\" content=\"2560\" \/>\n\t<meta property=\"og:image:height\" content=\"1707\" \/>\n\t<meta property=\"og:image:type\" content=\"image\/jpeg\" \/>\n<meta name=\"author\" content=\"Delegaci\u00f3n Galicia\" \/>\n<meta name=\"twitter:card\" content=\"summary_large_image\" \/>\n<meta name=\"twitter:label1\" content=\"Escrito por\" \/>\n\t<meta name=\"twitter:data1\" content=\"Delegaci\u00f3n Galicia\" \/>\n\t<meta name=\"twitter:label2\" content=\"Tiempo de lectura\" \/>\n\t<meta name=\"twitter:data2\" content=\"9 minutos\" \/>\n<script type=\"application\/ld+json\" class=\"yoast-schema-graph\">{\"@context\":\"https:\/\/schema.org\",\"@graph\":[{\"@type\":\"Article\",\"@id\":\"https:\/\/galicia.ingenierosnavales.com\/index.php\/2025\/09\/17\/resena-de-la-jornada-sobre-carpinteiros-de-ribeira-10-de-septiembre\/#article\",\"isPartOf\":{\"@id\":\"https:\/\/galicia.ingenierosnavales.com\/index.php\/2025\/09\/17\/resena-de-la-jornada-sobre-carpinteiros-de-ribeira-10-de-septiembre\/\"},\"author\":{\"name\":\"Delegaci\u00f3n Galicia\",\"@id\":\"https:\/\/galicia.ingenierosnavales.com\/#\/schema\/person\/5b19750a916831d424f63e9271d4e51d\"},\"headline\":\"Rese\u00f1a de la Jornada sobre \u00abCarpinteiros de Ribeira\u00bb, 10 de septiembre\",\"datePublished\":\"2025-09-17T11:19:07+00:00\",\"dateModified\":\"2025-09-17T11:54:32+00:00\",\"mainEntityOfPage\":{\"@id\":\"https:\/\/galicia.ingenierosnavales.com\/index.php\/2025\/09\/17\/resena-de-la-jornada-sobre-carpinteiros-de-ribeira-10-de-septiembre\/\"},\"wordCount\":1666,\"commentCount\":0,\"publisher\":{\"@id\":\"https:\/\/galicia.ingenierosnavales.com\/#organization\"},\"image\":{\"@id\":\"https:\/\/galicia.ingenierosnavales.com\/index.php\/2025\/09\/17\/resena-de-la-jornada-sobre-carpinteiros-de-ribeira-10-de-septiembre\/#primaryimage\"},\"thumbnailUrl\":\"https:\/\/galicia.ingenierosnavales.com\/wp-content\/uploads\/2025\/09\/DSC9374-scaled.jpg\",\"keywords\":[\"Ingenieros Navales Galicia\",\"Noticias Galicia\",\"sector naval en Galicia\"],\"articleSection\":[\"Eventos\"],\"inLanguage\":\"es\",\"potentialAction\":[{\"@type\":\"CommentAction\",\"name\":\"Comment\",\"target\":[\"https:\/\/galicia.ingenierosnavales.com\/index.php\/2025\/09\/17\/resena-de-la-jornada-sobre-carpinteiros-de-ribeira-10-de-septiembre\/#respond\"]}]},{\"@type\":\"WebPage\",\"@id\":\"https:\/\/galicia.ingenierosnavales.com\/index.php\/2025\/09\/17\/resena-de-la-jornada-sobre-carpinteiros-de-ribeira-10-de-septiembre\/\",\"url\":\"https:\/\/galicia.ingenierosnavales.com\/index.php\/2025\/09\/17\/resena-de-la-jornada-sobre-carpinteiros-de-ribeira-10-de-septiembre\/\",\"name\":\"Rese\u00f1a de la Jornada sobre \\\"Carpinteiros de Ribeira\\\", 10 de septiembre - Delegaci\u00f3n del COIN en Galicia -\",\"isPartOf\":{\"@id\":\"https:\/\/galicia.ingenierosnavales.com\/#website\"},\"primaryImageOfPage\":{\"@id\":\"https:\/\/galicia.ingenierosnavales.com\/index.php\/2025\/09\/17\/resena-de-la-jornada-sobre-carpinteiros-de-ribeira-10-de-septiembre\/#primaryimage\"},\"image\":{\"@id\":\"https:\/\/galicia.ingenierosnavales.com\/index.php\/2025\/09\/17\/resena-de-la-jornada-sobre-carpinteiros-de-ribeira-10-de-septiembre\/#primaryimage\"},\"thumbnailUrl\":\"https:\/\/galicia.ingenierosnavales.com\/wp-content\/uploads\/2025\/09\/DSC9374-scaled.jpg\",\"datePublished\":\"2025-09-17T11:19:07+00:00\",\"dateModified\":\"2025-09-17T11:54:32+00:00\",\"breadcrumb\":{\"@id\":\"https:\/\/galicia.ingenierosnavales.com\/index.php\/2025\/09\/17\/resena-de-la-jornada-sobre-carpinteiros-de-ribeira-10-de-septiembre\/#breadcrumb\"},\"inLanguage\":\"es\",\"potentialAction\":[{\"@type\":\"ReadAction\",\"target\":[\"https:\/\/galicia.ingenierosnavales.com\/index.php\/2025\/09\/17\/resena-de-la-jornada-sobre-carpinteiros-de-ribeira-10-de-septiembre\/\"]}]},{\"@type\":\"ImageObject\",\"inLanguage\":\"es\",\"@id\":\"https:\/\/galicia.ingenierosnavales.com\/index.php\/2025\/09\/17\/resena-de-la-jornada-sobre-carpinteiros-de-ribeira-10-de-septiembre\/#primaryimage\",\"url\":\"https:\/\/galicia.ingenierosnavales.com\/wp-content\/uploads\/2025\/09\/DSC9374-scaled.jpg\",\"contentUrl\":\"https:\/\/galicia.ingenierosnavales.com\/wp-content\/uploads\/2025\/09\/DSC9374-scaled.jpg\",\"width\":2560,\"height\":1707},{\"@type\":\"BreadcrumbList\",\"@id\":\"https:\/\/galicia.ingenierosnavales.com\/index.php\/2025\/09\/17\/resena-de-la-jornada-sobre-carpinteiros-de-ribeira-10-de-septiembre\/#breadcrumb\",\"itemListElement\":[{\"@type\":\"ListItem\",\"position\":1,\"name\":\"Home\",\"item\":\"https:\/\/galicia.ingenierosnavales.com\/\"},{\"@type\":\"ListItem\",\"position\":2,\"name\":\"Rese\u00f1a de la Jornada sobre \u00abCarpinteiros de Ribeira\u00bb, 10 de septiembre\"}]},{\"@type\":\"WebSite\",\"@id\":\"https:\/\/galicia.ingenierosnavales.com\/#website\",\"url\":\"https:\/\/galicia.ingenierosnavales.com\/\",\"name\":\"Delegaci\u00f3n del COIN en Galicia -\",\"description\":\"\",\"publisher\":{\"@id\":\"https:\/\/galicia.ingenierosnavales.com\/#organization\"},\"potentialAction\":[{\"@type\":\"SearchAction\",\"target\":{\"@type\":\"EntryPoint\",\"urlTemplate\":\"https:\/\/galicia.ingenierosnavales.com\/?s={search_term_string}\"},\"query-input\":{\"@type\":\"PropertyValueSpecification\",\"valueRequired\":true,\"valueName\":\"search_term_string\"}}],\"inLanguage\":\"es\"},{\"@type\":\"Organization\",\"@id\":\"https:\/\/galicia.ingenierosnavales.com\/#organization\",\"name\":\"Delegaci\u00f3n del COIN en Galicia -\",\"url\":\"https:\/\/galicia.ingenierosnavales.com\/\",\"logo\":{\"@type\":\"ImageObject\",\"inLanguage\":\"es\",\"@id\":\"https:\/\/galicia.ingenierosnavales.com\/#\/schema\/logo\/image\/\",\"url\":\"https:\/\/galicia.ingenierosnavales.com\/wp-content\/uploads\/2022\/03\/logo_2-1.png\",\"contentUrl\":\"https:\/\/galicia.ingenierosnavales.com\/wp-content\/uploads\/2022\/03\/logo_2-1.png\",\"width\":240,\"height\":94,\"caption\":\"Delegaci\u00f3n del COIN en Galicia - \"},\"image\":{\"@id\":\"https:\/\/galicia.ingenierosnavales.com\/#\/schema\/logo\/image\/\"}},{\"@type\":\"Person\",\"@id\":\"https:\/\/galicia.ingenierosnavales.com\/#\/schema\/person\/5b19750a916831d424f63e9271d4e51d\",\"name\":\"Delegaci\u00f3n Galicia\",\"image\":{\"@type\":\"ImageObject\",\"inLanguage\":\"es\",\"@id\":\"https:\/\/galicia.ingenierosnavales.com\/#\/schema\/person\/image\/\",\"url\":\"https:\/\/secure.gravatar.com\/avatar\/8ba9b1dd96c7effddd31fcf63bf8cc7f?s=96&d=mm&r=g\",\"contentUrl\":\"https:\/\/secure.gravatar.com\/avatar\/8ba9b1dd96c7effddd31fcf63bf8cc7f?s=96&d=mm&r=g\",\"caption\":\"Delegaci\u00f3n Galicia\"},\"url\":\"https:\/\/galicia.ingenierosnavales.com\/index.php\/author\/galicia\/\"}]}<\/script>\n<!-- \/ Yoast SEO plugin. -->","yoast_head_json":{"title":"Rese\u00f1a de la Jornada sobre \"Carpinteiros de Ribeira\", 10 de septiembre - Delegaci\u00f3n del COIN en Galicia -","robots":{"index":"index","follow":"follow","max-snippet":"max-snippet:-1","max-image-preview":"max-image-preview:large","max-video-preview":"max-video-preview:-1"},"canonical":"https:\/\/galicia.ingenierosnavales.com\/index.php\/2025\/09\/17\/resena-de-la-jornada-sobre-carpinteiros-de-ribeira-10-de-septiembre\/","og_locale":"es_ES","og_type":"article","og_title":"Rese\u00f1a de la Jornada sobre \"Carpinteiros de Ribeira\", 10 de septiembre - Delegaci\u00f3n del COIN en Galicia -","og_description":"&nbsp; El pasado 10 de Septiembre y organizado por la delegaci\u00f3n Territorial del Colegio y de la Asociaci\u00f3n de Ingenieros Navales y Oce\u00e1nicos de Espa\u00f1a, se celebr\u00f3 en la sala Carlos III de Exponav,&#46;&#46;&#46;","og_url":"https:\/\/galicia.ingenierosnavales.com\/index.php\/2025\/09\/17\/resena-de-la-jornada-sobre-carpinteiros-de-ribeira-10-de-septiembre\/","og_site_name":"Delegaci\u00f3n del COIN en Galicia -","article_published_time":"2025-09-17T11:19:07+00:00","article_modified_time":"2025-09-17T11:54:32+00:00","og_image":[{"width":2560,"height":1707,"url":"https:\/\/galicia.ingenierosnavales.com\/wp-content\/uploads\/2025\/09\/DSC9374-scaled.jpg","type":"image\/jpeg"}],"author":"Delegaci\u00f3n Galicia","twitter_card":"summary_large_image","twitter_misc":{"Escrito por":"Delegaci\u00f3n Galicia","Tiempo de lectura":"9 minutos"},"schema":{"@context":"https:\/\/schema.org","@graph":[{"@type":"Article","@id":"https:\/\/galicia.ingenierosnavales.com\/index.php\/2025\/09\/17\/resena-de-la-jornada-sobre-carpinteiros-de-ribeira-10-de-septiembre\/#article","isPartOf":{"@id":"https:\/\/galicia.ingenierosnavales.com\/index.php\/2025\/09\/17\/resena-de-la-jornada-sobre-carpinteiros-de-ribeira-10-de-septiembre\/"},"author":{"name":"Delegaci\u00f3n Galicia","@id":"https:\/\/galicia.ingenierosnavales.com\/#\/schema\/person\/5b19750a916831d424f63e9271d4e51d"},"headline":"Rese\u00f1a de la Jornada sobre \u00abCarpinteiros de Ribeira\u00bb, 10 de septiembre","datePublished":"2025-09-17T11:19:07+00:00","dateModified":"2025-09-17T11:54:32+00:00","mainEntityOfPage":{"@id":"https:\/\/galicia.ingenierosnavales.com\/index.php\/2025\/09\/17\/resena-de-la-jornada-sobre-carpinteiros-de-ribeira-10-de-septiembre\/"},"wordCount":1666,"commentCount":0,"publisher":{"@id":"https:\/\/galicia.ingenierosnavales.com\/#organization"},"image":{"@id":"https:\/\/galicia.ingenierosnavales.com\/index.php\/2025\/09\/17\/resena-de-la-jornada-sobre-carpinteiros-de-ribeira-10-de-septiembre\/#primaryimage"},"thumbnailUrl":"https:\/\/galicia.ingenierosnavales.com\/wp-content\/uploads\/2025\/09\/DSC9374-scaled.jpg","keywords":["Ingenieros Navales Galicia","Noticias Galicia","sector naval en Galicia"],"articleSection":["Eventos"],"inLanguage":"es","potentialAction":[{"@type":"CommentAction","name":"Comment","target":["https:\/\/galicia.ingenierosnavales.com\/index.php\/2025\/09\/17\/resena-de-la-jornada-sobre-carpinteiros-de-ribeira-10-de-septiembre\/#respond"]}]},{"@type":"WebPage","@id":"https:\/\/galicia.ingenierosnavales.com\/index.php\/2025\/09\/17\/resena-de-la-jornada-sobre-carpinteiros-de-ribeira-10-de-septiembre\/","url":"https:\/\/galicia.ingenierosnavales.com\/index.php\/2025\/09\/17\/resena-de-la-jornada-sobre-carpinteiros-de-ribeira-10-de-septiembre\/","name":"Rese\u00f1a de la Jornada sobre \"Carpinteiros de Ribeira\", 10 de septiembre - Delegaci\u00f3n del COIN en Galicia -","isPartOf":{"@id":"https:\/\/galicia.ingenierosnavales.com\/#website"},"primaryImageOfPage":{"@id":"https:\/\/galicia.ingenierosnavales.com\/index.php\/2025\/09\/17\/resena-de-la-jornada-sobre-carpinteiros-de-ribeira-10-de-septiembre\/#primaryimage"},"image":{"@id":"https:\/\/galicia.ingenierosnavales.com\/index.php\/2025\/09\/17\/resena-de-la-jornada-sobre-carpinteiros-de-ribeira-10-de-septiembre\/#primaryimage"},"thumbnailUrl":"https:\/\/galicia.ingenierosnavales.com\/wp-content\/uploads\/2025\/09\/DSC9374-scaled.jpg","datePublished":"2025-09-17T11:19:07+00:00","dateModified":"2025-09-17T11:54:32+00:00","breadcrumb":{"@id":"https:\/\/galicia.ingenierosnavales.com\/index.php\/2025\/09\/17\/resena-de-la-jornada-sobre-carpinteiros-de-ribeira-10-de-septiembre\/#breadcrumb"},"inLanguage":"es","potentialAction":[{"@type":"ReadAction","target":["https:\/\/galicia.ingenierosnavales.com\/index.php\/2025\/09\/17\/resena-de-la-jornada-sobre-carpinteiros-de-ribeira-10-de-septiembre\/"]}]},{"@type":"ImageObject","inLanguage":"es","@id":"https:\/\/galicia.ingenierosnavales.com\/index.php\/2025\/09\/17\/resena-de-la-jornada-sobre-carpinteiros-de-ribeira-10-de-septiembre\/#primaryimage","url":"https:\/\/galicia.ingenierosnavales.com\/wp-content\/uploads\/2025\/09\/DSC9374-scaled.jpg","contentUrl":"https:\/\/galicia.ingenierosnavales.com\/wp-content\/uploads\/2025\/09\/DSC9374-scaled.jpg","width":2560,"height":1707},{"@type":"BreadcrumbList","@id":"https:\/\/galicia.ingenierosnavales.com\/index.php\/2025\/09\/17\/resena-de-la-jornada-sobre-carpinteiros-de-ribeira-10-de-septiembre\/#breadcrumb","itemListElement":[{"@type":"ListItem","position":1,"name":"Home","item":"https:\/\/galicia.ingenierosnavales.com\/"},{"@type":"ListItem","position":2,"name":"Rese\u00f1a de la Jornada sobre \u00abCarpinteiros de Ribeira\u00bb, 10 de septiembre"}]},{"@type":"WebSite","@id":"https:\/\/galicia.ingenierosnavales.com\/#website","url":"https:\/\/galicia.ingenierosnavales.com\/","name":"Delegaci\u00f3n del COIN en Galicia -","description":"","publisher":{"@id":"https:\/\/galicia.ingenierosnavales.com\/#organization"},"potentialAction":[{"@type":"SearchAction","target":{"@type":"EntryPoint","urlTemplate":"https:\/\/galicia.ingenierosnavales.com\/?s={search_term_string}"},"query-input":{"@type":"PropertyValueSpecification","valueRequired":true,"valueName":"search_term_string"}}],"inLanguage":"es"},{"@type":"Organization","@id":"https:\/\/galicia.ingenierosnavales.com\/#organization","name":"Delegaci\u00f3n del COIN en Galicia -","url":"https:\/\/galicia.ingenierosnavales.com\/","logo":{"@type":"ImageObject","inLanguage":"es","@id":"https:\/\/galicia.ingenierosnavales.com\/#\/schema\/logo\/image\/","url":"https:\/\/galicia.ingenierosnavales.com\/wp-content\/uploads\/2022\/03\/logo_2-1.png","contentUrl":"https:\/\/galicia.ingenierosnavales.com\/wp-content\/uploads\/2022\/03\/logo_2-1.png","width":240,"height":94,"caption":"Delegaci\u00f3n del COIN en Galicia - "},"image":{"@id":"https:\/\/galicia.ingenierosnavales.com\/#\/schema\/logo\/image\/"}},{"@type":"Person","@id":"https:\/\/galicia.ingenierosnavales.com\/#\/schema\/person\/5b19750a916831d424f63e9271d4e51d","name":"Delegaci\u00f3n Galicia","image":{"@type":"ImageObject","inLanguage":"es","@id":"https:\/\/galicia.ingenierosnavales.com\/#\/schema\/person\/image\/","url":"https:\/\/secure.gravatar.com\/avatar\/8ba9b1dd96c7effddd31fcf63bf8cc7f?s=96&d=mm&r=g","contentUrl":"https:\/\/secure.gravatar.com\/avatar\/8ba9b1dd96c7effddd31fcf63bf8cc7f?s=96&d=mm&r=g","caption":"Delegaci\u00f3n Galicia"},"url":"https:\/\/galicia.ingenierosnavales.com\/index.php\/author\/galicia\/"}]}},"_links":{"self":[{"href":"https:\/\/galicia.ingenierosnavales.com\/index.php\/wp-json\/wp\/v2\/posts\/9111","targetHints":{"allow":["GET"]}}],"collection":[{"href":"https:\/\/galicia.ingenierosnavales.com\/index.php\/wp-json\/wp\/v2\/posts"}],"about":[{"href":"https:\/\/galicia.ingenierosnavales.com\/index.php\/wp-json\/wp\/v2\/types\/post"}],"author":[{"embeddable":true,"href":"https:\/\/galicia.ingenierosnavales.com\/index.php\/wp-json\/wp\/v2\/users\/2"}],"replies":[{"embeddable":true,"href":"https:\/\/galicia.ingenierosnavales.com\/index.php\/wp-json\/wp\/v2\/comments?post=9111"}],"version-history":[{"count":5,"href":"https:\/\/galicia.ingenierosnavales.com\/index.php\/wp-json\/wp\/v2\/posts\/9111\/revisions"}],"predecessor-version":[{"id":9116,"href":"https:\/\/galicia.ingenierosnavales.com\/index.php\/wp-json\/wp\/v2\/posts\/9111\/revisions\/9116"}],"wp:featuredmedia":[{"embeddable":true,"href":"https:\/\/galicia.ingenierosnavales.com\/index.php\/wp-json\/wp\/v2\/media\/9105"}],"wp:attachment":[{"href":"https:\/\/galicia.ingenierosnavales.com\/index.php\/wp-json\/wp\/v2\/media?parent=9111"}],"wp:term":[{"taxonomy":"category","embeddable":true,"href":"https:\/\/galicia.ingenierosnavales.com\/index.php\/wp-json\/wp\/v2\/categories?post=9111"},{"taxonomy":"post_tag","embeddable":true,"href":"https:\/\/galicia.ingenierosnavales.com\/index.php\/wp-json\/wp\/v2\/tags?post=9111"}],"curies":[{"name":"wp","href":"https:\/\/api.w.org\/{rel}","templated":true}]}}