{"id":9011,"date":"2025-09-15T11:05:15","date_gmt":"2025-09-15T11:05:15","guid":{"rendered":"https:\/\/galicia.ingenierosnavales.com\/?p=9011"},"modified":"2025-09-15T11:05:15","modified_gmt":"2025-09-15T11:05:15","slug":"circular-7-25-convocatoria-elecciones-coin-galicia","status":"publish","type":"post","link":"https:\/\/galicia.ingenierosnavales.com\/index.php\/2025\/09\/15\/circular-7-25-convocatoria-elecciones-coin-galicia\/","title":{"rendered":"Circular 7\/25 &#8211; Convocatoria elecciones COIN Galicia"},"content":{"rendered":"<p><img loading=\"lazy\" decoding=\"async\" class=\"size-medium wp-image-9012 aligncenter\" src=\"https:\/\/galicia.ingenierosnavales.com\/wp-content\/uploads\/2025\/09\/CIRCULAR-COIN-GALICIA-725-300x212.jpg\" alt=\"\" width=\"300\" height=\"212\" srcset=\"https:\/\/galicia.ingenierosnavales.com\/wp-content\/uploads\/2025\/09\/CIRCULAR-COIN-GALICIA-725-300x212.jpg 300w, https:\/\/galicia.ingenierosnavales.com\/wp-content\/uploads\/2025\/09\/CIRCULAR-COIN-GALICIA-725-1024x724.jpg 1024w, https:\/\/galicia.ingenierosnavales.com\/wp-content\/uploads\/2025\/09\/CIRCULAR-COIN-GALICIA-725-768x543.jpg 768w, https:\/\/galicia.ingenierosnavales.com\/wp-content\/uploads\/2025\/09\/CIRCULAR-COIN-GALICIA-725.jpg 1132w\" sizes=\"auto, (max-width: 300px) 100vw, 300px\" \/><\/p>\n<p style=\"text-align: right;\"><a href=\"https:\/\/galicia.ingenierosnavales.com\/wp-content\/uploads\/2025\/09\/CIRCULAR-7-25-CONVOCATORIA-ELECCIONES-COIN-GALICIA.pdf\">CIRCULAR 7-25 -CONVOCATORIA ELECCIONES COIN GALICIA<\/a><\/p>\n<p style=\"text-align: right;\">Ferrol, a 15 de septiembre de 2025<\/p>\n<p>&nbsp;<\/p>\n<p>Querido\/a Compa\u00f1ero\/a:<\/p>\n<p>Tengo el gusto de informarte de:<\/p>\n<ol>\n<li><strong> ELECCIONES<\/strong><\/li>\n<\/ol>\n<p>La Junta de Gobierno de la Delegaci\u00f3n Territorial en Galicia del Colegio oficial de Ingenieros navales y Oce\u00e1nicos ha acordado celebrar Junta General Extraordinaria el pr\u00f3ximo 12 de noviembre de 2025 a las 16:00 horas en primera convocatoria y a las 16:30 horas en segunda, en la sede de la Delegaci\u00f3n territorial del Colegio de Ingenieros Navales y Oce\u00e1nicos, sita en Avenida de Vigo, 135-137, entlo. 1 Ferrol.<\/p>\n<p style=\"text-align: center;\"><a href=\"https:\/\/galicia.ingenierosnavales.com\/wp-content\/uploads\/2025\/09\/CONVOCATORIA-JUNTA-EXTRAORDINARIA-12.11.2025.pdf\">CONVOCATORIA JUNTA EXTRAORDINARIA 12.11.2025<\/a><\/p>\n<p>La celebraci\u00f3n de la Junta tiene una doble finalidad; elegir al Decano\/a y Vicedecano\/a Territoriales y a los 8 vocales de la Junta de Gobierno Territorial.<\/p>\n<ol>\n<li>La elecci\u00f3n del Decano\/a y Vicedecano\/a Territorial se har\u00e1 por todos los colegiados que est\u00e1n dados de alta en Galicia y que tengan derecho a su participaci\u00f3n seg\u00fan los Estatutos. Para respetar la alternancia entre las Zonas Norte y Sur, corresponde en esta ocasi\u00f3n ostentar el cargo de Decano\/a a un colegiado\/a electo\/a de la Zona Norte, mientras que el puesto de Vicedecano\/a ser\u00e1 ocupado por un colegiado\/a electo de la Zona Sur.<\/li>\n<\/ol>\n<p>En consecuencia, si se presenta m\u00e1s de un candidato a Decano de la Zona Norte, ser\u00eda proclamado decano el que de entre ellos, obtuviese m\u00e1s votos emitidos por todos los colegiados de Galicia. En caso de haber solo un \u00fanico candidato de la Zona Norte, ser\u00e1 proclamado autom\u00e1ticamente como Decano, sin tener que mediar votaci\u00f3n alguna.<\/p>\n<ul>\n<li>Para el cargo de Vicedecano\/a, si se presenta m\u00e1s de un candidato\/a a Vicedecano\/a en la Zona Sur, ser\u00e1 proclamado\/a Vicedecano\/a, el que m\u00e1s votos haya conseguido de los colegiados\/as de toda Galicia. Asimismo y como en el apartado anterior se ha indicado, si solo se presentase un candidato\/a, se proclamar\u00eda autom\u00e1ticamente Vicedecano\/a, sin mediar votaci\u00f3n alguna.<\/li>\n<\/ul>\n<ul>\n<li>Para la elecci\u00f3n de los Vocales, 4 en la Zona Norte y 4 en la Zona Sur, de acuerdo con el Art\u00edculo 26, ser\u00e1n proclamados los que consigan m\u00e1s votos de los colegiados\/as de cada zona respectiva, es decir, los vocales de la Zona Norte, ser\u00e1n elegidos por los colegiados de dicha zona e igualmente para la Zona Sur.<\/li>\n<\/ul>\n<p>Si se presentasen \u00fanicamente 4 candidatos\/as a vocal en una zona, se har\u00e1 su proclamaci\u00f3n autom\u00e1ticamente sin necesidad de votaci\u00f3n alguna.<\/p>\n<ul>\n<li>Se propondr\u00e1 al Secretario\/a entre los 8 vocales que hayan sido proclamados mediante acuerdo de la Junta de Gobierno, dicha propuesta deber\u00e1 ser ratificada por la Junta General.<\/li>\n<\/ul>\n<p><strong>PRESENTACI\u00d3N DE CANDIDATURAS<\/strong><\/p>\n<p>La presentaci\u00f3n de candidaturas para cualquier cargo de la Junta de Gobierno Territorial debe ser remitida a:<\/p>\n<p style=\"text-align: center;\">Junta de Gobierno Territorial de la Delegaci\u00f3n territorial en Galicia<\/p>\n<p style=\"text-align: center;\">Colegio oficial de Ingenieros Navales y Oce\u00e1nicos<\/p>\n<p style=\"text-align: center;\">Avda. de Vigo, 135-147, entlo. 1<\/p>\n<p style=\"text-align: center;\">15403 Ferrol, A Coru\u00f1a<\/p>\n<p>El escrito, dirigido al decano de la Junta de Gobierno Territorial, debe obrar en nuestro poder antes de las\u00a0<strong>14 horas del 13 de octubre de 2025<\/strong>. Podr\u00e1 adelantarse por correo electr\u00f3nico el nombre del candidato.<\/p>\n<p>Tras la comprobaci\u00f3n de candidaturas, se enviar\u00e1 una circular con los nombres de los candidatos a todos los colegiados de Galicia.<\/p>\n<p>&nbsp;<\/p>\n<p style=\"text-align: center;\">Decano Territorial y Junta de Gobierno Territorial en Galicia<\/p>\n<p>&nbsp;<\/p>\n","protected":false},"excerpt":{"rendered":"<p>CIRCULAR 7-25 -CONVOCATORIA ELECCIONES COIN GALICIA Ferrol, a 15 de septiembre de 2025 &nbsp; Querido\/a Compa\u00f1ero\/a: Tengo el gusto de informarte de: ELECCIONES La Junta de Gobierno de la Delegaci\u00f3n Territorial en Galicia del&#46;&#46;&#46;<\/p>\n","protected":false},"author":2,"featured_media":9012,"comment_status":"open","ping_status":"open","sticky":false,"template":"","format":"standard","meta":{"om_disable_all_campaigns":false,"_monsterinsights_skip_tracking":false,"_monsterinsights_sitenote_active":false,"_monsterinsights_sitenote_note":"","_monsterinsights_sitenote_category":0,"_uf_show_specific_survey":0,"_uf_disable_surveys":false,"footnotes":""},"categories":[1,3],"tags":[9,39,49,43,47],"class_list":["post-9011","post","type-post","status-publish","format-standard","has-post-thumbnail","hentry","category-eventos","category-noticias-gl-es","tag-circular-galicia","tag-comunicaciones-dt-galicia","tag-ingenieros-navales-galicia","tag-noticias-galicia","tag-sector-naval-en-galicia"],"aioseo_notices":[],"yoast_head":"<!-- This site is optimized with the Yoast SEO plugin v24.0 - https:\/\/yoast.com\/wordpress\/plugins\/seo\/ -->\n<title>Circular 7\/25 - Convocatoria elecciones COIN Galicia - Delegaci\u00f3n del COIN en Galicia -<\/title>\n<meta name=\"robots\" content=\"index, follow, max-snippet:-1, max-image-preview:large, max-video-preview:-1\" \/>\n<link rel=\"canonical\" href=\"https:\/\/galicia.ingenierosnavales.com\/index.php\/2025\/09\/15\/circular-7-25-convocatoria-elecciones-coin-galicia\/\" \/>\n<meta property=\"og:locale\" content=\"es_ES\" \/>\n<meta property=\"og:type\" content=\"article\" \/>\n<meta property=\"og:title\" content=\"Circular 7\/25 - Convocatoria elecciones COIN Galicia - Delegaci\u00f3n del COIN en Galicia -\" \/>\n<meta property=\"og:description\" content=\"CIRCULAR 7-25 -CONVOCATORIA ELECCIONES COIN GALICIA Ferrol, a 15 de septiembre de 2025 &nbsp; Querido\/a Compa\u00f1ero\/a: Tengo el gusto de informarte de: ELECCIONES La Junta de Gobierno de la Delegaci\u00f3n Territorial en Galicia del&#046;&#046;&#046;\" \/>\n<meta property=\"og:url\" content=\"https:\/\/galicia.ingenierosnavales.com\/index.php\/2025\/09\/15\/circular-7-25-convocatoria-elecciones-coin-galicia\/\" \/>\n<meta property=\"og:site_name\" content=\"Delegaci\u00f3n del COIN en Galicia -\" \/>\n<meta property=\"article:published_time\" content=\"2025-09-15T11:05:15+00:00\" \/>\n<meta property=\"og:image\" content=\"https:\/\/galicia.ingenierosnavales.com\/wp-content\/uploads\/2025\/09\/CIRCULAR-COIN-GALICIA-725.jpg\" \/>\n\t<meta property=\"og:image:width\" content=\"1132\" \/>\n\t<meta property=\"og:image:height\" content=\"800\" \/>\n\t<meta property=\"og:image:type\" content=\"image\/jpeg\" \/>\n<meta name=\"author\" content=\"Delegaci\u00f3n Galicia\" \/>\n<meta name=\"twitter:card\" content=\"summary_large_image\" \/>\n<meta name=\"twitter:label1\" content=\"Escrito por\" \/>\n\t<meta name=\"twitter:data1\" content=\"Delegaci\u00f3n Galicia\" \/>\n\t<meta name=\"twitter:label2\" content=\"Tiempo de lectura\" \/>\n\t<meta name=\"twitter:data2\" content=\"3 minutos\" \/>\n<script type=\"application\/ld+json\" class=\"yoast-schema-graph\">{\"@context\":\"https:\/\/schema.org\",\"@graph\":[{\"@type\":\"Article\",\"@id\":\"https:\/\/galicia.ingenierosnavales.com\/index.php\/2025\/09\/15\/circular-7-25-convocatoria-elecciones-coin-galicia\/#article\",\"isPartOf\":{\"@id\":\"https:\/\/galicia.ingenierosnavales.com\/index.php\/2025\/09\/15\/circular-7-25-convocatoria-elecciones-coin-galicia\/\"},\"author\":{\"name\":\"Delegaci\u00f3n Galicia\",\"@id\":\"https:\/\/galicia.ingenierosnavales.com\/#\/schema\/person\/5b19750a916831d424f63e9271d4e51d\"},\"headline\":\"Circular 7\/25 &#8211; Convocatoria elecciones COIN Galicia\",\"datePublished\":\"2025-09-15T11:05:15+00:00\",\"dateModified\":\"2025-09-15T11:05:15+00:00\",\"mainEntityOfPage\":{\"@id\":\"https:\/\/galicia.ingenierosnavales.com\/index.php\/2025\/09\/15\/circular-7-25-convocatoria-elecciones-coin-galicia\/\"},\"wordCount\":576,\"commentCount\":0,\"publisher\":{\"@id\":\"https:\/\/galicia.ingenierosnavales.com\/#organization\"},\"image\":{\"@id\":\"https:\/\/galicia.ingenierosnavales.com\/index.php\/2025\/09\/15\/circular-7-25-convocatoria-elecciones-coin-galicia\/#primaryimage\"},\"thumbnailUrl\":\"https:\/\/galicia.ingenierosnavales.com\/wp-content\/uploads\/2025\/09\/CIRCULAR-COIN-GALICIA-725.jpg\",\"keywords\":[\"Circular Galicia\",\"Comunicaciones DT GALICIA\",\"Ingenieros Navales Galicia\",\"Noticias Galicia\",\"sector naval en Galicia\"],\"articleSection\":[\"Eventos\",\"Noticias\"],\"inLanguage\":\"es\",\"potentialAction\":[{\"@type\":\"CommentAction\",\"name\":\"Comment\",\"target\":[\"https:\/\/galicia.ingenierosnavales.com\/index.php\/2025\/09\/15\/circular-7-25-convocatoria-elecciones-coin-galicia\/#respond\"]}]},{\"@type\":\"WebPage\",\"@id\":\"https:\/\/galicia.ingenierosnavales.com\/index.php\/2025\/09\/15\/circular-7-25-convocatoria-elecciones-coin-galicia\/\",\"url\":\"https:\/\/galicia.ingenierosnavales.com\/index.php\/2025\/09\/15\/circular-7-25-convocatoria-elecciones-coin-galicia\/\",\"name\":\"Circular 7\/25 - Convocatoria elecciones COIN Galicia - Delegaci\u00f3n del COIN en Galicia -\",\"isPartOf\":{\"@id\":\"https:\/\/galicia.ingenierosnavales.com\/#website\"},\"primaryImageOfPage\":{\"@id\":\"https:\/\/galicia.ingenierosnavales.com\/index.php\/2025\/09\/15\/circular-7-25-convocatoria-elecciones-coin-galicia\/#primaryimage\"},\"image\":{\"@id\":\"https:\/\/galicia.ingenierosnavales.com\/index.php\/2025\/09\/15\/circular-7-25-convocatoria-elecciones-coin-galicia\/#primaryimage\"},\"thumbnailUrl\":\"https:\/\/galicia.ingenierosnavales.com\/wp-content\/uploads\/2025\/09\/CIRCULAR-COIN-GALICIA-725.jpg\",\"datePublished\":\"2025-09-15T11:05:15+00:00\",\"dateModified\":\"2025-09-15T11:05:15+00:00\",\"breadcrumb\":{\"@id\":\"https:\/\/galicia.ingenierosnavales.com\/index.php\/2025\/09\/15\/circular-7-25-convocatoria-elecciones-coin-galicia\/#breadcrumb\"},\"inLanguage\":\"es\",\"potentialAction\":[{\"@type\":\"ReadAction\",\"target\":[\"https:\/\/galicia.ingenierosnavales.com\/index.php\/2025\/09\/15\/circular-7-25-convocatoria-elecciones-coin-galicia\/\"]}]},{\"@type\":\"ImageObject\",\"inLanguage\":\"es\",\"@id\":\"https:\/\/galicia.ingenierosnavales.com\/index.php\/2025\/09\/15\/circular-7-25-convocatoria-elecciones-coin-galicia\/#primaryimage\",\"url\":\"https:\/\/galicia.ingenierosnavales.com\/wp-content\/uploads\/2025\/09\/CIRCULAR-COIN-GALICIA-725.jpg\",\"contentUrl\":\"https:\/\/galicia.ingenierosnavales.com\/wp-content\/uploads\/2025\/09\/CIRCULAR-COIN-GALICIA-725.jpg\",\"width\":1132,\"height\":800},{\"@type\":\"BreadcrumbList\",\"@id\":\"https:\/\/galicia.ingenierosnavales.com\/index.php\/2025\/09\/15\/circular-7-25-convocatoria-elecciones-coin-galicia\/#breadcrumb\",\"itemListElement\":[{\"@type\":\"ListItem\",\"position\":1,\"name\":\"Home\",\"item\":\"https:\/\/galicia.ingenierosnavales.com\/\"},{\"@type\":\"ListItem\",\"position\":2,\"name\":\"Circular 7\/25 &#8211; Convocatoria elecciones COIN Galicia\"}]},{\"@type\":\"WebSite\",\"@id\":\"https:\/\/galicia.ingenierosnavales.com\/#website\",\"url\":\"https:\/\/galicia.ingenierosnavales.com\/\",\"name\":\"Delegaci\u00f3n del COIN en Galicia -\",\"description\":\"\",\"publisher\":{\"@id\":\"https:\/\/galicia.ingenierosnavales.com\/#organization\"},\"potentialAction\":[{\"@type\":\"SearchAction\",\"target\":{\"@type\":\"EntryPoint\",\"urlTemplate\":\"https:\/\/galicia.ingenierosnavales.com\/?s={search_term_string}\"},\"query-input\":{\"@type\":\"PropertyValueSpecification\",\"valueRequired\":true,\"valueName\":\"search_term_string\"}}],\"inLanguage\":\"es\"},{\"@type\":\"Organization\",\"@id\":\"https:\/\/galicia.ingenierosnavales.com\/#organization\",\"name\":\"Delegaci\u00f3n del COIN en Galicia -\",\"url\":\"https:\/\/galicia.ingenierosnavales.com\/\",\"logo\":{\"@type\":\"ImageObject\",\"inLanguage\":\"es\",\"@id\":\"https:\/\/galicia.ingenierosnavales.com\/#\/schema\/logo\/image\/\",\"url\":\"https:\/\/galicia.ingenierosnavales.com\/wp-content\/uploads\/2022\/03\/logo_2-1.png\",\"contentUrl\":\"https:\/\/galicia.ingenierosnavales.com\/wp-content\/uploads\/2022\/03\/logo_2-1.png\",\"width\":240,\"height\":94,\"caption\":\"Delegaci\u00f3n del COIN en Galicia - \"},\"image\":{\"@id\":\"https:\/\/galicia.ingenierosnavales.com\/#\/schema\/logo\/image\/\"}},{\"@type\":\"Person\",\"@id\":\"https:\/\/galicia.ingenierosnavales.com\/#\/schema\/person\/5b19750a916831d424f63e9271d4e51d\",\"name\":\"Delegaci\u00f3n Galicia\",\"image\":{\"@type\":\"ImageObject\",\"inLanguage\":\"es\",\"@id\":\"https:\/\/galicia.ingenierosnavales.com\/#\/schema\/person\/image\/\",\"url\":\"https:\/\/secure.gravatar.com\/avatar\/8ba9b1dd96c7effddd31fcf63bf8cc7f?s=96&d=mm&r=g\",\"contentUrl\":\"https:\/\/secure.gravatar.com\/avatar\/8ba9b1dd96c7effddd31fcf63bf8cc7f?s=96&d=mm&r=g\",\"caption\":\"Delegaci\u00f3n Galicia\"},\"url\":\"https:\/\/galicia.ingenierosnavales.com\/index.php\/author\/galicia\/\"}]}<\/script>\n<!-- \/ Yoast SEO plugin. -->","yoast_head_json":{"title":"Circular 7\/25 - Convocatoria elecciones COIN Galicia - Delegaci\u00f3n del COIN en Galicia -","robots":{"index":"index","follow":"follow","max-snippet":"max-snippet:-1","max-image-preview":"max-image-preview:large","max-video-preview":"max-video-preview:-1"},"canonical":"https:\/\/galicia.ingenierosnavales.com\/index.php\/2025\/09\/15\/circular-7-25-convocatoria-elecciones-coin-galicia\/","og_locale":"es_ES","og_type":"article","og_title":"Circular 7\/25 - Convocatoria elecciones COIN Galicia - Delegaci\u00f3n del COIN en Galicia -","og_description":"CIRCULAR 7-25 -CONVOCATORIA ELECCIONES COIN GALICIA Ferrol, a 15 de septiembre de 2025 &nbsp; Querido\/a Compa\u00f1ero\/a: Tengo el gusto de informarte de: ELECCIONES La Junta de Gobierno de la Delegaci\u00f3n Territorial en Galicia del&#46;&#46;&#46;","og_url":"https:\/\/galicia.ingenierosnavales.com\/index.php\/2025\/09\/15\/circular-7-25-convocatoria-elecciones-coin-galicia\/","og_site_name":"Delegaci\u00f3n del COIN en Galicia -","article_published_time":"2025-09-15T11:05:15+00:00","og_image":[{"width":1132,"height":800,"url":"https:\/\/galicia.ingenierosnavales.com\/wp-content\/uploads\/2025\/09\/CIRCULAR-COIN-GALICIA-725.jpg","type":"image\/jpeg"}],"author":"Delegaci\u00f3n Galicia","twitter_card":"summary_large_image","twitter_misc":{"Escrito por":"Delegaci\u00f3n Galicia","Tiempo de lectura":"3 minutos"},"schema":{"@context":"https:\/\/schema.org","@graph":[{"@type":"Article","@id":"https:\/\/galicia.ingenierosnavales.com\/index.php\/2025\/09\/15\/circular-7-25-convocatoria-elecciones-coin-galicia\/#article","isPartOf":{"@id":"https:\/\/galicia.ingenierosnavales.com\/index.php\/2025\/09\/15\/circular-7-25-convocatoria-elecciones-coin-galicia\/"},"author":{"name":"Delegaci\u00f3n Galicia","@id":"https:\/\/galicia.ingenierosnavales.com\/#\/schema\/person\/5b19750a916831d424f63e9271d4e51d"},"headline":"Circular 7\/25 &#8211; Convocatoria elecciones COIN Galicia","datePublished":"2025-09-15T11:05:15+00:00","dateModified":"2025-09-15T11:05:15+00:00","mainEntityOfPage":{"@id":"https:\/\/galicia.ingenierosnavales.com\/index.php\/2025\/09\/15\/circular-7-25-convocatoria-elecciones-coin-galicia\/"},"wordCount":576,"commentCount":0,"publisher":{"@id":"https:\/\/galicia.ingenierosnavales.com\/#organization"},"image":{"@id":"https:\/\/galicia.ingenierosnavales.com\/index.php\/2025\/09\/15\/circular-7-25-convocatoria-elecciones-coin-galicia\/#primaryimage"},"thumbnailUrl":"https:\/\/galicia.ingenierosnavales.com\/wp-content\/uploads\/2025\/09\/CIRCULAR-COIN-GALICIA-725.jpg","keywords":["Circular Galicia","Comunicaciones DT GALICIA","Ingenieros Navales Galicia","Noticias Galicia","sector naval en Galicia"],"articleSection":["Eventos","Noticias"],"inLanguage":"es","potentialAction":[{"@type":"CommentAction","name":"Comment","target":["https:\/\/galicia.ingenierosnavales.com\/index.php\/2025\/09\/15\/circular-7-25-convocatoria-elecciones-coin-galicia\/#respond"]}]},{"@type":"WebPage","@id":"https:\/\/galicia.ingenierosnavales.com\/index.php\/2025\/09\/15\/circular-7-25-convocatoria-elecciones-coin-galicia\/","url":"https:\/\/galicia.ingenierosnavales.com\/index.php\/2025\/09\/15\/circular-7-25-convocatoria-elecciones-coin-galicia\/","name":"Circular 7\/25 - Convocatoria elecciones COIN Galicia - Delegaci\u00f3n del COIN en Galicia -","isPartOf":{"@id":"https:\/\/galicia.ingenierosnavales.com\/#website"},"primaryImageOfPage":{"@id":"https:\/\/galicia.ingenierosnavales.com\/index.php\/2025\/09\/15\/circular-7-25-convocatoria-elecciones-coin-galicia\/#primaryimage"},"image":{"@id":"https:\/\/galicia.ingenierosnavales.com\/index.php\/2025\/09\/15\/circular-7-25-convocatoria-elecciones-coin-galicia\/#primaryimage"},"thumbnailUrl":"https:\/\/galicia.ingenierosnavales.com\/wp-content\/uploads\/2025\/09\/CIRCULAR-COIN-GALICIA-725.jpg","datePublished":"2025-09-15T11:05:15+00:00","dateModified":"2025-09-15T11:05:15+00:00","breadcrumb":{"@id":"https:\/\/galicia.ingenierosnavales.com\/index.php\/2025\/09\/15\/circular-7-25-convocatoria-elecciones-coin-galicia\/#breadcrumb"},"inLanguage":"es","potentialAction":[{"@type":"ReadAction","target":["https:\/\/galicia.ingenierosnavales.com\/index.php\/2025\/09\/15\/circular-7-25-convocatoria-elecciones-coin-galicia\/"]}]},{"@type":"ImageObject","inLanguage":"es","@id":"https:\/\/galicia.ingenierosnavales.com\/index.php\/2025\/09\/15\/circular-7-25-convocatoria-elecciones-coin-galicia\/#primaryimage","url":"https:\/\/galicia.ingenierosnavales.com\/wp-content\/uploads\/2025\/09\/CIRCULAR-COIN-GALICIA-725.jpg","contentUrl":"https:\/\/galicia.ingenierosnavales.com\/wp-content\/uploads\/2025\/09\/CIRCULAR-COIN-GALICIA-725.jpg","width":1132,"height":800},{"@type":"BreadcrumbList","@id":"https:\/\/galicia.ingenierosnavales.com\/index.php\/2025\/09\/15\/circular-7-25-convocatoria-elecciones-coin-galicia\/#breadcrumb","itemListElement":[{"@type":"ListItem","position":1,"name":"Home","item":"https:\/\/galicia.ingenierosnavales.com\/"},{"@type":"ListItem","position":2,"name":"Circular 7\/25 &#8211; Convocatoria elecciones COIN Galicia"}]},{"@type":"WebSite","@id":"https:\/\/galicia.ingenierosnavales.com\/#website","url":"https:\/\/galicia.ingenierosnavales.com\/","name":"Delegaci\u00f3n del COIN en Galicia -","description":"","publisher":{"@id":"https:\/\/galicia.ingenierosnavales.com\/#organization"},"potentialAction":[{"@type":"SearchAction","target":{"@type":"EntryPoint","urlTemplate":"https:\/\/galicia.ingenierosnavales.com\/?s={search_term_string}"},"query-input":{"@type":"PropertyValueSpecification","valueRequired":true,"valueName":"search_term_string"}}],"inLanguage":"es"},{"@type":"Organization","@id":"https:\/\/galicia.ingenierosnavales.com\/#organization","name":"Delegaci\u00f3n del COIN en Galicia -","url":"https:\/\/galicia.ingenierosnavales.com\/","logo":{"@type":"ImageObject","inLanguage":"es","@id":"https:\/\/galicia.ingenierosnavales.com\/#\/schema\/logo\/image\/","url":"https:\/\/galicia.ingenierosnavales.com\/wp-content\/uploads\/2022\/03\/logo_2-1.png","contentUrl":"https:\/\/galicia.ingenierosnavales.com\/wp-content\/uploads\/2022\/03\/logo_2-1.png","width":240,"height":94,"caption":"Delegaci\u00f3n del COIN en Galicia - "},"image":{"@id":"https:\/\/galicia.ingenierosnavales.com\/#\/schema\/logo\/image\/"}},{"@type":"Person","@id":"https:\/\/galicia.ingenierosnavales.com\/#\/schema\/person\/5b19750a916831d424f63e9271d4e51d","name":"Delegaci\u00f3n Galicia","image":{"@type":"ImageObject","inLanguage":"es","@id":"https:\/\/galicia.ingenierosnavales.com\/#\/schema\/person\/image\/","url":"https:\/\/secure.gravatar.com\/avatar\/8ba9b1dd96c7effddd31fcf63bf8cc7f?s=96&d=mm&r=g","contentUrl":"https:\/\/secure.gravatar.com\/avatar\/8ba9b1dd96c7effddd31fcf63bf8cc7f?s=96&d=mm&r=g","caption":"Delegaci\u00f3n Galicia"},"url":"https:\/\/galicia.ingenierosnavales.com\/index.php\/author\/galicia\/"}]}},"_links":{"self":[{"href":"https:\/\/galicia.ingenierosnavales.com\/index.php\/wp-json\/wp\/v2\/posts\/9011","targetHints":{"allow":["GET"]}}],"collection":[{"href":"https:\/\/galicia.ingenierosnavales.com\/index.php\/wp-json\/wp\/v2\/posts"}],"about":[{"href":"https:\/\/galicia.ingenierosnavales.com\/index.php\/wp-json\/wp\/v2\/types\/post"}],"author":[{"embeddable":true,"href":"https:\/\/galicia.ingenierosnavales.com\/index.php\/wp-json\/wp\/v2\/users\/2"}],"replies":[{"embeddable":true,"href":"https:\/\/galicia.ingenierosnavales.com\/index.php\/wp-json\/wp\/v2\/comments?post=9011"}],"version-history":[{"count":1,"href":"https:\/\/galicia.ingenierosnavales.com\/index.php\/wp-json\/wp\/v2\/posts\/9011\/revisions"}],"predecessor-version":[{"id":9015,"href":"https:\/\/galicia.ingenierosnavales.com\/index.php\/wp-json\/wp\/v2\/posts\/9011\/revisions\/9015"}],"wp:featuredmedia":[{"embeddable":true,"href":"https:\/\/galicia.ingenierosnavales.com\/index.php\/wp-json\/wp\/v2\/media\/9012"}],"wp:attachment":[{"href":"https:\/\/galicia.ingenierosnavales.com\/index.php\/wp-json\/wp\/v2\/media?parent=9011"}],"wp:term":[{"taxonomy":"category","embeddable":true,"href":"https:\/\/galicia.ingenierosnavales.com\/index.php\/wp-json\/wp\/v2\/categories?post=9011"},{"taxonomy":"post_tag","embeddable":true,"href":"https:\/\/galicia.ingenierosnavales.com\/index.php\/wp-json\/wp\/v2\/tags?post=9011"}],"curies":[{"name":"wp","href":"https:\/\/api.w.org\/{rel}","templated":true}]}}