{"id":8952,"date":"2025-08-28T09:04:51","date_gmt":"2025-08-28T09:04:51","guid":{"rendered":"https:\/\/galicia.ingenierosnavales.com\/?p=8952"},"modified":"2025-09-01T11:01:55","modified_gmt":"2025-09-01T11:01:55","slug":"xornada-sobre-carpinteiros-de-ribeira-10-de-setembro-en-ferrol","status":"publish","type":"post","link":"https:\/\/galicia.ingenierosnavales.com\/index.php\/2025\/08\/28\/xornada-sobre-carpinteiros-de-ribeira-10-de-setembro-en-ferrol\/","title":{"rendered":"Xornada sobre Carpinteiros de Ribeira. 10 de setembro en Ferrol"},"content":{"rendered":"<p><img fetchpriority=\"high\" decoding=\"async\" class=\"aligncenter wp-image-8965 size-large\" src=\"https:\/\/galicia.ingenierosnavales.com\/wp-content\/uploads\/2025\/08\/Banner-Carpinteiros-de-Ribeira-G-1-1024x587.png\" alt=\"\" width=\"1024\" height=\"587\" srcset=\"https:\/\/galicia.ingenierosnavales.com\/wp-content\/uploads\/2025\/08\/Banner-Carpinteiros-de-Ribeira-G-1-1024x587.png 1024w, https:\/\/galicia.ingenierosnavales.com\/wp-content\/uploads\/2025\/08\/Banner-Carpinteiros-de-Ribeira-G-1-300x172.png 300w, https:\/\/galicia.ingenierosnavales.com\/wp-content\/uploads\/2025\/08\/Banner-Carpinteiros-de-Ribeira-G-1-768x440.png 768w, https:\/\/galicia.ingenierosnavales.com\/wp-content\/uploads\/2025\/08\/Banner-Carpinteiros-de-Ribeira-G-1.png 1125w\" sizes=\"(max-width: 1024px) 100vw, 1024px\" \/><\/p>\n<p>O vindeiro <strong>10 de setembro<\/strong>, ter\u00e1 lugar unha xornada sobre\u00a0<strong>\u201c<em>Carpinteiros de Ribeira<\/em>\u201c, \u00e1s 18:30 h. en EXPONAV<\/strong>. Nesta xornada, intentarase divulgar \u201co arte e a ciencia\u201d da Carpinter\u00eda de Ribeira, inicio da Construci\u00f3n Naval e actividade moi viva ainda, sobre todo nas comunidades do norte e noroeste de Espa\u00f1a, pero moi desco\u00f1ecida polo p\u00fablico en xeral e as novas xeraci\u00f3ns de enxe\u00f1eiros navais en particular.<\/p>\n<p>A xornada contar\u00e1 con tres ponencias a cargo do Mestre Carpinteiro de Ribeira D. Xerardo Tri\u00f1anes, a Dra. Enxe\u00f1eira de Montes D\u00aa. Azahara Soil\u00e1n, e o Dr. Enxe\u00f1eiro Naval D. Jos\u00e9 M\u00aa. De Juan-Garc\u00eda.<\/p>\n<p style=\"text-align: center;\"><strong>PROGRAMA\u00a0<\/strong><\/p>\n<p>18:15\u00a0 \u00a0 \u00a0 \u00a0 \u00a0 \u00a0 \u00a0 \u00a0 \u00a0 Benvida Decano Territorial en Galicia do COIN D. Jorge Dahl de Sobrino e do Xerente da EXPONAV D. Rafael Su\u00e1rez P\u00e9rez<\/p>\n<p>18:30\u00a0 \u00a0 \u00a0 \u00a0 \u00a0 \u00a0 \u00a0 \u00a0 \u00a0 Introduci\u00f3n a cargo do Presidente de AGALCARI D. Ram\u00f3n Collazo<\/p>\n<p>18:45\u00a0\u00a0\u00a0\u00a0\u00a0\u00a0\u00a0\u00a0\u00a0\u00a0\u00a0\u00a0\u00a0\u00a0\u00a0\u00a0\u00a0 \u201cCarpinter\u00eda de Ribeira na R\u00eda de Ferrol\u201d, Dr. Enxe\u00f1eiro Naval D.Jos\u00e9 M\u00aa. De Juan-Garc\u00eda Aguado<\/p>\n<p>19:15\u00a0\u00a0\u00a0\u00a0\u00a0\u00a0\u00a0\u00a0\u00a0\u00a0\u00a0\u00a0\u00a0\u00a0\u00a0\u00a0\u00a0 \u201cA madeira na construci\u00f3n naval\u201d, Dra. Enxe\u00f1eira de Montes, CIS D\u00aa. M\u00aa. Azahara Soil\u00e1n Ca\u00f1as.<\/p>\n<p>19:45\u00a0\u00a0\u00a0\u00a0\u00a0\u00a0\u00a0\u00a0\u00a0\u00a0\u00a0\u00a0\u00a0\u00a0\u00a0\u00a0\u00a0 \u201cCarpinter\u00eda de Ribeira no s\u00e9culo XXI, Situaci\u00f3n e Retos\u201d. D. Xerardo Tri\u00f1anes, Asteleiros Tri\u00f1anes, Boiro<\/p>\n<p>20:15\u00a0\u00a0\u00a0\u00a0\u00a0\u00a0\u00a0\u00a0\u00a0\u00a0\u00a0\u00a0\u00a0\u00a0\u00a0\u00a0\u00a0 Mesa Redonda. Moderador D. Ram\u00f3n Collazo, Presidente AGALCARI<\/p>\n<p>20:45\u00a0\u00a0\u00a0\u00a0\u00a0\u00a0\u00a0\u00a0\u00a0\u00a0\u00a0\u00a0\u00a0\u00a0\u00a0\u00a0\u00a0 Clausura<\/p>\n<ol>\n<li>D\u00aa. Beatriz Spuch S\u00e1nchez, Vicedecana Territorial en Galicia<\/li>\n<li>D. Ram\u00f3n Collazo, Presidente de AGALCARI<\/li>\n<\/ol>\n<p>Para asistir a esta xornada de forma presencial ou a trav\u00e9s de streaming, ser\u00e1 preciso inscribirse a trav\u00e9s do seguinte\u00a0<a href=\"https:\/\/forms.gle\/RH2W54dyTz6xdDDc7\" target=\"_blank\" rel=\"noopener\">FORMULARIO DE INSCRIPCI\u00d3N<\/a>.<\/p>\n<p>&nbsp;<\/p>\n","protected":false},"excerpt":{"rendered":"<p>O vindeiro 10 de setembro, ter\u00e1 lugar unha xornada sobre\u00a0\u201cCarpinteiros de Ribeira\u201c, \u00e1s 18:30 h. en EXPONAV. Nesta xornada, intentarase divulgar \u201co arte e a ciencia\u201d da Carpinter\u00eda de Ribeira, inicio da Construci\u00f3n Naval&#46;&#46;&#46;<\/p>\n","protected":false},"author":2,"featured_media":8963,"comment_status":"open","ping_status":"closed","sticky":false,"template":"","format":"standard","meta":{"om_disable_all_campaigns":false,"_monsterinsights_skip_tracking":false,"footnotes":""},"categories":[32,30],"tags":[67,69,71],"class_list":["post-8952","post","type-post","status-publish","format-standard","has-post-thumbnail","hentry","category-eventos-g","category-formacion-g","tag-comunicaciones-dt-galicia-gl","tag-formacion-gl","tag-sector-naval-en-galicia-gl"],"aioseo_notices":[],"aioseo_head":"\n\t\t<!-- All in One SEO 5.0.1.1 - aioseo.com -->\n\t<meta name=\"description\" content=\"O vindeiro 10 de setembro, ter\u00e1 lugar unha xornada sobre \u201cCarpinteiros de Ribeira\u201c, \u00e1s 18:30 h. en EXPONAV. Nesta xornada, intentarase divulgar \u201co arte e a ciencia\u201d da Carpinter\u00eda de Ribeira, inicio da Construci\u00f3n Naval e actividade moi viva ainda, sobre todo nas comunidades do norte e noroeste de Espa\u00f1a, pero moi desco\u00f1ecida polo p\u00fablico en\" \/>\n\t<meta name=\"robots\" content=\"max-image-preview:large\" \/>\n\t<meta name=\"author\" content=\"Delegaci\u00f3n Galicia\"\/>\n\t<meta name=\"google-site-verification\" content=\"7brmUOAwEmVOzDsnJ9q5QE6pLdw6wH0XiigUsr1GV5s\" \/>\n\t<link rel=\"canonical\" href=\"https:\/\/galicia.ingenierosnavales.com\/index.php\/2025\/08\/28\/xornada-sobre-carpinteiros-de-ribeira-10-de-setembro-en-ferrol\/\" \/>\n\t<meta name=\"generator\" content=\"All in One SEO (AIOSEO) 5.0.1.1\" \/>\n\t\t<meta property=\"og:locale\" content=\"es_ES\" \/>\n\t\t<meta property=\"og:site_name\" content=\"Delegaci\u00f3n del COIN en Galicia -  -\" \/>\n\t\t<meta property=\"og:type\" content=\"article\" \/>\n\t\t<meta property=\"og:title\" content=\"Xornada sobre Carpinteiros de Ribeira. 10 de setembro en Ferrol - Delegaci\u00f3n del COIN en Galicia -\" \/>\n\t\t<meta property=\"og:description\" content=\"O vindeiro 10 de setembro, ter\u00e1 lugar unha xornada sobre \u201cCarpinteiros de Ribeira\u201c, \u00e1s 18:30 h. en EXPONAV. Nesta xornada, intentarase divulgar \u201co arte e a ciencia\u201d da Carpinter\u00eda de Ribeira, inicio da Construci\u00f3n Naval e actividade moi viva ainda, sobre todo nas comunidades do norte e noroeste de Espa\u00f1a, pero moi desco\u00f1ecida polo p\u00fablico en\" \/>\n\t\t<meta property=\"og:url\" content=\"https:\/\/galicia.ingenierosnavales.com\/index.php\/2025\/08\/28\/xornada-sobre-carpinteiros-de-ribeira-10-de-setembro-en-ferrol\/\" \/>\n\t\t<meta property=\"og:image\" content=\"https:\/\/galicia.ingenierosnavales.com\/wp-content\/uploads\/2025\/03\/LOGO-GALICIA.png\" \/>\n\t\t<meta property=\"og:image:secure_url\" content=\"https:\/\/galicia.ingenierosnavales.com\/wp-content\/uploads\/2025\/03\/LOGO-GALICIA.png\" \/>\n\t\t<meta property=\"og:image:width\" content=\"1050\" \/>\n\t\t<meta property=\"og:image:height\" content=\"600\" \/>\n\t\t<meta property=\"article:published_time\" content=\"2025-08-28T09:04:51+00:00\" \/>\n\t\t<meta property=\"article:modified_time\" content=\"2025-09-01T11:01:55+00:00\" \/>\n\t\t<meta property=\"article:publisher\" content=\"https:\/\/facebook.com\/Ingenieros Navales Galicia\" \/>\n\t\t<meta name=\"twitter:card\" content=\"summary_large_image\" \/>\n\t\t<meta name=\"twitter:site\" content=\"@Ingenieros%20Navales%20Galicia\" \/>\n\t\t<meta name=\"twitter:title\" content=\"Xornada sobre Carpinteiros de Ribeira. 10 de setembro en Ferrol - Delegaci\u00f3n del COIN en Galicia -\" \/>\n\t\t<meta name=\"twitter:description\" content=\"O vindeiro 10 de setembro, ter\u00e1 lugar unha xornada sobre \u201cCarpinteiros de Ribeira\u201c, \u00e1s 18:30 h. en EXPONAV. Nesta xornada, intentarase divulgar \u201co arte e a ciencia\u201d da Carpinter\u00eda de Ribeira, inicio da Construci\u00f3n Naval e actividade moi viva ainda, sobre todo nas comunidades do norte e noroeste de Espa\u00f1a, pero moi desco\u00f1ecida polo p\u00fablico en\" \/>\n\t\t<meta name=\"twitter:creator\" content=\"@Ingenieros%20Navales%20Galicia\" \/>\n\t\t<meta name=\"twitter:image\" content=\"https:\/\/galicia.ingenierosnavales.com\/wp-content\/uploads\/2025\/03\/LOGO-GALICIA.png\" \/>\n\t\t<script type=\"application\/ld+json\" class=\"aioseo-schema\">\n\t\t\t{\"@context\":\"https:\\\/\\\/schema.org\",\"@graph\":[{\"@type\":\"BlogPosting\",\"@id\":\"https:\\\/\\\/galicia.ingenierosnavales.com\\\/index.php\\\/2025\\\/08\\\/28\\\/xornada-sobre-carpinteiros-de-ribeira-10-de-setembro-en-ferrol\\\/#blogposting\",\"name\":\"Xornada sobre Carpinteiros de Ribeira. 10 de setembro en Ferrol - Delegaci\\u00f3n del COIN en Galicia -\",\"headline\":\"Xornada sobre Carpinteiros de Ribeira. 10 de setembro en Ferrol\",\"author\":{\"@id\":\"https:\\\/\\\/galicia.ingenierosnavales.com\\\/index.php\\\/author\\\/galicia\\\/#author\"},\"publisher\":{\"@id\":\"https:\\\/\\\/galicia.ingenierosnavales.com\\\/#organization\"},\"image\":{\"@type\":\"ImageObject\",\"url\":\"https:\\\/\\\/galicia.ingenierosnavales.com\\\/wp-content\\\/uploads\\\/2025\\\/08\\\/Banner-Carpinteiros-de-Ribeira-1.png\",\"width\":1031,\"height\":591},\"datePublished\":\"2025-08-28T09:04:51+00:00\",\"dateModified\":\"2025-09-01T11:01:55+00:00\",\"inLanguage\":\"es-ES\",\"mainEntityOfPage\":{\"@id\":\"https:\\\/\\\/galicia.ingenierosnavales.com\\\/index.php\\\/2025\\\/08\\\/28\\\/xornada-sobre-carpinteiros-de-ribeira-10-de-setembro-en-ferrol\\\/#webpage\"},\"isPartOf\":{\"@id\":\"https:\\\/\\\/galicia.ingenierosnavales.com\\\/index.php\\\/2025\\\/08\\\/28\\\/xornada-sobre-carpinteiros-de-ribeira-10-de-setembro-en-ferrol\\\/#webpage\"},\"articleSection\":\"eventos (G), formaci\\u00f3n (G), Comunicaciones DT GALICIA, formaci\\u00f3n, sector naval en Galicia, Galego\"},{\"@type\":\"BreadcrumbList\",\"@id\":\"https:\\\/\\\/galicia.ingenierosnavales.com\\\/index.php\\\/2025\\\/08\\\/28\\\/xornada-sobre-carpinteiros-de-ribeira-10-de-setembro-en-ferrol\\\/#breadcrumblist\",\"itemListElement\":[{\"@type\":\"ListItem\",\"@id\":\"https:\\\/\\\/galicia.ingenierosnavales.com#listItem\",\"position\":1,\"name\":\"Home\",\"item\":\"https:\\\/\\\/galicia.ingenierosnavales.com\",\"nextItem\":{\"@type\":\"ListItem\",\"@id\":\"https:\\\/\\\/galicia.ingenierosnavales.com\\\/index.php\\\/category\\\/formacion-g\\\/#listItem\",\"name\":\"formaci\\u00f3n (G)\"}},{\"@type\":\"ListItem\",\"@id\":\"https:\\\/\\\/galicia.ingenierosnavales.com\\\/index.php\\\/category\\\/formacion-g\\\/#listItem\",\"position\":2,\"name\":\"formaci\\u00f3n (G)\",\"item\":\"https:\\\/\\\/galicia.ingenierosnavales.com\\\/index.php\\\/category\\\/formacion-g\\\/\",\"nextItem\":{\"@type\":\"ListItem\",\"@id\":\"https:\\\/\\\/galicia.ingenierosnavales.com\\\/index.php\\\/2025\\\/08\\\/28\\\/xornada-sobre-carpinteiros-de-ribeira-10-de-setembro-en-ferrol\\\/#listItem\",\"name\":\"Xornada sobre Carpinteiros de Ribeira. 10 de setembro en Ferrol\"},\"previousItem\":{\"@type\":\"ListItem\",\"@id\":\"https:\\\/\\\/galicia.ingenierosnavales.com#listItem\",\"name\":\"Home\"}},{\"@type\":\"ListItem\",\"@id\":\"https:\\\/\\\/galicia.ingenierosnavales.com\\\/index.php\\\/2025\\\/08\\\/28\\\/xornada-sobre-carpinteiros-de-ribeira-10-de-setembro-en-ferrol\\\/#listItem\",\"position\":3,\"name\":\"Xornada sobre Carpinteiros de Ribeira. 10 de setembro en Ferrol\",\"previousItem\":{\"@type\":\"ListItem\",\"@id\":\"https:\\\/\\\/galicia.ingenierosnavales.com\\\/index.php\\\/category\\\/formacion-g\\\/#listItem\",\"name\":\"formaci\\u00f3n (G)\"}}]},{\"@type\":\"Organization\",\"@id\":\"https:\\\/\\\/galicia.ingenierosnavales.com\\\/#organization\",\"name\":\"Delegaci\\u00f3n del COIN en Galicia -\",\"url\":\"https:\\\/\\\/galicia.ingenierosnavales.com\\\/\",\"telephone\":\"+34604068370\",\"logo\":{\"@type\":\"ImageObject\",\"url\":\"https:\\\/\\\/galicia.ingenierosnavales.com\\\/wp-content\\\/uploads\\\/2019\\\/09\\\/logo_2-1.png\",\"@id\":\"https:\\\/\\\/galicia.ingenierosnavales.com\\\/index.php\\\/2025\\\/08\\\/28\\\/xornada-sobre-carpinteiros-de-ribeira-10-de-setembro-en-ferrol\\\/#organizationLogo\",\"width\":240,\"height\":94},\"image\":{\"@id\":\"https:\\\/\\\/galicia.ingenierosnavales.com\\\/index.php\\\/2025\\\/08\\\/28\\\/xornada-sobre-carpinteiros-de-ribeira-10-de-setembro-en-ferrol\\\/#organizationLogo\"},\"sameAs\":[\"https:\\\/\\\/facebook.com\\\/Ingenieros Navales Galicia\",\"https:\\\/\\\/x.com\\\/Ingenieros Navales Galicia\",\"https:\\\/\\\/instagram.com\\\/Ingenieros Navales Galicia\",\"https:\\\/\\\/tiktok.com\\\/@Ingenieros Navales Galicia\",\"https:\\\/\\\/pinterest.com\\\/Ingenieros Navales Galicia\",\"https:\\\/\\\/youtube.com\\\/Ingenieros Navales Galicia\",\"https:\\\/\\\/linkedin.com\\\/in\\\/Ingenieros Navales Galicia\"]},{\"@type\":\"Person\",\"@id\":\"https:\\\/\\\/galicia.ingenierosnavales.com\\\/index.php\\\/author\\\/galicia\\\/#author\",\"url\":\"https:\\\/\\\/galicia.ingenierosnavales.com\\\/index.php\\\/author\\\/galicia\\\/\",\"name\":\"Delegaci\\u00f3n Galicia\",\"image\":{\"@type\":\"ImageObject\",\"@id\":\"https:\\\/\\\/galicia.ingenierosnavales.com\\\/index.php\\\/2025\\\/08\\\/28\\\/xornada-sobre-carpinteiros-de-ribeira-10-de-setembro-en-ferrol\\\/#authorImage\",\"url\":\"https:\\\/\\\/secure.gravatar.com\\\/avatar\\\/784387c8ee70f0747950d2413aa515282183abc3726ddcd1d89e0d4fccc292b5?s=96&d=mm&r=g\",\"width\":96,\"height\":96,\"caption\":\"Delegaci\\u00f3n Galicia\"}},{\"@type\":\"WebPage\",\"@id\":\"https:\\\/\\\/galicia.ingenierosnavales.com\\\/index.php\\\/2025\\\/08\\\/28\\\/xornada-sobre-carpinteiros-de-ribeira-10-de-setembro-en-ferrol\\\/#webpage\",\"url\":\"https:\\\/\\\/galicia.ingenierosnavales.com\\\/index.php\\\/2025\\\/08\\\/28\\\/xornada-sobre-carpinteiros-de-ribeira-10-de-setembro-en-ferrol\\\/\",\"name\":\"Xornada sobre Carpinteiros de Ribeira. 10 de setembro en Ferrol - Delegaci\\u00f3n del COIN en Galicia -\",\"description\":\"O vindeiro 10 de setembro, ter\\u00e1 lugar unha xornada sobre \\u201cCarpinteiros de Ribeira\\u201c, \\u00e1s 18:30 h. en EXPONAV. Nesta xornada, intentarase divulgar \\u201co arte e a ciencia\\u201d da Carpinter\\u00eda de Ribeira, inicio da Construci\\u00f3n Naval e actividade moi viva ainda, sobre todo nas comunidades do norte e noroeste de Espa\\u00f1a, pero moi desco\\u00f1ecida polo p\\u00fablico en\",\"inLanguage\":\"es-ES\",\"isPartOf\":{\"@id\":\"https:\\\/\\\/galicia.ingenierosnavales.com\\\/#website\"},\"breadcrumb\":{\"@id\":\"https:\\\/\\\/galicia.ingenierosnavales.com\\\/index.php\\\/2025\\\/08\\\/28\\\/xornada-sobre-carpinteiros-de-ribeira-10-de-setembro-en-ferrol\\\/#breadcrumblist\"},\"author\":{\"@id\":\"https:\\\/\\\/galicia.ingenierosnavales.com\\\/index.php\\\/author\\\/galicia\\\/#author\"},\"creator\":{\"@id\":\"https:\\\/\\\/galicia.ingenierosnavales.com\\\/index.php\\\/author\\\/galicia\\\/#author\"},\"image\":{\"@type\":\"ImageObject\",\"url\":\"https:\\\/\\\/galicia.ingenierosnavales.com\\\/wp-content\\\/uploads\\\/2025\\\/08\\\/Banner-Carpinteiros-de-Ribeira-1.png\",\"@id\":\"https:\\\/\\\/galicia.ingenierosnavales.com\\\/index.php\\\/2025\\\/08\\\/28\\\/xornada-sobre-carpinteiros-de-ribeira-10-de-setembro-en-ferrol\\\/#mainImage\",\"width\":1031,\"height\":591},\"primaryImageOfPage\":{\"@id\":\"https:\\\/\\\/galicia.ingenierosnavales.com\\\/index.php\\\/2025\\\/08\\\/28\\\/xornada-sobre-carpinteiros-de-ribeira-10-de-setembro-en-ferrol\\\/#mainImage\"},\"datePublished\":\"2025-08-28T09:04:51+00:00\",\"dateModified\":\"2025-09-01T11:01:55+00:00\"},{\"@type\":\"WebSite\",\"@id\":\"https:\\\/\\\/galicia.ingenierosnavales.com\\\/#website\",\"url\":\"https:\\\/\\\/galicia.ingenierosnavales.com\\\/\",\"name\":\"Delegaci\\u00f3n del COIN en Galicia -\",\"inLanguage\":\"es-ES\",\"publisher\":{\"@id\":\"https:\\\/\\\/galicia.ingenierosnavales.com\\\/#organization\"}}]}\n\t\t<\/script>\n\t\t<!-- All in One SEO -->\n\n","aioseo_head_json":{"title":"Xornada sobre Carpinteiros de Ribeira. 10 de setembro en Ferrol - Delegaci\u00f3n del COIN en Galicia -","description":"O vindeiro 10 de setembro, ter\u00e1 lugar unha xornada sobre \u201cCarpinteiros de Ribeira\u201c, \u00e1s 18:30 h. en EXPONAV. Nesta xornada, intentarase divulgar \u201co arte e a ciencia\u201d da Carpinter\u00eda de Ribeira, inicio da Construci\u00f3n Naval e actividade moi viva ainda, sobre todo nas comunidades do norte e noroeste de Espa\u00f1a, pero moi desco\u00f1ecida polo p\u00fablico en","canonical_url":"https:\/\/galicia.ingenierosnavales.com\/index.php\/2025\/08\/28\/xornada-sobre-carpinteiros-de-ribeira-10-de-setembro-en-ferrol\/","robots":"max-image-preview:large","keywords":"","webmasterTools":{"google-site-verification":"7brmUOAwEmVOzDsnJ9q5QE6pLdw6wH0XiigUsr1GV5s","miscellaneous":""},"schema":{"@context":"https:\/\/schema.org","@graph":[{"@type":"BlogPosting","@id":"https:\/\/galicia.ingenierosnavales.com\/index.php\/2025\/08\/28\/xornada-sobre-carpinteiros-de-ribeira-10-de-setembro-en-ferrol\/#blogposting","name":"Xornada sobre Carpinteiros de Ribeira. 10 de setembro en Ferrol - Delegaci\u00f3n del COIN en Galicia -","headline":"Xornada sobre Carpinteiros de Ribeira. 10 de setembro en Ferrol","author":{"@id":"https:\/\/galicia.ingenierosnavales.com\/index.php\/author\/galicia\/#author"},"publisher":{"@id":"https:\/\/galicia.ingenierosnavales.com\/#organization"},"image":{"@type":"ImageObject","url":"https:\/\/galicia.ingenierosnavales.com\/wp-content\/uploads\/2025\/08\/Banner-Carpinteiros-de-Ribeira-1.png","width":1031,"height":591},"datePublished":"2025-08-28T09:04:51+00:00","dateModified":"2025-09-01T11:01:55+00:00","inLanguage":"es-ES","mainEntityOfPage":{"@id":"https:\/\/galicia.ingenierosnavales.com\/index.php\/2025\/08\/28\/xornada-sobre-carpinteiros-de-ribeira-10-de-setembro-en-ferrol\/#webpage"},"isPartOf":{"@id":"https:\/\/galicia.ingenierosnavales.com\/index.php\/2025\/08\/28\/xornada-sobre-carpinteiros-de-ribeira-10-de-setembro-en-ferrol\/#webpage"},"articleSection":"eventos (G), formaci\u00f3n (G), Comunicaciones DT GALICIA, formaci\u00f3n, sector naval en Galicia, Galego"},{"@type":"BreadcrumbList","@id":"https:\/\/galicia.ingenierosnavales.com\/index.php\/2025\/08\/28\/xornada-sobre-carpinteiros-de-ribeira-10-de-setembro-en-ferrol\/#breadcrumblist","itemListElement":[{"@type":"ListItem","@id":"https:\/\/galicia.ingenierosnavales.com#listItem","position":1,"name":"Home","item":"https:\/\/galicia.ingenierosnavales.com","nextItem":{"@type":"ListItem","@id":"https:\/\/galicia.ingenierosnavales.com\/index.php\/category\/formacion-g\/#listItem","name":"formaci\u00f3n (G)"}},{"@type":"ListItem","@id":"https:\/\/galicia.ingenierosnavales.com\/index.php\/category\/formacion-g\/#listItem","position":2,"name":"formaci\u00f3n (G)","item":"https:\/\/galicia.ingenierosnavales.com\/index.php\/category\/formacion-g\/","nextItem":{"@type":"ListItem","@id":"https:\/\/galicia.ingenierosnavales.com\/index.php\/2025\/08\/28\/xornada-sobre-carpinteiros-de-ribeira-10-de-setembro-en-ferrol\/#listItem","name":"Xornada sobre Carpinteiros de Ribeira. 10 de setembro en Ferrol"},"previousItem":{"@type":"ListItem","@id":"https:\/\/galicia.ingenierosnavales.com#listItem","name":"Home"}},{"@type":"ListItem","@id":"https:\/\/galicia.ingenierosnavales.com\/index.php\/2025\/08\/28\/xornada-sobre-carpinteiros-de-ribeira-10-de-setembro-en-ferrol\/#listItem","position":3,"name":"Xornada sobre Carpinteiros de Ribeira. 10 de setembro en Ferrol","previousItem":{"@type":"ListItem","@id":"https:\/\/galicia.ingenierosnavales.com\/index.php\/category\/formacion-g\/#listItem","name":"formaci\u00f3n (G)"}}]},{"@type":"Organization","@id":"https:\/\/galicia.ingenierosnavales.com\/#organization","name":"Delegaci\u00f3n del COIN en Galicia -","url":"https:\/\/galicia.ingenierosnavales.com\/","telephone":"+34604068370","logo":{"@type":"ImageObject","url":"https:\/\/galicia.ingenierosnavales.com\/wp-content\/uploads\/2019\/09\/logo_2-1.png","@id":"https:\/\/galicia.ingenierosnavales.com\/index.php\/2025\/08\/28\/xornada-sobre-carpinteiros-de-ribeira-10-de-setembro-en-ferrol\/#organizationLogo","width":240,"height":94},"image":{"@id":"https:\/\/galicia.ingenierosnavales.com\/index.php\/2025\/08\/28\/xornada-sobre-carpinteiros-de-ribeira-10-de-setembro-en-ferrol\/#organizationLogo"},"sameAs":["https:\/\/facebook.com\/Ingenieros Navales Galicia","https:\/\/x.com\/Ingenieros Navales Galicia","https:\/\/instagram.com\/Ingenieros Navales Galicia","https:\/\/tiktok.com\/@Ingenieros Navales Galicia","https:\/\/pinterest.com\/Ingenieros Navales Galicia","https:\/\/youtube.com\/Ingenieros Navales Galicia","https:\/\/linkedin.com\/in\/Ingenieros Navales Galicia"]},{"@type":"Person","@id":"https:\/\/galicia.ingenierosnavales.com\/index.php\/author\/galicia\/#author","url":"https:\/\/galicia.ingenierosnavales.com\/index.php\/author\/galicia\/","name":"Delegaci\u00f3n Galicia","image":{"@type":"ImageObject","@id":"https:\/\/galicia.ingenierosnavales.com\/index.php\/2025\/08\/28\/xornada-sobre-carpinteiros-de-ribeira-10-de-setembro-en-ferrol\/#authorImage","url":"https:\/\/secure.gravatar.com\/avatar\/784387c8ee70f0747950d2413aa515282183abc3726ddcd1d89e0d4fccc292b5?s=96&d=mm&r=g","width":96,"height":96,"caption":"Delegaci\u00f3n Galicia"}},{"@type":"WebPage","@id":"https:\/\/galicia.ingenierosnavales.com\/index.php\/2025\/08\/28\/xornada-sobre-carpinteiros-de-ribeira-10-de-setembro-en-ferrol\/#webpage","url":"https:\/\/galicia.ingenierosnavales.com\/index.php\/2025\/08\/28\/xornada-sobre-carpinteiros-de-ribeira-10-de-setembro-en-ferrol\/","name":"Xornada sobre Carpinteiros de Ribeira. 10 de setembro en Ferrol - Delegaci\u00f3n del COIN en Galicia -","description":"O vindeiro 10 de setembro, ter\u00e1 lugar unha xornada sobre \u201cCarpinteiros de Ribeira\u201c, \u00e1s 18:30 h. en EXPONAV. Nesta xornada, intentarase divulgar \u201co arte e a ciencia\u201d da Carpinter\u00eda de Ribeira, inicio da Construci\u00f3n Naval e actividade moi viva ainda, sobre todo nas comunidades do norte e noroeste de Espa\u00f1a, pero moi desco\u00f1ecida polo p\u00fablico en","inLanguage":"es-ES","isPartOf":{"@id":"https:\/\/galicia.ingenierosnavales.com\/#website"},"breadcrumb":{"@id":"https:\/\/galicia.ingenierosnavales.com\/index.php\/2025\/08\/28\/xornada-sobre-carpinteiros-de-ribeira-10-de-setembro-en-ferrol\/#breadcrumblist"},"author":{"@id":"https:\/\/galicia.ingenierosnavales.com\/index.php\/author\/galicia\/#author"},"creator":{"@id":"https:\/\/galicia.ingenierosnavales.com\/index.php\/author\/galicia\/#author"},"image":{"@type":"ImageObject","url":"https:\/\/galicia.ingenierosnavales.com\/wp-content\/uploads\/2025\/08\/Banner-Carpinteiros-de-Ribeira-1.png","@id":"https:\/\/galicia.ingenierosnavales.com\/index.php\/2025\/08\/28\/xornada-sobre-carpinteiros-de-ribeira-10-de-setembro-en-ferrol\/#mainImage","width":1031,"height":591},"primaryImageOfPage":{"@id":"https:\/\/galicia.ingenierosnavales.com\/index.php\/2025\/08\/28\/xornada-sobre-carpinteiros-de-ribeira-10-de-setembro-en-ferrol\/#mainImage"},"datePublished":"2025-08-28T09:04:51+00:00","dateModified":"2025-09-01T11:01:55+00:00"},{"@type":"WebSite","@id":"https:\/\/galicia.ingenierosnavales.com\/#website","url":"https:\/\/galicia.ingenierosnavales.com\/","name":"Delegaci\u00f3n del COIN en Galicia -","inLanguage":"es-ES","publisher":{"@id":"https:\/\/galicia.ingenierosnavales.com\/#organization"}}]},"og:locale":"es_ES","og:site_name":"Delegaci\u00f3n del COIN en Galicia -  -","og:type":"article","og:title":"Xornada sobre Carpinteiros de Ribeira. 10 de setembro en Ferrol - Delegaci\u00f3n del COIN en Galicia -","og:description":"O vindeiro 10 de setembro, ter\u00e1 lugar unha xornada sobre \u201cCarpinteiros de Ribeira\u201c, \u00e1s 18:30 h. en EXPONAV. Nesta xornada, intentarase divulgar \u201co arte e a ciencia\u201d da Carpinter\u00eda de Ribeira, inicio da Construci\u00f3n Naval e actividade moi viva ainda, sobre todo nas comunidades do norte e noroeste de Espa\u00f1a, pero moi desco\u00f1ecida polo p\u00fablico en","og:url":"https:\/\/galicia.ingenierosnavales.com\/index.php\/2025\/08\/28\/xornada-sobre-carpinteiros-de-ribeira-10-de-setembro-en-ferrol\/","og:image":"https:\/\/galicia.ingenierosnavales.com\/wp-content\/uploads\/2025\/03\/LOGO-GALICIA.png","og:image:secure_url":"https:\/\/galicia.ingenierosnavales.com\/wp-content\/uploads\/2025\/03\/LOGO-GALICIA.png","og:image:width":1050,"og:image:height":600,"article:published_time":"2025-08-28T09:04:51+00:00","article:modified_time":"2025-09-01T11:01:55+00:00","article:publisher":"https:\/\/facebook.com\/Ingenieros Navales Galicia","twitter:card":"summary_large_image","twitter:site":"@Ingenieros%20Navales%20Galicia","twitter:title":"Xornada sobre Carpinteiros de Ribeira. 10 de setembro en Ferrol - Delegaci\u00f3n del COIN en Galicia -","twitter:description":"O vindeiro 10 de setembro, ter\u00e1 lugar unha xornada sobre \u201cCarpinteiros de Ribeira\u201c, \u00e1s 18:30 h. en EXPONAV. Nesta xornada, intentarase divulgar \u201co arte e a ciencia\u201d da Carpinter\u00eda de Ribeira, inicio da Construci\u00f3n Naval e actividade moi viva ainda, sobre todo nas comunidades do norte e noroeste de Espa\u00f1a, pero moi desco\u00f1ecida polo p\u00fablico en","twitter:creator":"@Ingenieros%20Navales%20Galicia","twitter:image":"https:\/\/galicia.ingenierosnavales.com\/wp-content\/uploads\/2025\/03\/LOGO-GALICIA.png"},"aioseo_meta_data":{"post_id":"8952","title":null,"description":null,"keywords":null,"keyphrases":{"focus":{"keyphrase":"","score":0,"analysis":{"keyphraseInTitle":{"score":0,"maxScore":9,"error":1}}},"additional":[]},"primary_term":null,"canonical_url":null,"og_title":null,"og_description":null,"og_object_type":"default","og_image_type":"default","og_image_url":null,"og_image_width":null,"og_image_height":null,"og_image_custom_url":null,"og_image_custom_fields":null,"og_video":"","og_custom_url":null,"og_article_section":null,"og_article_tags":null,"twitter_use_og":false,"twitter_card":"default","twitter_image_type":"default","twitter_image_url":null,"twitter_image_custom_url":null,"twitter_image_custom_fields":null,"twitter_title":null,"twitter_description":null,"schema":{"blockGraphs":[],"customGraphs":[],"default":{"data":{"Article":[],"Course":[],"Dataset":[],"FAQPage":[],"Movie":[],"Person":[],"Product":[],"ProductReview":[],"Car":[],"Recipe":[],"Service":[],"SoftwareApplication":[],"WebPage":[]},"graphName":"BlogPosting","isEnabled":true},"graphs":[]},"schema_type":"default","schema_type_options":null,"pillar_content":false,"robots_default":true,"robots_noindex":false,"robots_noarchive":false,"robots_nosnippet":false,"robots_nofollow":false,"robots_noimageindex":false,"robots_noodp":false,"robots_notranslate":false,"robots_max_snippet":"-1","robots_max_videopreview":"-1","robots_max_imagepreview":"large","priority":null,"frequency":"default","local_seo":null,"limit_modified_date":false,"created":"2025-08-28 09:04:51","updated":"2026-07-27 23:36:33","ai":null,"breadcrumb_settings":null,"seo_analyzer_scan_date":null,"focus_keyword":null,"additional_keywords":null,"truseo_locale":null},"aioseo_breadcrumb":"<div class=\"aioseo-breadcrumbs\"><span class=\"aioseo-breadcrumb\">\n\t\t\t<a href=\"https:\/\/galicia.ingenierosnavales.com\" title=\"Home\">Home<\/a>\n\t\t<\/span><span class=\"aioseo-breadcrumb-separator\">&raquo;<\/span><span class=\"aioseo-breadcrumb\">\n\t\t\t<a href=\"https:\/\/galicia.ingenierosnavales.com\/index.php\/category\/formacion-g\/\" title=\"formaci\u00f3n (G)\">formaci\u00f3n (G)<\/a>\n\t\t<\/span><span class=\"aioseo-breadcrumb-separator\">&raquo;<\/span><span class=\"aioseo-breadcrumb\">\n\t\t\tXornada sobre Carpinteiros de Ribeira. 10 de setembro en Ferrol\n\t\t<\/span><\/div>","aioseo_breadcrumb_json":[{"label":"Home","link":"https:\/\/galicia.ingenierosnavales.com"},{"label":"formaci\u00f3n (G)","link":"https:\/\/galicia.ingenierosnavales.com\/index.php\/category\/formacion-g\/"},{"label":"Xornada sobre Carpinteiros de Ribeira. 10 de setembro en Ferrol","link":"https:\/\/galicia.ingenierosnavales.com\/index.php\/2025\/08\/28\/xornada-sobre-carpinteiros-de-ribeira-10-de-setembro-en-ferrol\/"}],"_links":{"self":[{"href":"https:\/\/galicia.ingenierosnavales.com\/index.php\/wp-json\/wp\/v2\/posts\/8952","targetHints":{"allow":["GET"]}}],"collection":[{"href":"https:\/\/galicia.ingenierosnavales.com\/index.php\/wp-json\/wp\/v2\/posts"}],"about":[{"href":"https:\/\/galicia.ingenierosnavales.com\/index.php\/wp-json\/wp\/v2\/types\/post"}],"author":[{"embeddable":true,"href":"https:\/\/galicia.ingenierosnavales.com\/index.php\/wp-json\/wp\/v2\/users\/2"}],"replies":[{"embeddable":true,"href":"https:\/\/galicia.ingenierosnavales.com\/index.php\/wp-json\/wp\/v2\/comments?post=8952"}],"version-history":[{"count":3,"href":"https:\/\/galicia.ingenierosnavales.com\/index.php\/wp-json\/wp\/v2\/posts\/8952\/revisions"}],"predecessor-version":[{"id":8966,"href":"https:\/\/galicia.ingenierosnavales.com\/index.php\/wp-json\/wp\/v2\/posts\/8952\/revisions\/8966"}],"wp:featuredmedia":[{"embeddable":true,"href":"https:\/\/galicia.ingenierosnavales.com\/index.php\/wp-json\/wp\/v2\/media\/8963"}],"wp:attachment":[{"href":"https:\/\/galicia.ingenierosnavales.com\/index.php\/wp-json\/wp\/v2\/media?parent=8952"}],"wp:term":[{"taxonomy":"category","embeddable":true,"href":"https:\/\/galicia.ingenierosnavales.com\/index.php\/wp-json\/wp\/v2\/categories?post=8952"},{"taxonomy":"post_tag","embeddable":true,"href":"https:\/\/galicia.ingenierosnavales.com\/index.php\/wp-json\/wp\/v2\/tags?post=8952"}],"curies":[{"name":"wp","href":"https:\/\/api.w.org\/{rel}","templated":true}]}}