{"id":8926,"date":"2025-07-18T10:24:30","date_gmt":"2025-07-18T10:24:30","guid":{"rendered":"https:\/\/galicia.ingenierosnavales.com\/?p=8926"},"modified":"2025-07-18T10:24:30","modified_gmt":"2025-07-18T10:24:30","slug":"circular-4-25-comunicaciones-dt-galicia","status":"publish","type":"post","link":"https:\/\/galicia.ingenierosnavales.com\/index.php\/2025\/07\/18\/circular-4-25-comunicaciones-dt-galicia\/","title":{"rendered":"Circular 4\/25-Comunicaciones DT GALICIA"},"content":{"rendered":"<p style=\"text-align: right;\"><a href=\"https:\/\/galicia.ingenierosnavales.com\/wp-content\/uploads\/2025\/07\/CIRCULAR-4-25.pdf\">CIRCULAR 4-25<\/a><\/p>\n<p style=\"text-align: right;\">\u00a0\u00a0\u00a0\u00a0\u00a0\u00a0\u00a0\u00a0\u00a0\u00a0\u00a0\u00a0\u00a0\u00a0\u00a0\u00a0\u00a0\u00a0\u00a0\u00a0\u00a0\u00a0\u00a0\u00a0\u00a0\u00a0\u00a0\u00a0\u00a0\u00a0\u00a0\u00a0\u00a0\u00a0\u00a0\u00a0\u00a0\u00a0\u00a0\u00a0\u00a0\u00a0\u00a0\u00a0\u00a0\u00a0\u00a0\u00a0\u00a0\u00a0\u00a0\u00a0\u00a0\u00a0\u00a0\u00a0\u00a0\u00a0\u00a0\u00a0\u00a0\u00a0\u00a0\u00a0\u00a0\u00a0\u00a0\u00a0\u00a0\u00a0 Ferrol, a 18 de julio de 2025<\/p>\n<p><strong>\u00a0<\/strong><\/p>\n<p>Estimado\/a Colegiado\/a:<\/p>\n<p><strong><a href=\"https:\/\/galicia.ingenierosnavales.com\/index.php\/2025\/07\/18\/torneo-de-golf-cges-2025\/\">1.- TORNEO DE GOLF CGES 2025<\/a><\/strong><\/p>\n<p>Como se viene haciendo los \u00faltimos a\u00f1os, el CGES est\u00e1 organizando un torneo de Golf entre los Colegios profesionales que lo formamos. La cita deportiva este a\u00f1o tendr\u00e1 lugar el <strong>12 y 13 de septiembre<\/strong> en el\u00a0<a href=\"https:\/\/ingenierosnavales.us7.list-manage.com\/track\/click?u=d63daa267a7b33c6faf7be959&amp;id=ce2c595ecc&amp;e=a5aa5f33aa\">Campo de Golf Xaz<\/a>, ubicado en Oleiros.<\/p>\n<p>El torneo se disputar\u00e1 bajo la modalidad de 18 hoyos Stableford individual, para mayores de 18 a\u00f1os. Cada participaci\u00f3n dispondr\u00e1 de un paquete de bienvenida (bolas, gorra del torneo de Mutua Madrile\u00f1a Open, arregla piques y bolsa de tees. Invitaci\u00f3n a cerveza y Gin Tonic), servicio de catering en el hoyo 10 e invitaci\u00f3n en la de entrega de premios con gran sorteo de regalos entre los participantes registrados.<\/p>\n<p>Todos los interesados deber\u00e1n\u00a0<strong>inscribirse antes del<\/strong>\u00a0<strong>3 de septiembre a las 24:00 h.<\/strong>\u00a0en la Delegaci\u00f3n Territorial, y para poder jugar deber\u00e1n estar en posesi\u00f3n de la licencia federativa en vigor. Los colegiados que quieran participar deben notificarlo a la Delegaci\u00f3n Territorial (<a href=\"mailto:galicia@ingenierosnavales.com\">galicia@ingenierosnavales.com<\/a>\u00a0) indicando:<br \/>\nNombre y apellidos<\/p>\n<ul>\n<li>N\u00ba de licencia<\/li>\n<li>Tel\u00e9fono de contacto<\/li>\n<li>Correo electr\u00f3nico de contacto<\/li>\n<\/ul>\n<p>Habr\u00e1 plazas patrocinadas, con un precio estimado de 35 \u20ac, para colegiados del CGES. <strong>El COINGA subvencionar\u00e1, como viene siendo habitual en las \u00faltimas ediciones, con 20 \u20ac a los Colegiados del COIN que hayan resultado adjudicatarios de una plaza patrocinada.<\/strong><br \/>\nPuedes inscribirte en el tel\u00e9fono 981 37 22 00 o en el correo\u00a0<a href=\"mailto:galicia@ingenierosnavales.com\">galicia@ingenierosnavales.com<\/a>.<\/p>\n<p><strong><a href=\"https:\/\/galicia.ingenierosnavales.com\/index.php\/2025\/07\/17\/jornada-sobre-carpinteiros-de-ribeira-10-septiembre\/\">2.- JORNADA SOBRE CARPINTEIROS DE RIBEIRA<\/a><\/strong><\/p>\n<p>Os adelantamos, que a la vuelta de vacaciones el pr\u00f3ximo <strong>10 de septiembre<\/strong>, tendr\u00e1 lugar una jornada sobre \u201c<strong>Carpinteiros de Ribeira\u201d,<\/strong> a las <strong>18:30 h. en EXPONAV<\/strong>. En esta jornada, se intentar\u00e1 divulgar \u201cel arte y la ciencia\u201d de la Carpinter\u00eda de Ribeira, inicio de la Construcci\u00f3n Naval y actividad muy viva a\u00fan, sobre todo en las comunidades del norte y noroeste de Espa\u00f1a, pero muy desconocida por el p\u00fablico en general y las nuevas generaciones de ingenieros navales en particular.<\/p>\n<p>La jornada contar\u00e1 con tres ponencias a cargo del Maestro Carpintero de Ribeira D. Gerardo Tri\u00f1anes, la Dra. Ingeniera de Montes D\u00aa. Azahara Soil\u00e1n, y el Dr. Ingeniero Naval D. Jos\u00e9 M\u00aa. De Juan-Garc\u00eda.<\/p>\n<p>Para poder asistir a esta jornada de forma presencial o a trav\u00e9s de streaming, deber\u00e1s inscribirte a trav\u00e9s del <a href=\"https:\/\/forms.gle\/RH2W54dyTz6xdDDc7\">FORMULARIO DE INSCRIPCI\u00d3N<\/a>. A partir del 25 de agosto se llevar\u00e1 a cabo la confirmaci\u00f3n de asistencia de todos\/as los\/as inscritos hasta la fecha.<\/p>\n<p><strong>3.- CALENDARIO VACACIONES DELEGACI\u00d3N TERRITORIAL EN GALICIA<\/strong><\/p>\n<p>Te informamos que del <strong>21 de julio al 22 de agosto<\/strong> (ambos incluidos), la Delegaci\u00f3n Territorial en Galicia, permanecer\u00e1 cerrada por <strong>vacaciones<\/strong> del personal.<\/p>\n<p>Durante el cierre de la DT, pueden contactar con la Oficina de Gesti\u00f3n del COIN en el 91 575 1024 o a trav\u00e9s de mail <a href=\"mailto:coin@ingenierosnavales.com\">coin@ingenierosnavales.com<\/a> que intentar\u00e1n darle respuesta a la mayor brevedad posible.<\/p>\n<p style=\"text-align: center;\">Os deseamos unas buenas vacaciones!!!<\/p>\n<p>&nbsp;<\/p>\n<p style=\"text-align: center;\">Decano y Junta de Gobierno Territorial<\/p>\n","protected":false},"excerpt":{"rendered":"<p>CIRCULAR 4-25 \u00a0\u00a0\u00a0\u00a0\u00a0\u00a0\u00a0\u00a0\u00a0\u00a0\u00a0\u00a0\u00a0\u00a0\u00a0\u00a0\u00a0\u00a0\u00a0\u00a0\u00a0\u00a0\u00a0\u00a0\u00a0\u00a0\u00a0\u00a0\u00a0\u00a0\u00a0\u00a0\u00a0\u00a0\u00a0\u00a0\u00a0\u00a0\u00a0\u00a0\u00a0\u00a0\u00a0\u00a0\u00a0\u00a0\u00a0\u00a0\u00a0\u00a0\u00a0\u00a0\u00a0\u00a0\u00a0\u00a0\u00a0\u00a0\u00a0\u00a0\u00a0\u00a0\u00a0\u00a0\u00a0\u00a0\u00a0\u00a0\u00a0\u00a0 Ferrol, a 18 de julio de 2025 \u00a0 Estimado\/a Colegiado\/a: 1.- TORNEO DE GOLF CGES 2025 Como se viene haciendo los \u00faltimos a\u00f1os, el CGES est\u00e1 organizando un torneo de Golf&#46;&#46;&#46;<\/p>\n","protected":false},"author":2,"featured_media":8928,"comment_status":"open","ping_status":"open","sticky":false,"template":"","format":"standard","meta":{"om_disable_all_campaigns":false,"_monsterinsights_skip_tracking":false,"_monsterinsights_sitenote_active":false,"_monsterinsights_sitenote_note":"","_monsterinsights_sitenote_category":0,"_uf_show_specific_survey":0,"_uf_disable_surveys":false,"footnotes":""},"categories":[4,1,2],"tags":[9,39,49],"class_list":["post-8926","post","type-post","status-publish","format-standard","has-post-thumbnail","hentry","category-cges","category-eventos","category-formacion","tag-circular-galicia","tag-comunicaciones-dt-galicia","tag-ingenieros-navales-galicia"],"aioseo_notices":[],"yoast_head":"<!-- This site is optimized with the Yoast SEO plugin v24.0 - https:\/\/yoast.com\/wordpress\/plugins\/seo\/ -->\n<title>Circular 4\/25-Comunicaciones DT GALICIA - Delegaci\u00f3n del COIN en Galicia -<\/title>\n<meta name=\"robots\" content=\"index, follow, max-snippet:-1, max-image-preview:large, max-video-preview:-1\" \/>\n<link rel=\"canonical\" href=\"https:\/\/galicia.ingenierosnavales.com\/index.php\/2025\/07\/18\/circular-4-25-comunicaciones-dt-galicia\/\" \/>\n<meta property=\"og:locale\" content=\"es_ES\" \/>\n<meta property=\"og:type\" content=\"article\" \/>\n<meta property=\"og:title\" content=\"Circular 4\/25-Comunicaciones DT GALICIA - Delegaci\u00f3n del COIN en Galicia -\" \/>\n<meta property=\"og:description\" content=\"CIRCULAR 4-25 \u00a0\u00a0\u00a0\u00a0\u00a0\u00a0\u00a0\u00a0\u00a0\u00a0\u00a0\u00a0\u00a0\u00a0\u00a0\u00a0\u00a0\u00a0\u00a0\u00a0\u00a0\u00a0\u00a0\u00a0\u00a0\u00a0\u00a0\u00a0\u00a0\u00a0\u00a0\u00a0\u00a0\u00a0\u00a0\u00a0\u00a0\u00a0\u00a0\u00a0\u00a0\u00a0\u00a0\u00a0\u00a0\u00a0\u00a0\u00a0\u00a0\u00a0\u00a0\u00a0\u00a0\u00a0\u00a0\u00a0\u00a0\u00a0\u00a0\u00a0\u00a0\u00a0\u00a0\u00a0\u00a0\u00a0\u00a0\u00a0\u00a0\u00a0 Ferrol, a 18 de julio de 2025 \u00a0 Estimado\/a Colegiado\/a: 1.- TORNEO DE GOLF CGES 2025 Como se viene haciendo los \u00faltimos a\u00f1os, el CGES est\u00e1 organizando un torneo de Golf&#046;&#046;&#046;\" \/>\n<meta property=\"og:url\" content=\"https:\/\/galicia.ingenierosnavales.com\/index.php\/2025\/07\/18\/circular-4-25-comunicaciones-dt-galicia\/\" \/>\n<meta property=\"og:site_name\" content=\"Delegaci\u00f3n del COIN en Galicia -\" \/>\n<meta property=\"article:published_time\" content=\"2025-07-18T10:24:30+00:00\" \/>\n<meta property=\"og:image\" content=\"https:\/\/galicia.ingenierosnavales.com\/wp-content\/uploads\/2025\/07\/CIRCULAR-COIN-GALICIA-425.jpg\" \/>\n\t<meta property=\"og:image:width\" content=\"2245\" \/>\n\t<meta property=\"og:image:height\" content=\"1587\" \/>\n\t<meta property=\"og:image:type\" content=\"image\/jpeg\" \/>\n<meta name=\"author\" content=\"Delegaci\u00f3n Galicia\" \/>\n<meta name=\"twitter:card\" content=\"summary_large_image\" \/>\n<meta name=\"twitter:label1\" content=\"Escrito por\" \/>\n\t<meta name=\"twitter:data1\" content=\"Delegaci\u00f3n Galicia\" \/>\n\t<meta name=\"twitter:label2\" content=\"Tiempo de lectura\" \/>\n\t<meta name=\"twitter:data2\" content=\"3 minutos\" \/>\n<script type=\"application\/ld+json\" class=\"yoast-schema-graph\">{\"@context\":\"https:\/\/schema.org\",\"@graph\":[{\"@type\":\"Article\",\"@id\":\"https:\/\/galicia.ingenierosnavales.com\/index.php\/2025\/07\/18\/circular-4-25-comunicaciones-dt-galicia\/#article\",\"isPartOf\":{\"@id\":\"https:\/\/galicia.ingenierosnavales.com\/index.php\/2025\/07\/18\/circular-4-25-comunicaciones-dt-galicia\/\"},\"author\":{\"name\":\"Delegaci\u00f3n Galicia\",\"@id\":\"https:\/\/galicia.ingenierosnavales.com\/#\/schema\/person\/5b19750a916831d424f63e9271d4e51d\"},\"headline\":\"Circular 4\/25-Comunicaciones DT GALICIA\",\"datePublished\":\"2025-07-18T10:24:30+00:00\",\"dateModified\":\"2025-07-18T10:24:30+00:00\",\"mainEntityOfPage\":{\"@id\":\"https:\/\/galicia.ingenierosnavales.com\/index.php\/2025\/07\/18\/circular-4-25-comunicaciones-dt-galicia\/\"},\"wordCount\":507,\"commentCount\":0,\"publisher\":{\"@id\":\"https:\/\/galicia.ingenierosnavales.com\/#organization\"},\"image\":{\"@id\":\"https:\/\/galicia.ingenierosnavales.com\/index.php\/2025\/07\/18\/circular-4-25-comunicaciones-dt-galicia\/#primaryimage\"},\"thumbnailUrl\":\"https:\/\/galicia.ingenierosnavales.com\/wp-content\/uploads\/2025\/07\/CIRCULAR-COIN-GALICIA-425.jpg\",\"keywords\":[\"Circular Galicia\",\"Comunicaciones DT GALICIA\",\"Ingenieros Navales Galicia\"],\"articleSection\":[\"CGES\",\"Eventos\",\"Formaci\u00f3n\"],\"inLanguage\":\"es\",\"potentialAction\":[{\"@type\":\"CommentAction\",\"name\":\"Comment\",\"target\":[\"https:\/\/galicia.ingenierosnavales.com\/index.php\/2025\/07\/18\/circular-4-25-comunicaciones-dt-galicia\/#respond\"]}]},{\"@type\":\"WebPage\",\"@id\":\"https:\/\/galicia.ingenierosnavales.com\/index.php\/2025\/07\/18\/circular-4-25-comunicaciones-dt-galicia\/\",\"url\":\"https:\/\/galicia.ingenierosnavales.com\/index.php\/2025\/07\/18\/circular-4-25-comunicaciones-dt-galicia\/\",\"name\":\"Circular 4\/25-Comunicaciones DT GALICIA - Delegaci\u00f3n del COIN en Galicia -\",\"isPartOf\":{\"@id\":\"https:\/\/galicia.ingenierosnavales.com\/#website\"},\"primaryImageOfPage\":{\"@id\":\"https:\/\/galicia.ingenierosnavales.com\/index.php\/2025\/07\/18\/circular-4-25-comunicaciones-dt-galicia\/#primaryimage\"},\"image\":{\"@id\":\"https:\/\/galicia.ingenierosnavales.com\/index.php\/2025\/07\/18\/circular-4-25-comunicaciones-dt-galicia\/#primaryimage\"},\"thumbnailUrl\":\"https:\/\/galicia.ingenierosnavales.com\/wp-content\/uploads\/2025\/07\/CIRCULAR-COIN-GALICIA-425.jpg\",\"datePublished\":\"2025-07-18T10:24:30+00:00\",\"dateModified\":\"2025-07-18T10:24:30+00:00\",\"breadcrumb\":{\"@id\":\"https:\/\/galicia.ingenierosnavales.com\/index.php\/2025\/07\/18\/circular-4-25-comunicaciones-dt-galicia\/#breadcrumb\"},\"inLanguage\":\"es\",\"potentialAction\":[{\"@type\":\"ReadAction\",\"target\":[\"https:\/\/galicia.ingenierosnavales.com\/index.php\/2025\/07\/18\/circular-4-25-comunicaciones-dt-galicia\/\"]}]},{\"@type\":\"ImageObject\",\"inLanguage\":\"es\",\"@id\":\"https:\/\/galicia.ingenierosnavales.com\/index.php\/2025\/07\/18\/circular-4-25-comunicaciones-dt-galicia\/#primaryimage\",\"url\":\"https:\/\/galicia.ingenierosnavales.com\/wp-content\/uploads\/2025\/07\/CIRCULAR-COIN-GALICIA-425.jpg\",\"contentUrl\":\"https:\/\/galicia.ingenierosnavales.com\/wp-content\/uploads\/2025\/07\/CIRCULAR-COIN-GALICIA-425.jpg\",\"width\":2245,\"height\":1587},{\"@type\":\"BreadcrumbList\",\"@id\":\"https:\/\/galicia.ingenierosnavales.com\/index.php\/2025\/07\/18\/circular-4-25-comunicaciones-dt-galicia\/#breadcrumb\",\"itemListElement\":[{\"@type\":\"ListItem\",\"position\":1,\"name\":\"Home\",\"item\":\"https:\/\/galicia.ingenierosnavales.com\/\"},{\"@type\":\"ListItem\",\"position\":2,\"name\":\"Circular 4\/25-Comunicaciones DT GALICIA\"}]},{\"@type\":\"WebSite\",\"@id\":\"https:\/\/galicia.ingenierosnavales.com\/#website\",\"url\":\"https:\/\/galicia.ingenierosnavales.com\/\",\"name\":\"Delegaci\u00f3n del COIN en Galicia -\",\"description\":\"\",\"publisher\":{\"@id\":\"https:\/\/galicia.ingenierosnavales.com\/#organization\"},\"potentialAction\":[{\"@type\":\"SearchAction\",\"target\":{\"@type\":\"EntryPoint\",\"urlTemplate\":\"https:\/\/galicia.ingenierosnavales.com\/?s={search_term_string}\"},\"query-input\":{\"@type\":\"PropertyValueSpecification\",\"valueRequired\":true,\"valueName\":\"search_term_string\"}}],\"inLanguage\":\"es\"},{\"@type\":\"Organization\",\"@id\":\"https:\/\/galicia.ingenierosnavales.com\/#organization\",\"name\":\"Delegaci\u00f3n del COIN en Galicia -\",\"url\":\"https:\/\/galicia.ingenierosnavales.com\/\",\"logo\":{\"@type\":\"ImageObject\",\"inLanguage\":\"es\",\"@id\":\"https:\/\/galicia.ingenierosnavales.com\/#\/schema\/logo\/image\/\",\"url\":\"https:\/\/galicia.ingenierosnavales.com\/wp-content\/uploads\/2022\/03\/logo_2-1.png\",\"contentUrl\":\"https:\/\/galicia.ingenierosnavales.com\/wp-content\/uploads\/2022\/03\/logo_2-1.png\",\"width\":240,\"height\":94,\"caption\":\"Delegaci\u00f3n del COIN en Galicia - \"},\"image\":{\"@id\":\"https:\/\/galicia.ingenierosnavales.com\/#\/schema\/logo\/image\/\"}},{\"@type\":\"Person\",\"@id\":\"https:\/\/galicia.ingenierosnavales.com\/#\/schema\/person\/5b19750a916831d424f63e9271d4e51d\",\"name\":\"Delegaci\u00f3n Galicia\",\"image\":{\"@type\":\"ImageObject\",\"inLanguage\":\"es\",\"@id\":\"https:\/\/galicia.ingenierosnavales.com\/#\/schema\/person\/image\/\",\"url\":\"https:\/\/secure.gravatar.com\/avatar\/8ba9b1dd96c7effddd31fcf63bf8cc7f?s=96&d=mm&r=g\",\"contentUrl\":\"https:\/\/secure.gravatar.com\/avatar\/8ba9b1dd96c7effddd31fcf63bf8cc7f?s=96&d=mm&r=g\",\"caption\":\"Delegaci\u00f3n Galicia\"},\"url\":\"https:\/\/galicia.ingenierosnavales.com\/index.php\/author\/galicia\/\"}]}<\/script>\n<!-- \/ Yoast SEO plugin. -->","yoast_head_json":{"title":"Circular 4\/25-Comunicaciones DT GALICIA - Delegaci\u00f3n del COIN en Galicia -","robots":{"index":"index","follow":"follow","max-snippet":"max-snippet:-1","max-image-preview":"max-image-preview:large","max-video-preview":"max-video-preview:-1"},"canonical":"https:\/\/galicia.ingenierosnavales.com\/index.php\/2025\/07\/18\/circular-4-25-comunicaciones-dt-galicia\/","og_locale":"es_ES","og_type":"article","og_title":"Circular 4\/25-Comunicaciones DT GALICIA - Delegaci\u00f3n del COIN en Galicia -","og_description":"CIRCULAR 4-25 \u00a0\u00a0\u00a0\u00a0\u00a0\u00a0\u00a0\u00a0\u00a0\u00a0\u00a0\u00a0\u00a0\u00a0\u00a0\u00a0\u00a0\u00a0\u00a0\u00a0\u00a0\u00a0\u00a0\u00a0\u00a0\u00a0\u00a0\u00a0\u00a0\u00a0\u00a0\u00a0\u00a0\u00a0\u00a0\u00a0\u00a0\u00a0\u00a0\u00a0\u00a0\u00a0\u00a0\u00a0\u00a0\u00a0\u00a0\u00a0\u00a0\u00a0\u00a0\u00a0\u00a0\u00a0\u00a0\u00a0\u00a0\u00a0\u00a0\u00a0\u00a0\u00a0\u00a0\u00a0\u00a0\u00a0\u00a0\u00a0\u00a0\u00a0 Ferrol, a 18 de julio de 2025 \u00a0 Estimado\/a Colegiado\/a: 1.- TORNEO DE GOLF CGES 2025 Como se viene haciendo los \u00faltimos a\u00f1os, el CGES est\u00e1 organizando un torneo de Golf&#46;&#46;&#46;","og_url":"https:\/\/galicia.ingenierosnavales.com\/index.php\/2025\/07\/18\/circular-4-25-comunicaciones-dt-galicia\/","og_site_name":"Delegaci\u00f3n del COIN en Galicia -","article_published_time":"2025-07-18T10:24:30+00:00","og_image":[{"width":2245,"height":1587,"url":"https:\/\/galicia.ingenierosnavales.com\/wp-content\/uploads\/2025\/07\/CIRCULAR-COIN-GALICIA-425.jpg","type":"image\/jpeg"}],"author":"Delegaci\u00f3n Galicia","twitter_card":"summary_large_image","twitter_misc":{"Escrito por":"Delegaci\u00f3n Galicia","Tiempo de lectura":"3 minutos"},"schema":{"@context":"https:\/\/schema.org","@graph":[{"@type":"Article","@id":"https:\/\/galicia.ingenierosnavales.com\/index.php\/2025\/07\/18\/circular-4-25-comunicaciones-dt-galicia\/#article","isPartOf":{"@id":"https:\/\/galicia.ingenierosnavales.com\/index.php\/2025\/07\/18\/circular-4-25-comunicaciones-dt-galicia\/"},"author":{"name":"Delegaci\u00f3n Galicia","@id":"https:\/\/galicia.ingenierosnavales.com\/#\/schema\/person\/5b19750a916831d424f63e9271d4e51d"},"headline":"Circular 4\/25-Comunicaciones DT GALICIA","datePublished":"2025-07-18T10:24:30+00:00","dateModified":"2025-07-18T10:24:30+00:00","mainEntityOfPage":{"@id":"https:\/\/galicia.ingenierosnavales.com\/index.php\/2025\/07\/18\/circular-4-25-comunicaciones-dt-galicia\/"},"wordCount":507,"commentCount":0,"publisher":{"@id":"https:\/\/galicia.ingenierosnavales.com\/#organization"},"image":{"@id":"https:\/\/galicia.ingenierosnavales.com\/index.php\/2025\/07\/18\/circular-4-25-comunicaciones-dt-galicia\/#primaryimage"},"thumbnailUrl":"https:\/\/galicia.ingenierosnavales.com\/wp-content\/uploads\/2025\/07\/CIRCULAR-COIN-GALICIA-425.jpg","keywords":["Circular Galicia","Comunicaciones DT GALICIA","Ingenieros Navales Galicia"],"articleSection":["CGES","Eventos","Formaci\u00f3n"],"inLanguage":"es","potentialAction":[{"@type":"CommentAction","name":"Comment","target":["https:\/\/galicia.ingenierosnavales.com\/index.php\/2025\/07\/18\/circular-4-25-comunicaciones-dt-galicia\/#respond"]}]},{"@type":"WebPage","@id":"https:\/\/galicia.ingenierosnavales.com\/index.php\/2025\/07\/18\/circular-4-25-comunicaciones-dt-galicia\/","url":"https:\/\/galicia.ingenierosnavales.com\/index.php\/2025\/07\/18\/circular-4-25-comunicaciones-dt-galicia\/","name":"Circular 4\/25-Comunicaciones DT GALICIA - Delegaci\u00f3n del COIN en Galicia -","isPartOf":{"@id":"https:\/\/galicia.ingenierosnavales.com\/#website"},"primaryImageOfPage":{"@id":"https:\/\/galicia.ingenierosnavales.com\/index.php\/2025\/07\/18\/circular-4-25-comunicaciones-dt-galicia\/#primaryimage"},"image":{"@id":"https:\/\/galicia.ingenierosnavales.com\/index.php\/2025\/07\/18\/circular-4-25-comunicaciones-dt-galicia\/#primaryimage"},"thumbnailUrl":"https:\/\/galicia.ingenierosnavales.com\/wp-content\/uploads\/2025\/07\/CIRCULAR-COIN-GALICIA-425.jpg","datePublished":"2025-07-18T10:24:30+00:00","dateModified":"2025-07-18T10:24:30+00:00","breadcrumb":{"@id":"https:\/\/galicia.ingenierosnavales.com\/index.php\/2025\/07\/18\/circular-4-25-comunicaciones-dt-galicia\/#breadcrumb"},"inLanguage":"es","potentialAction":[{"@type":"ReadAction","target":["https:\/\/galicia.ingenierosnavales.com\/index.php\/2025\/07\/18\/circular-4-25-comunicaciones-dt-galicia\/"]}]},{"@type":"ImageObject","inLanguage":"es","@id":"https:\/\/galicia.ingenierosnavales.com\/index.php\/2025\/07\/18\/circular-4-25-comunicaciones-dt-galicia\/#primaryimage","url":"https:\/\/galicia.ingenierosnavales.com\/wp-content\/uploads\/2025\/07\/CIRCULAR-COIN-GALICIA-425.jpg","contentUrl":"https:\/\/galicia.ingenierosnavales.com\/wp-content\/uploads\/2025\/07\/CIRCULAR-COIN-GALICIA-425.jpg","width":2245,"height":1587},{"@type":"BreadcrumbList","@id":"https:\/\/galicia.ingenierosnavales.com\/index.php\/2025\/07\/18\/circular-4-25-comunicaciones-dt-galicia\/#breadcrumb","itemListElement":[{"@type":"ListItem","position":1,"name":"Home","item":"https:\/\/galicia.ingenierosnavales.com\/"},{"@type":"ListItem","position":2,"name":"Circular 4\/25-Comunicaciones DT GALICIA"}]},{"@type":"WebSite","@id":"https:\/\/galicia.ingenierosnavales.com\/#website","url":"https:\/\/galicia.ingenierosnavales.com\/","name":"Delegaci\u00f3n del COIN en Galicia -","description":"","publisher":{"@id":"https:\/\/galicia.ingenierosnavales.com\/#organization"},"potentialAction":[{"@type":"SearchAction","target":{"@type":"EntryPoint","urlTemplate":"https:\/\/galicia.ingenierosnavales.com\/?s={search_term_string}"},"query-input":{"@type":"PropertyValueSpecification","valueRequired":true,"valueName":"search_term_string"}}],"inLanguage":"es"},{"@type":"Organization","@id":"https:\/\/galicia.ingenierosnavales.com\/#organization","name":"Delegaci\u00f3n del COIN en Galicia -","url":"https:\/\/galicia.ingenierosnavales.com\/","logo":{"@type":"ImageObject","inLanguage":"es","@id":"https:\/\/galicia.ingenierosnavales.com\/#\/schema\/logo\/image\/","url":"https:\/\/galicia.ingenierosnavales.com\/wp-content\/uploads\/2022\/03\/logo_2-1.png","contentUrl":"https:\/\/galicia.ingenierosnavales.com\/wp-content\/uploads\/2022\/03\/logo_2-1.png","width":240,"height":94,"caption":"Delegaci\u00f3n del COIN en Galicia - "},"image":{"@id":"https:\/\/galicia.ingenierosnavales.com\/#\/schema\/logo\/image\/"}},{"@type":"Person","@id":"https:\/\/galicia.ingenierosnavales.com\/#\/schema\/person\/5b19750a916831d424f63e9271d4e51d","name":"Delegaci\u00f3n Galicia","image":{"@type":"ImageObject","inLanguage":"es","@id":"https:\/\/galicia.ingenierosnavales.com\/#\/schema\/person\/image\/","url":"https:\/\/secure.gravatar.com\/avatar\/8ba9b1dd96c7effddd31fcf63bf8cc7f?s=96&d=mm&r=g","contentUrl":"https:\/\/secure.gravatar.com\/avatar\/8ba9b1dd96c7effddd31fcf63bf8cc7f?s=96&d=mm&r=g","caption":"Delegaci\u00f3n Galicia"},"url":"https:\/\/galicia.ingenierosnavales.com\/index.php\/author\/galicia\/"}]}},"_links":{"self":[{"href":"https:\/\/galicia.ingenierosnavales.com\/index.php\/wp-json\/wp\/v2\/posts\/8926","targetHints":{"allow":["GET"]}}],"collection":[{"href":"https:\/\/galicia.ingenierosnavales.com\/index.php\/wp-json\/wp\/v2\/posts"}],"about":[{"href":"https:\/\/galicia.ingenierosnavales.com\/index.php\/wp-json\/wp\/v2\/types\/post"}],"author":[{"embeddable":true,"href":"https:\/\/galicia.ingenierosnavales.com\/index.php\/wp-json\/wp\/v2\/users\/2"}],"replies":[{"embeddable":true,"href":"https:\/\/galicia.ingenierosnavales.com\/index.php\/wp-json\/wp\/v2\/comments?post=8926"}],"version-history":[{"count":1,"href":"https:\/\/galicia.ingenierosnavales.com\/index.php\/wp-json\/wp\/v2\/posts\/8926\/revisions"}],"predecessor-version":[{"id":8929,"href":"https:\/\/galicia.ingenierosnavales.com\/index.php\/wp-json\/wp\/v2\/posts\/8926\/revisions\/8929"}],"wp:featuredmedia":[{"embeddable":true,"href":"https:\/\/galicia.ingenierosnavales.com\/index.php\/wp-json\/wp\/v2\/media\/8928"}],"wp:attachment":[{"href":"https:\/\/galicia.ingenierosnavales.com\/index.php\/wp-json\/wp\/v2\/media?parent=8926"}],"wp:term":[{"taxonomy":"category","embeddable":true,"href":"https:\/\/galicia.ingenierosnavales.com\/index.php\/wp-json\/wp\/v2\/categories?post=8926"},{"taxonomy":"post_tag","embeddable":true,"href":"https:\/\/galicia.ingenierosnavales.com\/index.php\/wp-json\/wp\/v2\/tags?post=8926"}],"curies":[{"name":"wp","href":"https:\/\/api.w.org\/{rel}","templated":true}]}}