{"id":8902,"date":"2025-07-17T11:42:23","date_gmt":"2025-07-17T11:42:23","guid":{"rendered":"https:\/\/galicia.ingenierosnavales.com\/?p=8902"},"modified":"2025-07-17T12:03:00","modified_gmt":"2025-07-17T12:03:00","slug":"xornada-de-carpinteiros-de-ribeira-10-setembro","status":"publish","type":"post","link":"https:\/\/galicia.ingenierosnavales.com\/index.php\/2025\/07\/17\/xornada-de-carpinteiros-de-ribeira-10-setembro\/","title":{"rendered":"Xornada sobre Carpinteiros de Ribeira. 10\/setembro\/2025"},"content":{"rendered":"<p><img loading=\"lazy\" decoding=\"async\" class=\"aligncenter wp-image-8903 size-full\" src=\"https:\/\/galicia.ingenierosnavales.com\/wp-content\/uploads\/2025\/07\/Gallego_Carpinteros-Ribeira.jpg\" alt=\"\" width=\"610\" height=\"862\" srcset=\"https:\/\/galicia.ingenierosnavales.com\/wp-content\/uploads\/2025\/07\/Gallego_Carpinteros-Ribeira.jpg 610w, https:\/\/galicia.ingenierosnavales.com\/wp-content\/uploads\/2025\/07\/Gallego_Carpinteros-Ribeira-212x300.jpg 212w\" sizes=\"auto, (max-width: 610px) 100vw, 610px\" \/><\/p>\n<p>Adiantamos, que \u00e1 volta das vacaci\u00f3ns o vindeiro <strong>10 de setembro<\/strong>, ter\u00e1 lugar unha xornada sobre <strong>\u00ab<em>Carpinteiros de Ribeira<\/em>\u00ab, \u00e1s 18:30 h. en EXPONAV<\/strong>. Nesta xornada, intentarase divulgar \u00abo arte e a ciencia\u00bb da Carpinter\u00eda de Ribeira, inicio da Construci\u00f3n Naval e actvidade moi viva ainda, sobre todo nas comunidades do norte e noroeste de Espa\u00f1a, pero moi desco\u00f1ecida polo p\u00fablico en xeral e as novas xeraci\u00f3ns de enxe\u00f1eiros navais en particular.<\/p>\n<p>A xornada contar\u00e1 con tres ponencias a cargo do Mestre Carpinteiro de Ribeira D. Xerardo Tri\u00f1anes, a Dra. Enxe\u00f1eira de Montes D\u00aa. Azahara Soil\u00e1n, e o Dr. Enxe\u00f1eiro Naval D. Jos\u00e9 M\u00aa. De Juan-Garc\u00eda.<\/p>\n<p style=\"text-align: center;\"><strong>PROGRAMA PROVISIONAL<\/strong><\/p>\n<p>18:30\u00a0\u00a0\u00a0\u00a0\u00a0\u00a0\u00a0\u00a0\u00a0\u00a0\u00a0\u00a0\u00a0\u00a0\u00a0\u00a0\u00a0 Benvida Decano Territorial en Galicia do COIN D. Jorge Dahl de Sobrino<\/p>\n<p>18:35\u00a0 \u00a0 \u00a0 \u00a0 \u00a0 \u00a0 \u00a0 \u00a0 \u00a0 Benvida do Presidente de AGALCARI D. Ram\u00f3n Collazo<\/p>\n<p>18:45\u00a0\u00a0\u00a0\u00a0\u00a0\u00a0\u00a0\u00a0\u00a0\u00a0\u00a0\u00a0\u00a0\u00a0\u00a0\u00a0\u00a0 \u201cCarpinter\u00eda de Ribeira na R\u00eda de Ferrol\u201d, Dr. Enxe\u00f1eiro Naval D.Jos\u00e9 M\u00aa. De Juan-Garc\u00eda Aguado<\/p>\n<p>19:15\u00a0\u00a0\u00a0\u00a0\u00a0\u00a0\u00a0\u00a0\u00a0\u00a0\u00a0\u00a0\u00a0\u00a0\u00a0\u00a0\u00a0 \u201cA madeira na construci\u00f3n naval\u201d, Dra. Enxe\u00f1eira de Montes, CIS D\u00aa. M\u00aa. Azahara Soil\u00e1n Ca\u00f1as.<\/p>\n<p>19:45\u00a0\u00a0\u00a0\u00a0\u00a0\u00a0\u00a0\u00a0\u00a0\u00a0\u00a0\u00a0\u00a0\u00a0\u00a0\u00a0\u00a0 \u201cCarpinter\u00eda de Ribeira no s\u00e9culo XXI, Situaci\u00f3n e Retos\u201d. D. Xerardo Tri\u00f1anes, Asteleiros Tri\u00f1anes, Boiro<\/p>\n<p>20:15\u00a0\u00a0\u00a0\u00a0\u00a0\u00a0\u00a0\u00a0\u00a0\u00a0\u00a0\u00a0\u00a0\u00a0\u00a0\u00a0\u00a0 Mesa Redonda. Moderador D. Ram\u00f3n Collazo, Presidente AGALCARI<\/p>\n<p>20:45\u00a0\u00a0\u00a0\u00a0\u00a0\u00a0\u00a0\u00a0\u00a0\u00a0\u00a0\u00a0\u00a0\u00a0\u00a0\u00a0\u00a0 Clausura<\/p>\n<ol>\n<li>Guillermo Gefaell Chamoch\u00edn. Enxe\u00f1eiro Naval, Comisi\u00f3n de Buques Hist\u00f3ricos da AINE<\/li>\n<li>Ram\u00f3n Collazo, Presidente de AGALCARI<\/li>\n<\/ol>\n<p>Para asistir a esta xornada de forma presencial ou a trav\u00e9s de streaming, ser\u00e1 preciso inscribirse a trav\u00e9s do seguinte <a href=\"https:\/\/forms.gle\/RH2W54dyTz6xdDDc7\" target=\"_blank\" rel=\"noopener\">FORMULARIO DE INSCRIPCI\u00d3N<\/a>.<\/p>\n<p>A partir do 25 de agosto, levarase a cabo a confirmaci\u00f3n de asistencia de todos\/as os inscritos\/as ata a data.<\/p>\n","protected":false},"excerpt":{"rendered":"<p>Adiantamos, que \u00e1 volta das vacaci\u00f3ns o vindeiro 10 de setembro, ter\u00e1 lugar unha xornada sobre \u00abCarpinteiros de Ribeira\u00ab, \u00e1s 18:30 h. en EXPONAV. Nesta xornada, intentarase divulgar \u00abo arte e a ciencia\u00bb da&#46;&#46;&#46;<\/p>\n","protected":false},"author":2,"featured_media":8903,"comment_status":"open","ping_status":"open","sticky":false,"template":"","format":"standard","meta":{"om_disable_all_campaigns":false,"_monsterinsights_skip_tracking":false,"_monsterinsights_sitenote_active":false,"_monsterinsights_sitenote_note":"","_monsterinsights_sitenote_category":0,"_uf_show_specific_survey":0,"_uf_disable_surveys":false,"footnotes":""},"categories":[32,30],"tags":[59,61],"class_list":["post-8902","post","type-post","status-publish","format-standard","has-post-thumbnail","hentry","category-eventos-g","category-formacion-g","tag-enxeneiros-navais-galicia","tag-xornadas-enxeneiros-navais-en-galicia"],"aioseo_notices":[],"yoast_head":"<!-- This site is optimized with the Yoast SEO plugin v24.0 - https:\/\/yoast.com\/wordpress\/plugins\/seo\/ -->\n<title>Xornada sobre Carpinteiros de Ribeira. 10\/setembro\/2025 - Delegaci\u00f3n del COIN en Galicia -<\/title>\n<meta name=\"robots\" content=\"index, follow, max-snippet:-1, max-image-preview:large, max-video-preview:-1\" \/>\n<link rel=\"canonical\" href=\"https:\/\/galicia.ingenierosnavales.com\/index.php\/2025\/07\/17\/xornada-de-carpinteiros-de-ribeira-10-setembro\/\" \/>\n<meta property=\"og:locale\" content=\"es_ES\" \/>\n<meta property=\"og:type\" content=\"article\" \/>\n<meta property=\"og:title\" content=\"Xornada sobre Carpinteiros de Ribeira. 10\/setembro\/2025 - Delegaci\u00f3n del COIN en Galicia -\" \/>\n<meta property=\"og:description\" content=\"Adiantamos, que \u00e1 volta das vacaci\u00f3ns o vindeiro 10 de setembro, ter\u00e1 lugar unha xornada sobre \u00abCarpinteiros de Ribeira\u00ab, \u00e1s 18:30 h. en EXPONAV. Nesta xornada, intentarase divulgar \u00abo arte e a ciencia\u00bb da&#046;&#046;&#046;\" \/>\n<meta property=\"og:url\" content=\"https:\/\/galicia.ingenierosnavales.com\/index.php\/2025\/07\/17\/xornada-de-carpinteiros-de-ribeira-10-setembro\/\" \/>\n<meta property=\"og:site_name\" content=\"Delegaci\u00f3n del COIN en Galicia -\" \/>\n<meta property=\"article:published_time\" content=\"2025-07-17T11:42:23+00:00\" \/>\n<meta property=\"article:modified_time\" content=\"2025-07-17T12:03:00+00:00\" \/>\n<meta property=\"og:image\" content=\"https:\/\/galicia.ingenierosnavales.com\/wp-content\/uploads\/2025\/07\/Gallego_Carpinteros-Ribeira.jpg\" \/>\n\t<meta property=\"og:image:width\" content=\"610\" \/>\n\t<meta property=\"og:image:height\" content=\"862\" \/>\n\t<meta property=\"og:image:type\" content=\"image\/jpeg\" \/>\n<meta name=\"author\" content=\"Delegaci\u00f3n Galicia\" \/>\n<meta name=\"twitter:card\" content=\"summary_large_image\" \/>\n<meta name=\"twitter:label1\" content=\"Escrito por\" \/>\n\t<meta name=\"twitter:data1\" content=\"Delegaci\u00f3n Galicia\" \/>\n\t<meta name=\"twitter:label2\" content=\"Tiempo de lectura\" \/>\n\t<meta name=\"twitter:data2\" content=\"2 minutos\" \/>\n<script type=\"application\/ld+json\" class=\"yoast-schema-graph\">{\"@context\":\"https:\/\/schema.org\",\"@graph\":[{\"@type\":\"Article\",\"@id\":\"https:\/\/galicia.ingenierosnavales.com\/index.php\/2025\/07\/17\/xornada-de-carpinteiros-de-ribeira-10-setembro\/#article\",\"isPartOf\":{\"@id\":\"https:\/\/galicia.ingenierosnavales.com\/index.php\/2025\/07\/17\/xornada-de-carpinteiros-de-ribeira-10-setembro\/\"},\"author\":{\"name\":\"Delegaci\u00f3n Galicia\",\"@id\":\"https:\/\/galicia.ingenierosnavales.com\/#\/schema\/person\/5b19750a916831d424f63e9271d4e51d\"},\"headline\":\"Xornada sobre Carpinteiros de Ribeira. 10\/setembro\/2025\",\"datePublished\":\"2025-07-17T11:42:23+00:00\",\"dateModified\":\"2025-07-17T12:03:00+00:00\",\"mainEntityOfPage\":{\"@id\":\"https:\/\/galicia.ingenierosnavales.com\/index.php\/2025\/07\/17\/xornada-de-carpinteiros-de-ribeira-10-setembro\/\"},\"wordCount\":283,\"commentCount\":0,\"publisher\":{\"@id\":\"https:\/\/galicia.ingenierosnavales.com\/#organization\"},\"image\":{\"@id\":\"https:\/\/galicia.ingenierosnavales.com\/index.php\/2025\/07\/17\/xornada-de-carpinteiros-de-ribeira-10-setembro\/#primaryimage\"},\"thumbnailUrl\":\"https:\/\/galicia.ingenierosnavales.com\/wp-content\/uploads\/2025\/07\/Gallego_Carpinteros-Ribeira.jpg\",\"keywords\":[\"enxe\u00f1eiros navais Galicia\",\"xornadas enxe\u00f1eiros navais en Galicia\"],\"articleSection\":[\"eventos (G)\",\"formaci\u00f3n (G)\"],\"inLanguage\":\"es\",\"potentialAction\":[{\"@type\":\"CommentAction\",\"name\":\"Comment\",\"target\":[\"https:\/\/galicia.ingenierosnavales.com\/index.php\/2025\/07\/17\/xornada-de-carpinteiros-de-ribeira-10-setembro\/#respond\"]}]},{\"@type\":\"WebPage\",\"@id\":\"https:\/\/galicia.ingenierosnavales.com\/index.php\/2025\/07\/17\/xornada-de-carpinteiros-de-ribeira-10-setembro\/\",\"url\":\"https:\/\/galicia.ingenierosnavales.com\/index.php\/2025\/07\/17\/xornada-de-carpinteiros-de-ribeira-10-setembro\/\",\"name\":\"Xornada sobre Carpinteiros de Ribeira. 10\/setembro\/2025 - Delegaci\u00f3n del COIN en Galicia -\",\"isPartOf\":{\"@id\":\"https:\/\/galicia.ingenierosnavales.com\/#website\"},\"primaryImageOfPage\":{\"@id\":\"https:\/\/galicia.ingenierosnavales.com\/index.php\/2025\/07\/17\/xornada-de-carpinteiros-de-ribeira-10-setembro\/#primaryimage\"},\"image\":{\"@id\":\"https:\/\/galicia.ingenierosnavales.com\/index.php\/2025\/07\/17\/xornada-de-carpinteiros-de-ribeira-10-setembro\/#primaryimage\"},\"thumbnailUrl\":\"https:\/\/galicia.ingenierosnavales.com\/wp-content\/uploads\/2025\/07\/Gallego_Carpinteros-Ribeira.jpg\",\"datePublished\":\"2025-07-17T11:42:23+00:00\",\"dateModified\":\"2025-07-17T12:03:00+00:00\",\"breadcrumb\":{\"@id\":\"https:\/\/galicia.ingenierosnavales.com\/index.php\/2025\/07\/17\/xornada-de-carpinteiros-de-ribeira-10-setembro\/#breadcrumb\"},\"inLanguage\":\"es\",\"potentialAction\":[{\"@type\":\"ReadAction\",\"target\":[\"https:\/\/galicia.ingenierosnavales.com\/index.php\/2025\/07\/17\/xornada-de-carpinteiros-de-ribeira-10-setembro\/\"]}]},{\"@type\":\"ImageObject\",\"inLanguage\":\"es\",\"@id\":\"https:\/\/galicia.ingenierosnavales.com\/index.php\/2025\/07\/17\/xornada-de-carpinteiros-de-ribeira-10-setembro\/#primaryimage\",\"url\":\"https:\/\/galicia.ingenierosnavales.com\/wp-content\/uploads\/2025\/07\/Gallego_Carpinteros-Ribeira.jpg\",\"contentUrl\":\"https:\/\/galicia.ingenierosnavales.com\/wp-content\/uploads\/2025\/07\/Gallego_Carpinteros-Ribeira.jpg\",\"width\":610,\"height\":862},{\"@type\":\"BreadcrumbList\",\"@id\":\"https:\/\/galicia.ingenierosnavales.com\/index.php\/2025\/07\/17\/xornada-de-carpinteiros-de-ribeira-10-setembro\/#breadcrumb\",\"itemListElement\":[{\"@type\":\"ListItem\",\"position\":1,\"name\":\"Home\",\"item\":\"https:\/\/galicia.ingenierosnavales.com\/\"},{\"@type\":\"ListItem\",\"position\":2,\"name\":\"Xornada sobre Carpinteiros de Ribeira. 10\/setembro\/2025\"}]},{\"@type\":\"WebSite\",\"@id\":\"https:\/\/galicia.ingenierosnavales.com\/#website\",\"url\":\"https:\/\/galicia.ingenierosnavales.com\/\",\"name\":\"Delegaci\u00f3n del COIN en Galicia -\",\"description\":\"\",\"publisher\":{\"@id\":\"https:\/\/galicia.ingenierosnavales.com\/#organization\"},\"potentialAction\":[{\"@type\":\"SearchAction\",\"target\":{\"@type\":\"EntryPoint\",\"urlTemplate\":\"https:\/\/galicia.ingenierosnavales.com\/?s={search_term_string}\"},\"query-input\":{\"@type\":\"PropertyValueSpecification\",\"valueRequired\":true,\"valueName\":\"search_term_string\"}}],\"inLanguage\":\"es\"},{\"@type\":\"Organization\",\"@id\":\"https:\/\/galicia.ingenierosnavales.com\/#organization\",\"name\":\"Delegaci\u00f3n del COIN en Galicia -\",\"url\":\"https:\/\/galicia.ingenierosnavales.com\/\",\"logo\":{\"@type\":\"ImageObject\",\"inLanguage\":\"es\",\"@id\":\"https:\/\/galicia.ingenierosnavales.com\/#\/schema\/logo\/image\/\",\"url\":\"https:\/\/galicia.ingenierosnavales.com\/wp-content\/uploads\/2022\/03\/logo_2-1.png\",\"contentUrl\":\"https:\/\/galicia.ingenierosnavales.com\/wp-content\/uploads\/2022\/03\/logo_2-1.png\",\"width\":240,\"height\":94,\"caption\":\"Delegaci\u00f3n del COIN en Galicia - \"},\"image\":{\"@id\":\"https:\/\/galicia.ingenierosnavales.com\/#\/schema\/logo\/image\/\"}},{\"@type\":\"Person\",\"@id\":\"https:\/\/galicia.ingenierosnavales.com\/#\/schema\/person\/5b19750a916831d424f63e9271d4e51d\",\"name\":\"Delegaci\u00f3n Galicia\",\"image\":{\"@type\":\"ImageObject\",\"inLanguage\":\"es\",\"@id\":\"https:\/\/galicia.ingenierosnavales.com\/#\/schema\/person\/image\/\",\"url\":\"https:\/\/secure.gravatar.com\/avatar\/8ba9b1dd96c7effddd31fcf63bf8cc7f?s=96&d=mm&r=g\",\"contentUrl\":\"https:\/\/secure.gravatar.com\/avatar\/8ba9b1dd96c7effddd31fcf63bf8cc7f?s=96&d=mm&r=g\",\"caption\":\"Delegaci\u00f3n Galicia\"},\"url\":\"https:\/\/galicia.ingenierosnavales.com\/index.php\/author\/galicia\/\"}]}<\/script>\n<!-- \/ Yoast SEO plugin. -->","yoast_head_json":{"title":"Xornada sobre Carpinteiros de Ribeira. 10\/setembro\/2025 - Delegaci\u00f3n del COIN en Galicia -","robots":{"index":"index","follow":"follow","max-snippet":"max-snippet:-1","max-image-preview":"max-image-preview:large","max-video-preview":"max-video-preview:-1"},"canonical":"https:\/\/galicia.ingenierosnavales.com\/index.php\/2025\/07\/17\/xornada-de-carpinteiros-de-ribeira-10-setembro\/","og_locale":"es_ES","og_type":"article","og_title":"Xornada sobre Carpinteiros de Ribeira. 10\/setembro\/2025 - Delegaci\u00f3n del COIN en Galicia -","og_description":"Adiantamos, que \u00e1 volta das vacaci\u00f3ns o vindeiro 10 de setembro, ter\u00e1 lugar unha xornada sobre \u00abCarpinteiros de Ribeira\u00ab, \u00e1s 18:30 h. en EXPONAV. Nesta xornada, intentarase divulgar \u00abo arte e a ciencia\u00bb da&#46;&#46;&#46;","og_url":"https:\/\/galicia.ingenierosnavales.com\/index.php\/2025\/07\/17\/xornada-de-carpinteiros-de-ribeira-10-setembro\/","og_site_name":"Delegaci\u00f3n del COIN en Galicia -","article_published_time":"2025-07-17T11:42:23+00:00","article_modified_time":"2025-07-17T12:03:00+00:00","og_image":[{"width":610,"height":862,"url":"https:\/\/galicia.ingenierosnavales.com\/wp-content\/uploads\/2025\/07\/Gallego_Carpinteros-Ribeira.jpg","type":"image\/jpeg"}],"author":"Delegaci\u00f3n Galicia","twitter_card":"summary_large_image","twitter_misc":{"Escrito por":"Delegaci\u00f3n Galicia","Tiempo de lectura":"2 minutos"},"schema":{"@context":"https:\/\/schema.org","@graph":[{"@type":"Article","@id":"https:\/\/galicia.ingenierosnavales.com\/index.php\/2025\/07\/17\/xornada-de-carpinteiros-de-ribeira-10-setembro\/#article","isPartOf":{"@id":"https:\/\/galicia.ingenierosnavales.com\/index.php\/2025\/07\/17\/xornada-de-carpinteiros-de-ribeira-10-setembro\/"},"author":{"name":"Delegaci\u00f3n Galicia","@id":"https:\/\/galicia.ingenierosnavales.com\/#\/schema\/person\/5b19750a916831d424f63e9271d4e51d"},"headline":"Xornada sobre Carpinteiros de Ribeira. 10\/setembro\/2025","datePublished":"2025-07-17T11:42:23+00:00","dateModified":"2025-07-17T12:03:00+00:00","mainEntityOfPage":{"@id":"https:\/\/galicia.ingenierosnavales.com\/index.php\/2025\/07\/17\/xornada-de-carpinteiros-de-ribeira-10-setembro\/"},"wordCount":283,"commentCount":0,"publisher":{"@id":"https:\/\/galicia.ingenierosnavales.com\/#organization"},"image":{"@id":"https:\/\/galicia.ingenierosnavales.com\/index.php\/2025\/07\/17\/xornada-de-carpinteiros-de-ribeira-10-setembro\/#primaryimage"},"thumbnailUrl":"https:\/\/galicia.ingenierosnavales.com\/wp-content\/uploads\/2025\/07\/Gallego_Carpinteros-Ribeira.jpg","keywords":["enxe\u00f1eiros navais Galicia","xornadas enxe\u00f1eiros navais en Galicia"],"articleSection":["eventos (G)","formaci\u00f3n (G)"],"inLanguage":"es","potentialAction":[{"@type":"CommentAction","name":"Comment","target":["https:\/\/galicia.ingenierosnavales.com\/index.php\/2025\/07\/17\/xornada-de-carpinteiros-de-ribeira-10-setembro\/#respond"]}]},{"@type":"WebPage","@id":"https:\/\/galicia.ingenierosnavales.com\/index.php\/2025\/07\/17\/xornada-de-carpinteiros-de-ribeira-10-setembro\/","url":"https:\/\/galicia.ingenierosnavales.com\/index.php\/2025\/07\/17\/xornada-de-carpinteiros-de-ribeira-10-setembro\/","name":"Xornada sobre Carpinteiros de Ribeira. 10\/setembro\/2025 - Delegaci\u00f3n del COIN en Galicia -","isPartOf":{"@id":"https:\/\/galicia.ingenierosnavales.com\/#website"},"primaryImageOfPage":{"@id":"https:\/\/galicia.ingenierosnavales.com\/index.php\/2025\/07\/17\/xornada-de-carpinteiros-de-ribeira-10-setembro\/#primaryimage"},"image":{"@id":"https:\/\/galicia.ingenierosnavales.com\/index.php\/2025\/07\/17\/xornada-de-carpinteiros-de-ribeira-10-setembro\/#primaryimage"},"thumbnailUrl":"https:\/\/galicia.ingenierosnavales.com\/wp-content\/uploads\/2025\/07\/Gallego_Carpinteros-Ribeira.jpg","datePublished":"2025-07-17T11:42:23+00:00","dateModified":"2025-07-17T12:03:00+00:00","breadcrumb":{"@id":"https:\/\/galicia.ingenierosnavales.com\/index.php\/2025\/07\/17\/xornada-de-carpinteiros-de-ribeira-10-setembro\/#breadcrumb"},"inLanguage":"es","potentialAction":[{"@type":"ReadAction","target":["https:\/\/galicia.ingenierosnavales.com\/index.php\/2025\/07\/17\/xornada-de-carpinteiros-de-ribeira-10-setembro\/"]}]},{"@type":"ImageObject","inLanguage":"es","@id":"https:\/\/galicia.ingenierosnavales.com\/index.php\/2025\/07\/17\/xornada-de-carpinteiros-de-ribeira-10-setembro\/#primaryimage","url":"https:\/\/galicia.ingenierosnavales.com\/wp-content\/uploads\/2025\/07\/Gallego_Carpinteros-Ribeira.jpg","contentUrl":"https:\/\/galicia.ingenierosnavales.com\/wp-content\/uploads\/2025\/07\/Gallego_Carpinteros-Ribeira.jpg","width":610,"height":862},{"@type":"BreadcrumbList","@id":"https:\/\/galicia.ingenierosnavales.com\/index.php\/2025\/07\/17\/xornada-de-carpinteiros-de-ribeira-10-setembro\/#breadcrumb","itemListElement":[{"@type":"ListItem","position":1,"name":"Home","item":"https:\/\/galicia.ingenierosnavales.com\/"},{"@type":"ListItem","position":2,"name":"Xornada sobre Carpinteiros de Ribeira. 10\/setembro\/2025"}]},{"@type":"WebSite","@id":"https:\/\/galicia.ingenierosnavales.com\/#website","url":"https:\/\/galicia.ingenierosnavales.com\/","name":"Delegaci\u00f3n del COIN en Galicia -","description":"","publisher":{"@id":"https:\/\/galicia.ingenierosnavales.com\/#organization"},"potentialAction":[{"@type":"SearchAction","target":{"@type":"EntryPoint","urlTemplate":"https:\/\/galicia.ingenierosnavales.com\/?s={search_term_string}"},"query-input":{"@type":"PropertyValueSpecification","valueRequired":true,"valueName":"search_term_string"}}],"inLanguage":"es"},{"@type":"Organization","@id":"https:\/\/galicia.ingenierosnavales.com\/#organization","name":"Delegaci\u00f3n del COIN en Galicia -","url":"https:\/\/galicia.ingenierosnavales.com\/","logo":{"@type":"ImageObject","inLanguage":"es","@id":"https:\/\/galicia.ingenierosnavales.com\/#\/schema\/logo\/image\/","url":"https:\/\/galicia.ingenierosnavales.com\/wp-content\/uploads\/2022\/03\/logo_2-1.png","contentUrl":"https:\/\/galicia.ingenierosnavales.com\/wp-content\/uploads\/2022\/03\/logo_2-1.png","width":240,"height":94,"caption":"Delegaci\u00f3n del COIN en Galicia - "},"image":{"@id":"https:\/\/galicia.ingenierosnavales.com\/#\/schema\/logo\/image\/"}},{"@type":"Person","@id":"https:\/\/galicia.ingenierosnavales.com\/#\/schema\/person\/5b19750a916831d424f63e9271d4e51d","name":"Delegaci\u00f3n Galicia","image":{"@type":"ImageObject","inLanguage":"es","@id":"https:\/\/galicia.ingenierosnavales.com\/#\/schema\/person\/image\/","url":"https:\/\/secure.gravatar.com\/avatar\/8ba9b1dd96c7effddd31fcf63bf8cc7f?s=96&d=mm&r=g","contentUrl":"https:\/\/secure.gravatar.com\/avatar\/8ba9b1dd96c7effddd31fcf63bf8cc7f?s=96&d=mm&r=g","caption":"Delegaci\u00f3n Galicia"},"url":"https:\/\/galicia.ingenierosnavales.com\/index.php\/author\/galicia\/"}]}},"_links":{"self":[{"href":"https:\/\/galicia.ingenierosnavales.com\/index.php\/wp-json\/wp\/v2\/posts\/8902","targetHints":{"allow":["GET"]}}],"collection":[{"href":"https:\/\/galicia.ingenierosnavales.com\/index.php\/wp-json\/wp\/v2\/posts"}],"about":[{"href":"https:\/\/galicia.ingenierosnavales.com\/index.php\/wp-json\/wp\/v2\/types\/post"}],"author":[{"embeddable":true,"href":"https:\/\/galicia.ingenierosnavales.com\/index.php\/wp-json\/wp\/v2\/users\/2"}],"replies":[{"embeddable":true,"href":"https:\/\/galicia.ingenierosnavales.com\/index.php\/wp-json\/wp\/v2\/comments?post=8902"}],"version-history":[{"count":6,"href":"https:\/\/galicia.ingenierosnavales.com\/index.php\/wp-json\/wp\/v2\/posts\/8902\/revisions"}],"predecessor-version":[{"id":8909,"href":"https:\/\/galicia.ingenierosnavales.com\/index.php\/wp-json\/wp\/v2\/posts\/8902\/revisions\/8909"}],"wp:featuredmedia":[{"embeddable":true,"href":"https:\/\/galicia.ingenierosnavales.com\/index.php\/wp-json\/wp\/v2\/media\/8903"}],"wp:attachment":[{"href":"https:\/\/galicia.ingenierosnavales.com\/index.php\/wp-json\/wp\/v2\/media?parent=8902"}],"wp:term":[{"taxonomy":"category","embeddable":true,"href":"https:\/\/galicia.ingenierosnavales.com\/index.php\/wp-json\/wp\/v2\/categories?post=8902"},{"taxonomy":"post_tag","embeddable":true,"href":"https:\/\/galicia.ingenierosnavales.com\/index.php\/wp-json\/wp\/v2\/tags?post=8902"}],"curies":[{"name":"wp","href":"https:\/\/api.w.org\/{rel}","templated":true}]}}