{"id":867,"date":"2020-03-16T11:19:54","date_gmt":"2020-03-16T11:19:54","guid":{"rendered":"https:\/\/galicia.ingenierosnavales.com\/?p=867"},"modified":"2020-03-16T11:19:54","modified_gmt":"2020-03-16T11:19:54","slug":"fondo-de-solidaridad-alerta-sanitaria-covid19","status":"publish","type":"post","link":"https:\/\/galicia.ingenierosnavales.com\/index.php\/2020\/03\/16\/fondo-de-solidaridad-alerta-sanitaria-covid19\/","title":{"rendered":"Fondo De Solidaridad &#8211; Alerta Sanitaria &#8211; COVID19"},"content":{"rendered":"<p>Dada la situaci\u00f3n excepcional de alerta sanitaria en la que nos encontramos, queremos recordaros que el COIN dispone de un fondo de solidaridad para situaciones excepcionales.<\/p>\n<p>Nuestro Decano D. Jos\u00e9 de Lara a trav\u00e9s de la web, informa de c\u00f3mo acceder a las ayudas.<\/p>\n<p><a href=\"https:\/\/www.ingenierosnavales.com\/el-coin-dispone-de-un-fondo-de-solidaridad-para-situaciones-excepcionales\/\">COMUNICADO COIN<\/a><\/p>\n","protected":false},"excerpt":{"rendered":"<p>Dada la situaci\u00f3n excepcional de alerta sanitaria en la que nos encontramos, queremos recordaros que el COIN dispone de un fondo de solidaridad para situaciones excepcionales. Nuestro Decano D. Jos\u00e9 de Lara a trav\u00e9s&#46;&#46;&#46;<\/p>\n","protected":false},"author":2,"featured_media":868,"comment_status":"open","ping_status":"open","sticky":false,"template":"","format":"standard","meta":{"om_disable_all_campaigns":false,"_monsterinsights_skip_tracking":false,"_monsterinsights_sitenote_active":false,"_monsterinsights_sitenote_note":"","_monsterinsights_sitenote_category":0,"_uf_show_specific_survey":0,"_uf_disable_surveys":false,"footnotes":""},"categories":[3],"tags":[],"class_list":["post-867","post","type-post","status-publish","format-standard","has-post-thumbnail","hentry","category-noticias-gl-es"],"aioseo_notices":[],"yoast_head":"<!-- This site is optimized with the Yoast SEO plugin v24.0 - https:\/\/yoast.com\/wordpress\/plugins\/seo\/ -->\n<title>Fondo De Solidaridad - Alerta Sanitaria - COVID19 - Delegaci\u00f3n del COIN en Galicia -<\/title>\n<meta name=\"robots\" content=\"index, follow, max-snippet:-1, max-image-preview:large, max-video-preview:-1\" \/>\n<link rel=\"canonical\" href=\"https:\/\/galicia.ingenierosnavales.com\/index.php\/2020\/03\/16\/fondo-de-solidaridad-alerta-sanitaria-covid19\/\" \/>\n<meta property=\"og:locale\" content=\"es_ES\" \/>\n<meta property=\"og:type\" content=\"article\" \/>\n<meta property=\"og:title\" content=\"Fondo De Solidaridad - Alerta Sanitaria - COVID19 - Delegaci\u00f3n del COIN en Galicia -\" \/>\n<meta property=\"og:description\" content=\"Dada la situaci\u00f3n excepcional de alerta sanitaria en la que nos encontramos, queremos recordaros que el COIN dispone de un fondo de solidaridad para situaciones excepcionales. Nuestro Decano D. Jos\u00e9 de Lara a trav\u00e9s&#046;&#046;&#046;\" \/>\n<meta property=\"og:url\" content=\"https:\/\/galicia.ingenierosnavales.com\/index.php\/2020\/03\/16\/fondo-de-solidaridad-alerta-sanitaria-covid19\/\" \/>\n<meta property=\"og:site_name\" content=\"Delegaci\u00f3n del COIN en Galicia -\" \/>\n<meta property=\"article:published_time\" content=\"2020-03-16T11:19:54+00:00\" \/>\n<meta property=\"og:image\" content=\"https:\/\/galicia.ingenierosnavales.com\/wp-content\/uploads\/2020\/03\/comunicado_alerta_sanitaria.jpg\" \/>\n\t<meta property=\"og:image:width\" content=\"750\" \/>\n\t<meta property=\"og:image:height\" content=\"430\" \/>\n\t<meta property=\"og:image:type\" content=\"image\/jpeg\" \/>\n<meta name=\"author\" content=\"Delegaci\u00f3n Galicia\" \/>\n<meta name=\"twitter:card\" content=\"summary_large_image\" \/>\n<meta name=\"twitter:label1\" content=\"Escrito por\" \/>\n\t<meta name=\"twitter:data1\" content=\"Delegaci\u00f3n Galicia\" \/>\n<script type=\"application\/ld+json\" class=\"yoast-schema-graph\">{\"@context\":\"https:\/\/schema.org\",\"@graph\":[{\"@type\":\"Article\",\"@id\":\"https:\/\/galicia.ingenierosnavales.com\/index.php\/2020\/03\/16\/fondo-de-solidaridad-alerta-sanitaria-covid19\/#article\",\"isPartOf\":{\"@id\":\"https:\/\/galicia.ingenierosnavales.com\/index.php\/2020\/03\/16\/fondo-de-solidaridad-alerta-sanitaria-covid19\/\"},\"author\":{\"name\":\"Delegaci\u00f3n Galicia\",\"@id\":\"https:\/\/galicia.ingenierosnavales.com\/#\/schema\/person\/5b19750a916831d424f63e9271d4e51d\"},\"headline\":\"Fondo De Solidaridad &#8211; Alerta Sanitaria &#8211; COVID19\",\"datePublished\":\"2020-03-16T11:19:54+00:00\",\"dateModified\":\"2020-03-16T11:19:54+00:00\",\"mainEntityOfPage\":{\"@id\":\"https:\/\/galicia.ingenierosnavales.com\/index.php\/2020\/03\/16\/fondo-de-solidaridad-alerta-sanitaria-covid19\/\"},\"wordCount\":57,\"commentCount\":0,\"publisher\":{\"@id\":\"https:\/\/galicia.ingenierosnavales.com\/#organization\"},\"image\":{\"@id\":\"https:\/\/galicia.ingenierosnavales.com\/index.php\/2020\/03\/16\/fondo-de-solidaridad-alerta-sanitaria-covid19\/#primaryimage\"},\"thumbnailUrl\":\"https:\/\/galicia.ingenierosnavales.com\/wp-content\/uploads\/2020\/03\/comunicado_alerta_sanitaria.jpg\",\"articleSection\":[\"Noticias\"],\"inLanguage\":\"es\",\"potentialAction\":[{\"@type\":\"CommentAction\",\"name\":\"Comment\",\"target\":[\"https:\/\/galicia.ingenierosnavales.com\/index.php\/2020\/03\/16\/fondo-de-solidaridad-alerta-sanitaria-covid19\/#respond\"]}]},{\"@type\":\"WebPage\",\"@id\":\"https:\/\/galicia.ingenierosnavales.com\/index.php\/2020\/03\/16\/fondo-de-solidaridad-alerta-sanitaria-covid19\/\",\"url\":\"https:\/\/galicia.ingenierosnavales.com\/index.php\/2020\/03\/16\/fondo-de-solidaridad-alerta-sanitaria-covid19\/\",\"name\":\"Fondo De Solidaridad - Alerta Sanitaria - COVID19 - Delegaci\u00f3n del COIN en Galicia -\",\"isPartOf\":{\"@id\":\"https:\/\/galicia.ingenierosnavales.com\/#website\"},\"primaryImageOfPage\":{\"@id\":\"https:\/\/galicia.ingenierosnavales.com\/index.php\/2020\/03\/16\/fondo-de-solidaridad-alerta-sanitaria-covid19\/#primaryimage\"},\"image\":{\"@id\":\"https:\/\/galicia.ingenierosnavales.com\/index.php\/2020\/03\/16\/fondo-de-solidaridad-alerta-sanitaria-covid19\/#primaryimage\"},\"thumbnailUrl\":\"https:\/\/galicia.ingenierosnavales.com\/wp-content\/uploads\/2020\/03\/comunicado_alerta_sanitaria.jpg\",\"datePublished\":\"2020-03-16T11:19:54+00:00\",\"dateModified\":\"2020-03-16T11:19:54+00:00\",\"breadcrumb\":{\"@id\":\"https:\/\/galicia.ingenierosnavales.com\/index.php\/2020\/03\/16\/fondo-de-solidaridad-alerta-sanitaria-covid19\/#breadcrumb\"},\"inLanguage\":\"es\",\"potentialAction\":[{\"@type\":\"ReadAction\",\"target\":[\"https:\/\/galicia.ingenierosnavales.com\/index.php\/2020\/03\/16\/fondo-de-solidaridad-alerta-sanitaria-covid19\/\"]}]},{\"@type\":\"ImageObject\",\"inLanguage\":\"es\",\"@id\":\"https:\/\/galicia.ingenierosnavales.com\/index.php\/2020\/03\/16\/fondo-de-solidaridad-alerta-sanitaria-covid19\/#primaryimage\",\"url\":\"https:\/\/galicia.ingenierosnavales.com\/wp-content\/uploads\/2020\/03\/comunicado_alerta_sanitaria.jpg\",\"contentUrl\":\"https:\/\/galicia.ingenierosnavales.com\/wp-content\/uploads\/2020\/03\/comunicado_alerta_sanitaria.jpg\",\"width\":750,\"height\":430},{\"@type\":\"BreadcrumbList\",\"@id\":\"https:\/\/galicia.ingenierosnavales.com\/index.php\/2020\/03\/16\/fondo-de-solidaridad-alerta-sanitaria-covid19\/#breadcrumb\",\"itemListElement\":[{\"@type\":\"ListItem\",\"position\":1,\"name\":\"Home\",\"item\":\"https:\/\/galicia.ingenierosnavales.com\/\"},{\"@type\":\"ListItem\",\"position\":2,\"name\":\"Fondo De Solidaridad &#8211; Alerta Sanitaria &#8211; COVID19\"}]},{\"@type\":\"WebSite\",\"@id\":\"https:\/\/galicia.ingenierosnavales.com\/#website\",\"url\":\"https:\/\/galicia.ingenierosnavales.com\/\",\"name\":\"Delegaci\u00f3n del COIN en Galicia -\",\"description\":\"\",\"publisher\":{\"@id\":\"https:\/\/galicia.ingenierosnavales.com\/#organization\"},\"potentialAction\":[{\"@type\":\"SearchAction\",\"target\":{\"@type\":\"EntryPoint\",\"urlTemplate\":\"https:\/\/galicia.ingenierosnavales.com\/?s={search_term_string}\"},\"query-input\":{\"@type\":\"PropertyValueSpecification\",\"valueRequired\":true,\"valueName\":\"search_term_string\"}}],\"inLanguage\":\"es\"},{\"@type\":\"Organization\",\"@id\":\"https:\/\/galicia.ingenierosnavales.com\/#organization\",\"name\":\"Delegaci\u00f3n del COIN en Galicia -\",\"url\":\"https:\/\/galicia.ingenierosnavales.com\/\",\"logo\":{\"@type\":\"ImageObject\",\"inLanguage\":\"es\",\"@id\":\"https:\/\/galicia.ingenierosnavales.com\/#\/schema\/logo\/image\/\",\"url\":\"https:\/\/galicia.ingenierosnavales.com\/wp-content\/uploads\/2022\/03\/logo_2-1.png\",\"contentUrl\":\"https:\/\/galicia.ingenierosnavales.com\/wp-content\/uploads\/2022\/03\/logo_2-1.png\",\"width\":240,\"height\":94,\"caption\":\"Delegaci\u00f3n del COIN en Galicia - \"},\"image\":{\"@id\":\"https:\/\/galicia.ingenierosnavales.com\/#\/schema\/logo\/image\/\"}},{\"@type\":\"Person\",\"@id\":\"https:\/\/galicia.ingenierosnavales.com\/#\/schema\/person\/5b19750a916831d424f63e9271d4e51d\",\"name\":\"Delegaci\u00f3n Galicia\",\"image\":{\"@type\":\"ImageObject\",\"inLanguage\":\"es\",\"@id\":\"https:\/\/galicia.ingenierosnavales.com\/#\/schema\/person\/image\/\",\"url\":\"https:\/\/secure.gravatar.com\/avatar\/8ba9b1dd96c7effddd31fcf63bf8cc7f?s=96&d=mm&r=g\",\"contentUrl\":\"https:\/\/secure.gravatar.com\/avatar\/8ba9b1dd96c7effddd31fcf63bf8cc7f?s=96&d=mm&r=g\",\"caption\":\"Delegaci\u00f3n Galicia\"},\"url\":\"https:\/\/galicia.ingenierosnavales.com\/index.php\/author\/galicia\/\"}]}<\/script>\n<!-- \/ Yoast SEO plugin. -->","yoast_head_json":{"title":"Fondo De Solidaridad - Alerta Sanitaria - COVID19 - Delegaci\u00f3n del COIN en Galicia -","robots":{"index":"index","follow":"follow","max-snippet":"max-snippet:-1","max-image-preview":"max-image-preview:large","max-video-preview":"max-video-preview:-1"},"canonical":"https:\/\/galicia.ingenierosnavales.com\/index.php\/2020\/03\/16\/fondo-de-solidaridad-alerta-sanitaria-covid19\/","og_locale":"es_ES","og_type":"article","og_title":"Fondo De Solidaridad - Alerta Sanitaria - COVID19 - Delegaci\u00f3n del COIN en Galicia -","og_description":"Dada la situaci\u00f3n excepcional de alerta sanitaria en la que nos encontramos, queremos recordaros que el COIN dispone de un fondo de solidaridad para situaciones excepcionales. Nuestro Decano D. Jos\u00e9 de Lara a trav\u00e9s&#46;&#46;&#46;","og_url":"https:\/\/galicia.ingenierosnavales.com\/index.php\/2020\/03\/16\/fondo-de-solidaridad-alerta-sanitaria-covid19\/","og_site_name":"Delegaci\u00f3n del COIN en Galicia -","article_published_time":"2020-03-16T11:19:54+00:00","og_image":[{"width":750,"height":430,"url":"https:\/\/galicia.ingenierosnavales.com\/wp-content\/uploads\/2020\/03\/comunicado_alerta_sanitaria.jpg","type":"image\/jpeg"}],"author":"Delegaci\u00f3n Galicia","twitter_card":"summary_large_image","twitter_misc":{"Escrito por":"Delegaci\u00f3n Galicia"},"schema":{"@context":"https:\/\/schema.org","@graph":[{"@type":"Article","@id":"https:\/\/galicia.ingenierosnavales.com\/index.php\/2020\/03\/16\/fondo-de-solidaridad-alerta-sanitaria-covid19\/#article","isPartOf":{"@id":"https:\/\/galicia.ingenierosnavales.com\/index.php\/2020\/03\/16\/fondo-de-solidaridad-alerta-sanitaria-covid19\/"},"author":{"name":"Delegaci\u00f3n Galicia","@id":"https:\/\/galicia.ingenierosnavales.com\/#\/schema\/person\/5b19750a916831d424f63e9271d4e51d"},"headline":"Fondo De Solidaridad &#8211; Alerta Sanitaria &#8211; COVID19","datePublished":"2020-03-16T11:19:54+00:00","dateModified":"2020-03-16T11:19:54+00:00","mainEntityOfPage":{"@id":"https:\/\/galicia.ingenierosnavales.com\/index.php\/2020\/03\/16\/fondo-de-solidaridad-alerta-sanitaria-covid19\/"},"wordCount":57,"commentCount":0,"publisher":{"@id":"https:\/\/galicia.ingenierosnavales.com\/#organization"},"image":{"@id":"https:\/\/galicia.ingenierosnavales.com\/index.php\/2020\/03\/16\/fondo-de-solidaridad-alerta-sanitaria-covid19\/#primaryimage"},"thumbnailUrl":"https:\/\/galicia.ingenierosnavales.com\/wp-content\/uploads\/2020\/03\/comunicado_alerta_sanitaria.jpg","articleSection":["Noticias"],"inLanguage":"es","potentialAction":[{"@type":"CommentAction","name":"Comment","target":["https:\/\/galicia.ingenierosnavales.com\/index.php\/2020\/03\/16\/fondo-de-solidaridad-alerta-sanitaria-covid19\/#respond"]}]},{"@type":"WebPage","@id":"https:\/\/galicia.ingenierosnavales.com\/index.php\/2020\/03\/16\/fondo-de-solidaridad-alerta-sanitaria-covid19\/","url":"https:\/\/galicia.ingenierosnavales.com\/index.php\/2020\/03\/16\/fondo-de-solidaridad-alerta-sanitaria-covid19\/","name":"Fondo De Solidaridad - Alerta Sanitaria - COVID19 - Delegaci\u00f3n del COIN en Galicia -","isPartOf":{"@id":"https:\/\/galicia.ingenierosnavales.com\/#website"},"primaryImageOfPage":{"@id":"https:\/\/galicia.ingenierosnavales.com\/index.php\/2020\/03\/16\/fondo-de-solidaridad-alerta-sanitaria-covid19\/#primaryimage"},"image":{"@id":"https:\/\/galicia.ingenierosnavales.com\/index.php\/2020\/03\/16\/fondo-de-solidaridad-alerta-sanitaria-covid19\/#primaryimage"},"thumbnailUrl":"https:\/\/galicia.ingenierosnavales.com\/wp-content\/uploads\/2020\/03\/comunicado_alerta_sanitaria.jpg","datePublished":"2020-03-16T11:19:54+00:00","dateModified":"2020-03-16T11:19:54+00:00","breadcrumb":{"@id":"https:\/\/galicia.ingenierosnavales.com\/index.php\/2020\/03\/16\/fondo-de-solidaridad-alerta-sanitaria-covid19\/#breadcrumb"},"inLanguage":"es","potentialAction":[{"@type":"ReadAction","target":["https:\/\/galicia.ingenierosnavales.com\/index.php\/2020\/03\/16\/fondo-de-solidaridad-alerta-sanitaria-covid19\/"]}]},{"@type":"ImageObject","inLanguage":"es","@id":"https:\/\/galicia.ingenierosnavales.com\/index.php\/2020\/03\/16\/fondo-de-solidaridad-alerta-sanitaria-covid19\/#primaryimage","url":"https:\/\/galicia.ingenierosnavales.com\/wp-content\/uploads\/2020\/03\/comunicado_alerta_sanitaria.jpg","contentUrl":"https:\/\/galicia.ingenierosnavales.com\/wp-content\/uploads\/2020\/03\/comunicado_alerta_sanitaria.jpg","width":750,"height":430},{"@type":"BreadcrumbList","@id":"https:\/\/galicia.ingenierosnavales.com\/index.php\/2020\/03\/16\/fondo-de-solidaridad-alerta-sanitaria-covid19\/#breadcrumb","itemListElement":[{"@type":"ListItem","position":1,"name":"Home","item":"https:\/\/galicia.ingenierosnavales.com\/"},{"@type":"ListItem","position":2,"name":"Fondo De Solidaridad &#8211; Alerta Sanitaria &#8211; COVID19"}]},{"@type":"WebSite","@id":"https:\/\/galicia.ingenierosnavales.com\/#website","url":"https:\/\/galicia.ingenierosnavales.com\/","name":"Delegaci\u00f3n del COIN en Galicia -","description":"","publisher":{"@id":"https:\/\/galicia.ingenierosnavales.com\/#organization"},"potentialAction":[{"@type":"SearchAction","target":{"@type":"EntryPoint","urlTemplate":"https:\/\/galicia.ingenierosnavales.com\/?s={search_term_string}"},"query-input":{"@type":"PropertyValueSpecification","valueRequired":true,"valueName":"search_term_string"}}],"inLanguage":"es"},{"@type":"Organization","@id":"https:\/\/galicia.ingenierosnavales.com\/#organization","name":"Delegaci\u00f3n del COIN en Galicia -","url":"https:\/\/galicia.ingenierosnavales.com\/","logo":{"@type":"ImageObject","inLanguage":"es","@id":"https:\/\/galicia.ingenierosnavales.com\/#\/schema\/logo\/image\/","url":"https:\/\/galicia.ingenierosnavales.com\/wp-content\/uploads\/2022\/03\/logo_2-1.png","contentUrl":"https:\/\/galicia.ingenierosnavales.com\/wp-content\/uploads\/2022\/03\/logo_2-1.png","width":240,"height":94,"caption":"Delegaci\u00f3n del COIN en Galicia - "},"image":{"@id":"https:\/\/galicia.ingenierosnavales.com\/#\/schema\/logo\/image\/"}},{"@type":"Person","@id":"https:\/\/galicia.ingenierosnavales.com\/#\/schema\/person\/5b19750a916831d424f63e9271d4e51d","name":"Delegaci\u00f3n Galicia","image":{"@type":"ImageObject","inLanguage":"es","@id":"https:\/\/galicia.ingenierosnavales.com\/#\/schema\/person\/image\/","url":"https:\/\/secure.gravatar.com\/avatar\/8ba9b1dd96c7effddd31fcf63bf8cc7f?s=96&d=mm&r=g","contentUrl":"https:\/\/secure.gravatar.com\/avatar\/8ba9b1dd96c7effddd31fcf63bf8cc7f?s=96&d=mm&r=g","caption":"Delegaci\u00f3n Galicia"},"url":"https:\/\/galicia.ingenierosnavales.com\/index.php\/author\/galicia\/"}]}},"_links":{"self":[{"href":"https:\/\/galicia.ingenierosnavales.com\/index.php\/wp-json\/wp\/v2\/posts\/867","targetHints":{"allow":["GET"]}}],"collection":[{"href":"https:\/\/galicia.ingenierosnavales.com\/index.php\/wp-json\/wp\/v2\/posts"}],"about":[{"href":"https:\/\/galicia.ingenierosnavales.com\/index.php\/wp-json\/wp\/v2\/types\/post"}],"author":[{"embeddable":true,"href":"https:\/\/galicia.ingenierosnavales.com\/index.php\/wp-json\/wp\/v2\/users\/2"}],"replies":[{"embeddable":true,"href":"https:\/\/galicia.ingenierosnavales.com\/index.php\/wp-json\/wp\/v2\/comments?post=867"}],"version-history":[{"count":1,"href":"https:\/\/galicia.ingenierosnavales.com\/index.php\/wp-json\/wp\/v2\/posts\/867\/revisions"}],"predecessor-version":[{"id":869,"href":"https:\/\/galicia.ingenierosnavales.com\/index.php\/wp-json\/wp\/v2\/posts\/867\/revisions\/869"}],"wp:featuredmedia":[{"embeddable":true,"href":"https:\/\/galicia.ingenierosnavales.com\/index.php\/wp-json\/wp\/v2\/media\/868"}],"wp:attachment":[{"href":"https:\/\/galicia.ingenierosnavales.com\/index.php\/wp-json\/wp\/v2\/media?parent=867"}],"wp:term":[{"taxonomy":"category","embeddable":true,"href":"https:\/\/galicia.ingenierosnavales.com\/index.php\/wp-json\/wp\/v2\/categories?post=867"},{"taxonomy":"post_tag","embeddable":true,"href":"https:\/\/galicia.ingenierosnavales.com\/index.php\/wp-json\/wp\/v2\/tags?post=867"}],"curies":[{"name":"wp","href":"https:\/\/api.w.org\/{rel}","templated":true}]}}