{"id":8580,"date":"2025-04-30T08:00:10","date_gmt":"2025-04-30T08:00:10","guid":{"rendered":"https:\/\/galicia.ingenierosnavales.com\/?p=8580"},"modified":"2025-04-30T08:00:10","modified_gmt":"2025-04-30T08:00:10","slug":"bases-medidas-para-el-calculo-del-andar-de-los-buques-by-raul-villa","status":"publish","type":"post","link":"https:\/\/galicia.ingenierosnavales.com\/index.php\/2025\/04\/30\/bases-medidas-para-el-calculo-del-andar-de-los-buques-by-raul-villa\/","title":{"rendered":"BASES MEDIDAS PARA EL C\u00c1LCULO DEL \u201cANDAR\u201d DE LOS BUQUES by Ra\u00fal Villa"},"content":{"rendered":"<p><img loading=\"lazy\" decoding=\"async\" class=\"aligncenter wp-image-8581 size-full\" src=\"https:\/\/galicia.ingenierosnavales.com\/wp-content\/uploads\/2025\/04\/BASES-MEDIDA-RAUL-VILLA.jpeg\" alt=\"\" width=\"768\" height=\"432\" srcset=\"https:\/\/galicia.ingenierosnavales.com\/wp-content\/uploads\/2025\/04\/BASES-MEDIDA-RAUL-VILLA.jpeg 768w, https:\/\/galicia.ingenierosnavales.com\/wp-content\/uploads\/2025\/04\/BASES-MEDIDA-RAUL-VILLA-300x169.jpeg 300w\" sizes=\"auto, (max-width: 768px) 100vw, 768px\" \/><\/p>\n<p style=\"text-align: center;\"><strong>BASES MEDIDAS PARA EL C\u00c1LCULO DEL \u201cANDAR\u201d DE LOS BUQUES<\/strong><\/p>\n<p style=\"text-align: center;\">by Ra\u00fal Villa<\/p>\n<p>La corredera es un instrumento cuya funci\u00f3n es medir la distancia navegada por una embarcaci\u00f3n, que despu\u00e9s se traduce en velocidad, al conocerse el tiempo transcurrido. En el pasado la velocidad se calculaba mediante correderas inexactas.<\/p>\n<p>En las primeras se arrojaba una tablilla o barquilla, lastrada con un plomo y con una amarra provista de nudos separados a la misma distancia conocida, con lo que seg\u00fan los nudos que corr\u00edan en el agua, se calculaba la velocidad. Por eso fue necesario establecer un sistema que nos ayudara a calcular la velocidad de manera exacta.<\/p>\n<p>Y as\u00ed naci\u00f3 la prueba sobre una \u201cmilla medida\u201d para conocimiento de la velocidad exacta del buque (de su \u201candar\u201d, como se dec\u00eda antiguamente) respecto al fondo a trav\u00e9s del agua, para una situaci\u00f3n de calado y asiento determinados.<\/p>\n<p>Os adjunto dos entrevistas de radio sobre el asunto:<\/p>\n<p>-Una entrevista en Radio Voz, con Eva Mill\u00e1n, y en la que tocamos m\u00e1s temas (novedades Exponav: libro Llorca; Bases Medidas Milla; y Sons de Celeiro: Est\u00e1 lloviendo): ( <a href=\"https:\/\/exponav.org\/wp-content\/uploads\/250425_uncafeconeva_bases-medidas-milla.mp3\">https:\/\/exponav.org\/wp-content\/uploads\/250425_uncafeconeva_bases-medidas-milla.mp3<\/a> )<\/p>\n<p>-Otra m\u00e1s breve y antigua en Cope Galicia, con Paula P\u00e1jaro: ( https:\/\/exponav.org\/wp-content\/uploads\/030425-cope-galicia-postes-fantasmas.mp3 ) y con art\u00edculo incluido ( <a href=\"https:\/\/www.cope.es\/emisoras\/galicia\/noticias\/son-postes-curioso-util-torres-fantasma-galicia-20250403_3127013.html\">https:\/\/www.cope.es\/emisoras\/galicia\/noticias\/son-postes-curioso-util-torres-fantasma-galicia-20250403_3127013.html<\/a> )<\/p>\n<p>Tambi\u00e9n os adjunto art\u00edculos publicados en el Diario de Ferrol sobre \u201cBases medidas para la corrida de la milla\u201d ( <a href=\"https:\/\/www.diariodeferrol.com\/articulo\/ferrol\/bases-medidas-corrida-milla-5261852\">https:\/\/www.diariodeferrol.com\/articulo\/ferrol\/bases-medidas-corrida-milla-5261852<\/a> ); y en la Voz de Galicia \u201cCuando la velocidad de un barco se calculaba en nudos f\u00edsicos\u201d ( <a href=\"https:\/\/www.lavozdegalicia.es\/noticia\/ferrol\/ares\/2025\/04\/22\/velocidad-barco-calculaba-nudos-fisicos\/00031745340527849973230.htm\">https:\/\/www.lavozdegalicia.es\/noticia\/ferrol\/ares\/2025\/04\/22\/velocidad-barco-calculaba-nudos-fisicos\/00031745340527849973230.htm<\/a> )<\/p>\n<p>Para ver la publicaci\u00f3n en Linkedn: <a href=\"https:\/\/www.linkedin.com\/posts\/raul-villa-caro-86633940_bases-medidas-para-el-c%C3%A1lculo-del-andar-activity-7321809575131639808-357O?utm_source=share&amp;utm_medium=member_desktop&amp;rcm=ACoAAAiXmI4BsDWmjvqTUDBCd5oHzG2mHvGMkRg\">https:\/\/www.linkedin.com\/posts\/raul-villa-caro-86633940_bases-medidas-para-el-c%C3%A1lculo-del-andar-activity-7321809575131639808-357O?utm_source=share&amp;utm_medium=member_desktop&amp;rcm=ACoAAAiXmI4BsDWmjvqTUDBCd5oHzG2mHvGMkRg<\/a><\/p>\n<p>Finalmente os env\u00edo el enlace al art\u00edculo completo en el blog de Exponav:<\/p>\n<blockquote class=\"wp-embedded-content\" data-secret=\"xia3FhN0mA\"><p><a href=\"https:\/\/exponav.org\/blog\/historia-naval\/bases-medidas-para-el-calculo-del-andar-de-los-buques\/\">Bases medidas para el c\u00e1lculo del \u201candar\u201d de los buques<\/a><\/p><\/blockquote>\n<p><iframe loading=\"lazy\" class=\"wp-embedded-content\" sandbox=\"allow-scripts\" security=\"restricted\" style=\"position: absolute; visibility: hidden;\" title=\"\u00abBases medidas para el c\u00e1lculo del \u201candar\u201d de los buques\u00bb \u2014 Fundaci\u00f3n Exponav en Ferrol\" src=\"https:\/\/exponav.org\/blog\/historia-naval\/bases-medidas-para-el-calculo-del-andar-de-los-buques\/embed\/#?secret=vGYDVoZiSi#?secret=xia3FhN0mA\" data-secret=\"xia3FhN0mA\" width=\"500\" height=\"282\" frameborder=\"0\" marginwidth=\"0\" marginheight=\"0\" scrolling=\"no\"><\/iframe><\/p>\n","protected":false},"excerpt":{"rendered":"<p>BASES MEDIDAS PARA EL C\u00c1LCULO DEL \u201cANDAR\u201d DE LOS BUQUES by Ra\u00fal Villa La corredera es un instrumento cuya funci\u00f3n es medir la distancia navegada por una embarcaci\u00f3n, que despu\u00e9s se traduce en velocidad,&#46;&#46;&#46;<\/p>\n","protected":false},"author":2,"featured_media":8581,"comment_status":"open","ping_status":"open","sticky":false,"template":"","format":"standard","meta":{"om_disable_all_campaigns":false,"_monsterinsights_skip_tracking":false,"_monsterinsights_sitenote_active":false,"_monsterinsights_sitenote_note":"","_monsterinsights_sitenote_category":0,"_uf_show_specific_survey":0,"_uf_disable_surveys":false,"footnotes":""},"categories":[2],"tags":[49,47],"class_list":["post-8580","post","type-post","status-publish","format-standard","has-post-thumbnail","hentry","category-formacion","tag-ingenieros-navales-galicia","tag-sector-naval-en-galicia"],"aioseo_notices":[],"yoast_head":"<!-- This site is optimized with the Yoast SEO plugin v24.0 - https:\/\/yoast.com\/wordpress\/plugins\/seo\/ -->\n<title>BASES MEDIDAS PARA EL C\u00c1LCULO DEL \u201cANDAR\u201d DE LOS BUQUES by Ra\u00fal Villa - Delegaci\u00f3n del COIN en Galicia -<\/title>\n<meta name=\"robots\" content=\"index, follow, max-snippet:-1, max-image-preview:large, max-video-preview:-1\" \/>\n<link rel=\"canonical\" href=\"https:\/\/galicia.ingenierosnavales.com\/index.php\/2025\/04\/30\/bases-medidas-para-el-calculo-del-andar-de-los-buques-by-raul-villa\/\" \/>\n<meta property=\"og:locale\" content=\"es_ES\" \/>\n<meta property=\"og:type\" content=\"article\" \/>\n<meta property=\"og:title\" content=\"BASES MEDIDAS PARA EL C\u00c1LCULO DEL \u201cANDAR\u201d DE LOS BUQUES by Ra\u00fal Villa - Delegaci\u00f3n del COIN en Galicia -\" \/>\n<meta property=\"og:description\" content=\"BASES MEDIDAS PARA EL C\u00c1LCULO DEL \u201cANDAR\u201d DE LOS BUQUES by Ra\u00fal Villa La corredera es un instrumento cuya funci\u00f3n es medir la distancia navegada por una embarcaci\u00f3n, que despu\u00e9s se traduce en velocidad,&#046;&#046;&#046;\" \/>\n<meta property=\"og:url\" content=\"https:\/\/galicia.ingenierosnavales.com\/index.php\/2025\/04\/30\/bases-medidas-para-el-calculo-del-andar-de-los-buques-by-raul-villa\/\" \/>\n<meta property=\"og:site_name\" content=\"Delegaci\u00f3n del COIN en Galicia -\" \/>\n<meta property=\"article:published_time\" content=\"2025-04-30T08:00:10+00:00\" \/>\n<meta property=\"og:image\" content=\"https:\/\/galicia.ingenierosnavales.com\/wp-content\/uploads\/2025\/04\/BASES-MEDIDA-RAUL-VILLA.jpeg\" \/>\n\t<meta property=\"og:image:width\" content=\"768\" \/>\n\t<meta property=\"og:image:height\" content=\"432\" \/>\n\t<meta property=\"og:image:type\" content=\"image\/jpeg\" \/>\n<meta name=\"author\" content=\"Delegaci\u00f3n Galicia\" \/>\n<meta name=\"twitter:card\" content=\"summary_large_image\" \/>\n<meta name=\"twitter:label1\" content=\"Escrito por\" \/>\n\t<meta name=\"twitter:data1\" content=\"Delegaci\u00f3n Galicia\" \/>\n\t<meta name=\"twitter:label2\" content=\"Tiempo de lectura\" \/>\n\t<meta name=\"twitter:data2\" content=\"2 minutos\" \/>\n<script type=\"application\/ld+json\" class=\"yoast-schema-graph\">{\"@context\":\"https:\/\/schema.org\",\"@graph\":[{\"@type\":\"Article\",\"@id\":\"https:\/\/galicia.ingenierosnavales.com\/index.php\/2025\/04\/30\/bases-medidas-para-el-calculo-del-andar-de-los-buques-by-raul-villa\/#article\",\"isPartOf\":{\"@id\":\"https:\/\/galicia.ingenierosnavales.com\/index.php\/2025\/04\/30\/bases-medidas-para-el-calculo-del-andar-de-los-buques-by-raul-villa\/\"},\"author\":{\"name\":\"Delegaci\u00f3n Galicia\",\"@id\":\"https:\/\/galicia.ingenierosnavales.com\/#\/schema\/person\/5b19750a916831d424f63e9271d4e51d\"},\"headline\":\"BASES MEDIDAS PARA EL C\u00c1LCULO DEL \u201cANDAR\u201d DE LOS BUQUES by Ra\u00fal Villa\",\"datePublished\":\"2025-04-30T08:00:10+00:00\",\"dateModified\":\"2025-04-30T08:00:10+00:00\",\"mainEntityOfPage\":{\"@id\":\"https:\/\/galicia.ingenierosnavales.com\/index.php\/2025\/04\/30\/bases-medidas-para-el-calculo-del-andar-de-los-buques-by-raul-villa\/\"},\"wordCount\":361,\"commentCount\":0,\"publisher\":{\"@id\":\"https:\/\/galicia.ingenierosnavales.com\/#organization\"},\"image\":{\"@id\":\"https:\/\/galicia.ingenierosnavales.com\/index.php\/2025\/04\/30\/bases-medidas-para-el-calculo-del-andar-de-los-buques-by-raul-villa\/#primaryimage\"},\"thumbnailUrl\":\"https:\/\/galicia.ingenierosnavales.com\/wp-content\/uploads\/2025\/04\/BASES-MEDIDA-RAUL-VILLA.jpeg\",\"keywords\":[\"Ingenieros Navales Galicia\",\"sector naval en Galicia\"],\"articleSection\":[\"Formaci\u00f3n\"],\"inLanguage\":\"es\",\"potentialAction\":[{\"@type\":\"CommentAction\",\"name\":\"Comment\",\"target\":[\"https:\/\/galicia.ingenierosnavales.com\/index.php\/2025\/04\/30\/bases-medidas-para-el-calculo-del-andar-de-los-buques-by-raul-villa\/#respond\"]}]},{\"@type\":\"WebPage\",\"@id\":\"https:\/\/galicia.ingenierosnavales.com\/index.php\/2025\/04\/30\/bases-medidas-para-el-calculo-del-andar-de-los-buques-by-raul-villa\/\",\"url\":\"https:\/\/galicia.ingenierosnavales.com\/index.php\/2025\/04\/30\/bases-medidas-para-el-calculo-del-andar-de-los-buques-by-raul-villa\/\",\"name\":\"BASES MEDIDAS PARA EL C\u00c1LCULO DEL \u201cANDAR\u201d DE LOS BUQUES by Ra\u00fal Villa - Delegaci\u00f3n del COIN en Galicia -\",\"isPartOf\":{\"@id\":\"https:\/\/galicia.ingenierosnavales.com\/#website\"},\"primaryImageOfPage\":{\"@id\":\"https:\/\/galicia.ingenierosnavales.com\/index.php\/2025\/04\/30\/bases-medidas-para-el-calculo-del-andar-de-los-buques-by-raul-villa\/#primaryimage\"},\"image\":{\"@id\":\"https:\/\/galicia.ingenierosnavales.com\/index.php\/2025\/04\/30\/bases-medidas-para-el-calculo-del-andar-de-los-buques-by-raul-villa\/#primaryimage\"},\"thumbnailUrl\":\"https:\/\/galicia.ingenierosnavales.com\/wp-content\/uploads\/2025\/04\/BASES-MEDIDA-RAUL-VILLA.jpeg\",\"datePublished\":\"2025-04-30T08:00:10+00:00\",\"dateModified\":\"2025-04-30T08:00:10+00:00\",\"breadcrumb\":{\"@id\":\"https:\/\/galicia.ingenierosnavales.com\/index.php\/2025\/04\/30\/bases-medidas-para-el-calculo-del-andar-de-los-buques-by-raul-villa\/#breadcrumb\"},\"inLanguage\":\"es\",\"potentialAction\":[{\"@type\":\"ReadAction\",\"target\":[\"https:\/\/galicia.ingenierosnavales.com\/index.php\/2025\/04\/30\/bases-medidas-para-el-calculo-del-andar-de-los-buques-by-raul-villa\/\"]}]},{\"@type\":\"ImageObject\",\"inLanguage\":\"es\",\"@id\":\"https:\/\/galicia.ingenierosnavales.com\/index.php\/2025\/04\/30\/bases-medidas-para-el-calculo-del-andar-de-los-buques-by-raul-villa\/#primaryimage\",\"url\":\"https:\/\/galicia.ingenierosnavales.com\/wp-content\/uploads\/2025\/04\/BASES-MEDIDA-RAUL-VILLA.jpeg\",\"contentUrl\":\"https:\/\/galicia.ingenierosnavales.com\/wp-content\/uploads\/2025\/04\/BASES-MEDIDA-RAUL-VILLA.jpeg\",\"width\":768,\"height\":432},{\"@type\":\"BreadcrumbList\",\"@id\":\"https:\/\/galicia.ingenierosnavales.com\/index.php\/2025\/04\/30\/bases-medidas-para-el-calculo-del-andar-de-los-buques-by-raul-villa\/#breadcrumb\",\"itemListElement\":[{\"@type\":\"ListItem\",\"position\":1,\"name\":\"Home\",\"item\":\"https:\/\/galicia.ingenierosnavales.com\/\"},{\"@type\":\"ListItem\",\"position\":2,\"name\":\"BASES MEDIDAS PARA EL C\u00c1LCULO DEL \u201cANDAR\u201d DE LOS BUQUES by Ra\u00fal Villa\"}]},{\"@type\":\"WebSite\",\"@id\":\"https:\/\/galicia.ingenierosnavales.com\/#website\",\"url\":\"https:\/\/galicia.ingenierosnavales.com\/\",\"name\":\"Delegaci\u00f3n del COIN en Galicia -\",\"description\":\"\",\"publisher\":{\"@id\":\"https:\/\/galicia.ingenierosnavales.com\/#organization\"},\"potentialAction\":[{\"@type\":\"SearchAction\",\"target\":{\"@type\":\"EntryPoint\",\"urlTemplate\":\"https:\/\/galicia.ingenierosnavales.com\/?s={search_term_string}\"},\"query-input\":{\"@type\":\"PropertyValueSpecification\",\"valueRequired\":true,\"valueName\":\"search_term_string\"}}],\"inLanguage\":\"es\"},{\"@type\":\"Organization\",\"@id\":\"https:\/\/galicia.ingenierosnavales.com\/#organization\",\"name\":\"Delegaci\u00f3n del COIN en Galicia -\",\"url\":\"https:\/\/galicia.ingenierosnavales.com\/\",\"logo\":{\"@type\":\"ImageObject\",\"inLanguage\":\"es\",\"@id\":\"https:\/\/galicia.ingenierosnavales.com\/#\/schema\/logo\/image\/\",\"url\":\"https:\/\/galicia.ingenierosnavales.com\/wp-content\/uploads\/2022\/03\/logo_2-1.png\",\"contentUrl\":\"https:\/\/galicia.ingenierosnavales.com\/wp-content\/uploads\/2022\/03\/logo_2-1.png\",\"width\":240,\"height\":94,\"caption\":\"Delegaci\u00f3n del COIN en Galicia - \"},\"image\":{\"@id\":\"https:\/\/galicia.ingenierosnavales.com\/#\/schema\/logo\/image\/\"}},{\"@type\":\"Person\",\"@id\":\"https:\/\/galicia.ingenierosnavales.com\/#\/schema\/person\/5b19750a916831d424f63e9271d4e51d\",\"name\":\"Delegaci\u00f3n Galicia\",\"image\":{\"@type\":\"ImageObject\",\"inLanguage\":\"es\",\"@id\":\"https:\/\/galicia.ingenierosnavales.com\/#\/schema\/person\/image\/\",\"url\":\"https:\/\/secure.gravatar.com\/avatar\/8ba9b1dd96c7effddd31fcf63bf8cc7f?s=96&d=mm&r=g\",\"contentUrl\":\"https:\/\/secure.gravatar.com\/avatar\/8ba9b1dd96c7effddd31fcf63bf8cc7f?s=96&d=mm&r=g\",\"caption\":\"Delegaci\u00f3n Galicia\"},\"url\":\"https:\/\/galicia.ingenierosnavales.com\/index.php\/author\/galicia\/\"}]}<\/script>\n<!-- \/ Yoast SEO plugin. -->","yoast_head_json":{"title":"BASES MEDIDAS PARA EL C\u00c1LCULO DEL \u201cANDAR\u201d DE LOS BUQUES by Ra\u00fal Villa - Delegaci\u00f3n del COIN en Galicia -","robots":{"index":"index","follow":"follow","max-snippet":"max-snippet:-1","max-image-preview":"max-image-preview:large","max-video-preview":"max-video-preview:-1"},"canonical":"https:\/\/galicia.ingenierosnavales.com\/index.php\/2025\/04\/30\/bases-medidas-para-el-calculo-del-andar-de-los-buques-by-raul-villa\/","og_locale":"es_ES","og_type":"article","og_title":"BASES MEDIDAS PARA EL C\u00c1LCULO DEL \u201cANDAR\u201d DE LOS BUQUES by Ra\u00fal Villa - Delegaci\u00f3n del COIN en Galicia -","og_description":"BASES MEDIDAS PARA EL C\u00c1LCULO DEL \u201cANDAR\u201d DE LOS BUQUES by Ra\u00fal Villa La corredera es un instrumento cuya funci\u00f3n es medir la distancia navegada por una embarcaci\u00f3n, que despu\u00e9s se traduce en velocidad,&#46;&#46;&#46;","og_url":"https:\/\/galicia.ingenierosnavales.com\/index.php\/2025\/04\/30\/bases-medidas-para-el-calculo-del-andar-de-los-buques-by-raul-villa\/","og_site_name":"Delegaci\u00f3n del COIN en Galicia -","article_published_time":"2025-04-30T08:00:10+00:00","og_image":[{"width":768,"height":432,"url":"https:\/\/galicia.ingenierosnavales.com\/wp-content\/uploads\/2025\/04\/BASES-MEDIDA-RAUL-VILLA.jpeg","type":"image\/jpeg"}],"author":"Delegaci\u00f3n Galicia","twitter_card":"summary_large_image","twitter_misc":{"Escrito por":"Delegaci\u00f3n Galicia","Tiempo de lectura":"2 minutos"},"schema":{"@context":"https:\/\/schema.org","@graph":[{"@type":"Article","@id":"https:\/\/galicia.ingenierosnavales.com\/index.php\/2025\/04\/30\/bases-medidas-para-el-calculo-del-andar-de-los-buques-by-raul-villa\/#article","isPartOf":{"@id":"https:\/\/galicia.ingenierosnavales.com\/index.php\/2025\/04\/30\/bases-medidas-para-el-calculo-del-andar-de-los-buques-by-raul-villa\/"},"author":{"name":"Delegaci\u00f3n Galicia","@id":"https:\/\/galicia.ingenierosnavales.com\/#\/schema\/person\/5b19750a916831d424f63e9271d4e51d"},"headline":"BASES MEDIDAS PARA EL C\u00c1LCULO DEL \u201cANDAR\u201d DE LOS BUQUES by Ra\u00fal Villa","datePublished":"2025-04-30T08:00:10+00:00","dateModified":"2025-04-30T08:00:10+00:00","mainEntityOfPage":{"@id":"https:\/\/galicia.ingenierosnavales.com\/index.php\/2025\/04\/30\/bases-medidas-para-el-calculo-del-andar-de-los-buques-by-raul-villa\/"},"wordCount":361,"commentCount":0,"publisher":{"@id":"https:\/\/galicia.ingenierosnavales.com\/#organization"},"image":{"@id":"https:\/\/galicia.ingenierosnavales.com\/index.php\/2025\/04\/30\/bases-medidas-para-el-calculo-del-andar-de-los-buques-by-raul-villa\/#primaryimage"},"thumbnailUrl":"https:\/\/galicia.ingenierosnavales.com\/wp-content\/uploads\/2025\/04\/BASES-MEDIDA-RAUL-VILLA.jpeg","keywords":["Ingenieros Navales Galicia","sector naval en Galicia"],"articleSection":["Formaci\u00f3n"],"inLanguage":"es","potentialAction":[{"@type":"CommentAction","name":"Comment","target":["https:\/\/galicia.ingenierosnavales.com\/index.php\/2025\/04\/30\/bases-medidas-para-el-calculo-del-andar-de-los-buques-by-raul-villa\/#respond"]}]},{"@type":"WebPage","@id":"https:\/\/galicia.ingenierosnavales.com\/index.php\/2025\/04\/30\/bases-medidas-para-el-calculo-del-andar-de-los-buques-by-raul-villa\/","url":"https:\/\/galicia.ingenierosnavales.com\/index.php\/2025\/04\/30\/bases-medidas-para-el-calculo-del-andar-de-los-buques-by-raul-villa\/","name":"BASES MEDIDAS PARA EL C\u00c1LCULO DEL \u201cANDAR\u201d DE LOS BUQUES by Ra\u00fal Villa - Delegaci\u00f3n del COIN en Galicia -","isPartOf":{"@id":"https:\/\/galicia.ingenierosnavales.com\/#website"},"primaryImageOfPage":{"@id":"https:\/\/galicia.ingenierosnavales.com\/index.php\/2025\/04\/30\/bases-medidas-para-el-calculo-del-andar-de-los-buques-by-raul-villa\/#primaryimage"},"image":{"@id":"https:\/\/galicia.ingenierosnavales.com\/index.php\/2025\/04\/30\/bases-medidas-para-el-calculo-del-andar-de-los-buques-by-raul-villa\/#primaryimage"},"thumbnailUrl":"https:\/\/galicia.ingenierosnavales.com\/wp-content\/uploads\/2025\/04\/BASES-MEDIDA-RAUL-VILLA.jpeg","datePublished":"2025-04-30T08:00:10+00:00","dateModified":"2025-04-30T08:00:10+00:00","breadcrumb":{"@id":"https:\/\/galicia.ingenierosnavales.com\/index.php\/2025\/04\/30\/bases-medidas-para-el-calculo-del-andar-de-los-buques-by-raul-villa\/#breadcrumb"},"inLanguage":"es","potentialAction":[{"@type":"ReadAction","target":["https:\/\/galicia.ingenierosnavales.com\/index.php\/2025\/04\/30\/bases-medidas-para-el-calculo-del-andar-de-los-buques-by-raul-villa\/"]}]},{"@type":"ImageObject","inLanguage":"es","@id":"https:\/\/galicia.ingenierosnavales.com\/index.php\/2025\/04\/30\/bases-medidas-para-el-calculo-del-andar-de-los-buques-by-raul-villa\/#primaryimage","url":"https:\/\/galicia.ingenierosnavales.com\/wp-content\/uploads\/2025\/04\/BASES-MEDIDA-RAUL-VILLA.jpeg","contentUrl":"https:\/\/galicia.ingenierosnavales.com\/wp-content\/uploads\/2025\/04\/BASES-MEDIDA-RAUL-VILLA.jpeg","width":768,"height":432},{"@type":"BreadcrumbList","@id":"https:\/\/galicia.ingenierosnavales.com\/index.php\/2025\/04\/30\/bases-medidas-para-el-calculo-del-andar-de-los-buques-by-raul-villa\/#breadcrumb","itemListElement":[{"@type":"ListItem","position":1,"name":"Home","item":"https:\/\/galicia.ingenierosnavales.com\/"},{"@type":"ListItem","position":2,"name":"BASES MEDIDAS PARA EL C\u00c1LCULO DEL \u201cANDAR\u201d DE LOS BUQUES by Ra\u00fal Villa"}]},{"@type":"WebSite","@id":"https:\/\/galicia.ingenierosnavales.com\/#website","url":"https:\/\/galicia.ingenierosnavales.com\/","name":"Delegaci\u00f3n del COIN en Galicia -","description":"","publisher":{"@id":"https:\/\/galicia.ingenierosnavales.com\/#organization"},"potentialAction":[{"@type":"SearchAction","target":{"@type":"EntryPoint","urlTemplate":"https:\/\/galicia.ingenierosnavales.com\/?s={search_term_string}"},"query-input":{"@type":"PropertyValueSpecification","valueRequired":true,"valueName":"search_term_string"}}],"inLanguage":"es"},{"@type":"Organization","@id":"https:\/\/galicia.ingenierosnavales.com\/#organization","name":"Delegaci\u00f3n del COIN en Galicia -","url":"https:\/\/galicia.ingenierosnavales.com\/","logo":{"@type":"ImageObject","inLanguage":"es","@id":"https:\/\/galicia.ingenierosnavales.com\/#\/schema\/logo\/image\/","url":"https:\/\/galicia.ingenierosnavales.com\/wp-content\/uploads\/2022\/03\/logo_2-1.png","contentUrl":"https:\/\/galicia.ingenierosnavales.com\/wp-content\/uploads\/2022\/03\/logo_2-1.png","width":240,"height":94,"caption":"Delegaci\u00f3n del COIN en Galicia - "},"image":{"@id":"https:\/\/galicia.ingenierosnavales.com\/#\/schema\/logo\/image\/"}},{"@type":"Person","@id":"https:\/\/galicia.ingenierosnavales.com\/#\/schema\/person\/5b19750a916831d424f63e9271d4e51d","name":"Delegaci\u00f3n Galicia","image":{"@type":"ImageObject","inLanguage":"es","@id":"https:\/\/galicia.ingenierosnavales.com\/#\/schema\/person\/image\/","url":"https:\/\/secure.gravatar.com\/avatar\/8ba9b1dd96c7effddd31fcf63bf8cc7f?s=96&d=mm&r=g","contentUrl":"https:\/\/secure.gravatar.com\/avatar\/8ba9b1dd96c7effddd31fcf63bf8cc7f?s=96&d=mm&r=g","caption":"Delegaci\u00f3n Galicia"},"url":"https:\/\/galicia.ingenierosnavales.com\/index.php\/author\/galicia\/"}]}},"_links":{"self":[{"href":"https:\/\/galicia.ingenierosnavales.com\/index.php\/wp-json\/wp\/v2\/posts\/8580","targetHints":{"allow":["GET"]}}],"collection":[{"href":"https:\/\/galicia.ingenierosnavales.com\/index.php\/wp-json\/wp\/v2\/posts"}],"about":[{"href":"https:\/\/galicia.ingenierosnavales.com\/index.php\/wp-json\/wp\/v2\/types\/post"}],"author":[{"embeddable":true,"href":"https:\/\/galicia.ingenierosnavales.com\/index.php\/wp-json\/wp\/v2\/users\/2"}],"replies":[{"embeddable":true,"href":"https:\/\/galicia.ingenierosnavales.com\/index.php\/wp-json\/wp\/v2\/comments?post=8580"}],"version-history":[{"count":1,"href":"https:\/\/galicia.ingenierosnavales.com\/index.php\/wp-json\/wp\/v2\/posts\/8580\/revisions"}],"predecessor-version":[{"id":8582,"href":"https:\/\/galicia.ingenierosnavales.com\/index.php\/wp-json\/wp\/v2\/posts\/8580\/revisions\/8582"}],"wp:featuredmedia":[{"embeddable":true,"href":"https:\/\/galicia.ingenierosnavales.com\/index.php\/wp-json\/wp\/v2\/media\/8581"}],"wp:attachment":[{"href":"https:\/\/galicia.ingenierosnavales.com\/index.php\/wp-json\/wp\/v2\/media?parent=8580"}],"wp:term":[{"taxonomy":"category","embeddable":true,"href":"https:\/\/galicia.ingenierosnavales.com\/index.php\/wp-json\/wp\/v2\/categories?post=8580"},{"taxonomy":"post_tag","embeddable":true,"href":"https:\/\/galicia.ingenierosnavales.com\/index.php\/wp-json\/wp\/v2\/tags?post=8580"}],"curies":[{"name":"wp","href":"https:\/\/api.w.org\/{rel}","templated":true}]}}