{"id":8429,"date":"2025-03-25T08:13:43","date_gmt":"2025-03-25T08:13:43","guid":{"rendered":"https:\/\/galicia.ingenierosnavales.com\/?p=8429"},"modified":"2025-03-25T08:16:16","modified_gmt":"2025-03-25T08:16:16","slug":"consecuencias-de-la-mala-carga-y-estiba-en-los-buques-by-raul-villa","status":"publish","type":"post","link":"https:\/\/galicia.ingenierosnavales.com\/index.php\/2025\/03\/25\/consecuencias-de-la-mala-carga-y-estiba-en-los-buques-by-raul-villa\/","title":{"rendered":"Consecuencias de la mala carga y estiba en los buques by Ra\u00fal Villa"},"content":{"rendered":"<p><img loading=\"lazy\" decoding=\"async\" class=\"aligncenter wp-image-8430 size-full\" src=\"https:\/\/galicia.ingenierosnavales.com\/wp-content\/uploads\/2025\/03\/carga-y-estiba-by-raul-villa.jpg\" alt=\"\" width=\"1024\" height=\"576\" srcset=\"https:\/\/galicia.ingenierosnavales.com\/wp-content\/uploads\/2025\/03\/carga-y-estiba-by-raul-villa.jpg 1024w, https:\/\/galicia.ingenierosnavales.com\/wp-content\/uploads\/2025\/03\/carga-y-estiba-by-raul-villa-300x169.jpg 300w, https:\/\/galicia.ingenierosnavales.com\/wp-content\/uploads\/2025\/03\/carga-y-estiba-by-raul-villa-768x432.jpg 768w\" sizes=\"auto, (max-width: 1024px) 100vw, 1024px\" \/><\/p>\n<h3 style=\"text-align: center;\">CONSECUENCIAS DE LA MALA CARGA Y ESTIBA EN LOS BUQUES<\/h3>\n<p>El objetivo de las operaciones de carga en los buques consiste en trasladar las mercanc\u00edas de los muelles a los barcos, mientras que el t\u00e9rmino de estiba se reserva para aquellos otros movimientos llevados a cabo para la colocaci\u00f3n \u201cadecuada\u201d de la carga dentro del buque.<\/p>\n<p>Por desgracia, muchos accidentes mar\u00edtimos se producen por errores en la planificaci\u00f3n de la estiba, provocados a su vez por el mal control de los pesos embarcados, los cuales a veces se declaran de manera incorrecta.<\/p>\n<p>Una mala carga y estiba en los buques puede convertirse en un problema de graves consecuencias, que pone en riesgo la seguridad de la nave y la tripulaci\u00f3n. Por ello es fundamental seguir procedimientos adecuados, minimizando los riesgos, y asegurando la integridad de las personas y de la carga.<\/p>\n<p>Os adjunto dos entrevistas de radio sobre el asunto:<\/p>\n<p>-Una entrevista en Radio Voz, con Eva Mill\u00e1n, y en la que tocamos m\u00e1s temas (novedades Exponav, CIN2025, Mujer al agua, Mala estiba, y Sons de Celeiro: Viento del norte): ( <a href=\"https:\/\/exponav.org\/wp-content\/uploads\/230325_uncafeconeva_mala-estiba.mp3\">https:\/\/exponav.org\/wp-content\/uploads\/230325_uncafeconeva_mala-estiba.mp3<\/a> )<\/p>\n<p>-Otra m\u00e1s breve y antigua en Cope Galicia, con Paula P\u00e1jaro: (<a href=\"https:\/\/exponav.org\/wp-content\/uploads\/161224-cope-galicia-mala-estiba.mp3\">https:\/\/exponav.org\/wp-content\/uploads\/161224-cope-galicia-mala-estiba.mp3<\/a> ) y con art\u00edculo incluido ( <a href=\"https:\/\/www.cope.es\/emisoras\/galicia\/noticias\/son-diferencias-estiba-carga-barco-20241214_3063106.html\">https:\/\/www.cope.es\/emisoras\/galicia\/noticias\/son-diferencias-estiba-carga-barco-20241214_3063106.html<\/a> )<\/p>\n<p>Tambi\u00e9n os adjunto art\u00edculos publicados en el Diario de Ferrol sobre \u201cDiferencias entre la carga y la estiba en los buques\u201d (<a href=\"https:\/\/www.diariodeferrol.com\/articulo\/ferrol\/diferencias-entre-carga-estiba-buques-5121215\">https:\/\/www.diariodeferrol.com\/articulo\/ferrol\/diferencias-entre-carga-estiba-buques-5121215<\/a> ); y en la Voz de Galicia \u201cLa estiba de la carga, un arte m\u00e1s que una ciencia exacta\u201d (<a href=\"https:\/\/www.lavozdegalicia.es\/noticia\/somosmar\/2025\/03\/21\/estiba-carga-arte-ciencia-exacta\/00031742573637988130753.htm\">https:\/\/www.lavozdegalicia.es\/noticia\/somosmar\/2025\/03\/21\/estiba-carga-arte-ciencia-exacta\/00031742573637988130753.htm<\/a> )<\/p>\n<p>Para ver la publicaci\u00f3n en Linkedn: <a href=\"https:\/\/www.linkedin.com\/posts\/raul-villa-caro-86633940_consecuencias-de-la-mala-carga-y-estiba-en-activity-7309646899144224768-QRyT?utm_source=share&amp;utm_medium=member_desktop&amp;rcm=ACoAAAiXmI4BsDWmjvqTUDBCd5oHzG2mHvGMkRg\">https:\/\/www.linkedin.com\/posts\/raul-villa-caro-86633940_consecuencias-de-la-mala-carga-y-estiba-en-activity-7309646899144224768-QRyT?utm_source=share&amp;utm_medium=member_desktop&amp;rcm=ACoAAAiXmI4BsDWmjvqTUDBCd5oHzG2mHvGMkRg<\/a><\/p>\n<p>Finalmente os env\u00edo el enlace al art\u00edculo completo en el blog de Exponav:<\/p>\n<blockquote class=\"wp-embedded-content\" data-secret=\"vsVXEPrU9L\"><p><a href=\"https:\/\/exponav.org\/blog\/puertos-y-buques\/consecuencias-de-la-mala-carga-y-estiba-en-los-buques\/\">Consecuencias de la mala carga y estiba en los buques<\/a><\/p><\/blockquote>\n<p><iframe loading=\"lazy\" class=\"wp-embedded-content\" sandbox=\"allow-scripts\" security=\"restricted\" style=\"position: absolute; visibility: hidden;\" title=\"\u00abConsecuencias de la mala carga y estiba en los buques\u00bb \u2014 Fundaci\u00f3n Exponav en Ferrol\" src=\"https:\/\/exponav.org\/blog\/puertos-y-buques\/consecuencias-de-la-mala-carga-y-estiba-en-los-buques\/embed\/#?secret=sUKw6iYqLH#?secret=vsVXEPrU9L\" data-secret=\"vsVXEPrU9L\" width=\"500\" height=\"282\" frameborder=\"0\" marginwidth=\"0\" marginheight=\"0\" scrolling=\"no\"><\/iframe><\/p>\n","protected":false},"excerpt":{"rendered":"<p>CONSECUENCIAS DE LA MALA CARGA Y ESTIBA EN LOS BUQUES El objetivo de las operaciones de carga en los buques consiste en trasladar las mercanc\u00edas de los muelles a los barcos, mientras que el&#46;&#46;&#46;<\/p>\n","protected":false},"author":2,"featured_media":8430,"comment_status":"open","ping_status":"open","sticky":false,"template":"","format":"standard","meta":{"om_disable_all_campaigns":false,"_monsterinsights_skip_tracking":false,"_monsterinsights_sitenote_active":false,"_monsterinsights_sitenote_note":"","_monsterinsights_sitenote_category":0,"_uf_show_specific_survey":0,"_uf_disable_surveys":false,"footnotes":""},"categories":[3],"tags":[49],"class_list":["post-8429","post","type-post","status-publish","format-standard","has-post-thumbnail","hentry","category-noticias-gl-es","tag-ingenieros-navales-galicia"],"aioseo_notices":[],"yoast_head":"<!-- This site is optimized with the Yoast SEO plugin v24.0 - https:\/\/yoast.com\/wordpress\/plugins\/seo\/ -->\n<title>Consecuencias de la mala carga y estiba en los buques by Ra\u00fal Villa - Delegaci\u00f3n del COIN en Galicia -<\/title>\n<meta name=\"robots\" content=\"index, follow, max-snippet:-1, max-image-preview:large, max-video-preview:-1\" \/>\n<link rel=\"canonical\" href=\"https:\/\/galicia.ingenierosnavales.com\/index.php\/2025\/03\/25\/consecuencias-de-la-mala-carga-y-estiba-en-los-buques-by-raul-villa\/\" \/>\n<meta property=\"og:locale\" content=\"es_ES\" \/>\n<meta property=\"og:type\" content=\"article\" \/>\n<meta property=\"og:title\" content=\"Consecuencias de la mala carga y estiba en los buques by Ra\u00fal Villa - Delegaci\u00f3n del COIN en Galicia -\" \/>\n<meta property=\"og:description\" content=\"CONSECUENCIAS DE LA MALA CARGA Y ESTIBA EN LOS BUQUES El objetivo de las operaciones de carga en los buques consiste en trasladar las mercanc\u00edas de los muelles a los barcos, mientras que el&#046;&#046;&#046;\" \/>\n<meta property=\"og:url\" content=\"https:\/\/galicia.ingenierosnavales.com\/index.php\/2025\/03\/25\/consecuencias-de-la-mala-carga-y-estiba-en-los-buques-by-raul-villa\/\" \/>\n<meta property=\"og:site_name\" content=\"Delegaci\u00f3n del COIN en Galicia -\" \/>\n<meta property=\"article:published_time\" content=\"2025-03-25T08:13:43+00:00\" \/>\n<meta property=\"article:modified_time\" content=\"2025-03-25T08:16:16+00:00\" \/>\n<meta property=\"og:image\" content=\"https:\/\/galicia.ingenierosnavales.com\/wp-content\/uploads\/2025\/03\/carga-y-estiba-by-raul-villa.jpg\" \/>\n\t<meta property=\"og:image:width\" content=\"1024\" \/>\n\t<meta property=\"og:image:height\" content=\"576\" \/>\n\t<meta property=\"og:image:type\" content=\"image\/jpeg\" \/>\n<meta name=\"author\" content=\"Delegaci\u00f3n Galicia\" \/>\n<meta name=\"twitter:card\" content=\"summary_large_image\" \/>\n<meta name=\"twitter:label1\" content=\"Escrito por\" \/>\n\t<meta name=\"twitter:data1\" content=\"Delegaci\u00f3n Galicia\" \/>\n\t<meta name=\"twitter:label2\" content=\"Tiempo de lectura\" \/>\n\t<meta name=\"twitter:data2\" content=\"2 minutos\" \/>\n<script type=\"application\/ld+json\" class=\"yoast-schema-graph\">{\"@context\":\"https:\/\/schema.org\",\"@graph\":[{\"@type\":\"Article\",\"@id\":\"https:\/\/galicia.ingenierosnavales.com\/index.php\/2025\/03\/25\/consecuencias-de-la-mala-carga-y-estiba-en-los-buques-by-raul-villa\/#article\",\"isPartOf\":{\"@id\":\"https:\/\/galicia.ingenierosnavales.com\/index.php\/2025\/03\/25\/consecuencias-de-la-mala-carga-y-estiba-en-los-buques-by-raul-villa\/\"},\"author\":{\"name\":\"Delegaci\u00f3n Galicia\",\"@id\":\"https:\/\/galicia.ingenierosnavales.com\/#\/schema\/person\/5b19750a916831d424f63e9271d4e51d\"},\"headline\":\"Consecuencias de la mala carga y estiba en los buques by Ra\u00fal Villa\",\"datePublished\":\"2025-03-25T08:13:43+00:00\",\"dateModified\":\"2025-03-25T08:16:16+00:00\",\"mainEntityOfPage\":{\"@id\":\"https:\/\/galicia.ingenierosnavales.com\/index.php\/2025\/03\/25\/consecuencias-de-la-mala-carga-y-estiba-en-los-buques-by-raul-villa\/\"},\"wordCount\":351,\"commentCount\":0,\"publisher\":{\"@id\":\"https:\/\/galicia.ingenierosnavales.com\/#organization\"},\"image\":{\"@id\":\"https:\/\/galicia.ingenierosnavales.com\/index.php\/2025\/03\/25\/consecuencias-de-la-mala-carga-y-estiba-en-los-buques-by-raul-villa\/#primaryimage\"},\"thumbnailUrl\":\"https:\/\/galicia.ingenierosnavales.com\/wp-content\/uploads\/2025\/03\/carga-y-estiba-by-raul-villa.jpg\",\"keywords\":[\"Ingenieros Navales Galicia\"],\"articleSection\":[\"Noticias\"],\"inLanguage\":\"es\",\"potentialAction\":[{\"@type\":\"CommentAction\",\"name\":\"Comment\",\"target\":[\"https:\/\/galicia.ingenierosnavales.com\/index.php\/2025\/03\/25\/consecuencias-de-la-mala-carga-y-estiba-en-los-buques-by-raul-villa\/#respond\"]}]},{\"@type\":\"WebPage\",\"@id\":\"https:\/\/galicia.ingenierosnavales.com\/index.php\/2025\/03\/25\/consecuencias-de-la-mala-carga-y-estiba-en-los-buques-by-raul-villa\/\",\"url\":\"https:\/\/galicia.ingenierosnavales.com\/index.php\/2025\/03\/25\/consecuencias-de-la-mala-carga-y-estiba-en-los-buques-by-raul-villa\/\",\"name\":\"Consecuencias de la mala carga y estiba en los buques by Ra\u00fal Villa - Delegaci\u00f3n del COIN en Galicia -\",\"isPartOf\":{\"@id\":\"https:\/\/galicia.ingenierosnavales.com\/#website\"},\"primaryImageOfPage\":{\"@id\":\"https:\/\/galicia.ingenierosnavales.com\/index.php\/2025\/03\/25\/consecuencias-de-la-mala-carga-y-estiba-en-los-buques-by-raul-villa\/#primaryimage\"},\"image\":{\"@id\":\"https:\/\/galicia.ingenierosnavales.com\/index.php\/2025\/03\/25\/consecuencias-de-la-mala-carga-y-estiba-en-los-buques-by-raul-villa\/#primaryimage\"},\"thumbnailUrl\":\"https:\/\/galicia.ingenierosnavales.com\/wp-content\/uploads\/2025\/03\/carga-y-estiba-by-raul-villa.jpg\",\"datePublished\":\"2025-03-25T08:13:43+00:00\",\"dateModified\":\"2025-03-25T08:16:16+00:00\",\"breadcrumb\":{\"@id\":\"https:\/\/galicia.ingenierosnavales.com\/index.php\/2025\/03\/25\/consecuencias-de-la-mala-carga-y-estiba-en-los-buques-by-raul-villa\/#breadcrumb\"},\"inLanguage\":\"es\",\"potentialAction\":[{\"@type\":\"ReadAction\",\"target\":[\"https:\/\/galicia.ingenierosnavales.com\/index.php\/2025\/03\/25\/consecuencias-de-la-mala-carga-y-estiba-en-los-buques-by-raul-villa\/\"]}]},{\"@type\":\"ImageObject\",\"inLanguage\":\"es\",\"@id\":\"https:\/\/galicia.ingenierosnavales.com\/index.php\/2025\/03\/25\/consecuencias-de-la-mala-carga-y-estiba-en-los-buques-by-raul-villa\/#primaryimage\",\"url\":\"https:\/\/galicia.ingenierosnavales.com\/wp-content\/uploads\/2025\/03\/carga-y-estiba-by-raul-villa.jpg\",\"contentUrl\":\"https:\/\/galicia.ingenierosnavales.com\/wp-content\/uploads\/2025\/03\/carga-y-estiba-by-raul-villa.jpg\",\"width\":1024,\"height\":576},{\"@type\":\"BreadcrumbList\",\"@id\":\"https:\/\/galicia.ingenierosnavales.com\/index.php\/2025\/03\/25\/consecuencias-de-la-mala-carga-y-estiba-en-los-buques-by-raul-villa\/#breadcrumb\",\"itemListElement\":[{\"@type\":\"ListItem\",\"position\":1,\"name\":\"Home\",\"item\":\"https:\/\/galicia.ingenierosnavales.com\/\"},{\"@type\":\"ListItem\",\"position\":2,\"name\":\"Consecuencias de la mala carga y estiba en los buques by Ra\u00fal Villa\"}]},{\"@type\":\"WebSite\",\"@id\":\"https:\/\/galicia.ingenierosnavales.com\/#website\",\"url\":\"https:\/\/galicia.ingenierosnavales.com\/\",\"name\":\"Delegaci\u00f3n del COIN en Galicia -\",\"description\":\"\",\"publisher\":{\"@id\":\"https:\/\/galicia.ingenierosnavales.com\/#organization\"},\"potentialAction\":[{\"@type\":\"SearchAction\",\"target\":{\"@type\":\"EntryPoint\",\"urlTemplate\":\"https:\/\/galicia.ingenierosnavales.com\/?s={search_term_string}\"},\"query-input\":{\"@type\":\"PropertyValueSpecification\",\"valueRequired\":true,\"valueName\":\"search_term_string\"}}],\"inLanguage\":\"es\"},{\"@type\":\"Organization\",\"@id\":\"https:\/\/galicia.ingenierosnavales.com\/#organization\",\"name\":\"Delegaci\u00f3n del COIN en Galicia -\",\"url\":\"https:\/\/galicia.ingenierosnavales.com\/\",\"logo\":{\"@type\":\"ImageObject\",\"inLanguage\":\"es\",\"@id\":\"https:\/\/galicia.ingenierosnavales.com\/#\/schema\/logo\/image\/\",\"url\":\"https:\/\/galicia.ingenierosnavales.com\/wp-content\/uploads\/2022\/03\/logo_2-1.png\",\"contentUrl\":\"https:\/\/galicia.ingenierosnavales.com\/wp-content\/uploads\/2022\/03\/logo_2-1.png\",\"width\":240,\"height\":94,\"caption\":\"Delegaci\u00f3n del COIN en Galicia - \"},\"image\":{\"@id\":\"https:\/\/galicia.ingenierosnavales.com\/#\/schema\/logo\/image\/\"}},{\"@type\":\"Person\",\"@id\":\"https:\/\/galicia.ingenierosnavales.com\/#\/schema\/person\/5b19750a916831d424f63e9271d4e51d\",\"name\":\"Delegaci\u00f3n Galicia\",\"image\":{\"@type\":\"ImageObject\",\"inLanguage\":\"es\",\"@id\":\"https:\/\/galicia.ingenierosnavales.com\/#\/schema\/person\/image\/\",\"url\":\"https:\/\/secure.gravatar.com\/avatar\/8ba9b1dd96c7effddd31fcf63bf8cc7f?s=96&d=mm&r=g\",\"contentUrl\":\"https:\/\/secure.gravatar.com\/avatar\/8ba9b1dd96c7effddd31fcf63bf8cc7f?s=96&d=mm&r=g\",\"caption\":\"Delegaci\u00f3n Galicia\"},\"url\":\"https:\/\/galicia.ingenierosnavales.com\/index.php\/author\/galicia\/\"}]}<\/script>\n<!-- \/ Yoast SEO plugin. -->","yoast_head_json":{"title":"Consecuencias de la mala carga y estiba en los buques by Ra\u00fal Villa - Delegaci\u00f3n del COIN en Galicia -","robots":{"index":"index","follow":"follow","max-snippet":"max-snippet:-1","max-image-preview":"max-image-preview:large","max-video-preview":"max-video-preview:-1"},"canonical":"https:\/\/galicia.ingenierosnavales.com\/index.php\/2025\/03\/25\/consecuencias-de-la-mala-carga-y-estiba-en-los-buques-by-raul-villa\/","og_locale":"es_ES","og_type":"article","og_title":"Consecuencias de la mala carga y estiba en los buques by Ra\u00fal Villa - Delegaci\u00f3n del COIN en Galicia -","og_description":"CONSECUENCIAS DE LA MALA CARGA Y ESTIBA EN LOS BUQUES El objetivo de las operaciones de carga en los buques consiste en trasladar las mercanc\u00edas de los muelles a los barcos, mientras que el&#46;&#46;&#46;","og_url":"https:\/\/galicia.ingenierosnavales.com\/index.php\/2025\/03\/25\/consecuencias-de-la-mala-carga-y-estiba-en-los-buques-by-raul-villa\/","og_site_name":"Delegaci\u00f3n del COIN en Galicia -","article_published_time":"2025-03-25T08:13:43+00:00","article_modified_time":"2025-03-25T08:16:16+00:00","og_image":[{"width":1024,"height":576,"url":"https:\/\/galicia.ingenierosnavales.com\/wp-content\/uploads\/2025\/03\/carga-y-estiba-by-raul-villa.jpg","type":"image\/jpeg"}],"author":"Delegaci\u00f3n Galicia","twitter_card":"summary_large_image","twitter_misc":{"Escrito por":"Delegaci\u00f3n Galicia","Tiempo de lectura":"2 minutos"},"schema":{"@context":"https:\/\/schema.org","@graph":[{"@type":"Article","@id":"https:\/\/galicia.ingenierosnavales.com\/index.php\/2025\/03\/25\/consecuencias-de-la-mala-carga-y-estiba-en-los-buques-by-raul-villa\/#article","isPartOf":{"@id":"https:\/\/galicia.ingenierosnavales.com\/index.php\/2025\/03\/25\/consecuencias-de-la-mala-carga-y-estiba-en-los-buques-by-raul-villa\/"},"author":{"name":"Delegaci\u00f3n Galicia","@id":"https:\/\/galicia.ingenierosnavales.com\/#\/schema\/person\/5b19750a916831d424f63e9271d4e51d"},"headline":"Consecuencias de la mala carga y estiba en los buques by Ra\u00fal Villa","datePublished":"2025-03-25T08:13:43+00:00","dateModified":"2025-03-25T08:16:16+00:00","mainEntityOfPage":{"@id":"https:\/\/galicia.ingenierosnavales.com\/index.php\/2025\/03\/25\/consecuencias-de-la-mala-carga-y-estiba-en-los-buques-by-raul-villa\/"},"wordCount":351,"commentCount":0,"publisher":{"@id":"https:\/\/galicia.ingenierosnavales.com\/#organization"},"image":{"@id":"https:\/\/galicia.ingenierosnavales.com\/index.php\/2025\/03\/25\/consecuencias-de-la-mala-carga-y-estiba-en-los-buques-by-raul-villa\/#primaryimage"},"thumbnailUrl":"https:\/\/galicia.ingenierosnavales.com\/wp-content\/uploads\/2025\/03\/carga-y-estiba-by-raul-villa.jpg","keywords":["Ingenieros Navales Galicia"],"articleSection":["Noticias"],"inLanguage":"es","potentialAction":[{"@type":"CommentAction","name":"Comment","target":["https:\/\/galicia.ingenierosnavales.com\/index.php\/2025\/03\/25\/consecuencias-de-la-mala-carga-y-estiba-en-los-buques-by-raul-villa\/#respond"]}]},{"@type":"WebPage","@id":"https:\/\/galicia.ingenierosnavales.com\/index.php\/2025\/03\/25\/consecuencias-de-la-mala-carga-y-estiba-en-los-buques-by-raul-villa\/","url":"https:\/\/galicia.ingenierosnavales.com\/index.php\/2025\/03\/25\/consecuencias-de-la-mala-carga-y-estiba-en-los-buques-by-raul-villa\/","name":"Consecuencias de la mala carga y estiba en los buques by Ra\u00fal Villa - Delegaci\u00f3n del COIN en Galicia -","isPartOf":{"@id":"https:\/\/galicia.ingenierosnavales.com\/#website"},"primaryImageOfPage":{"@id":"https:\/\/galicia.ingenierosnavales.com\/index.php\/2025\/03\/25\/consecuencias-de-la-mala-carga-y-estiba-en-los-buques-by-raul-villa\/#primaryimage"},"image":{"@id":"https:\/\/galicia.ingenierosnavales.com\/index.php\/2025\/03\/25\/consecuencias-de-la-mala-carga-y-estiba-en-los-buques-by-raul-villa\/#primaryimage"},"thumbnailUrl":"https:\/\/galicia.ingenierosnavales.com\/wp-content\/uploads\/2025\/03\/carga-y-estiba-by-raul-villa.jpg","datePublished":"2025-03-25T08:13:43+00:00","dateModified":"2025-03-25T08:16:16+00:00","breadcrumb":{"@id":"https:\/\/galicia.ingenierosnavales.com\/index.php\/2025\/03\/25\/consecuencias-de-la-mala-carga-y-estiba-en-los-buques-by-raul-villa\/#breadcrumb"},"inLanguage":"es","potentialAction":[{"@type":"ReadAction","target":["https:\/\/galicia.ingenierosnavales.com\/index.php\/2025\/03\/25\/consecuencias-de-la-mala-carga-y-estiba-en-los-buques-by-raul-villa\/"]}]},{"@type":"ImageObject","inLanguage":"es","@id":"https:\/\/galicia.ingenierosnavales.com\/index.php\/2025\/03\/25\/consecuencias-de-la-mala-carga-y-estiba-en-los-buques-by-raul-villa\/#primaryimage","url":"https:\/\/galicia.ingenierosnavales.com\/wp-content\/uploads\/2025\/03\/carga-y-estiba-by-raul-villa.jpg","contentUrl":"https:\/\/galicia.ingenierosnavales.com\/wp-content\/uploads\/2025\/03\/carga-y-estiba-by-raul-villa.jpg","width":1024,"height":576},{"@type":"BreadcrumbList","@id":"https:\/\/galicia.ingenierosnavales.com\/index.php\/2025\/03\/25\/consecuencias-de-la-mala-carga-y-estiba-en-los-buques-by-raul-villa\/#breadcrumb","itemListElement":[{"@type":"ListItem","position":1,"name":"Home","item":"https:\/\/galicia.ingenierosnavales.com\/"},{"@type":"ListItem","position":2,"name":"Consecuencias de la mala carga y estiba en los buques by Ra\u00fal Villa"}]},{"@type":"WebSite","@id":"https:\/\/galicia.ingenierosnavales.com\/#website","url":"https:\/\/galicia.ingenierosnavales.com\/","name":"Delegaci\u00f3n del COIN en Galicia -","description":"","publisher":{"@id":"https:\/\/galicia.ingenierosnavales.com\/#organization"},"potentialAction":[{"@type":"SearchAction","target":{"@type":"EntryPoint","urlTemplate":"https:\/\/galicia.ingenierosnavales.com\/?s={search_term_string}"},"query-input":{"@type":"PropertyValueSpecification","valueRequired":true,"valueName":"search_term_string"}}],"inLanguage":"es"},{"@type":"Organization","@id":"https:\/\/galicia.ingenierosnavales.com\/#organization","name":"Delegaci\u00f3n del COIN en Galicia -","url":"https:\/\/galicia.ingenierosnavales.com\/","logo":{"@type":"ImageObject","inLanguage":"es","@id":"https:\/\/galicia.ingenierosnavales.com\/#\/schema\/logo\/image\/","url":"https:\/\/galicia.ingenierosnavales.com\/wp-content\/uploads\/2022\/03\/logo_2-1.png","contentUrl":"https:\/\/galicia.ingenierosnavales.com\/wp-content\/uploads\/2022\/03\/logo_2-1.png","width":240,"height":94,"caption":"Delegaci\u00f3n del COIN en Galicia - "},"image":{"@id":"https:\/\/galicia.ingenierosnavales.com\/#\/schema\/logo\/image\/"}},{"@type":"Person","@id":"https:\/\/galicia.ingenierosnavales.com\/#\/schema\/person\/5b19750a916831d424f63e9271d4e51d","name":"Delegaci\u00f3n Galicia","image":{"@type":"ImageObject","inLanguage":"es","@id":"https:\/\/galicia.ingenierosnavales.com\/#\/schema\/person\/image\/","url":"https:\/\/secure.gravatar.com\/avatar\/8ba9b1dd96c7effddd31fcf63bf8cc7f?s=96&d=mm&r=g","contentUrl":"https:\/\/secure.gravatar.com\/avatar\/8ba9b1dd96c7effddd31fcf63bf8cc7f?s=96&d=mm&r=g","caption":"Delegaci\u00f3n Galicia"},"url":"https:\/\/galicia.ingenierosnavales.com\/index.php\/author\/galicia\/"}]}},"_links":{"self":[{"href":"https:\/\/galicia.ingenierosnavales.com\/index.php\/wp-json\/wp\/v2\/posts\/8429","targetHints":{"allow":["GET"]}}],"collection":[{"href":"https:\/\/galicia.ingenierosnavales.com\/index.php\/wp-json\/wp\/v2\/posts"}],"about":[{"href":"https:\/\/galicia.ingenierosnavales.com\/index.php\/wp-json\/wp\/v2\/types\/post"}],"author":[{"embeddable":true,"href":"https:\/\/galicia.ingenierosnavales.com\/index.php\/wp-json\/wp\/v2\/users\/2"}],"replies":[{"embeddable":true,"href":"https:\/\/galicia.ingenierosnavales.com\/index.php\/wp-json\/wp\/v2\/comments?post=8429"}],"version-history":[{"count":4,"href":"https:\/\/galicia.ingenierosnavales.com\/index.php\/wp-json\/wp\/v2\/posts\/8429\/revisions"}],"predecessor-version":[{"id":8434,"href":"https:\/\/galicia.ingenierosnavales.com\/index.php\/wp-json\/wp\/v2\/posts\/8429\/revisions\/8434"}],"wp:featuredmedia":[{"embeddable":true,"href":"https:\/\/galicia.ingenierosnavales.com\/index.php\/wp-json\/wp\/v2\/media\/8430"}],"wp:attachment":[{"href":"https:\/\/galicia.ingenierosnavales.com\/index.php\/wp-json\/wp\/v2\/media?parent=8429"}],"wp:term":[{"taxonomy":"category","embeddable":true,"href":"https:\/\/galicia.ingenierosnavales.com\/index.php\/wp-json\/wp\/v2\/categories?post=8429"},{"taxonomy":"post_tag","embeddable":true,"href":"https:\/\/galicia.ingenierosnavales.com\/index.php\/wp-json\/wp\/v2\/tags?post=8429"}],"curies":[{"name":"wp","href":"https:\/\/api.w.org\/{rel}","templated":true}]}}