{"id":824,"date":"2020-03-10T13:01:11","date_gmt":"2020-03-10T13:01:11","guid":{"rendered":"https:\/\/galicia.ingenierosnavales.com\/?p=824"},"modified":"2020-03-10T13:01:47","modified_gmt":"2020-03-10T13:01:47","slug":"250-aniversario-de-la-creacion-de-la-profesion-de-ingeniero-naval","status":"publish","type":"post","link":"https:\/\/galicia.ingenierosnavales.com\/index.php\/2020\/03\/10\/250-aniversario-de-la-creacion-de-la-profesion-de-ingeniero-naval\/","title":{"rendered":"250 Aniversario de la creaci\u00f3n de la profesi\u00f3n de ingeniero naval."},"content":{"rendered":"<p><em>El pasado viernes 28 de febrero, ha tenido lugar una reuni\u00f3n en la Delegaci\u00f3n Territorial con motivo de los actos que se est\u00e1n organizando para la celebraci\u00f3n del <strong>250 Aniversario de la creaci\u00f3n de la profesi\u00f3n de ingeniero naval. <\/strong>Entre los colaboradores que participan en la organizaci\u00f3n, se han reunido D. Armando Y\u00e1\u00f1ez Director de la EPS, D. Luis Carral Profesor Titular de la EPS,<\/em><em>D. Jos\u00e9 Angel Fraguela Profesor Em\u00e9rito de la EPS, nuestro Decano Territorial D. Jos\u00e9 J. de Troya, el Capit\u00e1n de Nav\u00edo retirado D. Manuel S\u00e1nchez Moraleda y\u00a0 <\/em><em>el Catedr\u00e1tico de Construcci\u00f3n Naval jubilado D. Jos\u00e9 M\u00aa de Juan (de izda. a dcha. en la foto)<\/em><\/p>\n<p><em>Os mantendremos informados de todos los avances para que vay\u00e1is apuntando en vuestras agendas. <\/em><\/p>\n","protected":false},"excerpt":{"rendered":"<p>El pasado viernes 28 de febrero, ha tenido lugar una reuni\u00f3n en la Delegaci\u00f3n Territorial con motivo de los actos que se est\u00e1n organizando para la celebraci\u00f3n del 250 Aniversario de la creaci\u00f3n de&#46;&#46;&#46;<\/p>\n","protected":false},"author":2,"featured_media":826,"comment_status":"open","ping_status":"open","sticky":false,"template":"","format":"standard","meta":{"om_disable_all_campaigns":false,"_monsterinsights_skip_tracking":false,"_monsterinsights_sitenote_active":false,"_monsterinsights_sitenote_note":"","_monsterinsights_sitenote_category":0,"_uf_show_specific_survey":0,"_uf_disable_surveys":false,"footnotes":""},"categories":[1],"tags":[],"class_list":["post-824","post","type-post","status-publish","format-standard","has-post-thumbnail","hentry","category-eventos"],"aioseo_notices":[],"yoast_head":"<!-- This site is optimized with the Yoast SEO plugin v24.0 - https:\/\/yoast.com\/wordpress\/plugins\/seo\/ -->\n<title>250 Aniversario de la creaci\u00f3n de la profesi\u00f3n de ingeniero naval. - Delegaci\u00f3n del COIN en Galicia -<\/title>\n<meta name=\"robots\" content=\"index, follow, max-snippet:-1, max-image-preview:large, max-video-preview:-1\" \/>\n<link rel=\"canonical\" href=\"https:\/\/galicia.ingenierosnavales.com\/index.php\/2020\/03\/10\/250-aniversario-de-la-creacion-de-la-profesion-de-ingeniero-naval\/\" \/>\n<meta property=\"og:locale\" content=\"es_ES\" \/>\n<meta property=\"og:type\" content=\"article\" \/>\n<meta property=\"og:title\" content=\"250 Aniversario de la creaci\u00f3n de la profesi\u00f3n de ingeniero naval. - Delegaci\u00f3n del COIN en Galicia -\" \/>\n<meta property=\"og:description\" content=\"El pasado viernes 28 de febrero, ha tenido lugar una reuni\u00f3n en la Delegaci\u00f3n Territorial con motivo de los actos que se est\u00e1n organizando para la celebraci\u00f3n del 250 Aniversario de la creaci\u00f3n de&#046;&#046;&#046;\" \/>\n<meta property=\"og:url\" content=\"https:\/\/galicia.ingenierosnavales.com\/index.php\/2020\/03\/10\/250-aniversario-de-la-creacion-de-la-profesion-de-ingeniero-naval\/\" \/>\n<meta property=\"og:site_name\" content=\"Delegaci\u00f3n del COIN en Galicia -\" \/>\n<meta property=\"article:published_time\" content=\"2020-03-10T13:01:11+00:00\" \/>\n<meta property=\"article:modified_time\" content=\"2020-03-10T13:01:47+00:00\" \/>\n<meta property=\"og:image\" content=\"https:\/\/galicia.ingenierosnavales.com\/wp-content\/uploads\/2020\/03\/20200228_110800.jpg\" \/>\n\t<meta property=\"og:image:width\" content=\"880\" \/>\n\t<meta property=\"og:image:height\" content=\"428\" \/>\n\t<meta property=\"og:image:type\" content=\"image\/jpeg\" \/>\n<meta name=\"author\" content=\"Delegaci\u00f3n Galicia\" \/>\n<meta name=\"twitter:card\" content=\"summary_large_image\" \/>\n<meta name=\"twitter:label1\" content=\"Escrito por\" \/>\n\t<meta name=\"twitter:data1\" content=\"Delegaci\u00f3n Galicia\" \/>\n\t<meta name=\"twitter:label2\" content=\"Tiempo de lectura\" \/>\n\t<meta name=\"twitter:data2\" content=\"1 minuto\" \/>\n<script type=\"application\/ld+json\" class=\"yoast-schema-graph\">{\"@context\":\"https:\/\/schema.org\",\"@graph\":[{\"@type\":\"Article\",\"@id\":\"https:\/\/galicia.ingenierosnavales.com\/index.php\/2020\/03\/10\/250-aniversario-de-la-creacion-de-la-profesion-de-ingeniero-naval\/#article\",\"isPartOf\":{\"@id\":\"https:\/\/galicia.ingenierosnavales.com\/index.php\/2020\/03\/10\/250-aniversario-de-la-creacion-de-la-profesion-de-ingeniero-naval\/\"},\"author\":{\"name\":\"Delegaci\u00f3n Galicia\",\"@id\":\"https:\/\/galicia.ingenierosnavales.com\/#\/schema\/person\/5b19750a916831d424f63e9271d4e51d\"},\"headline\":\"250 Aniversario de la creaci\u00f3n de la profesi\u00f3n de ingeniero naval.\",\"datePublished\":\"2020-03-10T13:01:11+00:00\",\"dateModified\":\"2020-03-10T13:01:47+00:00\",\"mainEntityOfPage\":{\"@id\":\"https:\/\/galicia.ingenierosnavales.com\/index.php\/2020\/03\/10\/250-aniversario-de-la-creacion-de-la-profesion-de-ingeniero-naval\/\"},\"wordCount\":149,\"commentCount\":0,\"publisher\":{\"@id\":\"https:\/\/galicia.ingenierosnavales.com\/#organization\"},\"image\":{\"@id\":\"https:\/\/galicia.ingenierosnavales.com\/index.php\/2020\/03\/10\/250-aniversario-de-la-creacion-de-la-profesion-de-ingeniero-naval\/#primaryimage\"},\"thumbnailUrl\":\"https:\/\/galicia.ingenierosnavales.com\/wp-content\/uploads\/2020\/03\/20200228_110800.jpg\",\"articleSection\":[\"Eventos\"],\"inLanguage\":\"es\",\"potentialAction\":[{\"@type\":\"CommentAction\",\"name\":\"Comment\",\"target\":[\"https:\/\/galicia.ingenierosnavales.com\/index.php\/2020\/03\/10\/250-aniversario-de-la-creacion-de-la-profesion-de-ingeniero-naval\/#respond\"]}]},{\"@type\":\"WebPage\",\"@id\":\"https:\/\/galicia.ingenierosnavales.com\/index.php\/2020\/03\/10\/250-aniversario-de-la-creacion-de-la-profesion-de-ingeniero-naval\/\",\"url\":\"https:\/\/galicia.ingenierosnavales.com\/index.php\/2020\/03\/10\/250-aniversario-de-la-creacion-de-la-profesion-de-ingeniero-naval\/\",\"name\":\"250 Aniversario de la creaci\u00f3n de la profesi\u00f3n de ingeniero naval. - Delegaci\u00f3n del COIN en Galicia -\",\"isPartOf\":{\"@id\":\"https:\/\/galicia.ingenierosnavales.com\/#website\"},\"primaryImageOfPage\":{\"@id\":\"https:\/\/galicia.ingenierosnavales.com\/index.php\/2020\/03\/10\/250-aniversario-de-la-creacion-de-la-profesion-de-ingeniero-naval\/#primaryimage\"},\"image\":{\"@id\":\"https:\/\/galicia.ingenierosnavales.com\/index.php\/2020\/03\/10\/250-aniversario-de-la-creacion-de-la-profesion-de-ingeniero-naval\/#primaryimage\"},\"thumbnailUrl\":\"https:\/\/galicia.ingenierosnavales.com\/wp-content\/uploads\/2020\/03\/20200228_110800.jpg\",\"datePublished\":\"2020-03-10T13:01:11+00:00\",\"dateModified\":\"2020-03-10T13:01:47+00:00\",\"breadcrumb\":{\"@id\":\"https:\/\/galicia.ingenierosnavales.com\/index.php\/2020\/03\/10\/250-aniversario-de-la-creacion-de-la-profesion-de-ingeniero-naval\/#breadcrumb\"},\"inLanguage\":\"es\",\"potentialAction\":[{\"@type\":\"ReadAction\",\"target\":[\"https:\/\/galicia.ingenierosnavales.com\/index.php\/2020\/03\/10\/250-aniversario-de-la-creacion-de-la-profesion-de-ingeniero-naval\/\"]}]},{\"@type\":\"ImageObject\",\"inLanguage\":\"es\",\"@id\":\"https:\/\/galicia.ingenierosnavales.com\/index.php\/2020\/03\/10\/250-aniversario-de-la-creacion-de-la-profesion-de-ingeniero-naval\/#primaryimage\",\"url\":\"https:\/\/galicia.ingenierosnavales.com\/wp-content\/uploads\/2020\/03\/20200228_110800.jpg\",\"contentUrl\":\"https:\/\/galicia.ingenierosnavales.com\/wp-content\/uploads\/2020\/03\/20200228_110800.jpg\",\"width\":880,\"height\":428,\"caption\":\"]S\"},{\"@type\":\"BreadcrumbList\",\"@id\":\"https:\/\/galicia.ingenierosnavales.com\/index.php\/2020\/03\/10\/250-aniversario-de-la-creacion-de-la-profesion-de-ingeniero-naval\/#breadcrumb\",\"itemListElement\":[{\"@type\":\"ListItem\",\"position\":1,\"name\":\"Home\",\"item\":\"https:\/\/galicia.ingenierosnavales.com\/\"},{\"@type\":\"ListItem\",\"position\":2,\"name\":\"250 Aniversario de la creaci\u00f3n de la profesi\u00f3n de ingeniero naval.\"}]},{\"@type\":\"WebSite\",\"@id\":\"https:\/\/galicia.ingenierosnavales.com\/#website\",\"url\":\"https:\/\/galicia.ingenierosnavales.com\/\",\"name\":\"Delegaci\u00f3n del COIN en Galicia -\",\"description\":\"\",\"publisher\":{\"@id\":\"https:\/\/galicia.ingenierosnavales.com\/#organization\"},\"potentialAction\":[{\"@type\":\"SearchAction\",\"target\":{\"@type\":\"EntryPoint\",\"urlTemplate\":\"https:\/\/galicia.ingenierosnavales.com\/?s={search_term_string}\"},\"query-input\":{\"@type\":\"PropertyValueSpecification\",\"valueRequired\":true,\"valueName\":\"search_term_string\"}}],\"inLanguage\":\"es\"},{\"@type\":\"Organization\",\"@id\":\"https:\/\/galicia.ingenierosnavales.com\/#organization\",\"name\":\"Delegaci\u00f3n del COIN en Galicia -\",\"url\":\"https:\/\/galicia.ingenierosnavales.com\/\",\"logo\":{\"@type\":\"ImageObject\",\"inLanguage\":\"es\",\"@id\":\"https:\/\/galicia.ingenierosnavales.com\/#\/schema\/logo\/image\/\",\"url\":\"https:\/\/galicia.ingenierosnavales.com\/wp-content\/uploads\/2022\/03\/logo_2-1.png\",\"contentUrl\":\"https:\/\/galicia.ingenierosnavales.com\/wp-content\/uploads\/2022\/03\/logo_2-1.png\",\"width\":240,\"height\":94,\"caption\":\"Delegaci\u00f3n del COIN en Galicia - \"},\"image\":{\"@id\":\"https:\/\/galicia.ingenierosnavales.com\/#\/schema\/logo\/image\/\"}},{\"@type\":\"Person\",\"@id\":\"https:\/\/galicia.ingenierosnavales.com\/#\/schema\/person\/5b19750a916831d424f63e9271d4e51d\",\"name\":\"Delegaci\u00f3n Galicia\",\"image\":{\"@type\":\"ImageObject\",\"inLanguage\":\"es\",\"@id\":\"https:\/\/galicia.ingenierosnavales.com\/#\/schema\/person\/image\/\",\"url\":\"https:\/\/secure.gravatar.com\/avatar\/8ba9b1dd96c7effddd31fcf63bf8cc7f?s=96&d=mm&r=g\",\"contentUrl\":\"https:\/\/secure.gravatar.com\/avatar\/8ba9b1dd96c7effddd31fcf63bf8cc7f?s=96&d=mm&r=g\",\"caption\":\"Delegaci\u00f3n Galicia\"},\"url\":\"https:\/\/galicia.ingenierosnavales.com\/index.php\/author\/galicia\/\"}]}<\/script>\n<!-- \/ Yoast SEO plugin. -->","yoast_head_json":{"title":"250 Aniversario de la creaci\u00f3n de la profesi\u00f3n de ingeniero naval. - Delegaci\u00f3n del COIN en Galicia -","robots":{"index":"index","follow":"follow","max-snippet":"max-snippet:-1","max-image-preview":"max-image-preview:large","max-video-preview":"max-video-preview:-1"},"canonical":"https:\/\/galicia.ingenierosnavales.com\/index.php\/2020\/03\/10\/250-aniversario-de-la-creacion-de-la-profesion-de-ingeniero-naval\/","og_locale":"es_ES","og_type":"article","og_title":"250 Aniversario de la creaci\u00f3n de la profesi\u00f3n de ingeniero naval. - Delegaci\u00f3n del COIN en Galicia -","og_description":"El pasado viernes 28 de febrero, ha tenido lugar una reuni\u00f3n en la Delegaci\u00f3n Territorial con motivo de los actos que se est\u00e1n organizando para la celebraci\u00f3n del 250 Aniversario de la creaci\u00f3n de&#46;&#46;&#46;","og_url":"https:\/\/galicia.ingenierosnavales.com\/index.php\/2020\/03\/10\/250-aniversario-de-la-creacion-de-la-profesion-de-ingeniero-naval\/","og_site_name":"Delegaci\u00f3n del COIN en Galicia -","article_published_time":"2020-03-10T13:01:11+00:00","article_modified_time":"2020-03-10T13:01:47+00:00","og_image":[{"width":880,"height":428,"url":"https:\/\/galicia.ingenierosnavales.com\/wp-content\/uploads\/2020\/03\/20200228_110800.jpg","type":"image\/jpeg"}],"author":"Delegaci\u00f3n Galicia","twitter_card":"summary_large_image","twitter_misc":{"Escrito por":"Delegaci\u00f3n Galicia","Tiempo de lectura":"1 minuto"},"schema":{"@context":"https:\/\/schema.org","@graph":[{"@type":"Article","@id":"https:\/\/galicia.ingenierosnavales.com\/index.php\/2020\/03\/10\/250-aniversario-de-la-creacion-de-la-profesion-de-ingeniero-naval\/#article","isPartOf":{"@id":"https:\/\/galicia.ingenierosnavales.com\/index.php\/2020\/03\/10\/250-aniversario-de-la-creacion-de-la-profesion-de-ingeniero-naval\/"},"author":{"name":"Delegaci\u00f3n Galicia","@id":"https:\/\/galicia.ingenierosnavales.com\/#\/schema\/person\/5b19750a916831d424f63e9271d4e51d"},"headline":"250 Aniversario de la creaci\u00f3n de la profesi\u00f3n de ingeniero naval.","datePublished":"2020-03-10T13:01:11+00:00","dateModified":"2020-03-10T13:01:47+00:00","mainEntityOfPage":{"@id":"https:\/\/galicia.ingenierosnavales.com\/index.php\/2020\/03\/10\/250-aniversario-de-la-creacion-de-la-profesion-de-ingeniero-naval\/"},"wordCount":149,"commentCount":0,"publisher":{"@id":"https:\/\/galicia.ingenierosnavales.com\/#organization"},"image":{"@id":"https:\/\/galicia.ingenierosnavales.com\/index.php\/2020\/03\/10\/250-aniversario-de-la-creacion-de-la-profesion-de-ingeniero-naval\/#primaryimage"},"thumbnailUrl":"https:\/\/galicia.ingenierosnavales.com\/wp-content\/uploads\/2020\/03\/20200228_110800.jpg","articleSection":["Eventos"],"inLanguage":"es","potentialAction":[{"@type":"CommentAction","name":"Comment","target":["https:\/\/galicia.ingenierosnavales.com\/index.php\/2020\/03\/10\/250-aniversario-de-la-creacion-de-la-profesion-de-ingeniero-naval\/#respond"]}]},{"@type":"WebPage","@id":"https:\/\/galicia.ingenierosnavales.com\/index.php\/2020\/03\/10\/250-aniversario-de-la-creacion-de-la-profesion-de-ingeniero-naval\/","url":"https:\/\/galicia.ingenierosnavales.com\/index.php\/2020\/03\/10\/250-aniversario-de-la-creacion-de-la-profesion-de-ingeniero-naval\/","name":"250 Aniversario de la creaci\u00f3n de la profesi\u00f3n de ingeniero naval. - Delegaci\u00f3n del COIN en Galicia -","isPartOf":{"@id":"https:\/\/galicia.ingenierosnavales.com\/#website"},"primaryImageOfPage":{"@id":"https:\/\/galicia.ingenierosnavales.com\/index.php\/2020\/03\/10\/250-aniversario-de-la-creacion-de-la-profesion-de-ingeniero-naval\/#primaryimage"},"image":{"@id":"https:\/\/galicia.ingenierosnavales.com\/index.php\/2020\/03\/10\/250-aniversario-de-la-creacion-de-la-profesion-de-ingeniero-naval\/#primaryimage"},"thumbnailUrl":"https:\/\/galicia.ingenierosnavales.com\/wp-content\/uploads\/2020\/03\/20200228_110800.jpg","datePublished":"2020-03-10T13:01:11+00:00","dateModified":"2020-03-10T13:01:47+00:00","breadcrumb":{"@id":"https:\/\/galicia.ingenierosnavales.com\/index.php\/2020\/03\/10\/250-aniversario-de-la-creacion-de-la-profesion-de-ingeniero-naval\/#breadcrumb"},"inLanguage":"es","potentialAction":[{"@type":"ReadAction","target":["https:\/\/galicia.ingenierosnavales.com\/index.php\/2020\/03\/10\/250-aniversario-de-la-creacion-de-la-profesion-de-ingeniero-naval\/"]}]},{"@type":"ImageObject","inLanguage":"es","@id":"https:\/\/galicia.ingenierosnavales.com\/index.php\/2020\/03\/10\/250-aniversario-de-la-creacion-de-la-profesion-de-ingeniero-naval\/#primaryimage","url":"https:\/\/galicia.ingenierosnavales.com\/wp-content\/uploads\/2020\/03\/20200228_110800.jpg","contentUrl":"https:\/\/galicia.ingenierosnavales.com\/wp-content\/uploads\/2020\/03\/20200228_110800.jpg","width":880,"height":428,"caption":"]S"},{"@type":"BreadcrumbList","@id":"https:\/\/galicia.ingenierosnavales.com\/index.php\/2020\/03\/10\/250-aniversario-de-la-creacion-de-la-profesion-de-ingeniero-naval\/#breadcrumb","itemListElement":[{"@type":"ListItem","position":1,"name":"Home","item":"https:\/\/galicia.ingenierosnavales.com\/"},{"@type":"ListItem","position":2,"name":"250 Aniversario de la creaci\u00f3n de la profesi\u00f3n de ingeniero naval."}]},{"@type":"WebSite","@id":"https:\/\/galicia.ingenierosnavales.com\/#website","url":"https:\/\/galicia.ingenierosnavales.com\/","name":"Delegaci\u00f3n del COIN en Galicia -","description":"","publisher":{"@id":"https:\/\/galicia.ingenierosnavales.com\/#organization"},"potentialAction":[{"@type":"SearchAction","target":{"@type":"EntryPoint","urlTemplate":"https:\/\/galicia.ingenierosnavales.com\/?s={search_term_string}"},"query-input":{"@type":"PropertyValueSpecification","valueRequired":true,"valueName":"search_term_string"}}],"inLanguage":"es"},{"@type":"Organization","@id":"https:\/\/galicia.ingenierosnavales.com\/#organization","name":"Delegaci\u00f3n del COIN en Galicia -","url":"https:\/\/galicia.ingenierosnavales.com\/","logo":{"@type":"ImageObject","inLanguage":"es","@id":"https:\/\/galicia.ingenierosnavales.com\/#\/schema\/logo\/image\/","url":"https:\/\/galicia.ingenierosnavales.com\/wp-content\/uploads\/2022\/03\/logo_2-1.png","contentUrl":"https:\/\/galicia.ingenierosnavales.com\/wp-content\/uploads\/2022\/03\/logo_2-1.png","width":240,"height":94,"caption":"Delegaci\u00f3n del COIN en Galicia - "},"image":{"@id":"https:\/\/galicia.ingenierosnavales.com\/#\/schema\/logo\/image\/"}},{"@type":"Person","@id":"https:\/\/galicia.ingenierosnavales.com\/#\/schema\/person\/5b19750a916831d424f63e9271d4e51d","name":"Delegaci\u00f3n Galicia","image":{"@type":"ImageObject","inLanguage":"es","@id":"https:\/\/galicia.ingenierosnavales.com\/#\/schema\/person\/image\/","url":"https:\/\/secure.gravatar.com\/avatar\/8ba9b1dd96c7effddd31fcf63bf8cc7f?s=96&d=mm&r=g","contentUrl":"https:\/\/secure.gravatar.com\/avatar\/8ba9b1dd96c7effddd31fcf63bf8cc7f?s=96&d=mm&r=g","caption":"Delegaci\u00f3n Galicia"},"url":"https:\/\/galicia.ingenierosnavales.com\/index.php\/author\/galicia\/"}]}},"_links":{"self":[{"href":"https:\/\/galicia.ingenierosnavales.com\/index.php\/wp-json\/wp\/v2\/posts\/824","targetHints":{"allow":["GET"]}}],"collection":[{"href":"https:\/\/galicia.ingenierosnavales.com\/index.php\/wp-json\/wp\/v2\/posts"}],"about":[{"href":"https:\/\/galicia.ingenierosnavales.com\/index.php\/wp-json\/wp\/v2\/types\/post"}],"author":[{"embeddable":true,"href":"https:\/\/galicia.ingenierosnavales.com\/index.php\/wp-json\/wp\/v2\/users\/2"}],"replies":[{"embeddable":true,"href":"https:\/\/galicia.ingenierosnavales.com\/index.php\/wp-json\/wp\/v2\/comments?post=824"}],"version-history":[{"count":3,"href":"https:\/\/galicia.ingenierosnavales.com\/index.php\/wp-json\/wp\/v2\/posts\/824\/revisions"}],"predecessor-version":[{"id":828,"href":"https:\/\/galicia.ingenierosnavales.com\/index.php\/wp-json\/wp\/v2\/posts\/824\/revisions\/828"}],"wp:featuredmedia":[{"embeddable":true,"href":"https:\/\/galicia.ingenierosnavales.com\/index.php\/wp-json\/wp\/v2\/media\/826"}],"wp:attachment":[{"href":"https:\/\/galicia.ingenierosnavales.com\/index.php\/wp-json\/wp\/v2\/media?parent=824"}],"wp:term":[{"taxonomy":"category","embeddable":true,"href":"https:\/\/galicia.ingenierosnavales.com\/index.php\/wp-json\/wp\/v2\/categories?post=824"},{"taxonomy":"post_tag","embeddable":true,"href":"https:\/\/galicia.ingenierosnavales.com\/index.php\/wp-json\/wp\/v2\/tags?post=824"}],"curies":[{"name":"wp","href":"https:\/\/api.w.org\/{rel}","templated":true}]}}