{"id":8124,"date":"2025-02-20T08:31:31","date_gmt":"2025-02-20T08:31:31","guid":{"rendered":"https:\/\/galicia.ingenierosnavales.com\/?p=8124"},"modified":"2025-02-21T08:56:56","modified_gmt":"2025-02-21T08:56:56","slug":"sesion-coin-aine-epef-diseno-de-yates-18-febrero-2025","status":"publish","type":"post","link":"https:\/\/galicia.ingenierosnavales.com\/index.php\/2025\/02\/20\/sesion-coin-aine-epef-diseno-de-yates-18-febrero-2025\/","title":{"rendered":"SESI\u00d3N COIN\/AINE-EPEF \u00abDise\u00f1o de Yates\u00bb 18\/febrero\/2025"},"content":{"rendered":"<p><img loading=\"lazy\" decoding=\"async\" class=\"aligncenter wp-image-8047 size-full\" src=\"https:\/\/galicia.ingenierosnavales.com\/wp-content\/uploads\/2025\/02\/27.jpg\" alt=\"\" width=\"750\" height=\"430\" srcset=\"https:\/\/galicia.ingenierosnavales.com\/wp-content\/uploads\/2025\/02\/27.jpg 750w, https:\/\/galicia.ingenierosnavales.com\/wp-content\/uploads\/2025\/02\/27-300x172.jpg 300w\" sizes=\"auto, (max-width: 750px) 100vw, 750px\" \/><\/p>\n<p style=\"text-align: right;\">Ferrol, a 19 de febrero de 2025<\/p>\n<p>En la tarde del martes <strong>18 de febrero<\/strong>, tuvo lugar la primera de las conferencias que la <strong>Delegaci\u00f3n Territorial en Galicia del Colegio y Asociaci\u00f3n de Ingenieros Navales y Oce\u00e1nicos<\/strong>, tiene previsto organizar a lo largo de 2025, en colaboraci\u00f3n con la <strong>Escola Polit\u00e9cnica de Enxe\u00f1ar\u00eda de Ferrol (EPEF).<\/strong><\/p>\n<p>En esta ocasi\u00f3n la tem\u00e1tica a abordar fue el <strong>\u201cDise\u00f1o de Yates\u201d <\/strong>y fue impartida por el Ingeniero Naval <strong>Juan Alba Fern\u00e1ndez<\/strong>, dise\u00f1ador especializado en embarcaciones profesionales de alta velocidad y el dise\u00f1o de exteriores.<\/p>\n<p>En esta conferencia se habl\u00f3 sobre las principales \u00e1reas que intervienen atualmente en el dise\u00f1o de un yate \u2013 arquitectura e ingenier\u00eda naval, dise\u00f1o de exteriores y dise\u00f1o de interiores \u2013 y sobre el amplio rango de embarcaciones que abarcan habitualmente el t\u00e9rmino yate, que va desde peque\u00f1as embarcaciones de producci\u00f3n en serie, hasta barcos de gran eslora, tratando brevemente las diferencias normativas y de producci\u00f3n entre grandes y peque\u00f1os yates.<\/p>\n<p>Con una sala llena de estudiantes y profesionales del sector naval, nuestro Decano Territorial en Galicia Jorge Dahl de Sobrino, inaugur\u00f3 esta conferencia acompa\u00f1ado por el Director de la EPEF Vicente D\u00edaz Cas\u00e1s.<\/p>\n<p>Antes de que el ponente iniciase su charla, se hizo entrega de la condecoraci\u00f3n al <strong>Ingeniero Naval Pablo Fari\u00f1as Alvari\u00f1o<\/strong>, como reconocimiento a su 25 aniversario de la <strong>PROMOCI\u00d3N 1999<\/strong>. Estas condecoraciones, junto con la PROMOCI\u00d3N 1950 y entrega de insignias a los nuevos\/as colegiados\/s, se entregaron en julio de 2024 con motivo de la celebraci\u00f3n de la Festividad de la Virgen del Carmen en un acto que se organiz\u00f3 en Madrid para los que acudieron a recogerlas en esa fecha.<\/p>\n\n\t\t<style>\n\t\t\t#gallery-1 {\n\t\t\t\tmargin: auto;\n\t\t\t}\n\t\t\t#gallery-1 .gallery-item {\n\t\t\t\tfloat: left;\n\t\t\t\tmargin-top: 10px;\n\t\t\t\ttext-align: center;\n\t\t\t\twidth: 33%;\n\t\t\t}\n\t\t\t#gallery-1 img {\n\t\t\t\tborder: 2px solid #cfcfcf;\n\t\t\t}\n\t\t\t#gallery-1 .gallery-caption {\n\t\t\t\tmargin-left: 0;\n\t\t\t}\n\t\t\t\/* see gallery_shortcode() in wp-includes\/media.php *\/\n\t\t<\/style>\n\t\t<div id='gallery-1' class='gallery galleryid-8124 gallery-columns-3 gallery-size-large'><dl class='gallery-item'>\n\t\t\t<dt class='gallery-icon landscape'>\n\t\t\t\t<a href='https:\/\/galicia.ingenierosnavales.com\/index.php\/2025\/02\/20\/sesion-coin-aine-epef-diseno-de-yates-18-febrero-2025\/_i8a2946\/'><img loading=\"lazy\" decoding=\"async\" width=\"1024\" height=\"683\" src=\"https:\/\/galicia.ingenierosnavales.com\/wp-content\/uploads\/2025\/02\/I8A2946-1024x683.jpg\" class=\"attachment-large size-large no-lazy\" alt=\"\" srcset=\"https:\/\/galicia.ingenierosnavales.com\/wp-content\/uploads\/2025\/02\/I8A2946-1024x683.jpg 1024w, https:\/\/galicia.ingenierosnavales.com\/wp-content\/uploads\/2025\/02\/I8A2946-300x200.jpg 300w, https:\/\/galicia.ingenierosnavales.com\/wp-content\/uploads\/2025\/02\/I8A2946-768x512.jpg 768w, https:\/\/galicia.ingenierosnavales.com\/wp-content\/uploads\/2025\/02\/I8A2946-1536x1024.jpg 1536w, https:\/\/galicia.ingenierosnavales.com\/wp-content\/uploads\/2025\/02\/I8A2946-2048x1365.jpg 2048w\" sizes=\"auto, (max-width: 1024px) 100vw, 1024px\" \/><\/a>\n\t\t\t<\/dt><\/dl><dl class='gallery-item'>\n\t\t\t<dt class='gallery-icon portrait'>\n\t\t\t\t<a href='https:\/\/galicia.ingenierosnavales.com\/index.php\/2025\/02\/20\/sesion-coin-aine-epef-diseno-de-yates-18-febrero-2025\/_i8a2950\/'><img loading=\"lazy\" decoding=\"async\" width=\"683\" height=\"1024\" src=\"https:\/\/galicia.ingenierosnavales.com\/wp-content\/uploads\/2025\/02\/I8A2950-683x1024.jpg\" class=\"attachment-large size-large no-lazy\" alt=\"\" srcset=\"https:\/\/galicia.ingenierosnavales.com\/wp-content\/uploads\/2025\/02\/I8A2950-683x1024.jpg 683w, https:\/\/galicia.ingenierosnavales.com\/wp-content\/uploads\/2025\/02\/I8A2950-200x300.jpg 200w, https:\/\/galicia.ingenierosnavales.com\/wp-content\/uploads\/2025\/02\/I8A2950-768x1152.jpg 768w, https:\/\/galicia.ingenierosnavales.com\/wp-content\/uploads\/2025\/02\/I8A2950-1024x1536.jpg 1024w, https:\/\/galicia.ingenierosnavales.com\/wp-content\/uploads\/2025\/02\/I8A2950-1365x2048.jpg 1365w, https:\/\/galicia.ingenierosnavales.com\/wp-content\/uploads\/2025\/02\/I8A2950-scaled.jpg 1707w\" sizes=\"auto, (max-width: 683px) 100vw, 683px\" \/><\/a>\n\t\t\t<\/dt><\/dl><dl class='gallery-item'>\n\t\t\t<dt class='gallery-icon landscape'>\n\t\t\t\t<a href='https:\/\/galicia.ingenierosnavales.com\/index.php\/2025\/02\/20\/sesion-coin-aine-epef-diseno-de-yates-18-febrero-2025\/_i8a2951\/'><img loading=\"lazy\" decoding=\"async\" width=\"1024\" height=\"683\" src=\"https:\/\/galicia.ingenierosnavales.com\/wp-content\/uploads\/2025\/02\/I8A2951-1024x683.jpg\" class=\"attachment-large size-large no-lazy\" alt=\"\" srcset=\"https:\/\/galicia.ingenierosnavales.com\/wp-content\/uploads\/2025\/02\/I8A2951-1024x683.jpg 1024w, https:\/\/galicia.ingenierosnavales.com\/wp-content\/uploads\/2025\/02\/I8A2951-300x200.jpg 300w, https:\/\/galicia.ingenierosnavales.com\/wp-content\/uploads\/2025\/02\/I8A2951-768x512.jpg 768w, https:\/\/galicia.ingenierosnavales.com\/wp-content\/uploads\/2025\/02\/I8A2951-1536x1024.jpg 1536w, https:\/\/galicia.ingenierosnavales.com\/wp-content\/uploads\/2025\/02\/I8A2951-2048x1365.jpg 2048w\" sizes=\"auto, (max-width: 1024px) 100vw, 1024px\" \/><\/a>\n\t\t\t<\/dt><\/dl><br style=\"clear: both\" \/><dl class='gallery-item'>\n\t\t\t<dt class='gallery-icon landscape'>\n\t\t\t\t<a href='https:\/\/galicia.ingenierosnavales.com\/index.php\/2025\/02\/20\/sesion-coin-aine-epef-diseno-de-yates-18-febrero-2025\/_i8a2952\/'><img loading=\"lazy\" decoding=\"async\" width=\"1024\" height=\"683\" src=\"https:\/\/galicia.ingenierosnavales.com\/wp-content\/uploads\/2025\/02\/I8A2952-1024x683.jpg\" class=\"attachment-large size-large no-lazy\" alt=\"\" srcset=\"https:\/\/galicia.ingenierosnavales.com\/wp-content\/uploads\/2025\/02\/I8A2952-1024x683.jpg 1024w, https:\/\/galicia.ingenierosnavales.com\/wp-content\/uploads\/2025\/02\/I8A2952-300x200.jpg 300w, https:\/\/galicia.ingenierosnavales.com\/wp-content\/uploads\/2025\/02\/I8A2952-768x512.jpg 768w, https:\/\/galicia.ingenierosnavales.com\/wp-content\/uploads\/2025\/02\/I8A2952-1536x1024.jpg 1536w, https:\/\/galicia.ingenierosnavales.com\/wp-content\/uploads\/2025\/02\/I8A2952-2048x1365.jpg 2048w\" sizes=\"auto, (max-width: 1024px) 100vw, 1024px\" \/><\/a>\n\t\t\t<\/dt><\/dl><dl class='gallery-item'>\n\t\t\t<dt class='gallery-icon landscape'>\n\t\t\t\t<a href='https:\/\/galicia.ingenierosnavales.com\/index.php\/2025\/02\/20\/sesion-coin-aine-epef-diseno-de-yates-18-febrero-2025\/_i8a2958\/'><img loading=\"lazy\" decoding=\"async\" width=\"1024\" height=\"683\" src=\"https:\/\/galicia.ingenierosnavales.com\/wp-content\/uploads\/2025\/02\/I8A2958-1024x683.jpg\" class=\"attachment-large size-large no-lazy\" alt=\"\" srcset=\"https:\/\/galicia.ingenierosnavales.com\/wp-content\/uploads\/2025\/02\/I8A2958-1024x683.jpg 1024w, https:\/\/galicia.ingenierosnavales.com\/wp-content\/uploads\/2025\/02\/I8A2958-300x200.jpg 300w, https:\/\/galicia.ingenierosnavales.com\/wp-content\/uploads\/2025\/02\/I8A2958-768x512.jpg 768w, https:\/\/galicia.ingenierosnavales.com\/wp-content\/uploads\/2025\/02\/I8A2958-1536x1024.jpg 1536w, https:\/\/galicia.ingenierosnavales.com\/wp-content\/uploads\/2025\/02\/I8A2958-2048x1365.jpg 2048w\" sizes=\"auto, (max-width: 1024px) 100vw, 1024px\" \/><\/a>\n\t\t\t<\/dt><\/dl><dl class='gallery-item'>\n\t\t\t<dt class='gallery-icon portrait'>\n\t\t\t\t<a href='https:\/\/galicia.ingenierosnavales.com\/index.php\/2025\/02\/20\/sesion-coin-aine-epef-diseno-de-yates-18-febrero-2025\/_i8a2960\/'><img loading=\"lazy\" decoding=\"async\" width=\"683\" height=\"1024\" src=\"https:\/\/galicia.ingenierosnavales.com\/wp-content\/uploads\/2025\/02\/I8A2960-683x1024.jpg\" class=\"attachment-large size-large no-lazy\" alt=\"\" srcset=\"https:\/\/galicia.ingenierosnavales.com\/wp-content\/uploads\/2025\/02\/I8A2960-683x1024.jpg 683w, https:\/\/galicia.ingenierosnavales.com\/wp-content\/uploads\/2025\/02\/I8A2960-200x300.jpg 200w, https:\/\/galicia.ingenierosnavales.com\/wp-content\/uploads\/2025\/02\/I8A2960-768x1152.jpg 768w, https:\/\/galicia.ingenierosnavales.com\/wp-content\/uploads\/2025\/02\/I8A2960-1024x1536.jpg 1024w, https:\/\/galicia.ingenierosnavales.com\/wp-content\/uploads\/2025\/02\/I8A2960-1365x2048.jpg 1365w, https:\/\/galicia.ingenierosnavales.com\/wp-content\/uploads\/2025\/02\/I8A2960-scaled.jpg 1707w\" sizes=\"auto, (max-width: 683px) 100vw, 683px\" \/><\/a>\n\t\t\t<\/dt><\/dl><br style=\"clear: both\" \/><dl class='gallery-item'>\n\t\t\t<dt class='gallery-icon portrait'>\n\t\t\t\t<a href='https:\/\/galicia.ingenierosnavales.com\/index.php\/2025\/02\/20\/sesion-coin-aine-epef-diseno-de-yates-18-febrero-2025\/_i8a2966\/'><img loading=\"lazy\" decoding=\"async\" width=\"683\" height=\"1024\" src=\"https:\/\/galicia.ingenierosnavales.com\/wp-content\/uploads\/2025\/02\/I8A2966-683x1024.jpg\" class=\"attachment-large size-large no-lazy\" alt=\"\" srcset=\"https:\/\/galicia.ingenierosnavales.com\/wp-content\/uploads\/2025\/02\/I8A2966-683x1024.jpg 683w, https:\/\/galicia.ingenierosnavales.com\/wp-content\/uploads\/2025\/02\/I8A2966-200x300.jpg 200w, https:\/\/galicia.ingenierosnavales.com\/wp-content\/uploads\/2025\/02\/I8A2966-768x1152.jpg 768w, https:\/\/galicia.ingenierosnavales.com\/wp-content\/uploads\/2025\/02\/I8A2966-1024x1536.jpg 1024w, https:\/\/galicia.ingenierosnavales.com\/wp-content\/uploads\/2025\/02\/I8A2966-1365x2048.jpg 1365w, https:\/\/galicia.ingenierosnavales.com\/wp-content\/uploads\/2025\/02\/I8A2966-scaled.jpg 1707w\" sizes=\"auto, (max-width: 683px) 100vw, 683px\" \/><\/a>\n\t\t\t<\/dt><\/dl><dl class='gallery-item'>\n\t\t\t<dt class='gallery-icon landscape'>\n\t\t\t\t<a href='https:\/\/galicia.ingenierosnavales.com\/index.php\/2025\/02\/20\/sesion-coin-aine-epef-diseno-de-yates-18-febrero-2025\/_i8a2968\/'><img loading=\"lazy\" decoding=\"async\" width=\"1024\" height=\"683\" src=\"https:\/\/galicia.ingenierosnavales.com\/wp-content\/uploads\/2025\/02\/I8A2968-1024x683.jpg\" class=\"attachment-large size-large no-lazy\" alt=\"\" srcset=\"https:\/\/galicia.ingenierosnavales.com\/wp-content\/uploads\/2025\/02\/I8A2968-1024x683.jpg 1024w, https:\/\/galicia.ingenierosnavales.com\/wp-content\/uploads\/2025\/02\/I8A2968-300x200.jpg 300w, https:\/\/galicia.ingenierosnavales.com\/wp-content\/uploads\/2025\/02\/I8A2968-768x512.jpg 768w, https:\/\/galicia.ingenierosnavales.com\/wp-content\/uploads\/2025\/02\/I8A2968-1536x1024.jpg 1536w, https:\/\/galicia.ingenierosnavales.com\/wp-content\/uploads\/2025\/02\/I8A2968-2048x1365.jpg 2048w\" sizes=\"auto, (max-width: 1024px) 100vw, 1024px\" \/><\/a>\n\t\t\t<\/dt><\/dl><dl class='gallery-item'>\n\t\t\t<dt class='gallery-icon landscape'>\n\t\t\t\t<a href='https:\/\/galicia.ingenierosnavales.com\/index.php\/2025\/02\/20\/sesion-coin-aine-epef-diseno-de-yates-18-febrero-2025\/_i8a2970\/'><img loading=\"lazy\" decoding=\"async\" width=\"1024\" height=\"683\" src=\"https:\/\/galicia.ingenierosnavales.com\/wp-content\/uploads\/2025\/02\/I8A2970-1024x683.jpg\" class=\"attachment-large size-large no-lazy\" alt=\"\" srcset=\"https:\/\/galicia.ingenierosnavales.com\/wp-content\/uploads\/2025\/02\/I8A2970-1024x683.jpg 1024w, https:\/\/galicia.ingenierosnavales.com\/wp-content\/uploads\/2025\/02\/I8A2970-300x200.jpg 300w, https:\/\/galicia.ingenierosnavales.com\/wp-content\/uploads\/2025\/02\/I8A2970-768x512.jpg 768w, https:\/\/galicia.ingenierosnavales.com\/wp-content\/uploads\/2025\/02\/I8A2970-1536x1024.jpg 1536w, https:\/\/galicia.ingenierosnavales.com\/wp-content\/uploads\/2025\/02\/I8A2970-2048x1365.jpg 2048w\" sizes=\"auto, (max-width: 1024px) 100vw, 1024px\" \/><\/a>\n\t\t\t<\/dt><\/dl><br style=\"clear: both\" \/><dl class='gallery-item'>\n\t\t\t<dt class='gallery-icon landscape'>\n\t\t\t\t<a href='https:\/\/galicia.ingenierosnavales.com\/index.php\/2025\/02\/20\/sesion-coin-aine-epef-diseno-de-yates-18-febrero-2025\/_i8a2974\/'><img loading=\"lazy\" decoding=\"async\" width=\"1024\" height=\"683\" src=\"https:\/\/galicia.ingenierosnavales.com\/wp-content\/uploads\/2025\/02\/I8A2974-1024x683.jpg\" class=\"attachment-large size-large no-lazy\" alt=\"\" srcset=\"https:\/\/galicia.ingenierosnavales.com\/wp-content\/uploads\/2025\/02\/I8A2974-1024x683.jpg 1024w, https:\/\/galicia.ingenierosnavales.com\/wp-content\/uploads\/2025\/02\/I8A2974-300x200.jpg 300w, https:\/\/galicia.ingenierosnavales.com\/wp-content\/uploads\/2025\/02\/I8A2974-768x512.jpg 768w, https:\/\/galicia.ingenierosnavales.com\/wp-content\/uploads\/2025\/02\/I8A2974-1536x1024.jpg 1536w, https:\/\/galicia.ingenierosnavales.com\/wp-content\/uploads\/2025\/02\/I8A2974-2048x1365.jpg 2048w\" sizes=\"auto, (max-width: 1024px) 100vw, 1024px\" \/><\/a>\n\t\t\t<\/dt><\/dl><dl class='gallery-item'>\n\t\t\t<dt class='gallery-icon landscape'>\n\t\t\t\t<a href='https:\/\/galicia.ingenierosnavales.com\/index.php\/2025\/02\/20\/sesion-coin-aine-epef-diseno-de-yates-18-febrero-2025\/_i8a2980\/'><img loading=\"lazy\" decoding=\"async\" width=\"1024\" height=\"683\" src=\"https:\/\/galicia.ingenierosnavales.com\/wp-content\/uploads\/2025\/02\/I8A2980-1024x683.jpg\" class=\"attachment-large size-large no-lazy\" alt=\"\" srcset=\"https:\/\/galicia.ingenierosnavales.com\/wp-content\/uploads\/2025\/02\/I8A2980-1024x683.jpg 1024w, https:\/\/galicia.ingenierosnavales.com\/wp-content\/uploads\/2025\/02\/I8A2980-300x200.jpg 300w, https:\/\/galicia.ingenierosnavales.com\/wp-content\/uploads\/2025\/02\/I8A2980-768x512.jpg 768w, https:\/\/galicia.ingenierosnavales.com\/wp-content\/uploads\/2025\/02\/I8A2980-1536x1024.jpg 1536w, https:\/\/galicia.ingenierosnavales.com\/wp-content\/uploads\/2025\/02\/I8A2980-2048x1365.jpg 2048w\" sizes=\"auto, (max-width: 1024px) 100vw, 1024px\" \/><\/a>\n\t\t\t<\/dt><\/dl><dl class='gallery-item'>\n\t\t\t<dt class='gallery-icon landscape'>\n\t\t\t\t<a href='https:\/\/galicia.ingenierosnavales.com\/index.php\/2025\/02\/20\/sesion-coin-aine-epef-diseno-de-yates-18-febrero-2025\/_i8a2984\/'><img loading=\"lazy\" decoding=\"async\" width=\"1024\" height=\"683\" src=\"https:\/\/galicia.ingenierosnavales.com\/wp-content\/uploads\/2025\/02\/I8A2984-1024x683.jpg\" class=\"attachment-large size-large no-lazy\" alt=\"\" srcset=\"https:\/\/galicia.ingenierosnavales.com\/wp-content\/uploads\/2025\/02\/I8A2984-1024x683.jpg 1024w, https:\/\/galicia.ingenierosnavales.com\/wp-content\/uploads\/2025\/02\/I8A2984-300x200.jpg 300w, https:\/\/galicia.ingenierosnavales.com\/wp-content\/uploads\/2025\/02\/I8A2984-768x512.jpg 768w, https:\/\/galicia.ingenierosnavales.com\/wp-content\/uploads\/2025\/02\/I8A2984-1536x1024.jpg 1536w, https:\/\/galicia.ingenierosnavales.com\/wp-content\/uploads\/2025\/02\/I8A2984-2048x1365.jpg 2048w\" sizes=\"auto, (max-width: 1024px) 100vw, 1024px\" \/><\/a>\n\t\t\t<\/dt><\/dl><br style=\"clear: both\" \/><dl class='gallery-item'>\n\t\t\t<dt class='gallery-icon landscape'>\n\t\t\t\t<a href='https:\/\/galicia.ingenierosnavales.com\/index.php\/2025\/02\/20\/sesion-coin-aine-epef-diseno-de-yates-18-febrero-2025\/_i8a2985\/'><img loading=\"lazy\" decoding=\"async\" width=\"1024\" height=\"683\" src=\"https:\/\/galicia.ingenierosnavales.com\/wp-content\/uploads\/2025\/02\/I8A2985-1024x683.jpg\" class=\"attachment-large size-large no-lazy\" alt=\"\" srcset=\"https:\/\/galicia.ingenierosnavales.com\/wp-content\/uploads\/2025\/02\/I8A2985-1024x683.jpg 1024w, https:\/\/galicia.ingenierosnavales.com\/wp-content\/uploads\/2025\/02\/I8A2985-300x200.jpg 300w, https:\/\/galicia.ingenierosnavales.com\/wp-content\/uploads\/2025\/02\/I8A2985-768x512.jpg 768w, https:\/\/galicia.ingenierosnavales.com\/wp-content\/uploads\/2025\/02\/I8A2985-1536x1024.jpg 1536w, https:\/\/galicia.ingenierosnavales.com\/wp-content\/uploads\/2025\/02\/I8A2985-2048x1365.jpg 2048w\" sizes=\"auto, (max-width: 1024px) 100vw, 1024px\" \/><\/a>\n\t\t\t<\/dt><\/dl><dl class='gallery-item'>\n\t\t\t<dt class='gallery-icon landscape'>\n\t\t\t\t<a href='https:\/\/galicia.ingenierosnavales.com\/index.php\/2025\/02\/20\/sesion-coin-aine-epef-diseno-de-yates-18-febrero-2025\/_i8a2990\/'><img loading=\"lazy\" decoding=\"async\" width=\"1024\" height=\"683\" src=\"https:\/\/galicia.ingenierosnavales.com\/wp-content\/uploads\/2025\/02\/I8A2990-1024x683.jpg\" class=\"attachment-large size-large no-lazy\" alt=\"\" srcset=\"https:\/\/galicia.ingenierosnavales.com\/wp-content\/uploads\/2025\/02\/I8A2990-1024x683.jpg 1024w, https:\/\/galicia.ingenierosnavales.com\/wp-content\/uploads\/2025\/02\/I8A2990-300x200.jpg 300w, https:\/\/galicia.ingenierosnavales.com\/wp-content\/uploads\/2025\/02\/I8A2990-768x512.jpg 768w, https:\/\/galicia.ingenierosnavales.com\/wp-content\/uploads\/2025\/02\/I8A2990-1536x1024.jpg 1536w, https:\/\/galicia.ingenierosnavales.com\/wp-content\/uploads\/2025\/02\/I8A2990-2048x1365.jpg 2048w\" sizes=\"auto, (max-width: 1024px) 100vw, 1024px\" \/><\/a>\n\t\t\t<\/dt><\/dl><dl class='gallery-item'>\n\t\t\t<dt class='gallery-icon portrait'>\n\t\t\t\t<a href='https:\/\/galicia.ingenierosnavales.com\/index.php\/2025\/02\/20\/sesion-coin-aine-epef-diseno-de-yates-18-febrero-2025\/_i8a2992\/'><img loading=\"lazy\" decoding=\"async\" width=\"683\" height=\"1024\" src=\"https:\/\/galicia.ingenierosnavales.com\/wp-content\/uploads\/2025\/02\/I8A2992-683x1024.jpg\" class=\"attachment-large size-large no-lazy\" alt=\"\" srcset=\"https:\/\/galicia.ingenierosnavales.com\/wp-content\/uploads\/2025\/02\/I8A2992-683x1024.jpg 683w, https:\/\/galicia.ingenierosnavales.com\/wp-content\/uploads\/2025\/02\/I8A2992-200x300.jpg 200w, https:\/\/galicia.ingenierosnavales.com\/wp-content\/uploads\/2025\/02\/I8A2992-768x1152.jpg 768w, https:\/\/galicia.ingenierosnavales.com\/wp-content\/uploads\/2025\/02\/I8A2992-1024x1536.jpg 1024w, https:\/\/galicia.ingenierosnavales.com\/wp-content\/uploads\/2025\/02\/I8A2992-1365x2048.jpg 1365w, https:\/\/galicia.ingenierosnavales.com\/wp-content\/uploads\/2025\/02\/I8A2992-scaled.jpg 1707w\" sizes=\"auto, (max-width: 683px) 100vw, 683px\" \/><\/a>\n\t\t\t<\/dt><\/dl><br style=\"clear: both\" \/>\n\t\t<\/div>\n\n","protected":false},"excerpt":{"rendered":"<p>Ferrol, a 19 de febrero de 2025 En la tarde del martes 18 de febrero, tuvo lugar la primera de las conferencias que la Delegaci\u00f3n Territorial en Galicia del Colegio y Asociaci\u00f3n de Ingenieros&#46;&#46;&#46;<\/p>\n","protected":false},"author":2,"featured_media":8047,"comment_status":"open","ping_status":"open","sticky":false,"template":"","format":"standard","meta":{"om_disable_all_campaigns":false,"_monsterinsights_skip_tracking":false,"_monsterinsights_sitenote_active":false,"_monsterinsights_sitenote_note":"","_monsterinsights_sitenote_category":0,"_uf_show_specific_survey":0,"_uf_disable_surveys":false,"footnotes":""},"categories":[1],"tags":[],"class_list":["post-8124","post","type-post","status-publish","format-standard","has-post-thumbnail","hentry","category-eventos"],"aioseo_notices":[],"yoast_head":"<!-- This site is optimized with the Yoast SEO plugin v24.0 - https:\/\/yoast.com\/wordpress\/plugins\/seo\/ -->\n<title>SESI\u00d3N COIN\/AINE-EPEF &quot;Dise\u00f1o de Yates&quot; 18\/febrero\/2025 - Delegaci\u00f3n del COIN en Galicia -<\/title>\n<meta name=\"robots\" content=\"index, follow, max-snippet:-1, max-image-preview:large, max-video-preview:-1\" \/>\n<link rel=\"canonical\" href=\"https:\/\/galicia.ingenierosnavales.com\/index.php\/2025\/02\/20\/sesion-coin-aine-epef-diseno-de-yates-18-febrero-2025\/\" \/>\n<meta property=\"og:locale\" content=\"es_ES\" \/>\n<meta property=\"og:type\" content=\"article\" \/>\n<meta property=\"og:title\" content=\"SESI\u00d3N COIN\/AINE-EPEF &quot;Dise\u00f1o de Yates&quot; 18\/febrero\/2025 - Delegaci\u00f3n del COIN en Galicia -\" \/>\n<meta property=\"og:description\" content=\"Ferrol, a 19 de febrero de 2025 En la tarde del martes 18 de febrero, tuvo lugar la primera de las conferencias que la Delegaci\u00f3n Territorial en Galicia del Colegio y Asociaci\u00f3n de Ingenieros&#046;&#046;&#046;\" \/>\n<meta property=\"og:url\" content=\"https:\/\/galicia.ingenierosnavales.com\/index.php\/2025\/02\/20\/sesion-coin-aine-epef-diseno-de-yates-18-febrero-2025\/\" \/>\n<meta property=\"og:site_name\" content=\"Delegaci\u00f3n del COIN en Galicia -\" \/>\n<meta property=\"article:published_time\" content=\"2025-02-20T08:31:31+00:00\" \/>\n<meta property=\"article:modified_time\" content=\"2025-02-21T08:56:56+00:00\" \/>\n<meta property=\"og:image\" content=\"https:\/\/galicia.ingenierosnavales.com\/wp-content\/uploads\/2025\/02\/27.jpg\" \/>\n\t<meta property=\"og:image:width\" content=\"750\" \/>\n\t<meta property=\"og:image:height\" content=\"430\" \/>\n\t<meta property=\"og:image:type\" content=\"image\/jpeg\" \/>\n<meta name=\"author\" content=\"Delegaci\u00f3n Galicia\" \/>\n<meta name=\"twitter:card\" content=\"summary_large_image\" \/>\n<meta name=\"twitter:label1\" content=\"Escrito por\" \/>\n\t<meta name=\"twitter:data1\" content=\"Delegaci\u00f3n Galicia\" \/>\n\t<meta name=\"twitter:label2\" content=\"Tiempo de lectura\" \/>\n\t<meta name=\"twitter:data2\" content=\"2 minutos\" \/>\n<script type=\"application\/ld+json\" class=\"yoast-schema-graph\">{\"@context\":\"https:\/\/schema.org\",\"@graph\":[{\"@type\":\"Article\",\"@id\":\"https:\/\/galicia.ingenierosnavales.com\/index.php\/2025\/02\/20\/sesion-coin-aine-epef-diseno-de-yates-18-febrero-2025\/#article\",\"isPartOf\":{\"@id\":\"https:\/\/galicia.ingenierosnavales.com\/index.php\/2025\/02\/20\/sesion-coin-aine-epef-diseno-de-yates-18-febrero-2025\/\"},\"author\":{\"name\":\"Delegaci\u00f3n Galicia\",\"@id\":\"https:\/\/galicia.ingenierosnavales.com\/#\/schema\/person\/5b19750a916831d424f63e9271d4e51d\"},\"headline\":\"SESI\u00d3N COIN\/AINE-EPEF \u00abDise\u00f1o de Yates\u00bb 18\/febrero\/2025\",\"datePublished\":\"2025-02-20T08:31:31+00:00\",\"dateModified\":\"2025-02-21T08:56:56+00:00\",\"mainEntityOfPage\":{\"@id\":\"https:\/\/galicia.ingenierosnavales.com\/index.php\/2025\/02\/20\/sesion-coin-aine-epef-diseno-de-yates-18-febrero-2025\/\"},\"wordCount\":312,\"commentCount\":0,\"publisher\":{\"@id\":\"https:\/\/galicia.ingenierosnavales.com\/#organization\"},\"image\":{\"@id\":\"https:\/\/galicia.ingenierosnavales.com\/index.php\/2025\/02\/20\/sesion-coin-aine-epef-diseno-de-yates-18-febrero-2025\/#primaryimage\"},\"thumbnailUrl\":\"https:\/\/galicia.ingenierosnavales.com\/wp-content\/uploads\/2025\/02\/27.jpg\",\"articleSection\":[\"Eventos\"],\"inLanguage\":\"es\",\"potentialAction\":[{\"@type\":\"CommentAction\",\"name\":\"Comment\",\"target\":[\"https:\/\/galicia.ingenierosnavales.com\/index.php\/2025\/02\/20\/sesion-coin-aine-epef-diseno-de-yates-18-febrero-2025\/#respond\"]}]},{\"@type\":\"WebPage\",\"@id\":\"https:\/\/galicia.ingenierosnavales.com\/index.php\/2025\/02\/20\/sesion-coin-aine-epef-diseno-de-yates-18-febrero-2025\/\",\"url\":\"https:\/\/galicia.ingenierosnavales.com\/index.php\/2025\/02\/20\/sesion-coin-aine-epef-diseno-de-yates-18-febrero-2025\/\",\"name\":\"SESI\u00d3N COIN\/AINE-EPEF \\\"Dise\u00f1o de Yates\\\" 18\/febrero\/2025 - Delegaci\u00f3n del COIN en Galicia -\",\"isPartOf\":{\"@id\":\"https:\/\/galicia.ingenierosnavales.com\/#website\"},\"primaryImageOfPage\":{\"@id\":\"https:\/\/galicia.ingenierosnavales.com\/index.php\/2025\/02\/20\/sesion-coin-aine-epef-diseno-de-yates-18-febrero-2025\/#primaryimage\"},\"image\":{\"@id\":\"https:\/\/galicia.ingenierosnavales.com\/index.php\/2025\/02\/20\/sesion-coin-aine-epef-diseno-de-yates-18-febrero-2025\/#primaryimage\"},\"thumbnailUrl\":\"https:\/\/galicia.ingenierosnavales.com\/wp-content\/uploads\/2025\/02\/27.jpg\",\"datePublished\":\"2025-02-20T08:31:31+00:00\",\"dateModified\":\"2025-02-21T08:56:56+00:00\",\"breadcrumb\":{\"@id\":\"https:\/\/galicia.ingenierosnavales.com\/index.php\/2025\/02\/20\/sesion-coin-aine-epef-diseno-de-yates-18-febrero-2025\/#breadcrumb\"},\"inLanguage\":\"es\",\"potentialAction\":[{\"@type\":\"ReadAction\",\"target\":[\"https:\/\/galicia.ingenierosnavales.com\/index.php\/2025\/02\/20\/sesion-coin-aine-epef-diseno-de-yates-18-febrero-2025\/\"]}]},{\"@type\":\"ImageObject\",\"inLanguage\":\"es\",\"@id\":\"https:\/\/galicia.ingenierosnavales.com\/index.php\/2025\/02\/20\/sesion-coin-aine-epef-diseno-de-yates-18-febrero-2025\/#primaryimage\",\"url\":\"https:\/\/galicia.ingenierosnavales.com\/wp-content\/uploads\/2025\/02\/27.jpg\",\"contentUrl\":\"https:\/\/galicia.ingenierosnavales.com\/wp-content\/uploads\/2025\/02\/27.jpg\",\"width\":750,\"height\":430},{\"@type\":\"BreadcrumbList\",\"@id\":\"https:\/\/galicia.ingenierosnavales.com\/index.php\/2025\/02\/20\/sesion-coin-aine-epef-diseno-de-yates-18-febrero-2025\/#breadcrumb\",\"itemListElement\":[{\"@type\":\"ListItem\",\"position\":1,\"name\":\"Home\",\"item\":\"https:\/\/galicia.ingenierosnavales.com\/\"},{\"@type\":\"ListItem\",\"position\":2,\"name\":\"SESI\u00d3N COIN\/AINE-EPEF \u00abDise\u00f1o de Yates\u00bb 18\/febrero\/2025\"}]},{\"@type\":\"WebSite\",\"@id\":\"https:\/\/galicia.ingenierosnavales.com\/#website\",\"url\":\"https:\/\/galicia.ingenierosnavales.com\/\",\"name\":\"Delegaci\u00f3n del COIN en Galicia -\",\"description\":\"\",\"publisher\":{\"@id\":\"https:\/\/galicia.ingenierosnavales.com\/#organization\"},\"potentialAction\":[{\"@type\":\"SearchAction\",\"target\":{\"@type\":\"EntryPoint\",\"urlTemplate\":\"https:\/\/galicia.ingenierosnavales.com\/?s={search_term_string}\"},\"query-input\":{\"@type\":\"PropertyValueSpecification\",\"valueRequired\":true,\"valueName\":\"search_term_string\"}}],\"inLanguage\":\"es\"},{\"@type\":\"Organization\",\"@id\":\"https:\/\/galicia.ingenierosnavales.com\/#organization\",\"name\":\"Delegaci\u00f3n del COIN en Galicia -\",\"url\":\"https:\/\/galicia.ingenierosnavales.com\/\",\"logo\":{\"@type\":\"ImageObject\",\"inLanguage\":\"es\",\"@id\":\"https:\/\/galicia.ingenierosnavales.com\/#\/schema\/logo\/image\/\",\"url\":\"https:\/\/galicia.ingenierosnavales.com\/wp-content\/uploads\/2022\/03\/logo_2-1.png\",\"contentUrl\":\"https:\/\/galicia.ingenierosnavales.com\/wp-content\/uploads\/2022\/03\/logo_2-1.png\",\"width\":240,\"height\":94,\"caption\":\"Delegaci\u00f3n del COIN en Galicia - \"},\"image\":{\"@id\":\"https:\/\/galicia.ingenierosnavales.com\/#\/schema\/logo\/image\/\"}},{\"@type\":\"Person\",\"@id\":\"https:\/\/galicia.ingenierosnavales.com\/#\/schema\/person\/5b19750a916831d424f63e9271d4e51d\",\"name\":\"Delegaci\u00f3n Galicia\",\"image\":{\"@type\":\"ImageObject\",\"inLanguage\":\"es\",\"@id\":\"https:\/\/galicia.ingenierosnavales.com\/#\/schema\/person\/image\/\",\"url\":\"https:\/\/secure.gravatar.com\/avatar\/8ba9b1dd96c7effddd31fcf63bf8cc7f?s=96&d=mm&r=g\",\"contentUrl\":\"https:\/\/secure.gravatar.com\/avatar\/8ba9b1dd96c7effddd31fcf63bf8cc7f?s=96&d=mm&r=g\",\"caption\":\"Delegaci\u00f3n Galicia\"},\"url\":\"https:\/\/galicia.ingenierosnavales.com\/index.php\/author\/galicia\/\"}]}<\/script>\n<!-- \/ Yoast SEO plugin. -->","yoast_head_json":{"title":"SESI\u00d3N COIN\/AINE-EPEF \"Dise\u00f1o de Yates\" 18\/febrero\/2025 - Delegaci\u00f3n del COIN en Galicia -","robots":{"index":"index","follow":"follow","max-snippet":"max-snippet:-1","max-image-preview":"max-image-preview:large","max-video-preview":"max-video-preview:-1"},"canonical":"https:\/\/galicia.ingenierosnavales.com\/index.php\/2025\/02\/20\/sesion-coin-aine-epef-diseno-de-yates-18-febrero-2025\/","og_locale":"es_ES","og_type":"article","og_title":"SESI\u00d3N COIN\/AINE-EPEF \"Dise\u00f1o de Yates\" 18\/febrero\/2025 - Delegaci\u00f3n del COIN en Galicia -","og_description":"Ferrol, a 19 de febrero de 2025 En la tarde del martes 18 de febrero, tuvo lugar la primera de las conferencias que la Delegaci\u00f3n Territorial en Galicia del Colegio y Asociaci\u00f3n de Ingenieros&#46;&#46;&#46;","og_url":"https:\/\/galicia.ingenierosnavales.com\/index.php\/2025\/02\/20\/sesion-coin-aine-epef-diseno-de-yates-18-febrero-2025\/","og_site_name":"Delegaci\u00f3n del COIN en Galicia -","article_published_time":"2025-02-20T08:31:31+00:00","article_modified_time":"2025-02-21T08:56:56+00:00","og_image":[{"width":750,"height":430,"url":"https:\/\/galicia.ingenierosnavales.com\/wp-content\/uploads\/2025\/02\/27.jpg","type":"image\/jpeg"}],"author":"Delegaci\u00f3n Galicia","twitter_card":"summary_large_image","twitter_misc":{"Escrito por":"Delegaci\u00f3n Galicia","Tiempo de lectura":"2 minutos"},"schema":{"@context":"https:\/\/schema.org","@graph":[{"@type":"Article","@id":"https:\/\/galicia.ingenierosnavales.com\/index.php\/2025\/02\/20\/sesion-coin-aine-epef-diseno-de-yates-18-febrero-2025\/#article","isPartOf":{"@id":"https:\/\/galicia.ingenierosnavales.com\/index.php\/2025\/02\/20\/sesion-coin-aine-epef-diseno-de-yates-18-febrero-2025\/"},"author":{"name":"Delegaci\u00f3n Galicia","@id":"https:\/\/galicia.ingenierosnavales.com\/#\/schema\/person\/5b19750a916831d424f63e9271d4e51d"},"headline":"SESI\u00d3N COIN\/AINE-EPEF \u00abDise\u00f1o de Yates\u00bb 18\/febrero\/2025","datePublished":"2025-02-20T08:31:31+00:00","dateModified":"2025-02-21T08:56:56+00:00","mainEntityOfPage":{"@id":"https:\/\/galicia.ingenierosnavales.com\/index.php\/2025\/02\/20\/sesion-coin-aine-epef-diseno-de-yates-18-febrero-2025\/"},"wordCount":312,"commentCount":0,"publisher":{"@id":"https:\/\/galicia.ingenierosnavales.com\/#organization"},"image":{"@id":"https:\/\/galicia.ingenierosnavales.com\/index.php\/2025\/02\/20\/sesion-coin-aine-epef-diseno-de-yates-18-febrero-2025\/#primaryimage"},"thumbnailUrl":"https:\/\/galicia.ingenierosnavales.com\/wp-content\/uploads\/2025\/02\/27.jpg","articleSection":["Eventos"],"inLanguage":"es","potentialAction":[{"@type":"CommentAction","name":"Comment","target":["https:\/\/galicia.ingenierosnavales.com\/index.php\/2025\/02\/20\/sesion-coin-aine-epef-diseno-de-yates-18-febrero-2025\/#respond"]}]},{"@type":"WebPage","@id":"https:\/\/galicia.ingenierosnavales.com\/index.php\/2025\/02\/20\/sesion-coin-aine-epef-diseno-de-yates-18-febrero-2025\/","url":"https:\/\/galicia.ingenierosnavales.com\/index.php\/2025\/02\/20\/sesion-coin-aine-epef-diseno-de-yates-18-febrero-2025\/","name":"SESI\u00d3N COIN\/AINE-EPEF \"Dise\u00f1o de Yates\" 18\/febrero\/2025 - Delegaci\u00f3n del COIN en Galicia -","isPartOf":{"@id":"https:\/\/galicia.ingenierosnavales.com\/#website"},"primaryImageOfPage":{"@id":"https:\/\/galicia.ingenierosnavales.com\/index.php\/2025\/02\/20\/sesion-coin-aine-epef-diseno-de-yates-18-febrero-2025\/#primaryimage"},"image":{"@id":"https:\/\/galicia.ingenierosnavales.com\/index.php\/2025\/02\/20\/sesion-coin-aine-epef-diseno-de-yates-18-febrero-2025\/#primaryimage"},"thumbnailUrl":"https:\/\/galicia.ingenierosnavales.com\/wp-content\/uploads\/2025\/02\/27.jpg","datePublished":"2025-02-20T08:31:31+00:00","dateModified":"2025-02-21T08:56:56+00:00","breadcrumb":{"@id":"https:\/\/galicia.ingenierosnavales.com\/index.php\/2025\/02\/20\/sesion-coin-aine-epef-diseno-de-yates-18-febrero-2025\/#breadcrumb"},"inLanguage":"es","potentialAction":[{"@type":"ReadAction","target":["https:\/\/galicia.ingenierosnavales.com\/index.php\/2025\/02\/20\/sesion-coin-aine-epef-diseno-de-yates-18-febrero-2025\/"]}]},{"@type":"ImageObject","inLanguage":"es","@id":"https:\/\/galicia.ingenierosnavales.com\/index.php\/2025\/02\/20\/sesion-coin-aine-epef-diseno-de-yates-18-febrero-2025\/#primaryimage","url":"https:\/\/galicia.ingenierosnavales.com\/wp-content\/uploads\/2025\/02\/27.jpg","contentUrl":"https:\/\/galicia.ingenierosnavales.com\/wp-content\/uploads\/2025\/02\/27.jpg","width":750,"height":430},{"@type":"BreadcrumbList","@id":"https:\/\/galicia.ingenierosnavales.com\/index.php\/2025\/02\/20\/sesion-coin-aine-epef-diseno-de-yates-18-febrero-2025\/#breadcrumb","itemListElement":[{"@type":"ListItem","position":1,"name":"Home","item":"https:\/\/galicia.ingenierosnavales.com\/"},{"@type":"ListItem","position":2,"name":"SESI\u00d3N COIN\/AINE-EPEF \u00abDise\u00f1o de Yates\u00bb 18\/febrero\/2025"}]},{"@type":"WebSite","@id":"https:\/\/galicia.ingenierosnavales.com\/#website","url":"https:\/\/galicia.ingenierosnavales.com\/","name":"Delegaci\u00f3n del COIN en Galicia -","description":"","publisher":{"@id":"https:\/\/galicia.ingenierosnavales.com\/#organization"},"potentialAction":[{"@type":"SearchAction","target":{"@type":"EntryPoint","urlTemplate":"https:\/\/galicia.ingenierosnavales.com\/?s={search_term_string}"},"query-input":{"@type":"PropertyValueSpecification","valueRequired":true,"valueName":"search_term_string"}}],"inLanguage":"es"},{"@type":"Organization","@id":"https:\/\/galicia.ingenierosnavales.com\/#organization","name":"Delegaci\u00f3n del COIN en Galicia -","url":"https:\/\/galicia.ingenierosnavales.com\/","logo":{"@type":"ImageObject","inLanguage":"es","@id":"https:\/\/galicia.ingenierosnavales.com\/#\/schema\/logo\/image\/","url":"https:\/\/galicia.ingenierosnavales.com\/wp-content\/uploads\/2022\/03\/logo_2-1.png","contentUrl":"https:\/\/galicia.ingenierosnavales.com\/wp-content\/uploads\/2022\/03\/logo_2-1.png","width":240,"height":94,"caption":"Delegaci\u00f3n del COIN en Galicia - "},"image":{"@id":"https:\/\/galicia.ingenierosnavales.com\/#\/schema\/logo\/image\/"}},{"@type":"Person","@id":"https:\/\/galicia.ingenierosnavales.com\/#\/schema\/person\/5b19750a916831d424f63e9271d4e51d","name":"Delegaci\u00f3n Galicia","image":{"@type":"ImageObject","inLanguage":"es","@id":"https:\/\/galicia.ingenierosnavales.com\/#\/schema\/person\/image\/","url":"https:\/\/secure.gravatar.com\/avatar\/8ba9b1dd96c7effddd31fcf63bf8cc7f?s=96&d=mm&r=g","contentUrl":"https:\/\/secure.gravatar.com\/avatar\/8ba9b1dd96c7effddd31fcf63bf8cc7f?s=96&d=mm&r=g","caption":"Delegaci\u00f3n Galicia"},"url":"https:\/\/galicia.ingenierosnavales.com\/index.php\/author\/galicia\/"}]}},"_links":{"self":[{"href":"https:\/\/galicia.ingenierosnavales.com\/index.php\/wp-json\/wp\/v2\/posts\/8124","targetHints":{"allow":["GET"]}}],"collection":[{"href":"https:\/\/galicia.ingenierosnavales.com\/index.php\/wp-json\/wp\/v2\/posts"}],"about":[{"href":"https:\/\/galicia.ingenierosnavales.com\/index.php\/wp-json\/wp\/v2\/types\/post"}],"author":[{"embeddable":true,"href":"https:\/\/galicia.ingenierosnavales.com\/index.php\/wp-json\/wp\/v2\/users\/2"}],"replies":[{"embeddable":true,"href":"https:\/\/galicia.ingenierosnavales.com\/index.php\/wp-json\/wp\/v2\/comments?post=8124"}],"version-history":[{"count":2,"href":"https:\/\/galicia.ingenierosnavales.com\/index.php\/wp-json\/wp\/v2\/posts\/8124\/revisions"}],"predecessor-version":[{"id":8146,"href":"https:\/\/galicia.ingenierosnavales.com\/index.php\/wp-json\/wp\/v2\/posts\/8124\/revisions\/8146"}],"wp:featuredmedia":[{"embeddable":true,"href":"https:\/\/galicia.ingenierosnavales.com\/index.php\/wp-json\/wp\/v2\/media\/8047"}],"wp:attachment":[{"href":"https:\/\/galicia.ingenierosnavales.com\/index.php\/wp-json\/wp\/v2\/media?parent=8124"}],"wp:term":[{"taxonomy":"category","embeddable":true,"href":"https:\/\/galicia.ingenierosnavales.com\/index.php\/wp-json\/wp\/v2\/categories?post=8124"},{"taxonomy":"post_tag","embeddable":true,"href":"https:\/\/galicia.ingenierosnavales.com\/index.php\/wp-json\/wp\/v2\/tags?post=8124"}],"curies":[{"name":"wp","href":"https:\/\/api.w.org\/{rel}","templated":true}]}}