{"id":8026,"date":"2025-01-28T15:41:52","date_gmt":"2025-01-28T15:41:52","guid":{"rendered":"https:\/\/galicia.ingenierosnavales.com\/?p=8026"},"modified":"2025-01-28T15:41:52","modified_gmt":"2025-01-28T15:41:52","slug":"a-nosa-rede-revista-do-colexio-oficial-e-asociacion-de-enxeneiros-de-telecomunicacion-de-galicia-2","status":"publish","type":"post","link":"https:\/\/galicia.ingenierosnavales.com\/index.php\/2025\/01\/28\/a-nosa-rede-revista-do-colexio-oficial-e-asociacion-de-enxeneiros-de-telecomunicacion-de-galicia-2\/","title":{"rendered":"A Nosa Rede | Revista do Colexio Oficial e Asociaci\u00f3n de Enxe\u00f1eiros de Telecomunicaci\u00f3n de Galicia"},"content":{"rendered":"<p><a href=\"https:\/\/www.aetg.gal\/publicacion\/nosa-rede-ngtsi-2024\"><img loading=\"lazy\" decoding=\"async\" class=\"aligncenter wp-image-8024 size-large\" src=\"https:\/\/galicia.ingenierosnavales.com\/wp-content\/uploads\/2025\/01\/banner_anr_ngtsi24-1024x512.jpg\" alt=\"\" width=\"1024\" height=\"512\" srcset=\"https:\/\/galicia.ingenierosnavales.com\/wp-content\/uploads\/2025\/01\/banner_anr_ngtsi24-1024x512.jpg 1024w, https:\/\/galicia.ingenierosnavales.com\/wp-content\/uploads\/2025\/01\/banner_anr_ngtsi24-300x150.jpg 300w, https:\/\/galicia.ingenierosnavales.com\/wp-content\/uploads\/2025\/01\/banner_anr_ngtsi24-768x384.jpg 768w, https:\/\/galicia.ingenierosnavales.com\/wp-content\/uploads\/2025\/01\/banner_anr_ngtsi24.jpg 1537w\" sizes=\"auto, (max-width: 1024px) 100vw, 1024px\" \/><\/a><\/p>\n<p>&nbsp;<\/p>\n<p>El Colegio y Asociaci\u00f3n de Ingenieros de Telecomunicaci\u00f3n de Galicia, lanzan un nuevo n\u00famero de la revista <strong><em>A Nosa Rede<\/em><\/strong> en una edici\u00f3n especial sobre los <em>Premios Galicia de las Telecomunicaciones y de la Sociedad de la Informaci\u00f3n 2024 <\/em>y de la <em>Noite Galega<\/em>.<\/p>\n<p>Este n\u00famero recoge tambi\u00e9n art\u00edculos de recomendada lectura de sus empresas colaboradoras.<\/p>\n","protected":false},"excerpt":{"rendered":"<p>&nbsp; El Colegio y Asociaci\u00f3n de Ingenieros de Telecomunicaci\u00f3n de Galicia, lanzan un nuevo n\u00famero de la revista A Nosa Rede en una edici\u00f3n especial sobre los Premios Galicia de las Telecomunicaciones y de&#46;&#46;&#46;<\/p>\n","protected":false},"author":2,"featured_media":8024,"comment_status":"open","ping_status":"open","sticky":false,"template":"","format":"standard","meta":{"om_disable_all_campaigns":false,"_monsterinsights_skip_tracking":false,"_monsterinsights_sitenote_active":false,"_monsterinsights_sitenote_note":"","_monsterinsights_sitenote_category":0,"_uf_show_specific_survey":0,"_uf_disable_surveys":false,"footnotes":""},"categories":[4,3],"tags":[],"class_list":["post-8026","post","type-post","status-publish","format-standard","has-post-thumbnail","hentry","category-cges","category-noticias-gl-es"],"aioseo_notices":[],"yoast_head":"<!-- This site is optimized with the Yoast SEO plugin v24.0 - https:\/\/yoast.com\/wordpress\/plugins\/seo\/ -->\n<title>A Nosa Rede | Revista do Colexio Oficial e Asociaci\u00f3n de Enxe\u00f1eiros de Telecomunicaci\u00f3n de Galicia - Delegaci\u00f3n del COIN en Galicia -<\/title>\n<meta name=\"robots\" content=\"index, follow, max-snippet:-1, max-image-preview:large, max-video-preview:-1\" \/>\n<link rel=\"canonical\" href=\"https:\/\/galicia.ingenierosnavales.com\/index.php\/2025\/01\/28\/a-nosa-rede-revista-do-colexio-oficial-e-asociacion-de-enxeneiros-de-telecomunicacion-de-galicia-2\/\" \/>\n<meta property=\"og:locale\" content=\"es_ES\" \/>\n<meta property=\"og:type\" content=\"article\" \/>\n<meta property=\"og:title\" content=\"A Nosa Rede | Revista do Colexio Oficial e Asociaci\u00f3n de Enxe\u00f1eiros de Telecomunicaci\u00f3n de Galicia - Delegaci\u00f3n del COIN en Galicia -\" \/>\n<meta property=\"og:description\" content=\"&nbsp; El Colegio y Asociaci\u00f3n de Ingenieros de Telecomunicaci\u00f3n de Galicia, lanzan un nuevo n\u00famero de la revista A Nosa Rede en una edici\u00f3n especial sobre los Premios Galicia de las Telecomunicaciones y de&#046;&#046;&#046;\" \/>\n<meta property=\"og:url\" content=\"https:\/\/galicia.ingenierosnavales.com\/index.php\/2025\/01\/28\/a-nosa-rede-revista-do-colexio-oficial-e-asociacion-de-enxeneiros-de-telecomunicacion-de-galicia-2\/\" \/>\n<meta property=\"og:site_name\" content=\"Delegaci\u00f3n del COIN en Galicia -\" \/>\n<meta property=\"article:published_time\" content=\"2025-01-28T15:41:52+00:00\" \/>\n<meta property=\"og:image\" content=\"https:\/\/galicia.ingenierosnavales.com\/wp-content\/uploads\/2025\/01\/banner_anr_ngtsi24.jpg\" \/>\n\t<meta property=\"og:image:width\" content=\"1537\" \/>\n\t<meta property=\"og:image:height\" content=\"768\" \/>\n\t<meta property=\"og:image:type\" content=\"image\/jpeg\" \/>\n<meta name=\"author\" content=\"Delegaci\u00f3n Galicia\" \/>\n<meta name=\"twitter:card\" content=\"summary_large_image\" \/>\n<meta name=\"twitter:label1\" content=\"Escrito por\" \/>\n\t<meta name=\"twitter:data1\" content=\"Delegaci\u00f3n Galicia\" \/>\n\t<meta name=\"twitter:label2\" content=\"Tiempo de lectura\" \/>\n\t<meta name=\"twitter:data2\" content=\"1 minuto\" \/>\n<script type=\"application\/ld+json\" class=\"yoast-schema-graph\">{\"@context\":\"https:\/\/schema.org\",\"@graph\":[{\"@type\":\"Article\",\"@id\":\"https:\/\/galicia.ingenierosnavales.com\/index.php\/2025\/01\/28\/a-nosa-rede-revista-do-colexio-oficial-e-asociacion-de-enxeneiros-de-telecomunicacion-de-galicia-2\/#article\",\"isPartOf\":{\"@id\":\"https:\/\/galicia.ingenierosnavales.com\/index.php\/2025\/01\/28\/a-nosa-rede-revista-do-colexio-oficial-e-asociacion-de-enxeneiros-de-telecomunicacion-de-galicia-2\/\"},\"author\":{\"name\":\"Delegaci\u00f3n Galicia\",\"@id\":\"https:\/\/galicia.ingenierosnavales.com\/#\/schema\/person\/5b19750a916831d424f63e9271d4e51d\"},\"headline\":\"A Nosa Rede | Revista do Colexio Oficial e Asociaci\u00f3n de Enxe\u00f1eiros de Telecomunicaci\u00f3n de Galicia\",\"datePublished\":\"2025-01-28T15:41:52+00:00\",\"dateModified\":\"2025-01-28T15:41:52+00:00\",\"mainEntityOfPage\":{\"@id\":\"https:\/\/galicia.ingenierosnavales.com\/index.php\/2025\/01\/28\/a-nosa-rede-revista-do-colexio-oficial-e-asociacion-de-enxeneiros-de-telecomunicacion-de-galicia-2\/\"},\"wordCount\":82,\"commentCount\":0,\"publisher\":{\"@id\":\"https:\/\/galicia.ingenierosnavales.com\/#organization\"},\"image\":{\"@id\":\"https:\/\/galicia.ingenierosnavales.com\/index.php\/2025\/01\/28\/a-nosa-rede-revista-do-colexio-oficial-e-asociacion-de-enxeneiros-de-telecomunicacion-de-galicia-2\/#primaryimage\"},\"thumbnailUrl\":\"https:\/\/galicia.ingenierosnavales.com\/wp-content\/uploads\/2025\/01\/banner_anr_ngtsi24.jpg\",\"articleSection\":[\"CGES\",\"Noticias\"],\"inLanguage\":\"es\",\"potentialAction\":[{\"@type\":\"CommentAction\",\"name\":\"Comment\",\"target\":[\"https:\/\/galicia.ingenierosnavales.com\/index.php\/2025\/01\/28\/a-nosa-rede-revista-do-colexio-oficial-e-asociacion-de-enxeneiros-de-telecomunicacion-de-galicia-2\/#respond\"]}]},{\"@type\":\"WebPage\",\"@id\":\"https:\/\/galicia.ingenierosnavales.com\/index.php\/2025\/01\/28\/a-nosa-rede-revista-do-colexio-oficial-e-asociacion-de-enxeneiros-de-telecomunicacion-de-galicia-2\/\",\"url\":\"https:\/\/galicia.ingenierosnavales.com\/index.php\/2025\/01\/28\/a-nosa-rede-revista-do-colexio-oficial-e-asociacion-de-enxeneiros-de-telecomunicacion-de-galicia-2\/\",\"name\":\"A Nosa Rede | Revista do Colexio Oficial e Asociaci\u00f3n de Enxe\u00f1eiros de Telecomunicaci\u00f3n de Galicia - Delegaci\u00f3n del COIN en Galicia -\",\"isPartOf\":{\"@id\":\"https:\/\/galicia.ingenierosnavales.com\/#website\"},\"primaryImageOfPage\":{\"@id\":\"https:\/\/galicia.ingenierosnavales.com\/index.php\/2025\/01\/28\/a-nosa-rede-revista-do-colexio-oficial-e-asociacion-de-enxeneiros-de-telecomunicacion-de-galicia-2\/#primaryimage\"},\"image\":{\"@id\":\"https:\/\/galicia.ingenierosnavales.com\/index.php\/2025\/01\/28\/a-nosa-rede-revista-do-colexio-oficial-e-asociacion-de-enxeneiros-de-telecomunicacion-de-galicia-2\/#primaryimage\"},\"thumbnailUrl\":\"https:\/\/galicia.ingenierosnavales.com\/wp-content\/uploads\/2025\/01\/banner_anr_ngtsi24.jpg\",\"datePublished\":\"2025-01-28T15:41:52+00:00\",\"dateModified\":\"2025-01-28T15:41:52+00:00\",\"breadcrumb\":{\"@id\":\"https:\/\/galicia.ingenierosnavales.com\/index.php\/2025\/01\/28\/a-nosa-rede-revista-do-colexio-oficial-e-asociacion-de-enxeneiros-de-telecomunicacion-de-galicia-2\/#breadcrumb\"},\"inLanguage\":\"es\",\"potentialAction\":[{\"@type\":\"ReadAction\",\"target\":[\"https:\/\/galicia.ingenierosnavales.com\/index.php\/2025\/01\/28\/a-nosa-rede-revista-do-colexio-oficial-e-asociacion-de-enxeneiros-de-telecomunicacion-de-galicia-2\/\"]}]},{\"@type\":\"ImageObject\",\"inLanguage\":\"es\",\"@id\":\"https:\/\/galicia.ingenierosnavales.com\/index.php\/2025\/01\/28\/a-nosa-rede-revista-do-colexio-oficial-e-asociacion-de-enxeneiros-de-telecomunicacion-de-galicia-2\/#primaryimage\",\"url\":\"https:\/\/galicia.ingenierosnavales.com\/wp-content\/uploads\/2025\/01\/banner_anr_ngtsi24.jpg\",\"contentUrl\":\"https:\/\/galicia.ingenierosnavales.com\/wp-content\/uploads\/2025\/01\/banner_anr_ngtsi24.jpg\",\"width\":1537,\"height\":768},{\"@type\":\"BreadcrumbList\",\"@id\":\"https:\/\/galicia.ingenierosnavales.com\/index.php\/2025\/01\/28\/a-nosa-rede-revista-do-colexio-oficial-e-asociacion-de-enxeneiros-de-telecomunicacion-de-galicia-2\/#breadcrumb\",\"itemListElement\":[{\"@type\":\"ListItem\",\"position\":1,\"name\":\"Home\",\"item\":\"https:\/\/galicia.ingenierosnavales.com\/\"},{\"@type\":\"ListItem\",\"position\":2,\"name\":\"A Nosa Rede | Revista do Colexio Oficial e Asociaci\u00f3n de Enxe\u00f1eiros de Telecomunicaci\u00f3n de Galicia\"}]},{\"@type\":\"WebSite\",\"@id\":\"https:\/\/galicia.ingenierosnavales.com\/#website\",\"url\":\"https:\/\/galicia.ingenierosnavales.com\/\",\"name\":\"Delegaci\u00f3n del COIN en Galicia -\",\"description\":\"\",\"publisher\":{\"@id\":\"https:\/\/galicia.ingenierosnavales.com\/#organization\"},\"potentialAction\":[{\"@type\":\"SearchAction\",\"target\":{\"@type\":\"EntryPoint\",\"urlTemplate\":\"https:\/\/galicia.ingenierosnavales.com\/?s={search_term_string}\"},\"query-input\":{\"@type\":\"PropertyValueSpecification\",\"valueRequired\":true,\"valueName\":\"search_term_string\"}}],\"inLanguage\":\"es\"},{\"@type\":\"Organization\",\"@id\":\"https:\/\/galicia.ingenierosnavales.com\/#organization\",\"name\":\"Delegaci\u00f3n del COIN en Galicia -\",\"url\":\"https:\/\/galicia.ingenierosnavales.com\/\",\"logo\":{\"@type\":\"ImageObject\",\"inLanguage\":\"es\",\"@id\":\"https:\/\/galicia.ingenierosnavales.com\/#\/schema\/logo\/image\/\",\"url\":\"https:\/\/galicia.ingenierosnavales.com\/wp-content\/uploads\/2022\/03\/logo_2-1.png\",\"contentUrl\":\"https:\/\/galicia.ingenierosnavales.com\/wp-content\/uploads\/2022\/03\/logo_2-1.png\",\"width\":240,\"height\":94,\"caption\":\"Delegaci\u00f3n del COIN en Galicia - \"},\"image\":{\"@id\":\"https:\/\/galicia.ingenierosnavales.com\/#\/schema\/logo\/image\/\"}},{\"@type\":\"Person\",\"@id\":\"https:\/\/galicia.ingenierosnavales.com\/#\/schema\/person\/5b19750a916831d424f63e9271d4e51d\",\"name\":\"Delegaci\u00f3n Galicia\",\"image\":{\"@type\":\"ImageObject\",\"inLanguage\":\"es\",\"@id\":\"https:\/\/galicia.ingenierosnavales.com\/#\/schema\/person\/image\/\",\"url\":\"https:\/\/secure.gravatar.com\/avatar\/8ba9b1dd96c7effddd31fcf63bf8cc7f?s=96&d=mm&r=g\",\"contentUrl\":\"https:\/\/secure.gravatar.com\/avatar\/8ba9b1dd96c7effddd31fcf63bf8cc7f?s=96&d=mm&r=g\",\"caption\":\"Delegaci\u00f3n Galicia\"},\"url\":\"https:\/\/galicia.ingenierosnavales.com\/index.php\/author\/galicia\/\"}]}<\/script>\n<!-- \/ Yoast SEO plugin. -->","yoast_head_json":{"title":"A Nosa Rede | Revista do Colexio Oficial e Asociaci\u00f3n de Enxe\u00f1eiros de Telecomunicaci\u00f3n de Galicia - Delegaci\u00f3n del COIN en Galicia -","robots":{"index":"index","follow":"follow","max-snippet":"max-snippet:-1","max-image-preview":"max-image-preview:large","max-video-preview":"max-video-preview:-1"},"canonical":"https:\/\/galicia.ingenierosnavales.com\/index.php\/2025\/01\/28\/a-nosa-rede-revista-do-colexio-oficial-e-asociacion-de-enxeneiros-de-telecomunicacion-de-galicia-2\/","og_locale":"es_ES","og_type":"article","og_title":"A Nosa Rede | Revista do Colexio Oficial e Asociaci\u00f3n de Enxe\u00f1eiros de Telecomunicaci\u00f3n de Galicia - Delegaci\u00f3n del COIN en Galicia -","og_description":"&nbsp; El Colegio y Asociaci\u00f3n de Ingenieros de Telecomunicaci\u00f3n de Galicia, lanzan un nuevo n\u00famero de la revista A Nosa Rede en una edici\u00f3n especial sobre los Premios Galicia de las Telecomunicaciones y de&#46;&#46;&#46;","og_url":"https:\/\/galicia.ingenierosnavales.com\/index.php\/2025\/01\/28\/a-nosa-rede-revista-do-colexio-oficial-e-asociacion-de-enxeneiros-de-telecomunicacion-de-galicia-2\/","og_site_name":"Delegaci\u00f3n del COIN en Galicia -","article_published_time":"2025-01-28T15:41:52+00:00","og_image":[{"width":1537,"height":768,"url":"https:\/\/galicia.ingenierosnavales.com\/wp-content\/uploads\/2025\/01\/banner_anr_ngtsi24.jpg","type":"image\/jpeg"}],"author":"Delegaci\u00f3n Galicia","twitter_card":"summary_large_image","twitter_misc":{"Escrito por":"Delegaci\u00f3n Galicia","Tiempo de lectura":"1 minuto"},"schema":{"@context":"https:\/\/schema.org","@graph":[{"@type":"Article","@id":"https:\/\/galicia.ingenierosnavales.com\/index.php\/2025\/01\/28\/a-nosa-rede-revista-do-colexio-oficial-e-asociacion-de-enxeneiros-de-telecomunicacion-de-galicia-2\/#article","isPartOf":{"@id":"https:\/\/galicia.ingenierosnavales.com\/index.php\/2025\/01\/28\/a-nosa-rede-revista-do-colexio-oficial-e-asociacion-de-enxeneiros-de-telecomunicacion-de-galicia-2\/"},"author":{"name":"Delegaci\u00f3n Galicia","@id":"https:\/\/galicia.ingenierosnavales.com\/#\/schema\/person\/5b19750a916831d424f63e9271d4e51d"},"headline":"A Nosa Rede | Revista do Colexio Oficial e Asociaci\u00f3n de Enxe\u00f1eiros de Telecomunicaci\u00f3n de Galicia","datePublished":"2025-01-28T15:41:52+00:00","dateModified":"2025-01-28T15:41:52+00:00","mainEntityOfPage":{"@id":"https:\/\/galicia.ingenierosnavales.com\/index.php\/2025\/01\/28\/a-nosa-rede-revista-do-colexio-oficial-e-asociacion-de-enxeneiros-de-telecomunicacion-de-galicia-2\/"},"wordCount":82,"commentCount":0,"publisher":{"@id":"https:\/\/galicia.ingenierosnavales.com\/#organization"},"image":{"@id":"https:\/\/galicia.ingenierosnavales.com\/index.php\/2025\/01\/28\/a-nosa-rede-revista-do-colexio-oficial-e-asociacion-de-enxeneiros-de-telecomunicacion-de-galicia-2\/#primaryimage"},"thumbnailUrl":"https:\/\/galicia.ingenierosnavales.com\/wp-content\/uploads\/2025\/01\/banner_anr_ngtsi24.jpg","articleSection":["CGES","Noticias"],"inLanguage":"es","potentialAction":[{"@type":"CommentAction","name":"Comment","target":["https:\/\/galicia.ingenierosnavales.com\/index.php\/2025\/01\/28\/a-nosa-rede-revista-do-colexio-oficial-e-asociacion-de-enxeneiros-de-telecomunicacion-de-galicia-2\/#respond"]}]},{"@type":"WebPage","@id":"https:\/\/galicia.ingenierosnavales.com\/index.php\/2025\/01\/28\/a-nosa-rede-revista-do-colexio-oficial-e-asociacion-de-enxeneiros-de-telecomunicacion-de-galicia-2\/","url":"https:\/\/galicia.ingenierosnavales.com\/index.php\/2025\/01\/28\/a-nosa-rede-revista-do-colexio-oficial-e-asociacion-de-enxeneiros-de-telecomunicacion-de-galicia-2\/","name":"A Nosa Rede | Revista do Colexio Oficial e Asociaci\u00f3n de Enxe\u00f1eiros de Telecomunicaci\u00f3n de Galicia - Delegaci\u00f3n del COIN en Galicia -","isPartOf":{"@id":"https:\/\/galicia.ingenierosnavales.com\/#website"},"primaryImageOfPage":{"@id":"https:\/\/galicia.ingenierosnavales.com\/index.php\/2025\/01\/28\/a-nosa-rede-revista-do-colexio-oficial-e-asociacion-de-enxeneiros-de-telecomunicacion-de-galicia-2\/#primaryimage"},"image":{"@id":"https:\/\/galicia.ingenierosnavales.com\/index.php\/2025\/01\/28\/a-nosa-rede-revista-do-colexio-oficial-e-asociacion-de-enxeneiros-de-telecomunicacion-de-galicia-2\/#primaryimage"},"thumbnailUrl":"https:\/\/galicia.ingenierosnavales.com\/wp-content\/uploads\/2025\/01\/banner_anr_ngtsi24.jpg","datePublished":"2025-01-28T15:41:52+00:00","dateModified":"2025-01-28T15:41:52+00:00","breadcrumb":{"@id":"https:\/\/galicia.ingenierosnavales.com\/index.php\/2025\/01\/28\/a-nosa-rede-revista-do-colexio-oficial-e-asociacion-de-enxeneiros-de-telecomunicacion-de-galicia-2\/#breadcrumb"},"inLanguage":"es","potentialAction":[{"@type":"ReadAction","target":["https:\/\/galicia.ingenierosnavales.com\/index.php\/2025\/01\/28\/a-nosa-rede-revista-do-colexio-oficial-e-asociacion-de-enxeneiros-de-telecomunicacion-de-galicia-2\/"]}]},{"@type":"ImageObject","inLanguage":"es","@id":"https:\/\/galicia.ingenierosnavales.com\/index.php\/2025\/01\/28\/a-nosa-rede-revista-do-colexio-oficial-e-asociacion-de-enxeneiros-de-telecomunicacion-de-galicia-2\/#primaryimage","url":"https:\/\/galicia.ingenierosnavales.com\/wp-content\/uploads\/2025\/01\/banner_anr_ngtsi24.jpg","contentUrl":"https:\/\/galicia.ingenierosnavales.com\/wp-content\/uploads\/2025\/01\/banner_anr_ngtsi24.jpg","width":1537,"height":768},{"@type":"BreadcrumbList","@id":"https:\/\/galicia.ingenierosnavales.com\/index.php\/2025\/01\/28\/a-nosa-rede-revista-do-colexio-oficial-e-asociacion-de-enxeneiros-de-telecomunicacion-de-galicia-2\/#breadcrumb","itemListElement":[{"@type":"ListItem","position":1,"name":"Home","item":"https:\/\/galicia.ingenierosnavales.com\/"},{"@type":"ListItem","position":2,"name":"A Nosa Rede | Revista do Colexio Oficial e Asociaci\u00f3n de Enxe\u00f1eiros de Telecomunicaci\u00f3n de Galicia"}]},{"@type":"WebSite","@id":"https:\/\/galicia.ingenierosnavales.com\/#website","url":"https:\/\/galicia.ingenierosnavales.com\/","name":"Delegaci\u00f3n del COIN en Galicia -","description":"","publisher":{"@id":"https:\/\/galicia.ingenierosnavales.com\/#organization"},"potentialAction":[{"@type":"SearchAction","target":{"@type":"EntryPoint","urlTemplate":"https:\/\/galicia.ingenierosnavales.com\/?s={search_term_string}"},"query-input":{"@type":"PropertyValueSpecification","valueRequired":true,"valueName":"search_term_string"}}],"inLanguage":"es"},{"@type":"Organization","@id":"https:\/\/galicia.ingenierosnavales.com\/#organization","name":"Delegaci\u00f3n del COIN en Galicia -","url":"https:\/\/galicia.ingenierosnavales.com\/","logo":{"@type":"ImageObject","inLanguage":"es","@id":"https:\/\/galicia.ingenierosnavales.com\/#\/schema\/logo\/image\/","url":"https:\/\/galicia.ingenierosnavales.com\/wp-content\/uploads\/2022\/03\/logo_2-1.png","contentUrl":"https:\/\/galicia.ingenierosnavales.com\/wp-content\/uploads\/2022\/03\/logo_2-1.png","width":240,"height":94,"caption":"Delegaci\u00f3n del COIN en Galicia - "},"image":{"@id":"https:\/\/galicia.ingenierosnavales.com\/#\/schema\/logo\/image\/"}},{"@type":"Person","@id":"https:\/\/galicia.ingenierosnavales.com\/#\/schema\/person\/5b19750a916831d424f63e9271d4e51d","name":"Delegaci\u00f3n Galicia","image":{"@type":"ImageObject","inLanguage":"es","@id":"https:\/\/galicia.ingenierosnavales.com\/#\/schema\/person\/image\/","url":"https:\/\/secure.gravatar.com\/avatar\/8ba9b1dd96c7effddd31fcf63bf8cc7f?s=96&d=mm&r=g","contentUrl":"https:\/\/secure.gravatar.com\/avatar\/8ba9b1dd96c7effddd31fcf63bf8cc7f?s=96&d=mm&r=g","caption":"Delegaci\u00f3n Galicia"},"url":"https:\/\/galicia.ingenierosnavales.com\/index.php\/author\/galicia\/"}]}},"_links":{"self":[{"href":"https:\/\/galicia.ingenierosnavales.com\/index.php\/wp-json\/wp\/v2\/posts\/8026","targetHints":{"allow":["GET"]}}],"collection":[{"href":"https:\/\/galicia.ingenierosnavales.com\/index.php\/wp-json\/wp\/v2\/posts"}],"about":[{"href":"https:\/\/galicia.ingenierosnavales.com\/index.php\/wp-json\/wp\/v2\/types\/post"}],"author":[{"embeddable":true,"href":"https:\/\/galicia.ingenierosnavales.com\/index.php\/wp-json\/wp\/v2\/users\/2"}],"replies":[{"embeddable":true,"href":"https:\/\/galicia.ingenierosnavales.com\/index.php\/wp-json\/wp\/v2\/comments?post=8026"}],"version-history":[{"count":1,"href":"https:\/\/galicia.ingenierosnavales.com\/index.php\/wp-json\/wp\/v2\/posts\/8026\/revisions"}],"predecessor-version":[{"id":8027,"href":"https:\/\/galicia.ingenierosnavales.com\/index.php\/wp-json\/wp\/v2\/posts\/8026\/revisions\/8027"}],"wp:featuredmedia":[{"embeddable":true,"href":"https:\/\/galicia.ingenierosnavales.com\/index.php\/wp-json\/wp\/v2\/media\/8024"}],"wp:attachment":[{"href":"https:\/\/galicia.ingenierosnavales.com\/index.php\/wp-json\/wp\/v2\/media?parent=8026"}],"wp:term":[{"taxonomy":"category","embeddable":true,"href":"https:\/\/galicia.ingenierosnavales.com\/index.php\/wp-json\/wp\/v2\/categories?post=8026"},{"taxonomy":"post_tag","embeddable":true,"href":"https:\/\/galicia.ingenierosnavales.com\/index.php\/wp-json\/wp\/v2\/tags?post=8026"}],"curies":[{"name":"wp","href":"https:\/\/api.w.org\/{rel}","templated":true}]}}