{"id":7999,"date":"2025-01-24T07:14:33","date_gmt":"2025-01-24T07:14:33","guid":{"rendered":"https:\/\/galicia.ingenierosnavales.com\/?p=7999"},"modified":"2025-01-24T07:14:33","modified_gmt":"2025-01-24T07:14:33","slug":"jornada-tecnica-servicios-de-guardacostas-europeo-y-espanol","status":"publish","type":"post","link":"https:\/\/galicia.ingenierosnavales.com\/index.php\/2025\/01\/24\/jornada-tecnica-servicios-de-guardacostas-europeo-y-espanol\/","title":{"rendered":"Jornada T\u00e9cnica \u00abServicios de Guardacostas Europeo y Espa\u00f1ol\u00bb"},"content":{"rendered":"<p><a href=\"https:\/\/asime.es\/eventos-asime\/jornada-tecnica-servicios-de-guardacostas-europeo-y-espanol\/\"><img loading=\"lazy\" decoding=\"async\" class=\"aligncenter wp-image-8000 size-full\" src=\"https:\/\/galicia.ingenierosnavales.com\/wp-content\/uploads\/2025\/01\/Jornada-Tecnica-Servicios-de-Guardacostas-Europeo-y-Espanol-30.01.2025.png\" alt=\"\" width=\"1024\" height=\"512\" srcset=\"https:\/\/galicia.ingenierosnavales.com\/wp-content\/uploads\/2025\/01\/Jornada-Tecnica-Servicios-de-Guardacostas-Europeo-y-Espanol-30.01.2025.png 1024w, https:\/\/galicia.ingenierosnavales.com\/wp-content\/uploads\/2025\/01\/Jornada-Tecnica-Servicios-de-Guardacostas-Europeo-y-Espanol-30.01.2025-300x150.png 300w, https:\/\/galicia.ingenierosnavales.com\/wp-content\/uploads\/2025\/01\/Jornada-Tecnica-Servicios-de-Guardacostas-Europeo-y-Espanol-30.01.2025-768x384.png 768w\" sizes=\"auto, (max-width: 1024px) 100vw, 1024px\" \/><\/a><\/p>\n<p>&nbsp;<\/p>\n<p>El jueves 30 de enero tendr\u00e1 lugar la\u00a0<strong>Jornada T\u00e9cnica \u00abServicios de Guardacostas Europeo y Espa\u00f1ol\u00bb<\/strong>, organizada por Asime y la Fundaci\u00f3n Philippe Cousteau. El evento se celebrar\u00e1 en la sede de Asime Vigo (Avda. Doctor Corbal, 51) a las 08:30 horas.<\/p>\n<p>Este encuentro reunir\u00e1 a\u00a0<strong>representantes de organismos europeos de seguridad y defensa junto con l\u00edderes de la industria<\/strong>, en un espacio para analizar conjuntamente los\u00a0<strong>retos, oportunidades y colaboraciones de esta industria<\/strong>. Ser\u00e1 una ocasi\u00f3n ideal para explorar el\u00a0<strong>desarrollo de capacidades en seguridad y defensa mar\u00edtima y el impulso de colaboraciones estrat\u00e9gicas<\/strong>\u00a0en este entorno.<\/p>\n<p>Las empresas que deseen asistir, pueden inscribirse a trav\u00e9s del\u00a0<strong><a href=\"https:\/\/forms.zohopublic.com\/asociacindeindustrialesmetal\/form\/JornadaTcnicaServiciosEuropeoyEspaoldeGuardacostas\/formperma\/XptoKAn294ag-gHV0wV0urfnv2Kh0r8j_fvuJoQvGkM\">formulario de registro.\u00a0<\/a><\/strong><\/p>\n<p>Este evento cuenta con el patrocinio de\u00a0<strong>Industrias Ferri, Ghenova, MetalShips y TMS Maritime Solutions.<\/strong><\/p>\n<p>M\u00e1s informaci\u00f3n e inscripci\u00f3n: https:\/\/asime.es\/eventos-asime\/jornada-tecnica-servicios-de-guardacostas-europeo-y-espanol\/<\/p>\n<p>&nbsp;<\/p>\n","protected":false},"excerpt":{"rendered":"<p>&nbsp; El jueves 30 de enero tendr\u00e1 lugar la\u00a0Jornada T\u00e9cnica \u00abServicios de Guardacostas Europeo y Espa\u00f1ol\u00bb, organizada por Asime y la Fundaci\u00f3n Philippe Cousteau. El evento se celebrar\u00e1 en la sede de Asime Vigo&#46;&#46;&#46;<\/p>\n","protected":false},"author":2,"featured_media":8000,"comment_status":"open","ping_status":"open","sticky":false,"template":"","format":"standard","meta":{"om_disable_all_campaigns":false,"_monsterinsights_skip_tracking":false,"_monsterinsights_sitenote_active":false,"_monsterinsights_sitenote_note":"","_monsterinsights_sitenote_category":0,"_uf_show_specific_survey":0,"_uf_disable_surveys":false,"footnotes":""},"categories":[1],"tags":[],"class_list":["post-7999","post","type-post","status-publish","format-standard","has-post-thumbnail","hentry","category-eventos"],"aioseo_notices":[],"yoast_head":"<!-- This site is optimized with the Yoast SEO plugin v24.0 - https:\/\/yoast.com\/wordpress\/plugins\/seo\/ -->\n<title>Jornada T\u00e9cnica &quot;Servicios de Guardacostas Europeo y Espa\u00f1ol&quot; - Delegaci\u00f3n del COIN en Galicia -<\/title>\n<meta name=\"robots\" content=\"index, follow, max-snippet:-1, max-image-preview:large, max-video-preview:-1\" \/>\n<link rel=\"canonical\" href=\"https:\/\/galicia.ingenierosnavales.com\/index.php\/2025\/01\/24\/jornada-tecnica-servicios-de-guardacostas-europeo-y-espanol\/\" \/>\n<meta property=\"og:locale\" content=\"es_ES\" \/>\n<meta property=\"og:type\" content=\"article\" \/>\n<meta property=\"og:title\" content=\"Jornada T\u00e9cnica &quot;Servicios de Guardacostas Europeo y Espa\u00f1ol&quot; - Delegaci\u00f3n del COIN en Galicia -\" \/>\n<meta property=\"og:description\" content=\"&nbsp; El jueves 30 de enero tendr\u00e1 lugar la\u00a0Jornada T\u00e9cnica \u00abServicios de Guardacostas Europeo y Espa\u00f1ol\u00bb, organizada por Asime y la Fundaci\u00f3n Philippe Cousteau. El evento se celebrar\u00e1 en la sede de Asime Vigo&#046;&#046;&#046;\" \/>\n<meta property=\"og:url\" content=\"https:\/\/galicia.ingenierosnavales.com\/index.php\/2025\/01\/24\/jornada-tecnica-servicios-de-guardacostas-europeo-y-espanol\/\" \/>\n<meta property=\"og:site_name\" content=\"Delegaci\u00f3n del COIN en Galicia -\" \/>\n<meta property=\"article:published_time\" content=\"2025-01-24T07:14:33+00:00\" \/>\n<meta property=\"og:image\" content=\"https:\/\/galicia.ingenierosnavales.com\/wp-content\/uploads\/2025\/01\/Jornada-Tecnica-Servicios-de-Guardacostas-Europeo-y-Espanol-30.01.2025.png\" \/>\n\t<meta property=\"og:image:width\" content=\"1024\" \/>\n\t<meta property=\"og:image:height\" content=\"512\" \/>\n\t<meta property=\"og:image:type\" content=\"image\/png\" \/>\n<meta name=\"author\" content=\"Delegaci\u00f3n Galicia\" \/>\n<meta name=\"twitter:card\" content=\"summary_large_image\" \/>\n<meta name=\"twitter:label1\" content=\"Escrito por\" \/>\n\t<meta name=\"twitter:data1\" content=\"Delegaci\u00f3n Galicia\" \/>\n\t<meta name=\"twitter:label2\" content=\"Tiempo de lectura\" \/>\n\t<meta name=\"twitter:data2\" content=\"2 minutos\" \/>\n<script type=\"application\/ld+json\" class=\"yoast-schema-graph\">{\"@context\":\"https:\/\/schema.org\",\"@graph\":[{\"@type\":\"Article\",\"@id\":\"https:\/\/galicia.ingenierosnavales.com\/index.php\/2025\/01\/24\/jornada-tecnica-servicios-de-guardacostas-europeo-y-espanol\/#article\",\"isPartOf\":{\"@id\":\"https:\/\/galicia.ingenierosnavales.com\/index.php\/2025\/01\/24\/jornada-tecnica-servicios-de-guardacostas-europeo-y-espanol\/\"},\"author\":{\"name\":\"Delegaci\u00f3n Galicia\",\"@id\":\"https:\/\/galicia.ingenierosnavales.com\/#\/schema\/person\/5b19750a916831d424f63e9271d4e51d\"},\"headline\":\"Jornada T\u00e9cnica \u00abServicios de Guardacostas Europeo y Espa\u00f1ol\u00bb\",\"datePublished\":\"2025-01-24T07:14:33+00:00\",\"dateModified\":\"2025-01-24T07:14:33+00:00\",\"mainEntityOfPage\":{\"@id\":\"https:\/\/galicia.ingenierosnavales.com\/index.php\/2025\/01\/24\/jornada-tecnica-servicios-de-guardacostas-europeo-y-espanol\/\"},\"wordCount\":155,\"commentCount\":0,\"publisher\":{\"@id\":\"https:\/\/galicia.ingenierosnavales.com\/#organization\"},\"image\":{\"@id\":\"https:\/\/galicia.ingenierosnavales.com\/index.php\/2025\/01\/24\/jornada-tecnica-servicios-de-guardacostas-europeo-y-espanol\/#primaryimage\"},\"thumbnailUrl\":\"https:\/\/galicia.ingenierosnavales.com\/wp-content\/uploads\/2025\/01\/Jornada-Tecnica-Servicios-de-Guardacostas-Europeo-y-Espanol-30.01.2025.png\",\"articleSection\":[\"Eventos\"],\"inLanguage\":\"es\",\"potentialAction\":[{\"@type\":\"CommentAction\",\"name\":\"Comment\",\"target\":[\"https:\/\/galicia.ingenierosnavales.com\/index.php\/2025\/01\/24\/jornada-tecnica-servicios-de-guardacostas-europeo-y-espanol\/#respond\"]}]},{\"@type\":\"WebPage\",\"@id\":\"https:\/\/galicia.ingenierosnavales.com\/index.php\/2025\/01\/24\/jornada-tecnica-servicios-de-guardacostas-europeo-y-espanol\/\",\"url\":\"https:\/\/galicia.ingenierosnavales.com\/index.php\/2025\/01\/24\/jornada-tecnica-servicios-de-guardacostas-europeo-y-espanol\/\",\"name\":\"Jornada T\u00e9cnica \\\"Servicios de Guardacostas Europeo y Espa\u00f1ol\\\" - Delegaci\u00f3n del COIN en Galicia -\",\"isPartOf\":{\"@id\":\"https:\/\/galicia.ingenierosnavales.com\/#website\"},\"primaryImageOfPage\":{\"@id\":\"https:\/\/galicia.ingenierosnavales.com\/index.php\/2025\/01\/24\/jornada-tecnica-servicios-de-guardacostas-europeo-y-espanol\/#primaryimage\"},\"image\":{\"@id\":\"https:\/\/galicia.ingenierosnavales.com\/index.php\/2025\/01\/24\/jornada-tecnica-servicios-de-guardacostas-europeo-y-espanol\/#primaryimage\"},\"thumbnailUrl\":\"https:\/\/galicia.ingenierosnavales.com\/wp-content\/uploads\/2025\/01\/Jornada-Tecnica-Servicios-de-Guardacostas-Europeo-y-Espanol-30.01.2025.png\",\"datePublished\":\"2025-01-24T07:14:33+00:00\",\"dateModified\":\"2025-01-24T07:14:33+00:00\",\"breadcrumb\":{\"@id\":\"https:\/\/galicia.ingenierosnavales.com\/index.php\/2025\/01\/24\/jornada-tecnica-servicios-de-guardacostas-europeo-y-espanol\/#breadcrumb\"},\"inLanguage\":\"es\",\"potentialAction\":[{\"@type\":\"ReadAction\",\"target\":[\"https:\/\/galicia.ingenierosnavales.com\/index.php\/2025\/01\/24\/jornada-tecnica-servicios-de-guardacostas-europeo-y-espanol\/\"]}]},{\"@type\":\"ImageObject\",\"inLanguage\":\"es\",\"@id\":\"https:\/\/galicia.ingenierosnavales.com\/index.php\/2025\/01\/24\/jornada-tecnica-servicios-de-guardacostas-europeo-y-espanol\/#primaryimage\",\"url\":\"https:\/\/galicia.ingenierosnavales.com\/wp-content\/uploads\/2025\/01\/Jornada-Tecnica-Servicios-de-Guardacostas-Europeo-y-Espanol-30.01.2025.png\",\"contentUrl\":\"https:\/\/galicia.ingenierosnavales.com\/wp-content\/uploads\/2025\/01\/Jornada-Tecnica-Servicios-de-Guardacostas-Europeo-y-Espanol-30.01.2025.png\",\"width\":1024,\"height\":512},{\"@type\":\"BreadcrumbList\",\"@id\":\"https:\/\/galicia.ingenierosnavales.com\/index.php\/2025\/01\/24\/jornada-tecnica-servicios-de-guardacostas-europeo-y-espanol\/#breadcrumb\",\"itemListElement\":[{\"@type\":\"ListItem\",\"position\":1,\"name\":\"Home\",\"item\":\"https:\/\/galicia.ingenierosnavales.com\/\"},{\"@type\":\"ListItem\",\"position\":2,\"name\":\"Jornada T\u00e9cnica \u00abServicios de Guardacostas Europeo y Espa\u00f1ol\u00bb\"}]},{\"@type\":\"WebSite\",\"@id\":\"https:\/\/galicia.ingenierosnavales.com\/#website\",\"url\":\"https:\/\/galicia.ingenierosnavales.com\/\",\"name\":\"Delegaci\u00f3n del COIN en Galicia -\",\"description\":\"\",\"publisher\":{\"@id\":\"https:\/\/galicia.ingenierosnavales.com\/#organization\"},\"potentialAction\":[{\"@type\":\"SearchAction\",\"target\":{\"@type\":\"EntryPoint\",\"urlTemplate\":\"https:\/\/galicia.ingenierosnavales.com\/?s={search_term_string}\"},\"query-input\":{\"@type\":\"PropertyValueSpecification\",\"valueRequired\":true,\"valueName\":\"search_term_string\"}}],\"inLanguage\":\"es\"},{\"@type\":\"Organization\",\"@id\":\"https:\/\/galicia.ingenierosnavales.com\/#organization\",\"name\":\"Delegaci\u00f3n del COIN en Galicia -\",\"url\":\"https:\/\/galicia.ingenierosnavales.com\/\",\"logo\":{\"@type\":\"ImageObject\",\"inLanguage\":\"es\",\"@id\":\"https:\/\/galicia.ingenierosnavales.com\/#\/schema\/logo\/image\/\",\"url\":\"https:\/\/galicia.ingenierosnavales.com\/wp-content\/uploads\/2022\/03\/logo_2-1.png\",\"contentUrl\":\"https:\/\/galicia.ingenierosnavales.com\/wp-content\/uploads\/2022\/03\/logo_2-1.png\",\"width\":240,\"height\":94,\"caption\":\"Delegaci\u00f3n del COIN en Galicia - \"},\"image\":{\"@id\":\"https:\/\/galicia.ingenierosnavales.com\/#\/schema\/logo\/image\/\"}},{\"@type\":\"Person\",\"@id\":\"https:\/\/galicia.ingenierosnavales.com\/#\/schema\/person\/5b19750a916831d424f63e9271d4e51d\",\"name\":\"Delegaci\u00f3n Galicia\",\"image\":{\"@type\":\"ImageObject\",\"inLanguage\":\"es\",\"@id\":\"https:\/\/galicia.ingenierosnavales.com\/#\/schema\/person\/image\/\",\"url\":\"https:\/\/secure.gravatar.com\/avatar\/8ba9b1dd96c7effddd31fcf63bf8cc7f?s=96&d=mm&r=g\",\"contentUrl\":\"https:\/\/secure.gravatar.com\/avatar\/8ba9b1dd96c7effddd31fcf63bf8cc7f?s=96&d=mm&r=g\",\"caption\":\"Delegaci\u00f3n Galicia\"},\"url\":\"https:\/\/galicia.ingenierosnavales.com\/index.php\/author\/galicia\/\"}]}<\/script>\n<!-- \/ Yoast SEO plugin. -->","yoast_head_json":{"title":"Jornada T\u00e9cnica \"Servicios de Guardacostas Europeo y Espa\u00f1ol\" - Delegaci\u00f3n del COIN en Galicia -","robots":{"index":"index","follow":"follow","max-snippet":"max-snippet:-1","max-image-preview":"max-image-preview:large","max-video-preview":"max-video-preview:-1"},"canonical":"https:\/\/galicia.ingenierosnavales.com\/index.php\/2025\/01\/24\/jornada-tecnica-servicios-de-guardacostas-europeo-y-espanol\/","og_locale":"es_ES","og_type":"article","og_title":"Jornada T\u00e9cnica \"Servicios de Guardacostas Europeo y Espa\u00f1ol\" - Delegaci\u00f3n del COIN en Galicia -","og_description":"&nbsp; El jueves 30 de enero tendr\u00e1 lugar la\u00a0Jornada T\u00e9cnica \u00abServicios de Guardacostas Europeo y Espa\u00f1ol\u00bb, organizada por Asime y la Fundaci\u00f3n Philippe Cousteau. El evento se celebrar\u00e1 en la sede de Asime Vigo&#46;&#46;&#46;","og_url":"https:\/\/galicia.ingenierosnavales.com\/index.php\/2025\/01\/24\/jornada-tecnica-servicios-de-guardacostas-europeo-y-espanol\/","og_site_name":"Delegaci\u00f3n del COIN en Galicia -","article_published_time":"2025-01-24T07:14:33+00:00","og_image":[{"width":1024,"height":512,"url":"https:\/\/galicia.ingenierosnavales.com\/wp-content\/uploads\/2025\/01\/Jornada-Tecnica-Servicios-de-Guardacostas-Europeo-y-Espanol-30.01.2025.png","type":"image\/png"}],"author":"Delegaci\u00f3n Galicia","twitter_card":"summary_large_image","twitter_misc":{"Escrito por":"Delegaci\u00f3n Galicia","Tiempo de lectura":"2 minutos"},"schema":{"@context":"https:\/\/schema.org","@graph":[{"@type":"Article","@id":"https:\/\/galicia.ingenierosnavales.com\/index.php\/2025\/01\/24\/jornada-tecnica-servicios-de-guardacostas-europeo-y-espanol\/#article","isPartOf":{"@id":"https:\/\/galicia.ingenierosnavales.com\/index.php\/2025\/01\/24\/jornada-tecnica-servicios-de-guardacostas-europeo-y-espanol\/"},"author":{"name":"Delegaci\u00f3n Galicia","@id":"https:\/\/galicia.ingenierosnavales.com\/#\/schema\/person\/5b19750a916831d424f63e9271d4e51d"},"headline":"Jornada T\u00e9cnica \u00abServicios de Guardacostas Europeo y Espa\u00f1ol\u00bb","datePublished":"2025-01-24T07:14:33+00:00","dateModified":"2025-01-24T07:14:33+00:00","mainEntityOfPage":{"@id":"https:\/\/galicia.ingenierosnavales.com\/index.php\/2025\/01\/24\/jornada-tecnica-servicios-de-guardacostas-europeo-y-espanol\/"},"wordCount":155,"commentCount":0,"publisher":{"@id":"https:\/\/galicia.ingenierosnavales.com\/#organization"},"image":{"@id":"https:\/\/galicia.ingenierosnavales.com\/index.php\/2025\/01\/24\/jornada-tecnica-servicios-de-guardacostas-europeo-y-espanol\/#primaryimage"},"thumbnailUrl":"https:\/\/galicia.ingenierosnavales.com\/wp-content\/uploads\/2025\/01\/Jornada-Tecnica-Servicios-de-Guardacostas-Europeo-y-Espanol-30.01.2025.png","articleSection":["Eventos"],"inLanguage":"es","potentialAction":[{"@type":"CommentAction","name":"Comment","target":["https:\/\/galicia.ingenierosnavales.com\/index.php\/2025\/01\/24\/jornada-tecnica-servicios-de-guardacostas-europeo-y-espanol\/#respond"]}]},{"@type":"WebPage","@id":"https:\/\/galicia.ingenierosnavales.com\/index.php\/2025\/01\/24\/jornada-tecnica-servicios-de-guardacostas-europeo-y-espanol\/","url":"https:\/\/galicia.ingenierosnavales.com\/index.php\/2025\/01\/24\/jornada-tecnica-servicios-de-guardacostas-europeo-y-espanol\/","name":"Jornada T\u00e9cnica \"Servicios de Guardacostas Europeo y Espa\u00f1ol\" - Delegaci\u00f3n del COIN en Galicia -","isPartOf":{"@id":"https:\/\/galicia.ingenierosnavales.com\/#website"},"primaryImageOfPage":{"@id":"https:\/\/galicia.ingenierosnavales.com\/index.php\/2025\/01\/24\/jornada-tecnica-servicios-de-guardacostas-europeo-y-espanol\/#primaryimage"},"image":{"@id":"https:\/\/galicia.ingenierosnavales.com\/index.php\/2025\/01\/24\/jornada-tecnica-servicios-de-guardacostas-europeo-y-espanol\/#primaryimage"},"thumbnailUrl":"https:\/\/galicia.ingenierosnavales.com\/wp-content\/uploads\/2025\/01\/Jornada-Tecnica-Servicios-de-Guardacostas-Europeo-y-Espanol-30.01.2025.png","datePublished":"2025-01-24T07:14:33+00:00","dateModified":"2025-01-24T07:14:33+00:00","breadcrumb":{"@id":"https:\/\/galicia.ingenierosnavales.com\/index.php\/2025\/01\/24\/jornada-tecnica-servicios-de-guardacostas-europeo-y-espanol\/#breadcrumb"},"inLanguage":"es","potentialAction":[{"@type":"ReadAction","target":["https:\/\/galicia.ingenierosnavales.com\/index.php\/2025\/01\/24\/jornada-tecnica-servicios-de-guardacostas-europeo-y-espanol\/"]}]},{"@type":"ImageObject","inLanguage":"es","@id":"https:\/\/galicia.ingenierosnavales.com\/index.php\/2025\/01\/24\/jornada-tecnica-servicios-de-guardacostas-europeo-y-espanol\/#primaryimage","url":"https:\/\/galicia.ingenierosnavales.com\/wp-content\/uploads\/2025\/01\/Jornada-Tecnica-Servicios-de-Guardacostas-Europeo-y-Espanol-30.01.2025.png","contentUrl":"https:\/\/galicia.ingenierosnavales.com\/wp-content\/uploads\/2025\/01\/Jornada-Tecnica-Servicios-de-Guardacostas-Europeo-y-Espanol-30.01.2025.png","width":1024,"height":512},{"@type":"BreadcrumbList","@id":"https:\/\/galicia.ingenierosnavales.com\/index.php\/2025\/01\/24\/jornada-tecnica-servicios-de-guardacostas-europeo-y-espanol\/#breadcrumb","itemListElement":[{"@type":"ListItem","position":1,"name":"Home","item":"https:\/\/galicia.ingenierosnavales.com\/"},{"@type":"ListItem","position":2,"name":"Jornada T\u00e9cnica \u00abServicios de Guardacostas Europeo y Espa\u00f1ol\u00bb"}]},{"@type":"WebSite","@id":"https:\/\/galicia.ingenierosnavales.com\/#website","url":"https:\/\/galicia.ingenierosnavales.com\/","name":"Delegaci\u00f3n del COIN en Galicia -","description":"","publisher":{"@id":"https:\/\/galicia.ingenierosnavales.com\/#organization"},"potentialAction":[{"@type":"SearchAction","target":{"@type":"EntryPoint","urlTemplate":"https:\/\/galicia.ingenierosnavales.com\/?s={search_term_string}"},"query-input":{"@type":"PropertyValueSpecification","valueRequired":true,"valueName":"search_term_string"}}],"inLanguage":"es"},{"@type":"Organization","@id":"https:\/\/galicia.ingenierosnavales.com\/#organization","name":"Delegaci\u00f3n del COIN en Galicia -","url":"https:\/\/galicia.ingenierosnavales.com\/","logo":{"@type":"ImageObject","inLanguage":"es","@id":"https:\/\/galicia.ingenierosnavales.com\/#\/schema\/logo\/image\/","url":"https:\/\/galicia.ingenierosnavales.com\/wp-content\/uploads\/2022\/03\/logo_2-1.png","contentUrl":"https:\/\/galicia.ingenierosnavales.com\/wp-content\/uploads\/2022\/03\/logo_2-1.png","width":240,"height":94,"caption":"Delegaci\u00f3n del COIN en Galicia - "},"image":{"@id":"https:\/\/galicia.ingenierosnavales.com\/#\/schema\/logo\/image\/"}},{"@type":"Person","@id":"https:\/\/galicia.ingenierosnavales.com\/#\/schema\/person\/5b19750a916831d424f63e9271d4e51d","name":"Delegaci\u00f3n Galicia","image":{"@type":"ImageObject","inLanguage":"es","@id":"https:\/\/galicia.ingenierosnavales.com\/#\/schema\/person\/image\/","url":"https:\/\/secure.gravatar.com\/avatar\/8ba9b1dd96c7effddd31fcf63bf8cc7f?s=96&d=mm&r=g","contentUrl":"https:\/\/secure.gravatar.com\/avatar\/8ba9b1dd96c7effddd31fcf63bf8cc7f?s=96&d=mm&r=g","caption":"Delegaci\u00f3n Galicia"},"url":"https:\/\/galicia.ingenierosnavales.com\/index.php\/author\/galicia\/"}]}},"_links":{"self":[{"href":"https:\/\/galicia.ingenierosnavales.com\/index.php\/wp-json\/wp\/v2\/posts\/7999","targetHints":{"allow":["GET"]}}],"collection":[{"href":"https:\/\/galicia.ingenierosnavales.com\/index.php\/wp-json\/wp\/v2\/posts"}],"about":[{"href":"https:\/\/galicia.ingenierosnavales.com\/index.php\/wp-json\/wp\/v2\/types\/post"}],"author":[{"embeddable":true,"href":"https:\/\/galicia.ingenierosnavales.com\/index.php\/wp-json\/wp\/v2\/users\/2"}],"replies":[{"embeddable":true,"href":"https:\/\/galicia.ingenierosnavales.com\/index.php\/wp-json\/wp\/v2\/comments?post=7999"}],"version-history":[{"count":1,"href":"https:\/\/galicia.ingenierosnavales.com\/index.php\/wp-json\/wp\/v2\/posts\/7999\/revisions"}],"predecessor-version":[{"id":8001,"href":"https:\/\/galicia.ingenierosnavales.com\/index.php\/wp-json\/wp\/v2\/posts\/7999\/revisions\/8001"}],"wp:featuredmedia":[{"embeddable":true,"href":"https:\/\/galicia.ingenierosnavales.com\/index.php\/wp-json\/wp\/v2\/media\/8000"}],"wp:attachment":[{"href":"https:\/\/galicia.ingenierosnavales.com\/index.php\/wp-json\/wp\/v2\/media?parent=7999"}],"wp:term":[{"taxonomy":"category","embeddable":true,"href":"https:\/\/galicia.ingenierosnavales.com\/index.php\/wp-json\/wp\/v2\/categories?post=7999"},{"taxonomy":"post_tag","embeddable":true,"href":"https:\/\/galicia.ingenierosnavales.com\/index.php\/wp-json\/wp\/v2\/tags?post=7999"}],"curies":[{"name":"wp","href":"https:\/\/api.w.org\/{rel}","templated":true}]}}