{"id":7958,"date":"2025-01-16T15:28:58","date_gmt":"2025-01-16T15:28:58","guid":{"rendered":"https:\/\/galicia.ingenierosnavales.com\/?p=7958"},"modified":"2025-01-16T15:33:00","modified_gmt":"2025-01-16T15:33:00","slug":"7958","status":"publish","type":"post","link":"https:\/\/galicia.ingenierosnavales.com\/index.php\/2025\/01\/16\/7958\/","title":{"rendered":"XVII Encontro de Embarcaci\u00f3ns Tradicionais de Galicia 2025"},"content":{"rendered":"<p><img loading=\"lazy\" decoding=\"async\" class=\"aligncenter wp-image-7959 size-full\" src=\"https:\/\/galicia.ingenierosnavales.com\/wp-content\/uploads\/2025\/01\/XVII-ENCONTRO-EMBARCACIONS-TRADICIONAIS.jpg\" alt=\"\" width=\"940\" height=\"788\" srcset=\"https:\/\/galicia.ingenierosnavales.com\/wp-content\/uploads\/2025\/01\/XVII-ENCONTRO-EMBARCACIONS-TRADICIONAIS.jpg 940w, https:\/\/galicia.ingenierosnavales.com\/wp-content\/uploads\/2025\/01\/XVII-ENCONTRO-EMBARCACIONS-TRADICIONAIS-300x251.jpg 300w, https:\/\/galicia.ingenierosnavales.com\/wp-content\/uploads\/2025\/01\/XVII-ENCONTRO-EMBARCACIONS-TRADICIONAIS-768x644.jpg 768w\" sizes=\"auto, (max-width: 940px) 100vw, 940px\" \/><\/p>\n<p>Informamos que xa est\u00e1 aberto o prazo de inscrici\u00f3n para participar coas vosas embarcaci\u00f3ns no <strong>XVII Encontro de Embarcaci\u00f3ns Tradicionais de Galicia<\/strong> que se celebrar\u00e1 en <strong>Ribeira do 17 ao 20 de xullo de 2025.<\/strong><\/p>\n<p><strong>Poder\u00e1n inscribirse embarcaci\u00f3ns at\u00e9 o 07 de xullo de 2025<\/strong><\/p>\n<p>\ud83d\udc49\ud83c\udffb <a href=\"https:\/\/culturmar.org\/eventos\/\">PARTICIPA<\/a><\/p>\n<p>Inf\u00f3rmase asemade que a reserva de servizos para tripulaci\u00f3ns e outras persoas participantes do Encontro (manutenci\u00f3n en carpa mari\u00f1eira, aloxamento en pabill\u00f3n, \u00e1rea de acampada) farase a trav\u00e9s da plataforma que se habilitar\u00e1 en breve na p\u00e1xina web do Encontro.<\/p>\n<p>\ud83d\udedc Mais info: <a href=\"https:\/\/encontroembarcacions.gal\/\">https:\/\/encontroembarcacions.gal\/<\/a><\/p>\n<p style=\"margin-top: 15pt; line-height: 15pt; text-align: center;\"><span style=\"font-size: 9.0pt; font-family: 'Arial',sans-serif; color: #2d3884;\">CULTURMAR<br \/>\nFederaci\u00f3n Galega pola Cultura Mar\u00edtima e Fluvial<br \/>\nApartado de correos n\u00ba 38<br \/>\n36630 Cambados<br \/>\n+34 633 136 161 \/ +34 986 524 845<br \/>\n<a href=\"http:\/\/www.culturmar.org\" target=\"_blank\" rel=\"noopener\">www.culturmar.org<\/a> \/ <a href=\"https:\/\/encontroembarcacions.gal\/\" target=\"_blank\" rel=\"noopener\">https:\/\/encontroembarcacions.gal\/<\/a> <\/span><\/p>\n<p>&nbsp;<\/p>\n","protected":false},"excerpt":{"rendered":"<p>Informamos que xa est\u00e1 aberto o prazo de inscrici\u00f3n para participar coas vosas embarcaci\u00f3ns no XVII Encontro de Embarcaci\u00f3ns Tradicionais de Galicia que se celebrar\u00e1 en Ribeira do 17 ao 20 de xullo de&#46;&#46;&#46;<\/p>\n","protected":false},"author":2,"featured_media":7959,"comment_status":"open","ping_status":"open","sticky":false,"template":"","format":"standard","meta":{"om_disable_all_campaigns":false,"_monsterinsights_skip_tracking":false,"_monsterinsights_sitenote_active":false,"_monsterinsights_sitenote_note":"","_monsterinsights_sitenote_category":0,"_uf_show_specific_survey":0,"_uf_disable_surveys":false,"footnotes":""},"categories":[32],"tags":[],"class_list":["post-7958","post","type-post","status-publish","format-standard","has-post-thumbnail","hentry","category-eventos-g"],"aioseo_notices":[],"yoast_head":"<!-- This site is optimized with the Yoast SEO plugin v24.0 - https:\/\/yoast.com\/wordpress\/plugins\/seo\/ -->\n<title>XVII Encontro de Embarcaci\u00f3ns Tradicionais de Galicia 2025 - Delegaci\u00f3n del COIN en Galicia -<\/title>\n<meta name=\"robots\" content=\"index, follow, max-snippet:-1, max-image-preview:large, max-video-preview:-1\" \/>\n<link rel=\"canonical\" href=\"https:\/\/galicia.ingenierosnavales.com\/index.php\/2025\/01\/16\/7958\/\" \/>\n<meta property=\"og:locale\" content=\"es_ES\" \/>\n<meta property=\"og:type\" content=\"article\" \/>\n<meta property=\"og:title\" content=\"XVII Encontro de Embarcaci\u00f3ns Tradicionais de Galicia 2025 - Delegaci\u00f3n del COIN en Galicia -\" \/>\n<meta property=\"og:description\" content=\"Informamos que xa est\u00e1 aberto o prazo de inscrici\u00f3n para participar coas vosas embarcaci\u00f3ns no XVII Encontro de Embarcaci\u00f3ns Tradicionais de Galicia que se celebrar\u00e1 en Ribeira do 17 ao 20 de xullo de&#046;&#046;&#046;\" \/>\n<meta property=\"og:url\" content=\"https:\/\/galicia.ingenierosnavales.com\/index.php\/2025\/01\/16\/7958\/\" \/>\n<meta property=\"og:site_name\" content=\"Delegaci\u00f3n del COIN en Galicia -\" \/>\n<meta property=\"article:published_time\" content=\"2025-01-16T15:28:58+00:00\" \/>\n<meta property=\"article:modified_time\" content=\"2025-01-16T15:33:00+00:00\" \/>\n<meta property=\"og:image\" content=\"https:\/\/galicia.ingenierosnavales.com\/wp-content\/uploads\/2025\/01\/XVII-ENCONTRO-EMBARCACIONS-TRADICIONAIS.jpg\" \/>\n\t<meta property=\"og:image:width\" content=\"940\" \/>\n\t<meta property=\"og:image:height\" content=\"788\" \/>\n\t<meta property=\"og:image:type\" content=\"image\/jpeg\" \/>\n<meta name=\"author\" content=\"Delegaci\u00f3n Galicia\" \/>\n<meta name=\"twitter:card\" content=\"summary_large_image\" \/>\n<meta name=\"twitter:label1\" content=\"Escrito por\" \/>\n\t<meta name=\"twitter:data1\" content=\"Delegaci\u00f3n Galicia\" \/>\n\t<meta name=\"twitter:label2\" content=\"Tiempo de lectura\" \/>\n\t<meta name=\"twitter:data2\" content=\"1 minuto\" \/>\n<script type=\"application\/ld+json\" class=\"yoast-schema-graph\">{\"@context\":\"https:\/\/schema.org\",\"@graph\":[{\"@type\":\"Article\",\"@id\":\"https:\/\/galicia.ingenierosnavales.com\/index.php\/2025\/01\/16\/7958\/#article\",\"isPartOf\":{\"@id\":\"https:\/\/galicia.ingenierosnavales.com\/index.php\/2025\/01\/16\/7958\/\"},\"author\":{\"name\":\"Delegaci\u00f3n Galicia\",\"@id\":\"https:\/\/galicia.ingenierosnavales.com\/#\/schema\/person\/5b19750a916831d424f63e9271d4e51d\"},\"headline\":\"XVII Encontro de Embarcaci\u00f3ns Tradicionais de Galicia 2025\",\"datePublished\":\"2025-01-16T15:28:58+00:00\",\"dateModified\":\"2025-01-16T15:33:00+00:00\",\"mainEntityOfPage\":{\"@id\":\"https:\/\/galicia.ingenierosnavales.com\/index.php\/2025\/01\/16\/7958\/\"},\"wordCount\":128,\"commentCount\":0,\"publisher\":{\"@id\":\"https:\/\/galicia.ingenierosnavales.com\/#organization\"},\"image\":{\"@id\":\"https:\/\/galicia.ingenierosnavales.com\/index.php\/2025\/01\/16\/7958\/#primaryimage\"},\"thumbnailUrl\":\"https:\/\/galicia.ingenierosnavales.com\/wp-content\/uploads\/2025\/01\/XVII-ENCONTRO-EMBARCACIONS-TRADICIONAIS.jpg\",\"articleSection\":[\"eventos (G)\"],\"inLanguage\":\"es\",\"potentialAction\":[{\"@type\":\"CommentAction\",\"name\":\"Comment\",\"target\":[\"https:\/\/galicia.ingenierosnavales.com\/index.php\/2025\/01\/16\/7958\/#respond\"]}]},{\"@type\":\"WebPage\",\"@id\":\"https:\/\/galicia.ingenierosnavales.com\/index.php\/2025\/01\/16\/7958\/\",\"url\":\"https:\/\/galicia.ingenierosnavales.com\/index.php\/2025\/01\/16\/7958\/\",\"name\":\"XVII Encontro de Embarcaci\u00f3ns Tradicionais de Galicia 2025 - Delegaci\u00f3n del COIN en Galicia -\",\"isPartOf\":{\"@id\":\"https:\/\/galicia.ingenierosnavales.com\/#website\"},\"primaryImageOfPage\":{\"@id\":\"https:\/\/galicia.ingenierosnavales.com\/index.php\/2025\/01\/16\/7958\/#primaryimage\"},\"image\":{\"@id\":\"https:\/\/galicia.ingenierosnavales.com\/index.php\/2025\/01\/16\/7958\/#primaryimage\"},\"thumbnailUrl\":\"https:\/\/galicia.ingenierosnavales.com\/wp-content\/uploads\/2025\/01\/XVII-ENCONTRO-EMBARCACIONS-TRADICIONAIS.jpg\",\"datePublished\":\"2025-01-16T15:28:58+00:00\",\"dateModified\":\"2025-01-16T15:33:00+00:00\",\"breadcrumb\":{\"@id\":\"https:\/\/galicia.ingenierosnavales.com\/index.php\/2025\/01\/16\/7958\/#breadcrumb\"},\"inLanguage\":\"es\",\"potentialAction\":[{\"@type\":\"ReadAction\",\"target\":[\"https:\/\/galicia.ingenierosnavales.com\/index.php\/2025\/01\/16\/7958\/\"]}]},{\"@type\":\"ImageObject\",\"inLanguage\":\"es\",\"@id\":\"https:\/\/galicia.ingenierosnavales.com\/index.php\/2025\/01\/16\/7958\/#primaryimage\",\"url\":\"https:\/\/galicia.ingenierosnavales.com\/wp-content\/uploads\/2025\/01\/XVII-ENCONTRO-EMBARCACIONS-TRADICIONAIS.jpg\",\"contentUrl\":\"https:\/\/galicia.ingenierosnavales.com\/wp-content\/uploads\/2025\/01\/XVII-ENCONTRO-EMBARCACIONS-TRADICIONAIS.jpg\",\"width\":940,\"height\":788},{\"@type\":\"BreadcrumbList\",\"@id\":\"https:\/\/galicia.ingenierosnavales.com\/index.php\/2025\/01\/16\/7958\/#breadcrumb\",\"itemListElement\":[{\"@type\":\"ListItem\",\"position\":1,\"name\":\"Home\",\"item\":\"https:\/\/galicia.ingenierosnavales.com\/\"},{\"@type\":\"ListItem\",\"position\":2,\"name\":\"XVII Encontro de Embarcaci\u00f3ns Tradicionais de Galicia 2025\"}]},{\"@type\":\"WebSite\",\"@id\":\"https:\/\/galicia.ingenierosnavales.com\/#website\",\"url\":\"https:\/\/galicia.ingenierosnavales.com\/\",\"name\":\"Delegaci\u00f3n del COIN en Galicia -\",\"description\":\"\",\"publisher\":{\"@id\":\"https:\/\/galicia.ingenierosnavales.com\/#organization\"},\"potentialAction\":[{\"@type\":\"SearchAction\",\"target\":{\"@type\":\"EntryPoint\",\"urlTemplate\":\"https:\/\/galicia.ingenierosnavales.com\/?s={search_term_string}\"},\"query-input\":{\"@type\":\"PropertyValueSpecification\",\"valueRequired\":true,\"valueName\":\"search_term_string\"}}],\"inLanguage\":\"es\"},{\"@type\":\"Organization\",\"@id\":\"https:\/\/galicia.ingenierosnavales.com\/#organization\",\"name\":\"Delegaci\u00f3n del COIN en Galicia -\",\"url\":\"https:\/\/galicia.ingenierosnavales.com\/\",\"logo\":{\"@type\":\"ImageObject\",\"inLanguage\":\"es\",\"@id\":\"https:\/\/galicia.ingenierosnavales.com\/#\/schema\/logo\/image\/\",\"url\":\"https:\/\/galicia.ingenierosnavales.com\/wp-content\/uploads\/2022\/03\/logo_2-1.png\",\"contentUrl\":\"https:\/\/galicia.ingenierosnavales.com\/wp-content\/uploads\/2022\/03\/logo_2-1.png\",\"width\":240,\"height\":94,\"caption\":\"Delegaci\u00f3n del COIN en Galicia - \"},\"image\":{\"@id\":\"https:\/\/galicia.ingenierosnavales.com\/#\/schema\/logo\/image\/\"}},{\"@type\":\"Person\",\"@id\":\"https:\/\/galicia.ingenierosnavales.com\/#\/schema\/person\/5b19750a916831d424f63e9271d4e51d\",\"name\":\"Delegaci\u00f3n Galicia\",\"image\":{\"@type\":\"ImageObject\",\"inLanguage\":\"es\",\"@id\":\"https:\/\/galicia.ingenierosnavales.com\/#\/schema\/person\/image\/\",\"url\":\"https:\/\/secure.gravatar.com\/avatar\/8ba9b1dd96c7effddd31fcf63bf8cc7f?s=96&d=mm&r=g\",\"contentUrl\":\"https:\/\/secure.gravatar.com\/avatar\/8ba9b1dd96c7effddd31fcf63bf8cc7f?s=96&d=mm&r=g\",\"caption\":\"Delegaci\u00f3n Galicia\"},\"url\":\"https:\/\/galicia.ingenierosnavales.com\/index.php\/author\/galicia\/\"}]}<\/script>\n<!-- \/ Yoast SEO plugin. -->","yoast_head_json":{"title":"XVII Encontro de Embarcaci\u00f3ns Tradicionais de Galicia 2025 - Delegaci\u00f3n del COIN en Galicia -","robots":{"index":"index","follow":"follow","max-snippet":"max-snippet:-1","max-image-preview":"max-image-preview:large","max-video-preview":"max-video-preview:-1"},"canonical":"https:\/\/galicia.ingenierosnavales.com\/index.php\/2025\/01\/16\/7958\/","og_locale":"es_ES","og_type":"article","og_title":"XVII Encontro de Embarcaci\u00f3ns Tradicionais de Galicia 2025 - Delegaci\u00f3n del COIN en Galicia -","og_description":"Informamos que xa est\u00e1 aberto o prazo de inscrici\u00f3n para participar coas vosas embarcaci\u00f3ns no XVII Encontro de Embarcaci\u00f3ns Tradicionais de Galicia que se celebrar\u00e1 en Ribeira do 17 ao 20 de xullo de&#46;&#46;&#46;","og_url":"https:\/\/galicia.ingenierosnavales.com\/index.php\/2025\/01\/16\/7958\/","og_site_name":"Delegaci\u00f3n del COIN en Galicia -","article_published_time":"2025-01-16T15:28:58+00:00","article_modified_time":"2025-01-16T15:33:00+00:00","og_image":[{"width":940,"height":788,"url":"https:\/\/galicia.ingenierosnavales.com\/wp-content\/uploads\/2025\/01\/XVII-ENCONTRO-EMBARCACIONS-TRADICIONAIS.jpg","type":"image\/jpeg"}],"author":"Delegaci\u00f3n Galicia","twitter_card":"summary_large_image","twitter_misc":{"Escrito por":"Delegaci\u00f3n Galicia","Tiempo de lectura":"1 minuto"},"schema":{"@context":"https:\/\/schema.org","@graph":[{"@type":"Article","@id":"https:\/\/galicia.ingenierosnavales.com\/index.php\/2025\/01\/16\/7958\/#article","isPartOf":{"@id":"https:\/\/galicia.ingenierosnavales.com\/index.php\/2025\/01\/16\/7958\/"},"author":{"name":"Delegaci\u00f3n Galicia","@id":"https:\/\/galicia.ingenierosnavales.com\/#\/schema\/person\/5b19750a916831d424f63e9271d4e51d"},"headline":"XVII Encontro de Embarcaci\u00f3ns Tradicionais de Galicia 2025","datePublished":"2025-01-16T15:28:58+00:00","dateModified":"2025-01-16T15:33:00+00:00","mainEntityOfPage":{"@id":"https:\/\/galicia.ingenierosnavales.com\/index.php\/2025\/01\/16\/7958\/"},"wordCount":128,"commentCount":0,"publisher":{"@id":"https:\/\/galicia.ingenierosnavales.com\/#organization"},"image":{"@id":"https:\/\/galicia.ingenierosnavales.com\/index.php\/2025\/01\/16\/7958\/#primaryimage"},"thumbnailUrl":"https:\/\/galicia.ingenierosnavales.com\/wp-content\/uploads\/2025\/01\/XVII-ENCONTRO-EMBARCACIONS-TRADICIONAIS.jpg","articleSection":["eventos (G)"],"inLanguage":"es","potentialAction":[{"@type":"CommentAction","name":"Comment","target":["https:\/\/galicia.ingenierosnavales.com\/index.php\/2025\/01\/16\/7958\/#respond"]}]},{"@type":"WebPage","@id":"https:\/\/galicia.ingenierosnavales.com\/index.php\/2025\/01\/16\/7958\/","url":"https:\/\/galicia.ingenierosnavales.com\/index.php\/2025\/01\/16\/7958\/","name":"XVII Encontro de Embarcaci\u00f3ns Tradicionais de Galicia 2025 - Delegaci\u00f3n del COIN en Galicia -","isPartOf":{"@id":"https:\/\/galicia.ingenierosnavales.com\/#website"},"primaryImageOfPage":{"@id":"https:\/\/galicia.ingenierosnavales.com\/index.php\/2025\/01\/16\/7958\/#primaryimage"},"image":{"@id":"https:\/\/galicia.ingenierosnavales.com\/index.php\/2025\/01\/16\/7958\/#primaryimage"},"thumbnailUrl":"https:\/\/galicia.ingenierosnavales.com\/wp-content\/uploads\/2025\/01\/XVII-ENCONTRO-EMBARCACIONS-TRADICIONAIS.jpg","datePublished":"2025-01-16T15:28:58+00:00","dateModified":"2025-01-16T15:33:00+00:00","breadcrumb":{"@id":"https:\/\/galicia.ingenierosnavales.com\/index.php\/2025\/01\/16\/7958\/#breadcrumb"},"inLanguage":"es","potentialAction":[{"@type":"ReadAction","target":["https:\/\/galicia.ingenierosnavales.com\/index.php\/2025\/01\/16\/7958\/"]}]},{"@type":"ImageObject","inLanguage":"es","@id":"https:\/\/galicia.ingenierosnavales.com\/index.php\/2025\/01\/16\/7958\/#primaryimage","url":"https:\/\/galicia.ingenierosnavales.com\/wp-content\/uploads\/2025\/01\/XVII-ENCONTRO-EMBARCACIONS-TRADICIONAIS.jpg","contentUrl":"https:\/\/galicia.ingenierosnavales.com\/wp-content\/uploads\/2025\/01\/XVII-ENCONTRO-EMBARCACIONS-TRADICIONAIS.jpg","width":940,"height":788},{"@type":"BreadcrumbList","@id":"https:\/\/galicia.ingenierosnavales.com\/index.php\/2025\/01\/16\/7958\/#breadcrumb","itemListElement":[{"@type":"ListItem","position":1,"name":"Home","item":"https:\/\/galicia.ingenierosnavales.com\/"},{"@type":"ListItem","position":2,"name":"XVII Encontro de Embarcaci\u00f3ns Tradicionais de Galicia 2025"}]},{"@type":"WebSite","@id":"https:\/\/galicia.ingenierosnavales.com\/#website","url":"https:\/\/galicia.ingenierosnavales.com\/","name":"Delegaci\u00f3n del COIN en Galicia -","description":"","publisher":{"@id":"https:\/\/galicia.ingenierosnavales.com\/#organization"},"potentialAction":[{"@type":"SearchAction","target":{"@type":"EntryPoint","urlTemplate":"https:\/\/galicia.ingenierosnavales.com\/?s={search_term_string}"},"query-input":{"@type":"PropertyValueSpecification","valueRequired":true,"valueName":"search_term_string"}}],"inLanguage":"es"},{"@type":"Organization","@id":"https:\/\/galicia.ingenierosnavales.com\/#organization","name":"Delegaci\u00f3n del COIN en Galicia -","url":"https:\/\/galicia.ingenierosnavales.com\/","logo":{"@type":"ImageObject","inLanguage":"es","@id":"https:\/\/galicia.ingenierosnavales.com\/#\/schema\/logo\/image\/","url":"https:\/\/galicia.ingenierosnavales.com\/wp-content\/uploads\/2022\/03\/logo_2-1.png","contentUrl":"https:\/\/galicia.ingenierosnavales.com\/wp-content\/uploads\/2022\/03\/logo_2-1.png","width":240,"height":94,"caption":"Delegaci\u00f3n del COIN en Galicia - "},"image":{"@id":"https:\/\/galicia.ingenierosnavales.com\/#\/schema\/logo\/image\/"}},{"@type":"Person","@id":"https:\/\/galicia.ingenierosnavales.com\/#\/schema\/person\/5b19750a916831d424f63e9271d4e51d","name":"Delegaci\u00f3n Galicia","image":{"@type":"ImageObject","inLanguage":"es","@id":"https:\/\/galicia.ingenierosnavales.com\/#\/schema\/person\/image\/","url":"https:\/\/secure.gravatar.com\/avatar\/8ba9b1dd96c7effddd31fcf63bf8cc7f?s=96&d=mm&r=g","contentUrl":"https:\/\/secure.gravatar.com\/avatar\/8ba9b1dd96c7effddd31fcf63bf8cc7f?s=96&d=mm&r=g","caption":"Delegaci\u00f3n Galicia"},"url":"https:\/\/galicia.ingenierosnavales.com\/index.php\/author\/galicia\/"}]}},"_links":{"self":[{"href":"https:\/\/galicia.ingenierosnavales.com\/index.php\/wp-json\/wp\/v2\/posts\/7958","targetHints":{"allow":["GET"]}}],"collection":[{"href":"https:\/\/galicia.ingenierosnavales.com\/index.php\/wp-json\/wp\/v2\/posts"}],"about":[{"href":"https:\/\/galicia.ingenierosnavales.com\/index.php\/wp-json\/wp\/v2\/types\/post"}],"author":[{"embeddable":true,"href":"https:\/\/galicia.ingenierosnavales.com\/index.php\/wp-json\/wp\/v2\/users\/2"}],"replies":[{"embeddable":true,"href":"https:\/\/galicia.ingenierosnavales.com\/index.php\/wp-json\/wp\/v2\/comments?post=7958"}],"version-history":[{"count":4,"href":"https:\/\/galicia.ingenierosnavales.com\/index.php\/wp-json\/wp\/v2\/posts\/7958\/revisions"}],"predecessor-version":[{"id":7963,"href":"https:\/\/galicia.ingenierosnavales.com\/index.php\/wp-json\/wp\/v2\/posts\/7958\/revisions\/7963"}],"wp:featuredmedia":[{"embeddable":true,"href":"https:\/\/galicia.ingenierosnavales.com\/index.php\/wp-json\/wp\/v2\/media\/7959"}],"wp:attachment":[{"href":"https:\/\/galicia.ingenierosnavales.com\/index.php\/wp-json\/wp\/v2\/media?parent=7958"}],"wp:term":[{"taxonomy":"category","embeddable":true,"href":"https:\/\/galicia.ingenierosnavales.com\/index.php\/wp-json\/wp\/v2\/categories?post=7958"},{"taxonomy":"post_tag","embeddable":true,"href":"https:\/\/galicia.ingenierosnavales.com\/index.php\/wp-json\/wp\/v2\/tags?post=7958"}],"curies":[{"name":"wp","href":"https:\/\/api.w.org\/{rel}","templated":true}]}}