{"id":7885,"date":"2024-12-13T08:30:54","date_gmt":"2024-12-13T08:30:54","guid":{"rendered":"https:\/\/galicia.ingenierosnavales.com\/?p=7885"},"modified":"2024-12-13T08:30:54","modified_gmt":"2024-12-13T08:30:54","slug":"xunta-e-asamblea-ordinaria-do-cges","status":"publish","type":"post","link":"https:\/\/galicia.ingenierosnavales.com\/index.php\/2024\/12\/13\/xunta-e-asamblea-ordinaria-do-cges\/","title":{"rendered":"Xunta e Asamblea Ordinaria do CGES"},"content":{"rendered":"<p><img loading=\"lazy\" decoding=\"async\" class=\"aligncenter wp-image-7883 size-large\" src=\"https:\/\/galicia.ingenierosnavales.com\/wp-content\/uploads\/2024\/12\/ASAMBLEA-CGES-10.12.2024-1024x768.jpg\" alt=\"\" width=\"1024\" height=\"768\" srcset=\"https:\/\/galicia.ingenierosnavales.com\/wp-content\/uploads\/2024\/12\/ASAMBLEA-CGES-10.12.2024-1024x768.jpg 1024w, https:\/\/galicia.ingenierosnavales.com\/wp-content\/uploads\/2024\/12\/ASAMBLEA-CGES-10.12.2024-300x225.jpg 300w, https:\/\/galicia.ingenierosnavales.com\/wp-content\/uploads\/2024\/12\/ASAMBLEA-CGES-10.12.2024-768x576.jpg 768w, https:\/\/galicia.ingenierosnavales.com\/wp-content\/uploads\/2024\/12\/ASAMBLEA-CGES-10.12.2024-1536x1152.jpg 1536w, https:\/\/galicia.ingenierosnavales.com\/wp-content\/uploads\/2024\/12\/ASAMBLEA-CGES-10.12.2024.jpg 1600w\" sizes=\"auto, (max-width: 1024px) 100vw, 1024px\" \/><\/p>\n<p>O pasado 10 de decembro tivo lugar a \u00faltima Xunta Ordinaria do ano, as\u00ed como a Asamblea Ordinaria anual do CGES \u00e1 que acudiron a nosa Vicedecana Territorial Beatriz Spuch, acompa\u00f1ada do noso Decano Territorial Jorge Dahl. As d\u00faas reuni\u00f3ns celebr\u00e1ronse no Nord\u00e9s Club Empresarial na Coru\u00f1a como ven sendo habitual.<\/p>\n<p>O CGES (Consello Galego de Enxe\u00f1er\u00edas) <strong>representa m\u00e1is de 5.000 profesionais<\/strong>\u00a0de alta formaci\u00f3n e cualificaci\u00f3n a nivel internacional, dispostos e preparados para resolver problemas.<\/p>\n<p>O CGES promove a coordinaci\u00f3n entre as diferentes p\u00f3las da enxe\u00f1er\u00eda en Galicia, potencia o traballo interdisciplinar e exp\u00f3n as inquedanzas da enxe\u00f1er\u00eda diante de organismos p\u00fablicos e privados.<\/p>\n<p>Son tam\u00e9n prop\u00f3sitos destacados da nosa entidade avanzar na prospecci\u00f3n da evoluci\u00f3n cient\u00edfica e tecnol\u00f3xica no noso territorio, prestixiar a enxe\u00f1er\u00eda en Galicia, colaborar con todo tipo de organizaci\u00f3ns no desenvolvemento e promoci\u00f3n da enxe\u00f1er\u00eda galega e contribu\u00edr ao perfeccionamento das ensinanzas de enxe\u00f1er\u00eda e a formaci\u00f3n continua na nosa comunidad aut\u00f3noma.<\/p>\n<p>&nbsp;<\/p>\n","protected":false},"excerpt":{"rendered":"<p>O pasado 10 de decembro tivo lugar a \u00faltima Xunta Ordinaria do ano, as\u00ed como a Asamblea Ordinaria anual do CGES \u00e1 que acudiron a nosa Vicedecana Territorial Beatriz Spuch, acompa\u00f1ada do noso Decano&#46;&#46;&#46;<\/p>\n","protected":false},"author":2,"featured_media":7883,"comment_status":"open","ping_status":"open","sticky":false,"template":"","format":"standard","meta":{"om_disable_all_campaigns":false,"_monsterinsights_skip_tracking":false,"_monsterinsights_sitenote_active":false,"_monsterinsights_sitenote_note":"","_monsterinsights_sitenote_category":0,"_uf_show_specific_survey":0,"_uf_disable_surveys":false,"footnotes":""},"categories":[37],"tags":[],"class_list":["post-7885","post","type-post","status-publish","format-standard","has-post-thumbnail","hentry","category-cges-g"],"aioseo_notices":[],"yoast_head":"<!-- This site is optimized with the Yoast SEO plugin v24.0 - https:\/\/yoast.com\/wordpress\/plugins\/seo\/ -->\n<title>Xunta e Asamblea Ordinaria do CGES - Delegaci\u00f3n del COIN en Galicia -<\/title>\n<meta name=\"robots\" content=\"index, follow, max-snippet:-1, max-image-preview:large, max-video-preview:-1\" \/>\n<link rel=\"canonical\" href=\"https:\/\/galicia.ingenierosnavales.com\/index.php\/2024\/12\/13\/xunta-e-asamblea-ordinaria-do-cges\/\" \/>\n<meta property=\"og:locale\" content=\"es_ES\" \/>\n<meta property=\"og:type\" content=\"article\" \/>\n<meta property=\"og:title\" content=\"Xunta e Asamblea Ordinaria do CGES - Delegaci\u00f3n del COIN en Galicia -\" \/>\n<meta property=\"og:description\" content=\"O pasado 10 de decembro tivo lugar a \u00faltima Xunta Ordinaria do ano, as\u00ed como a Asamblea Ordinaria anual do CGES \u00e1 que acudiron a nosa Vicedecana Territorial Beatriz Spuch, acompa\u00f1ada do noso Decano&#046;&#046;&#046;\" \/>\n<meta property=\"og:url\" content=\"https:\/\/galicia.ingenierosnavales.com\/index.php\/2024\/12\/13\/xunta-e-asamblea-ordinaria-do-cges\/\" \/>\n<meta property=\"og:site_name\" content=\"Delegaci\u00f3n del COIN en Galicia -\" \/>\n<meta property=\"article:published_time\" content=\"2024-12-13T08:30:54+00:00\" \/>\n<meta property=\"og:image\" content=\"https:\/\/galicia.ingenierosnavales.com\/wp-content\/uploads\/2024\/12\/ASAMBLEA-CGES-10.12.2024.jpg\" \/>\n\t<meta property=\"og:image:width\" content=\"1600\" \/>\n\t<meta property=\"og:image:height\" content=\"1200\" \/>\n\t<meta property=\"og:image:type\" content=\"image\/jpeg\" \/>\n<meta name=\"author\" content=\"Delegaci\u00f3n Galicia\" \/>\n<meta name=\"twitter:card\" content=\"summary_large_image\" \/>\n<meta name=\"twitter:label1\" content=\"Escrito por\" \/>\n\t<meta name=\"twitter:data1\" content=\"Delegaci\u00f3n Galicia\" \/>\n\t<meta name=\"twitter:label2\" content=\"Tiempo de lectura\" \/>\n\t<meta name=\"twitter:data2\" content=\"2 minutos\" \/>\n<script type=\"application\/ld+json\" class=\"yoast-schema-graph\">{\"@context\":\"https:\/\/schema.org\",\"@graph\":[{\"@type\":\"Article\",\"@id\":\"https:\/\/galicia.ingenierosnavales.com\/index.php\/2024\/12\/13\/xunta-e-asamblea-ordinaria-do-cges\/#article\",\"isPartOf\":{\"@id\":\"https:\/\/galicia.ingenierosnavales.com\/index.php\/2024\/12\/13\/xunta-e-asamblea-ordinaria-do-cges\/\"},\"author\":{\"name\":\"Delegaci\u00f3n Galicia\",\"@id\":\"https:\/\/galicia.ingenierosnavales.com\/#\/schema\/person\/5b19750a916831d424f63e9271d4e51d\"},\"headline\":\"Xunta e Asamblea Ordinaria do CGES\",\"datePublished\":\"2024-12-13T08:30:54+00:00\",\"dateModified\":\"2024-12-13T08:30:54+00:00\",\"mainEntityOfPage\":{\"@id\":\"https:\/\/galicia.ingenierosnavales.com\/index.php\/2024\/12\/13\/xunta-e-asamblea-ordinaria-do-cges\/\"},\"wordCount\":197,\"commentCount\":0,\"publisher\":{\"@id\":\"https:\/\/galicia.ingenierosnavales.com\/#organization\"},\"image\":{\"@id\":\"https:\/\/galicia.ingenierosnavales.com\/index.php\/2024\/12\/13\/xunta-e-asamblea-ordinaria-do-cges\/#primaryimage\"},\"thumbnailUrl\":\"https:\/\/galicia.ingenierosnavales.com\/wp-content\/uploads\/2024\/12\/ASAMBLEA-CGES-10.12.2024.jpg\",\"articleSection\":[\"CGES (G)\"],\"inLanguage\":\"es\",\"potentialAction\":[{\"@type\":\"CommentAction\",\"name\":\"Comment\",\"target\":[\"https:\/\/galicia.ingenierosnavales.com\/index.php\/2024\/12\/13\/xunta-e-asamblea-ordinaria-do-cges\/#respond\"]}]},{\"@type\":\"WebPage\",\"@id\":\"https:\/\/galicia.ingenierosnavales.com\/index.php\/2024\/12\/13\/xunta-e-asamblea-ordinaria-do-cges\/\",\"url\":\"https:\/\/galicia.ingenierosnavales.com\/index.php\/2024\/12\/13\/xunta-e-asamblea-ordinaria-do-cges\/\",\"name\":\"Xunta e Asamblea Ordinaria do CGES - Delegaci\u00f3n del COIN en Galicia -\",\"isPartOf\":{\"@id\":\"https:\/\/galicia.ingenierosnavales.com\/#website\"},\"primaryImageOfPage\":{\"@id\":\"https:\/\/galicia.ingenierosnavales.com\/index.php\/2024\/12\/13\/xunta-e-asamblea-ordinaria-do-cges\/#primaryimage\"},\"image\":{\"@id\":\"https:\/\/galicia.ingenierosnavales.com\/index.php\/2024\/12\/13\/xunta-e-asamblea-ordinaria-do-cges\/#primaryimage\"},\"thumbnailUrl\":\"https:\/\/galicia.ingenierosnavales.com\/wp-content\/uploads\/2024\/12\/ASAMBLEA-CGES-10.12.2024.jpg\",\"datePublished\":\"2024-12-13T08:30:54+00:00\",\"dateModified\":\"2024-12-13T08:30:54+00:00\",\"breadcrumb\":{\"@id\":\"https:\/\/galicia.ingenierosnavales.com\/index.php\/2024\/12\/13\/xunta-e-asamblea-ordinaria-do-cges\/#breadcrumb\"},\"inLanguage\":\"es\",\"potentialAction\":[{\"@type\":\"ReadAction\",\"target\":[\"https:\/\/galicia.ingenierosnavales.com\/index.php\/2024\/12\/13\/xunta-e-asamblea-ordinaria-do-cges\/\"]}]},{\"@type\":\"ImageObject\",\"inLanguage\":\"es\",\"@id\":\"https:\/\/galicia.ingenierosnavales.com\/index.php\/2024\/12\/13\/xunta-e-asamblea-ordinaria-do-cges\/#primaryimage\",\"url\":\"https:\/\/galicia.ingenierosnavales.com\/wp-content\/uploads\/2024\/12\/ASAMBLEA-CGES-10.12.2024.jpg\",\"contentUrl\":\"https:\/\/galicia.ingenierosnavales.com\/wp-content\/uploads\/2024\/12\/ASAMBLEA-CGES-10.12.2024.jpg\",\"width\":1600,\"height\":1200},{\"@type\":\"BreadcrumbList\",\"@id\":\"https:\/\/galicia.ingenierosnavales.com\/index.php\/2024\/12\/13\/xunta-e-asamblea-ordinaria-do-cges\/#breadcrumb\",\"itemListElement\":[{\"@type\":\"ListItem\",\"position\":1,\"name\":\"Home\",\"item\":\"https:\/\/galicia.ingenierosnavales.com\/\"},{\"@type\":\"ListItem\",\"position\":2,\"name\":\"Xunta e Asamblea Ordinaria do CGES\"}]},{\"@type\":\"WebSite\",\"@id\":\"https:\/\/galicia.ingenierosnavales.com\/#website\",\"url\":\"https:\/\/galicia.ingenierosnavales.com\/\",\"name\":\"Delegaci\u00f3n del COIN en Galicia -\",\"description\":\"\",\"publisher\":{\"@id\":\"https:\/\/galicia.ingenierosnavales.com\/#organization\"},\"potentialAction\":[{\"@type\":\"SearchAction\",\"target\":{\"@type\":\"EntryPoint\",\"urlTemplate\":\"https:\/\/galicia.ingenierosnavales.com\/?s={search_term_string}\"},\"query-input\":{\"@type\":\"PropertyValueSpecification\",\"valueRequired\":true,\"valueName\":\"search_term_string\"}}],\"inLanguage\":\"es\"},{\"@type\":\"Organization\",\"@id\":\"https:\/\/galicia.ingenierosnavales.com\/#organization\",\"name\":\"Delegaci\u00f3n del COIN en Galicia -\",\"url\":\"https:\/\/galicia.ingenierosnavales.com\/\",\"logo\":{\"@type\":\"ImageObject\",\"inLanguage\":\"es\",\"@id\":\"https:\/\/galicia.ingenierosnavales.com\/#\/schema\/logo\/image\/\",\"url\":\"https:\/\/galicia.ingenierosnavales.com\/wp-content\/uploads\/2022\/03\/logo_2-1.png\",\"contentUrl\":\"https:\/\/galicia.ingenierosnavales.com\/wp-content\/uploads\/2022\/03\/logo_2-1.png\",\"width\":240,\"height\":94,\"caption\":\"Delegaci\u00f3n del COIN en Galicia - \"},\"image\":{\"@id\":\"https:\/\/galicia.ingenierosnavales.com\/#\/schema\/logo\/image\/\"}},{\"@type\":\"Person\",\"@id\":\"https:\/\/galicia.ingenierosnavales.com\/#\/schema\/person\/5b19750a916831d424f63e9271d4e51d\",\"name\":\"Delegaci\u00f3n Galicia\",\"image\":{\"@type\":\"ImageObject\",\"inLanguage\":\"es\",\"@id\":\"https:\/\/galicia.ingenierosnavales.com\/#\/schema\/person\/image\/\",\"url\":\"https:\/\/secure.gravatar.com\/avatar\/8ba9b1dd96c7effddd31fcf63bf8cc7f?s=96&d=mm&r=g\",\"contentUrl\":\"https:\/\/secure.gravatar.com\/avatar\/8ba9b1dd96c7effddd31fcf63bf8cc7f?s=96&d=mm&r=g\",\"caption\":\"Delegaci\u00f3n Galicia\"},\"url\":\"https:\/\/galicia.ingenierosnavales.com\/index.php\/author\/galicia\/\"}]}<\/script>\n<!-- \/ Yoast SEO plugin. -->","yoast_head_json":{"title":"Xunta e Asamblea Ordinaria do CGES - Delegaci\u00f3n del COIN en Galicia -","robots":{"index":"index","follow":"follow","max-snippet":"max-snippet:-1","max-image-preview":"max-image-preview:large","max-video-preview":"max-video-preview:-1"},"canonical":"https:\/\/galicia.ingenierosnavales.com\/index.php\/2024\/12\/13\/xunta-e-asamblea-ordinaria-do-cges\/","og_locale":"es_ES","og_type":"article","og_title":"Xunta e Asamblea Ordinaria do CGES - Delegaci\u00f3n del COIN en Galicia -","og_description":"O pasado 10 de decembro tivo lugar a \u00faltima Xunta Ordinaria do ano, as\u00ed como a Asamblea Ordinaria anual do CGES \u00e1 que acudiron a nosa Vicedecana Territorial Beatriz Spuch, acompa\u00f1ada do noso Decano&#46;&#46;&#46;","og_url":"https:\/\/galicia.ingenierosnavales.com\/index.php\/2024\/12\/13\/xunta-e-asamblea-ordinaria-do-cges\/","og_site_name":"Delegaci\u00f3n del COIN en Galicia -","article_published_time":"2024-12-13T08:30:54+00:00","og_image":[{"width":1600,"height":1200,"url":"https:\/\/galicia.ingenierosnavales.com\/wp-content\/uploads\/2024\/12\/ASAMBLEA-CGES-10.12.2024.jpg","type":"image\/jpeg"}],"author":"Delegaci\u00f3n Galicia","twitter_card":"summary_large_image","twitter_misc":{"Escrito por":"Delegaci\u00f3n Galicia","Tiempo de lectura":"2 minutos"},"schema":{"@context":"https:\/\/schema.org","@graph":[{"@type":"Article","@id":"https:\/\/galicia.ingenierosnavales.com\/index.php\/2024\/12\/13\/xunta-e-asamblea-ordinaria-do-cges\/#article","isPartOf":{"@id":"https:\/\/galicia.ingenierosnavales.com\/index.php\/2024\/12\/13\/xunta-e-asamblea-ordinaria-do-cges\/"},"author":{"name":"Delegaci\u00f3n Galicia","@id":"https:\/\/galicia.ingenierosnavales.com\/#\/schema\/person\/5b19750a916831d424f63e9271d4e51d"},"headline":"Xunta e Asamblea Ordinaria do CGES","datePublished":"2024-12-13T08:30:54+00:00","dateModified":"2024-12-13T08:30:54+00:00","mainEntityOfPage":{"@id":"https:\/\/galicia.ingenierosnavales.com\/index.php\/2024\/12\/13\/xunta-e-asamblea-ordinaria-do-cges\/"},"wordCount":197,"commentCount":0,"publisher":{"@id":"https:\/\/galicia.ingenierosnavales.com\/#organization"},"image":{"@id":"https:\/\/galicia.ingenierosnavales.com\/index.php\/2024\/12\/13\/xunta-e-asamblea-ordinaria-do-cges\/#primaryimage"},"thumbnailUrl":"https:\/\/galicia.ingenierosnavales.com\/wp-content\/uploads\/2024\/12\/ASAMBLEA-CGES-10.12.2024.jpg","articleSection":["CGES (G)"],"inLanguage":"es","potentialAction":[{"@type":"CommentAction","name":"Comment","target":["https:\/\/galicia.ingenierosnavales.com\/index.php\/2024\/12\/13\/xunta-e-asamblea-ordinaria-do-cges\/#respond"]}]},{"@type":"WebPage","@id":"https:\/\/galicia.ingenierosnavales.com\/index.php\/2024\/12\/13\/xunta-e-asamblea-ordinaria-do-cges\/","url":"https:\/\/galicia.ingenierosnavales.com\/index.php\/2024\/12\/13\/xunta-e-asamblea-ordinaria-do-cges\/","name":"Xunta e Asamblea Ordinaria do CGES - Delegaci\u00f3n del COIN en Galicia -","isPartOf":{"@id":"https:\/\/galicia.ingenierosnavales.com\/#website"},"primaryImageOfPage":{"@id":"https:\/\/galicia.ingenierosnavales.com\/index.php\/2024\/12\/13\/xunta-e-asamblea-ordinaria-do-cges\/#primaryimage"},"image":{"@id":"https:\/\/galicia.ingenierosnavales.com\/index.php\/2024\/12\/13\/xunta-e-asamblea-ordinaria-do-cges\/#primaryimage"},"thumbnailUrl":"https:\/\/galicia.ingenierosnavales.com\/wp-content\/uploads\/2024\/12\/ASAMBLEA-CGES-10.12.2024.jpg","datePublished":"2024-12-13T08:30:54+00:00","dateModified":"2024-12-13T08:30:54+00:00","breadcrumb":{"@id":"https:\/\/galicia.ingenierosnavales.com\/index.php\/2024\/12\/13\/xunta-e-asamblea-ordinaria-do-cges\/#breadcrumb"},"inLanguage":"es","potentialAction":[{"@type":"ReadAction","target":["https:\/\/galicia.ingenierosnavales.com\/index.php\/2024\/12\/13\/xunta-e-asamblea-ordinaria-do-cges\/"]}]},{"@type":"ImageObject","inLanguage":"es","@id":"https:\/\/galicia.ingenierosnavales.com\/index.php\/2024\/12\/13\/xunta-e-asamblea-ordinaria-do-cges\/#primaryimage","url":"https:\/\/galicia.ingenierosnavales.com\/wp-content\/uploads\/2024\/12\/ASAMBLEA-CGES-10.12.2024.jpg","contentUrl":"https:\/\/galicia.ingenierosnavales.com\/wp-content\/uploads\/2024\/12\/ASAMBLEA-CGES-10.12.2024.jpg","width":1600,"height":1200},{"@type":"BreadcrumbList","@id":"https:\/\/galicia.ingenierosnavales.com\/index.php\/2024\/12\/13\/xunta-e-asamblea-ordinaria-do-cges\/#breadcrumb","itemListElement":[{"@type":"ListItem","position":1,"name":"Home","item":"https:\/\/galicia.ingenierosnavales.com\/"},{"@type":"ListItem","position":2,"name":"Xunta e Asamblea Ordinaria do CGES"}]},{"@type":"WebSite","@id":"https:\/\/galicia.ingenierosnavales.com\/#website","url":"https:\/\/galicia.ingenierosnavales.com\/","name":"Delegaci\u00f3n del COIN en Galicia -","description":"","publisher":{"@id":"https:\/\/galicia.ingenierosnavales.com\/#organization"},"potentialAction":[{"@type":"SearchAction","target":{"@type":"EntryPoint","urlTemplate":"https:\/\/galicia.ingenierosnavales.com\/?s={search_term_string}"},"query-input":{"@type":"PropertyValueSpecification","valueRequired":true,"valueName":"search_term_string"}}],"inLanguage":"es"},{"@type":"Organization","@id":"https:\/\/galicia.ingenierosnavales.com\/#organization","name":"Delegaci\u00f3n del COIN en Galicia -","url":"https:\/\/galicia.ingenierosnavales.com\/","logo":{"@type":"ImageObject","inLanguage":"es","@id":"https:\/\/galicia.ingenierosnavales.com\/#\/schema\/logo\/image\/","url":"https:\/\/galicia.ingenierosnavales.com\/wp-content\/uploads\/2022\/03\/logo_2-1.png","contentUrl":"https:\/\/galicia.ingenierosnavales.com\/wp-content\/uploads\/2022\/03\/logo_2-1.png","width":240,"height":94,"caption":"Delegaci\u00f3n del COIN en Galicia - "},"image":{"@id":"https:\/\/galicia.ingenierosnavales.com\/#\/schema\/logo\/image\/"}},{"@type":"Person","@id":"https:\/\/galicia.ingenierosnavales.com\/#\/schema\/person\/5b19750a916831d424f63e9271d4e51d","name":"Delegaci\u00f3n Galicia","image":{"@type":"ImageObject","inLanguage":"es","@id":"https:\/\/galicia.ingenierosnavales.com\/#\/schema\/person\/image\/","url":"https:\/\/secure.gravatar.com\/avatar\/8ba9b1dd96c7effddd31fcf63bf8cc7f?s=96&d=mm&r=g","contentUrl":"https:\/\/secure.gravatar.com\/avatar\/8ba9b1dd96c7effddd31fcf63bf8cc7f?s=96&d=mm&r=g","caption":"Delegaci\u00f3n Galicia"},"url":"https:\/\/galicia.ingenierosnavales.com\/index.php\/author\/galicia\/"}]}},"_links":{"self":[{"href":"https:\/\/galicia.ingenierosnavales.com\/index.php\/wp-json\/wp\/v2\/posts\/7885","targetHints":{"allow":["GET"]}}],"collection":[{"href":"https:\/\/galicia.ingenierosnavales.com\/index.php\/wp-json\/wp\/v2\/posts"}],"about":[{"href":"https:\/\/galicia.ingenierosnavales.com\/index.php\/wp-json\/wp\/v2\/types\/post"}],"author":[{"embeddable":true,"href":"https:\/\/galicia.ingenierosnavales.com\/index.php\/wp-json\/wp\/v2\/users\/2"}],"replies":[{"embeddable":true,"href":"https:\/\/galicia.ingenierosnavales.com\/index.php\/wp-json\/wp\/v2\/comments?post=7885"}],"version-history":[{"count":1,"href":"https:\/\/galicia.ingenierosnavales.com\/index.php\/wp-json\/wp\/v2\/posts\/7885\/revisions"}],"predecessor-version":[{"id":7886,"href":"https:\/\/galicia.ingenierosnavales.com\/index.php\/wp-json\/wp\/v2\/posts\/7885\/revisions\/7886"}],"wp:featuredmedia":[{"embeddable":true,"href":"https:\/\/galicia.ingenierosnavales.com\/index.php\/wp-json\/wp\/v2\/media\/7883"}],"wp:attachment":[{"href":"https:\/\/galicia.ingenierosnavales.com\/index.php\/wp-json\/wp\/v2\/media?parent=7885"}],"wp:term":[{"taxonomy":"category","embeddable":true,"href":"https:\/\/galicia.ingenierosnavales.com\/index.php\/wp-json\/wp\/v2\/categories?post=7885"},{"taxonomy":"post_tag","embeddable":true,"href":"https:\/\/galicia.ingenierosnavales.com\/index.php\/wp-json\/wp\/v2\/tags?post=7885"}],"curies":[{"name":"wp","href":"https:\/\/api.w.org\/{rel}","templated":true}]}}