{"id":7868,"date":"2024-12-11T15:28:57","date_gmt":"2024-12-11T15:28:57","guid":{"rendered":"https:\/\/galicia.ingenierosnavales.com\/?p=7868"},"modified":"2024-12-11T15:29:41","modified_gmt":"2024-12-11T15:29:41","slug":"nova-ardentia-no16","status":"publish","type":"post","link":"https:\/\/galicia.ingenierosnavales.com\/index.php\/2024\/12\/11\/nova-ardentia-no16\/","title":{"rendered":"Nova Ardent\u00eda N\u00ba16"},"content":{"rendered":"<p><strong><em>Nova Ardent\u00eda\u2019<\/em>\u00a0\u00e9 a Revista Galega de Cultura Mar\u00edtima e Fluvial editada por Culturmar.<\/strong><\/p>\n<p>Naceu en xullo de 2004, inicialmente co nome de\u00a0<em>Ardent\u00eda,\u00a0<\/em>baixo a direcci\u00f3n de Lu\u00eds Rei N\u00fa\u00f1ez (1960-2015) e cos membros do Colectivo Etnogr\u00e1fico Mascato do Saln\u00e9s como principais redactores, coa misi\u00f3n espec\u00edfica de arroupar a celebraci\u00f3n do Encontro de Embarcaci\u00f3ns Tradicionais que organiza a Federaci\u00f3n Galega pola Cultura Mar\u00edtima e Fluvial.<\/p>\n<p>O obxectivo da revista \u00e9 publicar traballos dentro do seu \u00e1mbito tem\u00e1tico que te\u00f1an unha contrastada calidade e interese, e tentando que parte de cada n\u00famero estea relacionado coa actualidade do tempo no que se p\u00fablica.<\/p>\n<p>\u2018<em>Nova Ardent\u00eda<\/em>\u2018 disp\u00f3n dunha\u00a0<a href=\"https:\/\/www.novaardentia.gal\/\">p\u00e1xina web<\/a>\u00a0propia coas revistas publicadas e informaci\u00f3n sobre o xeito de colaborar.<\/p>\n<p>No seguinte enlace, poderedes acceder ao \u00faltimo n\u00famero publicado <a href=\"https:\/\/culturmar.org\/publicacion\/nova-ardentia-16\/\">Nova Ardent\u00eda n\u00ba16<\/a><\/p>\n<p><img loading=\"lazy\" decoding=\"async\" class=\"alignnone size-medium wp-image-7869 aligncenter\" src=\"https:\/\/galicia.ingenierosnavales.com\/wp-content\/uploads\/2024\/12\/ARDENTIA-16-213x300.jpg\" alt=\"\" width=\"213\" height=\"300\" srcset=\"https:\/\/galicia.ingenierosnavales.com\/wp-content\/uploads\/2024\/12\/ARDENTIA-16-213x300.jpg 213w, https:\/\/galicia.ingenierosnavales.com\/wp-content\/uploads\/2024\/12\/ARDENTIA-16.jpg 547w\" sizes=\"auto, (max-width: 213px) 100vw, 213px\" \/><\/p>\n<p>&nbsp;<\/p>\n","protected":false},"excerpt":{"rendered":"<p>Nova Ardent\u00eda\u2019\u00a0\u00e9 a Revista Galega de Cultura Mar\u00edtima e Fluvial editada por Culturmar. Naceu en xullo de 2004, inicialmente co nome de\u00a0Ardent\u00eda,\u00a0baixo a direcci\u00f3n de Lu\u00eds Rei N\u00fa\u00f1ez (1960-2015) e cos membros do Colectivo&#46;&#46;&#46;<\/p>\n","protected":false},"author":2,"featured_media":7869,"comment_status":"open","ping_status":"open","sticky":false,"template":"","format":"standard","meta":{"om_disable_all_campaigns":false,"_monsterinsights_skip_tracking":false,"_monsterinsights_sitenote_active":false,"_monsterinsights_sitenote_note":"","_monsterinsights_sitenote_category":0,"_uf_show_specific_survey":0,"_uf_disable_surveys":false,"footnotes":""},"categories":[30,21],"tags":[],"class_list":["post-7868","post","type-post","status-publish","format-standard","has-post-thumbnail","hentry","category-formacion-g","category-noticias-g"],"aioseo_notices":[],"yoast_head":"<!-- This site is optimized with the Yoast SEO plugin v24.0 - https:\/\/yoast.com\/wordpress\/plugins\/seo\/ -->\n<title>Nova Ardent\u00eda N\u00ba16 - Delegaci\u00f3n del COIN en Galicia -<\/title>\n<meta name=\"robots\" content=\"index, follow, max-snippet:-1, max-image-preview:large, max-video-preview:-1\" \/>\n<link rel=\"canonical\" href=\"https:\/\/galicia.ingenierosnavales.com\/index.php\/2024\/12\/11\/nova-ardentia-no16\/\" \/>\n<meta property=\"og:locale\" content=\"es_ES\" \/>\n<meta property=\"og:type\" content=\"article\" \/>\n<meta property=\"og:title\" content=\"Nova Ardent\u00eda N\u00ba16 - Delegaci\u00f3n del COIN en Galicia -\" \/>\n<meta property=\"og:description\" content=\"Nova Ardent\u00eda\u2019\u00a0\u00e9 a Revista Galega de Cultura Mar\u00edtima e Fluvial editada por Culturmar. Naceu en xullo de 2004, inicialmente co nome de\u00a0Ardent\u00eda,\u00a0baixo a direcci\u00f3n de Lu\u00eds Rei N\u00fa\u00f1ez (1960-2015) e cos membros do Colectivo&#046;&#046;&#046;\" \/>\n<meta property=\"og:url\" content=\"https:\/\/galicia.ingenierosnavales.com\/index.php\/2024\/12\/11\/nova-ardentia-no16\/\" \/>\n<meta property=\"og:site_name\" content=\"Delegaci\u00f3n del COIN en Galicia -\" \/>\n<meta property=\"article:published_time\" content=\"2024-12-11T15:28:57+00:00\" \/>\n<meta property=\"article:modified_time\" content=\"2024-12-11T15:29:41+00:00\" \/>\n<meta property=\"og:image\" content=\"https:\/\/galicia.ingenierosnavales.com\/wp-content\/uploads\/2024\/12\/ARDENTIA-16.jpg\" \/>\n\t<meta property=\"og:image:width\" content=\"547\" \/>\n\t<meta property=\"og:image:height\" content=\"769\" \/>\n\t<meta property=\"og:image:type\" content=\"image\/jpeg\" \/>\n<meta name=\"author\" content=\"Delegaci\u00f3n Galicia\" \/>\n<meta name=\"twitter:card\" content=\"summary_large_image\" \/>\n<meta name=\"twitter:label1\" content=\"Escrito por\" \/>\n\t<meta name=\"twitter:data1\" content=\"Delegaci\u00f3n Galicia\" \/>\n\t<meta name=\"twitter:label2\" content=\"Tiempo de lectura\" \/>\n\t<meta name=\"twitter:data2\" content=\"2 minutos\" \/>\n<script type=\"application\/ld+json\" class=\"yoast-schema-graph\">{\"@context\":\"https:\/\/schema.org\",\"@graph\":[{\"@type\":\"Article\",\"@id\":\"https:\/\/galicia.ingenierosnavales.com\/index.php\/2024\/12\/11\/nova-ardentia-no16\/#article\",\"isPartOf\":{\"@id\":\"https:\/\/galicia.ingenierosnavales.com\/index.php\/2024\/12\/11\/nova-ardentia-no16\/\"},\"author\":{\"name\":\"Delegaci\u00f3n Galicia\",\"@id\":\"https:\/\/galicia.ingenierosnavales.com\/#\/schema\/person\/5b19750a916831d424f63e9271d4e51d\"},\"headline\":\"Nova Ardent\u00eda N\u00ba16\",\"datePublished\":\"2024-12-11T15:28:57+00:00\",\"dateModified\":\"2024-12-11T15:29:41+00:00\",\"mainEntityOfPage\":{\"@id\":\"https:\/\/galicia.ingenierosnavales.com\/index.php\/2024\/12\/11\/nova-ardentia-no16\/\"},\"wordCount\":157,\"commentCount\":0,\"publisher\":{\"@id\":\"https:\/\/galicia.ingenierosnavales.com\/#organization\"},\"image\":{\"@id\":\"https:\/\/galicia.ingenierosnavales.com\/index.php\/2024\/12\/11\/nova-ardentia-no16\/#primaryimage\"},\"thumbnailUrl\":\"https:\/\/galicia.ingenierosnavales.com\/wp-content\/uploads\/2024\/12\/ARDENTIA-16.jpg\",\"articleSection\":[\"formaci\u00f3n (G)\",\"Noticias (G)\"],\"inLanguage\":\"es\",\"potentialAction\":[{\"@type\":\"CommentAction\",\"name\":\"Comment\",\"target\":[\"https:\/\/galicia.ingenierosnavales.com\/index.php\/2024\/12\/11\/nova-ardentia-no16\/#respond\"]}]},{\"@type\":\"WebPage\",\"@id\":\"https:\/\/galicia.ingenierosnavales.com\/index.php\/2024\/12\/11\/nova-ardentia-no16\/\",\"url\":\"https:\/\/galicia.ingenierosnavales.com\/index.php\/2024\/12\/11\/nova-ardentia-no16\/\",\"name\":\"Nova Ardent\u00eda N\u00ba16 - Delegaci\u00f3n del COIN en Galicia -\",\"isPartOf\":{\"@id\":\"https:\/\/galicia.ingenierosnavales.com\/#website\"},\"primaryImageOfPage\":{\"@id\":\"https:\/\/galicia.ingenierosnavales.com\/index.php\/2024\/12\/11\/nova-ardentia-no16\/#primaryimage\"},\"image\":{\"@id\":\"https:\/\/galicia.ingenierosnavales.com\/index.php\/2024\/12\/11\/nova-ardentia-no16\/#primaryimage\"},\"thumbnailUrl\":\"https:\/\/galicia.ingenierosnavales.com\/wp-content\/uploads\/2024\/12\/ARDENTIA-16.jpg\",\"datePublished\":\"2024-12-11T15:28:57+00:00\",\"dateModified\":\"2024-12-11T15:29:41+00:00\",\"breadcrumb\":{\"@id\":\"https:\/\/galicia.ingenierosnavales.com\/index.php\/2024\/12\/11\/nova-ardentia-no16\/#breadcrumb\"},\"inLanguage\":\"es\",\"potentialAction\":[{\"@type\":\"ReadAction\",\"target\":[\"https:\/\/galicia.ingenierosnavales.com\/index.php\/2024\/12\/11\/nova-ardentia-no16\/\"]}]},{\"@type\":\"ImageObject\",\"inLanguage\":\"es\",\"@id\":\"https:\/\/galicia.ingenierosnavales.com\/index.php\/2024\/12\/11\/nova-ardentia-no16\/#primaryimage\",\"url\":\"https:\/\/galicia.ingenierosnavales.com\/wp-content\/uploads\/2024\/12\/ARDENTIA-16.jpg\",\"contentUrl\":\"https:\/\/galicia.ingenierosnavales.com\/wp-content\/uploads\/2024\/12\/ARDENTIA-16.jpg\",\"width\":547,\"height\":769},{\"@type\":\"BreadcrumbList\",\"@id\":\"https:\/\/galicia.ingenierosnavales.com\/index.php\/2024\/12\/11\/nova-ardentia-no16\/#breadcrumb\",\"itemListElement\":[{\"@type\":\"ListItem\",\"position\":1,\"name\":\"Home\",\"item\":\"https:\/\/galicia.ingenierosnavales.com\/\"},{\"@type\":\"ListItem\",\"position\":2,\"name\":\"Nova Ardent\u00eda N\u00ba16\"}]},{\"@type\":\"WebSite\",\"@id\":\"https:\/\/galicia.ingenierosnavales.com\/#website\",\"url\":\"https:\/\/galicia.ingenierosnavales.com\/\",\"name\":\"Delegaci\u00f3n del COIN en Galicia -\",\"description\":\"\",\"publisher\":{\"@id\":\"https:\/\/galicia.ingenierosnavales.com\/#organization\"},\"potentialAction\":[{\"@type\":\"SearchAction\",\"target\":{\"@type\":\"EntryPoint\",\"urlTemplate\":\"https:\/\/galicia.ingenierosnavales.com\/?s={search_term_string}\"},\"query-input\":{\"@type\":\"PropertyValueSpecification\",\"valueRequired\":true,\"valueName\":\"search_term_string\"}}],\"inLanguage\":\"es\"},{\"@type\":\"Organization\",\"@id\":\"https:\/\/galicia.ingenierosnavales.com\/#organization\",\"name\":\"Delegaci\u00f3n del COIN en Galicia -\",\"url\":\"https:\/\/galicia.ingenierosnavales.com\/\",\"logo\":{\"@type\":\"ImageObject\",\"inLanguage\":\"es\",\"@id\":\"https:\/\/galicia.ingenierosnavales.com\/#\/schema\/logo\/image\/\",\"url\":\"https:\/\/galicia.ingenierosnavales.com\/wp-content\/uploads\/2022\/03\/logo_2-1.png\",\"contentUrl\":\"https:\/\/galicia.ingenierosnavales.com\/wp-content\/uploads\/2022\/03\/logo_2-1.png\",\"width\":240,\"height\":94,\"caption\":\"Delegaci\u00f3n del COIN en Galicia - \"},\"image\":{\"@id\":\"https:\/\/galicia.ingenierosnavales.com\/#\/schema\/logo\/image\/\"}},{\"@type\":\"Person\",\"@id\":\"https:\/\/galicia.ingenierosnavales.com\/#\/schema\/person\/5b19750a916831d424f63e9271d4e51d\",\"name\":\"Delegaci\u00f3n Galicia\",\"image\":{\"@type\":\"ImageObject\",\"inLanguage\":\"es\",\"@id\":\"https:\/\/galicia.ingenierosnavales.com\/#\/schema\/person\/image\/\",\"url\":\"https:\/\/secure.gravatar.com\/avatar\/8ba9b1dd96c7effddd31fcf63bf8cc7f?s=96&d=mm&r=g\",\"contentUrl\":\"https:\/\/secure.gravatar.com\/avatar\/8ba9b1dd96c7effddd31fcf63bf8cc7f?s=96&d=mm&r=g\",\"caption\":\"Delegaci\u00f3n Galicia\"},\"url\":\"https:\/\/galicia.ingenierosnavales.com\/index.php\/author\/galicia\/\"}]}<\/script>\n<!-- \/ Yoast SEO plugin. -->","yoast_head_json":{"title":"Nova Ardent\u00eda N\u00ba16 - Delegaci\u00f3n del COIN en Galicia -","robots":{"index":"index","follow":"follow","max-snippet":"max-snippet:-1","max-image-preview":"max-image-preview:large","max-video-preview":"max-video-preview:-1"},"canonical":"https:\/\/galicia.ingenierosnavales.com\/index.php\/2024\/12\/11\/nova-ardentia-no16\/","og_locale":"es_ES","og_type":"article","og_title":"Nova Ardent\u00eda N\u00ba16 - Delegaci\u00f3n del COIN en Galicia -","og_description":"Nova Ardent\u00eda\u2019\u00a0\u00e9 a Revista Galega de Cultura Mar\u00edtima e Fluvial editada por Culturmar. Naceu en xullo de 2004, inicialmente co nome de\u00a0Ardent\u00eda,\u00a0baixo a direcci\u00f3n de Lu\u00eds Rei N\u00fa\u00f1ez (1960-2015) e cos membros do Colectivo&#46;&#46;&#46;","og_url":"https:\/\/galicia.ingenierosnavales.com\/index.php\/2024\/12\/11\/nova-ardentia-no16\/","og_site_name":"Delegaci\u00f3n del COIN en Galicia -","article_published_time":"2024-12-11T15:28:57+00:00","article_modified_time":"2024-12-11T15:29:41+00:00","og_image":[{"width":547,"height":769,"url":"https:\/\/galicia.ingenierosnavales.com\/wp-content\/uploads\/2024\/12\/ARDENTIA-16.jpg","type":"image\/jpeg"}],"author":"Delegaci\u00f3n Galicia","twitter_card":"summary_large_image","twitter_misc":{"Escrito por":"Delegaci\u00f3n Galicia","Tiempo de lectura":"2 minutos"},"schema":{"@context":"https:\/\/schema.org","@graph":[{"@type":"Article","@id":"https:\/\/galicia.ingenierosnavales.com\/index.php\/2024\/12\/11\/nova-ardentia-no16\/#article","isPartOf":{"@id":"https:\/\/galicia.ingenierosnavales.com\/index.php\/2024\/12\/11\/nova-ardentia-no16\/"},"author":{"name":"Delegaci\u00f3n Galicia","@id":"https:\/\/galicia.ingenierosnavales.com\/#\/schema\/person\/5b19750a916831d424f63e9271d4e51d"},"headline":"Nova Ardent\u00eda N\u00ba16","datePublished":"2024-12-11T15:28:57+00:00","dateModified":"2024-12-11T15:29:41+00:00","mainEntityOfPage":{"@id":"https:\/\/galicia.ingenierosnavales.com\/index.php\/2024\/12\/11\/nova-ardentia-no16\/"},"wordCount":157,"commentCount":0,"publisher":{"@id":"https:\/\/galicia.ingenierosnavales.com\/#organization"},"image":{"@id":"https:\/\/galicia.ingenierosnavales.com\/index.php\/2024\/12\/11\/nova-ardentia-no16\/#primaryimage"},"thumbnailUrl":"https:\/\/galicia.ingenierosnavales.com\/wp-content\/uploads\/2024\/12\/ARDENTIA-16.jpg","articleSection":["formaci\u00f3n (G)","Noticias (G)"],"inLanguage":"es","potentialAction":[{"@type":"CommentAction","name":"Comment","target":["https:\/\/galicia.ingenierosnavales.com\/index.php\/2024\/12\/11\/nova-ardentia-no16\/#respond"]}]},{"@type":"WebPage","@id":"https:\/\/galicia.ingenierosnavales.com\/index.php\/2024\/12\/11\/nova-ardentia-no16\/","url":"https:\/\/galicia.ingenierosnavales.com\/index.php\/2024\/12\/11\/nova-ardentia-no16\/","name":"Nova Ardent\u00eda N\u00ba16 - Delegaci\u00f3n del COIN en Galicia -","isPartOf":{"@id":"https:\/\/galicia.ingenierosnavales.com\/#website"},"primaryImageOfPage":{"@id":"https:\/\/galicia.ingenierosnavales.com\/index.php\/2024\/12\/11\/nova-ardentia-no16\/#primaryimage"},"image":{"@id":"https:\/\/galicia.ingenierosnavales.com\/index.php\/2024\/12\/11\/nova-ardentia-no16\/#primaryimage"},"thumbnailUrl":"https:\/\/galicia.ingenierosnavales.com\/wp-content\/uploads\/2024\/12\/ARDENTIA-16.jpg","datePublished":"2024-12-11T15:28:57+00:00","dateModified":"2024-12-11T15:29:41+00:00","breadcrumb":{"@id":"https:\/\/galicia.ingenierosnavales.com\/index.php\/2024\/12\/11\/nova-ardentia-no16\/#breadcrumb"},"inLanguage":"es","potentialAction":[{"@type":"ReadAction","target":["https:\/\/galicia.ingenierosnavales.com\/index.php\/2024\/12\/11\/nova-ardentia-no16\/"]}]},{"@type":"ImageObject","inLanguage":"es","@id":"https:\/\/galicia.ingenierosnavales.com\/index.php\/2024\/12\/11\/nova-ardentia-no16\/#primaryimage","url":"https:\/\/galicia.ingenierosnavales.com\/wp-content\/uploads\/2024\/12\/ARDENTIA-16.jpg","contentUrl":"https:\/\/galicia.ingenierosnavales.com\/wp-content\/uploads\/2024\/12\/ARDENTIA-16.jpg","width":547,"height":769},{"@type":"BreadcrumbList","@id":"https:\/\/galicia.ingenierosnavales.com\/index.php\/2024\/12\/11\/nova-ardentia-no16\/#breadcrumb","itemListElement":[{"@type":"ListItem","position":1,"name":"Home","item":"https:\/\/galicia.ingenierosnavales.com\/"},{"@type":"ListItem","position":2,"name":"Nova Ardent\u00eda N\u00ba16"}]},{"@type":"WebSite","@id":"https:\/\/galicia.ingenierosnavales.com\/#website","url":"https:\/\/galicia.ingenierosnavales.com\/","name":"Delegaci\u00f3n del COIN en Galicia -","description":"","publisher":{"@id":"https:\/\/galicia.ingenierosnavales.com\/#organization"},"potentialAction":[{"@type":"SearchAction","target":{"@type":"EntryPoint","urlTemplate":"https:\/\/galicia.ingenierosnavales.com\/?s={search_term_string}"},"query-input":{"@type":"PropertyValueSpecification","valueRequired":true,"valueName":"search_term_string"}}],"inLanguage":"es"},{"@type":"Organization","@id":"https:\/\/galicia.ingenierosnavales.com\/#organization","name":"Delegaci\u00f3n del COIN en Galicia -","url":"https:\/\/galicia.ingenierosnavales.com\/","logo":{"@type":"ImageObject","inLanguage":"es","@id":"https:\/\/galicia.ingenierosnavales.com\/#\/schema\/logo\/image\/","url":"https:\/\/galicia.ingenierosnavales.com\/wp-content\/uploads\/2022\/03\/logo_2-1.png","contentUrl":"https:\/\/galicia.ingenierosnavales.com\/wp-content\/uploads\/2022\/03\/logo_2-1.png","width":240,"height":94,"caption":"Delegaci\u00f3n del COIN en Galicia - "},"image":{"@id":"https:\/\/galicia.ingenierosnavales.com\/#\/schema\/logo\/image\/"}},{"@type":"Person","@id":"https:\/\/galicia.ingenierosnavales.com\/#\/schema\/person\/5b19750a916831d424f63e9271d4e51d","name":"Delegaci\u00f3n Galicia","image":{"@type":"ImageObject","inLanguage":"es","@id":"https:\/\/galicia.ingenierosnavales.com\/#\/schema\/person\/image\/","url":"https:\/\/secure.gravatar.com\/avatar\/8ba9b1dd96c7effddd31fcf63bf8cc7f?s=96&d=mm&r=g","contentUrl":"https:\/\/secure.gravatar.com\/avatar\/8ba9b1dd96c7effddd31fcf63bf8cc7f?s=96&d=mm&r=g","caption":"Delegaci\u00f3n Galicia"},"url":"https:\/\/galicia.ingenierosnavales.com\/index.php\/author\/galicia\/"}]}},"_links":{"self":[{"href":"https:\/\/galicia.ingenierosnavales.com\/index.php\/wp-json\/wp\/v2\/posts\/7868","targetHints":{"allow":["GET"]}}],"collection":[{"href":"https:\/\/galicia.ingenierosnavales.com\/index.php\/wp-json\/wp\/v2\/posts"}],"about":[{"href":"https:\/\/galicia.ingenierosnavales.com\/index.php\/wp-json\/wp\/v2\/types\/post"}],"author":[{"embeddable":true,"href":"https:\/\/galicia.ingenierosnavales.com\/index.php\/wp-json\/wp\/v2\/users\/2"}],"replies":[{"embeddable":true,"href":"https:\/\/galicia.ingenierosnavales.com\/index.php\/wp-json\/wp\/v2\/comments?post=7868"}],"version-history":[{"count":2,"href":"https:\/\/galicia.ingenierosnavales.com\/index.php\/wp-json\/wp\/v2\/posts\/7868\/revisions"}],"predecessor-version":[{"id":7871,"href":"https:\/\/galicia.ingenierosnavales.com\/index.php\/wp-json\/wp\/v2\/posts\/7868\/revisions\/7871"}],"wp:featuredmedia":[{"embeddable":true,"href":"https:\/\/galicia.ingenierosnavales.com\/index.php\/wp-json\/wp\/v2\/media\/7869"}],"wp:attachment":[{"href":"https:\/\/galicia.ingenierosnavales.com\/index.php\/wp-json\/wp\/v2\/media?parent=7868"}],"wp:term":[{"taxonomy":"category","embeddable":true,"href":"https:\/\/galicia.ingenierosnavales.com\/index.php\/wp-json\/wp\/v2\/categories?post=7868"},{"taxonomy":"post_tag","embeddable":true,"href":"https:\/\/galicia.ingenierosnavales.com\/index.php\/wp-json\/wp\/v2\/tags?post=7868"}],"curies":[{"name":"wp","href":"https:\/\/api.w.org\/{rel}","templated":true}]}}