{"id":7282,"date":"2024-09-03T19:00:53","date_gmt":"2024-09-03T19:00:53","guid":{"rendered":"https:\/\/galicia.ingenierosnavales.com\/?p=7282"},"modified":"2024-09-03T19:07:29","modified_gmt":"2024-09-03T19:07:29","slug":"circular-17-24-convocatoria-de-elecciones-dt-aine-en-galicia","status":"publish","type":"post","link":"https:\/\/galicia.ingenierosnavales.com\/index.php\/2024\/09\/03\/circular-17-24-convocatoria-de-elecciones-dt-aine-en-galicia\/","title":{"rendered":"Circular 17\/24-Convocatoria de elecciones DT AINE en Galicia"},"content":{"rendered":"<p><img loading=\"lazy\" decoding=\"async\" class=\"aligncenter wp-image-7283 size-large\" src=\"https:\/\/galicia.ingenierosnavales.com\/wp-content\/uploads\/2024\/09\/CIRCULAR-1724--1024x724.jpg\" alt=\"\" width=\"1024\" height=\"724\" srcset=\"https:\/\/galicia.ingenierosnavales.com\/wp-content\/uploads\/2024\/09\/CIRCULAR-1724--1024x724.jpg 1024w, https:\/\/galicia.ingenierosnavales.com\/wp-content\/uploads\/2024\/09\/CIRCULAR-1724--300x212.jpg 300w, https:\/\/galicia.ingenierosnavales.com\/wp-content\/uploads\/2024\/09\/CIRCULAR-1724--768x543.jpg 768w, https:\/\/galicia.ingenierosnavales.com\/wp-content\/uploads\/2024\/09\/CIRCULAR-1724-.jpg 1132w\" sizes=\"auto, (max-width: 1024px) 100vw, 1024px\" \/><\/p>\n<p style=\"text-align: right;\"><a href=\"https:\/\/galicia.ingenierosnavales.com\/wp-content\/uploads\/2024\/09\/circular-17-24.pdf\">circular 17-24<\/a><\/p>\n<p style=\"text-align: right;\">Ferrol, a 3 de septiembre de 2024<\/p>\n<p>Estimados asociados,<\/p>\n<p>De acuerdo con el Reglamento de la Asociaci\u00f3n de Ingenieros Navales de Espa\u00f1a, es necesario realizar la elecci\u00f3n de la Junta Directiva de la Delegaci\u00f3n Territorial de la Asociaci\u00f3n mediante elecciones.<\/p>\n<p>Para la Junta Directiva de la Delegaci\u00f3n Territorial de la Asociaci\u00f3n, se convocan los siguientes cargos:<\/p>\n<ul>\n<li>Presidente de la Delegaci\u00f3n Territorial<\/li>\n<li>5 vocales de la Delegaci\u00f3n Territorial<\/li>\n<\/ul>\n<p>De entre esos 5 vocales se elegir\u00e1n a propuesta del Presidente de la Delegaci\u00f3n Territorial el Vicepresidente y el Secretario de la Delegaci\u00f3n Territorial.<\/p>\n<p>Para la candidatura a Presidente de la Delegaci\u00f3n Territorial es preciso presentar 5 avales de asociados de n\u00famero, un asociado solo podr\u00e1 avalar a un candidato a Presidente.<\/p>\n<p>Para la candidatura a vocales de la Delegaci\u00f3n Territorial es preciso ser asociado de n\u00famero.<\/p>\n<p>De acuerdo con el Reglamento para las Elecciones <u>se solicitan tambi\u00e9n tres voluntarios para ejercer de Mesa\u00a0Electoral<\/u>.<\/p>\n<p>Los detalles para la presentaci\u00f3n de candidatos y voluntarios se encuentran en documentaci\u00f3n anexa.<\/p>\n<p><u>Si deseas presentar tu candidatura a alguno de estos puestos podr\u00e1s realizarlo de los siguientes modos en formato electr\u00f3nico escaneado o con firma digital o en formato f\u00edsico en la Delegaci\u00f3n<\/u>:<\/p>\n<ul>\n<li>Mediante un correo electr\u00f3nico a la siguiente direcci\u00f3n: <a href=\"mailto:galicia@ingenierosnavales.com\">galicia@ingenierosnavales.com<\/a>.<\/li>\n<li>Depositando las candidaturas en nuestra sede de la Avda. de Vigo, 135-137, entlo. 1, Ferrol, o deposit\u00e1ndola en el buz\u00f3n de la oficina.<\/li>\n<\/ul>\n<p style=\"text-align: center;\"><a href=\"https:\/\/galicia.ingenierosnavales.com\/wp-content\/uploads\/2024\/09\/CONVOCATORIA-JUNTA-DIRECTIVA-GENERAL-EXTRAORDINARIA-2024-ELECCIONES-JUNTA-DIRECTIVA-TERRITORIAL-EN-GALICIA-.pdf\">CONVOCATORIA JUNTA DIRECTIVA GENERAL EXTRAORDINARIA 2024 &#8211; ELECCIONES JUNTA DIRECTIVA TERRITORIAL EN GALICIA<\/a><\/p>\n<p>Las fechas previstas del proceso electoral son:<\/p>\n<ul>\n<li>Solicitud de candidaturas y voluntarios para mesa electoral. 03\/09\/2024<\/li>\n<li>Convocatoria de Junta General Extraordinaria. 03\/09\/2024<\/li>\n<li>Cierre del plazo de admisi\u00f3n de las candidaturas: 15:00h del 24\/09\/2024<\/li>\n<li>Formaci\u00f3n de la mesa electoral y comunicaci\u00f3n de candidaturas. 26\/09\/2024<\/li>\n<li>Junta General Extraordinaria de la Delegaci\u00f3n Territorial de la Asociaci\u00f3n:16\/10\/2024 a las 18:00 h. en primera y a las 18:30 h. en segunda convocatoria.<\/li>\n<\/ul>\n<p>ANEXOS:<\/p>\n<p><a href=\"https:\/\/galicia.ingenierosnavales.com\/wp-content\/uploads\/2024\/09\/AVAL-GALICIA.docx\">AVAL GALICIA<\/a><\/p>\n<p><a href=\"https:\/\/galicia.ingenierosnavales.com\/wp-content\/uploads\/2024\/09\/hoja-candidatura-AINE-GALICIA.docx\">hoja-candidatura-AINE-GALICIA<\/a><\/p>\n<p style=\"text-align: center;\">Jorge Dahl de Sobrino<\/p>\n<p style=\"text-align: center;\">Presidente de la Delegaci\u00f3n Territorial en Galicia de la Asociaci\u00f3n de Ingenieros Navales y Oce\u00e1nicos de Espa\u00f1a<\/p>\n","protected":false},"excerpt":{"rendered":"<p>circular 17-24 Ferrol, a 3 de septiembre de 2024 Estimados asociados, De acuerdo con el Reglamento de la Asociaci\u00f3n de Ingenieros Navales de Espa\u00f1a, es necesario realizar la elecci\u00f3n de la Junta Directiva de&#46;&#46;&#46;<\/p>\n","protected":false},"author":2,"featured_media":7283,"comment_status":"open","ping_status":"open","sticky":false,"template":"","format":"standard","meta":{"om_disable_all_campaigns":false,"_monsterinsights_skip_tracking":false,"_monsterinsights_sitenote_active":false,"_monsterinsights_sitenote_note":"","_monsterinsights_sitenote_category":0,"_uf_show_specific_survey":0,"_uf_disable_surveys":false,"footnotes":""},"categories":[1,3],"tags":[],"class_list":["post-7282","post","type-post","status-publish","format-standard","has-post-thumbnail","hentry","category-eventos","category-noticias-gl-es"],"aioseo_notices":[],"yoast_head":"<!-- This site is optimized with the Yoast SEO plugin v24.0 - https:\/\/yoast.com\/wordpress\/plugins\/seo\/ -->\n<title>Circular 17\/24-Convocatoria de elecciones DT AINE en Galicia - Delegaci\u00f3n del COIN en Galicia -<\/title>\n<meta name=\"robots\" content=\"index, follow, max-snippet:-1, max-image-preview:large, max-video-preview:-1\" \/>\n<link rel=\"canonical\" href=\"https:\/\/galicia.ingenierosnavales.com\/index.php\/2024\/09\/03\/circular-17-24-convocatoria-de-elecciones-dt-aine-en-galicia\/\" \/>\n<meta property=\"og:locale\" content=\"es_ES\" \/>\n<meta property=\"og:type\" content=\"article\" \/>\n<meta property=\"og:title\" content=\"Circular 17\/24-Convocatoria de elecciones DT AINE en Galicia - Delegaci\u00f3n del COIN en Galicia -\" \/>\n<meta property=\"og:description\" content=\"circular 17-24 Ferrol, a 3 de septiembre de 2024 Estimados asociados, De acuerdo con el Reglamento de la Asociaci\u00f3n de Ingenieros Navales de Espa\u00f1a, es necesario realizar la elecci\u00f3n de la Junta Directiva de&#046;&#046;&#046;\" \/>\n<meta property=\"og:url\" content=\"https:\/\/galicia.ingenierosnavales.com\/index.php\/2024\/09\/03\/circular-17-24-convocatoria-de-elecciones-dt-aine-en-galicia\/\" \/>\n<meta property=\"og:site_name\" content=\"Delegaci\u00f3n del COIN en Galicia -\" \/>\n<meta property=\"article:published_time\" content=\"2024-09-03T19:00:53+00:00\" \/>\n<meta property=\"article:modified_time\" content=\"2024-09-03T19:07:29+00:00\" \/>\n<meta property=\"og:image\" content=\"https:\/\/galicia.ingenierosnavales.com\/wp-content\/uploads\/2024\/09\/CIRCULAR-1724-.jpg\" \/>\n\t<meta property=\"og:image:width\" content=\"1132\" \/>\n\t<meta property=\"og:image:height\" content=\"800\" \/>\n\t<meta property=\"og:image:type\" content=\"image\/jpeg\" \/>\n<meta name=\"author\" content=\"Delegaci\u00f3n Galicia\" \/>\n<meta name=\"twitter:card\" content=\"summary_large_image\" \/>\n<meta name=\"twitter:label1\" content=\"Escrito por\" \/>\n\t<meta name=\"twitter:data1\" content=\"Delegaci\u00f3n Galicia\" \/>\n\t<meta name=\"twitter:label2\" content=\"Tiempo de lectura\" \/>\n\t<meta name=\"twitter:data2\" content=\"2 minutos\" \/>\n<script type=\"application\/ld+json\" class=\"yoast-schema-graph\">{\"@context\":\"https:\/\/schema.org\",\"@graph\":[{\"@type\":\"Article\",\"@id\":\"https:\/\/galicia.ingenierosnavales.com\/index.php\/2024\/09\/03\/circular-17-24-convocatoria-de-elecciones-dt-aine-en-galicia\/#article\",\"isPartOf\":{\"@id\":\"https:\/\/galicia.ingenierosnavales.com\/index.php\/2024\/09\/03\/circular-17-24-convocatoria-de-elecciones-dt-aine-en-galicia\/\"},\"author\":{\"name\":\"Delegaci\u00f3n Galicia\",\"@id\":\"https:\/\/galicia.ingenierosnavales.com\/#\/schema\/person\/5b19750a916831d424f63e9271d4e51d\"},\"headline\":\"Circular 17\/24-Convocatoria de elecciones DT AINE en Galicia\",\"datePublished\":\"2024-09-03T19:00:53+00:00\",\"dateModified\":\"2024-09-03T19:07:29+00:00\",\"mainEntityOfPage\":{\"@id\":\"https:\/\/galicia.ingenierosnavales.com\/index.php\/2024\/09\/03\/circular-17-24-convocatoria-de-elecciones-dt-aine-en-galicia\/\"},\"wordCount\":369,\"commentCount\":0,\"publisher\":{\"@id\":\"https:\/\/galicia.ingenierosnavales.com\/#organization\"},\"image\":{\"@id\":\"https:\/\/galicia.ingenierosnavales.com\/index.php\/2024\/09\/03\/circular-17-24-convocatoria-de-elecciones-dt-aine-en-galicia\/#primaryimage\"},\"thumbnailUrl\":\"https:\/\/galicia.ingenierosnavales.com\/wp-content\/uploads\/2024\/09\/CIRCULAR-1724-.jpg\",\"articleSection\":[\"Eventos\",\"Noticias\"],\"inLanguage\":\"es\",\"potentialAction\":[{\"@type\":\"CommentAction\",\"name\":\"Comment\",\"target\":[\"https:\/\/galicia.ingenierosnavales.com\/index.php\/2024\/09\/03\/circular-17-24-convocatoria-de-elecciones-dt-aine-en-galicia\/#respond\"]}]},{\"@type\":\"WebPage\",\"@id\":\"https:\/\/galicia.ingenierosnavales.com\/index.php\/2024\/09\/03\/circular-17-24-convocatoria-de-elecciones-dt-aine-en-galicia\/\",\"url\":\"https:\/\/galicia.ingenierosnavales.com\/index.php\/2024\/09\/03\/circular-17-24-convocatoria-de-elecciones-dt-aine-en-galicia\/\",\"name\":\"Circular 17\/24-Convocatoria de elecciones DT AINE en Galicia - Delegaci\u00f3n del COIN en Galicia -\",\"isPartOf\":{\"@id\":\"https:\/\/galicia.ingenierosnavales.com\/#website\"},\"primaryImageOfPage\":{\"@id\":\"https:\/\/galicia.ingenierosnavales.com\/index.php\/2024\/09\/03\/circular-17-24-convocatoria-de-elecciones-dt-aine-en-galicia\/#primaryimage\"},\"image\":{\"@id\":\"https:\/\/galicia.ingenierosnavales.com\/index.php\/2024\/09\/03\/circular-17-24-convocatoria-de-elecciones-dt-aine-en-galicia\/#primaryimage\"},\"thumbnailUrl\":\"https:\/\/galicia.ingenierosnavales.com\/wp-content\/uploads\/2024\/09\/CIRCULAR-1724-.jpg\",\"datePublished\":\"2024-09-03T19:00:53+00:00\",\"dateModified\":\"2024-09-03T19:07:29+00:00\",\"breadcrumb\":{\"@id\":\"https:\/\/galicia.ingenierosnavales.com\/index.php\/2024\/09\/03\/circular-17-24-convocatoria-de-elecciones-dt-aine-en-galicia\/#breadcrumb\"},\"inLanguage\":\"es\",\"potentialAction\":[{\"@type\":\"ReadAction\",\"target\":[\"https:\/\/galicia.ingenierosnavales.com\/index.php\/2024\/09\/03\/circular-17-24-convocatoria-de-elecciones-dt-aine-en-galicia\/\"]}]},{\"@type\":\"ImageObject\",\"inLanguage\":\"es\",\"@id\":\"https:\/\/galicia.ingenierosnavales.com\/index.php\/2024\/09\/03\/circular-17-24-convocatoria-de-elecciones-dt-aine-en-galicia\/#primaryimage\",\"url\":\"https:\/\/galicia.ingenierosnavales.com\/wp-content\/uploads\/2024\/09\/CIRCULAR-1724-.jpg\",\"contentUrl\":\"https:\/\/galicia.ingenierosnavales.com\/wp-content\/uploads\/2024\/09\/CIRCULAR-1724-.jpg\",\"width\":1132,\"height\":800},{\"@type\":\"BreadcrumbList\",\"@id\":\"https:\/\/galicia.ingenierosnavales.com\/index.php\/2024\/09\/03\/circular-17-24-convocatoria-de-elecciones-dt-aine-en-galicia\/#breadcrumb\",\"itemListElement\":[{\"@type\":\"ListItem\",\"position\":1,\"name\":\"Home\",\"item\":\"https:\/\/galicia.ingenierosnavales.com\/\"},{\"@type\":\"ListItem\",\"position\":2,\"name\":\"Circular 17\/24-Convocatoria de elecciones DT AINE en Galicia\"}]},{\"@type\":\"WebSite\",\"@id\":\"https:\/\/galicia.ingenierosnavales.com\/#website\",\"url\":\"https:\/\/galicia.ingenierosnavales.com\/\",\"name\":\"Delegaci\u00f3n del COIN en Galicia -\",\"description\":\"\",\"publisher\":{\"@id\":\"https:\/\/galicia.ingenierosnavales.com\/#organization\"},\"potentialAction\":[{\"@type\":\"SearchAction\",\"target\":{\"@type\":\"EntryPoint\",\"urlTemplate\":\"https:\/\/galicia.ingenierosnavales.com\/?s={search_term_string}\"},\"query-input\":{\"@type\":\"PropertyValueSpecification\",\"valueRequired\":true,\"valueName\":\"search_term_string\"}}],\"inLanguage\":\"es\"},{\"@type\":\"Organization\",\"@id\":\"https:\/\/galicia.ingenierosnavales.com\/#organization\",\"name\":\"Delegaci\u00f3n del COIN en Galicia -\",\"url\":\"https:\/\/galicia.ingenierosnavales.com\/\",\"logo\":{\"@type\":\"ImageObject\",\"inLanguage\":\"es\",\"@id\":\"https:\/\/galicia.ingenierosnavales.com\/#\/schema\/logo\/image\/\",\"url\":\"https:\/\/galicia.ingenierosnavales.com\/wp-content\/uploads\/2022\/03\/logo_2-1.png\",\"contentUrl\":\"https:\/\/galicia.ingenierosnavales.com\/wp-content\/uploads\/2022\/03\/logo_2-1.png\",\"width\":240,\"height\":94,\"caption\":\"Delegaci\u00f3n del COIN en Galicia - \"},\"image\":{\"@id\":\"https:\/\/galicia.ingenierosnavales.com\/#\/schema\/logo\/image\/\"}},{\"@type\":\"Person\",\"@id\":\"https:\/\/galicia.ingenierosnavales.com\/#\/schema\/person\/5b19750a916831d424f63e9271d4e51d\",\"name\":\"Delegaci\u00f3n Galicia\",\"image\":{\"@type\":\"ImageObject\",\"inLanguage\":\"es\",\"@id\":\"https:\/\/galicia.ingenierosnavales.com\/#\/schema\/person\/image\/\",\"url\":\"https:\/\/secure.gravatar.com\/avatar\/8ba9b1dd96c7effddd31fcf63bf8cc7f?s=96&d=mm&r=g\",\"contentUrl\":\"https:\/\/secure.gravatar.com\/avatar\/8ba9b1dd96c7effddd31fcf63bf8cc7f?s=96&d=mm&r=g\",\"caption\":\"Delegaci\u00f3n Galicia\"},\"url\":\"https:\/\/galicia.ingenierosnavales.com\/index.php\/author\/galicia\/\"}]}<\/script>\n<!-- \/ Yoast SEO plugin. -->","yoast_head_json":{"title":"Circular 17\/24-Convocatoria de elecciones DT AINE en Galicia - Delegaci\u00f3n del COIN en Galicia -","robots":{"index":"index","follow":"follow","max-snippet":"max-snippet:-1","max-image-preview":"max-image-preview:large","max-video-preview":"max-video-preview:-1"},"canonical":"https:\/\/galicia.ingenierosnavales.com\/index.php\/2024\/09\/03\/circular-17-24-convocatoria-de-elecciones-dt-aine-en-galicia\/","og_locale":"es_ES","og_type":"article","og_title":"Circular 17\/24-Convocatoria de elecciones DT AINE en Galicia - Delegaci\u00f3n del COIN en Galicia -","og_description":"circular 17-24 Ferrol, a 3 de septiembre de 2024 Estimados asociados, De acuerdo con el Reglamento de la Asociaci\u00f3n de Ingenieros Navales de Espa\u00f1a, es necesario realizar la elecci\u00f3n de la Junta Directiva de&#46;&#46;&#46;","og_url":"https:\/\/galicia.ingenierosnavales.com\/index.php\/2024\/09\/03\/circular-17-24-convocatoria-de-elecciones-dt-aine-en-galicia\/","og_site_name":"Delegaci\u00f3n del COIN en Galicia -","article_published_time":"2024-09-03T19:00:53+00:00","article_modified_time":"2024-09-03T19:07:29+00:00","og_image":[{"width":1132,"height":800,"url":"https:\/\/galicia.ingenierosnavales.com\/wp-content\/uploads\/2024\/09\/CIRCULAR-1724-.jpg","type":"image\/jpeg"}],"author":"Delegaci\u00f3n Galicia","twitter_card":"summary_large_image","twitter_misc":{"Escrito por":"Delegaci\u00f3n Galicia","Tiempo de lectura":"2 minutos"},"schema":{"@context":"https:\/\/schema.org","@graph":[{"@type":"Article","@id":"https:\/\/galicia.ingenierosnavales.com\/index.php\/2024\/09\/03\/circular-17-24-convocatoria-de-elecciones-dt-aine-en-galicia\/#article","isPartOf":{"@id":"https:\/\/galicia.ingenierosnavales.com\/index.php\/2024\/09\/03\/circular-17-24-convocatoria-de-elecciones-dt-aine-en-galicia\/"},"author":{"name":"Delegaci\u00f3n Galicia","@id":"https:\/\/galicia.ingenierosnavales.com\/#\/schema\/person\/5b19750a916831d424f63e9271d4e51d"},"headline":"Circular 17\/24-Convocatoria de elecciones DT AINE en Galicia","datePublished":"2024-09-03T19:00:53+00:00","dateModified":"2024-09-03T19:07:29+00:00","mainEntityOfPage":{"@id":"https:\/\/galicia.ingenierosnavales.com\/index.php\/2024\/09\/03\/circular-17-24-convocatoria-de-elecciones-dt-aine-en-galicia\/"},"wordCount":369,"commentCount":0,"publisher":{"@id":"https:\/\/galicia.ingenierosnavales.com\/#organization"},"image":{"@id":"https:\/\/galicia.ingenierosnavales.com\/index.php\/2024\/09\/03\/circular-17-24-convocatoria-de-elecciones-dt-aine-en-galicia\/#primaryimage"},"thumbnailUrl":"https:\/\/galicia.ingenierosnavales.com\/wp-content\/uploads\/2024\/09\/CIRCULAR-1724-.jpg","articleSection":["Eventos","Noticias"],"inLanguage":"es","potentialAction":[{"@type":"CommentAction","name":"Comment","target":["https:\/\/galicia.ingenierosnavales.com\/index.php\/2024\/09\/03\/circular-17-24-convocatoria-de-elecciones-dt-aine-en-galicia\/#respond"]}]},{"@type":"WebPage","@id":"https:\/\/galicia.ingenierosnavales.com\/index.php\/2024\/09\/03\/circular-17-24-convocatoria-de-elecciones-dt-aine-en-galicia\/","url":"https:\/\/galicia.ingenierosnavales.com\/index.php\/2024\/09\/03\/circular-17-24-convocatoria-de-elecciones-dt-aine-en-galicia\/","name":"Circular 17\/24-Convocatoria de elecciones DT AINE en Galicia - Delegaci\u00f3n del COIN en Galicia -","isPartOf":{"@id":"https:\/\/galicia.ingenierosnavales.com\/#website"},"primaryImageOfPage":{"@id":"https:\/\/galicia.ingenierosnavales.com\/index.php\/2024\/09\/03\/circular-17-24-convocatoria-de-elecciones-dt-aine-en-galicia\/#primaryimage"},"image":{"@id":"https:\/\/galicia.ingenierosnavales.com\/index.php\/2024\/09\/03\/circular-17-24-convocatoria-de-elecciones-dt-aine-en-galicia\/#primaryimage"},"thumbnailUrl":"https:\/\/galicia.ingenierosnavales.com\/wp-content\/uploads\/2024\/09\/CIRCULAR-1724-.jpg","datePublished":"2024-09-03T19:00:53+00:00","dateModified":"2024-09-03T19:07:29+00:00","breadcrumb":{"@id":"https:\/\/galicia.ingenierosnavales.com\/index.php\/2024\/09\/03\/circular-17-24-convocatoria-de-elecciones-dt-aine-en-galicia\/#breadcrumb"},"inLanguage":"es","potentialAction":[{"@type":"ReadAction","target":["https:\/\/galicia.ingenierosnavales.com\/index.php\/2024\/09\/03\/circular-17-24-convocatoria-de-elecciones-dt-aine-en-galicia\/"]}]},{"@type":"ImageObject","inLanguage":"es","@id":"https:\/\/galicia.ingenierosnavales.com\/index.php\/2024\/09\/03\/circular-17-24-convocatoria-de-elecciones-dt-aine-en-galicia\/#primaryimage","url":"https:\/\/galicia.ingenierosnavales.com\/wp-content\/uploads\/2024\/09\/CIRCULAR-1724-.jpg","contentUrl":"https:\/\/galicia.ingenierosnavales.com\/wp-content\/uploads\/2024\/09\/CIRCULAR-1724-.jpg","width":1132,"height":800},{"@type":"BreadcrumbList","@id":"https:\/\/galicia.ingenierosnavales.com\/index.php\/2024\/09\/03\/circular-17-24-convocatoria-de-elecciones-dt-aine-en-galicia\/#breadcrumb","itemListElement":[{"@type":"ListItem","position":1,"name":"Home","item":"https:\/\/galicia.ingenierosnavales.com\/"},{"@type":"ListItem","position":2,"name":"Circular 17\/24-Convocatoria de elecciones DT AINE en Galicia"}]},{"@type":"WebSite","@id":"https:\/\/galicia.ingenierosnavales.com\/#website","url":"https:\/\/galicia.ingenierosnavales.com\/","name":"Delegaci\u00f3n del COIN en Galicia -","description":"","publisher":{"@id":"https:\/\/galicia.ingenierosnavales.com\/#organization"},"potentialAction":[{"@type":"SearchAction","target":{"@type":"EntryPoint","urlTemplate":"https:\/\/galicia.ingenierosnavales.com\/?s={search_term_string}"},"query-input":{"@type":"PropertyValueSpecification","valueRequired":true,"valueName":"search_term_string"}}],"inLanguage":"es"},{"@type":"Organization","@id":"https:\/\/galicia.ingenierosnavales.com\/#organization","name":"Delegaci\u00f3n del COIN en Galicia -","url":"https:\/\/galicia.ingenierosnavales.com\/","logo":{"@type":"ImageObject","inLanguage":"es","@id":"https:\/\/galicia.ingenierosnavales.com\/#\/schema\/logo\/image\/","url":"https:\/\/galicia.ingenierosnavales.com\/wp-content\/uploads\/2022\/03\/logo_2-1.png","contentUrl":"https:\/\/galicia.ingenierosnavales.com\/wp-content\/uploads\/2022\/03\/logo_2-1.png","width":240,"height":94,"caption":"Delegaci\u00f3n del COIN en Galicia - "},"image":{"@id":"https:\/\/galicia.ingenierosnavales.com\/#\/schema\/logo\/image\/"}},{"@type":"Person","@id":"https:\/\/galicia.ingenierosnavales.com\/#\/schema\/person\/5b19750a916831d424f63e9271d4e51d","name":"Delegaci\u00f3n Galicia","image":{"@type":"ImageObject","inLanguage":"es","@id":"https:\/\/galicia.ingenierosnavales.com\/#\/schema\/person\/image\/","url":"https:\/\/secure.gravatar.com\/avatar\/8ba9b1dd96c7effddd31fcf63bf8cc7f?s=96&d=mm&r=g","contentUrl":"https:\/\/secure.gravatar.com\/avatar\/8ba9b1dd96c7effddd31fcf63bf8cc7f?s=96&d=mm&r=g","caption":"Delegaci\u00f3n Galicia"},"url":"https:\/\/galicia.ingenierosnavales.com\/index.php\/author\/galicia\/"}]}},"_links":{"self":[{"href":"https:\/\/galicia.ingenierosnavales.com\/index.php\/wp-json\/wp\/v2\/posts\/7282","targetHints":{"allow":["GET"]}}],"collection":[{"href":"https:\/\/galicia.ingenierosnavales.com\/index.php\/wp-json\/wp\/v2\/posts"}],"about":[{"href":"https:\/\/galicia.ingenierosnavales.com\/index.php\/wp-json\/wp\/v2\/types\/post"}],"author":[{"embeddable":true,"href":"https:\/\/galicia.ingenierosnavales.com\/index.php\/wp-json\/wp\/v2\/users\/2"}],"replies":[{"embeddable":true,"href":"https:\/\/galicia.ingenierosnavales.com\/index.php\/wp-json\/wp\/v2\/comments?post=7282"}],"version-history":[{"count":3,"href":"https:\/\/galicia.ingenierosnavales.com\/index.php\/wp-json\/wp\/v2\/posts\/7282\/revisions"}],"predecessor-version":[{"id":7290,"href":"https:\/\/galicia.ingenierosnavales.com\/index.php\/wp-json\/wp\/v2\/posts\/7282\/revisions\/7290"}],"wp:featuredmedia":[{"embeddable":true,"href":"https:\/\/galicia.ingenierosnavales.com\/index.php\/wp-json\/wp\/v2\/media\/7283"}],"wp:attachment":[{"href":"https:\/\/galicia.ingenierosnavales.com\/index.php\/wp-json\/wp\/v2\/media?parent=7282"}],"wp:term":[{"taxonomy":"category","embeddable":true,"href":"https:\/\/galicia.ingenierosnavales.com\/index.php\/wp-json\/wp\/v2\/categories?post=7282"},{"taxonomy":"post_tag","embeddable":true,"href":"https:\/\/galicia.ingenierosnavales.com\/index.php\/wp-json\/wp\/v2\/tags?post=7282"}],"curies":[{"name":"wp","href":"https:\/\/api.w.org\/{rel}","templated":true}]}}