{"id":7143,"date":"2024-07-16T08:23:08","date_gmt":"2024-07-16T08:23:08","guid":{"rendered":"https:\/\/galicia.ingenierosnavales.com\/?p=7143"},"modified":"2024-07-16T08:30:30","modified_gmt":"2024-07-16T08:30:30","slug":"celebracion-de-la-festividad-del-carmen-en-ferrol-y-vigo-2024","status":"publish","type":"post","link":"https:\/\/galicia.ingenierosnavales.com\/index.php\/2024\/07\/16\/celebracion-de-la-festividad-del-carmen-en-ferrol-y-vigo-2024\/","title":{"rendered":"Celebraci\u00f3n de la Festividad del Carmen en Ferrol y Vigo. 2024"},"content":{"rendered":"<p>Con motivo de la Festividad de la Virgen del Carmen el 16 de julio, en la Delegaci\u00f3n Territorial en Galicia se han organizado en la Zona Norte el 11 de julio y en la Zona Sur el 12 de julio sendos actos en los que se han reunido un numeroso grupo de Colegiados\/as y sus familias.<\/p>\n<p>En el programa de la zona Norte se ha incluido este a\u00f1o un peque\u00f1o homenaje a:<\/p>\n<p>Carlos Otero Rivera, Emilio Lage Vell\u00f3n, Jos\u00e9 M.\u00aa de Juan-Garc\u00eda Aguado y Primitivo Gonz\u00e1lez L\u00f3pez, los cuales desarrollaron su labor docente como Catedr\u00e1ticos de Escuela en la Escuela Universitaria de Serantes.<\/p>\n<p>Alfonso Garc\u00eda Ascaso, Daniel Pena Agras, Enrique Casanova Rivas, Francisco G\u00f3mez Gir\u00e1ldez Javier del Moral Hern\u00e1ndez y Jos\u00e9 \u00c1ngel Fraguela Formoso y Luis Carral Couce, que desarrollaron, o est\u00e1n desarrollando, su labor docente como Catedr\u00e1ticos de Universidad en la Escuela de Ferrol.<\/p>\n<p>Asimismo, este a\u00f1o se ha procedido a otorgar el Premio a la figura del Ingeniero Naval Ilustre, recayendo el mismo en:<\/p>\n<p>Zona Norte &#8212; Jos\u00e9 Maria Gonz\u00e1lez Llanos. Recoger\u00e1 el Premio su hijo Jes\u00fas Gonz\u00e1lez Llanos<\/p>\n<p>Zona Sur &#8212; Guillermo Gefaell Chamoch\u00edn.<\/p>\n<p style=\"text-align: center;\">\u00a1ENHORABUENA A TODOS LOS HOMENAGEADOS Y PREMIADOS!<\/p>\n<p>CELEBRACI\u00d3N FESTIVIDAD DEL CARMEN EN FERROL<\/p>\n\n\t\t<style>\n\t\t\t#gallery-1 {\n\t\t\t\tmargin: auto;\n\t\t\t}\n\t\t\t#gallery-1 .gallery-item {\n\t\t\t\tfloat: left;\n\t\t\t\tmargin-top: 10px;\n\t\t\t\ttext-align: center;\n\t\t\t\twidth: 33%;\n\t\t\t}\n\t\t\t#gallery-1 img {\n\t\t\t\tborder: 2px solid #cfcfcf;\n\t\t\t}\n\t\t\t#gallery-1 .gallery-caption {\n\t\t\t\tmargin-left: 0;\n\t\t\t}\n\t\t\t\/* see gallery_shortcode() in wp-includes\/media.php *\/\n\t\t<\/style>\n\t\t<div id='gallery-1' class='gallery galleryid-7143 gallery-columns-3 gallery-size-large'><dl class='gallery-item'>\n\t\t\t<dt class='gallery-icon landscape'>\n\t\t\t\t<a href='https:\/\/galicia.ingenierosnavales.com\/index.php\/2024\/07\/16\/celebracion-de-la-festividad-del-carmen-en-ferrol-y-vigo-2024\/1-g\/'><img loading=\"lazy\" decoding=\"async\" width=\"1024\" height=\"771\" src=\"https:\/\/galicia.ingenierosnavales.com\/wp-content\/uploads\/2024\/07\/1.G-1024x771.jpg\" class=\"attachment-large size-large no-lazy\" alt=\"\" srcset=\"https:\/\/galicia.ingenierosnavales.com\/wp-content\/uploads\/2024\/07\/1.G-1024x771.jpg 1024w, https:\/\/galicia.ingenierosnavales.com\/wp-content\/uploads\/2024\/07\/1.G-300x226.jpg 300w, https:\/\/galicia.ingenierosnavales.com\/wp-content\/uploads\/2024\/07\/1.G-768x578.jpg 768w, https:\/\/galicia.ingenierosnavales.com\/wp-content\/uploads\/2024\/07\/1.G.jpg 1063w\" sizes=\"auto, (max-width: 1024px) 100vw, 1024px\" \/><\/a>\n\t\t\t<\/dt><\/dl><dl class='gallery-item'>\n\t\t\t<dt class='gallery-icon landscape'>\n\t\t\t\t<a href='https:\/\/galicia.ingenierosnavales.com\/index.php\/2024\/07\/16\/celebracion-de-la-festividad-del-carmen-en-ferrol-y-vigo-2024\/2-g\/'><img loading=\"lazy\" decoding=\"async\" width=\"1024\" height=\"771\" src=\"https:\/\/galicia.ingenierosnavales.com\/wp-content\/uploads\/2024\/07\/2.G-1024x771.jpg\" class=\"attachment-large size-large no-lazy\" alt=\"\" srcset=\"https:\/\/galicia.ingenierosnavales.com\/wp-content\/uploads\/2024\/07\/2.G-1024x771.jpg 1024w, https:\/\/galicia.ingenierosnavales.com\/wp-content\/uploads\/2024\/07\/2.G-300x226.jpg 300w, https:\/\/galicia.ingenierosnavales.com\/wp-content\/uploads\/2024\/07\/2.G-768x578.jpg 768w, https:\/\/galicia.ingenierosnavales.com\/wp-content\/uploads\/2024\/07\/2.G.jpg 1063w\" sizes=\"auto, (max-width: 1024px) 100vw, 1024px\" \/><\/a>\n\t\t\t<\/dt><\/dl><dl class='gallery-item'>\n\t\t\t<dt class='gallery-icon landscape'>\n\t\t\t\t<a href='https:\/\/galicia.ingenierosnavales.com\/index.php\/2024\/07\/16\/celebracion-de-la-festividad-del-carmen-en-ferrol-y-vigo-2024\/4-g\/'><img loading=\"lazy\" decoding=\"async\" width=\"1024\" height=\"771\" src=\"https:\/\/galicia.ingenierosnavales.com\/wp-content\/uploads\/2024\/07\/4.G-1024x771.jpg\" class=\"attachment-large size-large no-lazy\" alt=\"\" srcset=\"https:\/\/galicia.ingenierosnavales.com\/wp-content\/uploads\/2024\/07\/4.G-1024x771.jpg 1024w, https:\/\/galicia.ingenierosnavales.com\/wp-content\/uploads\/2024\/07\/4.G-300x226.jpg 300w, https:\/\/galicia.ingenierosnavales.com\/wp-content\/uploads\/2024\/07\/4.G-768x578.jpg 768w, https:\/\/galicia.ingenierosnavales.com\/wp-content\/uploads\/2024\/07\/4.G.jpg 1063w\" sizes=\"auto, (max-width: 1024px) 100vw, 1024px\" \/><\/a>\n\t\t\t<\/dt><\/dl><br style=\"clear: both\" \/><dl class='gallery-item'>\n\t\t\t<dt class='gallery-icon landscape'>\n\t\t\t\t<a href='https:\/\/galicia.ingenierosnavales.com\/index.php\/2024\/07\/16\/celebracion-de-la-festividad-del-carmen-en-ferrol-y-vigo-2024\/5-g\/'><img loading=\"lazy\" decoding=\"async\" width=\"1024\" height=\"771\" src=\"https:\/\/galicia.ingenierosnavales.com\/wp-content\/uploads\/2024\/07\/5.G-1024x771.jpg\" class=\"attachment-large size-large no-lazy\" alt=\"\" srcset=\"https:\/\/galicia.ingenierosnavales.com\/wp-content\/uploads\/2024\/07\/5.G-1024x771.jpg 1024w, https:\/\/galicia.ingenierosnavales.com\/wp-content\/uploads\/2024\/07\/5.G-300x226.jpg 300w, https:\/\/galicia.ingenierosnavales.com\/wp-content\/uploads\/2024\/07\/5.G-768x578.jpg 768w, https:\/\/galicia.ingenierosnavales.com\/wp-content\/uploads\/2024\/07\/5.G.jpg 1063w\" sizes=\"auto, (max-width: 1024px) 100vw, 1024px\" \/><\/a>\n\t\t\t<\/dt><\/dl><dl class='gallery-item'>\n\t\t\t<dt class='gallery-icon portrait'>\n\t\t\t\t<a href='https:\/\/galicia.ingenierosnavales.com\/index.php\/2024\/07\/16\/celebracion-de-la-festividad-del-carmen-en-ferrol-y-vigo-2024\/6-g\/'><img loading=\"lazy\" decoding=\"async\" width=\"771\" height=\"1024\" src=\"https:\/\/galicia.ingenierosnavales.com\/wp-content\/uploads\/2024\/07\/6.G-771x1024.jpg\" class=\"attachment-large size-large no-lazy\" alt=\"\" srcset=\"https:\/\/galicia.ingenierosnavales.com\/wp-content\/uploads\/2024\/07\/6.G-771x1024.jpg 771w, https:\/\/galicia.ingenierosnavales.com\/wp-content\/uploads\/2024\/07\/6.G-226x300.jpg 226w, https:\/\/galicia.ingenierosnavales.com\/wp-content\/uploads\/2024\/07\/6.G-768x1020.jpg 768w, https:\/\/galicia.ingenierosnavales.com\/wp-content\/uploads\/2024\/07\/6.G.jpg 800w\" sizes=\"auto, (max-width: 771px) 100vw, 771px\" \/><\/a>\n\t\t\t<\/dt><\/dl><dl class='gallery-item'>\n\t\t\t<dt class='gallery-icon landscape'>\n\t\t\t\t<a href='https:\/\/galicia.ingenierosnavales.com\/index.php\/2024\/07\/16\/celebracion-de-la-festividad-del-carmen-en-ferrol-y-vigo-2024\/7-g\/'><img loading=\"lazy\" decoding=\"async\" width=\"1024\" height=\"771\" src=\"https:\/\/galicia.ingenierosnavales.com\/wp-content\/uploads\/2024\/07\/7.G-1024x771.jpg\" class=\"attachment-large size-large no-lazy\" alt=\"\" srcset=\"https:\/\/galicia.ingenierosnavales.com\/wp-content\/uploads\/2024\/07\/7.G-1024x771.jpg 1024w, https:\/\/galicia.ingenierosnavales.com\/wp-content\/uploads\/2024\/07\/7.G-300x226.jpg 300w, https:\/\/galicia.ingenierosnavales.com\/wp-content\/uploads\/2024\/07\/7.G-768x578.jpg 768w, https:\/\/galicia.ingenierosnavales.com\/wp-content\/uploads\/2024\/07\/7.G.jpg 1063w\" sizes=\"auto, (max-width: 1024px) 100vw, 1024px\" \/><\/a>\n\t\t\t<\/dt><\/dl><br style=\"clear: both\" \/><dl class='gallery-item'>\n\t\t\t<dt class='gallery-icon landscape'>\n\t\t\t\t<a href='https:\/\/galicia.ingenierosnavales.com\/index.php\/2024\/07\/16\/celebracion-de-la-festividad-del-carmen-en-ferrol-y-vigo-2024\/9-g\/'><img loading=\"lazy\" decoding=\"async\" width=\"1024\" height=\"771\" src=\"https:\/\/galicia.ingenierosnavales.com\/wp-content\/uploads\/2024\/07\/9.G-1024x771.jpg\" class=\"attachment-large size-large no-lazy\" alt=\"\" srcset=\"https:\/\/galicia.ingenierosnavales.com\/wp-content\/uploads\/2024\/07\/9.G-1024x771.jpg 1024w, https:\/\/galicia.ingenierosnavales.com\/wp-content\/uploads\/2024\/07\/9.G-300x226.jpg 300w, https:\/\/galicia.ingenierosnavales.com\/wp-content\/uploads\/2024\/07\/9.G-768x578.jpg 768w, https:\/\/galicia.ingenierosnavales.com\/wp-content\/uploads\/2024\/07\/9.G.jpg 1063w\" sizes=\"auto, (max-width: 1024px) 100vw, 1024px\" \/><\/a>\n\t\t\t<\/dt><\/dl><dl class='gallery-item'>\n\t\t\t<dt class='gallery-icon landscape'>\n\t\t\t\t<a href='https:\/\/galicia.ingenierosnavales.com\/index.php\/2024\/07\/16\/celebracion-de-la-festividad-del-carmen-en-ferrol-y-vigo-2024\/10-g\/'><img loading=\"lazy\" decoding=\"async\" width=\"1024\" height=\"771\" src=\"https:\/\/galicia.ingenierosnavales.com\/wp-content\/uploads\/2024\/07\/10.G-1024x771.jpg\" class=\"attachment-large size-large no-lazy\" alt=\"\" srcset=\"https:\/\/galicia.ingenierosnavales.com\/wp-content\/uploads\/2024\/07\/10.G-1024x771.jpg 1024w, https:\/\/galicia.ingenierosnavales.com\/wp-content\/uploads\/2024\/07\/10.G-300x226.jpg 300w, https:\/\/galicia.ingenierosnavales.com\/wp-content\/uploads\/2024\/07\/10.G-768x578.jpg 768w, https:\/\/galicia.ingenierosnavales.com\/wp-content\/uploads\/2024\/07\/10.G.jpg 1063w\" sizes=\"auto, (max-width: 1024px) 100vw, 1024px\" \/><\/a>\n\t\t\t<\/dt><\/dl><dl class='gallery-item'>\n\t\t\t<dt class='gallery-icon landscape'>\n\t\t\t\t<a href='https:\/\/galicia.ingenierosnavales.com\/index.php\/2024\/07\/16\/celebracion-de-la-festividad-del-carmen-en-ferrol-y-vigo-2024\/11-gg\/'><img loading=\"lazy\" decoding=\"async\" width=\"1024\" height=\"771\" src=\"https:\/\/galicia.ingenierosnavales.com\/wp-content\/uploads\/2024\/07\/11.GG_-1024x771.jpg\" class=\"attachment-large size-large no-lazy\" alt=\"\" srcset=\"https:\/\/galicia.ingenierosnavales.com\/wp-content\/uploads\/2024\/07\/11.GG_-1024x771.jpg 1024w, https:\/\/galicia.ingenierosnavales.com\/wp-content\/uploads\/2024\/07\/11.GG_-300x226.jpg 300w, https:\/\/galicia.ingenierosnavales.com\/wp-content\/uploads\/2024\/07\/11.GG_-768x578.jpg 768w, https:\/\/galicia.ingenierosnavales.com\/wp-content\/uploads\/2024\/07\/11.GG_.jpg 1063w\" sizes=\"auto, (max-width: 1024px) 100vw, 1024px\" \/><\/a>\n\t\t\t<\/dt><\/dl><br style=\"clear: both\" \/><dl class='gallery-item'>\n\t\t\t<dt class='gallery-icon landscape'>\n\t\t\t\t<a href='https:\/\/galicia.ingenierosnavales.com\/index.php\/2024\/07\/16\/celebracion-de-la-festividad-del-carmen-en-ferrol-y-vigo-2024\/12-g\/'><img loading=\"lazy\" decoding=\"async\" width=\"1024\" height=\"771\" src=\"https:\/\/galicia.ingenierosnavales.com\/wp-content\/uploads\/2024\/07\/12.G-1024x771.jpg\" class=\"attachment-large size-large no-lazy\" alt=\"\" srcset=\"https:\/\/galicia.ingenierosnavales.com\/wp-content\/uploads\/2024\/07\/12.G-1024x771.jpg 1024w, https:\/\/galicia.ingenierosnavales.com\/wp-content\/uploads\/2024\/07\/12.G-300x226.jpg 300w, https:\/\/galicia.ingenierosnavales.com\/wp-content\/uploads\/2024\/07\/12.G-768x578.jpg 768w, https:\/\/galicia.ingenierosnavales.com\/wp-content\/uploads\/2024\/07\/12.G.jpg 1063w\" sizes=\"auto, (max-width: 1024px) 100vw, 1024px\" \/><\/a>\n\t\t\t<\/dt><\/dl><dl class='gallery-item'>\n\t\t\t<dt class='gallery-icon landscape'>\n\t\t\t\t<a href='https:\/\/galicia.ingenierosnavales.com\/index.php\/2024\/07\/16\/celebracion-de-la-festividad-del-carmen-en-ferrol-y-vigo-2024\/13-g\/'><img loading=\"lazy\" decoding=\"async\" width=\"1024\" height=\"771\" src=\"https:\/\/galicia.ingenierosnavales.com\/wp-content\/uploads\/2024\/07\/13.G-1024x771.jpg\" class=\"attachment-large size-large no-lazy\" alt=\"\" srcset=\"https:\/\/galicia.ingenierosnavales.com\/wp-content\/uploads\/2024\/07\/13.G-1024x771.jpg 1024w, https:\/\/galicia.ingenierosnavales.com\/wp-content\/uploads\/2024\/07\/13.G-300x226.jpg 300w, https:\/\/galicia.ingenierosnavales.com\/wp-content\/uploads\/2024\/07\/13.G-768x578.jpg 768w, https:\/\/galicia.ingenierosnavales.com\/wp-content\/uploads\/2024\/07\/13.G.jpg 1063w\" sizes=\"auto, (max-width: 1024px) 100vw, 1024px\" \/><\/a>\n\t\t\t<\/dt><\/dl><dl class='gallery-item'>\n\t\t\t<dt class='gallery-icon portrait'>\n\t\t\t\t<a href='https:\/\/galicia.ingenierosnavales.com\/index.php\/2024\/07\/16\/celebracion-de-la-festividad-del-carmen-en-ferrol-y-vigo-2024\/14-g\/'><img loading=\"lazy\" decoding=\"async\" width=\"771\" height=\"1024\" src=\"https:\/\/galicia.ingenierosnavales.com\/wp-content\/uploads\/2024\/07\/14.G-771x1024.jpg\" class=\"attachment-large size-large no-lazy\" alt=\"\" srcset=\"https:\/\/galicia.ingenierosnavales.com\/wp-content\/uploads\/2024\/07\/14.G-771x1024.jpg 771w, https:\/\/galicia.ingenierosnavales.com\/wp-content\/uploads\/2024\/07\/14.G-226x300.jpg 226w, https:\/\/galicia.ingenierosnavales.com\/wp-content\/uploads\/2024\/07\/14.G-768x1020.jpg 768w, https:\/\/galicia.ingenierosnavales.com\/wp-content\/uploads\/2024\/07\/14.G.jpg 800w\" sizes=\"auto, (max-width: 771px) 100vw, 771px\" \/><\/a>\n\t\t\t<\/dt><\/dl><br style=\"clear: both\" \/><dl class='gallery-item'>\n\t\t\t<dt class='gallery-icon portrait'>\n\t\t\t\t<a href='https:\/\/galicia.ingenierosnavales.com\/index.php\/2024\/07\/16\/celebracion-de-la-festividad-del-carmen-en-ferrol-y-vigo-2024\/15-g\/'><img loading=\"lazy\" decoding=\"async\" width=\"771\" height=\"1024\" src=\"https:\/\/galicia.ingenierosnavales.com\/wp-content\/uploads\/2024\/07\/15.G-771x1024.jpg\" class=\"attachment-large size-large no-lazy\" alt=\"\" srcset=\"https:\/\/galicia.ingenierosnavales.com\/wp-content\/uploads\/2024\/07\/15.G-771x1024.jpg 771w, https:\/\/galicia.ingenierosnavales.com\/wp-content\/uploads\/2024\/07\/15.G-226x300.jpg 226w, https:\/\/galicia.ingenierosnavales.com\/wp-content\/uploads\/2024\/07\/15.G-768x1020.jpg 768w, https:\/\/galicia.ingenierosnavales.com\/wp-content\/uploads\/2024\/07\/15.G.jpg 800w\" sizes=\"auto, (max-width: 771px) 100vw, 771px\" \/><\/a>\n\t\t\t<\/dt><\/dl><dl class='gallery-item'>\n\t\t\t<dt class='gallery-icon landscape'>\n\t\t\t\t<a href='https:\/\/galicia.ingenierosnavales.com\/index.php\/2024\/07\/16\/celebracion-de-la-festividad-del-carmen-en-ferrol-y-vigo-2024\/18-g\/'><img loading=\"lazy\" decoding=\"async\" width=\"1024\" height=\"771\" src=\"https:\/\/galicia.ingenierosnavales.com\/wp-content\/uploads\/2024\/07\/18.G-1024x771.jpg\" class=\"attachment-large size-large no-lazy\" alt=\"\" srcset=\"https:\/\/galicia.ingenierosnavales.com\/wp-content\/uploads\/2024\/07\/18.G-1024x771.jpg 1024w, https:\/\/galicia.ingenierosnavales.com\/wp-content\/uploads\/2024\/07\/18.G-300x226.jpg 300w, https:\/\/galicia.ingenierosnavales.com\/wp-content\/uploads\/2024\/07\/18.G-768x578.jpg 768w, https:\/\/galicia.ingenierosnavales.com\/wp-content\/uploads\/2024\/07\/18.G.jpg 1063w\" sizes=\"auto, (max-width: 1024px) 100vw, 1024px\" \/><\/a>\n\t\t\t<\/dt><\/dl><dl class='gallery-item'>\n\t\t\t<dt class='gallery-icon landscape'>\n\t\t\t\t<a href='https:\/\/galicia.ingenierosnavales.com\/index.php\/2024\/07\/16\/celebracion-de-la-festividad-del-carmen-en-ferrol-y-vigo-2024\/19-g\/'><img loading=\"lazy\" decoding=\"async\" width=\"1024\" height=\"771\" src=\"https:\/\/galicia.ingenierosnavales.com\/wp-content\/uploads\/2024\/07\/19.G-1024x771.jpg\" class=\"attachment-large size-large no-lazy\" alt=\"\" srcset=\"https:\/\/galicia.ingenierosnavales.com\/wp-content\/uploads\/2024\/07\/19.G-1024x771.jpg 1024w, https:\/\/galicia.ingenierosnavales.com\/wp-content\/uploads\/2024\/07\/19.G-300x226.jpg 300w, https:\/\/galicia.ingenierosnavales.com\/wp-content\/uploads\/2024\/07\/19.G-768x578.jpg 768w, https:\/\/galicia.ingenierosnavales.com\/wp-content\/uploads\/2024\/07\/19.G.jpg 1063w\" sizes=\"auto, (max-width: 1024px) 100vw, 1024px\" \/><\/a>\n\t\t\t<\/dt><\/dl><br style=\"clear: both\" \/><dl class='gallery-item'>\n\t\t\t<dt class='gallery-icon portrait'>\n\t\t\t\t<a href='https:\/\/galicia.ingenierosnavales.com\/index.php\/2024\/07\/16\/celebracion-de-la-festividad-del-carmen-en-ferrol-y-vigo-2024\/attachment\/21\/'><img loading=\"lazy\" decoding=\"async\" width=\"771\" height=\"1024\" src=\"https:\/\/galicia.ingenierosnavales.com\/wp-content\/uploads\/2024\/07\/21-771x1024.jpg\" class=\"attachment-large size-large no-lazy\" alt=\"\" srcset=\"https:\/\/galicia.ingenierosnavales.com\/wp-content\/uploads\/2024\/07\/21-771x1024.jpg 771w, https:\/\/galicia.ingenierosnavales.com\/wp-content\/uploads\/2024\/07\/21-226x300.jpg 226w, https:\/\/galicia.ingenierosnavales.com\/wp-content\/uploads\/2024\/07\/21-768x1021.jpg 768w, https:\/\/galicia.ingenierosnavales.com\/wp-content\/uploads\/2024\/07\/21-1156x1536.jpg 1156w, https:\/\/galicia.ingenierosnavales.com\/wp-content\/uploads\/2024\/07\/21.jpg 1204w\" sizes=\"auto, (max-width: 771px) 100vw, 771px\" \/><\/a>\n\t\t\t<\/dt><\/dl><dl class='gallery-item'>\n\t\t\t<dt class='gallery-icon landscape'>\n\t\t\t\t<a href='https:\/\/galicia.ingenierosnavales.com\/index.php\/2024\/07\/16\/celebracion-de-la-festividad-del-carmen-en-ferrol-y-vigo-2024\/attachment\/22\/'><img loading=\"lazy\" decoding=\"async\" width=\"1024\" height=\"771\" src=\"https:\/\/galicia.ingenierosnavales.com\/wp-content\/uploads\/2024\/07\/22-1024x771.jpg\" class=\"attachment-large size-large no-lazy\" alt=\"\" srcset=\"https:\/\/galicia.ingenierosnavales.com\/wp-content\/uploads\/2024\/07\/22-1024x771.jpg 1024w, https:\/\/galicia.ingenierosnavales.com\/wp-content\/uploads\/2024\/07\/22-300x226.jpg 300w, https:\/\/galicia.ingenierosnavales.com\/wp-content\/uploads\/2024\/07\/22-768x578.jpg 768w, https:\/\/galicia.ingenierosnavales.com\/wp-content\/uploads\/2024\/07\/22-1536x1156.jpg 1536w, https:\/\/galicia.ingenierosnavales.com\/wp-content\/uploads\/2024\/07\/22.jpg 1600w\" sizes=\"auto, (max-width: 1024px) 100vw, 1024px\" \/><\/a>\n\t\t\t<\/dt><\/dl><dl class='gallery-item'>\n\t\t\t<dt class='gallery-icon landscape'>\n\t\t\t\t<a href='https:\/\/galicia.ingenierosnavales.com\/index.php\/2024\/07\/16\/celebracion-de-la-festividad-del-carmen-en-ferrol-y-vigo-2024\/attachment\/23\/'><img loading=\"lazy\" decoding=\"async\" width=\"1024\" height=\"771\" src=\"https:\/\/galicia.ingenierosnavales.com\/wp-content\/uploads\/2024\/07\/23-1024x771.jpg\" class=\"attachment-large size-large no-lazy\" alt=\"\" srcset=\"https:\/\/galicia.ingenierosnavales.com\/wp-content\/uploads\/2024\/07\/23-1024x771.jpg 1024w, https:\/\/galicia.ingenierosnavales.com\/wp-content\/uploads\/2024\/07\/23-300x226.jpg 300w, https:\/\/galicia.ingenierosnavales.com\/wp-content\/uploads\/2024\/07\/23-768x578.jpg 768w, https:\/\/galicia.ingenierosnavales.com\/wp-content\/uploads\/2024\/07\/23-1536x1156.jpg 1536w, https:\/\/galicia.ingenierosnavales.com\/wp-content\/uploads\/2024\/07\/23.jpg 1600w\" sizes=\"auto, (max-width: 1024px) 100vw, 1024px\" \/><\/a>\n\t\t\t<\/dt><\/dl><br style=\"clear: both\" \/><dl class='gallery-item'>\n\t\t\t<dt class='gallery-icon portrait'>\n\t\t\t\t<a href='https:\/\/galicia.ingenierosnavales.com\/index.php\/2024\/07\/16\/celebracion-de-la-festividad-del-carmen-en-ferrol-y-vigo-2024\/attachment\/24\/'><img loading=\"lazy\" decoding=\"async\" width=\"771\" height=\"1024\" src=\"https:\/\/galicia.ingenierosnavales.com\/wp-content\/uploads\/2024\/07\/24-771x1024.jpg\" class=\"attachment-large size-large no-lazy\" alt=\"\" srcset=\"https:\/\/galicia.ingenierosnavales.com\/wp-content\/uploads\/2024\/07\/24-771x1024.jpg 771w, https:\/\/galicia.ingenierosnavales.com\/wp-content\/uploads\/2024\/07\/24-226x300.jpg 226w, https:\/\/galicia.ingenierosnavales.com\/wp-content\/uploads\/2024\/07\/24-768x1021.jpg 768w, https:\/\/galicia.ingenierosnavales.com\/wp-content\/uploads\/2024\/07\/24-1156x1536.jpg 1156w, https:\/\/galicia.ingenierosnavales.com\/wp-content\/uploads\/2024\/07\/24.jpg 1204w\" sizes=\"auto, (max-width: 771px) 100vw, 771px\" \/><\/a>\n\t\t\t<\/dt><\/dl><dl class='gallery-item'>\n\t\t\t<dt class='gallery-icon landscape'>\n\t\t\t\t<a href='https:\/\/galicia.ingenierosnavales.com\/index.php\/2024\/07\/16\/celebracion-de-la-festividad-del-carmen-en-ferrol-y-vigo-2024\/attachment\/25\/'><img loading=\"lazy\" decoding=\"async\" width=\"1024\" height=\"771\" src=\"https:\/\/galicia.ingenierosnavales.com\/wp-content\/uploads\/2024\/07\/25-1024x771.jpg\" class=\"attachment-large size-large no-lazy\" alt=\"\" srcset=\"https:\/\/galicia.ingenierosnavales.com\/wp-content\/uploads\/2024\/07\/25-1024x771.jpg 1024w, https:\/\/galicia.ingenierosnavales.com\/wp-content\/uploads\/2024\/07\/25-300x226.jpg 300w, https:\/\/galicia.ingenierosnavales.com\/wp-content\/uploads\/2024\/07\/25-768x578.jpg 768w, https:\/\/galicia.ingenierosnavales.com\/wp-content\/uploads\/2024\/07\/25-1536x1157.jpg 1536w, https:\/\/galicia.ingenierosnavales.com\/wp-content\/uploads\/2024\/07\/25.jpg 2040w\" sizes=\"auto, (max-width: 1024px) 100vw, 1024px\" \/><\/a>\n\t\t\t<\/dt><\/dl><dl class='gallery-item'>\n\t\t\t<dt class='gallery-icon portrait'>\n\t\t\t\t<a href='https:\/\/galicia.ingenierosnavales.com\/index.php\/2024\/07\/16\/celebracion-de-la-festividad-del-carmen-en-ferrol-y-vigo-2024\/attachment\/26\/'><img loading=\"lazy\" decoding=\"async\" width=\"771\" height=\"1024\" src=\"https:\/\/galicia.ingenierosnavales.com\/wp-content\/uploads\/2024\/07\/26-771x1024.jpg\" class=\"attachment-large size-large no-lazy\" alt=\"\" srcset=\"https:\/\/galicia.ingenierosnavales.com\/wp-content\/uploads\/2024\/07\/26-771x1024.jpg 771w, https:\/\/galicia.ingenierosnavales.com\/wp-content\/uploads\/2024\/07\/26-226x300.jpg 226w, https:\/\/galicia.ingenierosnavales.com\/wp-content\/uploads\/2024\/07\/26-768x1020.jpg 768w, https:\/\/galicia.ingenierosnavales.com\/wp-content\/uploads\/2024\/07\/26-1157x1536.jpg 1157w, https:\/\/galicia.ingenierosnavales.com\/wp-content\/uploads\/2024\/07\/26.jpg 1536w\" sizes=\"auto, (max-width: 771px) 100vw, 771px\" \/><\/a>\n\t\t\t<\/dt><\/dl><br style=\"clear: both\" \/><dl class='gallery-item'>\n\t\t\t<dt class='gallery-icon landscape'>\n\t\t\t\t<a href='https:\/\/galicia.ingenierosnavales.com\/index.php\/2024\/07\/16\/celebracion-de-la-festividad-del-carmen-en-ferrol-y-vigo-2024\/attachment\/27\/'><img loading=\"lazy\" decoding=\"async\" width=\"1024\" height=\"771\" src=\"https:\/\/galicia.ingenierosnavales.com\/wp-content\/uploads\/2024\/07\/27-1024x771.jpg\" class=\"attachment-large size-large no-lazy\" alt=\"\" srcset=\"https:\/\/galicia.ingenierosnavales.com\/wp-content\/uploads\/2024\/07\/27-1024x771.jpg 1024w, https:\/\/galicia.ingenierosnavales.com\/wp-content\/uploads\/2024\/07\/27-300x226.jpg 300w, https:\/\/galicia.ingenierosnavales.com\/wp-content\/uploads\/2024\/07\/27-768x578.jpg 768w, https:\/\/galicia.ingenierosnavales.com\/wp-content\/uploads\/2024\/07\/27-1536x1157.jpg 1536w, https:\/\/galicia.ingenierosnavales.com\/wp-content\/uploads\/2024\/07\/27.jpg 2040w\" sizes=\"auto, (max-width: 1024px) 100vw, 1024px\" \/><\/a>\n\t\t\t<\/dt><\/dl><dl class='gallery-item'>\n\t\t\t<dt class='gallery-icon landscape'>\n\t\t\t\t<a href='https:\/\/galicia.ingenierosnavales.com\/index.php\/2024\/07\/16\/celebracion-de-la-festividad-del-carmen-en-ferrol-y-vigo-2024\/attachment\/28\/'><img loading=\"lazy\" decoding=\"async\" width=\"1024\" height=\"771\" src=\"https:\/\/galicia.ingenierosnavales.com\/wp-content\/uploads\/2024\/07\/28-1024x771.jpg\" class=\"attachment-large size-large no-lazy\" alt=\"\" srcset=\"https:\/\/galicia.ingenierosnavales.com\/wp-content\/uploads\/2024\/07\/28-1024x771.jpg 1024w, https:\/\/galicia.ingenierosnavales.com\/wp-content\/uploads\/2024\/07\/28-300x226.jpg 300w, https:\/\/galicia.ingenierosnavales.com\/wp-content\/uploads\/2024\/07\/28-768x578.jpg 768w, https:\/\/galicia.ingenierosnavales.com\/wp-content\/uploads\/2024\/07\/28-1536x1157.jpg 1536w, https:\/\/galicia.ingenierosnavales.com\/wp-content\/uploads\/2024\/07\/28.jpg 2040w\" sizes=\"auto, (max-width: 1024px) 100vw, 1024px\" \/><\/a>\n\t\t\t<\/dt><\/dl><dl class='gallery-item'>\n\t\t\t<dt class='gallery-icon landscape'>\n\t\t\t\t<a href='https:\/\/galicia.ingenierosnavales.com\/index.php\/2024\/07\/16\/celebracion-de-la-festividad-del-carmen-en-ferrol-y-vigo-2024\/attachment\/29\/'><img loading=\"lazy\" decoding=\"async\" width=\"1024\" height=\"771\" src=\"https:\/\/galicia.ingenierosnavales.com\/wp-content\/uploads\/2024\/07\/29-1024x771.jpg\" class=\"attachment-large size-large no-lazy\" alt=\"\" srcset=\"https:\/\/galicia.ingenierosnavales.com\/wp-content\/uploads\/2024\/07\/29-1024x771.jpg 1024w, https:\/\/galicia.ingenierosnavales.com\/wp-content\/uploads\/2024\/07\/29-300x226.jpg 300w, https:\/\/galicia.ingenierosnavales.com\/wp-content\/uploads\/2024\/07\/29-768x578.jpg 768w, https:\/\/galicia.ingenierosnavales.com\/wp-content\/uploads\/2024\/07\/29-1536x1156.jpg 1536w, https:\/\/galicia.ingenierosnavales.com\/wp-content\/uploads\/2024\/07\/29.jpg 1600w\" sizes=\"auto, (max-width: 1024px) 100vw, 1024px\" \/><\/a>\n\t\t\t<\/dt><\/dl><br style=\"clear: both\" \/>\n\t\t<\/div>\n\n<p>CELEBRACI\u00d3N DE LA FESTIVIDAD DEL CARMEN EN VIGO<\/p>\n\n\t\t<style>\n\t\t\t#gallery-2 {\n\t\t\t\tmargin: auto;\n\t\t\t}\n\t\t\t#gallery-2 .gallery-item {\n\t\t\t\tfloat: left;\n\t\t\t\tmargin-top: 10px;\n\t\t\t\ttext-align: center;\n\t\t\t\twidth: 33%;\n\t\t\t}\n\t\t\t#gallery-2 img {\n\t\t\t\tborder: 2px solid #cfcfcf;\n\t\t\t}\n\t\t\t#gallery-2 .gallery-caption {\n\t\t\t\tmargin-left: 0;\n\t\t\t}\n\t\t\t\/* see gallery_shortcode() in wp-includes\/media.php *\/\n\t\t<\/style>\n\t\t<div id='gallery-2' class='gallery galleryid-7143 gallery-columns-3 gallery-size-large'><dl class='gallery-item'>\n\t\t\t<dt class='gallery-icon landscape'>\n\t\t\t\t<a href='https:\/\/galicia.ingenierosnavales.com\/index.php\/2024\/07\/16\/celebracion-de-la-festividad-del-carmen-en-ferrol-y-vigo-2024\/vigo-1-2\/'><img loading=\"lazy\" decoding=\"async\" width=\"1024\" height=\"768\" src=\"https:\/\/galicia.ingenierosnavales.com\/wp-content\/uploads\/2024\/07\/VIGO-1-1024x768.jpg\" class=\"attachment-large size-large no-lazy\" alt=\"\" srcset=\"https:\/\/galicia.ingenierosnavales.com\/wp-content\/uploads\/2024\/07\/VIGO-1-1024x768.jpg 1024w, https:\/\/galicia.ingenierosnavales.com\/wp-content\/uploads\/2024\/07\/VIGO-1-300x225.jpg 300w, https:\/\/galicia.ingenierosnavales.com\/wp-content\/uploads\/2024\/07\/VIGO-1-768x576.jpg 768w, https:\/\/galicia.ingenierosnavales.com\/wp-content\/uploads\/2024\/07\/VIGO-1-1536x1152.jpg 1536w, https:\/\/galicia.ingenierosnavales.com\/wp-content\/uploads\/2024\/07\/VIGO-1.jpg 2000w\" sizes=\"auto, (max-width: 1024px) 100vw, 1024px\" \/><\/a>\n\t\t\t<\/dt><\/dl><dl class='gallery-item'>\n\t\t\t<dt class='gallery-icon landscape'>\n\t\t\t\t<a href='https:\/\/galicia.ingenierosnavales.com\/index.php\/2024\/07\/16\/celebracion-de-la-festividad-del-carmen-en-ferrol-y-vigo-2024\/vigo-2-2\/'><img loading=\"lazy\" decoding=\"async\" width=\"1024\" height=\"569\" src=\"https:\/\/galicia.ingenierosnavales.com\/wp-content\/uploads\/2024\/07\/VIGO-2-1024x569.jpg\" class=\"attachment-large size-large no-lazy\" alt=\"\" srcset=\"https:\/\/galicia.ingenierosnavales.com\/wp-content\/uploads\/2024\/07\/VIGO-2-1024x569.jpg 1024w, https:\/\/galicia.ingenierosnavales.com\/wp-content\/uploads\/2024\/07\/VIGO-2-300x167.jpg 300w, https:\/\/galicia.ingenierosnavales.com\/wp-content\/uploads\/2024\/07\/VIGO-2-768x427.jpg 768w, https:\/\/galicia.ingenierosnavales.com\/wp-content\/uploads\/2024\/07\/VIGO-2.jpg 1439w\" sizes=\"auto, (max-width: 1024px) 100vw, 1024px\" \/><\/a>\n\t\t\t<\/dt><\/dl><dl class='gallery-item'>\n\t\t\t<dt class='gallery-icon landscape'>\n\t\t\t\t<a href='https:\/\/galicia.ingenierosnavales.com\/index.php\/2024\/07\/16\/celebracion-de-la-festividad-del-carmen-en-ferrol-y-vigo-2024\/vigo-5-2\/'><img loading=\"lazy\" decoding=\"async\" width=\"1024\" height=\"768\" src=\"https:\/\/galicia.ingenierosnavales.com\/wp-content\/uploads\/2024\/07\/VIGO-5-1024x768.jpg\" class=\"attachment-large size-large no-lazy\" alt=\"\" srcset=\"https:\/\/galicia.ingenierosnavales.com\/wp-content\/uploads\/2024\/07\/VIGO-5-1024x768.jpg 1024w, https:\/\/galicia.ingenierosnavales.com\/wp-content\/uploads\/2024\/07\/VIGO-5-300x225.jpg 300w, https:\/\/galicia.ingenierosnavales.com\/wp-content\/uploads\/2024\/07\/VIGO-5-768x576.jpg 768w, https:\/\/galicia.ingenierosnavales.com\/wp-content\/uploads\/2024\/07\/VIGO-5.jpg 1067w\" sizes=\"auto, (max-width: 1024px) 100vw, 1024px\" \/><\/a>\n\t\t\t<\/dt><\/dl><br style=\"clear: both\" \/><dl class='gallery-item'>\n\t\t\t<dt class='gallery-icon landscape'>\n\t\t\t\t<a href='https:\/\/galicia.ingenierosnavales.com\/index.php\/2024\/07\/16\/celebracion-de-la-festividad-del-carmen-en-ferrol-y-vigo-2024\/vigo-6-2\/'><img loading=\"lazy\" decoding=\"async\" width=\"1024\" height=\"590\" src=\"https:\/\/galicia.ingenierosnavales.com\/wp-content\/uploads\/2024\/07\/VIGO-6-1024x590.jpg\" class=\"attachment-large size-large no-lazy\" alt=\"\" srcset=\"https:\/\/galicia.ingenierosnavales.com\/wp-content\/uploads\/2024\/07\/VIGO-6-1024x590.jpg 1024w, https:\/\/galicia.ingenierosnavales.com\/wp-content\/uploads\/2024\/07\/VIGO-6-300x173.jpg 300w, https:\/\/galicia.ingenierosnavales.com\/wp-content\/uploads\/2024\/07\/VIGO-6-768x443.jpg 768w, https:\/\/galicia.ingenierosnavales.com\/wp-content\/uploads\/2024\/07\/VIGO-6.jpg 1388w\" sizes=\"auto, (max-width: 1024px) 100vw, 1024px\" \/><\/a>\n\t\t\t<\/dt><\/dl><dl class='gallery-item'>\n\t\t\t<dt class='gallery-icon landscape'>\n\t\t\t\t<a href='https:\/\/galicia.ingenierosnavales.com\/index.php\/2024\/07\/16\/celebracion-de-la-festividad-del-carmen-en-ferrol-y-vigo-2024\/vigo-7-2\/'><img loading=\"lazy\" decoding=\"async\" width=\"1024\" height=\"559\" src=\"https:\/\/galicia.ingenierosnavales.com\/wp-content\/uploads\/2024\/07\/VIGO-7-1024x559.jpg\" class=\"attachment-large size-large no-lazy\" alt=\"\" srcset=\"https:\/\/galicia.ingenierosnavales.com\/wp-content\/uploads\/2024\/07\/VIGO-7-1024x559.jpg 1024w, https:\/\/galicia.ingenierosnavales.com\/wp-content\/uploads\/2024\/07\/VIGO-7-300x164.jpg 300w, https:\/\/galicia.ingenierosnavales.com\/wp-content\/uploads\/2024\/07\/VIGO-7-768x419.jpg 768w, https:\/\/galicia.ingenierosnavales.com\/wp-content\/uploads\/2024\/07\/VIGO-7-1536x839.jpg 1536w, https:\/\/galicia.ingenierosnavales.com\/wp-content\/uploads\/2024\/07\/VIGO-7.jpg 1877w\" sizes=\"auto, (max-width: 1024px) 100vw, 1024px\" \/><\/a>\n\t\t\t<\/dt><\/dl><dl class='gallery-item'>\n\t\t\t<dt class='gallery-icon portrait'>\n\t\t\t\t<a href='https:\/\/galicia.ingenierosnavales.com\/index.php\/2024\/07\/16\/celebracion-de-la-festividad-del-carmen-en-ferrol-y-vigo-2024\/vigo-10-2\/'><img loading=\"lazy\" decoding=\"async\" width=\"621\" height=\"1024\" src=\"https:\/\/galicia.ingenierosnavales.com\/wp-content\/uploads\/2024\/07\/VIGO-10-621x1024.jpg\" class=\"attachment-large size-large no-lazy\" alt=\"\" srcset=\"https:\/\/galicia.ingenierosnavales.com\/wp-content\/uploads\/2024\/07\/VIGO-10-621x1024.jpg 621w, https:\/\/galicia.ingenierosnavales.com\/wp-content\/uploads\/2024\/07\/VIGO-10-182x300.jpg 182w, https:\/\/galicia.ingenierosnavales.com\/wp-content\/uploads\/2024\/07\/VIGO-10-768x1267.jpg 768w, https:\/\/galicia.ingenierosnavales.com\/wp-content\/uploads\/2024\/07\/VIGO-10-931x1536.jpg 931w, https:\/\/galicia.ingenierosnavales.com\/wp-content\/uploads\/2024\/07\/VIGO-10.jpg 1241w\" sizes=\"auto, (max-width: 621px) 100vw, 621px\" \/><\/a>\n\t\t\t<\/dt><\/dl><br style=\"clear: both\" \/><dl class='gallery-item'>\n\t\t\t<dt class='gallery-icon landscape'>\n\t\t\t\t<a href='https:\/\/galicia.ingenierosnavales.com\/index.php\/2024\/07\/16\/celebracion-de-la-festividad-del-carmen-en-ferrol-y-vigo-2024\/vigo-3-00\/'><img loading=\"lazy\" decoding=\"async\" width=\"1024\" height=\"400\" src=\"https:\/\/galicia.ingenierosnavales.com\/wp-content\/uploads\/2024\/07\/VIGO-3.00-1024x400.jpg\" class=\"attachment-large size-large no-lazy\" alt=\"\" srcset=\"https:\/\/galicia.ingenierosnavales.com\/wp-content\/uploads\/2024\/07\/VIGO-3.00-1024x400.jpg 1024w, https:\/\/galicia.ingenierosnavales.com\/wp-content\/uploads\/2024\/07\/VIGO-3.00-300x117.jpg 300w, https:\/\/galicia.ingenierosnavales.com\/wp-content\/uploads\/2024\/07\/VIGO-3.00-768x300.jpg 768w, https:\/\/galicia.ingenierosnavales.com\/wp-content\/uploads\/2024\/07\/VIGO-3.00-1536x600.jpg 1536w, https:\/\/galicia.ingenierosnavales.com\/wp-content\/uploads\/2024\/07\/VIGO-3.00.jpg 1901w\" sizes=\"auto, (max-width: 1024px) 100vw, 1024px\" \/><\/a>\n\t\t\t<\/dt><\/dl><dl class='gallery-item'>\n\t\t\t<dt class='gallery-icon landscape'>\n\t\t\t\t<a href='https:\/\/galicia.ingenierosnavales.com\/index.php\/2024\/07\/16\/celebracion-de-la-festividad-del-carmen-en-ferrol-y-vigo-2024\/vigo-3-0\/'><img loading=\"lazy\" decoding=\"async\" width=\"1024\" height=\"676\" src=\"https:\/\/galicia.ingenierosnavales.com\/wp-content\/uploads\/2024\/07\/VIGO-3.0-1024x676.jpg\" class=\"attachment-large size-large no-lazy\" alt=\"\" srcset=\"https:\/\/galicia.ingenierosnavales.com\/wp-content\/uploads\/2024\/07\/VIGO-3.0-1024x676.jpg 1024w, https:\/\/galicia.ingenierosnavales.com\/wp-content\/uploads\/2024\/07\/VIGO-3.0-300x198.jpg 300w, https:\/\/galicia.ingenierosnavales.com\/wp-content\/uploads\/2024\/07\/VIGO-3.0-768x507.jpg 768w, https:\/\/galicia.ingenierosnavales.com\/wp-content\/uploads\/2024\/07\/VIGO-3.0.jpg 1212w\" sizes=\"auto, (max-width: 1024px) 100vw, 1024px\" \/><\/a>\n\t\t\t<\/dt><\/dl><dl class='gallery-item'>\n\t\t\t<dt class='gallery-icon landscape'>\n\t\t\t\t<a href='https:\/\/galicia.ingenierosnavales.com\/index.php\/2024\/07\/16\/celebracion-de-la-festividad-del-carmen-en-ferrol-y-vigo-2024\/vigo-3-01\/'><img loading=\"lazy\" decoding=\"async\" width=\"1024\" height=\"603\" src=\"https:\/\/galicia.ingenierosnavales.com\/wp-content\/uploads\/2024\/07\/VIGO-3.01-1024x603.jpg\" class=\"attachment-large size-large no-lazy\" alt=\"\" srcset=\"https:\/\/galicia.ingenierosnavales.com\/wp-content\/uploads\/2024\/07\/VIGO-3.01-1024x603.jpg 1024w, https:\/\/galicia.ingenierosnavales.com\/wp-content\/uploads\/2024\/07\/VIGO-3.01-300x177.jpg 300w, https:\/\/galicia.ingenierosnavales.com\/wp-content\/uploads\/2024\/07\/VIGO-3.01-768x452.jpg 768w, https:\/\/galicia.ingenierosnavales.com\/wp-content\/uploads\/2024\/07\/VIGO-3.01.jpg 1359w\" sizes=\"auto, (max-width: 1024px) 100vw, 1024px\" \/><\/a>\n\t\t\t<\/dt><\/dl><br style=\"clear: both\" \/><dl class='gallery-item'>\n\t\t\t<dt class='gallery-icon landscape'>\n\t\t\t\t<a href='https:\/\/galicia.ingenierosnavales.com\/index.php\/2024\/07\/16\/celebracion-de-la-festividad-del-carmen-en-ferrol-y-vigo-2024\/vigo-3-2\/'><img loading=\"lazy\" decoding=\"async\" width=\"1024\" height=\"468\" src=\"https:\/\/galicia.ingenierosnavales.com\/wp-content\/uploads\/2024\/07\/VIGO-3-1024x468.jpg\" class=\"attachment-large size-large no-lazy\" alt=\"\" srcset=\"https:\/\/galicia.ingenierosnavales.com\/wp-content\/uploads\/2024\/07\/VIGO-3-1024x468.jpg 1024w, https:\/\/galicia.ingenierosnavales.com\/wp-content\/uploads\/2024\/07\/VIGO-3-300x137.jpg 300w, https:\/\/galicia.ingenierosnavales.com\/wp-content\/uploads\/2024\/07\/VIGO-3-768x351.jpg 768w, https:\/\/galicia.ingenierosnavales.com\/wp-content\/uploads\/2024\/07\/VIGO-3-1536x703.jpg 1536w, https:\/\/galicia.ingenierosnavales.com\/wp-content\/uploads\/2024\/07\/VIGO-3.jpg 1749w\" sizes=\"auto, (max-width: 1024px) 100vw, 1024px\" \/><\/a>\n\t\t\t<\/dt><\/dl><dl class='gallery-item'>\n\t\t\t<dt class='gallery-icon landscape'>\n\t\t\t\t<a href='https:\/\/galicia.ingenierosnavales.com\/index.php\/2024\/07\/16\/celebracion-de-la-festividad-del-carmen-en-ferrol-y-vigo-2024\/vigo-3-1\/'><img loading=\"lazy\" decoding=\"async\" width=\"1024\" height=\"768\" src=\"https:\/\/galicia.ingenierosnavales.com\/wp-content\/uploads\/2024\/07\/VIGO-3-1-1024x768.jpg\" class=\"attachment-large size-large no-lazy\" alt=\"\" srcset=\"https:\/\/galicia.ingenierosnavales.com\/wp-content\/uploads\/2024\/07\/VIGO-3-1-1024x768.jpg 1024w, https:\/\/galicia.ingenierosnavales.com\/wp-content\/uploads\/2024\/07\/VIGO-3-1-300x225.jpg 300w, https:\/\/galicia.ingenierosnavales.com\/wp-content\/uploads\/2024\/07\/VIGO-3-1-768x576.jpg 768w, https:\/\/galicia.ingenierosnavales.com\/wp-content\/uploads\/2024\/07\/VIGO-3-1.jpg 1067w\" sizes=\"auto, (max-width: 1024px) 100vw, 1024px\" \/><\/a>\n\t\t\t<\/dt><\/dl><dl class='gallery-item'>\n\t\t\t<dt class='gallery-icon landscape'>\n\t\t\t\t<a href='https:\/\/galicia.ingenierosnavales.com\/index.php\/2024\/07\/16\/celebracion-de-la-festividad-del-carmen-en-ferrol-y-vigo-2024\/vigo-4-2\/'><img loading=\"lazy\" decoding=\"async\" width=\"1024\" height=\"768\" src=\"https:\/\/galicia.ingenierosnavales.com\/wp-content\/uploads\/2024\/07\/VIGO-4-1024x768.jpg\" class=\"attachment-large size-large no-lazy\" alt=\"\" srcset=\"https:\/\/galicia.ingenierosnavales.com\/wp-content\/uploads\/2024\/07\/VIGO-4-1024x768.jpg 1024w, https:\/\/galicia.ingenierosnavales.com\/wp-content\/uploads\/2024\/07\/VIGO-4-300x225.jpg 300w, https:\/\/galicia.ingenierosnavales.com\/wp-content\/uploads\/2024\/07\/VIGO-4-768x576.jpg 768w, https:\/\/galicia.ingenierosnavales.com\/wp-content\/uploads\/2024\/07\/VIGO-4.jpg 1067w\" sizes=\"auto, (max-width: 1024px) 100vw, 1024px\" \/><\/a>\n\t\t\t<\/dt><\/dl><br style=\"clear: both\" \/><dl class='gallery-item'>\n\t\t\t<dt class='gallery-icon landscape'>\n\t\t\t\t<a href='https:\/\/galicia.ingenierosnavales.com\/index.php\/2024\/07\/16\/celebracion-de-la-festividad-del-carmen-en-ferrol-y-vigo-2024\/vigo-3-2-2\/'><img loading=\"lazy\" decoding=\"async\" width=\"1024\" height=\"597\" src=\"https:\/\/galicia.ingenierosnavales.com\/wp-content\/uploads\/2024\/07\/VIGO-3-2-1024x597.jpg\" class=\"attachment-large size-large no-lazy\" alt=\"\" srcset=\"https:\/\/galicia.ingenierosnavales.com\/wp-content\/uploads\/2024\/07\/VIGO-3-2-1024x597.jpg 1024w, https:\/\/galicia.ingenierosnavales.com\/wp-content\/uploads\/2024\/07\/VIGO-3-2-300x175.jpg 300w, https:\/\/galicia.ingenierosnavales.com\/wp-content\/uploads\/2024\/07\/VIGO-3-2-768x448.jpg 768w, https:\/\/galicia.ingenierosnavales.com\/wp-content\/uploads\/2024\/07\/VIGO-3-2.jpg 1372w\" sizes=\"auto, (max-width: 1024px) 100vw, 1024px\" \/><\/a>\n\t\t\t<\/dt><\/dl><dl class='gallery-item'>\n\t\t\t<dt class='gallery-icon landscape'>\n\t\t\t\t<a href='https:\/\/galicia.ingenierosnavales.com\/index.php\/2024\/07\/16\/celebracion-de-la-festividad-del-carmen-en-ferrol-y-vigo-2024\/vigo-8-2\/'><img loading=\"lazy\" decoding=\"async\" width=\"1024\" height=\"449\" src=\"https:\/\/galicia.ingenierosnavales.com\/wp-content\/uploads\/2024\/07\/VIGO-8-1024x449.jpg\" class=\"attachment-large size-large no-lazy\" alt=\"\" srcset=\"https:\/\/galicia.ingenierosnavales.com\/wp-content\/uploads\/2024\/07\/VIGO-8-1024x449.jpg 1024w, https:\/\/galicia.ingenierosnavales.com\/wp-content\/uploads\/2024\/07\/VIGO-8-300x132.jpg 300w, https:\/\/galicia.ingenierosnavales.com\/wp-content\/uploads\/2024\/07\/VIGO-8-768x337.jpg 768w, https:\/\/galicia.ingenierosnavales.com\/wp-content\/uploads\/2024\/07\/VIGO-8-1536x674.jpg 1536w, https:\/\/galicia.ingenierosnavales.com\/wp-content\/uploads\/2024\/07\/VIGO-8.jpg 2000w\" sizes=\"auto, (max-width: 1024px) 100vw, 1024px\" \/><\/a>\n\t\t\t<\/dt><\/dl><dl class='gallery-item'>\n\t\t\t<dt class='gallery-icon landscape'>\n\t\t\t\t<a href='https:\/\/galicia.ingenierosnavales.com\/index.php\/2024\/07\/16\/celebracion-de-la-festividad-del-carmen-en-ferrol-y-vigo-2024\/vigo-9-2\/'><img loading=\"lazy\" decoding=\"async\" width=\"1024\" height=\"747\" src=\"https:\/\/galicia.ingenierosnavales.com\/wp-content\/uploads\/2024\/07\/VIGO-9-1024x747.jpg\" class=\"attachment-large size-large no-lazy\" alt=\"\" srcset=\"https:\/\/galicia.ingenierosnavales.com\/wp-content\/uploads\/2024\/07\/VIGO-9-1024x747.jpg 1024w, https:\/\/galicia.ingenierosnavales.com\/wp-content\/uploads\/2024\/07\/VIGO-9-300x219.jpg 300w, https:\/\/galicia.ingenierosnavales.com\/wp-content\/uploads\/2024\/07\/VIGO-9-768x560.jpg 768w, https:\/\/galicia.ingenierosnavales.com\/wp-content\/uploads\/2024\/07\/VIGO-9-1536x1120.jpg 1536w, https:\/\/galicia.ingenierosnavales.com\/wp-content\/uploads\/2024\/07\/VIGO-9.jpg 1711w\" sizes=\"auto, (max-width: 1024px) 100vw, 1024px\" \/><\/a>\n\t\t\t<\/dt><\/dl><br style=\"clear: both\" \/><dl class='gallery-item'>\n\t\t\t<dt class='gallery-icon landscape'>\n\t\t\t\t<a href='https:\/\/galicia.ingenierosnavales.com\/index.php\/2024\/07\/16\/celebracion-de-la-festividad-del-carmen-en-ferrol-y-vigo-2024\/vigo-12-3\/'><img loading=\"lazy\" decoding=\"async\" width=\"964\" height=\"800\" src=\"https:\/\/galicia.ingenierosnavales.com\/wp-content\/uploads\/2024\/07\/VIGO-12.jpg\" class=\"attachment-large size-large no-lazy\" alt=\"\" srcset=\"https:\/\/galicia.ingenierosnavales.com\/wp-content\/uploads\/2024\/07\/VIGO-12.jpg 964w, https:\/\/galicia.ingenierosnavales.com\/wp-content\/uploads\/2024\/07\/VIGO-12-300x249.jpg 300w, https:\/\/galicia.ingenierosnavales.com\/wp-content\/uploads\/2024\/07\/VIGO-12-768x637.jpg 768w\" sizes=\"auto, (max-width: 964px) 100vw, 964px\" \/><\/a>\n\t\t\t<\/dt><\/dl><dl class='gallery-item'>\n\t\t\t<dt class='gallery-icon landscape'>\n\t\t\t\t<a href='https:\/\/galicia.ingenierosnavales.com\/index.php\/2024\/07\/16\/celebracion-de-la-festividad-del-carmen-en-ferrol-y-vigo-2024\/vigo-13-2\/'><img loading=\"lazy\" decoding=\"async\" width=\"1024\" height=\"683\" src=\"https:\/\/galicia.ingenierosnavales.com\/wp-content\/uploads\/2024\/07\/VIGO-13-1024x683.jpg\" class=\"attachment-large size-large no-lazy\" alt=\"\" srcset=\"https:\/\/galicia.ingenierosnavales.com\/wp-content\/uploads\/2024\/07\/VIGO-13-1024x683.jpg 1024w, https:\/\/galicia.ingenierosnavales.com\/wp-content\/uploads\/2024\/07\/VIGO-13-300x200.jpg 300w, https:\/\/galicia.ingenierosnavales.com\/wp-content\/uploads\/2024\/07\/VIGO-13-768x512.jpg 768w, https:\/\/galicia.ingenierosnavales.com\/wp-content\/uploads\/2024\/07\/VIGO-13-1536x1024.jpg 1536w, https:\/\/galicia.ingenierosnavales.com\/wp-content\/uploads\/2024\/07\/VIGO-13.jpg 1824w\" sizes=\"auto, (max-width: 1024px) 100vw, 1024px\" \/><\/a>\n\t\t\t<\/dt><\/dl><dl class='gallery-item'>\n\t\t\t<dt class='gallery-icon portrait'>\n\t\t\t\t<a href='https:\/\/galicia.ingenierosnavales.com\/index.php\/2024\/07\/16\/celebracion-de-la-festividad-del-carmen-en-ferrol-y-vigo-2024\/vigo-14-2\/'><img loading=\"lazy\" decoding=\"async\" width=\"800\" height=\"903\" src=\"https:\/\/galicia.ingenierosnavales.com\/wp-content\/uploads\/2024\/07\/VIGO-14.jpg\" class=\"attachment-large size-large no-lazy\" alt=\"\" srcset=\"https:\/\/galicia.ingenierosnavales.com\/wp-content\/uploads\/2024\/07\/VIGO-14.jpg 800w, https:\/\/galicia.ingenierosnavales.com\/wp-content\/uploads\/2024\/07\/VIGO-14-266x300.jpg 266w, https:\/\/galicia.ingenierosnavales.com\/wp-content\/uploads\/2024\/07\/VIGO-14-768x867.jpg 768w\" sizes=\"auto, (max-width: 800px) 100vw, 800px\" \/><\/a>\n\t\t\t<\/dt><\/dl><br style=\"clear: both\" \/><dl class='gallery-item'>\n\t\t\t<dt class='gallery-icon landscape'>\n\t\t\t\t<a href='https:\/\/galicia.ingenierosnavales.com\/index.php\/2024\/07\/16\/celebracion-de-la-festividad-del-carmen-en-ferrol-y-vigo-2024\/vigo-15-2\/'><img loading=\"lazy\" decoding=\"async\" width=\"1024\" height=\"768\" src=\"https:\/\/galicia.ingenierosnavales.com\/wp-content\/uploads\/2024\/07\/VIGO-15-1024x768.jpg\" class=\"attachment-large size-large no-lazy\" alt=\"\" srcset=\"https:\/\/galicia.ingenierosnavales.com\/wp-content\/uploads\/2024\/07\/VIGO-15-1024x768.jpg 1024w, https:\/\/galicia.ingenierosnavales.com\/wp-content\/uploads\/2024\/07\/VIGO-15-300x225.jpg 300w, https:\/\/galicia.ingenierosnavales.com\/wp-content\/uploads\/2024\/07\/VIGO-15-768x576.jpg 768w, https:\/\/galicia.ingenierosnavales.com\/wp-content\/uploads\/2024\/07\/VIGO-15.jpg 1067w\" sizes=\"auto, (max-width: 1024px) 100vw, 1024px\" \/><\/a>\n\t\t\t<\/dt><\/dl><dl class='gallery-item'>\n\t\t\t<dt class='gallery-icon portrait'>\n\t\t\t\t<a href='https:\/\/galicia.ingenierosnavales.com\/index.php\/2024\/07\/16\/celebracion-de-la-festividad-del-carmen-en-ferrol-y-vigo-2024\/vigo-16-2\/'><img loading=\"lazy\" decoding=\"async\" width=\"800\" height=\"966\" src=\"https:\/\/galicia.ingenierosnavales.com\/wp-content\/uploads\/2024\/07\/VIGO-16.jpg\" class=\"attachment-large size-large no-lazy\" alt=\"\" srcset=\"https:\/\/galicia.ingenierosnavales.com\/wp-content\/uploads\/2024\/07\/VIGO-16.jpg 800w, https:\/\/galicia.ingenierosnavales.com\/wp-content\/uploads\/2024\/07\/VIGO-16-248x300.jpg 248w, https:\/\/galicia.ingenierosnavales.com\/wp-content\/uploads\/2024\/07\/VIGO-16-768x927.jpg 768w\" sizes=\"auto, (max-width: 800px) 100vw, 800px\" \/><\/a>\n\t\t\t<\/dt><\/dl><dl class='gallery-item'>\n\t\t\t<dt class='gallery-icon landscape'>\n\t\t\t\t<a href='https:\/\/galicia.ingenierosnavales.com\/index.php\/2024\/07\/16\/celebracion-de-la-festividad-del-carmen-en-ferrol-y-vigo-2024\/vigo-17-2\/'><img loading=\"lazy\" decoding=\"async\" width=\"920\" height=\"800\" src=\"https:\/\/galicia.ingenierosnavales.com\/wp-content\/uploads\/2024\/07\/VIGO-17.jpg\" class=\"attachment-large size-large no-lazy\" alt=\"\" srcset=\"https:\/\/galicia.ingenierosnavales.com\/wp-content\/uploads\/2024\/07\/VIGO-17.jpg 920w, https:\/\/galicia.ingenierosnavales.com\/wp-content\/uploads\/2024\/07\/VIGO-17-300x261.jpg 300w, https:\/\/galicia.ingenierosnavales.com\/wp-content\/uploads\/2024\/07\/VIGO-17-768x668.jpg 768w\" sizes=\"auto, (max-width: 920px) 100vw, 920px\" \/><\/a>\n\t\t\t<\/dt><\/dl><br style=\"clear: both\" \/><dl class='gallery-item'>\n\t\t\t<dt class='gallery-icon landscape'>\n\t\t\t\t<a href='https:\/\/galicia.ingenierosnavales.com\/index.php\/2024\/07\/16\/celebracion-de-la-festividad-del-carmen-en-ferrol-y-vigo-2024\/vigo-18-2\/'><img loading=\"lazy\" decoding=\"async\" width=\"906\" height=\"800\" src=\"https:\/\/galicia.ingenierosnavales.com\/wp-content\/uploads\/2024\/07\/VIGO-18.jpg\" class=\"attachment-large size-large no-lazy\" alt=\"\" srcset=\"https:\/\/galicia.ingenierosnavales.com\/wp-content\/uploads\/2024\/07\/VIGO-18.jpg 906w, https:\/\/galicia.ingenierosnavales.com\/wp-content\/uploads\/2024\/07\/VIGO-18-300x265.jpg 300w, https:\/\/galicia.ingenierosnavales.com\/wp-content\/uploads\/2024\/07\/VIGO-18-768x678.jpg 768w\" sizes=\"auto, (max-width: 906px) 100vw, 906px\" \/><\/a>\n\t\t\t<\/dt><\/dl><dl class='gallery-item'>\n\t\t\t<dt class='gallery-icon portrait'>\n\t\t\t\t<a href='https:\/\/galicia.ingenierosnavales.com\/index.php\/2024\/07\/16\/celebracion-de-la-festividad-del-carmen-en-ferrol-y-vigo-2024\/vigo-19-2\/'><img loading=\"lazy\" decoding=\"async\" width=\"597\" height=\"1024\" src=\"https:\/\/galicia.ingenierosnavales.com\/wp-content\/uploads\/2024\/07\/VIGO-19-597x1024.jpg\" class=\"attachment-large size-large no-lazy\" alt=\"\" srcset=\"https:\/\/galicia.ingenierosnavales.com\/wp-content\/uploads\/2024\/07\/VIGO-19-597x1024.jpg 597w, https:\/\/galicia.ingenierosnavales.com\/wp-content\/uploads\/2024\/07\/VIGO-19-175x300.jpg 175w, https:\/\/galicia.ingenierosnavales.com\/wp-content\/uploads\/2024\/07\/VIGO-19-768x1317.jpg 768w, https:\/\/galicia.ingenierosnavales.com\/wp-content\/uploads\/2024\/07\/VIGO-19.jpg 800w\" sizes=\"auto, (max-width: 597px) 100vw, 597px\" \/><\/a>\n\t\t\t<\/dt><\/dl><dl class='gallery-item'>\n\t\t\t<dt class='gallery-icon portrait'>\n\t\t\t\t<a href='https:\/\/galicia.ingenierosnavales.com\/index.php\/2024\/07\/16\/celebracion-de-la-festividad-del-carmen-en-ferrol-y-vigo-2024\/vigo-20-2\/'><img loading=\"lazy\" decoding=\"async\" width=\"800\" height=\"842\" src=\"https:\/\/galicia.ingenierosnavales.com\/wp-content\/uploads\/2024\/07\/VIGO-20.jpg\" class=\"attachment-large size-large no-lazy\" alt=\"\" srcset=\"https:\/\/galicia.ingenierosnavales.com\/wp-content\/uploads\/2024\/07\/VIGO-20.jpg 800w, https:\/\/galicia.ingenierosnavales.com\/wp-content\/uploads\/2024\/07\/VIGO-20-285x300.jpg 285w, https:\/\/galicia.ingenierosnavales.com\/wp-content\/uploads\/2024\/07\/VIGO-20-768x808.jpg 768w\" sizes=\"auto, (max-width: 800px) 100vw, 800px\" \/><\/a>\n\t\t\t<\/dt><\/dl><br style=\"clear: both\" \/><dl class='gallery-item'>\n\t\t\t<dt class='gallery-icon landscape'>\n\t\t\t\t<a href='https:\/\/galicia.ingenierosnavales.com\/index.php\/2024\/07\/16\/celebracion-de-la-festividad-del-carmen-en-ferrol-y-vigo-2024\/vigo-21-2\/'><img loading=\"lazy\" decoding=\"async\" width=\"922\" height=\"800\" src=\"https:\/\/galicia.ingenierosnavales.com\/wp-content\/uploads\/2024\/07\/VIGO-21.jpg\" class=\"attachment-large size-large no-lazy\" alt=\"\" srcset=\"https:\/\/galicia.ingenierosnavales.com\/wp-content\/uploads\/2024\/07\/VIGO-21.jpg 922w, https:\/\/galicia.ingenierosnavales.com\/wp-content\/uploads\/2024\/07\/VIGO-21-300x260.jpg 300w, https:\/\/galicia.ingenierosnavales.com\/wp-content\/uploads\/2024\/07\/VIGO-21-768x666.jpg 768w\" sizes=\"auto, (max-width: 922px) 100vw, 922px\" \/><\/a>\n\t\t\t<\/dt><\/dl><dl class='gallery-item'>\n\t\t\t<dt class='gallery-icon landscape'>\n\t\t\t\t<a href='https:\/\/galicia.ingenierosnavales.com\/index.php\/2024\/07\/16\/celebracion-de-la-festividad-del-carmen-en-ferrol-y-vigo-2024\/vigo-22-2\/'><img loading=\"lazy\" decoding=\"async\" width=\"1002\" height=\"800\" src=\"https:\/\/galicia.ingenierosnavales.com\/wp-content\/uploads\/2024\/07\/VIGO-22.jpg\" class=\"attachment-large size-large no-lazy\" alt=\"\" srcset=\"https:\/\/galicia.ingenierosnavales.com\/wp-content\/uploads\/2024\/07\/VIGO-22.jpg 1002w, https:\/\/galicia.ingenierosnavales.com\/wp-content\/uploads\/2024\/07\/VIGO-22-300x240.jpg 300w, https:\/\/galicia.ingenierosnavales.com\/wp-content\/uploads\/2024\/07\/VIGO-22-768x613.jpg 768w\" sizes=\"auto, (max-width: 1002px) 100vw, 1002px\" \/><\/a>\n\t\t\t<\/dt><\/dl><dl class='gallery-item'>\n\t\t\t<dt class='gallery-icon landscape'>\n\t\t\t\t<a href='https:\/\/galicia.ingenierosnavales.com\/index.php\/2024\/07\/16\/celebracion-de-la-festividad-del-carmen-en-ferrol-y-vigo-2024\/vigo-23-2\/'><img loading=\"lazy\" decoding=\"async\" width=\"1024\" height=\"768\" src=\"https:\/\/galicia.ingenierosnavales.com\/wp-content\/uploads\/2024\/07\/VIGO-23-1024x768.jpg\" class=\"attachment-large size-large no-lazy\" alt=\"\" srcset=\"https:\/\/galicia.ingenierosnavales.com\/wp-content\/uploads\/2024\/07\/VIGO-23-1024x768.jpg 1024w, https:\/\/galicia.ingenierosnavales.com\/wp-content\/uploads\/2024\/07\/VIGO-23-300x225.jpg 300w, https:\/\/galicia.ingenierosnavales.com\/wp-content\/uploads\/2024\/07\/VIGO-23-768x576.jpg 768w, https:\/\/galicia.ingenierosnavales.com\/wp-content\/uploads\/2024\/07\/VIGO-23.jpg 1067w\" sizes=\"auto, (max-width: 1024px) 100vw, 1024px\" \/><\/a>\n\t\t\t<\/dt><\/dl><br style=\"clear: both\" \/><dl class='gallery-item'>\n\t\t\t<dt class='gallery-icon portrait'>\n\t\t\t\t<a href='https:\/\/galicia.ingenierosnavales.com\/index.php\/2024\/07\/16\/celebracion-de-la-festividad-del-carmen-en-ferrol-y-vigo-2024\/vigo-24-2\/'><img loading=\"lazy\" decoding=\"async\" width=\"788\" height=\"1024\" src=\"https:\/\/galicia.ingenierosnavales.com\/wp-content\/uploads\/2024\/07\/VIGO-24-788x1024.jpg\" class=\"attachment-large size-large no-lazy\" alt=\"\" srcset=\"https:\/\/galicia.ingenierosnavales.com\/wp-content\/uploads\/2024\/07\/VIGO-24-788x1024.jpg 788w, https:\/\/galicia.ingenierosnavales.com\/wp-content\/uploads\/2024\/07\/VIGO-24-231x300.jpg 231w, https:\/\/galicia.ingenierosnavales.com\/wp-content\/uploads\/2024\/07\/VIGO-24-768x998.jpg 768w, https:\/\/galicia.ingenierosnavales.com\/wp-content\/uploads\/2024\/07\/VIGO-24.jpg 800w\" sizes=\"auto, (max-width: 788px) 100vw, 788px\" \/><\/a>\n\t\t\t<\/dt><\/dl><dl class='gallery-item'>\n\t\t\t<dt class='gallery-icon landscape'>\n\t\t\t\t<a href='https:\/\/galicia.ingenierosnavales.com\/index.php\/2024\/07\/16\/celebracion-de-la-festividad-del-carmen-en-ferrol-y-vigo-2024\/vigo-25\/'><img loading=\"lazy\" decoding=\"async\" width=\"967\" height=\"800\" src=\"https:\/\/galicia.ingenierosnavales.com\/wp-content\/uploads\/2024\/07\/VIGO-25.jpg\" class=\"attachment-large size-large no-lazy\" alt=\"\" srcset=\"https:\/\/galicia.ingenierosnavales.com\/wp-content\/uploads\/2024\/07\/VIGO-25.jpg 967w, https:\/\/galicia.ingenierosnavales.com\/wp-content\/uploads\/2024\/07\/VIGO-25-300x248.jpg 300w, https:\/\/galicia.ingenierosnavales.com\/wp-content\/uploads\/2024\/07\/VIGO-25-768x635.jpg 768w\" sizes=\"auto, (max-width: 967px) 100vw, 967px\" \/><\/a>\n\t\t\t<\/dt><\/dl><dl class='gallery-item'>\n\t\t\t<dt class='gallery-icon portrait'>\n\t\t\t\t<a href='https:\/\/galicia.ingenierosnavales.com\/index.php\/2024\/07\/16\/celebracion-de-la-festividad-del-carmen-en-ferrol-y-vigo-2024\/vigo-26\/'><img loading=\"lazy\" decoding=\"async\" width=\"755\" height=\"1024\" src=\"https:\/\/galicia.ingenierosnavales.com\/wp-content\/uploads\/2024\/07\/VIGO-26-755x1024.jpg\" class=\"attachment-large size-large no-lazy\" alt=\"\" srcset=\"https:\/\/galicia.ingenierosnavales.com\/wp-content\/uploads\/2024\/07\/VIGO-26-755x1024.jpg 755w, https:\/\/galicia.ingenierosnavales.com\/wp-content\/uploads\/2024\/07\/VIGO-26-221x300.jpg 221w, https:\/\/galicia.ingenierosnavales.com\/wp-content\/uploads\/2024\/07\/VIGO-26-768x1042.jpg 768w, https:\/\/galicia.ingenierosnavales.com\/wp-content\/uploads\/2024\/07\/VIGO-26.jpg 800w\" sizes=\"auto, (max-width: 755px) 100vw, 755px\" \/><\/a>\n\t\t\t<\/dt><\/dl><br style=\"clear: both\" \/><dl class='gallery-item'>\n\t\t\t<dt class='gallery-icon landscape'>\n\t\t\t\t<a href='https:\/\/galicia.ingenierosnavales.com\/index.php\/2024\/07\/16\/celebracion-de-la-festividad-del-carmen-en-ferrol-y-vigo-2024\/vigo-27\/'><img loading=\"lazy\" decoding=\"async\" width=\"1024\" height=\"768\" src=\"https:\/\/galicia.ingenierosnavales.com\/wp-content\/uploads\/2024\/07\/VIGO-27-1024x768.jpg\" class=\"attachment-large size-large no-lazy\" alt=\"\" srcset=\"https:\/\/galicia.ingenierosnavales.com\/wp-content\/uploads\/2024\/07\/VIGO-27-1024x768.jpg 1024w, https:\/\/galicia.ingenierosnavales.com\/wp-content\/uploads\/2024\/07\/VIGO-27-300x225.jpg 300w, https:\/\/galicia.ingenierosnavales.com\/wp-content\/uploads\/2024\/07\/VIGO-27-768x576.jpg 768w, https:\/\/galicia.ingenierosnavales.com\/wp-content\/uploads\/2024\/07\/VIGO-27.jpg 1067w\" sizes=\"auto, (max-width: 1024px) 100vw, 1024px\" \/><\/a>\n\t\t\t<\/dt><\/dl><dl class='gallery-item'>\n\t\t\t<dt class='gallery-icon landscape'>\n\t\t\t\t<a href='https:\/\/galicia.ingenierosnavales.com\/index.php\/2024\/07\/16\/celebracion-de-la-festividad-del-carmen-en-ferrol-y-vigo-2024\/vigo-28\/'><img loading=\"lazy\" decoding=\"async\" width=\"1024\" height=\"723\" src=\"https:\/\/galicia.ingenierosnavales.com\/wp-content\/uploads\/2024\/07\/VIGO-28-1024x723.jpg\" class=\"attachment-large size-large no-lazy\" alt=\"\" srcset=\"https:\/\/galicia.ingenierosnavales.com\/wp-content\/uploads\/2024\/07\/VIGO-28-1024x723.jpg 1024w, https:\/\/galicia.ingenierosnavales.com\/wp-content\/uploads\/2024\/07\/VIGO-28-300x212.jpg 300w, https:\/\/galicia.ingenierosnavales.com\/wp-content\/uploads\/2024\/07\/VIGO-28-768x542.jpg 768w, https:\/\/galicia.ingenierosnavales.com\/wp-content\/uploads\/2024\/07\/VIGO-28.jpg 1133w\" sizes=\"auto, (max-width: 1024px) 100vw, 1024px\" \/><\/a>\n\t\t\t<\/dt><\/dl><dl class='gallery-item'>\n\t\t\t<dt class='gallery-icon landscape'>\n\t\t\t\t<a href='https:\/\/galicia.ingenierosnavales.com\/index.php\/2024\/07\/16\/celebracion-de-la-festividad-del-carmen-en-ferrol-y-vigo-2024\/vigo-29\/'><img loading=\"lazy\" decoding=\"async\" width=\"811\" height=\"800\" src=\"https:\/\/galicia.ingenierosnavales.com\/wp-content\/uploads\/2024\/07\/VIGO-29.jpg\" class=\"attachment-large size-large no-lazy\" alt=\"\" srcset=\"https:\/\/galicia.ingenierosnavales.com\/wp-content\/uploads\/2024\/07\/VIGO-29.jpg 811w, https:\/\/galicia.ingenierosnavales.com\/wp-content\/uploads\/2024\/07\/VIGO-29-300x296.jpg 300w, https:\/\/galicia.ingenierosnavales.com\/wp-content\/uploads\/2024\/07\/VIGO-29-768x758.jpg 768w, https:\/\/galicia.ingenierosnavales.com\/wp-content\/uploads\/2024\/07\/VIGO-29-80x80.jpg 80w\" sizes=\"auto, (max-width: 811px) 100vw, 811px\" \/><\/a>\n\t\t\t<\/dt><\/dl><br style=\"clear: both\" \/><dl class='gallery-item'>\n\t\t\t<dt class='gallery-icon landscape'>\n\t\t\t\t<a href='https:\/\/galicia.ingenierosnavales.com\/index.php\/2024\/07\/16\/celebracion-de-la-festividad-del-carmen-en-ferrol-y-vigo-2024\/vigo-30\/'><img loading=\"lazy\" decoding=\"async\" width=\"800\" height=\"792\" src=\"https:\/\/galicia.ingenierosnavales.com\/wp-content\/uploads\/2024\/07\/VIGO-30.jpg\" class=\"attachment-large size-large no-lazy\" alt=\"\" srcset=\"https:\/\/galicia.ingenierosnavales.com\/wp-content\/uploads\/2024\/07\/VIGO-30.jpg 800w, https:\/\/galicia.ingenierosnavales.com\/wp-content\/uploads\/2024\/07\/VIGO-30-300x297.jpg 300w, https:\/\/galicia.ingenierosnavales.com\/wp-content\/uploads\/2024\/07\/VIGO-30-150x150.jpg 150w, https:\/\/galicia.ingenierosnavales.com\/wp-content\/uploads\/2024\/07\/VIGO-30-768x760.jpg 768w, https:\/\/galicia.ingenierosnavales.com\/wp-content\/uploads\/2024\/07\/VIGO-30-80x80.jpg 80w\" sizes=\"auto, (max-width: 800px) 100vw, 800px\" \/><\/a>\n\t\t\t<\/dt><\/dl>\n\t\t\t<br style='clear: both' \/>\n\t\t<\/div>\n\n","protected":false},"excerpt":{"rendered":"<p>Con motivo de la Festividad de la Virgen del Carmen el 16 de julio, en la Delegaci\u00f3n Territorial en Galicia se han organizado en la Zona Norte el 11 de julio y en la&#46;&#46;&#46;<\/p>\n","protected":false},"author":2,"featured_media":7204,"comment_status":"open","ping_status":"open","sticky":false,"template":"","format":"standard","meta":{"om_disable_all_campaigns":false,"_monsterinsights_skip_tracking":false,"_monsterinsights_sitenote_active":false,"_monsterinsights_sitenote_note":"","_monsterinsights_sitenote_category":0,"_uf_show_specific_survey":0,"_uf_disable_surveys":false,"footnotes":""},"categories":[1],"tags":[],"class_list":["post-7143","post","type-post","status-publish","format-standard","has-post-thumbnail","hentry","category-eventos"],"aioseo_notices":[],"yoast_head":"<!-- This site is optimized with the Yoast SEO plugin v24.0 - https:\/\/yoast.com\/wordpress\/plugins\/seo\/ -->\n<title>Celebraci\u00f3n de la Festividad del Carmen en Ferrol y Vigo. 2024 - Delegaci\u00f3n del COIN en Galicia -<\/title>\n<meta name=\"robots\" content=\"index, follow, max-snippet:-1, max-image-preview:large, max-video-preview:-1\" \/>\n<link rel=\"canonical\" href=\"https:\/\/galicia.ingenierosnavales.com\/index.php\/2024\/07\/16\/celebracion-de-la-festividad-del-carmen-en-ferrol-y-vigo-2024\/\" \/>\n<meta property=\"og:locale\" content=\"es_ES\" \/>\n<meta property=\"og:type\" content=\"article\" \/>\n<meta property=\"og:title\" content=\"Celebraci\u00f3n de la Festividad del Carmen en Ferrol y Vigo. 2024 - Delegaci\u00f3n del COIN en Galicia -\" \/>\n<meta property=\"og:description\" content=\"Con motivo de la Festividad de la Virgen del Carmen el 16 de julio, en la Delegaci\u00f3n Territorial en Galicia se han organizado en la Zona Norte el 11 de julio y en la&#046;&#046;&#046;\" \/>\n<meta property=\"og:url\" content=\"https:\/\/galicia.ingenierosnavales.com\/index.php\/2024\/07\/16\/celebracion-de-la-festividad-del-carmen-en-ferrol-y-vigo-2024\/\" \/>\n<meta property=\"og:site_name\" content=\"Delegaci\u00f3n del COIN en Galicia -\" \/>\n<meta property=\"article:published_time\" content=\"2024-07-16T08:23:08+00:00\" \/>\n<meta property=\"article:modified_time\" content=\"2024-07-16T08:30:30+00:00\" \/>\n<meta property=\"og:image\" content=\"https:\/\/galicia.ingenierosnavales.com\/wp-content\/uploads\/2024\/07\/CARMEN.jpeg\" \/>\n\t<meta property=\"og:image:width\" content=\"596\" \/>\n\t<meta property=\"og:image:height\" content=\"590\" \/>\n\t<meta property=\"og:image:type\" content=\"image\/jpeg\" \/>\n<meta name=\"author\" content=\"Delegaci\u00f3n Galicia\" \/>\n<meta name=\"twitter:card\" content=\"summary_large_image\" \/>\n<meta name=\"twitter:label1\" content=\"Escrito por\" \/>\n\t<meta name=\"twitter:data1\" content=\"Delegaci\u00f3n Galicia\" \/>\n\t<meta name=\"twitter:label2\" content=\"Tiempo de lectura\" \/>\n\t<meta name=\"twitter:data2\" content=\"1 minuto\" \/>\n<script type=\"application\/ld+json\" class=\"yoast-schema-graph\">{\"@context\":\"https:\/\/schema.org\",\"@graph\":[{\"@type\":\"Article\",\"@id\":\"https:\/\/galicia.ingenierosnavales.com\/index.php\/2024\/07\/16\/celebracion-de-la-festividad-del-carmen-en-ferrol-y-vigo-2024\/#article\",\"isPartOf\":{\"@id\":\"https:\/\/galicia.ingenierosnavales.com\/index.php\/2024\/07\/16\/celebracion-de-la-festividad-del-carmen-en-ferrol-y-vigo-2024\/\"},\"author\":{\"name\":\"Delegaci\u00f3n Galicia\",\"@id\":\"https:\/\/galicia.ingenierosnavales.com\/#\/schema\/person\/5b19750a916831d424f63e9271d4e51d\"},\"headline\":\"Celebraci\u00f3n de la Festividad del Carmen en Ferrol y Vigo. 2024\",\"datePublished\":\"2024-07-16T08:23:08+00:00\",\"dateModified\":\"2024-07-16T08:30:30+00:00\",\"mainEntityOfPage\":{\"@id\":\"https:\/\/galicia.ingenierosnavales.com\/index.php\/2024\/07\/16\/celebracion-de-la-festividad-del-carmen-en-ferrol-y-vigo-2024\/\"},\"wordCount\":246,\"commentCount\":0,\"publisher\":{\"@id\":\"https:\/\/galicia.ingenierosnavales.com\/#organization\"},\"image\":{\"@id\":\"https:\/\/galicia.ingenierosnavales.com\/index.php\/2024\/07\/16\/celebracion-de-la-festividad-del-carmen-en-ferrol-y-vigo-2024\/#primaryimage\"},\"thumbnailUrl\":\"https:\/\/galicia.ingenierosnavales.com\/wp-content\/uploads\/2024\/07\/CARMEN.jpeg\",\"articleSection\":[\"Eventos\"],\"inLanguage\":\"es\",\"potentialAction\":[{\"@type\":\"CommentAction\",\"name\":\"Comment\",\"target\":[\"https:\/\/galicia.ingenierosnavales.com\/index.php\/2024\/07\/16\/celebracion-de-la-festividad-del-carmen-en-ferrol-y-vigo-2024\/#respond\"]}]},{\"@type\":\"WebPage\",\"@id\":\"https:\/\/galicia.ingenierosnavales.com\/index.php\/2024\/07\/16\/celebracion-de-la-festividad-del-carmen-en-ferrol-y-vigo-2024\/\",\"url\":\"https:\/\/galicia.ingenierosnavales.com\/index.php\/2024\/07\/16\/celebracion-de-la-festividad-del-carmen-en-ferrol-y-vigo-2024\/\",\"name\":\"Celebraci\u00f3n de la Festividad del Carmen en Ferrol y Vigo. 2024 - Delegaci\u00f3n del COIN en Galicia -\",\"isPartOf\":{\"@id\":\"https:\/\/galicia.ingenierosnavales.com\/#website\"},\"primaryImageOfPage\":{\"@id\":\"https:\/\/galicia.ingenierosnavales.com\/index.php\/2024\/07\/16\/celebracion-de-la-festividad-del-carmen-en-ferrol-y-vigo-2024\/#primaryimage\"},\"image\":{\"@id\":\"https:\/\/galicia.ingenierosnavales.com\/index.php\/2024\/07\/16\/celebracion-de-la-festividad-del-carmen-en-ferrol-y-vigo-2024\/#primaryimage\"},\"thumbnailUrl\":\"https:\/\/galicia.ingenierosnavales.com\/wp-content\/uploads\/2024\/07\/CARMEN.jpeg\",\"datePublished\":\"2024-07-16T08:23:08+00:00\",\"dateModified\":\"2024-07-16T08:30:30+00:00\",\"breadcrumb\":{\"@id\":\"https:\/\/galicia.ingenierosnavales.com\/index.php\/2024\/07\/16\/celebracion-de-la-festividad-del-carmen-en-ferrol-y-vigo-2024\/#breadcrumb\"},\"inLanguage\":\"es\",\"potentialAction\":[{\"@type\":\"ReadAction\",\"target\":[\"https:\/\/galicia.ingenierosnavales.com\/index.php\/2024\/07\/16\/celebracion-de-la-festividad-del-carmen-en-ferrol-y-vigo-2024\/\"]}]},{\"@type\":\"ImageObject\",\"inLanguage\":\"es\",\"@id\":\"https:\/\/galicia.ingenierosnavales.com\/index.php\/2024\/07\/16\/celebracion-de-la-festividad-del-carmen-en-ferrol-y-vigo-2024\/#primaryimage\",\"url\":\"https:\/\/galicia.ingenierosnavales.com\/wp-content\/uploads\/2024\/07\/CARMEN.jpeg\",\"contentUrl\":\"https:\/\/galicia.ingenierosnavales.com\/wp-content\/uploads\/2024\/07\/CARMEN.jpeg\",\"width\":596,\"height\":590},{\"@type\":\"BreadcrumbList\",\"@id\":\"https:\/\/galicia.ingenierosnavales.com\/index.php\/2024\/07\/16\/celebracion-de-la-festividad-del-carmen-en-ferrol-y-vigo-2024\/#breadcrumb\",\"itemListElement\":[{\"@type\":\"ListItem\",\"position\":1,\"name\":\"Home\",\"item\":\"https:\/\/galicia.ingenierosnavales.com\/\"},{\"@type\":\"ListItem\",\"position\":2,\"name\":\"Celebraci\u00f3n de la Festividad del Carmen en Ferrol y Vigo. 2024\"}]},{\"@type\":\"WebSite\",\"@id\":\"https:\/\/galicia.ingenierosnavales.com\/#website\",\"url\":\"https:\/\/galicia.ingenierosnavales.com\/\",\"name\":\"Delegaci\u00f3n del COIN en Galicia -\",\"description\":\"\",\"publisher\":{\"@id\":\"https:\/\/galicia.ingenierosnavales.com\/#organization\"},\"potentialAction\":[{\"@type\":\"SearchAction\",\"target\":{\"@type\":\"EntryPoint\",\"urlTemplate\":\"https:\/\/galicia.ingenierosnavales.com\/?s={search_term_string}\"},\"query-input\":{\"@type\":\"PropertyValueSpecification\",\"valueRequired\":true,\"valueName\":\"search_term_string\"}}],\"inLanguage\":\"es\"},{\"@type\":\"Organization\",\"@id\":\"https:\/\/galicia.ingenierosnavales.com\/#organization\",\"name\":\"Delegaci\u00f3n del COIN en Galicia -\",\"url\":\"https:\/\/galicia.ingenierosnavales.com\/\",\"logo\":{\"@type\":\"ImageObject\",\"inLanguage\":\"es\",\"@id\":\"https:\/\/galicia.ingenierosnavales.com\/#\/schema\/logo\/image\/\",\"url\":\"https:\/\/galicia.ingenierosnavales.com\/wp-content\/uploads\/2022\/03\/logo_2-1.png\",\"contentUrl\":\"https:\/\/galicia.ingenierosnavales.com\/wp-content\/uploads\/2022\/03\/logo_2-1.png\",\"width\":240,\"height\":94,\"caption\":\"Delegaci\u00f3n del COIN en Galicia - \"},\"image\":{\"@id\":\"https:\/\/galicia.ingenierosnavales.com\/#\/schema\/logo\/image\/\"}},{\"@type\":\"Person\",\"@id\":\"https:\/\/galicia.ingenierosnavales.com\/#\/schema\/person\/5b19750a916831d424f63e9271d4e51d\",\"name\":\"Delegaci\u00f3n Galicia\",\"image\":{\"@type\":\"ImageObject\",\"inLanguage\":\"es\",\"@id\":\"https:\/\/galicia.ingenierosnavales.com\/#\/schema\/person\/image\/\",\"url\":\"https:\/\/secure.gravatar.com\/avatar\/8ba9b1dd96c7effddd31fcf63bf8cc7f?s=96&d=mm&r=g\",\"contentUrl\":\"https:\/\/secure.gravatar.com\/avatar\/8ba9b1dd96c7effddd31fcf63bf8cc7f?s=96&d=mm&r=g\",\"caption\":\"Delegaci\u00f3n Galicia\"},\"url\":\"https:\/\/galicia.ingenierosnavales.com\/index.php\/author\/galicia\/\"}]}<\/script>\n<!-- \/ Yoast SEO plugin. -->","yoast_head_json":{"title":"Celebraci\u00f3n de la Festividad del Carmen en Ferrol y Vigo. 2024 - Delegaci\u00f3n del COIN en Galicia -","robots":{"index":"index","follow":"follow","max-snippet":"max-snippet:-1","max-image-preview":"max-image-preview:large","max-video-preview":"max-video-preview:-1"},"canonical":"https:\/\/galicia.ingenierosnavales.com\/index.php\/2024\/07\/16\/celebracion-de-la-festividad-del-carmen-en-ferrol-y-vigo-2024\/","og_locale":"es_ES","og_type":"article","og_title":"Celebraci\u00f3n de la Festividad del Carmen en Ferrol y Vigo. 2024 - Delegaci\u00f3n del COIN en Galicia -","og_description":"Con motivo de la Festividad de la Virgen del Carmen el 16 de julio, en la Delegaci\u00f3n Territorial en Galicia se han organizado en la Zona Norte el 11 de julio y en la&#46;&#46;&#46;","og_url":"https:\/\/galicia.ingenierosnavales.com\/index.php\/2024\/07\/16\/celebracion-de-la-festividad-del-carmen-en-ferrol-y-vigo-2024\/","og_site_name":"Delegaci\u00f3n del COIN en Galicia -","article_published_time":"2024-07-16T08:23:08+00:00","article_modified_time":"2024-07-16T08:30:30+00:00","og_image":[{"width":596,"height":590,"url":"https:\/\/galicia.ingenierosnavales.com\/wp-content\/uploads\/2024\/07\/CARMEN.jpeg","type":"image\/jpeg"}],"author":"Delegaci\u00f3n Galicia","twitter_card":"summary_large_image","twitter_misc":{"Escrito por":"Delegaci\u00f3n Galicia","Tiempo de lectura":"1 minuto"},"schema":{"@context":"https:\/\/schema.org","@graph":[{"@type":"Article","@id":"https:\/\/galicia.ingenierosnavales.com\/index.php\/2024\/07\/16\/celebracion-de-la-festividad-del-carmen-en-ferrol-y-vigo-2024\/#article","isPartOf":{"@id":"https:\/\/galicia.ingenierosnavales.com\/index.php\/2024\/07\/16\/celebracion-de-la-festividad-del-carmen-en-ferrol-y-vigo-2024\/"},"author":{"name":"Delegaci\u00f3n Galicia","@id":"https:\/\/galicia.ingenierosnavales.com\/#\/schema\/person\/5b19750a916831d424f63e9271d4e51d"},"headline":"Celebraci\u00f3n de la Festividad del Carmen en Ferrol y Vigo. 2024","datePublished":"2024-07-16T08:23:08+00:00","dateModified":"2024-07-16T08:30:30+00:00","mainEntityOfPage":{"@id":"https:\/\/galicia.ingenierosnavales.com\/index.php\/2024\/07\/16\/celebracion-de-la-festividad-del-carmen-en-ferrol-y-vigo-2024\/"},"wordCount":246,"commentCount":0,"publisher":{"@id":"https:\/\/galicia.ingenierosnavales.com\/#organization"},"image":{"@id":"https:\/\/galicia.ingenierosnavales.com\/index.php\/2024\/07\/16\/celebracion-de-la-festividad-del-carmen-en-ferrol-y-vigo-2024\/#primaryimage"},"thumbnailUrl":"https:\/\/galicia.ingenierosnavales.com\/wp-content\/uploads\/2024\/07\/CARMEN.jpeg","articleSection":["Eventos"],"inLanguage":"es","potentialAction":[{"@type":"CommentAction","name":"Comment","target":["https:\/\/galicia.ingenierosnavales.com\/index.php\/2024\/07\/16\/celebracion-de-la-festividad-del-carmen-en-ferrol-y-vigo-2024\/#respond"]}]},{"@type":"WebPage","@id":"https:\/\/galicia.ingenierosnavales.com\/index.php\/2024\/07\/16\/celebracion-de-la-festividad-del-carmen-en-ferrol-y-vigo-2024\/","url":"https:\/\/galicia.ingenierosnavales.com\/index.php\/2024\/07\/16\/celebracion-de-la-festividad-del-carmen-en-ferrol-y-vigo-2024\/","name":"Celebraci\u00f3n de la Festividad del Carmen en Ferrol y Vigo. 2024 - Delegaci\u00f3n del COIN en Galicia -","isPartOf":{"@id":"https:\/\/galicia.ingenierosnavales.com\/#website"},"primaryImageOfPage":{"@id":"https:\/\/galicia.ingenierosnavales.com\/index.php\/2024\/07\/16\/celebracion-de-la-festividad-del-carmen-en-ferrol-y-vigo-2024\/#primaryimage"},"image":{"@id":"https:\/\/galicia.ingenierosnavales.com\/index.php\/2024\/07\/16\/celebracion-de-la-festividad-del-carmen-en-ferrol-y-vigo-2024\/#primaryimage"},"thumbnailUrl":"https:\/\/galicia.ingenierosnavales.com\/wp-content\/uploads\/2024\/07\/CARMEN.jpeg","datePublished":"2024-07-16T08:23:08+00:00","dateModified":"2024-07-16T08:30:30+00:00","breadcrumb":{"@id":"https:\/\/galicia.ingenierosnavales.com\/index.php\/2024\/07\/16\/celebracion-de-la-festividad-del-carmen-en-ferrol-y-vigo-2024\/#breadcrumb"},"inLanguage":"es","potentialAction":[{"@type":"ReadAction","target":["https:\/\/galicia.ingenierosnavales.com\/index.php\/2024\/07\/16\/celebracion-de-la-festividad-del-carmen-en-ferrol-y-vigo-2024\/"]}]},{"@type":"ImageObject","inLanguage":"es","@id":"https:\/\/galicia.ingenierosnavales.com\/index.php\/2024\/07\/16\/celebracion-de-la-festividad-del-carmen-en-ferrol-y-vigo-2024\/#primaryimage","url":"https:\/\/galicia.ingenierosnavales.com\/wp-content\/uploads\/2024\/07\/CARMEN.jpeg","contentUrl":"https:\/\/galicia.ingenierosnavales.com\/wp-content\/uploads\/2024\/07\/CARMEN.jpeg","width":596,"height":590},{"@type":"BreadcrumbList","@id":"https:\/\/galicia.ingenierosnavales.com\/index.php\/2024\/07\/16\/celebracion-de-la-festividad-del-carmen-en-ferrol-y-vigo-2024\/#breadcrumb","itemListElement":[{"@type":"ListItem","position":1,"name":"Home","item":"https:\/\/galicia.ingenierosnavales.com\/"},{"@type":"ListItem","position":2,"name":"Celebraci\u00f3n de la Festividad del Carmen en Ferrol y Vigo. 2024"}]},{"@type":"WebSite","@id":"https:\/\/galicia.ingenierosnavales.com\/#website","url":"https:\/\/galicia.ingenierosnavales.com\/","name":"Delegaci\u00f3n del COIN en Galicia -","description":"","publisher":{"@id":"https:\/\/galicia.ingenierosnavales.com\/#organization"},"potentialAction":[{"@type":"SearchAction","target":{"@type":"EntryPoint","urlTemplate":"https:\/\/galicia.ingenierosnavales.com\/?s={search_term_string}"},"query-input":{"@type":"PropertyValueSpecification","valueRequired":true,"valueName":"search_term_string"}}],"inLanguage":"es"},{"@type":"Organization","@id":"https:\/\/galicia.ingenierosnavales.com\/#organization","name":"Delegaci\u00f3n del COIN en Galicia -","url":"https:\/\/galicia.ingenierosnavales.com\/","logo":{"@type":"ImageObject","inLanguage":"es","@id":"https:\/\/galicia.ingenierosnavales.com\/#\/schema\/logo\/image\/","url":"https:\/\/galicia.ingenierosnavales.com\/wp-content\/uploads\/2022\/03\/logo_2-1.png","contentUrl":"https:\/\/galicia.ingenierosnavales.com\/wp-content\/uploads\/2022\/03\/logo_2-1.png","width":240,"height":94,"caption":"Delegaci\u00f3n del COIN en Galicia - "},"image":{"@id":"https:\/\/galicia.ingenierosnavales.com\/#\/schema\/logo\/image\/"}},{"@type":"Person","@id":"https:\/\/galicia.ingenierosnavales.com\/#\/schema\/person\/5b19750a916831d424f63e9271d4e51d","name":"Delegaci\u00f3n Galicia","image":{"@type":"ImageObject","inLanguage":"es","@id":"https:\/\/galicia.ingenierosnavales.com\/#\/schema\/person\/image\/","url":"https:\/\/secure.gravatar.com\/avatar\/8ba9b1dd96c7effddd31fcf63bf8cc7f?s=96&d=mm&r=g","contentUrl":"https:\/\/secure.gravatar.com\/avatar\/8ba9b1dd96c7effddd31fcf63bf8cc7f?s=96&d=mm&r=g","caption":"Delegaci\u00f3n Galicia"},"url":"https:\/\/galicia.ingenierosnavales.com\/index.php\/author\/galicia\/"}]}},"_links":{"self":[{"href":"https:\/\/galicia.ingenierosnavales.com\/index.php\/wp-json\/wp\/v2\/posts\/7143","targetHints":{"allow":["GET"]}}],"collection":[{"href":"https:\/\/galicia.ingenierosnavales.com\/index.php\/wp-json\/wp\/v2\/posts"}],"about":[{"href":"https:\/\/galicia.ingenierosnavales.com\/index.php\/wp-json\/wp\/v2\/types\/post"}],"author":[{"embeddable":true,"href":"https:\/\/galicia.ingenierosnavales.com\/index.php\/wp-json\/wp\/v2\/users\/2"}],"replies":[{"embeddable":true,"href":"https:\/\/galicia.ingenierosnavales.com\/index.php\/wp-json\/wp\/v2\/comments?post=7143"}],"version-history":[{"count":1,"href":"https:\/\/galicia.ingenierosnavales.com\/index.php\/wp-json\/wp\/v2\/posts\/7143\/revisions"}],"predecessor-version":[{"id":7203,"href":"https:\/\/galicia.ingenierosnavales.com\/index.php\/wp-json\/wp\/v2\/posts\/7143\/revisions\/7203"}],"wp:featuredmedia":[{"embeddable":true,"href":"https:\/\/galicia.ingenierosnavales.com\/index.php\/wp-json\/wp\/v2\/media\/7204"}],"wp:attachment":[{"href":"https:\/\/galicia.ingenierosnavales.com\/index.php\/wp-json\/wp\/v2\/media?parent=7143"}],"wp:term":[{"taxonomy":"category","embeddable":true,"href":"https:\/\/galicia.ingenierosnavales.com\/index.php\/wp-json\/wp\/v2\/categories?post=7143"},{"taxonomy":"post_tag","embeddable":true,"href":"https:\/\/galicia.ingenierosnavales.com\/index.php\/wp-json\/wp\/v2\/tags?post=7143"}],"curies":[{"name":"wp","href":"https:\/\/api.w.org\/{rel}","templated":true}]}}