{"id":7049,"date":"2024-06-10T07:10:42","date_gmt":"2024-06-10T07:10:42","guid":{"rendered":"https:\/\/galicia.ingenierosnavales.com\/?p=7049"},"modified":"2024-06-10T07:11:29","modified_gmt":"2024-06-10T07:11:29","slug":"taller-de-ciberseguridad-en-el-sector-naval-ferrol-26-de-junio","status":"publish","type":"post","link":"https:\/\/galicia.ingenierosnavales.com\/index.php\/2024\/06\/10\/taller-de-ciberseguridad-en-el-sector-naval-ferrol-26-de-junio\/","title":{"rendered":"Taller de Ciberseguridad en el sector naval &#8211; Ferrol, 26 de junio"},"content":{"rendered":"<p><a href=\"https:\/\/galicia.ingenierosnavales.com\/wp-content\/uploads\/2024\/06\/Programa-Jornadas-de-Ciberseguridad-Naval-Ferrol.pdf\"><img loading=\"lazy\" decoding=\"async\" class=\"aligncenter wp-image-7050 size-large\" src=\"https:\/\/galicia.ingenierosnavales.com\/wp-content\/uploads\/2024\/06\/1717744001098-724x1024.jpeg\" alt=\"\" width=\"724\" height=\"1024\" srcset=\"https:\/\/galicia.ingenierosnavales.com\/wp-content\/uploads\/2024\/06\/1717744001098-724x1024.jpeg 724w, https:\/\/galicia.ingenierosnavales.com\/wp-content\/uploads\/2024\/06\/1717744001098-212x300.jpeg 212w, https:\/\/galicia.ingenierosnavales.com\/wp-content\/uploads\/2024\/06\/1717744001098-768x1086.jpeg 768w, https:\/\/galicia.ingenierosnavales.com\/wp-content\/uploads\/2024\/06\/1717744001098-1086x1536.jpeg 1086w, https:\/\/galicia.ingenierosnavales.com\/wp-content\/uploads\/2024\/06\/1717744001098.jpeg 1280w\" sizes=\"auto, (max-width: 724px) 100vw, 724px\" \/><\/a><\/p>\n<p>Desde ACLUNAGA, invitan a participar de la <strong>Jornada de Ciberseguridad en el Sector Naval<\/strong> que se celebrar\u00e1 en <strong>Ferrol<\/strong> el pr\u00f3ximo d\u00eda <strong>26 de junio.<\/strong><\/p>\n<p>Continuando con una serie de jornadas y talleres sobre Digitalizaci\u00f3n de la cadena de valor del Sector Naval, financiadas por el IGAPE, Aclunaga organiza esta jornada conjuntamente con GHENOVA, la Catedra GHENVA-UDC y la Autoridad Portuaria de Ferrol \u2013 San Cibrao.<\/p>\n<p>Ser\u00e1 una jornada de reflexi\u00f3n y puesta en com\u00fan de los desaf\u00edos tecnol\u00f3gicos y los requerimientos normativos que est\u00e1n por llegar en el \u00e1mbito de la Ciberseguridad, centrada en la problem\u00e1tica espec\u00edfica del sector de construcci\u00f3n y reparaci\u00f3n naval y en el \u00e1mbito portuario.<\/p>\n<p>La jornada tendr\u00e1 lugar en Sala de Exposiciones \u00abCuruxeiras\u00bb de la Autoridad Portuaria de Ferrol.<\/p>\n<p style=\"text-align: center;\"><a href=\"https:\/\/galicia.ingenierosnavales.com\/wp-content\/uploads\/2024\/06\/Programa-Jornadas-de-Ciberseguridad-Naval-Ferrol.pdf\">Programa &#8211; Jornadas de Ciberseguridad Naval (Ferrol)<\/a><\/p>\n<p>Os animamos a participar en este foro y a establecer sinergias entre asociados para afrontar los desaf\u00edos de forma conjunta. Para ello desde la organizaci\u00f3n, facilitar\u00e1n informaci\u00f3n sobre l\u00edneas de ayuda para el desarrollo de proyectos colaborativos en el \u00e1mbito de la digitalizaci\u00f3n.<\/p>\n<p>Pod\u00e9is confirmar vuestra asistencia directamente en el correo de la Autoridad Portuaria de Ferrol (<a href=\"mailto:presidencia@apfsc.es\">presidencia@apfsc.es<\/a>) antes del 17 de junio de 2024.<\/p>\n<p style=\"text-align: center;\"><strong>ACLUNAGA<\/strong><\/p>\n<p style=\"text-align: center;\"><a href=\"mailto:aclunaga@aclunaga.es\">aclunaga@aclunaga.es<\/a><\/p>\n<p>&nbsp;<\/p>\n","protected":false},"excerpt":{"rendered":"<p>Desde ACLUNAGA, invitan a participar de la Jornada de Ciberseguridad en el Sector Naval que se celebrar\u00e1 en Ferrol el pr\u00f3ximo d\u00eda 26 de junio. Continuando con una serie de jornadas y talleres sobre&#46;&#46;&#46;<\/p>\n","protected":false},"author":2,"featured_media":7050,"comment_status":"open","ping_status":"open","sticky":false,"template":"","format":"standard","meta":{"om_disable_all_campaigns":false,"_monsterinsights_skip_tracking":false,"_monsterinsights_sitenote_active":false,"_monsterinsights_sitenote_note":"","_monsterinsights_sitenote_category":0,"_uf_show_specific_survey":0,"_uf_disable_surveys":false,"footnotes":""},"categories":[1,2],"tags":[],"class_list":["post-7049","post","type-post","status-publish","format-standard","has-post-thumbnail","hentry","category-eventos","category-formacion"],"aioseo_notices":[],"yoast_head":"<!-- This site is optimized with the Yoast SEO plugin v24.0 - https:\/\/yoast.com\/wordpress\/plugins\/seo\/ -->\n<title>Taller de Ciberseguridad en el sector naval - Ferrol, 26 de junio - Delegaci\u00f3n del COIN en Galicia -<\/title>\n<meta name=\"robots\" content=\"index, follow, max-snippet:-1, max-image-preview:large, max-video-preview:-1\" \/>\n<link rel=\"canonical\" href=\"https:\/\/galicia.ingenierosnavales.com\/index.php\/2024\/06\/10\/taller-de-ciberseguridad-en-el-sector-naval-ferrol-26-de-junio\/\" \/>\n<meta property=\"og:locale\" content=\"es_ES\" \/>\n<meta property=\"og:type\" content=\"article\" \/>\n<meta property=\"og:title\" content=\"Taller de Ciberseguridad en el sector naval - Ferrol, 26 de junio - Delegaci\u00f3n del COIN en Galicia -\" \/>\n<meta property=\"og:description\" content=\"Desde ACLUNAGA, invitan a participar de la Jornada de Ciberseguridad en el Sector Naval que se celebrar\u00e1 en Ferrol el pr\u00f3ximo d\u00eda 26 de junio. Continuando con una serie de jornadas y talleres sobre&#046;&#046;&#046;\" \/>\n<meta property=\"og:url\" content=\"https:\/\/galicia.ingenierosnavales.com\/index.php\/2024\/06\/10\/taller-de-ciberseguridad-en-el-sector-naval-ferrol-26-de-junio\/\" \/>\n<meta property=\"og:site_name\" content=\"Delegaci\u00f3n del COIN en Galicia -\" \/>\n<meta property=\"article:published_time\" content=\"2024-06-10T07:10:42+00:00\" \/>\n<meta property=\"article:modified_time\" content=\"2024-06-10T07:11:29+00:00\" \/>\n<meta property=\"og:image\" content=\"https:\/\/galicia.ingenierosnavales.com\/wp-content\/uploads\/2024\/06\/1717744001098.jpeg\" \/>\n\t<meta property=\"og:image:width\" content=\"1280\" \/>\n\t<meta property=\"og:image:height\" content=\"1810\" \/>\n\t<meta property=\"og:image:type\" content=\"image\/jpeg\" \/>\n<meta name=\"author\" content=\"Delegaci\u00f3n Galicia\" \/>\n<meta name=\"twitter:card\" content=\"summary_large_image\" \/>\n<meta name=\"twitter:label1\" content=\"Escrito por\" \/>\n\t<meta name=\"twitter:data1\" content=\"Delegaci\u00f3n Galicia\" \/>\n\t<meta name=\"twitter:label2\" content=\"Tiempo de lectura\" \/>\n\t<meta name=\"twitter:data2\" content=\"1 minuto\" \/>\n<script type=\"application\/ld+json\" class=\"yoast-schema-graph\">{\"@context\":\"https:\/\/schema.org\",\"@graph\":[{\"@type\":\"Article\",\"@id\":\"https:\/\/galicia.ingenierosnavales.com\/index.php\/2024\/06\/10\/taller-de-ciberseguridad-en-el-sector-naval-ferrol-26-de-junio\/#article\",\"isPartOf\":{\"@id\":\"https:\/\/galicia.ingenierosnavales.com\/index.php\/2024\/06\/10\/taller-de-ciberseguridad-en-el-sector-naval-ferrol-26-de-junio\/\"},\"author\":{\"name\":\"Delegaci\u00f3n Galicia\",\"@id\":\"https:\/\/galicia.ingenierosnavales.com\/#\/schema\/person\/5b19750a916831d424f63e9271d4e51d\"},\"headline\":\"Taller de Ciberseguridad en el sector naval &#8211; Ferrol, 26 de junio\",\"datePublished\":\"2024-06-10T07:10:42+00:00\",\"dateModified\":\"2024-06-10T07:11:29+00:00\",\"mainEntityOfPage\":{\"@id\":\"https:\/\/galicia.ingenierosnavales.com\/index.php\/2024\/06\/10\/taller-de-ciberseguridad-en-el-sector-naval-ferrol-26-de-junio\/\"},\"wordCount\":230,\"commentCount\":0,\"publisher\":{\"@id\":\"https:\/\/galicia.ingenierosnavales.com\/#organization\"},\"image\":{\"@id\":\"https:\/\/galicia.ingenierosnavales.com\/index.php\/2024\/06\/10\/taller-de-ciberseguridad-en-el-sector-naval-ferrol-26-de-junio\/#primaryimage\"},\"thumbnailUrl\":\"https:\/\/galicia.ingenierosnavales.com\/wp-content\/uploads\/2024\/06\/1717744001098.jpeg\",\"articleSection\":[\"Eventos\",\"Formaci\u00f3n\"],\"inLanguage\":\"es\",\"potentialAction\":[{\"@type\":\"CommentAction\",\"name\":\"Comment\",\"target\":[\"https:\/\/galicia.ingenierosnavales.com\/index.php\/2024\/06\/10\/taller-de-ciberseguridad-en-el-sector-naval-ferrol-26-de-junio\/#respond\"]}]},{\"@type\":\"WebPage\",\"@id\":\"https:\/\/galicia.ingenierosnavales.com\/index.php\/2024\/06\/10\/taller-de-ciberseguridad-en-el-sector-naval-ferrol-26-de-junio\/\",\"url\":\"https:\/\/galicia.ingenierosnavales.com\/index.php\/2024\/06\/10\/taller-de-ciberseguridad-en-el-sector-naval-ferrol-26-de-junio\/\",\"name\":\"Taller de Ciberseguridad en el sector naval - Ferrol, 26 de junio - Delegaci\u00f3n del COIN en Galicia -\",\"isPartOf\":{\"@id\":\"https:\/\/galicia.ingenierosnavales.com\/#website\"},\"primaryImageOfPage\":{\"@id\":\"https:\/\/galicia.ingenierosnavales.com\/index.php\/2024\/06\/10\/taller-de-ciberseguridad-en-el-sector-naval-ferrol-26-de-junio\/#primaryimage\"},\"image\":{\"@id\":\"https:\/\/galicia.ingenierosnavales.com\/index.php\/2024\/06\/10\/taller-de-ciberseguridad-en-el-sector-naval-ferrol-26-de-junio\/#primaryimage\"},\"thumbnailUrl\":\"https:\/\/galicia.ingenierosnavales.com\/wp-content\/uploads\/2024\/06\/1717744001098.jpeg\",\"datePublished\":\"2024-06-10T07:10:42+00:00\",\"dateModified\":\"2024-06-10T07:11:29+00:00\",\"breadcrumb\":{\"@id\":\"https:\/\/galicia.ingenierosnavales.com\/index.php\/2024\/06\/10\/taller-de-ciberseguridad-en-el-sector-naval-ferrol-26-de-junio\/#breadcrumb\"},\"inLanguage\":\"es\",\"potentialAction\":[{\"@type\":\"ReadAction\",\"target\":[\"https:\/\/galicia.ingenierosnavales.com\/index.php\/2024\/06\/10\/taller-de-ciberseguridad-en-el-sector-naval-ferrol-26-de-junio\/\"]}]},{\"@type\":\"ImageObject\",\"inLanguage\":\"es\",\"@id\":\"https:\/\/galicia.ingenierosnavales.com\/index.php\/2024\/06\/10\/taller-de-ciberseguridad-en-el-sector-naval-ferrol-26-de-junio\/#primaryimage\",\"url\":\"https:\/\/galicia.ingenierosnavales.com\/wp-content\/uploads\/2024\/06\/1717744001098.jpeg\",\"contentUrl\":\"https:\/\/galicia.ingenierosnavales.com\/wp-content\/uploads\/2024\/06\/1717744001098.jpeg\",\"width\":1280,\"height\":1810},{\"@type\":\"BreadcrumbList\",\"@id\":\"https:\/\/galicia.ingenierosnavales.com\/index.php\/2024\/06\/10\/taller-de-ciberseguridad-en-el-sector-naval-ferrol-26-de-junio\/#breadcrumb\",\"itemListElement\":[{\"@type\":\"ListItem\",\"position\":1,\"name\":\"Home\",\"item\":\"https:\/\/galicia.ingenierosnavales.com\/\"},{\"@type\":\"ListItem\",\"position\":2,\"name\":\"Taller de Ciberseguridad en el sector naval &#8211; Ferrol, 26 de junio\"}]},{\"@type\":\"WebSite\",\"@id\":\"https:\/\/galicia.ingenierosnavales.com\/#website\",\"url\":\"https:\/\/galicia.ingenierosnavales.com\/\",\"name\":\"Delegaci\u00f3n del COIN en Galicia -\",\"description\":\"\",\"publisher\":{\"@id\":\"https:\/\/galicia.ingenierosnavales.com\/#organization\"},\"potentialAction\":[{\"@type\":\"SearchAction\",\"target\":{\"@type\":\"EntryPoint\",\"urlTemplate\":\"https:\/\/galicia.ingenierosnavales.com\/?s={search_term_string}\"},\"query-input\":{\"@type\":\"PropertyValueSpecification\",\"valueRequired\":true,\"valueName\":\"search_term_string\"}}],\"inLanguage\":\"es\"},{\"@type\":\"Organization\",\"@id\":\"https:\/\/galicia.ingenierosnavales.com\/#organization\",\"name\":\"Delegaci\u00f3n del COIN en Galicia -\",\"url\":\"https:\/\/galicia.ingenierosnavales.com\/\",\"logo\":{\"@type\":\"ImageObject\",\"inLanguage\":\"es\",\"@id\":\"https:\/\/galicia.ingenierosnavales.com\/#\/schema\/logo\/image\/\",\"url\":\"https:\/\/galicia.ingenierosnavales.com\/wp-content\/uploads\/2022\/03\/logo_2-1.png\",\"contentUrl\":\"https:\/\/galicia.ingenierosnavales.com\/wp-content\/uploads\/2022\/03\/logo_2-1.png\",\"width\":240,\"height\":94,\"caption\":\"Delegaci\u00f3n del COIN en Galicia - \"},\"image\":{\"@id\":\"https:\/\/galicia.ingenierosnavales.com\/#\/schema\/logo\/image\/\"}},{\"@type\":\"Person\",\"@id\":\"https:\/\/galicia.ingenierosnavales.com\/#\/schema\/person\/5b19750a916831d424f63e9271d4e51d\",\"name\":\"Delegaci\u00f3n Galicia\",\"image\":{\"@type\":\"ImageObject\",\"inLanguage\":\"es\",\"@id\":\"https:\/\/galicia.ingenierosnavales.com\/#\/schema\/person\/image\/\",\"url\":\"https:\/\/secure.gravatar.com\/avatar\/8ba9b1dd96c7effddd31fcf63bf8cc7f?s=96&d=mm&r=g\",\"contentUrl\":\"https:\/\/secure.gravatar.com\/avatar\/8ba9b1dd96c7effddd31fcf63bf8cc7f?s=96&d=mm&r=g\",\"caption\":\"Delegaci\u00f3n Galicia\"},\"url\":\"https:\/\/galicia.ingenierosnavales.com\/index.php\/author\/galicia\/\"}]}<\/script>\n<!-- \/ Yoast SEO plugin. -->","yoast_head_json":{"title":"Taller de Ciberseguridad en el sector naval - Ferrol, 26 de junio - Delegaci\u00f3n del COIN en Galicia -","robots":{"index":"index","follow":"follow","max-snippet":"max-snippet:-1","max-image-preview":"max-image-preview:large","max-video-preview":"max-video-preview:-1"},"canonical":"https:\/\/galicia.ingenierosnavales.com\/index.php\/2024\/06\/10\/taller-de-ciberseguridad-en-el-sector-naval-ferrol-26-de-junio\/","og_locale":"es_ES","og_type":"article","og_title":"Taller de Ciberseguridad en el sector naval - Ferrol, 26 de junio - Delegaci\u00f3n del COIN en Galicia -","og_description":"Desde ACLUNAGA, invitan a participar de la Jornada de Ciberseguridad en el Sector Naval que se celebrar\u00e1 en Ferrol el pr\u00f3ximo d\u00eda 26 de junio. Continuando con una serie de jornadas y talleres sobre&#46;&#46;&#46;","og_url":"https:\/\/galicia.ingenierosnavales.com\/index.php\/2024\/06\/10\/taller-de-ciberseguridad-en-el-sector-naval-ferrol-26-de-junio\/","og_site_name":"Delegaci\u00f3n del COIN en Galicia -","article_published_time":"2024-06-10T07:10:42+00:00","article_modified_time":"2024-06-10T07:11:29+00:00","og_image":[{"width":1280,"height":1810,"url":"https:\/\/galicia.ingenierosnavales.com\/wp-content\/uploads\/2024\/06\/1717744001098.jpeg","type":"image\/jpeg"}],"author":"Delegaci\u00f3n Galicia","twitter_card":"summary_large_image","twitter_misc":{"Escrito por":"Delegaci\u00f3n Galicia","Tiempo de lectura":"1 minuto"},"schema":{"@context":"https:\/\/schema.org","@graph":[{"@type":"Article","@id":"https:\/\/galicia.ingenierosnavales.com\/index.php\/2024\/06\/10\/taller-de-ciberseguridad-en-el-sector-naval-ferrol-26-de-junio\/#article","isPartOf":{"@id":"https:\/\/galicia.ingenierosnavales.com\/index.php\/2024\/06\/10\/taller-de-ciberseguridad-en-el-sector-naval-ferrol-26-de-junio\/"},"author":{"name":"Delegaci\u00f3n Galicia","@id":"https:\/\/galicia.ingenierosnavales.com\/#\/schema\/person\/5b19750a916831d424f63e9271d4e51d"},"headline":"Taller de Ciberseguridad en el sector naval &#8211; Ferrol, 26 de junio","datePublished":"2024-06-10T07:10:42+00:00","dateModified":"2024-06-10T07:11:29+00:00","mainEntityOfPage":{"@id":"https:\/\/galicia.ingenierosnavales.com\/index.php\/2024\/06\/10\/taller-de-ciberseguridad-en-el-sector-naval-ferrol-26-de-junio\/"},"wordCount":230,"commentCount":0,"publisher":{"@id":"https:\/\/galicia.ingenierosnavales.com\/#organization"},"image":{"@id":"https:\/\/galicia.ingenierosnavales.com\/index.php\/2024\/06\/10\/taller-de-ciberseguridad-en-el-sector-naval-ferrol-26-de-junio\/#primaryimage"},"thumbnailUrl":"https:\/\/galicia.ingenierosnavales.com\/wp-content\/uploads\/2024\/06\/1717744001098.jpeg","articleSection":["Eventos","Formaci\u00f3n"],"inLanguage":"es","potentialAction":[{"@type":"CommentAction","name":"Comment","target":["https:\/\/galicia.ingenierosnavales.com\/index.php\/2024\/06\/10\/taller-de-ciberseguridad-en-el-sector-naval-ferrol-26-de-junio\/#respond"]}]},{"@type":"WebPage","@id":"https:\/\/galicia.ingenierosnavales.com\/index.php\/2024\/06\/10\/taller-de-ciberseguridad-en-el-sector-naval-ferrol-26-de-junio\/","url":"https:\/\/galicia.ingenierosnavales.com\/index.php\/2024\/06\/10\/taller-de-ciberseguridad-en-el-sector-naval-ferrol-26-de-junio\/","name":"Taller de Ciberseguridad en el sector naval - Ferrol, 26 de junio - Delegaci\u00f3n del COIN en Galicia -","isPartOf":{"@id":"https:\/\/galicia.ingenierosnavales.com\/#website"},"primaryImageOfPage":{"@id":"https:\/\/galicia.ingenierosnavales.com\/index.php\/2024\/06\/10\/taller-de-ciberseguridad-en-el-sector-naval-ferrol-26-de-junio\/#primaryimage"},"image":{"@id":"https:\/\/galicia.ingenierosnavales.com\/index.php\/2024\/06\/10\/taller-de-ciberseguridad-en-el-sector-naval-ferrol-26-de-junio\/#primaryimage"},"thumbnailUrl":"https:\/\/galicia.ingenierosnavales.com\/wp-content\/uploads\/2024\/06\/1717744001098.jpeg","datePublished":"2024-06-10T07:10:42+00:00","dateModified":"2024-06-10T07:11:29+00:00","breadcrumb":{"@id":"https:\/\/galicia.ingenierosnavales.com\/index.php\/2024\/06\/10\/taller-de-ciberseguridad-en-el-sector-naval-ferrol-26-de-junio\/#breadcrumb"},"inLanguage":"es","potentialAction":[{"@type":"ReadAction","target":["https:\/\/galicia.ingenierosnavales.com\/index.php\/2024\/06\/10\/taller-de-ciberseguridad-en-el-sector-naval-ferrol-26-de-junio\/"]}]},{"@type":"ImageObject","inLanguage":"es","@id":"https:\/\/galicia.ingenierosnavales.com\/index.php\/2024\/06\/10\/taller-de-ciberseguridad-en-el-sector-naval-ferrol-26-de-junio\/#primaryimage","url":"https:\/\/galicia.ingenierosnavales.com\/wp-content\/uploads\/2024\/06\/1717744001098.jpeg","contentUrl":"https:\/\/galicia.ingenierosnavales.com\/wp-content\/uploads\/2024\/06\/1717744001098.jpeg","width":1280,"height":1810},{"@type":"BreadcrumbList","@id":"https:\/\/galicia.ingenierosnavales.com\/index.php\/2024\/06\/10\/taller-de-ciberseguridad-en-el-sector-naval-ferrol-26-de-junio\/#breadcrumb","itemListElement":[{"@type":"ListItem","position":1,"name":"Home","item":"https:\/\/galicia.ingenierosnavales.com\/"},{"@type":"ListItem","position":2,"name":"Taller de Ciberseguridad en el sector naval &#8211; Ferrol, 26 de junio"}]},{"@type":"WebSite","@id":"https:\/\/galicia.ingenierosnavales.com\/#website","url":"https:\/\/galicia.ingenierosnavales.com\/","name":"Delegaci\u00f3n del COIN en Galicia -","description":"","publisher":{"@id":"https:\/\/galicia.ingenierosnavales.com\/#organization"},"potentialAction":[{"@type":"SearchAction","target":{"@type":"EntryPoint","urlTemplate":"https:\/\/galicia.ingenierosnavales.com\/?s={search_term_string}"},"query-input":{"@type":"PropertyValueSpecification","valueRequired":true,"valueName":"search_term_string"}}],"inLanguage":"es"},{"@type":"Organization","@id":"https:\/\/galicia.ingenierosnavales.com\/#organization","name":"Delegaci\u00f3n del COIN en Galicia -","url":"https:\/\/galicia.ingenierosnavales.com\/","logo":{"@type":"ImageObject","inLanguage":"es","@id":"https:\/\/galicia.ingenierosnavales.com\/#\/schema\/logo\/image\/","url":"https:\/\/galicia.ingenierosnavales.com\/wp-content\/uploads\/2022\/03\/logo_2-1.png","contentUrl":"https:\/\/galicia.ingenierosnavales.com\/wp-content\/uploads\/2022\/03\/logo_2-1.png","width":240,"height":94,"caption":"Delegaci\u00f3n del COIN en Galicia - "},"image":{"@id":"https:\/\/galicia.ingenierosnavales.com\/#\/schema\/logo\/image\/"}},{"@type":"Person","@id":"https:\/\/galicia.ingenierosnavales.com\/#\/schema\/person\/5b19750a916831d424f63e9271d4e51d","name":"Delegaci\u00f3n Galicia","image":{"@type":"ImageObject","inLanguage":"es","@id":"https:\/\/galicia.ingenierosnavales.com\/#\/schema\/person\/image\/","url":"https:\/\/secure.gravatar.com\/avatar\/8ba9b1dd96c7effddd31fcf63bf8cc7f?s=96&d=mm&r=g","contentUrl":"https:\/\/secure.gravatar.com\/avatar\/8ba9b1dd96c7effddd31fcf63bf8cc7f?s=96&d=mm&r=g","caption":"Delegaci\u00f3n Galicia"},"url":"https:\/\/galicia.ingenierosnavales.com\/index.php\/author\/galicia\/"}]}},"_links":{"self":[{"href":"https:\/\/galicia.ingenierosnavales.com\/index.php\/wp-json\/wp\/v2\/posts\/7049","targetHints":{"allow":["GET"]}}],"collection":[{"href":"https:\/\/galicia.ingenierosnavales.com\/index.php\/wp-json\/wp\/v2\/posts"}],"about":[{"href":"https:\/\/galicia.ingenierosnavales.com\/index.php\/wp-json\/wp\/v2\/types\/post"}],"author":[{"embeddable":true,"href":"https:\/\/galicia.ingenierosnavales.com\/index.php\/wp-json\/wp\/v2\/users\/2"}],"replies":[{"embeddable":true,"href":"https:\/\/galicia.ingenierosnavales.com\/index.php\/wp-json\/wp\/v2\/comments?post=7049"}],"version-history":[{"count":2,"href":"https:\/\/galicia.ingenierosnavales.com\/index.php\/wp-json\/wp\/v2\/posts\/7049\/revisions"}],"predecessor-version":[{"id":7053,"href":"https:\/\/galicia.ingenierosnavales.com\/index.php\/wp-json\/wp\/v2\/posts\/7049\/revisions\/7053"}],"wp:featuredmedia":[{"embeddable":true,"href":"https:\/\/galicia.ingenierosnavales.com\/index.php\/wp-json\/wp\/v2\/media\/7050"}],"wp:attachment":[{"href":"https:\/\/galicia.ingenierosnavales.com\/index.php\/wp-json\/wp\/v2\/media?parent=7049"}],"wp:term":[{"taxonomy":"category","embeddable":true,"href":"https:\/\/galicia.ingenierosnavales.com\/index.php\/wp-json\/wp\/v2\/categories?post=7049"},{"taxonomy":"post_tag","embeddable":true,"href":"https:\/\/galicia.ingenierosnavales.com\/index.php\/wp-json\/wp\/v2\/tags?post=7049"}],"curies":[{"name":"wp","href":"https:\/\/api.w.org\/{rel}","templated":true}]}}