{"id":7014,"date":"2024-06-03T07:53:17","date_gmt":"2024-06-03T07:53:17","guid":{"rendered":"https:\/\/galicia.ingenierosnavales.com\/?p=7014"},"modified":"2024-06-06T12:42:17","modified_gmt":"2024-06-06T12:42:17","slug":"jornada-tecnica-sobre-buques-oceanograficos-innovacion-tecnologia-y-tendencias-20-de-junio-vigo","status":"publish","type":"post","link":"https:\/\/galicia.ingenierosnavales.com\/index.php\/2024\/06\/03\/jornada-tecnica-sobre-buques-oceanograficos-innovacion-tecnologia-y-tendencias-20-de-junio-vigo\/","title":{"rendered":"Jornada T\u00e9cnica sobre \u00abBuques oceanogr\u00e1ficos: innovaci\u00f3n, tecnolog\u00eda y tendencias\u00bb, 20 de junio, Vigo"},"content":{"rendered":"<p><a href=\"https:\/\/galicia.ingenierosnavales.com\/wp-content\/uploads\/2024\/06\/PROGRAMA-Jornada-Buques-Oceanograficos-1-1.pdf\"><img loading=\"lazy\" decoding=\"async\" class=\"aligncenter wp-image-7015 size-large\" src=\"https:\/\/galicia.ingenierosnavales.com\/wp-content\/uploads\/2024\/06\/JORNADA-OCEANOGRAFICOS-1024x614.jpg\" alt=\"\" width=\"1024\" height=\"614\" srcset=\"https:\/\/galicia.ingenierosnavales.com\/wp-content\/uploads\/2024\/06\/JORNADA-OCEANOGRAFICOS-1024x614.jpg 1024w, https:\/\/galicia.ingenierosnavales.com\/wp-content\/uploads\/2024\/06\/JORNADA-OCEANOGRAFICOS-300x180.jpg 300w, https:\/\/galicia.ingenierosnavales.com\/wp-content\/uploads\/2024\/06\/JORNADA-OCEANOGRAFICOS-768x461.jpg 768w, https:\/\/galicia.ingenierosnavales.com\/wp-content\/uploads\/2024\/06\/JORNADA-OCEANOGRAFICOS-1536x922.jpg 1536w, https:\/\/galicia.ingenierosnavales.com\/wp-content\/uploads\/2024\/06\/JORNADA-OCEANOGRAFICOS.jpg 1800w\" sizes=\"auto, (max-width: 1024px) 100vw, 1024px\" \/><\/a><\/p>\n<p>&nbsp;<\/p>\n<p>El pr\u00f3ximo<strong> 20 de junio<\/strong>, se ha organizado una jornada t\u00e9cnica sobre <strong>\u00abBuques oceanogr\u00e1ficos: innovaci\u00f3n, tecnolog\u00eda y tendencias<\/strong>\u00ab, que tendr\u00e1 lugar en el C\u00edrculo de Empresarios de Galicia (Avda. Garc\u00eda Barb\u00f3n, 62, Vigo), de 09:00 h. a 14:00 h., que se podr\u00e1 seguir por streaming. Posteriormente, de 16:00-18:00 h. la jornada se trasladar\u00e1 a bordo del Buque Od\u00f3n de Buen y no se retrasmitir\u00e1 por streaming.<\/p>\n<p>Nuestro Decano Territorial en Galicia del COIN\/AINE Jorge Dahl, acompa\u00f1ado de Pablo Carrera, coordinador de flota del Instituto Espa\u00f1ol de Oceanograf\u00eda, dar\u00e1n la bienvenida a todos los asistentes, para luego dar paso a tres mesas redondas, en las que ponentes de primer nivel, nos pondr\u00e1n al d\u00eda de lo \u00faltimo en oceanogr\u00e1ficos.<\/p>\n<p>La clausura de esta jornada, contar\u00e1 con el Ilmo. Sr. Alcalde de Vigo D. Abel Caballero y una visita al buque Od\u00f3n de Buen.<\/p>\n<p><strong>Desde hoy puedes inscribirte hasta el 14 de junio<\/strong> en el\u00a0<a href=\"https:\/\/docs.google.com\/forms\/d\/1AIUYeMHE3dqQXmBImmpQ1a2f91LpoXS85pvBg3GyuJI\/edit\">FORMULARIO DE INSCRIPCI\u00d3N<\/a><\/p>\n<p><a href=\"https:\/\/galicia.ingenierosnavales.com\/wp-content\/uploads\/2024\/06\/PROGRAMA-Jornada-Buques-Oceanograficos-1-1.pdf\"><img loading=\"lazy\" decoding=\"async\" class=\"aligncenter wp-image-7036 size-large\" src=\"https:\/\/galicia.ingenierosnavales.com\/wp-content\/uploads\/2024\/06\/PROGRAMA-2-OCEANOGRAFICOS-1-724x1024.png\" alt=\"\" width=\"724\" height=\"1024\" srcset=\"https:\/\/galicia.ingenierosnavales.com\/wp-content\/uploads\/2024\/06\/PROGRAMA-2-OCEANOGRAFICOS-1-724x1024.png 724w, https:\/\/galicia.ingenierosnavales.com\/wp-content\/uploads\/2024\/06\/PROGRAMA-2-OCEANOGRAFICOS-1-212x300.png 212w, https:\/\/galicia.ingenierosnavales.com\/wp-content\/uploads\/2024\/06\/PROGRAMA-2-OCEANOGRAFICOS-1-768x1086.png 768w, https:\/\/galicia.ingenierosnavales.com\/wp-content\/uploads\/2024\/06\/PROGRAMA-2-OCEANOGRAFICOS-1-1086x1536.png 1086w, https:\/\/galicia.ingenierosnavales.com\/wp-content\/uploads\/2024\/06\/PROGRAMA-2-OCEANOGRAFICOS-1-1448x2048.png 1448w, https:\/\/galicia.ingenierosnavales.com\/wp-content\/uploads\/2024\/06\/PROGRAMA-2-OCEANOGRAFICOS-1.png 1587w\" sizes=\"auto, (max-width: 724px) 100vw, 724px\" \/><\/a><\/p>\n<p><a href=\"https:\/\/galicia.ingenierosnavales.com\/wp-content\/uploads\/2024\/06\/PROGRAMA-Jornada-Buques-Oceanograficos-1-1.pdf\"><img loading=\"lazy\" decoding=\"async\" class=\"aligncenter wp-image-7033 size-large\" src=\"https:\/\/galicia.ingenierosnavales.com\/wp-content\/uploads\/2024\/06\/PROGRAMA-3-OCEANOGRAFICOS-724x1024.png\" alt=\"\" width=\"724\" height=\"1024\" srcset=\"https:\/\/galicia.ingenierosnavales.com\/wp-content\/uploads\/2024\/06\/PROGRAMA-3-OCEANOGRAFICOS-724x1024.png 724w, https:\/\/galicia.ingenierosnavales.com\/wp-content\/uploads\/2024\/06\/PROGRAMA-3-OCEANOGRAFICOS-212x300.png 212w, https:\/\/galicia.ingenierosnavales.com\/wp-content\/uploads\/2024\/06\/PROGRAMA-3-OCEANOGRAFICOS-768x1086.png 768w, https:\/\/galicia.ingenierosnavales.com\/wp-content\/uploads\/2024\/06\/PROGRAMA-3-OCEANOGRAFICOS-1086x1536.png 1086w, https:\/\/galicia.ingenierosnavales.com\/wp-content\/uploads\/2024\/06\/PROGRAMA-3-OCEANOGRAFICOS-1448x2048.png 1448w, https:\/\/galicia.ingenierosnavales.com\/wp-content\/uploads\/2024\/06\/PROGRAMA-3-OCEANOGRAFICOS.png 1587w\" sizes=\"auto, (max-width: 724px) 100vw, 724px\" \/><\/a><\/p>\n<p style=\"text-align: center;\"><a href=\"https:\/\/galicia.ingenierosnavales.com\/wp-content\/uploads\/2024\/06\/PROGRAMA-Jornada-Buques-Oceanograficos-1-1.pdf\">PROGRAMA Jornada Buques Oceanogr\u00e1ficos (1)<\/a><\/p>\n<p>&nbsp;<\/p>\n<p>&nbsp;<\/p>\n","protected":false},"excerpt":{"rendered":"<p>&nbsp; El pr\u00f3ximo 20 de junio, se ha organizado una jornada t\u00e9cnica sobre \u00abBuques oceanogr\u00e1ficos: innovaci\u00f3n, tecnolog\u00eda y tendencias\u00ab, que tendr\u00e1 lugar en el C\u00edrculo de Empresarios de Galicia (Avda. Garc\u00eda Barb\u00f3n, 62, Vigo),&#46;&#46;&#46;<\/p>\n","protected":false},"author":2,"featured_media":7015,"comment_status":"open","ping_status":"open","sticky":false,"template":"","format":"standard","meta":{"om_disable_all_campaigns":false,"_monsterinsights_skip_tracking":false,"_monsterinsights_sitenote_active":false,"_monsterinsights_sitenote_note":"","_monsterinsights_sitenote_category":0,"_uf_show_specific_survey":0,"_uf_disable_surveys":false,"footnotes":""},"categories":[1],"tags":[],"class_list":["post-7014","post","type-post","status-publish","format-standard","has-post-thumbnail","hentry","category-eventos"],"aioseo_notices":[],"yoast_head":"<!-- This site is optimized with the Yoast SEO plugin v24.0 - https:\/\/yoast.com\/wordpress\/plugins\/seo\/ -->\n<title>Jornada T\u00e9cnica sobre &quot;Buques oceanogr\u00e1ficos: innovaci\u00f3n, tecnolog\u00eda y tendencias&quot;, 20 de junio, Vigo - Delegaci\u00f3n del COIN en Galicia -<\/title>\n<meta name=\"robots\" content=\"index, follow, max-snippet:-1, max-image-preview:large, max-video-preview:-1\" \/>\n<link rel=\"canonical\" href=\"https:\/\/galicia.ingenierosnavales.com\/index.php\/2024\/06\/03\/jornada-tecnica-sobre-buques-oceanograficos-innovacion-tecnologia-y-tendencias-20-de-junio-vigo\/\" \/>\n<meta property=\"og:locale\" content=\"es_ES\" \/>\n<meta property=\"og:type\" content=\"article\" \/>\n<meta property=\"og:title\" content=\"Jornada T\u00e9cnica sobre &quot;Buques oceanogr\u00e1ficos: innovaci\u00f3n, tecnolog\u00eda y tendencias&quot;, 20 de junio, Vigo - Delegaci\u00f3n del COIN en Galicia -\" \/>\n<meta property=\"og:description\" content=\"&nbsp; El pr\u00f3ximo 20 de junio, se ha organizado una jornada t\u00e9cnica sobre \u00abBuques oceanogr\u00e1ficos: innovaci\u00f3n, tecnolog\u00eda y tendencias\u00ab, que tendr\u00e1 lugar en el C\u00edrculo de Empresarios de Galicia (Avda. Garc\u00eda Barb\u00f3n, 62, Vigo),&#046;&#046;&#046;\" \/>\n<meta property=\"og:url\" content=\"https:\/\/galicia.ingenierosnavales.com\/index.php\/2024\/06\/03\/jornada-tecnica-sobre-buques-oceanograficos-innovacion-tecnologia-y-tendencias-20-de-junio-vigo\/\" \/>\n<meta property=\"og:site_name\" content=\"Delegaci\u00f3n del COIN en Galicia -\" \/>\n<meta property=\"article:published_time\" content=\"2024-06-03T07:53:17+00:00\" \/>\n<meta property=\"article:modified_time\" content=\"2024-06-06T12:42:17+00:00\" \/>\n<meta property=\"og:image\" content=\"https:\/\/galicia.ingenierosnavales.com\/wp-content\/uploads\/2024\/06\/JORNADA-OCEANOGRAFICOS.jpg\" \/>\n\t<meta property=\"og:image:width\" content=\"1800\" \/>\n\t<meta property=\"og:image:height\" content=\"1080\" \/>\n\t<meta property=\"og:image:type\" content=\"image\/jpeg\" \/>\n<meta name=\"author\" content=\"Delegaci\u00f3n Galicia\" \/>\n<meta name=\"twitter:card\" content=\"summary_large_image\" \/>\n<meta name=\"twitter:label1\" content=\"Escrito por\" \/>\n\t<meta name=\"twitter:data1\" content=\"Delegaci\u00f3n Galicia\" \/>\n\t<meta name=\"twitter:label2\" content=\"Tiempo de lectura\" \/>\n\t<meta name=\"twitter:data2\" content=\"1 minuto\" \/>\n<script type=\"application\/ld+json\" class=\"yoast-schema-graph\">{\"@context\":\"https:\/\/schema.org\",\"@graph\":[{\"@type\":\"Article\",\"@id\":\"https:\/\/galicia.ingenierosnavales.com\/index.php\/2024\/06\/03\/jornada-tecnica-sobre-buques-oceanograficos-innovacion-tecnologia-y-tendencias-20-de-junio-vigo\/#article\",\"isPartOf\":{\"@id\":\"https:\/\/galicia.ingenierosnavales.com\/index.php\/2024\/06\/03\/jornada-tecnica-sobre-buques-oceanograficos-innovacion-tecnologia-y-tendencias-20-de-junio-vigo\/\"},\"author\":{\"name\":\"Delegaci\u00f3n Galicia\",\"@id\":\"https:\/\/galicia.ingenierosnavales.com\/#\/schema\/person\/5b19750a916831d424f63e9271d4e51d\"},\"headline\":\"Jornada T\u00e9cnica sobre \u00abBuques oceanogr\u00e1ficos: innovaci\u00f3n, tecnolog\u00eda y tendencias\u00bb, 20 de junio, Vigo\",\"datePublished\":\"2024-06-03T07:53:17+00:00\",\"dateModified\":\"2024-06-06T12:42:17+00:00\",\"mainEntityOfPage\":{\"@id\":\"https:\/\/galicia.ingenierosnavales.com\/index.php\/2024\/06\/03\/jornada-tecnica-sobre-buques-oceanograficos-innovacion-tecnologia-y-tendencias-20-de-junio-vigo\/\"},\"wordCount\":194,\"commentCount\":0,\"publisher\":{\"@id\":\"https:\/\/galicia.ingenierosnavales.com\/#organization\"},\"image\":{\"@id\":\"https:\/\/galicia.ingenierosnavales.com\/index.php\/2024\/06\/03\/jornada-tecnica-sobre-buques-oceanograficos-innovacion-tecnologia-y-tendencias-20-de-junio-vigo\/#primaryimage\"},\"thumbnailUrl\":\"https:\/\/galicia.ingenierosnavales.com\/wp-content\/uploads\/2024\/06\/JORNADA-OCEANOGRAFICOS.jpg\",\"articleSection\":[\"Eventos\"],\"inLanguage\":\"es\",\"potentialAction\":[{\"@type\":\"CommentAction\",\"name\":\"Comment\",\"target\":[\"https:\/\/galicia.ingenierosnavales.com\/index.php\/2024\/06\/03\/jornada-tecnica-sobre-buques-oceanograficos-innovacion-tecnologia-y-tendencias-20-de-junio-vigo\/#respond\"]}]},{\"@type\":\"WebPage\",\"@id\":\"https:\/\/galicia.ingenierosnavales.com\/index.php\/2024\/06\/03\/jornada-tecnica-sobre-buques-oceanograficos-innovacion-tecnologia-y-tendencias-20-de-junio-vigo\/\",\"url\":\"https:\/\/galicia.ingenierosnavales.com\/index.php\/2024\/06\/03\/jornada-tecnica-sobre-buques-oceanograficos-innovacion-tecnologia-y-tendencias-20-de-junio-vigo\/\",\"name\":\"Jornada T\u00e9cnica sobre \\\"Buques oceanogr\u00e1ficos: innovaci\u00f3n, tecnolog\u00eda y tendencias\\\", 20 de junio, Vigo - Delegaci\u00f3n del COIN en Galicia -\",\"isPartOf\":{\"@id\":\"https:\/\/galicia.ingenierosnavales.com\/#website\"},\"primaryImageOfPage\":{\"@id\":\"https:\/\/galicia.ingenierosnavales.com\/index.php\/2024\/06\/03\/jornada-tecnica-sobre-buques-oceanograficos-innovacion-tecnologia-y-tendencias-20-de-junio-vigo\/#primaryimage\"},\"image\":{\"@id\":\"https:\/\/galicia.ingenierosnavales.com\/index.php\/2024\/06\/03\/jornada-tecnica-sobre-buques-oceanograficos-innovacion-tecnologia-y-tendencias-20-de-junio-vigo\/#primaryimage\"},\"thumbnailUrl\":\"https:\/\/galicia.ingenierosnavales.com\/wp-content\/uploads\/2024\/06\/JORNADA-OCEANOGRAFICOS.jpg\",\"datePublished\":\"2024-06-03T07:53:17+00:00\",\"dateModified\":\"2024-06-06T12:42:17+00:00\",\"breadcrumb\":{\"@id\":\"https:\/\/galicia.ingenierosnavales.com\/index.php\/2024\/06\/03\/jornada-tecnica-sobre-buques-oceanograficos-innovacion-tecnologia-y-tendencias-20-de-junio-vigo\/#breadcrumb\"},\"inLanguage\":\"es\",\"potentialAction\":[{\"@type\":\"ReadAction\",\"target\":[\"https:\/\/galicia.ingenierosnavales.com\/index.php\/2024\/06\/03\/jornada-tecnica-sobre-buques-oceanograficos-innovacion-tecnologia-y-tendencias-20-de-junio-vigo\/\"]}]},{\"@type\":\"ImageObject\",\"inLanguage\":\"es\",\"@id\":\"https:\/\/galicia.ingenierosnavales.com\/index.php\/2024\/06\/03\/jornada-tecnica-sobre-buques-oceanograficos-innovacion-tecnologia-y-tendencias-20-de-junio-vigo\/#primaryimage\",\"url\":\"https:\/\/galicia.ingenierosnavales.com\/wp-content\/uploads\/2024\/06\/JORNADA-OCEANOGRAFICOS.jpg\",\"contentUrl\":\"https:\/\/galicia.ingenierosnavales.com\/wp-content\/uploads\/2024\/06\/JORNADA-OCEANOGRAFICOS.jpg\",\"width\":1800,\"height\":1080},{\"@type\":\"BreadcrumbList\",\"@id\":\"https:\/\/galicia.ingenierosnavales.com\/index.php\/2024\/06\/03\/jornada-tecnica-sobre-buques-oceanograficos-innovacion-tecnologia-y-tendencias-20-de-junio-vigo\/#breadcrumb\",\"itemListElement\":[{\"@type\":\"ListItem\",\"position\":1,\"name\":\"Home\",\"item\":\"https:\/\/galicia.ingenierosnavales.com\/\"},{\"@type\":\"ListItem\",\"position\":2,\"name\":\"Jornada T\u00e9cnica sobre \u00abBuques oceanogr\u00e1ficos: innovaci\u00f3n, tecnolog\u00eda y tendencias\u00bb, 20 de junio, Vigo\"}]},{\"@type\":\"WebSite\",\"@id\":\"https:\/\/galicia.ingenierosnavales.com\/#website\",\"url\":\"https:\/\/galicia.ingenierosnavales.com\/\",\"name\":\"Delegaci\u00f3n del COIN en Galicia -\",\"description\":\"\",\"publisher\":{\"@id\":\"https:\/\/galicia.ingenierosnavales.com\/#organization\"},\"potentialAction\":[{\"@type\":\"SearchAction\",\"target\":{\"@type\":\"EntryPoint\",\"urlTemplate\":\"https:\/\/galicia.ingenierosnavales.com\/?s={search_term_string}\"},\"query-input\":{\"@type\":\"PropertyValueSpecification\",\"valueRequired\":true,\"valueName\":\"search_term_string\"}}],\"inLanguage\":\"es\"},{\"@type\":\"Organization\",\"@id\":\"https:\/\/galicia.ingenierosnavales.com\/#organization\",\"name\":\"Delegaci\u00f3n del COIN en Galicia -\",\"url\":\"https:\/\/galicia.ingenierosnavales.com\/\",\"logo\":{\"@type\":\"ImageObject\",\"inLanguage\":\"es\",\"@id\":\"https:\/\/galicia.ingenierosnavales.com\/#\/schema\/logo\/image\/\",\"url\":\"https:\/\/galicia.ingenierosnavales.com\/wp-content\/uploads\/2022\/03\/logo_2-1.png\",\"contentUrl\":\"https:\/\/galicia.ingenierosnavales.com\/wp-content\/uploads\/2022\/03\/logo_2-1.png\",\"width\":240,\"height\":94,\"caption\":\"Delegaci\u00f3n del COIN en Galicia - \"},\"image\":{\"@id\":\"https:\/\/galicia.ingenierosnavales.com\/#\/schema\/logo\/image\/\"}},{\"@type\":\"Person\",\"@id\":\"https:\/\/galicia.ingenierosnavales.com\/#\/schema\/person\/5b19750a916831d424f63e9271d4e51d\",\"name\":\"Delegaci\u00f3n Galicia\",\"image\":{\"@type\":\"ImageObject\",\"inLanguage\":\"es\",\"@id\":\"https:\/\/galicia.ingenierosnavales.com\/#\/schema\/person\/image\/\",\"url\":\"https:\/\/secure.gravatar.com\/avatar\/8ba9b1dd96c7effddd31fcf63bf8cc7f?s=96&d=mm&r=g\",\"contentUrl\":\"https:\/\/secure.gravatar.com\/avatar\/8ba9b1dd96c7effddd31fcf63bf8cc7f?s=96&d=mm&r=g\",\"caption\":\"Delegaci\u00f3n Galicia\"},\"url\":\"https:\/\/galicia.ingenierosnavales.com\/index.php\/author\/galicia\/\"}]}<\/script>\n<!-- \/ Yoast SEO plugin. -->","yoast_head_json":{"title":"Jornada T\u00e9cnica sobre \"Buques oceanogr\u00e1ficos: innovaci\u00f3n, tecnolog\u00eda y tendencias\", 20 de junio, Vigo - Delegaci\u00f3n del COIN en Galicia -","robots":{"index":"index","follow":"follow","max-snippet":"max-snippet:-1","max-image-preview":"max-image-preview:large","max-video-preview":"max-video-preview:-1"},"canonical":"https:\/\/galicia.ingenierosnavales.com\/index.php\/2024\/06\/03\/jornada-tecnica-sobre-buques-oceanograficos-innovacion-tecnologia-y-tendencias-20-de-junio-vigo\/","og_locale":"es_ES","og_type":"article","og_title":"Jornada T\u00e9cnica sobre \"Buques oceanogr\u00e1ficos: innovaci\u00f3n, tecnolog\u00eda y tendencias\", 20 de junio, Vigo - Delegaci\u00f3n del COIN en Galicia -","og_description":"&nbsp; El pr\u00f3ximo 20 de junio, se ha organizado una jornada t\u00e9cnica sobre \u00abBuques oceanogr\u00e1ficos: innovaci\u00f3n, tecnolog\u00eda y tendencias\u00ab, que tendr\u00e1 lugar en el C\u00edrculo de Empresarios de Galicia (Avda. Garc\u00eda Barb\u00f3n, 62, Vigo),&#46;&#46;&#46;","og_url":"https:\/\/galicia.ingenierosnavales.com\/index.php\/2024\/06\/03\/jornada-tecnica-sobre-buques-oceanograficos-innovacion-tecnologia-y-tendencias-20-de-junio-vigo\/","og_site_name":"Delegaci\u00f3n del COIN en Galicia -","article_published_time":"2024-06-03T07:53:17+00:00","article_modified_time":"2024-06-06T12:42:17+00:00","og_image":[{"width":1800,"height":1080,"url":"https:\/\/galicia.ingenierosnavales.com\/wp-content\/uploads\/2024\/06\/JORNADA-OCEANOGRAFICOS.jpg","type":"image\/jpeg"}],"author":"Delegaci\u00f3n Galicia","twitter_card":"summary_large_image","twitter_misc":{"Escrito por":"Delegaci\u00f3n Galicia","Tiempo de lectura":"1 minuto"},"schema":{"@context":"https:\/\/schema.org","@graph":[{"@type":"Article","@id":"https:\/\/galicia.ingenierosnavales.com\/index.php\/2024\/06\/03\/jornada-tecnica-sobre-buques-oceanograficos-innovacion-tecnologia-y-tendencias-20-de-junio-vigo\/#article","isPartOf":{"@id":"https:\/\/galicia.ingenierosnavales.com\/index.php\/2024\/06\/03\/jornada-tecnica-sobre-buques-oceanograficos-innovacion-tecnologia-y-tendencias-20-de-junio-vigo\/"},"author":{"name":"Delegaci\u00f3n Galicia","@id":"https:\/\/galicia.ingenierosnavales.com\/#\/schema\/person\/5b19750a916831d424f63e9271d4e51d"},"headline":"Jornada T\u00e9cnica sobre \u00abBuques oceanogr\u00e1ficos: innovaci\u00f3n, tecnolog\u00eda y tendencias\u00bb, 20 de junio, Vigo","datePublished":"2024-06-03T07:53:17+00:00","dateModified":"2024-06-06T12:42:17+00:00","mainEntityOfPage":{"@id":"https:\/\/galicia.ingenierosnavales.com\/index.php\/2024\/06\/03\/jornada-tecnica-sobre-buques-oceanograficos-innovacion-tecnologia-y-tendencias-20-de-junio-vigo\/"},"wordCount":194,"commentCount":0,"publisher":{"@id":"https:\/\/galicia.ingenierosnavales.com\/#organization"},"image":{"@id":"https:\/\/galicia.ingenierosnavales.com\/index.php\/2024\/06\/03\/jornada-tecnica-sobre-buques-oceanograficos-innovacion-tecnologia-y-tendencias-20-de-junio-vigo\/#primaryimage"},"thumbnailUrl":"https:\/\/galicia.ingenierosnavales.com\/wp-content\/uploads\/2024\/06\/JORNADA-OCEANOGRAFICOS.jpg","articleSection":["Eventos"],"inLanguage":"es","potentialAction":[{"@type":"CommentAction","name":"Comment","target":["https:\/\/galicia.ingenierosnavales.com\/index.php\/2024\/06\/03\/jornada-tecnica-sobre-buques-oceanograficos-innovacion-tecnologia-y-tendencias-20-de-junio-vigo\/#respond"]}]},{"@type":"WebPage","@id":"https:\/\/galicia.ingenierosnavales.com\/index.php\/2024\/06\/03\/jornada-tecnica-sobre-buques-oceanograficos-innovacion-tecnologia-y-tendencias-20-de-junio-vigo\/","url":"https:\/\/galicia.ingenierosnavales.com\/index.php\/2024\/06\/03\/jornada-tecnica-sobre-buques-oceanograficos-innovacion-tecnologia-y-tendencias-20-de-junio-vigo\/","name":"Jornada T\u00e9cnica sobre \"Buques oceanogr\u00e1ficos: innovaci\u00f3n, tecnolog\u00eda y tendencias\", 20 de junio, Vigo - Delegaci\u00f3n del COIN en Galicia -","isPartOf":{"@id":"https:\/\/galicia.ingenierosnavales.com\/#website"},"primaryImageOfPage":{"@id":"https:\/\/galicia.ingenierosnavales.com\/index.php\/2024\/06\/03\/jornada-tecnica-sobre-buques-oceanograficos-innovacion-tecnologia-y-tendencias-20-de-junio-vigo\/#primaryimage"},"image":{"@id":"https:\/\/galicia.ingenierosnavales.com\/index.php\/2024\/06\/03\/jornada-tecnica-sobre-buques-oceanograficos-innovacion-tecnologia-y-tendencias-20-de-junio-vigo\/#primaryimage"},"thumbnailUrl":"https:\/\/galicia.ingenierosnavales.com\/wp-content\/uploads\/2024\/06\/JORNADA-OCEANOGRAFICOS.jpg","datePublished":"2024-06-03T07:53:17+00:00","dateModified":"2024-06-06T12:42:17+00:00","breadcrumb":{"@id":"https:\/\/galicia.ingenierosnavales.com\/index.php\/2024\/06\/03\/jornada-tecnica-sobre-buques-oceanograficos-innovacion-tecnologia-y-tendencias-20-de-junio-vigo\/#breadcrumb"},"inLanguage":"es","potentialAction":[{"@type":"ReadAction","target":["https:\/\/galicia.ingenierosnavales.com\/index.php\/2024\/06\/03\/jornada-tecnica-sobre-buques-oceanograficos-innovacion-tecnologia-y-tendencias-20-de-junio-vigo\/"]}]},{"@type":"ImageObject","inLanguage":"es","@id":"https:\/\/galicia.ingenierosnavales.com\/index.php\/2024\/06\/03\/jornada-tecnica-sobre-buques-oceanograficos-innovacion-tecnologia-y-tendencias-20-de-junio-vigo\/#primaryimage","url":"https:\/\/galicia.ingenierosnavales.com\/wp-content\/uploads\/2024\/06\/JORNADA-OCEANOGRAFICOS.jpg","contentUrl":"https:\/\/galicia.ingenierosnavales.com\/wp-content\/uploads\/2024\/06\/JORNADA-OCEANOGRAFICOS.jpg","width":1800,"height":1080},{"@type":"BreadcrumbList","@id":"https:\/\/galicia.ingenierosnavales.com\/index.php\/2024\/06\/03\/jornada-tecnica-sobre-buques-oceanograficos-innovacion-tecnologia-y-tendencias-20-de-junio-vigo\/#breadcrumb","itemListElement":[{"@type":"ListItem","position":1,"name":"Home","item":"https:\/\/galicia.ingenierosnavales.com\/"},{"@type":"ListItem","position":2,"name":"Jornada T\u00e9cnica sobre \u00abBuques oceanogr\u00e1ficos: innovaci\u00f3n, tecnolog\u00eda y tendencias\u00bb, 20 de junio, Vigo"}]},{"@type":"WebSite","@id":"https:\/\/galicia.ingenierosnavales.com\/#website","url":"https:\/\/galicia.ingenierosnavales.com\/","name":"Delegaci\u00f3n del COIN en Galicia -","description":"","publisher":{"@id":"https:\/\/galicia.ingenierosnavales.com\/#organization"},"potentialAction":[{"@type":"SearchAction","target":{"@type":"EntryPoint","urlTemplate":"https:\/\/galicia.ingenierosnavales.com\/?s={search_term_string}"},"query-input":{"@type":"PropertyValueSpecification","valueRequired":true,"valueName":"search_term_string"}}],"inLanguage":"es"},{"@type":"Organization","@id":"https:\/\/galicia.ingenierosnavales.com\/#organization","name":"Delegaci\u00f3n del COIN en Galicia -","url":"https:\/\/galicia.ingenierosnavales.com\/","logo":{"@type":"ImageObject","inLanguage":"es","@id":"https:\/\/galicia.ingenierosnavales.com\/#\/schema\/logo\/image\/","url":"https:\/\/galicia.ingenierosnavales.com\/wp-content\/uploads\/2022\/03\/logo_2-1.png","contentUrl":"https:\/\/galicia.ingenierosnavales.com\/wp-content\/uploads\/2022\/03\/logo_2-1.png","width":240,"height":94,"caption":"Delegaci\u00f3n del COIN en Galicia - "},"image":{"@id":"https:\/\/galicia.ingenierosnavales.com\/#\/schema\/logo\/image\/"}},{"@type":"Person","@id":"https:\/\/galicia.ingenierosnavales.com\/#\/schema\/person\/5b19750a916831d424f63e9271d4e51d","name":"Delegaci\u00f3n Galicia","image":{"@type":"ImageObject","inLanguage":"es","@id":"https:\/\/galicia.ingenierosnavales.com\/#\/schema\/person\/image\/","url":"https:\/\/secure.gravatar.com\/avatar\/8ba9b1dd96c7effddd31fcf63bf8cc7f?s=96&d=mm&r=g","contentUrl":"https:\/\/secure.gravatar.com\/avatar\/8ba9b1dd96c7effddd31fcf63bf8cc7f?s=96&d=mm&r=g","caption":"Delegaci\u00f3n Galicia"},"url":"https:\/\/galicia.ingenierosnavales.com\/index.php\/author\/galicia\/"}]}},"_links":{"self":[{"href":"https:\/\/galicia.ingenierosnavales.com\/index.php\/wp-json\/wp\/v2\/posts\/7014","targetHints":{"allow":["GET"]}}],"collection":[{"href":"https:\/\/galicia.ingenierosnavales.com\/index.php\/wp-json\/wp\/v2\/posts"}],"about":[{"href":"https:\/\/galicia.ingenierosnavales.com\/index.php\/wp-json\/wp\/v2\/types\/post"}],"author":[{"embeddable":true,"href":"https:\/\/galicia.ingenierosnavales.com\/index.php\/wp-json\/wp\/v2\/users\/2"}],"replies":[{"embeddable":true,"href":"https:\/\/galicia.ingenierosnavales.com\/index.php\/wp-json\/wp\/v2\/comments?post=7014"}],"version-history":[{"count":10,"href":"https:\/\/galicia.ingenierosnavales.com\/index.php\/wp-json\/wp\/v2\/posts\/7014\/revisions"}],"predecessor-version":[{"id":7039,"href":"https:\/\/galicia.ingenierosnavales.com\/index.php\/wp-json\/wp\/v2\/posts\/7014\/revisions\/7039"}],"wp:featuredmedia":[{"embeddable":true,"href":"https:\/\/galicia.ingenierosnavales.com\/index.php\/wp-json\/wp\/v2\/media\/7015"}],"wp:attachment":[{"href":"https:\/\/galicia.ingenierosnavales.com\/index.php\/wp-json\/wp\/v2\/media?parent=7014"}],"wp:term":[{"taxonomy":"category","embeddable":true,"href":"https:\/\/galicia.ingenierosnavales.com\/index.php\/wp-json\/wp\/v2\/categories?post=7014"},{"taxonomy":"post_tag","embeddable":true,"href":"https:\/\/galicia.ingenierosnavales.com\/index.php\/wp-json\/wp\/v2\/tags?post=7014"}],"curies":[{"name":"wp","href":"https:\/\/api.w.org\/{rel}","templated":true}]}}