{"id":6963,"date":"2024-05-14T11:45:36","date_gmt":"2024-05-14T11:45:36","guid":{"rendered":"https:\/\/galicia.ingenierosnavales.com\/?p=6963"},"modified":"2024-05-14T11:48:55","modified_gmt":"2024-05-14T11:48:55","slug":"circular-6-24-eleccion-a-vocal-de-la-zona-sur","status":"publish","type":"post","link":"https:\/\/galicia.ingenierosnavales.com\/index.php\/2024\/05\/14\/circular-6-24-eleccion-a-vocal-de-la-zona-sur\/","title":{"rendered":"CIRCULAR 6\/24 &#8211; ELECCI\u00d3N A VOCAL DE LA ZONA SUR"},"content":{"rendered":"<p style=\"text-align: right;\"><a href=\"https:\/\/galicia.ingenierosnavales.com\/wp-content\/uploads\/2024\/05\/CIRCULAR-6-24-ELECCIONES-A-VOCAL-ZONA-SUR.pdf\">CIRCULAR 6-24 ELECCIONES A VOCAL ZONA SUR<\/a><\/p>\n<p style=\"text-align: right;\">Ferrol, a 14 de mayo de 2024<\/p>\n<p>&nbsp;<\/p>\n<p>Querido Compa\u00f1ero\/a:<\/p>\n<p>Tengo el gusto de informarte de:<\/p>\n<ol>\n<li><strong>ELECCIONES.\u00a0<\/strong><\/li>\n<\/ol>\n<p>Como continuaci\u00f3n a nuestra circular 5\/24 del pasado 15 de abril de 2024, en donde se convocaba a una Junta General Extraordinaria para la elecci\u00f3n de Vocal de la Zona Sur, me es grato informarte que, reuniendo los requisitos necesarios, se certifica como candidato a<\/p>\n<p><strong>\u00a0\u00a0\u00a0\u00a0\u00a0\u00a0\u00a0\u00a0\u00a0\u00a0\u00a0 VOCAL DE LA ZONA SUR: JESUS MIGUEL SAMPAI\u00d1O BARJA (2944)<\/strong><\/p>\n<p>En el transcurso de dicha Junta General Extraordinaria que se celebrar\u00e1 en el C\u00edrculo de Empresarios de Galicia (Avda. Garc\u00eda Barv\u00f3n, 62, 36201-Vigo) el pr\u00f3ximo 13 de junio a las 18:00 h. en primera convocatoria y a las 18:30 h. del mismo d\u00eda en segunda convocatoria, con el Orden del D\u00eda indicado que se acompa\u00f1a, se proceder\u00e1 al nombramiento del candidato a Vocal de la Zona Sur.<\/p>\n<p>Esperando contar con tu presencia a dicha Junta, recibe un cordial saludo,<\/p>\n<p>&nbsp;<\/p>\n<p>Decano y Junta de Gobierno Territorial<\/p>\n<p><strong>Se ruega confirmaci\u00f3n de asistencia a dicha Junta General Extraordinaria<\/strong> a trav\u00e9s de tel\u00e9fono en el 981 372200 o a trav\u00e9s de email en <a href=\"mailto:galicia@ingenierosnavales.com\">galicia@ingenierosnavales.com<\/a><\/p>\n<p style=\"text-align: center;\"><a href=\"https:\/\/galicia.ingenierosnavales.com\/wp-content\/uploads\/2024\/04\/CONVOCATORIA-JUNTA-GENERAL-EXTRAORDINARIA-2024-ELECCION-VOCAL-ZONA-SUR-13.06.2024.pdf\">CONVOCATORIA JUNTA GENERAL EXTRAORDINARIA 2024 &#8211; ELECCI\u00d3N VOCAL ZONA SUR 13.06.2024<\/a><\/p>\n","protected":false},"excerpt":{"rendered":"<p>CIRCULAR 6-24 ELECCIONES A VOCAL ZONA SUR Ferrol, a 14 de mayo de 2024 &nbsp; Querido Compa\u00f1ero\/a: Tengo el gusto de informarte de: ELECCIONES.\u00a0 Como continuaci\u00f3n a nuestra circular 5\/24 del pasado 15 de&#46;&#46;&#46;<\/p>\n","protected":false},"author":2,"featured_media":6965,"comment_status":"open","ping_status":"open","sticky":false,"template":"","format":"standard","meta":{"om_disable_all_campaigns":false,"_monsterinsights_skip_tracking":false,"_monsterinsights_sitenote_active":false,"_monsterinsights_sitenote_note":"","_monsterinsights_sitenote_category":0,"_uf_show_specific_survey":0,"_uf_disable_surveys":false,"footnotes":""},"categories":[1,3],"tags":[],"class_list":["post-6963","post","type-post","status-publish","format-standard","has-post-thumbnail","hentry","category-eventos","category-noticias-gl-es"],"aioseo_notices":[],"yoast_head":"<!-- This site is optimized with the Yoast SEO plugin v24.0 - https:\/\/yoast.com\/wordpress\/plugins\/seo\/ -->\n<title>CIRCULAR 6\/24 - ELECCI\u00d3N A VOCAL DE LA ZONA SUR - Delegaci\u00f3n del COIN en Galicia -<\/title>\n<meta name=\"robots\" content=\"index, follow, max-snippet:-1, max-image-preview:large, max-video-preview:-1\" \/>\n<link rel=\"canonical\" href=\"https:\/\/galicia.ingenierosnavales.com\/index.php\/2024\/05\/14\/circular-6-24-eleccion-a-vocal-de-la-zona-sur\/\" \/>\n<meta property=\"og:locale\" content=\"es_ES\" \/>\n<meta property=\"og:type\" content=\"article\" \/>\n<meta property=\"og:title\" content=\"CIRCULAR 6\/24 - ELECCI\u00d3N A VOCAL DE LA ZONA SUR - Delegaci\u00f3n del COIN en Galicia -\" \/>\n<meta property=\"og:description\" content=\"CIRCULAR 6-24 ELECCIONES A VOCAL ZONA SUR Ferrol, a 14 de mayo de 2024 &nbsp; Querido Compa\u00f1ero\/a: Tengo el gusto de informarte de: ELECCIONES.\u00a0 Como continuaci\u00f3n a nuestra circular 5\/24 del pasado 15 de&#046;&#046;&#046;\" \/>\n<meta property=\"og:url\" content=\"https:\/\/galicia.ingenierosnavales.com\/index.php\/2024\/05\/14\/circular-6-24-eleccion-a-vocal-de-la-zona-sur\/\" \/>\n<meta property=\"og:site_name\" content=\"Delegaci\u00f3n del COIN en Galicia -\" \/>\n<meta property=\"article:published_time\" content=\"2024-05-14T11:45:36+00:00\" \/>\n<meta property=\"article:modified_time\" content=\"2024-05-14T11:48:55+00:00\" \/>\n<meta property=\"og:image\" content=\"https:\/\/galicia.ingenierosnavales.com\/wp-content\/uploads\/2024\/05\/CIRCULAR-624-.jpg\" \/>\n\t<meta property=\"og:image:width\" content=\"2245\" \/>\n\t<meta property=\"og:image:height\" content=\"1587\" \/>\n\t<meta property=\"og:image:type\" content=\"image\/jpeg\" \/>\n<meta name=\"author\" content=\"Delegaci\u00f3n Galicia\" \/>\n<meta name=\"twitter:card\" content=\"summary_large_image\" \/>\n<meta name=\"twitter:label1\" content=\"Escrito por\" \/>\n\t<meta name=\"twitter:data1\" content=\"Delegaci\u00f3n Galicia\" \/>\n\t<meta name=\"twitter:label2\" content=\"Tiempo de lectura\" \/>\n\t<meta name=\"twitter:data2\" content=\"1 minuto\" \/>\n<script type=\"application\/ld+json\" class=\"yoast-schema-graph\">{\"@context\":\"https:\/\/schema.org\",\"@graph\":[{\"@type\":\"Article\",\"@id\":\"https:\/\/galicia.ingenierosnavales.com\/index.php\/2024\/05\/14\/circular-6-24-eleccion-a-vocal-de-la-zona-sur\/#article\",\"isPartOf\":{\"@id\":\"https:\/\/galicia.ingenierosnavales.com\/index.php\/2024\/05\/14\/circular-6-24-eleccion-a-vocal-de-la-zona-sur\/\"},\"author\":{\"name\":\"Delegaci\u00f3n Galicia\",\"@id\":\"https:\/\/galicia.ingenierosnavales.com\/#\/schema\/person\/5b19750a916831d424f63e9271d4e51d\"},\"headline\":\"CIRCULAR 6\/24 &#8211; ELECCI\u00d3N A VOCAL DE LA ZONA SUR\",\"datePublished\":\"2024-05-14T11:45:36+00:00\",\"dateModified\":\"2024-05-14T11:48:55+00:00\",\"mainEntityOfPage\":{\"@id\":\"https:\/\/galicia.ingenierosnavales.com\/index.php\/2024\/05\/14\/circular-6-24-eleccion-a-vocal-de-la-zona-sur\/\"},\"wordCount\":216,\"commentCount\":0,\"publisher\":{\"@id\":\"https:\/\/galicia.ingenierosnavales.com\/#organization\"},\"image\":{\"@id\":\"https:\/\/galicia.ingenierosnavales.com\/index.php\/2024\/05\/14\/circular-6-24-eleccion-a-vocal-de-la-zona-sur\/#primaryimage\"},\"thumbnailUrl\":\"https:\/\/galicia.ingenierosnavales.com\/wp-content\/uploads\/2024\/05\/CIRCULAR-624-.jpg\",\"articleSection\":[\"Eventos\",\"Noticias\"],\"inLanguage\":\"es\",\"potentialAction\":[{\"@type\":\"CommentAction\",\"name\":\"Comment\",\"target\":[\"https:\/\/galicia.ingenierosnavales.com\/index.php\/2024\/05\/14\/circular-6-24-eleccion-a-vocal-de-la-zona-sur\/#respond\"]}]},{\"@type\":\"WebPage\",\"@id\":\"https:\/\/galicia.ingenierosnavales.com\/index.php\/2024\/05\/14\/circular-6-24-eleccion-a-vocal-de-la-zona-sur\/\",\"url\":\"https:\/\/galicia.ingenierosnavales.com\/index.php\/2024\/05\/14\/circular-6-24-eleccion-a-vocal-de-la-zona-sur\/\",\"name\":\"CIRCULAR 6\/24 - ELECCI\u00d3N A VOCAL DE LA ZONA SUR - Delegaci\u00f3n del COIN en Galicia -\",\"isPartOf\":{\"@id\":\"https:\/\/galicia.ingenierosnavales.com\/#website\"},\"primaryImageOfPage\":{\"@id\":\"https:\/\/galicia.ingenierosnavales.com\/index.php\/2024\/05\/14\/circular-6-24-eleccion-a-vocal-de-la-zona-sur\/#primaryimage\"},\"image\":{\"@id\":\"https:\/\/galicia.ingenierosnavales.com\/index.php\/2024\/05\/14\/circular-6-24-eleccion-a-vocal-de-la-zona-sur\/#primaryimage\"},\"thumbnailUrl\":\"https:\/\/galicia.ingenierosnavales.com\/wp-content\/uploads\/2024\/05\/CIRCULAR-624-.jpg\",\"datePublished\":\"2024-05-14T11:45:36+00:00\",\"dateModified\":\"2024-05-14T11:48:55+00:00\",\"breadcrumb\":{\"@id\":\"https:\/\/galicia.ingenierosnavales.com\/index.php\/2024\/05\/14\/circular-6-24-eleccion-a-vocal-de-la-zona-sur\/#breadcrumb\"},\"inLanguage\":\"es\",\"potentialAction\":[{\"@type\":\"ReadAction\",\"target\":[\"https:\/\/galicia.ingenierosnavales.com\/index.php\/2024\/05\/14\/circular-6-24-eleccion-a-vocal-de-la-zona-sur\/\"]}]},{\"@type\":\"ImageObject\",\"inLanguage\":\"es\",\"@id\":\"https:\/\/galicia.ingenierosnavales.com\/index.php\/2024\/05\/14\/circular-6-24-eleccion-a-vocal-de-la-zona-sur\/#primaryimage\",\"url\":\"https:\/\/galicia.ingenierosnavales.com\/wp-content\/uploads\/2024\/05\/CIRCULAR-624-.jpg\",\"contentUrl\":\"https:\/\/galicia.ingenierosnavales.com\/wp-content\/uploads\/2024\/05\/CIRCULAR-624-.jpg\",\"width\":2245,\"height\":1587},{\"@type\":\"BreadcrumbList\",\"@id\":\"https:\/\/galicia.ingenierosnavales.com\/index.php\/2024\/05\/14\/circular-6-24-eleccion-a-vocal-de-la-zona-sur\/#breadcrumb\",\"itemListElement\":[{\"@type\":\"ListItem\",\"position\":1,\"name\":\"Home\",\"item\":\"https:\/\/galicia.ingenierosnavales.com\/\"},{\"@type\":\"ListItem\",\"position\":2,\"name\":\"CIRCULAR 6\/24 &#8211; ELECCI\u00d3N A VOCAL DE LA ZONA SUR\"}]},{\"@type\":\"WebSite\",\"@id\":\"https:\/\/galicia.ingenierosnavales.com\/#website\",\"url\":\"https:\/\/galicia.ingenierosnavales.com\/\",\"name\":\"Delegaci\u00f3n del COIN en Galicia -\",\"description\":\"\",\"publisher\":{\"@id\":\"https:\/\/galicia.ingenierosnavales.com\/#organization\"},\"potentialAction\":[{\"@type\":\"SearchAction\",\"target\":{\"@type\":\"EntryPoint\",\"urlTemplate\":\"https:\/\/galicia.ingenierosnavales.com\/?s={search_term_string}\"},\"query-input\":{\"@type\":\"PropertyValueSpecification\",\"valueRequired\":true,\"valueName\":\"search_term_string\"}}],\"inLanguage\":\"es\"},{\"@type\":\"Organization\",\"@id\":\"https:\/\/galicia.ingenierosnavales.com\/#organization\",\"name\":\"Delegaci\u00f3n del COIN en Galicia -\",\"url\":\"https:\/\/galicia.ingenierosnavales.com\/\",\"logo\":{\"@type\":\"ImageObject\",\"inLanguage\":\"es\",\"@id\":\"https:\/\/galicia.ingenierosnavales.com\/#\/schema\/logo\/image\/\",\"url\":\"https:\/\/galicia.ingenierosnavales.com\/wp-content\/uploads\/2022\/03\/logo_2-1.png\",\"contentUrl\":\"https:\/\/galicia.ingenierosnavales.com\/wp-content\/uploads\/2022\/03\/logo_2-1.png\",\"width\":240,\"height\":94,\"caption\":\"Delegaci\u00f3n del COIN en Galicia - \"},\"image\":{\"@id\":\"https:\/\/galicia.ingenierosnavales.com\/#\/schema\/logo\/image\/\"}},{\"@type\":\"Person\",\"@id\":\"https:\/\/galicia.ingenierosnavales.com\/#\/schema\/person\/5b19750a916831d424f63e9271d4e51d\",\"name\":\"Delegaci\u00f3n Galicia\",\"image\":{\"@type\":\"ImageObject\",\"inLanguage\":\"es\",\"@id\":\"https:\/\/galicia.ingenierosnavales.com\/#\/schema\/person\/image\/\",\"url\":\"https:\/\/secure.gravatar.com\/avatar\/8ba9b1dd96c7effddd31fcf63bf8cc7f?s=96&d=mm&r=g\",\"contentUrl\":\"https:\/\/secure.gravatar.com\/avatar\/8ba9b1dd96c7effddd31fcf63bf8cc7f?s=96&d=mm&r=g\",\"caption\":\"Delegaci\u00f3n Galicia\"},\"url\":\"https:\/\/galicia.ingenierosnavales.com\/index.php\/author\/galicia\/\"}]}<\/script>\n<!-- \/ Yoast SEO plugin. -->","yoast_head_json":{"title":"CIRCULAR 6\/24 - ELECCI\u00d3N A VOCAL DE LA ZONA SUR - Delegaci\u00f3n del COIN en Galicia -","robots":{"index":"index","follow":"follow","max-snippet":"max-snippet:-1","max-image-preview":"max-image-preview:large","max-video-preview":"max-video-preview:-1"},"canonical":"https:\/\/galicia.ingenierosnavales.com\/index.php\/2024\/05\/14\/circular-6-24-eleccion-a-vocal-de-la-zona-sur\/","og_locale":"es_ES","og_type":"article","og_title":"CIRCULAR 6\/24 - ELECCI\u00d3N A VOCAL DE LA ZONA SUR - Delegaci\u00f3n del COIN en Galicia -","og_description":"CIRCULAR 6-24 ELECCIONES A VOCAL ZONA SUR Ferrol, a 14 de mayo de 2024 &nbsp; Querido Compa\u00f1ero\/a: Tengo el gusto de informarte de: ELECCIONES.\u00a0 Como continuaci\u00f3n a nuestra circular 5\/24 del pasado 15 de&#46;&#46;&#46;","og_url":"https:\/\/galicia.ingenierosnavales.com\/index.php\/2024\/05\/14\/circular-6-24-eleccion-a-vocal-de-la-zona-sur\/","og_site_name":"Delegaci\u00f3n del COIN en Galicia -","article_published_time":"2024-05-14T11:45:36+00:00","article_modified_time":"2024-05-14T11:48:55+00:00","og_image":[{"width":2245,"height":1587,"url":"https:\/\/galicia.ingenierosnavales.com\/wp-content\/uploads\/2024\/05\/CIRCULAR-624-.jpg","type":"image\/jpeg"}],"author":"Delegaci\u00f3n Galicia","twitter_card":"summary_large_image","twitter_misc":{"Escrito por":"Delegaci\u00f3n Galicia","Tiempo de lectura":"1 minuto"},"schema":{"@context":"https:\/\/schema.org","@graph":[{"@type":"Article","@id":"https:\/\/galicia.ingenierosnavales.com\/index.php\/2024\/05\/14\/circular-6-24-eleccion-a-vocal-de-la-zona-sur\/#article","isPartOf":{"@id":"https:\/\/galicia.ingenierosnavales.com\/index.php\/2024\/05\/14\/circular-6-24-eleccion-a-vocal-de-la-zona-sur\/"},"author":{"name":"Delegaci\u00f3n Galicia","@id":"https:\/\/galicia.ingenierosnavales.com\/#\/schema\/person\/5b19750a916831d424f63e9271d4e51d"},"headline":"CIRCULAR 6\/24 &#8211; ELECCI\u00d3N A VOCAL DE LA ZONA SUR","datePublished":"2024-05-14T11:45:36+00:00","dateModified":"2024-05-14T11:48:55+00:00","mainEntityOfPage":{"@id":"https:\/\/galicia.ingenierosnavales.com\/index.php\/2024\/05\/14\/circular-6-24-eleccion-a-vocal-de-la-zona-sur\/"},"wordCount":216,"commentCount":0,"publisher":{"@id":"https:\/\/galicia.ingenierosnavales.com\/#organization"},"image":{"@id":"https:\/\/galicia.ingenierosnavales.com\/index.php\/2024\/05\/14\/circular-6-24-eleccion-a-vocal-de-la-zona-sur\/#primaryimage"},"thumbnailUrl":"https:\/\/galicia.ingenierosnavales.com\/wp-content\/uploads\/2024\/05\/CIRCULAR-624-.jpg","articleSection":["Eventos","Noticias"],"inLanguage":"es","potentialAction":[{"@type":"CommentAction","name":"Comment","target":["https:\/\/galicia.ingenierosnavales.com\/index.php\/2024\/05\/14\/circular-6-24-eleccion-a-vocal-de-la-zona-sur\/#respond"]}]},{"@type":"WebPage","@id":"https:\/\/galicia.ingenierosnavales.com\/index.php\/2024\/05\/14\/circular-6-24-eleccion-a-vocal-de-la-zona-sur\/","url":"https:\/\/galicia.ingenierosnavales.com\/index.php\/2024\/05\/14\/circular-6-24-eleccion-a-vocal-de-la-zona-sur\/","name":"CIRCULAR 6\/24 - ELECCI\u00d3N A VOCAL DE LA ZONA SUR - Delegaci\u00f3n del COIN en Galicia -","isPartOf":{"@id":"https:\/\/galicia.ingenierosnavales.com\/#website"},"primaryImageOfPage":{"@id":"https:\/\/galicia.ingenierosnavales.com\/index.php\/2024\/05\/14\/circular-6-24-eleccion-a-vocal-de-la-zona-sur\/#primaryimage"},"image":{"@id":"https:\/\/galicia.ingenierosnavales.com\/index.php\/2024\/05\/14\/circular-6-24-eleccion-a-vocal-de-la-zona-sur\/#primaryimage"},"thumbnailUrl":"https:\/\/galicia.ingenierosnavales.com\/wp-content\/uploads\/2024\/05\/CIRCULAR-624-.jpg","datePublished":"2024-05-14T11:45:36+00:00","dateModified":"2024-05-14T11:48:55+00:00","breadcrumb":{"@id":"https:\/\/galicia.ingenierosnavales.com\/index.php\/2024\/05\/14\/circular-6-24-eleccion-a-vocal-de-la-zona-sur\/#breadcrumb"},"inLanguage":"es","potentialAction":[{"@type":"ReadAction","target":["https:\/\/galicia.ingenierosnavales.com\/index.php\/2024\/05\/14\/circular-6-24-eleccion-a-vocal-de-la-zona-sur\/"]}]},{"@type":"ImageObject","inLanguage":"es","@id":"https:\/\/galicia.ingenierosnavales.com\/index.php\/2024\/05\/14\/circular-6-24-eleccion-a-vocal-de-la-zona-sur\/#primaryimage","url":"https:\/\/galicia.ingenierosnavales.com\/wp-content\/uploads\/2024\/05\/CIRCULAR-624-.jpg","contentUrl":"https:\/\/galicia.ingenierosnavales.com\/wp-content\/uploads\/2024\/05\/CIRCULAR-624-.jpg","width":2245,"height":1587},{"@type":"BreadcrumbList","@id":"https:\/\/galicia.ingenierosnavales.com\/index.php\/2024\/05\/14\/circular-6-24-eleccion-a-vocal-de-la-zona-sur\/#breadcrumb","itemListElement":[{"@type":"ListItem","position":1,"name":"Home","item":"https:\/\/galicia.ingenierosnavales.com\/"},{"@type":"ListItem","position":2,"name":"CIRCULAR 6\/24 &#8211; ELECCI\u00d3N A VOCAL DE LA ZONA SUR"}]},{"@type":"WebSite","@id":"https:\/\/galicia.ingenierosnavales.com\/#website","url":"https:\/\/galicia.ingenierosnavales.com\/","name":"Delegaci\u00f3n del COIN en Galicia -","description":"","publisher":{"@id":"https:\/\/galicia.ingenierosnavales.com\/#organization"},"potentialAction":[{"@type":"SearchAction","target":{"@type":"EntryPoint","urlTemplate":"https:\/\/galicia.ingenierosnavales.com\/?s={search_term_string}"},"query-input":{"@type":"PropertyValueSpecification","valueRequired":true,"valueName":"search_term_string"}}],"inLanguage":"es"},{"@type":"Organization","@id":"https:\/\/galicia.ingenierosnavales.com\/#organization","name":"Delegaci\u00f3n del COIN en Galicia -","url":"https:\/\/galicia.ingenierosnavales.com\/","logo":{"@type":"ImageObject","inLanguage":"es","@id":"https:\/\/galicia.ingenierosnavales.com\/#\/schema\/logo\/image\/","url":"https:\/\/galicia.ingenierosnavales.com\/wp-content\/uploads\/2022\/03\/logo_2-1.png","contentUrl":"https:\/\/galicia.ingenierosnavales.com\/wp-content\/uploads\/2022\/03\/logo_2-1.png","width":240,"height":94,"caption":"Delegaci\u00f3n del COIN en Galicia - "},"image":{"@id":"https:\/\/galicia.ingenierosnavales.com\/#\/schema\/logo\/image\/"}},{"@type":"Person","@id":"https:\/\/galicia.ingenierosnavales.com\/#\/schema\/person\/5b19750a916831d424f63e9271d4e51d","name":"Delegaci\u00f3n Galicia","image":{"@type":"ImageObject","inLanguage":"es","@id":"https:\/\/galicia.ingenierosnavales.com\/#\/schema\/person\/image\/","url":"https:\/\/secure.gravatar.com\/avatar\/8ba9b1dd96c7effddd31fcf63bf8cc7f?s=96&d=mm&r=g","contentUrl":"https:\/\/secure.gravatar.com\/avatar\/8ba9b1dd96c7effddd31fcf63bf8cc7f?s=96&d=mm&r=g","caption":"Delegaci\u00f3n Galicia"},"url":"https:\/\/galicia.ingenierosnavales.com\/index.php\/author\/galicia\/"}]}},"_links":{"self":[{"href":"https:\/\/galicia.ingenierosnavales.com\/index.php\/wp-json\/wp\/v2\/posts\/6963","targetHints":{"allow":["GET"]}}],"collection":[{"href":"https:\/\/galicia.ingenierosnavales.com\/index.php\/wp-json\/wp\/v2\/posts"}],"about":[{"href":"https:\/\/galicia.ingenierosnavales.com\/index.php\/wp-json\/wp\/v2\/types\/post"}],"author":[{"embeddable":true,"href":"https:\/\/galicia.ingenierosnavales.com\/index.php\/wp-json\/wp\/v2\/users\/2"}],"replies":[{"embeddable":true,"href":"https:\/\/galicia.ingenierosnavales.com\/index.php\/wp-json\/wp\/v2\/comments?post=6963"}],"version-history":[{"count":3,"href":"https:\/\/galicia.ingenierosnavales.com\/index.php\/wp-json\/wp\/v2\/posts\/6963\/revisions"}],"predecessor-version":[{"id":6968,"href":"https:\/\/galicia.ingenierosnavales.com\/index.php\/wp-json\/wp\/v2\/posts\/6963\/revisions\/6968"}],"wp:featuredmedia":[{"embeddable":true,"href":"https:\/\/galicia.ingenierosnavales.com\/index.php\/wp-json\/wp\/v2\/media\/6965"}],"wp:attachment":[{"href":"https:\/\/galicia.ingenierosnavales.com\/index.php\/wp-json\/wp\/v2\/media?parent=6963"}],"wp:term":[{"taxonomy":"category","embeddable":true,"href":"https:\/\/galicia.ingenierosnavales.com\/index.php\/wp-json\/wp\/v2\/categories?post=6963"},{"taxonomy":"post_tag","embeddable":true,"href":"https:\/\/galicia.ingenierosnavales.com\/index.php\/wp-json\/wp\/v2\/tags?post=6963"}],"curies":[{"name":"wp","href":"https:\/\/api.w.org\/{rel}","templated":true}]}}