{"id":6523,"date":"2024-02-08T14:32:13","date_gmt":"2024-02-08T14:32:13","guid":{"rendered":"https:\/\/galicia.ingenierosnavales.com\/?p=6523"},"modified":"2024-02-08T14:32:41","modified_gmt":"2024-02-08T14:32:41","slug":"jornada-el-futuro-de-los-composites-en-el-sector-nautico-23-02-2024","status":"publish","type":"post","link":"https:\/\/galicia.ingenierosnavales.com\/index.php\/2024\/02\/08\/jornada-el-futuro-de-los-composites-en-el-sector-nautico-23-02-2024\/","title":{"rendered":"Jornada \u00abEl futuro de los composites en el sector n\u00e1utico\u00bb 23.02.2024"},"content":{"rendered":"<p><img loading=\"lazy\" decoding=\"async\" class=\"aligncenter wp-image-6524 size-large\" src=\"https:\/\/galicia.ingenierosnavales.com\/wp-content\/uploads\/2024\/02\/El-futuro-de-los-composites-en-el-sector-nautico-23.02.2024_0-1024x791.jpg\" alt=\"\" width=\"1024\" height=\"791\" srcset=\"https:\/\/galicia.ingenierosnavales.com\/wp-content\/uploads\/2024\/02\/El-futuro-de-los-composites-en-el-sector-nautico-23.02.2024_0-1024x791.jpg 1024w, https:\/\/galicia.ingenierosnavales.com\/wp-content\/uploads\/2024\/02\/El-futuro-de-los-composites-en-el-sector-nautico-23.02.2024_0-300x232.jpg 300w, https:\/\/galicia.ingenierosnavales.com\/wp-content\/uploads\/2024\/02\/El-futuro-de-los-composites-en-el-sector-nautico-23.02.2024_0-768x593.jpg 768w, https:\/\/galicia.ingenierosnavales.com\/wp-content\/uploads\/2024\/02\/El-futuro-de-los-composites-en-el-sector-nautico-23.02.2024_0.jpg 1036w\" sizes=\"auto, (max-width: 1024px) 100vw, 1024px\" \/><\/p>\n<p><strong>ACLUNAGA y AMURA REPARACIONES N\u00c1UTICAS S.L<\/strong>. organizan la jornada<em><strong> \u201cEl futuro de los composites en el sector n\u00e1utico\u201d<\/strong><\/em>, que se celebrar\u00e1 el <strong>viernes 23 de febrero de 2024<\/strong>, en el <strong>Auditorio del C\u00edrculo de Empresarios de Galicia, R\u00faa de Garc\u00eda Barb\u00f3n, 62, Vigo<\/strong>.<\/p>\n<p style=\"text-align: center;\">PROGRAMA:\u00a0 <a href=\"https:\/\/galicia.ingenierosnavales.com\/wp-content\/uploads\/2024\/02\/El-futuro-de-los-composites-en-el-sector-nautico-23.02.2024.pdf\">El futuro de los composites en el sector n\u00e1utico &#8211; 23.02.2024<\/a><\/p>\n<p>La jornada se centrar\u00e1 en el futuro de los materiales compuestos, abordando temas que van desde el tratamiento de los residuos generados por la industria de materiales compuestos y su reciclaje hasta nuevos materiales, sistemas de producci\u00f3n, etc. Esta jornada est\u00e1 enmarcada dentro del MC4, un proyecto\u00a0Horizon de la UE del que Amura es socio y viene trabajando con otros partners europeos.<\/p>\n<p style=\"text-align: center;\">INSCRIPCI\u00d3N: <a href=\"https:\/\/forms.gle\/tSUSNSRWa5SxbbGz7\">https:\/\/forms.gle\/tSUSNSRWa5SxbbGz7<\/a><\/p>\n<p>&nbsp;<\/p>\n<p style=\"text-align: center;\"><img loading=\"lazy\" decoding=\"async\" class=\"alignnone size-full wp-image-1627\" src=\"https:\/\/galicia.ingenierosnavales.com\/wp-content\/uploads\/2020\/11\/LOGO-ACLUNAGA.png\" alt=\"\" width=\"240\" height=\"67\" \/><\/p>\n<p style=\"text-align: center;\"><a href=\"mailto:aclunaga@aclunaga.es\">aclunaga@aclunaga.es<\/a><\/p>\n<p>&nbsp;<\/p>\n","protected":false},"excerpt":{"rendered":"<p>ACLUNAGA y AMURA REPARACIONES N\u00c1UTICAS S.L. organizan la jornada \u201cEl futuro de los composites en el sector n\u00e1utico\u201d, que se celebrar\u00e1 el viernes 23 de febrero de 2024, en el Auditorio del C\u00edrculo de&#46;&#46;&#46;<\/p>\n","protected":false},"author":2,"featured_media":6524,"comment_status":"open","ping_status":"open","sticky":false,"template":"","format":"standard","meta":{"om_disable_all_campaigns":false,"_monsterinsights_skip_tracking":false,"_monsterinsights_sitenote_active":false,"_monsterinsights_sitenote_note":"","_monsterinsights_sitenote_category":0,"_uf_show_specific_survey":0,"_uf_disable_surveys":false,"footnotes":""},"categories":[1],"tags":[],"class_list":["post-6523","post","type-post","status-publish","format-standard","has-post-thumbnail","hentry","category-eventos"],"aioseo_notices":[],"yoast_head":"<!-- This site is optimized with the Yoast SEO plugin v24.0 - https:\/\/yoast.com\/wordpress\/plugins\/seo\/ -->\n<title>Jornada &quot;El futuro de los composites en el sector n\u00e1utico&quot; 23.02.2024 - Delegaci\u00f3n del COIN en Galicia -<\/title>\n<meta name=\"robots\" content=\"index, follow, max-snippet:-1, max-image-preview:large, max-video-preview:-1\" \/>\n<link rel=\"canonical\" href=\"https:\/\/galicia.ingenierosnavales.com\/index.php\/2024\/02\/08\/jornada-el-futuro-de-los-composites-en-el-sector-nautico-23-02-2024\/\" \/>\n<meta property=\"og:locale\" content=\"es_ES\" \/>\n<meta property=\"og:type\" content=\"article\" \/>\n<meta property=\"og:title\" content=\"Jornada &quot;El futuro de los composites en el sector n\u00e1utico&quot; 23.02.2024 - Delegaci\u00f3n del COIN en Galicia -\" \/>\n<meta property=\"og:description\" content=\"ACLUNAGA y AMURA REPARACIONES N\u00c1UTICAS S.L. organizan la jornada \u201cEl futuro de los composites en el sector n\u00e1utico\u201d, que se celebrar\u00e1 el viernes 23 de febrero de 2024, en el Auditorio del C\u00edrculo de&#046;&#046;&#046;\" \/>\n<meta property=\"og:url\" content=\"https:\/\/galicia.ingenierosnavales.com\/index.php\/2024\/02\/08\/jornada-el-futuro-de-los-composites-en-el-sector-nautico-23-02-2024\/\" \/>\n<meta property=\"og:site_name\" content=\"Delegaci\u00f3n del COIN en Galicia -\" \/>\n<meta property=\"article:published_time\" content=\"2024-02-08T14:32:13+00:00\" \/>\n<meta property=\"article:modified_time\" content=\"2024-02-08T14:32:41+00:00\" \/>\n<meta property=\"og:image\" content=\"https:\/\/galicia.ingenierosnavales.com\/wp-content\/uploads\/2024\/02\/El-futuro-de-los-composites-en-el-sector-nautico-23.02.2024_0.jpg\" \/>\n\t<meta property=\"og:image:width\" content=\"1036\" \/>\n\t<meta property=\"og:image:height\" content=\"800\" \/>\n\t<meta property=\"og:image:type\" content=\"image\/jpeg\" \/>\n<meta name=\"author\" content=\"Delegaci\u00f3n Galicia\" \/>\n<meta name=\"twitter:card\" content=\"summary_large_image\" \/>\n<meta name=\"twitter:label1\" content=\"Escrito por\" \/>\n\t<meta name=\"twitter:data1\" content=\"Delegaci\u00f3n Galicia\" \/>\n\t<meta name=\"twitter:label2\" content=\"Tiempo de lectura\" \/>\n\t<meta name=\"twitter:data2\" content=\"1 minuto\" \/>\n<script type=\"application\/ld+json\" class=\"yoast-schema-graph\">{\"@context\":\"https:\/\/schema.org\",\"@graph\":[{\"@type\":\"Article\",\"@id\":\"https:\/\/galicia.ingenierosnavales.com\/index.php\/2024\/02\/08\/jornada-el-futuro-de-los-composites-en-el-sector-nautico-23-02-2024\/#article\",\"isPartOf\":{\"@id\":\"https:\/\/galicia.ingenierosnavales.com\/index.php\/2024\/02\/08\/jornada-el-futuro-de-los-composites-en-el-sector-nautico-23-02-2024\/\"},\"author\":{\"name\":\"Delegaci\u00f3n Galicia\",\"@id\":\"https:\/\/galicia.ingenierosnavales.com\/#\/schema\/person\/5b19750a916831d424f63e9271d4e51d\"},\"headline\":\"Jornada \u00abEl futuro de los composites en el sector n\u00e1utico\u00bb 23.02.2024\",\"datePublished\":\"2024-02-08T14:32:13+00:00\",\"dateModified\":\"2024-02-08T14:32:41+00:00\",\"mainEntityOfPage\":{\"@id\":\"https:\/\/galicia.ingenierosnavales.com\/index.php\/2024\/02\/08\/jornada-el-futuro-de-los-composites-en-el-sector-nautico-23-02-2024\/\"},\"wordCount\":146,\"commentCount\":0,\"publisher\":{\"@id\":\"https:\/\/galicia.ingenierosnavales.com\/#organization\"},\"image\":{\"@id\":\"https:\/\/galicia.ingenierosnavales.com\/index.php\/2024\/02\/08\/jornada-el-futuro-de-los-composites-en-el-sector-nautico-23-02-2024\/#primaryimage\"},\"thumbnailUrl\":\"https:\/\/galicia.ingenierosnavales.com\/wp-content\/uploads\/2024\/02\/El-futuro-de-los-composites-en-el-sector-nautico-23.02.2024_0.jpg\",\"articleSection\":[\"Eventos\"],\"inLanguage\":\"es\",\"potentialAction\":[{\"@type\":\"CommentAction\",\"name\":\"Comment\",\"target\":[\"https:\/\/galicia.ingenierosnavales.com\/index.php\/2024\/02\/08\/jornada-el-futuro-de-los-composites-en-el-sector-nautico-23-02-2024\/#respond\"]}]},{\"@type\":\"WebPage\",\"@id\":\"https:\/\/galicia.ingenierosnavales.com\/index.php\/2024\/02\/08\/jornada-el-futuro-de-los-composites-en-el-sector-nautico-23-02-2024\/\",\"url\":\"https:\/\/galicia.ingenierosnavales.com\/index.php\/2024\/02\/08\/jornada-el-futuro-de-los-composites-en-el-sector-nautico-23-02-2024\/\",\"name\":\"Jornada \\\"El futuro de los composites en el sector n\u00e1utico\\\" 23.02.2024 - Delegaci\u00f3n del COIN en Galicia -\",\"isPartOf\":{\"@id\":\"https:\/\/galicia.ingenierosnavales.com\/#website\"},\"primaryImageOfPage\":{\"@id\":\"https:\/\/galicia.ingenierosnavales.com\/index.php\/2024\/02\/08\/jornada-el-futuro-de-los-composites-en-el-sector-nautico-23-02-2024\/#primaryimage\"},\"image\":{\"@id\":\"https:\/\/galicia.ingenierosnavales.com\/index.php\/2024\/02\/08\/jornada-el-futuro-de-los-composites-en-el-sector-nautico-23-02-2024\/#primaryimage\"},\"thumbnailUrl\":\"https:\/\/galicia.ingenierosnavales.com\/wp-content\/uploads\/2024\/02\/El-futuro-de-los-composites-en-el-sector-nautico-23.02.2024_0.jpg\",\"datePublished\":\"2024-02-08T14:32:13+00:00\",\"dateModified\":\"2024-02-08T14:32:41+00:00\",\"breadcrumb\":{\"@id\":\"https:\/\/galicia.ingenierosnavales.com\/index.php\/2024\/02\/08\/jornada-el-futuro-de-los-composites-en-el-sector-nautico-23-02-2024\/#breadcrumb\"},\"inLanguage\":\"es\",\"potentialAction\":[{\"@type\":\"ReadAction\",\"target\":[\"https:\/\/galicia.ingenierosnavales.com\/index.php\/2024\/02\/08\/jornada-el-futuro-de-los-composites-en-el-sector-nautico-23-02-2024\/\"]}]},{\"@type\":\"ImageObject\",\"inLanguage\":\"es\",\"@id\":\"https:\/\/galicia.ingenierosnavales.com\/index.php\/2024\/02\/08\/jornada-el-futuro-de-los-composites-en-el-sector-nautico-23-02-2024\/#primaryimage\",\"url\":\"https:\/\/galicia.ingenierosnavales.com\/wp-content\/uploads\/2024\/02\/El-futuro-de-los-composites-en-el-sector-nautico-23.02.2024_0.jpg\",\"contentUrl\":\"https:\/\/galicia.ingenierosnavales.com\/wp-content\/uploads\/2024\/02\/El-futuro-de-los-composites-en-el-sector-nautico-23.02.2024_0.jpg\",\"width\":1036,\"height\":800},{\"@type\":\"BreadcrumbList\",\"@id\":\"https:\/\/galicia.ingenierosnavales.com\/index.php\/2024\/02\/08\/jornada-el-futuro-de-los-composites-en-el-sector-nautico-23-02-2024\/#breadcrumb\",\"itemListElement\":[{\"@type\":\"ListItem\",\"position\":1,\"name\":\"Home\",\"item\":\"https:\/\/galicia.ingenierosnavales.com\/\"},{\"@type\":\"ListItem\",\"position\":2,\"name\":\"Jornada \u00abEl futuro de los composites en el sector n\u00e1utico\u00bb 23.02.2024\"}]},{\"@type\":\"WebSite\",\"@id\":\"https:\/\/galicia.ingenierosnavales.com\/#website\",\"url\":\"https:\/\/galicia.ingenierosnavales.com\/\",\"name\":\"Delegaci\u00f3n del COIN en Galicia -\",\"description\":\"\",\"publisher\":{\"@id\":\"https:\/\/galicia.ingenierosnavales.com\/#organization\"},\"potentialAction\":[{\"@type\":\"SearchAction\",\"target\":{\"@type\":\"EntryPoint\",\"urlTemplate\":\"https:\/\/galicia.ingenierosnavales.com\/?s={search_term_string}\"},\"query-input\":{\"@type\":\"PropertyValueSpecification\",\"valueRequired\":true,\"valueName\":\"search_term_string\"}}],\"inLanguage\":\"es\"},{\"@type\":\"Organization\",\"@id\":\"https:\/\/galicia.ingenierosnavales.com\/#organization\",\"name\":\"Delegaci\u00f3n del COIN en Galicia -\",\"url\":\"https:\/\/galicia.ingenierosnavales.com\/\",\"logo\":{\"@type\":\"ImageObject\",\"inLanguage\":\"es\",\"@id\":\"https:\/\/galicia.ingenierosnavales.com\/#\/schema\/logo\/image\/\",\"url\":\"https:\/\/galicia.ingenierosnavales.com\/wp-content\/uploads\/2022\/03\/logo_2-1.png\",\"contentUrl\":\"https:\/\/galicia.ingenierosnavales.com\/wp-content\/uploads\/2022\/03\/logo_2-1.png\",\"width\":240,\"height\":94,\"caption\":\"Delegaci\u00f3n del COIN en Galicia - \"},\"image\":{\"@id\":\"https:\/\/galicia.ingenierosnavales.com\/#\/schema\/logo\/image\/\"}},{\"@type\":\"Person\",\"@id\":\"https:\/\/galicia.ingenierosnavales.com\/#\/schema\/person\/5b19750a916831d424f63e9271d4e51d\",\"name\":\"Delegaci\u00f3n Galicia\",\"image\":{\"@type\":\"ImageObject\",\"inLanguage\":\"es\",\"@id\":\"https:\/\/galicia.ingenierosnavales.com\/#\/schema\/person\/image\/\",\"url\":\"https:\/\/secure.gravatar.com\/avatar\/8ba9b1dd96c7effddd31fcf63bf8cc7f?s=96&d=mm&r=g\",\"contentUrl\":\"https:\/\/secure.gravatar.com\/avatar\/8ba9b1dd96c7effddd31fcf63bf8cc7f?s=96&d=mm&r=g\",\"caption\":\"Delegaci\u00f3n Galicia\"},\"url\":\"https:\/\/galicia.ingenierosnavales.com\/index.php\/author\/galicia\/\"}]}<\/script>\n<!-- \/ Yoast SEO plugin. -->","yoast_head_json":{"title":"Jornada \"El futuro de los composites en el sector n\u00e1utico\" 23.02.2024 - Delegaci\u00f3n del COIN en Galicia -","robots":{"index":"index","follow":"follow","max-snippet":"max-snippet:-1","max-image-preview":"max-image-preview:large","max-video-preview":"max-video-preview:-1"},"canonical":"https:\/\/galicia.ingenierosnavales.com\/index.php\/2024\/02\/08\/jornada-el-futuro-de-los-composites-en-el-sector-nautico-23-02-2024\/","og_locale":"es_ES","og_type":"article","og_title":"Jornada \"El futuro de los composites en el sector n\u00e1utico\" 23.02.2024 - Delegaci\u00f3n del COIN en Galicia -","og_description":"ACLUNAGA y AMURA REPARACIONES N\u00c1UTICAS S.L. organizan la jornada \u201cEl futuro de los composites en el sector n\u00e1utico\u201d, que se celebrar\u00e1 el viernes 23 de febrero de 2024, en el Auditorio del C\u00edrculo de&#46;&#46;&#46;","og_url":"https:\/\/galicia.ingenierosnavales.com\/index.php\/2024\/02\/08\/jornada-el-futuro-de-los-composites-en-el-sector-nautico-23-02-2024\/","og_site_name":"Delegaci\u00f3n del COIN en Galicia -","article_published_time":"2024-02-08T14:32:13+00:00","article_modified_time":"2024-02-08T14:32:41+00:00","og_image":[{"width":1036,"height":800,"url":"https:\/\/galicia.ingenierosnavales.com\/wp-content\/uploads\/2024\/02\/El-futuro-de-los-composites-en-el-sector-nautico-23.02.2024_0.jpg","type":"image\/jpeg"}],"author":"Delegaci\u00f3n Galicia","twitter_card":"summary_large_image","twitter_misc":{"Escrito por":"Delegaci\u00f3n Galicia","Tiempo de lectura":"1 minuto"},"schema":{"@context":"https:\/\/schema.org","@graph":[{"@type":"Article","@id":"https:\/\/galicia.ingenierosnavales.com\/index.php\/2024\/02\/08\/jornada-el-futuro-de-los-composites-en-el-sector-nautico-23-02-2024\/#article","isPartOf":{"@id":"https:\/\/galicia.ingenierosnavales.com\/index.php\/2024\/02\/08\/jornada-el-futuro-de-los-composites-en-el-sector-nautico-23-02-2024\/"},"author":{"name":"Delegaci\u00f3n Galicia","@id":"https:\/\/galicia.ingenierosnavales.com\/#\/schema\/person\/5b19750a916831d424f63e9271d4e51d"},"headline":"Jornada \u00abEl futuro de los composites en el sector n\u00e1utico\u00bb 23.02.2024","datePublished":"2024-02-08T14:32:13+00:00","dateModified":"2024-02-08T14:32:41+00:00","mainEntityOfPage":{"@id":"https:\/\/galicia.ingenierosnavales.com\/index.php\/2024\/02\/08\/jornada-el-futuro-de-los-composites-en-el-sector-nautico-23-02-2024\/"},"wordCount":146,"commentCount":0,"publisher":{"@id":"https:\/\/galicia.ingenierosnavales.com\/#organization"},"image":{"@id":"https:\/\/galicia.ingenierosnavales.com\/index.php\/2024\/02\/08\/jornada-el-futuro-de-los-composites-en-el-sector-nautico-23-02-2024\/#primaryimage"},"thumbnailUrl":"https:\/\/galicia.ingenierosnavales.com\/wp-content\/uploads\/2024\/02\/El-futuro-de-los-composites-en-el-sector-nautico-23.02.2024_0.jpg","articleSection":["Eventos"],"inLanguage":"es","potentialAction":[{"@type":"CommentAction","name":"Comment","target":["https:\/\/galicia.ingenierosnavales.com\/index.php\/2024\/02\/08\/jornada-el-futuro-de-los-composites-en-el-sector-nautico-23-02-2024\/#respond"]}]},{"@type":"WebPage","@id":"https:\/\/galicia.ingenierosnavales.com\/index.php\/2024\/02\/08\/jornada-el-futuro-de-los-composites-en-el-sector-nautico-23-02-2024\/","url":"https:\/\/galicia.ingenierosnavales.com\/index.php\/2024\/02\/08\/jornada-el-futuro-de-los-composites-en-el-sector-nautico-23-02-2024\/","name":"Jornada \"El futuro de los composites en el sector n\u00e1utico\" 23.02.2024 - Delegaci\u00f3n del COIN en Galicia -","isPartOf":{"@id":"https:\/\/galicia.ingenierosnavales.com\/#website"},"primaryImageOfPage":{"@id":"https:\/\/galicia.ingenierosnavales.com\/index.php\/2024\/02\/08\/jornada-el-futuro-de-los-composites-en-el-sector-nautico-23-02-2024\/#primaryimage"},"image":{"@id":"https:\/\/galicia.ingenierosnavales.com\/index.php\/2024\/02\/08\/jornada-el-futuro-de-los-composites-en-el-sector-nautico-23-02-2024\/#primaryimage"},"thumbnailUrl":"https:\/\/galicia.ingenierosnavales.com\/wp-content\/uploads\/2024\/02\/El-futuro-de-los-composites-en-el-sector-nautico-23.02.2024_0.jpg","datePublished":"2024-02-08T14:32:13+00:00","dateModified":"2024-02-08T14:32:41+00:00","breadcrumb":{"@id":"https:\/\/galicia.ingenierosnavales.com\/index.php\/2024\/02\/08\/jornada-el-futuro-de-los-composites-en-el-sector-nautico-23-02-2024\/#breadcrumb"},"inLanguage":"es","potentialAction":[{"@type":"ReadAction","target":["https:\/\/galicia.ingenierosnavales.com\/index.php\/2024\/02\/08\/jornada-el-futuro-de-los-composites-en-el-sector-nautico-23-02-2024\/"]}]},{"@type":"ImageObject","inLanguage":"es","@id":"https:\/\/galicia.ingenierosnavales.com\/index.php\/2024\/02\/08\/jornada-el-futuro-de-los-composites-en-el-sector-nautico-23-02-2024\/#primaryimage","url":"https:\/\/galicia.ingenierosnavales.com\/wp-content\/uploads\/2024\/02\/El-futuro-de-los-composites-en-el-sector-nautico-23.02.2024_0.jpg","contentUrl":"https:\/\/galicia.ingenierosnavales.com\/wp-content\/uploads\/2024\/02\/El-futuro-de-los-composites-en-el-sector-nautico-23.02.2024_0.jpg","width":1036,"height":800},{"@type":"BreadcrumbList","@id":"https:\/\/galicia.ingenierosnavales.com\/index.php\/2024\/02\/08\/jornada-el-futuro-de-los-composites-en-el-sector-nautico-23-02-2024\/#breadcrumb","itemListElement":[{"@type":"ListItem","position":1,"name":"Home","item":"https:\/\/galicia.ingenierosnavales.com\/"},{"@type":"ListItem","position":2,"name":"Jornada \u00abEl futuro de los composites en el sector n\u00e1utico\u00bb 23.02.2024"}]},{"@type":"WebSite","@id":"https:\/\/galicia.ingenierosnavales.com\/#website","url":"https:\/\/galicia.ingenierosnavales.com\/","name":"Delegaci\u00f3n del COIN en Galicia -","description":"","publisher":{"@id":"https:\/\/galicia.ingenierosnavales.com\/#organization"},"potentialAction":[{"@type":"SearchAction","target":{"@type":"EntryPoint","urlTemplate":"https:\/\/galicia.ingenierosnavales.com\/?s={search_term_string}"},"query-input":{"@type":"PropertyValueSpecification","valueRequired":true,"valueName":"search_term_string"}}],"inLanguage":"es"},{"@type":"Organization","@id":"https:\/\/galicia.ingenierosnavales.com\/#organization","name":"Delegaci\u00f3n del COIN en Galicia -","url":"https:\/\/galicia.ingenierosnavales.com\/","logo":{"@type":"ImageObject","inLanguage":"es","@id":"https:\/\/galicia.ingenierosnavales.com\/#\/schema\/logo\/image\/","url":"https:\/\/galicia.ingenierosnavales.com\/wp-content\/uploads\/2022\/03\/logo_2-1.png","contentUrl":"https:\/\/galicia.ingenierosnavales.com\/wp-content\/uploads\/2022\/03\/logo_2-1.png","width":240,"height":94,"caption":"Delegaci\u00f3n del COIN en Galicia - "},"image":{"@id":"https:\/\/galicia.ingenierosnavales.com\/#\/schema\/logo\/image\/"}},{"@type":"Person","@id":"https:\/\/galicia.ingenierosnavales.com\/#\/schema\/person\/5b19750a916831d424f63e9271d4e51d","name":"Delegaci\u00f3n Galicia","image":{"@type":"ImageObject","inLanguage":"es","@id":"https:\/\/galicia.ingenierosnavales.com\/#\/schema\/person\/image\/","url":"https:\/\/secure.gravatar.com\/avatar\/8ba9b1dd96c7effddd31fcf63bf8cc7f?s=96&d=mm&r=g","contentUrl":"https:\/\/secure.gravatar.com\/avatar\/8ba9b1dd96c7effddd31fcf63bf8cc7f?s=96&d=mm&r=g","caption":"Delegaci\u00f3n Galicia"},"url":"https:\/\/galicia.ingenierosnavales.com\/index.php\/author\/galicia\/"}]}},"_links":{"self":[{"href":"https:\/\/galicia.ingenierosnavales.com\/index.php\/wp-json\/wp\/v2\/posts\/6523","targetHints":{"allow":["GET"]}}],"collection":[{"href":"https:\/\/galicia.ingenierosnavales.com\/index.php\/wp-json\/wp\/v2\/posts"}],"about":[{"href":"https:\/\/galicia.ingenierosnavales.com\/index.php\/wp-json\/wp\/v2\/types\/post"}],"author":[{"embeddable":true,"href":"https:\/\/galicia.ingenierosnavales.com\/index.php\/wp-json\/wp\/v2\/users\/2"}],"replies":[{"embeddable":true,"href":"https:\/\/galicia.ingenierosnavales.com\/index.php\/wp-json\/wp\/v2\/comments?post=6523"}],"version-history":[{"count":2,"href":"https:\/\/galicia.ingenierosnavales.com\/index.php\/wp-json\/wp\/v2\/posts\/6523\/revisions"}],"predecessor-version":[{"id":6527,"href":"https:\/\/galicia.ingenierosnavales.com\/index.php\/wp-json\/wp\/v2\/posts\/6523\/revisions\/6527"}],"wp:featuredmedia":[{"embeddable":true,"href":"https:\/\/galicia.ingenierosnavales.com\/index.php\/wp-json\/wp\/v2\/media\/6524"}],"wp:attachment":[{"href":"https:\/\/galicia.ingenierosnavales.com\/index.php\/wp-json\/wp\/v2\/media?parent=6523"}],"wp:term":[{"taxonomy":"category","embeddable":true,"href":"https:\/\/galicia.ingenierosnavales.com\/index.php\/wp-json\/wp\/v2\/categories?post=6523"},{"taxonomy":"post_tag","embeddable":true,"href":"https:\/\/galicia.ingenierosnavales.com\/index.php\/wp-json\/wp\/v2\/tags?post=6523"}],"curies":[{"name":"wp","href":"https:\/\/api.w.org\/{rel}","templated":true}]}}