{"id":6245,"date":"2023-12-14T09:53:04","date_gmt":"2023-12-14T09:53:04","guid":{"rendered":"https:\/\/galicia.ingenierosnavales.com\/?p=6245"},"modified":"2023-12-14T09:53:04","modified_gmt":"2023-12-14T09:53:04","slug":"exposicion-y-mesa-redonda-offshore-en-la-ria-de-ferrol-pasado-presente-futuro","status":"publish","type":"post","link":"https:\/\/galicia.ingenierosnavales.com\/index.php\/2023\/12\/14\/exposicion-y-mesa-redonda-offshore-en-la-ria-de-ferrol-pasado-presente-futuro\/","title":{"rendered":"Exposici\u00f3n y mesa redonda: Offshore en la R\u00eda de Ferrol, Pasado-Presente-Futuro"},"content":{"rendered":"<p><img loading=\"lazy\" decoding=\"async\" class=\"aligncenter wp-image-6053 size-full\" src=\"https:\/\/galicia.ingenierosnavales.com\/wp-content\/uploads\/2023\/11\/Cartel-Exposicion-Offshore-2-1.jpg\" alt=\"\" width=\"800\" height=\"281\" srcset=\"https:\/\/galicia.ingenierosnavales.com\/wp-content\/uploads\/2023\/11\/Cartel-Exposicion-Offshore-2-1.jpg 800w, https:\/\/galicia.ingenierosnavales.com\/wp-content\/uploads\/2023\/11\/Cartel-Exposicion-Offshore-2-1-300x105.jpg 300w, https:\/\/galicia.ingenierosnavales.com\/wp-content\/uploads\/2023\/11\/Cartel-Exposicion-Offshore-2-1-768x270.jpg 768w\" sizes=\"auto, (max-width: 800px) 100vw, 800px\" \/><\/p>\n<p>&nbsp;<\/p>\n<p>El pasado 16 de noviembre, se abri\u00f3 al p\u00fablico la Exposici\u00f3n \u201cOffshore en la R\u00eda de Ferrol. Pasado-Presente-Futuro\u201d, que se podr\u00e1 visitar hasta el 15 de diciembre de 2023. Con motivo de la apertura de esta exposici\u00f3n, se celebr\u00f3 una Mesa Redonda inaugural en la Sala Carlos III de EXPONAV, con Jos\u00e9 Mar\u00eda de Juan -Garc\u00eda como Comisario Organizador y nuestro Decano Territorial, Jorge Dahl como moderador. Entre los ponentes, menci\u00f3n especial a nuestros colegiados Francisco de Bartolom\u00e9, Luis A. M\u00e9ndez de Lara y Carla Chawla.<\/p>\n<p><img loading=\"lazy\" decoding=\"async\" class=\"aligncenter wp-image-6047 size-large\" src=\"https:\/\/galicia.ingenierosnavales.com\/wp-content\/uploads\/2023\/11\/Cartel-Exposicion-Offshore-GIMP-1-724x1024.jpg\" alt=\"\" width=\"724\" height=\"1024\" srcset=\"https:\/\/galicia.ingenierosnavales.com\/wp-content\/uploads\/2023\/11\/Cartel-Exposicion-Offshore-GIMP-1-724x1024.jpg 724w, https:\/\/galicia.ingenierosnavales.com\/wp-content\/uploads\/2023\/11\/Cartel-Exposicion-Offshore-GIMP-1-212x300.jpg 212w, https:\/\/galicia.ingenierosnavales.com\/wp-content\/uploads\/2023\/11\/Cartel-Exposicion-Offshore-GIMP-1-768x1086.jpg 768w, https:\/\/galicia.ingenierosnavales.com\/wp-content\/uploads\/2023\/11\/Cartel-Exposicion-Offshore-GIMP-1.jpg 800w\" sizes=\"auto, (max-width: 724px) 100vw, 724px\" \/><\/p>\n<p style=\"text-align: center;\"><a href=\"https:\/\/galicia.ingenierosnavales.com\/wp-content\/uploads\/2023\/12\/Triptico-Offshore.pdf\">Tr\u00edptico Offshore<\/a><\/p>\n<p>&nbsp;<\/p>\n<p>GALER\u00cdA DE IM\u00c1GENES<\/p>\n\n\t\t<style>\n\t\t\t#gallery-1 {\n\t\t\t\tmargin: auto;\n\t\t\t}\n\t\t\t#gallery-1 .gallery-item {\n\t\t\t\tfloat: left;\n\t\t\t\tmargin-top: 10px;\n\t\t\t\ttext-align: center;\n\t\t\t\twidth: 33%;\n\t\t\t}\n\t\t\t#gallery-1 img {\n\t\t\t\tborder: 2px solid #cfcfcf;\n\t\t\t}\n\t\t\t#gallery-1 .gallery-caption {\n\t\t\t\tmargin-left: 0;\n\t\t\t}\n\t\t\t\/* see gallery_shortcode() in wp-includes\/media.php *\/\n\t\t<\/style>\n\t\t<div id='gallery-1' class='gallery galleryid-6245 gallery-columns-3 gallery-size-large'><dl class='gallery-item'>\n\t\t\t<dt class='gallery-icon landscape'>\n\t\t\t\t<a href='https:\/\/galicia.ingenierosnavales.com\/index.php\/2023\/12\/14\/exposicion-y-mesa-redonda-offshore-en-la-ria-de-ferrol-pasado-presente-futuro\/whatsapp-image-2023-11-20-at-14-36-30\/'><img loading=\"lazy\" decoding=\"async\" width=\"1024\" height=\"768\" src=\"https:\/\/galicia.ingenierosnavales.com\/wp-content\/uploads\/2023\/12\/WhatsApp-Image-2023-11-20-at-14.36.30-1024x768.jpeg\" class=\"attachment-large size-large no-lazy\" alt=\"\" srcset=\"https:\/\/galicia.ingenierosnavales.com\/wp-content\/uploads\/2023\/12\/WhatsApp-Image-2023-11-20-at-14.36.30-1024x768.jpeg 1024w, https:\/\/galicia.ingenierosnavales.com\/wp-content\/uploads\/2023\/12\/WhatsApp-Image-2023-11-20-at-14.36.30-300x225.jpeg 300w, https:\/\/galicia.ingenierosnavales.com\/wp-content\/uploads\/2023\/12\/WhatsApp-Image-2023-11-20-at-14.36.30-768x576.jpeg 768w, https:\/\/galicia.ingenierosnavales.com\/wp-content\/uploads\/2023\/12\/WhatsApp-Image-2023-11-20-at-14.36.30-1536x1152.jpeg 1536w, https:\/\/galicia.ingenierosnavales.com\/wp-content\/uploads\/2023\/12\/WhatsApp-Image-2023-11-20-at-14.36.30.jpeg 2000w\" sizes=\"auto, (max-width: 1024px) 100vw, 1024px\" \/><\/a>\n\t\t\t<\/dt><\/dl><dl class='gallery-item'>\n\t\t\t<dt class='gallery-icon landscape'>\n\t\t\t\t<a href='https:\/\/galicia.ingenierosnavales.com\/index.php\/2023\/12\/14\/exposicion-y-mesa-redonda-offshore-en-la-ria-de-ferrol-pasado-presente-futuro\/1b\/'><img loading=\"lazy\" decoding=\"async\" width=\"1024\" height=\"768\" src=\"https:\/\/galicia.ingenierosnavales.com\/wp-content\/uploads\/2023\/12\/1b-1024x768.jpg\" class=\"attachment-large size-large no-lazy\" alt=\"\" srcset=\"https:\/\/galicia.ingenierosnavales.com\/wp-content\/uploads\/2023\/12\/1b-1024x768.jpg 1024w, https:\/\/galicia.ingenierosnavales.com\/wp-content\/uploads\/2023\/12\/1b-300x225.jpg 300w, https:\/\/galicia.ingenierosnavales.com\/wp-content\/uploads\/2023\/12\/1b-768x576.jpg 768w, https:\/\/galicia.ingenierosnavales.com\/wp-content\/uploads\/2023\/12\/1b.jpg 1280w\" sizes=\"auto, (max-width: 1024px) 100vw, 1024px\" \/><\/a>\n\t\t\t<\/dt><\/dl><dl class='gallery-item'>\n\t\t\t<dt class='gallery-icon landscape'>\n\t\t\t\t<a href='https:\/\/galicia.ingenierosnavales.com\/index.php\/2023\/12\/14\/exposicion-y-mesa-redonda-offshore-en-la-ria-de-ferrol-pasado-presente-futuro\/2-22\/'><img loading=\"lazy\" decoding=\"async\" width=\"1024\" height=\"768\" src=\"https:\/\/galicia.ingenierosnavales.com\/wp-content\/uploads\/2023\/12\/2-1024x768.jpg\" class=\"attachment-large size-large no-lazy\" alt=\"\" srcset=\"https:\/\/galicia.ingenierosnavales.com\/wp-content\/uploads\/2023\/12\/2-1024x768.jpg 1024w, https:\/\/galicia.ingenierosnavales.com\/wp-content\/uploads\/2023\/12\/2-300x225.jpg 300w, https:\/\/galicia.ingenierosnavales.com\/wp-content\/uploads\/2023\/12\/2-768x576.jpg 768w, https:\/\/galicia.ingenierosnavales.com\/wp-content\/uploads\/2023\/12\/2.jpg 1280w\" sizes=\"auto, (max-width: 1024px) 100vw, 1024px\" \/><\/a>\n\t\t\t<\/dt><\/dl><br style=\"clear: both\" \/><dl class='gallery-item'>\n\t\t\t<dt class='gallery-icon landscape'>\n\t\t\t\t<a href='https:\/\/galicia.ingenierosnavales.com\/index.php\/2023\/12\/14\/exposicion-y-mesa-redonda-offshore-en-la-ria-de-ferrol-pasado-presente-futuro\/photo_2023-11-16_20-50-27\/'><img loading=\"lazy\" decoding=\"async\" width=\"1024\" height=\"768\" src=\"https:\/\/galicia.ingenierosnavales.com\/wp-content\/uploads\/2023\/12\/photo_2023-11-16_20-50-27-1024x768.jpg\" class=\"attachment-large size-large no-lazy\" alt=\"\" srcset=\"https:\/\/galicia.ingenierosnavales.com\/wp-content\/uploads\/2023\/12\/photo_2023-11-16_20-50-27-1024x768.jpg 1024w, https:\/\/galicia.ingenierosnavales.com\/wp-content\/uploads\/2023\/12\/photo_2023-11-16_20-50-27-300x225.jpg 300w, https:\/\/galicia.ingenierosnavales.com\/wp-content\/uploads\/2023\/12\/photo_2023-11-16_20-50-27-768x576.jpg 768w, https:\/\/galicia.ingenierosnavales.com\/wp-content\/uploads\/2023\/12\/photo_2023-11-16_20-50-27.jpg 1280w\" sizes=\"auto, (max-width: 1024px) 100vw, 1024px\" \/><\/a>\n\t\t\t<\/dt><\/dl><dl class='gallery-item'>\n\t\t\t<dt class='gallery-icon landscape'>\n\t\t\t\t<a href='https:\/\/galicia.ingenierosnavales.com\/index.php\/2023\/12\/14\/exposicion-y-mesa-redonda-offshore-en-la-ria-de-ferrol-pasado-presente-futuro\/photo_2023-11-16_20-49-40\/'><img loading=\"lazy\" decoding=\"async\" width=\"1024\" height=\"768\" src=\"https:\/\/galicia.ingenierosnavales.com\/wp-content\/uploads\/2023\/12\/photo_2023-11-16_20-49-40-1024x768.jpg\" class=\"attachment-large size-large no-lazy\" alt=\"\" srcset=\"https:\/\/galicia.ingenierosnavales.com\/wp-content\/uploads\/2023\/12\/photo_2023-11-16_20-49-40-1024x768.jpg 1024w, https:\/\/galicia.ingenierosnavales.com\/wp-content\/uploads\/2023\/12\/photo_2023-11-16_20-49-40-300x225.jpg 300w, https:\/\/galicia.ingenierosnavales.com\/wp-content\/uploads\/2023\/12\/photo_2023-11-16_20-49-40-768x576.jpg 768w, https:\/\/galicia.ingenierosnavales.com\/wp-content\/uploads\/2023\/12\/photo_2023-11-16_20-49-40.jpg 1280w\" sizes=\"auto, (max-width: 1024px) 100vw, 1024px\" \/><\/a>\n\t\t\t<\/dt><\/dl><dl class='gallery-item'>\n\t\t\t<dt class='gallery-icon landscape'>\n\t\t\t\t<a href='https:\/\/galicia.ingenierosnavales.com\/index.php\/2023\/12\/14\/exposicion-y-mesa-redonda-offshore-en-la-ria-de-ferrol-pasado-presente-futuro\/photo_2023-11-16_20-49-38\/'><img loading=\"lazy\" decoding=\"async\" width=\"1024\" height=\"768\" src=\"https:\/\/galicia.ingenierosnavales.com\/wp-content\/uploads\/2023\/12\/photo_2023-11-16_20-49-38-1024x768.jpg\" class=\"attachment-large size-large no-lazy\" alt=\"\" srcset=\"https:\/\/galicia.ingenierosnavales.com\/wp-content\/uploads\/2023\/12\/photo_2023-11-16_20-49-38-1024x768.jpg 1024w, https:\/\/galicia.ingenierosnavales.com\/wp-content\/uploads\/2023\/12\/photo_2023-11-16_20-49-38-300x225.jpg 300w, https:\/\/galicia.ingenierosnavales.com\/wp-content\/uploads\/2023\/12\/photo_2023-11-16_20-49-38-768x576.jpg 768w, https:\/\/galicia.ingenierosnavales.com\/wp-content\/uploads\/2023\/12\/photo_2023-11-16_20-49-38.jpg 1280w\" sizes=\"auto, (max-width: 1024px) 100vw, 1024px\" \/><\/a>\n\t\t\t<\/dt><\/dl><br style=\"clear: both\" \/><dl class='gallery-item'>\n\t\t\t<dt class='gallery-icon landscape'>\n\t\t\t\t<a href='https:\/\/galicia.ingenierosnavales.com\/index.php\/2023\/12\/14\/exposicion-y-mesa-redonda-offshore-en-la-ria-de-ferrol-pasado-presente-futuro\/photo_2023-11-16_20-49-36\/'><img loading=\"lazy\" decoding=\"async\" width=\"1024\" height=\"768\" src=\"https:\/\/galicia.ingenierosnavales.com\/wp-content\/uploads\/2023\/12\/photo_2023-11-16_20-49-36-1024x768.jpg\" class=\"attachment-large size-large no-lazy\" alt=\"\" srcset=\"https:\/\/galicia.ingenierosnavales.com\/wp-content\/uploads\/2023\/12\/photo_2023-11-16_20-49-36-1024x768.jpg 1024w, https:\/\/galicia.ingenierosnavales.com\/wp-content\/uploads\/2023\/12\/photo_2023-11-16_20-49-36-300x225.jpg 300w, https:\/\/galicia.ingenierosnavales.com\/wp-content\/uploads\/2023\/12\/photo_2023-11-16_20-49-36-768x576.jpg 768w, https:\/\/galicia.ingenierosnavales.com\/wp-content\/uploads\/2023\/12\/photo_2023-11-16_20-49-36.jpg 1280w\" sizes=\"auto, (max-width: 1024px) 100vw, 1024px\" \/><\/a>\n\t\t\t<\/dt><\/dl><dl class='gallery-item'>\n\t\t\t<dt class='gallery-icon landscape'>\n\t\t\t\t<a href='https:\/\/galicia.ingenierosnavales.com\/index.php\/2023\/12\/14\/exposicion-y-mesa-redonda-offshore-en-la-ria-de-ferrol-pasado-presente-futuro\/photo_2023-11-16_20-49-34\/'><img loading=\"lazy\" decoding=\"async\" width=\"1024\" height=\"768\" src=\"https:\/\/galicia.ingenierosnavales.com\/wp-content\/uploads\/2023\/12\/photo_2023-11-16_20-49-34-1024x768.jpg\" class=\"attachment-large size-large no-lazy\" alt=\"\" srcset=\"https:\/\/galicia.ingenierosnavales.com\/wp-content\/uploads\/2023\/12\/photo_2023-11-16_20-49-34-1024x768.jpg 1024w, https:\/\/galicia.ingenierosnavales.com\/wp-content\/uploads\/2023\/12\/photo_2023-11-16_20-49-34-300x225.jpg 300w, https:\/\/galicia.ingenierosnavales.com\/wp-content\/uploads\/2023\/12\/photo_2023-11-16_20-49-34-768x576.jpg 768w, https:\/\/galicia.ingenierosnavales.com\/wp-content\/uploads\/2023\/12\/photo_2023-11-16_20-49-34.jpg 1280w\" sizes=\"auto, (max-width: 1024px) 100vw, 1024px\" \/><\/a>\n\t\t\t<\/dt><\/dl><dl class='gallery-item'>\n\t\t\t<dt class='gallery-icon landscape'>\n\t\t\t\t<a href='https:\/\/galicia.ingenierosnavales.com\/index.php\/2023\/12\/14\/exposicion-y-mesa-redonda-offshore-en-la-ria-de-ferrol-pasado-presente-futuro\/photo_2023-11-16_20-49-33\/'><img loading=\"lazy\" decoding=\"async\" width=\"1024\" height=\"768\" src=\"https:\/\/galicia.ingenierosnavales.com\/wp-content\/uploads\/2023\/12\/photo_2023-11-16_20-49-33-1024x768.jpg\" class=\"attachment-large size-large no-lazy\" alt=\"\" srcset=\"https:\/\/galicia.ingenierosnavales.com\/wp-content\/uploads\/2023\/12\/photo_2023-11-16_20-49-33-1024x768.jpg 1024w, https:\/\/galicia.ingenierosnavales.com\/wp-content\/uploads\/2023\/12\/photo_2023-11-16_20-49-33-300x225.jpg 300w, https:\/\/galicia.ingenierosnavales.com\/wp-content\/uploads\/2023\/12\/photo_2023-11-16_20-49-33-768x576.jpg 768w, https:\/\/galicia.ingenierosnavales.com\/wp-content\/uploads\/2023\/12\/photo_2023-11-16_20-49-33.jpg 1280w\" sizes=\"auto, (max-width: 1024px) 100vw, 1024px\" \/><\/a>\n\t\t\t<\/dt><\/dl><br style=\"clear: both\" \/><dl class='gallery-item'>\n\t\t\t<dt class='gallery-icon landscape'>\n\t\t\t\t<a href='https:\/\/galicia.ingenierosnavales.com\/index.php\/2023\/12\/14\/exposicion-y-mesa-redonda-offshore-en-la-ria-de-ferrol-pasado-presente-futuro\/photo_2023-11-16_20-49-30\/'><img loading=\"lazy\" decoding=\"async\" width=\"1024\" height=\"768\" src=\"https:\/\/galicia.ingenierosnavales.com\/wp-content\/uploads\/2023\/12\/photo_2023-11-16_20-49-30-1024x768.jpg\" class=\"attachment-large size-large no-lazy\" alt=\"\" srcset=\"https:\/\/galicia.ingenierosnavales.com\/wp-content\/uploads\/2023\/12\/photo_2023-11-16_20-49-30-1024x768.jpg 1024w, https:\/\/galicia.ingenierosnavales.com\/wp-content\/uploads\/2023\/12\/photo_2023-11-16_20-49-30-300x225.jpg 300w, https:\/\/galicia.ingenierosnavales.com\/wp-content\/uploads\/2023\/12\/photo_2023-11-16_20-49-30-768x576.jpg 768w, https:\/\/galicia.ingenierosnavales.com\/wp-content\/uploads\/2023\/12\/photo_2023-11-16_20-49-30.jpg 1280w\" sizes=\"auto, (max-width: 1024px) 100vw, 1024px\" \/><\/a>\n\t\t\t<\/dt><\/dl><dl class='gallery-item'>\n\t\t\t<dt class='gallery-icon landscape'>\n\t\t\t\t<a href='https:\/\/galicia.ingenierosnavales.com\/index.php\/2023\/12\/14\/exposicion-y-mesa-redonda-offshore-en-la-ria-de-ferrol-pasado-presente-futuro\/photo_2023-11-16_20-49-29\/'><img loading=\"lazy\" decoding=\"async\" width=\"1024\" height=\"768\" src=\"https:\/\/galicia.ingenierosnavales.com\/wp-content\/uploads\/2023\/12\/photo_2023-11-16_20-49-29-1024x768.jpg\" class=\"attachment-large size-large no-lazy\" alt=\"\" srcset=\"https:\/\/galicia.ingenierosnavales.com\/wp-content\/uploads\/2023\/12\/photo_2023-11-16_20-49-29-1024x768.jpg 1024w, https:\/\/galicia.ingenierosnavales.com\/wp-content\/uploads\/2023\/12\/photo_2023-11-16_20-49-29-300x225.jpg 300w, https:\/\/galicia.ingenierosnavales.com\/wp-content\/uploads\/2023\/12\/photo_2023-11-16_20-49-29-768x576.jpg 768w, https:\/\/galicia.ingenierosnavales.com\/wp-content\/uploads\/2023\/12\/photo_2023-11-16_20-49-29.jpg 1280w\" sizes=\"auto, (max-width: 1024px) 100vw, 1024px\" \/><\/a>\n\t\t\t<\/dt><\/dl><dl class='gallery-item'>\n\t\t\t<dt class='gallery-icon landscape'>\n\t\t\t\t<a href='https:\/\/galicia.ingenierosnavales.com\/index.php\/2023\/12\/14\/exposicion-y-mesa-redonda-offshore-en-la-ria-de-ferrol-pasado-presente-futuro\/photo_2023-11-16_20-49-27\/'><img loading=\"lazy\" decoding=\"async\" width=\"1024\" height=\"768\" src=\"https:\/\/galicia.ingenierosnavales.com\/wp-content\/uploads\/2023\/12\/photo_2023-11-16_20-49-27-1024x768.jpg\" class=\"attachment-large size-large no-lazy\" alt=\"\" srcset=\"https:\/\/galicia.ingenierosnavales.com\/wp-content\/uploads\/2023\/12\/photo_2023-11-16_20-49-27-1024x768.jpg 1024w, https:\/\/galicia.ingenierosnavales.com\/wp-content\/uploads\/2023\/12\/photo_2023-11-16_20-49-27-300x225.jpg 300w, https:\/\/galicia.ingenierosnavales.com\/wp-content\/uploads\/2023\/12\/photo_2023-11-16_20-49-27-768x576.jpg 768w, https:\/\/galicia.ingenierosnavales.com\/wp-content\/uploads\/2023\/12\/photo_2023-11-16_20-49-27.jpg 1280w\" sizes=\"auto, (max-width: 1024px) 100vw, 1024px\" \/><\/a>\n\t\t\t<\/dt><\/dl><br style=\"clear: both\" \/><dl class='gallery-item'>\n\t\t\t<dt class='gallery-icon landscape'>\n\t\t\t\t<a href='https:\/\/galicia.ingenierosnavales.com\/index.php\/2023\/12\/14\/exposicion-y-mesa-redonda-offshore-en-la-ria-de-ferrol-pasado-presente-futuro\/photo_2023-11-16_21-12-37\/'><img loading=\"lazy\" decoding=\"async\" width=\"1024\" height=\"768\" src=\"https:\/\/galicia.ingenierosnavales.com\/wp-content\/uploads\/2023\/12\/photo_2023-11-16_21-12-37-1024x768.jpg\" class=\"attachment-large size-large no-lazy\" alt=\"\" srcset=\"https:\/\/galicia.ingenierosnavales.com\/wp-content\/uploads\/2023\/12\/photo_2023-11-16_21-12-37-1024x768.jpg 1024w, https:\/\/galicia.ingenierosnavales.com\/wp-content\/uploads\/2023\/12\/photo_2023-11-16_21-12-37-300x225.jpg 300w, https:\/\/galicia.ingenierosnavales.com\/wp-content\/uploads\/2023\/12\/photo_2023-11-16_21-12-37-768x576.jpg 768w, https:\/\/galicia.ingenierosnavales.com\/wp-content\/uploads\/2023\/12\/photo_2023-11-16_21-12-37.jpg 1280w\" sizes=\"auto, (max-width: 1024px) 100vw, 1024px\" \/><\/a>\n\t\t\t<\/dt><\/dl><dl class='gallery-item'>\n\t\t\t<dt class='gallery-icon landscape'>\n\t\t\t\t<a href='https:\/\/galicia.ingenierosnavales.com\/index.php\/2023\/12\/14\/exposicion-y-mesa-redonda-offshore-en-la-ria-de-ferrol-pasado-presente-futuro\/whatsapp-image-2023-11-20-at-14-36-29\/'><img loading=\"lazy\" decoding=\"async\" width=\"1024\" height=\"768\" src=\"https:\/\/galicia.ingenierosnavales.com\/wp-content\/uploads\/2023\/12\/WhatsApp-Image-2023-11-20-at-14.36.29-1024x768.jpeg\" class=\"attachment-large size-large no-lazy\" alt=\"\" srcset=\"https:\/\/galicia.ingenierosnavales.com\/wp-content\/uploads\/2023\/12\/WhatsApp-Image-2023-11-20-at-14.36.29-1024x768.jpeg 1024w, https:\/\/galicia.ingenierosnavales.com\/wp-content\/uploads\/2023\/12\/WhatsApp-Image-2023-11-20-at-14.36.29-300x225.jpeg 300w, https:\/\/galicia.ingenierosnavales.com\/wp-content\/uploads\/2023\/12\/WhatsApp-Image-2023-11-20-at-14.36.29-768x576.jpeg 768w, https:\/\/galicia.ingenierosnavales.com\/wp-content\/uploads\/2023\/12\/WhatsApp-Image-2023-11-20-at-14.36.29-1536x1152.jpeg 1536w, https:\/\/galicia.ingenierosnavales.com\/wp-content\/uploads\/2023\/12\/WhatsApp-Image-2023-11-20-at-14.36.29.jpeg 2000w\" sizes=\"auto, (max-width: 1024px) 100vw, 1024px\" \/><\/a>\n\t\t\t<\/dt><\/dl><dl class='gallery-item'>\n\t\t\t<dt class='gallery-icon landscape'>\n\t\t\t\t<a href='https:\/\/galicia.ingenierosnavales.com\/index.php\/2023\/12\/14\/exposicion-y-mesa-redonda-offshore-en-la-ria-de-ferrol-pasado-presente-futuro\/whatsapp-image-2023-11-20-at-14-36-30-2\/'><img loading=\"lazy\" decoding=\"async\" width=\"1024\" height=\"768\" src=\"https:\/\/galicia.ingenierosnavales.com\/wp-content\/uploads\/2023\/12\/WhatsApp-Image-2023-11-20-at-14.36.30-1-1024x768.jpeg\" class=\"attachment-large size-large no-lazy\" alt=\"\" srcset=\"https:\/\/galicia.ingenierosnavales.com\/wp-content\/uploads\/2023\/12\/WhatsApp-Image-2023-11-20-at-14.36.30-1-1024x768.jpeg 1024w, https:\/\/galicia.ingenierosnavales.com\/wp-content\/uploads\/2023\/12\/WhatsApp-Image-2023-11-20-at-14.36.30-1-300x225.jpeg 300w, https:\/\/galicia.ingenierosnavales.com\/wp-content\/uploads\/2023\/12\/WhatsApp-Image-2023-11-20-at-14.36.30-1-768x576.jpeg 768w, https:\/\/galicia.ingenierosnavales.com\/wp-content\/uploads\/2023\/12\/WhatsApp-Image-2023-11-20-at-14.36.30-1-1536x1152.jpeg 1536w, https:\/\/galicia.ingenierosnavales.com\/wp-content\/uploads\/2023\/12\/WhatsApp-Image-2023-11-20-at-14.36.30-1.jpeg 2000w\" sizes=\"auto, (max-width: 1024px) 100vw, 1024px\" \/><\/a>\n\t\t\t<\/dt><\/dl><br style=\"clear: both\" \/><dl class='gallery-item'>\n\t\t\t<dt class='gallery-icon landscape'>\n\t\t\t\t<a href='https:\/\/galicia.ingenierosnavales.com\/index.php\/2023\/12\/14\/exposicion-y-mesa-redonda-offshore-en-la-ria-de-ferrol-pasado-presente-futuro\/whatsapp-image-2023-11-20-at-14-36-32\/'><img loading=\"lazy\" decoding=\"async\" width=\"1024\" height=\"768\" src=\"https:\/\/galicia.ingenierosnavales.com\/wp-content\/uploads\/2023\/12\/WhatsApp-Image-2023-11-20-at-14.36.32-1024x768.jpeg\" class=\"attachment-large size-large no-lazy\" alt=\"\" srcset=\"https:\/\/galicia.ingenierosnavales.com\/wp-content\/uploads\/2023\/12\/WhatsApp-Image-2023-11-20-at-14.36.32-1024x768.jpeg 1024w, https:\/\/galicia.ingenierosnavales.com\/wp-content\/uploads\/2023\/12\/WhatsApp-Image-2023-11-20-at-14.36.32-300x225.jpeg 300w, https:\/\/galicia.ingenierosnavales.com\/wp-content\/uploads\/2023\/12\/WhatsApp-Image-2023-11-20-at-14.36.32-768x576.jpeg 768w, https:\/\/galicia.ingenierosnavales.com\/wp-content\/uploads\/2023\/12\/WhatsApp-Image-2023-11-20-at-14.36.32-1536x1152.jpeg 1536w, https:\/\/galicia.ingenierosnavales.com\/wp-content\/uploads\/2023\/12\/WhatsApp-Image-2023-11-20-at-14.36.32.jpeg 2000w\" sizes=\"auto, (max-width: 1024px) 100vw, 1024px\" \/><\/a>\n\t\t\t<\/dt><\/dl><dl class='gallery-item'>\n\t\t\t<dt class='gallery-icon landscape'>\n\t\t\t\t<a href='https:\/\/galicia.ingenierosnavales.com\/index.php\/2023\/12\/14\/exposicion-y-mesa-redonda-offshore-en-la-ria-de-ferrol-pasado-presente-futuro\/whatsapp-image-2023-11-20-at-14-36-33\/'><img loading=\"lazy\" decoding=\"async\" width=\"1024\" height=\"768\" src=\"https:\/\/galicia.ingenierosnavales.com\/wp-content\/uploads\/2023\/12\/WhatsApp-Image-2023-11-20-at-14.36.33-1024x768.jpeg\" class=\"attachment-large size-large no-lazy\" alt=\"\" srcset=\"https:\/\/galicia.ingenierosnavales.com\/wp-content\/uploads\/2023\/12\/WhatsApp-Image-2023-11-20-at-14.36.33-1024x768.jpeg 1024w, https:\/\/galicia.ingenierosnavales.com\/wp-content\/uploads\/2023\/12\/WhatsApp-Image-2023-11-20-at-14.36.33-300x225.jpeg 300w, https:\/\/galicia.ingenierosnavales.com\/wp-content\/uploads\/2023\/12\/WhatsApp-Image-2023-11-20-at-14.36.33-768x576.jpeg 768w, https:\/\/galicia.ingenierosnavales.com\/wp-content\/uploads\/2023\/12\/WhatsApp-Image-2023-11-20-at-14.36.33-1536x1152.jpeg 1536w, https:\/\/galicia.ingenierosnavales.com\/wp-content\/uploads\/2023\/12\/WhatsApp-Image-2023-11-20-at-14.36.33.jpeg 2000w\" sizes=\"auto, (max-width: 1024px) 100vw, 1024px\" \/><\/a>\n\t\t\t<\/dt><\/dl><dl class='gallery-item'>\n\t\t\t<dt class='gallery-icon portrait'>\n\t\t\t\t<a href='https:\/\/galicia.ingenierosnavales.com\/index.php\/2023\/12\/14\/exposicion-y-mesa-redonda-offshore-en-la-ria-de-ferrol-pasado-presente-futuro\/whatsapp-image-2023-11-20-at-14-36-35-1\/'><img loading=\"lazy\" decoding=\"async\" width=\"768\" height=\"1024\" src=\"https:\/\/galicia.ingenierosnavales.com\/wp-content\/uploads\/2023\/12\/WhatsApp-Image-2023-11-20-at-14.36.35-1-768x1024.jpeg\" class=\"attachment-large size-large no-lazy\" alt=\"\" srcset=\"https:\/\/galicia.ingenierosnavales.com\/wp-content\/uploads\/2023\/12\/WhatsApp-Image-2023-11-20-at-14.36.35-1-768x1024.jpeg 768w, https:\/\/galicia.ingenierosnavales.com\/wp-content\/uploads\/2023\/12\/WhatsApp-Image-2023-11-20-at-14.36.35-1-225x300.jpeg 225w, https:\/\/galicia.ingenierosnavales.com\/wp-content\/uploads\/2023\/12\/WhatsApp-Image-2023-11-20-at-14.36.35-1-1152x1536.jpeg 1152w, https:\/\/galicia.ingenierosnavales.com\/wp-content\/uploads\/2023\/12\/WhatsApp-Image-2023-11-20-at-14.36.35-1.jpeg 1500w\" sizes=\"auto, (max-width: 768px) 100vw, 768px\" \/><\/a>\n\t\t\t<\/dt><\/dl><br style=\"clear: both\" \/><dl class='gallery-item'>\n\t\t\t<dt class='gallery-icon landscape'>\n\t\t\t\t<a href='https:\/\/galicia.ingenierosnavales.com\/index.php\/2023\/12\/14\/exposicion-y-mesa-redonda-offshore-en-la-ria-de-ferrol-pasado-presente-futuro\/whatsapp-image-2023-11-20-at-14-36-40-1\/'><img loading=\"lazy\" decoding=\"async\" width=\"1024\" height=\"768\" src=\"https:\/\/galicia.ingenierosnavales.com\/wp-content\/uploads\/2023\/12\/WhatsApp-Image-2023-11-20-at-14.36.40-1-1024x768.jpeg\" class=\"attachment-large size-large no-lazy\" alt=\"\" srcset=\"https:\/\/galicia.ingenierosnavales.com\/wp-content\/uploads\/2023\/12\/WhatsApp-Image-2023-11-20-at-14.36.40-1-1024x768.jpeg 1024w, https:\/\/galicia.ingenierosnavales.com\/wp-content\/uploads\/2023\/12\/WhatsApp-Image-2023-11-20-at-14.36.40-1-300x225.jpeg 300w, https:\/\/galicia.ingenierosnavales.com\/wp-content\/uploads\/2023\/12\/WhatsApp-Image-2023-11-20-at-14.36.40-1-768x576.jpeg 768w, https:\/\/galicia.ingenierosnavales.com\/wp-content\/uploads\/2023\/12\/WhatsApp-Image-2023-11-20-at-14.36.40-1-1536x1152.jpeg 1536w, https:\/\/galicia.ingenierosnavales.com\/wp-content\/uploads\/2023\/12\/WhatsApp-Image-2023-11-20-at-14.36.40-1.jpeg 2000w\" sizes=\"auto, (max-width: 1024px) 100vw, 1024px\" \/><\/a>\n\t\t\t<\/dt><\/dl><dl class='gallery-item'>\n\t\t\t<dt class='gallery-icon landscape'>\n\t\t\t\t<a href='https:\/\/galicia.ingenierosnavales.com\/index.php\/2023\/12\/14\/exposicion-y-mesa-redonda-offshore-en-la-ria-de-ferrol-pasado-presente-futuro\/whatsapp-image-2023-11-20-at-14-36-41\/'><img loading=\"lazy\" decoding=\"async\" width=\"1024\" height=\"768\" src=\"https:\/\/galicia.ingenierosnavales.com\/wp-content\/uploads\/2023\/12\/WhatsApp-Image-2023-11-20-at-14.36.41-1024x768.jpeg\" class=\"attachment-large size-large no-lazy\" alt=\"\" srcset=\"https:\/\/galicia.ingenierosnavales.com\/wp-content\/uploads\/2023\/12\/WhatsApp-Image-2023-11-20-at-14.36.41-1024x768.jpeg 1024w, https:\/\/galicia.ingenierosnavales.com\/wp-content\/uploads\/2023\/12\/WhatsApp-Image-2023-11-20-at-14.36.41-300x225.jpeg 300w, https:\/\/galicia.ingenierosnavales.com\/wp-content\/uploads\/2023\/12\/WhatsApp-Image-2023-11-20-at-14.36.41-768x576.jpeg 768w, https:\/\/galicia.ingenierosnavales.com\/wp-content\/uploads\/2023\/12\/WhatsApp-Image-2023-11-20-at-14.36.41-1536x1152.jpeg 1536w, https:\/\/galicia.ingenierosnavales.com\/wp-content\/uploads\/2023\/12\/WhatsApp-Image-2023-11-20-at-14.36.41.jpeg 2000w\" sizes=\"auto, (max-width: 1024px) 100vw, 1024px\" \/><\/a>\n\t\t\t<\/dt><\/dl><dl class='gallery-item'>\n\t\t\t<dt class='gallery-icon portrait'>\n\t\t\t\t<a href='https:\/\/galicia.ingenierosnavales.com\/index.php\/2023\/12\/14\/exposicion-y-mesa-redonda-offshore-en-la-ria-de-ferrol-pasado-presente-futuro\/whatsapp-image-2023-11-20-at-14-36-43-2\/'><img loading=\"lazy\" decoding=\"async\" width=\"768\" height=\"1024\" src=\"https:\/\/galicia.ingenierosnavales.com\/wp-content\/uploads\/2023\/12\/WhatsApp-Image-2023-11-20-at-14.36.43-2-768x1024.jpeg\" class=\"attachment-large size-large no-lazy\" alt=\"\" srcset=\"https:\/\/galicia.ingenierosnavales.com\/wp-content\/uploads\/2023\/12\/WhatsApp-Image-2023-11-20-at-14.36.43-2-768x1024.jpeg 768w, https:\/\/galicia.ingenierosnavales.com\/wp-content\/uploads\/2023\/12\/WhatsApp-Image-2023-11-20-at-14.36.43-2-225x300.jpeg 225w, https:\/\/galicia.ingenierosnavales.com\/wp-content\/uploads\/2023\/12\/WhatsApp-Image-2023-11-20-at-14.36.43-2-1152x1536.jpeg 1152w, https:\/\/galicia.ingenierosnavales.com\/wp-content\/uploads\/2023\/12\/WhatsApp-Image-2023-11-20-at-14.36.43-2.jpeg 1500w\" sizes=\"auto, (max-width: 768px) 100vw, 768px\" \/><\/a>\n\t\t\t<\/dt><\/dl><br style=\"clear: both\" \/><dl class='gallery-item'>\n\t\t\t<dt class='gallery-icon landscape'>\n\t\t\t\t<a href='https:\/\/galicia.ingenierosnavales.com\/index.php\/2023\/12\/14\/exposicion-y-mesa-redonda-offshore-en-la-ria-de-ferrol-pasado-presente-futuro\/whatsapp-image-2023-11-20-at-14-36-51\/'><img loading=\"lazy\" decoding=\"async\" width=\"1024\" height=\"768\" src=\"https:\/\/galicia.ingenierosnavales.com\/wp-content\/uploads\/2023\/12\/WhatsApp-Image-2023-11-20-at-14.36.51-1024x768.jpeg\" class=\"attachment-large size-large no-lazy\" alt=\"\" srcset=\"https:\/\/galicia.ingenierosnavales.com\/wp-content\/uploads\/2023\/12\/WhatsApp-Image-2023-11-20-at-14.36.51-1024x768.jpeg 1024w, https:\/\/galicia.ingenierosnavales.com\/wp-content\/uploads\/2023\/12\/WhatsApp-Image-2023-11-20-at-14.36.51-300x225.jpeg 300w, https:\/\/galicia.ingenierosnavales.com\/wp-content\/uploads\/2023\/12\/WhatsApp-Image-2023-11-20-at-14.36.51-768x576.jpeg 768w, https:\/\/galicia.ingenierosnavales.com\/wp-content\/uploads\/2023\/12\/WhatsApp-Image-2023-11-20-at-14.36.51-1536x1152.jpeg 1536w, https:\/\/galicia.ingenierosnavales.com\/wp-content\/uploads\/2023\/12\/WhatsApp-Image-2023-11-20-at-14.36.51.jpeg 2000w\" sizes=\"auto, (max-width: 1024px) 100vw, 1024px\" \/><\/a>\n\t\t\t<\/dt><\/dl><dl class='gallery-item'>\n\t\t\t<dt class='gallery-icon portrait'>\n\t\t\t\t<a href='https:\/\/galicia.ingenierosnavales.com\/index.php\/2023\/12\/14\/exposicion-y-mesa-redonda-offshore-en-la-ria-de-ferrol-pasado-presente-futuro\/whatsapp-image-2023-11-20-at-14-36-51-2\/'><img loading=\"lazy\" decoding=\"async\" width=\"768\" height=\"1024\" src=\"https:\/\/galicia.ingenierosnavales.com\/wp-content\/uploads\/2023\/12\/WhatsApp-Image-2023-11-20-at-14.36.51-2-768x1024.jpeg\" class=\"attachment-large size-large no-lazy\" alt=\"\" srcset=\"https:\/\/galicia.ingenierosnavales.com\/wp-content\/uploads\/2023\/12\/WhatsApp-Image-2023-11-20-at-14.36.51-2-768x1024.jpeg 768w, https:\/\/galicia.ingenierosnavales.com\/wp-content\/uploads\/2023\/12\/WhatsApp-Image-2023-11-20-at-14.36.51-2-225x300.jpeg 225w, https:\/\/galicia.ingenierosnavales.com\/wp-content\/uploads\/2023\/12\/WhatsApp-Image-2023-11-20-at-14.36.51-2-1152x1536.jpeg 1152w, https:\/\/galicia.ingenierosnavales.com\/wp-content\/uploads\/2023\/12\/WhatsApp-Image-2023-11-20-at-14.36.51-2.jpeg 1500w\" sizes=\"auto, (max-width: 768px) 100vw, 768px\" \/><\/a>\n\t\t\t<\/dt><\/dl><dl class='gallery-item'>\n\t\t\t<dt class='gallery-icon portrait'>\n\t\t\t\t<a href='https:\/\/galicia.ingenierosnavales.com\/index.php\/2023\/12\/14\/exposicion-y-mesa-redonda-offshore-en-la-ria-de-ferrol-pasado-presente-futuro\/whatsapp-image-2023-11-20-at-14-36-51-1\/'><img loading=\"lazy\" decoding=\"async\" width=\"768\" height=\"1024\" src=\"https:\/\/galicia.ingenierosnavales.com\/wp-content\/uploads\/2023\/12\/WhatsApp-Image-2023-11-20-at-14.36.51-1-768x1024.jpeg\" class=\"attachment-large size-large no-lazy\" alt=\"\" srcset=\"https:\/\/galicia.ingenierosnavales.com\/wp-content\/uploads\/2023\/12\/WhatsApp-Image-2023-11-20-at-14.36.51-1-768x1024.jpeg 768w, https:\/\/galicia.ingenierosnavales.com\/wp-content\/uploads\/2023\/12\/WhatsApp-Image-2023-11-20-at-14.36.51-1-225x300.jpeg 225w, https:\/\/galicia.ingenierosnavales.com\/wp-content\/uploads\/2023\/12\/WhatsApp-Image-2023-11-20-at-14.36.51-1-1152x1536.jpeg 1152w, https:\/\/galicia.ingenierosnavales.com\/wp-content\/uploads\/2023\/12\/WhatsApp-Image-2023-11-20-at-14.36.51-1.jpeg 1500w\" sizes=\"auto, (max-width: 768px) 100vw, 768px\" \/><\/a>\n\t\t\t<\/dt><\/dl><br style=\"clear: both\" \/><dl class='gallery-item'>\n\t\t\t<dt class='gallery-icon portrait'>\n\t\t\t\t<a href='https:\/\/galicia.ingenierosnavales.com\/index.php\/2023\/12\/14\/exposicion-y-mesa-redonda-offshore-en-la-ria-de-ferrol-pasado-presente-futuro\/whatsapp-image-2023-11-20-at-14-36-50\/'><img loading=\"lazy\" decoding=\"async\" width=\"768\" height=\"1024\" src=\"https:\/\/galicia.ingenierosnavales.com\/wp-content\/uploads\/2023\/12\/WhatsApp-Image-2023-11-20-at-14.36.50-768x1024.jpeg\" class=\"attachment-large size-large no-lazy\" alt=\"\" srcset=\"https:\/\/galicia.ingenierosnavales.com\/wp-content\/uploads\/2023\/12\/WhatsApp-Image-2023-11-20-at-14.36.50-768x1024.jpeg 768w, https:\/\/galicia.ingenierosnavales.com\/wp-content\/uploads\/2023\/12\/WhatsApp-Image-2023-11-20-at-14.36.50-225x300.jpeg 225w, https:\/\/galicia.ingenierosnavales.com\/wp-content\/uploads\/2023\/12\/WhatsApp-Image-2023-11-20-at-14.36.50-1152x1536.jpeg 1152w, https:\/\/galicia.ingenierosnavales.com\/wp-content\/uploads\/2023\/12\/WhatsApp-Image-2023-11-20-at-14.36.50.jpeg 1500w\" sizes=\"auto, (max-width: 768px) 100vw, 768px\" \/><\/a>\n\t\t\t<\/dt><\/dl><dl class='gallery-item'>\n\t\t\t<dt class='gallery-icon portrait'>\n\t\t\t\t<a href='https:\/\/galicia.ingenierosnavales.com\/index.php\/2023\/12\/14\/exposicion-y-mesa-redonda-offshore-en-la-ria-de-ferrol-pasado-presente-futuro\/whatsapp-image-2023-11-20-at-14-36-50-2\/'><img loading=\"lazy\" decoding=\"async\" width=\"768\" height=\"1024\" src=\"https:\/\/galicia.ingenierosnavales.com\/wp-content\/uploads\/2023\/12\/WhatsApp-Image-2023-11-20-at-14.36.50-2-768x1024.jpeg\" class=\"attachment-large size-large no-lazy\" alt=\"\" srcset=\"https:\/\/galicia.ingenierosnavales.com\/wp-content\/uploads\/2023\/12\/WhatsApp-Image-2023-11-20-at-14.36.50-2-768x1024.jpeg 768w, https:\/\/galicia.ingenierosnavales.com\/wp-content\/uploads\/2023\/12\/WhatsApp-Image-2023-11-20-at-14.36.50-2-225x300.jpeg 225w, https:\/\/galicia.ingenierosnavales.com\/wp-content\/uploads\/2023\/12\/WhatsApp-Image-2023-11-20-at-14.36.50-2-1152x1536.jpeg 1152w, https:\/\/galicia.ingenierosnavales.com\/wp-content\/uploads\/2023\/12\/WhatsApp-Image-2023-11-20-at-14.36.50-2.jpeg 1500w\" sizes=\"auto, (max-width: 768px) 100vw, 768px\" \/><\/a>\n\t\t\t<\/dt><\/dl><dl class='gallery-item'>\n\t\t\t<dt class='gallery-icon portrait'>\n\t\t\t\t<a href='https:\/\/galicia.ingenierosnavales.com\/index.php\/2023\/12\/14\/exposicion-y-mesa-redonda-offshore-en-la-ria-de-ferrol-pasado-presente-futuro\/whatsapp-image-2023-11-20-at-14-36-50-1\/'><img loading=\"lazy\" decoding=\"async\" width=\"768\" height=\"1024\" src=\"https:\/\/galicia.ingenierosnavales.com\/wp-content\/uploads\/2023\/12\/WhatsApp-Image-2023-11-20-at-14.36.50-1-768x1024.jpeg\" class=\"attachment-large size-large no-lazy\" alt=\"\" srcset=\"https:\/\/galicia.ingenierosnavales.com\/wp-content\/uploads\/2023\/12\/WhatsApp-Image-2023-11-20-at-14.36.50-1-768x1024.jpeg 768w, https:\/\/galicia.ingenierosnavales.com\/wp-content\/uploads\/2023\/12\/WhatsApp-Image-2023-11-20-at-14.36.50-1-225x300.jpeg 225w, https:\/\/galicia.ingenierosnavales.com\/wp-content\/uploads\/2023\/12\/WhatsApp-Image-2023-11-20-at-14.36.50-1-1152x1536.jpeg 1152w, https:\/\/galicia.ingenierosnavales.com\/wp-content\/uploads\/2023\/12\/WhatsApp-Image-2023-11-20-at-14.36.50-1.jpeg 1500w\" sizes=\"auto, (max-width: 768px) 100vw, 768px\" \/><\/a>\n\t\t\t<\/dt><\/dl><br style=\"clear: both\" \/><dl class='gallery-item'>\n\t\t\t<dt class='gallery-icon portrait'>\n\t\t\t\t<a href='https:\/\/galicia.ingenierosnavales.com\/index.php\/2023\/12\/14\/exposicion-y-mesa-redonda-offshore-en-la-ria-de-ferrol-pasado-presente-futuro\/whatsapp-image-2023-11-20-at-14-36-49-1\/'><img loading=\"lazy\" decoding=\"async\" width=\"768\" height=\"1024\" src=\"https:\/\/galicia.ingenierosnavales.com\/wp-content\/uploads\/2023\/12\/WhatsApp-Image-2023-11-20-at-14.36.49-1-768x1024.jpeg\" class=\"attachment-large size-large no-lazy\" alt=\"\" srcset=\"https:\/\/galicia.ingenierosnavales.com\/wp-content\/uploads\/2023\/12\/WhatsApp-Image-2023-11-20-at-14.36.49-1-768x1024.jpeg 768w, https:\/\/galicia.ingenierosnavales.com\/wp-content\/uploads\/2023\/12\/WhatsApp-Image-2023-11-20-at-14.36.49-1-225x300.jpeg 225w, https:\/\/galicia.ingenierosnavales.com\/wp-content\/uploads\/2023\/12\/WhatsApp-Image-2023-11-20-at-14.36.49-1-1152x1536.jpeg 1152w, https:\/\/galicia.ingenierosnavales.com\/wp-content\/uploads\/2023\/12\/WhatsApp-Image-2023-11-20-at-14.36.49-1.jpeg 1500w\" sizes=\"auto, (max-width: 768px) 100vw, 768px\" \/><\/a>\n\t\t\t<\/dt><\/dl><dl class='gallery-item'>\n\t\t\t<dt class='gallery-icon landscape'>\n\t\t\t\t<a href='https:\/\/galicia.ingenierosnavales.com\/index.php\/2023\/12\/14\/exposicion-y-mesa-redonda-offshore-en-la-ria-de-ferrol-pasado-presente-futuro\/whatsapp-image-2023-11-20-at-14-36-46-1\/'><img loading=\"lazy\" decoding=\"async\" width=\"1024\" height=\"768\" src=\"https:\/\/galicia.ingenierosnavales.com\/wp-content\/uploads\/2023\/12\/WhatsApp-Image-2023-11-20-at-14.36.46-1-1024x768.jpeg\" class=\"attachment-large size-large no-lazy\" alt=\"\" srcset=\"https:\/\/galicia.ingenierosnavales.com\/wp-content\/uploads\/2023\/12\/WhatsApp-Image-2023-11-20-at-14.36.46-1-1024x768.jpeg 1024w, https:\/\/galicia.ingenierosnavales.com\/wp-content\/uploads\/2023\/12\/WhatsApp-Image-2023-11-20-at-14.36.46-1-300x225.jpeg 300w, https:\/\/galicia.ingenierosnavales.com\/wp-content\/uploads\/2023\/12\/WhatsApp-Image-2023-11-20-at-14.36.46-1-768x576.jpeg 768w, https:\/\/galicia.ingenierosnavales.com\/wp-content\/uploads\/2023\/12\/WhatsApp-Image-2023-11-20-at-14.36.46-1-1536x1152.jpeg 1536w, https:\/\/galicia.ingenierosnavales.com\/wp-content\/uploads\/2023\/12\/WhatsApp-Image-2023-11-20-at-14.36.46-1.jpeg 2000w\" sizes=\"auto, (max-width: 1024px) 100vw, 1024px\" \/><\/a>\n\t\t\t<\/dt><\/dl><dl class='gallery-item'>\n\t\t\t<dt class='gallery-icon portrait'>\n\t\t\t\t<a href='https:\/\/galicia.ingenierosnavales.com\/index.php\/2023\/12\/14\/exposicion-y-mesa-redonda-offshore-en-la-ria-de-ferrol-pasado-presente-futuro\/whatsapp-image-2023-11-20-at-14-36-45-2\/'><img loading=\"lazy\" decoding=\"async\" width=\"768\" height=\"1024\" src=\"https:\/\/galicia.ingenierosnavales.com\/wp-content\/uploads\/2023\/12\/WhatsApp-Image-2023-11-20-at-14.36.45-2-768x1024.jpeg\" class=\"attachment-large size-large no-lazy\" alt=\"\" srcset=\"https:\/\/galicia.ingenierosnavales.com\/wp-content\/uploads\/2023\/12\/WhatsApp-Image-2023-11-20-at-14.36.45-2-768x1024.jpeg 768w, https:\/\/galicia.ingenierosnavales.com\/wp-content\/uploads\/2023\/12\/WhatsApp-Image-2023-11-20-at-14.36.45-2-225x300.jpeg 225w, https:\/\/galicia.ingenierosnavales.com\/wp-content\/uploads\/2023\/12\/WhatsApp-Image-2023-11-20-at-14.36.45-2-1152x1536.jpeg 1152w, https:\/\/galicia.ingenierosnavales.com\/wp-content\/uploads\/2023\/12\/WhatsApp-Image-2023-11-20-at-14.36.45-2.jpeg 1500w\" sizes=\"auto, (max-width: 768px) 100vw, 768px\" \/><\/a>\n\t\t\t<\/dt><\/dl><br style=\"clear: both\" \/>\n\t\t<\/div>\n\n<p>Algunas de las fotos, han sido cedidas por EXPONAV<\/p>\n","protected":false},"excerpt":{"rendered":"<p>&nbsp; El pasado 16 de noviembre, se abri\u00f3 al p\u00fablico la Exposici\u00f3n \u201cOffshore en la R\u00eda de Ferrol. Pasado-Presente-Futuro\u201d, que se podr\u00e1 visitar hasta el 15 de diciembre de 2023. Con motivo de la&#46;&#46;&#46;<\/p>\n","protected":false},"author":2,"featured_media":6246,"comment_status":"open","ping_status":"open","sticky":false,"template":"","format":"standard","meta":{"om_disable_all_campaigns":false,"_monsterinsights_skip_tracking":false,"_monsterinsights_sitenote_active":false,"_monsterinsights_sitenote_note":"","_monsterinsights_sitenote_category":0,"_uf_show_specific_survey":0,"_uf_disable_surveys":false,"footnotes":""},"categories":[1],"tags":[],"class_list":["post-6245","post","type-post","status-publish","format-standard","has-post-thumbnail","hentry","category-eventos"],"aioseo_notices":[],"yoast_head":"<!-- This site is optimized with the Yoast SEO plugin v24.0 - https:\/\/yoast.com\/wordpress\/plugins\/seo\/ -->\n<title>Exposici\u00f3n y mesa redonda: Offshore en la R\u00eda de Ferrol, Pasado-Presente-Futuro - Delegaci\u00f3n del COIN en Galicia -<\/title>\n<meta name=\"robots\" content=\"index, follow, max-snippet:-1, max-image-preview:large, max-video-preview:-1\" \/>\n<link rel=\"canonical\" href=\"https:\/\/galicia.ingenierosnavales.com\/index.php\/2023\/12\/14\/exposicion-y-mesa-redonda-offshore-en-la-ria-de-ferrol-pasado-presente-futuro\/\" \/>\n<meta property=\"og:locale\" content=\"es_ES\" \/>\n<meta property=\"og:type\" content=\"article\" \/>\n<meta property=\"og:title\" content=\"Exposici\u00f3n y mesa redonda: Offshore en la R\u00eda de Ferrol, Pasado-Presente-Futuro - Delegaci\u00f3n del COIN en Galicia -\" \/>\n<meta property=\"og:description\" content=\"&nbsp; El pasado 16 de noviembre, se abri\u00f3 al p\u00fablico la Exposici\u00f3n \u201cOffshore en la R\u00eda de Ferrol. Pasado-Presente-Futuro\u201d, que se podr\u00e1 visitar hasta el 15 de diciembre de 2023. Con motivo de la&#046;&#046;&#046;\" \/>\n<meta property=\"og:url\" content=\"https:\/\/galicia.ingenierosnavales.com\/index.php\/2023\/12\/14\/exposicion-y-mesa-redonda-offshore-en-la-ria-de-ferrol-pasado-presente-futuro\/\" \/>\n<meta property=\"og:site_name\" content=\"Delegaci\u00f3n del COIN en Galicia -\" \/>\n<meta property=\"article:published_time\" content=\"2023-12-14T09:53:04+00:00\" \/>\n<meta property=\"og:image\" content=\"https:\/\/galicia.ingenierosnavales.com\/wp-content\/uploads\/2023\/12\/WhatsApp-Image-2023-11-20-at-14.36.30.jpeg\" \/>\n\t<meta property=\"og:image:width\" content=\"2000\" \/>\n\t<meta property=\"og:image:height\" content=\"1500\" \/>\n\t<meta property=\"og:image:type\" content=\"image\/jpeg\" \/>\n<meta name=\"author\" content=\"Delegaci\u00f3n Galicia\" \/>\n<meta name=\"twitter:card\" content=\"summary_large_image\" \/>\n<meta name=\"twitter:label1\" content=\"Escrito por\" \/>\n\t<meta name=\"twitter:data1\" content=\"Delegaci\u00f3n Galicia\" \/>\n\t<meta name=\"twitter:label2\" content=\"Tiempo de lectura\" \/>\n\t<meta name=\"twitter:data2\" content=\"1 minuto\" \/>\n<script type=\"application\/ld+json\" class=\"yoast-schema-graph\">{\"@context\":\"https:\/\/schema.org\",\"@graph\":[{\"@type\":\"Article\",\"@id\":\"https:\/\/galicia.ingenierosnavales.com\/index.php\/2023\/12\/14\/exposicion-y-mesa-redonda-offshore-en-la-ria-de-ferrol-pasado-presente-futuro\/#article\",\"isPartOf\":{\"@id\":\"https:\/\/galicia.ingenierosnavales.com\/index.php\/2023\/12\/14\/exposicion-y-mesa-redonda-offshore-en-la-ria-de-ferrol-pasado-presente-futuro\/\"},\"author\":{\"name\":\"Delegaci\u00f3n Galicia\",\"@id\":\"https:\/\/galicia.ingenierosnavales.com\/#\/schema\/person\/5b19750a916831d424f63e9271d4e51d\"},\"headline\":\"Exposici\u00f3n y mesa redonda: Offshore en la R\u00eda de Ferrol, Pasado-Presente-Futuro\",\"datePublished\":\"2023-12-14T09:53:04+00:00\",\"dateModified\":\"2023-12-14T09:53:04+00:00\",\"mainEntityOfPage\":{\"@id\":\"https:\/\/galicia.ingenierosnavales.com\/index.php\/2023\/12\/14\/exposicion-y-mesa-redonda-offshore-en-la-ria-de-ferrol-pasado-presente-futuro\/\"},\"wordCount\":127,\"commentCount\":0,\"publisher\":{\"@id\":\"https:\/\/galicia.ingenierosnavales.com\/#organization\"},\"image\":{\"@id\":\"https:\/\/galicia.ingenierosnavales.com\/index.php\/2023\/12\/14\/exposicion-y-mesa-redonda-offshore-en-la-ria-de-ferrol-pasado-presente-futuro\/#primaryimage\"},\"thumbnailUrl\":\"https:\/\/galicia.ingenierosnavales.com\/wp-content\/uploads\/2023\/12\/WhatsApp-Image-2023-11-20-at-14.36.30.jpeg\",\"articleSection\":[\"Eventos\"],\"inLanguage\":\"es\",\"potentialAction\":[{\"@type\":\"CommentAction\",\"name\":\"Comment\",\"target\":[\"https:\/\/galicia.ingenierosnavales.com\/index.php\/2023\/12\/14\/exposicion-y-mesa-redonda-offshore-en-la-ria-de-ferrol-pasado-presente-futuro\/#respond\"]}]},{\"@type\":\"WebPage\",\"@id\":\"https:\/\/galicia.ingenierosnavales.com\/index.php\/2023\/12\/14\/exposicion-y-mesa-redonda-offshore-en-la-ria-de-ferrol-pasado-presente-futuro\/\",\"url\":\"https:\/\/galicia.ingenierosnavales.com\/index.php\/2023\/12\/14\/exposicion-y-mesa-redonda-offshore-en-la-ria-de-ferrol-pasado-presente-futuro\/\",\"name\":\"Exposici\u00f3n y mesa redonda: Offshore en la R\u00eda de Ferrol, Pasado-Presente-Futuro - Delegaci\u00f3n del COIN en Galicia -\",\"isPartOf\":{\"@id\":\"https:\/\/galicia.ingenierosnavales.com\/#website\"},\"primaryImageOfPage\":{\"@id\":\"https:\/\/galicia.ingenierosnavales.com\/index.php\/2023\/12\/14\/exposicion-y-mesa-redonda-offshore-en-la-ria-de-ferrol-pasado-presente-futuro\/#primaryimage\"},\"image\":{\"@id\":\"https:\/\/galicia.ingenierosnavales.com\/index.php\/2023\/12\/14\/exposicion-y-mesa-redonda-offshore-en-la-ria-de-ferrol-pasado-presente-futuro\/#primaryimage\"},\"thumbnailUrl\":\"https:\/\/galicia.ingenierosnavales.com\/wp-content\/uploads\/2023\/12\/WhatsApp-Image-2023-11-20-at-14.36.30.jpeg\",\"datePublished\":\"2023-12-14T09:53:04+00:00\",\"dateModified\":\"2023-12-14T09:53:04+00:00\",\"breadcrumb\":{\"@id\":\"https:\/\/galicia.ingenierosnavales.com\/index.php\/2023\/12\/14\/exposicion-y-mesa-redonda-offshore-en-la-ria-de-ferrol-pasado-presente-futuro\/#breadcrumb\"},\"inLanguage\":\"es\",\"potentialAction\":[{\"@type\":\"ReadAction\",\"target\":[\"https:\/\/galicia.ingenierosnavales.com\/index.php\/2023\/12\/14\/exposicion-y-mesa-redonda-offshore-en-la-ria-de-ferrol-pasado-presente-futuro\/\"]}]},{\"@type\":\"ImageObject\",\"inLanguage\":\"es\",\"@id\":\"https:\/\/galicia.ingenierosnavales.com\/index.php\/2023\/12\/14\/exposicion-y-mesa-redonda-offshore-en-la-ria-de-ferrol-pasado-presente-futuro\/#primaryimage\",\"url\":\"https:\/\/galicia.ingenierosnavales.com\/wp-content\/uploads\/2023\/12\/WhatsApp-Image-2023-11-20-at-14.36.30.jpeg\",\"contentUrl\":\"https:\/\/galicia.ingenierosnavales.com\/wp-content\/uploads\/2023\/12\/WhatsApp-Image-2023-11-20-at-14.36.30.jpeg\",\"width\":2000,\"height\":1500},{\"@type\":\"BreadcrumbList\",\"@id\":\"https:\/\/galicia.ingenierosnavales.com\/index.php\/2023\/12\/14\/exposicion-y-mesa-redonda-offshore-en-la-ria-de-ferrol-pasado-presente-futuro\/#breadcrumb\",\"itemListElement\":[{\"@type\":\"ListItem\",\"position\":1,\"name\":\"Home\",\"item\":\"https:\/\/galicia.ingenierosnavales.com\/\"},{\"@type\":\"ListItem\",\"position\":2,\"name\":\"Exposici\u00f3n y mesa redonda: Offshore en la R\u00eda de Ferrol, Pasado-Presente-Futuro\"}]},{\"@type\":\"WebSite\",\"@id\":\"https:\/\/galicia.ingenierosnavales.com\/#website\",\"url\":\"https:\/\/galicia.ingenierosnavales.com\/\",\"name\":\"Delegaci\u00f3n del COIN en Galicia -\",\"description\":\"\",\"publisher\":{\"@id\":\"https:\/\/galicia.ingenierosnavales.com\/#organization\"},\"potentialAction\":[{\"@type\":\"SearchAction\",\"target\":{\"@type\":\"EntryPoint\",\"urlTemplate\":\"https:\/\/galicia.ingenierosnavales.com\/?s={search_term_string}\"},\"query-input\":{\"@type\":\"PropertyValueSpecification\",\"valueRequired\":true,\"valueName\":\"search_term_string\"}}],\"inLanguage\":\"es\"},{\"@type\":\"Organization\",\"@id\":\"https:\/\/galicia.ingenierosnavales.com\/#organization\",\"name\":\"Delegaci\u00f3n del COIN en Galicia -\",\"url\":\"https:\/\/galicia.ingenierosnavales.com\/\",\"logo\":{\"@type\":\"ImageObject\",\"inLanguage\":\"es\",\"@id\":\"https:\/\/galicia.ingenierosnavales.com\/#\/schema\/logo\/image\/\",\"url\":\"https:\/\/galicia.ingenierosnavales.com\/wp-content\/uploads\/2022\/03\/logo_2-1.png\",\"contentUrl\":\"https:\/\/galicia.ingenierosnavales.com\/wp-content\/uploads\/2022\/03\/logo_2-1.png\",\"width\":240,\"height\":94,\"caption\":\"Delegaci\u00f3n del COIN en Galicia - \"},\"image\":{\"@id\":\"https:\/\/galicia.ingenierosnavales.com\/#\/schema\/logo\/image\/\"}},{\"@type\":\"Person\",\"@id\":\"https:\/\/galicia.ingenierosnavales.com\/#\/schema\/person\/5b19750a916831d424f63e9271d4e51d\",\"name\":\"Delegaci\u00f3n Galicia\",\"image\":{\"@type\":\"ImageObject\",\"inLanguage\":\"es\",\"@id\":\"https:\/\/galicia.ingenierosnavales.com\/#\/schema\/person\/image\/\",\"url\":\"https:\/\/secure.gravatar.com\/avatar\/8ba9b1dd96c7effddd31fcf63bf8cc7f?s=96&d=mm&r=g\",\"contentUrl\":\"https:\/\/secure.gravatar.com\/avatar\/8ba9b1dd96c7effddd31fcf63bf8cc7f?s=96&d=mm&r=g\",\"caption\":\"Delegaci\u00f3n Galicia\"},\"url\":\"https:\/\/galicia.ingenierosnavales.com\/index.php\/author\/galicia\/\"}]}<\/script>\n<!-- \/ Yoast SEO plugin. -->","yoast_head_json":{"title":"Exposici\u00f3n y mesa redonda: Offshore en la R\u00eda de Ferrol, Pasado-Presente-Futuro - Delegaci\u00f3n del COIN en Galicia -","robots":{"index":"index","follow":"follow","max-snippet":"max-snippet:-1","max-image-preview":"max-image-preview:large","max-video-preview":"max-video-preview:-1"},"canonical":"https:\/\/galicia.ingenierosnavales.com\/index.php\/2023\/12\/14\/exposicion-y-mesa-redonda-offshore-en-la-ria-de-ferrol-pasado-presente-futuro\/","og_locale":"es_ES","og_type":"article","og_title":"Exposici\u00f3n y mesa redonda: Offshore en la R\u00eda de Ferrol, Pasado-Presente-Futuro - Delegaci\u00f3n del COIN en Galicia -","og_description":"&nbsp; El pasado 16 de noviembre, se abri\u00f3 al p\u00fablico la Exposici\u00f3n \u201cOffshore en la R\u00eda de Ferrol. Pasado-Presente-Futuro\u201d, que se podr\u00e1 visitar hasta el 15 de diciembre de 2023. Con motivo de la&#46;&#46;&#46;","og_url":"https:\/\/galicia.ingenierosnavales.com\/index.php\/2023\/12\/14\/exposicion-y-mesa-redonda-offshore-en-la-ria-de-ferrol-pasado-presente-futuro\/","og_site_name":"Delegaci\u00f3n del COIN en Galicia -","article_published_time":"2023-12-14T09:53:04+00:00","og_image":[{"width":2000,"height":1500,"url":"https:\/\/galicia.ingenierosnavales.com\/wp-content\/uploads\/2023\/12\/WhatsApp-Image-2023-11-20-at-14.36.30.jpeg","type":"image\/jpeg"}],"author":"Delegaci\u00f3n Galicia","twitter_card":"summary_large_image","twitter_misc":{"Escrito por":"Delegaci\u00f3n Galicia","Tiempo de lectura":"1 minuto"},"schema":{"@context":"https:\/\/schema.org","@graph":[{"@type":"Article","@id":"https:\/\/galicia.ingenierosnavales.com\/index.php\/2023\/12\/14\/exposicion-y-mesa-redonda-offshore-en-la-ria-de-ferrol-pasado-presente-futuro\/#article","isPartOf":{"@id":"https:\/\/galicia.ingenierosnavales.com\/index.php\/2023\/12\/14\/exposicion-y-mesa-redonda-offshore-en-la-ria-de-ferrol-pasado-presente-futuro\/"},"author":{"name":"Delegaci\u00f3n Galicia","@id":"https:\/\/galicia.ingenierosnavales.com\/#\/schema\/person\/5b19750a916831d424f63e9271d4e51d"},"headline":"Exposici\u00f3n y mesa redonda: Offshore en la R\u00eda de Ferrol, Pasado-Presente-Futuro","datePublished":"2023-12-14T09:53:04+00:00","dateModified":"2023-12-14T09:53:04+00:00","mainEntityOfPage":{"@id":"https:\/\/galicia.ingenierosnavales.com\/index.php\/2023\/12\/14\/exposicion-y-mesa-redonda-offshore-en-la-ria-de-ferrol-pasado-presente-futuro\/"},"wordCount":127,"commentCount":0,"publisher":{"@id":"https:\/\/galicia.ingenierosnavales.com\/#organization"},"image":{"@id":"https:\/\/galicia.ingenierosnavales.com\/index.php\/2023\/12\/14\/exposicion-y-mesa-redonda-offshore-en-la-ria-de-ferrol-pasado-presente-futuro\/#primaryimage"},"thumbnailUrl":"https:\/\/galicia.ingenierosnavales.com\/wp-content\/uploads\/2023\/12\/WhatsApp-Image-2023-11-20-at-14.36.30.jpeg","articleSection":["Eventos"],"inLanguage":"es","potentialAction":[{"@type":"CommentAction","name":"Comment","target":["https:\/\/galicia.ingenierosnavales.com\/index.php\/2023\/12\/14\/exposicion-y-mesa-redonda-offshore-en-la-ria-de-ferrol-pasado-presente-futuro\/#respond"]}]},{"@type":"WebPage","@id":"https:\/\/galicia.ingenierosnavales.com\/index.php\/2023\/12\/14\/exposicion-y-mesa-redonda-offshore-en-la-ria-de-ferrol-pasado-presente-futuro\/","url":"https:\/\/galicia.ingenierosnavales.com\/index.php\/2023\/12\/14\/exposicion-y-mesa-redonda-offshore-en-la-ria-de-ferrol-pasado-presente-futuro\/","name":"Exposici\u00f3n y mesa redonda: Offshore en la R\u00eda de Ferrol, Pasado-Presente-Futuro - Delegaci\u00f3n del COIN en Galicia -","isPartOf":{"@id":"https:\/\/galicia.ingenierosnavales.com\/#website"},"primaryImageOfPage":{"@id":"https:\/\/galicia.ingenierosnavales.com\/index.php\/2023\/12\/14\/exposicion-y-mesa-redonda-offshore-en-la-ria-de-ferrol-pasado-presente-futuro\/#primaryimage"},"image":{"@id":"https:\/\/galicia.ingenierosnavales.com\/index.php\/2023\/12\/14\/exposicion-y-mesa-redonda-offshore-en-la-ria-de-ferrol-pasado-presente-futuro\/#primaryimage"},"thumbnailUrl":"https:\/\/galicia.ingenierosnavales.com\/wp-content\/uploads\/2023\/12\/WhatsApp-Image-2023-11-20-at-14.36.30.jpeg","datePublished":"2023-12-14T09:53:04+00:00","dateModified":"2023-12-14T09:53:04+00:00","breadcrumb":{"@id":"https:\/\/galicia.ingenierosnavales.com\/index.php\/2023\/12\/14\/exposicion-y-mesa-redonda-offshore-en-la-ria-de-ferrol-pasado-presente-futuro\/#breadcrumb"},"inLanguage":"es","potentialAction":[{"@type":"ReadAction","target":["https:\/\/galicia.ingenierosnavales.com\/index.php\/2023\/12\/14\/exposicion-y-mesa-redonda-offshore-en-la-ria-de-ferrol-pasado-presente-futuro\/"]}]},{"@type":"ImageObject","inLanguage":"es","@id":"https:\/\/galicia.ingenierosnavales.com\/index.php\/2023\/12\/14\/exposicion-y-mesa-redonda-offshore-en-la-ria-de-ferrol-pasado-presente-futuro\/#primaryimage","url":"https:\/\/galicia.ingenierosnavales.com\/wp-content\/uploads\/2023\/12\/WhatsApp-Image-2023-11-20-at-14.36.30.jpeg","contentUrl":"https:\/\/galicia.ingenierosnavales.com\/wp-content\/uploads\/2023\/12\/WhatsApp-Image-2023-11-20-at-14.36.30.jpeg","width":2000,"height":1500},{"@type":"BreadcrumbList","@id":"https:\/\/galicia.ingenierosnavales.com\/index.php\/2023\/12\/14\/exposicion-y-mesa-redonda-offshore-en-la-ria-de-ferrol-pasado-presente-futuro\/#breadcrumb","itemListElement":[{"@type":"ListItem","position":1,"name":"Home","item":"https:\/\/galicia.ingenierosnavales.com\/"},{"@type":"ListItem","position":2,"name":"Exposici\u00f3n y mesa redonda: Offshore en la R\u00eda de Ferrol, Pasado-Presente-Futuro"}]},{"@type":"WebSite","@id":"https:\/\/galicia.ingenierosnavales.com\/#website","url":"https:\/\/galicia.ingenierosnavales.com\/","name":"Delegaci\u00f3n del COIN en Galicia -","description":"","publisher":{"@id":"https:\/\/galicia.ingenierosnavales.com\/#organization"},"potentialAction":[{"@type":"SearchAction","target":{"@type":"EntryPoint","urlTemplate":"https:\/\/galicia.ingenierosnavales.com\/?s={search_term_string}"},"query-input":{"@type":"PropertyValueSpecification","valueRequired":true,"valueName":"search_term_string"}}],"inLanguage":"es"},{"@type":"Organization","@id":"https:\/\/galicia.ingenierosnavales.com\/#organization","name":"Delegaci\u00f3n del COIN en Galicia -","url":"https:\/\/galicia.ingenierosnavales.com\/","logo":{"@type":"ImageObject","inLanguage":"es","@id":"https:\/\/galicia.ingenierosnavales.com\/#\/schema\/logo\/image\/","url":"https:\/\/galicia.ingenierosnavales.com\/wp-content\/uploads\/2022\/03\/logo_2-1.png","contentUrl":"https:\/\/galicia.ingenierosnavales.com\/wp-content\/uploads\/2022\/03\/logo_2-1.png","width":240,"height":94,"caption":"Delegaci\u00f3n del COIN en Galicia - "},"image":{"@id":"https:\/\/galicia.ingenierosnavales.com\/#\/schema\/logo\/image\/"}},{"@type":"Person","@id":"https:\/\/galicia.ingenierosnavales.com\/#\/schema\/person\/5b19750a916831d424f63e9271d4e51d","name":"Delegaci\u00f3n Galicia","image":{"@type":"ImageObject","inLanguage":"es","@id":"https:\/\/galicia.ingenierosnavales.com\/#\/schema\/person\/image\/","url":"https:\/\/secure.gravatar.com\/avatar\/8ba9b1dd96c7effddd31fcf63bf8cc7f?s=96&d=mm&r=g","contentUrl":"https:\/\/secure.gravatar.com\/avatar\/8ba9b1dd96c7effddd31fcf63bf8cc7f?s=96&d=mm&r=g","caption":"Delegaci\u00f3n Galicia"},"url":"https:\/\/galicia.ingenierosnavales.com\/index.php\/author\/galicia\/"}]}},"_links":{"self":[{"href":"https:\/\/galicia.ingenierosnavales.com\/index.php\/wp-json\/wp\/v2\/posts\/6245","targetHints":{"allow":["GET"]}}],"collection":[{"href":"https:\/\/galicia.ingenierosnavales.com\/index.php\/wp-json\/wp\/v2\/posts"}],"about":[{"href":"https:\/\/galicia.ingenierosnavales.com\/index.php\/wp-json\/wp\/v2\/types\/post"}],"author":[{"embeddable":true,"href":"https:\/\/galicia.ingenierosnavales.com\/index.php\/wp-json\/wp\/v2\/users\/2"}],"replies":[{"embeddable":true,"href":"https:\/\/galicia.ingenierosnavales.com\/index.php\/wp-json\/wp\/v2\/comments?post=6245"}],"version-history":[{"count":1,"href":"https:\/\/galicia.ingenierosnavales.com\/index.php\/wp-json\/wp\/v2\/posts\/6245\/revisions"}],"predecessor-version":[{"id":6277,"href":"https:\/\/galicia.ingenierosnavales.com\/index.php\/wp-json\/wp\/v2\/posts\/6245\/revisions\/6277"}],"wp:featuredmedia":[{"embeddable":true,"href":"https:\/\/galicia.ingenierosnavales.com\/index.php\/wp-json\/wp\/v2\/media\/6246"}],"wp:attachment":[{"href":"https:\/\/galicia.ingenierosnavales.com\/index.php\/wp-json\/wp\/v2\/media?parent=6245"}],"wp:term":[{"taxonomy":"category","embeddable":true,"href":"https:\/\/galicia.ingenierosnavales.com\/index.php\/wp-json\/wp\/v2\/categories?post=6245"},{"taxonomy":"post_tag","embeddable":true,"href":"https:\/\/galicia.ingenierosnavales.com\/index.php\/wp-json\/wp\/v2\/tags?post=6245"}],"curies":[{"name":"wp","href":"https:\/\/api.w.org\/{rel}","templated":true}]}}