{"id":5825,"date":"2023-10-13T10:41:07","date_gmt":"2023-10-13T10:41:07","guid":{"rendered":"https:\/\/galicia.ingenierosnavales.com\/?p=5825"},"modified":"2023-10-13T11:05:28","modified_gmt":"2023-10-13T11:05:28","slug":"250-aniversario-de-la-creacion-de-las-ensenanzas-de-ingenieria-naval","status":"publish","type":"post","link":"https:\/\/galicia.ingenierosnavales.com\/index.php\/2023\/10\/13\/250-aniversario-de-la-creacion-de-las-ensenanzas-de-ingenieria-naval\/","title":{"rendered":"250 Aniversario de la creaci\u00f3n de las Ense\u00f1anzas de Ingenier\u00eda Naval"},"content":{"rendered":"<p><img loading=\"lazy\" decoding=\"async\" class=\"aligncenter wp-image-5827 size-full\" src=\"https:\/\/galicia.ingenierosnavales.com\/wp-content\/uploads\/2023\/10\/placa-250.png\" alt=\"\" width=\"461\" height=\"334\" srcset=\"https:\/\/galicia.ingenierosnavales.com\/wp-content\/uploads\/2023\/10\/placa-250.png 461w, https:\/\/galicia.ingenierosnavales.com\/wp-content\/uploads\/2023\/10\/placa-250-300x217.png 300w\" sizes=\"auto, (max-width: 461px) 100vw, 461px\" \/><\/p>\n<p>El pasado d\u00eda catorce de julio tuvo lugar, en los jardines de la Escuela Polit\u00e9cnica de Ferrol, el descubrimiento de una placa conmemorativa en recuerdo la creaci\u00f3n de la primera Academia de Ingenieros de Marina que, que, con car\u00e1cter provisional, se estableci\u00f3 en la llamada Plaza del Rey que daba acceso al Real Astillero de Esteyro, actual astillero de Navantia-Ferrol, situada en las proximidades del edificio de la Escuela Polit\u00e9cnica<\/p>\n<p><img loading=\"lazy\" decoding=\"async\" class=\"aligncenter wp-image-5828 size-medium\" src=\"https:\/\/galicia.ingenierosnavales.com\/wp-content\/uploads\/2023\/10\/WhatsApp-Image-2023-10-13-at-12.21.10-3-225x300.jpeg\" alt=\"\" width=\"225\" height=\"300\" srcset=\"https:\/\/galicia.ingenierosnavales.com\/wp-content\/uploads\/2023\/10\/WhatsApp-Image-2023-10-13-at-12.21.10-3-225x300.jpeg 225w, https:\/\/galicia.ingenierosnavales.com\/wp-content\/uploads\/2023\/10\/WhatsApp-Image-2023-10-13-at-12.21.10-3-768x1024.jpeg 768w, https:\/\/galicia.ingenierosnavales.com\/wp-content\/uploads\/2023\/10\/WhatsApp-Image-2023-10-13-at-12.21.10-3-1152x1536.jpeg 1152w, https:\/\/galicia.ingenierosnavales.com\/wp-content\/uploads\/2023\/10\/WhatsApp-Image-2023-10-13-at-12.21.10-3.jpeg 1500w\" sizes=\"auto, (max-width: 225px) 100vw, 225px\" \/><\/p>\n<h6 style=\"text-align: center;\">Vicente D\u00edaz Cas\u00e1s y Jos\u00e9 Mar\u00eda de Juan-Garc\u00eda, descubriendo la placa<\/h6>\n<p>&nbsp;<\/p>\n<p><img loading=\"lazy\" decoding=\"async\" class=\"aligncenter wp-image-5829 size-large\" src=\"https:\/\/galicia.ingenierosnavales.com\/wp-content\/uploads\/2023\/10\/WhatsApp-Image-2023-10-13-at-12.21.05-2-1024x768.jpeg\" alt=\"\" width=\"1024\" height=\"768\" srcset=\"https:\/\/galicia.ingenierosnavales.com\/wp-content\/uploads\/2023\/10\/WhatsApp-Image-2023-10-13-at-12.21.05-2-1024x768.jpeg 1024w, https:\/\/galicia.ingenierosnavales.com\/wp-content\/uploads\/2023\/10\/WhatsApp-Image-2023-10-13-at-12.21.05-2-300x225.jpeg 300w, https:\/\/galicia.ingenierosnavales.com\/wp-content\/uploads\/2023\/10\/WhatsApp-Image-2023-10-13-at-12.21.05-2-768x576.jpeg 768w, https:\/\/galicia.ingenierosnavales.com\/wp-content\/uploads\/2023\/10\/WhatsApp-Image-2023-10-13-at-12.21.05-2-1536x1152.jpeg 1536w, https:\/\/galicia.ingenierosnavales.com\/wp-content\/uploads\/2023\/10\/WhatsApp-Image-2023-10-13-at-12.21.05-2.jpeg 2000w\" sizes=\"auto, (max-width: 1024px) 100vw, 1024px\" \/><\/p>\n<p>Este acto se enmarca, dentro de las celebraciones organizadas por la Asociaci\u00f3n de Ingenieros Navales y Oce\u00e1nicos\u00a0 para conmemorar el 250 aniversario de la creaci\u00f3n de las Ense\u00f1anzas de la Ingenier\u00eda Naval en Espa\u00f1a. Estuvieron presentes, en la fotograf\u00eda de izquierda a derecha,\u00a0 el presidente de la Asociaci\u00f3n de Ingenieros Navales y Oce\u00e1nicos Diego Fern\u00e1ndez Casado, el director de\u00a0Escuela Polit\u00e9cnica de Ingenier\u00eda de Ferrol Vicente D\u00edaz Cas\u00e1s, el decano territorial en Galicia del Colegio y Asociaci\u00f3n de Ingenieros Navales y Oce\u00e1nicos Jorge Dahl de Sobrino, la vicerrectora do Campus de Ferrol y Responsabilidad Social Mar\u00eda Jes\u00fas Movilla Fern\u00e1ndez, la vicedecana Territorial en Galicia del Colegio de Ingenieros Navales y Oce\u00e1nicos Beatriz Spuch S\u00e1nchez, la directora do Campus Industrial de Ferrol Ana Isabel Ares Pernas, el vocal de la Junta de Gobierno Territorial en Galicia del Colegio de Ingenieros Navales y Oce\u00e1nicos Primitivo Gonz\u00e1lez L\u00f3pez y el colaborador de la Delegaci\u00f3n Territorial en Galicia y autor del texto de la placa Jos\u00e9 Mar\u00eda de Juan-Garc\u00eda Aguado<\/p>\n<p>Como puede apreciarse en las fotograf\u00edas, la placa se coloco en los jardines de la EPEF, en la columna que preside, junto a un ancla cedida por el museo naval de Ferrol, la entrada al la actual Escuela de Ingenieros.<\/p>\n\n\t\t<style>\n\t\t\t#gallery-1 {\n\t\t\t\tmargin: auto;\n\t\t\t}\n\t\t\t#gallery-1 .gallery-item {\n\t\t\t\tfloat: left;\n\t\t\t\tmargin-top: 10px;\n\t\t\t\ttext-align: center;\n\t\t\t\twidth: 33%;\n\t\t\t}\n\t\t\t#gallery-1 img {\n\t\t\t\tborder: 2px solid #cfcfcf;\n\t\t\t}\n\t\t\t#gallery-1 .gallery-caption {\n\t\t\t\tmargin-left: 0;\n\t\t\t}\n\t\t\t\/* see gallery_shortcode() in wp-includes\/media.php *\/\n\t\t<\/style>\n\t\t<div id='gallery-1' class='gallery galleryid-5825 gallery-columns-3 gallery-size-large'><dl class='gallery-item'>\n\t\t\t<dt class='gallery-icon portrait'>\n\t\t\t\t<a href='https:\/\/galicia.ingenierosnavales.com\/index.php\/2023\/10\/13\/250-aniversario-de-la-creacion-de-las-ensenanzas-de-ingenieria-naval\/whatsapp-image-2023-10-13-at-12-21-05-1\/'><img loading=\"lazy\" decoding=\"async\" width=\"768\" height=\"1024\" src=\"https:\/\/galicia.ingenierosnavales.com\/wp-content\/uploads\/2023\/10\/WhatsApp-Image-2023-10-13-at-12.21.05-1-768x1024.jpeg\" class=\"attachment-large size-large no-lazy\" alt=\"\" srcset=\"https:\/\/galicia.ingenierosnavales.com\/wp-content\/uploads\/2023\/10\/WhatsApp-Image-2023-10-13-at-12.21.05-1-768x1024.jpeg 768w, https:\/\/galicia.ingenierosnavales.com\/wp-content\/uploads\/2023\/10\/WhatsApp-Image-2023-10-13-at-12.21.05-1-225x300.jpeg 225w, https:\/\/galicia.ingenierosnavales.com\/wp-content\/uploads\/2023\/10\/WhatsApp-Image-2023-10-13-at-12.21.05-1-1152x1536.jpeg 1152w, https:\/\/galicia.ingenierosnavales.com\/wp-content\/uploads\/2023\/10\/WhatsApp-Image-2023-10-13-at-12.21.05-1.jpeg 1500w\" sizes=\"auto, (max-width: 768px) 100vw, 768px\" \/><\/a>\n\t\t\t<\/dt><\/dl><dl class='gallery-item'>\n\t\t\t<dt class='gallery-icon portrait'>\n\t\t\t\t<a href='https:\/\/galicia.ingenierosnavales.com\/index.php\/2023\/10\/13\/250-aniversario-de-la-creacion-de-las-ensenanzas-de-ingenieria-naval\/whatsapp-image-2023-10-13-at-12-21-05\/'><img loading=\"lazy\" decoding=\"async\" width=\"768\" height=\"1024\" src=\"https:\/\/galicia.ingenierosnavales.com\/wp-content\/uploads\/2023\/10\/WhatsApp-Image-2023-10-13-at-12.21.05-768x1024.jpeg\" class=\"attachment-large size-large no-lazy\" alt=\"\" srcset=\"https:\/\/galicia.ingenierosnavales.com\/wp-content\/uploads\/2023\/10\/WhatsApp-Image-2023-10-13-at-12.21.05-768x1024.jpeg 768w, https:\/\/galicia.ingenierosnavales.com\/wp-content\/uploads\/2023\/10\/WhatsApp-Image-2023-10-13-at-12.21.05-225x300.jpeg 225w, https:\/\/galicia.ingenierosnavales.com\/wp-content\/uploads\/2023\/10\/WhatsApp-Image-2023-10-13-at-12.21.05-1152x1536.jpeg 1152w, https:\/\/galicia.ingenierosnavales.com\/wp-content\/uploads\/2023\/10\/WhatsApp-Image-2023-10-13-at-12.21.05.jpeg 1500w\" sizes=\"auto, (max-width: 768px) 100vw, 768px\" \/><\/a>\n\t\t\t<\/dt><\/dl><dl class='gallery-item'>\n\t\t\t<dt class='gallery-icon landscape'>\n\t\t\t\t<a href='https:\/\/galicia.ingenierosnavales.com\/index.php\/2023\/10\/13\/250-aniversario-de-la-creacion-de-las-ensenanzas-de-ingenieria-naval\/whatsapp-image-2023-10-13-at-12-21-12-2\/'><img loading=\"lazy\" decoding=\"async\" width=\"1024\" height=\"768\" src=\"https:\/\/galicia.ingenierosnavales.com\/wp-content\/uploads\/2023\/10\/WhatsApp-Image-2023-10-13-at-12.21.12-2-1024x768.jpeg\" class=\"attachment-large size-large no-lazy\" alt=\"\" srcset=\"https:\/\/galicia.ingenierosnavales.com\/wp-content\/uploads\/2023\/10\/WhatsApp-Image-2023-10-13-at-12.21.12-2-1024x768.jpeg 1024w, https:\/\/galicia.ingenierosnavales.com\/wp-content\/uploads\/2023\/10\/WhatsApp-Image-2023-10-13-at-12.21.12-2-300x225.jpeg 300w, https:\/\/galicia.ingenierosnavales.com\/wp-content\/uploads\/2023\/10\/WhatsApp-Image-2023-10-13-at-12.21.12-2-768x576.jpeg 768w, https:\/\/galicia.ingenierosnavales.com\/wp-content\/uploads\/2023\/10\/WhatsApp-Image-2023-10-13-at-12.21.12-2-1536x1152.jpeg 1536w, https:\/\/galicia.ingenierosnavales.com\/wp-content\/uploads\/2023\/10\/WhatsApp-Image-2023-10-13-at-12.21.12-2.jpeg 2000w\" sizes=\"auto, (max-width: 1024px) 100vw, 1024px\" \/><\/a>\n\t\t\t<\/dt><\/dl><br style=\"clear: both\" \/><dl class='gallery-item'>\n\t\t\t<dt class='gallery-icon portrait'>\n\t\t\t\t<a href='https:\/\/galicia.ingenierosnavales.com\/index.php\/2023\/10\/13\/250-aniversario-de-la-creacion-de-las-ensenanzas-de-ingenieria-naval\/whatsapp-image-2023-10-13-at-12-21-10\/'><img loading=\"lazy\" decoding=\"async\" width=\"768\" height=\"1024\" src=\"https:\/\/galicia.ingenierosnavales.com\/wp-content\/uploads\/2023\/10\/WhatsApp-Image-2023-10-13-at-12.21.10-768x1024.jpeg\" class=\"attachment-large size-large no-lazy\" alt=\"\" srcset=\"https:\/\/galicia.ingenierosnavales.com\/wp-content\/uploads\/2023\/10\/WhatsApp-Image-2023-10-13-at-12.21.10-768x1024.jpeg 768w, https:\/\/galicia.ingenierosnavales.com\/wp-content\/uploads\/2023\/10\/WhatsApp-Image-2023-10-13-at-12.21.10-225x300.jpeg 225w, https:\/\/galicia.ingenierosnavales.com\/wp-content\/uploads\/2023\/10\/WhatsApp-Image-2023-10-13-at-12.21.10-1152x1536.jpeg 1152w, https:\/\/galicia.ingenierosnavales.com\/wp-content\/uploads\/2023\/10\/WhatsApp-Image-2023-10-13-at-12.21.10.jpeg 1500w\" sizes=\"auto, (max-width: 768px) 100vw, 768px\" \/><\/a>\n\t\t\t<\/dt><\/dl><dl class='gallery-item'>\n\t\t\t<dt class='gallery-icon landscape'>\n\t\t\t\t<a href='https:\/\/galicia.ingenierosnavales.com\/index.php\/2023\/10\/13\/250-aniversario-de-la-creacion-de-las-ensenanzas-de-ingenieria-naval\/whatsapp-image-2023-10-13-at-12-21-14-1\/'><img loading=\"lazy\" decoding=\"async\" width=\"1024\" height=\"768\" src=\"https:\/\/galicia.ingenierosnavales.com\/wp-content\/uploads\/2023\/10\/WhatsApp-Image-2023-10-13-at-12.21.14-1-1024x768.jpeg\" class=\"attachment-large size-large no-lazy\" alt=\"\" srcset=\"https:\/\/galicia.ingenierosnavales.com\/wp-content\/uploads\/2023\/10\/WhatsApp-Image-2023-10-13-at-12.21.14-1-1024x768.jpeg 1024w, https:\/\/galicia.ingenierosnavales.com\/wp-content\/uploads\/2023\/10\/WhatsApp-Image-2023-10-13-at-12.21.14-1-300x225.jpeg 300w, https:\/\/galicia.ingenierosnavales.com\/wp-content\/uploads\/2023\/10\/WhatsApp-Image-2023-10-13-at-12.21.14-1-768x576.jpeg 768w, https:\/\/galicia.ingenierosnavales.com\/wp-content\/uploads\/2023\/10\/WhatsApp-Image-2023-10-13-at-12.21.14-1-1536x1152.jpeg 1536w, https:\/\/galicia.ingenierosnavales.com\/wp-content\/uploads\/2023\/10\/WhatsApp-Image-2023-10-13-at-12.21.14-1.jpeg 2000w\" sizes=\"auto, (max-width: 1024px) 100vw, 1024px\" \/><\/a>\n\t\t\t<\/dt><\/dl><dl class='gallery-item'>\n\t\t\t<dt class='gallery-icon portrait'>\n\t\t\t\t<a href='https:\/\/galicia.ingenierosnavales.com\/index.php\/2023\/10\/13\/250-aniversario-de-la-creacion-de-las-ensenanzas-de-ingenieria-naval\/whatsapp-image-2023-10-13-at-12-21-13\/'><img loading=\"lazy\" decoding=\"async\" width=\"768\" height=\"1024\" src=\"https:\/\/galicia.ingenierosnavales.com\/wp-content\/uploads\/2023\/10\/WhatsApp-Image-2023-10-13-at-12.21.13-768x1024.jpeg\" class=\"attachment-large size-large no-lazy\" alt=\"\" srcset=\"https:\/\/galicia.ingenierosnavales.com\/wp-content\/uploads\/2023\/10\/WhatsApp-Image-2023-10-13-at-12.21.13-768x1024.jpeg 768w, https:\/\/galicia.ingenierosnavales.com\/wp-content\/uploads\/2023\/10\/WhatsApp-Image-2023-10-13-at-12.21.13-225x300.jpeg 225w, https:\/\/galicia.ingenierosnavales.com\/wp-content\/uploads\/2023\/10\/WhatsApp-Image-2023-10-13-at-12.21.13-1152x1536.jpeg 1152w, https:\/\/galicia.ingenierosnavales.com\/wp-content\/uploads\/2023\/10\/WhatsApp-Image-2023-10-13-at-12.21.13.jpeg 1500w\" sizes=\"auto, (max-width: 768px) 100vw, 768px\" \/><\/a>\n\t\t\t<\/dt><\/dl><br style=\"clear: both\" \/><dl class='gallery-item'>\n\t\t\t<dt class='gallery-icon landscape'>\n\t\t\t\t<a href='https:\/\/galicia.ingenierosnavales.com\/index.php\/2023\/10\/13\/250-aniversario-de-la-creacion-de-las-ensenanzas-de-ingenieria-naval\/whatsapp-image-2023-10-13-at-12-21-14-2\/'><img loading=\"lazy\" decoding=\"async\" width=\"1024\" height=\"768\" src=\"https:\/\/galicia.ingenierosnavales.com\/wp-content\/uploads\/2023\/10\/WhatsApp-Image-2023-10-13-at-12.21.14-2-1024x768.jpeg\" class=\"attachment-large size-large no-lazy\" alt=\"\" srcset=\"https:\/\/galicia.ingenierosnavales.com\/wp-content\/uploads\/2023\/10\/WhatsApp-Image-2023-10-13-at-12.21.14-2-1024x768.jpeg 1024w, https:\/\/galicia.ingenierosnavales.com\/wp-content\/uploads\/2023\/10\/WhatsApp-Image-2023-10-13-at-12.21.14-2-300x225.jpeg 300w, https:\/\/galicia.ingenierosnavales.com\/wp-content\/uploads\/2023\/10\/WhatsApp-Image-2023-10-13-at-12.21.14-2-768x576.jpeg 768w, https:\/\/galicia.ingenierosnavales.com\/wp-content\/uploads\/2023\/10\/WhatsApp-Image-2023-10-13-at-12.21.14-2-1536x1152.jpeg 1536w, https:\/\/galicia.ingenierosnavales.com\/wp-content\/uploads\/2023\/10\/WhatsApp-Image-2023-10-13-at-12.21.14-2.jpeg 2000w\" sizes=\"auto, (max-width: 1024px) 100vw, 1024px\" \/><\/a>\n\t\t\t<\/dt><\/dl><dl class='gallery-item'>\n\t\t\t<dt class='gallery-icon portrait'>\n\t\t\t\t<a href='https:\/\/galicia.ingenierosnavales.com\/index.php\/2023\/10\/13\/250-aniversario-de-la-creacion-de-las-ensenanzas-de-ingenieria-naval\/whatsapp-image-2023-10-13-at-12-21-12-1\/'><img loading=\"lazy\" decoding=\"async\" width=\"768\" height=\"1024\" src=\"https:\/\/galicia.ingenierosnavales.com\/wp-content\/uploads\/2023\/10\/WhatsApp-Image-2023-10-13-at-12.21.12-1-768x1024.jpeg\" class=\"attachment-large size-large no-lazy\" alt=\"\" srcset=\"https:\/\/galicia.ingenierosnavales.com\/wp-content\/uploads\/2023\/10\/WhatsApp-Image-2023-10-13-at-12.21.12-1-768x1024.jpeg 768w, https:\/\/galicia.ingenierosnavales.com\/wp-content\/uploads\/2023\/10\/WhatsApp-Image-2023-10-13-at-12.21.12-1-225x300.jpeg 225w, https:\/\/galicia.ingenierosnavales.com\/wp-content\/uploads\/2023\/10\/WhatsApp-Image-2023-10-13-at-12.21.12-1-1152x1536.jpeg 1152w, https:\/\/galicia.ingenierosnavales.com\/wp-content\/uploads\/2023\/10\/WhatsApp-Image-2023-10-13-at-12.21.12-1.jpeg 1500w\" sizes=\"auto, (max-width: 768px) 100vw, 768px\" \/><\/a>\n\t\t\t<\/dt><\/dl><dl class='gallery-item'>\n\t\t\t<dt class='gallery-icon landscape'>\n\t\t\t\t<a href='https:\/\/galicia.ingenierosnavales.com\/index.php\/2023\/10\/13\/250-aniversario-de-la-creacion-de-las-ensenanzas-de-ingenieria-naval\/whatsapp-image-2023-10-13-at-12-21-15-1\/'><img loading=\"lazy\" decoding=\"async\" width=\"1024\" height=\"768\" src=\"https:\/\/galicia.ingenierosnavales.com\/wp-content\/uploads\/2023\/10\/WhatsApp-Image-2023-10-13-at-12.21.15-1-1024x768.jpeg\" class=\"attachment-large size-large no-lazy\" alt=\"\" srcset=\"https:\/\/galicia.ingenierosnavales.com\/wp-content\/uploads\/2023\/10\/WhatsApp-Image-2023-10-13-at-12.21.15-1-1024x768.jpeg 1024w, https:\/\/galicia.ingenierosnavales.com\/wp-content\/uploads\/2023\/10\/WhatsApp-Image-2023-10-13-at-12.21.15-1-300x225.jpeg 300w, https:\/\/galicia.ingenierosnavales.com\/wp-content\/uploads\/2023\/10\/WhatsApp-Image-2023-10-13-at-12.21.15-1-768x576.jpeg 768w, https:\/\/galicia.ingenierosnavales.com\/wp-content\/uploads\/2023\/10\/WhatsApp-Image-2023-10-13-at-12.21.15-1-1536x1152.jpeg 1536w, https:\/\/galicia.ingenierosnavales.com\/wp-content\/uploads\/2023\/10\/WhatsApp-Image-2023-10-13-at-12.21.15-1.jpeg 2000w\" sizes=\"auto, (max-width: 1024px) 100vw, 1024px\" \/><\/a>\n\t\t\t<\/dt><\/dl><br style=\"clear: both\" \/><dl class='gallery-item'>\n\t\t\t<dt class='gallery-icon portrait'>\n\t\t\t\t<a href='https:\/\/galicia.ingenierosnavales.com\/index.php\/2023\/10\/13\/250-aniversario-de-la-creacion-de-las-ensenanzas-de-ingenieria-naval\/whatsapp-image-2023-10-13-at-12-21-14\/'><img loading=\"lazy\" decoding=\"async\" width=\"768\" height=\"1024\" src=\"https:\/\/galicia.ingenierosnavales.com\/wp-content\/uploads\/2023\/10\/WhatsApp-Image-2023-10-13-at-12.21.14-768x1024.jpeg\" class=\"attachment-large size-large no-lazy\" alt=\"\" srcset=\"https:\/\/galicia.ingenierosnavales.com\/wp-content\/uploads\/2023\/10\/WhatsApp-Image-2023-10-13-at-12.21.14-768x1024.jpeg 768w, https:\/\/galicia.ingenierosnavales.com\/wp-content\/uploads\/2023\/10\/WhatsApp-Image-2023-10-13-at-12.21.14-225x300.jpeg 225w, https:\/\/galicia.ingenierosnavales.com\/wp-content\/uploads\/2023\/10\/WhatsApp-Image-2023-10-13-at-12.21.14-1152x1536.jpeg 1152w, https:\/\/galicia.ingenierosnavales.com\/wp-content\/uploads\/2023\/10\/WhatsApp-Image-2023-10-13-at-12.21.14.jpeg 1500w\" sizes=\"auto, (max-width: 768px) 100vw, 768px\" \/><\/a>\n\t\t\t<\/dt><\/dl><dl class='gallery-item'>\n\t\t\t<dt class='gallery-icon landscape'>\n\t\t\t\t<a href='https:\/\/galicia.ingenierosnavales.com\/index.php\/2023\/10\/13\/250-aniversario-de-la-creacion-de-las-ensenanzas-de-ingenieria-naval\/whatsapp-image-2023-10-13-at-12-21-15\/'><img loading=\"lazy\" decoding=\"async\" width=\"1024\" height=\"768\" src=\"https:\/\/galicia.ingenierosnavales.com\/wp-content\/uploads\/2023\/10\/WhatsApp-Image-2023-10-13-at-12.21.15-1024x768.jpeg\" class=\"attachment-large size-large no-lazy\" alt=\"\" srcset=\"https:\/\/galicia.ingenierosnavales.com\/wp-content\/uploads\/2023\/10\/WhatsApp-Image-2023-10-13-at-12.21.15-1024x768.jpeg 1024w, https:\/\/galicia.ingenierosnavales.com\/wp-content\/uploads\/2023\/10\/WhatsApp-Image-2023-10-13-at-12.21.15-300x225.jpeg 300w, https:\/\/galicia.ingenierosnavales.com\/wp-content\/uploads\/2023\/10\/WhatsApp-Image-2023-10-13-at-12.21.15-768x576.jpeg 768w, https:\/\/galicia.ingenierosnavales.com\/wp-content\/uploads\/2023\/10\/WhatsApp-Image-2023-10-13-at-12.21.15-1536x1152.jpeg 1536w, https:\/\/galicia.ingenierosnavales.com\/wp-content\/uploads\/2023\/10\/WhatsApp-Image-2023-10-13-at-12.21.15.jpeg 2000w\" sizes=\"auto, (max-width: 1024px) 100vw, 1024px\" \/><\/a>\n\t\t\t<\/dt><\/dl><dl class='gallery-item'>\n\t\t\t<dt class='gallery-icon portrait'>\n\t\t\t\t<a href='https:\/\/galicia.ingenierosnavales.com\/index.php\/2023\/10\/13\/250-aniversario-de-la-creacion-de-las-ensenanzas-de-ingenieria-naval\/whatsapp-image-2023-10-13-at-12-21-13-1\/'><img loading=\"lazy\" decoding=\"async\" width=\"768\" height=\"1024\" src=\"https:\/\/galicia.ingenierosnavales.com\/wp-content\/uploads\/2023\/10\/WhatsApp-Image-2023-10-13-at-12.21.13-1-768x1024.jpeg\" class=\"attachment-large size-large no-lazy\" alt=\"\" srcset=\"https:\/\/galicia.ingenierosnavales.com\/wp-content\/uploads\/2023\/10\/WhatsApp-Image-2023-10-13-at-12.21.13-1-768x1024.jpeg 768w, https:\/\/galicia.ingenierosnavales.com\/wp-content\/uploads\/2023\/10\/WhatsApp-Image-2023-10-13-at-12.21.13-1-225x300.jpeg 225w, https:\/\/galicia.ingenierosnavales.com\/wp-content\/uploads\/2023\/10\/WhatsApp-Image-2023-10-13-at-12.21.13-1-1152x1536.jpeg 1152w, https:\/\/galicia.ingenierosnavales.com\/wp-content\/uploads\/2023\/10\/WhatsApp-Image-2023-10-13-at-12.21.13-1.jpeg 1500w\" sizes=\"auto, (max-width: 768px) 100vw, 768px\" \/><\/a>\n\t\t\t<\/dt><\/dl><br style=\"clear: both\" \/><dl class='gallery-item'>\n\t\t\t<dt class='gallery-icon landscape'>\n\t\t\t\t<a href='https:\/\/galicia.ingenierosnavales.com\/index.php\/2023\/10\/13\/250-aniversario-de-la-creacion-de-las-ensenanzas-de-ingenieria-naval\/whatsapp-image-2023-10-13-at-12-21-16-1\/'><img loading=\"lazy\" decoding=\"async\" width=\"1024\" height=\"768\" src=\"https:\/\/galicia.ingenierosnavales.com\/wp-content\/uploads\/2023\/10\/WhatsApp-Image-2023-10-13-at-12.21.16-1-1024x768.jpeg\" class=\"attachment-large size-large no-lazy\" alt=\"\" srcset=\"https:\/\/galicia.ingenierosnavales.com\/wp-content\/uploads\/2023\/10\/WhatsApp-Image-2023-10-13-at-12.21.16-1-1024x768.jpeg 1024w, https:\/\/galicia.ingenierosnavales.com\/wp-content\/uploads\/2023\/10\/WhatsApp-Image-2023-10-13-at-12.21.16-1-300x225.jpeg 300w, https:\/\/galicia.ingenierosnavales.com\/wp-content\/uploads\/2023\/10\/WhatsApp-Image-2023-10-13-at-12.21.16-1-768x576.jpeg 768w, https:\/\/galicia.ingenierosnavales.com\/wp-content\/uploads\/2023\/10\/WhatsApp-Image-2023-10-13-at-12.21.16-1-1536x1152.jpeg 1536w, https:\/\/galicia.ingenierosnavales.com\/wp-content\/uploads\/2023\/10\/WhatsApp-Image-2023-10-13-at-12.21.16-1.jpeg 2000w\" sizes=\"auto, (max-width: 1024px) 100vw, 1024px\" \/><\/a>\n\t\t\t<\/dt><\/dl><dl class='gallery-item'>\n\t\t\t<dt class='gallery-icon portrait'>\n\t\t\t\t<a href='https:\/\/galicia.ingenierosnavales.com\/index.php\/2023\/10\/13\/250-aniversario-de-la-creacion-de-las-ensenanzas-de-ingenieria-naval\/whatsapp-image-2023-10-13-at-12-21-16\/'><img loading=\"lazy\" decoding=\"async\" width=\"768\" height=\"1024\" src=\"https:\/\/galicia.ingenierosnavales.com\/wp-content\/uploads\/2023\/10\/WhatsApp-Image-2023-10-13-at-12.21.16-768x1024.jpeg\" class=\"attachment-large size-large no-lazy\" alt=\"\" srcset=\"https:\/\/galicia.ingenierosnavales.com\/wp-content\/uploads\/2023\/10\/WhatsApp-Image-2023-10-13-at-12.21.16-768x1024.jpeg 768w, https:\/\/galicia.ingenierosnavales.com\/wp-content\/uploads\/2023\/10\/WhatsApp-Image-2023-10-13-at-12.21.16-225x300.jpeg 225w, https:\/\/galicia.ingenierosnavales.com\/wp-content\/uploads\/2023\/10\/WhatsApp-Image-2023-10-13-at-12.21.16-1152x1536.jpeg 1152w, https:\/\/galicia.ingenierosnavales.com\/wp-content\/uploads\/2023\/10\/WhatsApp-Image-2023-10-13-at-12.21.16.jpeg 1500w\" sizes=\"auto, (max-width: 768px) 100vw, 768px\" \/><\/a>\n\t\t\t<\/dt><\/dl><dl class='gallery-item'>\n\t\t\t<dt class='gallery-icon landscape'>\n\t\t\t\t<a href='https:\/\/galicia.ingenierosnavales.com\/index.php\/2023\/10\/13\/250-aniversario-de-la-creacion-de-las-ensenanzas-de-ingenieria-naval\/whatsapp-image-2023-10-13-at-12-21-17\/'><img loading=\"lazy\" decoding=\"async\" width=\"1024\" height=\"768\" src=\"https:\/\/galicia.ingenierosnavales.com\/wp-content\/uploads\/2023\/10\/WhatsApp-Image-2023-10-13-at-12.21.17-1024x768.jpeg\" class=\"attachment-large size-large no-lazy\" alt=\"\" srcset=\"https:\/\/galicia.ingenierosnavales.com\/wp-content\/uploads\/2023\/10\/WhatsApp-Image-2023-10-13-at-12.21.17-1024x768.jpeg 1024w, https:\/\/galicia.ingenierosnavales.com\/wp-content\/uploads\/2023\/10\/WhatsApp-Image-2023-10-13-at-12.21.17-300x225.jpeg 300w, https:\/\/galicia.ingenierosnavales.com\/wp-content\/uploads\/2023\/10\/WhatsApp-Image-2023-10-13-at-12.21.17-768x576.jpeg 768w, https:\/\/galicia.ingenierosnavales.com\/wp-content\/uploads\/2023\/10\/WhatsApp-Image-2023-10-13-at-12.21.17-1536x1152.jpeg 1536w, https:\/\/galicia.ingenierosnavales.com\/wp-content\/uploads\/2023\/10\/WhatsApp-Image-2023-10-13-at-12.21.17.jpeg 2000w\" sizes=\"auto, (max-width: 1024px) 100vw, 1024px\" \/><\/a>\n\t\t\t<\/dt><\/dl><br style=\"clear: both\" \/><dl class='gallery-item'>\n\t\t\t<dt class='gallery-icon portrait'>\n\t\t\t\t<a href='https:\/\/galicia.ingenierosnavales.com\/index.php\/2023\/10\/13\/250-aniversario-de-la-creacion-de-las-ensenanzas-de-ingenieria-naval\/whatsapp-image-2023-10-13-at-12-21-10-2\/'><img loading=\"lazy\" decoding=\"async\" width=\"768\" height=\"1024\" src=\"https:\/\/galicia.ingenierosnavales.com\/wp-content\/uploads\/2023\/10\/WhatsApp-Image-2023-10-13-at-12.21.10-2-768x1024.jpeg\" class=\"attachment-large size-large no-lazy\" alt=\"\" srcset=\"https:\/\/galicia.ingenierosnavales.com\/wp-content\/uploads\/2023\/10\/WhatsApp-Image-2023-10-13-at-12.21.10-2-768x1024.jpeg 768w, https:\/\/galicia.ingenierosnavales.com\/wp-content\/uploads\/2023\/10\/WhatsApp-Image-2023-10-13-at-12.21.10-2-225x300.jpeg 225w, https:\/\/galicia.ingenierosnavales.com\/wp-content\/uploads\/2023\/10\/WhatsApp-Image-2023-10-13-at-12.21.10-2-1152x1536.jpeg 1152w, https:\/\/galicia.ingenierosnavales.com\/wp-content\/uploads\/2023\/10\/WhatsApp-Image-2023-10-13-at-12.21.10-2.jpeg 1500w\" sizes=\"auto, (max-width: 768px) 100vw, 768px\" \/><\/a>\n\t\t\t<\/dt><\/dl><dl class='gallery-item'>\n\t\t\t<dt class='gallery-icon portrait'>\n\t\t\t\t<a href='https:\/\/galicia.ingenierosnavales.com\/index.php\/2023\/10\/13\/250-aniversario-de-la-creacion-de-las-ensenanzas-de-ingenieria-naval\/whatsapp-image-2023-10-13-at-12-21-10-3-2\/'><img loading=\"lazy\" decoding=\"async\" width=\"768\" height=\"1024\" src=\"https:\/\/galicia.ingenierosnavales.com\/wp-content\/uploads\/2023\/10\/WhatsApp-Image-2023-10-13-at-12.21.10-3-1-768x1024.jpeg\" class=\"attachment-large size-large no-lazy\" alt=\"\" srcset=\"https:\/\/galicia.ingenierosnavales.com\/wp-content\/uploads\/2023\/10\/WhatsApp-Image-2023-10-13-at-12.21.10-3-1-768x1024.jpeg 768w, https:\/\/galicia.ingenierosnavales.com\/wp-content\/uploads\/2023\/10\/WhatsApp-Image-2023-10-13-at-12.21.10-3-1-225x300.jpeg 225w, https:\/\/galicia.ingenierosnavales.com\/wp-content\/uploads\/2023\/10\/WhatsApp-Image-2023-10-13-at-12.21.10-3-1-1152x1536.jpeg 1152w, https:\/\/galicia.ingenierosnavales.com\/wp-content\/uploads\/2023\/10\/WhatsApp-Image-2023-10-13-at-12.21.10-3-1.jpeg 1500w\" sizes=\"auto, (max-width: 768px) 100vw, 768px\" \/><\/a>\n\t\t\t<\/dt><\/dl><dl class='gallery-item'>\n\t\t\t<dt class='gallery-icon portrait'>\n\t\t\t\t<a href='https:\/\/galicia.ingenierosnavales.com\/index.php\/2023\/10\/13\/250-aniversario-de-la-creacion-de-las-ensenanzas-de-ingenieria-naval\/whatsapp-image-2023-10-13-at-12-21-11\/'><img loading=\"lazy\" decoding=\"async\" width=\"768\" height=\"1024\" src=\"https:\/\/galicia.ingenierosnavales.com\/wp-content\/uploads\/2023\/10\/WhatsApp-Image-2023-10-13-at-12.21.11-768x1024.jpeg\" class=\"attachment-large size-large no-lazy\" alt=\"\" srcset=\"https:\/\/galicia.ingenierosnavales.com\/wp-content\/uploads\/2023\/10\/WhatsApp-Image-2023-10-13-at-12.21.11-768x1024.jpeg 768w, https:\/\/galicia.ingenierosnavales.com\/wp-content\/uploads\/2023\/10\/WhatsApp-Image-2023-10-13-at-12.21.11-225x300.jpeg 225w, https:\/\/galicia.ingenierosnavales.com\/wp-content\/uploads\/2023\/10\/WhatsApp-Image-2023-10-13-at-12.21.11-1152x1536.jpeg 1152w, https:\/\/galicia.ingenierosnavales.com\/wp-content\/uploads\/2023\/10\/WhatsApp-Image-2023-10-13-at-12.21.11.jpeg 1500w\" sizes=\"auto, (max-width: 768px) 100vw, 768px\" \/><\/a>\n\t\t\t<\/dt><\/dl><br style=\"clear: both\" \/><dl class='gallery-item'>\n\t\t\t<dt class='gallery-icon portrait'>\n\t\t\t\t<a href='https:\/\/galicia.ingenierosnavales.com\/index.php\/2023\/10\/13\/250-aniversario-de-la-creacion-de-las-ensenanzas-de-ingenieria-naval\/whatsapp-image-2023-10-13-at-12-21-07\/'><img loading=\"lazy\" decoding=\"async\" width=\"768\" height=\"1024\" src=\"https:\/\/galicia.ingenierosnavales.com\/wp-content\/uploads\/2023\/10\/WhatsApp-Image-2023-10-13-at-12.21.07-768x1024.jpeg\" class=\"attachment-large size-large no-lazy\" alt=\"\" srcset=\"https:\/\/galicia.ingenierosnavales.com\/wp-content\/uploads\/2023\/10\/WhatsApp-Image-2023-10-13-at-12.21.07-768x1024.jpeg 768w, https:\/\/galicia.ingenierosnavales.com\/wp-content\/uploads\/2023\/10\/WhatsApp-Image-2023-10-13-at-12.21.07-225x300.jpeg 225w, https:\/\/galicia.ingenierosnavales.com\/wp-content\/uploads\/2023\/10\/WhatsApp-Image-2023-10-13-at-12.21.07-1152x1536.jpeg 1152w, https:\/\/galicia.ingenierosnavales.com\/wp-content\/uploads\/2023\/10\/WhatsApp-Image-2023-10-13-at-12.21.07.jpeg 1500w\" sizes=\"auto, (max-width: 768px) 100vw, 768px\" \/><\/a>\n\t\t\t<\/dt><\/dl><dl class='gallery-item'>\n\t\t\t<dt class='gallery-icon portrait'>\n\t\t\t\t<a href='https:\/\/galicia.ingenierosnavales.com\/index.php\/2023\/10\/13\/250-aniversario-de-la-creacion-de-las-ensenanzas-de-ingenieria-naval\/whatsapp-image-2023-10-13-at-12-21-10-1\/'><img loading=\"lazy\" decoding=\"async\" width=\"768\" height=\"1024\" src=\"https:\/\/galicia.ingenierosnavales.com\/wp-content\/uploads\/2023\/10\/WhatsApp-Image-2023-10-13-at-12.21.10-1-768x1024.jpeg\" class=\"attachment-large size-large no-lazy\" alt=\"\" srcset=\"https:\/\/galicia.ingenierosnavales.com\/wp-content\/uploads\/2023\/10\/WhatsApp-Image-2023-10-13-at-12.21.10-1-768x1024.jpeg 768w, https:\/\/galicia.ingenierosnavales.com\/wp-content\/uploads\/2023\/10\/WhatsApp-Image-2023-10-13-at-12.21.10-1-225x300.jpeg 225w, https:\/\/galicia.ingenierosnavales.com\/wp-content\/uploads\/2023\/10\/WhatsApp-Image-2023-10-13-at-12.21.10-1-1152x1536.jpeg 1152w, https:\/\/galicia.ingenierosnavales.com\/wp-content\/uploads\/2023\/10\/WhatsApp-Image-2023-10-13-at-12.21.10-1.jpeg 1500w\" sizes=\"auto, (max-width: 768px) 100vw, 768px\" \/><\/a>\n\t\t\t<\/dt><\/dl><dl class='gallery-item'>\n\t\t\t<dt class='gallery-icon portrait'>\n\t\t\t\t<a href='https:\/\/galicia.ingenierosnavales.com\/index.php\/2023\/10\/13\/250-aniversario-de-la-creacion-de-las-ensenanzas-de-ingenieria-naval\/whatsapp-image-2023-10-13-at-12-21-11-1\/'><img loading=\"lazy\" decoding=\"async\" width=\"768\" height=\"1024\" src=\"https:\/\/galicia.ingenierosnavales.com\/wp-content\/uploads\/2023\/10\/WhatsApp-Image-2023-10-13-at-12.21.11-1-768x1024.jpeg\" class=\"attachment-large size-large no-lazy\" alt=\"\" srcset=\"https:\/\/galicia.ingenierosnavales.com\/wp-content\/uploads\/2023\/10\/WhatsApp-Image-2023-10-13-at-12.21.11-1-768x1024.jpeg 768w, https:\/\/galicia.ingenierosnavales.com\/wp-content\/uploads\/2023\/10\/WhatsApp-Image-2023-10-13-at-12.21.11-1-225x300.jpeg 225w, https:\/\/galicia.ingenierosnavales.com\/wp-content\/uploads\/2023\/10\/WhatsApp-Image-2023-10-13-at-12.21.11-1-1152x1536.jpeg 1152w, https:\/\/galicia.ingenierosnavales.com\/wp-content\/uploads\/2023\/10\/WhatsApp-Image-2023-10-13-at-12.21.11-1.jpeg 1500w\" sizes=\"auto, (max-width: 768px) 100vw, 768px\" \/><\/a>\n\t\t\t<\/dt><\/dl><br style=\"clear: both\" \/><dl class='gallery-item'>\n\t\t\t<dt class='gallery-icon landscape'>\n\t\t\t\t<a href='https:\/\/galicia.ingenierosnavales.com\/index.php\/2023\/10\/13\/250-aniversario-de-la-creacion-de-las-ensenanzas-de-ingenieria-naval\/whatsapp-image-2023-10-13-at-12-21-05-2-2\/'><img loading=\"lazy\" decoding=\"async\" width=\"1024\" height=\"768\" src=\"https:\/\/galicia.ingenierosnavales.com\/wp-content\/uploads\/2023\/10\/WhatsApp-Image-2023-10-13-at-12.21.05-2-1-1024x768.jpeg\" class=\"attachment-large size-large no-lazy\" alt=\"\" srcset=\"https:\/\/galicia.ingenierosnavales.com\/wp-content\/uploads\/2023\/10\/WhatsApp-Image-2023-10-13-at-12.21.05-2-1-1024x768.jpeg 1024w, https:\/\/galicia.ingenierosnavales.com\/wp-content\/uploads\/2023\/10\/WhatsApp-Image-2023-10-13-at-12.21.05-2-1-300x225.jpeg 300w, https:\/\/galicia.ingenierosnavales.com\/wp-content\/uploads\/2023\/10\/WhatsApp-Image-2023-10-13-at-12.21.05-2-1-768x576.jpeg 768w, https:\/\/galicia.ingenierosnavales.com\/wp-content\/uploads\/2023\/10\/WhatsApp-Image-2023-10-13-at-12.21.05-2-1-1536x1152.jpeg 1536w, https:\/\/galicia.ingenierosnavales.com\/wp-content\/uploads\/2023\/10\/WhatsApp-Image-2023-10-13-at-12.21.05-2-1.jpeg 2000w\" sizes=\"auto, (max-width: 1024px) 100vw, 1024px\" \/><\/a>\n\t\t\t<\/dt><\/dl>\n\t\t\t<br style='clear: both' \/>\n\t\t<\/div>\n\n","protected":false},"excerpt":{"rendered":"<p>El pasado d\u00eda catorce de julio tuvo lugar, en los jardines de la Escuela Polit\u00e9cnica de Ferrol, el descubrimiento de una placa conmemorativa en recuerdo la creaci\u00f3n de la primera Academia de Ingenieros de&#46;&#46;&#46;<\/p>\n","protected":false},"author":2,"featured_media":5829,"comment_status":"open","ping_status":"open","sticky":false,"template":"","format":"standard","meta":{"om_disable_all_campaigns":false,"_monsterinsights_skip_tracking":false,"_monsterinsights_sitenote_active":false,"_monsterinsights_sitenote_note":"","_monsterinsights_sitenote_category":0,"_uf_show_specific_survey":0,"_uf_disable_surveys":false,"footnotes":""},"categories":[1],"tags":[],"class_list":["post-5825","post","type-post","status-publish","format-standard","has-post-thumbnail","hentry","category-eventos"],"aioseo_notices":[],"yoast_head":"<!-- This site is optimized with the Yoast SEO plugin v24.0 - https:\/\/yoast.com\/wordpress\/plugins\/seo\/ -->\n<title>250 Aniversario de la creaci\u00f3n de las Ense\u00f1anzas de Ingenier\u00eda Naval - Delegaci\u00f3n del COIN en Galicia -<\/title>\n<meta name=\"robots\" content=\"index, follow, max-snippet:-1, max-image-preview:large, max-video-preview:-1\" \/>\n<link rel=\"canonical\" href=\"https:\/\/galicia.ingenierosnavales.com\/index.php\/2023\/10\/13\/250-aniversario-de-la-creacion-de-las-ensenanzas-de-ingenieria-naval\/\" \/>\n<meta property=\"og:locale\" content=\"es_ES\" \/>\n<meta property=\"og:type\" content=\"article\" \/>\n<meta property=\"og:title\" content=\"250 Aniversario de la creaci\u00f3n de las Ense\u00f1anzas de Ingenier\u00eda Naval - Delegaci\u00f3n del COIN en Galicia -\" \/>\n<meta property=\"og:description\" content=\"El pasado d\u00eda catorce de julio tuvo lugar, en los jardines de la Escuela Polit\u00e9cnica de Ferrol, el descubrimiento de una placa conmemorativa en recuerdo la creaci\u00f3n de la primera Academia de Ingenieros de&#046;&#046;&#046;\" \/>\n<meta property=\"og:url\" content=\"https:\/\/galicia.ingenierosnavales.com\/index.php\/2023\/10\/13\/250-aniversario-de-la-creacion-de-las-ensenanzas-de-ingenieria-naval\/\" \/>\n<meta property=\"og:site_name\" content=\"Delegaci\u00f3n del COIN en Galicia -\" \/>\n<meta property=\"article:published_time\" content=\"2023-10-13T10:41:07+00:00\" \/>\n<meta property=\"article:modified_time\" content=\"2023-10-13T11:05:28+00:00\" \/>\n<meta property=\"og:image\" content=\"https:\/\/galicia.ingenierosnavales.com\/wp-content\/uploads\/2023\/10\/WhatsApp-Image-2023-10-13-at-12.21.05-2.jpeg\" \/>\n\t<meta property=\"og:image:width\" content=\"2000\" \/>\n\t<meta property=\"og:image:height\" content=\"1500\" \/>\n\t<meta property=\"og:image:type\" content=\"image\/jpeg\" \/>\n<meta name=\"author\" content=\"Delegaci\u00f3n Galicia\" \/>\n<meta name=\"twitter:card\" content=\"summary_large_image\" \/>\n<meta name=\"twitter:label1\" content=\"Escrito por\" \/>\n\t<meta name=\"twitter:data1\" content=\"Delegaci\u00f3n Galicia\" \/>\n\t<meta name=\"twitter:label2\" content=\"Tiempo de lectura\" \/>\n\t<meta name=\"twitter:data2\" content=\"2 minutos\" \/>\n<script type=\"application\/ld+json\" class=\"yoast-schema-graph\">{\"@context\":\"https:\/\/schema.org\",\"@graph\":[{\"@type\":\"Article\",\"@id\":\"https:\/\/galicia.ingenierosnavales.com\/index.php\/2023\/10\/13\/250-aniversario-de-la-creacion-de-las-ensenanzas-de-ingenieria-naval\/#article\",\"isPartOf\":{\"@id\":\"https:\/\/galicia.ingenierosnavales.com\/index.php\/2023\/10\/13\/250-aniversario-de-la-creacion-de-las-ensenanzas-de-ingenieria-naval\/\"},\"author\":{\"name\":\"Delegaci\u00f3n Galicia\",\"@id\":\"https:\/\/galicia.ingenierosnavales.com\/#\/schema\/person\/5b19750a916831d424f63e9271d4e51d\"},\"headline\":\"250 Aniversario de la creaci\u00f3n de las Ense\u00f1anzas de Ingenier\u00eda Naval\",\"datePublished\":\"2023-10-13T10:41:07+00:00\",\"dateModified\":\"2023-10-13T11:05:28+00:00\",\"mainEntityOfPage\":{\"@id\":\"https:\/\/galicia.ingenierosnavales.com\/index.php\/2023\/10\/13\/250-aniversario-de-la-creacion-de-las-ensenanzas-de-ingenieria-naval\/\"},\"wordCount\":341,\"commentCount\":0,\"publisher\":{\"@id\":\"https:\/\/galicia.ingenierosnavales.com\/#organization\"},\"image\":{\"@id\":\"https:\/\/galicia.ingenierosnavales.com\/index.php\/2023\/10\/13\/250-aniversario-de-la-creacion-de-las-ensenanzas-de-ingenieria-naval\/#primaryimage\"},\"thumbnailUrl\":\"https:\/\/galicia.ingenierosnavales.com\/wp-content\/uploads\/2023\/10\/WhatsApp-Image-2023-10-13-at-12.21.05-2.jpeg\",\"articleSection\":[\"Eventos\"],\"inLanguage\":\"es\",\"potentialAction\":[{\"@type\":\"CommentAction\",\"name\":\"Comment\",\"target\":[\"https:\/\/galicia.ingenierosnavales.com\/index.php\/2023\/10\/13\/250-aniversario-de-la-creacion-de-las-ensenanzas-de-ingenieria-naval\/#respond\"]}]},{\"@type\":\"WebPage\",\"@id\":\"https:\/\/galicia.ingenierosnavales.com\/index.php\/2023\/10\/13\/250-aniversario-de-la-creacion-de-las-ensenanzas-de-ingenieria-naval\/\",\"url\":\"https:\/\/galicia.ingenierosnavales.com\/index.php\/2023\/10\/13\/250-aniversario-de-la-creacion-de-las-ensenanzas-de-ingenieria-naval\/\",\"name\":\"250 Aniversario de la creaci\u00f3n de las Ense\u00f1anzas de Ingenier\u00eda Naval - Delegaci\u00f3n del COIN en Galicia -\",\"isPartOf\":{\"@id\":\"https:\/\/galicia.ingenierosnavales.com\/#website\"},\"primaryImageOfPage\":{\"@id\":\"https:\/\/galicia.ingenierosnavales.com\/index.php\/2023\/10\/13\/250-aniversario-de-la-creacion-de-las-ensenanzas-de-ingenieria-naval\/#primaryimage\"},\"image\":{\"@id\":\"https:\/\/galicia.ingenierosnavales.com\/index.php\/2023\/10\/13\/250-aniversario-de-la-creacion-de-las-ensenanzas-de-ingenieria-naval\/#primaryimage\"},\"thumbnailUrl\":\"https:\/\/galicia.ingenierosnavales.com\/wp-content\/uploads\/2023\/10\/WhatsApp-Image-2023-10-13-at-12.21.05-2.jpeg\",\"datePublished\":\"2023-10-13T10:41:07+00:00\",\"dateModified\":\"2023-10-13T11:05:28+00:00\",\"breadcrumb\":{\"@id\":\"https:\/\/galicia.ingenierosnavales.com\/index.php\/2023\/10\/13\/250-aniversario-de-la-creacion-de-las-ensenanzas-de-ingenieria-naval\/#breadcrumb\"},\"inLanguage\":\"es\",\"potentialAction\":[{\"@type\":\"ReadAction\",\"target\":[\"https:\/\/galicia.ingenierosnavales.com\/index.php\/2023\/10\/13\/250-aniversario-de-la-creacion-de-las-ensenanzas-de-ingenieria-naval\/\"]}]},{\"@type\":\"ImageObject\",\"inLanguage\":\"es\",\"@id\":\"https:\/\/galicia.ingenierosnavales.com\/index.php\/2023\/10\/13\/250-aniversario-de-la-creacion-de-las-ensenanzas-de-ingenieria-naval\/#primaryimage\",\"url\":\"https:\/\/galicia.ingenierosnavales.com\/wp-content\/uploads\/2023\/10\/WhatsApp-Image-2023-10-13-at-12.21.05-2.jpeg\",\"contentUrl\":\"https:\/\/galicia.ingenierosnavales.com\/wp-content\/uploads\/2023\/10\/WhatsApp-Image-2023-10-13-at-12.21.05-2.jpeg\",\"width\":2000,\"height\":1500},{\"@type\":\"BreadcrumbList\",\"@id\":\"https:\/\/galicia.ingenierosnavales.com\/index.php\/2023\/10\/13\/250-aniversario-de-la-creacion-de-las-ensenanzas-de-ingenieria-naval\/#breadcrumb\",\"itemListElement\":[{\"@type\":\"ListItem\",\"position\":1,\"name\":\"Home\",\"item\":\"https:\/\/galicia.ingenierosnavales.com\/\"},{\"@type\":\"ListItem\",\"position\":2,\"name\":\"250 Aniversario de la creaci\u00f3n de las Ense\u00f1anzas de Ingenier\u00eda Naval\"}]},{\"@type\":\"WebSite\",\"@id\":\"https:\/\/galicia.ingenierosnavales.com\/#website\",\"url\":\"https:\/\/galicia.ingenierosnavales.com\/\",\"name\":\"Delegaci\u00f3n del COIN en Galicia -\",\"description\":\"\",\"publisher\":{\"@id\":\"https:\/\/galicia.ingenierosnavales.com\/#organization\"},\"potentialAction\":[{\"@type\":\"SearchAction\",\"target\":{\"@type\":\"EntryPoint\",\"urlTemplate\":\"https:\/\/galicia.ingenierosnavales.com\/?s={search_term_string}\"},\"query-input\":{\"@type\":\"PropertyValueSpecification\",\"valueRequired\":true,\"valueName\":\"search_term_string\"}}],\"inLanguage\":\"es\"},{\"@type\":\"Organization\",\"@id\":\"https:\/\/galicia.ingenierosnavales.com\/#organization\",\"name\":\"Delegaci\u00f3n del COIN en Galicia -\",\"url\":\"https:\/\/galicia.ingenierosnavales.com\/\",\"logo\":{\"@type\":\"ImageObject\",\"inLanguage\":\"es\",\"@id\":\"https:\/\/galicia.ingenierosnavales.com\/#\/schema\/logo\/image\/\",\"url\":\"https:\/\/galicia.ingenierosnavales.com\/wp-content\/uploads\/2022\/03\/logo_2-1.png\",\"contentUrl\":\"https:\/\/galicia.ingenierosnavales.com\/wp-content\/uploads\/2022\/03\/logo_2-1.png\",\"width\":240,\"height\":94,\"caption\":\"Delegaci\u00f3n del COIN en Galicia - \"},\"image\":{\"@id\":\"https:\/\/galicia.ingenierosnavales.com\/#\/schema\/logo\/image\/\"}},{\"@type\":\"Person\",\"@id\":\"https:\/\/galicia.ingenierosnavales.com\/#\/schema\/person\/5b19750a916831d424f63e9271d4e51d\",\"name\":\"Delegaci\u00f3n Galicia\",\"image\":{\"@type\":\"ImageObject\",\"inLanguage\":\"es\",\"@id\":\"https:\/\/galicia.ingenierosnavales.com\/#\/schema\/person\/image\/\",\"url\":\"https:\/\/secure.gravatar.com\/avatar\/8ba9b1dd96c7effddd31fcf63bf8cc7f?s=96&d=mm&r=g\",\"contentUrl\":\"https:\/\/secure.gravatar.com\/avatar\/8ba9b1dd96c7effddd31fcf63bf8cc7f?s=96&d=mm&r=g\",\"caption\":\"Delegaci\u00f3n Galicia\"},\"url\":\"https:\/\/galicia.ingenierosnavales.com\/index.php\/author\/galicia\/\"}]}<\/script>\n<!-- \/ Yoast SEO plugin. -->","yoast_head_json":{"title":"250 Aniversario de la creaci\u00f3n de las Ense\u00f1anzas de Ingenier\u00eda Naval - Delegaci\u00f3n del COIN en Galicia -","robots":{"index":"index","follow":"follow","max-snippet":"max-snippet:-1","max-image-preview":"max-image-preview:large","max-video-preview":"max-video-preview:-1"},"canonical":"https:\/\/galicia.ingenierosnavales.com\/index.php\/2023\/10\/13\/250-aniversario-de-la-creacion-de-las-ensenanzas-de-ingenieria-naval\/","og_locale":"es_ES","og_type":"article","og_title":"250 Aniversario de la creaci\u00f3n de las Ense\u00f1anzas de Ingenier\u00eda Naval - Delegaci\u00f3n del COIN en Galicia -","og_description":"El pasado d\u00eda catorce de julio tuvo lugar, en los jardines de la Escuela Polit\u00e9cnica de Ferrol, el descubrimiento de una placa conmemorativa en recuerdo la creaci\u00f3n de la primera Academia de Ingenieros de&#46;&#46;&#46;","og_url":"https:\/\/galicia.ingenierosnavales.com\/index.php\/2023\/10\/13\/250-aniversario-de-la-creacion-de-las-ensenanzas-de-ingenieria-naval\/","og_site_name":"Delegaci\u00f3n del COIN en Galicia -","article_published_time":"2023-10-13T10:41:07+00:00","article_modified_time":"2023-10-13T11:05:28+00:00","og_image":[{"width":2000,"height":1500,"url":"https:\/\/galicia.ingenierosnavales.com\/wp-content\/uploads\/2023\/10\/WhatsApp-Image-2023-10-13-at-12.21.05-2.jpeg","type":"image\/jpeg"}],"author":"Delegaci\u00f3n Galicia","twitter_card":"summary_large_image","twitter_misc":{"Escrito por":"Delegaci\u00f3n Galicia","Tiempo de lectura":"2 minutos"},"schema":{"@context":"https:\/\/schema.org","@graph":[{"@type":"Article","@id":"https:\/\/galicia.ingenierosnavales.com\/index.php\/2023\/10\/13\/250-aniversario-de-la-creacion-de-las-ensenanzas-de-ingenieria-naval\/#article","isPartOf":{"@id":"https:\/\/galicia.ingenierosnavales.com\/index.php\/2023\/10\/13\/250-aniversario-de-la-creacion-de-las-ensenanzas-de-ingenieria-naval\/"},"author":{"name":"Delegaci\u00f3n Galicia","@id":"https:\/\/galicia.ingenierosnavales.com\/#\/schema\/person\/5b19750a916831d424f63e9271d4e51d"},"headline":"250 Aniversario de la creaci\u00f3n de las Ense\u00f1anzas de Ingenier\u00eda Naval","datePublished":"2023-10-13T10:41:07+00:00","dateModified":"2023-10-13T11:05:28+00:00","mainEntityOfPage":{"@id":"https:\/\/galicia.ingenierosnavales.com\/index.php\/2023\/10\/13\/250-aniversario-de-la-creacion-de-las-ensenanzas-de-ingenieria-naval\/"},"wordCount":341,"commentCount":0,"publisher":{"@id":"https:\/\/galicia.ingenierosnavales.com\/#organization"},"image":{"@id":"https:\/\/galicia.ingenierosnavales.com\/index.php\/2023\/10\/13\/250-aniversario-de-la-creacion-de-las-ensenanzas-de-ingenieria-naval\/#primaryimage"},"thumbnailUrl":"https:\/\/galicia.ingenierosnavales.com\/wp-content\/uploads\/2023\/10\/WhatsApp-Image-2023-10-13-at-12.21.05-2.jpeg","articleSection":["Eventos"],"inLanguage":"es","potentialAction":[{"@type":"CommentAction","name":"Comment","target":["https:\/\/galicia.ingenierosnavales.com\/index.php\/2023\/10\/13\/250-aniversario-de-la-creacion-de-las-ensenanzas-de-ingenieria-naval\/#respond"]}]},{"@type":"WebPage","@id":"https:\/\/galicia.ingenierosnavales.com\/index.php\/2023\/10\/13\/250-aniversario-de-la-creacion-de-las-ensenanzas-de-ingenieria-naval\/","url":"https:\/\/galicia.ingenierosnavales.com\/index.php\/2023\/10\/13\/250-aniversario-de-la-creacion-de-las-ensenanzas-de-ingenieria-naval\/","name":"250 Aniversario de la creaci\u00f3n de las Ense\u00f1anzas de Ingenier\u00eda Naval - Delegaci\u00f3n del COIN en Galicia -","isPartOf":{"@id":"https:\/\/galicia.ingenierosnavales.com\/#website"},"primaryImageOfPage":{"@id":"https:\/\/galicia.ingenierosnavales.com\/index.php\/2023\/10\/13\/250-aniversario-de-la-creacion-de-las-ensenanzas-de-ingenieria-naval\/#primaryimage"},"image":{"@id":"https:\/\/galicia.ingenierosnavales.com\/index.php\/2023\/10\/13\/250-aniversario-de-la-creacion-de-las-ensenanzas-de-ingenieria-naval\/#primaryimage"},"thumbnailUrl":"https:\/\/galicia.ingenierosnavales.com\/wp-content\/uploads\/2023\/10\/WhatsApp-Image-2023-10-13-at-12.21.05-2.jpeg","datePublished":"2023-10-13T10:41:07+00:00","dateModified":"2023-10-13T11:05:28+00:00","breadcrumb":{"@id":"https:\/\/galicia.ingenierosnavales.com\/index.php\/2023\/10\/13\/250-aniversario-de-la-creacion-de-las-ensenanzas-de-ingenieria-naval\/#breadcrumb"},"inLanguage":"es","potentialAction":[{"@type":"ReadAction","target":["https:\/\/galicia.ingenierosnavales.com\/index.php\/2023\/10\/13\/250-aniversario-de-la-creacion-de-las-ensenanzas-de-ingenieria-naval\/"]}]},{"@type":"ImageObject","inLanguage":"es","@id":"https:\/\/galicia.ingenierosnavales.com\/index.php\/2023\/10\/13\/250-aniversario-de-la-creacion-de-las-ensenanzas-de-ingenieria-naval\/#primaryimage","url":"https:\/\/galicia.ingenierosnavales.com\/wp-content\/uploads\/2023\/10\/WhatsApp-Image-2023-10-13-at-12.21.05-2.jpeg","contentUrl":"https:\/\/galicia.ingenierosnavales.com\/wp-content\/uploads\/2023\/10\/WhatsApp-Image-2023-10-13-at-12.21.05-2.jpeg","width":2000,"height":1500},{"@type":"BreadcrumbList","@id":"https:\/\/galicia.ingenierosnavales.com\/index.php\/2023\/10\/13\/250-aniversario-de-la-creacion-de-las-ensenanzas-de-ingenieria-naval\/#breadcrumb","itemListElement":[{"@type":"ListItem","position":1,"name":"Home","item":"https:\/\/galicia.ingenierosnavales.com\/"},{"@type":"ListItem","position":2,"name":"250 Aniversario de la creaci\u00f3n de las Ense\u00f1anzas de Ingenier\u00eda Naval"}]},{"@type":"WebSite","@id":"https:\/\/galicia.ingenierosnavales.com\/#website","url":"https:\/\/galicia.ingenierosnavales.com\/","name":"Delegaci\u00f3n del COIN en Galicia -","description":"","publisher":{"@id":"https:\/\/galicia.ingenierosnavales.com\/#organization"},"potentialAction":[{"@type":"SearchAction","target":{"@type":"EntryPoint","urlTemplate":"https:\/\/galicia.ingenierosnavales.com\/?s={search_term_string}"},"query-input":{"@type":"PropertyValueSpecification","valueRequired":true,"valueName":"search_term_string"}}],"inLanguage":"es"},{"@type":"Organization","@id":"https:\/\/galicia.ingenierosnavales.com\/#organization","name":"Delegaci\u00f3n del COIN en Galicia -","url":"https:\/\/galicia.ingenierosnavales.com\/","logo":{"@type":"ImageObject","inLanguage":"es","@id":"https:\/\/galicia.ingenierosnavales.com\/#\/schema\/logo\/image\/","url":"https:\/\/galicia.ingenierosnavales.com\/wp-content\/uploads\/2022\/03\/logo_2-1.png","contentUrl":"https:\/\/galicia.ingenierosnavales.com\/wp-content\/uploads\/2022\/03\/logo_2-1.png","width":240,"height":94,"caption":"Delegaci\u00f3n del COIN en Galicia - "},"image":{"@id":"https:\/\/galicia.ingenierosnavales.com\/#\/schema\/logo\/image\/"}},{"@type":"Person","@id":"https:\/\/galicia.ingenierosnavales.com\/#\/schema\/person\/5b19750a916831d424f63e9271d4e51d","name":"Delegaci\u00f3n Galicia","image":{"@type":"ImageObject","inLanguage":"es","@id":"https:\/\/galicia.ingenierosnavales.com\/#\/schema\/person\/image\/","url":"https:\/\/secure.gravatar.com\/avatar\/8ba9b1dd96c7effddd31fcf63bf8cc7f?s=96&d=mm&r=g","contentUrl":"https:\/\/secure.gravatar.com\/avatar\/8ba9b1dd96c7effddd31fcf63bf8cc7f?s=96&d=mm&r=g","caption":"Delegaci\u00f3n Galicia"},"url":"https:\/\/galicia.ingenierosnavales.com\/index.php\/author\/galicia\/"}]}},"_links":{"self":[{"href":"https:\/\/galicia.ingenierosnavales.com\/index.php\/wp-json\/wp\/v2\/posts\/5825","targetHints":{"allow":["GET"]}}],"collection":[{"href":"https:\/\/galicia.ingenierosnavales.com\/index.php\/wp-json\/wp\/v2\/posts"}],"about":[{"href":"https:\/\/galicia.ingenierosnavales.com\/index.php\/wp-json\/wp\/v2\/types\/post"}],"author":[{"embeddable":true,"href":"https:\/\/galicia.ingenierosnavales.com\/index.php\/wp-json\/wp\/v2\/users\/2"}],"replies":[{"embeddable":true,"href":"https:\/\/galicia.ingenierosnavales.com\/index.php\/wp-json\/wp\/v2\/comments?post=5825"}],"version-history":[{"count":3,"href":"https:\/\/galicia.ingenierosnavales.com\/index.php\/wp-json\/wp\/v2\/posts\/5825\/revisions"}],"predecessor-version":[{"id":5863,"href":"https:\/\/galicia.ingenierosnavales.com\/index.php\/wp-json\/wp\/v2\/posts\/5825\/revisions\/5863"}],"wp:featuredmedia":[{"embeddable":true,"href":"https:\/\/galicia.ingenierosnavales.com\/index.php\/wp-json\/wp\/v2\/media\/5829"}],"wp:attachment":[{"href":"https:\/\/galicia.ingenierosnavales.com\/index.php\/wp-json\/wp\/v2\/media?parent=5825"}],"wp:term":[{"taxonomy":"category","embeddable":true,"href":"https:\/\/galicia.ingenierosnavales.com\/index.php\/wp-json\/wp\/v2\/categories?post=5825"},{"taxonomy":"post_tag","embeddable":true,"href":"https:\/\/galicia.ingenierosnavales.com\/index.php\/wp-json\/wp\/v2\/tags?post=5825"}],"curies":[{"name":"wp","href":"https:\/\/api.w.org\/{rel}","templated":true}]}}