{"id":5606,"date":"2023-09-05T08:36:24","date_gmt":"2023-09-05T08:36:24","guid":{"rendered":"https:\/\/galicia.ingenierosnavales.com\/?p=5606"},"modified":"2023-09-05T09:23:45","modified_gmt":"2023-09-05T09:23:45","slug":"circular-7-23-junta-general-ordinaria-2023","status":"publish","type":"post","link":"https:\/\/galicia.ingenierosnavales.com\/index.php\/2023\/09\/05\/circular-7-23-junta-general-ordinaria-2023\/","title":{"rendered":"CIRCULAR 7\/23- JUNTA GENERAL ORDINARIA 2023"},"content":{"rendered":"<p><a href=\"https:\/\/galicia.ingenierosnavales.com\/wp-content\/uploads\/2023\/09\/CIRCULAR-7-23-JUNTA-GENERAL-ORDINARIA-2023.pdf\"><img fetchpriority=\"high\" decoding=\"async\" class=\"aligncenter wp-image-5607 size-medium\" src=\"https:\/\/galicia.ingenierosnavales.com\/wp-content\/uploads\/2023\/09\/CIRCULAR-723-300x212.png\" alt=\"\" width=\"300\" height=\"212\" srcset=\"https:\/\/galicia.ingenierosnavales.com\/wp-content\/uploads\/2023\/09\/CIRCULAR-723-300x212.png 300w, https:\/\/galicia.ingenierosnavales.com\/wp-content\/uploads\/2023\/09\/CIRCULAR-723-768x543.png 768w, https:\/\/galicia.ingenierosnavales.com\/wp-content\/uploads\/2023\/09\/CIRCULAR-723.png 800w\" sizes=\"(max-width: 300px) 100vw, 300px\" \/><\/a><\/p>\n<p style=\"text-align: right;\"><a href=\"https:\/\/galicia.ingenierosnavales.com\/wp-content\/uploads\/2023\/09\/CIRCULAR-7-23-JUNTA-GENERAL-ORDINARIA-2023.pdf\">CIRCULAR 7-23 JUNTA GENERAL ORDINARIA 2023<\/a><\/p>\n<p style=\"text-align: right;\">Ferrol, a 5 de septiembre de 2023<\/p>\n<p>Querido\/a Compa\u00f1ero\/a:<\/p>\n<p>Tengo el gusto de informarte de:<\/p>\n<p><strong>1.- JUNTA GENERAL ORDINARIA<\/strong><\/p>\n<p><strong>\u00a0<\/strong>Como continuaci\u00f3n a la circular 5\/23 enviada el pasado 28 de julio, se adjunta la convocatoria correspondiente a la Junta General Ordinaria que tendr\u00e1 lugar el <strong>d\u00eda 30 de septiembre de 2023<\/strong>, en el <strong>Hotel Pazo O Rial (Avda. Vilanova, 117, 3660 Vilagarc\u00eda de Arousa).<\/strong><\/p>\n<p style=\"text-align: center;\"><a href=\"https:\/\/galicia.ingenierosnavales.com\/wp-content\/uploads\/2023\/09\/CONVOCATORIA-JUNTA-GENERAL-ORDINARIA-2023.pdf\">CONVOCATORIA JUNTA GENERAL ORDINARIA 2023<\/a><\/p>\n<p>Siguiendo la tradici\u00f3n, adem\u00e1s de la Junta General Ordinaria, tendr\u00e1 lugar un almuerzo para todos los\/as asistentes, adem\u00e1s de una visita organizada por la zona. El coste del men\u00fa ser\u00e1 de 40 \u20ac, de los cu\u00e1les<strong> se subvencionar\u00e1 al Colegiado\/a 20 \u20ac <\/strong>como viene siendo habitual.<\/p>\n<p style=\"text-align: center;\"><strong><em>MEN\u00da \u2013 40\u20ac<\/em><\/strong><\/p>\n<p style=\"text-align: center;\"><em>\u00a0<\/em><em>Tabla de Ib\u00e9ricos c\/Colines<\/em><\/p>\n<p style=\"text-align: center;\"><em>Hojaldritos de Salm\u00f3n<\/em><\/p>\n<p style=\"text-align: center;\"><em>Mejillones a la Vinagreta<\/em><\/p>\n<p style=\"text-align: center;\"><em>***<\/em><\/p>\n<p style=\"text-align: center;\"><strong><em>A ELEGIR ENTRE CARNE O PESCADO<\/em><\/strong><\/p>\n<p style=\"text-align: center;\"><em>Carrillera de ternera al vino tinto c\/trilog\u00eda vegetal napada y cremoso de patata<\/em><\/p>\n<p style=\"text-align: center;\"><em>\u00d3<\/em><\/p>\n<p style=\"text-align: center;\"><em>Lomo de lubina c\/trilog\u00eda vegetal y cremoso de patata<\/em><\/p>\n<p style=\"text-align: center;\"><em>***<\/em><\/p>\n<p style=\"text-align: center;\"><em>\u00a0<\/em><em>Mousse de Arz\u00faa-Ulloa y membrillo casero<\/em><\/p>\n<p style=\"text-align: center;\"><em>***<\/em><\/p>\n<p style=\"text-align: center;\"><em>\u00a0<\/em><em>Aguas, refrescos, cervezas<\/em><\/p>\n<p style=\"text-align: center;\"><em>Ribero blanco y tinto y caf\u00e9<\/em><\/p>\n<p style=\"text-align: center;\"><em>\u00a0<\/em><strong><em>MEN\u00da INFANTIL \u2013 15\u20ac<\/em><\/strong><\/p>\n<p style=\"text-align: center;\"><em>(ni\u00f1os hasta 12 a\u00f1os)<\/em><\/p>\n<p style=\"text-align: center;\"><em>\u00a0<\/em><em>Croquetas caseras<\/em><\/p>\n<p style=\"text-align: center;\"><em>Pizza de jam\u00f3n y queso<\/em><\/p>\n<p style=\"text-align: center;\"><em>***<\/em><\/p>\n<p style=\"text-align: center;\"><em>Crujiente de pollo al lim\u00f3n c\/patatas chip<\/em><\/p>\n<p style=\"text-align: center;\"><em>***<\/em><\/p>\n<p style=\"text-align: center;\"><em>Bola de helado<\/em><\/p>\n<p style=\"text-align: center;\"><em>\u00a0<\/em><em>Bebidas:<\/em><\/p>\n<p style=\"text-align: center;\"><em>Agua mineral y refrescos<\/em><\/p>\n<p>A continuaci\u00f3n del almuerzo, con salida a las 16:30 h. del Muelle de Carril, se ha organizado una ruta interpretativa a la Isla de Cortegada, con regreso a las 19:00 h. al Puerto de Carril.<\/p>\n<p>Tambi\u00e9n os recordamos que existe <strong>una reserva de 15 habitaciones<\/strong>, que se adjudicar\u00e1n seg\u00fan riguroso orden de comunicaci\u00f3n directa con el Hotel y que ya pod\u00e9is gestionar. La persona de contacto para el <strong>\u201cGRUPO INGENIEROS NAVALES<\/strong>\u201d es Chris. Schofield, quien gestionar\u00e1 la reserva de la habitaci\u00f3n hasta el <strong>15 de septiembre <\/strong>a trav\u00e9s de correo electr\u00f3nico <a href=\"mailto:reservas@pazorial.es\">reservas@pazorial.es<\/a>. Aunque la reserva de habitaci\u00f3n se debe hacer con el Hotel directamente, debe enviarse copia a la Delegaci\u00f3n Territorial. A partir del 15 de septiembre, cualquier reserva de habitaci\u00f3n, debe gestionarse directamente con el Hotel Pazo O Rial que asignar\u00e1 seg\u00fan su disponibilidad <strong>(986 50 70 11 \u201cGRUPO INGENIEROS NAVALES\u201d- Responsable Chris. Schofield<\/strong>).<\/p>\n<p><strong>\u00a0<\/strong>El precio de la habitaci\u00f3n doble est\u00e1ndar (2 adultos) es de 99 \u20ac (IVA incluido), y la habitaci\u00f3n doble de uso individual es de 70 \u20ac (IVA incluido) y tambi\u00e9n <strong>s<\/strong><strong>e subvencionar\u00e1n 20 \u20ac\/colegiado<\/strong>.\u00a0 En caso de necesitar camas supletorias, se gestionar\u00e1 y pagar\u00e1 directamente con el Hotel.<\/p>\n<p>HASTA EL <strong>15 DE SEPTIEMBRE<\/strong> (FECHA TOPE DE INSCRIPCI\u00d3N) PODR\u00c1N CONTACTAR CON EL HOTEL PAZO O RIAL. A partir del 15 de septiembre cualquier cancelaci\u00f3n generar\u00e1 gastos que correr\u00e1n a cargo del colegiado. Las inscripciones se considerar\u00e1n firmes una vez se haya realizado el ingreso de la parte correspondiente al colegiado en la cuenta <strong>ES5800815243490001783282<\/strong> del <strong>Banco Sabadell<\/strong> a nombre del Colegio Oficial de Ingenieros Navales y Oce\u00e1nicos; el ingreso u orden de transferencia debe indicar el nombre del colegiado para su registro.<\/p>\n<p>Saludos,<\/p>\n<p>&nbsp;<\/p>\n<p style=\"text-align: center;\">Decano y Junta de Gobierno Territorial<\/p>\n","protected":false},"excerpt":{"rendered":"<p>CIRCULAR 7-23 JUNTA GENERAL ORDINARIA 2023 Ferrol, a 5 de septiembre de 2023 Querido\/a Compa\u00f1ero\/a: Tengo el gusto de informarte de: 1.- JUNTA GENERAL ORDINARIA \u00a0Como continuaci\u00f3n a la circular 5\/23 enviada el pasado&#46;&#46;&#46;<\/p>\n","protected":false},"author":2,"featured_media":5607,"comment_status":"open","ping_status":"closed","sticky":false,"template":"","format":"standard","meta":{"om_disable_all_campaigns":false,"_monsterinsights_skip_tracking":false,"footnotes":""},"categories":[1],"tags":[],"class_list":["post-5606","post","type-post","status-publish","format-standard","has-post-thumbnail","hentry","category-eventos"],"aioseo_notices":[],"aioseo_head":"\n\t\t<!-- All in One SEO 5.0.1.1 - aioseo.com -->\n\t<meta name=\"description\" content=\"CIRCULAR 7-23 JUNTA GENERAL ORDINARIA 2023 Ferrol, a 5 de septiembre de 2023 Querido\/a Compa\u00f1ero\/a: Tengo el gusto de informarte de: 1.- JUNTA GENERAL ORDINARIA Como continuaci\u00f3n a la circular 5\/23 enviada el pasado 28 de julio, se adjunta la convocatoria correspondiente a la Junta General Ordinaria que tendr\u00e1 lugar el d\u00eda 30 de septiembre\" \/>\n\t<meta name=\"robots\" content=\"max-image-preview:large\" \/>\n\t<meta name=\"author\" content=\"Delegaci\u00f3n Galicia\"\/>\n\t<meta name=\"google-site-verification\" content=\"7brmUOAwEmVOzDsnJ9q5QE6pLdw6wH0XiigUsr1GV5s\" \/>\n\t<link rel=\"canonical\" href=\"https:\/\/galicia.ingenierosnavales.com\/index.php\/2023\/09\/05\/circular-7-23-junta-general-ordinaria-2023\/\" \/>\n\t<meta name=\"generator\" content=\"All in One SEO (AIOSEO) 5.0.1.1\" \/>\n\t\t<meta property=\"og:locale\" content=\"es_ES\" \/>\n\t\t<meta property=\"og:site_name\" content=\"Delegaci\u00f3n del COIN en Galicia -  -\" \/>\n\t\t<meta property=\"og:type\" content=\"article\" \/>\n\t\t<meta property=\"og:title\" content=\"CIRCULAR 7\/23- JUNTA GENERAL ORDINARIA 2023 - Delegaci\u00f3n del COIN en Galicia -\" \/>\n\t\t<meta property=\"og:description\" content=\"CIRCULAR 7-23 JUNTA GENERAL ORDINARIA 2023 Ferrol, a 5 de septiembre de 2023 Querido\/a Compa\u00f1ero\/a: Tengo el gusto de informarte de: 1.- JUNTA GENERAL ORDINARIA Como continuaci\u00f3n a la circular 5\/23 enviada el pasado 28 de julio, se adjunta la convocatoria correspondiente a la Junta General Ordinaria que tendr\u00e1 lugar el d\u00eda 30 de septiembre\" \/>\n\t\t<meta property=\"og:url\" content=\"https:\/\/galicia.ingenierosnavales.com\/index.php\/2023\/09\/05\/circular-7-23-junta-general-ordinaria-2023\/\" \/>\n\t\t<meta property=\"og:image\" content=\"https:\/\/galicia.ingenierosnavales.com\/wp-content\/uploads\/2025\/03\/LOGO-GALICIA.png\" \/>\n\t\t<meta property=\"og:image:secure_url\" content=\"https:\/\/galicia.ingenierosnavales.com\/wp-content\/uploads\/2025\/03\/LOGO-GALICIA.png\" \/>\n\t\t<meta property=\"og:image:width\" content=\"1050\" \/>\n\t\t<meta property=\"og:image:height\" content=\"600\" \/>\n\t\t<meta property=\"article:published_time\" content=\"2023-09-05T08:36:24+00:00\" \/>\n\t\t<meta property=\"article:modified_time\" content=\"2023-09-05T09:23:45+00:00\" \/>\n\t\t<meta property=\"article:publisher\" content=\"https:\/\/facebook.com\/Ingenieros Navales Galicia\" \/>\n\t\t<meta name=\"twitter:card\" content=\"summary_large_image\" \/>\n\t\t<meta name=\"twitter:site\" content=\"@Ingenieros%20Navales%20Galicia\" \/>\n\t\t<meta name=\"twitter:title\" content=\"CIRCULAR 7\/23- JUNTA GENERAL ORDINARIA 2023 - Delegaci\u00f3n del COIN en Galicia -\" \/>\n\t\t<meta name=\"twitter:description\" content=\"CIRCULAR 7-23 JUNTA GENERAL ORDINARIA 2023 Ferrol, a 5 de septiembre de 2023 Querido\/a Compa\u00f1ero\/a: Tengo el gusto de informarte de: 1.- JUNTA GENERAL ORDINARIA Como continuaci\u00f3n a la circular 5\/23 enviada el pasado 28 de julio, se adjunta la convocatoria correspondiente a la Junta General Ordinaria que tendr\u00e1 lugar el d\u00eda 30 de septiembre\" \/>\n\t\t<meta name=\"twitter:creator\" content=\"@Ingenieros%20Navales%20Galicia\" \/>\n\t\t<meta name=\"twitter:image\" content=\"https:\/\/galicia.ingenierosnavales.com\/wp-content\/uploads\/2025\/03\/LOGO-GALICIA.png\" \/>\n\t\t<script type=\"application\/ld+json\" class=\"aioseo-schema\">\n\t\t\t{\"@context\":\"https:\\\/\\\/schema.org\",\"@graph\":[{\"@type\":\"BlogPosting\",\"@id\":\"https:\\\/\\\/galicia.ingenierosnavales.com\\\/index.php\\\/2023\\\/09\\\/05\\\/circular-7-23-junta-general-ordinaria-2023\\\/#blogposting\",\"name\":\"CIRCULAR 7\\\/23- JUNTA GENERAL ORDINARIA 2023 - Delegaci\\u00f3n del COIN en Galicia -\",\"headline\":\"CIRCULAR 7\\\/23- JUNTA GENERAL ORDINARIA 2023\",\"author\":{\"@id\":\"https:\\\/\\\/galicia.ingenierosnavales.com\\\/index.php\\\/author\\\/galicia\\\/#author\"},\"publisher\":{\"@id\":\"https:\\\/\\\/galicia.ingenierosnavales.com\\\/#organization\"},\"image\":{\"@type\":\"ImageObject\",\"url\":\"https:\\\/\\\/galicia.ingenierosnavales.com\\\/wp-content\\\/uploads\\\/2023\\\/09\\\/CIRCULAR-723.png\",\"width\":800,\"height\":566},\"datePublished\":\"2023-09-05T08:36:24+00:00\",\"dateModified\":\"2023-09-05T09:23:45+00:00\",\"inLanguage\":\"es-ES\",\"mainEntityOfPage\":{\"@id\":\"https:\\\/\\\/galicia.ingenierosnavales.com\\\/index.php\\\/2023\\\/09\\\/05\\\/circular-7-23-junta-general-ordinaria-2023\\\/#webpage\"},\"isPartOf\":{\"@id\":\"https:\\\/\\\/galicia.ingenierosnavales.com\\\/index.php\\\/2023\\\/09\\\/05\\\/circular-7-23-junta-general-ordinaria-2023\\\/#webpage\"},\"articleSection\":\"Eventos, Espa\\u00f1ol\"},{\"@type\":\"BreadcrumbList\",\"@id\":\"https:\\\/\\\/galicia.ingenierosnavales.com\\\/index.php\\\/2023\\\/09\\\/05\\\/circular-7-23-junta-general-ordinaria-2023\\\/#breadcrumblist\",\"itemListElement\":[{\"@type\":\"ListItem\",\"@id\":\"https:\\\/\\\/galicia.ingenierosnavales.com#listItem\",\"position\":1,\"name\":\"Home\",\"item\":\"https:\\\/\\\/galicia.ingenierosnavales.com\",\"nextItem\":{\"@type\":\"ListItem\",\"@id\":\"https:\\\/\\\/galicia.ingenierosnavales.com\\\/index.php\\\/category\\\/eventos\\\/#listItem\",\"name\":\"Eventos\"}},{\"@type\":\"ListItem\",\"@id\":\"https:\\\/\\\/galicia.ingenierosnavales.com\\\/index.php\\\/category\\\/eventos\\\/#listItem\",\"position\":2,\"name\":\"Eventos\",\"item\":\"https:\\\/\\\/galicia.ingenierosnavales.com\\\/index.php\\\/category\\\/eventos\\\/\",\"nextItem\":{\"@type\":\"ListItem\",\"@id\":\"https:\\\/\\\/galicia.ingenierosnavales.com\\\/index.php\\\/2023\\\/09\\\/05\\\/circular-7-23-junta-general-ordinaria-2023\\\/#listItem\",\"name\":\"CIRCULAR 7\\\/23- JUNTA GENERAL ORDINARIA 2023\"},\"previousItem\":{\"@type\":\"ListItem\",\"@id\":\"https:\\\/\\\/galicia.ingenierosnavales.com#listItem\",\"name\":\"Home\"}},{\"@type\":\"ListItem\",\"@id\":\"https:\\\/\\\/galicia.ingenierosnavales.com\\\/index.php\\\/2023\\\/09\\\/05\\\/circular-7-23-junta-general-ordinaria-2023\\\/#listItem\",\"position\":3,\"name\":\"CIRCULAR 7\\\/23- JUNTA GENERAL ORDINARIA 2023\",\"previousItem\":{\"@type\":\"ListItem\",\"@id\":\"https:\\\/\\\/galicia.ingenierosnavales.com\\\/index.php\\\/category\\\/eventos\\\/#listItem\",\"name\":\"Eventos\"}}]},{\"@type\":\"Organization\",\"@id\":\"https:\\\/\\\/galicia.ingenierosnavales.com\\\/#organization\",\"name\":\"Delegaci\\u00f3n del COIN en Galicia -\",\"url\":\"https:\\\/\\\/galicia.ingenierosnavales.com\\\/\",\"telephone\":\"+34604068370\",\"logo\":{\"@type\":\"ImageObject\",\"url\":\"https:\\\/\\\/galicia.ingenierosnavales.com\\\/wp-content\\\/uploads\\\/2019\\\/09\\\/logo_2-1.png\",\"@id\":\"https:\\\/\\\/galicia.ingenierosnavales.com\\\/index.php\\\/2023\\\/09\\\/05\\\/circular-7-23-junta-general-ordinaria-2023\\\/#organizationLogo\",\"width\":240,\"height\":94},\"image\":{\"@id\":\"https:\\\/\\\/galicia.ingenierosnavales.com\\\/index.php\\\/2023\\\/09\\\/05\\\/circular-7-23-junta-general-ordinaria-2023\\\/#organizationLogo\"},\"sameAs\":[\"https:\\\/\\\/facebook.com\\\/Ingenieros Navales Galicia\",\"https:\\\/\\\/x.com\\\/Ingenieros Navales Galicia\",\"https:\\\/\\\/instagram.com\\\/Ingenieros Navales Galicia\",\"https:\\\/\\\/tiktok.com\\\/@Ingenieros Navales Galicia\",\"https:\\\/\\\/pinterest.com\\\/Ingenieros Navales Galicia\",\"https:\\\/\\\/youtube.com\\\/Ingenieros Navales Galicia\",\"https:\\\/\\\/linkedin.com\\\/in\\\/Ingenieros Navales Galicia\"]},{\"@type\":\"Person\",\"@id\":\"https:\\\/\\\/galicia.ingenierosnavales.com\\\/index.php\\\/author\\\/galicia\\\/#author\",\"url\":\"https:\\\/\\\/galicia.ingenierosnavales.com\\\/index.php\\\/author\\\/galicia\\\/\",\"name\":\"Delegaci\\u00f3n Galicia\",\"image\":{\"@type\":\"ImageObject\",\"@id\":\"https:\\\/\\\/galicia.ingenierosnavales.com\\\/index.php\\\/2023\\\/09\\\/05\\\/circular-7-23-junta-general-ordinaria-2023\\\/#authorImage\",\"url\":\"https:\\\/\\\/secure.gravatar.com\\\/avatar\\\/784387c8ee70f0747950d2413aa515282183abc3726ddcd1d89e0d4fccc292b5?s=96&d=mm&r=g\",\"width\":96,\"height\":96,\"caption\":\"Delegaci\\u00f3n Galicia\"}},{\"@type\":\"WebPage\",\"@id\":\"https:\\\/\\\/galicia.ingenierosnavales.com\\\/index.php\\\/2023\\\/09\\\/05\\\/circular-7-23-junta-general-ordinaria-2023\\\/#webpage\",\"url\":\"https:\\\/\\\/galicia.ingenierosnavales.com\\\/index.php\\\/2023\\\/09\\\/05\\\/circular-7-23-junta-general-ordinaria-2023\\\/\",\"name\":\"CIRCULAR 7\\\/23- JUNTA GENERAL ORDINARIA 2023 - Delegaci\\u00f3n del COIN en Galicia -\",\"description\":\"CIRCULAR 7-23 JUNTA GENERAL ORDINARIA 2023 Ferrol, a 5 de septiembre de 2023 Querido\\\/a Compa\\u00f1ero\\\/a: Tengo el gusto de informarte de: 1.- JUNTA GENERAL ORDINARIA Como continuaci\\u00f3n a la circular 5\\\/23 enviada el pasado 28 de julio, se adjunta la convocatoria correspondiente a la Junta General Ordinaria que tendr\\u00e1 lugar el d\\u00eda 30 de septiembre\",\"inLanguage\":\"es-ES\",\"isPartOf\":{\"@id\":\"https:\\\/\\\/galicia.ingenierosnavales.com\\\/#website\"},\"breadcrumb\":{\"@id\":\"https:\\\/\\\/galicia.ingenierosnavales.com\\\/index.php\\\/2023\\\/09\\\/05\\\/circular-7-23-junta-general-ordinaria-2023\\\/#breadcrumblist\"},\"author\":{\"@id\":\"https:\\\/\\\/galicia.ingenierosnavales.com\\\/index.php\\\/author\\\/galicia\\\/#author\"},\"creator\":{\"@id\":\"https:\\\/\\\/galicia.ingenierosnavales.com\\\/index.php\\\/author\\\/galicia\\\/#author\"},\"image\":{\"@type\":\"ImageObject\",\"url\":\"https:\\\/\\\/galicia.ingenierosnavales.com\\\/wp-content\\\/uploads\\\/2023\\\/09\\\/CIRCULAR-723.png\",\"@id\":\"https:\\\/\\\/galicia.ingenierosnavales.com\\\/index.php\\\/2023\\\/09\\\/05\\\/circular-7-23-junta-general-ordinaria-2023\\\/#mainImage\",\"width\":800,\"height\":566},\"primaryImageOfPage\":{\"@id\":\"https:\\\/\\\/galicia.ingenierosnavales.com\\\/index.php\\\/2023\\\/09\\\/05\\\/circular-7-23-junta-general-ordinaria-2023\\\/#mainImage\"},\"datePublished\":\"2023-09-05T08:36:24+00:00\",\"dateModified\":\"2023-09-05T09:23:45+00:00\"},{\"@type\":\"WebSite\",\"@id\":\"https:\\\/\\\/galicia.ingenierosnavales.com\\\/#website\",\"url\":\"https:\\\/\\\/galicia.ingenierosnavales.com\\\/\",\"name\":\"Delegaci\\u00f3n del COIN en Galicia -\",\"inLanguage\":\"es-ES\",\"publisher\":{\"@id\":\"https:\\\/\\\/galicia.ingenierosnavales.com\\\/#organization\"}}]}\n\t\t<\/script>\n\t\t<!-- All in One SEO -->\n\n","aioseo_head_json":{"title":"CIRCULAR 7\/23- JUNTA GENERAL ORDINARIA 2023 - Delegaci\u00f3n del COIN en Galicia -","description":"CIRCULAR 7-23 JUNTA GENERAL ORDINARIA 2023 Ferrol, a 5 de septiembre de 2023 Querido\/a Compa\u00f1ero\/a: Tengo el gusto de informarte de: 1.- JUNTA GENERAL ORDINARIA Como continuaci\u00f3n a la circular 5\/23 enviada el pasado 28 de julio, se adjunta la convocatoria correspondiente a la Junta General Ordinaria que tendr\u00e1 lugar el d\u00eda 30 de septiembre","canonical_url":"https:\/\/galicia.ingenierosnavales.com\/index.php\/2023\/09\/05\/circular-7-23-junta-general-ordinaria-2023\/","robots":"max-image-preview:large","keywords":"","webmasterTools":{"google-site-verification":"7brmUOAwEmVOzDsnJ9q5QE6pLdw6wH0XiigUsr1GV5s","miscellaneous":""},"schema":{"@context":"https:\/\/schema.org","@graph":[{"@type":"BlogPosting","@id":"https:\/\/galicia.ingenierosnavales.com\/index.php\/2023\/09\/05\/circular-7-23-junta-general-ordinaria-2023\/#blogposting","name":"CIRCULAR 7\/23- JUNTA GENERAL ORDINARIA 2023 - Delegaci\u00f3n del COIN en Galicia -","headline":"CIRCULAR 7\/23- JUNTA GENERAL ORDINARIA 2023","author":{"@id":"https:\/\/galicia.ingenierosnavales.com\/index.php\/author\/galicia\/#author"},"publisher":{"@id":"https:\/\/galicia.ingenierosnavales.com\/#organization"},"image":{"@type":"ImageObject","url":"https:\/\/galicia.ingenierosnavales.com\/wp-content\/uploads\/2023\/09\/CIRCULAR-723.png","width":800,"height":566},"datePublished":"2023-09-05T08:36:24+00:00","dateModified":"2023-09-05T09:23:45+00:00","inLanguage":"es-ES","mainEntityOfPage":{"@id":"https:\/\/galicia.ingenierosnavales.com\/index.php\/2023\/09\/05\/circular-7-23-junta-general-ordinaria-2023\/#webpage"},"isPartOf":{"@id":"https:\/\/galicia.ingenierosnavales.com\/index.php\/2023\/09\/05\/circular-7-23-junta-general-ordinaria-2023\/#webpage"},"articleSection":"Eventos, Espa\u00f1ol"},{"@type":"BreadcrumbList","@id":"https:\/\/galicia.ingenierosnavales.com\/index.php\/2023\/09\/05\/circular-7-23-junta-general-ordinaria-2023\/#breadcrumblist","itemListElement":[{"@type":"ListItem","@id":"https:\/\/galicia.ingenierosnavales.com#listItem","position":1,"name":"Home","item":"https:\/\/galicia.ingenierosnavales.com","nextItem":{"@type":"ListItem","@id":"https:\/\/galicia.ingenierosnavales.com\/index.php\/category\/eventos\/#listItem","name":"Eventos"}},{"@type":"ListItem","@id":"https:\/\/galicia.ingenierosnavales.com\/index.php\/category\/eventos\/#listItem","position":2,"name":"Eventos","item":"https:\/\/galicia.ingenierosnavales.com\/index.php\/category\/eventos\/","nextItem":{"@type":"ListItem","@id":"https:\/\/galicia.ingenierosnavales.com\/index.php\/2023\/09\/05\/circular-7-23-junta-general-ordinaria-2023\/#listItem","name":"CIRCULAR 7\/23- JUNTA GENERAL ORDINARIA 2023"},"previousItem":{"@type":"ListItem","@id":"https:\/\/galicia.ingenierosnavales.com#listItem","name":"Home"}},{"@type":"ListItem","@id":"https:\/\/galicia.ingenierosnavales.com\/index.php\/2023\/09\/05\/circular-7-23-junta-general-ordinaria-2023\/#listItem","position":3,"name":"CIRCULAR 7\/23- JUNTA GENERAL ORDINARIA 2023","previousItem":{"@type":"ListItem","@id":"https:\/\/galicia.ingenierosnavales.com\/index.php\/category\/eventos\/#listItem","name":"Eventos"}}]},{"@type":"Organization","@id":"https:\/\/galicia.ingenierosnavales.com\/#organization","name":"Delegaci\u00f3n del COIN en Galicia -","url":"https:\/\/galicia.ingenierosnavales.com\/","telephone":"+34604068370","logo":{"@type":"ImageObject","url":"https:\/\/galicia.ingenierosnavales.com\/wp-content\/uploads\/2019\/09\/logo_2-1.png","@id":"https:\/\/galicia.ingenierosnavales.com\/index.php\/2023\/09\/05\/circular-7-23-junta-general-ordinaria-2023\/#organizationLogo","width":240,"height":94},"image":{"@id":"https:\/\/galicia.ingenierosnavales.com\/index.php\/2023\/09\/05\/circular-7-23-junta-general-ordinaria-2023\/#organizationLogo"},"sameAs":["https:\/\/facebook.com\/Ingenieros Navales Galicia","https:\/\/x.com\/Ingenieros Navales Galicia","https:\/\/instagram.com\/Ingenieros Navales Galicia","https:\/\/tiktok.com\/@Ingenieros Navales Galicia","https:\/\/pinterest.com\/Ingenieros Navales Galicia","https:\/\/youtube.com\/Ingenieros Navales Galicia","https:\/\/linkedin.com\/in\/Ingenieros Navales Galicia"]},{"@type":"Person","@id":"https:\/\/galicia.ingenierosnavales.com\/index.php\/author\/galicia\/#author","url":"https:\/\/galicia.ingenierosnavales.com\/index.php\/author\/galicia\/","name":"Delegaci\u00f3n Galicia","image":{"@type":"ImageObject","@id":"https:\/\/galicia.ingenierosnavales.com\/index.php\/2023\/09\/05\/circular-7-23-junta-general-ordinaria-2023\/#authorImage","url":"https:\/\/secure.gravatar.com\/avatar\/784387c8ee70f0747950d2413aa515282183abc3726ddcd1d89e0d4fccc292b5?s=96&d=mm&r=g","width":96,"height":96,"caption":"Delegaci\u00f3n Galicia"}},{"@type":"WebPage","@id":"https:\/\/galicia.ingenierosnavales.com\/index.php\/2023\/09\/05\/circular-7-23-junta-general-ordinaria-2023\/#webpage","url":"https:\/\/galicia.ingenierosnavales.com\/index.php\/2023\/09\/05\/circular-7-23-junta-general-ordinaria-2023\/","name":"CIRCULAR 7\/23- JUNTA GENERAL ORDINARIA 2023 - Delegaci\u00f3n del COIN en Galicia -","description":"CIRCULAR 7-23 JUNTA GENERAL ORDINARIA 2023 Ferrol, a 5 de septiembre de 2023 Querido\/a Compa\u00f1ero\/a: Tengo el gusto de informarte de: 1.- JUNTA GENERAL ORDINARIA Como continuaci\u00f3n a la circular 5\/23 enviada el pasado 28 de julio, se adjunta la convocatoria correspondiente a la Junta General Ordinaria que tendr\u00e1 lugar el d\u00eda 30 de septiembre","inLanguage":"es-ES","isPartOf":{"@id":"https:\/\/galicia.ingenierosnavales.com\/#website"},"breadcrumb":{"@id":"https:\/\/galicia.ingenierosnavales.com\/index.php\/2023\/09\/05\/circular-7-23-junta-general-ordinaria-2023\/#breadcrumblist"},"author":{"@id":"https:\/\/galicia.ingenierosnavales.com\/index.php\/author\/galicia\/#author"},"creator":{"@id":"https:\/\/galicia.ingenierosnavales.com\/index.php\/author\/galicia\/#author"},"image":{"@type":"ImageObject","url":"https:\/\/galicia.ingenierosnavales.com\/wp-content\/uploads\/2023\/09\/CIRCULAR-723.png","@id":"https:\/\/galicia.ingenierosnavales.com\/index.php\/2023\/09\/05\/circular-7-23-junta-general-ordinaria-2023\/#mainImage","width":800,"height":566},"primaryImageOfPage":{"@id":"https:\/\/galicia.ingenierosnavales.com\/index.php\/2023\/09\/05\/circular-7-23-junta-general-ordinaria-2023\/#mainImage"},"datePublished":"2023-09-05T08:36:24+00:00","dateModified":"2023-09-05T09:23:45+00:00"},{"@type":"WebSite","@id":"https:\/\/galicia.ingenierosnavales.com\/#website","url":"https:\/\/galicia.ingenierosnavales.com\/","name":"Delegaci\u00f3n del COIN en Galicia -","inLanguage":"es-ES","publisher":{"@id":"https:\/\/galicia.ingenierosnavales.com\/#organization"}}]},"og:locale":"es_ES","og:site_name":"Delegaci\u00f3n del COIN en Galicia -  -","og:type":"article","og:title":"CIRCULAR 7\/23- JUNTA GENERAL ORDINARIA 2023 - Delegaci\u00f3n del COIN en Galicia -","og:description":"CIRCULAR 7-23 JUNTA GENERAL ORDINARIA 2023 Ferrol, a 5 de septiembre de 2023 Querido\/a Compa\u00f1ero\/a: Tengo el gusto de informarte de: 1.- JUNTA GENERAL ORDINARIA Como continuaci\u00f3n a la circular 5\/23 enviada el pasado 28 de julio, se adjunta la convocatoria correspondiente a la Junta General Ordinaria que tendr\u00e1 lugar el d\u00eda 30 de septiembre","og:url":"https:\/\/galicia.ingenierosnavales.com\/index.php\/2023\/09\/05\/circular-7-23-junta-general-ordinaria-2023\/","og:image":"https:\/\/galicia.ingenierosnavales.com\/wp-content\/uploads\/2025\/03\/LOGO-GALICIA.png","og:image:secure_url":"https:\/\/galicia.ingenierosnavales.com\/wp-content\/uploads\/2025\/03\/LOGO-GALICIA.png","og:image:width":1050,"og:image:height":600,"article:published_time":"2023-09-05T08:36:24+00:00","article:modified_time":"2023-09-05T09:23:45+00:00","article:publisher":"https:\/\/facebook.com\/Ingenieros Navales Galicia","twitter:card":"summary_large_image","twitter:site":"@Ingenieros%20Navales%20Galicia","twitter:title":"CIRCULAR 7\/23- JUNTA GENERAL ORDINARIA 2023 - Delegaci\u00f3n del COIN en Galicia -","twitter:description":"CIRCULAR 7-23 JUNTA GENERAL ORDINARIA 2023 Ferrol, a 5 de septiembre de 2023 Querido\/a Compa\u00f1ero\/a: Tengo el gusto de informarte de: 1.- JUNTA GENERAL ORDINARIA Como continuaci\u00f3n a la circular 5\/23 enviada el pasado 28 de julio, se adjunta la convocatoria correspondiente a la Junta General Ordinaria que tendr\u00e1 lugar el d\u00eda 30 de septiembre","twitter:creator":"@Ingenieros%20Navales%20Galicia","twitter:image":"https:\/\/galicia.ingenierosnavales.com\/wp-content\/uploads\/2025\/03\/LOGO-GALICIA.png"},"aioseo_meta_data":{"post_id":"5606","title":null,"description":null,"keywords":null,"keyphrases":null,"primary_term":null,"canonical_url":null,"og_title":null,"og_description":null,"og_object_type":"default","og_image_type":"default","og_image_url":null,"og_image_width":null,"og_image_height":null,"og_image_custom_url":null,"og_image_custom_fields":null,"og_video":null,"og_custom_url":null,"og_article_section":null,"og_article_tags":null,"twitter_use_og":false,"twitter_card":"default","twitter_image_type":"default","twitter_image_url":null,"twitter_image_custom_url":null,"twitter_image_custom_fields":null,"twitter_title":null,"twitter_description":null,"schema":{"blockGraphs":[],"customGraphs":[],"default":{"data":{"Article":[],"Course":[],"Dataset":[],"FAQPage":[],"Movie":[],"Person":[],"Product":[],"ProductReview":[],"Car":[],"Recipe":[],"Service":[],"SoftwareApplication":[],"WebPage":[]},"graphName":"","isEnabled":true},"graphs":[]},"schema_type":"default","schema_type_options":null,"pillar_content":false,"robots_default":true,"robots_noindex":false,"robots_noarchive":false,"robots_nosnippet":false,"robots_nofollow":false,"robots_noimageindex":false,"robots_noodp":false,"robots_notranslate":false,"robots_max_snippet":null,"robots_max_videopreview":null,"robots_max_imagepreview":"large","priority":null,"frequency":null,"local_seo":null,"limit_modified_date":false,"created":"2024-11-27 17:00:22","updated":"2026-07-27 23:08:26","ai":null,"breadcrumb_settings":null,"seo_analyzer_scan_date":null,"focus_keyword":null,"additional_keywords":null,"truseo_locale":null},"aioseo_breadcrumb":"<div class=\"aioseo-breadcrumbs\"><span class=\"aioseo-breadcrumb\">\n\t\t\t<a href=\"https:\/\/galicia.ingenierosnavales.com\" title=\"Home\">Home<\/a>\n\t\t<\/span><span class=\"aioseo-breadcrumb-separator\">&raquo;<\/span><span class=\"aioseo-breadcrumb\">\n\t\t\t<a href=\"https:\/\/galicia.ingenierosnavales.com\/index.php\/category\/eventos\/\" title=\"Eventos\">Eventos<\/a>\n\t\t<\/span><span class=\"aioseo-breadcrumb-separator\">&raquo;<\/span><span class=\"aioseo-breadcrumb\">\n\t\t\tCIRCULAR 7\/23- JUNTA GENERAL ORDINARIA 2023\n\t\t<\/span><\/div>","aioseo_breadcrumb_json":[{"label":"Home","link":"https:\/\/galicia.ingenierosnavales.com"},{"label":"Eventos","link":"https:\/\/galicia.ingenierosnavales.com\/index.php\/category\/eventos\/"},{"label":"CIRCULAR 7\/23- JUNTA GENERAL ORDINARIA 2023","link":"https:\/\/galicia.ingenierosnavales.com\/index.php\/2023\/09\/05\/circular-7-23-junta-general-ordinaria-2023\/"}],"_links":{"self":[{"href":"https:\/\/galicia.ingenierosnavales.com\/index.php\/wp-json\/wp\/v2\/posts\/5606","targetHints":{"allow":["GET"]}}],"collection":[{"href":"https:\/\/galicia.ingenierosnavales.com\/index.php\/wp-json\/wp\/v2\/posts"}],"about":[{"href":"https:\/\/galicia.ingenierosnavales.com\/index.php\/wp-json\/wp\/v2\/types\/post"}],"author":[{"embeddable":true,"href":"https:\/\/galicia.ingenierosnavales.com\/index.php\/wp-json\/wp\/v2\/users\/2"}],"replies":[{"embeddable":true,"href":"https:\/\/galicia.ingenierosnavales.com\/index.php\/wp-json\/wp\/v2\/comments?post=5606"}],"version-history":[{"count":4,"href":"https:\/\/galicia.ingenierosnavales.com\/index.php\/wp-json\/wp\/v2\/posts\/5606\/revisions"}],"predecessor-version":[{"id":5613,"href":"https:\/\/galicia.ingenierosnavales.com\/index.php\/wp-json\/wp\/v2\/posts\/5606\/revisions\/5613"}],"wp:featuredmedia":[{"embeddable":true,"href":"https:\/\/galicia.ingenierosnavales.com\/index.php\/wp-json\/wp\/v2\/media\/5607"}],"wp:attachment":[{"href":"https:\/\/galicia.ingenierosnavales.com\/index.php\/wp-json\/wp\/v2\/media?parent=5606"}],"wp:term":[{"taxonomy":"category","embeddable":true,"href":"https:\/\/galicia.ingenierosnavales.com\/index.php\/wp-json\/wp\/v2\/categories?post=5606"},{"taxonomy":"post_tag","embeddable":true,"href":"https:\/\/galicia.ingenierosnavales.com\/index.php\/wp-json\/wp\/v2\/tags?post=5606"}],"curies":[{"name":"wp","href":"https:\/\/api.w.org\/{rel}","templated":true}]}}