{"id":5313,"date":"2023-07-19T11:52:11","date_gmt":"2023-07-19T11:52:11","guid":{"rendered":"https:\/\/galicia.ingenierosnavales.com\/?p=5313"},"modified":"2023-07-24T11:26:07","modified_gmt":"2023-07-24T11:26:07","slug":"galeria-de-imagenes-del-20-aniversario-de-la-inauguracion-de-la-delegacion-territorial-en-galicia-13-07-2023","status":"publish","type":"post","link":"https:\/\/galicia.ingenierosnavales.com\/index.php\/2023\/07\/19\/galeria-de-imagenes-del-20-aniversario-de-la-inauguracion-de-la-delegacion-territorial-en-galicia-13-07-2023\/","title":{"rendered":"Galer\u00eda de im\u00e1genes del 20 Aniversario de la inauguraci\u00f3n de la Delegaci\u00f3n Territorial en Galicia. 13.07.2023"},"content":{"rendered":"<p><img loading=\"lazy\" decoding=\"async\" class=\"aligncenter wp-image-5529 size-large\" src=\"https:\/\/galicia.ingenierosnavales.com\/wp-content\/uploads\/2023\/07\/DECANOS-1024x331.jpg\" alt=\"\" width=\"1024\" height=\"331\" srcset=\"https:\/\/galicia.ingenierosnavales.com\/wp-content\/uploads\/2023\/07\/DECANOS-1024x331.jpg 1024w, https:\/\/galicia.ingenierosnavales.com\/wp-content\/uploads\/2023\/07\/DECANOS-300x97.jpg 300w, https:\/\/galicia.ingenierosnavales.com\/wp-content\/uploads\/2023\/07\/DECANOS-768x248.jpg 768w, https:\/\/galicia.ingenierosnavales.com\/wp-content\/uploads\/2023\/07\/DECANOS-1536x496.jpg 1536w, https:\/\/galicia.ingenierosnavales.com\/wp-content\/uploads\/2023\/07\/DECANOS.jpg 1600w\" sizes=\"auto, (max-width: 1024px) 100vw, 1024px\" \/><\/p>\n\n\t\t<style>\n\t\t\t#gallery-1 {\n\t\t\t\tmargin: auto;\n\t\t\t}\n\t\t\t#gallery-1 .gallery-item {\n\t\t\t\tfloat: left;\n\t\t\t\tmargin-top: 10px;\n\t\t\t\ttext-align: center;\n\t\t\t\twidth: 50%;\n\t\t\t}\n\t\t\t#gallery-1 img {\n\t\t\t\tborder: 2px solid #cfcfcf;\n\t\t\t}\n\t\t\t#gallery-1 .gallery-caption {\n\t\t\t\tmargin-left: 0;\n\t\t\t}\n\t\t\t\/* see gallery_shortcode() in wp-includes\/media.php *\/\n\t\t<\/style>\n\t\t<div id='gallery-1' class='gallery galleryid-5313 gallery-columns-2 gallery-size-large'><dl class='gallery-item'>\n\t\t\t<dt class='gallery-icon landscape'>\n\t\t\t\t<a href='https:\/\/galicia.ingenierosnavales.com\/index.php\/2023\/07\/19\/galeria-de-imagenes-del-20-aniversario-de-la-inauguracion-de-la-delegacion-territorial-en-galicia-13-07-2023\/attachment\/001\/'><img loading=\"lazy\" decoding=\"async\" width=\"1024\" height=\"683\" src=\"https:\/\/galicia.ingenierosnavales.com\/wp-content\/uploads\/2023\/07\/001-1024x683.jpg\" class=\"attachment-large size-large no-lazy\" alt=\"\" srcset=\"https:\/\/galicia.ingenierosnavales.com\/wp-content\/uploads\/2023\/07\/001-1024x683.jpg 1024w, https:\/\/galicia.ingenierosnavales.com\/wp-content\/uploads\/2023\/07\/001-300x200.jpg 300w, https:\/\/galicia.ingenierosnavales.com\/wp-content\/uploads\/2023\/07\/001-768x512.jpg 768w, https:\/\/galicia.ingenierosnavales.com\/wp-content\/uploads\/2023\/07\/001-1536x1024.jpg 1536w, https:\/\/galicia.ingenierosnavales.com\/wp-content\/uploads\/2023\/07\/001-2048x1365.jpg 2048w\" sizes=\"auto, (max-width: 1024px) 100vw, 1024px\" \/><\/a>\n\t\t\t<\/dt><\/dl><dl class='gallery-item'>\n\t\t\t<dt class='gallery-icon landscape'>\n\t\t\t\t<a href='https:\/\/galicia.ingenierosnavales.com\/index.php\/2023\/07\/19\/galeria-de-imagenes-del-20-aniversario-de-la-inauguracion-de-la-delegacion-territorial-en-galicia-13-07-2023\/attachment\/002\/'><img loading=\"lazy\" decoding=\"async\" width=\"1024\" height=\"683\" src=\"https:\/\/galicia.ingenierosnavales.com\/wp-content\/uploads\/2023\/07\/002-1024x683.jpg\" class=\"attachment-large size-large no-lazy\" alt=\"\" srcset=\"https:\/\/galicia.ingenierosnavales.com\/wp-content\/uploads\/2023\/07\/002-1024x683.jpg 1024w, https:\/\/galicia.ingenierosnavales.com\/wp-content\/uploads\/2023\/07\/002-300x200.jpg 300w, https:\/\/galicia.ingenierosnavales.com\/wp-content\/uploads\/2023\/07\/002-768x512.jpg 768w, https:\/\/galicia.ingenierosnavales.com\/wp-content\/uploads\/2023\/07\/002-1536x1024.jpg 1536w, https:\/\/galicia.ingenierosnavales.com\/wp-content\/uploads\/2023\/07\/002-2048x1365.jpg 2048w\" sizes=\"auto, (max-width: 1024px) 100vw, 1024px\" \/><\/a>\n\t\t\t<\/dt><\/dl><br style=\"clear: both\" \/><dl class='gallery-item'>\n\t\t\t<dt class='gallery-icon landscape'>\n\t\t\t\t<a href='https:\/\/galicia.ingenierosnavales.com\/index.php\/2023\/07\/19\/galeria-de-imagenes-del-20-aniversario-de-la-inauguracion-de-la-delegacion-territorial-en-galicia-13-07-2023\/attachment\/003\/'><img loading=\"lazy\" decoding=\"async\" width=\"1024\" height=\"683\" src=\"https:\/\/galicia.ingenierosnavales.com\/wp-content\/uploads\/2023\/07\/003-1024x683.jpg\" class=\"attachment-large size-large no-lazy\" alt=\"\" srcset=\"https:\/\/galicia.ingenierosnavales.com\/wp-content\/uploads\/2023\/07\/003-1024x683.jpg 1024w, https:\/\/galicia.ingenierosnavales.com\/wp-content\/uploads\/2023\/07\/003-300x200.jpg 300w, https:\/\/galicia.ingenierosnavales.com\/wp-content\/uploads\/2023\/07\/003-768x512.jpg 768w, https:\/\/galicia.ingenierosnavales.com\/wp-content\/uploads\/2023\/07\/003-1536x1024.jpg 1536w, https:\/\/galicia.ingenierosnavales.com\/wp-content\/uploads\/2023\/07\/003-2048x1365.jpg 2048w\" sizes=\"auto, (max-width: 1024px) 100vw, 1024px\" \/><\/a>\n\t\t\t<\/dt><\/dl><dl class='gallery-item'>\n\t\t\t<dt class='gallery-icon landscape'>\n\t\t\t\t<a href='https:\/\/galicia.ingenierosnavales.com\/index.php\/2023\/07\/19\/galeria-de-imagenes-del-20-aniversario-de-la-inauguracion-de-la-delegacion-territorial-en-galicia-13-07-2023\/attachment\/006\/'><img loading=\"lazy\" decoding=\"async\" width=\"1024\" height=\"683\" src=\"https:\/\/galicia.ingenierosnavales.com\/wp-content\/uploads\/2023\/07\/006-1024x683.jpg\" class=\"attachment-large size-large no-lazy\" alt=\"\" srcset=\"https:\/\/galicia.ingenierosnavales.com\/wp-content\/uploads\/2023\/07\/006-1024x683.jpg 1024w, https:\/\/galicia.ingenierosnavales.com\/wp-content\/uploads\/2023\/07\/006-300x200.jpg 300w, https:\/\/galicia.ingenierosnavales.com\/wp-content\/uploads\/2023\/07\/006-768x512.jpg 768w, https:\/\/galicia.ingenierosnavales.com\/wp-content\/uploads\/2023\/07\/006-1536x1024.jpg 1536w, https:\/\/galicia.ingenierosnavales.com\/wp-content\/uploads\/2023\/07\/006-2048x1365.jpg 2048w\" sizes=\"auto, (max-width: 1024px) 100vw, 1024px\" \/><\/a>\n\t\t\t<\/dt><\/dl><br style=\"clear: both\" \/><dl class='gallery-item'>\n\t\t\t<dt class='gallery-icon landscape'>\n\t\t\t\t<a href='https:\/\/galicia.ingenierosnavales.com\/index.php\/2023\/07\/19\/galeria-de-imagenes-del-20-aniversario-de-la-inauguracion-de-la-delegacion-territorial-en-galicia-13-07-2023\/attachment\/010\/'><img loading=\"lazy\" decoding=\"async\" width=\"1024\" height=\"683\" src=\"https:\/\/galicia.ingenierosnavales.com\/wp-content\/uploads\/2023\/07\/010-1024x683.jpg\" class=\"attachment-large size-large no-lazy\" alt=\"\" srcset=\"https:\/\/galicia.ingenierosnavales.com\/wp-content\/uploads\/2023\/07\/010-1024x683.jpg 1024w, https:\/\/galicia.ingenierosnavales.com\/wp-content\/uploads\/2023\/07\/010-300x200.jpg 300w, https:\/\/galicia.ingenierosnavales.com\/wp-content\/uploads\/2023\/07\/010-768x512.jpg 768w, https:\/\/galicia.ingenierosnavales.com\/wp-content\/uploads\/2023\/07\/010-1536x1024.jpg 1536w, https:\/\/galicia.ingenierosnavales.com\/wp-content\/uploads\/2023\/07\/010-2048x1365.jpg 2048w\" sizes=\"auto, (max-width: 1024px) 100vw, 1024px\" \/><\/a>\n\t\t\t<\/dt><\/dl><dl class='gallery-item'>\n\t\t\t<dt class='gallery-icon landscape'>\n\t\t\t\t<a href='https:\/\/galicia.ingenierosnavales.com\/index.php\/2023\/07\/19\/galeria-de-imagenes-del-20-aniversario-de-la-inauguracion-de-la-delegacion-territorial-en-galicia-13-07-2023\/attachment\/011\/'><img loading=\"lazy\" decoding=\"async\" width=\"1024\" height=\"683\" src=\"https:\/\/galicia.ingenierosnavales.com\/wp-content\/uploads\/2023\/07\/011-1024x683.jpg\" class=\"attachment-large size-large no-lazy\" alt=\"\" srcset=\"https:\/\/galicia.ingenierosnavales.com\/wp-content\/uploads\/2023\/07\/011-1024x683.jpg 1024w, https:\/\/galicia.ingenierosnavales.com\/wp-content\/uploads\/2023\/07\/011-300x200.jpg 300w, https:\/\/galicia.ingenierosnavales.com\/wp-content\/uploads\/2023\/07\/011-768x512.jpg 768w, https:\/\/galicia.ingenierosnavales.com\/wp-content\/uploads\/2023\/07\/011-1536x1024.jpg 1536w, https:\/\/galicia.ingenierosnavales.com\/wp-content\/uploads\/2023\/07\/011-2048x1365.jpg 2048w\" sizes=\"auto, (max-width: 1024px) 100vw, 1024px\" \/><\/a>\n\t\t\t<\/dt><\/dl><br style=\"clear: both\" \/><dl class='gallery-item'>\n\t\t\t<dt class='gallery-icon landscape'>\n\t\t\t\t<a href='https:\/\/galicia.ingenierosnavales.com\/index.php\/2023\/07\/19\/galeria-de-imagenes-del-20-aniversario-de-la-inauguracion-de-la-delegacion-territorial-en-galicia-13-07-2023\/attachment\/012\/'><img loading=\"lazy\" decoding=\"async\" width=\"1024\" height=\"683\" src=\"https:\/\/galicia.ingenierosnavales.com\/wp-content\/uploads\/2023\/07\/012-1024x683.jpg\" class=\"attachment-large size-large no-lazy\" alt=\"\" srcset=\"https:\/\/galicia.ingenierosnavales.com\/wp-content\/uploads\/2023\/07\/012-1024x683.jpg 1024w, https:\/\/galicia.ingenierosnavales.com\/wp-content\/uploads\/2023\/07\/012-300x200.jpg 300w, https:\/\/galicia.ingenierosnavales.com\/wp-content\/uploads\/2023\/07\/012-768x512.jpg 768w, https:\/\/galicia.ingenierosnavales.com\/wp-content\/uploads\/2023\/07\/012-1536x1024.jpg 1536w, https:\/\/galicia.ingenierosnavales.com\/wp-content\/uploads\/2023\/07\/012-2048x1365.jpg 2048w\" sizes=\"auto, (max-width: 1024px) 100vw, 1024px\" \/><\/a>\n\t\t\t<\/dt><\/dl><dl class='gallery-item'>\n\t\t\t<dt class='gallery-icon landscape'>\n\t\t\t\t<a href='https:\/\/galicia.ingenierosnavales.com\/index.php\/2023\/07\/19\/galeria-de-imagenes-del-20-aniversario-de-la-inauguracion-de-la-delegacion-territorial-en-galicia-13-07-2023\/attachment\/013\/'><img loading=\"lazy\" decoding=\"async\" width=\"1024\" height=\"683\" src=\"https:\/\/galicia.ingenierosnavales.com\/wp-content\/uploads\/2023\/07\/013-1024x683.jpg\" class=\"attachment-large size-large no-lazy\" alt=\"\" srcset=\"https:\/\/galicia.ingenierosnavales.com\/wp-content\/uploads\/2023\/07\/013-1024x683.jpg 1024w, https:\/\/galicia.ingenierosnavales.com\/wp-content\/uploads\/2023\/07\/013-300x200.jpg 300w, https:\/\/galicia.ingenierosnavales.com\/wp-content\/uploads\/2023\/07\/013-768x512.jpg 768w, https:\/\/galicia.ingenierosnavales.com\/wp-content\/uploads\/2023\/07\/013-1536x1024.jpg 1536w, https:\/\/galicia.ingenierosnavales.com\/wp-content\/uploads\/2023\/07\/013-2048x1365.jpg 2048w\" sizes=\"auto, (max-width: 1024px) 100vw, 1024px\" \/><\/a>\n\t\t\t<\/dt><\/dl><br style=\"clear: both\" \/><dl class='gallery-item'>\n\t\t\t<dt class='gallery-icon landscape'>\n\t\t\t\t<a href='https:\/\/galicia.ingenierosnavales.com\/index.php\/2023\/07\/19\/galeria-de-imagenes-del-20-aniversario-de-la-inauguracion-de-la-delegacion-territorial-en-galicia-13-07-2023\/attachment\/014\/'><img loading=\"lazy\" decoding=\"async\" width=\"1024\" height=\"683\" src=\"https:\/\/galicia.ingenierosnavales.com\/wp-content\/uploads\/2023\/07\/014-1024x683.jpg\" class=\"attachment-large size-large no-lazy\" alt=\"\" srcset=\"https:\/\/galicia.ingenierosnavales.com\/wp-content\/uploads\/2023\/07\/014-1024x683.jpg 1024w, https:\/\/galicia.ingenierosnavales.com\/wp-content\/uploads\/2023\/07\/014-300x200.jpg 300w, https:\/\/galicia.ingenierosnavales.com\/wp-content\/uploads\/2023\/07\/014-768x512.jpg 768w, https:\/\/galicia.ingenierosnavales.com\/wp-content\/uploads\/2023\/07\/014-1536x1024.jpg 1536w, https:\/\/galicia.ingenierosnavales.com\/wp-content\/uploads\/2023\/07\/014-2048x1365.jpg 2048w\" sizes=\"auto, (max-width: 1024px) 100vw, 1024px\" \/><\/a>\n\t\t\t<\/dt><\/dl><dl class='gallery-item'>\n\t\t\t<dt class='gallery-icon landscape'>\n\t\t\t\t<a href='https:\/\/galicia.ingenierosnavales.com\/index.php\/2023\/07\/19\/galeria-de-imagenes-del-20-aniversario-de-la-inauguracion-de-la-delegacion-territorial-en-galicia-13-07-2023\/attachment\/015\/'><img loading=\"lazy\" decoding=\"async\" width=\"1024\" height=\"683\" src=\"https:\/\/galicia.ingenierosnavales.com\/wp-content\/uploads\/2023\/07\/015-1024x683.jpg\" class=\"attachment-large size-large no-lazy\" alt=\"\" srcset=\"https:\/\/galicia.ingenierosnavales.com\/wp-content\/uploads\/2023\/07\/015-1024x683.jpg 1024w, https:\/\/galicia.ingenierosnavales.com\/wp-content\/uploads\/2023\/07\/015-300x200.jpg 300w, https:\/\/galicia.ingenierosnavales.com\/wp-content\/uploads\/2023\/07\/015-768x512.jpg 768w, https:\/\/galicia.ingenierosnavales.com\/wp-content\/uploads\/2023\/07\/015-1536x1024.jpg 1536w, https:\/\/galicia.ingenierosnavales.com\/wp-content\/uploads\/2023\/07\/015-2048x1365.jpg 2048w\" sizes=\"auto, (max-width: 1024px) 100vw, 1024px\" \/><\/a>\n\t\t\t<\/dt><\/dl><br style=\"clear: both\" \/><dl class='gallery-item'>\n\t\t\t<dt class='gallery-icon portrait'>\n\t\t\t\t<a href='https:\/\/galicia.ingenierosnavales.com\/index.php\/2023\/07\/19\/galeria-de-imagenes-del-20-aniversario-de-la-inauguracion-de-la-delegacion-territorial-en-galicia-13-07-2023\/attachment\/016\/'><img loading=\"lazy\" decoding=\"async\" width=\"683\" height=\"1024\" src=\"https:\/\/galicia.ingenierosnavales.com\/wp-content\/uploads\/2023\/07\/016-683x1024.jpg\" class=\"attachment-large size-large no-lazy\" alt=\"\" srcset=\"https:\/\/galicia.ingenierosnavales.com\/wp-content\/uploads\/2023\/07\/016-683x1024.jpg 683w, https:\/\/galicia.ingenierosnavales.com\/wp-content\/uploads\/2023\/07\/016-200x300.jpg 200w, https:\/\/galicia.ingenierosnavales.com\/wp-content\/uploads\/2023\/07\/016-768x1152.jpg 768w, https:\/\/galicia.ingenierosnavales.com\/wp-content\/uploads\/2023\/07\/016-1024x1536.jpg 1024w, https:\/\/galicia.ingenierosnavales.com\/wp-content\/uploads\/2023\/07\/016-1365x2048.jpg 1365w, https:\/\/galicia.ingenierosnavales.com\/wp-content\/uploads\/2023\/07\/016-scaled.jpg 1707w\" sizes=\"auto, (max-width: 683px) 100vw, 683px\" \/><\/a>\n\t\t\t<\/dt><\/dl><dl class='gallery-item'>\n\t\t\t<dt class='gallery-icon landscape'>\n\t\t\t\t<a href='https:\/\/galicia.ingenierosnavales.com\/index.php\/2023\/07\/19\/galeria-de-imagenes-del-20-aniversario-de-la-inauguracion-de-la-delegacion-territorial-en-galicia-13-07-2023\/attachment\/018\/'><img loading=\"lazy\" decoding=\"async\" width=\"1024\" height=\"683\" src=\"https:\/\/galicia.ingenierosnavales.com\/wp-content\/uploads\/2023\/07\/018-1024x683.jpg\" class=\"attachment-large size-large no-lazy\" alt=\"\" srcset=\"https:\/\/galicia.ingenierosnavales.com\/wp-content\/uploads\/2023\/07\/018-1024x683.jpg 1024w, https:\/\/galicia.ingenierosnavales.com\/wp-content\/uploads\/2023\/07\/018-300x200.jpg 300w, https:\/\/galicia.ingenierosnavales.com\/wp-content\/uploads\/2023\/07\/018-768x512.jpg 768w, https:\/\/galicia.ingenierosnavales.com\/wp-content\/uploads\/2023\/07\/018-1536x1024.jpg 1536w, https:\/\/galicia.ingenierosnavales.com\/wp-content\/uploads\/2023\/07\/018-2048x1365.jpg 2048w\" sizes=\"auto, (max-width: 1024px) 100vw, 1024px\" \/><\/a>\n\t\t\t<\/dt><\/dl><br style=\"clear: both\" \/><dl class='gallery-item'>\n\t\t\t<dt class='gallery-icon portrait'>\n\t\t\t\t<a href='https:\/\/galicia.ingenierosnavales.com\/index.php\/2023\/07\/19\/galeria-de-imagenes-del-20-aniversario-de-la-inauguracion-de-la-delegacion-territorial-en-galicia-13-07-2023\/attachment\/019\/'><img loading=\"lazy\" decoding=\"async\" width=\"683\" height=\"1024\" src=\"https:\/\/galicia.ingenierosnavales.com\/wp-content\/uploads\/2023\/07\/019-683x1024.jpg\" class=\"attachment-large size-large no-lazy\" alt=\"\" srcset=\"https:\/\/galicia.ingenierosnavales.com\/wp-content\/uploads\/2023\/07\/019-683x1024.jpg 683w, https:\/\/galicia.ingenierosnavales.com\/wp-content\/uploads\/2023\/07\/019-200x300.jpg 200w, https:\/\/galicia.ingenierosnavales.com\/wp-content\/uploads\/2023\/07\/019-768x1152.jpg 768w, https:\/\/galicia.ingenierosnavales.com\/wp-content\/uploads\/2023\/07\/019-1024x1536.jpg 1024w, https:\/\/galicia.ingenierosnavales.com\/wp-content\/uploads\/2023\/07\/019-1365x2048.jpg 1365w, https:\/\/galicia.ingenierosnavales.com\/wp-content\/uploads\/2023\/07\/019-scaled.jpg 1707w\" sizes=\"auto, (max-width: 683px) 100vw, 683px\" \/><\/a>\n\t\t\t<\/dt><\/dl><dl class='gallery-item'>\n\t\t\t<dt class='gallery-icon portrait'>\n\t\t\t\t<a href='https:\/\/galicia.ingenierosnavales.com\/index.php\/2023\/07\/19\/galeria-de-imagenes-del-20-aniversario-de-la-inauguracion-de-la-delegacion-territorial-en-galicia-13-07-2023\/attachment\/021\/'><img loading=\"lazy\" decoding=\"async\" width=\"683\" height=\"1024\" src=\"https:\/\/galicia.ingenierosnavales.com\/wp-content\/uploads\/2023\/07\/021-683x1024.jpg\" class=\"attachment-large size-large no-lazy\" alt=\"\" srcset=\"https:\/\/galicia.ingenierosnavales.com\/wp-content\/uploads\/2023\/07\/021-683x1024.jpg 683w, https:\/\/galicia.ingenierosnavales.com\/wp-content\/uploads\/2023\/07\/021-200x300.jpg 200w, https:\/\/galicia.ingenierosnavales.com\/wp-content\/uploads\/2023\/07\/021-768x1152.jpg 768w, https:\/\/galicia.ingenierosnavales.com\/wp-content\/uploads\/2023\/07\/021-1024x1536.jpg 1024w, https:\/\/galicia.ingenierosnavales.com\/wp-content\/uploads\/2023\/07\/021-1365x2048.jpg 1365w, https:\/\/galicia.ingenierosnavales.com\/wp-content\/uploads\/2023\/07\/021-scaled.jpg 1707w\" sizes=\"auto, (max-width: 683px) 100vw, 683px\" \/><\/a>\n\t\t\t<\/dt><\/dl><br style=\"clear: both\" \/><dl class='gallery-item'>\n\t\t\t<dt class='gallery-icon portrait'>\n\t\t\t\t<a href='https:\/\/galicia.ingenierosnavales.com\/index.php\/2023\/07\/19\/galeria-de-imagenes-del-20-aniversario-de-la-inauguracion-de-la-delegacion-territorial-en-galicia-13-07-2023\/attachment\/025\/'><img loading=\"lazy\" decoding=\"async\" width=\"683\" height=\"1024\" src=\"https:\/\/galicia.ingenierosnavales.com\/wp-content\/uploads\/2023\/07\/025-683x1024.jpg\" class=\"attachment-large size-large no-lazy\" alt=\"\" srcset=\"https:\/\/galicia.ingenierosnavales.com\/wp-content\/uploads\/2023\/07\/025-683x1024.jpg 683w, https:\/\/galicia.ingenierosnavales.com\/wp-content\/uploads\/2023\/07\/025-200x300.jpg 200w, https:\/\/galicia.ingenierosnavales.com\/wp-content\/uploads\/2023\/07\/025-768x1152.jpg 768w, https:\/\/galicia.ingenierosnavales.com\/wp-content\/uploads\/2023\/07\/025-1024x1536.jpg 1024w, https:\/\/galicia.ingenierosnavales.com\/wp-content\/uploads\/2023\/07\/025-1365x2048.jpg 1365w, https:\/\/galicia.ingenierosnavales.com\/wp-content\/uploads\/2023\/07\/025-scaled.jpg 1707w\" sizes=\"auto, (max-width: 683px) 100vw, 683px\" \/><\/a>\n\t\t\t<\/dt><\/dl><dl class='gallery-item'>\n\t\t\t<dt class='gallery-icon landscape'>\n\t\t\t\t<a href='https:\/\/galicia.ingenierosnavales.com\/index.php\/2023\/07\/19\/galeria-de-imagenes-del-20-aniversario-de-la-inauguracion-de-la-delegacion-territorial-en-galicia-13-07-2023\/attachment\/027\/'><img loading=\"lazy\" decoding=\"async\" width=\"1024\" height=\"683\" src=\"https:\/\/galicia.ingenierosnavales.com\/wp-content\/uploads\/2023\/07\/027-1024x683.jpg\" class=\"attachment-large size-large no-lazy\" alt=\"\" srcset=\"https:\/\/galicia.ingenierosnavales.com\/wp-content\/uploads\/2023\/07\/027-1024x683.jpg 1024w, https:\/\/galicia.ingenierosnavales.com\/wp-content\/uploads\/2023\/07\/027-300x200.jpg 300w, https:\/\/galicia.ingenierosnavales.com\/wp-content\/uploads\/2023\/07\/027-768x512.jpg 768w, https:\/\/galicia.ingenierosnavales.com\/wp-content\/uploads\/2023\/07\/027-1536x1024.jpg 1536w, https:\/\/galicia.ingenierosnavales.com\/wp-content\/uploads\/2023\/07\/027-2048x1365.jpg 2048w\" sizes=\"auto, (max-width: 1024px) 100vw, 1024px\" \/><\/a>\n\t\t\t<\/dt><\/dl><br style=\"clear: both\" \/><dl class='gallery-item'>\n\t\t\t<dt class='gallery-icon landscape'>\n\t\t\t\t<a href='https:\/\/galicia.ingenierosnavales.com\/index.php\/2023\/07\/19\/galeria-de-imagenes-del-20-aniversario-de-la-inauguracion-de-la-delegacion-territorial-en-galicia-13-07-2023\/attachment\/029\/'><img loading=\"lazy\" decoding=\"async\" width=\"1024\" height=\"683\" src=\"https:\/\/galicia.ingenierosnavales.com\/wp-content\/uploads\/2023\/07\/029-1024x683.jpg\" class=\"attachment-large size-large no-lazy\" alt=\"\" srcset=\"https:\/\/galicia.ingenierosnavales.com\/wp-content\/uploads\/2023\/07\/029-1024x683.jpg 1024w, https:\/\/galicia.ingenierosnavales.com\/wp-content\/uploads\/2023\/07\/029-300x200.jpg 300w, https:\/\/galicia.ingenierosnavales.com\/wp-content\/uploads\/2023\/07\/029-768x512.jpg 768w, https:\/\/galicia.ingenierosnavales.com\/wp-content\/uploads\/2023\/07\/029-1536x1024.jpg 1536w, https:\/\/galicia.ingenierosnavales.com\/wp-content\/uploads\/2023\/07\/029-2048x1365.jpg 2048w\" sizes=\"auto, (max-width: 1024px) 100vw, 1024px\" \/><\/a>\n\t\t\t<\/dt><\/dl><dl class='gallery-item'>\n\t\t\t<dt class='gallery-icon portrait'>\n\t\t\t\t<a href='https:\/\/galicia.ingenierosnavales.com\/index.php\/2023\/07\/19\/galeria-de-imagenes-del-20-aniversario-de-la-inauguracion-de-la-delegacion-territorial-en-galicia-13-07-2023\/attachment\/034\/'><img loading=\"lazy\" decoding=\"async\" width=\"683\" height=\"1024\" src=\"https:\/\/galicia.ingenierosnavales.com\/wp-content\/uploads\/2023\/07\/034-683x1024.jpg\" class=\"attachment-large size-large no-lazy\" alt=\"\" srcset=\"https:\/\/galicia.ingenierosnavales.com\/wp-content\/uploads\/2023\/07\/034-683x1024.jpg 683w, https:\/\/galicia.ingenierosnavales.com\/wp-content\/uploads\/2023\/07\/034-200x300.jpg 200w, https:\/\/galicia.ingenierosnavales.com\/wp-content\/uploads\/2023\/07\/034-768x1152.jpg 768w, https:\/\/galicia.ingenierosnavales.com\/wp-content\/uploads\/2023\/07\/034-1024x1536.jpg 1024w, https:\/\/galicia.ingenierosnavales.com\/wp-content\/uploads\/2023\/07\/034-1365x2048.jpg 1365w, https:\/\/galicia.ingenierosnavales.com\/wp-content\/uploads\/2023\/07\/034-scaled.jpg 1707w\" sizes=\"auto, (max-width: 683px) 100vw, 683px\" \/><\/a>\n\t\t\t<\/dt><\/dl><br style=\"clear: both\" \/><dl class='gallery-item'>\n\t\t\t<dt class='gallery-icon landscape'>\n\t\t\t\t<a href='https:\/\/galicia.ingenierosnavales.com\/index.php\/2023\/07\/19\/galeria-de-imagenes-del-20-aniversario-de-la-inauguracion-de-la-delegacion-territorial-en-galicia-13-07-2023\/attachment\/035\/'><img loading=\"lazy\" decoding=\"async\" width=\"1024\" height=\"683\" src=\"https:\/\/galicia.ingenierosnavales.com\/wp-content\/uploads\/2023\/07\/035-1024x683.jpg\" class=\"attachment-large size-large no-lazy\" alt=\"\" srcset=\"https:\/\/galicia.ingenierosnavales.com\/wp-content\/uploads\/2023\/07\/035-1024x683.jpg 1024w, https:\/\/galicia.ingenierosnavales.com\/wp-content\/uploads\/2023\/07\/035-300x200.jpg 300w, https:\/\/galicia.ingenierosnavales.com\/wp-content\/uploads\/2023\/07\/035-768x512.jpg 768w, https:\/\/galicia.ingenierosnavales.com\/wp-content\/uploads\/2023\/07\/035-1536x1024.jpg 1536w, https:\/\/galicia.ingenierosnavales.com\/wp-content\/uploads\/2023\/07\/035-2048x1365.jpg 2048w\" sizes=\"auto, (max-width: 1024px) 100vw, 1024px\" \/><\/a>\n\t\t\t<\/dt><\/dl><dl class='gallery-item'>\n\t\t\t<dt class='gallery-icon landscape'>\n\t\t\t\t<a href='https:\/\/galicia.ingenierosnavales.com\/index.php\/2023\/07\/19\/galeria-de-imagenes-del-20-aniversario-de-la-inauguracion-de-la-delegacion-territorial-en-galicia-13-07-2023\/attachment\/038\/'><img loading=\"lazy\" decoding=\"async\" width=\"1024\" height=\"683\" src=\"https:\/\/galicia.ingenierosnavales.com\/wp-content\/uploads\/2023\/07\/038-1024x683.jpg\" class=\"attachment-large size-large no-lazy\" alt=\"\" srcset=\"https:\/\/galicia.ingenierosnavales.com\/wp-content\/uploads\/2023\/07\/038-1024x683.jpg 1024w, https:\/\/galicia.ingenierosnavales.com\/wp-content\/uploads\/2023\/07\/038-300x200.jpg 300w, https:\/\/galicia.ingenierosnavales.com\/wp-content\/uploads\/2023\/07\/038-768x512.jpg 768w, https:\/\/galicia.ingenierosnavales.com\/wp-content\/uploads\/2023\/07\/038-1536x1024.jpg 1536w, https:\/\/galicia.ingenierosnavales.com\/wp-content\/uploads\/2023\/07\/038-2048x1365.jpg 2048w\" sizes=\"auto, (max-width: 1024px) 100vw, 1024px\" \/><\/a>\n\t\t\t<\/dt><\/dl><br style=\"clear: both\" \/><dl class='gallery-item'>\n\t\t\t<dt class='gallery-icon landscape'>\n\t\t\t\t<a href='https:\/\/galicia.ingenierosnavales.com\/index.php\/2023\/07\/19\/galeria-de-imagenes-del-20-aniversario-de-la-inauguracion-de-la-delegacion-territorial-en-galicia-13-07-2023\/attachment\/044\/'><img loading=\"lazy\" decoding=\"async\" width=\"1024\" height=\"683\" src=\"https:\/\/galicia.ingenierosnavales.com\/wp-content\/uploads\/2023\/07\/044-1024x683.jpg\" class=\"attachment-large size-large no-lazy\" alt=\"\" srcset=\"https:\/\/galicia.ingenierosnavales.com\/wp-content\/uploads\/2023\/07\/044-1024x683.jpg 1024w, https:\/\/galicia.ingenierosnavales.com\/wp-content\/uploads\/2023\/07\/044-300x200.jpg 300w, https:\/\/galicia.ingenierosnavales.com\/wp-content\/uploads\/2023\/07\/044-768x512.jpg 768w, https:\/\/galicia.ingenierosnavales.com\/wp-content\/uploads\/2023\/07\/044-1536x1024.jpg 1536w, https:\/\/galicia.ingenierosnavales.com\/wp-content\/uploads\/2023\/07\/044-2048x1365.jpg 2048w\" sizes=\"auto, (max-width: 1024px) 100vw, 1024px\" \/><\/a>\n\t\t\t<\/dt><\/dl><dl class='gallery-item'>\n\t\t\t<dt class='gallery-icon portrait'>\n\t\t\t\t<a href='https:\/\/galicia.ingenierosnavales.com\/index.php\/2023\/07\/19\/galeria-de-imagenes-del-20-aniversario-de-la-inauguracion-de-la-delegacion-territorial-en-galicia-13-07-2023\/attachment\/049\/'><img loading=\"lazy\" decoding=\"async\" width=\"683\" height=\"1024\" src=\"https:\/\/galicia.ingenierosnavales.com\/wp-content\/uploads\/2023\/07\/049-683x1024.jpg\" class=\"attachment-large size-large no-lazy\" alt=\"\" srcset=\"https:\/\/galicia.ingenierosnavales.com\/wp-content\/uploads\/2023\/07\/049-683x1024.jpg 683w, https:\/\/galicia.ingenierosnavales.com\/wp-content\/uploads\/2023\/07\/049-200x300.jpg 200w, https:\/\/galicia.ingenierosnavales.com\/wp-content\/uploads\/2023\/07\/049-768x1152.jpg 768w, https:\/\/galicia.ingenierosnavales.com\/wp-content\/uploads\/2023\/07\/049-1024x1536.jpg 1024w, https:\/\/galicia.ingenierosnavales.com\/wp-content\/uploads\/2023\/07\/049-1365x2048.jpg 1365w, https:\/\/galicia.ingenierosnavales.com\/wp-content\/uploads\/2023\/07\/049-scaled.jpg 1707w\" sizes=\"auto, (max-width: 683px) 100vw, 683px\" \/><\/a>\n\t\t\t<\/dt><\/dl><br style=\"clear: both\" \/><dl class='gallery-item'>\n\t\t\t<dt class='gallery-icon landscape'>\n\t\t\t\t<a href='https:\/\/galicia.ingenierosnavales.com\/index.php\/2023\/07\/19\/galeria-de-imagenes-del-20-aniversario-de-la-inauguracion-de-la-delegacion-territorial-en-galicia-13-07-2023\/attachment\/051\/'><img loading=\"lazy\" decoding=\"async\" width=\"1024\" height=\"683\" src=\"https:\/\/galicia.ingenierosnavales.com\/wp-content\/uploads\/2023\/07\/051-1024x683.jpg\" class=\"attachment-large size-large no-lazy\" alt=\"\" srcset=\"https:\/\/galicia.ingenierosnavales.com\/wp-content\/uploads\/2023\/07\/051-1024x683.jpg 1024w, https:\/\/galicia.ingenierosnavales.com\/wp-content\/uploads\/2023\/07\/051-300x200.jpg 300w, https:\/\/galicia.ingenierosnavales.com\/wp-content\/uploads\/2023\/07\/051-768x512.jpg 768w, https:\/\/galicia.ingenierosnavales.com\/wp-content\/uploads\/2023\/07\/051-1536x1024.jpg 1536w, https:\/\/galicia.ingenierosnavales.com\/wp-content\/uploads\/2023\/07\/051-2048x1365.jpg 2048w\" sizes=\"auto, (max-width: 1024px) 100vw, 1024px\" \/><\/a>\n\t\t\t<\/dt><\/dl><dl class='gallery-item'>\n\t\t\t<dt class='gallery-icon landscape'>\n\t\t\t\t<a href='https:\/\/galicia.ingenierosnavales.com\/index.php\/2023\/07\/19\/galeria-de-imagenes-del-20-aniversario-de-la-inauguracion-de-la-delegacion-territorial-en-galicia-13-07-2023\/attachment\/056\/'><img loading=\"lazy\" decoding=\"async\" width=\"1024\" height=\"683\" src=\"https:\/\/galicia.ingenierosnavales.com\/wp-content\/uploads\/2023\/07\/056-1024x683.jpg\" class=\"attachment-large size-large no-lazy\" alt=\"\" srcset=\"https:\/\/galicia.ingenierosnavales.com\/wp-content\/uploads\/2023\/07\/056-1024x683.jpg 1024w, https:\/\/galicia.ingenierosnavales.com\/wp-content\/uploads\/2023\/07\/056-300x200.jpg 300w, https:\/\/galicia.ingenierosnavales.com\/wp-content\/uploads\/2023\/07\/056-768x512.jpg 768w, https:\/\/galicia.ingenierosnavales.com\/wp-content\/uploads\/2023\/07\/056-1536x1024.jpg 1536w, https:\/\/galicia.ingenierosnavales.com\/wp-content\/uploads\/2023\/07\/056-2048x1365.jpg 2048w\" sizes=\"auto, (max-width: 1024px) 100vw, 1024px\" \/><\/a>\n\t\t\t<\/dt><\/dl><br style=\"clear: both\" \/><dl class='gallery-item'>\n\t\t\t<dt class='gallery-icon landscape'>\n\t\t\t\t<a href='https:\/\/galicia.ingenierosnavales.com\/index.php\/2023\/07\/19\/galeria-de-imagenes-del-20-aniversario-de-la-inauguracion-de-la-delegacion-territorial-en-galicia-13-07-2023\/attachment\/061\/'><img loading=\"lazy\" decoding=\"async\" width=\"1024\" height=\"683\" src=\"https:\/\/galicia.ingenierosnavales.com\/wp-content\/uploads\/2023\/07\/061-1024x683.jpg\" class=\"attachment-large size-large no-lazy\" alt=\"\" srcset=\"https:\/\/galicia.ingenierosnavales.com\/wp-content\/uploads\/2023\/07\/061-1024x683.jpg 1024w, https:\/\/galicia.ingenierosnavales.com\/wp-content\/uploads\/2023\/07\/061-300x200.jpg 300w, https:\/\/galicia.ingenierosnavales.com\/wp-content\/uploads\/2023\/07\/061-768x512.jpg 768w, https:\/\/galicia.ingenierosnavales.com\/wp-content\/uploads\/2023\/07\/061-1536x1024.jpg 1536w, https:\/\/galicia.ingenierosnavales.com\/wp-content\/uploads\/2023\/07\/061-2048x1365.jpg 2048w\" sizes=\"auto, (max-width: 1024px) 100vw, 1024px\" \/><\/a>\n\t\t\t<\/dt><\/dl><dl class='gallery-item'>\n\t\t\t<dt class='gallery-icon landscape'>\n\t\t\t\t<a href='https:\/\/galicia.ingenierosnavales.com\/index.php\/2023\/07\/19\/galeria-de-imagenes-del-20-aniversario-de-la-inauguracion-de-la-delegacion-territorial-en-galicia-13-07-2023\/attachment\/067\/'><img loading=\"lazy\" decoding=\"async\" width=\"1024\" height=\"683\" src=\"https:\/\/galicia.ingenierosnavales.com\/wp-content\/uploads\/2023\/07\/067-1024x683.jpg\" class=\"attachment-large size-large no-lazy\" alt=\"\" srcset=\"https:\/\/galicia.ingenierosnavales.com\/wp-content\/uploads\/2023\/07\/067-1024x683.jpg 1024w, https:\/\/galicia.ingenierosnavales.com\/wp-content\/uploads\/2023\/07\/067-300x200.jpg 300w, https:\/\/galicia.ingenierosnavales.com\/wp-content\/uploads\/2023\/07\/067-768x512.jpg 768w, https:\/\/galicia.ingenierosnavales.com\/wp-content\/uploads\/2023\/07\/067-1536x1024.jpg 1536w, https:\/\/galicia.ingenierosnavales.com\/wp-content\/uploads\/2023\/07\/067-2048x1365.jpg 2048w\" sizes=\"auto, (max-width: 1024px) 100vw, 1024px\" \/><\/a>\n\t\t\t<\/dt><\/dl><br style=\"clear: both\" \/><dl class='gallery-item'>\n\t\t\t<dt class='gallery-icon portrait'>\n\t\t\t\t<a href='https:\/\/galicia.ingenierosnavales.com\/index.php\/2023\/07\/19\/galeria-de-imagenes-del-20-aniversario-de-la-inauguracion-de-la-delegacion-territorial-en-galicia-13-07-2023\/attachment\/068\/'><img loading=\"lazy\" decoding=\"async\" width=\"683\" height=\"1024\" src=\"https:\/\/galicia.ingenierosnavales.com\/wp-content\/uploads\/2023\/07\/068-683x1024.jpg\" class=\"attachment-large size-large no-lazy\" alt=\"\" srcset=\"https:\/\/galicia.ingenierosnavales.com\/wp-content\/uploads\/2023\/07\/068-683x1024.jpg 683w, https:\/\/galicia.ingenierosnavales.com\/wp-content\/uploads\/2023\/07\/068-200x300.jpg 200w, https:\/\/galicia.ingenierosnavales.com\/wp-content\/uploads\/2023\/07\/068-768x1152.jpg 768w, https:\/\/galicia.ingenierosnavales.com\/wp-content\/uploads\/2023\/07\/068-1024x1536.jpg 1024w, https:\/\/galicia.ingenierosnavales.com\/wp-content\/uploads\/2023\/07\/068-1365x2048.jpg 1365w, https:\/\/galicia.ingenierosnavales.com\/wp-content\/uploads\/2023\/07\/068-scaled.jpg 1707w\" sizes=\"auto, (max-width: 683px) 100vw, 683px\" \/><\/a>\n\t\t\t<\/dt><\/dl><dl class='gallery-item'>\n\t\t\t<dt class='gallery-icon landscape'>\n\t\t\t\t<a href='https:\/\/galicia.ingenierosnavales.com\/index.php\/2023\/07\/19\/galeria-de-imagenes-del-20-aniversario-de-la-inauguracion-de-la-delegacion-territorial-en-galicia-13-07-2023\/attachment\/069\/'><img loading=\"lazy\" decoding=\"async\" width=\"1024\" height=\"683\" src=\"https:\/\/galicia.ingenierosnavales.com\/wp-content\/uploads\/2023\/07\/069-1024x683.jpg\" class=\"attachment-large size-large no-lazy\" alt=\"\" srcset=\"https:\/\/galicia.ingenierosnavales.com\/wp-content\/uploads\/2023\/07\/069-1024x683.jpg 1024w, https:\/\/galicia.ingenierosnavales.com\/wp-content\/uploads\/2023\/07\/069-300x200.jpg 300w, https:\/\/galicia.ingenierosnavales.com\/wp-content\/uploads\/2023\/07\/069-768x512.jpg 768w, https:\/\/galicia.ingenierosnavales.com\/wp-content\/uploads\/2023\/07\/069-1536x1024.jpg 1536w, https:\/\/galicia.ingenierosnavales.com\/wp-content\/uploads\/2023\/07\/069-2048x1365.jpg 2048w\" sizes=\"auto, (max-width: 1024px) 100vw, 1024px\" \/><\/a>\n\t\t\t<\/dt><\/dl><br style=\"clear: both\" \/><dl class='gallery-item'>\n\t\t\t<dt class='gallery-icon landscape'>\n\t\t\t\t<a href='https:\/\/galicia.ingenierosnavales.com\/index.php\/2023\/07\/19\/galeria-de-imagenes-del-20-aniversario-de-la-inauguracion-de-la-delegacion-territorial-en-galicia-13-07-2023\/attachment\/070\/'><img loading=\"lazy\" decoding=\"async\" width=\"1024\" height=\"683\" src=\"https:\/\/galicia.ingenierosnavales.com\/wp-content\/uploads\/2023\/07\/070-1024x683.jpg\" class=\"attachment-large size-large no-lazy\" alt=\"\" srcset=\"https:\/\/galicia.ingenierosnavales.com\/wp-content\/uploads\/2023\/07\/070-1024x683.jpg 1024w, https:\/\/galicia.ingenierosnavales.com\/wp-content\/uploads\/2023\/07\/070-300x200.jpg 300w, https:\/\/galicia.ingenierosnavales.com\/wp-content\/uploads\/2023\/07\/070-768x512.jpg 768w, https:\/\/galicia.ingenierosnavales.com\/wp-content\/uploads\/2023\/07\/070-1536x1024.jpg 1536w, https:\/\/galicia.ingenierosnavales.com\/wp-content\/uploads\/2023\/07\/070-2048x1365.jpg 2048w\" sizes=\"auto, (max-width: 1024px) 100vw, 1024px\" \/><\/a>\n\t\t\t<\/dt><\/dl><dl class='gallery-item'>\n\t\t\t<dt class='gallery-icon landscape'>\n\t\t\t\t<a href='https:\/\/galicia.ingenierosnavales.com\/index.php\/2023\/07\/19\/galeria-de-imagenes-del-20-aniversario-de-la-inauguracion-de-la-delegacion-territorial-en-galicia-13-07-2023\/attachment\/076\/'><img loading=\"lazy\" decoding=\"async\" width=\"1024\" height=\"683\" src=\"https:\/\/galicia.ingenierosnavales.com\/wp-content\/uploads\/2023\/07\/076-1024x683.jpg\" class=\"attachment-large size-large no-lazy\" alt=\"\" srcset=\"https:\/\/galicia.ingenierosnavales.com\/wp-content\/uploads\/2023\/07\/076-1024x683.jpg 1024w, https:\/\/galicia.ingenierosnavales.com\/wp-content\/uploads\/2023\/07\/076-300x200.jpg 300w, https:\/\/galicia.ingenierosnavales.com\/wp-content\/uploads\/2023\/07\/076-768x512.jpg 768w, https:\/\/galicia.ingenierosnavales.com\/wp-content\/uploads\/2023\/07\/076-1536x1024.jpg 1536w, https:\/\/galicia.ingenierosnavales.com\/wp-content\/uploads\/2023\/07\/076-2048x1365.jpg 2048w\" sizes=\"auto, (max-width: 1024px) 100vw, 1024px\" \/><\/a>\n\t\t\t<\/dt><\/dl><br style=\"clear: both\" \/><dl class='gallery-item'>\n\t\t\t<dt class='gallery-icon landscape'>\n\t\t\t\t<a href='https:\/\/galicia.ingenierosnavales.com\/index.php\/2023\/07\/19\/galeria-de-imagenes-del-20-aniversario-de-la-inauguracion-de-la-delegacion-territorial-en-galicia-13-07-2023\/attachment\/078\/'><img loading=\"lazy\" decoding=\"async\" width=\"1024\" height=\"683\" src=\"https:\/\/galicia.ingenierosnavales.com\/wp-content\/uploads\/2023\/07\/078-1024x683.jpg\" class=\"attachment-large size-large no-lazy\" alt=\"\" srcset=\"https:\/\/galicia.ingenierosnavales.com\/wp-content\/uploads\/2023\/07\/078-1024x683.jpg 1024w, https:\/\/galicia.ingenierosnavales.com\/wp-content\/uploads\/2023\/07\/078-300x200.jpg 300w, https:\/\/galicia.ingenierosnavales.com\/wp-content\/uploads\/2023\/07\/078-768x512.jpg 768w, https:\/\/galicia.ingenierosnavales.com\/wp-content\/uploads\/2023\/07\/078-1536x1024.jpg 1536w, https:\/\/galicia.ingenierosnavales.com\/wp-content\/uploads\/2023\/07\/078-2048x1365.jpg 2048w\" sizes=\"auto, (max-width: 1024px) 100vw, 1024px\" \/><\/a>\n\t\t\t<\/dt><\/dl><dl class='gallery-item'>\n\t\t\t<dt class='gallery-icon landscape'>\n\t\t\t\t<a href='https:\/\/galicia.ingenierosnavales.com\/index.php\/2023\/07\/19\/galeria-de-imagenes-del-20-aniversario-de-la-inauguracion-de-la-delegacion-territorial-en-galicia-13-07-2023\/attachment\/082\/'><img loading=\"lazy\" decoding=\"async\" width=\"1024\" height=\"683\" src=\"https:\/\/galicia.ingenierosnavales.com\/wp-content\/uploads\/2023\/07\/082-1024x683.jpg\" class=\"attachment-large size-large no-lazy\" alt=\"\" srcset=\"https:\/\/galicia.ingenierosnavales.com\/wp-content\/uploads\/2023\/07\/082-1024x683.jpg 1024w, https:\/\/galicia.ingenierosnavales.com\/wp-content\/uploads\/2023\/07\/082-300x200.jpg 300w, https:\/\/galicia.ingenierosnavales.com\/wp-content\/uploads\/2023\/07\/082-768x512.jpg 768w, https:\/\/galicia.ingenierosnavales.com\/wp-content\/uploads\/2023\/07\/082-1536x1024.jpg 1536w, https:\/\/galicia.ingenierosnavales.com\/wp-content\/uploads\/2023\/07\/082-2048x1365.jpg 2048w\" sizes=\"auto, (max-width: 1024px) 100vw, 1024px\" \/><\/a>\n\t\t\t<\/dt><\/dl><br style=\"clear: both\" \/><dl class='gallery-item'>\n\t\t\t<dt class='gallery-icon portrait'>\n\t\t\t\t<a href='https:\/\/galicia.ingenierosnavales.com\/index.php\/2023\/07\/19\/galeria-de-imagenes-del-20-aniversario-de-la-inauguracion-de-la-delegacion-territorial-en-galicia-13-07-2023\/attachment\/085\/'><img loading=\"lazy\" decoding=\"async\" width=\"683\" height=\"1024\" src=\"https:\/\/galicia.ingenierosnavales.com\/wp-content\/uploads\/2023\/07\/085-683x1024.jpg\" class=\"attachment-large size-large no-lazy\" alt=\"\" srcset=\"https:\/\/galicia.ingenierosnavales.com\/wp-content\/uploads\/2023\/07\/085-683x1024.jpg 683w, https:\/\/galicia.ingenierosnavales.com\/wp-content\/uploads\/2023\/07\/085-200x300.jpg 200w, https:\/\/galicia.ingenierosnavales.com\/wp-content\/uploads\/2023\/07\/085-768x1152.jpg 768w, https:\/\/galicia.ingenierosnavales.com\/wp-content\/uploads\/2023\/07\/085-1024x1536.jpg 1024w, https:\/\/galicia.ingenierosnavales.com\/wp-content\/uploads\/2023\/07\/085-1365x2048.jpg 1365w, https:\/\/galicia.ingenierosnavales.com\/wp-content\/uploads\/2023\/07\/085-scaled.jpg 1707w\" sizes=\"auto, (max-width: 683px) 100vw, 683px\" \/><\/a>\n\t\t\t<\/dt><\/dl><dl class='gallery-item'>\n\t\t\t<dt class='gallery-icon landscape'>\n\t\t\t\t<a href='https:\/\/galicia.ingenierosnavales.com\/index.php\/2023\/07\/19\/galeria-de-imagenes-del-20-aniversario-de-la-inauguracion-de-la-delegacion-territorial-en-galicia-13-07-2023\/attachment\/087\/'><img loading=\"lazy\" decoding=\"async\" width=\"1024\" height=\"683\" src=\"https:\/\/galicia.ingenierosnavales.com\/wp-content\/uploads\/2023\/07\/087-1024x683.jpg\" class=\"attachment-large size-large no-lazy\" alt=\"\" srcset=\"https:\/\/galicia.ingenierosnavales.com\/wp-content\/uploads\/2023\/07\/087-1024x683.jpg 1024w, https:\/\/galicia.ingenierosnavales.com\/wp-content\/uploads\/2023\/07\/087-300x200.jpg 300w, https:\/\/galicia.ingenierosnavales.com\/wp-content\/uploads\/2023\/07\/087-768x512.jpg 768w, https:\/\/galicia.ingenierosnavales.com\/wp-content\/uploads\/2023\/07\/087-1536x1024.jpg 1536w, https:\/\/galicia.ingenierosnavales.com\/wp-content\/uploads\/2023\/07\/087-2048x1365.jpg 2048w\" sizes=\"auto, (max-width: 1024px) 100vw, 1024px\" \/><\/a>\n\t\t\t<\/dt><\/dl><br style=\"clear: both\" \/><dl class='gallery-item'>\n\t\t\t<dt class='gallery-icon landscape'>\n\t\t\t\t<a href='https:\/\/galicia.ingenierosnavales.com\/index.php\/2023\/07\/19\/galeria-de-imagenes-del-20-aniversario-de-la-inauguracion-de-la-delegacion-territorial-en-galicia-13-07-2023\/attachment\/092\/'><img loading=\"lazy\" decoding=\"async\" width=\"1024\" height=\"683\" src=\"https:\/\/galicia.ingenierosnavales.com\/wp-content\/uploads\/2023\/07\/092-1024x683.jpg\" class=\"attachment-large size-large no-lazy\" alt=\"\" srcset=\"https:\/\/galicia.ingenierosnavales.com\/wp-content\/uploads\/2023\/07\/092-1024x683.jpg 1024w, https:\/\/galicia.ingenierosnavales.com\/wp-content\/uploads\/2023\/07\/092-300x200.jpg 300w, https:\/\/galicia.ingenierosnavales.com\/wp-content\/uploads\/2023\/07\/092-768x512.jpg 768w, https:\/\/galicia.ingenierosnavales.com\/wp-content\/uploads\/2023\/07\/092-1536x1024.jpg 1536w, https:\/\/galicia.ingenierosnavales.com\/wp-content\/uploads\/2023\/07\/092-2048x1365.jpg 2048w\" sizes=\"auto, (max-width: 1024px) 100vw, 1024px\" \/><\/a>\n\t\t\t<\/dt><\/dl><dl class='gallery-item'>\n\t\t\t<dt class='gallery-icon portrait'>\n\t\t\t\t<a href='https:\/\/galicia.ingenierosnavales.com\/index.php\/2023\/07\/19\/galeria-de-imagenes-del-20-aniversario-de-la-inauguracion-de-la-delegacion-territorial-en-galicia-13-07-2023\/attachment\/093\/'><img loading=\"lazy\" decoding=\"async\" width=\"683\" height=\"1024\" src=\"https:\/\/galicia.ingenierosnavales.com\/wp-content\/uploads\/2023\/07\/093-683x1024.jpg\" class=\"attachment-large size-large no-lazy\" alt=\"\" srcset=\"https:\/\/galicia.ingenierosnavales.com\/wp-content\/uploads\/2023\/07\/093-683x1024.jpg 683w, https:\/\/galicia.ingenierosnavales.com\/wp-content\/uploads\/2023\/07\/093-200x300.jpg 200w, https:\/\/galicia.ingenierosnavales.com\/wp-content\/uploads\/2023\/07\/093-768x1152.jpg 768w, https:\/\/galicia.ingenierosnavales.com\/wp-content\/uploads\/2023\/07\/093-1024x1536.jpg 1024w, https:\/\/galicia.ingenierosnavales.com\/wp-content\/uploads\/2023\/07\/093-1365x2048.jpg 1365w, https:\/\/galicia.ingenierosnavales.com\/wp-content\/uploads\/2023\/07\/093-scaled.jpg 1707w\" sizes=\"auto, (max-width: 683px) 100vw, 683px\" \/><\/a>\n\t\t\t<\/dt><\/dl><br style=\"clear: both\" \/><dl class='gallery-item'>\n\t\t\t<dt class='gallery-icon portrait'>\n\t\t\t\t<a href='https:\/\/galicia.ingenierosnavales.com\/index.php\/2023\/07\/19\/galeria-de-imagenes-del-20-aniversario-de-la-inauguracion-de-la-delegacion-territorial-en-galicia-13-07-2023\/attachment\/096\/'><img loading=\"lazy\" decoding=\"async\" width=\"683\" height=\"1024\" src=\"https:\/\/galicia.ingenierosnavales.com\/wp-content\/uploads\/2023\/07\/096-683x1024.jpg\" class=\"attachment-large size-large no-lazy\" alt=\"\" srcset=\"https:\/\/galicia.ingenierosnavales.com\/wp-content\/uploads\/2023\/07\/096-683x1024.jpg 683w, https:\/\/galicia.ingenierosnavales.com\/wp-content\/uploads\/2023\/07\/096-200x300.jpg 200w, https:\/\/galicia.ingenierosnavales.com\/wp-content\/uploads\/2023\/07\/096-768x1152.jpg 768w, https:\/\/galicia.ingenierosnavales.com\/wp-content\/uploads\/2023\/07\/096-1024x1536.jpg 1024w, https:\/\/galicia.ingenierosnavales.com\/wp-content\/uploads\/2023\/07\/096-1365x2048.jpg 1365w, https:\/\/galicia.ingenierosnavales.com\/wp-content\/uploads\/2023\/07\/096-scaled.jpg 1707w\" sizes=\"auto, (max-width: 683px) 100vw, 683px\" \/><\/a>\n\t\t\t<\/dt><\/dl><dl class='gallery-item'>\n\t\t\t<dt class='gallery-icon portrait'>\n\t\t\t\t<a href='https:\/\/galicia.ingenierosnavales.com\/index.php\/2023\/07\/19\/galeria-de-imagenes-del-20-aniversario-de-la-inauguracion-de-la-delegacion-territorial-en-galicia-13-07-2023\/attachment\/097\/'><img loading=\"lazy\" decoding=\"async\" width=\"683\" height=\"1024\" src=\"https:\/\/galicia.ingenierosnavales.com\/wp-content\/uploads\/2023\/07\/097-683x1024.jpg\" class=\"attachment-large size-large no-lazy\" alt=\"\" srcset=\"https:\/\/galicia.ingenierosnavales.com\/wp-content\/uploads\/2023\/07\/097-683x1024.jpg 683w, https:\/\/galicia.ingenierosnavales.com\/wp-content\/uploads\/2023\/07\/097-200x300.jpg 200w, https:\/\/galicia.ingenierosnavales.com\/wp-content\/uploads\/2023\/07\/097-768x1152.jpg 768w, https:\/\/galicia.ingenierosnavales.com\/wp-content\/uploads\/2023\/07\/097-1024x1536.jpg 1024w, https:\/\/galicia.ingenierosnavales.com\/wp-content\/uploads\/2023\/07\/097-1365x2048.jpg 1365w, https:\/\/galicia.ingenierosnavales.com\/wp-content\/uploads\/2023\/07\/097-scaled.jpg 1707w\" sizes=\"auto, (max-width: 683px) 100vw, 683px\" \/><\/a>\n\t\t\t<\/dt><\/dl><br style=\"clear: both\" \/><dl class='gallery-item'>\n\t\t\t<dt class='gallery-icon portrait'>\n\t\t\t\t<a href='https:\/\/galicia.ingenierosnavales.com\/index.php\/2023\/07\/19\/galeria-de-imagenes-del-20-aniversario-de-la-inauguracion-de-la-delegacion-territorial-en-galicia-13-07-2023\/attachment\/098\/'><img loading=\"lazy\" decoding=\"async\" width=\"683\" height=\"1024\" src=\"https:\/\/galicia.ingenierosnavales.com\/wp-content\/uploads\/2023\/07\/098-683x1024.jpg\" class=\"attachment-large size-large no-lazy\" alt=\"\" srcset=\"https:\/\/galicia.ingenierosnavales.com\/wp-content\/uploads\/2023\/07\/098-683x1024.jpg 683w, https:\/\/galicia.ingenierosnavales.com\/wp-content\/uploads\/2023\/07\/098-200x300.jpg 200w, https:\/\/galicia.ingenierosnavales.com\/wp-content\/uploads\/2023\/07\/098-768x1152.jpg 768w, https:\/\/galicia.ingenierosnavales.com\/wp-content\/uploads\/2023\/07\/098-1024x1536.jpg 1024w, https:\/\/galicia.ingenierosnavales.com\/wp-content\/uploads\/2023\/07\/098-1365x2048.jpg 1365w, https:\/\/galicia.ingenierosnavales.com\/wp-content\/uploads\/2023\/07\/098-scaled.jpg 1707w\" sizes=\"auto, (max-width: 683px) 100vw, 683px\" \/><\/a>\n\t\t\t<\/dt><\/dl><dl class='gallery-item'>\n\t\t\t<dt class='gallery-icon landscape'>\n\t\t\t\t<a href='https:\/\/galicia.ingenierosnavales.com\/index.php\/2023\/07\/19\/galeria-de-imagenes-del-20-aniversario-de-la-inauguracion-de-la-delegacion-territorial-en-galicia-13-07-2023\/attachment\/100\/'><img loading=\"lazy\" decoding=\"async\" width=\"1024\" height=\"683\" src=\"https:\/\/galicia.ingenierosnavales.com\/wp-content\/uploads\/2023\/07\/100-1024x683.jpg\" class=\"attachment-large size-large no-lazy\" alt=\"\" srcset=\"https:\/\/galicia.ingenierosnavales.com\/wp-content\/uploads\/2023\/07\/100-1024x683.jpg 1024w, https:\/\/galicia.ingenierosnavales.com\/wp-content\/uploads\/2023\/07\/100-300x200.jpg 300w, https:\/\/galicia.ingenierosnavales.com\/wp-content\/uploads\/2023\/07\/100-768x512.jpg 768w, https:\/\/galicia.ingenierosnavales.com\/wp-content\/uploads\/2023\/07\/100-1536x1024.jpg 1536w, https:\/\/galicia.ingenierosnavales.com\/wp-content\/uploads\/2023\/07\/100-2048x1365.jpg 2048w\" sizes=\"auto, (max-width: 1024px) 100vw, 1024px\" \/><\/a>\n\t\t\t<\/dt><\/dl><br style=\"clear: both\" \/><dl class='gallery-item'>\n\t\t\t<dt class='gallery-icon landscape'>\n\t\t\t\t<a href='https:\/\/galicia.ingenierosnavales.com\/index.php\/2023\/07\/19\/galeria-de-imagenes-del-20-aniversario-de-la-inauguracion-de-la-delegacion-territorial-en-galicia-13-07-2023\/attachment\/106\/'><img loading=\"lazy\" decoding=\"async\" width=\"1024\" height=\"683\" src=\"https:\/\/galicia.ingenierosnavales.com\/wp-content\/uploads\/2023\/07\/106-1024x683.jpg\" class=\"attachment-large size-large no-lazy\" alt=\"\" srcset=\"https:\/\/galicia.ingenierosnavales.com\/wp-content\/uploads\/2023\/07\/106-1024x683.jpg 1024w, https:\/\/galicia.ingenierosnavales.com\/wp-content\/uploads\/2023\/07\/106-300x200.jpg 300w, https:\/\/galicia.ingenierosnavales.com\/wp-content\/uploads\/2023\/07\/106-768x512.jpg 768w, https:\/\/galicia.ingenierosnavales.com\/wp-content\/uploads\/2023\/07\/106-1536x1024.jpg 1536w, https:\/\/galicia.ingenierosnavales.com\/wp-content\/uploads\/2023\/07\/106-2048x1365.jpg 2048w\" sizes=\"auto, (max-width: 1024px) 100vw, 1024px\" \/><\/a>\n\t\t\t<\/dt><\/dl><dl class='gallery-item'>\n\t\t\t<dt class='gallery-icon landscape'>\n\t\t\t\t<a href='https:\/\/galicia.ingenierosnavales.com\/index.php\/2023\/07\/19\/galeria-de-imagenes-del-20-aniversario-de-la-inauguracion-de-la-delegacion-territorial-en-galicia-13-07-2023\/attachment\/109\/'><img loading=\"lazy\" decoding=\"async\" width=\"1024\" height=\"683\" src=\"https:\/\/galicia.ingenierosnavales.com\/wp-content\/uploads\/2023\/07\/109-1024x683.jpg\" class=\"attachment-large size-large no-lazy\" alt=\"\" srcset=\"https:\/\/galicia.ingenierosnavales.com\/wp-content\/uploads\/2023\/07\/109-1024x683.jpg 1024w, https:\/\/galicia.ingenierosnavales.com\/wp-content\/uploads\/2023\/07\/109-300x200.jpg 300w, https:\/\/galicia.ingenierosnavales.com\/wp-content\/uploads\/2023\/07\/109-768x512.jpg 768w, https:\/\/galicia.ingenierosnavales.com\/wp-content\/uploads\/2023\/07\/109-1536x1024.jpg 1536w, https:\/\/galicia.ingenierosnavales.com\/wp-content\/uploads\/2023\/07\/109-2048x1365.jpg 2048w\" sizes=\"auto, (max-width: 1024px) 100vw, 1024px\" \/><\/a>\n\t\t\t<\/dt><\/dl><br style=\"clear: both\" \/><dl class='gallery-item'>\n\t\t\t<dt class='gallery-icon landscape'>\n\t\t\t\t<a href='https:\/\/galicia.ingenierosnavales.com\/index.php\/2023\/07\/19\/galeria-de-imagenes-del-20-aniversario-de-la-inauguracion-de-la-delegacion-territorial-en-galicia-13-07-2023\/attachment\/111\/'><img loading=\"lazy\" decoding=\"async\" width=\"1024\" height=\"683\" src=\"https:\/\/galicia.ingenierosnavales.com\/wp-content\/uploads\/2023\/07\/111-1024x683.jpg\" class=\"attachment-large size-large no-lazy\" alt=\"\" srcset=\"https:\/\/galicia.ingenierosnavales.com\/wp-content\/uploads\/2023\/07\/111-1024x683.jpg 1024w, https:\/\/galicia.ingenierosnavales.com\/wp-content\/uploads\/2023\/07\/111-300x200.jpg 300w, https:\/\/galicia.ingenierosnavales.com\/wp-content\/uploads\/2023\/07\/111-768x512.jpg 768w, https:\/\/galicia.ingenierosnavales.com\/wp-content\/uploads\/2023\/07\/111-1536x1024.jpg 1536w, https:\/\/galicia.ingenierosnavales.com\/wp-content\/uploads\/2023\/07\/111-2048x1365.jpg 2048w\" sizes=\"auto, (max-width: 1024px) 100vw, 1024px\" \/><\/a>\n\t\t\t<\/dt><\/dl><dl class='gallery-item'>\n\t\t\t<dt class='gallery-icon landscape'>\n\t\t\t\t<a href='https:\/\/galicia.ingenierosnavales.com\/index.php\/2023\/07\/19\/galeria-de-imagenes-del-20-aniversario-de-la-inauguracion-de-la-delegacion-territorial-en-galicia-13-07-2023\/attachment\/112\/'><img loading=\"lazy\" decoding=\"async\" width=\"1024\" height=\"683\" src=\"https:\/\/galicia.ingenierosnavales.com\/wp-content\/uploads\/2023\/07\/112-1024x683.jpg\" class=\"attachment-large size-large no-lazy\" alt=\"\" srcset=\"https:\/\/galicia.ingenierosnavales.com\/wp-content\/uploads\/2023\/07\/112-1024x683.jpg 1024w, https:\/\/galicia.ingenierosnavales.com\/wp-content\/uploads\/2023\/07\/112-300x200.jpg 300w, https:\/\/galicia.ingenierosnavales.com\/wp-content\/uploads\/2023\/07\/112-768x512.jpg 768w, https:\/\/galicia.ingenierosnavales.com\/wp-content\/uploads\/2023\/07\/112-1536x1024.jpg 1536w, https:\/\/galicia.ingenierosnavales.com\/wp-content\/uploads\/2023\/07\/112-2048x1365.jpg 2048w\" sizes=\"auto, (max-width: 1024px) 100vw, 1024px\" \/><\/a>\n\t\t\t<\/dt><\/dl><br style=\"clear: both\" \/><dl class='gallery-item'>\n\t\t\t<dt class='gallery-icon landscape'>\n\t\t\t\t<a href='https:\/\/galicia.ingenierosnavales.com\/index.php\/2023\/07\/19\/galeria-de-imagenes-del-20-aniversario-de-la-inauguracion-de-la-delegacion-territorial-en-galicia-13-07-2023\/attachment\/116\/'><img loading=\"lazy\" decoding=\"async\" width=\"1024\" height=\"683\" src=\"https:\/\/galicia.ingenierosnavales.com\/wp-content\/uploads\/2023\/07\/116-1024x683.jpg\" class=\"attachment-large size-large no-lazy\" alt=\"\" srcset=\"https:\/\/galicia.ingenierosnavales.com\/wp-content\/uploads\/2023\/07\/116-1024x683.jpg 1024w, https:\/\/galicia.ingenierosnavales.com\/wp-content\/uploads\/2023\/07\/116-300x200.jpg 300w, https:\/\/galicia.ingenierosnavales.com\/wp-content\/uploads\/2023\/07\/116-768x512.jpg 768w, https:\/\/galicia.ingenierosnavales.com\/wp-content\/uploads\/2023\/07\/116-1536x1024.jpg 1536w, https:\/\/galicia.ingenierosnavales.com\/wp-content\/uploads\/2023\/07\/116-2048x1365.jpg 2048w\" sizes=\"auto, (max-width: 1024px) 100vw, 1024px\" \/><\/a>\n\t\t\t<\/dt><\/dl><dl class='gallery-item'>\n\t\t\t<dt class='gallery-icon landscape'>\n\t\t\t\t<a href='https:\/\/galicia.ingenierosnavales.com\/index.php\/2023\/07\/19\/galeria-de-imagenes-del-20-aniversario-de-la-inauguracion-de-la-delegacion-territorial-en-galicia-13-07-2023\/attachment\/117\/'><img loading=\"lazy\" decoding=\"async\" width=\"1024\" height=\"683\" src=\"https:\/\/galicia.ingenierosnavales.com\/wp-content\/uploads\/2023\/07\/117-1024x683.jpg\" class=\"attachment-large size-large no-lazy\" alt=\"\" srcset=\"https:\/\/galicia.ingenierosnavales.com\/wp-content\/uploads\/2023\/07\/117-1024x683.jpg 1024w, https:\/\/galicia.ingenierosnavales.com\/wp-content\/uploads\/2023\/07\/117-300x200.jpg 300w, https:\/\/galicia.ingenierosnavales.com\/wp-content\/uploads\/2023\/07\/117-768x512.jpg 768w, https:\/\/galicia.ingenierosnavales.com\/wp-content\/uploads\/2023\/07\/117-1536x1024.jpg 1536w, https:\/\/galicia.ingenierosnavales.com\/wp-content\/uploads\/2023\/07\/117-2048x1365.jpg 2048w\" sizes=\"auto, (max-width: 1024px) 100vw, 1024px\" \/><\/a>\n\t\t\t<\/dt><\/dl><br style=\"clear: both\" \/><dl class='gallery-item'>\n\t\t\t<dt class='gallery-icon landscape'>\n\t\t\t\t<a href='https:\/\/galicia.ingenierosnavales.com\/index.php\/2023\/07\/19\/galeria-de-imagenes-del-20-aniversario-de-la-inauguracion-de-la-delegacion-territorial-en-galicia-13-07-2023\/attachment\/121\/'><img loading=\"lazy\" decoding=\"async\" width=\"1024\" height=\"683\" src=\"https:\/\/galicia.ingenierosnavales.com\/wp-content\/uploads\/2023\/07\/121-1024x683.jpg\" class=\"attachment-large size-large no-lazy\" alt=\"\" srcset=\"https:\/\/galicia.ingenierosnavales.com\/wp-content\/uploads\/2023\/07\/121-1024x683.jpg 1024w, https:\/\/galicia.ingenierosnavales.com\/wp-content\/uploads\/2023\/07\/121-300x200.jpg 300w, https:\/\/galicia.ingenierosnavales.com\/wp-content\/uploads\/2023\/07\/121-768x512.jpg 768w, https:\/\/galicia.ingenierosnavales.com\/wp-content\/uploads\/2023\/07\/121-1536x1024.jpg 1536w, https:\/\/galicia.ingenierosnavales.com\/wp-content\/uploads\/2023\/07\/121-2048x1365.jpg 2048w\" sizes=\"auto, (max-width: 1024px) 100vw, 1024px\" \/><\/a>\n\t\t\t<\/dt><\/dl><dl class='gallery-item'>\n\t\t\t<dt class='gallery-icon landscape'>\n\t\t\t\t<a href='https:\/\/galicia.ingenierosnavales.com\/index.php\/2023\/07\/19\/galeria-de-imagenes-del-20-aniversario-de-la-inauguracion-de-la-delegacion-territorial-en-galicia-13-07-2023\/attachment\/124\/'><img loading=\"lazy\" decoding=\"async\" width=\"1024\" height=\"683\" src=\"https:\/\/galicia.ingenierosnavales.com\/wp-content\/uploads\/2023\/07\/124-1024x683.jpg\" class=\"attachment-large size-large no-lazy\" alt=\"\" srcset=\"https:\/\/galicia.ingenierosnavales.com\/wp-content\/uploads\/2023\/07\/124-1024x683.jpg 1024w, https:\/\/galicia.ingenierosnavales.com\/wp-content\/uploads\/2023\/07\/124-300x200.jpg 300w, https:\/\/galicia.ingenierosnavales.com\/wp-content\/uploads\/2023\/07\/124-768x512.jpg 768w, https:\/\/galicia.ingenierosnavales.com\/wp-content\/uploads\/2023\/07\/124-1536x1024.jpg 1536w, https:\/\/galicia.ingenierosnavales.com\/wp-content\/uploads\/2023\/07\/124-2048x1365.jpg 2048w\" sizes=\"auto, (max-width: 1024px) 100vw, 1024px\" \/><\/a>\n\t\t\t<\/dt><\/dl><br style=\"clear: both\" \/><dl class='gallery-item'>\n\t\t\t<dt class='gallery-icon landscape'>\n\t\t\t\t<a href='https:\/\/galicia.ingenierosnavales.com\/index.php\/2023\/07\/19\/galeria-de-imagenes-del-20-aniversario-de-la-inauguracion-de-la-delegacion-territorial-en-galicia-13-07-2023\/attachment\/132\/'><img loading=\"lazy\" decoding=\"async\" width=\"1024\" height=\"683\" src=\"https:\/\/galicia.ingenierosnavales.com\/wp-content\/uploads\/2023\/07\/132-1024x683.jpg\" class=\"attachment-large size-large no-lazy\" alt=\"\" srcset=\"https:\/\/galicia.ingenierosnavales.com\/wp-content\/uploads\/2023\/07\/132-1024x683.jpg 1024w, https:\/\/galicia.ingenierosnavales.com\/wp-content\/uploads\/2023\/07\/132-300x200.jpg 300w, https:\/\/galicia.ingenierosnavales.com\/wp-content\/uploads\/2023\/07\/132-768x512.jpg 768w, https:\/\/galicia.ingenierosnavales.com\/wp-content\/uploads\/2023\/07\/132-1536x1024.jpg 1536w, https:\/\/galicia.ingenierosnavales.com\/wp-content\/uploads\/2023\/07\/132-2048x1365.jpg 2048w\" sizes=\"auto, (max-width: 1024px) 100vw, 1024px\" \/><\/a>\n\t\t\t<\/dt><\/dl><dl class='gallery-item'>\n\t\t\t<dt class='gallery-icon landscape'>\n\t\t\t\t<a href='https:\/\/galicia.ingenierosnavales.com\/index.php\/2023\/07\/19\/galeria-de-imagenes-del-20-aniversario-de-la-inauguracion-de-la-delegacion-territorial-en-galicia-13-07-2023\/attachment\/133\/'><img loading=\"lazy\" decoding=\"async\" width=\"1024\" height=\"683\" src=\"https:\/\/galicia.ingenierosnavales.com\/wp-content\/uploads\/2023\/07\/133-1024x683.jpg\" class=\"attachment-large size-large no-lazy\" alt=\"\" srcset=\"https:\/\/galicia.ingenierosnavales.com\/wp-content\/uploads\/2023\/07\/133-1024x683.jpg 1024w, https:\/\/galicia.ingenierosnavales.com\/wp-content\/uploads\/2023\/07\/133-300x200.jpg 300w, https:\/\/galicia.ingenierosnavales.com\/wp-content\/uploads\/2023\/07\/133-768x512.jpg 768w, https:\/\/galicia.ingenierosnavales.com\/wp-content\/uploads\/2023\/07\/133-1536x1024.jpg 1536w, https:\/\/galicia.ingenierosnavales.com\/wp-content\/uploads\/2023\/07\/133-2048x1365.jpg 2048w\" sizes=\"auto, (max-width: 1024px) 100vw, 1024px\" \/><\/a>\n\t\t\t<\/dt><\/dl><br style=\"clear: both\" \/><dl class='gallery-item'>\n\t\t\t<dt class='gallery-icon landscape'>\n\t\t\t\t<a href='https:\/\/galicia.ingenierosnavales.com\/index.php\/2023\/07\/19\/galeria-de-imagenes-del-20-aniversario-de-la-inauguracion-de-la-delegacion-territorial-en-galicia-13-07-2023\/attachment\/136\/'><img loading=\"lazy\" decoding=\"async\" width=\"1024\" height=\"683\" src=\"https:\/\/galicia.ingenierosnavales.com\/wp-content\/uploads\/2023\/07\/136-1024x683.jpg\" class=\"attachment-large size-large no-lazy\" alt=\"\" srcset=\"https:\/\/galicia.ingenierosnavales.com\/wp-content\/uploads\/2023\/07\/136-1024x683.jpg 1024w, https:\/\/galicia.ingenierosnavales.com\/wp-content\/uploads\/2023\/07\/136-300x200.jpg 300w, https:\/\/galicia.ingenierosnavales.com\/wp-content\/uploads\/2023\/07\/136-768x512.jpg 768w, https:\/\/galicia.ingenierosnavales.com\/wp-content\/uploads\/2023\/07\/136-1536x1024.jpg 1536w, https:\/\/galicia.ingenierosnavales.com\/wp-content\/uploads\/2023\/07\/136-2048x1365.jpg 2048w\" sizes=\"auto, (max-width: 1024px) 100vw, 1024px\" \/><\/a>\n\t\t\t<\/dt><\/dl><dl class='gallery-item'>\n\t\t\t<dt class='gallery-icon landscape'>\n\t\t\t\t<a href='https:\/\/galicia.ingenierosnavales.com\/index.php\/2023\/07\/19\/galeria-de-imagenes-del-20-aniversario-de-la-inauguracion-de-la-delegacion-territorial-en-galicia-13-07-2023\/attachment\/138\/'><img loading=\"lazy\" decoding=\"async\" width=\"1024\" height=\"683\" src=\"https:\/\/galicia.ingenierosnavales.com\/wp-content\/uploads\/2023\/07\/138-1024x683.jpg\" class=\"attachment-large size-large no-lazy\" alt=\"\" srcset=\"https:\/\/galicia.ingenierosnavales.com\/wp-content\/uploads\/2023\/07\/138-1024x683.jpg 1024w, https:\/\/galicia.ingenierosnavales.com\/wp-content\/uploads\/2023\/07\/138-300x200.jpg 300w, https:\/\/galicia.ingenierosnavales.com\/wp-content\/uploads\/2023\/07\/138-768x512.jpg 768w, https:\/\/galicia.ingenierosnavales.com\/wp-content\/uploads\/2023\/07\/138-1536x1024.jpg 1536w, https:\/\/galicia.ingenierosnavales.com\/wp-content\/uploads\/2023\/07\/138-2048x1365.jpg 2048w\" sizes=\"auto, (max-width: 1024px) 100vw, 1024px\" \/><\/a>\n\t\t\t<\/dt><\/dl><br style=\"clear: both\" \/><dl class='gallery-item'>\n\t\t\t<dt class='gallery-icon landscape'>\n\t\t\t\t<a href='https:\/\/galicia.ingenierosnavales.com\/index.php\/2023\/07\/19\/galeria-de-imagenes-del-20-aniversario-de-la-inauguracion-de-la-delegacion-territorial-en-galicia-13-07-2023\/attachment\/140\/'><img loading=\"lazy\" decoding=\"async\" width=\"1024\" height=\"683\" src=\"https:\/\/galicia.ingenierosnavales.com\/wp-content\/uploads\/2023\/07\/140-1024x683.jpg\" class=\"attachment-large size-large no-lazy\" alt=\"\" srcset=\"https:\/\/galicia.ingenierosnavales.com\/wp-content\/uploads\/2023\/07\/140-1024x683.jpg 1024w, https:\/\/galicia.ingenierosnavales.com\/wp-content\/uploads\/2023\/07\/140-300x200.jpg 300w, https:\/\/galicia.ingenierosnavales.com\/wp-content\/uploads\/2023\/07\/140-768x512.jpg 768w, https:\/\/galicia.ingenierosnavales.com\/wp-content\/uploads\/2023\/07\/140-1536x1024.jpg 1536w, https:\/\/galicia.ingenierosnavales.com\/wp-content\/uploads\/2023\/07\/140-2048x1365.jpg 2048w\" sizes=\"auto, (max-width: 1024px) 100vw, 1024px\" \/><\/a>\n\t\t\t<\/dt><\/dl><dl class='gallery-item'>\n\t\t\t<dt class='gallery-icon landscape'>\n\t\t\t\t<a href='https:\/\/galicia.ingenierosnavales.com\/index.php\/2023\/07\/19\/galeria-de-imagenes-del-20-aniversario-de-la-inauguracion-de-la-delegacion-territorial-en-galicia-13-07-2023\/attachment\/141\/'><img loading=\"lazy\" decoding=\"async\" width=\"1024\" height=\"683\" src=\"https:\/\/galicia.ingenierosnavales.com\/wp-content\/uploads\/2023\/07\/141-1024x683.jpg\" class=\"attachment-large size-large no-lazy\" alt=\"\" srcset=\"https:\/\/galicia.ingenierosnavales.com\/wp-content\/uploads\/2023\/07\/141-1024x683.jpg 1024w, https:\/\/galicia.ingenierosnavales.com\/wp-content\/uploads\/2023\/07\/141-300x200.jpg 300w, https:\/\/galicia.ingenierosnavales.com\/wp-content\/uploads\/2023\/07\/141-768x512.jpg 768w, https:\/\/galicia.ingenierosnavales.com\/wp-content\/uploads\/2023\/07\/141-1536x1024.jpg 1536w, https:\/\/galicia.ingenierosnavales.com\/wp-content\/uploads\/2023\/07\/141-2048x1365.jpg 2048w\" sizes=\"auto, (max-width: 1024px) 100vw, 1024px\" \/><\/a>\n\t\t\t<\/dt><\/dl><br style=\"clear: both\" \/><dl class='gallery-item'>\n\t\t\t<dt class='gallery-icon landscape'>\n\t\t\t\t<a href='https:\/\/galicia.ingenierosnavales.com\/index.php\/2023\/07\/19\/galeria-de-imagenes-del-20-aniversario-de-la-inauguracion-de-la-delegacion-territorial-en-galicia-13-07-2023\/attachment\/146\/'><img loading=\"lazy\" decoding=\"async\" width=\"1024\" height=\"683\" src=\"https:\/\/galicia.ingenierosnavales.com\/wp-content\/uploads\/2023\/07\/146-1024x683.jpg\" class=\"attachment-large size-large no-lazy\" alt=\"\" srcset=\"https:\/\/galicia.ingenierosnavales.com\/wp-content\/uploads\/2023\/07\/146-1024x683.jpg 1024w, https:\/\/galicia.ingenierosnavales.com\/wp-content\/uploads\/2023\/07\/146-300x200.jpg 300w, https:\/\/galicia.ingenierosnavales.com\/wp-content\/uploads\/2023\/07\/146-768x512.jpg 768w, https:\/\/galicia.ingenierosnavales.com\/wp-content\/uploads\/2023\/07\/146-1536x1024.jpg 1536w, https:\/\/galicia.ingenierosnavales.com\/wp-content\/uploads\/2023\/07\/146-2048x1365.jpg 2048w\" sizes=\"auto, (max-width: 1024px) 100vw, 1024px\" \/><\/a>\n\t\t\t<\/dt><\/dl><dl class='gallery-item'>\n\t\t\t<dt class='gallery-icon landscape'>\n\t\t\t\t<a href='https:\/\/galicia.ingenierosnavales.com\/index.php\/2023\/07\/19\/galeria-de-imagenes-del-20-aniversario-de-la-inauguracion-de-la-delegacion-territorial-en-galicia-13-07-2023\/attachment\/148\/'><img loading=\"lazy\" decoding=\"async\" width=\"1024\" height=\"683\" src=\"https:\/\/galicia.ingenierosnavales.com\/wp-content\/uploads\/2023\/07\/148-1024x683.jpg\" class=\"attachment-large size-large no-lazy\" alt=\"\" srcset=\"https:\/\/galicia.ingenierosnavales.com\/wp-content\/uploads\/2023\/07\/148-1024x683.jpg 1024w, https:\/\/galicia.ingenierosnavales.com\/wp-content\/uploads\/2023\/07\/148-300x200.jpg 300w, https:\/\/galicia.ingenierosnavales.com\/wp-content\/uploads\/2023\/07\/148-768x512.jpg 768w, https:\/\/galicia.ingenierosnavales.com\/wp-content\/uploads\/2023\/07\/148-1536x1024.jpg 1536w, https:\/\/galicia.ingenierosnavales.com\/wp-content\/uploads\/2023\/07\/148-2048x1365.jpg 2048w\" sizes=\"auto, (max-width: 1024px) 100vw, 1024px\" \/><\/a>\n\t\t\t<\/dt><\/dl><br style=\"clear: both\" \/><dl class='gallery-item'>\n\t\t\t<dt class='gallery-icon landscape'>\n\t\t\t\t<a href='https:\/\/galicia.ingenierosnavales.com\/index.php\/2023\/07\/19\/galeria-de-imagenes-del-20-aniversario-de-la-inauguracion-de-la-delegacion-territorial-en-galicia-13-07-2023\/attachment\/152\/'><img loading=\"lazy\" decoding=\"async\" width=\"1024\" height=\"683\" src=\"https:\/\/galicia.ingenierosnavales.com\/wp-content\/uploads\/2023\/07\/152-1024x683.jpg\" class=\"attachment-large size-large no-lazy\" alt=\"\" srcset=\"https:\/\/galicia.ingenierosnavales.com\/wp-content\/uploads\/2023\/07\/152-1024x683.jpg 1024w, https:\/\/galicia.ingenierosnavales.com\/wp-content\/uploads\/2023\/07\/152-300x200.jpg 300w, https:\/\/galicia.ingenierosnavales.com\/wp-content\/uploads\/2023\/07\/152-768x512.jpg 768w, https:\/\/galicia.ingenierosnavales.com\/wp-content\/uploads\/2023\/07\/152-1536x1024.jpg 1536w, https:\/\/galicia.ingenierosnavales.com\/wp-content\/uploads\/2023\/07\/152-2048x1365.jpg 2048w\" sizes=\"auto, (max-width: 1024px) 100vw, 1024px\" \/><\/a>\n\t\t\t<\/dt><\/dl><dl class='gallery-item'>\n\t\t\t<dt class='gallery-icon landscape'>\n\t\t\t\t<a href='https:\/\/galicia.ingenierosnavales.com\/index.php\/2023\/07\/19\/galeria-de-imagenes-del-20-aniversario-de-la-inauguracion-de-la-delegacion-territorial-en-galicia-13-07-2023\/attachment\/155\/'><img loading=\"lazy\" decoding=\"async\" width=\"1024\" height=\"683\" src=\"https:\/\/galicia.ingenierosnavales.com\/wp-content\/uploads\/2023\/07\/155-1024x683.jpg\" class=\"attachment-large size-large no-lazy\" alt=\"\" srcset=\"https:\/\/galicia.ingenierosnavales.com\/wp-content\/uploads\/2023\/07\/155-1024x683.jpg 1024w, https:\/\/galicia.ingenierosnavales.com\/wp-content\/uploads\/2023\/07\/155-300x200.jpg 300w, https:\/\/galicia.ingenierosnavales.com\/wp-content\/uploads\/2023\/07\/155-768x512.jpg 768w, https:\/\/galicia.ingenierosnavales.com\/wp-content\/uploads\/2023\/07\/155-1536x1024.jpg 1536w, https:\/\/galicia.ingenierosnavales.com\/wp-content\/uploads\/2023\/07\/155-2048x1365.jpg 2048w\" sizes=\"auto, (max-width: 1024px) 100vw, 1024px\" \/><\/a>\n\t\t\t<\/dt><\/dl><br style=\"clear: both\" \/><dl class='gallery-item'>\n\t\t\t<dt class='gallery-icon landscape'>\n\t\t\t\t<a href='https:\/\/galicia.ingenierosnavales.com\/index.php\/2023\/07\/19\/galeria-de-imagenes-del-20-aniversario-de-la-inauguracion-de-la-delegacion-territorial-en-galicia-13-07-2023\/attachment\/158\/'><img loading=\"lazy\" decoding=\"async\" width=\"1024\" height=\"683\" src=\"https:\/\/galicia.ingenierosnavales.com\/wp-content\/uploads\/2023\/07\/158-1024x683.jpg\" class=\"attachment-large size-large no-lazy\" alt=\"\" srcset=\"https:\/\/galicia.ingenierosnavales.com\/wp-content\/uploads\/2023\/07\/158-1024x683.jpg 1024w, https:\/\/galicia.ingenierosnavales.com\/wp-content\/uploads\/2023\/07\/158-300x200.jpg 300w, https:\/\/galicia.ingenierosnavales.com\/wp-content\/uploads\/2023\/07\/158-768x512.jpg 768w, https:\/\/galicia.ingenierosnavales.com\/wp-content\/uploads\/2023\/07\/158-1536x1024.jpg 1536w, https:\/\/galicia.ingenierosnavales.com\/wp-content\/uploads\/2023\/07\/158-2048x1365.jpg 2048w\" sizes=\"auto, (max-width: 1024px) 100vw, 1024px\" \/><\/a>\n\t\t\t<\/dt><\/dl><dl class='gallery-item'>\n\t\t\t<dt class='gallery-icon landscape'>\n\t\t\t\t<a href='https:\/\/galicia.ingenierosnavales.com\/index.php\/2023\/07\/19\/galeria-de-imagenes-del-20-aniversario-de-la-inauguracion-de-la-delegacion-territorial-en-galicia-13-07-2023\/attachment\/160\/'><img loading=\"lazy\" decoding=\"async\" width=\"1024\" height=\"683\" src=\"https:\/\/galicia.ingenierosnavales.com\/wp-content\/uploads\/2023\/07\/160-1024x683.jpg\" class=\"attachment-large size-large no-lazy\" alt=\"\" srcset=\"https:\/\/galicia.ingenierosnavales.com\/wp-content\/uploads\/2023\/07\/160-1024x683.jpg 1024w, https:\/\/galicia.ingenierosnavales.com\/wp-content\/uploads\/2023\/07\/160-300x200.jpg 300w, https:\/\/galicia.ingenierosnavales.com\/wp-content\/uploads\/2023\/07\/160-768x512.jpg 768w, https:\/\/galicia.ingenierosnavales.com\/wp-content\/uploads\/2023\/07\/160-1536x1024.jpg 1536w, https:\/\/galicia.ingenierosnavales.com\/wp-content\/uploads\/2023\/07\/160-2048x1365.jpg 2048w\" sizes=\"auto, (max-width: 1024px) 100vw, 1024px\" \/><\/a>\n\t\t\t<\/dt><\/dl><br style=\"clear: both\" \/><dl class='gallery-item'>\n\t\t\t<dt class='gallery-icon landscape'>\n\t\t\t\t<a href='https:\/\/galicia.ingenierosnavales.com\/index.php\/2023\/07\/19\/galeria-de-imagenes-del-20-aniversario-de-la-inauguracion-de-la-delegacion-territorial-en-galicia-13-07-2023\/attachment\/163\/'><img loading=\"lazy\" decoding=\"async\" width=\"1024\" height=\"683\" src=\"https:\/\/galicia.ingenierosnavales.com\/wp-content\/uploads\/2023\/07\/163-1024x683.jpg\" class=\"attachment-large size-large no-lazy\" alt=\"\" srcset=\"https:\/\/galicia.ingenierosnavales.com\/wp-content\/uploads\/2023\/07\/163-1024x683.jpg 1024w, https:\/\/galicia.ingenierosnavales.com\/wp-content\/uploads\/2023\/07\/163-300x200.jpg 300w, https:\/\/galicia.ingenierosnavales.com\/wp-content\/uploads\/2023\/07\/163-768x512.jpg 768w, https:\/\/galicia.ingenierosnavales.com\/wp-content\/uploads\/2023\/07\/163-1536x1024.jpg 1536w, https:\/\/galicia.ingenierosnavales.com\/wp-content\/uploads\/2023\/07\/163-2048x1365.jpg 2048w\" sizes=\"auto, (max-width: 1024px) 100vw, 1024px\" \/><\/a>\n\t\t\t<\/dt><\/dl><dl class='gallery-item'>\n\t\t\t<dt class='gallery-icon landscape'>\n\t\t\t\t<a href='https:\/\/galicia.ingenierosnavales.com\/index.php\/2023\/07\/19\/galeria-de-imagenes-del-20-aniversario-de-la-inauguracion-de-la-delegacion-territorial-en-galicia-13-07-2023\/attachment\/170\/'><img loading=\"lazy\" decoding=\"async\" width=\"1024\" height=\"683\" src=\"https:\/\/galicia.ingenierosnavales.com\/wp-content\/uploads\/2023\/07\/170-1024x683.jpg\" class=\"attachment-large size-large no-lazy\" alt=\"\" srcset=\"https:\/\/galicia.ingenierosnavales.com\/wp-content\/uploads\/2023\/07\/170-1024x683.jpg 1024w, https:\/\/galicia.ingenierosnavales.com\/wp-content\/uploads\/2023\/07\/170-300x200.jpg 300w, https:\/\/galicia.ingenierosnavales.com\/wp-content\/uploads\/2023\/07\/170-768x512.jpg 768w, https:\/\/galicia.ingenierosnavales.com\/wp-content\/uploads\/2023\/07\/170-1536x1024.jpg 1536w, https:\/\/galicia.ingenierosnavales.com\/wp-content\/uploads\/2023\/07\/170-2048x1365.jpg 2048w\" sizes=\"auto, (max-width: 1024px) 100vw, 1024px\" \/><\/a>\n\t\t\t<\/dt><\/dl><br style=\"clear: both\" \/><dl class='gallery-item'>\n\t\t\t<dt class='gallery-icon landscape'>\n\t\t\t\t<a href='https:\/\/galicia.ingenierosnavales.com\/index.php\/2023\/07\/19\/galeria-de-imagenes-del-20-aniversario-de-la-inauguracion-de-la-delegacion-territorial-en-galicia-13-07-2023\/attachment\/171\/'><img loading=\"lazy\" decoding=\"async\" width=\"1024\" height=\"683\" src=\"https:\/\/galicia.ingenierosnavales.com\/wp-content\/uploads\/2023\/07\/171-1024x683.jpg\" class=\"attachment-large size-large no-lazy\" alt=\"\" srcset=\"https:\/\/galicia.ingenierosnavales.com\/wp-content\/uploads\/2023\/07\/171-1024x683.jpg 1024w, https:\/\/galicia.ingenierosnavales.com\/wp-content\/uploads\/2023\/07\/171-300x200.jpg 300w, https:\/\/galicia.ingenierosnavales.com\/wp-content\/uploads\/2023\/07\/171-768x512.jpg 768w, https:\/\/galicia.ingenierosnavales.com\/wp-content\/uploads\/2023\/07\/171-1536x1024.jpg 1536w, https:\/\/galicia.ingenierosnavales.com\/wp-content\/uploads\/2023\/07\/171-2048x1365.jpg 2048w\" sizes=\"auto, (max-width: 1024px) 100vw, 1024px\" \/><\/a>\n\t\t\t<\/dt><\/dl><dl class='gallery-item'>\n\t\t\t<dt class='gallery-icon landscape'>\n\t\t\t\t<a href='https:\/\/galicia.ingenierosnavales.com\/index.php\/2023\/07\/19\/galeria-de-imagenes-del-20-aniversario-de-la-inauguracion-de-la-delegacion-territorial-en-galicia-13-07-2023\/attachment\/176\/'><img loading=\"lazy\" decoding=\"async\" width=\"1024\" height=\"683\" src=\"https:\/\/galicia.ingenierosnavales.com\/wp-content\/uploads\/2023\/07\/176-1024x683.jpg\" class=\"attachment-large size-large no-lazy\" alt=\"\" srcset=\"https:\/\/galicia.ingenierosnavales.com\/wp-content\/uploads\/2023\/07\/176-1024x683.jpg 1024w, https:\/\/galicia.ingenierosnavales.com\/wp-content\/uploads\/2023\/07\/176-300x200.jpg 300w, https:\/\/galicia.ingenierosnavales.com\/wp-content\/uploads\/2023\/07\/176-768x512.jpg 768w, https:\/\/galicia.ingenierosnavales.com\/wp-content\/uploads\/2023\/07\/176-1536x1024.jpg 1536w, https:\/\/galicia.ingenierosnavales.com\/wp-content\/uploads\/2023\/07\/176-2048x1365.jpg 2048w\" sizes=\"auto, (max-width: 1024px) 100vw, 1024px\" \/><\/a>\n\t\t\t<\/dt><\/dl><br style=\"clear: both\" \/><dl class='gallery-item'>\n\t\t\t<dt class='gallery-icon landscape'>\n\t\t\t\t<a href='https:\/\/galicia.ingenierosnavales.com\/index.php\/2023\/07\/19\/galeria-de-imagenes-del-20-aniversario-de-la-inauguracion-de-la-delegacion-territorial-en-galicia-13-07-2023\/attachment\/179\/'><img loading=\"lazy\" decoding=\"async\" width=\"1024\" height=\"683\" src=\"https:\/\/galicia.ingenierosnavales.com\/wp-content\/uploads\/2023\/07\/179-1024x683.jpg\" class=\"attachment-large size-large no-lazy\" alt=\"\" srcset=\"https:\/\/galicia.ingenierosnavales.com\/wp-content\/uploads\/2023\/07\/179-1024x683.jpg 1024w, https:\/\/galicia.ingenierosnavales.com\/wp-content\/uploads\/2023\/07\/179-300x200.jpg 300w, https:\/\/galicia.ingenierosnavales.com\/wp-content\/uploads\/2023\/07\/179-768x512.jpg 768w, https:\/\/galicia.ingenierosnavales.com\/wp-content\/uploads\/2023\/07\/179-1536x1024.jpg 1536w, https:\/\/galicia.ingenierosnavales.com\/wp-content\/uploads\/2023\/07\/179-2048x1365.jpg 2048w\" sizes=\"auto, (max-width: 1024px) 100vw, 1024px\" \/><\/a>\n\t\t\t<\/dt><\/dl><dl class='gallery-item'>\n\t\t\t<dt class='gallery-icon landscape'>\n\t\t\t\t<a href='https:\/\/galicia.ingenierosnavales.com\/index.php\/2023\/07\/19\/galeria-de-imagenes-del-20-aniversario-de-la-inauguracion-de-la-delegacion-territorial-en-galicia-13-07-2023\/attachment\/185\/'><img loading=\"lazy\" decoding=\"async\" width=\"1024\" height=\"683\" src=\"https:\/\/galicia.ingenierosnavales.com\/wp-content\/uploads\/2023\/07\/185-1024x683.jpg\" class=\"attachment-large size-large no-lazy\" alt=\"\" srcset=\"https:\/\/galicia.ingenierosnavales.com\/wp-content\/uploads\/2023\/07\/185-1024x683.jpg 1024w, https:\/\/galicia.ingenierosnavales.com\/wp-content\/uploads\/2023\/07\/185-300x200.jpg 300w, https:\/\/galicia.ingenierosnavales.com\/wp-content\/uploads\/2023\/07\/185-768x512.jpg 768w, https:\/\/galicia.ingenierosnavales.com\/wp-content\/uploads\/2023\/07\/185-1536x1024.jpg 1536w, https:\/\/galicia.ingenierosnavales.com\/wp-content\/uploads\/2023\/07\/185-2048x1365.jpg 2048w\" sizes=\"auto, (max-width: 1024px) 100vw, 1024px\" \/><\/a>\n\t\t\t<\/dt><\/dl><br style=\"clear: both\" \/><dl class='gallery-item'>\n\t\t\t<dt class='gallery-icon landscape'>\n\t\t\t\t<a href='https:\/\/galicia.ingenierosnavales.com\/index.php\/2023\/07\/19\/galeria-de-imagenes-del-20-aniversario-de-la-inauguracion-de-la-delegacion-territorial-en-galicia-13-07-2023\/attachment\/187\/'><img loading=\"lazy\" decoding=\"async\" width=\"1024\" height=\"683\" src=\"https:\/\/galicia.ingenierosnavales.com\/wp-content\/uploads\/2023\/07\/187-1024x683.jpg\" class=\"attachment-large size-large no-lazy\" alt=\"\" srcset=\"https:\/\/galicia.ingenierosnavales.com\/wp-content\/uploads\/2023\/07\/187-1024x683.jpg 1024w, https:\/\/galicia.ingenierosnavales.com\/wp-content\/uploads\/2023\/07\/187-300x200.jpg 300w, https:\/\/galicia.ingenierosnavales.com\/wp-content\/uploads\/2023\/07\/187-768x512.jpg 768w, https:\/\/galicia.ingenierosnavales.com\/wp-content\/uploads\/2023\/07\/187-1536x1024.jpg 1536w, https:\/\/galicia.ingenierosnavales.com\/wp-content\/uploads\/2023\/07\/187-2048x1365.jpg 2048w\" sizes=\"auto, (max-width: 1024px) 100vw, 1024px\" \/><\/a>\n\t\t\t<\/dt><\/dl>\n\t\t\t<br style='clear: both' \/>\n\t\t<\/div>\n\n","protected":false},"excerpt":{"rendered":"","protected":false},"author":2,"featured_media":5364,"comment_status":"open","ping_status":"open","sticky":false,"template":"","format":"standard","meta":{"om_disable_all_campaigns":false,"_monsterinsights_skip_tracking":false,"_monsterinsights_sitenote_active":false,"_monsterinsights_sitenote_note":"","_monsterinsights_sitenote_category":0,"_uf_show_specific_survey":0,"_uf_disable_surveys":false,"footnotes":""},"categories":[1],"tags":[],"class_list":["post-5313","post","type-post","status-publish","format-standard","has-post-thumbnail","hentry","category-eventos"],"aioseo_notices":[],"yoast_head":"<!-- This site is optimized with the Yoast SEO plugin v24.0 - https:\/\/yoast.com\/wordpress\/plugins\/seo\/ -->\n<title>Galer\u00eda de im\u00e1genes del 20 Aniversario de la inauguraci\u00f3n de la Delegaci\u00f3n Territorial en Galicia. 13.07.2023 - Delegaci\u00f3n del COIN en Galicia -<\/title>\n<meta name=\"robots\" content=\"index, follow, max-snippet:-1, max-image-preview:large, max-video-preview:-1\" \/>\n<link rel=\"canonical\" href=\"https:\/\/galicia.ingenierosnavales.com\/index.php\/2023\/07\/19\/galeria-de-imagenes-del-20-aniversario-de-la-inauguracion-de-la-delegacion-territorial-en-galicia-13-07-2023\/\" \/>\n<meta property=\"og:locale\" content=\"es_ES\" \/>\n<meta property=\"og:type\" content=\"article\" \/>\n<meta property=\"og:title\" content=\"Galer\u00eda de im\u00e1genes del 20 Aniversario de la inauguraci\u00f3n de la Delegaci\u00f3n Territorial en Galicia. 13.07.2023 - Delegaci\u00f3n del COIN en Galicia -\" \/>\n<meta property=\"og:url\" content=\"https:\/\/galicia.ingenierosnavales.com\/index.php\/2023\/07\/19\/galeria-de-imagenes-del-20-aniversario-de-la-inauguracion-de-la-delegacion-territorial-en-galicia-13-07-2023\/\" \/>\n<meta property=\"og:site_name\" content=\"Delegaci\u00f3n del COIN en Galicia -\" \/>\n<meta property=\"article:published_time\" content=\"2023-07-19T11:52:11+00:00\" \/>\n<meta property=\"article:modified_time\" content=\"2023-07-24T11:26:07+00:00\" \/>\n<meta property=\"og:image\" content=\"https:\/\/galicia.ingenierosnavales.com\/wp-content\/uploads\/2023\/07\/133-scaled.jpg\" \/>\n\t<meta property=\"og:image:width\" content=\"2560\" \/>\n\t<meta property=\"og:image:height\" content=\"1707\" \/>\n\t<meta property=\"og:image:type\" content=\"image\/jpeg\" \/>\n<meta name=\"author\" content=\"Delegaci\u00f3n Galicia\" \/>\n<meta name=\"twitter:card\" content=\"summary_large_image\" \/>\n<meta name=\"twitter:label1\" content=\"Escrito por\" \/>\n\t<meta name=\"twitter:data1\" content=\"Delegaci\u00f3n Galicia\" \/>\n<script type=\"application\/ld+json\" class=\"yoast-schema-graph\">{\"@context\":\"https:\/\/schema.org\",\"@graph\":[{\"@type\":\"Article\",\"@id\":\"https:\/\/galicia.ingenierosnavales.com\/index.php\/2023\/07\/19\/galeria-de-imagenes-del-20-aniversario-de-la-inauguracion-de-la-delegacion-territorial-en-galicia-13-07-2023\/#article\",\"isPartOf\":{\"@id\":\"https:\/\/galicia.ingenierosnavales.com\/index.php\/2023\/07\/19\/galeria-de-imagenes-del-20-aniversario-de-la-inauguracion-de-la-delegacion-territorial-en-galicia-13-07-2023\/\"},\"author\":{\"name\":\"Delegaci\u00f3n Galicia\",\"@id\":\"https:\/\/galicia.ingenierosnavales.com\/#\/schema\/person\/5b19750a916831d424f63e9271d4e51d\"},\"headline\":\"Galer\u00eda de im\u00e1genes del 20 Aniversario de la inauguraci\u00f3n de la Delegaci\u00f3n Territorial en Galicia. 13.07.2023\",\"datePublished\":\"2023-07-19T11:52:11+00:00\",\"dateModified\":\"2023-07-24T11:26:07+00:00\",\"mainEntityOfPage\":{\"@id\":\"https:\/\/galicia.ingenierosnavales.com\/index.php\/2023\/07\/19\/galeria-de-imagenes-del-20-aniversario-de-la-inauguracion-de-la-delegacion-territorial-en-galicia-13-07-2023\/\"},\"wordCount\":23,\"commentCount\":0,\"publisher\":{\"@id\":\"https:\/\/galicia.ingenierosnavales.com\/#organization\"},\"image\":{\"@id\":\"https:\/\/galicia.ingenierosnavales.com\/index.php\/2023\/07\/19\/galeria-de-imagenes-del-20-aniversario-de-la-inauguracion-de-la-delegacion-territorial-en-galicia-13-07-2023\/#primaryimage\"},\"thumbnailUrl\":\"https:\/\/galicia.ingenierosnavales.com\/wp-content\/uploads\/2023\/07\/133-scaled.jpg\",\"articleSection\":[\"Eventos\"],\"inLanguage\":\"es\",\"potentialAction\":[{\"@type\":\"CommentAction\",\"name\":\"Comment\",\"target\":[\"https:\/\/galicia.ingenierosnavales.com\/index.php\/2023\/07\/19\/galeria-de-imagenes-del-20-aniversario-de-la-inauguracion-de-la-delegacion-territorial-en-galicia-13-07-2023\/#respond\"]}]},{\"@type\":\"WebPage\",\"@id\":\"https:\/\/galicia.ingenierosnavales.com\/index.php\/2023\/07\/19\/galeria-de-imagenes-del-20-aniversario-de-la-inauguracion-de-la-delegacion-territorial-en-galicia-13-07-2023\/\",\"url\":\"https:\/\/galicia.ingenierosnavales.com\/index.php\/2023\/07\/19\/galeria-de-imagenes-del-20-aniversario-de-la-inauguracion-de-la-delegacion-territorial-en-galicia-13-07-2023\/\",\"name\":\"Galer\u00eda de im\u00e1genes del 20 Aniversario de la inauguraci\u00f3n de la Delegaci\u00f3n Territorial en Galicia. 13.07.2023 - Delegaci\u00f3n del COIN en Galicia -\",\"isPartOf\":{\"@id\":\"https:\/\/galicia.ingenierosnavales.com\/#website\"},\"primaryImageOfPage\":{\"@id\":\"https:\/\/galicia.ingenierosnavales.com\/index.php\/2023\/07\/19\/galeria-de-imagenes-del-20-aniversario-de-la-inauguracion-de-la-delegacion-territorial-en-galicia-13-07-2023\/#primaryimage\"},\"image\":{\"@id\":\"https:\/\/galicia.ingenierosnavales.com\/index.php\/2023\/07\/19\/galeria-de-imagenes-del-20-aniversario-de-la-inauguracion-de-la-delegacion-territorial-en-galicia-13-07-2023\/#primaryimage\"},\"thumbnailUrl\":\"https:\/\/galicia.ingenierosnavales.com\/wp-content\/uploads\/2023\/07\/133-scaled.jpg\",\"datePublished\":\"2023-07-19T11:52:11+00:00\",\"dateModified\":\"2023-07-24T11:26:07+00:00\",\"breadcrumb\":{\"@id\":\"https:\/\/galicia.ingenierosnavales.com\/index.php\/2023\/07\/19\/galeria-de-imagenes-del-20-aniversario-de-la-inauguracion-de-la-delegacion-territorial-en-galicia-13-07-2023\/#breadcrumb\"},\"inLanguage\":\"es\",\"potentialAction\":[{\"@type\":\"ReadAction\",\"target\":[\"https:\/\/galicia.ingenierosnavales.com\/index.php\/2023\/07\/19\/galeria-de-imagenes-del-20-aniversario-de-la-inauguracion-de-la-delegacion-territorial-en-galicia-13-07-2023\/\"]}]},{\"@type\":\"ImageObject\",\"inLanguage\":\"es\",\"@id\":\"https:\/\/galicia.ingenierosnavales.com\/index.php\/2023\/07\/19\/galeria-de-imagenes-del-20-aniversario-de-la-inauguracion-de-la-delegacion-territorial-en-galicia-13-07-2023\/#primaryimage\",\"url\":\"https:\/\/galicia.ingenierosnavales.com\/wp-content\/uploads\/2023\/07\/133-scaled.jpg\",\"contentUrl\":\"https:\/\/galicia.ingenierosnavales.com\/wp-content\/uploads\/2023\/07\/133-scaled.jpg\",\"width\":2560,\"height\":1707},{\"@type\":\"BreadcrumbList\",\"@id\":\"https:\/\/galicia.ingenierosnavales.com\/index.php\/2023\/07\/19\/galeria-de-imagenes-del-20-aniversario-de-la-inauguracion-de-la-delegacion-territorial-en-galicia-13-07-2023\/#breadcrumb\",\"itemListElement\":[{\"@type\":\"ListItem\",\"position\":1,\"name\":\"Home\",\"item\":\"https:\/\/galicia.ingenierosnavales.com\/\"},{\"@type\":\"ListItem\",\"position\":2,\"name\":\"Galer\u00eda de im\u00e1genes del 20 Aniversario de la inauguraci\u00f3n de la Delegaci\u00f3n Territorial en Galicia. 13.07.2023\"}]},{\"@type\":\"WebSite\",\"@id\":\"https:\/\/galicia.ingenierosnavales.com\/#website\",\"url\":\"https:\/\/galicia.ingenierosnavales.com\/\",\"name\":\"Delegaci\u00f3n del COIN en Galicia -\",\"description\":\"\",\"publisher\":{\"@id\":\"https:\/\/galicia.ingenierosnavales.com\/#organization\"},\"potentialAction\":[{\"@type\":\"SearchAction\",\"target\":{\"@type\":\"EntryPoint\",\"urlTemplate\":\"https:\/\/galicia.ingenierosnavales.com\/?s={search_term_string}\"},\"query-input\":{\"@type\":\"PropertyValueSpecification\",\"valueRequired\":true,\"valueName\":\"search_term_string\"}}],\"inLanguage\":\"es\"},{\"@type\":\"Organization\",\"@id\":\"https:\/\/galicia.ingenierosnavales.com\/#organization\",\"name\":\"Delegaci\u00f3n del COIN en Galicia -\",\"url\":\"https:\/\/galicia.ingenierosnavales.com\/\",\"logo\":{\"@type\":\"ImageObject\",\"inLanguage\":\"es\",\"@id\":\"https:\/\/galicia.ingenierosnavales.com\/#\/schema\/logo\/image\/\",\"url\":\"https:\/\/galicia.ingenierosnavales.com\/wp-content\/uploads\/2022\/03\/logo_2-1.png\",\"contentUrl\":\"https:\/\/galicia.ingenierosnavales.com\/wp-content\/uploads\/2022\/03\/logo_2-1.png\",\"width\":240,\"height\":94,\"caption\":\"Delegaci\u00f3n del COIN en Galicia - \"},\"image\":{\"@id\":\"https:\/\/galicia.ingenierosnavales.com\/#\/schema\/logo\/image\/\"}},{\"@type\":\"Person\",\"@id\":\"https:\/\/galicia.ingenierosnavales.com\/#\/schema\/person\/5b19750a916831d424f63e9271d4e51d\",\"name\":\"Delegaci\u00f3n Galicia\",\"image\":{\"@type\":\"ImageObject\",\"inLanguage\":\"es\",\"@id\":\"https:\/\/galicia.ingenierosnavales.com\/#\/schema\/person\/image\/\",\"url\":\"https:\/\/secure.gravatar.com\/avatar\/8ba9b1dd96c7effddd31fcf63bf8cc7f?s=96&d=mm&r=g\",\"contentUrl\":\"https:\/\/secure.gravatar.com\/avatar\/8ba9b1dd96c7effddd31fcf63bf8cc7f?s=96&d=mm&r=g\",\"caption\":\"Delegaci\u00f3n Galicia\"},\"url\":\"https:\/\/galicia.ingenierosnavales.com\/index.php\/author\/galicia\/\"}]}<\/script>\n<!-- \/ Yoast SEO plugin. -->","yoast_head_json":{"title":"Galer\u00eda de im\u00e1genes del 20 Aniversario de la inauguraci\u00f3n de la Delegaci\u00f3n Territorial en Galicia. 13.07.2023 - Delegaci\u00f3n del COIN en Galicia -","robots":{"index":"index","follow":"follow","max-snippet":"max-snippet:-1","max-image-preview":"max-image-preview:large","max-video-preview":"max-video-preview:-1"},"canonical":"https:\/\/galicia.ingenierosnavales.com\/index.php\/2023\/07\/19\/galeria-de-imagenes-del-20-aniversario-de-la-inauguracion-de-la-delegacion-territorial-en-galicia-13-07-2023\/","og_locale":"es_ES","og_type":"article","og_title":"Galer\u00eda de im\u00e1genes del 20 Aniversario de la inauguraci\u00f3n de la Delegaci\u00f3n Territorial en Galicia. 13.07.2023 - Delegaci\u00f3n del COIN en Galicia -","og_url":"https:\/\/galicia.ingenierosnavales.com\/index.php\/2023\/07\/19\/galeria-de-imagenes-del-20-aniversario-de-la-inauguracion-de-la-delegacion-territorial-en-galicia-13-07-2023\/","og_site_name":"Delegaci\u00f3n del COIN en Galicia -","article_published_time":"2023-07-19T11:52:11+00:00","article_modified_time":"2023-07-24T11:26:07+00:00","og_image":[{"width":2560,"height":1707,"url":"https:\/\/galicia.ingenierosnavales.com\/wp-content\/uploads\/2023\/07\/133-scaled.jpg","type":"image\/jpeg"}],"author":"Delegaci\u00f3n Galicia","twitter_card":"summary_large_image","twitter_misc":{"Escrito por":"Delegaci\u00f3n Galicia"},"schema":{"@context":"https:\/\/schema.org","@graph":[{"@type":"Article","@id":"https:\/\/galicia.ingenierosnavales.com\/index.php\/2023\/07\/19\/galeria-de-imagenes-del-20-aniversario-de-la-inauguracion-de-la-delegacion-territorial-en-galicia-13-07-2023\/#article","isPartOf":{"@id":"https:\/\/galicia.ingenierosnavales.com\/index.php\/2023\/07\/19\/galeria-de-imagenes-del-20-aniversario-de-la-inauguracion-de-la-delegacion-territorial-en-galicia-13-07-2023\/"},"author":{"name":"Delegaci\u00f3n Galicia","@id":"https:\/\/galicia.ingenierosnavales.com\/#\/schema\/person\/5b19750a916831d424f63e9271d4e51d"},"headline":"Galer\u00eda de im\u00e1genes del 20 Aniversario de la inauguraci\u00f3n de la Delegaci\u00f3n Territorial en Galicia. 13.07.2023","datePublished":"2023-07-19T11:52:11+00:00","dateModified":"2023-07-24T11:26:07+00:00","mainEntityOfPage":{"@id":"https:\/\/galicia.ingenierosnavales.com\/index.php\/2023\/07\/19\/galeria-de-imagenes-del-20-aniversario-de-la-inauguracion-de-la-delegacion-territorial-en-galicia-13-07-2023\/"},"wordCount":23,"commentCount":0,"publisher":{"@id":"https:\/\/galicia.ingenierosnavales.com\/#organization"},"image":{"@id":"https:\/\/galicia.ingenierosnavales.com\/index.php\/2023\/07\/19\/galeria-de-imagenes-del-20-aniversario-de-la-inauguracion-de-la-delegacion-territorial-en-galicia-13-07-2023\/#primaryimage"},"thumbnailUrl":"https:\/\/galicia.ingenierosnavales.com\/wp-content\/uploads\/2023\/07\/133-scaled.jpg","articleSection":["Eventos"],"inLanguage":"es","potentialAction":[{"@type":"CommentAction","name":"Comment","target":["https:\/\/galicia.ingenierosnavales.com\/index.php\/2023\/07\/19\/galeria-de-imagenes-del-20-aniversario-de-la-inauguracion-de-la-delegacion-territorial-en-galicia-13-07-2023\/#respond"]}]},{"@type":"WebPage","@id":"https:\/\/galicia.ingenierosnavales.com\/index.php\/2023\/07\/19\/galeria-de-imagenes-del-20-aniversario-de-la-inauguracion-de-la-delegacion-territorial-en-galicia-13-07-2023\/","url":"https:\/\/galicia.ingenierosnavales.com\/index.php\/2023\/07\/19\/galeria-de-imagenes-del-20-aniversario-de-la-inauguracion-de-la-delegacion-territorial-en-galicia-13-07-2023\/","name":"Galer\u00eda de im\u00e1genes del 20 Aniversario de la inauguraci\u00f3n de la Delegaci\u00f3n Territorial en Galicia. 13.07.2023 - Delegaci\u00f3n del COIN en Galicia -","isPartOf":{"@id":"https:\/\/galicia.ingenierosnavales.com\/#website"},"primaryImageOfPage":{"@id":"https:\/\/galicia.ingenierosnavales.com\/index.php\/2023\/07\/19\/galeria-de-imagenes-del-20-aniversario-de-la-inauguracion-de-la-delegacion-territorial-en-galicia-13-07-2023\/#primaryimage"},"image":{"@id":"https:\/\/galicia.ingenierosnavales.com\/index.php\/2023\/07\/19\/galeria-de-imagenes-del-20-aniversario-de-la-inauguracion-de-la-delegacion-territorial-en-galicia-13-07-2023\/#primaryimage"},"thumbnailUrl":"https:\/\/galicia.ingenierosnavales.com\/wp-content\/uploads\/2023\/07\/133-scaled.jpg","datePublished":"2023-07-19T11:52:11+00:00","dateModified":"2023-07-24T11:26:07+00:00","breadcrumb":{"@id":"https:\/\/galicia.ingenierosnavales.com\/index.php\/2023\/07\/19\/galeria-de-imagenes-del-20-aniversario-de-la-inauguracion-de-la-delegacion-territorial-en-galicia-13-07-2023\/#breadcrumb"},"inLanguage":"es","potentialAction":[{"@type":"ReadAction","target":["https:\/\/galicia.ingenierosnavales.com\/index.php\/2023\/07\/19\/galeria-de-imagenes-del-20-aniversario-de-la-inauguracion-de-la-delegacion-territorial-en-galicia-13-07-2023\/"]}]},{"@type":"ImageObject","inLanguage":"es","@id":"https:\/\/galicia.ingenierosnavales.com\/index.php\/2023\/07\/19\/galeria-de-imagenes-del-20-aniversario-de-la-inauguracion-de-la-delegacion-territorial-en-galicia-13-07-2023\/#primaryimage","url":"https:\/\/galicia.ingenierosnavales.com\/wp-content\/uploads\/2023\/07\/133-scaled.jpg","contentUrl":"https:\/\/galicia.ingenierosnavales.com\/wp-content\/uploads\/2023\/07\/133-scaled.jpg","width":2560,"height":1707},{"@type":"BreadcrumbList","@id":"https:\/\/galicia.ingenierosnavales.com\/index.php\/2023\/07\/19\/galeria-de-imagenes-del-20-aniversario-de-la-inauguracion-de-la-delegacion-territorial-en-galicia-13-07-2023\/#breadcrumb","itemListElement":[{"@type":"ListItem","position":1,"name":"Home","item":"https:\/\/galicia.ingenierosnavales.com\/"},{"@type":"ListItem","position":2,"name":"Galer\u00eda de im\u00e1genes del 20 Aniversario de la inauguraci\u00f3n de la Delegaci\u00f3n Territorial en Galicia. 13.07.2023"}]},{"@type":"WebSite","@id":"https:\/\/galicia.ingenierosnavales.com\/#website","url":"https:\/\/galicia.ingenierosnavales.com\/","name":"Delegaci\u00f3n del COIN en Galicia -","description":"","publisher":{"@id":"https:\/\/galicia.ingenierosnavales.com\/#organization"},"potentialAction":[{"@type":"SearchAction","target":{"@type":"EntryPoint","urlTemplate":"https:\/\/galicia.ingenierosnavales.com\/?s={search_term_string}"},"query-input":{"@type":"PropertyValueSpecification","valueRequired":true,"valueName":"search_term_string"}}],"inLanguage":"es"},{"@type":"Organization","@id":"https:\/\/galicia.ingenierosnavales.com\/#organization","name":"Delegaci\u00f3n del COIN en Galicia -","url":"https:\/\/galicia.ingenierosnavales.com\/","logo":{"@type":"ImageObject","inLanguage":"es","@id":"https:\/\/galicia.ingenierosnavales.com\/#\/schema\/logo\/image\/","url":"https:\/\/galicia.ingenierosnavales.com\/wp-content\/uploads\/2022\/03\/logo_2-1.png","contentUrl":"https:\/\/galicia.ingenierosnavales.com\/wp-content\/uploads\/2022\/03\/logo_2-1.png","width":240,"height":94,"caption":"Delegaci\u00f3n del COIN en Galicia - "},"image":{"@id":"https:\/\/galicia.ingenierosnavales.com\/#\/schema\/logo\/image\/"}},{"@type":"Person","@id":"https:\/\/galicia.ingenierosnavales.com\/#\/schema\/person\/5b19750a916831d424f63e9271d4e51d","name":"Delegaci\u00f3n Galicia","image":{"@type":"ImageObject","inLanguage":"es","@id":"https:\/\/galicia.ingenierosnavales.com\/#\/schema\/person\/image\/","url":"https:\/\/secure.gravatar.com\/avatar\/8ba9b1dd96c7effddd31fcf63bf8cc7f?s=96&d=mm&r=g","contentUrl":"https:\/\/secure.gravatar.com\/avatar\/8ba9b1dd96c7effddd31fcf63bf8cc7f?s=96&d=mm&r=g","caption":"Delegaci\u00f3n Galicia"},"url":"https:\/\/galicia.ingenierosnavales.com\/index.php\/author\/galicia\/"}]}},"_links":{"self":[{"href":"https:\/\/galicia.ingenierosnavales.com\/index.php\/wp-json\/wp\/v2\/posts\/5313","targetHints":{"allow":["GET"]}}],"collection":[{"href":"https:\/\/galicia.ingenierosnavales.com\/index.php\/wp-json\/wp\/v2\/posts"}],"about":[{"href":"https:\/\/galicia.ingenierosnavales.com\/index.php\/wp-json\/wp\/v2\/types\/post"}],"author":[{"embeddable":true,"href":"https:\/\/galicia.ingenierosnavales.com\/index.php\/wp-json\/wp\/v2\/users\/2"}],"replies":[{"embeddable":true,"href":"https:\/\/galicia.ingenierosnavales.com\/index.php\/wp-json\/wp\/v2\/comments?post=5313"}],"version-history":[{"count":7,"href":"https:\/\/galicia.ingenierosnavales.com\/index.php\/wp-json\/wp\/v2\/posts\/5313\/revisions"}],"predecessor-version":[{"id":5530,"href":"https:\/\/galicia.ingenierosnavales.com\/index.php\/wp-json\/wp\/v2\/posts\/5313\/revisions\/5530"}],"wp:featuredmedia":[{"embeddable":true,"href":"https:\/\/galicia.ingenierosnavales.com\/index.php\/wp-json\/wp\/v2\/media\/5364"}],"wp:attachment":[{"href":"https:\/\/galicia.ingenierosnavales.com\/index.php\/wp-json\/wp\/v2\/media?parent=5313"}],"wp:term":[{"taxonomy":"category","embeddable":true,"href":"https:\/\/galicia.ingenierosnavales.com\/index.php\/wp-json\/wp\/v2\/categories?post=5313"},{"taxonomy":"post_tag","embeddable":true,"href":"https:\/\/galicia.ingenierosnavales.com\/index.php\/wp-json\/wp\/v2\/tags?post=5313"}],"curies":[{"name":"wp","href":"https:\/\/api.w.org\/{rel}","templated":true}]}}