{"id":4850,"date":"2023-04-19T07:45:19","date_gmt":"2023-04-19T07:45:19","guid":{"rendered":"https:\/\/galicia.ingenierosnavales.com\/?p=4850"},"modified":"2023-04-19T08:06:56","modified_gmt":"2023-04-19T08:06:56","slug":"diario-oficial-de-galicia-abril-2023","status":"publish","type":"post","link":"https:\/\/galicia.ingenierosnavales.com\/index.php\/2023\/04\/19\/diario-oficial-de-galicia-abril-2023\/","title":{"rendered":"Diario Oficial de Galicia &#8211; Abril 2023"},"content":{"rendered":"<p>A continuaci\u00f3n os detallamos informaci\u00f3n que ha salido publicada en el DOGA durante el mes de <em>ABRIL 2023 (03.04.2023-19.04.2023)<\/em> , que podr\u00eda ser de su inter\u00e9s:<\/p>\n<p><a href=\"https:\/\/www.xunta.gal\/dog\/Publicados\/2023\/20230331\/AnuncioC3B0-220323-0001_gl.html\"><em>RESOLUCI\u00d3N do 22 de marzo de 2023, da Secretar\u00eda Xeral da Emigraci\u00f3n, pola que se regulan e se convocan as subvenci\u00f3ns do programa de axudas econ\u00f3micas individuais para persoas residentes no exterior para o ano 2023 (c\u00f3digo de procedemento PR925A).<\/em><\/a><\/p>\n<p><a href=\"https:\/\/www.xunta.gal\/dog\/Publicados\/2023\/20230331\/AnuncioC3B0-220323-0002_gl.html\"><em>EXTRACTO da Resoluci\u00f3n do 22 de marzo de 2023, da Secretar\u00eda Xeral da Emigraci\u00f3n, pola que se regulan e se convocan as subvenci\u00f3ns do programa de axudas econ\u00f3micas individuais para persoas residentes no exterior para o ano 2023 (c\u00f3digo de procedemento PR925A).<\/em><\/a><\/p>\n<p><a href=\"https:\/\/www.xunta.gal\/dog\/Publicados\/2023\/20230403\/AnuncioG0597-270323-0001_gl.html\"><em>RESOLUCI\u00d3N do 27 de marzo de 2023 pola que se ordena a publicaci\u00f3n do Acordo do Consello da Xunta de Galicia do 23 de marzo de 2023 polo que se aproba a modificaci\u00f3n da relaci\u00f3n de postos de traballo da Conseller\u00eda do Mar.<\/em><\/a><\/p>\n<p><em><a href=\"https:\/\/www.xunta.gal\/dog\/Publicados\/2023\/20230410\/AnuncioO601-050423-1_gl.html\">CORRECCI\u00d3N DE ERROS. Resoluci\u00f3n do 23 de marzo de 2023 pola que se aproba a convocatoria ordinaria para a avaliaci\u00f3n previa \u00e1 asignaci\u00f3n das retribuci\u00f3ns adicionais relativas ao complemento de reco\u00f1ecemento ao labor docente e ao complemento de reco\u00f1ecemento ao labor investigador, e se abre o prazo para a presentaci\u00f3n de solicitudes correspondentes \u00e1 convocatoria de 2022 (c\u00f3digo de procedemento ED701B).<\/a><\/em><\/p>\n<p><em><a href=\"https:\/\/www.xunta.gal\/dog\/Publicados\/2023\/20230411\/AnuncioG0655-310323-0002_gl.html\">RESOLUCI\u00d3N do 31 de marzo de 2023 pola que se modifica parcialmente a Resoluci\u00f3n do 17 de novembro de 2022, conxunta da Conseller\u00eda de Cultura, Educaci\u00f3n, Formaci\u00f3n Profesional e Universidades e da Vicepresidencia Primeira e Conseller\u00eda de Econom\u00eda, Industria e Innovaci\u00f3n, pola que se adxudican as axudas da Orde do 31 de decembro de 2021 pola que se establecen as bases para a concesi\u00f3n, en r\u00e9xime de concorrencia competitiva, das axudas de apoio \u00e1 etapa predoutoral nas universidades do Sistema universitario de Galicia, nos organismos p\u00fablicos de investigaci\u00f3n de Galicia e noutras entidades do Sistema galego de I+D+i, e se procede \u00e1 s\u00faa convocatoria para o ano 2022 (c\u00f3digos de procedemento ED481A e IN606A).<\/a><\/em><\/p>\n<p><em><a href=\"https:\/\/www.xunta.gal\/dog\/Publicados\/2023\/20230413\/AnuncioC3B0-220323-0003_gl.html\">RESOLUCI\u00d3N do 22 de marzo de 2023, da Secretar\u00eda Xeral da Emigraci\u00f3n, pola que se aproban as bases reguladoras para a concesi\u00f3n, en r\u00e9xime de concorrencia non competitiva, de subvenci\u00f3ns para promover o autoemprego e a actividade emprendedora na Comunidade Aut\u00f3noma galega das persoas emigrantes galegas retornadas, e se procede \u00e1 s\u00faa convocatoria para o ano 2023 (c\u00f3digo de procedemento PR937A).<\/a><\/em><\/p>\n<p><em><a href=\"https:\/\/www.xunta.gal\/dog\/Publicados\/2023\/20230419\/AnuncioG0656-290323-0004_gl.html\">RESOLUCI\u00d3N do 24 de marzo de 2023, da Direcci\u00f3n Xeral de Relaci\u00f3ns Laborais, pola que se disp\u00f3n a inscrici\u00f3n no Rexistro e a publicaci\u00f3n do Acordo do 8 de marzo de 2023, da Mesa Xeral de Negociaci\u00f3n, polo que se modifica o acordo sobre a clasificaci\u00f3n profesional e as condici\u00f3ns retributivas do persoal investigador e do persoal de apoio \u00e1 investigaci\u00f3n da Universidade de Santiago de Compostela.<\/a><\/em><\/p>\n","protected":false},"excerpt":{"rendered":"<p>A continuaci\u00f3n os detallamos informaci\u00f3n que ha salido publicada en el DOGA durante el mes de ABRIL 2023 (03.04.2023-19.04.2023) , que podr\u00eda ser de su inter\u00e9s: RESOLUCI\u00d3N do 22 de marzo de 2023, da&#46;&#46;&#46;<\/p>\n","protected":false},"author":2,"featured_media":4852,"comment_status":"open","ping_status":"open","sticky":false,"template":"","format":"standard","meta":{"om_disable_all_campaigns":false,"_monsterinsights_skip_tracking":false,"_monsterinsights_sitenote_active":false,"_monsterinsights_sitenote_note":"","_monsterinsights_sitenote_category":0,"_uf_show_specific_survey":0,"_uf_disable_surveys":false,"footnotes":""},"categories":[3],"tags":[],"class_list":["post-4850","post","type-post","status-publish","format-standard","has-post-thumbnail","hentry","category-noticias-gl-es"],"aioseo_notices":[],"yoast_head":"<!-- This site is optimized with the Yoast SEO plugin v24.0 - https:\/\/yoast.com\/wordpress\/plugins\/seo\/ -->\n<title>Diario Oficial de Galicia - Abril 2023 - Delegaci\u00f3n del COIN en Galicia -<\/title>\n<meta name=\"robots\" content=\"index, follow, max-snippet:-1, max-image-preview:large, max-video-preview:-1\" \/>\n<link rel=\"canonical\" href=\"https:\/\/galicia.ingenierosnavales.com\/index.php\/2023\/04\/19\/diario-oficial-de-galicia-abril-2023\/\" \/>\n<meta property=\"og:locale\" content=\"es_ES\" \/>\n<meta property=\"og:type\" content=\"article\" \/>\n<meta property=\"og:title\" content=\"Diario Oficial de Galicia - Abril 2023 - Delegaci\u00f3n del COIN en Galicia -\" \/>\n<meta property=\"og:description\" content=\"A continuaci\u00f3n os detallamos informaci\u00f3n que ha salido publicada en el DOGA durante el mes de ABRIL 2023 (03.04.2023-19.04.2023) , que podr\u00eda ser de su inter\u00e9s: RESOLUCI\u00d3N do 22 de marzo de 2023, da&#046;&#046;&#046;\" \/>\n<meta property=\"og:url\" content=\"https:\/\/galicia.ingenierosnavales.com\/index.php\/2023\/04\/19\/diario-oficial-de-galicia-abril-2023\/\" \/>\n<meta property=\"og:site_name\" content=\"Delegaci\u00f3n del COIN en Galicia -\" \/>\n<meta property=\"article:published_time\" content=\"2023-04-19T07:45:19+00:00\" \/>\n<meta property=\"article:modified_time\" content=\"2023-04-19T08:06:56+00:00\" \/>\n<meta property=\"og:image\" content=\"https:\/\/galicia.ingenierosnavales.com\/wp-content\/uploads\/2023\/04\/Diario-oficial-de-Galicia-ABRIL-o2023.png\" \/>\n\t<meta property=\"og:image:width\" content=\"1132\" \/>\n\t<meta property=\"og:image:height\" content=\"800\" \/>\n\t<meta property=\"og:image:type\" content=\"image\/png\" \/>\n<meta name=\"author\" content=\"Delegaci\u00f3n Galicia\" \/>\n<meta name=\"twitter:card\" content=\"summary_large_image\" \/>\n<meta name=\"twitter:label1\" content=\"Escrito por\" \/>\n\t<meta name=\"twitter:data1\" content=\"Delegaci\u00f3n Galicia\" \/>\n\t<meta name=\"twitter:label2\" content=\"Tiempo de lectura\" \/>\n\t<meta name=\"twitter:data2\" content=\"2 minutos\" \/>\n<script type=\"application\/ld+json\" class=\"yoast-schema-graph\">{\"@context\":\"https:\/\/schema.org\",\"@graph\":[{\"@type\":\"Article\",\"@id\":\"https:\/\/galicia.ingenierosnavales.com\/index.php\/2023\/04\/19\/diario-oficial-de-galicia-abril-2023\/#article\",\"isPartOf\":{\"@id\":\"https:\/\/galicia.ingenierosnavales.com\/index.php\/2023\/04\/19\/diario-oficial-de-galicia-abril-2023\/\"},\"author\":{\"name\":\"Delegaci\u00f3n Galicia\",\"@id\":\"https:\/\/galicia.ingenierosnavales.com\/#\/schema\/person\/5b19750a916831d424f63e9271d4e51d\"},\"headline\":\"Diario Oficial de Galicia &#8211; Abril 2023\",\"datePublished\":\"2023-04-19T07:45:19+00:00\",\"dateModified\":\"2023-04-19T08:06:56+00:00\",\"mainEntityOfPage\":{\"@id\":\"https:\/\/galicia.ingenierosnavales.com\/index.php\/2023\/04\/19\/diario-oficial-de-galicia-abril-2023\/\"},\"wordCount\":496,\"commentCount\":0,\"publisher\":{\"@id\":\"https:\/\/galicia.ingenierosnavales.com\/#organization\"},\"image\":{\"@id\":\"https:\/\/galicia.ingenierosnavales.com\/index.php\/2023\/04\/19\/diario-oficial-de-galicia-abril-2023\/#primaryimage\"},\"thumbnailUrl\":\"https:\/\/galicia.ingenierosnavales.com\/wp-content\/uploads\/2023\/04\/Diario-oficial-de-Galicia-ABRIL-o2023.png\",\"articleSection\":[\"Noticias\"],\"inLanguage\":\"es\",\"potentialAction\":[{\"@type\":\"CommentAction\",\"name\":\"Comment\",\"target\":[\"https:\/\/galicia.ingenierosnavales.com\/index.php\/2023\/04\/19\/diario-oficial-de-galicia-abril-2023\/#respond\"]}]},{\"@type\":\"WebPage\",\"@id\":\"https:\/\/galicia.ingenierosnavales.com\/index.php\/2023\/04\/19\/diario-oficial-de-galicia-abril-2023\/\",\"url\":\"https:\/\/galicia.ingenierosnavales.com\/index.php\/2023\/04\/19\/diario-oficial-de-galicia-abril-2023\/\",\"name\":\"Diario Oficial de Galicia - Abril 2023 - Delegaci\u00f3n del COIN en Galicia -\",\"isPartOf\":{\"@id\":\"https:\/\/galicia.ingenierosnavales.com\/#website\"},\"primaryImageOfPage\":{\"@id\":\"https:\/\/galicia.ingenierosnavales.com\/index.php\/2023\/04\/19\/diario-oficial-de-galicia-abril-2023\/#primaryimage\"},\"image\":{\"@id\":\"https:\/\/galicia.ingenierosnavales.com\/index.php\/2023\/04\/19\/diario-oficial-de-galicia-abril-2023\/#primaryimage\"},\"thumbnailUrl\":\"https:\/\/galicia.ingenierosnavales.com\/wp-content\/uploads\/2023\/04\/Diario-oficial-de-Galicia-ABRIL-o2023.png\",\"datePublished\":\"2023-04-19T07:45:19+00:00\",\"dateModified\":\"2023-04-19T08:06:56+00:00\",\"breadcrumb\":{\"@id\":\"https:\/\/galicia.ingenierosnavales.com\/index.php\/2023\/04\/19\/diario-oficial-de-galicia-abril-2023\/#breadcrumb\"},\"inLanguage\":\"es\",\"potentialAction\":[{\"@type\":\"ReadAction\",\"target\":[\"https:\/\/galicia.ingenierosnavales.com\/index.php\/2023\/04\/19\/diario-oficial-de-galicia-abril-2023\/\"]}]},{\"@type\":\"ImageObject\",\"inLanguage\":\"es\",\"@id\":\"https:\/\/galicia.ingenierosnavales.com\/index.php\/2023\/04\/19\/diario-oficial-de-galicia-abril-2023\/#primaryimage\",\"url\":\"https:\/\/galicia.ingenierosnavales.com\/wp-content\/uploads\/2023\/04\/Diario-oficial-de-Galicia-ABRIL-o2023.png\",\"contentUrl\":\"https:\/\/galicia.ingenierosnavales.com\/wp-content\/uploads\/2023\/04\/Diario-oficial-de-Galicia-ABRIL-o2023.png\",\"width\":1132,\"height\":800},{\"@type\":\"BreadcrumbList\",\"@id\":\"https:\/\/galicia.ingenierosnavales.com\/index.php\/2023\/04\/19\/diario-oficial-de-galicia-abril-2023\/#breadcrumb\",\"itemListElement\":[{\"@type\":\"ListItem\",\"position\":1,\"name\":\"Home\",\"item\":\"https:\/\/galicia.ingenierosnavales.com\/\"},{\"@type\":\"ListItem\",\"position\":2,\"name\":\"Diario Oficial de Galicia &#8211; Abril 2023\"}]},{\"@type\":\"WebSite\",\"@id\":\"https:\/\/galicia.ingenierosnavales.com\/#website\",\"url\":\"https:\/\/galicia.ingenierosnavales.com\/\",\"name\":\"Delegaci\u00f3n del COIN en Galicia -\",\"description\":\"\",\"publisher\":{\"@id\":\"https:\/\/galicia.ingenierosnavales.com\/#organization\"},\"potentialAction\":[{\"@type\":\"SearchAction\",\"target\":{\"@type\":\"EntryPoint\",\"urlTemplate\":\"https:\/\/galicia.ingenierosnavales.com\/?s={search_term_string}\"},\"query-input\":{\"@type\":\"PropertyValueSpecification\",\"valueRequired\":true,\"valueName\":\"search_term_string\"}}],\"inLanguage\":\"es\"},{\"@type\":\"Organization\",\"@id\":\"https:\/\/galicia.ingenierosnavales.com\/#organization\",\"name\":\"Delegaci\u00f3n del COIN en Galicia -\",\"url\":\"https:\/\/galicia.ingenierosnavales.com\/\",\"logo\":{\"@type\":\"ImageObject\",\"inLanguage\":\"es\",\"@id\":\"https:\/\/galicia.ingenierosnavales.com\/#\/schema\/logo\/image\/\",\"url\":\"https:\/\/galicia.ingenierosnavales.com\/wp-content\/uploads\/2022\/03\/logo_2-1.png\",\"contentUrl\":\"https:\/\/galicia.ingenierosnavales.com\/wp-content\/uploads\/2022\/03\/logo_2-1.png\",\"width\":240,\"height\":94,\"caption\":\"Delegaci\u00f3n del COIN en Galicia - \"},\"image\":{\"@id\":\"https:\/\/galicia.ingenierosnavales.com\/#\/schema\/logo\/image\/\"}},{\"@type\":\"Person\",\"@id\":\"https:\/\/galicia.ingenierosnavales.com\/#\/schema\/person\/5b19750a916831d424f63e9271d4e51d\",\"name\":\"Delegaci\u00f3n Galicia\",\"image\":{\"@type\":\"ImageObject\",\"inLanguage\":\"es\",\"@id\":\"https:\/\/galicia.ingenierosnavales.com\/#\/schema\/person\/image\/\",\"url\":\"https:\/\/secure.gravatar.com\/avatar\/8ba9b1dd96c7effddd31fcf63bf8cc7f?s=96&d=mm&r=g\",\"contentUrl\":\"https:\/\/secure.gravatar.com\/avatar\/8ba9b1dd96c7effddd31fcf63bf8cc7f?s=96&d=mm&r=g\",\"caption\":\"Delegaci\u00f3n Galicia\"},\"url\":\"https:\/\/galicia.ingenierosnavales.com\/index.php\/author\/galicia\/\"}]}<\/script>\n<!-- \/ Yoast SEO plugin. -->","yoast_head_json":{"title":"Diario Oficial de Galicia - Abril 2023 - Delegaci\u00f3n del COIN en Galicia -","robots":{"index":"index","follow":"follow","max-snippet":"max-snippet:-1","max-image-preview":"max-image-preview:large","max-video-preview":"max-video-preview:-1"},"canonical":"https:\/\/galicia.ingenierosnavales.com\/index.php\/2023\/04\/19\/diario-oficial-de-galicia-abril-2023\/","og_locale":"es_ES","og_type":"article","og_title":"Diario Oficial de Galicia - Abril 2023 - Delegaci\u00f3n del COIN en Galicia -","og_description":"A continuaci\u00f3n os detallamos informaci\u00f3n que ha salido publicada en el DOGA durante el mes de ABRIL 2023 (03.04.2023-19.04.2023) , que podr\u00eda ser de su inter\u00e9s: RESOLUCI\u00d3N do 22 de marzo de 2023, da&#46;&#46;&#46;","og_url":"https:\/\/galicia.ingenierosnavales.com\/index.php\/2023\/04\/19\/diario-oficial-de-galicia-abril-2023\/","og_site_name":"Delegaci\u00f3n del COIN en Galicia -","article_published_time":"2023-04-19T07:45:19+00:00","article_modified_time":"2023-04-19T08:06:56+00:00","og_image":[{"width":1132,"height":800,"url":"https:\/\/galicia.ingenierosnavales.com\/wp-content\/uploads\/2023\/04\/Diario-oficial-de-Galicia-ABRIL-o2023.png","type":"image\/png"}],"author":"Delegaci\u00f3n Galicia","twitter_card":"summary_large_image","twitter_misc":{"Escrito por":"Delegaci\u00f3n Galicia","Tiempo de lectura":"2 minutos"},"schema":{"@context":"https:\/\/schema.org","@graph":[{"@type":"Article","@id":"https:\/\/galicia.ingenierosnavales.com\/index.php\/2023\/04\/19\/diario-oficial-de-galicia-abril-2023\/#article","isPartOf":{"@id":"https:\/\/galicia.ingenierosnavales.com\/index.php\/2023\/04\/19\/diario-oficial-de-galicia-abril-2023\/"},"author":{"name":"Delegaci\u00f3n Galicia","@id":"https:\/\/galicia.ingenierosnavales.com\/#\/schema\/person\/5b19750a916831d424f63e9271d4e51d"},"headline":"Diario Oficial de Galicia &#8211; Abril 2023","datePublished":"2023-04-19T07:45:19+00:00","dateModified":"2023-04-19T08:06:56+00:00","mainEntityOfPage":{"@id":"https:\/\/galicia.ingenierosnavales.com\/index.php\/2023\/04\/19\/diario-oficial-de-galicia-abril-2023\/"},"wordCount":496,"commentCount":0,"publisher":{"@id":"https:\/\/galicia.ingenierosnavales.com\/#organization"},"image":{"@id":"https:\/\/galicia.ingenierosnavales.com\/index.php\/2023\/04\/19\/diario-oficial-de-galicia-abril-2023\/#primaryimage"},"thumbnailUrl":"https:\/\/galicia.ingenierosnavales.com\/wp-content\/uploads\/2023\/04\/Diario-oficial-de-Galicia-ABRIL-o2023.png","articleSection":["Noticias"],"inLanguage":"es","potentialAction":[{"@type":"CommentAction","name":"Comment","target":["https:\/\/galicia.ingenierosnavales.com\/index.php\/2023\/04\/19\/diario-oficial-de-galicia-abril-2023\/#respond"]}]},{"@type":"WebPage","@id":"https:\/\/galicia.ingenierosnavales.com\/index.php\/2023\/04\/19\/diario-oficial-de-galicia-abril-2023\/","url":"https:\/\/galicia.ingenierosnavales.com\/index.php\/2023\/04\/19\/diario-oficial-de-galicia-abril-2023\/","name":"Diario Oficial de Galicia - Abril 2023 - Delegaci\u00f3n del COIN en Galicia -","isPartOf":{"@id":"https:\/\/galicia.ingenierosnavales.com\/#website"},"primaryImageOfPage":{"@id":"https:\/\/galicia.ingenierosnavales.com\/index.php\/2023\/04\/19\/diario-oficial-de-galicia-abril-2023\/#primaryimage"},"image":{"@id":"https:\/\/galicia.ingenierosnavales.com\/index.php\/2023\/04\/19\/diario-oficial-de-galicia-abril-2023\/#primaryimage"},"thumbnailUrl":"https:\/\/galicia.ingenierosnavales.com\/wp-content\/uploads\/2023\/04\/Diario-oficial-de-Galicia-ABRIL-o2023.png","datePublished":"2023-04-19T07:45:19+00:00","dateModified":"2023-04-19T08:06:56+00:00","breadcrumb":{"@id":"https:\/\/galicia.ingenierosnavales.com\/index.php\/2023\/04\/19\/diario-oficial-de-galicia-abril-2023\/#breadcrumb"},"inLanguage":"es","potentialAction":[{"@type":"ReadAction","target":["https:\/\/galicia.ingenierosnavales.com\/index.php\/2023\/04\/19\/diario-oficial-de-galicia-abril-2023\/"]}]},{"@type":"ImageObject","inLanguage":"es","@id":"https:\/\/galicia.ingenierosnavales.com\/index.php\/2023\/04\/19\/diario-oficial-de-galicia-abril-2023\/#primaryimage","url":"https:\/\/galicia.ingenierosnavales.com\/wp-content\/uploads\/2023\/04\/Diario-oficial-de-Galicia-ABRIL-o2023.png","contentUrl":"https:\/\/galicia.ingenierosnavales.com\/wp-content\/uploads\/2023\/04\/Diario-oficial-de-Galicia-ABRIL-o2023.png","width":1132,"height":800},{"@type":"BreadcrumbList","@id":"https:\/\/galicia.ingenierosnavales.com\/index.php\/2023\/04\/19\/diario-oficial-de-galicia-abril-2023\/#breadcrumb","itemListElement":[{"@type":"ListItem","position":1,"name":"Home","item":"https:\/\/galicia.ingenierosnavales.com\/"},{"@type":"ListItem","position":2,"name":"Diario Oficial de Galicia &#8211; Abril 2023"}]},{"@type":"WebSite","@id":"https:\/\/galicia.ingenierosnavales.com\/#website","url":"https:\/\/galicia.ingenierosnavales.com\/","name":"Delegaci\u00f3n del COIN en Galicia -","description":"","publisher":{"@id":"https:\/\/galicia.ingenierosnavales.com\/#organization"},"potentialAction":[{"@type":"SearchAction","target":{"@type":"EntryPoint","urlTemplate":"https:\/\/galicia.ingenierosnavales.com\/?s={search_term_string}"},"query-input":{"@type":"PropertyValueSpecification","valueRequired":true,"valueName":"search_term_string"}}],"inLanguage":"es"},{"@type":"Organization","@id":"https:\/\/galicia.ingenierosnavales.com\/#organization","name":"Delegaci\u00f3n del COIN en Galicia -","url":"https:\/\/galicia.ingenierosnavales.com\/","logo":{"@type":"ImageObject","inLanguage":"es","@id":"https:\/\/galicia.ingenierosnavales.com\/#\/schema\/logo\/image\/","url":"https:\/\/galicia.ingenierosnavales.com\/wp-content\/uploads\/2022\/03\/logo_2-1.png","contentUrl":"https:\/\/galicia.ingenierosnavales.com\/wp-content\/uploads\/2022\/03\/logo_2-1.png","width":240,"height":94,"caption":"Delegaci\u00f3n del COIN en Galicia - "},"image":{"@id":"https:\/\/galicia.ingenierosnavales.com\/#\/schema\/logo\/image\/"}},{"@type":"Person","@id":"https:\/\/galicia.ingenierosnavales.com\/#\/schema\/person\/5b19750a916831d424f63e9271d4e51d","name":"Delegaci\u00f3n Galicia","image":{"@type":"ImageObject","inLanguage":"es","@id":"https:\/\/galicia.ingenierosnavales.com\/#\/schema\/person\/image\/","url":"https:\/\/secure.gravatar.com\/avatar\/8ba9b1dd96c7effddd31fcf63bf8cc7f?s=96&d=mm&r=g","contentUrl":"https:\/\/secure.gravatar.com\/avatar\/8ba9b1dd96c7effddd31fcf63bf8cc7f?s=96&d=mm&r=g","caption":"Delegaci\u00f3n Galicia"},"url":"https:\/\/galicia.ingenierosnavales.com\/index.php\/author\/galicia\/"}]}},"_links":{"self":[{"href":"https:\/\/galicia.ingenierosnavales.com\/index.php\/wp-json\/wp\/v2\/posts\/4850","targetHints":{"allow":["GET"]}}],"collection":[{"href":"https:\/\/galicia.ingenierosnavales.com\/index.php\/wp-json\/wp\/v2\/posts"}],"about":[{"href":"https:\/\/galicia.ingenierosnavales.com\/index.php\/wp-json\/wp\/v2\/types\/post"}],"author":[{"embeddable":true,"href":"https:\/\/galicia.ingenierosnavales.com\/index.php\/wp-json\/wp\/v2\/users\/2"}],"replies":[{"embeddable":true,"href":"https:\/\/galicia.ingenierosnavales.com\/index.php\/wp-json\/wp\/v2\/comments?post=4850"}],"version-history":[{"count":1,"href":"https:\/\/galicia.ingenierosnavales.com\/index.php\/wp-json\/wp\/v2\/posts\/4850\/revisions"}],"predecessor-version":[{"id":4851,"href":"https:\/\/galicia.ingenierosnavales.com\/index.php\/wp-json\/wp\/v2\/posts\/4850\/revisions\/4851"}],"wp:featuredmedia":[{"embeddable":true,"href":"https:\/\/galicia.ingenierosnavales.com\/index.php\/wp-json\/wp\/v2\/media\/4852"}],"wp:attachment":[{"href":"https:\/\/galicia.ingenierosnavales.com\/index.php\/wp-json\/wp\/v2\/media?parent=4850"}],"wp:term":[{"taxonomy":"category","embeddable":true,"href":"https:\/\/galicia.ingenierosnavales.com\/index.php\/wp-json\/wp\/v2\/categories?post=4850"},{"taxonomy":"post_tag","embeddable":true,"href":"https:\/\/galicia.ingenierosnavales.com\/index.php\/wp-json\/wp\/v2\/tags?post=4850"}],"curies":[{"name":"wp","href":"https:\/\/api.w.org\/{rel}","templated":true}]}}