{"id":4236,"date":"2022-11-25T10:00:34","date_gmt":"2022-11-25T10:00:34","guid":{"rendered":"https:\/\/galicia.ingenierosnavales.com\/?p=4236"},"modified":"2022-11-25T10:00:34","modified_gmt":"2022-11-25T10:00:34","slug":"perte-naval-propuestas-de-proyectos-colaborativos","status":"publish","type":"post","link":"https:\/\/galicia.ingenierosnavales.com\/index.php\/2022\/11\/25\/perte-naval-propuestas-de-proyectos-colaborativos\/","title":{"rendered":"PERTE NAVAL. Propuestas de proyectos colaborativos"},"content":{"rendered":"<p><img loading=\"lazy\" decoding=\"async\" class=\"alignnone size-full wp-image-4237 aligncenter\" src=\"https:\/\/galicia.ingenierosnavales.com\/wp-content\/uploads\/2022\/11\/presentado-en-vigo-el-perte-para-la-industria-naval.jpg\" alt=\"\" width=\"512\" height=\"206\" srcset=\"https:\/\/galicia.ingenierosnavales.com\/wp-content\/uploads\/2022\/11\/presentado-en-vigo-el-perte-para-la-industria-naval.jpg 512w, https:\/\/galicia.ingenierosnavales.com\/wp-content\/uploads\/2022\/11\/presentado-en-vigo-el-perte-para-la-industria-naval-300x121.jpg 300w\" sizes=\"auto, (max-width: 512px) 100vw, 512px\" \/><\/p>\n<p>Como ya es conocido, ACLUNAGA ha estado trabajando colaborativamente \u00a0con ASIME, SOERMAR y el Foro Mar\u00edtimo Vasco en difundir, coordinar y apoyar a sus empresas asociadas a presentar sus proyectos en la convocatoria del Perte Naval. \u00a0 En colaboraci\u00f3n con estas instituciones hemos programado para el pr\u00f3ximo <strong>lunes 28<\/strong> de noviembre a las <strong>10 horas<\/strong> una <strong>sesi\u00f3n informativa sobre proyectos en colaboraci\u00f3n<\/strong> a los que podr\u00e9is sumaros si son de vuestro inter\u00e9s.<\/p>\n<p><strong>PERTE NAVAL. Propuestas de proyectos colaborativos:<\/strong><\/p>\n<p>10:00h Introducci\u00f3n proyecto tractor Inter &#8211; Cl\u00faster (FMV, SOERMAR, ACLUNAGA y ASIME)<\/p>\n<p>10:05h Programa PERTE Naval: condiciones y retornos (Eva Novoa de SOERMAR)<\/p>\n<p>10:15h \u201cSostenibilidad del Proceso Productivo\u201d (Javier Rios de GAIKER)<\/p>\n<p>10:30h \u201cEficiencia Energ\u00e9tica\u201d (Rafael Dominguez de ACLUNAGA)<\/p>\n<p>10:45h \u201cConstrucci\u00f3n naval de bajo impacto ambiental\u201d (Daniel Liceras de XESMEGA)<\/p>\n<p>11:00h \u201cRobotizaci\u00f3n y Automatizaci\u00f3n de los Procesos Productivos\u201d (Miguel Angel Laibarra \u00a0de AMPER, Daniel Merchante PROCOM System y Alvaro Rodriguez CTC)<\/p>\n<p>11:15h \u201cEspacio Digital de Operaciones Navales\u201d (Aron Pujana de IKERLAN)<\/p>\n<p>11:30h Conclusiones. Fin de la reuni\u00f3n<\/p>\n<p>Desde ACLUNAGA animan a participar en la misma y a exponer vuestras ideas e inquietudes y ver si coinciden en todo o en parte con las que os presentar\u00e1n y as\u00ed poder avanzar juntos. \u00a0 No es necesaria una inscripci\u00f3n previa, podr\u00e9is acceder a la sesi\u00f3n en formato virtual \u00a0en el siguiente enlace:<\/p>\n<p style=\"text-align: center;\">________________________________________________________________________________<\/p>\n<p style=\"text-align: center;\">Reuni\u00f3n de Microsoft Teams<\/p>\n<p style=\"text-align: center;\"><strong>\u00danase a trav\u00e9s de su PC o aplicaci\u00f3n m\u00f3vil<\/strong><\/p>\n<p style=\"text-align: center;\"><a href=\"https:\/\/teams.microsoft.com\/l\/meetup-join\/19%3ameeting_ODU4MzAwYWUtZGIyYi00MDYyLTg5NTgtMDg0MWU5MTkwMzY1%40thread.v2\/0?context=%7b%22Tid%22%3a%22531aeb5d-3688-4dd3-9b01-0a703a6cb7c0%22%2c%22Oid%22%3a%228bb218a7-2e6d-43e8-9577-b1fc27d572e1%22%7d\" target=\"_blank\" rel=\"noopener\" data-cke-saved-href=\"https:\/\/teams.microsoft.com\/l\/meetup-join\/19%3ameeting_ODU4MzAwYWUtZGIyYi00MDYyLTg5NTgtMDg0MWU5MTkwMzY1%40thread.v2\/0?context=%7b%22Tid%22%3a%22531aeb5d-3688-4dd3-9b01-0a703a6cb7c0%22%2c%22Oid%22%3a%228bb218a7-2e6d-43e8-9577-b1fc27d572e1%22%7d\">Haga clic aqu\u00ed para unirse a la reuni\u00f3n<\/a><\/p>\n<p style=\"text-align: center;\">ID de la reuni\u00f3n: 324 839 790 123<\/p>\n<p style=\"text-align: center;\">C\u00f3digo de acceso: jeRVAK<\/p>\n<p style=\"text-align: center;\"><a href=\"https:\/\/www.microsoft.com\/en-us\/microsoft-teams\/download-app\" target=\"_blank\" rel=\"noopener\" data-cke-saved-href=\"https:\/\/www.microsoft.com\/en-us\/microsoft-teams\/download-app\">Descargar Teams<\/a> | <a href=\"https:\/\/www.microsoft.com\/microsoft-teams\/join-a-meeting\" target=\"_blank\" rel=\"noopener\" data-cke-saved-href=\"https:\/\/www.microsoft.com\/microsoft-teams\/join-a-meeting\">Unirse en la web<\/a><\/p>\n<p style=\"text-align: center;\"><a href=\"https:\/\/aka.ms\/JoinTeamsMeeting\" target=\"_blank\" rel=\"noopener\" data-cke-saved-href=\"https:\/\/aka.ms\/JoinTeamsMeeting\">Inf\u00f3rmese<\/a> | <a href=\"https:\/\/teams.microsoft.com\/meetingOptions\/?organizerId=8bb218a7-2e6d-43e8-9577-b1fc27d572e1&amp;tenantId=531aeb5d-3688-4dd3-9b01-0a703a6cb7c0&amp;threadId=19_meeting_ODU4MzAwYWUtZGIyYi00MDYyLTg5NTgtMDg0MWU5MTkwMzY1@thread.v2&amp;messageId=0&amp;language=es-ES\" target=\"_blank\" rel=\"noopener\" data-cke-saved-href=\"https:\/\/teams.microsoft.com\/meetingOptions\/?organizerId=8bb218a7-2e6d-43e8-9577-b1fc27d572e1&amp;tenantId=531aeb5d-3688-4dd3-9b01-0a703a6cb7c0&amp;threadId=19_meeting_ODU4MzAwYWUtZGIyYi00MDYyLTg5NTgtMDg0MWU5MTkwMzY1@thread.v2&amp;messageId=0&amp;language=es-ES\">Opciones de reuni\u00f3n<\/a><\/p>\n<p style=\"text-align: center;\">________________________________________________________________________________<\/p>\n<p><a href=\"https:\/\/www.aclunaga.es\/\"><img loading=\"lazy\" decoding=\"async\" class=\"alignnone size-full wp-image-2736 aligncenter\" src=\"https:\/\/galicia.ingenierosnavales.com\/wp-content\/uploads\/2021\/07\/LOGO-ACLUNAGA.png\" alt=\"\" width=\"240\" height=\"67\" \/><\/a><\/p>\n","protected":false},"excerpt":{"rendered":"<p>Como ya es conocido, ACLUNAGA ha estado trabajando colaborativamente \u00a0con ASIME, SOERMAR y el Foro Mar\u00edtimo Vasco en difundir, coordinar y apoyar a sus empresas asociadas a presentar sus proyectos en la convocatoria del&#46;&#46;&#46;<\/p>\n","protected":false},"author":2,"featured_media":4237,"comment_status":"open","ping_status":"open","sticky":false,"template":"","format":"standard","meta":{"om_disable_all_campaigns":false,"_monsterinsights_skip_tracking":false,"_monsterinsights_sitenote_active":false,"_monsterinsights_sitenote_note":"","_monsterinsights_sitenote_category":0,"_uf_show_specific_survey":0,"_uf_disable_surveys":false,"footnotes":""},"categories":[3],"tags":[],"class_list":["post-4236","post","type-post","status-publish","format-standard","has-post-thumbnail","hentry","category-noticias-gl-es"],"aioseo_notices":[],"yoast_head":"<!-- This site is optimized with the Yoast SEO plugin v24.0 - https:\/\/yoast.com\/wordpress\/plugins\/seo\/ -->\n<title>PERTE NAVAL. Propuestas de proyectos colaborativos - Delegaci\u00f3n del COIN en Galicia -<\/title>\n<meta name=\"robots\" content=\"index, follow, max-snippet:-1, max-image-preview:large, max-video-preview:-1\" \/>\n<link rel=\"canonical\" href=\"https:\/\/galicia.ingenierosnavales.com\/index.php\/2022\/11\/25\/perte-naval-propuestas-de-proyectos-colaborativos\/\" \/>\n<meta property=\"og:locale\" content=\"es_ES\" \/>\n<meta property=\"og:type\" content=\"article\" \/>\n<meta property=\"og:title\" content=\"PERTE NAVAL. Propuestas de proyectos colaborativos - Delegaci\u00f3n del COIN en Galicia -\" \/>\n<meta property=\"og:description\" content=\"Como ya es conocido, ACLUNAGA ha estado trabajando colaborativamente \u00a0con ASIME, SOERMAR y el Foro Mar\u00edtimo Vasco en difundir, coordinar y apoyar a sus empresas asociadas a presentar sus proyectos en la convocatoria del&#046;&#046;&#046;\" \/>\n<meta property=\"og:url\" content=\"https:\/\/galicia.ingenierosnavales.com\/index.php\/2022\/11\/25\/perte-naval-propuestas-de-proyectos-colaborativos\/\" \/>\n<meta property=\"og:site_name\" content=\"Delegaci\u00f3n del COIN en Galicia -\" \/>\n<meta property=\"article:published_time\" content=\"2022-11-25T10:00:34+00:00\" \/>\n<meta property=\"og:image\" content=\"https:\/\/galicia.ingenierosnavales.com\/wp-content\/uploads\/2022\/11\/presentado-en-vigo-el-perte-para-la-industria-naval.jpg\" \/>\n\t<meta property=\"og:image:width\" content=\"512\" \/>\n\t<meta property=\"og:image:height\" content=\"206\" \/>\n\t<meta property=\"og:image:type\" content=\"image\/jpeg\" \/>\n<meta name=\"author\" content=\"Delegaci\u00f3n Galicia\" \/>\n<meta name=\"twitter:card\" content=\"summary_large_image\" \/>\n<meta name=\"twitter:label1\" content=\"Escrito por\" \/>\n\t<meta name=\"twitter:data1\" content=\"Delegaci\u00f3n Galicia\" \/>\n\t<meta name=\"twitter:label2\" content=\"Tiempo de lectura\" \/>\n\t<meta name=\"twitter:data2\" content=\"2 minutos\" \/>\n<script type=\"application\/ld+json\" class=\"yoast-schema-graph\">{\"@context\":\"https:\/\/schema.org\",\"@graph\":[{\"@type\":\"Article\",\"@id\":\"https:\/\/galicia.ingenierosnavales.com\/index.php\/2022\/11\/25\/perte-naval-propuestas-de-proyectos-colaborativos\/#article\",\"isPartOf\":{\"@id\":\"https:\/\/galicia.ingenierosnavales.com\/index.php\/2022\/11\/25\/perte-naval-propuestas-de-proyectos-colaborativos\/\"},\"author\":{\"name\":\"Delegaci\u00f3n Galicia\",\"@id\":\"https:\/\/galicia.ingenierosnavales.com\/#\/schema\/person\/5b19750a916831d424f63e9271d4e51d\"},\"headline\":\"PERTE NAVAL. Propuestas de proyectos colaborativos\",\"datePublished\":\"2022-11-25T10:00:34+00:00\",\"dateModified\":\"2022-11-25T10:00:34+00:00\",\"mainEntityOfPage\":{\"@id\":\"https:\/\/galicia.ingenierosnavales.com\/index.php\/2022\/11\/25\/perte-naval-propuestas-de-proyectos-colaborativos\/\"},\"wordCount\":286,\"commentCount\":0,\"publisher\":{\"@id\":\"https:\/\/galicia.ingenierosnavales.com\/#organization\"},\"image\":{\"@id\":\"https:\/\/galicia.ingenierosnavales.com\/index.php\/2022\/11\/25\/perte-naval-propuestas-de-proyectos-colaborativos\/#primaryimage\"},\"thumbnailUrl\":\"https:\/\/galicia.ingenierosnavales.com\/wp-content\/uploads\/2022\/11\/presentado-en-vigo-el-perte-para-la-industria-naval.jpg\",\"articleSection\":[\"Noticias\"],\"inLanguage\":\"es\",\"potentialAction\":[{\"@type\":\"CommentAction\",\"name\":\"Comment\",\"target\":[\"https:\/\/galicia.ingenierosnavales.com\/index.php\/2022\/11\/25\/perte-naval-propuestas-de-proyectos-colaborativos\/#respond\"]}]},{\"@type\":\"WebPage\",\"@id\":\"https:\/\/galicia.ingenierosnavales.com\/index.php\/2022\/11\/25\/perte-naval-propuestas-de-proyectos-colaborativos\/\",\"url\":\"https:\/\/galicia.ingenierosnavales.com\/index.php\/2022\/11\/25\/perte-naval-propuestas-de-proyectos-colaborativos\/\",\"name\":\"PERTE NAVAL. Propuestas de proyectos colaborativos - Delegaci\u00f3n del COIN en Galicia -\",\"isPartOf\":{\"@id\":\"https:\/\/galicia.ingenierosnavales.com\/#website\"},\"primaryImageOfPage\":{\"@id\":\"https:\/\/galicia.ingenierosnavales.com\/index.php\/2022\/11\/25\/perte-naval-propuestas-de-proyectos-colaborativos\/#primaryimage\"},\"image\":{\"@id\":\"https:\/\/galicia.ingenierosnavales.com\/index.php\/2022\/11\/25\/perte-naval-propuestas-de-proyectos-colaborativos\/#primaryimage\"},\"thumbnailUrl\":\"https:\/\/galicia.ingenierosnavales.com\/wp-content\/uploads\/2022\/11\/presentado-en-vigo-el-perte-para-la-industria-naval.jpg\",\"datePublished\":\"2022-11-25T10:00:34+00:00\",\"dateModified\":\"2022-11-25T10:00:34+00:00\",\"breadcrumb\":{\"@id\":\"https:\/\/galicia.ingenierosnavales.com\/index.php\/2022\/11\/25\/perte-naval-propuestas-de-proyectos-colaborativos\/#breadcrumb\"},\"inLanguage\":\"es\",\"potentialAction\":[{\"@type\":\"ReadAction\",\"target\":[\"https:\/\/galicia.ingenierosnavales.com\/index.php\/2022\/11\/25\/perte-naval-propuestas-de-proyectos-colaborativos\/\"]}]},{\"@type\":\"ImageObject\",\"inLanguage\":\"es\",\"@id\":\"https:\/\/galicia.ingenierosnavales.com\/index.php\/2022\/11\/25\/perte-naval-propuestas-de-proyectos-colaborativos\/#primaryimage\",\"url\":\"https:\/\/galicia.ingenierosnavales.com\/wp-content\/uploads\/2022\/11\/presentado-en-vigo-el-perte-para-la-industria-naval.jpg\",\"contentUrl\":\"https:\/\/galicia.ingenierosnavales.com\/wp-content\/uploads\/2022\/11\/presentado-en-vigo-el-perte-para-la-industria-naval.jpg\",\"width\":512,\"height\":206},{\"@type\":\"BreadcrumbList\",\"@id\":\"https:\/\/galicia.ingenierosnavales.com\/index.php\/2022\/11\/25\/perte-naval-propuestas-de-proyectos-colaborativos\/#breadcrumb\",\"itemListElement\":[{\"@type\":\"ListItem\",\"position\":1,\"name\":\"Home\",\"item\":\"https:\/\/galicia.ingenierosnavales.com\/\"},{\"@type\":\"ListItem\",\"position\":2,\"name\":\"PERTE NAVAL. Propuestas de proyectos colaborativos\"}]},{\"@type\":\"WebSite\",\"@id\":\"https:\/\/galicia.ingenierosnavales.com\/#website\",\"url\":\"https:\/\/galicia.ingenierosnavales.com\/\",\"name\":\"Delegaci\u00f3n del COIN en Galicia -\",\"description\":\"\",\"publisher\":{\"@id\":\"https:\/\/galicia.ingenierosnavales.com\/#organization\"},\"potentialAction\":[{\"@type\":\"SearchAction\",\"target\":{\"@type\":\"EntryPoint\",\"urlTemplate\":\"https:\/\/galicia.ingenierosnavales.com\/?s={search_term_string}\"},\"query-input\":{\"@type\":\"PropertyValueSpecification\",\"valueRequired\":true,\"valueName\":\"search_term_string\"}}],\"inLanguage\":\"es\"},{\"@type\":\"Organization\",\"@id\":\"https:\/\/galicia.ingenierosnavales.com\/#organization\",\"name\":\"Delegaci\u00f3n del COIN en Galicia -\",\"url\":\"https:\/\/galicia.ingenierosnavales.com\/\",\"logo\":{\"@type\":\"ImageObject\",\"inLanguage\":\"es\",\"@id\":\"https:\/\/galicia.ingenierosnavales.com\/#\/schema\/logo\/image\/\",\"url\":\"https:\/\/galicia.ingenierosnavales.com\/wp-content\/uploads\/2022\/03\/logo_2-1.png\",\"contentUrl\":\"https:\/\/galicia.ingenierosnavales.com\/wp-content\/uploads\/2022\/03\/logo_2-1.png\",\"width\":240,\"height\":94,\"caption\":\"Delegaci\u00f3n del COIN en Galicia - \"},\"image\":{\"@id\":\"https:\/\/galicia.ingenierosnavales.com\/#\/schema\/logo\/image\/\"}},{\"@type\":\"Person\",\"@id\":\"https:\/\/galicia.ingenierosnavales.com\/#\/schema\/person\/5b19750a916831d424f63e9271d4e51d\",\"name\":\"Delegaci\u00f3n Galicia\",\"image\":{\"@type\":\"ImageObject\",\"inLanguage\":\"es\",\"@id\":\"https:\/\/galicia.ingenierosnavales.com\/#\/schema\/person\/image\/\",\"url\":\"https:\/\/secure.gravatar.com\/avatar\/8ba9b1dd96c7effddd31fcf63bf8cc7f?s=96&d=mm&r=g\",\"contentUrl\":\"https:\/\/secure.gravatar.com\/avatar\/8ba9b1dd96c7effddd31fcf63bf8cc7f?s=96&d=mm&r=g\",\"caption\":\"Delegaci\u00f3n Galicia\"},\"url\":\"https:\/\/galicia.ingenierosnavales.com\/index.php\/author\/galicia\/\"}]}<\/script>\n<!-- \/ Yoast SEO plugin. -->","yoast_head_json":{"title":"PERTE NAVAL. Propuestas de proyectos colaborativos - Delegaci\u00f3n del COIN en Galicia -","robots":{"index":"index","follow":"follow","max-snippet":"max-snippet:-1","max-image-preview":"max-image-preview:large","max-video-preview":"max-video-preview:-1"},"canonical":"https:\/\/galicia.ingenierosnavales.com\/index.php\/2022\/11\/25\/perte-naval-propuestas-de-proyectos-colaborativos\/","og_locale":"es_ES","og_type":"article","og_title":"PERTE NAVAL. Propuestas de proyectos colaborativos - Delegaci\u00f3n del COIN en Galicia -","og_description":"Como ya es conocido, ACLUNAGA ha estado trabajando colaborativamente \u00a0con ASIME, SOERMAR y el Foro Mar\u00edtimo Vasco en difundir, coordinar y apoyar a sus empresas asociadas a presentar sus proyectos en la convocatoria del&#46;&#46;&#46;","og_url":"https:\/\/galicia.ingenierosnavales.com\/index.php\/2022\/11\/25\/perte-naval-propuestas-de-proyectos-colaborativos\/","og_site_name":"Delegaci\u00f3n del COIN en Galicia -","article_published_time":"2022-11-25T10:00:34+00:00","og_image":[{"width":512,"height":206,"url":"https:\/\/galicia.ingenierosnavales.com\/wp-content\/uploads\/2022\/11\/presentado-en-vigo-el-perte-para-la-industria-naval.jpg","type":"image\/jpeg"}],"author":"Delegaci\u00f3n Galicia","twitter_card":"summary_large_image","twitter_misc":{"Escrito por":"Delegaci\u00f3n Galicia","Tiempo de lectura":"2 minutos"},"schema":{"@context":"https:\/\/schema.org","@graph":[{"@type":"Article","@id":"https:\/\/galicia.ingenierosnavales.com\/index.php\/2022\/11\/25\/perte-naval-propuestas-de-proyectos-colaborativos\/#article","isPartOf":{"@id":"https:\/\/galicia.ingenierosnavales.com\/index.php\/2022\/11\/25\/perte-naval-propuestas-de-proyectos-colaborativos\/"},"author":{"name":"Delegaci\u00f3n Galicia","@id":"https:\/\/galicia.ingenierosnavales.com\/#\/schema\/person\/5b19750a916831d424f63e9271d4e51d"},"headline":"PERTE NAVAL. Propuestas de proyectos colaborativos","datePublished":"2022-11-25T10:00:34+00:00","dateModified":"2022-11-25T10:00:34+00:00","mainEntityOfPage":{"@id":"https:\/\/galicia.ingenierosnavales.com\/index.php\/2022\/11\/25\/perte-naval-propuestas-de-proyectos-colaborativos\/"},"wordCount":286,"commentCount":0,"publisher":{"@id":"https:\/\/galicia.ingenierosnavales.com\/#organization"},"image":{"@id":"https:\/\/galicia.ingenierosnavales.com\/index.php\/2022\/11\/25\/perte-naval-propuestas-de-proyectos-colaborativos\/#primaryimage"},"thumbnailUrl":"https:\/\/galicia.ingenierosnavales.com\/wp-content\/uploads\/2022\/11\/presentado-en-vigo-el-perte-para-la-industria-naval.jpg","articleSection":["Noticias"],"inLanguage":"es","potentialAction":[{"@type":"CommentAction","name":"Comment","target":["https:\/\/galicia.ingenierosnavales.com\/index.php\/2022\/11\/25\/perte-naval-propuestas-de-proyectos-colaborativos\/#respond"]}]},{"@type":"WebPage","@id":"https:\/\/galicia.ingenierosnavales.com\/index.php\/2022\/11\/25\/perte-naval-propuestas-de-proyectos-colaborativos\/","url":"https:\/\/galicia.ingenierosnavales.com\/index.php\/2022\/11\/25\/perte-naval-propuestas-de-proyectos-colaborativos\/","name":"PERTE NAVAL. Propuestas de proyectos colaborativos - Delegaci\u00f3n del COIN en Galicia -","isPartOf":{"@id":"https:\/\/galicia.ingenierosnavales.com\/#website"},"primaryImageOfPage":{"@id":"https:\/\/galicia.ingenierosnavales.com\/index.php\/2022\/11\/25\/perte-naval-propuestas-de-proyectos-colaborativos\/#primaryimage"},"image":{"@id":"https:\/\/galicia.ingenierosnavales.com\/index.php\/2022\/11\/25\/perte-naval-propuestas-de-proyectos-colaborativos\/#primaryimage"},"thumbnailUrl":"https:\/\/galicia.ingenierosnavales.com\/wp-content\/uploads\/2022\/11\/presentado-en-vigo-el-perte-para-la-industria-naval.jpg","datePublished":"2022-11-25T10:00:34+00:00","dateModified":"2022-11-25T10:00:34+00:00","breadcrumb":{"@id":"https:\/\/galicia.ingenierosnavales.com\/index.php\/2022\/11\/25\/perte-naval-propuestas-de-proyectos-colaborativos\/#breadcrumb"},"inLanguage":"es","potentialAction":[{"@type":"ReadAction","target":["https:\/\/galicia.ingenierosnavales.com\/index.php\/2022\/11\/25\/perte-naval-propuestas-de-proyectos-colaborativos\/"]}]},{"@type":"ImageObject","inLanguage":"es","@id":"https:\/\/galicia.ingenierosnavales.com\/index.php\/2022\/11\/25\/perte-naval-propuestas-de-proyectos-colaborativos\/#primaryimage","url":"https:\/\/galicia.ingenierosnavales.com\/wp-content\/uploads\/2022\/11\/presentado-en-vigo-el-perte-para-la-industria-naval.jpg","contentUrl":"https:\/\/galicia.ingenierosnavales.com\/wp-content\/uploads\/2022\/11\/presentado-en-vigo-el-perte-para-la-industria-naval.jpg","width":512,"height":206},{"@type":"BreadcrumbList","@id":"https:\/\/galicia.ingenierosnavales.com\/index.php\/2022\/11\/25\/perte-naval-propuestas-de-proyectos-colaborativos\/#breadcrumb","itemListElement":[{"@type":"ListItem","position":1,"name":"Home","item":"https:\/\/galicia.ingenierosnavales.com\/"},{"@type":"ListItem","position":2,"name":"PERTE NAVAL. Propuestas de proyectos colaborativos"}]},{"@type":"WebSite","@id":"https:\/\/galicia.ingenierosnavales.com\/#website","url":"https:\/\/galicia.ingenierosnavales.com\/","name":"Delegaci\u00f3n del COIN en Galicia -","description":"","publisher":{"@id":"https:\/\/galicia.ingenierosnavales.com\/#organization"},"potentialAction":[{"@type":"SearchAction","target":{"@type":"EntryPoint","urlTemplate":"https:\/\/galicia.ingenierosnavales.com\/?s={search_term_string}"},"query-input":{"@type":"PropertyValueSpecification","valueRequired":true,"valueName":"search_term_string"}}],"inLanguage":"es"},{"@type":"Organization","@id":"https:\/\/galicia.ingenierosnavales.com\/#organization","name":"Delegaci\u00f3n del COIN en Galicia -","url":"https:\/\/galicia.ingenierosnavales.com\/","logo":{"@type":"ImageObject","inLanguage":"es","@id":"https:\/\/galicia.ingenierosnavales.com\/#\/schema\/logo\/image\/","url":"https:\/\/galicia.ingenierosnavales.com\/wp-content\/uploads\/2022\/03\/logo_2-1.png","contentUrl":"https:\/\/galicia.ingenierosnavales.com\/wp-content\/uploads\/2022\/03\/logo_2-1.png","width":240,"height":94,"caption":"Delegaci\u00f3n del COIN en Galicia - "},"image":{"@id":"https:\/\/galicia.ingenierosnavales.com\/#\/schema\/logo\/image\/"}},{"@type":"Person","@id":"https:\/\/galicia.ingenierosnavales.com\/#\/schema\/person\/5b19750a916831d424f63e9271d4e51d","name":"Delegaci\u00f3n Galicia","image":{"@type":"ImageObject","inLanguage":"es","@id":"https:\/\/galicia.ingenierosnavales.com\/#\/schema\/person\/image\/","url":"https:\/\/secure.gravatar.com\/avatar\/8ba9b1dd96c7effddd31fcf63bf8cc7f?s=96&d=mm&r=g","contentUrl":"https:\/\/secure.gravatar.com\/avatar\/8ba9b1dd96c7effddd31fcf63bf8cc7f?s=96&d=mm&r=g","caption":"Delegaci\u00f3n Galicia"},"url":"https:\/\/galicia.ingenierosnavales.com\/index.php\/author\/galicia\/"}]}},"_links":{"self":[{"href":"https:\/\/galicia.ingenierosnavales.com\/index.php\/wp-json\/wp\/v2\/posts\/4236","targetHints":{"allow":["GET"]}}],"collection":[{"href":"https:\/\/galicia.ingenierosnavales.com\/index.php\/wp-json\/wp\/v2\/posts"}],"about":[{"href":"https:\/\/galicia.ingenierosnavales.com\/index.php\/wp-json\/wp\/v2\/types\/post"}],"author":[{"embeddable":true,"href":"https:\/\/galicia.ingenierosnavales.com\/index.php\/wp-json\/wp\/v2\/users\/2"}],"replies":[{"embeddable":true,"href":"https:\/\/galicia.ingenierosnavales.com\/index.php\/wp-json\/wp\/v2\/comments?post=4236"}],"version-history":[{"count":1,"href":"https:\/\/galicia.ingenierosnavales.com\/index.php\/wp-json\/wp\/v2\/posts\/4236\/revisions"}],"predecessor-version":[{"id":4238,"href":"https:\/\/galicia.ingenierosnavales.com\/index.php\/wp-json\/wp\/v2\/posts\/4236\/revisions\/4238"}],"wp:featuredmedia":[{"embeddable":true,"href":"https:\/\/galicia.ingenierosnavales.com\/index.php\/wp-json\/wp\/v2\/media\/4237"}],"wp:attachment":[{"href":"https:\/\/galicia.ingenierosnavales.com\/index.php\/wp-json\/wp\/v2\/media?parent=4236"}],"wp:term":[{"taxonomy":"category","embeddable":true,"href":"https:\/\/galicia.ingenierosnavales.com\/index.php\/wp-json\/wp\/v2\/categories?post=4236"},{"taxonomy":"post_tag","embeddable":true,"href":"https:\/\/galicia.ingenierosnavales.com\/index.php\/wp-json\/wp\/v2\/tags?post=4236"}],"curies":[{"name":"wp","href":"https:\/\/api.w.org\/{rel}","templated":true}]}}