{"id":4203,"date":"2022-11-08T13:11:28","date_gmt":"2022-11-08T13:11:28","guid":{"rendered":"https:\/\/galicia.ingenierosnavales.com\/?p=4203"},"modified":"2022-11-09T10:34:03","modified_gmt":"2022-11-09T10:34:03","slug":"la-ensenanza-naval-en-ferrol-250-anos-de-historia","status":"publish","type":"post","link":"https:\/\/galicia.ingenierosnavales.com\/index.php\/2022\/11\/08\/la-ensenanza-naval-en-ferrol-250-anos-de-historia\/","title":{"rendered":"La Ense\u00f1anza Naval en Ferrol &#8211; 250 a\u00f1os de Historia"},"content":{"rendered":"<pre><strong><img loading=\"lazy\" decoding=\"async\" class=\"alignnone size-large wp-image-4207 aligncenter\" src=\"https:\/\/galicia.ingenierosnavales.com\/wp-content\/uploads\/2022\/11\/portada-1024x723.jpg\" alt=\"\" width=\"1024\" height=\"723\" srcset=\"https:\/\/galicia.ingenierosnavales.com\/wp-content\/uploads\/2022\/11\/portada-1024x723.jpg 1024w, https:\/\/galicia.ingenierosnavales.com\/wp-content\/uploads\/2022\/11\/portada-300x212.jpg 300w, https:\/\/galicia.ingenierosnavales.com\/wp-content\/uploads\/2022\/11\/portada-768x542.jpg 768w, https:\/\/galicia.ingenierosnavales.com\/wp-content\/uploads\/2022\/11\/portada.jpg 1280w\" sizes=\"auto, (max-width: 1024px) 100vw, 1024px\" \/>\r\n<a href=\"https:\/\/galicia.ingenierosnavales.com\/wp-content\/uploads\/2022\/11\/CIRCULAR-14-22.pdf\">CIRCULAR 14-22<\/a>\r\nLa Ense\u00f1anza Naval en Ferrol - 250 a\u00f1os de Historia\r\n<\/strong><\/pre>\n<pre>Este a\u00f1o celebramos los 250 a\u00f1os de los estudios de Ingenier\u00eda Naval y para conmemorar este significativo aniversario, la AINE ha organizado una serie de sesiones monogr\u00e1ficas que ya se han desarrollado en Madrid y C\u00e1diz; el pr\u00f3ximo 9 de noviembre tendr\u00e1 lugar en Cartagena y finalmente el 24 de noviembre se celebrar\u00e1 en Ferrol el <strong><em>\u201c250 aniversario de La Ense\u00f1anza Naval en Ferrol\u201d,<\/em><\/strong> <strong> en la Sala Carlos III de la EXPONAV<\/strong> a partir de las 18:30 h.\r\n\r\n<a href=\"https:\/\/galicia.ingenierosnavales.com\/wp-content\/uploads\/2022\/11\/250-Aniversario-Ensenanza-Naval-en-Ferrol.pdf\">250 Aniversario-Ense\u00f1anza Naval en Ferrol<\/a><\/pre>\n<pre>Posteriormente al evento, tendr\u00e1 lugar una copa de vino en las instalaciones de EXPONAV, a la que tambi\u00e9n est\u00e1n invitados\/as.\r\n\u00a0\r\nPara una adecuada organizaci\u00f3n, se ruega inscripci\u00f3n previa comunic\u00e1ndolo a la Delegaci\u00f3n Territorial en Galicia del Colegio Oficial de Ingenieros Navales y Oce\u00e1nicos antes del 19 de noviembre:\r\n\r\nCorreo: <a href=\"mailto:galicia@ingenierosnavales.com\" data-cke-saved-href=\"mailto:galicia@ingenierosnavales.com\">galicia@ingenierosnavales.com<\/a>\r\nTel\u00e9fono: 981 372200\r\n\r\n<\/pre>\n<pre><\/pre>\n<pre><\/pre>\n<p>&nbsp;<\/p>\n","protected":false},"excerpt":{"rendered":"<p>CIRCULAR 14-22 La Ense\u00f1anza Naval en Ferrol &#8211; 250 a\u00f1os de Historia Este a\u00f1o celebramos los 250 a\u00f1os de los estudios de Ingenier\u00eda Naval y para conmemorar este significativo aniversario, la AINE ha organizado&#46;&#46;&#46;<\/p>\n","protected":false},"author":2,"featured_media":4207,"comment_status":"open","ping_status":"open","sticky":false,"template":"","format":"standard","meta":{"om_disable_all_campaigns":false,"_monsterinsights_skip_tracking":false,"_monsterinsights_sitenote_active":false,"_monsterinsights_sitenote_note":"","_monsterinsights_sitenote_category":0,"_uf_show_specific_survey":0,"_uf_disable_surveys":false,"footnotes":""},"categories":[1],"tags":[],"class_list":["post-4203","post","type-post","status-publish","format-standard","has-post-thumbnail","hentry","category-eventos"],"aioseo_notices":[],"yoast_head":"<!-- This site is optimized with the Yoast SEO plugin v24.0 - https:\/\/yoast.com\/wordpress\/plugins\/seo\/ -->\n<title>La Ense\u00f1anza Naval en Ferrol - 250 a\u00f1os de Historia - Delegaci\u00f3n del COIN en Galicia -<\/title>\n<meta name=\"robots\" content=\"index, follow, max-snippet:-1, max-image-preview:large, max-video-preview:-1\" \/>\n<link rel=\"canonical\" href=\"https:\/\/galicia.ingenierosnavales.com\/index.php\/2022\/11\/08\/la-ensenanza-naval-en-ferrol-250-anos-de-historia\/\" \/>\n<meta property=\"og:locale\" content=\"es_ES\" \/>\n<meta property=\"og:type\" content=\"article\" \/>\n<meta property=\"og:title\" content=\"La Ense\u00f1anza Naval en Ferrol - 250 a\u00f1os de Historia - Delegaci\u00f3n del COIN en Galicia -\" \/>\n<meta property=\"og:description\" content=\"CIRCULAR 14-22 La Ense\u00f1anza Naval en Ferrol - 250 a\u00f1os de Historia Este a\u00f1o celebramos los 250 a\u00f1os de los estudios de Ingenier\u00eda Naval y para conmemorar este significativo aniversario, la AINE ha organizado&#046;&#046;&#046;\" \/>\n<meta property=\"og:url\" content=\"https:\/\/galicia.ingenierosnavales.com\/index.php\/2022\/11\/08\/la-ensenanza-naval-en-ferrol-250-anos-de-historia\/\" \/>\n<meta property=\"og:site_name\" content=\"Delegaci\u00f3n del COIN en Galicia -\" \/>\n<meta property=\"article:published_time\" content=\"2022-11-08T13:11:28+00:00\" \/>\n<meta property=\"article:modified_time\" content=\"2022-11-09T10:34:03+00:00\" \/>\n<meta property=\"og:image\" content=\"https:\/\/galicia.ingenierosnavales.com\/wp-content\/uploads\/2022\/11\/portada.jpg\" \/>\n\t<meta property=\"og:image:width\" content=\"1280\" \/>\n\t<meta property=\"og:image:height\" content=\"904\" \/>\n\t<meta property=\"og:image:type\" content=\"image\/jpeg\" \/>\n<meta name=\"author\" content=\"Delegaci\u00f3n Galicia\" \/>\n<meta name=\"twitter:card\" content=\"summary_large_image\" \/>\n<meta name=\"twitter:label1\" content=\"Escrito por\" \/>\n\t<meta name=\"twitter:data1\" content=\"Delegaci\u00f3n Galicia\" \/>\n\t<meta name=\"twitter:label2\" content=\"Tiempo de lectura\" \/>\n\t<meta name=\"twitter:data2\" content=\"1 minuto\" \/>\n<script type=\"application\/ld+json\" class=\"yoast-schema-graph\">{\"@context\":\"https:\/\/schema.org\",\"@graph\":[{\"@type\":\"Article\",\"@id\":\"https:\/\/galicia.ingenierosnavales.com\/index.php\/2022\/11\/08\/la-ensenanza-naval-en-ferrol-250-anos-de-historia\/#article\",\"isPartOf\":{\"@id\":\"https:\/\/galicia.ingenierosnavales.com\/index.php\/2022\/11\/08\/la-ensenanza-naval-en-ferrol-250-anos-de-historia\/\"},\"author\":{\"name\":\"Delegaci\u00f3n Galicia\",\"@id\":\"https:\/\/galicia.ingenierosnavales.com\/#\/schema\/person\/5b19750a916831d424f63e9271d4e51d\"},\"headline\":\"La Ense\u00f1anza Naval en Ferrol &#8211; 250 a\u00f1os de Historia\",\"datePublished\":\"2022-11-08T13:11:28+00:00\",\"dateModified\":\"2022-11-09T10:34:03+00:00\",\"mainEntityOfPage\":{\"@id\":\"https:\/\/galicia.ingenierosnavales.com\/index.php\/2022\/11\/08\/la-ensenanza-naval-en-ferrol-250-anos-de-historia\/\"},\"wordCount\":12,\"commentCount\":0,\"publisher\":{\"@id\":\"https:\/\/galicia.ingenierosnavales.com\/#organization\"},\"image\":{\"@id\":\"https:\/\/galicia.ingenierosnavales.com\/index.php\/2022\/11\/08\/la-ensenanza-naval-en-ferrol-250-anos-de-historia\/#primaryimage\"},\"thumbnailUrl\":\"https:\/\/galicia.ingenierosnavales.com\/wp-content\/uploads\/2022\/11\/portada.jpg\",\"articleSection\":[\"Eventos\"],\"inLanguage\":\"es\",\"potentialAction\":[{\"@type\":\"CommentAction\",\"name\":\"Comment\",\"target\":[\"https:\/\/galicia.ingenierosnavales.com\/index.php\/2022\/11\/08\/la-ensenanza-naval-en-ferrol-250-anos-de-historia\/#respond\"]}]},{\"@type\":\"WebPage\",\"@id\":\"https:\/\/galicia.ingenierosnavales.com\/index.php\/2022\/11\/08\/la-ensenanza-naval-en-ferrol-250-anos-de-historia\/\",\"url\":\"https:\/\/galicia.ingenierosnavales.com\/index.php\/2022\/11\/08\/la-ensenanza-naval-en-ferrol-250-anos-de-historia\/\",\"name\":\"La Ense\u00f1anza Naval en Ferrol - 250 a\u00f1os de Historia - Delegaci\u00f3n del COIN en Galicia -\",\"isPartOf\":{\"@id\":\"https:\/\/galicia.ingenierosnavales.com\/#website\"},\"primaryImageOfPage\":{\"@id\":\"https:\/\/galicia.ingenierosnavales.com\/index.php\/2022\/11\/08\/la-ensenanza-naval-en-ferrol-250-anos-de-historia\/#primaryimage\"},\"image\":{\"@id\":\"https:\/\/galicia.ingenierosnavales.com\/index.php\/2022\/11\/08\/la-ensenanza-naval-en-ferrol-250-anos-de-historia\/#primaryimage\"},\"thumbnailUrl\":\"https:\/\/galicia.ingenierosnavales.com\/wp-content\/uploads\/2022\/11\/portada.jpg\",\"datePublished\":\"2022-11-08T13:11:28+00:00\",\"dateModified\":\"2022-11-09T10:34:03+00:00\",\"breadcrumb\":{\"@id\":\"https:\/\/galicia.ingenierosnavales.com\/index.php\/2022\/11\/08\/la-ensenanza-naval-en-ferrol-250-anos-de-historia\/#breadcrumb\"},\"inLanguage\":\"es\",\"potentialAction\":[{\"@type\":\"ReadAction\",\"target\":[\"https:\/\/galicia.ingenierosnavales.com\/index.php\/2022\/11\/08\/la-ensenanza-naval-en-ferrol-250-anos-de-historia\/\"]}]},{\"@type\":\"ImageObject\",\"inLanguage\":\"es\",\"@id\":\"https:\/\/galicia.ingenierosnavales.com\/index.php\/2022\/11\/08\/la-ensenanza-naval-en-ferrol-250-anos-de-historia\/#primaryimage\",\"url\":\"https:\/\/galicia.ingenierosnavales.com\/wp-content\/uploads\/2022\/11\/portada.jpg\",\"contentUrl\":\"https:\/\/galicia.ingenierosnavales.com\/wp-content\/uploads\/2022\/11\/portada.jpg\",\"width\":1280,\"height\":904},{\"@type\":\"BreadcrumbList\",\"@id\":\"https:\/\/galicia.ingenierosnavales.com\/index.php\/2022\/11\/08\/la-ensenanza-naval-en-ferrol-250-anos-de-historia\/#breadcrumb\",\"itemListElement\":[{\"@type\":\"ListItem\",\"position\":1,\"name\":\"Home\",\"item\":\"https:\/\/galicia.ingenierosnavales.com\/\"},{\"@type\":\"ListItem\",\"position\":2,\"name\":\"La Ense\u00f1anza Naval en Ferrol &#8211; 250 a\u00f1os de Historia\"}]},{\"@type\":\"WebSite\",\"@id\":\"https:\/\/galicia.ingenierosnavales.com\/#website\",\"url\":\"https:\/\/galicia.ingenierosnavales.com\/\",\"name\":\"Delegaci\u00f3n del COIN en Galicia -\",\"description\":\"\",\"publisher\":{\"@id\":\"https:\/\/galicia.ingenierosnavales.com\/#organization\"},\"potentialAction\":[{\"@type\":\"SearchAction\",\"target\":{\"@type\":\"EntryPoint\",\"urlTemplate\":\"https:\/\/galicia.ingenierosnavales.com\/?s={search_term_string}\"},\"query-input\":{\"@type\":\"PropertyValueSpecification\",\"valueRequired\":true,\"valueName\":\"search_term_string\"}}],\"inLanguage\":\"es\"},{\"@type\":\"Organization\",\"@id\":\"https:\/\/galicia.ingenierosnavales.com\/#organization\",\"name\":\"Delegaci\u00f3n del COIN en Galicia -\",\"url\":\"https:\/\/galicia.ingenierosnavales.com\/\",\"logo\":{\"@type\":\"ImageObject\",\"inLanguage\":\"es\",\"@id\":\"https:\/\/galicia.ingenierosnavales.com\/#\/schema\/logo\/image\/\",\"url\":\"https:\/\/galicia.ingenierosnavales.com\/wp-content\/uploads\/2022\/03\/logo_2-1.png\",\"contentUrl\":\"https:\/\/galicia.ingenierosnavales.com\/wp-content\/uploads\/2022\/03\/logo_2-1.png\",\"width\":240,\"height\":94,\"caption\":\"Delegaci\u00f3n del COIN en Galicia - \"},\"image\":{\"@id\":\"https:\/\/galicia.ingenierosnavales.com\/#\/schema\/logo\/image\/\"}},{\"@type\":\"Person\",\"@id\":\"https:\/\/galicia.ingenierosnavales.com\/#\/schema\/person\/5b19750a916831d424f63e9271d4e51d\",\"name\":\"Delegaci\u00f3n Galicia\",\"image\":{\"@type\":\"ImageObject\",\"inLanguage\":\"es\",\"@id\":\"https:\/\/galicia.ingenierosnavales.com\/#\/schema\/person\/image\/\",\"url\":\"https:\/\/secure.gravatar.com\/avatar\/8ba9b1dd96c7effddd31fcf63bf8cc7f?s=96&d=mm&r=g\",\"contentUrl\":\"https:\/\/secure.gravatar.com\/avatar\/8ba9b1dd96c7effddd31fcf63bf8cc7f?s=96&d=mm&r=g\",\"caption\":\"Delegaci\u00f3n Galicia\"},\"url\":\"https:\/\/galicia.ingenierosnavales.com\/index.php\/author\/galicia\/\"}]}<\/script>\n<!-- \/ Yoast SEO plugin. -->","yoast_head_json":{"title":"La Ense\u00f1anza Naval en Ferrol - 250 a\u00f1os de Historia - Delegaci\u00f3n del COIN en Galicia -","robots":{"index":"index","follow":"follow","max-snippet":"max-snippet:-1","max-image-preview":"max-image-preview:large","max-video-preview":"max-video-preview:-1"},"canonical":"https:\/\/galicia.ingenierosnavales.com\/index.php\/2022\/11\/08\/la-ensenanza-naval-en-ferrol-250-anos-de-historia\/","og_locale":"es_ES","og_type":"article","og_title":"La Ense\u00f1anza Naval en Ferrol - 250 a\u00f1os de Historia - Delegaci\u00f3n del COIN en Galicia -","og_description":"CIRCULAR 14-22 La Ense\u00f1anza Naval en Ferrol - 250 a\u00f1os de Historia Este a\u00f1o celebramos los 250 a\u00f1os de los estudios de Ingenier\u00eda Naval y para conmemorar este significativo aniversario, la AINE ha organizado&#46;&#46;&#46;","og_url":"https:\/\/galicia.ingenierosnavales.com\/index.php\/2022\/11\/08\/la-ensenanza-naval-en-ferrol-250-anos-de-historia\/","og_site_name":"Delegaci\u00f3n del COIN en Galicia -","article_published_time":"2022-11-08T13:11:28+00:00","article_modified_time":"2022-11-09T10:34:03+00:00","og_image":[{"width":1280,"height":904,"url":"https:\/\/galicia.ingenierosnavales.com\/wp-content\/uploads\/2022\/11\/portada.jpg","type":"image\/jpeg"}],"author":"Delegaci\u00f3n Galicia","twitter_card":"summary_large_image","twitter_misc":{"Escrito por":"Delegaci\u00f3n Galicia","Tiempo de lectura":"1 minuto"},"schema":{"@context":"https:\/\/schema.org","@graph":[{"@type":"Article","@id":"https:\/\/galicia.ingenierosnavales.com\/index.php\/2022\/11\/08\/la-ensenanza-naval-en-ferrol-250-anos-de-historia\/#article","isPartOf":{"@id":"https:\/\/galicia.ingenierosnavales.com\/index.php\/2022\/11\/08\/la-ensenanza-naval-en-ferrol-250-anos-de-historia\/"},"author":{"name":"Delegaci\u00f3n Galicia","@id":"https:\/\/galicia.ingenierosnavales.com\/#\/schema\/person\/5b19750a916831d424f63e9271d4e51d"},"headline":"La Ense\u00f1anza Naval en Ferrol &#8211; 250 a\u00f1os de Historia","datePublished":"2022-11-08T13:11:28+00:00","dateModified":"2022-11-09T10:34:03+00:00","mainEntityOfPage":{"@id":"https:\/\/galicia.ingenierosnavales.com\/index.php\/2022\/11\/08\/la-ensenanza-naval-en-ferrol-250-anos-de-historia\/"},"wordCount":12,"commentCount":0,"publisher":{"@id":"https:\/\/galicia.ingenierosnavales.com\/#organization"},"image":{"@id":"https:\/\/galicia.ingenierosnavales.com\/index.php\/2022\/11\/08\/la-ensenanza-naval-en-ferrol-250-anos-de-historia\/#primaryimage"},"thumbnailUrl":"https:\/\/galicia.ingenierosnavales.com\/wp-content\/uploads\/2022\/11\/portada.jpg","articleSection":["Eventos"],"inLanguage":"es","potentialAction":[{"@type":"CommentAction","name":"Comment","target":["https:\/\/galicia.ingenierosnavales.com\/index.php\/2022\/11\/08\/la-ensenanza-naval-en-ferrol-250-anos-de-historia\/#respond"]}]},{"@type":"WebPage","@id":"https:\/\/galicia.ingenierosnavales.com\/index.php\/2022\/11\/08\/la-ensenanza-naval-en-ferrol-250-anos-de-historia\/","url":"https:\/\/galicia.ingenierosnavales.com\/index.php\/2022\/11\/08\/la-ensenanza-naval-en-ferrol-250-anos-de-historia\/","name":"La Ense\u00f1anza Naval en Ferrol - 250 a\u00f1os de Historia - Delegaci\u00f3n del COIN en Galicia -","isPartOf":{"@id":"https:\/\/galicia.ingenierosnavales.com\/#website"},"primaryImageOfPage":{"@id":"https:\/\/galicia.ingenierosnavales.com\/index.php\/2022\/11\/08\/la-ensenanza-naval-en-ferrol-250-anos-de-historia\/#primaryimage"},"image":{"@id":"https:\/\/galicia.ingenierosnavales.com\/index.php\/2022\/11\/08\/la-ensenanza-naval-en-ferrol-250-anos-de-historia\/#primaryimage"},"thumbnailUrl":"https:\/\/galicia.ingenierosnavales.com\/wp-content\/uploads\/2022\/11\/portada.jpg","datePublished":"2022-11-08T13:11:28+00:00","dateModified":"2022-11-09T10:34:03+00:00","breadcrumb":{"@id":"https:\/\/galicia.ingenierosnavales.com\/index.php\/2022\/11\/08\/la-ensenanza-naval-en-ferrol-250-anos-de-historia\/#breadcrumb"},"inLanguage":"es","potentialAction":[{"@type":"ReadAction","target":["https:\/\/galicia.ingenierosnavales.com\/index.php\/2022\/11\/08\/la-ensenanza-naval-en-ferrol-250-anos-de-historia\/"]}]},{"@type":"ImageObject","inLanguage":"es","@id":"https:\/\/galicia.ingenierosnavales.com\/index.php\/2022\/11\/08\/la-ensenanza-naval-en-ferrol-250-anos-de-historia\/#primaryimage","url":"https:\/\/galicia.ingenierosnavales.com\/wp-content\/uploads\/2022\/11\/portada.jpg","contentUrl":"https:\/\/galicia.ingenierosnavales.com\/wp-content\/uploads\/2022\/11\/portada.jpg","width":1280,"height":904},{"@type":"BreadcrumbList","@id":"https:\/\/galicia.ingenierosnavales.com\/index.php\/2022\/11\/08\/la-ensenanza-naval-en-ferrol-250-anos-de-historia\/#breadcrumb","itemListElement":[{"@type":"ListItem","position":1,"name":"Home","item":"https:\/\/galicia.ingenierosnavales.com\/"},{"@type":"ListItem","position":2,"name":"La Ense\u00f1anza Naval en Ferrol &#8211; 250 a\u00f1os de Historia"}]},{"@type":"WebSite","@id":"https:\/\/galicia.ingenierosnavales.com\/#website","url":"https:\/\/galicia.ingenierosnavales.com\/","name":"Delegaci\u00f3n del COIN en Galicia -","description":"","publisher":{"@id":"https:\/\/galicia.ingenierosnavales.com\/#organization"},"potentialAction":[{"@type":"SearchAction","target":{"@type":"EntryPoint","urlTemplate":"https:\/\/galicia.ingenierosnavales.com\/?s={search_term_string}"},"query-input":{"@type":"PropertyValueSpecification","valueRequired":true,"valueName":"search_term_string"}}],"inLanguage":"es"},{"@type":"Organization","@id":"https:\/\/galicia.ingenierosnavales.com\/#organization","name":"Delegaci\u00f3n del COIN en Galicia -","url":"https:\/\/galicia.ingenierosnavales.com\/","logo":{"@type":"ImageObject","inLanguage":"es","@id":"https:\/\/galicia.ingenierosnavales.com\/#\/schema\/logo\/image\/","url":"https:\/\/galicia.ingenierosnavales.com\/wp-content\/uploads\/2022\/03\/logo_2-1.png","contentUrl":"https:\/\/galicia.ingenierosnavales.com\/wp-content\/uploads\/2022\/03\/logo_2-1.png","width":240,"height":94,"caption":"Delegaci\u00f3n del COIN en Galicia - "},"image":{"@id":"https:\/\/galicia.ingenierosnavales.com\/#\/schema\/logo\/image\/"}},{"@type":"Person","@id":"https:\/\/galicia.ingenierosnavales.com\/#\/schema\/person\/5b19750a916831d424f63e9271d4e51d","name":"Delegaci\u00f3n Galicia","image":{"@type":"ImageObject","inLanguage":"es","@id":"https:\/\/galicia.ingenierosnavales.com\/#\/schema\/person\/image\/","url":"https:\/\/secure.gravatar.com\/avatar\/8ba9b1dd96c7effddd31fcf63bf8cc7f?s=96&d=mm&r=g","contentUrl":"https:\/\/secure.gravatar.com\/avatar\/8ba9b1dd96c7effddd31fcf63bf8cc7f?s=96&d=mm&r=g","caption":"Delegaci\u00f3n Galicia"},"url":"https:\/\/galicia.ingenierosnavales.com\/index.php\/author\/galicia\/"}]}},"_links":{"self":[{"href":"https:\/\/galicia.ingenierosnavales.com\/index.php\/wp-json\/wp\/v2\/posts\/4203","targetHints":{"allow":["GET"]}}],"collection":[{"href":"https:\/\/galicia.ingenierosnavales.com\/index.php\/wp-json\/wp\/v2\/posts"}],"about":[{"href":"https:\/\/galicia.ingenierosnavales.com\/index.php\/wp-json\/wp\/v2\/types\/post"}],"author":[{"embeddable":true,"href":"https:\/\/galicia.ingenierosnavales.com\/index.php\/wp-json\/wp\/v2\/users\/2"}],"replies":[{"embeddable":true,"href":"https:\/\/galicia.ingenierosnavales.com\/index.php\/wp-json\/wp\/v2\/comments?post=4203"}],"version-history":[{"count":4,"href":"https:\/\/galicia.ingenierosnavales.com\/index.php\/wp-json\/wp\/v2\/posts\/4203\/revisions"}],"predecessor-version":[{"id":4210,"href":"https:\/\/galicia.ingenierosnavales.com\/index.php\/wp-json\/wp\/v2\/posts\/4203\/revisions\/4210"}],"wp:featuredmedia":[{"embeddable":true,"href":"https:\/\/galicia.ingenierosnavales.com\/index.php\/wp-json\/wp\/v2\/media\/4207"}],"wp:attachment":[{"href":"https:\/\/galicia.ingenierosnavales.com\/index.php\/wp-json\/wp\/v2\/media?parent=4203"}],"wp:term":[{"taxonomy":"category","embeddable":true,"href":"https:\/\/galicia.ingenierosnavales.com\/index.php\/wp-json\/wp\/v2\/categories?post=4203"},{"taxonomy":"post_tag","embeddable":true,"href":"https:\/\/galicia.ingenierosnavales.com\/index.php\/wp-json\/wp\/v2\/tags?post=4203"}],"curies":[{"name":"wp","href":"https:\/\/api.w.org\/{rel}","templated":true}]}}