{"id":3664,"date":"2022-05-12T09:26:18","date_gmt":"2022-05-12T09:26:18","guid":{"rendered":"https:\/\/galicia.ingenierosnavales.com\/?p=3664"},"modified":"2022-05-12T09:29:06","modified_gmt":"2022-05-12T09:29:06","slug":"jornada-tecnica-en-navalia-la-transformacion-digital-en-la-vida-operativa-del-buque","status":"publish","type":"post","link":"https:\/\/galicia.ingenierosnavales.com\/index.php\/2022\/05\/12\/jornada-tecnica-en-navalia-la-transformacion-digital-en-la-vida-operativa-del-buque\/","title":{"rendered":"Jornada T\u00e9cnica En Navalia: \u00abLa Transformaci\u00f3n Digital En La Vida Operativa Del Buque\u00bb"},"content":{"rendered":"<h2 class=\"post-subtitle\" style=\"text-align: center;\">El COIN y la AINE, contar\u00e1n con presencia f\u00edsica en Navalia (Stand C39). La Asociaci\u00f3n organiza esta Jornada el 25 de mayo a las 10:00 am en el AULA PUERTO DE VIGO.<\/h2>\n<p><img loading=\"lazy\" decoding=\"async\" class=\"alignnone size-full wp-image-3665 aligncenter\" src=\"https:\/\/galicia.ingenierosnavales.com\/wp-content\/uploads\/2022\/05\/Cartel_Navalia_web.jpg\" alt=\"\" width=\"770\" height=\"441\" srcset=\"https:\/\/galicia.ingenierosnavales.com\/wp-content\/uploads\/2022\/05\/Cartel_Navalia_web.jpg 770w, https:\/\/galicia.ingenierosnavales.com\/wp-content\/uploads\/2022\/05\/Cartel_Navalia_web-300x172.jpg 300w, https:\/\/galicia.ingenierosnavales.com\/wp-content\/uploads\/2022\/05\/Cartel_Navalia_web-768x440.jpg 768w\" sizes=\"auto, (max-width: 770px) 100vw, 770px\" \/><\/p>\n<p>La Asociaci\u00f3n de Ingenieros Navales y Oce\u00e1nicos de Espa\u00f1a (AINE) celebrar\u00e1 el <strong>25 de mayo a las 10:00 h la Jornada T\u00e9cnica: \u00abLa transformaci\u00f3n digital en la vida operativa del buque\u00bb<\/strong>, dirigida a los profesionales de sector naval (armadores, astilleros, fabricantes de equipos, etc.) y en la que se analizar\u00e1 la transformaci\u00f3n digital del sector.<\/p>\n<p>A la inauguraci\u00f3n de esta Jornada asistir\u00e1n\u00a0<strong>Fernando Guldr\u00eds Iglesias,\u00a0<\/strong>director Xeral del Instituto Galego de Promoci\u00f3n Econ\u00f3mica,\u00a0<strong>Abel Caballero<\/strong>, alcalde de Vigo,<strong>\u00a0y Almudena del Pozo<\/strong>, consejera delegada de Pymar (Peque\u00f1o y Medianos Astilleros).<\/p>\n<p>A continuaci\u00f3n tendr\u00e1 lugar la mesa redonda en la que particiapr\u00e1n el director general de la Marina Mercante,\u00a0<strong>Benito N\u00fa\u00f1ez<\/strong>, el presidente de los Armadores de Pesca de Vigo,\u00a0<strong>Javier Touza,<\/strong>\u00a0el director general de Siport21,\u00a0<strong>Jos\u00e9 Ram\u00f3n Iribarren<\/strong>, el jefe del programa de la F-110 de la DGAM,\u00a0<strong>Jos\u00e9 Antonio Toro<\/strong>, y el delegado de Grimaldi en Espa\u00f1a,\u00a0<strong>Mario Massaroti<\/strong>.<\/p>\n<p>En la clausura estar\u00e1 presente el presidente de la Autoridad Portuaria de Vigo,\u00a0<strong>Jes\u00fas V\u00e1zquez Almui\u00f1a<\/strong>.<\/p>\n<p style=\"text-align: center;\"><span style=\"color: #0000ff;\"><a style=\"color: #0000ff;\" href=\"https:\/\/ingenierosnavales.com\/ven-a-la-jornada-tecnica-en-navalia-la-transformacion-digital-en-la-vida-operativa-del-buque\/\"><strong>VER PROGRAMA<\/strong><\/a><\/span><\/p>\n<p>&nbsp;<\/p>\n","protected":false},"excerpt":{"rendered":"<p>El COIN y la AINE, contar\u00e1n con presencia f\u00edsica en Navalia (Stand C39). La Asociaci\u00f3n organiza esta Jornada el 25 de mayo a las 10:00 am en el AULA PUERTO DE VIGO. La Asociaci\u00f3n&#46;&#46;&#46;<\/p>\n","protected":false},"author":2,"featured_media":3665,"comment_status":"open","ping_status":"open","sticky":false,"template":"","format":"standard","meta":{"om_disable_all_campaigns":false,"_monsterinsights_skip_tracking":false,"_monsterinsights_sitenote_active":false,"_monsterinsights_sitenote_note":"","_monsterinsights_sitenote_category":0,"_uf_show_specific_survey":0,"_uf_disable_surveys":false,"footnotes":""},"categories":[1],"tags":[],"class_list":["post-3664","post","type-post","status-publish","format-standard","has-post-thumbnail","hentry","category-eventos"],"aioseo_notices":[],"yoast_head":"<!-- This site is optimized with the Yoast SEO plugin v24.0 - https:\/\/yoast.com\/wordpress\/plugins\/seo\/ -->\n<title>Jornada T\u00e9cnica En Navalia: \u00abLa Transformaci\u00f3n Digital En La Vida Operativa Del Buque\u00bb - Delegaci\u00f3n del COIN en Galicia -<\/title>\n<meta name=\"robots\" content=\"index, follow, max-snippet:-1, max-image-preview:large, max-video-preview:-1\" \/>\n<link rel=\"canonical\" href=\"https:\/\/galicia.ingenierosnavales.com\/index.php\/2022\/05\/12\/jornada-tecnica-en-navalia-la-transformacion-digital-en-la-vida-operativa-del-buque\/\" \/>\n<meta property=\"og:locale\" content=\"es_ES\" \/>\n<meta property=\"og:type\" content=\"article\" \/>\n<meta property=\"og:title\" content=\"Jornada T\u00e9cnica En Navalia: \u00abLa Transformaci\u00f3n Digital En La Vida Operativa Del Buque\u00bb - Delegaci\u00f3n del COIN en Galicia -\" \/>\n<meta property=\"og:description\" content=\"El COIN y la AINE, contar\u00e1n con presencia f\u00edsica en Navalia (Stand C39). La Asociaci\u00f3n organiza esta Jornada el 25 de mayo a las 10:00 am en el AULA PUERTO DE VIGO. La Asociaci\u00f3n&#046;&#046;&#046;\" \/>\n<meta property=\"og:url\" content=\"https:\/\/galicia.ingenierosnavales.com\/index.php\/2022\/05\/12\/jornada-tecnica-en-navalia-la-transformacion-digital-en-la-vida-operativa-del-buque\/\" \/>\n<meta property=\"og:site_name\" content=\"Delegaci\u00f3n del COIN en Galicia -\" \/>\n<meta property=\"article:published_time\" content=\"2022-05-12T09:26:18+00:00\" \/>\n<meta property=\"article:modified_time\" content=\"2022-05-12T09:29:06+00:00\" \/>\n<meta property=\"og:image\" content=\"https:\/\/galicia.ingenierosnavales.com\/wp-content\/uploads\/2022\/05\/Cartel_Navalia_web.jpg\" \/>\n\t<meta property=\"og:image:width\" content=\"770\" \/>\n\t<meta property=\"og:image:height\" content=\"441\" \/>\n\t<meta property=\"og:image:type\" content=\"image\/jpeg\" \/>\n<meta name=\"author\" content=\"Delegaci\u00f3n Galicia\" \/>\n<meta name=\"twitter:card\" content=\"summary_large_image\" \/>\n<meta name=\"twitter:label1\" content=\"Escrito por\" \/>\n\t<meta name=\"twitter:data1\" content=\"Delegaci\u00f3n Galicia\" \/>\n\t<meta name=\"twitter:label2\" content=\"Tiempo de lectura\" \/>\n\t<meta name=\"twitter:data2\" content=\"1 minuto\" \/>\n<script type=\"application\/ld+json\" class=\"yoast-schema-graph\">{\"@context\":\"https:\/\/schema.org\",\"@graph\":[{\"@type\":\"Article\",\"@id\":\"https:\/\/galicia.ingenierosnavales.com\/index.php\/2022\/05\/12\/jornada-tecnica-en-navalia-la-transformacion-digital-en-la-vida-operativa-del-buque\/#article\",\"isPartOf\":{\"@id\":\"https:\/\/galicia.ingenierosnavales.com\/index.php\/2022\/05\/12\/jornada-tecnica-en-navalia-la-transformacion-digital-en-la-vida-operativa-del-buque\/\"},\"author\":{\"name\":\"Delegaci\u00f3n Galicia\",\"@id\":\"https:\/\/galicia.ingenierosnavales.com\/#\/schema\/person\/5b19750a916831d424f63e9271d4e51d\"},\"headline\":\"Jornada T\u00e9cnica En Navalia: \u00abLa Transformaci\u00f3n Digital En La Vida Operativa Del Buque\u00bb\",\"datePublished\":\"2022-05-12T09:26:18+00:00\",\"dateModified\":\"2022-05-12T09:29:06+00:00\",\"mainEntityOfPage\":{\"@id\":\"https:\/\/galicia.ingenierosnavales.com\/index.php\/2022\/05\/12\/jornada-tecnica-en-navalia-la-transformacion-digital-en-la-vida-operativa-del-buque\/\"},\"wordCount\":236,\"commentCount\":0,\"publisher\":{\"@id\":\"https:\/\/galicia.ingenierosnavales.com\/#organization\"},\"image\":{\"@id\":\"https:\/\/galicia.ingenierosnavales.com\/index.php\/2022\/05\/12\/jornada-tecnica-en-navalia-la-transformacion-digital-en-la-vida-operativa-del-buque\/#primaryimage\"},\"thumbnailUrl\":\"https:\/\/galicia.ingenierosnavales.com\/wp-content\/uploads\/2022\/05\/Cartel_Navalia_web.jpg\",\"articleSection\":[\"Eventos\"],\"inLanguage\":\"es\",\"potentialAction\":[{\"@type\":\"CommentAction\",\"name\":\"Comment\",\"target\":[\"https:\/\/galicia.ingenierosnavales.com\/index.php\/2022\/05\/12\/jornada-tecnica-en-navalia-la-transformacion-digital-en-la-vida-operativa-del-buque\/#respond\"]}]},{\"@type\":\"WebPage\",\"@id\":\"https:\/\/galicia.ingenierosnavales.com\/index.php\/2022\/05\/12\/jornada-tecnica-en-navalia-la-transformacion-digital-en-la-vida-operativa-del-buque\/\",\"url\":\"https:\/\/galicia.ingenierosnavales.com\/index.php\/2022\/05\/12\/jornada-tecnica-en-navalia-la-transformacion-digital-en-la-vida-operativa-del-buque\/\",\"name\":\"Jornada T\u00e9cnica En Navalia: \u00abLa Transformaci\u00f3n Digital En La Vida Operativa Del Buque\u00bb - Delegaci\u00f3n del COIN en Galicia -\",\"isPartOf\":{\"@id\":\"https:\/\/galicia.ingenierosnavales.com\/#website\"},\"primaryImageOfPage\":{\"@id\":\"https:\/\/galicia.ingenierosnavales.com\/index.php\/2022\/05\/12\/jornada-tecnica-en-navalia-la-transformacion-digital-en-la-vida-operativa-del-buque\/#primaryimage\"},\"image\":{\"@id\":\"https:\/\/galicia.ingenierosnavales.com\/index.php\/2022\/05\/12\/jornada-tecnica-en-navalia-la-transformacion-digital-en-la-vida-operativa-del-buque\/#primaryimage\"},\"thumbnailUrl\":\"https:\/\/galicia.ingenierosnavales.com\/wp-content\/uploads\/2022\/05\/Cartel_Navalia_web.jpg\",\"datePublished\":\"2022-05-12T09:26:18+00:00\",\"dateModified\":\"2022-05-12T09:29:06+00:00\",\"breadcrumb\":{\"@id\":\"https:\/\/galicia.ingenierosnavales.com\/index.php\/2022\/05\/12\/jornada-tecnica-en-navalia-la-transformacion-digital-en-la-vida-operativa-del-buque\/#breadcrumb\"},\"inLanguage\":\"es\",\"potentialAction\":[{\"@type\":\"ReadAction\",\"target\":[\"https:\/\/galicia.ingenierosnavales.com\/index.php\/2022\/05\/12\/jornada-tecnica-en-navalia-la-transformacion-digital-en-la-vida-operativa-del-buque\/\"]}]},{\"@type\":\"ImageObject\",\"inLanguage\":\"es\",\"@id\":\"https:\/\/galicia.ingenierosnavales.com\/index.php\/2022\/05\/12\/jornada-tecnica-en-navalia-la-transformacion-digital-en-la-vida-operativa-del-buque\/#primaryimage\",\"url\":\"https:\/\/galicia.ingenierosnavales.com\/wp-content\/uploads\/2022\/05\/Cartel_Navalia_web.jpg\",\"contentUrl\":\"https:\/\/galicia.ingenierosnavales.com\/wp-content\/uploads\/2022\/05\/Cartel_Navalia_web.jpg\",\"width\":770,\"height\":441},{\"@type\":\"BreadcrumbList\",\"@id\":\"https:\/\/galicia.ingenierosnavales.com\/index.php\/2022\/05\/12\/jornada-tecnica-en-navalia-la-transformacion-digital-en-la-vida-operativa-del-buque\/#breadcrumb\",\"itemListElement\":[{\"@type\":\"ListItem\",\"position\":1,\"name\":\"Home\",\"item\":\"https:\/\/galicia.ingenierosnavales.com\/\"},{\"@type\":\"ListItem\",\"position\":2,\"name\":\"Jornada T\u00e9cnica En Navalia: \u00abLa Transformaci\u00f3n Digital En La Vida Operativa Del Buque\u00bb\"}]},{\"@type\":\"WebSite\",\"@id\":\"https:\/\/galicia.ingenierosnavales.com\/#website\",\"url\":\"https:\/\/galicia.ingenierosnavales.com\/\",\"name\":\"Delegaci\u00f3n del COIN en Galicia -\",\"description\":\"\",\"publisher\":{\"@id\":\"https:\/\/galicia.ingenierosnavales.com\/#organization\"},\"potentialAction\":[{\"@type\":\"SearchAction\",\"target\":{\"@type\":\"EntryPoint\",\"urlTemplate\":\"https:\/\/galicia.ingenierosnavales.com\/?s={search_term_string}\"},\"query-input\":{\"@type\":\"PropertyValueSpecification\",\"valueRequired\":true,\"valueName\":\"search_term_string\"}}],\"inLanguage\":\"es\"},{\"@type\":\"Organization\",\"@id\":\"https:\/\/galicia.ingenierosnavales.com\/#organization\",\"name\":\"Delegaci\u00f3n del COIN en Galicia -\",\"url\":\"https:\/\/galicia.ingenierosnavales.com\/\",\"logo\":{\"@type\":\"ImageObject\",\"inLanguage\":\"es\",\"@id\":\"https:\/\/galicia.ingenierosnavales.com\/#\/schema\/logo\/image\/\",\"url\":\"https:\/\/galicia.ingenierosnavales.com\/wp-content\/uploads\/2022\/03\/logo_2-1.png\",\"contentUrl\":\"https:\/\/galicia.ingenierosnavales.com\/wp-content\/uploads\/2022\/03\/logo_2-1.png\",\"width\":240,\"height\":94,\"caption\":\"Delegaci\u00f3n del COIN en Galicia - \"},\"image\":{\"@id\":\"https:\/\/galicia.ingenierosnavales.com\/#\/schema\/logo\/image\/\"}},{\"@type\":\"Person\",\"@id\":\"https:\/\/galicia.ingenierosnavales.com\/#\/schema\/person\/5b19750a916831d424f63e9271d4e51d\",\"name\":\"Delegaci\u00f3n Galicia\",\"image\":{\"@type\":\"ImageObject\",\"inLanguage\":\"es\",\"@id\":\"https:\/\/galicia.ingenierosnavales.com\/#\/schema\/person\/image\/\",\"url\":\"https:\/\/secure.gravatar.com\/avatar\/8ba9b1dd96c7effddd31fcf63bf8cc7f?s=96&d=mm&r=g\",\"contentUrl\":\"https:\/\/secure.gravatar.com\/avatar\/8ba9b1dd96c7effddd31fcf63bf8cc7f?s=96&d=mm&r=g\",\"caption\":\"Delegaci\u00f3n Galicia\"},\"url\":\"https:\/\/galicia.ingenierosnavales.com\/index.php\/author\/galicia\/\"}]}<\/script>\n<!-- \/ Yoast SEO plugin. -->","yoast_head_json":{"title":"Jornada T\u00e9cnica En Navalia: \u00abLa Transformaci\u00f3n Digital En La Vida Operativa Del Buque\u00bb - Delegaci\u00f3n del COIN en Galicia -","robots":{"index":"index","follow":"follow","max-snippet":"max-snippet:-1","max-image-preview":"max-image-preview:large","max-video-preview":"max-video-preview:-1"},"canonical":"https:\/\/galicia.ingenierosnavales.com\/index.php\/2022\/05\/12\/jornada-tecnica-en-navalia-la-transformacion-digital-en-la-vida-operativa-del-buque\/","og_locale":"es_ES","og_type":"article","og_title":"Jornada T\u00e9cnica En Navalia: \u00abLa Transformaci\u00f3n Digital En La Vida Operativa Del Buque\u00bb - Delegaci\u00f3n del COIN en Galicia -","og_description":"El COIN y la AINE, contar\u00e1n con presencia f\u00edsica en Navalia (Stand C39). La Asociaci\u00f3n organiza esta Jornada el 25 de mayo a las 10:00 am en el AULA PUERTO DE VIGO. La Asociaci\u00f3n&#46;&#46;&#46;","og_url":"https:\/\/galicia.ingenierosnavales.com\/index.php\/2022\/05\/12\/jornada-tecnica-en-navalia-la-transformacion-digital-en-la-vida-operativa-del-buque\/","og_site_name":"Delegaci\u00f3n del COIN en Galicia -","article_published_time":"2022-05-12T09:26:18+00:00","article_modified_time":"2022-05-12T09:29:06+00:00","og_image":[{"width":770,"height":441,"url":"https:\/\/galicia.ingenierosnavales.com\/wp-content\/uploads\/2022\/05\/Cartel_Navalia_web.jpg","type":"image\/jpeg"}],"author":"Delegaci\u00f3n Galicia","twitter_card":"summary_large_image","twitter_misc":{"Escrito por":"Delegaci\u00f3n Galicia","Tiempo de lectura":"1 minuto"},"schema":{"@context":"https:\/\/schema.org","@graph":[{"@type":"Article","@id":"https:\/\/galicia.ingenierosnavales.com\/index.php\/2022\/05\/12\/jornada-tecnica-en-navalia-la-transformacion-digital-en-la-vida-operativa-del-buque\/#article","isPartOf":{"@id":"https:\/\/galicia.ingenierosnavales.com\/index.php\/2022\/05\/12\/jornada-tecnica-en-navalia-la-transformacion-digital-en-la-vida-operativa-del-buque\/"},"author":{"name":"Delegaci\u00f3n Galicia","@id":"https:\/\/galicia.ingenierosnavales.com\/#\/schema\/person\/5b19750a916831d424f63e9271d4e51d"},"headline":"Jornada T\u00e9cnica En Navalia: \u00abLa Transformaci\u00f3n Digital En La Vida Operativa Del Buque\u00bb","datePublished":"2022-05-12T09:26:18+00:00","dateModified":"2022-05-12T09:29:06+00:00","mainEntityOfPage":{"@id":"https:\/\/galicia.ingenierosnavales.com\/index.php\/2022\/05\/12\/jornada-tecnica-en-navalia-la-transformacion-digital-en-la-vida-operativa-del-buque\/"},"wordCount":236,"commentCount":0,"publisher":{"@id":"https:\/\/galicia.ingenierosnavales.com\/#organization"},"image":{"@id":"https:\/\/galicia.ingenierosnavales.com\/index.php\/2022\/05\/12\/jornada-tecnica-en-navalia-la-transformacion-digital-en-la-vida-operativa-del-buque\/#primaryimage"},"thumbnailUrl":"https:\/\/galicia.ingenierosnavales.com\/wp-content\/uploads\/2022\/05\/Cartel_Navalia_web.jpg","articleSection":["Eventos"],"inLanguage":"es","potentialAction":[{"@type":"CommentAction","name":"Comment","target":["https:\/\/galicia.ingenierosnavales.com\/index.php\/2022\/05\/12\/jornada-tecnica-en-navalia-la-transformacion-digital-en-la-vida-operativa-del-buque\/#respond"]}]},{"@type":"WebPage","@id":"https:\/\/galicia.ingenierosnavales.com\/index.php\/2022\/05\/12\/jornada-tecnica-en-navalia-la-transformacion-digital-en-la-vida-operativa-del-buque\/","url":"https:\/\/galicia.ingenierosnavales.com\/index.php\/2022\/05\/12\/jornada-tecnica-en-navalia-la-transformacion-digital-en-la-vida-operativa-del-buque\/","name":"Jornada T\u00e9cnica En Navalia: \u00abLa Transformaci\u00f3n Digital En La Vida Operativa Del Buque\u00bb - Delegaci\u00f3n del COIN en Galicia -","isPartOf":{"@id":"https:\/\/galicia.ingenierosnavales.com\/#website"},"primaryImageOfPage":{"@id":"https:\/\/galicia.ingenierosnavales.com\/index.php\/2022\/05\/12\/jornada-tecnica-en-navalia-la-transformacion-digital-en-la-vida-operativa-del-buque\/#primaryimage"},"image":{"@id":"https:\/\/galicia.ingenierosnavales.com\/index.php\/2022\/05\/12\/jornada-tecnica-en-navalia-la-transformacion-digital-en-la-vida-operativa-del-buque\/#primaryimage"},"thumbnailUrl":"https:\/\/galicia.ingenierosnavales.com\/wp-content\/uploads\/2022\/05\/Cartel_Navalia_web.jpg","datePublished":"2022-05-12T09:26:18+00:00","dateModified":"2022-05-12T09:29:06+00:00","breadcrumb":{"@id":"https:\/\/galicia.ingenierosnavales.com\/index.php\/2022\/05\/12\/jornada-tecnica-en-navalia-la-transformacion-digital-en-la-vida-operativa-del-buque\/#breadcrumb"},"inLanguage":"es","potentialAction":[{"@type":"ReadAction","target":["https:\/\/galicia.ingenierosnavales.com\/index.php\/2022\/05\/12\/jornada-tecnica-en-navalia-la-transformacion-digital-en-la-vida-operativa-del-buque\/"]}]},{"@type":"ImageObject","inLanguage":"es","@id":"https:\/\/galicia.ingenierosnavales.com\/index.php\/2022\/05\/12\/jornada-tecnica-en-navalia-la-transformacion-digital-en-la-vida-operativa-del-buque\/#primaryimage","url":"https:\/\/galicia.ingenierosnavales.com\/wp-content\/uploads\/2022\/05\/Cartel_Navalia_web.jpg","contentUrl":"https:\/\/galicia.ingenierosnavales.com\/wp-content\/uploads\/2022\/05\/Cartel_Navalia_web.jpg","width":770,"height":441},{"@type":"BreadcrumbList","@id":"https:\/\/galicia.ingenierosnavales.com\/index.php\/2022\/05\/12\/jornada-tecnica-en-navalia-la-transformacion-digital-en-la-vida-operativa-del-buque\/#breadcrumb","itemListElement":[{"@type":"ListItem","position":1,"name":"Home","item":"https:\/\/galicia.ingenierosnavales.com\/"},{"@type":"ListItem","position":2,"name":"Jornada T\u00e9cnica En Navalia: \u00abLa Transformaci\u00f3n Digital En La Vida Operativa Del Buque\u00bb"}]},{"@type":"WebSite","@id":"https:\/\/galicia.ingenierosnavales.com\/#website","url":"https:\/\/galicia.ingenierosnavales.com\/","name":"Delegaci\u00f3n del COIN en Galicia -","description":"","publisher":{"@id":"https:\/\/galicia.ingenierosnavales.com\/#organization"},"potentialAction":[{"@type":"SearchAction","target":{"@type":"EntryPoint","urlTemplate":"https:\/\/galicia.ingenierosnavales.com\/?s={search_term_string}"},"query-input":{"@type":"PropertyValueSpecification","valueRequired":true,"valueName":"search_term_string"}}],"inLanguage":"es"},{"@type":"Organization","@id":"https:\/\/galicia.ingenierosnavales.com\/#organization","name":"Delegaci\u00f3n del COIN en Galicia -","url":"https:\/\/galicia.ingenierosnavales.com\/","logo":{"@type":"ImageObject","inLanguage":"es","@id":"https:\/\/galicia.ingenierosnavales.com\/#\/schema\/logo\/image\/","url":"https:\/\/galicia.ingenierosnavales.com\/wp-content\/uploads\/2022\/03\/logo_2-1.png","contentUrl":"https:\/\/galicia.ingenierosnavales.com\/wp-content\/uploads\/2022\/03\/logo_2-1.png","width":240,"height":94,"caption":"Delegaci\u00f3n del COIN en Galicia - "},"image":{"@id":"https:\/\/galicia.ingenierosnavales.com\/#\/schema\/logo\/image\/"}},{"@type":"Person","@id":"https:\/\/galicia.ingenierosnavales.com\/#\/schema\/person\/5b19750a916831d424f63e9271d4e51d","name":"Delegaci\u00f3n Galicia","image":{"@type":"ImageObject","inLanguage":"es","@id":"https:\/\/galicia.ingenierosnavales.com\/#\/schema\/person\/image\/","url":"https:\/\/secure.gravatar.com\/avatar\/8ba9b1dd96c7effddd31fcf63bf8cc7f?s=96&d=mm&r=g","contentUrl":"https:\/\/secure.gravatar.com\/avatar\/8ba9b1dd96c7effddd31fcf63bf8cc7f?s=96&d=mm&r=g","caption":"Delegaci\u00f3n Galicia"},"url":"https:\/\/galicia.ingenierosnavales.com\/index.php\/author\/galicia\/"}]}},"_links":{"self":[{"href":"https:\/\/galicia.ingenierosnavales.com\/index.php\/wp-json\/wp\/v2\/posts\/3664","targetHints":{"allow":["GET"]}}],"collection":[{"href":"https:\/\/galicia.ingenierosnavales.com\/index.php\/wp-json\/wp\/v2\/posts"}],"about":[{"href":"https:\/\/galicia.ingenierosnavales.com\/index.php\/wp-json\/wp\/v2\/types\/post"}],"author":[{"embeddable":true,"href":"https:\/\/galicia.ingenierosnavales.com\/index.php\/wp-json\/wp\/v2\/users\/2"}],"replies":[{"embeddable":true,"href":"https:\/\/galicia.ingenierosnavales.com\/index.php\/wp-json\/wp\/v2\/comments?post=3664"}],"version-history":[{"count":4,"href":"https:\/\/galicia.ingenierosnavales.com\/index.php\/wp-json\/wp\/v2\/posts\/3664\/revisions"}],"predecessor-version":[{"id":3669,"href":"https:\/\/galicia.ingenierosnavales.com\/index.php\/wp-json\/wp\/v2\/posts\/3664\/revisions\/3669"}],"wp:featuredmedia":[{"embeddable":true,"href":"https:\/\/galicia.ingenierosnavales.com\/index.php\/wp-json\/wp\/v2\/media\/3665"}],"wp:attachment":[{"href":"https:\/\/galicia.ingenierosnavales.com\/index.php\/wp-json\/wp\/v2\/media?parent=3664"}],"wp:term":[{"taxonomy":"category","embeddable":true,"href":"https:\/\/galicia.ingenierosnavales.com\/index.php\/wp-json\/wp\/v2\/categories?post=3664"},{"taxonomy":"post_tag","embeddable":true,"href":"https:\/\/galicia.ingenierosnavales.com\/index.php\/wp-json\/wp\/v2\/tags?post=3664"}],"curies":[{"name":"wp","href":"https:\/\/api.w.org\/{rel}","templated":true}]}}