{"id":3497,"date":"2022-04-06T09:21:13","date_gmt":"2022-04-06T09:21:13","guid":{"rendered":"https:\/\/galicia.ingenierosnavales.com\/?p=3497"},"modified":"2022-04-06T09:22:43","modified_gmt":"2022-04-06T09:22:43","slug":"la-verdadera-historia-del-viaje-de-elcano-y-desembarcaron-en-el-puerto-llamado-sant-lucaren","status":"publish","type":"post","link":"https:\/\/galicia.ingenierosnavales.com\/index.php\/2022\/04\/06\/la-verdadera-historia-del-viaje-de-elcano-y-desembarcaron-en-el-puerto-llamado-sant-lucaren\/","title":{"rendered":"\u00abLa Verdadera Historia del Viaje de Elcano\u00bb &#8211; Y Desembarcaron en el Puerto Llamado Sant Lucaren &#8230;."},"content":{"rendered":"<p><a href=\"https:\/\/galicia.ingenierosnavales.com\/wp-content\/uploads\/2022\/04\/91o-FECHA-3-ABRIL-Y-desembarcaron-en-el-puerto-llamado-de-Sant-Lucaren-dieciocho-hombres-hambrientos-y-cubiertos-de-harapos.pdf\"><img loading=\"lazy\" decoding=\"async\" class=\"wp-image-3304 aligncenter\" src=\"https:\/\/galicia.ingenierosnavales.com\/wp-content\/uploads\/2022\/03\/Magallanes-frente-a-Elcano-724x1024.jpg\" alt=\"\" width=\"341\" height=\"484\" \/><\/a><\/p>\n<p class=\"xmsonormal\"><span style=\"font-size: 12.0pt; color: black;\">Seguimos con el viaje de Juan Sebasti\u00e1n de Elcano, la Victoria ya ha atracado en el muelle de las muelas de\u00a0 Sevilla y se procede a la descarga.<\/span><\/p>\n<p class=\"xmsonormal\"><span style=\"font-size: 12.0pt; color: black;\">Los 18 tripulantes que han sobrevivido ten\u00edan una promesa, acudir descalzos y con velas en la mano a postrarse ante Nuestra Se\u00f1ora de la Victoria (Patrona de M\u00e1laga) cuyo imagen est\u00e1 en el convento de los M\u00ednimos del barrio de Triana.<\/span><\/p>\n<p class=\"xmsonormal\"><span style=\"font-size: 12.0pt; color: black;\">Comienza la descarga de la nao y vamos a leer el acta de descarga y mi consideraci\u00f3n a la misma.<\/span><\/p>\n<p class=\"xmsonormal\"><span style=\"font-size: 12.0pt; color: black;\">Mas tarde se vender\u00e1 la nao en p\u00fablica subasta.<\/span><\/p>\n<p class=\"xmsonormal\"><span style=\"font-size: 12.0pt; color: black;\">Tambi\u00e9n conoceremos la Cedula de Perd\u00f3n de Carlos I hacia Elcano por la orden de b\u00fasqueda y c\u00e1rcel, que pend\u00eda sobre \u00e9l.\u00a0<\/span><\/p>\n<p class=\"xmsonormal\"><span style=\"font-size: 12.0pt; color: black;\">El c\u00ednico argumento del emperador y la humillaci\u00f3n de Elcano.<\/span><\/p>\n<p class=\"xmsonormal\"><span style=\"font-size: 12.0pt; color: black;\">Ya vamos conociendo mas las diferentes personalidades de nuestros protagonistas<\/span><\/p>\n<p class=\"xmsonormal\"><span style=\"font-size: 12.0pt; color: black;\">Este libro ha querido ser eso una interpretaci\u00f3n, de los hechos y un an\u00e1lisis de las personalidades de sus protagonistas, exposici\u00f3n de documentos desconocidos, etc.<\/span><\/p>\n<p style=\"text-align: center;\"><a href=\"https:\/\/galicia.ingenierosnavales.com\/wp-content\/uploads\/2022\/04\/91o-FECHA-3-ABRIL-Y-desembarcaron-en-el-puerto-llamado-de-Sant-Lucaren-dieciocho-hombres-hambrientos-y-cubiertos-de-harapos.pdf\">(9)1\u00ba FECHA 3 ABRIL Y desembarcaron en el puerto llamado de Sant Lucaren dieciocho hombres hambrientos y cubiertos de harapos<\/a><\/p>\n<p class=\"xmsonormal\"><span style=\"font-size: 12.0pt; color: black;\">\u00a0<\/span><span style=\"font-size: 12.0pt; color: black;\">Buena lectura y un afectuoso saludo.<\/span><\/p>\n<p class=\"xmsonormal\"><span style=\"font-size: 12.0pt; color: black;\">Estoy a disposici\u00f3n de quien quiera comentar cualquier circunstancia de esta gesta.<\/span><\/p>\n<p class=\"xmsonormal\"><span style=\"font-size: 12.0pt; color: black;\"><a href=\"mailto:laucirica@outlook.es\">laucirica@outlook.es<\/a> &#8212; Sabino Laucirica<\/span><\/p>\n","protected":false},"excerpt":{"rendered":"<p>Seguimos con el viaje de Juan Sebasti\u00e1n de Elcano, la Victoria ya ha atracado en el muelle de las muelas de\u00a0 Sevilla y se procede a la descarga. Los 18 tripulantes que han sobrevivido&#46;&#46;&#46;<\/p>\n","protected":false},"author":2,"featured_media":3064,"comment_status":"open","ping_status":"open","sticky":false,"template":"","format":"standard","meta":{"om_disable_all_campaigns":false,"_monsterinsights_skip_tracking":false,"_monsterinsights_sitenote_active":false,"_monsterinsights_sitenote_note":"","_monsterinsights_sitenote_category":0,"_uf_show_specific_survey":0,"_uf_disable_surveys":false,"footnotes":""},"categories":[1,3],"tags":[],"class_list":["post-3497","post","type-post","status-publish","format-standard","has-post-thumbnail","hentry","category-eventos","category-noticias-gl-es"],"aioseo_notices":[],"yoast_head":"<!-- This site is optimized with the Yoast SEO plugin v24.0 - https:\/\/yoast.com\/wordpress\/plugins\/seo\/ -->\n<title>&quot;La Verdadera Historia del Viaje de Elcano&quot; - Y Desembarcaron en el Puerto Llamado Sant Lucaren .... - Delegaci\u00f3n del COIN en Galicia -<\/title>\n<meta name=\"robots\" content=\"index, follow, max-snippet:-1, max-image-preview:large, max-video-preview:-1\" \/>\n<link rel=\"canonical\" href=\"https:\/\/galicia.ingenierosnavales.com\/index.php\/2022\/04\/06\/la-verdadera-historia-del-viaje-de-elcano-y-desembarcaron-en-el-puerto-llamado-sant-lucaren\/\" \/>\n<meta property=\"og:locale\" content=\"es_ES\" \/>\n<meta property=\"og:type\" content=\"article\" \/>\n<meta property=\"og:title\" content=\"&quot;La Verdadera Historia del Viaje de Elcano&quot; - Y Desembarcaron en el Puerto Llamado Sant Lucaren .... - Delegaci\u00f3n del COIN en Galicia -\" \/>\n<meta property=\"og:description\" content=\"Seguimos con el viaje de Juan Sebasti\u00e1n de Elcano, la Victoria ya ha atracado en el muelle de las muelas de\u00a0 Sevilla y se procede a la descarga. Los 18 tripulantes que han sobrevivido&#046;&#046;&#046;\" \/>\n<meta property=\"og:url\" content=\"https:\/\/galicia.ingenierosnavales.com\/index.php\/2022\/04\/06\/la-verdadera-historia-del-viaje-de-elcano-y-desembarcaron-en-el-puerto-llamado-sant-lucaren\/\" \/>\n<meta property=\"og:site_name\" content=\"Delegaci\u00f3n del COIN en Galicia -\" \/>\n<meta property=\"article:published_time\" content=\"2022-04-06T09:21:13+00:00\" \/>\n<meta property=\"article:modified_time\" content=\"2022-04-06T09:22:43+00:00\" \/>\n<meta property=\"og:image\" content=\"https:\/\/galicia.ingenierosnavales.com\/wp-content\/uploads\/2022\/01\/VIAJE-DE-ELCANO.jpg\" \/>\n\t<meta property=\"og:image:width\" content=\"512\" \/>\n\t<meta property=\"og:image:height\" content=\"496\" \/>\n\t<meta property=\"og:image:type\" content=\"image\/jpeg\" \/>\n<meta name=\"author\" content=\"Delegaci\u00f3n Galicia\" \/>\n<meta name=\"twitter:card\" content=\"summary_large_image\" \/>\n<meta name=\"twitter:label1\" content=\"Escrito por\" \/>\n\t<meta name=\"twitter:data1\" content=\"Delegaci\u00f3n Galicia\" \/>\n\t<meta name=\"twitter:label2\" content=\"Tiempo de lectura\" \/>\n\t<meta name=\"twitter:data2\" content=\"1 minuto\" \/>\n<script type=\"application\/ld+json\" class=\"yoast-schema-graph\">{\"@context\":\"https:\/\/schema.org\",\"@graph\":[{\"@type\":\"Article\",\"@id\":\"https:\/\/galicia.ingenierosnavales.com\/index.php\/2022\/04\/06\/la-verdadera-historia-del-viaje-de-elcano-y-desembarcaron-en-el-puerto-llamado-sant-lucaren\/#article\",\"isPartOf\":{\"@id\":\"https:\/\/galicia.ingenierosnavales.com\/index.php\/2022\/04\/06\/la-verdadera-historia-del-viaje-de-elcano-y-desembarcaron-en-el-puerto-llamado-sant-lucaren\/\"},\"author\":{\"name\":\"Delegaci\u00f3n Galicia\",\"@id\":\"https:\/\/galicia.ingenierosnavales.com\/#\/schema\/person\/5b19750a916831d424f63e9271d4e51d\"},\"headline\":\"\u00abLa Verdadera Historia del Viaje de Elcano\u00bb &#8211; Y Desembarcaron en el Puerto Llamado Sant Lucaren &#8230;.\",\"datePublished\":\"2022-04-06T09:21:13+00:00\",\"dateModified\":\"2022-04-06T09:22:43+00:00\",\"mainEntityOfPage\":{\"@id\":\"https:\/\/galicia.ingenierosnavales.com\/index.php\/2022\/04\/06\/la-verdadera-historia-del-viaje-de-elcano-y-desembarcaron-en-el-puerto-llamado-sant-lucaren\/\"},\"wordCount\":240,\"commentCount\":0,\"publisher\":{\"@id\":\"https:\/\/galicia.ingenierosnavales.com\/#organization\"},\"image\":{\"@id\":\"https:\/\/galicia.ingenierosnavales.com\/index.php\/2022\/04\/06\/la-verdadera-historia-del-viaje-de-elcano-y-desembarcaron-en-el-puerto-llamado-sant-lucaren\/#primaryimage\"},\"thumbnailUrl\":\"https:\/\/galicia.ingenierosnavales.com\/wp-content\/uploads\/2022\/01\/VIAJE-DE-ELCANO.jpg\",\"articleSection\":[\"Eventos\",\"Noticias\"],\"inLanguage\":\"es\",\"potentialAction\":[{\"@type\":\"CommentAction\",\"name\":\"Comment\",\"target\":[\"https:\/\/galicia.ingenierosnavales.com\/index.php\/2022\/04\/06\/la-verdadera-historia-del-viaje-de-elcano-y-desembarcaron-en-el-puerto-llamado-sant-lucaren\/#respond\"]}]},{\"@type\":\"WebPage\",\"@id\":\"https:\/\/galicia.ingenierosnavales.com\/index.php\/2022\/04\/06\/la-verdadera-historia-del-viaje-de-elcano-y-desembarcaron-en-el-puerto-llamado-sant-lucaren\/\",\"url\":\"https:\/\/galicia.ingenierosnavales.com\/index.php\/2022\/04\/06\/la-verdadera-historia-del-viaje-de-elcano-y-desembarcaron-en-el-puerto-llamado-sant-lucaren\/\",\"name\":\"\\\"La Verdadera Historia del Viaje de Elcano\\\" - Y Desembarcaron en el Puerto Llamado Sant Lucaren .... - Delegaci\u00f3n del COIN en Galicia -\",\"isPartOf\":{\"@id\":\"https:\/\/galicia.ingenierosnavales.com\/#website\"},\"primaryImageOfPage\":{\"@id\":\"https:\/\/galicia.ingenierosnavales.com\/index.php\/2022\/04\/06\/la-verdadera-historia-del-viaje-de-elcano-y-desembarcaron-en-el-puerto-llamado-sant-lucaren\/#primaryimage\"},\"image\":{\"@id\":\"https:\/\/galicia.ingenierosnavales.com\/index.php\/2022\/04\/06\/la-verdadera-historia-del-viaje-de-elcano-y-desembarcaron-en-el-puerto-llamado-sant-lucaren\/#primaryimage\"},\"thumbnailUrl\":\"https:\/\/galicia.ingenierosnavales.com\/wp-content\/uploads\/2022\/01\/VIAJE-DE-ELCANO.jpg\",\"datePublished\":\"2022-04-06T09:21:13+00:00\",\"dateModified\":\"2022-04-06T09:22:43+00:00\",\"breadcrumb\":{\"@id\":\"https:\/\/galicia.ingenierosnavales.com\/index.php\/2022\/04\/06\/la-verdadera-historia-del-viaje-de-elcano-y-desembarcaron-en-el-puerto-llamado-sant-lucaren\/#breadcrumb\"},\"inLanguage\":\"es\",\"potentialAction\":[{\"@type\":\"ReadAction\",\"target\":[\"https:\/\/galicia.ingenierosnavales.com\/index.php\/2022\/04\/06\/la-verdadera-historia-del-viaje-de-elcano-y-desembarcaron-en-el-puerto-llamado-sant-lucaren\/\"]}]},{\"@type\":\"ImageObject\",\"inLanguage\":\"es\",\"@id\":\"https:\/\/galicia.ingenierosnavales.com\/index.php\/2022\/04\/06\/la-verdadera-historia-del-viaje-de-elcano-y-desembarcaron-en-el-puerto-llamado-sant-lucaren\/#primaryimage\",\"url\":\"https:\/\/galicia.ingenierosnavales.com\/wp-content\/uploads\/2022\/01\/VIAJE-DE-ELCANO.jpg\",\"contentUrl\":\"https:\/\/galicia.ingenierosnavales.com\/wp-content\/uploads\/2022\/01\/VIAJE-DE-ELCANO.jpg\",\"width\":512,\"height\":496},{\"@type\":\"BreadcrumbList\",\"@id\":\"https:\/\/galicia.ingenierosnavales.com\/index.php\/2022\/04\/06\/la-verdadera-historia-del-viaje-de-elcano-y-desembarcaron-en-el-puerto-llamado-sant-lucaren\/#breadcrumb\",\"itemListElement\":[{\"@type\":\"ListItem\",\"position\":1,\"name\":\"Home\",\"item\":\"https:\/\/galicia.ingenierosnavales.com\/\"},{\"@type\":\"ListItem\",\"position\":2,\"name\":\"\u00abLa Verdadera Historia del Viaje de Elcano\u00bb &#8211; Y Desembarcaron en el Puerto Llamado Sant Lucaren &#8230;.\"}]},{\"@type\":\"WebSite\",\"@id\":\"https:\/\/galicia.ingenierosnavales.com\/#website\",\"url\":\"https:\/\/galicia.ingenierosnavales.com\/\",\"name\":\"Delegaci\u00f3n del COIN en Galicia -\",\"description\":\"\",\"publisher\":{\"@id\":\"https:\/\/galicia.ingenierosnavales.com\/#organization\"},\"potentialAction\":[{\"@type\":\"SearchAction\",\"target\":{\"@type\":\"EntryPoint\",\"urlTemplate\":\"https:\/\/galicia.ingenierosnavales.com\/?s={search_term_string}\"},\"query-input\":{\"@type\":\"PropertyValueSpecification\",\"valueRequired\":true,\"valueName\":\"search_term_string\"}}],\"inLanguage\":\"es\"},{\"@type\":\"Organization\",\"@id\":\"https:\/\/galicia.ingenierosnavales.com\/#organization\",\"name\":\"Delegaci\u00f3n del COIN en Galicia -\",\"url\":\"https:\/\/galicia.ingenierosnavales.com\/\",\"logo\":{\"@type\":\"ImageObject\",\"inLanguage\":\"es\",\"@id\":\"https:\/\/galicia.ingenierosnavales.com\/#\/schema\/logo\/image\/\",\"url\":\"https:\/\/galicia.ingenierosnavales.com\/wp-content\/uploads\/2022\/03\/logo_2-1.png\",\"contentUrl\":\"https:\/\/galicia.ingenierosnavales.com\/wp-content\/uploads\/2022\/03\/logo_2-1.png\",\"width\":240,\"height\":94,\"caption\":\"Delegaci\u00f3n del COIN en Galicia - \"},\"image\":{\"@id\":\"https:\/\/galicia.ingenierosnavales.com\/#\/schema\/logo\/image\/\"}},{\"@type\":\"Person\",\"@id\":\"https:\/\/galicia.ingenierosnavales.com\/#\/schema\/person\/5b19750a916831d424f63e9271d4e51d\",\"name\":\"Delegaci\u00f3n Galicia\",\"image\":{\"@type\":\"ImageObject\",\"inLanguage\":\"es\",\"@id\":\"https:\/\/galicia.ingenierosnavales.com\/#\/schema\/person\/image\/\",\"url\":\"https:\/\/secure.gravatar.com\/avatar\/8ba9b1dd96c7effddd31fcf63bf8cc7f?s=96&d=mm&r=g\",\"contentUrl\":\"https:\/\/secure.gravatar.com\/avatar\/8ba9b1dd96c7effddd31fcf63bf8cc7f?s=96&d=mm&r=g\",\"caption\":\"Delegaci\u00f3n Galicia\"},\"url\":\"https:\/\/galicia.ingenierosnavales.com\/index.php\/author\/galicia\/\"}]}<\/script>\n<!-- \/ Yoast SEO plugin. -->","yoast_head_json":{"title":"\"La Verdadera Historia del Viaje de Elcano\" - Y Desembarcaron en el Puerto Llamado Sant Lucaren .... - Delegaci\u00f3n del COIN en Galicia -","robots":{"index":"index","follow":"follow","max-snippet":"max-snippet:-1","max-image-preview":"max-image-preview:large","max-video-preview":"max-video-preview:-1"},"canonical":"https:\/\/galicia.ingenierosnavales.com\/index.php\/2022\/04\/06\/la-verdadera-historia-del-viaje-de-elcano-y-desembarcaron-en-el-puerto-llamado-sant-lucaren\/","og_locale":"es_ES","og_type":"article","og_title":"\"La Verdadera Historia del Viaje de Elcano\" - Y Desembarcaron en el Puerto Llamado Sant Lucaren .... - Delegaci\u00f3n del COIN en Galicia -","og_description":"Seguimos con el viaje de Juan Sebasti\u00e1n de Elcano, la Victoria ya ha atracado en el muelle de las muelas de\u00a0 Sevilla y se procede a la descarga. Los 18 tripulantes que han sobrevivido&#46;&#46;&#46;","og_url":"https:\/\/galicia.ingenierosnavales.com\/index.php\/2022\/04\/06\/la-verdadera-historia-del-viaje-de-elcano-y-desembarcaron-en-el-puerto-llamado-sant-lucaren\/","og_site_name":"Delegaci\u00f3n del COIN en Galicia -","article_published_time":"2022-04-06T09:21:13+00:00","article_modified_time":"2022-04-06T09:22:43+00:00","og_image":[{"width":512,"height":496,"url":"https:\/\/galicia.ingenierosnavales.com\/wp-content\/uploads\/2022\/01\/VIAJE-DE-ELCANO.jpg","type":"image\/jpeg"}],"author":"Delegaci\u00f3n Galicia","twitter_card":"summary_large_image","twitter_misc":{"Escrito por":"Delegaci\u00f3n Galicia","Tiempo de lectura":"1 minuto"},"schema":{"@context":"https:\/\/schema.org","@graph":[{"@type":"Article","@id":"https:\/\/galicia.ingenierosnavales.com\/index.php\/2022\/04\/06\/la-verdadera-historia-del-viaje-de-elcano-y-desembarcaron-en-el-puerto-llamado-sant-lucaren\/#article","isPartOf":{"@id":"https:\/\/galicia.ingenierosnavales.com\/index.php\/2022\/04\/06\/la-verdadera-historia-del-viaje-de-elcano-y-desembarcaron-en-el-puerto-llamado-sant-lucaren\/"},"author":{"name":"Delegaci\u00f3n Galicia","@id":"https:\/\/galicia.ingenierosnavales.com\/#\/schema\/person\/5b19750a916831d424f63e9271d4e51d"},"headline":"\u00abLa Verdadera Historia del Viaje de Elcano\u00bb &#8211; Y Desembarcaron en el Puerto Llamado Sant Lucaren &#8230;.","datePublished":"2022-04-06T09:21:13+00:00","dateModified":"2022-04-06T09:22:43+00:00","mainEntityOfPage":{"@id":"https:\/\/galicia.ingenierosnavales.com\/index.php\/2022\/04\/06\/la-verdadera-historia-del-viaje-de-elcano-y-desembarcaron-en-el-puerto-llamado-sant-lucaren\/"},"wordCount":240,"commentCount":0,"publisher":{"@id":"https:\/\/galicia.ingenierosnavales.com\/#organization"},"image":{"@id":"https:\/\/galicia.ingenierosnavales.com\/index.php\/2022\/04\/06\/la-verdadera-historia-del-viaje-de-elcano-y-desembarcaron-en-el-puerto-llamado-sant-lucaren\/#primaryimage"},"thumbnailUrl":"https:\/\/galicia.ingenierosnavales.com\/wp-content\/uploads\/2022\/01\/VIAJE-DE-ELCANO.jpg","articleSection":["Eventos","Noticias"],"inLanguage":"es","potentialAction":[{"@type":"CommentAction","name":"Comment","target":["https:\/\/galicia.ingenierosnavales.com\/index.php\/2022\/04\/06\/la-verdadera-historia-del-viaje-de-elcano-y-desembarcaron-en-el-puerto-llamado-sant-lucaren\/#respond"]}]},{"@type":"WebPage","@id":"https:\/\/galicia.ingenierosnavales.com\/index.php\/2022\/04\/06\/la-verdadera-historia-del-viaje-de-elcano-y-desembarcaron-en-el-puerto-llamado-sant-lucaren\/","url":"https:\/\/galicia.ingenierosnavales.com\/index.php\/2022\/04\/06\/la-verdadera-historia-del-viaje-de-elcano-y-desembarcaron-en-el-puerto-llamado-sant-lucaren\/","name":"\"La Verdadera Historia del Viaje de Elcano\" - Y Desembarcaron en el Puerto Llamado Sant Lucaren .... - Delegaci\u00f3n del COIN en Galicia -","isPartOf":{"@id":"https:\/\/galicia.ingenierosnavales.com\/#website"},"primaryImageOfPage":{"@id":"https:\/\/galicia.ingenierosnavales.com\/index.php\/2022\/04\/06\/la-verdadera-historia-del-viaje-de-elcano-y-desembarcaron-en-el-puerto-llamado-sant-lucaren\/#primaryimage"},"image":{"@id":"https:\/\/galicia.ingenierosnavales.com\/index.php\/2022\/04\/06\/la-verdadera-historia-del-viaje-de-elcano-y-desembarcaron-en-el-puerto-llamado-sant-lucaren\/#primaryimage"},"thumbnailUrl":"https:\/\/galicia.ingenierosnavales.com\/wp-content\/uploads\/2022\/01\/VIAJE-DE-ELCANO.jpg","datePublished":"2022-04-06T09:21:13+00:00","dateModified":"2022-04-06T09:22:43+00:00","breadcrumb":{"@id":"https:\/\/galicia.ingenierosnavales.com\/index.php\/2022\/04\/06\/la-verdadera-historia-del-viaje-de-elcano-y-desembarcaron-en-el-puerto-llamado-sant-lucaren\/#breadcrumb"},"inLanguage":"es","potentialAction":[{"@type":"ReadAction","target":["https:\/\/galicia.ingenierosnavales.com\/index.php\/2022\/04\/06\/la-verdadera-historia-del-viaje-de-elcano-y-desembarcaron-en-el-puerto-llamado-sant-lucaren\/"]}]},{"@type":"ImageObject","inLanguage":"es","@id":"https:\/\/galicia.ingenierosnavales.com\/index.php\/2022\/04\/06\/la-verdadera-historia-del-viaje-de-elcano-y-desembarcaron-en-el-puerto-llamado-sant-lucaren\/#primaryimage","url":"https:\/\/galicia.ingenierosnavales.com\/wp-content\/uploads\/2022\/01\/VIAJE-DE-ELCANO.jpg","contentUrl":"https:\/\/galicia.ingenierosnavales.com\/wp-content\/uploads\/2022\/01\/VIAJE-DE-ELCANO.jpg","width":512,"height":496},{"@type":"BreadcrumbList","@id":"https:\/\/galicia.ingenierosnavales.com\/index.php\/2022\/04\/06\/la-verdadera-historia-del-viaje-de-elcano-y-desembarcaron-en-el-puerto-llamado-sant-lucaren\/#breadcrumb","itemListElement":[{"@type":"ListItem","position":1,"name":"Home","item":"https:\/\/galicia.ingenierosnavales.com\/"},{"@type":"ListItem","position":2,"name":"\u00abLa Verdadera Historia del Viaje de Elcano\u00bb &#8211; Y Desembarcaron en el Puerto Llamado Sant Lucaren &#8230;."}]},{"@type":"WebSite","@id":"https:\/\/galicia.ingenierosnavales.com\/#website","url":"https:\/\/galicia.ingenierosnavales.com\/","name":"Delegaci\u00f3n del COIN en Galicia -","description":"","publisher":{"@id":"https:\/\/galicia.ingenierosnavales.com\/#organization"},"potentialAction":[{"@type":"SearchAction","target":{"@type":"EntryPoint","urlTemplate":"https:\/\/galicia.ingenierosnavales.com\/?s={search_term_string}"},"query-input":{"@type":"PropertyValueSpecification","valueRequired":true,"valueName":"search_term_string"}}],"inLanguage":"es"},{"@type":"Organization","@id":"https:\/\/galicia.ingenierosnavales.com\/#organization","name":"Delegaci\u00f3n del COIN en Galicia -","url":"https:\/\/galicia.ingenierosnavales.com\/","logo":{"@type":"ImageObject","inLanguage":"es","@id":"https:\/\/galicia.ingenierosnavales.com\/#\/schema\/logo\/image\/","url":"https:\/\/galicia.ingenierosnavales.com\/wp-content\/uploads\/2022\/03\/logo_2-1.png","contentUrl":"https:\/\/galicia.ingenierosnavales.com\/wp-content\/uploads\/2022\/03\/logo_2-1.png","width":240,"height":94,"caption":"Delegaci\u00f3n del COIN en Galicia - "},"image":{"@id":"https:\/\/galicia.ingenierosnavales.com\/#\/schema\/logo\/image\/"}},{"@type":"Person","@id":"https:\/\/galicia.ingenierosnavales.com\/#\/schema\/person\/5b19750a916831d424f63e9271d4e51d","name":"Delegaci\u00f3n Galicia","image":{"@type":"ImageObject","inLanguage":"es","@id":"https:\/\/galicia.ingenierosnavales.com\/#\/schema\/person\/image\/","url":"https:\/\/secure.gravatar.com\/avatar\/8ba9b1dd96c7effddd31fcf63bf8cc7f?s=96&d=mm&r=g","contentUrl":"https:\/\/secure.gravatar.com\/avatar\/8ba9b1dd96c7effddd31fcf63bf8cc7f?s=96&d=mm&r=g","caption":"Delegaci\u00f3n Galicia"},"url":"https:\/\/galicia.ingenierosnavales.com\/index.php\/author\/galicia\/"}]}},"_links":{"self":[{"href":"https:\/\/galicia.ingenierosnavales.com\/index.php\/wp-json\/wp\/v2\/posts\/3497","targetHints":{"allow":["GET"]}}],"collection":[{"href":"https:\/\/galicia.ingenierosnavales.com\/index.php\/wp-json\/wp\/v2\/posts"}],"about":[{"href":"https:\/\/galicia.ingenierosnavales.com\/index.php\/wp-json\/wp\/v2\/types\/post"}],"author":[{"embeddable":true,"href":"https:\/\/galicia.ingenierosnavales.com\/index.php\/wp-json\/wp\/v2\/users\/2"}],"replies":[{"embeddable":true,"href":"https:\/\/galicia.ingenierosnavales.com\/index.php\/wp-json\/wp\/v2\/comments?post=3497"}],"version-history":[{"count":4,"href":"https:\/\/galicia.ingenierosnavales.com\/index.php\/wp-json\/wp\/v2\/posts\/3497\/revisions"}],"predecessor-version":[{"id":3504,"href":"https:\/\/galicia.ingenierosnavales.com\/index.php\/wp-json\/wp\/v2\/posts\/3497\/revisions\/3504"}],"wp:featuredmedia":[{"embeddable":true,"href":"https:\/\/galicia.ingenierosnavales.com\/index.php\/wp-json\/wp\/v2\/media\/3064"}],"wp:attachment":[{"href":"https:\/\/galicia.ingenierosnavales.com\/index.php\/wp-json\/wp\/v2\/media?parent=3497"}],"wp:term":[{"taxonomy":"category","embeddable":true,"href":"https:\/\/galicia.ingenierosnavales.com\/index.php\/wp-json\/wp\/v2\/categories?post=3497"},{"taxonomy":"post_tag","embeddable":true,"href":"https:\/\/galicia.ingenierosnavales.com\/index.php\/wp-json\/wp\/v2\/tags?post=3497"}],"curies":[{"name":"wp","href":"https:\/\/api.w.org\/{rel}","templated":true}]}}