{"id":3193,"date":"2022-02-15T13:13:03","date_gmt":"2022-02-15T13:13:03","guid":{"rendered":"https:\/\/galicia.ingenierosnavales.com\/?p=3193"},"modified":"2022-02-25T08:56:01","modified_gmt":"2022-02-25T08:56:01","slug":"la-verdadera-historia-del-viaje-de-el-cano-capitulo-4-preparativos-de-la-expedicion","status":"publish","type":"post","link":"https:\/\/galicia.ingenierosnavales.com\/index.php\/2022\/02\/15\/la-verdadera-historia-del-viaje-de-el-cano-capitulo-4-preparativos-de-la-expedicion\/","title":{"rendered":"\u00abLa Verdadera Historia del Viaje de Elcano\u00bb- Cap\u00edtulo 4.- Preparativos de la expedici\u00f3n"},"content":{"rendered":"<p><img loading=\"lazy\" decoding=\"async\" class=\"alignnone size-full wp-image-3069 aligncenter\" src=\"https:\/\/galicia.ingenierosnavales.com\/wp-content\/uploads\/2022\/01\/vuelta-al-mundo-de-magallanes-y-elcano.jpg\" alt=\"\" width=\"349\" height=\"238\" srcset=\"https:\/\/galicia.ingenierosnavales.com\/wp-content\/uploads\/2022\/01\/vuelta-al-mundo-de-magallanes-y-elcano.jpg 349w, https:\/\/galicia.ingenierosnavales.com\/wp-content\/uploads\/2022\/01\/vuelta-al-mundo-de-magallanes-y-elcano-300x205.jpg 300w\" sizes=\"auto, (max-width: 349px) 100vw, 349px\" \/><\/p>\n<p>En cap\u00edtulos anteriores hemos visto c\u00f3mo el Emperador Carlos I acepta las condiciones de Fernando Magallanes y se plasma el contrato en las llamadas Capitulaciones de Valladolid.<\/p>\n<p>Hemos visto que pronto se notan las primeras discrepancias entre los nobles castellanos por el proyecto por dar un excesivo protagonismo a los portugueses. El Obispo Fonseca, asesor para los Asuntos de Indias del Emperador y Vicepresidente del Consejo de Indias, hace nombrar a su sobrino Juan de Cartagena como Veedor Real y colocarlo a la misma altura de Magallanes, aunque sea este el que ejerza como Capit\u00e1n General, poro en las Reales Instrucciones se indican que las \u00f3rdenes del capit\u00e1n general deben de ser puestas en conocimiento de Juan de Cartagena, as\u00ed como la ruta y el motivo de las escalas.<\/p>\n<p>El mismo Juan de Cartagena har\u00e1 las funciones de reclutador. Se empiezan a ver los primeros recelos, pero se prepara el viaje en Sevilla. Se armar\u00e1n cinco naos y 234 tripulantes.<\/p>\n<p>Comienza la preparaci\u00f3n del viaje.\u00a0\u00a0 Sabino Laucirica.<\/p>\n<p style=\"text-align: center;\"><a href=\"https:\/\/galicia.ingenierosnavales.com\/wp-content\/uploads\/2022\/02\/Capitulo-4-Los-preparativos-de-la-expedicion.pdf\">Capitulo 4 &#8211; Los preparativos de la expedicion<\/a><\/p>\n<p>&nbsp;<\/p>\n<p><img loading=\"lazy\" decoding=\"async\" class=\"alignnone size-full wp-image-3065 aligncenter\" src=\"https:\/\/galicia.ingenierosnavales.com\/wp-content\/uploads\/2022\/01\/FORO-MARITIMO-VASCO.png\" alt=\"\" width=\"195\" height=\"81\" \/><\/p>\n<p>&nbsp;<\/p>\n","protected":false},"excerpt":{"rendered":"<p>En cap\u00edtulos anteriores hemos visto c\u00f3mo el Emperador Carlos I acepta las condiciones de Fernando Magallanes y se plasma el contrato en las llamadas Capitulaciones de Valladolid. Hemos visto que pronto se notan las&#46;&#46;&#46;<\/p>\n","protected":false},"author":2,"featured_media":3064,"comment_status":"open","ping_status":"open","sticky":false,"template":"","format":"standard","meta":{"om_disable_all_campaigns":false,"_monsterinsights_skip_tracking":false,"_monsterinsights_sitenote_active":false,"_monsterinsights_sitenote_note":"","_monsterinsights_sitenote_category":0,"_uf_show_specific_survey":0,"_uf_disable_surveys":false,"footnotes":""},"categories":[1,2],"tags":[],"class_list":["post-3193","post","type-post","status-publish","format-standard","has-post-thumbnail","hentry","category-eventos","category-formacion"],"aioseo_notices":[],"yoast_head":"<!-- This site is optimized with the Yoast SEO plugin v24.0 - https:\/\/yoast.com\/wordpress\/plugins\/seo\/ -->\n<title>&quot;La Verdadera Historia del Viaje de Elcano&quot;- Cap\u00edtulo 4.- Preparativos de la expedici\u00f3n - Delegaci\u00f3n del COIN en Galicia -<\/title>\n<meta name=\"robots\" content=\"index, follow, max-snippet:-1, max-image-preview:large, max-video-preview:-1\" \/>\n<link rel=\"canonical\" href=\"https:\/\/galicia.ingenierosnavales.com\/index.php\/2022\/02\/15\/la-verdadera-historia-del-viaje-de-el-cano-capitulo-4-preparativos-de-la-expedicion\/\" \/>\n<meta property=\"og:locale\" content=\"es_ES\" \/>\n<meta property=\"og:type\" content=\"article\" \/>\n<meta property=\"og:title\" content=\"&quot;La Verdadera Historia del Viaje de Elcano&quot;- Cap\u00edtulo 4.- Preparativos de la expedici\u00f3n - Delegaci\u00f3n del COIN en Galicia -\" \/>\n<meta property=\"og:description\" content=\"En cap\u00edtulos anteriores hemos visto c\u00f3mo el Emperador Carlos I acepta las condiciones de Fernando Magallanes y se plasma el contrato en las llamadas Capitulaciones de Valladolid. Hemos visto que pronto se notan las&#046;&#046;&#046;\" \/>\n<meta property=\"og:url\" content=\"https:\/\/galicia.ingenierosnavales.com\/index.php\/2022\/02\/15\/la-verdadera-historia-del-viaje-de-el-cano-capitulo-4-preparativos-de-la-expedicion\/\" \/>\n<meta property=\"og:site_name\" content=\"Delegaci\u00f3n del COIN en Galicia -\" \/>\n<meta property=\"article:published_time\" content=\"2022-02-15T13:13:03+00:00\" \/>\n<meta property=\"article:modified_time\" content=\"2022-02-25T08:56:01+00:00\" \/>\n<meta property=\"og:image\" content=\"https:\/\/galicia.ingenierosnavales.com\/wp-content\/uploads\/2022\/01\/VIAJE-DE-ELCANO.jpg\" \/>\n\t<meta property=\"og:image:width\" content=\"512\" \/>\n\t<meta property=\"og:image:height\" content=\"496\" \/>\n\t<meta property=\"og:image:type\" content=\"image\/jpeg\" \/>\n<meta name=\"author\" content=\"Delegaci\u00f3n Galicia\" \/>\n<meta name=\"twitter:card\" content=\"summary_large_image\" \/>\n<meta name=\"twitter:label1\" content=\"Escrito por\" \/>\n\t<meta name=\"twitter:data1\" content=\"Delegaci\u00f3n Galicia\" \/>\n\t<meta name=\"twitter:label2\" content=\"Tiempo de lectura\" \/>\n\t<meta name=\"twitter:data2\" content=\"1 minuto\" \/>\n<script type=\"application\/ld+json\" class=\"yoast-schema-graph\">{\"@context\":\"https:\/\/schema.org\",\"@graph\":[{\"@type\":\"Article\",\"@id\":\"https:\/\/galicia.ingenierosnavales.com\/index.php\/2022\/02\/15\/la-verdadera-historia-del-viaje-de-el-cano-capitulo-4-preparativos-de-la-expedicion\/#article\",\"isPartOf\":{\"@id\":\"https:\/\/galicia.ingenierosnavales.com\/index.php\/2022\/02\/15\/la-verdadera-historia-del-viaje-de-el-cano-capitulo-4-preparativos-de-la-expedicion\/\"},\"author\":{\"name\":\"Delegaci\u00f3n Galicia\",\"@id\":\"https:\/\/galicia.ingenierosnavales.com\/#\/schema\/person\/5b19750a916831d424f63e9271d4e51d\"},\"headline\":\"\u00abLa Verdadera Historia del Viaje de Elcano\u00bb- Cap\u00edtulo 4.- Preparativos de la expedici\u00f3n\",\"datePublished\":\"2022-02-15T13:13:03+00:00\",\"dateModified\":\"2022-02-25T08:56:01+00:00\",\"mainEntityOfPage\":{\"@id\":\"https:\/\/galicia.ingenierosnavales.com\/index.php\/2022\/02\/15\/la-verdadera-historia-del-viaje-de-el-cano-capitulo-4-preparativos-de-la-expedicion\/\"},\"wordCount\":197,\"commentCount\":0,\"publisher\":{\"@id\":\"https:\/\/galicia.ingenierosnavales.com\/#organization\"},\"image\":{\"@id\":\"https:\/\/galicia.ingenierosnavales.com\/index.php\/2022\/02\/15\/la-verdadera-historia-del-viaje-de-el-cano-capitulo-4-preparativos-de-la-expedicion\/#primaryimage\"},\"thumbnailUrl\":\"https:\/\/galicia.ingenierosnavales.com\/wp-content\/uploads\/2022\/01\/VIAJE-DE-ELCANO.jpg\",\"articleSection\":[\"Eventos\",\"Formaci\u00f3n\"],\"inLanguage\":\"es\",\"potentialAction\":[{\"@type\":\"CommentAction\",\"name\":\"Comment\",\"target\":[\"https:\/\/galicia.ingenierosnavales.com\/index.php\/2022\/02\/15\/la-verdadera-historia-del-viaje-de-el-cano-capitulo-4-preparativos-de-la-expedicion\/#respond\"]}]},{\"@type\":\"WebPage\",\"@id\":\"https:\/\/galicia.ingenierosnavales.com\/index.php\/2022\/02\/15\/la-verdadera-historia-del-viaje-de-el-cano-capitulo-4-preparativos-de-la-expedicion\/\",\"url\":\"https:\/\/galicia.ingenierosnavales.com\/index.php\/2022\/02\/15\/la-verdadera-historia-del-viaje-de-el-cano-capitulo-4-preparativos-de-la-expedicion\/\",\"name\":\"\\\"La Verdadera Historia del Viaje de Elcano\\\"- Cap\u00edtulo 4.- Preparativos de la expedici\u00f3n - Delegaci\u00f3n del COIN en Galicia -\",\"isPartOf\":{\"@id\":\"https:\/\/galicia.ingenierosnavales.com\/#website\"},\"primaryImageOfPage\":{\"@id\":\"https:\/\/galicia.ingenierosnavales.com\/index.php\/2022\/02\/15\/la-verdadera-historia-del-viaje-de-el-cano-capitulo-4-preparativos-de-la-expedicion\/#primaryimage\"},\"image\":{\"@id\":\"https:\/\/galicia.ingenierosnavales.com\/index.php\/2022\/02\/15\/la-verdadera-historia-del-viaje-de-el-cano-capitulo-4-preparativos-de-la-expedicion\/#primaryimage\"},\"thumbnailUrl\":\"https:\/\/galicia.ingenierosnavales.com\/wp-content\/uploads\/2022\/01\/VIAJE-DE-ELCANO.jpg\",\"datePublished\":\"2022-02-15T13:13:03+00:00\",\"dateModified\":\"2022-02-25T08:56:01+00:00\",\"breadcrumb\":{\"@id\":\"https:\/\/galicia.ingenierosnavales.com\/index.php\/2022\/02\/15\/la-verdadera-historia-del-viaje-de-el-cano-capitulo-4-preparativos-de-la-expedicion\/#breadcrumb\"},\"inLanguage\":\"es\",\"potentialAction\":[{\"@type\":\"ReadAction\",\"target\":[\"https:\/\/galicia.ingenierosnavales.com\/index.php\/2022\/02\/15\/la-verdadera-historia-del-viaje-de-el-cano-capitulo-4-preparativos-de-la-expedicion\/\"]}]},{\"@type\":\"ImageObject\",\"inLanguage\":\"es\",\"@id\":\"https:\/\/galicia.ingenierosnavales.com\/index.php\/2022\/02\/15\/la-verdadera-historia-del-viaje-de-el-cano-capitulo-4-preparativos-de-la-expedicion\/#primaryimage\",\"url\":\"https:\/\/galicia.ingenierosnavales.com\/wp-content\/uploads\/2022\/01\/VIAJE-DE-ELCANO.jpg\",\"contentUrl\":\"https:\/\/galicia.ingenierosnavales.com\/wp-content\/uploads\/2022\/01\/VIAJE-DE-ELCANO.jpg\",\"width\":512,\"height\":496},{\"@type\":\"BreadcrumbList\",\"@id\":\"https:\/\/galicia.ingenierosnavales.com\/index.php\/2022\/02\/15\/la-verdadera-historia-del-viaje-de-el-cano-capitulo-4-preparativos-de-la-expedicion\/#breadcrumb\",\"itemListElement\":[{\"@type\":\"ListItem\",\"position\":1,\"name\":\"Home\",\"item\":\"https:\/\/galicia.ingenierosnavales.com\/\"},{\"@type\":\"ListItem\",\"position\":2,\"name\":\"\u00abLa Verdadera Historia del Viaje de Elcano\u00bb- Cap\u00edtulo 4.- Preparativos de la expedici\u00f3n\"}]},{\"@type\":\"WebSite\",\"@id\":\"https:\/\/galicia.ingenierosnavales.com\/#website\",\"url\":\"https:\/\/galicia.ingenierosnavales.com\/\",\"name\":\"Delegaci\u00f3n del COIN en Galicia -\",\"description\":\"\",\"publisher\":{\"@id\":\"https:\/\/galicia.ingenierosnavales.com\/#organization\"},\"potentialAction\":[{\"@type\":\"SearchAction\",\"target\":{\"@type\":\"EntryPoint\",\"urlTemplate\":\"https:\/\/galicia.ingenierosnavales.com\/?s={search_term_string}\"},\"query-input\":{\"@type\":\"PropertyValueSpecification\",\"valueRequired\":true,\"valueName\":\"search_term_string\"}}],\"inLanguage\":\"es\"},{\"@type\":\"Organization\",\"@id\":\"https:\/\/galicia.ingenierosnavales.com\/#organization\",\"name\":\"Delegaci\u00f3n del COIN en Galicia -\",\"url\":\"https:\/\/galicia.ingenierosnavales.com\/\",\"logo\":{\"@type\":\"ImageObject\",\"inLanguage\":\"es\",\"@id\":\"https:\/\/galicia.ingenierosnavales.com\/#\/schema\/logo\/image\/\",\"url\":\"https:\/\/galicia.ingenierosnavales.com\/wp-content\/uploads\/2022\/03\/logo_2-1.png\",\"contentUrl\":\"https:\/\/galicia.ingenierosnavales.com\/wp-content\/uploads\/2022\/03\/logo_2-1.png\",\"width\":240,\"height\":94,\"caption\":\"Delegaci\u00f3n del COIN en Galicia - \"},\"image\":{\"@id\":\"https:\/\/galicia.ingenierosnavales.com\/#\/schema\/logo\/image\/\"}},{\"@type\":\"Person\",\"@id\":\"https:\/\/galicia.ingenierosnavales.com\/#\/schema\/person\/5b19750a916831d424f63e9271d4e51d\",\"name\":\"Delegaci\u00f3n Galicia\",\"image\":{\"@type\":\"ImageObject\",\"inLanguage\":\"es\",\"@id\":\"https:\/\/galicia.ingenierosnavales.com\/#\/schema\/person\/image\/\",\"url\":\"https:\/\/secure.gravatar.com\/avatar\/8ba9b1dd96c7effddd31fcf63bf8cc7f?s=96&d=mm&r=g\",\"contentUrl\":\"https:\/\/secure.gravatar.com\/avatar\/8ba9b1dd96c7effddd31fcf63bf8cc7f?s=96&d=mm&r=g\",\"caption\":\"Delegaci\u00f3n Galicia\"},\"url\":\"https:\/\/galicia.ingenierosnavales.com\/index.php\/author\/galicia\/\"}]}<\/script>\n<!-- \/ Yoast SEO plugin. -->","yoast_head_json":{"title":"\"La Verdadera Historia del Viaje de Elcano\"- Cap\u00edtulo 4.- Preparativos de la expedici\u00f3n - Delegaci\u00f3n del COIN en Galicia -","robots":{"index":"index","follow":"follow","max-snippet":"max-snippet:-1","max-image-preview":"max-image-preview:large","max-video-preview":"max-video-preview:-1"},"canonical":"https:\/\/galicia.ingenierosnavales.com\/index.php\/2022\/02\/15\/la-verdadera-historia-del-viaje-de-el-cano-capitulo-4-preparativos-de-la-expedicion\/","og_locale":"es_ES","og_type":"article","og_title":"\"La Verdadera Historia del Viaje de Elcano\"- Cap\u00edtulo 4.- Preparativos de la expedici\u00f3n - Delegaci\u00f3n del COIN en Galicia -","og_description":"En cap\u00edtulos anteriores hemos visto c\u00f3mo el Emperador Carlos I acepta las condiciones de Fernando Magallanes y se plasma el contrato en las llamadas Capitulaciones de Valladolid. Hemos visto que pronto se notan las&#46;&#46;&#46;","og_url":"https:\/\/galicia.ingenierosnavales.com\/index.php\/2022\/02\/15\/la-verdadera-historia-del-viaje-de-el-cano-capitulo-4-preparativos-de-la-expedicion\/","og_site_name":"Delegaci\u00f3n del COIN en Galicia -","article_published_time":"2022-02-15T13:13:03+00:00","article_modified_time":"2022-02-25T08:56:01+00:00","og_image":[{"width":512,"height":496,"url":"https:\/\/galicia.ingenierosnavales.com\/wp-content\/uploads\/2022\/01\/VIAJE-DE-ELCANO.jpg","type":"image\/jpeg"}],"author":"Delegaci\u00f3n Galicia","twitter_card":"summary_large_image","twitter_misc":{"Escrito por":"Delegaci\u00f3n Galicia","Tiempo de lectura":"1 minuto"},"schema":{"@context":"https:\/\/schema.org","@graph":[{"@type":"Article","@id":"https:\/\/galicia.ingenierosnavales.com\/index.php\/2022\/02\/15\/la-verdadera-historia-del-viaje-de-el-cano-capitulo-4-preparativos-de-la-expedicion\/#article","isPartOf":{"@id":"https:\/\/galicia.ingenierosnavales.com\/index.php\/2022\/02\/15\/la-verdadera-historia-del-viaje-de-el-cano-capitulo-4-preparativos-de-la-expedicion\/"},"author":{"name":"Delegaci\u00f3n Galicia","@id":"https:\/\/galicia.ingenierosnavales.com\/#\/schema\/person\/5b19750a916831d424f63e9271d4e51d"},"headline":"\u00abLa Verdadera Historia del Viaje de Elcano\u00bb- Cap\u00edtulo 4.- Preparativos de la expedici\u00f3n","datePublished":"2022-02-15T13:13:03+00:00","dateModified":"2022-02-25T08:56:01+00:00","mainEntityOfPage":{"@id":"https:\/\/galicia.ingenierosnavales.com\/index.php\/2022\/02\/15\/la-verdadera-historia-del-viaje-de-el-cano-capitulo-4-preparativos-de-la-expedicion\/"},"wordCount":197,"commentCount":0,"publisher":{"@id":"https:\/\/galicia.ingenierosnavales.com\/#organization"},"image":{"@id":"https:\/\/galicia.ingenierosnavales.com\/index.php\/2022\/02\/15\/la-verdadera-historia-del-viaje-de-el-cano-capitulo-4-preparativos-de-la-expedicion\/#primaryimage"},"thumbnailUrl":"https:\/\/galicia.ingenierosnavales.com\/wp-content\/uploads\/2022\/01\/VIAJE-DE-ELCANO.jpg","articleSection":["Eventos","Formaci\u00f3n"],"inLanguage":"es","potentialAction":[{"@type":"CommentAction","name":"Comment","target":["https:\/\/galicia.ingenierosnavales.com\/index.php\/2022\/02\/15\/la-verdadera-historia-del-viaje-de-el-cano-capitulo-4-preparativos-de-la-expedicion\/#respond"]}]},{"@type":"WebPage","@id":"https:\/\/galicia.ingenierosnavales.com\/index.php\/2022\/02\/15\/la-verdadera-historia-del-viaje-de-el-cano-capitulo-4-preparativos-de-la-expedicion\/","url":"https:\/\/galicia.ingenierosnavales.com\/index.php\/2022\/02\/15\/la-verdadera-historia-del-viaje-de-el-cano-capitulo-4-preparativos-de-la-expedicion\/","name":"\"La Verdadera Historia del Viaje de Elcano\"- Cap\u00edtulo 4.- Preparativos de la expedici\u00f3n - Delegaci\u00f3n del COIN en Galicia -","isPartOf":{"@id":"https:\/\/galicia.ingenierosnavales.com\/#website"},"primaryImageOfPage":{"@id":"https:\/\/galicia.ingenierosnavales.com\/index.php\/2022\/02\/15\/la-verdadera-historia-del-viaje-de-el-cano-capitulo-4-preparativos-de-la-expedicion\/#primaryimage"},"image":{"@id":"https:\/\/galicia.ingenierosnavales.com\/index.php\/2022\/02\/15\/la-verdadera-historia-del-viaje-de-el-cano-capitulo-4-preparativos-de-la-expedicion\/#primaryimage"},"thumbnailUrl":"https:\/\/galicia.ingenierosnavales.com\/wp-content\/uploads\/2022\/01\/VIAJE-DE-ELCANO.jpg","datePublished":"2022-02-15T13:13:03+00:00","dateModified":"2022-02-25T08:56:01+00:00","breadcrumb":{"@id":"https:\/\/galicia.ingenierosnavales.com\/index.php\/2022\/02\/15\/la-verdadera-historia-del-viaje-de-el-cano-capitulo-4-preparativos-de-la-expedicion\/#breadcrumb"},"inLanguage":"es","potentialAction":[{"@type":"ReadAction","target":["https:\/\/galicia.ingenierosnavales.com\/index.php\/2022\/02\/15\/la-verdadera-historia-del-viaje-de-el-cano-capitulo-4-preparativos-de-la-expedicion\/"]}]},{"@type":"ImageObject","inLanguage":"es","@id":"https:\/\/galicia.ingenierosnavales.com\/index.php\/2022\/02\/15\/la-verdadera-historia-del-viaje-de-el-cano-capitulo-4-preparativos-de-la-expedicion\/#primaryimage","url":"https:\/\/galicia.ingenierosnavales.com\/wp-content\/uploads\/2022\/01\/VIAJE-DE-ELCANO.jpg","contentUrl":"https:\/\/galicia.ingenierosnavales.com\/wp-content\/uploads\/2022\/01\/VIAJE-DE-ELCANO.jpg","width":512,"height":496},{"@type":"BreadcrumbList","@id":"https:\/\/galicia.ingenierosnavales.com\/index.php\/2022\/02\/15\/la-verdadera-historia-del-viaje-de-el-cano-capitulo-4-preparativos-de-la-expedicion\/#breadcrumb","itemListElement":[{"@type":"ListItem","position":1,"name":"Home","item":"https:\/\/galicia.ingenierosnavales.com\/"},{"@type":"ListItem","position":2,"name":"\u00abLa Verdadera Historia del Viaje de Elcano\u00bb- Cap\u00edtulo 4.- Preparativos de la expedici\u00f3n"}]},{"@type":"WebSite","@id":"https:\/\/galicia.ingenierosnavales.com\/#website","url":"https:\/\/galicia.ingenierosnavales.com\/","name":"Delegaci\u00f3n del COIN en Galicia -","description":"","publisher":{"@id":"https:\/\/galicia.ingenierosnavales.com\/#organization"},"potentialAction":[{"@type":"SearchAction","target":{"@type":"EntryPoint","urlTemplate":"https:\/\/galicia.ingenierosnavales.com\/?s={search_term_string}"},"query-input":{"@type":"PropertyValueSpecification","valueRequired":true,"valueName":"search_term_string"}}],"inLanguage":"es"},{"@type":"Organization","@id":"https:\/\/galicia.ingenierosnavales.com\/#organization","name":"Delegaci\u00f3n del COIN en Galicia -","url":"https:\/\/galicia.ingenierosnavales.com\/","logo":{"@type":"ImageObject","inLanguage":"es","@id":"https:\/\/galicia.ingenierosnavales.com\/#\/schema\/logo\/image\/","url":"https:\/\/galicia.ingenierosnavales.com\/wp-content\/uploads\/2022\/03\/logo_2-1.png","contentUrl":"https:\/\/galicia.ingenierosnavales.com\/wp-content\/uploads\/2022\/03\/logo_2-1.png","width":240,"height":94,"caption":"Delegaci\u00f3n del COIN en Galicia - "},"image":{"@id":"https:\/\/galicia.ingenierosnavales.com\/#\/schema\/logo\/image\/"}},{"@type":"Person","@id":"https:\/\/galicia.ingenierosnavales.com\/#\/schema\/person\/5b19750a916831d424f63e9271d4e51d","name":"Delegaci\u00f3n Galicia","image":{"@type":"ImageObject","inLanguage":"es","@id":"https:\/\/galicia.ingenierosnavales.com\/#\/schema\/person\/image\/","url":"https:\/\/secure.gravatar.com\/avatar\/8ba9b1dd96c7effddd31fcf63bf8cc7f?s=96&d=mm&r=g","contentUrl":"https:\/\/secure.gravatar.com\/avatar\/8ba9b1dd96c7effddd31fcf63bf8cc7f?s=96&d=mm&r=g","caption":"Delegaci\u00f3n Galicia"},"url":"https:\/\/galicia.ingenierosnavales.com\/index.php\/author\/galicia\/"}]}},"_links":{"self":[{"href":"https:\/\/galicia.ingenierosnavales.com\/index.php\/wp-json\/wp\/v2\/posts\/3193","targetHints":{"allow":["GET"]}}],"collection":[{"href":"https:\/\/galicia.ingenierosnavales.com\/index.php\/wp-json\/wp\/v2\/posts"}],"about":[{"href":"https:\/\/galicia.ingenierosnavales.com\/index.php\/wp-json\/wp\/v2\/types\/post"}],"author":[{"embeddable":true,"href":"https:\/\/galicia.ingenierosnavales.com\/index.php\/wp-json\/wp\/v2\/users\/2"}],"replies":[{"embeddable":true,"href":"https:\/\/galicia.ingenierosnavales.com\/index.php\/wp-json\/wp\/v2\/comments?post=3193"}],"version-history":[{"count":2,"href":"https:\/\/galicia.ingenierosnavales.com\/index.php\/wp-json\/wp\/v2\/posts\/3193\/revisions"}],"predecessor-version":[{"id":3266,"href":"https:\/\/galicia.ingenierosnavales.com\/index.php\/wp-json\/wp\/v2\/posts\/3193\/revisions\/3266"}],"wp:featuredmedia":[{"embeddable":true,"href":"https:\/\/galicia.ingenierosnavales.com\/index.php\/wp-json\/wp\/v2\/media\/3064"}],"wp:attachment":[{"href":"https:\/\/galicia.ingenierosnavales.com\/index.php\/wp-json\/wp\/v2\/media?parent=3193"}],"wp:term":[{"taxonomy":"category","embeddable":true,"href":"https:\/\/galicia.ingenierosnavales.com\/index.php\/wp-json\/wp\/v2\/categories?post=3193"},{"taxonomy":"post_tag","embeddable":true,"href":"https:\/\/galicia.ingenierosnavales.com\/index.php\/wp-json\/wp\/v2\/tags?post=3193"}],"curies":[{"name":"wp","href":"https:\/\/api.w.org\/{rel}","templated":true}]}}