{"id":3092,"date":"2022-01-18T10:37:26","date_gmt":"2022-01-18T10:37:26","guid":{"rendered":"https:\/\/galicia.ingenierosnavales.com\/?p=3092"},"modified":"2022-01-18T10:37:26","modified_gmt":"2022-01-18T10:37:26","slug":"la-verdadera-historia-del-viaje-de-elcano-documento-2-1","status":"publish","type":"post","link":"https:\/\/galicia.ingenierosnavales.com\/index.php\/2022\/01\/18\/la-verdadera-historia-del-viaje-de-elcano-documento-2-1\/","title":{"rendered":"\u00abLA VERDADERA HISTORIA DEL VIAJE DE ELCANO\u00bb &#8211; Documento 2.1"},"content":{"rendered":"<p><img loading=\"lazy\" decoding=\"async\" class=\"alignnone size-full wp-image-3069 aligncenter\" src=\"https:\/\/galicia.ingenierosnavales.com\/wp-content\/uploads\/2022\/01\/vuelta-al-mundo-de-magallanes-y-elcano.jpg\" alt=\"\" width=\"349\" height=\"238\" srcset=\"https:\/\/galicia.ingenierosnavales.com\/wp-content\/uploads\/2022\/01\/vuelta-al-mundo-de-magallanes-y-elcano.jpg 349w, https:\/\/galicia.ingenierosnavales.com\/wp-content\/uploads\/2022\/01\/vuelta-al-mundo-de-magallanes-y-elcano-300x205.jpg 300w\" sizes=\"auto, (max-width: 349px) 100vw, 349px\" \/><\/p>\n<p>Desde el <a href=\"http:\/\/foromaritimovasco.com\/es\/\">Foro Mar\u00edtimo Vasco<\/a>, nos informan que, finalmente se tratar\u00e1 el tema semanalmente\u00a0 en lugar de quincenalmente. Se intercalar\u00e1 en el relato del libro un apartado de DOCUMENTO, con lo que quedar\u00e1 una semana el RELATO y a la otra el DOCUMENTO.<\/p>\n<p>La semana pasada, se realiz\u00f3 la <a href=\"https:\/\/galicia.ingenierosnavales.com\/index.php\/2022\/01\/13\/la-verdadera-historia-del-viaje-de-elcano\/\">primera entrega<\/a> donde se incluy\u00f3 la presentaci\u00f3n del autor de la obra, D. Sabino Lauzirica y el cap\u00edtulo \u00abPr\u00f3logo\u00bb, y esta semana, siguiendo la norma de env\u00edos semanales, es el turno de DOCUMENTO:<\/p>\n<p style=\"text-align: center;\"><a href=\"https:\/\/galicia.ingenierosnavales.com\/wp-content\/uploads\/2022\/01\/2.1-DOCUMENTO-VENTA-DE-LA-NAO-VICTORIA-00000002.pdf\">2.1 DOCUMENTO VENTA DE LA NAO VICTORIA (00000002)<\/a><\/p>\n<p>&nbsp;<\/p>\n<p>&nbsp;<\/p>\n<p><img loading=\"lazy\" decoding=\"async\" class=\"alignnone size-full wp-image-3065 aligncenter\" src=\"https:\/\/galicia.ingenierosnavales.com\/wp-content\/uploads\/2022\/01\/FORO-MARITIMO-VASCO.png\" alt=\"\" width=\"195\" height=\"81\" \/><\/p>\n<p>&nbsp;<\/p>\n<p>&nbsp;<\/p>\n","protected":false},"excerpt":{"rendered":"<p>Desde el Foro Mar\u00edtimo Vasco, nos informan que, finalmente se tratar\u00e1 el tema semanalmente\u00a0 en lugar de quincenalmente. Se intercalar\u00e1 en el relato del libro un apartado de DOCUMENTO, con lo que quedar\u00e1 una&#46;&#46;&#46;<\/p>\n","protected":false},"author":2,"featured_media":3064,"comment_status":"open","ping_status":"open","sticky":false,"template":"","format":"standard","meta":{"om_disable_all_campaigns":false,"_monsterinsights_skip_tracking":false,"_monsterinsights_sitenote_active":false,"_monsterinsights_sitenote_note":"","_monsterinsights_sitenote_category":0,"_uf_show_specific_survey":0,"_uf_disable_surveys":false,"footnotes":""},"categories":[1],"tags":[],"class_list":["post-3092","post","type-post","status-publish","format-standard","has-post-thumbnail","hentry","category-eventos"],"aioseo_notices":[],"yoast_head":"<!-- This site is optimized with the Yoast SEO plugin v24.0 - https:\/\/yoast.com\/wordpress\/plugins\/seo\/ -->\n<title>&quot;LA VERDADERA HISTORIA DEL VIAJE DE ELCANO&quot; - Documento 2.1 - Delegaci\u00f3n del COIN en Galicia -<\/title>\n<meta name=\"robots\" content=\"index, follow, max-snippet:-1, max-image-preview:large, max-video-preview:-1\" \/>\n<link rel=\"canonical\" href=\"https:\/\/galicia.ingenierosnavales.com\/index.php\/2022\/01\/18\/la-verdadera-historia-del-viaje-de-elcano-documento-2-1\/\" \/>\n<meta property=\"og:locale\" content=\"es_ES\" \/>\n<meta property=\"og:type\" content=\"article\" \/>\n<meta property=\"og:title\" content=\"&quot;LA VERDADERA HISTORIA DEL VIAJE DE ELCANO&quot; - Documento 2.1 - Delegaci\u00f3n del COIN en Galicia -\" \/>\n<meta property=\"og:description\" content=\"Desde el Foro Mar\u00edtimo Vasco, nos informan que, finalmente se tratar\u00e1 el tema semanalmente\u00a0 en lugar de quincenalmente. Se intercalar\u00e1 en el relato del libro un apartado de DOCUMENTO, con lo que quedar\u00e1 una&#046;&#046;&#046;\" \/>\n<meta property=\"og:url\" content=\"https:\/\/galicia.ingenierosnavales.com\/index.php\/2022\/01\/18\/la-verdadera-historia-del-viaje-de-elcano-documento-2-1\/\" \/>\n<meta property=\"og:site_name\" content=\"Delegaci\u00f3n del COIN en Galicia -\" \/>\n<meta property=\"article:published_time\" content=\"2022-01-18T10:37:26+00:00\" \/>\n<meta property=\"og:image\" content=\"https:\/\/galicia.ingenierosnavales.com\/wp-content\/uploads\/2022\/01\/VIAJE-DE-ELCANO.jpg\" \/>\n\t<meta property=\"og:image:width\" content=\"512\" \/>\n\t<meta property=\"og:image:height\" content=\"496\" \/>\n\t<meta property=\"og:image:type\" content=\"image\/jpeg\" \/>\n<meta name=\"author\" content=\"Delegaci\u00f3n Galicia\" \/>\n<meta name=\"twitter:card\" content=\"summary_large_image\" \/>\n<meta name=\"twitter:label1\" content=\"Escrito por\" \/>\n\t<meta name=\"twitter:data1\" content=\"Delegaci\u00f3n Galicia\" \/>\n<script type=\"application\/ld+json\" class=\"yoast-schema-graph\">{\"@context\":\"https:\/\/schema.org\",\"@graph\":[{\"@type\":\"Article\",\"@id\":\"https:\/\/galicia.ingenierosnavales.com\/index.php\/2022\/01\/18\/la-verdadera-historia-del-viaje-de-elcano-documento-2-1\/#article\",\"isPartOf\":{\"@id\":\"https:\/\/galicia.ingenierosnavales.com\/index.php\/2022\/01\/18\/la-verdadera-historia-del-viaje-de-elcano-documento-2-1\/\"},\"author\":{\"name\":\"Delegaci\u00f3n Galicia\",\"@id\":\"https:\/\/galicia.ingenierosnavales.com\/#\/schema\/person\/5b19750a916831d424f63e9271d4e51d\"},\"headline\":\"\u00abLA VERDADERA HISTORIA DEL VIAJE DE ELCANO\u00bb &#8211; Documento 2.1\",\"datePublished\":\"2022-01-18T10:37:26+00:00\",\"dateModified\":\"2022-01-18T10:37:26+00:00\",\"mainEntityOfPage\":{\"@id\":\"https:\/\/galicia.ingenierosnavales.com\/index.php\/2022\/01\/18\/la-verdadera-historia-del-viaje-de-elcano-documento-2-1\/\"},\"wordCount\":106,\"commentCount\":0,\"publisher\":{\"@id\":\"https:\/\/galicia.ingenierosnavales.com\/#organization\"},\"image\":{\"@id\":\"https:\/\/galicia.ingenierosnavales.com\/index.php\/2022\/01\/18\/la-verdadera-historia-del-viaje-de-elcano-documento-2-1\/#primaryimage\"},\"thumbnailUrl\":\"https:\/\/galicia.ingenierosnavales.com\/wp-content\/uploads\/2022\/01\/VIAJE-DE-ELCANO.jpg\",\"articleSection\":[\"Eventos\"],\"inLanguage\":\"es\",\"potentialAction\":[{\"@type\":\"CommentAction\",\"name\":\"Comment\",\"target\":[\"https:\/\/galicia.ingenierosnavales.com\/index.php\/2022\/01\/18\/la-verdadera-historia-del-viaje-de-elcano-documento-2-1\/#respond\"]}]},{\"@type\":\"WebPage\",\"@id\":\"https:\/\/galicia.ingenierosnavales.com\/index.php\/2022\/01\/18\/la-verdadera-historia-del-viaje-de-elcano-documento-2-1\/\",\"url\":\"https:\/\/galicia.ingenierosnavales.com\/index.php\/2022\/01\/18\/la-verdadera-historia-del-viaje-de-elcano-documento-2-1\/\",\"name\":\"\\\"LA VERDADERA HISTORIA DEL VIAJE DE ELCANO\\\" - Documento 2.1 - Delegaci\u00f3n del COIN en Galicia -\",\"isPartOf\":{\"@id\":\"https:\/\/galicia.ingenierosnavales.com\/#website\"},\"primaryImageOfPage\":{\"@id\":\"https:\/\/galicia.ingenierosnavales.com\/index.php\/2022\/01\/18\/la-verdadera-historia-del-viaje-de-elcano-documento-2-1\/#primaryimage\"},\"image\":{\"@id\":\"https:\/\/galicia.ingenierosnavales.com\/index.php\/2022\/01\/18\/la-verdadera-historia-del-viaje-de-elcano-documento-2-1\/#primaryimage\"},\"thumbnailUrl\":\"https:\/\/galicia.ingenierosnavales.com\/wp-content\/uploads\/2022\/01\/VIAJE-DE-ELCANO.jpg\",\"datePublished\":\"2022-01-18T10:37:26+00:00\",\"dateModified\":\"2022-01-18T10:37:26+00:00\",\"breadcrumb\":{\"@id\":\"https:\/\/galicia.ingenierosnavales.com\/index.php\/2022\/01\/18\/la-verdadera-historia-del-viaje-de-elcano-documento-2-1\/#breadcrumb\"},\"inLanguage\":\"es\",\"potentialAction\":[{\"@type\":\"ReadAction\",\"target\":[\"https:\/\/galicia.ingenierosnavales.com\/index.php\/2022\/01\/18\/la-verdadera-historia-del-viaje-de-elcano-documento-2-1\/\"]}]},{\"@type\":\"ImageObject\",\"inLanguage\":\"es\",\"@id\":\"https:\/\/galicia.ingenierosnavales.com\/index.php\/2022\/01\/18\/la-verdadera-historia-del-viaje-de-elcano-documento-2-1\/#primaryimage\",\"url\":\"https:\/\/galicia.ingenierosnavales.com\/wp-content\/uploads\/2022\/01\/VIAJE-DE-ELCANO.jpg\",\"contentUrl\":\"https:\/\/galicia.ingenierosnavales.com\/wp-content\/uploads\/2022\/01\/VIAJE-DE-ELCANO.jpg\",\"width\":512,\"height\":496},{\"@type\":\"BreadcrumbList\",\"@id\":\"https:\/\/galicia.ingenierosnavales.com\/index.php\/2022\/01\/18\/la-verdadera-historia-del-viaje-de-elcano-documento-2-1\/#breadcrumb\",\"itemListElement\":[{\"@type\":\"ListItem\",\"position\":1,\"name\":\"Home\",\"item\":\"https:\/\/galicia.ingenierosnavales.com\/\"},{\"@type\":\"ListItem\",\"position\":2,\"name\":\"\u00abLA VERDADERA HISTORIA DEL VIAJE DE ELCANO\u00bb &#8211; Documento 2.1\"}]},{\"@type\":\"WebSite\",\"@id\":\"https:\/\/galicia.ingenierosnavales.com\/#website\",\"url\":\"https:\/\/galicia.ingenierosnavales.com\/\",\"name\":\"Delegaci\u00f3n del COIN en Galicia -\",\"description\":\"\",\"publisher\":{\"@id\":\"https:\/\/galicia.ingenierosnavales.com\/#organization\"},\"potentialAction\":[{\"@type\":\"SearchAction\",\"target\":{\"@type\":\"EntryPoint\",\"urlTemplate\":\"https:\/\/galicia.ingenierosnavales.com\/?s={search_term_string}\"},\"query-input\":{\"@type\":\"PropertyValueSpecification\",\"valueRequired\":true,\"valueName\":\"search_term_string\"}}],\"inLanguage\":\"es\"},{\"@type\":\"Organization\",\"@id\":\"https:\/\/galicia.ingenierosnavales.com\/#organization\",\"name\":\"Delegaci\u00f3n del COIN en Galicia -\",\"url\":\"https:\/\/galicia.ingenierosnavales.com\/\",\"logo\":{\"@type\":\"ImageObject\",\"inLanguage\":\"es\",\"@id\":\"https:\/\/galicia.ingenierosnavales.com\/#\/schema\/logo\/image\/\",\"url\":\"https:\/\/galicia.ingenierosnavales.com\/wp-content\/uploads\/2022\/03\/logo_2-1.png\",\"contentUrl\":\"https:\/\/galicia.ingenierosnavales.com\/wp-content\/uploads\/2022\/03\/logo_2-1.png\",\"width\":240,\"height\":94,\"caption\":\"Delegaci\u00f3n del COIN en Galicia - \"},\"image\":{\"@id\":\"https:\/\/galicia.ingenierosnavales.com\/#\/schema\/logo\/image\/\"}},{\"@type\":\"Person\",\"@id\":\"https:\/\/galicia.ingenierosnavales.com\/#\/schema\/person\/5b19750a916831d424f63e9271d4e51d\",\"name\":\"Delegaci\u00f3n Galicia\",\"image\":{\"@type\":\"ImageObject\",\"inLanguage\":\"es\",\"@id\":\"https:\/\/galicia.ingenierosnavales.com\/#\/schema\/person\/image\/\",\"url\":\"https:\/\/secure.gravatar.com\/avatar\/8ba9b1dd96c7effddd31fcf63bf8cc7f?s=96&d=mm&r=g\",\"contentUrl\":\"https:\/\/secure.gravatar.com\/avatar\/8ba9b1dd96c7effddd31fcf63bf8cc7f?s=96&d=mm&r=g\",\"caption\":\"Delegaci\u00f3n Galicia\"},\"url\":\"https:\/\/galicia.ingenierosnavales.com\/index.php\/author\/galicia\/\"}]}<\/script>\n<!-- \/ Yoast SEO plugin. -->","yoast_head_json":{"title":"\"LA VERDADERA HISTORIA DEL VIAJE DE ELCANO\" - Documento 2.1 - Delegaci\u00f3n del COIN en Galicia -","robots":{"index":"index","follow":"follow","max-snippet":"max-snippet:-1","max-image-preview":"max-image-preview:large","max-video-preview":"max-video-preview:-1"},"canonical":"https:\/\/galicia.ingenierosnavales.com\/index.php\/2022\/01\/18\/la-verdadera-historia-del-viaje-de-elcano-documento-2-1\/","og_locale":"es_ES","og_type":"article","og_title":"\"LA VERDADERA HISTORIA DEL VIAJE DE ELCANO\" - Documento 2.1 - Delegaci\u00f3n del COIN en Galicia -","og_description":"Desde el Foro Mar\u00edtimo Vasco, nos informan que, finalmente se tratar\u00e1 el tema semanalmente\u00a0 en lugar de quincenalmente. Se intercalar\u00e1 en el relato del libro un apartado de DOCUMENTO, con lo que quedar\u00e1 una&#46;&#46;&#46;","og_url":"https:\/\/galicia.ingenierosnavales.com\/index.php\/2022\/01\/18\/la-verdadera-historia-del-viaje-de-elcano-documento-2-1\/","og_site_name":"Delegaci\u00f3n del COIN en Galicia -","article_published_time":"2022-01-18T10:37:26+00:00","og_image":[{"width":512,"height":496,"url":"https:\/\/galicia.ingenierosnavales.com\/wp-content\/uploads\/2022\/01\/VIAJE-DE-ELCANO.jpg","type":"image\/jpeg"}],"author":"Delegaci\u00f3n Galicia","twitter_card":"summary_large_image","twitter_misc":{"Escrito por":"Delegaci\u00f3n Galicia"},"schema":{"@context":"https:\/\/schema.org","@graph":[{"@type":"Article","@id":"https:\/\/galicia.ingenierosnavales.com\/index.php\/2022\/01\/18\/la-verdadera-historia-del-viaje-de-elcano-documento-2-1\/#article","isPartOf":{"@id":"https:\/\/galicia.ingenierosnavales.com\/index.php\/2022\/01\/18\/la-verdadera-historia-del-viaje-de-elcano-documento-2-1\/"},"author":{"name":"Delegaci\u00f3n Galicia","@id":"https:\/\/galicia.ingenierosnavales.com\/#\/schema\/person\/5b19750a916831d424f63e9271d4e51d"},"headline":"\u00abLA VERDADERA HISTORIA DEL VIAJE DE ELCANO\u00bb &#8211; Documento 2.1","datePublished":"2022-01-18T10:37:26+00:00","dateModified":"2022-01-18T10:37:26+00:00","mainEntityOfPage":{"@id":"https:\/\/galicia.ingenierosnavales.com\/index.php\/2022\/01\/18\/la-verdadera-historia-del-viaje-de-elcano-documento-2-1\/"},"wordCount":106,"commentCount":0,"publisher":{"@id":"https:\/\/galicia.ingenierosnavales.com\/#organization"},"image":{"@id":"https:\/\/galicia.ingenierosnavales.com\/index.php\/2022\/01\/18\/la-verdadera-historia-del-viaje-de-elcano-documento-2-1\/#primaryimage"},"thumbnailUrl":"https:\/\/galicia.ingenierosnavales.com\/wp-content\/uploads\/2022\/01\/VIAJE-DE-ELCANO.jpg","articleSection":["Eventos"],"inLanguage":"es","potentialAction":[{"@type":"CommentAction","name":"Comment","target":["https:\/\/galicia.ingenierosnavales.com\/index.php\/2022\/01\/18\/la-verdadera-historia-del-viaje-de-elcano-documento-2-1\/#respond"]}]},{"@type":"WebPage","@id":"https:\/\/galicia.ingenierosnavales.com\/index.php\/2022\/01\/18\/la-verdadera-historia-del-viaje-de-elcano-documento-2-1\/","url":"https:\/\/galicia.ingenierosnavales.com\/index.php\/2022\/01\/18\/la-verdadera-historia-del-viaje-de-elcano-documento-2-1\/","name":"\"LA VERDADERA HISTORIA DEL VIAJE DE ELCANO\" - Documento 2.1 - Delegaci\u00f3n del COIN en Galicia -","isPartOf":{"@id":"https:\/\/galicia.ingenierosnavales.com\/#website"},"primaryImageOfPage":{"@id":"https:\/\/galicia.ingenierosnavales.com\/index.php\/2022\/01\/18\/la-verdadera-historia-del-viaje-de-elcano-documento-2-1\/#primaryimage"},"image":{"@id":"https:\/\/galicia.ingenierosnavales.com\/index.php\/2022\/01\/18\/la-verdadera-historia-del-viaje-de-elcano-documento-2-1\/#primaryimage"},"thumbnailUrl":"https:\/\/galicia.ingenierosnavales.com\/wp-content\/uploads\/2022\/01\/VIAJE-DE-ELCANO.jpg","datePublished":"2022-01-18T10:37:26+00:00","dateModified":"2022-01-18T10:37:26+00:00","breadcrumb":{"@id":"https:\/\/galicia.ingenierosnavales.com\/index.php\/2022\/01\/18\/la-verdadera-historia-del-viaje-de-elcano-documento-2-1\/#breadcrumb"},"inLanguage":"es","potentialAction":[{"@type":"ReadAction","target":["https:\/\/galicia.ingenierosnavales.com\/index.php\/2022\/01\/18\/la-verdadera-historia-del-viaje-de-elcano-documento-2-1\/"]}]},{"@type":"ImageObject","inLanguage":"es","@id":"https:\/\/galicia.ingenierosnavales.com\/index.php\/2022\/01\/18\/la-verdadera-historia-del-viaje-de-elcano-documento-2-1\/#primaryimage","url":"https:\/\/galicia.ingenierosnavales.com\/wp-content\/uploads\/2022\/01\/VIAJE-DE-ELCANO.jpg","contentUrl":"https:\/\/galicia.ingenierosnavales.com\/wp-content\/uploads\/2022\/01\/VIAJE-DE-ELCANO.jpg","width":512,"height":496},{"@type":"BreadcrumbList","@id":"https:\/\/galicia.ingenierosnavales.com\/index.php\/2022\/01\/18\/la-verdadera-historia-del-viaje-de-elcano-documento-2-1\/#breadcrumb","itemListElement":[{"@type":"ListItem","position":1,"name":"Home","item":"https:\/\/galicia.ingenierosnavales.com\/"},{"@type":"ListItem","position":2,"name":"\u00abLA VERDADERA HISTORIA DEL VIAJE DE ELCANO\u00bb &#8211; Documento 2.1"}]},{"@type":"WebSite","@id":"https:\/\/galicia.ingenierosnavales.com\/#website","url":"https:\/\/galicia.ingenierosnavales.com\/","name":"Delegaci\u00f3n del COIN en Galicia -","description":"","publisher":{"@id":"https:\/\/galicia.ingenierosnavales.com\/#organization"},"potentialAction":[{"@type":"SearchAction","target":{"@type":"EntryPoint","urlTemplate":"https:\/\/galicia.ingenierosnavales.com\/?s={search_term_string}"},"query-input":{"@type":"PropertyValueSpecification","valueRequired":true,"valueName":"search_term_string"}}],"inLanguage":"es"},{"@type":"Organization","@id":"https:\/\/galicia.ingenierosnavales.com\/#organization","name":"Delegaci\u00f3n del COIN en Galicia -","url":"https:\/\/galicia.ingenierosnavales.com\/","logo":{"@type":"ImageObject","inLanguage":"es","@id":"https:\/\/galicia.ingenierosnavales.com\/#\/schema\/logo\/image\/","url":"https:\/\/galicia.ingenierosnavales.com\/wp-content\/uploads\/2022\/03\/logo_2-1.png","contentUrl":"https:\/\/galicia.ingenierosnavales.com\/wp-content\/uploads\/2022\/03\/logo_2-1.png","width":240,"height":94,"caption":"Delegaci\u00f3n del COIN en Galicia - "},"image":{"@id":"https:\/\/galicia.ingenierosnavales.com\/#\/schema\/logo\/image\/"}},{"@type":"Person","@id":"https:\/\/galicia.ingenierosnavales.com\/#\/schema\/person\/5b19750a916831d424f63e9271d4e51d","name":"Delegaci\u00f3n Galicia","image":{"@type":"ImageObject","inLanguage":"es","@id":"https:\/\/galicia.ingenierosnavales.com\/#\/schema\/person\/image\/","url":"https:\/\/secure.gravatar.com\/avatar\/8ba9b1dd96c7effddd31fcf63bf8cc7f?s=96&d=mm&r=g","contentUrl":"https:\/\/secure.gravatar.com\/avatar\/8ba9b1dd96c7effddd31fcf63bf8cc7f?s=96&d=mm&r=g","caption":"Delegaci\u00f3n Galicia"},"url":"https:\/\/galicia.ingenierosnavales.com\/index.php\/author\/galicia\/"}]}},"_links":{"self":[{"href":"https:\/\/galicia.ingenierosnavales.com\/index.php\/wp-json\/wp\/v2\/posts\/3092","targetHints":{"allow":["GET"]}}],"collection":[{"href":"https:\/\/galicia.ingenierosnavales.com\/index.php\/wp-json\/wp\/v2\/posts"}],"about":[{"href":"https:\/\/galicia.ingenierosnavales.com\/index.php\/wp-json\/wp\/v2\/types\/post"}],"author":[{"embeddable":true,"href":"https:\/\/galicia.ingenierosnavales.com\/index.php\/wp-json\/wp\/v2\/users\/2"}],"replies":[{"embeddable":true,"href":"https:\/\/galicia.ingenierosnavales.com\/index.php\/wp-json\/wp\/v2\/comments?post=3092"}],"version-history":[{"count":1,"href":"https:\/\/galicia.ingenierosnavales.com\/index.php\/wp-json\/wp\/v2\/posts\/3092\/revisions"}],"predecessor-version":[{"id":3094,"href":"https:\/\/galicia.ingenierosnavales.com\/index.php\/wp-json\/wp\/v2\/posts\/3092\/revisions\/3094"}],"wp:featuredmedia":[{"embeddable":true,"href":"https:\/\/galicia.ingenierosnavales.com\/index.php\/wp-json\/wp\/v2\/media\/3064"}],"wp:attachment":[{"href":"https:\/\/galicia.ingenierosnavales.com\/index.php\/wp-json\/wp\/v2\/media?parent=3092"}],"wp:term":[{"taxonomy":"category","embeddable":true,"href":"https:\/\/galicia.ingenierosnavales.com\/index.php\/wp-json\/wp\/v2\/categories?post=3092"},{"taxonomy":"post_tag","embeddable":true,"href":"https:\/\/galicia.ingenierosnavales.com\/index.php\/wp-json\/wp\/v2\/tags?post=3092"}],"curies":[{"name":"wp","href":"https:\/\/api.w.org\/{rel}","templated":true}]}}