{"id":2959,"date":"2021-11-25T08:31:23","date_gmt":"2021-11-25T08:31:23","guid":{"rendered":"https:\/\/galicia.ingenierosnavales.com\/?p=2959"},"modified":"2021-12-03T10:04:24","modified_gmt":"2021-12-03T10:04:24","slug":"relevo-en-la-delegacion-territorial-del-coin-en-galicia","status":"publish","type":"post","link":"https:\/\/galicia.ingenierosnavales.com\/index.php\/2021\/11\/25\/relevo-en-la-delegacion-territorial-del-coin-en-galicia\/","title":{"rendered":"Relevo en la Delegaci\u00f3n Territorial del COIN en Galicia"},"content":{"rendered":"<h3 style=\"text-align: center;\"><em>En la Junta General Extraordinaria celebrada el 12 de noviembre en Ferrol <\/em><\/h3>\n<p>La Delegaci\u00f3n Territorial del COIN en Galicia ha renovado su Junta de Gobierno Territorial el pasado 12 de noviembre en su sede de Ferrol. El Ingeniero Naval, Jorge Dahl de Sobrino, ha sido elegido Decano Territorial y la Ingeniera Naval Beatriz Spuch S\u00e1nchez ocupar\u00e1 el lugar de Vicedecana. En cuanto a las vocal\u00edas, se renuevan con cuatro vocales por la Zona Sur y cuatro por la Zona Norte.<\/p>\n<p style=\"text-align: center;\"><img decoding=\"async\" class=\"alignnone size-medium wp-image-2961\" src=\"https:\/\/galicia.ingenierosnavales.com\/wp-content\/uploads\/2021\/11\/JUNTA-DE-GOBIERNO-TERRITORIAL-2-120x300.jpg\" alt=\"\" width=\"120\" height=\"300\" \/><\/p>\n<p><img decoding=\"async\" class=\"alignnone size-medium wp-image-2962\" src=\"https:\/\/galicia.ingenierosnavales.com\/wp-content\/uploads\/2021\/11\/JUNTA-DE-GOBIERNO-TERRITORIAL-2-120x300.jpg\" alt=\"\" width=\"120\" height=\"300\" \/><\/p>\n<p><a href=\"https:\/\/ingenierosnavales.com\/galicia\/#1521641555324-cfaadf70-6b84\"><img fetchpriority=\"high\" decoding=\"async\" class=\"alignnone size-large wp-image-2962 aligncenter\" src=\"https:\/\/galicia.ingenierosnavales.com\/wp-content\/uploads\/2021\/11\/JUNTA-DE-GOBIERNO-TERRITORIAL-2-410x1024.jpg\" alt=\"\" width=\"410\" height=\"1024\" \/><\/a><\/p>\n","protected":false},"excerpt":{"rendered":"<p>En la Junta General Extraordinaria celebrada el 12 de noviembre en Ferrol La Delegaci\u00f3n Territorial del COIN en Galicia ha renovado su Junta de Gobierno Territorial el pasado 12 de noviembre en su sede&#46;&#46;&#46;<\/p>\n","protected":false},"author":2,"featured_media":2964,"comment_status":"open","ping_status":"closed","sticky":false,"template":"","format":"standard","meta":{"om_disable_all_campaigns":false,"_monsterinsights_skip_tracking":false,"footnotes":""},"categories":[3],"tags":[],"class_list":["post-2959","post","type-post","status-publish","format-standard","has-post-thumbnail","hentry","category-noticias-gl-es"],"aioseo_notices":[],"aioseo_head":"\n\t\t<!-- All in One SEO 5.0.1.1 - aioseo.com -->\n\t<meta name=\"description\" content=\"En la Junta General Extraordinaria celebrada el 12 de noviembre en Ferrol La Delegaci\u00f3n Territorial del COIN en Galicia ha renovado su Junta de Gobierno Territorial el pasado 12 de noviembre en su sede de Ferrol. El Ingeniero Naval, Jorge Dahl de Sobrino, ha sido elegido Decano Territorial y la Ingeniera Naval Beatriz Spuch S\u00e1nchez\" \/>\n\t<meta name=\"robots\" content=\"max-image-preview:large\" \/>\n\t<meta name=\"author\" content=\"Delegaci\u00f3n Galicia\"\/>\n\t<meta name=\"google-site-verification\" content=\"7brmUOAwEmVOzDsnJ9q5QE6pLdw6wH0XiigUsr1GV5s\" \/>\n\t<link rel=\"canonical\" href=\"https:\/\/galicia.ingenierosnavales.com\/index.php\/2021\/11\/25\/relevo-en-la-delegacion-territorial-del-coin-en-galicia\/\" \/>\n\t<meta name=\"generator\" content=\"All in One SEO (AIOSEO) 5.0.1.1\" \/>\n\t\t<meta property=\"og:locale\" content=\"es_ES\" \/>\n\t\t<meta property=\"og:site_name\" content=\"Delegaci\u00f3n del COIN en Galicia -  -\" \/>\n\t\t<meta property=\"og:type\" content=\"article\" \/>\n\t\t<meta property=\"og:title\" content=\"Relevo en la Delegaci\u00f3n Territorial del COIN en Galicia - Delegaci\u00f3n del COIN en Galicia -\" \/>\n\t\t<meta property=\"og:description\" content=\"En la Junta General Extraordinaria celebrada el 12 de noviembre en Ferrol La Delegaci\u00f3n Territorial del COIN en Galicia ha renovado su Junta de Gobierno Territorial el pasado 12 de noviembre en su sede de Ferrol. El Ingeniero Naval, Jorge Dahl de Sobrino, ha sido elegido Decano Territorial y la Ingeniera Naval Beatriz Spuch S\u00e1nchez\" \/>\n\t\t<meta property=\"og:url\" content=\"https:\/\/galicia.ingenierosnavales.com\/index.php\/2021\/11\/25\/relevo-en-la-delegacion-territorial-del-coin-en-galicia\/\" \/>\n\t\t<meta property=\"og:image\" content=\"https:\/\/galicia.ingenierosnavales.com\/wp-content\/uploads\/2025\/03\/LOGO-GALICIA.png\" \/>\n\t\t<meta property=\"og:image:secure_url\" content=\"https:\/\/galicia.ingenierosnavales.com\/wp-content\/uploads\/2025\/03\/LOGO-GALICIA.png\" \/>\n\t\t<meta property=\"og:image:width\" content=\"1050\" \/>\n\t\t<meta property=\"og:image:height\" content=\"600\" \/>\n\t\t<meta property=\"article:published_time\" content=\"2021-11-25T08:31:23+00:00\" \/>\n\t\t<meta property=\"article:modified_time\" content=\"2021-12-03T10:04:24+00:00\" \/>\n\t\t<meta property=\"article:publisher\" content=\"https:\/\/facebook.com\/Ingenieros Navales Galicia\" \/>\n\t\t<meta name=\"twitter:card\" content=\"summary_large_image\" \/>\n\t\t<meta name=\"twitter:site\" content=\"@Ingenieros%20Navales%20Galicia\" \/>\n\t\t<meta name=\"twitter:title\" content=\"Relevo en la Delegaci\u00f3n Territorial del COIN en Galicia - Delegaci\u00f3n del COIN en Galicia -\" \/>\n\t\t<meta name=\"twitter:description\" content=\"En la Junta General Extraordinaria celebrada el 12 de noviembre en Ferrol La Delegaci\u00f3n Territorial del COIN en Galicia ha renovado su Junta de Gobierno Territorial el pasado 12 de noviembre en su sede de Ferrol. El Ingeniero Naval, Jorge Dahl de Sobrino, ha sido elegido Decano Territorial y la Ingeniera Naval Beatriz Spuch S\u00e1nchez\" \/>\n\t\t<meta name=\"twitter:creator\" content=\"@Ingenieros%20Navales%20Galicia\" \/>\n\t\t<meta name=\"twitter:image\" content=\"https:\/\/galicia.ingenierosnavales.com\/wp-content\/uploads\/2025\/03\/LOGO-GALICIA.png\" \/>\n\t\t<script type=\"application\/ld+json\" class=\"aioseo-schema\">\n\t\t\t{\"@context\":\"https:\\\/\\\/schema.org\",\"@graph\":[{\"@type\":\"BlogPosting\",\"@id\":\"https:\\\/\\\/galicia.ingenierosnavales.com\\\/index.php\\\/2021\\\/11\\\/25\\\/relevo-en-la-delegacion-territorial-del-coin-en-galicia\\\/#blogposting\",\"name\":\"Relevo en la Delegaci\\u00f3n Territorial del COIN en Galicia - Delegaci\\u00f3n del COIN en Galicia -\",\"headline\":\"Relevo en la Delegaci\\u00f3n Territorial del COIN en Galicia\",\"author\":{\"@id\":\"https:\\\/\\\/galicia.ingenierosnavales.com\\\/index.php\\\/author\\\/galicia\\\/#author\"},\"publisher\":{\"@id\":\"https:\\\/\\\/galicia.ingenierosnavales.com\\\/#organization\"},\"image\":{\"@type\":\"ImageObject\",\"url\":\"https:\\\/\\\/galicia.ingenierosnavales.com\\\/wp-content\\\/uploads\\\/2021\\\/11\\\/JUNTA-DE-GOBIERNO-TERRITORIAL-portada.jpg\",\"width\":1920,\"height\":1080},\"datePublished\":\"2021-11-25T08:31:23+00:00\",\"dateModified\":\"2021-12-03T10:04:24+00:00\",\"inLanguage\":\"es-ES\",\"mainEntityOfPage\":{\"@id\":\"https:\\\/\\\/galicia.ingenierosnavales.com\\\/index.php\\\/2021\\\/11\\\/25\\\/relevo-en-la-delegacion-territorial-del-coin-en-galicia\\\/#webpage\"},\"isPartOf\":{\"@id\":\"https:\\\/\\\/galicia.ingenierosnavales.com\\\/index.php\\\/2021\\\/11\\\/25\\\/relevo-en-la-delegacion-territorial-del-coin-en-galicia\\\/#webpage\"},\"articleSection\":\"Noticias, Espa\\u00f1ol\"},{\"@type\":\"BreadcrumbList\",\"@id\":\"https:\\\/\\\/galicia.ingenierosnavales.com\\\/index.php\\\/2021\\\/11\\\/25\\\/relevo-en-la-delegacion-territorial-del-coin-en-galicia\\\/#breadcrumblist\",\"itemListElement\":[{\"@type\":\"ListItem\",\"@id\":\"https:\\\/\\\/galicia.ingenierosnavales.com#listItem\",\"position\":1,\"name\":\"Home\",\"item\":\"https:\\\/\\\/galicia.ingenierosnavales.com\",\"nextItem\":{\"@type\":\"ListItem\",\"@id\":\"https:\\\/\\\/galicia.ingenierosnavales.com\\\/index.php\\\/category\\\/noticias-gl-es\\\/#listItem\",\"name\":\"Noticias\"}},{\"@type\":\"ListItem\",\"@id\":\"https:\\\/\\\/galicia.ingenierosnavales.com\\\/index.php\\\/category\\\/noticias-gl-es\\\/#listItem\",\"position\":2,\"name\":\"Noticias\",\"item\":\"https:\\\/\\\/galicia.ingenierosnavales.com\\\/index.php\\\/category\\\/noticias-gl-es\\\/\",\"nextItem\":{\"@type\":\"ListItem\",\"@id\":\"https:\\\/\\\/galicia.ingenierosnavales.com\\\/index.php\\\/2021\\\/11\\\/25\\\/relevo-en-la-delegacion-territorial-del-coin-en-galicia\\\/#listItem\",\"name\":\"Relevo en la Delegaci\\u00f3n Territorial del COIN en Galicia\"},\"previousItem\":{\"@type\":\"ListItem\",\"@id\":\"https:\\\/\\\/galicia.ingenierosnavales.com#listItem\",\"name\":\"Home\"}},{\"@type\":\"ListItem\",\"@id\":\"https:\\\/\\\/galicia.ingenierosnavales.com\\\/index.php\\\/2021\\\/11\\\/25\\\/relevo-en-la-delegacion-territorial-del-coin-en-galicia\\\/#listItem\",\"position\":3,\"name\":\"Relevo en la Delegaci\\u00f3n Territorial del COIN en Galicia\",\"previousItem\":{\"@type\":\"ListItem\",\"@id\":\"https:\\\/\\\/galicia.ingenierosnavales.com\\\/index.php\\\/category\\\/noticias-gl-es\\\/#listItem\",\"name\":\"Noticias\"}}]},{\"@type\":\"Organization\",\"@id\":\"https:\\\/\\\/galicia.ingenierosnavales.com\\\/#organization\",\"name\":\"Delegaci\\u00f3n del COIN en Galicia -\",\"url\":\"https:\\\/\\\/galicia.ingenierosnavales.com\\\/\",\"telephone\":\"+34604068370\",\"logo\":{\"@type\":\"ImageObject\",\"url\":\"https:\\\/\\\/galicia.ingenierosnavales.com\\\/wp-content\\\/uploads\\\/2019\\\/09\\\/logo_2-1.png\",\"@id\":\"https:\\\/\\\/galicia.ingenierosnavales.com\\\/index.php\\\/2021\\\/11\\\/25\\\/relevo-en-la-delegacion-territorial-del-coin-en-galicia\\\/#organizationLogo\",\"width\":240,\"height\":94},\"image\":{\"@id\":\"https:\\\/\\\/galicia.ingenierosnavales.com\\\/index.php\\\/2021\\\/11\\\/25\\\/relevo-en-la-delegacion-territorial-del-coin-en-galicia\\\/#organizationLogo\"},\"sameAs\":[\"https:\\\/\\\/facebook.com\\\/Ingenieros Navales Galicia\",\"https:\\\/\\\/x.com\\\/Ingenieros Navales Galicia\",\"https:\\\/\\\/instagram.com\\\/Ingenieros Navales Galicia\",\"https:\\\/\\\/tiktok.com\\\/@Ingenieros Navales Galicia\",\"https:\\\/\\\/pinterest.com\\\/Ingenieros Navales Galicia\",\"https:\\\/\\\/youtube.com\\\/Ingenieros Navales Galicia\",\"https:\\\/\\\/linkedin.com\\\/in\\\/Ingenieros Navales Galicia\"]},{\"@type\":\"Person\",\"@id\":\"https:\\\/\\\/galicia.ingenierosnavales.com\\\/index.php\\\/author\\\/galicia\\\/#author\",\"url\":\"https:\\\/\\\/galicia.ingenierosnavales.com\\\/index.php\\\/author\\\/galicia\\\/\",\"name\":\"Delegaci\\u00f3n Galicia\",\"image\":{\"@type\":\"ImageObject\",\"@id\":\"https:\\\/\\\/galicia.ingenierosnavales.com\\\/index.php\\\/2021\\\/11\\\/25\\\/relevo-en-la-delegacion-territorial-del-coin-en-galicia\\\/#authorImage\",\"url\":\"https:\\\/\\\/secure.gravatar.com\\\/avatar\\\/784387c8ee70f0747950d2413aa515282183abc3726ddcd1d89e0d4fccc292b5?s=96&d=mm&r=g\",\"width\":96,\"height\":96,\"caption\":\"Delegaci\\u00f3n Galicia\"}},{\"@type\":\"WebPage\",\"@id\":\"https:\\\/\\\/galicia.ingenierosnavales.com\\\/index.php\\\/2021\\\/11\\\/25\\\/relevo-en-la-delegacion-territorial-del-coin-en-galicia\\\/#webpage\",\"url\":\"https:\\\/\\\/galicia.ingenierosnavales.com\\\/index.php\\\/2021\\\/11\\\/25\\\/relevo-en-la-delegacion-territorial-del-coin-en-galicia\\\/\",\"name\":\"Relevo en la Delegaci\\u00f3n Territorial del COIN en Galicia - Delegaci\\u00f3n del COIN en Galicia -\",\"description\":\"En la Junta General Extraordinaria celebrada el 12 de noviembre en Ferrol La Delegaci\\u00f3n Territorial del COIN en Galicia ha renovado su Junta de Gobierno Territorial el pasado 12 de noviembre en su sede de Ferrol. El Ingeniero Naval, Jorge Dahl de Sobrino, ha sido elegido Decano Territorial y la Ingeniera Naval Beatriz Spuch S\\u00e1nchez\",\"inLanguage\":\"es-ES\",\"isPartOf\":{\"@id\":\"https:\\\/\\\/galicia.ingenierosnavales.com\\\/#website\"},\"breadcrumb\":{\"@id\":\"https:\\\/\\\/galicia.ingenierosnavales.com\\\/index.php\\\/2021\\\/11\\\/25\\\/relevo-en-la-delegacion-territorial-del-coin-en-galicia\\\/#breadcrumblist\"},\"author\":{\"@id\":\"https:\\\/\\\/galicia.ingenierosnavales.com\\\/index.php\\\/author\\\/galicia\\\/#author\"},\"creator\":{\"@id\":\"https:\\\/\\\/galicia.ingenierosnavales.com\\\/index.php\\\/author\\\/galicia\\\/#author\"},\"image\":{\"@type\":\"ImageObject\",\"url\":\"https:\\\/\\\/galicia.ingenierosnavales.com\\\/wp-content\\\/uploads\\\/2021\\\/11\\\/JUNTA-DE-GOBIERNO-TERRITORIAL-portada.jpg\",\"@id\":\"https:\\\/\\\/galicia.ingenierosnavales.com\\\/index.php\\\/2021\\\/11\\\/25\\\/relevo-en-la-delegacion-territorial-del-coin-en-galicia\\\/#mainImage\",\"width\":1920,\"height\":1080},\"primaryImageOfPage\":{\"@id\":\"https:\\\/\\\/galicia.ingenierosnavales.com\\\/index.php\\\/2021\\\/11\\\/25\\\/relevo-en-la-delegacion-territorial-del-coin-en-galicia\\\/#mainImage\"},\"datePublished\":\"2021-11-25T08:31:23+00:00\",\"dateModified\":\"2021-12-03T10:04:24+00:00\"},{\"@type\":\"WebSite\",\"@id\":\"https:\\\/\\\/galicia.ingenierosnavales.com\\\/#website\",\"url\":\"https:\\\/\\\/galicia.ingenierosnavales.com\\\/\",\"name\":\"Delegaci\\u00f3n del COIN en Galicia -\",\"inLanguage\":\"es-ES\",\"publisher\":{\"@id\":\"https:\\\/\\\/galicia.ingenierosnavales.com\\\/#organization\"}}]}\n\t\t<\/script>\n\t\t<!-- All in One SEO -->\n\n","aioseo_head_json":{"title":"Relevo en la Delegaci\u00f3n Territorial del COIN en Galicia - Delegaci\u00f3n del COIN en Galicia -","description":"En la Junta General Extraordinaria celebrada el 12 de noviembre en Ferrol La Delegaci\u00f3n Territorial del COIN en Galicia ha renovado su Junta de Gobierno Territorial el pasado 12 de noviembre en su sede de Ferrol. El Ingeniero Naval, Jorge Dahl de Sobrino, ha sido elegido Decano Territorial y la Ingeniera Naval Beatriz Spuch S\u00e1nchez","canonical_url":"https:\/\/galicia.ingenierosnavales.com\/index.php\/2021\/11\/25\/relevo-en-la-delegacion-territorial-del-coin-en-galicia\/","robots":"max-image-preview:large","keywords":"","webmasterTools":{"google-site-verification":"7brmUOAwEmVOzDsnJ9q5QE6pLdw6wH0XiigUsr1GV5s","miscellaneous":""},"schema":{"@context":"https:\/\/schema.org","@graph":[{"@type":"BlogPosting","@id":"https:\/\/galicia.ingenierosnavales.com\/index.php\/2021\/11\/25\/relevo-en-la-delegacion-territorial-del-coin-en-galicia\/#blogposting","name":"Relevo en la Delegaci\u00f3n Territorial del COIN en Galicia - Delegaci\u00f3n del COIN en Galicia -","headline":"Relevo en la Delegaci\u00f3n Territorial del COIN en Galicia","author":{"@id":"https:\/\/galicia.ingenierosnavales.com\/index.php\/author\/galicia\/#author"},"publisher":{"@id":"https:\/\/galicia.ingenierosnavales.com\/#organization"},"image":{"@type":"ImageObject","url":"https:\/\/galicia.ingenierosnavales.com\/wp-content\/uploads\/2021\/11\/JUNTA-DE-GOBIERNO-TERRITORIAL-portada.jpg","width":1920,"height":1080},"datePublished":"2021-11-25T08:31:23+00:00","dateModified":"2021-12-03T10:04:24+00:00","inLanguage":"es-ES","mainEntityOfPage":{"@id":"https:\/\/galicia.ingenierosnavales.com\/index.php\/2021\/11\/25\/relevo-en-la-delegacion-territorial-del-coin-en-galicia\/#webpage"},"isPartOf":{"@id":"https:\/\/galicia.ingenierosnavales.com\/index.php\/2021\/11\/25\/relevo-en-la-delegacion-territorial-del-coin-en-galicia\/#webpage"},"articleSection":"Noticias, Espa\u00f1ol"},{"@type":"BreadcrumbList","@id":"https:\/\/galicia.ingenierosnavales.com\/index.php\/2021\/11\/25\/relevo-en-la-delegacion-territorial-del-coin-en-galicia\/#breadcrumblist","itemListElement":[{"@type":"ListItem","@id":"https:\/\/galicia.ingenierosnavales.com#listItem","position":1,"name":"Home","item":"https:\/\/galicia.ingenierosnavales.com","nextItem":{"@type":"ListItem","@id":"https:\/\/galicia.ingenierosnavales.com\/index.php\/category\/noticias-gl-es\/#listItem","name":"Noticias"}},{"@type":"ListItem","@id":"https:\/\/galicia.ingenierosnavales.com\/index.php\/category\/noticias-gl-es\/#listItem","position":2,"name":"Noticias","item":"https:\/\/galicia.ingenierosnavales.com\/index.php\/category\/noticias-gl-es\/","nextItem":{"@type":"ListItem","@id":"https:\/\/galicia.ingenierosnavales.com\/index.php\/2021\/11\/25\/relevo-en-la-delegacion-territorial-del-coin-en-galicia\/#listItem","name":"Relevo en la Delegaci\u00f3n Territorial del COIN en Galicia"},"previousItem":{"@type":"ListItem","@id":"https:\/\/galicia.ingenierosnavales.com#listItem","name":"Home"}},{"@type":"ListItem","@id":"https:\/\/galicia.ingenierosnavales.com\/index.php\/2021\/11\/25\/relevo-en-la-delegacion-territorial-del-coin-en-galicia\/#listItem","position":3,"name":"Relevo en la Delegaci\u00f3n Territorial del COIN en Galicia","previousItem":{"@type":"ListItem","@id":"https:\/\/galicia.ingenierosnavales.com\/index.php\/category\/noticias-gl-es\/#listItem","name":"Noticias"}}]},{"@type":"Organization","@id":"https:\/\/galicia.ingenierosnavales.com\/#organization","name":"Delegaci\u00f3n del COIN en Galicia -","url":"https:\/\/galicia.ingenierosnavales.com\/","telephone":"+34604068370","logo":{"@type":"ImageObject","url":"https:\/\/galicia.ingenierosnavales.com\/wp-content\/uploads\/2019\/09\/logo_2-1.png","@id":"https:\/\/galicia.ingenierosnavales.com\/index.php\/2021\/11\/25\/relevo-en-la-delegacion-territorial-del-coin-en-galicia\/#organizationLogo","width":240,"height":94},"image":{"@id":"https:\/\/galicia.ingenierosnavales.com\/index.php\/2021\/11\/25\/relevo-en-la-delegacion-territorial-del-coin-en-galicia\/#organizationLogo"},"sameAs":["https:\/\/facebook.com\/Ingenieros Navales Galicia","https:\/\/x.com\/Ingenieros Navales Galicia","https:\/\/instagram.com\/Ingenieros Navales Galicia","https:\/\/tiktok.com\/@Ingenieros Navales Galicia","https:\/\/pinterest.com\/Ingenieros Navales Galicia","https:\/\/youtube.com\/Ingenieros Navales Galicia","https:\/\/linkedin.com\/in\/Ingenieros Navales Galicia"]},{"@type":"Person","@id":"https:\/\/galicia.ingenierosnavales.com\/index.php\/author\/galicia\/#author","url":"https:\/\/galicia.ingenierosnavales.com\/index.php\/author\/galicia\/","name":"Delegaci\u00f3n Galicia","image":{"@type":"ImageObject","@id":"https:\/\/galicia.ingenierosnavales.com\/index.php\/2021\/11\/25\/relevo-en-la-delegacion-territorial-del-coin-en-galicia\/#authorImage","url":"https:\/\/secure.gravatar.com\/avatar\/784387c8ee70f0747950d2413aa515282183abc3726ddcd1d89e0d4fccc292b5?s=96&d=mm&r=g","width":96,"height":96,"caption":"Delegaci\u00f3n Galicia"}},{"@type":"WebPage","@id":"https:\/\/galicia.ingenierosnavales.com\/index.php\/2021\/11\/25\/relevo-en-la-delegacion-territorial-del-coin-en-galicia\/#webpage","url":"https:\/\/galicia.ingenierosnavales.com\/index.php\/2021\/11\/25\/relevo-en-la-delegacion-territorial-del-coin-en-galicia\/","name":"Relevo en la Delegaci\u00f3n Territorial del COIN en Galicia - Delegaci\u00f3n del COIN en Galicia -","description":"En la Junta General Extraordinaria celebrada el 12 de noviembre en Ferrol La Delegaci\u00f3n Territorial del COIN en Galicia ha renovado su Junta de Gobierno Territorial el pasado 12 de noviembre en su sede de Ferrol. El Ingeniero Naval, Jorge Dahl de Sobrino, ha sido elegido Decano Territorial y la Ingeniera Naval Beatriz Spuch S\u00e1nchez","inLanguage":"es-ES","isPartOf":{"@id":"https:\/\/galicia.ingenierosnavales.com\/#website"},"breadcrumb":{"@id":"https:\/\/galicia.ingenierosnavales.com\/index.php\/2021\/11\/25\/relevo-en-la-delegacion-territorial-del-coin-en-galicia\/#breadcrumblist"},"author":{"@id":"https:\/\/galicia.ingenierosnavales.com\/index.php\/author\/galicia\/#author"},"creator":{"@id":"https:\/\/galicia.ingenierosnavales.com\/index.php\/author\/galicia\/#author"},"image":{"@type":"ImageObject","url":"https:\/\/galicia.ingenierosnavales.com\/wp-content\/uploads\/2021\/11\/JUNTA-DE-GOBIERNO-TERRITORIAL-portada.jpg","@id":"https:\/\/galicia.ingenierosnavales.com\/index.php\/2021\/11\/25\/relevo-en-la-delegacion-territorial-del-coin-en-galicia\/#mainImage","width":1920,"height":1080},"primaryImageOfPage":{"@id":"https:\/\/galicia.ingenierosnavales.com\/index.php\/2021\/11\/25\/relevo-en-la-delegacion-territorial-del-coin-en-galicia\/#mainImage"},"datePublished":"2021-11-25T08:31:23+00:00","dateModified":"2021-12-03T10:04:24+00:00"},{"@type":"WebSite","@id":"https:\/\/galicia.ingenierosnavales.com\/#website","url":"https:\/\/galicia.ingenierosnavales.com\/","name":"Delegaci\u00f3n del COIN en Galicia -","inLanguage":"es-ES","publisher":{"@id":"https:\/\/galicia.ingenierosnavales.com\/#organization"}}]},"og:locale":"es_ES","og:site_name":"Delegaci\u00f3n del COIN en Galicia -  -","og:type":"article","og:title":"Relevo en la Delegaci\u00f3n Territorial del COIN en Galicia - Delegaci\u00f3n del COIN en Galicia -","og:description":"En la Junta General Extraordinaria celebrada el 12 de noviembre en Ferrol La Delegaci\u00f3n Territorial del COIN en Galicia ha renovado su Junta de Gobierno Territorial el pasado 12 de noviembre en su sede de Ferrol. El Ingeniero Naval, Jorge Dahl de Sobrino, ha sido elegido Decano Territorial y la Ingeniera Naval Beatriz Spuch S\u00e1nchez","og:url":"https:\/\/galicia.ingenierosnavales.com\/index.php\/2021\/11\/25\/relevo-en-la-delegacion-territorial-del-coin-en-galicia\/","og:image":"https:\/\/galicia.ingenierosnavales.com\/wp-content\/uploads\/2025\/03\/LOGO-GALICIA.png","og:image:secure_url":"https:\/\/galicia.ingenierosnavales.com\/wp-content\/uploads\/2025\/03\/LOGO-GALICIA.png","og:image:width":1050,"og:image:height":600,"article:published_time":"2021-11-25T08:31:23+00:00","article:modified_time":"2021-12-03T10:04:24+00:00","article:publisher":"https:\/\/facebook.com\/Ingenieros Navales Galicia","twitter:card":"summary_large_image","twitter:site":"@Ingenieros%20Navales%20Galicia","twitter:title":"Relevo en la Delegaci\u00f3n Territorial del COIN en Galicia - Delegaci\u00f3n del COIN en Galicia -","twitter:description":"En la Junta General Extraordinaria celebrada el 12 de noviembre en Ferrol La Delegaci\u00f3n Territorial del COIN en Galicia ha renovado su Junta de Gobierno Territorial el pasado 12 de noviembre en su sede de Ferrol. El Ingeniero Naval, Jorge Dahl de Sobrino, ha sido elegido Decano Territorial y la Ingeniera Naval Beatriz Spuch S\u00e1nchez","twitter:creator":"@Ingenieros%20Navales%20Galicia","twitter:image":"https:\/\/galicia.ingenierosnavales.com\/wp-content\/uploads\/2025\/03\/LOGO-GALICIA.png"},"aioseo_meta_data":{"post_id":"2959","title":null,"description":null,"keywords":null,"keyphrases":null,"primary_term":null,"canonical_url":null,"og_title":null,"og_description":null,"og_object_type":"default","og_image_type":"default","og_image_url":null,"og_image_width":null,"og_image_height":null,"og_image_custom_url":null,"og_image_custom_fields":null,"og_video":null,"og_custom_url":null,"og_article_section":null,"og_article_tags":null,"twitter_use_og":false,"twitter_card":"default","twitter_image_type":"default","twitter_image_url":null,"twitter_image_custom_url":null,"twitter_image_custom_fields":null,"twitter_title":null,"twitter_description":null,"schema":{"blockGraphs":[],"customGraphs":[],"default":{"data":{"Article":[],"Course":[],"Dataset":[],"FAQPage":[],"Movie":[],"Person":[],"Product":[],"ProductReview":[],"Car":[],"Recipe":[],"Service":[],"SoftwareApplication":[],"WebPage":[]},"graphName":"","isEnabled":true},"graphs":[]},"schema_type":"default","schema_type_options":null,"pillar_content":false,"robots_default":true,"robots_noindex":false,"robots_noarchive":false,"robots_nosnippet":false,"robots_nofollow":false,"robots_noimageindex":false,"robots_noodp":false,"robots_notranslate":false,"robots_max_snippet":null,"robots_max_videopreview":null,"robots_max_imagepreview":"large","priority":null,"frequency":null,"local_seo":null,"limit_modified_date":false,"created":"2024-11-27 16:46:18","updated":"2026-07-27 22:45:38","ai":null,"breadcrumb_settings":null,"seo_analyzer_scan_date":null,"focus_keyword":null,"additional_keywords":null,"truseo_locale":null},"aioseo_breadcrumb":"<div class=\"aioseo-breadcrumbs\"><span class=\"aioseo-breadcrumb\">\n\t\t\t<a href=\"https:\/\/galicia.ingenierosnavales.com\" title=\"Home\">Home<\/a>\n\t\t<\/span><span class=\"aioseo-breadcrumb-separator\">&raquo;<\/span><span class=\"aioseo-breadcrumb\">\n\t\t\t<a href=\"https:\/\/galicia.ingenierosnavales.com\/index.php\/category\/noticias-gl-es\/\" title=\"Noticias\">Noticias<\/a>\n\t\t<\/span><span class=\"aioseo-breadcrumb-separator\">&raquo;<\/span><span class=\"aioseo-breadcrumb\">\n\t\t\tRelevo en la Delegaci\u00f3n Territorial del COIN en Galicia\n\t\t<\/span><\/div>","aioseo_breadcrumb_json":[{"label":"Home","link":"https:\/\/galicia.ingenierosnavales.com"},{"label":"Noticias","link":"https:\/\/galicia.ingenierosnavales.com\/index.php\/category\/noticias-gl-es\/"},{"label":"Relevo en la Delegaci\u00f3n Territorial del COIN en Galicia","link":"https:\/\/galicia.ingenierosnavales.com\/index.php\/2021\/11\/25\/relevo-en-la-delegacion-territorial-del-coin-en-galicia\/"}],"_links":{"self":[{"href":"https:\/\/galicia.ingenierosnavales.com\/index.php\/wp-json\/wp\/v2\/posts\/2959","targetHints":{"allow":["GET"]}}],"collection":[{"href":"https:\/\/galicia.ingenierosnavales.com\/index.php\/wp-json\/wp\/v2\/posts"}],"about":[{"href":"https:\/\/galicia.ingenierosnavales.com\/index.php\/wp-json\/wp\/v2\/types\/post"}],"author":[{"embeddable":true,"href":"https:\/\/galicia.ingenierosnavales.com\/index.php\/wp-json\/wp\/v2\/users\/2"}],"replies":[{"embeddable":true,"href":"https:\/\/galicia.ingenierosnavales.com\/index.php\/wp-json\/wp\/v2\/comments?post=2959"}],"version-history":[{"count":2,"href":"https:\/\/galicia.ingenierosnavales.com\/index.php\/wp-json\/wp\/v2\/posts\/2959\/revisions"}],"predecessor-version":[{"id":3000,"href":"https:\/\/galicia.ingenierosnavales.com\/index.php\/wp-json\/wp\/v2\/posts\/2959\/revisions\/3000"}],"wp:featuredmedia":[{"embeddable":true,"href":"https:\/\/galicia.ingenierosnavales.com\/index.php\/wp-json\/wp\/v2\/media\/2964"}],"wp:attachment":[{"href":"https:\/\/galicia.ingenierosnavales.com\/index.php\/wp-json\/wp\/v2\/media?parent=2959"}],"wp:term":[{"taxonomy":"category","embeddable":true,"href":"https:\/\/galicia.ingenierosnavales.com\/index.php\/wp-json\/wp\/v2\/categories?post=2959"},{"taxonomy":"post_tag","embeddable":true,"href":"https:\/\/galicia.ingenierosnavales.com\/index.php\/wp-json\/wp\/v2\/tags?post=2959"}],"curies":[{"name":"wp","href":"https:\/\/api.w.org\/{rel}","templated":true}]}}