{"id":2709,"date":"2021-07-29T08:42:23","date_gmt":"2021-07-29T08:42:23","guid":{"rendered":"https:\/\/galicia.ingenierosnavales.com\/?p=2709"},"modified":"2021-07-29T08:42:23","modified_gmt":"2021-07-29T08:42:23","slug":"convocatoria-de-junta-general-territorial-ordinaria-galicia","status":"publish","type":"post","link":"https:\/\/galicia.ingenierosnavales.com\/index.php\/2021\/07\/29\/convocatoria-de-junta-general-territorial-ordinaria-galicia\/","title":{"rendered":"CONVOCATORIA DE JUNTA GENERAL TERRITORIAL ORDINARIA &#8211; GALICIA"},"content":{"rendered":"<p>Se convoca Junta General Ordinaria para el <strong>d\u00eda 25 de septiembre de 2021<\/strong>, en el <strong>Parador de Baiona (Avda. Arquitecto Jes\u00fas Valverde, 3-36300 Baiona) <\/strong>a las 12 h. en primera convocatoria y a las 12:30 h. en segunda convocatoria, de acuerdo al orden del d\u00eda que se adjunta.<\/p>\n<p>Se ruega confirmaci\u00f3n de asistencia a dicha Junta, v\u00eda correo electr\u00f3nico <a href=\"mailto:galicia@ingenierosnavales.com\">galicia@ingenierosnavales.com<\/a> o en el tel\u00e9fono 981 37 22 00.<\/p>\n<p>Se adjunta delegaci\u00f3n de voto en caso de no poder asistir. Un Colegiado\/a podr\u00e1 tener un m\u00e1ximo de 5 delegaciones de voto.<\/p>\n<p>Tras la celebraci\u00f3n de la Junta General,<strong> a las 14:30 h., <\/strong>tendr\u00e1 lugar el<strong> almuerzo <\/strong>en el<strong> Parador de Baiona. <\/strong><\/p>\n<p><strong>\u00a0<\/strong>El coste del men\u00fa es de 40 \u20ac de los cu\u00e1les<strong> se subvencionar\u00e1 al Colegiado\/a 20 \u20ac.<\/strong><\/p>\n<p><strong>Alojamiento:<\/strong><\/p>\n<p><strong>\u00a0<\/strong>Existe <strong>una reserva de 15 habitaciones<\/strong>, que se adjudicar\u00e1n seg\u00fan riguroso orden de comunicaci\u00f3n directa con el Parador. La persona de contacto para el <strong>\u201cGRUPO COINGA<\/strong>\u201d es Ana Turrado, quien gestionar\u00e1 la reserva de la habitaci\u00f3n hasta el 13 de AGOSTO a trav\u00e9s de correo electr\u00f3nico <a href=\"mailto:Comercial.Baiona@parador.es\">Comercial.Baiona@parador.es<\/a> incluyendo el formulario que se adjunta. Aunque la reserva de habitaci\u00f3n se debe hacer con el Parador directamente, debe enviarse copia a la Delegaci\u00f3n Territorial, as\u00ed como la inscripci\u00f3n en la Junta General y almuerzo. A partir del 13 de agosto, cualquier reserva de habitaci\u00f3n, debe gestionarse directamente con el Parador de Baiona que asignar\u00e1 seg\u00fan su disponibilidad (986 355 000 \u201cGRUPO COINGA\u201d\u00a0 &#8211; Responsable Ana Turrado)<\/p>\n<p>El precio de la habitaci\u00f3n doble est\u00e1ndar (2 adultos) es de 190 \u20ac (IVA incluido), y la habitaci\u00f3n doble de uso individual es de 175 \u20ac (IVA incluido). <strong>Se subvencionar\u00e1n 20 \u20ac\/colegiado<\/strong>.<\/p>\n<p>En caso de necesitar camas supletorias, se gestionar\u00e1 y pagar\u00e1 directamente con el Parador.<\/p>\n<p>HASTA EL <strong>13 de agosto<\/strong> (FECHA TOPE DE INSCRIPCI\u00d3N) PODR\u00c1N CONTACTAR CON EL PARADOR DE BAIONA (ANA TURRADO \u2013 GRUPO COINGA\u00a0 &#8211; 986 355 000 \/ <a href=\"mailto:Comercial.Baiona@parador.es\">Comercial.Baiona@parador.es<\/a> ). A partir del 1 de septiembre cualquier cancelaci\u00f3n generar\u00e1 gastos que correr\u00e1n a cargo del colegiado. Las inscripciones se considerar\u00e1n firmes una vez se haya realizado el ingreso de la parte correspondiente al Colegiado en la cuenta <strong>ES5800815243490001783282 <\/strong>del <strong>Banco de Sabadell<\/strong> a nombre de Colegio Oficial de Ingenieros Navales; el ingreso u orden de transferencia debe indicar el nombre del Colegiado para su debido registro.<\/p>\n<p><a href=\"https:\/\/galicia.ingenierosnavales.com\/wp-content\/uploads\/2021\/07\/CIRCULAR-5-CONVOCATORIA-JUNTA-GENERAL-TERRITORIAL.pdf\">CIRCULAR 5-CONVOCATORIA JUNTA GENERAL TERRITORIAL<\/a><\/p>\n<p><a href=\"https:\/\/galicia.ingenierosnavales.com\/wp-content\/uploads\/2021\/07\/CONVOCATORIA-JUNTA-GENERAL-TERRITORIAL.pdf\">CONVOCATORIA JUNTA GENERAL TERRITORIAL<\/a><\/p>\n<p><a href=\"https:\/\/galicia.ingenierosnavales.com\/wp-content\/uploads\/2021\/07\/Formulario-Reserva-Alojamiento.pdf\">Formulario Reserva Alojamiento<\/a><\/p>\n","protected":false},"excerpt":{"rendered":"<p>Se convoca Junta General Ordinaria para el d\u00eda 25 de septiembre de 2021, en el Parador de Baiona (Avda. Arquitecto Jes\u00fas Valverde, 3-36300 Baiona) a las 12 h. en primera convocatoria y a las&#46;&#46;&#46;<\/p>\n","protected":false},"author":2,"featured_media":2713,"comment_status":"open","ping_status":"open","sticky":false,"template":"","format":"standard","meta":{"om_disable_all_campaigns":false,"_monsterinsights_skip_tracking":false,"_monsterinsights_sitenote_active":false,"_monsterinsights_sitenote_note":"","_monsterinsights_sitenote_category":0,"_uf_show_specific_survey":0,"_uf_disable_surveys":false,"footnotes":""},"categories":[1],"tags":[],"class_list":["post-2709","post","type-post","status-publish","format-standard","has-post-thumbnail","hentry","category-eventos"],"aioseo_notices":[],"yoast_head":"<!-- This site is optimized with the Yoast SEO plugin v24.0 - https:\/\/yoast.com\/wordpress\/plugins\/seo\/ -->\n<title>CONVOCATORIA DE JUNTA GENERAL TERRITORIAL ORDINARIA - GALICIA - Delegaci\u00f3n del COIN en Galicia -<\/title>\n<meta name=\"robots\" content=\"index, follow, max-snippet:-1, max-image-preview:large, max-video-preview:-1\" \/>\n<link rel=\"canonical\" href=\"https:\/\/galicia.ingenierosnavales.com\/index.php\/2021\/07\/29\/convocatoria-de-junta-general-territorial-ordinaria-galicia\/\" \/>\n<meta property=\"og:locale\" content=\"es_ES\" \/>\n<meta property=\"og:type\" content=\"article\" \/>\n<meta property=\"og:title\" content=\"CONVOCATORIA DE JUNTA GENERAL TERRITORIAL ORDINARIA - GALICIA - Delegaci\u00f3n del COIN en Galicia -\" \/>\n<meta property=\"og:description\" content=\"Se convoca Junta General Ordinaria para el d\u00eda 25 de septiembre de 2021, en el Parador de Baiona (Avda. Arquitecto Jes\u00fas Valverde, 3-36300 Baiona) a las 12 h. en primera convocatoria y a las&#046;&#046;&#046;\" \/>\n<meta property=\"og:url\" content=\"https:\/\/galicia.ingenierosnavales.com\/index.php\/2021\/07\/29\/convocatoria-de-junta-general-territorial-ordinaria-galicia\/\" \/>\n<meta property=\"og:site_name\" content=\"Delegaci\u00f3n del COIN en Galicia -\" \/>\n<meta property=\"article:published_time\" content=\"2021-07-29T08:42:23+00:00\" \/>\n<meta property=\"og:image\" content=\"https:\/\/galicia.ingenierosnavales.com\/wp-content\/uploads\/2021\/07\/1.jpg\" \/>\n\t<meta property=\"og:image:width\" content=\"1920\" \/>\n\t<meta property=\"og:image:height\" content=\"1080\" \/>\n\t<meta property=\"og:image:type\" content=\"image\/jpeg\" \/>\n<meta name=\"author\" content=\"Delegaci\u00f3n Galicia\" \/>\n<meta name=\"twitter:card\" content=\"summary_large_image\" \/>\n<meta name=\"twitter:label1\" content=\"Escrito por\" \/>\n\t<meta name=\"twitter:data1\" content=\"Delegaci\u00f3n Galicia\" \/>\n\t<meta name=\"twitter:label2\" content=\"Tiempo de lectura\" \/>\n\t<meta name=\"twitter:data2\" content=\"2 minutos\" \/>\n<script type=\"application\/ld+json\" class=\"yoast-schema-graph\">{\"@context\":\"https:\/\/schema.org\",\"@graph\":[{\"@type\":\"Article\",\"@id\":\"https:\/\/galicia.ingenierosnavales.com\/index.php\/2021\/07\/29\/convocatoria-de-junta-general-territorial-ordinaria-galicia\/#article\",\"isPartOf\":{\"@id\":\"https:\/\/galicia.ingenierosnavales.com\/index.php\/2021\/07\/29\/convocatoria-de-junta-general-territorial-ordinaria-galicia\/\"},\"author\":{\"name\":\"Delegaci\u00f3n Galicia\",\"@id\":\"https:\/\/galicia.ingenierosnavales.com\/#\/schema\/person\/5b19750a916831d424f63e9271d4e51d\"},\"headline\":\"CONVOCATORIA DE JUNTA GENERAL TERRITORIAL ORDINARIA &#8211; GALICIA\",\"datePublished\":\"2021-07-29T08:42:23+00:00\",\"dateModified\":\"2021-07-29T08:42:23+00:00\",\"mainEntityOfPage\":{\"@id\":\"https:\/\/galicia.ingenierosnavales.com\/index.php\/2021\/07\/29\/convocatoria-de-junta-general-territorial-ordinaria-galicia\/\"},\"wordCount\":409,\"commentCount\":0,\"publisher\":{\"@id\":\"https:\/\/galicia.ingenierosnavales.com\/#organization\"},\"image\":{\"@id\":\"https:\/\/galicia.ingenierosnavales.com\/index.php\/2021\/07\/29\/convocatoria-de-junta-general-territorial-ordinaria-galicia\/#primaryimage\"},\"thumbnailUrl\":\"https:\/\/galicia.ingenierosnavales.com\/wp-content\/uploads\/2021\/07\/1.jpg\",\"articleSection\":[\"Eventos\"],\"inLanguage\":\"es\",\"potentialAction\":[{\"@type\":\"CommentAction\",\"name\":\"Comment\",\"target\":[\"https:\/\/galicia.ingenierosnavales.com\/index.php\/2021\/07\/29\/convocatoria-de-junta-general-territorial-ordinaria-galicia\/#respond\"]}]},{\"@type\":\"WebPage\",\"@id\":\"https:\/\/galicia.ingenierosnavales.com\/index.php\/2021\/07\/29\/convocatoria-de-junta-general-territorial-ordinaria-galicia\/\",\"url\":\"https:\/\/galicia.ingenierosnavales.com\/index.php\/2021\/07\/29\/convocatoria-de-junta-general-territorial-ordinaria-galicia\/\",\"name\":\"CONVOCATORIA DE JUNTA GENERAL TERRITORIAL ORDINARIA - GALICIA - Delegaci\u00f3n del COIN en Galicia -\",\"isPartOf\":{\"@id\":\"https:\/\/galicia.ingenierosnavales.com\/#website\"},\"primaryImageOfPage\":{\"@id\":\"https:\/\/galicia.ingenierosnavales.com\/index.php\/2021\/07\/29\/convocatoria-de-junta-general-territorial-ordinaria-galicia\/#primaryimage\"},\"image\":{\"@id\":\"https:\/\/galicia.ingenierosnavales.com\/index.php\/2021\/07\/29\/convocatoria-de-junta-general-territorial-ordinaria-galicia\/#primaryimage\"},\"thumbnailUrl\":\"https:\/\/galicia.ingenierosnavales.com\/wp-content\/uploads\/2021\/07\/1.jpg\",\"datePublished\":\"2021-07-29T08:42:23+00:00\",\"dateModified\":\"2021-07-29T08:42:23+00:00\",\"breadcrumb\":{\"@id\":\"https:\/\/galicia.ingenierosnavales.com\/index.php\/2021\/07\/29\/convocatoria-de-junta-general-territorial-ordinaria-galicia\/#breadcrumb\"},\"inLanguage\":\"es\",\"potentialAction\":[{\"@type\":\"ReadAction\",\"target\":[\"https:\/\/galicia.ingenierosnavales.com\/index.php\/2021\/07\/29\/convocatoria-de-junta-general-territorial-ordinaria-galicia\/\"]}]},{\"@type\":\"ImageObject\",\"inLanguage\":\"es\",\"@id\":\"https:\/\/galicia.ingenierosnavales.com\/index.php\/2021\/07\/29\/convocatoria-de-junta-general-territorial-ordinaria-galicia\/#primaryimage\",\"url\":\"https:\/\/galicia.ingenierosnavales.com\/wp-content\/uploads\/2021\/07\/1.jpg\",\"contentUrl\":\"https:\/\/galicia.ingenierosnavales.com\/wp-content\/uploads\/2021\/07\/1.jpg\",\"width\":1920,\"height\":1080},{\"@type\":\"BreadcrumbList\",\"@id\":\"https:\/\/galicia.ingenierosnavales.com\/index.php\/2021\/07\/29\/convocatoria-de-junta-general-territorial-ordinaria-galicia\/#breadcrumb\",\"itemListElement\":[{\"@type\":\"ListItem\",\"position\":1,\"name\":\"Home\",\"item\":\"https:\/\/galicia.ingenierosnavales.com\/\"},{\"@type\":\"ListItem\",\"position\":2,\"name\":\"CONVOCATORIA DE JUNTA GENERAL TERRITORIAL ORDINARIA &#8211; GALICIA\"}]},{\"@type\":\"WebSite\",\"@id\":\"https:\/\/galicia.ingenierosnavales.com\/#website\",\"url\":\"https:\/\/galicia.ingenierosnavales.com\/\",\"name\":\"Delegaci\u00f3n del COIN en Galicia -\",\"description\":\"\",\"publisher\":{\"@id\":\"https:\/\/galicia.ingenierosnavales.com\/#organization\"},\"potentialAction\":[{\"@type\":\"SearchAction\",\"target\":{\"@type\":\"EntryPoint\",\"urlTemplate\":\"https:\/\/galicia.ingenierosnavales.com\/?s={search_term_string}\"},\"query-input\":{\"@type\":\"PropertyValueSpecification\",\"valueRequired\":true,\"valueName\":\"search_term_string\"}}],\"inLanguage\":\"es\"},{\"@type\":\"Organization\",\"@id\":\"https:\/\/galicia.ingenierosnavales.com\/#organization\",\"name\":\"Delegaci\u00f3n del COIN en Galicia -\",\"url\":\"https:\/\/galicia.ingenierosnavales.com\/\",\"logo\":{\"@type\":\"ImageObject\",\"inLanguage\":\"es\",\"@id\":\"https:\/\/galicia.ingenierosnavales.com\/#\/schema\/logo\/image\/\",\"url\":\"https:\/\/galicia.ingenierosnavales.com\/wp-content\/uploads\/2022\/03\/logo_2-1.png\",\"contentUrl\":\"https:\/\/galicia.ingenierosnavales.com\/wp-content\/uploads\/2022\/03\/logo_2-1.png\",\"width\":240,\"height\":94,\"caption\":\"Delegaci\u00f3n del COIN en Galicia - \"},\"image\":{\"@id\":\"https:\/\/galicia.ingenierosnavales.com\/#\/schema\/logo\/image\/\"}},{\"@type\":\"Person\",\"@id\":\"https:\/\/galicia.ingenierosnavales.com\/#\/schema\/person\/5b19750a916831d424f63e9271d4e51d\",\"name\":\"Delegaci\u00f3n Galicia\",\"image\":{\"@type\":\"ImageObject\",\"inLanguage\":\"es\",\"@id\":\"https:\/\/galicia.ingenierosnavales.com\/#\/schema\/person\/image\/\",\"url\":\"https:\/\/secure.gravatar.com\/avatar\/8ba9b1dd96c7effddd31fcf63bf8cc7f?s=96&d=mm&r=g\",\"contentUrl\":\"https:\/\/secure.gravatar.com\/avatar\/8ba9b1dd96c7effddd31fcf63bf8cc7f?s=96&d=mm&r=g\",\"caption\":\"Delegaci\u00f3n Galicia\"},\"url\":\"https:\/\/galicia.ingenierosnavales.com\/index.php\/author\/galicia\/\"}]}<\/script>\n<!-- \/ Yoast SEO plugin. -->","yoast_head_json":{"title":"CONVOCATORIA DE JUNTA GENERAL TERRITORIAL ORDINARIA - GALICIA - Delegaci\u00f3n del COIN en Galicia -","robots":{"index":"index","follow":"follow","max-snippet":"max-snippet:-1","max-image-preview":"max-image-preview:large","max-video-preview":"max-video-preview:-1"},"canonical":"https:\/\/galicia.ingenierosnavales.com\/index.php\/2021\/07\/29\/convocatoria-de-junta-general-territorial-ordinaria-galicia\/","og_locale":"es_ES","og_type":"article","og_title":"CONVOCATORIA DE JUNTA GENERAL TERRITORIAL ORDINARIA - GALICIA - Delegaci\u00f3n del COIN en Galicia -","og_description":"Se convoca Junta General Ordinaria para el d\u00eda 25 de septiembre de 2021, en el Parador de Baiona (Avda. Arquitecto Jes\u00fas Valverde, 3-36300 Baiona) a las 12 h. en primera convocatoria y a las&#46;&#46;&#46;","og_url":"https:\/\/galicia.ingenierosnavales.com\/index.php\/2021\/07\/29\/convocatoria-de-junta-general-territorial-ordinaria-galicia\/","og_site_name":"Delegaci\u00f3n del COIN en Galicia -","article_published_time":"2021-07-29T08:42:23+00:00","og_image":[{"width":1920,"height":1080,"url":"https:\/\/galicia.ingenierosnavales.com\/wp-content\/uploads\/2021\/07\/1.jpg","type":"image\/jpeg"}],"author":"Delegaci\u00f3n Galicia","twitter_card":"summary_large_image","twitter_misc":{"Escrito por":"Delegaci\u00f3n Galicia","Tiempo de lectura":"2 minutos"},"schema":{"@context":"https:\/\/schema.org","@graph":[{"@type":"Article","@id":"https:\/\/galicia.ingenierosnavales.com\/index.php\/2021\/07\/29\/convocatoria-de-junta-general-territorial-ordinaria-galicia\/#article","isPartOf":{"@id":"https:\/\/galicia.ingenierosnavales.com\/index.php\/2021\/07\/29\/convocatoria-de-junta-general-territorial-ordinaria-galicia\/"},"author":{"name":"Delegaci\u00f3n Galicia","@id":"https:\/\/galicia.ingenierosnavales.com\/#\/schema\/person\/5b19750a916831d424f63e9271d4e51d"},"headline":"CONVOCATORIA DE JUNTA GENERAL TERRITORIAL ORDINARIA &#8211; GALICIA","datePublished":"2021-07-29T08:42:23+00:00","dateModified":"2021-07-29T08:42:23+00:00","mainEntityOfPage":{"@id":"https:\/\/galicia.ingenierosnavales.com\/index.php\/2021\/07\/29\/convocatoria-de-junta-general-territorial-ordinaria-galicia\/"},"wordCount":409,"commentCount":0,"publisher":{"@id":"https:\/\/galicia.ingenierosnavales.com\/#organization"},"image":{"@id":"https:\/\/galicia.ingenierosnavales.com\/index.php\/2021\/07\/29\/convocatoria-de-junta-general-territorial-ordinaria-galicia\/#primaryimage"},"thumbnailUrl":"https:\/\/galicia.ingenierosnavales.com\/wp-content\/uploads\/2021\/07\/1.jpg","articleSection":["Eventos"],"inLanguage":"es","potentialAction":[{"@type":"CommentAction","name":"Comment","target":["https:\/\/galicia.ingenierosnavales.com\/index.php\/2021\/07\/29\/convocatoria-de-junta-general-territorial-ordinaria-galicia\/#respond"]}]},{"@type":"WebPage","@id":"https:\/\/galicia.ingenierosnavales.com\/index.php\/2021\/07\/29\/convocatoria-de-junta-general-territorial-ordinaria-galicia\/","url":"https:\/\/galicia.ingenierosnavales.com\/index.php\/2021\/07\/29\/convocatoria-de-junta-general-territorial-ordinaria-galicia\/","name":"CONVOCATORIA DE JUNTA GENERAL TERRITORIAL ORDINARIA - GALICIA - Delegaci\u00f3n del COIN en Galicia -","isPartOf":{"@id":"https:\/\/galicia.ingenierosnavales.com\/#website"},"primaryImageOfPage":{"@id":"https:\/\/galicia.ingenierosnavales.com\/index.php\/2021\/07\/29\/convocatoria-de-junta-general-territorial-ordinaria-galicia\/#primaryimage"},"image":{"@id":"https:\/\/galicia.ingenierosnavales.com\/index.php\/2021\/07\/29\/convocatoria-de-junta-general-territorial-ordinaria-galicia\/#primaryimage"},"thumbnailUrl":"https:\/\/galicia.ingenierosnavales.com\/wp-content\/uploads\/2021\/07\/1.jpg","datePublished":"2021-07-29T08:42:23+00:00","dateModified":"2021-07-29T08:42:23+00:00","breadcrumb":{"@id":"https:\/\/galicia.ingenierosnavales.com\/index.php\/2021\/07\/29\/convocatoria-de-junta-general-territorial-ordinaria-galicia\/#breadcrumb"},"inLanguage":"es","potentialAction":[{"@type":"ReadAction","target":["https:\/\/galicia.ingenierosnavales.com\/index.php\/2021\/07\/29\/convocatoria-de-junta-general-territorial-ordinaria-galicia\/"]}]},{"@type":"ImageObject","inLanguage":"es","@id":"https:\/\/galicia.ingenierosnavales.com\/index.php\/2021\/07\/29\/convocatoria-de-junta-general-territorial-ordinaria-galicia\/#primaryimage","url":"https:\/\/galicia.ingenierosnavales.com\/wp-content\/uploads\/2021\/07\/1.jpg","contentUrl":"https:\/\/galicia.ingenierosnavales.com\/wp-content\/uploads\/2021\/07\/1.jpg","width":1920,"height":1080},{"@type":"BreadcrumbList","@id":"https:\/\/galicia.ingenierosnavales.com\/index.php\/2021\/07\/29\/convocatoria-de-junta-general-territorial-ordinaria-galicia\/#breadcrumb","itemListElement":[{"@type":"ListItem","position":1,"name":"Home","item":"https:\/\/galicia.ingenierosnavales.com\/"},{"@type":"ListItem","position":2,"name":"CONVOCATORIA DE JUNTA GENERAL TERRITORIAL ORDINARIA &#8211; GALICIA"}]},{"@type":"WebSite","@id":"https:\/\/galicia.ingenierosnavales.com\/#website","url":"https:\/\/galicia.ingenierosnavales.com\/","name":"Delegaci\u00f3n del COIN en Galicia -","description":"","publisher":{"@id":"https:\/\/galicia.ingenierosnavales.com\/#organization"},"potentialAction":[{"@type":"SearchAction","target":{"@type":"EntryPoint","urlTemplate":"https:\/\/galicia.ingenierosnavales.com\/?s={search_term_string}"},"query-input":{"@type":"PropertyValueSpecification","valueRequired":true,"valueName":"search_term_string"}}],"inLanguage":"es"},{"@type":"Organization","@id":"https:\/\/galicia.ingenierosnavales.com\/#organization","name":"Delegaci\u00f3n del COIN en Galicia -","url":"https:\/\/galicia.ingenierosnavales.com\/","logo":{"@type":"ImageObject","inLanguage":"es","@id":"https:\/\/galicia.ingenierosnavales.com\/#\/schema\/logo\/image\/","url":"https:\/\/galicia.ingenierosnavales.com\/wp-content\/uploads\/2022\/03\/logo_2-1.png","contentUrl":"https:\/\/galicia.ingenierosnavales.com\/wp-content\/uploads\/2022\/03\/logo_2-1.png","width":240,"height":94,"caption":"Delegaci\u00f3n del COIN en Galicia - "},"image":{"@id":"https:\/\/galicia.ingenierosnavales.com\/#\/schema\/logo\/image\/"}},{"@type":"Person","@id":"https:\/\/galicia.ingenierosnavales.com\/#\/schema\/person\/5b19750a916831d424f63e9271d4e51d","name":"Delegaci\u00f3n Galicia","image":{"@type":"ImageObject","inLanguage":"es","@id":"https:\/\/galicia.ingenierosnavales.com\/#\/schema\/person\/image\/","url":"https:\/\/secure.gravatar.com\/avatar\/8ba9b1dd96c7effddd31fcf63bf8cc7f?s=96&d=mm&r=g","contentUrl":"https:\/\/secure.gravatar.com\/avatar\/8ba9b1dd96c7effddd31fcf63bf8cc7f?s=96&d=mm&r=g","caption":"Delegaci\u00f3n Galicia"},"url":"https:\/\/galicia.ingenierosnavales.com\/index.php\/author\/galicia\/"}]}},"_links":{"self":[{"href":"https:\/\/galicia.ingenierosnavales.com\/index.php\/wp-json\/wp\/v2\/posts\/2709","targetHints":{"allow":["GET"]}}],"collection":[{"href":"https:\/\/galicia.ingenierosnavales.com\/index.php\/wp-json\/wp\/v2\/posts"}],"about":[{"href":"https:\/\/galicia.ingenierosnavales.com\/index.php\/wp-json\/wp\/v2\/types\/post"}],"author":[{"embeddable":true,"href":"https:\/\/galicia.ingenierosnavales.com\/index.php\/wp-json\/wp\/v2\/users\/2"}],"replies":[{"embeddable":true,"href":"https:\/\/galicia.ingenierosnavales.com\/index.php\/wp-json\/wp\/v2\/comments?post=2709"}],"version-history":[{"count":1,"href":"https:\/\/galicia.ingenierosnavales.com\/index.php\/wp-json\/wp\/v2\/posts\/2709\/revisions"}],"predecessor-version":[{"id":2714,"href":"https:\/\/galicia.ingenierosnavales.com\/index.php\/wp-json\/wp\/v2\/posts\/2709\/revisions\/2714"}],"wp:featuredmedia":[{"embeddable":true,"href":"https:\/\/galicia.ingenierosnavales.com\/index.php\/wp-json\/wp\/v2\/media\/2713"}],"wp:attachment":[{"href":"https:\/\/galicia.ingenierosnavales.com\/index.php\/wp-json\/wp\/v2\/media?parent=2709"}],"wp:term":[{"taxonomy":"category","embeddable":true,"href":"https:\/\/galicia.ingenierosnavales.com\/index.php\/wp-json\/wp\/v2\/categories?post=2709"},{"taxonomy":"post_tag","embeddable":true,"href":"https:\/\/galicia.ingenierosnavales.com\/index.php\/wp-json\/wp\/v2\/tags?post=2709"}],"curies":[{"name":"wp","href":"https:\/\/api.w.org\/{rel}","templated":true}]}}