{"id":2513,"date":"2021-06-29T12:24:11","date_gmt":"2021-06-29T12:24:11","guid":{"rendered":"https:\/\/galicia.ingenierosnavales.com\/?p=2513"},"modified":"2021-06-29T12:24:11","modified_gmt":"2021-06-29T12:24:11","slug":"novedades-covid-19-32","status":"publish","type":"post","link":"https:\/\/galicia.ingenierosnavales.com\/index.php\/2021\/06\/29\/novedades-covid-19-32\/","title":{"rendered":"NOVEDADES COVID-19"},"content":{"rendered":"<p>\u00daltimos anuncios de la Xunta de Galicia y del Gobierno central en relaci\u00f3n a la situaci\u00f3n provocada por el COVID-19:<\/p>\n<p>CONSELLERIA DE SANIDADE<\/p>\n<p><strong>ORDE do 25 de xu\u00f1o de 2021 pola que se establecen medidas de prevenci\u00f3n espec\u00edficas como consecuencia da evoluci\u00f3n da situaci\u00f3n epidemiol\u00f3xica derivada da COVID-19 na Comunidade Aut\u00f3noma de Galicia.<\/strong><\/p>\n<p><a href=\"https:\/\/www.xunta.gal\/dog\/Publicados\/excepcional\/2021\/20210625\/2682\/AnuncioC3K1-250621-6_gl.pdf\">https:\/\/www.xunta.gal\/dog\/Publicados\/excepcional\/2021\/20210625\/2682\/AnuncioC3K1-250621-6_gl.pdf<\/a><\/p>\n<p><strong>RESOLUCI\u00d3N do 24 de xu\u00f1o de 2021, da Direcci\u00f3n Xeral de Sa\u00fade P\u00fablica, na que se determinan os territorios para os efectos da aplicaci\u00f3n da obriga de comunicaci\u00f3n prevista na Orde do 27 de xullo de 2020 pola que se establecen medidas de prevenci\u00f3n para facer fronte \u00e1 crise sanitaria ocasionada pola COVID-19, en relaci\u00f3n coa chegada \u00e1 Comunidade Aut\u00f3noma de Galicia de persoas procedentes doutros territorios.<\/strong><\/p>\n<p><a href=\"https:\/\/www.xunta.gal\/dog\/Publicados\/2021\/20210629\/AnuncioC3K1-250621-0004_gl.pdf\">https:\/\/www.xunta.gal\/dog\/Publicados\/2021\/20210629\/AnuncioC3K1-250621-0004_gl.pdf<\/a><\/p>\n<p>JEFATURA DEL ESTADO<\/p>\n<p><strong>Real Decreto-ley 13\/2021, de 24 de junio, por el que se modifican la Ley 2\/2021, de 29 de marzo, de medidas urgentes de prevenci\u00f3n, contenci\u00f3n y coordinaci\u00f3n para hacer frente a la crisis sanitaria ocasionada por el COVID19, y el Real Decreto-ley 26\/2020, de 7 de julio, de medidas de reactivaci\u00f3n econ\u00f3mica para hacer frente al impacto del COVID-19 en los \u00e1mbitos de transportes y vivienda<\/strong>.<\/p>\n<p><a href=\"https:\/\/www.boe.es\/boe\/dias\/2021\/06\/25\/pdfs\/BOE-A-2021-10585.pdf\">https:\/\/www.boe.es\/boe\/dias\/2021\/06\/25\/pdfs\/BOE-A-2021-10585.pdf<\/a><\/p>\n<p>MINISTERIO DE SANIDAD<\/p>\n<p><strong>Orden SND\/660\/2021, de 23 de junio, por la que se prorroga la Orden SND\/413\/2021, de 27 de abril, sobre las condiciones de cuarentena a las que deben someterse las personas procedentes de la Rep\u00fablica de la India a su llegada a Espa\u00f1a, durante la situaci\u00f3n de crisis sanitaria ocasionada por la COVID-19.<\/strong><\/p>\n<p><strong>\u00a0<\/strong><a href=\"https:\/\/www.boe.es\/boe\/dias\/2021\/06\/25\/pdfs\/BOE-A-2021-10589.pdf\">https:\/\/www.boe.es\/boe\/dias\/2021\/06\/25\/pdfs\/BOE-A-2021-10589.pdf<\/a><\/p>\n<p><strong>\u00a0<\/strong>MINISTERIO DEL INTERIOR<\/p>\n<p><strong>Orden INT\/677\/2021, de 28 de junio, por la que se modifica la Orden INT\/657\/2020, de 17 de julio, por la que se modifican los criterios para la aplicaci\u00f3n de una restricci\u00f3n temporal de viajes no imprescindibles desde terceros pa\u00edses a la Uni\u00f3n Europea y pa\u00edses asociados Schengen por razones de orden p\u00fablico y salud p\u00fablica con motivo de la crisis sanitaria ocasionada por la COVID-19.<\/strong><\/p>\n<p><strong>\u00a0<\/strong><a href=\"https:\/\/www.boe.es\/boe\/dias\/2021\/06\/29\/pdfs\/BOE-A-2021-10746.pdf\">https:\/\/www.boe.es\/boe\/dias\/2021\/06\/29\/pdfs\/BOE-A-2021-10746.pdf<\/a><\/p>\n<p><strong>\u00a0<\/strong><strong>Orden INT\/647\/2021, de 23 de junio, por la que se modifica la Orden INT\/657\/2020, de 17 de julio, por la que se modifican los criterios para la aplicaci\u00f3n de una restricci\u00f3n temporal de viajes no imprescindibles desde terceros pa\u00edses a la Uni\u00f3n Europea y pa\u00edses asociados Schengen por razones de orden p\u00fablico y salud p\u00fablica con motivo de la crisis sanitaria ocasionada por la COVID-19.<\/strong><\/p>\n<p><a href=\"https:\/\/www.boe.es\/boe\/dias\/2021\/06\/24\/pdfs\/BOE-A-2021-10510.pdf\">https:\/\/www.boe.es\/boe\/dias\/2021\/06\/24\/pdfs\/BOE-A-2021-10510.pdf<\/a><\/p>\n","protected":false},"excerpt":{"rendered":"<p>\u00daltimos anuncios de la Xunta de Galicia y del Gobierno central en relaci\u00f3n a la situaci\u00f3n provocada por el COVID-19: CONSELLERIA DE SANIDADE ORDE do 25 de xu\u00f1o de 2021 pola que se establecen&#46;&#46;&#46;<\/p>\n","protected":false},"author":2,"featured_media":1797,"comment_status":"open","ping_status":"open","sticky":false,"template":"","format":"standard","meta":{"om_disable_all_campaigns":false,"_monsterinsights_skip_tracking":false,"_monsterinsights_sitenote_active":false,"_monsterinsights_sitenote_note":"","_monsterinsights_sitenote_category":0,"_uf_show_specific_survey":0,"_uf_disable_surveys":false,"footnotes":""},"categories":[3],"tags":[],"class_list":["post-2513","post","type-post","status-publish","format-standard","has-post-thumbnail","hentry","category-noticias-gl-es"],"aioseo_notices":[],"yoast_head":"<!-- This site is optimized with the Yoast SEO plugin v24.0 - https:\/\/yoast.com\/wordpress\/plugins\/seo\/ -->\n<title>NOVEDADES COVID-19 - Delegaci\u00f3n del COIN en Galicia -<\/title>\n<meta name=\"robots\" content=\"index, follow, max-snippet:-1, max-image-preview:large, max-video-preview:-1\" \/>\n<link rel=\"canonical\" href=\"https:\/\/galicia.ingenierosnavales.com\/index.php\/2021\/06\/29\/novedades-covid-19-32\/\" \/>\n<meta property=\"og:locale\" content=\"es_ES\" \/>\n<meta property=\"og:type\" content=\"article\" \/>\n<meta property=\"og:title\" content=\"NOVEDADES COVID-19 - Delegaci\u00f3n del COIN en Galicia -\" \/>\n<meta property=\"og:description\" content=\"\u00daltimos anuncios de la Xunta de Galicia y del Gobierno central en relaci\u00f3n a la situaci\u00f3n provocada por el COVID-19: CONSELLERIA DE SANIDADE ORDE do 25 de xu\u00f1o de 2021 pola que se establecen&#046;&#046;&#046;\" \/>\n<meta property=\"og:url\" content=\"https:\/\/galicia.ingenierosnavales.com\/index.php\/2021\/06\/29\/novedades-covid-19-32\/\" \/>\n<meta property=\"og:site_name\" content=\"Delegaci\u00f3n del COIN en Galicia -\" \/>\n<meta property=\"article:published_time\" content=\"2021-06-29T12:24:11+00:00\" \/>\n<meta property=\"og:image\" content=\"https:\/\/galicia.ingenierosnavales.com\/wp-content\/uploads\/2021\/01\/NOVEDADES-COVID.jpg\" \/>\n\t<meta property=\"og:image:width\" content=\"1920\" \/>\n\t<meta property=\"og:image:height\" content=\"1080\" \/>\n\t<meta property=\"og:image:type\" content=\"image\/jpeg\" \/>\n<meta name=\"author\" content=\"Delegaci\u00f3n Galicia\" \/>\n<meta name=\"twitter:card\" content=\"summary_large_image\" \/>\n<meta name=\"twitter:label1\" content=\"Escrito por\" \/>\n\t<meta name=\"twitter:data1\" content=\"Delegaci\u00f3n Galicia\" \/>\n\t<meta name=\"twitter:label2\" content=\"Tiempo de lectura\" \/>\n\t<meta name=\"twitter:data2\" content=\"2 minutos\" \/>\n<script type=\"application\/ld+json\" class=\"yoast-schema-graph\">{\"@context\":\"https:\/\/schema.org\",\"@graph\":[{\"@type\":\"Article\",\"@id\":\"https:\/\/galicia.ingenierosnavales.com\/index.php\/2021\/06\/29\/novedades-covid-19-32\/#article\",\"isPartOf\":{\"@id\":\"https:\/\/galicia.ingenierosnavales.com\/index.php\/2021\/06\/29\/novedades-covid-19-32\/\"},\"author\":{\"name\":\"Delegaci\u00f3n Galicia\",\"@id\":\"https:\/\/galicia.ingenierosnavales.com\/#\/schema\/person\/5b19750a916831d424f63e9271d4e51d\"},\"headline\":\"NOVEDADES COVID-19\",\"datePublished\":\"2021-06-29T12:24:11+00:00\",\"dateModified\":\"2021-06-29T12:24:11+00:00\",\"mainEntityOfPage\":{\"@id\":\"https:\/\/galicia.ingenierosnavales.com\/index.php\/2021\/06\/29\/novedades-covid-19-32\/\"},\"wordCount\":465,\"commentCount\":0,\"publisher\":{\"@id\":\"https:\/\/galicia.ingenierosnavales.com\/#organization\"},\"image\":{\"@id\":\"https:\/\/galicia.ingenierosnavales.com\/index.php\/2021\/06\/29\/novedades-covid-19-32\/#primaryimage\"},\"thumbnailUrl\":\"https:\/\/galicia.ingenierosnavales.com\/wp-content\/uploads\/2021\/01\/NOVEDADES-COVID.jpg\",\"articleSection\":[\"Noticias\"],\"inLanguage\":\"es\",\"potentialAction\":[{\"@type\":\"CommentAction\",\"name\":\"Comment\",\"target\":[\"https:\/\/galicia.ingenierosnavales.com\/index.php\/2021\/06\/29\/novedades-covid-19-32\/#respond\"]}]},{\"@type\":\"WebPage\",\"@id\":\"https:\/\/galicia.ingenierosnavales.com\/index.php\/2021\/06\/29\/novedades-covid-19-32\/\",\"url\":\"https:\/\/galicia.ingenierosnavales.com\/index.php\/2021\/06\/29\/novedades-covid-19-32\/\",\"name\":\"NOVEDADES COVID-19 - Delegaci\u00f3n del COIN en Galicia -\",\"isPartOf\":{\"@id\":\"https:\/\/galicia.ingenierosnavales.com\/#website\"},\"primaryImageOfPage\":{\"@id\":\"https:\/\/galicia.ingenierosnavales.com\/index.php\/2021\/06\/29\/novedades-covid-19-32\/#primaryimage\"},\"image\":{\"@id\":\"https:\/\/galicia.ingenierosnavales.com\/index.php\/2021\/06\/29\/novedades-covid-19-32\/#primaryimage\"},\"thumbnailUrl\":\"https:\/\/galicia.ingenierosnavales.com\/wp-content\/uploads\/2021\/01\/NOVEDADES-COVID.jpg\",\"datePublished\":\"2021-06-29T12:24:11+00:00\",\"dateModified\":\"2021-06-29T12:24:11+00:00\",\"breadcrumb\":{\"@id\":\"https:\/\/galicia.ingenierosnavales.com\/index.php\/2021\/06\/29\/novedades-covid-19-32\/#breadcrumb\"},\"inLanguage\":\"es\",\"potentialAction\":[{\"@type\":\"ReadAction\",\"target\":[\"https:\/\/galicia.ingenierosnavales.com\/index.php\/2021\/06\/29\/novedades-covid-19-32\/\"]}]},{\"@type\":\"ImageObject\",\"inLanguage\":\"es\",\"@id\":\"https:\/\/galicia.ingenierosnavales.com\/index.php\/2021\/06\/29\/novedades-covid-19-32\/#primaryimage\",\"url\":\"https:\/\/galicia.ingenierosnavales.com\/wp-content\/uploads\/2021\/01\/NOVEDADES-COVID.jpg\",\"contentUrl\":\"https:\/\/galicia.ingenierosnavales.com\/wp-content\/uploads\/2021\/01\/NOVEDADES-COVID.jpg\",\"width\":1920,\"height\":1080},{\"@type\":\"BreadcrumbList\",\"@id\":\"https:\/\/galicia.ingenierosnavales.com\/index.php\/2021\/06\/29\/novedades-covid-19-32\/#breadcrumb\",\"itemListElement\":[{\"@type\":\"ListItem\",\"position\":1,\"name\":\"Home\",\"item\":\"https:\/\/galicia.ingenierosnavales.com\/\"},{\"@type\":\"ListItem\",\"position\":2,\"name\":\"NOVEDADES COVID-19\"}]},{\"@type\":\"WebSite\",\"@id\":\"https:\/\/galicia.ingenierosnavales.com\/#website\",\"url\":\"https:\/\/galicia.ingenierosnavales.com\/\",\"name\":\"Delegaci\u00f3n del COIN en Galicia -\",\"description\":\"\",\"publisher\":{\"@id\":\"https:\/\/galicia.ingenierosnavales.com\/#organization\"},\"potentialAction\":[{\"@type\":\"SearchAction\",\"target\":{\"@type\":\"EntryPoint\",\"urlTemplate\":\"https:\/\/galicia.ingenierosnavales.com\/?s={search_term_string}\"},\"query-input\":{\"@type\":\"PropertyValueSpecification\",\"valueRequired\":true,\"valueName\":\"search_term_string\"}}],\"inLanguage\":\"es\"},{\"@type\":\"Organization\",\"@id\":\"https:\/\/galicia.ingenierosnavales.com\/#organization\",\"name\":\"Delegaci\u00f3n del COIN en Galicia -\",\"url\":\"https:\/\/galicia.ingenierosnavales.com\/\",\"logo\":{\"@type\":\"ImageObject\",\"inLanguage\":\"es\",\"@id\":\"https:\/\/galicia.ingenierosnavales.com\/#\/schema\/logo\/image\/\",\"url\":\"https:\/\/galicia.ingenierosnavales.com\/wp-content\/uploads\/2022\/03\/logo_2-1.png\",\"contentUrl\":\"https:\/\/galicia.ingenierosnavales.com\/wp-content\/uploads\/2022\/03\/logo_2-1.png\",\"width\":240,\"height\":94,\"caption\":\"Delegaci\u00f3n del COIN en Galicia - \"},\"image\":{\"@id\":\"https:\/\/galicia.ingenierosnavales.com\/#\/schema\/logo\/image\/\"}},{\"@type\":\"Person\",\"@id\":\"https:\/\/galicia.ingenierosnavales.com\/#\/schema\/person\/5b19750a916831d424f63e9271d4e51d\",\"name\":\"Delegaci\u00f3n Galicia\",\"image\":{\"@type\":\"ImageObject\",\"inLanguage\":\"es\",\"@id\":\"https:\/\/galicia.ingenierosnavales.com\/#\/schema\/person\/image\/\",\"url\":\"https:\/\/secure.gravatar.com\/avatar\/8ba9b1dd96c7effddd31fcf63bf8cc7f?s=96&d=mm&r=g\",\"contentUrl\":\"https:\/\/secure.gravatar.com\/avatar\/8ba9b1dd96c7effddd31fcf63bf8cc7f?s=96&d=mm&r=g\",\"caption\":\"Delegaci\u00f3n Galicia\"},\"url\":\"https:\/\/galicia.ingenierosnavales.com\/index.php\/author\/galicia\/\"}]}<\/script>\n<!-- \/ Yoast SEO plugin. -->","yoast_head_json":{"title":"NOVEDADES COVID-19 - Delegaci\u00f3n del COIN en Galicia -","robots":{"index":"index","follow":"follow","max-snippet":"max-snippet:-1","max-image-preview":"max-image-preview:large","max-video-preview":"max-video-preview:-1"},"canonical":"https:\/\/galicia.ingenierosnavales.com\/index.php\/2021\/06\/29\/novedades-covid-19-32\/","og_locale":"es_ES","og_type":"article","og_title":"NOVEDADES COVID-19 - Delegaci\u00f3n del COIN en Galicia -","og_description":"\u00daltimos anuncios de la Xunta de Galicia y del Gobierno central en relaci\u00f3n a la situaci\u00f3n provocada por el COVID-19: CONSELLERIA DE SANIDADE ORDE do 25 de xu\u00f1o de 2021 pola que se establecen&#46;&#46;&#46;","og_url":"https:\/\/galicia.ingenierosnavales.com\/index.php\/2021\/06\/29\/novedades-covid-19-32\/","og_site_name":"Delegaci\u00f3n del COIN en Galicia -","article_published_time":"2021-06-29T12:24:11+00:00","og_image":[{"width":1920,"height":1080,"url":"https:\/\/galicia.ingenierosnavales.com\/wp-content\/uploads\/2021\/01\/NOVEDADES-COVID.jpg","type":"image\/jpeg"}],"author":"Delegaci\u00f3n Galicia","twitter_card":"summary_large_image","twitter_misc":{"Escrito por":"Delegaci\u00f3n Galicia","Tiempo de lectura":"2 minutos"},"schema":{"@context":"https:\/\/schema.org","@graph":[{"@type":"Article","@id":"https:\/\/galicia.ingenierosnavales.com\/index.php\/2021\/06\/29\/novedades-covid-19-32\/#article","isPartOf":{"@id":"https:\/\/galicia.ingenierosnavales.com\/index.php\/2021\/06\/29\/novedades-covid-19-32\/"},"author":{"name":"Delegaci\u00f3n Galicia","@id":"https:\/\/galicia.ingenierosnavales.com\/#\/schema\/person\/5b19750a916831d424f63e9271d4e51d"},"headline":"NOVEDADES COVID-19","datePublished":"2021-06-29T12:24:11+00:00","dateModified":"2021-06-29T12:24:11+00:00","mainEntityOfPage":{"@id":"https:\/\/galicia.ingenierosnavales.com\/index.php\/2021\/06\/29\/novedades-covid-19-32\/"},"wordCount":465,"commentCount":0,"publisher":{"@id":"https:\/\/galicia.ingenierosnavales.com\/#organization"},"image":{"@id":"https:\/\/galicia.ingenierosnavales.com\/index.php\/2021\/06\/29\/novedades-covid-19-32\/#primaryimage"},"thumbnailUrl":"https:\/\/galicia.ingenierosnavales.com\/wp-content\/uploads\/2021\/01\/NOVEDADES-COVID.jpg","articleSection":["Noticias"],"inLanguage":"es","potentialAction":[{"@type":"CommentAction","name":"Comment","target":["https:\/\/galicia.ingenierosnavales.com\/index.php\/2021\/06\/29\/novedades-covid-19-32\/#respond"]}]},{"@type":"WebPage","@id":"https:\/\/galicia.ingenierosnavales.com\/index.php\/2021\/06\/29\/novedades-covid-19-32\/","url":"https:\/\/galicia.ingenierosnavales.com\/index.php\/2021\/06\/29\/novedades-covid-19-32\/","name":"NOVEDADES COVID-19 - Delegaci\u00f3n del COIN en Galicia -","isPartOf":{"@id":"https:\/\/galicia.ingenierosnavales.com\/#website"},"primaryImageOfPage":{"@id":"https:\/\/galicia.ingenierosnavales.com\/index.php\/2021\/06\/29\/novedades-covid-19-32\/#primaryimage"},"image":{"@id":"https:\/\/galicia.ingenierosnavales.com\/index.php\/2021\/06\/29\/novedades-covid-19-32\/#primaryimage"},"thumbnailUrl":"https:\/\/galicia.ingenierosnavales.com\/wp-content\/uploads\/2021\/01\/NOVEDADES-COVID.jpg","datePublished":"2021-06-29T12:24:11+00:00","dateModified":"2021-06-29T12:24:11+00:00","breadcrumb":{"@id":"https:\/\/galicia.ingenierosnavales.com\/index.php\/2021\/06\/29\/novedades-covid-19-32\/#breadcrumb"},"inLanguage":"es","potentialAction":[{"@type":"ReadAction","target":["https:\/\/galicia.ingenierosnavales.com\/index.php\/2021\/06\/29\/novedades-covid-19-32\/"]}]},{"@type":"ImageObject","inLanguage":"es","@id":"https:\/\/galicia.ingenierosnavales.com\/index.php\/2021\/06\/29\/novedades-covid-19-32\/#primaryimage","url":"https:\/\/galicia.ingenierosnavales.com\/wp-content\/uploads\/2021\/01\/NOVEDADES-COVID.jpg","contentUrl":"https:\/\/galicia.ingenierosnavales.com\/wp-content\/uploads\/2021\/01\/NOVEDADES-COVID.jpg","width":1920,"height":1080},{"@type":"BreadcrumbList","@id":"https:\/\/galicia.ingenierosnavales.com\/index.php\/2021\/06\/29\/novedades-covid-19-32\/#breadcrumb","itemListElement":[{"@type":"ListItem","position":1,"name":"Home","item":"https:\/\/galicia.ingenierosnavales.com\/"},{"@type":"ListItem","position":2,"name":"NOVEDADES COVID-19"}]},{"@type":"WebSite","@id":"https:\/\/galicia.ingenierosnavales.com\/#website","url":"https:\/\/galicia.ingenierosnavales.com\/","name":"Delegaci\u00f3n del COIN en Galicia -","description":"","publisher":{"@id":"https:\/\/galicia.ingenierosnavales.com\/#organization"},"potentialAction":[{"@type":"SearchAction","target":{"@type":"EntryPoint","urlTemplate":"https:\/\/galicia.ingenierosnavales.com\/?s={search_term_string}"},"query-input":{"@type":"PropertyValueSpecification","valueRequired":true,"valueName":"search_term_string"}}],"inLanguage":"es"},{"@type":"Organization","@id":"https:\/\/galicia.ingenierosnavales.com\/#organization","name":"Delegaci\u00f3n del COIN en Galicia -","url":"https:\/\/galicia.ingenierosnavales.com\/","logo":{"@type":"ImageObject","inLanguage":"es","@id":"https:\/\/galicia.ingenierosnavales.com\/#\/schema\/logo\/image\/","url":"https:\/\/galicia.ingenierosnavales.com\/wp-content\/uploads\/2022\/03\/logo_2-1.png","contentUrl":"https:\/\/galicia.ingenierosnavales.com\/wp-content\/uploads\/2022\/03\/logo_2-1.png","width":240,"height":94,"caption":"Delegaci\u00f3n del COIN en Galicia - "},"image":{"@id":"https:\/\/galicia.ingenierosnavales.com\/#\/schema\/logo\/image\/"}},{"@type":"Person","@id":"https:\/\/galicia.ingenierosnavales.com\/#\/schema\/person\/5b19750a916831d424f63e9271d4e51d","name":"Delegaci\u00f3n Galicia","image":{"@type":"ImageObject","inLanguage":"es","@id":"https:\/\/galicia.ingenierosnavales.com\/#\/schema\/person\/image\/","url":"https:\/\/secure.gravatar.com\/avatar\/8ba9b1dd96c7effddd31fcf63bf8cc7f?s=96&d=mm&r=g","contentUrl":"https:\/\/secure.gravatar.com\/avatar\/8ba9b1dd96c7effddd31fcf63bf8cc7f?s=96&d=mm&r=g","caption":"Delegaci\u00f3n Galicia"},"url":"https:\/\/galicia.ingenierosnavales.com\/index.php\/author\/galicia\/"}]}},"_links":{"self":[{"href":"https:\/\/galicia.ingenierosnavales.com\/index.php\/wp-json\/wp\/v2\/posts\/2513","targetHints":{"allow":["GET"]}}],"collection":[{"href":"https:\/\/galicia.ingenierosnavales.com\/index.php\/wp-json\/wp\/v2\/posts"}],"about":[{"href":"https:\/\/galicia.ingenierosnavales.com\/index.php\/wp-json\/wp\/v2\/types\/post"}],"author":[{"embeddable":true,"href":"https:\/\/galicia.ingenierosnavales.com\/index.php\/wp-json\/wp\/v2\/users\/2"}],"replies":[{"embeddable":true,"href":"https:\/\/galicia.ingenierosnavales.com\/index.php\/wp-json\/wp\/v2\/comments?post=2513"}],"version-history":[{"count":1,"href":"https:\/\/galicia.ingenierosnavales.com\/index.php\/wp-json\/wp\/v2\/posts\/2513\/revisions"}],"predecessor-version":[{"id":2514,"href":"https:\/\/galicia.ingenierosnavales.com\/index.php\/wp-json\/wp\/v2\/posts\/2513\/revisions\/2514"}],"wp:featuredmedia":[{"embeddable":true,"href":"https:\/\/galicia.ingenierosnavales.com\/index.php\/wp-json\/wp\/v2\/media\/1797"}],"wp:attachment":[{"href":"https:\/\/galicia.ingenierosnavales.com\/index.php\/wp-json\/wp\/v2\/media?parent=2513"}],"wp:term":[{"taxonomy":"category","embeddable":true,"href":"https:\/\/galicia.ingenierosnavales.com\/index.php\/wp-json\/wp\/v2\/categories?post=2513"},{"taxonomy":"post_tag","embeddable":true,"href":"https:\/\/galicia.ingenierosnavales.com\/index.php\/wp-json\/wp\/v2\/tags?post=2513"}],"curies":[{"name":"wp","href":"https:\/\/api.w.org\/{rel}","templated":true}]}}