{"id":196,"date":"2019-10-18T12:11:29","date_gmt":"2019-10-18T12:11:29","guid":{"rendered":"https:\/\/galicia.ingenierosnavales.com\/?p=196"},"modified":"2019-10-18T12:11:29","modified_gmt":"2019-10-18T12:11:29","slug":"ii-jornada-tecnica-aine-enm","status":"publish","type":"post","link":"https:\/\/galicia.ingenierosnavales.com\/index.php\/2019\/10\/18\/ii-jornada-tecnica-aine-enm\/","title":{"rendered":"II JORNADA TECNICA AINE-ENM"},"content":{"rendered":"<p>\u201cGALEONES Y NAV\u00cdOS DE LOS SIGLOS XVII Y XVIII. SU INGENIER\u00cdA Y NAVEGACI\u00d3N.\u201d<\/p>\n<p>El pasado 5 de Octubre se llev\u00f3 a cabo en la Escuela Naval Militar (Mar\u00edn, Pontevedra), la II Jornada T\u00e9cnica AINE \u2013 ENM que en esta edici\u00f3n vers\u00f3 sobre las naves oce\u00e1nicas espa\u00f1olas en los siglos XVII y XVIII con especial foco en fragatas, galeones y nav\u00edos. Esta Jornada di\u00f3 continuidad tem\u00e1tica a la realizada el pasado a\u00f1o 2018 sobre las naves de los Descubrimientos en los Siglos\u00a0 XV y XVI.<\/p>\n<p>Dieron la bienvenida el C.N. Comandante-Director de la Escuela Naval Militar. D. Ignacio Cuartero Lorenzo y el C.F. Ingeniero Naval. Dr. Ingeniero Naval, Presidente y Decano Territorial en Galicia de la Asociaci\u00f3n y Colegio de Ingenieros Navales y Oce\u00e1nicos, D. Jos\u00e9 Joaqu\u00edn de Troya y Calatayud.<\/p>\n<p>A continuaci\u00f3n el Coordinador de la Jornada, el Ingeniero Naval y Ex Decano\/Presidente Territorial en Galicia de COIN y AINE, D. Guillermo Gefaell Chamoch\u00edn, hizo una introducci\u00f3n a la tem\u00e1tica del d\u00eda.<\/p>\n<p>Seguidamente intervinieron los diversos ponentes con arreglo al siguiente orden:<\/p>\n<ol>\n<li>Agust\u00edn Ram\u00f3n Rodr\u00edguez Gonz\u00e1lez, Dr. en Historia, Profesor Adjunto de Historia en el CEU, Asesor colaborador del Museo Naval de Madrid, Miembro correspondiente de la Real Academia de la Historia y de la Real Academia del Mar, conferenciante y autor de libros y art\u00edculos relacionados con la Armada espa\u00f1ola, vers\u00f3 sobre el tema <strong><em>Contexto hist\u00f3rico de<\/em> l<em>a Marina Espa\u00f1ola en los siglos XVII y XVIII<\/em> <\/strong>, con especial incidencia en el desarrollo del concepto de fragata, que defiende ser originario de Espa\u00f1a.<\/li>\n<li>Jos\u00e9 Mar\u00eda de Juan-Garc\u00eda Aguado, Dr. Ingeniero Naval, Catedr\u00e1tico de Construcci\u00f3n Naval de la Universidad de la Coru\u00f1a, expuso el tema <strong><em>Cient\u00edficos y Marinos. La g\u00e9nesis de la Ingenier\u00eda Naval en el S. XVIII.\u00a0<\/em><\/strong><\/li>\n<li>Fernando Cabrera de Aizpuru, Dr. Ingeniero Naval, Secretario T\u00e9cnico de PSA Group, Vigo y Ex Profesor Asociado de Instalaciones Marinas en la Universidad de Vigo, habl\u00f3 de los<em> <strong>Desaf\u00edos de la<\/strong><\/em><strong> <em>Arquitectura Naval en la Europa del S. XVIII y un an\u00e1lisis t\u00e9cnico<\/em><\/strong><\/li>\n<\/ol>\n<p>Por ausencia sobrevenida de D. Juan Manuel L\u00f3pez V\u00e1zquez, Licenciado en Navegaci\u00f3n Mar\u00edtima y Bachelor of Engineering\/Ship Science por la Universidad de Southampton, D. Guillermo Gefaell Chamoch\u00edn ley\u00f3 su ponencia <strong><em>La Ingenier\u00eda Naval en la<\/em> <em>Reconstrucci\u00f3n del Nav\u00edo Sant\u00edsima Trinidad<\/em><\/strong><\/p>\n<p>Para terminar las ponencias, D. Antonio Gonzalo de la Cruz Fern\u00e1ndez, Capit\u00e1n de la Marina Mercante y Doctor en Ciencias N\u00e1uticas, Profesor titular del Departamento de Ciencias y Tecnolog\u00edas de la Navegaci\u00f3n y Construcciones Navales de la Universidad de C\u00e1diz hizo una presentaci\u00f3n sobre <strong><em>La <\/em><\/strong><strong><em>Navegaci\u00f3n de un gale\u00f3n del S. XVII<\/em><\/strong> \u00a0en base a su experiencia al mando de la Nao Victoria y el Gale\u00f3n Andaluc\u00eda.<\/p>\n<p>La Jornada remat\u00f3 con una animada Mesa Redonda en la que los m\u00e1s de 150 asistentes pudieron realizar numerosas preguntas a los ponentes.<\/p>\n<p>El Comandante-Director de la ENM despidi\u00f3 la Jornada con una alegaci\u00f3n a la importancia del conocimiento como base imprescindible para los oficiales de la Armada Espa\u00f1ola e hizo votos para la pr\u00f3xima jornada el a\u00f1o pr\u00f3ximo por las mismas fechas, que versar\u00e1 sobre la transici\u00f3n de la madera y la vela al hierro, el acero y el vapor en el siglo XIX.<\/p>\n<p><a href=\"https:\/\/galicia.ingenierosnavales.com\/wp-content\/uploads\/2019\/10\/sinopsis-Jornada-ENM-5-octubre.pdf\">sinopsis Jornada ENM 5 octubre<\/a><\/p>\n\n\t\t<style>\n\t\t\t#gallery-1 {\n\t\t\t\tmargin: auto;\n\t\t\t}\n\t\t\t#gallery-1 .gallery-item {\n\t\t\t\tfloat: left;\n\t\t\t\tmargin-top: 10px;\n\t\t\t\ttext-align: center;\n\t\t\t\twidth: 33%;\n\t\t\t}\n\t\t\t#gallery-1 img {\n\t\t\t\tborder: 2px solid #cfcfcf;\n\t\t\t}\n\t\t\t#gallery-1 .gallery-caption {\n\t\t\t\tmargin-left: 0;\n\t\t\t}\n\t\t\t\/* see gallery_shortcode() in wp-includes\/media.php *\/\n\t\t<\/style>\n\t\t<div id='gallery-1' class='gallery galleryid-196 gallery-columns-3 gallery-size-thumbnail'><dl class='gallery-item'>\n\t\t\t<dt class='gallery-icon landscape'>\n\t\t\t\t<a href='https:\/\/galicia.ingenierosnavales.com\/index.php\/2019\/10\/18\/ii-jornada-tecnica-aine-enm\/enm_4828\/'><img loading=\"lazy\" decoding=\"async\" width=\"150\" height=\"150\" src=\"https:\/\/galicia.ingenierosnavales.com\/wp-content\/uploads\/2019\/10\/ENM_4828-150x150.jpg\" class=\"attachment-thumbnail size-thumbnail no-lazy\" alt=\"\" srcset=\"https:\/\/galicia.ingenierosnavales.com\/wp-content\/uploads\/2019\/10\/ENM_4828-150x150.jpg 150w, https:\/\/galicia.ingenierosnavales.com\/wp-content\/uploads\/2019\/10\/ENM_4828-160x160.jpg 160w, https:\/\/galicia.ingenierosnavales.com\/wp-content\/uploads\/2019\/10\/ENM_4828-320x320.jpg 320w\" sizes=\"auto, (max-width: 150px) 100vw, 150px\" \/><\/a>\n\t\t\t<\/dt><\/dl><dl class='gallery-item'>\n\t\t\t<dt class='gallery-icon landscape'>\n\t\t\t\t<a href='https:\/\/galicia.ingenierosnavales.com\/index.php\/2019\/10\/18\/ii-jornada-tecnica-aine-enm\/enm_4834\/'><img loading=\"lazy\" decoding=\"async\" width=\"150\" height=\"150\" src=\"https:\/\/galicia.ingenierosnavales.com\/wp-content\/uploads\/2019\/10\/ENM_4834-150x150.jpg\" class=\"attachment-thumbnail size-thumbnail no-lazy\" alt=\"\" srcset=\"https:\/\/galicia.ingenierosnavales.com\/wp-content\/uploads\/2019\/10\/ENM_4834-150x150.jpg 150w, https:\/\/galicia.ingenierosnavales.com\/wp-content\/uploads\/2019\/10\/ENM_4834-160x160.jpg 160w, https:\/\/galicia.ingenierosnavales.com\/wp-content\/uploads\/2019\/10\/ENM_4834-320x320.jpg 320w\" sizes=\"auto, (max-width: 150px) 100vw, 150px\" \/><\/a>\n\t\t\t<\/dt><\/dl><dl class='gallery-item'>\n\t\t\t<dt class='gallery-icon landscape'>\n\t\t\t\t<a href='https:\/\/galicia.ingenierosnavales.com\/index.php\/2019\/10\/18\/ii-jornada-tecnica-aine-enm\/enm_4842\/'><img loading=\"lazy\" decoding=\"async\" width=\"150\" height=\"150\" src=\"https:\/\/galicia.ingenierosnavales.com\/wp-content\/uploads\/2019\/10\/ENM_4842-150x150.jpg\" class=\"attachment-thumbnail size-thumbnail no-lazy\" alt=\"\" srcset=\"https:\/\/galicia.ingenierosnavales.com\/wp-content\/uploads\/2019\/10\/ENM_4842-150x150.jpg 150w, https:\/\/galicia.ingenierosnavales.com\/wp-content\/uploads\/2019\/10\/ENM_4842-160x160.jpg 160w, https:\/\/galicia.ingenierosnavales.com\/wp-content\/uploads\/2019\/10\/ENM_4842-320x320.jpg 320w\" sizes=\"auto, (max-width: 150px) 100vw, 150px\" \/><\/a>\n\t\t\t<\/dt><\/dl><br style=\"clear: both\" \/><dl class='gallery-item'>\n\t\t\t<dt class='gallery-icon landscape'>\n\t\t\t\t<a href='https:\/\/galicia.ingenierosnavales.com\/index.php\/2019\/10\/18\/ii-jornada-tecnica-aine-enm\/enm_4846\/'><img loading=\"lazy\" decoding=\"async\" width=\"150\" height=\"150\" src=\"https:\/\/galicia.ingenierosnavales.com\/wp-content\/uploads\/2019\/10\/ENM_4846-150x150.jpg\" class=\"attachment-thumbnail size-thumbnail no-lazy\" alt=\"\" srcset=\"https:\/\/galicia.ingenierosnavales.com\/wp-content\/uploads\/2019\/10\/ENM_4846-150x150.jpg 150w, https:\/\/galicia.ingenierosnavales.com\/wp-content\/uploads\/2019\/10\/ENM_4846-160x160.jpg 160w, https:\/\/galicia.ingenierosnavales.com\/wp-content\/uploads\/2019\/10\/ENM_4846-320x320.jpg 320w\" sizes=\"auto, (max-width: 150px) 100vw, 150px\" \/><\/a>\n\t\t\t<\/dt><\/dl><dl class='gallery-item'>\n\t\t\t<dt class='gallery-icon landscape'>\n\t\t\t\t<a href='https:\/\/galicia.ingenierosnavales.com\/index.php\/2019\/10\/18\/ii-jornada-tecnica-aine-enm\/img-20191005-wa0006\/'><img loading=\"lazy\" decoding=\"async\" width=\"150\" height=\"150\" src=\"https:\/\/galicia.ingenierosnavales.com\/wp-content\/uploads\/2019\/10\/IMG-20191005-WA0006-150x150.jpg\" class=\"attachment-thumbnail size-thumbnail no-lazy\" alt=\"\" srcset=\"https:\/\/galicia.ingenierosnavales.com\/wp-content\/uploads\/2019\/10\/IMG-20191005-WA0006-150x150.jpg 150w, https:\/\/galicia.ingenierosnavales.com\/wp-content\/uploads\/2019\/10\/IMG-20191005-WA0006-160x160.jpg 160w, https:\/\/galicia.ingenierosnavales.com\/wp-content\/uploads\/2019\/10\/IMG-20191005-WA0006-320x320.jpg 320w\" sizes=\"auto, (max-width: 150px) 100vw, 150px\" \/><\/a>\n\t\t\t<\/dt><\/dl><dl class='gallery-item'>\n\t\t\t<dt class='gallery-icon landscape'>\n\t\t\t\t<a href='https:\/\/galicia.ingenierosnavales.com\/index.php\/2019\/10\/18\/ii-jornada-tecnica-aine-enm\/img-20191005-wa0008\/'><img loading=\"lazy\" decoding=\"async\" width=\"150\" height=\"150\" src=\"https:\/\/galicia.ingenierosnavales.com\/wp-content\/uploads\/2019\/10\/IMG-20191005-WA0008-150x150.jpg\" class=\"attachment-thumbnail size-thumbnail no-lazy\" alt=\"\" srcset=\"https:\/\/galicia.ingenierosnavales.com\/wp-content\/uploads\/2019\/10\/IMG-20191005-WA0008-150x150.jpg 150w, https:\/\/galicia.ingenierosnavales.com\/wp-content\/uploads\/2019\/10\/IMG-20191005-WA0008-160x160.jpg 160w, https:\/\/galicia.ingenierosnavales.com\/wp-content\/uploads\/2019\/10\/IMG-20191005-WA0008-320x320.jpg 320w\" sizes=\"auto, (max-width: 150px) 100vw, 150px\" \/><\/a>\n\t\t\t<\/dt><\/dl><br style=\"clear: both\" \/>\n\t\t<\/div>\n\n","protected":false},"excerpt":{"rendered":"<p>\u201cGALEONES Y NAV\u00cdOS DE LOS SIGLOS XVII Y XVIII. SU INGENIER\u00cdA Y NAVEGACI\u00d3N.\u201d El pasado 5 de Octubre se llev\u00f3 a cabo en la Escuela Naval Militar (Mar\u00edn, Pontevedra), la II Jornada T\u00e9cnica AINE&#46;&#46;&#46;<\/p>\n","protected":false},"author":2,"featured_media":86,"comment_status":"open","ping_status":"open","sticky":false,"template":"","format":"standard","meta":{"om_disable_all_campaigns":false,"_monsterinsights_skip_tracking":false,"_monsterinsights_sitenote_active":false,"_monsterinsights_sitenote_note":"","_monsterinsights_sitenote_category":0,"_uf_show_specific_survey":0,"_uf_disable_surveys":false,"footnotes":""},"categories":[1],"tags":[],"class_list":["post-196","post","type-post","status-publish","format-standard","has-post-thumbnail","hentry","category-eventos"],"aioseo_notices":[],"yoast_head":"<!-- This site is optimized with the Yoast SEO plugin v24.0 - https:\/\/yoast.com\/wordpress\/plugins\/seo\/ -->\n<title>II JORNADA TECNICA AINE-ENM - Delegaci\u00f3n del COIN en Galicia -<\/title>\n<meta name=\"robots\" content=\"index, follow, max-snippet:-1, max-image-preview:large, max-video-preview:-1\" \/>\n<link rel=\"canonical\" href=\"https:\/\/galicia.ingenierosnavales.com\/index.php\/2019\/10\/18\/ii-jornada-tecnica-aine-enm\/\" \/>\n<meta property=\"og:locale\" content=\"es_ES\" \/>\n<meta property=\"og:type\" content=\"article\" \/>\n<meta property=\"og:title\" content=\"II JORNADA TECNICA AINE-ENM - Delegaci\u00f3n del COIN en Galicia -\" \/>\n<meta property=\"og:description\" content=\"\u201cGALEONES Y NAV\u00cdOS DE LOS SIGLOS XVII Y XVIII. SU INGENIER\u00cdA Y NAVEGACI\u00d3N.\u201d El pasado 5 de Octubre se llev\u00f3 a cabo en la Escuela Naval Militar (Mar\u00edn, Pontevedra), la II Jornada T\u00e9cnica AINE&#046;&#046;&#046;\" \/>\n<meta property=\"og:url\" content=\"https:\/\/galicia.ingenierosnavales.com\/index.php\/2019\/10\/18\/ii-jornada-tecnica-aine-enm\/\" \/>\n<meta property=\"og:site_name\" content=\"Delegaci\u00f3n del COIN en Galicia -\" \/>\n<meta property=\"article:published_time\" content=\"2019-10-18T12:11:29+00:00\" \/>\n<meta property=\"og:image\" content=\"https:\/\/galicia.ingenierosnavales.com\/wp-content\/uploads\/2019\/09\/II-JORNADA-TECNICA-AINE-ENM_page-0001.jpg\" \/>\n\t<meta property=\"og:image:width\" content=\"1241\" \/>\n\t<meta property=\"og:image:height\" content=\"1755\" \/>\n\t<meta property=\"og:image:type\" content=\"image\/jpeg\" \/>\n<meta name=\"author\" content=\"Delegaci\u00f3n Galicia\" \/>\n<meta name=\"twitter:card\" content=\"summary_large_image\" \/>\n<meta name=\"twitter:label1\" content=\"Escrito por\" \/>\n\t<meta name=\"twitter:data1\" content=\"Delegaci\u00f3n Galicia\" \/>\n\t<meta name=\"twitter:label2\" content=\"Tiempo de lectura\" \/>\n\t<meta name=\"twitter:data2\" content=\"3 minutos\" \/>\n<script type=\"application\/ld+json\" class=\"yoast-schema-graph\">{\"@context\":\"https:\/\/schema.org\",\"@graph\":[{\"@type\":\"Article\",\"@id\":\"https:\/\/galicia.ingenierosnavales.com\/index.php\/2019\/10\/18\/ii-jornada-tecnica-aine-enm\/#article\",\"isPartOf\":{\"@id\":\"https:\/\/galicia.ingenierosnavales.com\/index.php\/2019\/10\/18\/ii-jornada-tecnica-aine-enm\/\"},\"author\":{\"name\":\"Delegaci\u00f3n Galicia\",\"@id\":\"https:\/\/galicia.ingenierosnavales.com\/#\/schema\/person\/5b19750a916831d424f63e9271d4e51d\"},\"headline\":\"II JORNADA TECNICA AINE-ENM\",\"datePublished\":\"2019-10-18T12:11:29+00:00\",\"dateModified\":\"2019-10-18T12:11:29+00:00\",\"mainEntityOfPage\":{\"@id\":\"https:\/\/galicia.ingenierosnavales.com\/index.php\/2019\/10\/18\/ii-jornada-tecnica-aine-enm\/\"},\"wordCount\":599,\"commentCount\":0,\"publisher\":{\"@id\":\"https:\/\/galicia.ingenierosnavales.com\/#organization\"},\"image\":{\"@id\":\"https:\/\/galicia.ingenierosnavales.com\/index.php\/2019\/10\/18\/ii-jornada-tecnica-aine-enm\/#primaryimage\"},\"thumbnailUrl\":\"https:\/\/galicia.ingenierosnavales.com\/wp-content\/uploads\/2019\/09\/II-JORNADA-TECNICA-AINE-ENM_page-0001.jpg\",\"articleSection\":[\"Eventos\"],\"inLanguage\":\"es\",\"potentialAction\":[{\"@type\":\"CommentAction\",\"name\":\"Comment\",\"target\":[\"https:\/\/galicia.ingenierosnavales.com\/index.php\/2019\/10\/18\/ii-jornada-tecnica-aine-enm\/#respond\"]}]},{\"@type\":\"WebPage\",\"@id\":\"https:\/\/galicia.ingenierosnavales.com\/index.php\/2019\/10\/18\/ii-jornada-tecnica-aine-enm\/\",\"url\":\"https:\/\/galicia.ingenierosnavales.com\/index.php\/2019\/10\/18\/ii-jornada-tecnica-aine-enm\/\",\"name\":\"II JORNADA TECNICA AINE-ENM - Delegaci\u00f3n del COIN en Galicia -\",\"isPartOf\":{\"@id\":\"https:\/\/galicia.ingenierosnavales.com\/#website\"},\"primaryImageOfPage\":{\"@id\":\"https:\/\/galicia.ingenierosnavales.com\/index.php\/2019\/10\/18\/ii-jornada-tecnica-aine-enm\/#primaryimage\"},\"image\":{\"@id\":\"https:\/\/galicia.ingenierosnavales.com\/index.php\/2019\/10\/18\/ii-jornada-tecnica-aine-enm\/#primaryimage\"},\"thumbnailUrl\":\"https:\/\/galicia.ingenierosnavales.com\/wp-content\/uploads\/2019\/09\/II-JORNADA-TECNICA-AINE-ENM_page-0001.jpg\",\"datePublished\":\"2019-10-18T12:11:29+00:00\",\"dateModified\":\"2019-10-18T12:11:29+00:00\",\"breadcrumb\":{\"@id\":\"https:\/\/galicia.ingenierosnavales.com\/index.php\/2019\/10\/18\/ii-jornada-tecnica-aine-enm\/#breadcrumb\"},\"inLanguage\":\"es\",\"potentialAction\":[{\"@type\":\"ReadAction\",\"target\":[\"https:\/\/galicia.ingenierosnavales.com\/index.php\/2019\/10\/18\/ii-jornada-tecnica-aine-enm\/\"]}]},{\"@type\":\"ImageObject\",\"inLanguage\":\"es\",\"@id\":\"https:\/\/galicia.ingenierosnavales.com\/index.php\/2019\/10\/18\/ii-jornada-tecnica-aine-enm\/#primaryimage\",\"url\":\"https:\/\/galicia.ingenierosnavales.com\/wp-content\/uploads\/2019\/09\/II-JORNADA-TECNICA-AINE-ENM_page-0001.jpg\",\"contentUrl\":\"https:\/\/galicia.ingenierosnavales.com\/wp-content\/uploads\/2019\/09\/II-JORNADA-TECNICA-AINE-ENM_page-0001.jpg\",\"width\":1241,\"height\":1755},{\"@type\":\"BreadcrumbList\",\"@id\":\"https:\/\/galicia.ingenierosnavales.com\/index.php\/2019\/10\/18\/ii-jornada-tecnica-aine-enm\/#breadcrumb\",\"itemListElement\":[{\"@type\":\"ListItem\",\"position\":1,\"name\":\"Home\",\"item\":\"https:\/\/galicia.ingenierosnavales.com\/\"},{\"@type\":\"ListItem\",\"position\":2,\"name\":\"II JORNADA TECNICA AINE-ENM\"}]},{\"@type\":\"WebSite\",\"@id\":\"https:\/\/galicia.ingenierosnavales.com\/#website\",\"url\":\"https:\/\/galicia.ingenierosnavales.com\/\",\"name\":\"Delegaci\u00f3n del COIN en Galicia -\",\"description\":\"\",\"publisher\":{\"@id\":\"https:\/\/galicia.ingenierosnavales.com\/#organization\"},\"potentialAction\":[{\"@type\":\"SearchAction\",\"target\":{\"@type\":\"EntryPoint\",\"urlTemplate\":\"https:\/\/galicia.ingenierosnavales.com\/?s={search_term_string}\"},\"query-input\":{\"@type\":\"PropertyValueSpecification\",\"valueRequired\":true,\"valueName\":\"search_term_string\"}}],\"inLanguage\":\"es\"},{\"@type\":\"Organization\",\"@id\":\"https:\/\/galicia.ingenierosnavales.com\/#organization\",\"name\":\"Delegaci\u00f3n del COIN en Galicia -\",\"url\":\"https:\/\/galicia.ingenierosnavales.com\/\",\"logo\":{\"@type\":\"ImageObject\",\"inLanguage\":\"es\",\"@id\":\"https:\/\/galicia.ingenierosnavales.com\/#\/schema\/logo\/image\/\",\"url\":\"https:\/\/galicia.ingenierosnavales.com\/wp-content\/uploads\/2022\/03\/logo_2-1.png\",\"contentUrl\":\"https:\/\/galicia.ingenierosnavales.com\/wp-content\/uploads\/2022\/03\/logo_2-1.png\",\"width\":240,\"height\":94,\"caption\":\"Delegaci\u00f3n del COIN en Galicia - \"},\"image\":{\"@id\":\"https:\/\/galicia.ingenierosnavales.com\/#\/schema\/logo\/image\/\"}},{\"@type\":\"Person\",\"@id\":\"https:\/\/galicia.ingenierosnavales.com\/#\/schema\/person\/5b19750a916831d424f63e9271d4e51d\",\"name\":\"Delegaci\u00f3n Galicia\",\"image\":{\"@type\":\"ImageObject\",\"inLanguage\":\"es\",\"@id\":\"https:\/\/galicia.ingenierosnavales.com\/#\/schema\/person\/image\/\",\"url\":\"https:\/\/secure.gravatar.com\/avatar\/8ba9b1dd96c7effddd31fcf63bf8cc7f?s=96&d=mm&r=g\",\"contentUrl\":\"https:\/\/secure.gravatar.com\/avatar\/8ba9b1dd96c7effddd31fcf63bf8cc7f?s=96&d=mm&r=g\",\"caption\":\"Delegaci\u00f3n Galicia\"},\"url\":\"https:\/\/galicia.ingenierosnavales.com\/index.php\/author\/galicia\/\"}]}<\/script>\n<!-- \/ Yoast SEO plugin. -->","yoast_head_json":{"title":"II JORNADA TECNICA AINE-ENM - Delegaci\u00f3n del COIN en Galicia -","robots":{"index":"index","follow":"follow","max-snippet":"max-snippet:-1","max-image-preview":"max-image-preview:large","max-video-preview":"max-video-preview:-1"},"canonical":"https:\/\/galicia.ingenierosnavales.com\/index.php\/2019\/10\/18\/ii-jornada-tecnica-aine-enm\/","og_locale":"es_ES","og_type":"article","og_title":"II JORNADA TECNICA AINE-ENM - Delegaci\u00f3n del COIN en Galicia -","og_description":"\u201cGALEONES Y NAV\u00cdOS DE LOS SIGLOS XVII Y XVIII. SU INGENIER\u00cdA Y NAVEGACI\u00d3N.\u201d El pasado 5 de Octubre se llev\u00f3 a cabo en la Escuela Naval Militar (Mar\u00edn, Pontevedra), la II Jornada T\u00e9cnica AINE&#46;&#46;&#46;","og_url":"https:\/\/galicia.ingenierosnavales.com\/index.php\/2019\/10\/18\/ii-jornada-tecnica-aine-enm\/","og_site_name":"Delegaci\u00f3n del COIN en Galicia -","article_published_time":"2019-10-18T12:11:29+00:00","og_image":[{"width":1241,"height":1755,"url":"https:\/\/galicia.ingenierosnavales.com\/wp-content\/uploads\/2019\/09\/II-JORNADA-TECNICA-AINE-ENM_page-0001.jpg","type":"image\/jpeg"}],"author":"Delegaci\u00f3n Galicia","twitter_card":"summary_large_image","twitter_misc":{"Escrito por":"Delegaci\u00f3n Galicia","Tiempo de lectura":"3 minutos"},"schema":{"@context":"https:\/\/schema.org","@graph":[{"@type":"Article","@id":"https:\/\/galicia.ingenierosnavales.com\/index.php\/2019\/10\/18\/ii-jornada-tecnica-aine-enm\/#article","isPartOf":{"@id":"https:\/\/galicia.ingenierosnavales.com\/index.php\/2019\/10\/18\/ii-jornada-tecnica-aine-enm\/"},"author":{"name":"Delegaci\u00f3n Galicia","@id":"https:\/\/galicia.ingenierosnavales.com\/#\/schema\/person\/5b19750a916831d424f63e9271d4e51d"},"headline":"II JORNADA TECNICA AINE-ENM","datePublished":"2019-10-18T12:11:29+00:00","dateModified":"2019-10-18T12:11:29+00:00","mainEntityOfPage":{"@id":"https:\/\/galicia.ingenierosnavales.com\/index.php\/2019\/10\/18\/ii-jornada-tecnica-aine-enm\/"},"wordCount":599,"commentCount":0,"publisher":{"@id":"https:\/\/galicia.ingenierosnavales.com\/#organization"},"image":{"@id":"https:\/\/galicia.ingenierosnavales.com\/index.php\/2019\/10\/18\/ii-jornada-tecnica-aine-enm\/#primaryimage"},"thumbnailUrl":"https:\/\/galicia.ingenierosnavales.com\/wp-content\/uploads\/2019\/09\/II-JORNADA-TECNICA-AINE-ENM_page-0001.jpg","articleSection":["Eventos"],"inLanguage":"es","potentialAction":[{"@type":"CommentAction","name":"Comment","target":["https:\/\/galicia.ingenierosnavales.com\/index.php\/2019\/10\/18\/ii-jornada-tecnica-aine-enm\/#respond"]}]},{"@type":"WebPage","@id":"https:\/\/galicia.ingenierosnavales.com\/index.php\/2019\/10\/18\/ii-jornada-tecnica-aine-enm\/","url":"https:\/\/galicia.ingenierosnavales.com\/index.php\/2019\/10\/18\/ii-jornada-tecnica-aine-enm\/","name":"II JORNADA TECNICA AINE-ENM - Delegaci\u00f3n del COIN en Galicia -","isPartOf":{"@id":"https:\/\/galicia.ingenierosnavales.com\/#website"},"primaryImageOfPage":{"@id":"https:\/\/galicia.ingenierosnavales.com\/index.php\/2019\/10\/18\/ii-jornada-tecnica-aine-enm\/#primaryimage"},"image":{"@id":"https:\/\/galicia.ingenierosnavales.com\/index.php\/2019\/10\/18\/ii-jornada-tecnica-aine-enm\/#primaryimage"},"thumbnailUrl":"https:\/\/galicia.ingenierosnavales.com\/wp-content\/uploads\/2019\/09\/II-JORNADA-TECNICA-AINE-ENM_page-0001.jpg","datePublished":"2019-10-18T12:11:29+00:00","dateModified":"2019-10-18T12:11:29+00:00","breadcrumb":{"@id":"https:\/\/galicia.ingenierosnavales.com\/index.php\/2019\/10\/18\/ii-jornada-tecnica-aine-enm\/#breadcrumb"},"inLanguage":"es","potentialAction":[{"@type":"ReadAction","target":["https:\/\/galicia.ingenierosnavales.com\/index.php\/2019\/10\/18\/ii-jornada-tecnica-aine-enm\/"]}]},{"@type":"ImageObject","inLanguage":"es","@id":"https:\/\/galicia.ingenierosnavales.com\/index.php\/2019\/10\/18\/ii-jornada-tecnica-aine-enm\/#primaryimage","url":"https:\/\/galicia.ingenierosnavales.com\/wp-content\/uploads\/2019\/09\/II-JORNADA-TECNICA-AINE-ENM_page-0001.jpg","contentUrl":"https:\/\/galicia.ingenierosnavales.com\/wp-content\/uploads\/2019\/09\/II-JORNADA-TECNICA-AINE-ENM_page-0001.jpg","width":1241,"height":1755},{"@type":"BreadcrumbList","@id":"https:\/\/galicia.ingenierosnavales.com\/index.php\/2019\/10\/18\/ii-jornada-tecnica-aine-enm\/#breadcrumb","itemListElement":[{"@type":"ListItem","position":1,"name":"Home","item":"https:\/\/galicia.ingenierosnavales.com\/"},{"@type":"ListItem","position":2,"name":"II JORNADA TECNICA AINE-ENM"}]},{"@type":"WebSite","@id":"https:\/\/galicia.ingenierosnavales.com\/#website","url":"https:\/\/galicia.ingenierosnavales.com\/","name":"Delegaci\u00f3n del COIN en Galicia -","description":"","publisher":{"@id":"https:\/\/galicia.ingenierosnavales.com\/#organization"},"potentialAction":[{"@type":"SearchAction","target":{"@type":"EntryPoint","urlTemplate":"https:\/\/galicia.ingenierosnavales.com\/?s={search_term_string}"},"query-input":{"@type":"PropertyValueSpecification","valueRequired":true,"valueName":"search_term_string"}}],"inLanguage":"es"},{"@type":"Organization","@id":"https:\/\/galicia.ingenierosnavales.com\/#organization","name":"Delegaci\u00f3n del COIN en Galicia -","url":"https:\/\/galicia.ingenierosnavales.com\/","logo":{"@type":"ImageObject","inLanguage":"es","@id":"https:\/\/galicia.ingenierosnavales.com\/#\/schema\/logo\/image\/","url":"https:\/\/galicia.ingenierosnavales.com\/wp-content\/uploads\/2022\/03\/logo_2-1.png","contentUrl":"https:\/\/galicia.ingenierosnavales.com\/wp-content\/uploads\/2022\/03\/logo_2-1.png","width":240,"height":94,"caption":"Delegaci\u00f3n del COIN en Galicia - "},"image":{"@id":"https:\/\/galicia.ingenierosnavales.com\/#\/schema\/logo\/image\/"}},{"@type":"Person","@id":"https:\/\/galicia.ingenierosnavales.com\/#\/schema\/person\/5b19750a916831d424f63e9271d4e51d","name":"Delegaci\u00f3n Galicia","image":{"@type":"ImageObject","inLanguage":"es","@id":"https:\/\/galicia.ingenierosnavales.com\/#\/schema\/person\/image\/","url":"https:\/\/secure.gravatar.com\/avatar\/8ba9b1dd96c7effddd31fcf63bf8cc7f?s=96&d=mm&r=g","contentUrl":"https:\/\/secure.gravatar.com\/avatar\/8ba9b1dd96c7effddd31fcf63bf8cc7f?s=96&d=mm&r=g","caption":"Delegaci\u00f3n Galicia"},"url":"https:\/\/galicia.ingenierosnavales.com\/index.php\/author\/galicia\/"}]}},"_links":{"self":[{"href":"https:\/\/galicia.ingenierosnavales.com\/index.php\/wp-json\/wp\/v2\/posts\/196","targetHints":{"allow":["GET"]}}],"collection":[{"href":"https:\/\/galicia.ingenierosnavales.com\/index.php\/wp-json\/wp\/v2\/posts"}],"about":[{"href":"https:\/\/galicia.ingenierosnavales.com\/index.php\/wp-json\/wp\/v2\/types\/post"}],"author":[{"embeddable":true,"href":"https:\/\/galicia.ingenierosnavales.com\/index.php\/wp-json\/wp\/v2\/users\/2"}],"replies":[{"embeddable":true,"href":"https:\/\/galicia.ingenierosnavales.com\/index.php\/wp-json\/wp\/v2\/comments?post=196"}],"version-history":[{"count":1,"href":"https:\/\/galicia.ingenierosnavales.com\/index.php\/wp-json\/wp\/v2\/posts\/196\/revisions"}],"predecessor-version":[{"id":204,"href":"https:\/\/galicia.ingenierosnavales.com\/index.php\/wp-json\/wp\/v2\/posts\/196\/revisions\/204"}],"wp:featuredmedia":[{"embeddable":true,"href":"https:\/\/galicia.ingenierosnavales.com\/index.php\/wp-json\/wp\/v2\/media\/86"}],"wp:attachment":[{"href":"https:\/\/galicia.ingenierosnavales.com\/index.php\/wp-json\/wp\/v2\/media?parent=196"}],"wp:term":[{"taxonomy":"category","embeddable":true,"href":"https:\/\/galicia.ingenierosnavales.com\/index.php\/wp-json\/wp\/v2\/categories?post=196"},{"taxonomy":"post_tag","embeddable":true,"href":"https:\/\/galicia.ingenierosnavales.com\/index.php\/wp-json\/wp\/v2\/tags?post=196"}],"curies":[{"name":"wp","href":"https:\/\/api.w.org\/{rel}","templated":true}]}}