{"id":1855,"date":"2021-02-11T10:38:35","date_gmt":"2021-02-11T10:38:35","guid":{"rendered":"https:\/\/galicia.ingenierosnavales.com\/?p=1855"},"modified":"2021-02-11T10:46:29","modified_gmt":"2021-02-11T10:46:29","slug":"dia-internacional-da-muller-e-da-nena-na-ciencia","status":"publish","type":"post","link":"https:\/\/galicia.ingenierosnavales.com\/index.php\/2021\/02\/11\/dia-internacional-da-muller-e-da-nena-na-ciencia\/","title":{"rendered":"D\u00eda Internacional da Muller e da Nena na Ciencia"},"content":{"rendered":"<p><a href=\"http:\/\/cges.gal\/\"><img loading=\"lazy\" decoding=\"async\" class=\"alignnone size-medium wp-image-59 aligncenter\" src=\"https:\/\/galicia.ingenierosnavales.com\/wp-content\/uploads\/2019\/09\/CGES-300x100.jpg\" alt=\"\" width=\"300\" height=\"100\" srcset=\"https:\/\/galicia.ingenierosnavales.com\/wp-content\/uploads\/2019\/09\/CGES-300x100.jpg 300w, https:\/\/galicia.ingenierosnavales.com\/wp-content\/uploads\/2019\/09\/CGES-768x256.jpg 768w, https:\/\/galicia.ingenierosnavales.com\/wp-content\/uploads\/2019\/09\/CGES-1024x341.jpg 1024w, https:\/\/galicia.ingenierosnavales.com\/wp-content\/uploads\/2019\/09\/CGES.jpg 1417w\" sizes=\"auto, (max-width: 300px) 100vw, 300px\" \/><\/a><\/p>\n<p style=\"text-align: center;\"><span class=\"d2edcug0 hpfvmrgz qv66sw1b c1et5uql rrkovp55 a8c37x1j keod5gw0 nxhoafnm aigsh9s9 d3f4x2em fe6kdd0r mau55g9w c8b282yb iv3no6db jq4qci2q a3bd9o3v knj5qynh oo9gr5id\" dir=\"auto\"><a class=\"oajrlxb2 g5ia77u1 qu0x051f esr5mh6w e9989ue4 r7d6kgcz rq0escxv nhd2j8a9 nc684nl6 p7hjln8o kvgmc6g5 cxmmr5t8 oygrvhab hcukyx3x jb3vyjys rz4wbd8a qt6c0cv9 a8nywdso i1ao9s8h esuyzwwr f1sip0of lzcic4wl oo9gr5id gpro0wi8 lrazzd5p\" tabindex=\"0\" role=\"link\" href=\"https:\/\/www.facebook.com\/hashtag\/d%C3%ADainternacionaldamulleredanenanaciencia?__eep__=6&amp;__cft__[0]=AZVUAORWy7Dgm5FGjM4g5BGibygcVkY1zS7kauRjeYnNfEffCXiTcoHgxpBPrQlYhId5HvoV66fb9mTRUSyPdax7KbBSWeFpae8AJQ2Y7Wne-0sERhMm0aE0sRdv_PYQzfCX8eOfQjfMsCkbnE-3sGSz0v6KVu7p4oCCMhYBP2PSOKpKQgNoVnvVjYKPxWtgXeZELzgcA2AZqNwRJO05TagE&amp;__tn__=*NK*F\">#D\u00edaInternacionaldaMulleredaNenanaCiencia<\/a><\/span><\/p>\n<p><span class=\"d2edcug0 hpfvmrgz qv66sw1b c1et5uql rrkovp55 a8c37x1j keod5gw0 nxhoafnm aigsh9s9 d3f4x2em fe6kdd0r mau55g9w c8b282yb iv3no6db jq4qci2q a3bd9o3v knj5qynh oo9gr5id\" dir=\"auto\">Nesta xornada po\u00f1emos en valor o papel da muller e da nena na ciencia porque \u00e9 moi importante que a sociedade comprenda que este non \u00e9 un eido masculino.<\/span><\/p>\n<p>Moitas mulleres foron responsables de grandes fitos hist\u00f3ricos cient\u00edficos ao longo dos anos e xa \u00e9 hora de que se reco\u00f1ezan. Esto intenta conseguir a iniciativa <a class=\"oajrlxb2 g5ia77u1 qu0x051f esr5mh6w e9989ue4 r7d6kgcz rq0escxv nhd2j8a9 nc684nl6 p7hjln8o kvgmc6g5 cxmmr5t8 oygrvhab hcukyx3x jb3vyjys rz4wbd8a qt6c0cv9 a8nywdso i1ao9s8h esuyzwwr f1sip0of lzcic4wl oo9gr5id gpro0wi8 lrazzd5p\" tabindex=\"0\" role=\"link\" href=\"https:\/\/www.facebook.com\/hashtag\/nomorematildas?__eep__=6&amp;__cft__[0]=AZVUAORWy7Dgm5FGjM4g5BGibygcVkY1zS7kauRjeYnNfEffCXiTcoHgxpBPrQlYhId5HvoV66fb9mTRUSyPdax7KbBSWeFpae8AJQ2Y7Wne-0sERhMm0aE0sRdv_PYQzfCX8eOfQjfMsCkbnE-3sGSz0v6KVu7p4oCCMhYBP2PSOKpKQgNoVnvVjYKPxWtgXeZELzgcA2AZqNwRJO05TagE&amp;__tn__=*NK*F\">#NoMoreMatildas<\/a>, que tam\u00e9n busca inspirar as nenas a apostar por estudos cient\u00edficos.<\/p>\n<p><span class=\"d2edcug0 hpfvmrgz qv66sw1b c1et5uql rrkovp55 a8c37x1j keod5gw0 nxhoafnm aigsh9s9 d3f4x2em fe6kdd0r mau55g9w c8b282yb iv3no6db jq4qci2q a3bd9o3v knj5qynh oo9gr5id\" dir=\"auto\">Podes ver a campa\u00f1a aqu\u00ed <span class=\"pq6dq46d tbxw36s4 knj5qynh kvgmc6g5 ditlmg2l oygrvhab nvdbi5me sf5mxxl7 gl3lb2sf hhz5lgdu\"><img loading=\"lazy\" decoding=\"async\" src=\"https:\/\/static.xx.fbcdn.net\/images\/emoji.php\/v9\/t51\/1\/16\/1f449.png\" alt=\"?\" width=\"16\" height=\"16\" \/><\/span> <a class=\"oajrlxb2 g5ia77u1 qu0x051f esr5mh6w e9989ue4 r7d6kgcz rq0escxv nhd2j8a9 nc684nl6 p7hjln8o kvgmc6g5 cxmmr5t8 oygrvhab hcukyx3x jb3vyjys rz4wbd8a qt6c0cv9 a8nywdso i1ao9s8h esuyzwwr f1sip0of lzcic4wl py34i1dx gpro0wi8\" tabindex=\"0\" role=\"link\" href=\"https:\/\/l.facebook.com\/l.php?u=https%3A%2F%2Fwww.youtube.com%2Fwatch%3Fv%3DFx0ztzf-2V0%26fbclid%3DIwAR34_C2Rpd0zDCPooZN_97m8ZPV3z4msYZCqMBbBX8li7p3oWQq4uTpCsXA&amp;h=AT1p5AMxvseD623A7o_DwURxxhSS7eP53CYn1QKiZ3DqRFLrwjBeosypyFAKumU2IKpcosHPeS8AuQysUKDZe8_GQxl784zkVBXf1AyJnIpv84KzUtNuNkH1IeRM67Cq&amp;__tn__=-UK*F&amp;c[0]=AT1qMRB94HBV3pa7NpavclzMX220kqLzqzPGKWwtvyNnn-C2hNhXGmbf0GSJ1gHKPDlGfCI0yyBtwzE6ZTyK9hRmjHXCqvvSrvPTeB5qGlpAocEaVpVGe5WtwyDJZ2TYomY3XV3iGzKoxNWo9Os6mfUfVTJxYBatOmgLTFnp07CDM2w_MNvuTgvhf2FLeExgOehbc_Vx_P__RGmRaL9JS9aa8XTBrx4Qeg\" target=\"_blank\" rel=\"nofollow noopener noreferrer\">https:\/\/www.youtube.com\/watch?v=Fx0ztzf-2V0<\/a><br \/>\n<\/span><\/p>\n<p><img loading=\"lazy\" decoding=\"async\" class=\"alignnone wp-image-1856 aligncenter\" src=\"https:\/\/galicia.ingenierosnavales.com\/wp-content\/uploads\/2021\/02\/CGES-300x251.jpg\" alt=\"\" width=\"432\" height=\"361\" srcset=\"https:\/\/galicia.ingenierosnavales.com\/wp-content\/uploads\/2021\/02\/CGES-300x251.jpg 300w, https:\/\/galicia.ingenierosnavales.com\/wp-content\/uploads\/2021\/02\/CGES-768x644.jpg 768w, https:\/\/galicia.ingenierosnavales.com\/wp-content\/uploads\/2021\/02\/CGES.jpg 940w\" sizes=\"auto, (max-width: 432px) 100vw, 432px\" \/><\/p>\n","protected":false},"excerpt":{"rendered":"<p>#D\u00edaInternacionaldaMulleredaNenanaCiencia Nesta xornada po\u00f1emos en valor o papel da muller e da nena na ciencia porque \u00e9 moi importante que a sociedade comprenda que este non \u00e9 un eido masculino. Moitas mulleres foron responsables&#46;&#46;&#46;<\/p>\n","protected":false},"author":2,"featured_media":1856,"comment_status":"open","ping_status":"open","sticky":false,"template":"","format":"standard","meta":{"om_disable_all_campaigns":false,"_monsterinsights_skip_tracking":false,"_monsterinsights_sitenote_active":false,"_monsterinsights_sitenote_note":"","_monsterinsights_sitenote_category":0,"_uf_show_specific_survey":0,"_uf_disable_surveys":false,"footnotes":""},"categories":[4],"tags":[],"class_list":["post-1855","post","type-post","status-publish","format-standard","has-post-thumbnail","hentry","category-cges"],"aioseo_notices":[],"yoast_head":"<!-- This site is optimized with the Yoast SEO plugin v24.0 - https:\/\/yoast.com\/wordpress\/plugins\/seo\/ -->\n<title>D\u00eda Internacional da Muller e da Nena na Ciencia - Delegaci\u00f3n del COIN en Galicia -<\/title>\n<meta name=\"robots\" content=\"index, follow, max-snippet:-1, max-image-preview:large, max-video-preview:-1\" \/>\n<link rel=\"canonical\" href=\"https:\/\/galicia.ingenierosnavales.com\/index.php\/2021\/02\/11\/dia-internacional-da-muller-e-da-nena-na-ciencia\/\" \/>\n<meta property=\"og:locale\" content=\"es_ES\" \/>\n<meta property=\"og:type\" content=\"article\" \/>\n<meta property=\"og:title\" content=\"D\u00eda Internacional da Muller e da Nena na Ciencia - Delegaci\u00f3n del COIN en Galicia -\" \/>\n<meta property=\"og:description\" content=\"#D\u00edaInternacionaldaMulleredaNenanaCiencia Nesta xornada po\u00f1emos en valor o papel da muller e da nena na ciencia porque \u00e9 moi importante que a sociedade comprenda que este non \u00e9 un eido masculino. Moitas mulleres foron responsables&#046;&#046;&#046;\" \/>\n<meta property=\"og:url\" content=\"https:\/\/galicia.ingenierosnavales.com\/index.php\/2021\/02\/11\/dia-internacional-da-muller-e-da-nena-na-ciencia\/\" \/>\n<meta property=\"og:site_name\" content=\"Delegaci\u00f3n del COIN en Galicia -\" \/>\n<meta property=\"article:published_time\" content=\"2021-02-11T10:38:35+00:00\" \/>\n<meta property=\"article:modified_time\" content=\"2021-02-11T10:46:29+00:00\" \/>\n<meta property=\"og:image\" content=\"https:\/\/galicia.ingenierosnavales.com\/wp-content\/uploads\/2021\/02\/CGES.jpg\" \/>\n\t<meta property=\"og:image:width\" content=\"940\" \/>\n\t<meta property=\"og:image:height\" content=\"788\" \/>\n\t<meta property=\"og:image:type\" content=\"image\/jpeg\" \/>\n<meta name=\"author\" content=\"Delegaci\u00f3n Galicia\" \/>\n<meta name=\"twitter:card\" content=\"summary_large_image\" \/>\n<meta name=\"twitter:label1\" content=\"Escrito por\" \/>\n\t<meta name=\"twitter:data1\" content=\"Delegaci\u00f3n Galicia\" \/>\n<script type=\"application\/ld+json\" class=\"yoast-schema-graph\">{\"@context\":\"https:\/\/schema.org\",\"@graph\":[{\"@type\":\"Article\",\"@id\":\"https:\/\/galicia.ingenierosnavales.com\/index.php\/2021\/02\/11\/dia-internacional-da-muller-e-da-nena-na-ciencia\/#article\",\"isPartOf\":{\"@id\":\"https:\/\/galicia.ingenierosnavales.com\/index.php\/2021\/02\/11\/dia-internacional-da-muller-e-da-nena-na-ciencia\/\"},\"author\":{\"name\":\"Delegaci\u00f3n Galicia\",\"@id\":\"https:\/\/galicia.ingenierosnavales.com\/#\/schema\/person\/5b19750a916831d424f63e9271d4e51d\"},\"headline\":\"D\u00eda Internacional da Muller e da Nena na Ciencia\",\"datePublished\":\"2021-02-11T10:38:35+00:00\",\"dateModified\":\"2021-02-11T10:46:29+00:00\",\"mainEntityOfPage\":{\"@id\":\"https:\/\/galicia.ingenierosnavales.com\/index.php\/2021\/02\/11\/dia-internacional-da-muller-e-da-nena-na-ciencia\/\"},\"wordCount\":97,\"commentCount\":0,\"publisher\":{\"@id\":\"https:\/\/galicia.ingenierosnavales.com\/#organization\"},\"image\":{\"@id\":\"https:\/\/galicia.ingenierosnavales.com\/index.php\/2021\/02\/11\/dia-internacional-da-muller-e-da-nena-na-ciencia\/#primaryimage\"},\"thumbnailUrl\":\"https:\/\/galicia.ingenierosnavales.com\/wp-content\/uploads\/2021\/02\/CGES.jpg\",\"articleSection\":[\"CGES\"],\"inLanguage\":\"es\",\"potentialAction\":[{\"@type\":\"CommentAction\",\"name\":\"Comment\",\"target\":[\"https:\/\/galicia.ingenierosnavales.com\/index.php\/2021\/02\/11\/dia-internacional-da-muller-e-da-nena-na-ciencia\/#respond\"]}]},{\"@type\":\"WebPage\",\"@id\":\"https:\/\/galicia.ingenierosnavales.com\/index.php\/2021\/02\/11\/dia-internacional-da-muller-e-da-nena-na-ciencia\/\",\"url\":\"https:\/\/galicia.ingenierosnavales.com\/index.php\/2021\/02\/11\/dia-internacional-da-muller-e-da-nena-na-ciencia\/\",\"name\":\"D\u00eda Internacional da Muller e da Nena na Ciencia - Delegaci\u00f3n del COIN en Galicia -\",\"isPartOf\":{\"@id\":\"https:\/\/galicia.ingenierosnavales.com\/#website\"},\"primaryImageOfPage\":{\"@id\":\"https:\/\/galicia.ingenierosnavales.com\/index.php\/2021\/02\/11\/dia-internacional-da-muller-e-da-nena-na-ciencia\/#primaryimage\"},\"image\":{\"@id\":\"https:\/\/galicia.ingenierosnavales.com\/index.php\/2021\/02\/11\/dia-internacional-da-muller-e-da-nena-na-ciencia\/#primaryimage\"},\"thumbnailUrl\":\"https:\/\/galicia.ingenierosnavales.com\/wp-content\/uploads\/2021\/02\/CGES.jpg\",\"datePublished\":\"2021-02-11T10:38:35+00:00\",\"dateModified\":\"2021-02-11T10:46:29+00:00\",\"breadcrumb\":{\"@id\":\"https:\/\/galicia.ingenierosnavales.com\/index.php\/2021\/02\/11\/dia-internacional-da-muller-e-da-nena-na-ciencia\/#breadcrumb\"},\"inLanguage\":\"es\",\"potentialAction\":[{\"@type\":\"ReadAction\",\"target\":[\"https:\/\/galicia.ingenierosnavales.com\/index.php\/2021\/02\/11\/dia-internacional-da-muller-e-da-nena-na-ciencia\/\"]}]},{\"@type\":\"ImageObject\",\"inLanguage\":\"es\",\"@id\":\"https:\/\/galicia.ingenierosnavales.com\/index.php\/2021\/02\/11\/dia-internacional-da-muller-e-da-nena-na-ciencia\/#primaryimage\",\"url\":\"https:\/\/galicia.ingenierosnavales.com\/wp-content\/uploads\/2021\/02\/CGES.jpg\",\"contentUrl\":\"https:\/\/galicia.ingenierosnavales.com\/wp-content\/uploads\/2021\/02\/CGES.jpg\",\"width\":940,\"height\":788},{\"@type\":\"BreadcrumbList\",\"@id\":\"https:\/\/galicia.ingenierosnavales.com\/index.php\/2021\/02\/11\/dia-internacional-da-muller-e-da-nena-na-ciencia\/#breadcrumb\",\"itemListElement\":[{\"@type\":\"ListItem\",\"position\":1,\"name\":\"Home\",\"item\":\"https:\/\/galicia.ingenierosnavales.com\/\"},{\"@type\":\"ListItem\",\"position\":2,\"name\":\"D\u00eda Internacional da Muller e da Nena na Ciencia\"}]},{\"@type\":\"WebSite\",\"@id\":\"https:\/\/galicia.ingenierosnavales.com\/#website\",\"url\":\"https:\/\/galicia.ingenierosnavales.com\/\",\"name\":\"Delegaci\u00f3n del COIN en Galicia -\",\"description\":\"\",\"publisher\":{\"@id\":\"https:\/\/galicia.ingenierosnavales.com\/#organization\"},\"potentialAction\":[{\"@type\":\"SearchAction\",\"target\":{\"@type\":\"EntryPoint\",\"urlTemplate\":\"https:\/\/galicia.ingenierosnavales.com\/?s={search_term_string}\"},\"query-input\":{\"@type\":\"PropertyValueSpecification\",\"valueRequired\":true,\"valueName\":\"search_term_string\"}}],\"inLanguage\":\"es\"},{\"@type\":\"Organization\",\"@id\":\"https:\/\/galicia.ingenierosnavales.com\/#organization\",\"name\":\"Delegaci\u00f3n del COIN en Galicia -\",\"url\":\"https:\/\/galicia.ingenierosnavales.com\/\",\"logo\":{\"@type\":\"ImageObject\",\"inLanguage\":\"es\",\"@id\":\"https:\/\/galicia.ingenierosnavales.com\/#\/schema\/logo\/image\/\",\"url\":\"https:\/\/galicia.ingenierosnavales.com\/wp-content\/uploads\/2022\/03\/logo_2-1.png\",\"contentUrl\":\"https:\/\/galicia.ingenierosnavales.com\/wp-content\/uploads\/2022\/03\/logo_2-1.png\",\"width\":240,\"height\":94,\"caption\":\"Delegaci\u00f3n del COIN en Galicia - \"},\"image\":{\"@id\":\"https:\/\/galicia.ingenierosnavales.com\/#\/schema\/logo\/image\/\"}},{\"@type\":\"Person\",\"@id\":\"https:\/\/galicia.ingenierosnavales.com\/#\/schema\/person\/5b19750a916831d424f63e9271d4e51d\",\"name\":\"Delegaci\u00f3n Galicia\",\"image\":{\"@type\":\"ImageObject\",\"inLanguage\":\"es\",\"@id\":\"https:\/\/galicia.ingenierosnavales.com\/#\/schema\/person\/image\/\",\"url\":\"https:\/\/secure.gravatar.com\/avatar\/8ba9b1dd96c7effddd31fcf63bf8cc7f?s=96&d=mm&r=g\",\"contentUrl\":\"https:\/\/secure.gravatar.com\/avatar\/8ba9b1dd96c7effddd31fcf63bf8cc7f?s=96&d=mm&r=g\",\"caption\":\"Delegaci\u00f3n Galicia\"},\"url\":\"https:\/\/galicia.ingenierosnavales.com\/index.php\/author\/galicia\/\"}]}<\/script>\n<!-- \/ Yoast SEO plugin. -->","yoast_head_json":{"title":"D\u00eda Internacional da Muller e da Nena na Ciencia - Delegaci\u00f3n del COIN en Galicia -","robots":{"index":"index","follow":"follow","max-snippet":"max-snippet:-1","max-image-preview":"max-image-preview:large","max-video-preview":"max-video-preview:-1"},"canonical":"https:\/\/galicia.ingenierosnavales.com\/index.php\/2021\/02\/11\/dia-internacional-da-muller-e-da-nena-na-ciencia\/","og_locale":"es_ES","og_type":"article","og_title":"D\u00eda Internacional da Muller e da Nena na Ciencia - Delegaci\u00f3n del COIN en Galicia -","og_description":"#D\u00edaInternacionaldaMulleredaNenanaCiencia Nesta xornada po\u00f1emos en valor o papel da muller e da nena na ciencia porque \u00e9 moi importante que a sociedade comprenda que este non \u00e9 un eido masculino. Moitas mulleres foron responsables&#46;&#46;&#46;","og_url":"https:\/\/galicia.ingenierosnavales.com\/index.php\/2021\/02\/11\/dia-internacional-da-muller-e-da-nena-na-ciencia\/","og_site_name":"Delegaci\u00f3n del COIN en Galicia -","article_published_time":"2021-02-11T10:38:35+00:00","article_modified_time":"2021-02-11T10:46:29+00:00","og_image":[{"width":940,"height":788,"url":"https:\/\/galicia.ingenierosnavales.com\/wp-content\/uploads\/2021\/02\/CGES.jpg","type":"image\/jpeg"}],"author":"Delegaci\u00f3n Galicia","twitter_card":"summary_large_image","twitter_misc":{"Escrito por":"Delegaci\u00f3n Galicia"},"schema":{"@context":"https:\/\/schema.org","@graph":[{"@type":"Article","@id":"https:\/\/galicia.ingenierosnavales.com\/index.php\/2021\/02\/11\/dia-internacional-da-muller-e-da-nena-na-ciencia\/#article","isPartOf":{"@id":"https:\/\/galicia.ingenierosnavales.com\/index.php\/2021\/02\/11\/dia-internacional-da-muller-e-da-nena-na-ciencia\/"},"author":{"name":"Delegaci\u00f3n Galicia","@id":"https:\/\/galicia.ingenierosnavales.com\/#\/schema\/person\/5b19750a916831d424f63e9271d4e51d"},"headline":"D\u00eda Internacional da Muller e da Nena na Ciencia","datePublished":"2021-02-11T10:38:35+00:00","dateModified":"2021-02-11T10:46:29+00:00","mainEntityOfPage":{"@id":"https:\/\/galicia.ingenierosnavales.com\/index.php\/2021\/02\/11\/dia-internacional-da-muller-e-da-nena-na-ciencia\/"},"wordCount":97,"commentCount":0,"publisher":{"@id":"https:\/\/galicia.ingenierosnavales.com\/#organization"},"image":{"@id":"https:\/\/galicia.ingenierosnavales.com\/index.php\/2021\/02\/11\/dia-internacional-da-muller-e-da-nena-na-ciencia\/#primaryimage"},"thumbnailUrl":"https:\/\/galicia.ingenierosnavales.com\/wp-content\/uploads\/2021\/02\/CGES.jpg","articleSection":["CGES"],"inLanguage":"es","potentialAction":[{"@type":"CommentAction","name":"Comment","target":["https:\/\/galicia.ingenierosnavales.com\/index.php\/2021\/02\/11\/dia-internacional-da-muller-e-da-nena-na-ciencia\/#respond"]}]},{"@type":"WebPage","@id":"https:\/\/galicia.ingenierosnavales.com\/index.php\/2021\/02\/11\/dia-internacional-da-muller-e-da-nena-na-ciencia\/","url":"https:\/\/galicia.ingenierosnavales.com\/index.php\/2021\/02\/11\/dia-internacional-da-muller-e-da-nena-na-ciencia\/","name":"D\u00eda Internacional da Muller e da Nena na Ciencia - Delegaci\u00f3n del COIN en Galicia -","isPartOf":{"@id":"https:\/\/galicia.ingenierosnavales.com\/#website"},"primaryImageOfPage":{"@id":"https:\/\/galicia.ingenierosnavales.com\/index.php\/2021\/02\/11\/dia-internacional-da-muller-e-da-nena-na-ciencia\/#primaryimage"},"image":{"@id":"https:\/\/galicia.ingenierosnavales.com\/index.php\/2021\/02\/11\/dia-internacional-da-muller-e-da-nena-na-ciencia\/#primaryimage"},"thumbnailUrl":"https:\/\/galicia.ingenierosnavales.com\/wp-content\/uploads\/2021\/02\/CGES.jpg","datePublished":"2021-02-11T10:38:35+00:00","dateModified":"2021-02-11T10:46:29+00:00","breadcrumb":{"@id":"https:\/\/galicia.ingenierosnavales.com\/index.php\/2021\/02\/11\/dia-internacional-da-muller-e-da-nena-na-ciencia\/#breadcrumb"},"inLanguage":"es","potentialAction":[{"@type":"ReadAction","target":["https:\/\/galicia.ingenierosnavales.com\/index.php\/2021\/02\/11\/dia-internacional-da-muller-e-da-nena-na-ciencia\/"]}]},{"@type":"ImageObject","inLanguage":"es","@id":"https:\/\/galicia.ingenierosnavales.com\/index.php\/2021\/02\/11\/dia-internacional-da-muller-e-da-nena-na-ciencia\/#primaryimage","url":"https:\/\/galicia.ingenierosnavales.com\/wp-content\/uploads\/2021\/02\/CGES.jpg","contentUrl":"https:\/\/galicia.ingenierosnavales.com\/wp-content\/uploads\/2021\/02\/CGES.jpg","width":940,"height":788},{"@type":"BreadcrumbList","@id":"https:\/\/galicia.ingenierosnavales.com\/index.php\/2021\/02\/11\/dia-internacional-da-muller-e-da-nena-na-ciencia\/#breadcrumb","itemListElement":[{"@type":"ListItem","position":1,"name":"Home","item":"https:\/\/galicia.ingenierosnavales.com\/"},{"@type":"ListItem","position":2,"name":"D\u00eda Internacional da Muller e da Nena na Ciencia"}]},{"@type":"WebSite","@id":"https:\/\/galicia.ingenierosnavales.com\/#website","url":"https:\/\/galicia.ingenierosnavales.com\/","name":"Delegaci\u00f3n del COIN en Galicia -","description":"","publisher":{"@id":"https:\/\/galicia.ingenierosnavales.com\/#organization"},"potentialAction":[{"@type":"SearchAction","target":{"@type":"EntryPoint","urlTemplate":"https:\/\/galicia.ingenierosnavales.com\/?s={search_term_string}"},"query-input":{"@type":"PropertyValueSpecification","valueRequired":true,"valueName":"search_term_string"}}],"inLanguage":"es"},{"@type":"Organization","@id":"https:\/\/galicia.ingenierosnavales.com\/#organization","name":"Delegaci\u00f3n del COIN en Galicia -","url":"https:\/\/galicia.ingenierosnavales.com\/","logo":{"@type":"ImageObject","inLanguage":"es","@id":"https:\/\/galicia.ingenierosnavales.com\/#\/schema\/logo\/image\/","url":"https:\/\/galicia.ingenierosnavales.com\/wp-content\/uploads\/2022\/03\/logo_2-1.png","contentUrl":"https:\/\/galicia.ingenierosnavales.com\/wp-content\/uploads\/2022\/03\/logo_2-1.png","width":240,"height":94,"caption":"Delegaci\u00f3n del COIN en Galicia - "},"image":{"@id":"https:\/\/galicia.ingenierosnavales.com\/#\/schema\/logo\/image\/"}},{"@type":"Person","@id":"https:\/\/galicia.ingenierosnavales.com\/#\/schema\/person\/5b19750a916831d424f63e9271d4e51d","name":"Delegaci\u00f3n Galicia","image":{"@type":"ImageObject","inLanguage":"es","@id":"https:\/\/galicia.ingenierosnavales.com\/#\/schema\/person\/image\/","url":"https:\/\/secure.gravatar.com\/avatar\/8ba9b1dd96c7effddd31fcf63bf8cc7f?s=96&d=mm&r=g","contentUrl":"https:\/\/secure.gravatar.com\/avatar\/8ba9b1dd96c7effddd31fcf63bf8cc7f?s=96&d=mm&r=g","caption":"Delegaci\u00f3n Galicia"},"url":"https:\/\/galicia.ingenierosnavales.com\/index.php\/author\/galicia\/"}]}},"_links":{"self":[{"href":"https:\/\/galicia.ingenierosnavales.com\/index.php\/wp-json\/wp\/v2\/posts\/1855","targetHints":{"allow":["GET"]}}],"collection":[{"href":"https:\/\/galicia.ingenierosnavales.com\/index.php\/wp-json\/wp\/v2\/posts"}],"about":[{"href":"https:\/\/galicia.ingenierosnavales.com\/index.php\/wp-json\/wp\/v2\/types\/post"}],"author":[{"embeddable":true,"href":"https:\/\/galicia.ingenierosnavales.com\/index.php\/wp-json\/wp\/v2\/users\/2"}],"replies":[{"embeddable":true,"href":"https:\/\/galicia.ingenierosnavales.com\/index.php\/wp-json\/wp\/v2\/comments?post=1855"}],"version-history":[{"count":5,"href":"https:\/\/galicia.ingenierosnavales.com\/index.php\/wp-json\/wp\/v2\/posts\/1855\/revisions"}],"predecessor-version":[{"id":1861,"href":"https:\/\/galicia.ingenierosnavales.com\/index.php\/wp-json\/wp\/v2\/posts\/1855\/revisions\/1861"}],"wp:featuredmedia":[{"embeddable":true,"href":"https:\/\/galicia.ingenierosnavales.com\/index.php\/wp-json\/wp\/v2\/media\/1856"}],"wp:attachment":[{"href":"https:\/\/galicia.ingenierosnavales.com\/index.php\/wp-json\/wp\/v2\/media?parent=1855"}],"wp:term":[{"taxonomy":"category","embeddable":true,"href":"https:\/\/galicia.ingenierosnavales.com\/index.php\/wp-json\/wp\/v2\/categories?post=1855"},{"taxonomy":"post_tag","embeddable":true,"href":"https:\/\/galicia.ingenierosnavales.com\/index.php\/wp-json\/wp\/v2\/tags?post=1855"}],"curies":[{"name":"wp","href":"https:\/\/api.w.org\/{rel}","templated":true}]}}