{"id":1612,"date":"2020-11-24T09:48:45","date_gmt":"2020-11-24T09:48:45","guid":{"rendered":"https:\/\/galicia.ingenierosnavales.com\/?p=1612"},"modified":"2020-11-24T09:48:45","modified_gmt":"2020-11-24T09:48:45","slug":"el-cges-presenta-las-medidas-para-el-impulso-economico-de-galicia-a-la-xunta-de-galicia","status":"publish","type":"post","link":"https:\/\/galicia.ingenierosnavales.com\/index.php\/2020\/11\/24\/el-cges-presenta-las-medidas-para-el-impulso-economico-de-galicia-a-la-xunta-de-galicia\/","title":{"rendered":"El CGES presenta las \u00abMedidas para el impulso econ\u00f3mico de Galicia\u00bb a la Xunta de Galicia"},"content":{"rendered":"<p>El pasado 11 de noviembre, representantes del <strong>CGES, entre los que se encontraba nuestro Decano Territorial Jos\u00e9 J. De Troya Calatayud,\u00a0<\/strong> se reuni\u00f3 en el Parlamento de Galicia con el <strong>Conselleiro de Econom\u00eda, Empresa e Innovaci\u00f3n, Francisco Conde<\/strong>, para presentarle las \u00ab<strong>Medidas para el impulso econ\u00f3mico de Galicia\u00bb. <\/strong><\/p>\n<p>Esta reuni\u00f3n tuvo lugar en el marco de los encuentros con los diferentes agentes econ\u00f3micos y sociales para incorporar sus aportaciones a la futura Ley de reactivaci\u00f3n econ\u00f3mica de Galicia.<\/p>\n<p><a href=\"https:\/\/www.xunta.gal\/notas-de-prensa\/-\/nova\/53064\/xunta-avalia-consello-galego-enxenerias-potencial-futura-lei-reactivacion-economica\">La Xunta eval\u00faa con el Consello Galego de Ingenier\u00edas el potencial de la futura Ley de reactivaci\u00f3n econ\u00f3mica para atraer proyectos hacia Galicia<\/a><\/p>\n<p><img loading=\"lazy\" decoding=\"async\" class=\"alignnone size-medium wp-image-1613\" src=\"https:\/\/galicia.ingenierosnavales.com\/wp-content\/uploads\/2020\/11\/REUNION-XUNTA-NOVIEMBRE-1-300x199.jpg\" alt=\"\" width=\"300\" height=\"199\" srcset=\"https:\/\/galicia.ingenierosnavales.com\/wp-content\/uploads\/2020\/11\/REUNION-XUNTA-NOVIEMBRE-1-300x199.jpg 300w, https:\/\/galicia.ingenierosnavales.com\/wp-content\/uploads\/2020\/11\/REUNION-XUNTA-NOVIEMBRE-1-1024x678.jpg 1024w, https:\/\/galicia.ingenierosnavales.com\/wp-content\/uploads\/2020\/11\/REUNION-XUNTA-NOVIEMBRE-1-768x508.jpg 768w, https:\/\/galicia.ingenierosnavales.com\/wp-content\/uploads\/2020\/11\/REUNION-XUNTA-NOVIEMBRE-1-1536x1016.jpg 1536w, https:\/\/galicia.ingenierosnavales.com\/wp-content\/uploads\/2020\/11\/REUNION-XUNTA-NOVIEMBRE-1.jpg 2028w\" sizes=\"auto, (max-width: 300px) 100vw, 300px\" \/><\/p>\n","protected":false},"excerpt":{"rendered":"<p>El pasado 11 de noviembre, representantes del CGES, entre los que se encontraba nuestro Decano Territorial Jos\u00e9 J. De Troya Calatayud,\u00a0 se reuni\u00f3 en el Parlamento de Galicia con el Conselleiro de Econom\u00eda, Empresa&#46;&#46;&#46;<\/p>\n","protected":false},"author":2,"featured_media":1610,"comment_status":"open","ping_status":"open","sticky":false,"template":"","format":"standard","meta":{"om_disable_all_campaigns":false,"_monsterinsights_skip_tracking":false,"_monsterinsights_sitenote_active":false,"_monsterinsights_sitenote_note":"","_monsterinsights_sitenote_category":0,"_uf_show_specific_survey":0,"_uf_disable_surveys":false,"footnotes":""},"categories":[4,3],"tags":[],"class_list":["post-1612","post","type-post","status-publish","format-standard","has-post-thumbnail","hentry","category-cges","category-noticias-gl-es"],"aioseo_notices":[],"yoast_head":"<!-- This site is optimized with the Yoast SEO plugin v24.0 - https:\/\/yoast.com\/wordpress\/plugins\/seo\/ -->\n<title>El CGES presenta las &quot;Medidas para el impulso econ\u00f3mico de Galicia&quot; a la Xunta de Galicia - Delegaci\u00f3n del COIN en Galicia -<\/title>\n<meta name=\"robots\" content=\"index, follow, max-snippet:-1, max-image-preview:large, max-video-preview:-1\" \/>\n<link rel=\"canonical\" href=\"https:\/\/galicia.ingenierosnavales.com\/index.php\/2020\/11\/24\/el-cges-presenta-las-medidas-para-el-impulso-economico-de-galicia-a-la-xunta-de-galicia\/\" \/>\n<meta property=\"og:locale\" content=\"es_ES\" \/>\n<meta property=\"og:type\" content=\"article\" \/>\n<meta property=\"og:title\" content=\"El CGES presenta las &quot;Medidas para el impulso econ\u00f3mico de Galicia&quot; a la Xunta de Galicia - Delegaci\u00f3n del COIN en Galicia -\" \/>\n<meta property=\"og:description\" content=\"El pasado 11 de noviembre, representantes del CGES, entre los que se encontraba nuestro Decano Territorial Jos\u00e9 J. De Troya Calatayud,\u00a0 se reuni\u00f3 en el Parlamento de Galicia con el Conselleiro de Econom\u00eda, Empresa&#046;&#046;&#046;\" \/>\n<meta property=\"og:url\" content=\"https:\/\/galicia.ingenierosnavales.com\/index.php\/2020\/11\/24\/el-cges-presenta-las-medidas-para-el-impulso-economico-de-galicia-a-la-xunta-de-galicia\/\" \/>\n<meta property=\"og:site_name\" content=\"Delegaci\u00f3n del COIN en Galicia -\" \/>\n<meta property=\"article:published_time\" content=\"2020-11-24T09:48:45+00:00\" \/>\n<meta property=\"og:image\" content=\"https:\/\/galicia.ingenierosnavales.com\/wp-content\/uploads\/2020\/11\/REUNION-XUNTA-NOVIEMBRE.jpg\" \/>\n\t<meta property=\"og:image:width\" content=\"1774\" \/>\n\t<meta property=\"og:image:height\" content=\"1288\" \/>\n\t<meta property=\"og:image:type\" content=\"image\/jpeg\" \/>\n<meta name=\"author\" content=\"Delegaci\u00f3n Galicia\" \/>\n<meta name=\"twitter:card\" content=\"summary_large_image\" \/>\n<meta name=\"twitter:label1\" content=\"Escrito por\" \/>\n\t<meta name=\"twitter:data1\" content=\"Delegaci\u00f3n Galicia\" \/>\n\t<meta name=\"twitter:label2\" content=\"Tiempo de lectura\" \/>\n\t<meta name=\"twitter:data2\" content=\"1 minuto\" \/>\n<script type=\"application\/ld+json\" class=\"yoast-schema-graph\">{\"@context\":\"https:\/\/schema.org\",\"@graph\":[{\"@type\":\"Article\",\"@id\":\"https:\/\/galicia.ingenierosnavales.com\/index.php\/2020\/11\/24\/el-cges-presenta-las-medidas-para-el-impulso-economico-de-galicia-a-la-xunta-de-galicia\/#article\",\"isPartOf\":{\"@id\":\"https:\/\/galicia.ingenierosnavales.com\/index.php\/2020\/11\/24\/el-cges-presenta-las-medidas-para-el-impulso-economico-de-galicia-a-la-xunta-de-galicia\/\"},\"author\":{\"name\":\"Delegaci\u00f3n Galicia\",\"@id\":\"https:\/\/galicia.ingenierosnavales.com\/#\/schema\/person\/5b19750a916831d424f63e9271d4e51d\"},\"headline\":\"El CGES presenta las \u00abMedidas para el impulso econ\u00f3mico de Galicia\u00bb a la Xunta de Galicia\",\"datePublished\":\"2020-11-24T09:48:45+00:00\",\"dateModified\":\"2020-11-24T09:48:45+00:00\",\"mainEntityOfPage\":{\"@id\":\"https:\/\/galicia.ingenierosnavales.com\/index.php\/2020\/11\/24\/el-cges-presenta-las-medidas-para-el-impulso-economico-de-galicia-a-la-xunta-de-galicia\/\"},\"wordCount\":128,\"commentCount\":0,\"publisher\":{\"@id\":\"https:\/\/galicia.ingenierosnavales.com\/#organization\"},\"image\":{\"@id\":\"https:\/\/galicia.ingenierosnavales.com\/index.php\/2020\/11\/24\/el-cges-presenta-las-medidas-para-el-impulso-economico-de-galicia-a-la-xunta-de-galicia\/#primaryimage\"},\"thumbnailUrl\":\"https:\/\/galicia.ingenierosnavales.com\/wp-content\/uploads\/2020\/11\/REUNION-XUNTA-NOVIEMBRE.jpg\",\"articleSection\":[\"CGES\",\"Noticias\"],\"inLanguage\":\"es\",\"potentialAction\":[{\"@type\":\"CommentAction\",\"name\":\"Comment\",\"target\":[\"https:\/\/galicia.ingenierosnavales.com\/index.php\/2020\/11\/24\/el-cges-presenta-las-medidas-para-el-impulso-economico-de-galicia-a-la-xunta-de-galicia\/#respond\"]}]},{\"@type\":\"WebPage\",\"@id\":\"https:\/\/galicia.ingenierosnavales.com\/index.php\/2020\/11\/24\/el-cges-presenta-las-medidas-para-el-impulso-economico-de-galicia-a-la-xunta-de-galicia\/\",\"url\":\"https:\/\/galicia.ingenierosnavales.com\/index.php\/2020\/11\/24\/el-cges-presenta-las-medidas-para-el-impulso-economico-de-galicia-a-la-xunta-de-galicia\/\",\"name\":\"El CGES presenta las \\\"Medidas para el impulso econ\u00f3mico de Galicia\\\" a la Xunta de Galicia - Delegaci\u00f3n del COIN en Galicia -\",\"isPartOf\":{\"@id\":\"https:\/\/galicia.ingenierosnavales.com\/#website\"},\"primaryImageOfPage\":{\"@id\":\"https:\/\/galicia.ingenierosnavales.com\/index.php\/2020\/11\/24\/el-cges-presenta-las-medidas-para-el-impulso-economico-de-galicia-a-la-xunta-de-galicia\/#primaryimage\"},\"image\":{\"@id\":\"https:\/\/galicia.ingenierosnavales.com\/index.php\/2020\/11\/24\/el-cges-presenta-las-medidas-para-el-impulso-economico-de-galicia-a-la-xunta-de-galicia\/#primaryimage\"},\"thumbnailUrl\":\"https:\/\/galicia.ingenierosnavales.com\/wp-content\/uploads\/2020\/11\/REUNION-XUNTA-NOVIEMBRE.jpg\",\"datePublished\":\"2020-11-24T09:48:45+00:00\",\"dateModified\":\"2020-11-24T09:48:45+00:00\",\"breadcrumb\":{\"@id\":\"https:\/\/galicia.ingenierosnavales.com\/index.php\/2020\/11\/24\/el-cges-presenta-las-medidas-para-el-impulso-economico-de-galicia-a-la-xunta-de-galicia\/#breadcrumb\"},\"inLanguage\":\"es\",\"potentialAction\":[{\"@type\":\"ReadAction\",\"target\":[\"https:\/\/galicia.ingenierosnavales.com\/index.php\/2020\/11\/24\/el-cges-presenta-las-medidas-para-el-impulso-economico-de-galicia-a-la-xunta-de-galicia\/\"]}]},{\"@type\":\"ImageObject\",\"inLanguage\":\"es\",\"@id\":\"https:\/\/galicia.ingenierosnavales.com\/index.php\/2020\/11\/24\/el-cges-presenta-las-medidas-para-el-impulso-economico-de-galicia-a-la-xunta-de-galicia\/#primaryimage\",\"url\":\"https:\/\/galicia.ingenierosnavales.com\/wp-content\/uploads\/2020\/11\/REUNION-XUNTA-NOVIEMBRE.jpg\",\"contentUrl\":\"https:\/\/galicia.ingenierosnavales.com\/wp-content\/uploads\/2020\/11\/REUNION-XUNTA-NOVIEMBRE.jpg\",\"width\":1774,\"height\":1288},{\"@type\":\"BreadcrumbList\",\"@id\":\"https:\/\/galicia.ingenierosnavales.com\/index.php\/2020\/11\/24\/el-cges-presenta-las-medidas-para-el-impulso-economico-de-galicia-a-la-xunta-de-galicia\/#breadcrumb\",\"itemListElement\":[{\"@type\":\"ListItem\",\"position\":1,\"name\":\"Home\",\"item\":\"https:\/\/galicia.ingenierosnavales.com\/\"},{\"@type\":\"ListItem\",\"position\":2,\"name\":\"El CGES presenta las \u00abMedidas para el impulso econ\u00f3mico de Galicia\u00bb a la Xunta de Galicia\"}]},{\"@type\":\"WebSite\",\"@id\":\"https:\/\/galicia.ingenierosnavales.com\/#website\",\"url\":\"https:\/\/galicia.ingenierosnavales.com\/\",\"name\":\"Delegaci\u00f3n del COIN en Galicia -\",\"description\":\"\",\"publisher\":{\"@id\":\"https:\/\/galicia.ingenierosnavales.com\/#organization\"},\"potentialAction\":[{\"@type\":\"SearchAction\",\"target\":{\"@type\":\"EntryPoint\",\"urlTemplate\":\"https:\/\/galicia.ingenierosnavales.com\/?s={search_term_string}\"},\"query-input\":{\"@type\":\"PropertyValueSpecification\",\"valueRequired\":true,\"valueName\":\"search_term_string\"}}],\"inLanguage\":\"es\"},{\"@type\":\"Organization\",\"@id\":\"https:\/\/galicia.ingenierosnavales.com\/#organization\",\"name\":\"Delegaci\u00f3n del COIN en Galicia -\",\"url\":\"https:\/\/galicia.ingenierosnavales.com\/\",\"logo\":{\"@type\":\"ImageObject\",\"inLanguage\":\"es\",\"@id\":\"https:\/\/galicia.ingenierosnavales.com\/#\/schema\/logo\/image\/\",\"url\":\"https:\/\/galicia.ingenierosnavales.com\/wp-content\/uploads\/2022\/03\/logo_2-1.png\",\"contentUrl\":\"https:\/\/galicia.ingenierosnavales.com\/wp-content\/uploads\/2022\/03\/logo_2-1.png\",\"width\":240,\"height\":94,\"caption\":\"Delegaci\u00f3n del COIN en Galicia - \"},\"image\":{\"@id\":\"https:\/\/galicia.ingenierosnavales.com\/#\/schema\/logo\/image\/\"}},{\"@type\":\"Person\",\"@id\":\"https:\/\/galicia.ingenierosnavales.com\/#\/schema\/person\/5b19750a916831d424f63e9271d4e51d\",\"name\":\"Delegaci\u00f3n Galicia\",\"image\":{\"@type\":\"ImageObject\",\"inLanguage\":\"es\",\"@id\":\"https:\/\/galicia.ingenierosnavales.com\/#\/schema\/person\/image\/\",\"url\":\"https:\/\/secure.gravatar.com\/avatar\/8ba9b1dd96c7effddd31fcf63bf8cc7f?s=96&d=mm&r=g\",\"contentUrl\":\"https:\/\/secure.gravatar.com\/avatar\/8ba9b1dd96c7effddd31fcf63bf8cc7f?s=96&d=mm&r=g\",\"caption\":\"Delegaci\u00f3n Galicia\"},\"url\":\"https:\/\/galicia.ingenierosnavales.com\/index.php\/author\/galicia\/\"}]}<\/script>\n<!-- \/ Yoast SEO plugin. -->","yoast_head_json":{"title":"El CGES presenta las \"Medidas para el impulso econ\u00f3mico de Galicia\" a la Xunta de Galicia - Delegaci\u00f3n del COIN en Galicia -","robots":{"index":"index","follow":"follow","max-snippet":"max-snippet:-1","max-image-preview":"max-image-preview:large","max-video-preview":"max-video-preview:-1"},"canonical":"https:\/\/galicia.ingenierosnavales.com\/index.php\/2020\/11\/24\/el-cges-presenta-las-medidas-para-el-impulso-economico-de-galicia-a-la-xunta-de-galicia\/","og_locale":"es_ES","og_type":"article","og_title":"El CGES presenta las \"Medidas para el impulso econ\u00f3mico de Galicia\" a la Xunta de Galicia - Delegaci\u00f3n del COIN en Galicia -","og_description":"El pasado 11 de noviembre, representantes del CGES, entre los que se encontraba nuestro Decano Territorial Jos\u00e9 J. De Troya Calatayud,\u00a0 se reuni\u00f3 en el Parlamento de Galicia con el Conselleiro de Econom\u00eda, Empresa&#46;&#46;&#46;","og_url":"https:\/\/galicia.ingenierosnavales.com\/index.php\/2020\/11\/24\/el-cges-presenta-las-medidas-para-el-impulso-economico-de-galicia-a-la-xunta-de-galicia\/","og_site_name":"Delegaci\u00f3n del COIN en Galicia -","article_published_time":"2020-11-24T09:48:45+00:00","og_image":[{"width":1774,"height":1288,"url":"https:\/\/galicia.ingenierosnavales.com\/wp-content\/uploads\/2020\/11\/REUNION-XUNTA-NOVIEMBRE.jpg","type":"image\/jpeg"}],"author":"Delegaci\u00f3n Galicia","twitter_card":"summary_large_image","twitter_misc":{"Escrito por":"Delegaci\u00f3n Galicia","Tiempo de lectura":"1 minuto"},"schema":{"@context":"https:\/\/schema.org","@graph":[{"@type":"Article","@id":"https:\/\/galicia.ingenierosnavales.com\/index.php\/2020\/11\/24\/el-cges-presenta-las-medidas-para-el-impulso-economico-de-galicia-a-la-xunta-de-galicia\/#article","isPartOf":{"@id":"https:\/\/galicia.ingenierosnavales.com\/index.php\/2020\/11\/24\/el-cges-presenta-las-medidas-para-el-impulso-economico-de-galicia-a-la-xunta-de-galicia\/"},"author":{"name":"Delegaci\u00f3n Galicia","@id":"https:\/\/galicia.ingenierosnavales.com\/#\/schema\/person\/5b19750a916831d424f63e9271d4e51d"},"headline":"El CGES presenta las \u00abMedidas para el impulso econ\u00f3mico de Galicia\u00bb a la Xunta de Galicia","datePublished":"2020-11-24T09:48:45+00:00","dateModified":"2020-11-24T09:48:45+00:00","mainEntityOfPage":{"@id":"https:\/\/galicia.ingenierosnavales.com\/index.php\/2020\/11\/24\/el-cges-presenta-las-medidas-para-el-impulso-economico-de-galicia-a-la-xunta-de-galicia\/"},"wordCount":128,"commentCount":0,"publisher":{"@id":"https:\/\/galicia.ingenierosnavales.com\/#organization"},"image":{"@id":"https:\/\/galicia.ingenierosnavales.com\/index.php\/2020\/11\/24\/el-cges-presenta-las-medidas-para-el-impulso-economico-de-galicia-a-la-xunta-de-galicia\/#primaryimage"},"thumbnailUrl":"https:\/\/galicia.ingenierosnavales.com\/wp-content\/uploads\/2020\/11\/REUNION-XUNTA-NOVIEMBRE.jpg","articleSection":["CGES","Noticias"],"inLanguage":"es","potentialAction":[{"@type":"CommentAction","name":"Comment","target":["https:\/\/galicia.ingenierosnavales.com\/index.php\/2020\/11\/24\/el-cges-presenta-las-medidas-para-el-impulso-economico-de-galicia-a-la-xunta-de-galicia\/#respond"]}]},{"@type":"WebPage","@id":"https:\/\/galicia.ingenierosnavales.com\/index.php\/2020\/11\/24\/el-cges-presenta-las-medidas-para-el-impulso-economico-de-galicia-a-la-xunta-de-galicia\/","url":"https:\/\/galicia.ingenierosnavales.com\/index.php\/2020\/11\/24\/el-cges-presenta-las-medidas-para-el-impulso-economico-de-galicia-a-la-xunta-de-galicia\/","name":"El CGES presenta las \"Medidas para el impulso econ\u00f3mico de Galicia\" a la Xunta de Galicia - Delegaci\u00f3n del COIN en Galicia -","isPartOf":{"@id":"https:\/\/galicia.ingenierosnavales.com\/#website"},"primaryImageOfPage":{"@id":"https:\/\/galicia.ingenierosnavales.com\/index.php\/2020\/11\/24\/el-cges-presenta-las-medidas-para-el-impulso-economico-de-galicia-a-la-xunta-de-galicia\/#primaryimage"},"image":{"@id":"https:\/\/galicia.ingenierosnavales.com\/index.php\/2020\/11\/24\/el-cges-presenta-las-medidas-para-el-impulso-economico-de-galicia-a-la-xunta-de-galicia\/#primaryimage"},"thumbnailUrl":"https:\/\/galicia.ingenierosnavales.com\/wp-content\/uploads\/2020\/11\/REUNION-XUNTA-NOVIEMBRE.jpg","datePublished":"2020-11-24T09:48:45+00:00","dateModified":"2020-11-24T09:48:45+00:00","breadcrumb":{"@id":"https:\/\/galicia.ingenierosnavales.com\/index.php\/2020\/11\/24\/el-cges-presenta-las-medidas-para-el-impulso-economico-de-galicia-a-la-xunta-de-galicia\/#breadcrumb"},"inLanguage":"es","potentialAction":[{"@type":"ReadAction","target":["https:\/\/galicia.ingenierosnavales.com\/index.php\/2020\/11\/24\/el-cges-presenta-las-medidas-para-el-impulso-economico-de-galicia-a-la-xunta-de-galicia\/"]}]},{"@type":"ImageObject","inLanguage":"es","@id":"https:\/\/galicia.ingenierosnavales.com\/index.php\/2020\/11\/24\/el-cges-presenta-las-medidas-para-el-impulso-economico-de-galicia-a-la-xunta-de-galicia\/#primaryimage","url":"https:\/\/galicia.ingenierosnavales.com\/wp-content\/uploads\/2020\/11\/REUNION-XUNTA-NOVIEMBRE.jpg","contentUrl":"https:\/\/galicia.ingenierosnavales.com\/wp-content\/uploads\/2020\/11\/REUNION-XUNTA-NOVIEMBRE.jpg","width":1774,"height":1288},{"@type":"BreadcrumbList","@id":"https:\/\/galicia.ingenierosnavales.com\/index.php\/2020\/11\/24\/el-cges-presenta-las-medidas-para-el-impulso-economico-de-galicia-a-la-xunta-de-galicia\/#breadcrumb","itemListElement":[{"@type":"ListItem","position":1,"name":"Home","item":"https:\/\/galicia.ingenierosnavales.com\/"},{"@type":"ListItem","position":2,"name":"El CGES presenta las \u00abMedidas para el impulso econ\u00f3mico de Galicia\u00bb a la Xunta de Galicia"}]},{"@type":"WebSite","@id":"https:\/\/galicia.ingenierosnavales.com\/#website","url":"https:\/\/galicia.ingenierosnavales.com\/","name":"Delegaci\u00f3n del COIN en Galicia -","description":"","publisher":{"@id":"https:\/\/galicia.ingenierosnavales.com\/#organization"},"potentialAction":[{"@type":"SearchAction","target":{"@type":"EntryPoint","urlTemplate":"https:\/\/galicia.ingenierosnavales.com\/?s={search_term_string}"},"query-input":{"@type":"PropertyValueSpecification","valueRequired":true,"valueName":"search_term_string"}}],"inLanguage":"es"},{"@type":"Organization","@id":"https:\/\/galicia.ingenierosnavales.com\/#organization","name":"Delegaci\u00f3n del COIN en Galicia -","url":"https:\/\/galicia.ingenierosnavales.com\/","logo":{"@type":"ImageObject","inLanguage":"es","@id":"https:\/\/galicia.ingenierosnavales.com\/#\/schema\/logo\/image\/","url":"https:\/\/galicia.ingenierosnavales.com\/wp-content\/uploads\/2022\/03\/logo_2-1.png","contentUrl":"https:\/\/galicia.ingenierosnavales.com\/wp-content\/uploads\/2022\/03\/logo_2-1.png","width":240,"height":94,"caption":"Delegaci\u00f3n del COIN en Galicia - "},"image":{"@id":"https:\/\/galicia.ingenierosnavales.com\/#\/schema\/logo\/image\/"}},{"@type":"Person","@id":"https:\/\/galicia.ingenierosnavales.com\/#\/schema\/person\/5b19750a916831d424f63e9271d4e51d","name":"Delegaci\u00f3n Galicia","image":{"@type":"ImageObject","inLanguage":"es","@id":"https:\/\/galicia.ingenierosnavales.com\/#\/schema\/person\/image\/","url":"https:\/\/secure.gravatar.com\/avatar\/8ba9b1dd96c7effddd31fcf63bf8cc7f?s=96&d=mm&r=g","contentUrl":"https:\/\/secure.gravatar.com\/avatar\/8ba9b1dd96c7effddd31fcf63bf8cc7f?s=96&d=mm&r=g","caption":"Delegaci\u00f3n Galicia"},"url":"https:\/\/galicia.ingenierosnavales.com\/index.php\/author\/galicia\/"}]}},"_links":{"self":[{"href":"https:\/\/galicia.ingenierosnavales.com\/index.php\/wp-json\/wp\/v2\/posts\/1612","targetHints":{"allow":["GET"]}}],"collection":[{"href":"https:\/\/galicia.ingenierosnavales.com\/index.php\/wp-json\/wp\/v2\/posts"}],"about":[{"href":"https:\/\/galicia.ingenierosnavales.com\/index.php\/wp-json\/wp\/v2\/types\/post"}],"author":[{"embeddable":true,"href":"https:\/\/galicia.ingenierosnavales.com\/index.php\/wp-json\/wp\/v2\/users\/2"}],"replies":[{"embeddable":true,"href":"https:\/\/galicia.ingenierosnavales.com\/index.php\/wp-json\/wp\/v2\/comments?post=1612"}],"version-history":[{"count":1,"href":"https:\/\/galicia.ingenierosnavales.com\/index.php\/wp-json\/wp\/v2\/posts\/1612\/revisions"}],"predecessor-version":[{"id":1614,"href":"https:\/\/galicia.ingenierosnavales.com\/index.php\/wp-json\/wp\/v2\/posts\/1612\/revisions\/1614"}],"wp:featuredmedia":[{"embeddable":true,"href":"https:\/\/galicia.ingenierosnavales.com\/index.php\/wp-json\/wp\/v2\/media\/1610"}],"wp:attachment":[{"href":"https:\/\/galicia.ingenierosnavales.com\/index.php\/wp-json\/wp\/v2\/media?parent=1612"}],"wp:term":[{"taxonomy":"category","embeddable":true,"href":"https:\/\/galicia.ingenierosnavales.com\/index.php\/wp-json\/wp\/v2\/categories?post=1612"},{"taxonomy":"post_tag","embeddable":true,"href":"https:\/\/galicia.ingenierosnavales.com\/index.php\/wp-json\/wp\/v2\/tags?post=1612"}],"curies":[{"name":"wp","href":"https:\/\/api.w.org\/{rel}","templated":true}]}}