{"id":1434,"date":"2020-10-16T12:00:50","date_gmt":"2020-10-16T12:00:50","guid":{"rendered":"https:\/\/galicia.ingenierosnavales.com\/?p=1434"},"modified":"2020-10-16T12:08:03","modified_gmt":"2020-10-16T12:08:03","slug":"nombramiento-de-ingenieros-navales-ilustres-en-la-delegacion-territorial-del-coin-en-galicia","status":"publish","type":"post","link":"https:\/\/galicia.ingenierosnavales.com\/index.php\/2020\/10\/16\/nombramiento-de-ingenieros-navales-ilustres-en-la-delegacion-territorial-del-coin-en-galicia\/","title":{"rendered":"Nombramiento de Ingenieros Navales Ilustres en la Delegaci\u00f3n Territorial del COIN en Galicia"},"content":{"rendered":"<p>El pasado d\u00eda nueve de octubre se celebr\u00f3 en la Sala Carlos III del Museo de la Construcci\u00f3n Naval de Ferrol (Fundaci\u00f3n EXPONAV) el acto de homenaje y nombramiento como Ingenieros Navales Ilustres de 2020, a nuestros compa\u00f1eros Jos\u00e9 Deus L\u00f3pez y Jes\u00fas Freire Pich\u00edn.<\/p>\n<p>Este fue el resultado de una consulta realizada previamente por la Delegaci\u00f3n Territorial de Galicia entre todos los colegiados para conocer quienes, a juicio del colectivo, eran merecedores de este reconocimiento, lo que determin\u00f3 que en primer lugar fueran elegidos los dos ingenieros objeto del homenaje.<\/p>\n<p>Al acto asistieron numerosos compa\u00f1eros de los homenajeados, as\u00ed como los alcaldes de Ferrol y Nar\u00f3n, comenzando con una presentaci\u00f3n del Decano Territorial Jos\u00e9 Joaqu\u00edn Troya, continuando con un elogio profesional de los nombrados a cargo de Javier Pami\u00e9s que glos\u00f3 la figura de Jes\u00fas Freire Pich\u00edn y de Jos\u00e9 Mar\u00eda de Juan-Garc\u00eda que lo hizo en relaci\u00f3n a la figura de Jos\u00e9 Deus L\u00f3pez, finalizando con la entrega de una placa conmemorativas del acto a ambos ingenieros.<\/p>\n<p>Jes\u00fas Freire Pich\u00edn es doctor ingeniero naval.\u00a0 Empez\u00f3 su carrera profesional en Atlas Electronik \u00a0Krupp (Bremen) para pasar luego al departamento de proyectos de Sener (Bilbao).\u00a0 En 1964 pas\u00f3 a ser responsable de Ingenier\u00eda en Ferrol, donde llev\u00f3 acabo un redise\u00f1o de la propulsi\u00f3n del yate <em>Azor <\/em>y se responsabiliz\u00f3 de diferentes trabajos de apoyo en accidentes mar\u00edtimos, En<\/p>\n<p>1965 pas\u00f3 al departamento de reparaciones de Deutsche Weft AG Shipyards (Hamburgo), y un a\u00f1o m\u00e1s tarde se hizo cargo del departamento comercial de CNP Freire (Vigo), donde en 1970 se responsabiliz\u00f3 de la Direcci\u00f3n General del astillero.\u00a0 En 1984, junto a Fernando Santodomingo, adquiri\u00f3 Astilleros de Mallorca y le dio un enfoque dirigido hacia la reparaci\u00f3n de grandes yates, desde esa fecha es Presidente del astillero.<\/p>\n<p>Desde 1987 es tambi\u00e9n el CEO y Presidente de CNP Freire.\u00a0 Dentro de su carrera profesional ha sido Presidente de Aclunaga entre 2002 y 2004 y Presidente de Pymar desde 2000 a 2005. Es miembro de la AINE, SNAME y del Comit\u00e9 T\u00e9cnico de Europa Occidental del DNV-GL.<\/p>\n<p>Jos\u00e9 Deus L\u00f3pez es doctor ingeniero naval. Teniente del Cuerpo de M\u00e1quinas con el n\u00ba 1 de la Promoci\u00f3n, en 1955 se present\u00f3 al cuerpo de submarinos y estuvo destinado en Cartagena con distintos destinos embarcado. En 1959 realiz\u00f3 los cursos de Estudios Superiores en el Instituto y Observatorio de la Marina de San Fernando, y a continuaci\u00f3n sigui\u00f3 los cursos de la Escuela Superior de Ingenieros Navales de Madrid pasando al Cuerpo de Ingenieros de la Armada. En el Arsenal de Ferrol fue Jefe de los Servicios T\u00e9cnicos de Casco y M\u00e1quinas e Instalaciones Navales en Tierra, y Segundo Jefe de la Inspecci\u00f3n de Construcciones y Obras del Arsenal de Ferrol.<\/p>\n<p>En el a\u00f1o 1963 comenz\u00f3 a trabajar en Astano donde se jubil\u00f3 siendo el director del Departamento de Ingenier\u00eda y Estudios. Considerado como uno de los mayores expertos mundiales en el proceso de botadura, perfeccion\u00f3 el procedimiento de soportado del buque en grada inclinada sobre cama el\u00e1stica, que permiti\u00f3 la botadura de los mayores buques del mundo construidos en Astano, serie del <em>Arteaga<\/em> y <em>Al Andalus<\/em>, de 325.000 y 363.000 TPM. Desarroll\u00f3 asimismo procedimientos de alineaci\u00f3n de l\u00edneas de ejes de grandes buques, mediante la utilizaci\u00f3n de extens\u00edmetros y realiz\u00f3 un novedoso estudio para aplicar el concepto de construcci\u00f3n en serie a los grandes petroleros en Astano, mediante la transferencia de popas entre gradas. Realiz\u00f3 estudios te\u00f3ricos sobre una novedosa membrana criog\u00e9nica, junto con ensayos de confirmaci\u00f3n en taller. Asimismo, ha realizado trabajos t\u00e9cnicos y de consultor\u00eda para diferentes astilleros.<\/p>\n","protected":false},"excerpt":{"rendered":"<p>El pasado d\u00eda nueve de octubre se celebr\u00f3 en la Sala Carlos III del Museo de la Construcci\u00f3n Naval de Ferrol (Fundaci\u00f3n EXPONAV) el acto de homenaje y nombramiento como Ingenieros Navales Ilustres de&#46;&#46;&#46;<\/p>\n","protected":false},"author":2,"featured_media":1437,"comment_status":"open","ping_status":"open","sticky":false,"template":"","format":"standard","meta":{"om_disable_all_campaigns":false,"_monsterinsights_skip_tracking":false,"_monsterinsights_sitenote_active":false,"_monsterinsights_sitenote_note":"","_monsterinsights_sitenote_category":0,"_uf_show_specific_survey":0,"_uf_disable_surveys":false,"footnotes":""},"categories":[1],"tags":[],"class_list":["post-1434","post","type-post","status-publish","format-standard","has-post-thumbnail","hentry","category-eventos"],"aioseo_notices":[],"yoast_head":"<!-- This site is optimized with the Yoast SEO plugin v24.0 - https:\/\/yoast.com\/wordpress\/plugins\/seo\/ -->\n<title>Nombramiento de Ingenieros Navales Ilustres en la Delegaci\u00f3n Territorial del COIN en Galicia - Delegaci\u00f3n del COIN en Galicia -<\/title>\n<meta name=\"robots\" content=\"index, follow, max-snippet:-1, max-image-preview:large, max-video-preview:-1\" \/>\n<link rel=\"canonical\" href=\"https:\/\/galicia.ingenierosnavales.com\/index.php\/2020\/10\/16\/nombramiento-de-ingenieros-navales-ilustres-en-la-delegacion-territorial-del-coin-en-galicia\/\" \/>\n<meta property=\"og:locale\" content=\"es_ES\" \/>\n<meta property=\"og:type\" content=\"article\" \/>\n<meta property=\"og:title\" content=\"Nombramiento de Ingenieros Navales Ilustres en la Delegaci\u00f3n Territorial del COIN en Galicia - Delegaci\u00f3n del COIN en Galicia -\" \/>\n<meta property=\"og:description\" content=\"El pasado d\u00eda nueve de octubre se celebr\u00f3 en la Sala Carlos III del Museo de la Construcci\u00f3n Naval de Ferrol (Fundaci\u00f3n EXPONAV) el acto de homenaje y nombramiento como Ingenieros Navales Ilustres de&#046;&#046;&#046;\" \/>\n<meta property=\"og:url\" content=\"https:\/\/galicia.ingenierosnavales.com\/index.php\/2020\/10\/16\/nombramiento-de-ingenieros-navales-ilustres-en-la-delegacion-territorial-del-coin-en-galicia\/\" \/>\n<meta property=\"og:site_name\" content=\"Delegaci\u00f3n del COIN en Galicia -\" \/>\n<meta property=\"article:published_time\" content=\"2020-10-16T12:00:50+00:00\" \/>\n<meta property=\"article:modified_time\" content=\"2020-10-16T12:08:03+00:00\" \/>\n<meta property=\"og:image\" content=\"https:\/\/galicia.ingenierosnavales.com\/wp-content\/uploads\/2020\/10\/PORTADA-1.png\" \/>\n\t<meta property=\"og:image:width\" content=\"1280\" \/>\n\t<meta property=\"og:image:height\" content=\"720\" \/>\n\t<meta property=\"og:image:type\" content=\"image\/png\" \/>\n<meta name=\"author\" content=\"Delegaci\u00f3n Galicia\" \/>\n<meta name=\"twitter:card\" content=\"summary_large_image\" \/>\n<meta name=\"twitter:label1\" content=\"Escrito por\" \/>\n\t<meta name=\"twitter:data1\" content=\"Delegaci\u00f3n Galicia\" \/>\n\t<meta name=\"twitter:label2\" content=\"Tiempo de lectura\" \/>\n\t<meta name=\"twitter:data2\" content=\"3 minutos\" \/>\n<script type=\"application\/ld+json\" class=\"yoast-schema-graph\">{\"@context\":\"https:\/\/schema.org\",\"@graph\":[{\"@type\":\"Article\",\"@id\":\"https:\/\/galicia.ingenierosnavales.com\/index.php\/2020\/10\/16\/nombramiento-de-ingenieros-navales-ilustres-en-la-delegacion-territorial-del-coin-en-galicia\/#article\",\"isPartOf\":{\"@id\":\"https:\/\/galicia.ingenierosnavales.com\/index.php\/2020\/10\/16\/nombramiento-de-ingenieros-navales-ilustres-en-la-delegacion-territorial-del-coin-en-galicia\/\"},\"author\":{\"name\":\"Delegaci\u00f3n Galicia\",\"@id\":\"https:\/\/galicia.ingenierosnavales.com\/#\/schema\/person\/5b19750a916831d424f63e9271d4e51d\"},\"headline\":\"Nombramiento de Ingenieros Navales Ilustres en la Delegaci\u00f3n Territorial del COIN en Galicia\",\"datePublished\":\"2020-10-16T12:00:50+00:00\",\"dateModified\":\"2020-10-16T12:08:03+00:00\",\"mainEntityOfPage\":{\"@id\":\"https:\/\/galicia.ingenierosnavales.com\/index.php\/2020\/10\/16\/nombramiento-de-ingenieros-navales-ilustres-en-la-delegacion-territorial-del-coin-en-galicia\/\"},\"wordCount\":644,\"commentCount\":0,\"publisher\":{\"@id\":\"https:\/\/galicia.ingenierosnavales.com\/#organization\"},\"image\":{\"@id\":\"https:\/\/galicia.ingenierosnavales.com\/index.php\/2020\/10\/16\/nombramiento-de-ingenieros-navales-ilustres-en-la-delegacion-territorial-del-coin-en-galicia\/#primaryimage\"},\"thumbnailUrl\":\"https:\/\/galicia.ingenierosnavales.com\/wp-content\/uploads\/2020\/10\/PORTADA-1.png\",\"articleSection\":[\"Eventos\"],\"inLanguage\":\"es\",\"potentialAction\":[{\"@type\":\"CommentAction\",\"name\":\"Comment\",\"target\":[\"https:\/\/galicia.ingenierosnavales.com\/index.php\/2020\/10\/16\/nombramiento-de-ingenieros-navales-ilustres-en-la-delegacion-territorial-del-coin-en-galicia\/#respond\"]}]},{\"@type\":\"WebPage\",\"@id\":\"https:\/\/galicia.ingenierosnavales.com\/index.php\/2020\/10\/16\/nombramiento-de-ingenieros-navales-ilustres-en-la-delegacion-territorial-del-coin-en-galicia\/\",\"url\":\"https:\/\/galicia.ingenierosnavales.com\/index.php\/2020\/10\/16\/nombramiento-de-ingenieros-navales-ilustres-en-la-delegacion-territorial-del-coin-en-galicia\/\",\"name\":\"Nombramiento de Ingenieros Navales Ilustres en la Delegaci\u00f3n Territorial del COIN en Galicia - Delegaci\u00f3n del COIN en Galicia -\",\"isPartOf\":{\"@id\":\"https:\/\/galicia.ingenierosnavales.com\/#website\"},\"primaryImageOfPage\":{\"@id\":\"https:\/\/galicia.ingenierosnavales.com\/index.php\/2020\/10\/16\/nombramiento-de-ingenieros-navales-ilustres-en-la-delegacion-territorial-del-coin-en-galicia\/#primaryimage\"},\"image\":{\"@id\":\"https:\/\/galicia.ingenierosnavales.com\/index.php\/2020\/10\/16\/nombramiento-de-ingenieros-navales-ilustres-en-la-delegacion-territorial-del-coin-en-galicia\/#primaryimage\"},\"thumbnailUrl\":\"https:\/\/galicia.ingenierosnavales.com\/wp-content\/uploads\/2020\/10\/PORTADA-1.png\",\"datePublished\":\"2020-10-16T12:00:50+00:00\",\"dateModified\":\"2020-10-16T12:08:03+00:00\",\"breadcrumb\":{\"@id\":\"https:\/\/galicia.ingenierosnavales.com\/index.php\/2020\/10\/16\/nombramiento-de-ingenieros-navales-ilustres-en-la-delegacion-territorial-del-coin-en-galicia\/#breadcrumb\"},\"inLanguage\":\"es\",\"potentialAction\":[{\"@type\":\"ReadAction\",\"target\":[\"https:\/\/galicia.ingenierosnavales.com\/index.php\/2020\/10\/16\/nombramiento-de-ingenieros-navales-ilustres-en-la-delegacion-territorial-del-coin-en-galicia\/\"]}]},{\"@type\":\"ImageObject\",\"inLanguage\":\"es\",\"@id\":\"https:\/\/galicia.ingenierosnavales.com\/index.php\/2020\/10\/16\/nombramiento-de-ingenieros-navales-ilustres-en-la-delegacion-territorial-del-coin-en-galicia\/#primaryimage\",\"url\":\"https:\/\/galicia.ingenierosnavales.com\/wp-content\/uploads\/2020\/10\/PORTADA-1.png\",\"contentUrl\":\"https:\/\/galicia.ingenierosnavales.com\/wp-content\/uploads\/2020\/10\/PORTADA-1.png\",\"width\":1280,\"height\":720},{\"@type\":\"BreadcrumbList\",\"@id\":\"https:\/\/galicia.ingenierosnavales.com\/index.php\/2020\/10\/16\/nombramiento-de-ingenieros-navales-ilustres-en-la-delegacion-territorial-del-coin-en-galicia\/#breadcrumb\",\"itemListElement\":[{\"@type\":\"ListItem\",\"position\":1,\"name\":\"Home\",\"item\":\"https:\/\/galicia.ingenierosnavales.com\/\"},{\"@type\":\"ListItem\",\"position\":2,\"name\":\"Nombramiento de Ingenieros Navales Ilustres en la Delegaci\u00f3n Territorial del COIN en Galicia\"}]},{\"@type\":\"WebSite\",\"@id\":\"https:\/\/galicia.ingenierosnavales.com\/#website\",\"url\":\"https:\/\/galicia.ingenierosnavales.com\/\",\"name\":\"Delegaci\u00f3n del COIN en Galicia -\",\"description\":\"\",\"publisher\":{\"@id\":\"https:\/\/galicia.ingenierosnavales.com\/#organization\"},\"potentialAction\":[{\"@type\":\"SearchAction\",\"target\":{\"@type\":\"EntryPoint\",\"urlTemplate\":\"https:\/\/galicia.ingenierosnavales.com\/?s={search_term_string}\"},\"query-input\":{\"@type\":\"PropertyValueSpecification\",\"valueRequired\":true,\"valueName\":\"search_term_string\"}}],\"inLanguage\":\"es\"},{\"@type\":\"Organization\",\"@id\":\"https:\/\/galicia.ingenierosnavales.com\/#organization\",\"name\":\"Delegaci\u00f3n del COIN en Galicia -\",\"url\":\"https:\/\/galicia.ingenierosnavales.com\/\",\"logo\":{\"@type\":\"ImageObject\",\"inLanguage\":\"es\",\"@id\":\"https:\/\/galicia.ingenierosnavales.com\/#\/schema\/logo\/image\/\",\"url\":\"https:\/\/galicia.ingenierosnavales.com\/wp-content\/uploads\/2022\/03\/logo_2-1.png\",\"contentUrl\":\"https:\/\/galicia.ingenierosnavales.com\/wp-content\/uploads\/2022\/03\/logo_2-1.png\",\"width\":240,\"height\":94,\"caption\":\"Delegaci\u00f3n del COIN en Galicia - \"},\"image\":{\"@id\":\"https:\/\/galicia.ingenierosnavales.com\/#\/schema\/logo\/image\/\"}},{\"@type\":\"Person\",\"@id\":\"https:\/\/galicia.ingenierosnavales.com\/#\/schema\/person\/5b19750a916831d424f63e9271d4e51d\",\"name\":\"Delegaci\u00f3n Galicia\",\"image\":{\"@type\":\"ImageObject\",\"inLanguage\":\"es\",\"@id\":\"https:\/\/galicia.ingenierosnavales.com\/#\/schema\/person\/image\/\",\"url\":\"https:\/\/secure.gravatar.com\/avatar\/8ba9b1dd96c7effddd31fcf63bf8cc7f?s=96&d=mm&r=g\",\"contentUrl\":\"https:\/\/secure.gravatar.com\/avatar\/8ba9b1dd96c7effddd31fcf63bf8cc7f?s=96&d=mm&r=g\",\"caption\":\"Delegaci\u00f3n Galicia\"},\"url\":\"https:\/\/galicia.ingenierosnavales.com\/index.php\/author\/galicia\/\"}]}<\/script>\n<!-- \/ Yoast SEO plugin. -->","yoast_head_json":{"title":"Nombramiento de Ingenieros Navales Ilustres en la Delegaci\u00f3n Territorial del COIN en Galicia - Delegaci\u00f3n del COIN en Galicia -","robots":{"index":"index","follow":"follow","max-snippet":"max-snippet:-1","max-image-preview":"max-image-preview:large","max-video-preview":"max-video-preview:-1"},"canonical":"https:\/\/galicia.ingenierosnavales.com\/index.php\/2020\/10\/16\/nombramiento-de-ingenieros-navales-ilustres-en-la-delegacion-territorial-del-coin-en-galicia\/","og_locale":"es_ES","og_type":"article","og_title":"Nombramiento de Ingenieros Navales Ilustres en la Delegaci\u00f3n Territorial del COIN en Galicia - Delegaci\u00f3n del COIN en Galicia -","og_description":"El pasado d\u00eda nueve de octubre se celebr\u00f3 en la Sala Carlos III del Museo de la Construcci\u00f3n Naval de Ferrol (Fundaci\u00f3n EXPONAV) el acto de homenaje y nombramiento como Ingenieros Navales Ilustres de&#46;&#46;&#46;","og_url":"https:\/\/galicia.ingenierosnavales.com\/index.php\/2020\/10\/16\/nombramiento-de-ingenieros-navales-ilustres-en-la-delegacion-territorial-del-coin-en-galicia\/","og_site_name":"Delegaci\u00f3n del COIN en Galicia -","article_published_time":"2020-10-16T12:00:50+00:00","article_modified_time":"2020-10-16T12:08:03+00:00","og_image":[{"width":1280,"height":720,"url":"https:\/\/galicia.ingenierosnavales.com\/wp-content\/uploads\/2020\/10\/PORTADA-1.png","type":"image\/png"}],"author":"Delegaci\u00f3n Galicia","twitter_card":"summary_large_image","twitter_misc":{"Escrito por":"Delegaci\u00f3n Galicia","Tiempo de lectura":"3 minutos"},"schema":{"@context":"https:\/\/schema.org","@graph":[{"@type":"Article","@id":"https:\/\/galicia.ingenierosnavales.com\/index.php\/2020\/10\/16\/nombramiento-de-ingenieros-navales-ilustres-en-la-delegacion-territorial-del-coin-en-galicia\/#article","isPartOf":{"@id":"https:\/\/galicia.ingenierosnavales.com\/index.php\/2020\/10\/16\/nombramiento-de-ingenieros-navales-ilustres-en-la-delegacion-territorial-del-coin-en-galicia\/"},"author":{"name":"Delegaci\u00f3n Galicia","@id":"https:\/\/galicia.ingenierosnavales.com\/#\/schema\/person\/5b19750a916831d424f63e9271d4e51d"},"headline":"Nombramiento de Ingenieros Navales Ilustres en la Delegaci\u00f3n Territorial del COIN en Galicia","datePublished":"2020-10-16T12:00:50+00:00","dateModified":"2020-10-16T12:08:03+00:00","mainEntityOfPage":{"@id":"https:\/\/galicia.ingenierosnavales.com\/index.php\/2020\/10\/16\/nombramiento-de-ingenieros-navales-ilustres-en-la-delegacion-territorial-del-coin-en-galicia\/"},"wordCount":644,"commentCount":0,"publisher":{"@id":"https:\/\/galicia.ingenierosnavales.com\/#organization"},"image":{"@id":"https:\/\/galicia.ingenierosnavales.com\/index.php\/2020\/10\/16\/nombramiento-de-ingenieros-navales-ilustres-en-la-delegacion-territorial-del-coin-en-galicia\/#primaryimage"},"thumbnailUrl":"https:\/\/galicia.ingenierosnavales.com\/wp-content\/uploads\/2020\/10\/PORTADA-1.png","articleSection":["Eventos"],"inLanguage":"es","potentialAction":[{"@type":"CommentAction","name":"Comment","target":["https:\/\/galicia.ingenierosnavales.com\/index.php\/2020\/10\/16\/nombramiento-de-ingenieros-navales-ilustres-en-la-delegacion-territorial-del-coin-en-galicia\/#respond"]}]},{"@type":"WebPage","@id":"https:\/\/galicia.ingenierosnavales.com\/index.php\/2020\/10\/16\/nombramiento-de-ingenieros-navales-ilustres-en-la-delegacion-territorial-del-coin-en-galicia\/","url":"https:\/\/galicia.ingenierosnavales.com\/index.php\/2020\/10\/16\/nombramiento-de-ingenieros-navales-ilustres-en-la-delegacion-territorial-del-coin-en-galicia\/","name":"Nombramiento de Ingenieros Navales Ilustres en la Delegaci\u00f3n Territorial del COIN en Galicia - Delegaci\u00f3n del COIN en Galicia -","isPartOf":{"@id":"https:\/\/galicia.ingenierosnavales.com\/#website"},"primaryImageOfPage":{"@id":"https:\/\/galicia.ingenierosnavales.com\/index.php\/2020\/10\/16\/nombramiento-de-ingenieros-navales-ilustres-en-la-delegacion-territorial-del-coin-en-galicia\/#primaryimage"},"image":{"@id":"https:\/\/galicia.ingenierosnavales.com\/index.php\/2020\/10\/16\/nombramiento-de-ingenieros-navales-ilustres-en-la-delegacion-territorial-del-coin-en-galicia\/#primaryimage"},"thumbnailUrl":"https:\/\/galicia.ingenierosnavales.com\/wp-content\/uploads\/2020\/10\/PORTADA-1.png","datePublished":"2020-10-16T12:00:50+00:00","dateModified":"2020-10-16T12:08:03+00:00","breadcrumb":{"@id":"https:\/\/galicia.ingenierosnavales.com\/index.php\/2020\/10\/16\/nombramiento-de-ingenieros-navales-ilustres-en-la-delegacion-territorial-del-coin-en-galicia\/#breadcrumb"},"inLanguage":"es","potentialAction":[{"@type":"ReadAction","target":["https:\/\/galicia.ingenierosnavales.com\/index.php\/2020\/10\/16\/nombramiento-de-ingenieros-navales-ilustres-en-la-delegacion-territorial-del-coin-en-galicia\/"]}]},{"@type":"ImageObject","inLanguage":"es","@id":"https:\/\/galicia.ingenierosnavales.com\/index.php\/2020\/10\/16\/nombramiento-de-ingenieros-navales-ilustres-en-la-delegacion-territorial-del-coin-en-galicia\/#primaryimage","url":"https:\/\/galicia.ingenierosnavales.com\/wp-content\/uploads\/2020\/10\/PORTADA-1.png","contentUrl":"https:\/\/galicia.ingenierosnavales.com\/wp-content\/uploads\/2020\/10\/PORTADA-1.png","width":1280,"height":720},{"@type":"BreadcrumbList","@id":"https:\/\/galicia.ingenierosnavales.com\/index.php\/2020\/10\/16\/nombramiento-de-ingenieros-navales-ilustres-en-la-delegacion-territorial-del-coin-en-galicia\/#breadcrumb","itemListElement":[{"@type":"ListItem","position":1,"name":"Home","item":"https:\/\/galicia.ingenierosnavales.com\/"},{"@type":"ListItem","position":2,"name":"Nombramiento de Ingenieros Navales Ilustres en la Delegaci\u00f3n Territorial del COIN en Galicia"}]},{"@type":"WebSite","@id":"https:\/\/galicia.ingenierosnavales.com\/#website","url":"https:\/\/galicia.ingenierosnavales.com\/","name":"Delegaci\u00f3n del COIN en Galicia -","description":"","publisher":{"@id":"https:\/\/galicia.ingenierosnavales.com\/#organization"},"potentialAction":[{"@type":"SearchAction","target":{"@type":"EntryPoint","urlTemplate":"https:\/\/galicia.ingenierosnavales.com\/?s={search_term_string}"},"query-input":{"@type":"PropertyValueSpecification","valueRequired":true,"valueName":"search_term_string"}}],"inLanguage":"es"},{"@type":"Organization","@id":"https:\/\/galicia.ingenierosnavales.com\/#organization","name":"Delegaci\u00f3n del COIN en Galicia -","url":"https:\/\/galicia.ingenierosnavales.com\/","logo":{"@type":"ImageObject","inLanguage":"es","@id":"https:\/\/galicia.ingenierosnavales.com\/#\/schema\/logo\/image\/","url":"https:\/\/galicia.ingenierosnavales.com\/wp-content\/uploads\/2022\/03\/logo_2-1.png","contentUrl":"https:\/\/galicia.ingenierosnavales.com\/wp-content\/uploads\/2022\/03\/logo_2-1.png","width":240,"height":94,"caption":"Delegaci\u00f3n del COIN en Galicia - "},"image":{"@id":"https:\/\/galicia.ingenierosnavales.com\/#\/schema\/logo\/image\/"}},{"@type":"Person","@id":"https:\/\/galicia.ingenierosnavales.com\/#\/schema\/person\/5b19750a916831d424f63e9271d4e51d","name":"Delegaci\u00f3n Galicia","image":{"@type":"ImageObject","inLanguage":"es","@id":"https:\/\/galicia.ingenierosnavales.com\/#\/schema\/person\/image\/","url":"https:\/\/secure.gravatar.com\/avatar\/8ba9b1dd96c7effddd31fcf63bf8cc7f?s=96&d=mm&r=g","contentUrl":"https:\/\/secure.gravatar.com\/avatar\/8ba9b1dd96c7effddd31fcf63bf8cc7f?s=96&d=mm&r=g","caption":"Delegaci\u00f3n Galicia"},"url":"https:\/\/galicia.ingenierosnavales.com\/index.php\/author\/galicia\/"}]}},"_links":{"self":[{"href":"https:\/\/galicia.ingenierosnavales.com\/index.php\/wp-json\/wp\/v2\/posts\/1434","targetHints":{"allow":["GET"]}}],"collection":[{"href":"https:\/\/galicia.ingenierosnavales.com\/index.php\/wp-json\/wp\/v2\/posts"}],"about":[{"href":"https:\/\/galicia.ingenierosnavales.com\/index.php\/wp-json\/wp\/v2\/types\/post"}],"author":[{"embeddable":true,"href":"https:\/\/galicia.ingenierosnavales.com\/index.php\/wp-json\/wp\/v2\/users\/2"}],"replies":[{"embeddable":true,"href":"https:\/\/galicia.ingenierosnavales.com\/index.php\/wp-json\/wp\/v2\/comments?post=1434"}],"version-history":[{"count":1,"href":"https:\/\/galicia.ingenierosnavales.com\/index.php\/wp-json\/wp\/v2\/posts\/1434\/revisions"}],"predecessor-version":[{"id":1436,"href":"https:\/\/galicia.ingenierosnavales.com\/index.php\/wp-json\/wp\/v2\/posts\/1434\/revisions\/1436"}],"wp:featuredmedia":[{"embeddable":true,"href":"https:\/\/galicia.ingenierosnavales.com\/index.php\/wp-json\/wp\/v2\/media\/1437"}],"wp:attachment":[{"href":"https:\/\/galicia.ingenierosnavales.com\/index.php\/wp-json\/wp\/v2\/media?parent=1434"}],"wp:term":[{"taxonomy":"category","embeddable":true,"href":"https:\/\/galicia.ingenierosnavales.com\/index.php\/wp-json\/wp\/v2\/categories?post=1434"},{"taxonomy":"post_tag","embeddable":true,"href":"https:\/\/galicia.ingenierosnavales.com\/index.php\/wp-json\/wp\/v2\/tags?post=1434"}],"curies":[{"name":"wp","href":"https:\/\/api.w.org\/{rel}","templated":true}]}}