{"id":10748,"date":"2026-09-04T13:02:42","date_gmt":"2026-09-04T13:02:42","guid":{"rendered":"https:\/\/galicia.ingenierosnavales.com\/?p=10748"},"modified":"2026-09-04T13:13:04","modified_gmt":"2026-09-04T13:13:04","slug":"circular-9-26-junta-general-ordinaria-territorial-2026","status":"publish","type":"post","link":"https:\/\/galicia.ingenierosnavales.com\/index.php\/2026\/09\/04\/circular-9-26-junta-general-ordinaria-territorial-2026\/","title":{"rendered":"Circular 9\/26- Junta General Ordinaria Territorial 2026"},"content":{"rendered":"<p><img decoding=\"async\" class=\"size-medium wp-image-10756 aligncenter\" src=\"https:\/\/galicia.ingenierosnavales.com\/wp-content\/uploads\/2026\/09\/Circular-926-Galicia-1-300x159.jpg\" alt=\"\" width=\"300\" height=\"159\" srcset=\"https:\/\/galicia.ingenierosnavales.com\/wp-content\/uploads\/2026\/09\/Circular-926-Galicia-1-300x159.jpg 300w, https:\/\/galicia.ingenierosnavales.com\/wp-content\/uploads\/2026\/09\/Circular-926-Galicia-1-1024x543.jpg 1024w, https:\/\/galicia.ingenierosnavales.com\/wp-content\/uploads\/2026\/09\/Circular-926-Galicia-1-768x407.jpg 768w, https:\/\/galicia.ingenierosnavales.com\/wp-content\/uploads\/2026\/09\/Circular-926-Galicia-1-1536x815.jpg 1536w, https:\/\/galicia.ingenierosnavales.com\/wp-content\/uploads\/2026\/09\/Circular-926-Galicia-1.jpg 1668w\" sizes=\"(max-width: 300px) 100vw, 300px\" \/><\/p>\n<p style=\"text-align: right;\"><a href=\"https:\/\/galicia.ingenierosnavales.com\/wp-content\/uploads\/2026\/09\/CIRCULAR-9-26.pdf\">CIRCULAR 9-26<\/a><\/p>\n<p style=\"text-align: right;\">\u00a0\u00a0\u00a0\u00a0\u00a0\u00a0\u00a0\u00a0\u00a0\u00a0\u00a0\u00a0\u00a0\u00a0\u00a0\u00a0\u00a0\u00a0\u00a0\u00a0\u00a0\u00a0\u00a0\u00a0\u00a0\u00a0\u00a0\u00a0\u00a0\u00a0\u00a0\u00a0\u00a0\u00a0\u00a0\u00a0\u00a0\u00a0\u00a0\u00a0\u00a0\u00a0\u00a0\u00a0\u00a0\u00a0\u00a0\u00a0\u00a0\u00a0\u00a0\u00a0\u00a0\u00a0\u00a0\u00a0\u00a0\u00a0\u00a0\u00a0\u00a0\u00a0\u00a0\u00a0\u00a0\u00a0\u00a0\u00a0\u00a0\u00a0 Ferrol, a 4 de septiembre de 2026<\/p>\n<p>&nbsp;<\/p>\n<p>Querido\/a Compa\u00f1ero\/a:<\/p>\n<p>Tengo el gusto de informarte de:<\/p>\n<p><strong>1.- JUNTA GENERAL ORDINARIA<\/strong><\/p>\n<p><strong>\u00a0<\/strong>Se adjunta la convocatoria correspondiente a la Junta General Ordinaria que tendr\u00e1 lugar el <strong>d\u00eda 26 de septiembre de 2026<\/strong>, en el <strong>Parador de Cambados \u00a0(Paseo Calzada, 36630, Cambados)<\/strong><\/p>\n<p style=\"text-align: center;\"><a href=\"https:\/\/galicia.ingenierosnavales.com\/wp-content\/uploads\/2026\/09\/CONVOCATORIA-JUNTA-GENERAL-ORDINARIA-2026.pdf\">CONVOCATORIA JUNTA GENERAL ORDINARIA 2026<\/a><\/p>\n<p>Siguiendo la tradici\u00f3n, adem\u00e1s de la Junta General Ordinaria, tendr\u00e1 lugar un almuerzo para todos los\/as asistentes, adem\u00e1s de una visita organizada por la zona. El coste del men\u00fa ser\u00e1 de 42 \u20ac, de los cu\u00e1les<strong> se subvencionar\u00e1 al Colegiado\/a 20 \u20ac <\/strong>como viene siendo habitual.<\/p>\n<p style=\"text-align: center;\"><strong>MEN\u00da 42\u20ac<\/strong><\/p>\n<p style=\"text-align: center;\"><em>Empanada del obrador del Parador<\/em><\/p>\n<p style=\"text-align: center;\"><em>Tartar de salm\u00f3n marinado y aguacate en pan crujiente<\/em><\/p>\n<p style=\"text-align: center;\"><em>Brocheta de pollo al curry con verduras<\/em><\/p>\n<p style=\"text-align: center;\"><em>Gratinado de vieiras, verduras, setas y queso San Sim\u00f3n Da Costa DOP<\/em><\/p>\n<p style=\"text-align: center;\"><em>&#8212;&#8212;-<\/em><\/p>\n<p style=\"text-align: center;\"><em>Lubina al horno con patata panadera y salsa vizca\u00edna <\/em><\/p>\n<p style=\"text-align: center;\"><em>O<\/em><\/p>\n<p style=\"text-align: center;\"><em>Costilla de cerdo ib\u00e9rico a baja temperatura con pur\u00e9 de calabaza al curry<\/em><\/p>\n<p style=\"text-align: center;\"><em>&#8212;&#8212;&#8211;<\/em><\/p>\n<p style=\"text-align: center;\"><em>Degustaci\u00f3n de postres caseros<\/em><\/p>\n<p style=\"text-align: center;\"><em>&#8212;&#8212;&#8212;<\/em><\/p>\n<p style=\"text-align: center;\"><em>Bebidas incluidas: Albari\u00f1o D.O. R\u00edas Baixas, Tinto Crianza D.O. ca Rioja, aguas, caf\u00e9 o infusiones<\/em><\/p>\n<p style=\"text-align: center;\"><strong><em>MEN\u00da INFANTIL 17,50\u20ac<\/em><\/strong><\/p>\n<p>Tras el almuerzo se realizar\u00e1 una visita a las bodegas del Pazo de Fefi\u00f1anes. La visita comenzar\u00e1 con una breve introducci\u00f3n a la historia de la bodega en el patio de armas, seguida de un recorrido por las instalaciones y por el vi\u00f1edo situado en el interior del jard\u00edn y la huerta del palacio.<\/p>\n<p>Durante el itinerario, la gu\u00eda explicar\u00e1 la tipolog\u00eda de su viticultura tradicional y los distintos procesos de elaboraci\u00f3n del vino. La visita a la bodega se cerrar\u00e1 con una cata de vinos propios.<\/p>\n<p>Tambi\u00e9n os informamos que existe <strong>una reserva de 5 habitaciones<\/strong>, que se adjudicar\u00e1n seg\u00fan riguroso orden de comunicaci\u00f3n hasta el <strong>9 de septiembre<\/strong>. El precio de la habitaci\u00f3n doble est\u00e1ndar (2 adultos) es de 211,66 \u20ac (IVA incluido), y la habitaci\u00f3n doble de uso individual, con desayuno incluido es de 194,66 \u20ac (IVA incluido) y tambi\u00e9n <strong>s<\/strong><strong>e subvencionar\u00e1n 20 \u20ac\/colegiado<\/strong>.\u00a0 En caso de necesitar camas supletorias, se gestionar\u00e1 y pagar\u00e1 directamente con el Hotel.<\/p>\n<p><strong>HASTA EL 21 DE SEPTIEMBRE<\/strong> PODR\u00c1 GESTIONAR SU INSCRIPCI\u00d3N a trav\u00e9s de <a href=\"mailto:galicia@ingenierosnavales.com\">galicia@ingenierosnavales.com<\/a> . A partir del 19 de septiembre cualquier cancelaci\u00f3n generar\u00e1 gastos que correr\u00e1n a cargo del colegiado. Las inscripciones se considerar\u00e1n firmes una vez se haya realizado el ingreso de la parte correspondiente al colegiado en la cuenta <strong>ES5800815243490001783282<\/strong> del <strong>Banco Sabadell<\/strong> a nombre del Colegio Oficial de Ingenieros Navales y Oce\u00e1nicos; el ingreso u orden de transferencia debe indicar el nombre del colegiado para su registro.<\/p>\n<p style=\"text-align: center;\"><span style=\"background-color: transparent; color: inherit; font-size: inherit; font-weight: inherit; letter-spacing: inherit; text-decoration-line: underline;\">Decana y Junta de Gobierno Territorial<\/span><\/p>\n","protected":false},"excerpt":{"rendered":"<p>CIRCULAR 9-26 \u00a0\u00a0\u00a0\u00a0\u00a0\u00a0\u00a0\u00a0\u00a0\u00a0\u00a0\u00a0\u00a0\u00a0\u00a0\u00a0\u00a0\u00a0\u00a0\u00a0\u00a0\u00a0\u00a0\u00a0\u00a0\u00a0\u00a0\u00a0\u00a0\u00a0\u00a0\u00a0\u00a0\u00a0\u00a0\u00a0\u00a0\u00a0\u00a0\u00a0\u00a0\u00a0\u00a0\u00a0\u00a0\u00a0\u00a0\u00a0\u00a0\u00a0\u00a0\u00a0\u00a0\u00a0\u00a0\u00a0\u00a0\u00a0\u00a0\u00a0\u00a0\u00a0\u00a0\u00a0\u00a0\u00a0\u00a0\u00a0\u00a0\u00a0 Ferrol, a 4 de septiembre de 2026 &nbsp; Querido\/a Compa\u00f1ero\/a: Tengo el gusto de informarte de: 1.- JUNTA GENERAL ORDINARIA \u00a0Se adjunta la convocatoria correspondiente a la Junta General Ordinaria que&#46;&#46;&#46;<\/p>\n","protected":false},"author":2,"featured_media":10753,"comment_status":"closed","ping_status":"closed","sticky":false,"template":"","format":"standard","meta":{"om_disable_all_campaigns":false,"_monsterinsights_skip_tracking":false,"footnotes":""},"categories":[79,1],"tags":[75,9,39,49,43],"class_list":["post-10748","post","type-post","status-publish","format-standard","has-post-thumbnail","hentry","category-agenda","category-eventos","tag-actividades-galicia-es","tag-circular-galicia","tag-comunicaciones-dt-galicia","tag-ingenieros-navales-galicia","tag-noticias-galicia"],"aioseo_notices":[],"aioseo_head":"\n\t\t<!-- All in One SEO 5.0.1.1 - aioseo.com -->\n\t<meta name=\"description\" content=\"CIRCULAR 9-26 Ferrol, a 4 de septiembre de 2026 Querido\/a Compa\u00f1ero\/a: Tengo el gusto de informarte de: 1.- JUNTA GENERAL ORDINARIA Se adjunta la convocatoria correspondiente a la Junta General Ordinaria que tendr\u00e1 lugar el d\u00eda 26 de septiembre de 2026, en el Parador de Cambados (Paseo Calzada, 36630, Cambados) CONVOCATORIA JUNTA GENERAL\" \/>\n\t<meta name=\"robots\" content=\"max-image-preview:large\" \/>\n\t<meta name=\"author\" content=\"Delegaci\u00f3n Galicia\"\/>\n\t<meta name=\"google-site-verification\" content=\"7brmUOAwEmVOzDsnJ9q5QE6pLdw6wH0XiigUsr1GV5s\" \/>\n\t<link rel=\"canonical\" href=\"https:\/\/galicia.ingenierosnavales.com\/index.php\/2026\/09\/04\/circular-9-26-junta-general-ordinaria-territorial-2026\/\" \/>\n\t<meta name=\"generator\" content=\"All in One SEO (AIOSEO) 5.0.1.1\" \/>\n\t\t<meta property=\"og:locale\" content=\"es_ES\" \/>\n\t\t<meta property=\"og:site_name\" content=\"Delegaci\u00f3n del COIN en Galicia -  -\" \/>\n\t\t<meta property=\"og:type\" content=\"article\" \/>\n\t\t<meta property=\"og:title\" content=\"Circular 9\/26- Junta General Ordinaria Territorial 2026 - Delegaci\u00f3n del COIN en Galicia -\" \/>\n\t\t<meta property=\"og:description\" content=\"CIRCULAR 9-26 Ferrol, a 4 de septiembre de 2026 Querido\/a Compa\u00f1ero\/a: Tengo el gusto de informarte de: 1.- JUNTA GENERAL ORDINARIA Se adjunta la convocatoria correspondiente a la Junta General Ordinaria que tendr\u00e1 lugar el d\u00eda 26 de septiembre de 2026, en el Parador de Cambados (Paseo Calzada, 36630, Cambados) CONVOCATORIA JUNTA GENERAL\" \/>\n\t\t<meta property=\"og:url\" content=\"https:\/\/galicia.ingenierosnavales.com\/index.php\/2026\/09\/04\/circular-9-26-junta-general-ordinaria-territorial-2026\/\" \/>\n\t\t<meta property=\"og:image\" content=\"https:\/\/galicia.ingenierosnavales.com\/wp-content\/uploads\/2025\/03\/LOGO-GALICIA.png\" \/>\n\t\t<meta property=\"og:image:secure_url\" content=\"https:\/\/galicia.ingenierosnavales.com\/wp-content\/uploads\/2025\/03\/LOGO-GALICIA.png\" \/>\n\t\t<meta property=\"og:image:width\" content=\"1050\" \/>\n\t\t<meta property=\"og:image:height\" content=\"600\" \/>\n\t\t<meta property=\"article:published_time\" content=\"2026-09-04T13:02:42+00:00\" \/>\n\t\t<meta property=\"article:modified_time\" content=\"2026-09-04T13:13:04+00:00\" \/>\n\t\t<meta property=\"article:publisher\" content=\"https:\/\/facebook.com\/Ingenieros Navales Galicia\" \/>\n\t\t<meta name=\"twitter:card\" content=\"summary_large_image\" \/>\n\t\t<meta name=\"twitter:site\" content=\"@Ingenieros%20Navales%20Galicia\" \/>\n\t\t<meta name=\"twitter:title\" content=\"Circular 9\/26- Junta General Ordinaria Territorial 2026 - Delegaci\u00f3n del COIN en Galicia -\" \/>\n\t\t<meta name=\"twitter:description\" content=\"CIRCULAR 9-26 Ferrol, a 4 de septiembre de 2026 Querido\/a Compa\u00f1ero\/a: Tengo el gusto de informarte de: 1.- JUNTA GENERAL ORDINARIA Se adjunta la convocatoria correspondiente a la Junta General Ordinaria que tendr\u00e1 lugar el d\u00eda 26 de septiembre de 2026, en el Parador de Cambados (Paseo Calzada, 36630, Cambados) CONVOCATORIA JUNTA GENERAL\" \/>\n\t\t<meta name=\"twitter:creator\" content=\"@Ingenieros%20Navales%20Galicia\" \/>\n\t\t<meta name=\"twitter:image\" content=\"https:\/\/galicia.ingenierosnavales.com\/wp-content\/uploads\/2025\/03\/LOGO-GALICIA.png\" \/>\n\t\t<script type=\"application\/ld+json\" class=\"aioseo-schema\">\n\t\t\t{\"@context\":\"https:\\\/\\\/schema.org\",\"@graph\":[{\"@type\":\"BlogPosting\",\"@id\":\"https:\\\/\\\/galicia.ingenierosnavales.com\\\/index.php\\\/2026\\\/09\\\/04\\\/circular-9-26-junta-general-ordinaria-territorial-2026\\\/#blogposting\",\"name\":\"Circular 9\\\/26- Junta General Ordinaria Territorial 2026 - Delegaci\\u00f3n del COIN en Galicia -\",\"headline\":\"Circular 9\\\/26- Junta General Ordinaria Territorial 2026\",\"author\":{\"@id\":\"https:\\\/\\\/galicia.ingenierosnavales.com\\\/index.php\\\/author\\\/galicia\\\/#author\"},\"publisher\":{\"@id\":\"https:\\\/\\\/galicia.ingenierosnavales.com\\\/#organization\"},\"image\":{\"@type\":\"ImageObject\",\"url\":\"https:\\\/\\\/galicia.ingenierosnavales.com\\\/wp-content\\\/uploads\\\/2026\\\/09\\\/Circular-826-Galicia.jpg\",\"width\":1713,\"height\":818},\"datePublished\":\"2026-09-04T13:02:42+00:00\",\"dateModified\":\"2026-09-04T13:13:04+00:00\",\"inLanguage\":\"es-ES\",\"mainEntityOfPage\":{\"@id\":\"https:\\\/\\\/galicia.ingenierosnavales.com\\\/index.php\\\/2026\\\/09\\\/04\\\/circular-9-26-junta-general-ordinaria-territorial-2026\\\/#webpage\"},\"isPartOf\":{\"@id\":\"https:\\\/\\\/galicia.ingenierosnavales.com\\\/index.php\\\/2026\\\/09\\\/04\\\/circular-9-26-junta-general-ordinaria-territorial-2026\\\/#webpage\"},\"articleSection\":\"Agenda, Eventos, actividades Galicia, Circular Galicia, Comunicaciones DT GALICIA, Ingenieros Navales Galicia, Noticias Galicia, Espa\\u00f1ol\"},{\"@type\":\"BreadcrumbList\",\"@id\":\"https:\\\/\\\/galicia.ingenierosnavales.com\\\/index.php\\\/2026\\\/09\\\/04\\\/circular-9-26-junta-general-ordinaria-territorial-2026\\\/#breadcrumblist\",\"itemListElement\":[{\"@type\":\"ListItem\",\"@id\":\"https:\\\/\\\/galicia.ingenierosnavales.com#listItem\",\"position\":1,\"name\":\"Home\",\"item\":\"https:\\\/\\\/galicia.ingenierosnavales.com\",\"nextItem\":{\"@type\":\"ListItem\",\"@id\":\"https:\\\/\\\/galicia.ingenierosnavales.com\\\/index.php\\\/category\\\/eventos\\\/#listItem\",\"name\":\"Eventos\"}},{\"@type\":\"ListItem\",\"@id\":\"https:\\\/\\\/galicia.ingenierosnavales.com\\\/index.php\\\/category\\\/eventos\\\/#listItem\",\"position\":2,\"name\":\"Eventos\",\"item\":\"https:\\\/\\\/galicia.ingenierosnavales.com\\\/index.php\\\/category\\\/eventos\\\/\",\"nextItem\":{\"@type\":\"ListItem\",\"@id\":\"https:\\\/\\\/galicia.ingenierosnavales.com\\\/index.php\\\/2026\\\/09\\\/04\\\/circular-9-26-junta-general-ordinaria-territorial-2026\\\/#listItem\",\"name\":\"Circular 9\\\/26- Junta General Ordinaria Territorial 2026\"},\"previousItem\":{\"@type\":\"ListItem\",\"@id\":\"https:\\\/\\\/galicia.ingenierosnavales.com#listItem\",\"name\":\"Home\"}},{\"@type\":\"ListItem\",\"@id\":\"https:\\\/\\\/galicia.ingenierosnavales.com\\\/index.php\\\/2026\\\/09\\\/04\\\/circular-9-26-junta-general-ordinaria-territorial-2026\\\/#listItem\",\"position\":3,\"name\":\"Circular 9\\\/26- Junta General Ordinaria Territorial 2026\",\"previousItem\":{\"@type\":\"ListItem\",\"@id\":\"https:\\\/\\\/galicia.ingenierosnavales.com\\\/index.php\\\/category\\\/eventos\\\/#listItem\",\"name\":\"Eventos\"}}]},{\"@type\":\"Organization\",\"@id\":\"https:\\\/\\\/galicia.ingenierosnavales.com\\\/#organization\",\"name\":\"Delegaci\\u00f3n del COIN en Galicia -\",\"url\":\"https:\\\/\\\/galicia.ingenierosnavales.com\\\/\",\"telephone\":\"+34604068370\",\"logo\":{\"@type\":\"ImageObject\",\"url\":\"https:\\\/\\\/galicia.ingenierosnavales.com\\\/wp-content\\\/uploads\\\/2019\\\/09\\\/logo_2-1.png\",\"@id\":\"https:\\\/\\\/galicia.ingenierosnavales.com\\\/index.php\\\/2026\\\/09\\\/04\\\/circular-9-26-junta-general-ordinaria-territorial-2026\\\/#organizationLogo\",\"width\":240,\"height\":94},\"image\":{\"@id\":\"https:\\\/\\\/galicia.ingenierosnavales.com\\\/index.php\\\/2026\\\/09\\\/04\\\/circular-9-26-junta-general-ordinaria-territorial-2026\\\/#organizationLogo\"},\"sameAs\":[\"https:\\\/\\\/facebook.com\\\/Ingenieros Navales Galicia\",\"https:\\\/\\\/x.com\\\/Ingenieros Navales Galicia\",\"https:\\\/\\\/instagram.com\\\/Ingenieros Navales Galicia\",\"https:\\\/\\\/tiktok.com\\\/@Ingenieros Navales Galicia\",\"https:\\\/\\\/pinterest.com\\\/Ingenieros Navales Galicia\",\"https:\\\/\\\/youtube.com\\\/Ingenieros Navales Galicia\",\"https:\\\/\\\/linkedin.com\\\/in\\\/Ingenieros Navales Galicia\"]},{\"@type\":\"Person\",\"@id\":\"https:\\\/\\\/galicia.ingenierosnavales.com\\\/index.php\\\/author\\\/galicia\\\/#author\",\"url\":\"https:\\\/\\\/galicia.ingenierosnavales.com\\\/index.php\\\/author\\\/galicia\\\/\",\"name\":\"Delegaci\\u00f3n Galicia\",\"image\":{\"@type\":\"ImageObject\",\"@id\":\"https:\\\/\\\/galicia.ingenierosnavales.com\\\/index.php\\\/2026\\\/09\\\/04\\\/circular-9-26-junta-general-ordinaria-territorial-2026\\\/#authorImage\",\"url\":\"https:\\\/\\\/secure.gravatar.com\\\/avatar\\\/784387c8ee70f0747950d2413aa515282183abc3726ddcd1d89e0d4fccc292b5?s=96&d=mm&r=g\",\"width\":96,\"height\":96,\"caption\":\"Delegaci\\u00f3n Galicia\"}},{\"@type\":\"WebPage\",\"@id\":\"https:\\\/\\\/galicia.ingenierosnavales.com\\\/index.php\\\/2026\\\/09\\\/04\\\/circular-9-26-junta-general-ordinaria-territorial-2026\\\/#webpage\",\"url\":\"https:\\\/\\\/galicia.ingenierosnavales.com\\\/index.php\\\/2026\\\/09\\\/04\\\/circular-9-26-junta-general-ordinaria-territorial-2026\\\/\",\"name\":\"Circular 9\\\/26- Junta General Ordinaria Territorial 2026 - Delegaci\\u00f3n del COIN en Galicia -\",\"description\":\"CIRCULAR 9-26 Ferrol, a 4 de septiembre de 2026 Querido\\\/a Compa\\u00f1ero\\\/a: Tengo el gusto de informarte de: 1.- JUNTA GENERAL ORDINARIA Se adjunta la convocatoria correspondiente a la Junta General Ordinaria que tendr\\u00e1 lugar el d\\u00eda 26 de septiembre de 2026, en el Parador de Cambados (Paseo Calzada, 36630, Cambados) CONVOCATORIA JUNTA GENERAL\",\"inLanguage\":\"es-ES\",\"isPartOf\":{\"@id\":\"https:\\\/\\\/galicia.ingenierosnavales.com\\\/#website\"},\"breadcrumb\":{\"@id\":\"https:\\\/\\\/galicia.ingenierosnavales.com\\\/index.php\\\/2026\\\/09\\\/04\\\/circular-9-26-junta-general-ordinaria-territorial-2026\\\/#breadcrumblist\"},\"author\":{\"@id\":\"https:\\\/\\\/galicia.ingenierosnavales.com\\\/index.php\\\/author\\\/galicia\\\/#author\"},\"creator\":{\"@id\":\"https:\\\/\\\/galicia.ingenierosnavales.com\\\/index.php\\\/author\\\/galicia\\\/#author\"},\"image\":{\"@type\":\"ImageObject\",\"url\":\"https:\\\/\\\/galicia.ingenierosnavales.com\\\/wp-content\\\/uploads\\\/2026\\\/09\\\/Circular-826-Galicia.jpg\",\"@id\":\"https:\\\/\\\/galicia.ingenierosnavales.com\\\/index.php\\\/2026\\\/09\\\/04\\\/circular-9-26-junta-general-ordinaria-territorial-2026\\\/#mainImage\",\"width\":1713,\"height\":818},\"primaryImageOfPage\":{\"@id\":\"https:\\\/\\\/galicia.ingenierosnavales.com\\\/index.php\\\/2026\\\/09\\\/04\\\/circular-9-26-junta-general-ordinaria-territorial-2026\\\/#mainImage\"},\"datePublished\":\"2026-09-04T13:02:42+00:00\",\"dateModified\":\"2026-09-04T13:13:04+00:00\"},{\"@type\":\"WebSite\",\"@id\":\"https:\\\/\\\/galicia.ingenierosnavales.com\\\/#website\",\"url\":\"https:\\\/\\\/galicia.ingenierosnavales.com\\\/\",\"name\":\"Delegaci\\u00f3n del COIN en Galicia -\",\"inLanguage\":\"es-ES\",\"publisher\":{\"@id\":\"https:\\\/\\\/galicia.ingenierosnavales.com\\\/#organization\"}}]}\n\t\t<\/script>\n\t\t<!-- All in One SEO -->\n\n","aioseo_head_json":{"title":"Circular 9\/26- Junta General Ordinaria Territorial 2026 - Delegaci\u00f3n del COIN en Galicia -","description":"CIRCULAR 9-26 Ferrol, a 4 de septiembre de 2026 Querido\/a Compa\u00f1ero\/a: Tengo el gusto de informarte de: 1.- JUNTA GENERAL ORDINARIA Se adjunta la convocatoria correspondiente a la Junta General Ordinaria que tendr\u00e1 lugar el d\u00eda 26 de septiembre de 2026, en el Parador de Cambados (Paseo Calzada, 36630, Cambados) CONVOCATORIA JUNTA GENERAL","canonical_url":"https:\/\/galicia.ingenierosnavales.com\/index.php\/2026\/09\/04\/circular-9-26-junta-general-ordinaria-territorial-2026\/","robots":"max-image-preview:large","keywords":"","webmasterTools":{"google-site-verification":"7brmUOAwEmVOzDsnJ9q5QE6pLdw6wH0XiigUsr1GV5s","miscellaneous":""},"schema":{"@context":"https:\/\/schema.org","@graph":[{"@type":"BlogPosting","@id":"https:\/\/galicia.ingenierosnavales.com\/index.php\/2026\/09\/04\/circular-9-26-junta-general-ordinaria-territorial-2026\/#blogposting","name":"Circular 9\/26- Junta General Ordinaria Territorial 2026 - Delegaci\u00f3n del COIN en Galicia -","headline":"Circular 9\/26- Junta General Ordinaria Territorial 2026","author":{"@id":"https:\/\/galicia.ingenierosnavales.com\/index.php\/author\/galicia\/#author"},"publisher":{"@id":"https:\/\/galicia.ingenierosnavales.com\/#organization"},"image":{"@type":"ImageObject","url":"https:\/\/galicia.ingenierosnavales.com\/wp-content\/uploads\/2026\/09\/Circular-826-Galicia.jpg","width":1713,"height":818},"datePublished":"2026-09-04T13:02:42+00:00","dateModified":"2026-09-04T13:13:04+00:00","inLanguage":"es-ES","mainEntityOfPage":{"@id":"https:\/\/galicia.ingenierosnavales.com\/index.php\/2026\/09\/04\/circular-9-26-junta-general-ordinaria-territorial-2026\/#webpage"},"isPartOf":{"@id":"https:\/\/galicia.ingenierosnavales.com\/index.php\/2026\/09\/04\/circular-9-26-junta-general-ordinaria-territorial-2026\/#webpage"},"articleSection":"Agenda, Eventos, actividades Galicia, Circular Galicia, Comunicaciones DT GALICIA, Ingenieros Navales Galicia, Noticias Galicia, Espa\u00f1ol"},{"@type":"BreadcrumbList","@id":"https:\/\/galicia.ingenierosnavales.com\/index.php\/2026\/09\/04\/circular-9-26-junta-general-ordinaria-territorial-2026\/#breadcrumblist","itemListElement":[{"@type":"ListItem","@id":"https:\/\/galicia.ingenierosnavales.com#listItem","position":1,"name":"Home","item":"https:\/\/galicia.ingenierosnavales.com","nextItem":{"@type":"ListItem","@id":"https:\/\/galicia.ingenierosnavales.com\/index.php\/category\/eventos\/#listItem","name":"Eventos"}},{"@type":"ListItem","@id":"https:\/\/galicia.ingenierosnavales.com\/index.php\/category\/eventos\/#listItem","position":2,"name":"Eventos","item":"https:\/\/galicia.ingenierosnavales.com\/index.php\/category\/eventos\/","nextItem":{"@type":"ListItem","@id":"https:\/\/galicia.ingenierosnavales.com\/index.php\/2026\/09\/04\/circular-9-26-junta-general-ordinaria-territorial-2026\/#listItem","name":"Circular 9\/26- Junta General Ordinaria Territorial 2026"},"previousItem":{"@type":"ListItem","@id":"https:\/\/galicia.ingenierosnavales.com#listItem","name":"Home"}},{"@type":"ListItem","@id":"https:\/\/galicia.ingenierosnavales.com\/index.php\/2026\/09\/04\/circular-9-26-junta-general-ordinaria-territorial-2026\/#listItem","position":3,"name":"Circular 9\/26- Junta General Ordinaria Territorial 2026","previousItem":{"@type":"ListItem","@id":"https:\/\/galicia.ingenierosnavales.com\/index.php\/category\/eventos\/#listItem","name":"Eventos"}}]},{"@type":"Organization","@id":"https:\/\/galicia.ingenierosnavales.com\/#organization","name":"Delegaci\u00f3n del COIN en Galicia -","url":"https:\/\/galicia.ingenierosnavales.com\/","telephone":"+34604068370","logo":{"@type":"ImageObject","url":"https:\/\/galicia.ingenierosnavales.com\/wp-content\/uploads\/2019\/09\/logo_2-1.png","@id":"https:\/\/galicia.ingenierosnavales.com\/index.php\/2026\/09\/04\/circular-9-26-junta-general-ordinaria-territorial-2026\/#organizationLogo","width":240,"height":94},"image":{"@id":"https:\/\/galicia.ingenierosnavales.com\/index.php\/2026\/09\/04\/circular-9-26-junta-general-ordinaria-territorial-2026\/#organizationLogo"},"sameAs":["https:\/\/facebook.com\/Ingenieros Navales Galicia","https:\/\/x.com\/Ingenieros Navales Galicia","https:\/\/instagram.com\/Ingenieros Navales Galicia","https:\/\/tiktok.com\/@Ingenieros Navales Galicia","https:\/\/pinterest.com\/Ingenieros Navales Galicia","https:\/\/youtube.com\/Ingenieros Navales Galicia","https:\/\/linkedin.com\/in\/Ingenieros Navales Galicia"]},{"@type":"Person","@id":"https:\/\/galicia.ingenierosnavales.com\/index.php\/author\/galicia\/#author","url":"https:\/\/galicia.ingenierosnavales.com\/index.php\/author\/galicia\/","name":"Delegaci\u00f3n Galicia","image":{"@type":"ImageObject","@id":"https:\/\/galicia.ingenierosnavales.com\/index.php\/2026\/09\/04\/circular-9-26-junta-general-ordinaria-territorial-2026\/#authorImage","url":"https:\/\/secure.gravatar.com\/avatar\/784387c8ee70f0747950d2413aa515282183abc3726ddcd1d89e0d4fccc292b5?s=96&d=mm&r=g","width":96,"height":96,"caption":"Delegaci\u00f3n Galicia"}},{"@type":"WebPage","@id":"https:\/\/galicia.ingenierosnavales.com\/index.php\/2026\/09\/04\/circular-9-26-junta-general-ordinaria-territorial-2026\/#webpage","url":"https:\/\/galicia.ingenierosnavales.com\/index.php\/2026\/09\/04\/circular-9-26-junta-general-ordinaria-territorial-2026\/","name":"Circular 9\/26- Junta General Ordinaria Territorial 2026 - Delegaci\u00f3n del COIN en Galicia -","description":"CIRCULAR 9-26 Ferrol, a 4 de septiembre de 2026 Querido\/a Compa\u00f1ero\/a: Tengo el gusto de informarte de: 1.- JUNTA GENERAL ORDINARIA Se adjunta la convocatoria correspondiente a la Junta General Ordinaria que tendr\u00e1 lugar el d\u00eda 26 de septiembre de 2026, en el Parador de Cambados (Paseo Calzada, 36630, Cambados) CONVOCATORIA JUNTA GENERAL","inLanguage":"es-ES","isPartOf":{"@id":"https:\/\/galicia.ingenierosnavales.com\/#website"},"breadcrumb":{"@id":"https:\/\/galicia.ingenierosnavales.com\/index.php\/2026\/09\/04\/circular-9-26-junta-general-ordinaria-territorial-2026\/#breadcrumblist"},"author":{"@id":"https:\/\/galicia.ingenierosnavales.com\/index.php\/author\/galicia\/#author"},"creator":{"@id":"https:\/\/galicia.ingenierosnavales.com\/index.php\/author\/galicia\/#author"},"image":{"@type":"ImageObject","url":"https:\/\/galicia.ingenierosnavales.com\/wp-content\/uploads\/2026\/09\/Circular-826-Galicia.jpg","@id":"https:\/\/galicia.ingenierosnavales.com\/index.php\/2026\/09\/04\/circular-9-26-junta-general-ordinaria-territorial-2026\/#mainImage","width":1713,"height":818},"primaryImageOfPage":{"@id":"https:\/\/galicia.ingenierosnavales.com\/index.php\/2026\/09\/04\/circular-9-26-junta-general-ordinaria-territorial-2026\/#mainImage"},"datePublished":"2026-09-04T13:02:42+00:00","dateModified":"2026-09-04T13:13:04+00:00"},{"@type":"WebSite","@id":"https:\/\/galicia.ingenierosnavales.com\/#website","url":"https:\/\/galicia.ingenierosnavales.com\/","name":"Delegaci\u00f3n del COIN en Galicia -","inLanguage":"es-ES","publisher":{"@id":"https:\/\/galicia.ingenierosnavales.com\/#organization"}}]},"og:locale":"es_ES","og:site_name":"Delegaci\u00f3n del COIN en Galicia -  -","og:type":"article","og:title":"Circular 9\/26- Junta General Ordinaria Territorial 2026 - Delegaci\u00f3n del COIN en Galicia -","og:description":"CIRCULAR 9-26 Ferrol, a 4 de septiembre de 2026 Querido\/a Compa\u00f1ero\/a: Tengo el gusto de informarte de: 1.- JUNTA GENERAL ORDINARIA Se adjunta la convocatoria correspondiente a la Junta General Ordinaria que tendr\u00e1 lugar el d\u00eda 26 de septiembre de 2026, en el Parador de Cambados (Paseo Calzada, 36630, Cambados) CONVOCATORIA JUNTA GENERAL","og:url":"https:\/\/galicia.ingenierosnavales.com\/index.php\/2026\/09\/04\/circular-9-26-junta-general-ordinaria-territorial-2026\/","og:image":"https:\/\/galicia.ingenierosnavales.com\/wp-content\/uploads\/2025\/03\/LOGO-GALICIA.png","og:image:secure_url":"https:\/\/galicia.ingenierosnavales.com\/wp-content\/uploads\/2025\/03\/LOGO-GALICIA.png","og:image:width":1050,"og:image:height":600,"article:published_time":"2026-09-04T13:02:42+00:00","article:modified_time":"2026-09-04T13:13:04+00:00","article:publisher":"https:\/\/facebook.com\/Ingenieros Navales Galicia","twitter:card":"summary_large_image","twitter:site":"@Ingenieros%20Navales%20Galicia","twitter:title":"Circular 9\/26- Junta General Ordinaria Territorial 2026 - Delegaci\u00f3n del COIN en Galicia -","twitter:description":"CIRCULAR 9-26 Ferrol, a 4 de septiembre de 2026 Querido\/a Compa\u00f1ero\/a: Tengo el gusto de informarte de: 1.- JUNTA GENERAL ORDINARIA Se adjunta la convocatoria correspondiente a la Junta General Ordinaria que tendr\u00e1 lugar el d\u00eda 26 de septiembre de 2026, en el Parador de Cambados (Paseo Calzada, 36630, Cambados) CONVOCATORIA JUNTA GENERAL","twitter:creator":"@Ingenieros%20Navales%20Galicia","twitter:image":"https:\/\/galicia.ingenierosnavales.com\/wp-content\/uploads\/2025\/03\/LOGO-GALICIA.png"},"aioseo_meta_data":{"post_id":"10748","title":null,"description":null,"keywords":null,"keyphrases":{"focus":{"keyphrase":"","score":0,"analysis":{"keyphraseInTitle":{"score":0,"maxScore":9,"error":1}}},"additional":[]},"primary_term":null,"canonical_url":null,"og_title":null,"og_description":null,"og_object_type":"default","og_image_type":"default","og_image_url":null,"og_image_width":null,"og_image_height":null,"og_image_custom_url":null,"og_image_custom_fields":null,"og_video":"","og_custom_url":null,"og_article_section":null,"og_article_tags":null,"twitter_use_og":false,"twitter_card":"default","twitter_image_type":"default","twitter_image_url":null,"twitter_image_custom_url":null,"twitter_image_custom_fields":null,"twitter_title":null,"twitter_description":null,"schema":{"blockGraphs":[],"customGraphs":[],"default":{"data":{"Article":[],"Course":[],"Dataset":[],"FAQPage":[],"Movie":[],"Person":[],"Product":[],"ProductReview":[],"Car":[],"Recipe":[],"Service":[],"SoftwareApplication":[],"WebPage":[]},"graphName":"BlogPosting","isEnabled":true},"graphs":[]},"schema_type":"default","schema_type_options":null,"pillar_content":false,"robots_default":true,"robots_noindex":false,"robots_noarchive":false,"robots_nosnippet":false,"robots_nofollow":false,"robots_noimageindex":false,"robots_noodp":false,"robots_notranslate":false,"robots_max_snippet":"-1","robots_max_videopreview":"-1","robots_max_imagepreview":"large","priority":null,"frequency":"default","local_seo":null,"limit_modified_date":false,"created":"2026-09-04 13:02:42","updated":"2026-09-04 18:01:56","ai":{"faqs":[],"keyPoints":[],"schemas":[],"titles":[],"descriptions":[],"socialPosts":{"email":{"subject":"","preview":"","content":""},"linkedin":[],"twitter":[],"facebook":[],"instagram":[]}},"breadcrumb_settings":null,"seo_analyzer_scan_date":null,"focus_keyword":null,"additional_keywords":null,"truseo_locale":null},"aioseo_breadcrumb":"<div class=\"aioseo-breadcrumbs\"><span class=\"aioseo-breadcrumb\">\n\t\t\t<a href=\"https:\/\/galicia.ingenierosnavales.com\" title=\"Home\">Home<\/a>\n\t\t<\/span><span class=\"aioseo-breadcrumb-separator\">&raquo;<\/span><span class=\"aioseo-breadcrumb\">\n\t\t\t<a href=\"https:\/\/galicia.ingenierosnavales.com\/index.php\/category\/eventos\/\" title=\"Eventos\">Eventos<\/a>\n\t\t<\/span><span class=\"aioseo-breadcrumb-separator\">&raquo;<\/span><span class=\"aioseo-breadcrumb\">\n\t\t\tCircular 9\/26- Junta General Ordinaria Territorial 2026\n\t\t<\/span><\/div>","aioseo_breadcrumb_json":[{"label":"Home","link":"https:\/\/galicia.ingenierosnavales.com"},{"label":"Eventos","link":"https:\/\/galicia.ingenierosnavales.com\/index.php\/category\/eventos\/"},{"label":"Circular 9\/26- Junta General Ordinaria Territorial 2026","link":"https:\/\/galicia.ingenierosnavales.com\/index.php\/2026\/09\/04\/circular-9-26-junta-general-ordinaria-territorial-2026\/"}],"_links":{"self":[{"href":"https:\/\/galicia.ingenierosnavales.com\/index.php\/wp-json\/wp\/v2\/posts\/10748","targetHints":{"allow":["GET"]}}],"collection":[{"href":"https:\/\/galicia.ingenierosnavales.com\/index.php\/wp-json\/wp\/v2\/posts"}],"about":[{"href":"https:\/\/galicia.ingenierosnavales.com\/index.php\/wp-json\/wp\/v2\/types\/post"}],"author":[{"embeddable":true,"href":"https:\/\/galicia.ingenierosnavales.com\/index.php\/wp-json\/wp\/v2\/users\/2"}],"replies":[{"embeddable":true,"href":"https:\/\/galicia.ingenierosnavales.com\/index.php\/wp-json\/wp\/v2\/comments?post=10748"}],"version-history":[{"count":5,"href":"https:\/\/galicia.ingenierosnavales.com\/index.php\/wp-json\/wp\/v2\/posts\/10748\/revisions"}],"predecessor-version":[{"id":10758,"href":"https:\/\/galicia.ingenierosnavales.com\/index.php\/wp-json\/wp\/v2\/posts\/10748\/revisions\/10758"}],"wp:featuredmedia":[{"embeddable":true,"href":"https:\/\/galicia.ingenierosnavales.com\/index.php\/wp-json\/wp\/v2\/media\/10753"}],"wp:attachment":[{"href":"https:\/\/galicia.ingenierosnavales.com\/index.php\/wp-json\/wp\/v2\/media?parent=10748"}],"wp:term":[{"taxonomy":"category","embeddable":true,"href":"https:\/\/galicia.ingenierosnavales.com\/index.php\/wp-json\/wp\/v2\/categories?post=10748"},{"taxonomy":"post_tag","embeddable":true,"href":"https:\/\/galicia.ingenierosnavales.com\/index.php\/wp-json\/wp\/v2\/tags?post=10748"}],"curies":[{"name":"wp","href":"https:\/\/api.w.org\/{rel}","templated":true}]}}