{"id":10746,"date":"2026-09-04T10:35:52","date_gmt":"2026-09-04T10:35:52","guid":{"rendered":"https:\/\/galicia.ingenierosnavales.com\/?p=10746"},"modified":"2026-09-04T10:35:52","modified_gmt":"2026-09-04T10:35:52","slug":"iii-xuntanza-marineira-en-revenidas-vilaxoan-11-13-setembro-2","status":"publish","type":"post","link":"https:\/\/galicia.ingenierosnavales.com\/index.php\/2026\/09\/04\/iii-xuntanza-marineira-en-revenidas-vilaxoan-11-13-setembro-2\/","title":{"rendered":"III Xuntanza Mari\u00f1eira en Revenidas \u2013 Vilaxo\u00e1n 11-13\/setembro"},"content":{"rendered":"<p>A asociaci\u00f3n cultural e de tradici\u00f3ns mari\u00f1eiras\u00a0<strong>GAMELA\u00a0<\/strong>de Cabo da Cruz, xunto coa organizaci\u00f3n do\u00a0<strong>FESTIVAL REVENIDAS<\/strong>,\u00a0est\u00e1 a argallar unha Xuntanza Mari\u00f1eira en Vilaxo\u00e1n dentro do marco do festival que ter\u00e1 lugar os d\u00edas<strong>\u00a011, 12 e 13 de setembro<\/strong>.<\/p>\n<p>Convid\u00e1mosvos a asistir a este evento onde poderedes desfrutar da boa m\u00fasica dun dos mellores festivais de Galicia e da nosa paix\u00f3n compartida pola navegaci\u00f3n tradicional.<\/p>\n<p><img fetchpriority=\"high\" decoding=\"async\" class=\"aligncenter wp-image-10741 \" src=\"https:\/\/galicia.ingenierosnavales.com\/wp-content\/uploads\/2026\/09\/REVENIDAS-819x1024.jpg\" sizes=\"(max-width: 819px) 100vw, 819px\" srcset=\"https:\/\/galicia.ingenierosnavales.com\/wp-content\/uploads\/2026\/09\/REVENIDAS-819x1024.jpg 819w, https:\/\/galicia.ingenierosnavales.com\/wp-content\/uploads\/2026\/09\/REVENIDAS-240x300.jpg 240w, https:\/\/galicia.ingenierosnavales.com\/wp-content\/uploads\/2026\/09\/REVENIDAS-768x960.jpg 768w, https:\/\/galicia.ingenierosnavales.com\/wp-content\/uploads\/2026\/09\/REVENIDAS.jpg 1080w\" alt=\"\" width=\"653\" height=\"816\" \/><\/p>\n<p>Desde a organizaci\u00f3n, facilitannos:<\/p>\n<ul>\n<li>Aloxamento para tripulaci\u00f3ns na lonxa de Vilaxo\u00e1n<\/li>\n<li>Descontos nos prezos de abonos (50\u20ac\/abono) e nas entradas por d\u00eda (30\u20ac\/entrada) para tripulaci\u00f3ns inscritas.<\/li>\n<li>Convite \u00e1 sardi\u00f1ada do domingo \u00e1 13:00 gratis para tripulaci\u00f3ns.<\/li>\n<li><strong><u>Data l\u00edmite para inscrici\u00f3ns: M\u00e9rcores 9 de Setembro.<\/u><\/strong><\/li>\n<\/ul>\n<p>Achegamos formulario de inscrici\u00f3n e programa.<\/p>\n<p style=\"text-align: center;\"><a href=\"https:\/\/galicia.ingenierosnavales.com\/wp-content\/uploads\/2026\/09\/Formulario-REVENIDAS.pdf\">Formulario REVENIDAS<\/a><\/p>\n<p><img decoding=\"async\" class=\"aligncenter wp-image-10743 \" src=\"https:\/\/galicia.ingenierosnavales.com\/wp-content\/uploads\/2026\/09\/CONCERTOS-A-BORDO-821x1024.jpg\" sizes=\"(max-width: 821px) 100vw, 821px\" srcset=\"https:\/\/galicia.ingenierosnavales.com\/wp-content\/uploads\/2026\/09\/CONCERTOS-A-BORDO-821x1024.jpg 821w, https:\/\/galicia.ingenierosnavales.com\/wp-content\/uploads\/2026\/09\/CONCERTOS-A-BORDO-241x300.jpg 241w, https:\/\/galicia.ingenierosnavales.com\/wp-content\/uploads\/2026\/09\/CONCERTOS-A-BORDO-768x958.jpg 768w, https:\/\/galicia.ingenierosnavales.com\/wp-content\/uploads\/2026\/09\/CONCERTOS-A-BORDO.jpg 1080w\" alt=\"\" width=\"483\" height=\"602\" \/><\/p>\n<p>&nbsp;<\/p>\n<p>Agardamos sexa da vosa interese.<\/p>\n<p><a href=\"https:\/\/gamela.org\/\"><img decoding=\"async\" class=\"size-full wp-image-10744 aligncenter\" src=\"https:\/\/galicia.ingenierosnavales.com\/wp-content\/uploads\/2026\/09\/gamela.jpg\" sizes=\"(max-width: 211px) 100vw, 211px\" srcset=\"https:\/\/galicia.ingenierosnavales.com\/wp-content\/uploads\/2026\/09\/gamela.jpg 211w, https:\/\/galicia.ingenierosnavales.com\/wp-content\/uploads\/2026\/09\/gamela-150x150.jpg 150w, https:\/\/galicia.ingenierosnavales.com\/wp-content\/uploads\/2026\/09\/gamela-80x80.jpg 80w\" alt=\"\" width=\"211\" height=\"210\" \/><\/a><\/p>\n","protected":false},"excerpt":{"rendered":"<p>A asociaci\u00f3n cultural e de tradici\u00f3ns mari\u00f1eiras\u00a0GAMELA\u00a0de Cabo da Cruz, xunto coa organizaci\u00f3n do\u00a0FESTIVAL REVENIDAS,\u00a0est\u00e1 a argallar unha Xuntanza Mari\u00f1eira en Vilaxo\u00e1n dentro do marco do festival que ter\u00e1 lugar os d\u00edas\u00a011, 12 e&#46;&#46;&#46;<\/p>\n","protected":false},"author":2,"featured_media":10741,"comment_status":"closed","ping_status":"closed","sticky":false,"template":"","format":"standard","meta":{"om_disable_all_campaigns":false,"_monsterinsights_skip_tracking":false,"footnotes":""},"categories":[1],"tags":[75,43,47],"class_list":["post-10746","post","type-post","status-publish","format-standard","has-post-thumbnail","hentry","category-eventos","tag-actividades-galicia-es","tag-noticias-galicia","tag-sector-naval-en-galicia"],"aioseo_notices":[],"aioseo_head":"\n\t\t<!-- All in One SEO 5.0.1.1 - aioseo.com -->\n\t<meta name=\"description\" content=\"A asociaci\u00f3n cultural e de tradici\u00f3ns mari\u00f1eiras GAMELA de Cabo da Cruz, xunto coa organizaci\u00f3n do FESTIVAL REVENIDAS, est\u00e1 a argallar unha Xuntanza Mari\u00f1eira en Vilaxo\u00e1n dentro do marco do festival que ter\u00e1 lugar os d\u00edas 11, 12 e 13 de setembro. Convid\u00e1mosvos a asistir a este evento onde poderedes desfrutar da boa m\u00fasica dun dos mellores festivais de Galicia\" \/>\n\t<meta name=\"robots\" content=\"max-image-preview:large\" \/>\n\t<meta name=\"author\" content=\"Delegaci\u00f3n Galicia\"\/>\n\t<meta name=\"google-site-verification\" content=\"7brmUOAwEmVOzDsnJ9q5QE6pLdw6wH0XiigUsr1GV5s\" \/>\n\t<link rel=\"canonical\" href=\"https:\/\/galicia.ingenierosnavales.com\/index.php\/2026\/09\/04\/iii-xuntanza-marineira-en-revenidas-vilaxoan-11-13-setembro-2\/\" \/>\n\t<meta name=\"generator\" content=\"All in One SEO (AIOSEO) 5.0.1.1\" \/>\n\t\t<meta property=\"og:locale\" content=\"es_ES\" \/>\n\t\t<meta property=\"og:site_name\" content=\"Delegaci\u00f3n del COIN en Galicia -  -\" \/>\n\t\t<meta property=\"og:type\" content=\"article\" \/>\n\t\t<meta property=\"og:title\" content=\"III Xuntanza Mari\u00f1eira en Revenidas \u2013 Vilaxo\u00e1n 11-13\/setembro - Delegaci\u00f3n del COIN en Galicia -\" \/>\n\t\t<meta property=\"og:description\" content=\"A asociaci\u00f3n cultural e de tradici\u00f3ns mari\u00f1eiras GAMELA de Cabo da Cruz, xunto coa organizaci\u00f3n do FESTIVAL REVENIDAS, est\u00e1 a argallar unha Xuntanza Mari\u00f1eira en Vilaxo\u00e1n dentro do marco do festival que ter\u00e1 lugar os d\u00edas 11, 12 e 13 de setembro. Convid\u00e1mosvos a asistir a este evento onde poderedes desfrutar da boa m\u00fasica dun dos mellores festivais de Galicia\" \/>\n\t\t<meta property=\"og:url\" content=\"https:\/\/galicia.ingenierosnavales.com\/index.php\/2026\/09\/04\/iii-xuntanza-marineira-en-revenidas-vilaxoan-11-13-setembro-2\/\" \/>\n\t\t<meta property=\"og:image\" content=\"https:\/\/galicia.ingenierosnavales.com\/wp-content\/uploads\/2025\/03\/LOGO-GALICIA.png\" \/>\n\t\t<meta property=\"og:image:secure_url\" content=\"https:\/\/galicia.ingenierosnavales.com\/wp-content\/uploads\/2025\/03\/LOGO-GALICIA.png\" \/>\n\t\t<meta property=\"og:image:width\" content=\"1050\" \/>\n\t\t<meta property=\"og:image:height\" content=\"600\" \/>\n\t\t<meta property=\"article:published_time\" content=\"2026-09-04T10:35:52+00:00\" \/>\n\t\t<meta property=\"article:modified_time\" content=\"2026-09-04T10:35:52+00:00\" \/>\n\t\t<meta property=\"article:publisher\" content=\"https:\/\/facebook.com\/Ingenieros Navales Galicia\" \/>\n\t\t<meta name=\"twitter:card\" content=\"summary_large_image\" \/>\n\t\t<meta name=\"twitter:site\" content=\"@Ingenieros%20Navales%20Galicia\" \/>\n\t\t<meta name=\"twitter:title\" content=\"III Xuntanza Mari\u00f1eira en Revenidas \u2013 Vilaxo\u00e1n 11-13\/setembro - Delegaci\u00f3n del COIN en Galicia -\" \/>\n\t\t<meta name=\"twitter:description\" content=\"A asociaci\u00f3n cultural e de tradici\u00f3ns mari\u00f1eiras GAMELA de Cabo da Cruz, xunto coa organizaci\u00f3n do FESTIVAL REVENIDAS, est\u00e1 a argallar unha Xuntanza Mari\u00f1eira en Vilaxo\u00e1n dentro do marco do festival que ter\u00e1 lugar os d\u00edas 11, 12 e 13 de setembro. Convid\u00e1mosvos a asistir a este evento onde poderedes desfrutar da boa m\u00fasica dun dos mellores festivais de Galicia\" \/>\n\t\t<meta name=\"twitter:creator\" content=\"@Ingenieros%20Navales%20Galicia\" \/>\n\t\t<meta name=\"twitter:image\" content=\"https:\/\/galicia.ingenierosnavales.com\/wp-content\/uploads\/2025\/03\/LOGO-GALICIA.png\" \/>\n\t\t<script type=\"application\/ld+json\" class=\"aioseo-schema\">\n\t\t\t{\"@context\":\"https:\\\/\\\/schema.org\",\"@graph\":[{\"@type\":\"BlogPosting\",\"@id\":\"https:\\\/\\\/galicia.ingenierosnavales.com\\\/index.php\\\/2026\\\/09\\\/04\\\/iii-xuntanza-marineira-en-revenidas-vilaxoan-11-13-setembro-2\\\/#blogposting\",\"name\":\"III Xuntanza Mari\\u00f1eira en Revenidas \\u2013 Vilaxo\\u00e1n 11-13\\\/setembro - Delegaci\\u00f3n del COIN en Galicia -\",\"headline\":\"III Xuntanza Mari\\u00f1eira en Revenidas \\u2013 Vilaxo\\u00e1n 11-13\\\/setembro\",\"author\":{\"@id\":\"https:\\\/\\\/galicia.ingenierosnavales.com\\\/index.php\\\/author\\\/galicia\\\/#author\"},\"publisher\":{\"@id\":\"https:\\\/\\\/galicia.ingenierosnavales.com\\\/#organization\"},\"image\":{\"@type\":\"ImageObject\",\"url\":\"https:\\\/\\\/galicia.ingenierosnavales.com\\\/wp-content\\\/uploads\\\/2026\\\/09\\\/REVENIDAS.jpg\",\"width\":1080,\"height\":1350},\"datePublished\":\"2026-09-04T10:35:52+00:00\",\"dateModified\":\"2026-09-04T10:35:52+00:00\",\"inLanguage\":\"es-ES\",\"mainEntityOfPage\":{\"@id\":\"https:\\\/\\\/galicia.ingenierosnavales.com\\\/index.php\\\/2026\\\/09\\\/04\\\/iii-xuntanza-marineira-en-revenidas-vilaxoan-11-13-setembro-2\\\/#webpage\"},\"isPartOf\":{\"@id\":\"https:\\\/\\\/galicia.ingenierosnavales.com\\\/index.php\\\/2026\\\/09\\\/04\\\/iii-xuntanza-marineira-en-revenidas-vilaxoan-11-13-setembro-2\\\/#webpage\"},\"articleSection\":\"Eventos, actividades Galicia, Noticias Galicia, sector naval en Galicia, Espa\\u00f1ol\"},{\"@type\":\"BreadcrumbList\",\"@id\":\"https:\\\/\\\/galicia.ingenierosnavales.com\\\/index.php\\\/2026\\\/09\\\/04\\\/iii-xuntanza-marineira-en-revenidas-vilaxoan-11-13-setembro-2\\\/#breadcrumblist\",\"itemListElement\":[{\"@type\":\"ListItem\",\"@id\":\"https:\\\/\\\/galicia.ingenierosnavales.com#listItem\",\"position\":1,\"name\":\"Home\",\"item\":\"https:\\\/\\\/galicia.ingenierosnavales.com\",\"nextItem\":{\"@type\":\"ListItem\",\"@id\":\"https:\\\/\\\/galicia.ingenierosnavales.com\\\/index.php\\\/category\\\/eventos\\\/#listItem\",\"name\":\"Eventos\"}},{\"@type\":\"ListItem\",\"@id\":\"https:\\\/\\\/galicia.ingenierosnavales.com\\\/index.php\\\/category\\\/eventos\\\/#listItem\",\"position\":2,\"name\":\"Eventos\",\"item\":\"https:\\\/\\\/galicia.ingenierosnavales.com\\\/index.php\\\/category\\\/eventos\\\/\",\"nextItem\":{\"@type\":\"ListItem\",\"@id\":\"https:\\\/\\\/galicia.ingenierosnavales.com\\\/index.php\\\/2026\\\/09\\\/04\\\/iii-xuntanza-marineira-en-revenidas-vilaxoan-11-13-setembro-2\\\/#listItem\",\"name\":\"III Xuntanza Mari\\u00f1eira en Revenidas \\u2013 Vilaxo\\u00e1n 11-13\\\/setembro\"},\"previousItem\":{\"@type\":\"ListItem\",\"@id\":\"https:\\\/\\\/galicia.ingenierosnavales.com#listItem\",\"name\":\"Home\"}},{\"@type\":\"ListItem\",\"@id\":\"https:\\\/\\\/galicia.ingenierosnavales.com\\\/index.php\\\/2026\\\/09\\\/04\\\/iii-xuntanza-marineira-en-revenidas-vilaxoan-11-13-setembro-2\\\/#listItem\",\"position\":3,\"name\":\"III Xuntanza Mari\\u00f1eira en Revenidas \\u2013 Vilaxo\\u00e1n 11-13\\\/setembro\",\"previousItem\":{\"@type\":\"ListItem\",\"@id\":\"https:\\\/\\\/galicia.ingenierosnavales.com\\\/index.php\\\/category\\\/eventos\\\/#listItem\",\"name\":\"Eventos\"}}]},{\"@type\":\"Organization\",\"@id\":\"https:\\\/\\\/galicia.ingenierosnavales.com\\\/#organization\",\"name\":\"Delegaci\\u00f3n del COIN en Galicia -\",\"url\":\"https:\\\/\\\/galicia.ingenierosnavales.com\\\/\",\"telephone\":\"+34604068370\",\"logo\":{\"@type\":\"ImageObject\",\"url\":\"https:\\\/\\\/galicia.ingenierosnavales.com\\\/wp-content\\\/uploads\\\/2019\\\/09\\\/logo_2-1.png\",\"@id\":\"https:\\\/\\\/galicia.ingenierosnavales.com\\\/index.php\\\/2026\\\/09\\\/04\\\/iii-xuntanza-marineira-en-revenidas-vilaxoan-11-13-setembro-2\\\/#organizationLogo\",\"width\":240,\"height\":94},\"image\":{\"@id\":\"https:\\\/\\\/galicia.ingenierosnavales.com\\\/index.php\\\/2026\\\/09\\\/04\\\/iii-xuntanza-marineira-en-revenidas-vilaxoan-11-13-setembro-2\\\/#organizationLogo\"},\"sameAs\":[\"https:\\\/\\\/facebook.com\\\/Ingenieros Navales Galicia\",\"https:\\\/\\\/x.com\\\/Ingenieros Navales Galicia\",\"https:\\\/\\\/instagram.com\\\/Ingenieros Navales Galicia\",\"https:\\\/\\\/tiktok.com\\\/@Ingenieros Navales Galicia\",\"https:\\\/\\\/pinterest.com\\\/Ingenieros Navales Galicia\",\"https:\\\/\\\/youtube.com\\\/Ingenieros Navales Galicia\",\"https:\\\/\\\/linkedin.com\\\/in\\\/Ingenieros Navales Galicia\"]},{\"@type\":\"Person\",\"@id\":\"https:\\\/\\\/galicia.ingenierosnavales.com\\\/index.php\\\/author\\\/galicia\\\/#author\",\"url\":\"https:\\\/\\\/galicia.ingenierosnavales.com\\\/index.php\\\/author\\\/galicia\\\/\",\"name\":\"Delegaci\\u00f3n Galicia\",\"image\":{\"@type\":\"ImageObject\",\"@id\":\"https:\\\/\\\/galicia.ingenierosnavales.com\\\/index.php\\\/2026\\\/09\\\/04\\\/iii-xuntanza-marineira-en-revenidas-vilaxoan-11-13-setembro-2\\\/#authorImage\",\"url\":\"https:\\\/\\\/secure.gravatar.com\\\/avatar\\\/784387c8ee70f0747950d2413aa515282183abc3726ddcd1d89e0d4fccc292b5?s=96&d=mm&r=g\",\"width\":96,\"height\":96,\"caption\":\"Delegaci\\u00f3n Galicia\"}},{\"@type\":\"WebPage\",\"@id\":\"https:\\\/\\\/galicia.ingenierosnavales.com\\\/index.php\\\/2026\\\/09\\\/04\\\/iii-xuntanza-marineira-en-revenidas-vilaxoan-11-13-setembro-2\\\/#webpage\",\"url\":\"https:\\\/\\\/galicia.ingenierosnavales.com\\\/index.php\\\/2026\\\/09\\\/04\\\/iii-xuntanza-marineira-en-revenidas-vilaxoan-11-13-setembro-2\\\/\",\"name\":\"III Xuntanza Mari\\u00f1eira en Revenidas \\u2013 Vilaxo\\u00e1n 11-13\\\/setembro - Delegaci\\u00f3n del COIN en Galicia -\",\"description\":\"A asociaci\\u00f3n cultural e de tradici\\u00f3ns mari\\u00f1eiras GAMELA de Cabo da Cruz, xunto coa organizaci\\u00f3n do FESTIVAL REVENIDAS, est\\u00e1 a argallar unha Xuntanza Mari\\u00f1eira en Vilaxo\\u00e1n dentro do marco do festival que ter\\u00e1 lugar os d\\u00edas 11, 12 e 13 de setembro. Convid\\u00e1mosvos a asistir a este evento onde poderedes desfrutar da boa m\\u00fasica dun dos mellores festivais de Galicia\",\"inLanguage\":\"es-ES\",\"isPartOf\":{\"@id\":\"https:\\\/\\\/galicia.ingenierosnavales.com\\\/#website\"},\"breadcrumb\":{\"@id\":\"https:\\\/\\\/galicia.ingenierosnavales.com\\\/index.php\\\/2026\\\/09\\\/04\\\/iii-xuntanza-marineira-en-revenidas-vilaxoan-11-13-setembro-2\\\/#breadcrumblist\"},\"author\":{\"@id\":\"https:\\\/\\\/galicia.ingenierosnavales.com\\\/index.php\\\/author\\\/galicia\\\/#author\"},\"creator\":{\"@id\":\"https:\\\/\\\/galicia.ingenierosnavales.com\\\/index.php\\\/author\\\/galicia\\\/#author\"},\"image\":{\"@type\":\"ImageObject\",\"url\":\"https:\\\/\\\/galicia.ingenierosnavales.com\\\/wp-content\\\/uploads\\\/2026\\\/09\\\/REVENIDAS.jpg\",\"@id\":\"https:\\\/\\\/galicia.ingenierosnavales.com\\\/index.php\\\/2026\\\/09\\\/04\\\/iii-xuntanza-marineira-en-revenidas-vilaxoan-11-13-setembro-2\\\/#mainImage\",\"width\":1080,\"height\":1350},\"primaryImageOfPage\":{\"@id\":\"https:\\\/\\\/galicia.ingenierosnavales.com\\\/index.php\\\/2026\\\/09\\\/04\\\/iii-xuntanza-marineira-en-revenidas-vilaxoan-11-13-setembro-2\\\/#mainImage\"},\"datePublished\":\"2026-09-04T10:35:52+00:00\",\"dateModified\":\"2026-09-04T10:35:52+00:00\"},{\"@type\":\"WebSite\",\"@id\":\"https:\\\/\\\/galicia.ingenierosnavales.com\\\/#website\",\"url\":\"https:\\\/\\\/galicia.ingenierosnavales.com\\\/\",\"name\":\"Delegaci\\u00f3n del COIN en Galicia -\",\"inLanguage\":\"es-ES\",\"publisher\":{\"@id\":\"https:\\\/\\\/galicia.ingenierosnavales.com\\\/#organization\"}}]}\n\t\t<\/script>\n\t\t<!-- All in One SEO -->\n\n","aioseo_head_json":{"title":"III Xuntanza Mari\u00f1eira en Revenidas \u2013 Vilaxo\u00e1n 11-13\/setembro - Delegaci\u00f3n del COIN en Galicia -","description":"A asociaci\u00f3n cultural e de tradici\u00f3ns mari\u00f1eiras GAMELA de Cabo da Cruz, xunto coa organizaci\u00f3n do FESTIVAL REVENIDAS, est\u00e1 a argallar unha Xuntanza Mari\u00f1eira en Vilaxo\u00e1n dentro do marco do festival que ter\u00e1 lugar os d\u00edas 11, 12 e 13 de setembro. Convid\u00e1mosvos a asistir a este evento onde poderedes desfrutar da boa m\u00fasica dun dos mellores festivais de Galicia","canonical_url":"https:\/\/galicia.ingenierosnavales.com\/index.php\/2026\/09\/04\/iii-xuntanza-marineira-en-revenidas-vilaxoan-11-13-setembro-2\/","robots":"max-image-preview:large","keywords":"","webmasterTools":{"google-site-verification":"7brmUOAwEmVOzDsnJ9q5QE6pLdw6wH0XiigUsr1GV5s","miscellaneous":""},"schema":{"@context":"https:\/\/schema.org","@graph":[{"@type":"BlogPosting","@id":"https:\/\/galicia.ingenierosnavales.com\/index.php\/2026\/09\/04\/iii-xuntanza-marineira-en-revenidas-vilaxoan-11-13-setembro-2\/#blogposting","name":"III Xuntanza Mari\u00f1eira en Revenidas \u2013 Vilaxo\u00e1n 11-13\/setembro - Delegaci\u00f3n del COIN en Galicia -","headline":"III Xuntanza Mari\u00f1eira en Revenidas \u2013 Vilaxo\u00e1n 11-13\/setembro","author":{"@id":"https:\/\/galicia.ingenierosnavales.com\/index.php\/author\/galicia\/#author"},"publisher":{"@id":"https:\/\/galicia.ingenierosnavales.com\/#organization"},"image":{"@type":"ImageObject","url":"https:\/\/galicia.ingenierosnavales.com\/wp-content\/uploads\/2026\/09\/REVENIDAS.jpg","width":1080,"height":1350},"datePublished":"2026-09-04T10:35:52+00:00","dateModified":"2026-09-04T10:35:52+00:00","inLanguage":"es-ES","mainEntityOfPage":{"@id":"https:\/\/galicia.ingenierosnavales.com\/index.php\/2026\/09\/04\/iii-xuntanza-marineira-en-revenidas-vilaxoan-11-13-setembro-2\/#webpage"},"isPartOf":{"@id":"https:\/\/galicia.ingenierosnavales.com\/index.php\/2026\/09\/04\/iii-xuntanza-marineira-en-revenidas-vilaxoan-11-13-setembro-2\/#webpage"},"articleSection":"Eventos, actividades Galicia, Noticias Galicia, sector naval en Galicia, Espa\u00f1ol"},{"@type":"BreadcrumbList","@id":"https:\/\/galicia.ingenierosnavales.com\/index.php\/2026\/09\/04\/iii-xuntanza-marineira-en-revenidas-vilaxoan-11-13-setembro-2\/#breadcrumblist","itemListElement":[{"@type":"ListItem","@id":"https:\/\/galicia.ingenierosnavales.com#listItem","position":1,"name":"Home","item":"https:\/\/galicia.ingenierosnavales.com","nextItem":{"@type":"ListItem","@id":"https:\/\/galicia.ingenierosnavales.com\/index.php\/category\/eventos\/#listItem","name":"Eventos"}},{"@type":"ListItem","@id":"https:\/\/galicia.ingenierosnavales.com\/index.php\/category\/eventos\/#listItem","position":2,"name":"Eventos","item":"https:\/\/galicia.ingenierosnavales.com\/index.php\/category\/eventos\/","nextItem":{"@type":"ListItem","@id":"https:\/\/galicia.ingenierosnavales.com\/index.php\/2026\/09\/04\/iii-xuntanza-marineira-en-revenidas-vilaxoan-11-13-setembro-2\/#listItem","name":"III Xuntanza Mari\u00f1eira en Revenidas \u2013 Vilaxo\u00e1n 11-13\/setembro"},"previousItem":{"@type":"ListItem","@id":"https:\/\/galicia.ingenierosnavales.com#listItem","name":"Home"}},{"@type":"ListItem","@id":"https:\/\/galicia.ingenierosnavales.com\/index.php\/2026\/09\/04\/iii-xuntanza-marineira-en-revenidas-vilaxoan-11-13-setembro-2\/#listItem","position":3,"name":"III Xuntanza Mari\u00f1eira en Revenidas \u2013 Vilaxo\u00e1n 11-13\/setembro","previousItem":{"@type":"ListItem","@id":"https:\/\/galicia.ingenierosnavales.com\/index.php\/category\/eventos\/#listItem","name":"Eventos"}}]},{"@type":"Organization","@id":"https:\/\/galicia.ingenierosnavales.com\/#organization","name":"Delegaci\u00f3n del COIN en Galicia -","url":"https:\/\/galicia.ingenierosnavales.com\/","telephone":"+34604068370","logo":{"@type":"ImageObject","url":"https:\/\/galicia.ingenierosnavales.com\/wp-content\/uploads\/2019\/09\/logo_2-1.png","@id":"https:\/\/galicia.ingenierosnavales.com\/index.php\/2026\/09\/04\/iii-xuntanza-marineira-en-revenidas-vilaxoan-11-13-setembro-2\/#organizationLogo","width":240,"height":94},"image":{"@id":"https:\/\/galicia.ingenierosnavales.com\/index.php\/2026\/09\/04\/iii-xuntanza-marineira-en-revenidas-vilaxoan-11-13-setembro-2\/#organizationLogo"},"sameAs":["https:\/\/facebook.com\/Ingenieros Navales Galicia","https:\/\/x.com\/Ingenieros Navales Galicia","https:\/\/instagram.com\/Ingenieros Navales Galicia","https:\/\/tiktok.com\/@Ingenieros Navales Galicia","https:\/\/pinterest.com\/Ingenieros Navales Galicia","https:\/\/youtube.com\/Ingenieros Navales Galicia","https:\/\/linkedin.com\/in\/Ingenieros Navales Galicia"]},{"@type":"Person","@id":"https:\/\/galicia.ingenierosnavales.com\/index.php\/author\/galicia\/#author","url":"https:\/\/galicia.ingenierosnavales.com\/index.php\/author\/galicia\/","name":"Delegaci\u00f3n Galicia","image":{"@type":"ImageObject","@id":"https:\/\/galicia.ingenierosnavales.com\/index.php\/2026\/09\/04\/iii-xuntanza-marineira-en-revenidas-vilaxoan-11-13-setembro-2\/#authorImage","url":"https:\/\/secure.gravatar.com\/avatar\/784387c8ee70f0747950d2413aa515282183abc3726ddcd1d89e0d4fccc292b5?s=96&d=mm&r=g","width":96,"height":96,"caption":"Delegaci\u00f3n Galicia"}},{"@type":"WebPage","@id":"https:\/\/galicia.ingenierosnavales.com\/index.php\/2026\/09\/04\/iii-xuntanza-marineira-en-revenidas-vilaxoan-11-13-setembro-2\/#webpage","url":"https:\/\/galicia.ingenierosnavales.com\/index.php\/2026\/09\/04\/iii-xuntanza-marineira-en-revenidas-vilaxoan-11-13-setembro-2\/","name":"III Xuntanza Mari\u00f1eira en Revenidas \u2013 Vilaxo\u00e1n 11-13\/setembro - Delegaci\u00f3n del COIN en Galicia -","description":"A asociaci\u00f3n cultural e de tradici\u00f3ns mari\u00f1eiras GAMELA de Cabo da Cruz, xunto coa organizaci\u00f3n do FESTIVAL REVENIDAS, est\u00e1 a argallar unha Xuntanza Mari\u00f1eira en Vilaxo\u00e1n dentro do marco do festival que ter\u00e1 lugar os d\u00edas 11, 12 e 13 de setembro. Convid\u00e1mosvos a asistir a este evento onde poderedes desfrutar da boa m\u00fasica dun dos mellores festivais de Galicia","inLanguage":"es-ES","isPartOf":{"@id":"https:\/\/galicia.ingenierosnavales.com\/#website"},"breadcrumb":{"@id":"https:\/\/galicia.ingenierosnavales.com\/index.php\/2026\/09\/04\/iii-xuntanza-marineira-en-revenidas-vilaxoan-11-13-setembro-2\/#breadcrumblist"},"author":{"@id":"https:\/\/galicia.ingenierosnavales.com\/index.php\/author\/galicia\/#author"},"creator":{"@id":"https:\/\/galicia.ingenierosnavales.com\/index.php\/author\/galicia\/#author"},"image":{"@type":"ImageObject","url":"https:\/\/galicia.ingenierosnavales.com\/wp-content\/uploads\/2026\/09\/REVENIDAS.jpg","@id":"https:\/\/galicia.ingenierosnavales.com\/index.php\/2026\/09\/04\/iii-xuntanza-marineira-en-revenidas-vilaxoan-11-13-setembro-2\/#mainImage","width":1080,"height":1350},"primaryImageOfPage":{"@id":"https:\/\/galicia.ingenierosnavales.com\/index.php\/2026\/09\/04\/iii-xuntanza-marineira-en-revenidas-vilaxoan-11-13-setembro-2\/#mainImage"},"datePublished":"2026-09-04T10:35:52+00:00","dateModified":"2026-09-04T10:35:52+00:00"},{"@type":"WebSite","@id":"https:\/\/galicia.ingenierosnavales.com\/#website","url":"https:\/\/galicia.ingenierosnavales.com\/","name":"Delegaci\u00f3n del COIN en Galicia -","inLanguage":"es-ES","publisher":{"@id":"https:\/\/galicia.ingenierosnavales.com\/#organization"}}]},"og:locale":"es_ES","og:site_name":"Delegaci\u00f3n del COIN en Galicia -  -","og:type":"article","og:title":"III Xuntanza Mari\u00f1eira en Revenidas \u2013 Vilaxo\u00e1n 11-13\/setembro - Delegaci\u00f3n del COIN en Galicia -","og:description":"A asociaci\u00f3n cultural e de tradici\u00f3ns mari\u00f1eiras GAMELA de Cabo da Cruz, xunto coa organizaci\u00f3n do FESTIVAL REVENIDAS, est\u00e1 a argallar unha Xuntanza Mari\u00f1eira en Vilaxo\u00e1n dentro do marco do festival que ter\u00e1 lugar os d\u00edas 11, 12 e 13 de setembro. Convid\u00e1mosvos a asistir a este evento onde poderedes desfrutar da boa m\u00fasica dun dos mellores festivais de Galicia","og:url":"https:\/\/galicia.ingenierosnavales.com\/index.php\/2026\/09\/04\/iii-xuntanza-marineira-en-revenidas-vilaxoan-11-13-setembro-2\/","og:image":"https:\/\/galicia.ingenierosnavales.com\/wp-content\/uploads\/2025\/03\/LOGO-GALICIA.png","og:image:secure_url":"https:\/\/galicia.ingenierosnavales.com\/wp-content\/uploads\/2025\/03\/LOGO-GALICIA.png","og:image:width":1050,"og:image:height":600,"article:published_time":"2026-09-04T10:35:52+00:00","article:modified_time":"2026-09-04T10:35:52+00:00","article:publisher":"https:\/\/facebook.com\/Ingenieros Navales Galicia","twitter:card":"summary_large_image","twitter:site":"@Ingenieros%20Navales%20Galicia","twitter:title":"III Xuntanza Mari\u00f1eira en Revenidas \u2013 Vilaxo\u00e1n 11-13\/setembro - Delegaci\u00f3n del COIN en Galicia -","twitter:description":"A asociaci\u00f3n cultural e de tradici\u00f3ns mari\u00f1eiras GAMELA de Cabo da Cruz, xunto coa organizaci\u00f3n do FESTIVAL REVENIDAS, est\u00e1 a argallar unha Xuntanza Mari\u00f1eira en Vilaxo\u00e1n dentro do marco do festival que ter\u00e1 lugar os d\u00edas 11, 12 e 13 de setembro. Convid\u00e1mosvos a asistir a este evento onde poderedes desfrutar da boa m\u00fasica dun dos mellores festivais de Galicia","twitter:creator":"@Ingenieros%20Navales%20Galicia","twitter:image":"https:\/\/galicia.ingenierosnavales.com\/wp-content\/uploads\/2025\/03\/LOGO-GALICIA.png"},"aioseo_meta_data":{"post_id":"10746","title":null,"description":null,"keywords":null,"keyphrases":{"focus":{"keyphrase":"","score":0,"analysis":{"keyphraseInTitle":{"score":0,"maxScore":9,"error":1}}},"additional":[]},"primary_term":null,"canonical_url":null,"og_title":null,"og_description":null,"og_object_type":"default","og_image_type":"default","og_image_url":null,"og_image_width":null,"og_image_height":null,"og_image_custom_url":null,"og_image_custom_fields":null,"og_video":"","og_custom_url":null,"og_article_section":null,"og_article_tags":null,"twitter_use_og":false,"twitter_card":"default","twitter_image_type":"default","twitter_image_url":null,"twitter_image_custom_url":null,"twitter_image_custom_fields":null,"twitter_title":null,"twitter_description":null,"schema":{"blockGraphs":[],"customGraphs":[],"default":{"data":{"Article":[],"Course":[],"Dataset":[],"FAQPage":[],"Movie":[],"Person":[],"Product":[],"ProductReview":[],"Car":[],"Recipe":[],"Service":[],"SoftwareApplication":[],"WebPage":[]},"graphName":"BlogPosting","isEnabled":true},"graphs":[]},"schema_type":"default","schema_type_options":null,"pillar_content":false,"robots_default":true,"robots_noindex":false,"robots_noarchive":false,"robots_nosnippet":false,"robots_nofollow":false,"robots_noimageindex":false,"robots_noodp":false,"robots_notranslate":false,"robots_max_snippet":"-1","robots_max_videopreview":"-1","robots_max_imagepreview":"large","priority":null,"frequency":"default","local_seo":null,"limit_modified_date":false,"created":"2026-09-04 10:35:52","updated":"2026-09-04 12:59:33","ai":{"faqs":[],"keyPoints":[],"schemas":[],"titles":[],"descriptions":[],"socialPosts":{"email":{"subject":"","preview":"","content":""},"linkedin":[],"twitter":[],"facebook":[],"instagram":[]}},"breadcrumb_settings":null,"seo_analyzer_scan_date":null,"focus_keyword":null,"additional_keywords":null,"truseo_locale":null},"aioseo_breadcrumb":"<div class=\"aioseo-breadcrumbs\"><span class=\"aioseo-breadcrumb\">\n\t\t\t<a href=\"https:\/\/galicia.ingenierosnavales.com\" title=\"Home\">Home<\/a>\n\t\t<\/span><span class=\"aioseo-breadcrumb-separator\">&raquo;<\/span><span class=\"aioseo-breadcrumb\">\n\t\t\t<a href=\"https:\/\/galicia.ingenierosnavales.com\/index.php\/category\/eventos\/\" title=\"Eventos\">Eventos<\/a>\n\t\t<\/span><span class=\"aioseo-breadcrumb-separator\">&raquo;<\/span><span class=\"aioseo-breadcrumb\">\n\t\t\tIII Xuntanza Mari\u00f1eira en Revenidas \u2013 Vilaxo\u00e1n 11-13\/setembro\n\t\t<\/span><\/div>","aioseo_breadcrumb_json":[{"label":"Home","link":"https:\/\/galicia.ingenierosnavales.com"},{"label":"Eventos","link":"https:\/\/galicia.ingenierosnavales.com\/index.php\/category\/eventos\/"},{"label":"III Xuntanza Mari\u00f1eira en Revenidas \u2013 Vilaxo\u00e1n 11-13\/setembro","link":"https:\/\/galicia.ingenierosnavales.com\/index.php\/2026\/09\/04\/iii-xuntanza-marineira-en-revenidas-vilaxoan-11-13-setembro-2\/"}],"_links":{"self":[{"href":"https:\/\/galicia.ingenierosnavales.com\/index.php\/wp-json\/wp\/v2\/posts\/10746","targetHints":{"allow":["GET"]}}],"collection":[{"href":"https:\/\/galicia.ingenierosnavales.com\/index.php\/wp-json\/wp\/v2\/posts"}],"about":[{"href":"https:\/\/galicia.ingenierosnavales.com\/index.php\/wp-json\/wp\/v2\/types\/post"}],"author":[{"embeddable":true,"href":"https:\/\/galicia.ingenierosnavales.com\/index.php\/wp-json\/wp\/v2\/users\/2"}],"replies":[{"embeddable":true,"href":"https:\/\/galicia.ingenierosnavales.com\/index.php\/wp-json\/wp\/v2\/comments?post=10746"}],"version-history":[{"count":1,"href":"https:\/\/galicia.ingenierosnavales.com\/index.php\/wp-json\/wp\/v2\/posts\/10746\/revisions"}],"predecessor-version":[{"id":10747,"href":"https:\/\/galicia.ingenierosnavales.com\/index.php\/wp-json\/wp\/v2\/posts\/10746\/revisions\/10747"}],"wp:featuredmedia":[{"embeddable":true,"href":"https:\/\/galicia.ingenierosnavales.com\/index.php\/wp-json\/wp\/v2\/media\/10741"}],"wp:attachment":[{"href":"https:\/\/galicia.ingenierosnavales.com\/index.php\/wp-json\/wp\/v2\/media?parent=10746"}],"wp:term":[{"taxonomy":"category","embeddable":true,"href":"https:\/\/galicia.ingenierosnavales.com\/index.php\/wp-json\/wp\/v2\/categories?post=10746"},{"taxonomy":"post_tag","embeddable":true,"href":"https:\/\/galicia.ingenierosnavales.com\/index.php\/wp-json\/wp\/v2\/tags?post=10746"}],"curies":[{"name":"wp","href":"https:\/\/api.w.org\/{rel}","templated":true}]}}