{"id":10736,"date":"2026-09-03T06:33:57","date_gmt":"2026-09-03T06:33:57","guid":{"rendered":"https:\/\/galicia.ingenierosnavales.com\/?p=10736"},"modified":"2026-09-03T06:33:57","modified_gmt":"2026-09-03T06:33:57","slug":"noticias-sobre-el-sector-naval-en-galicia-3-septiembre-2026","status":"publish","type":"post","link":"https:\/\/galicia.ingenierosnavales.com\/index.php\/2026\/09\/03\/noticias-sobre-el-sector-naval-en-galicia-3-septiembre-2026\/","title":{"rendered":"Noticias sobre el sector naval en Galicia. 3\/septiembre\/2026"},"content":{"rendered":"<table style=\"height: 1063px;\" width=\"1206\">\n<tbody>\n<tr>\n<td width=\"1007\">\n<p style=\"text-align: center;\"><strong>Jueves 3<\/strong><\/p>\n<p style=\"text-align: center;\">La Voz de Galicia<\/p>\n<p style=\"text-align: center;\"><a href=\"https:\/\/www.lavozdegalicia.es\/noticia\/economia\/2026\/09\/02\/asime-refuerza-hamburgo-proyeccion-internacional-industria-naval-gallega\/00031788361143219618972.htm\">Asime refuerza en Hamburgo la proyecci\u00f3n internacional de la industria naval gallega<\/a><\/p>\n<p style=\"text-align: center;\"><a href=\"https:\/\/www.lavozdegalicia.es\/noticia\/somosmar\/2026\/09\/02\/astillero-vigues-cardama-confia-cobrar-82-millones-contrato-patrulleras-gobierno-uruguay-rescindio-mala-fe\/00031788364386421841406.htm\">El astillero vigu\u00e9s Cardama conf\u00eda en cobrar los 82 millones del contrato de las patrulleras que Uruguay rescindi\u00f3 con \u201cmala fe\u201d<\/a><\/p>\n<p style=\"text-align: center;\">Industrias Pesqueras<\/p>\n<p style=\"text-align: center;\"><a href=\"https:\/\/www.industriaspesqueras.com\/noticia-90950-seccion-Naval\">West Sea, the Portuguese leader moves up a gear with a new repair dock<\/a><\/p>\n<p style=\"text-align: center;\"><a href=\"https:\/\/www.industriaspesqueras.com\/noticia-90952-seccion-Naval\">Sol\u00e9 Advance: a technical partner specializing in marine engines<\/a><\/p>\n<p style=\"text-align: center;\"><a href=\"https:\/\/www.industriaspesqueras.com\/noticia-90949-seccion-Naval\">Frizonia: digitalised HVAC+R maintenance with extended realigy and digital twin technology<\/a><\/p>\n<p style=\"text-align: center;\">Faro de Vigo<\/p>\n<p style=\"text-align: center;\"><a href=\"https:\/\/www.farodevigo.es\/economia\/2026\/09\/02\/ritz-carlton-yacht-sigue-carburar-ultima-duena-astillero-vigues-barreras-duplica-perdidas-133867176.html\">Ritz-Carlton Yacht sigue sin carburar: la \u00faltima due\u00f1a del astillero vigu\u00e9s Barreras duplica p\u00e9rdidas hasta junio<\/a><\/p>\n<p style=\"text-align: center;\"><a href=\"https:\/\/www.farodevigo.es\/economia\/2026\/09\/02\/bruselas-impulsa-naval-alianza-comunitaria-ema-133879154.html\">Bruselas impulsa al naval con una alianza comunitaria para \u201campliar la producci\u00f3n y el despliegue de buques y tecnolog\u00edas fabricados en la UE\u201d<\/a> (exclusivo suscriptores)<\/p>\n<p style=\"text-align: center;\"><a href=\"https:\/\/www.farodevigo.es\/economia\/2026\/09\/02\/cardama-demanda-50-millones-arbitraje-uruguay-133872011.html\">Cardama demanda a Uruguay los m\u00e1s de 50 millones restantes del contrato y reclama da\u00f1os y perjuicios<\/a> (exclusivo suscriptores)<\/p>\n<p style=\"text-align: center;\"><a href=\"https:\/\/www.farodevigo.es\/economia\/2026\/09\/03\/eric-schmidt-formaliza-creacion-sociedad-comprara-metalships-gestora-family-office-133875498.html\">Eric Schmidt formaliza la creaci\u00f3n de la sociedad que comprar\u00e1 Metalships y la vincula a su gestora del patrimonio familiar<\/a> (exclusivo suscriptores)<\/p>\n<p style=\"text-align: center;\"><a href=\"https:\/\/www.farodevigo.es\/economia\/2026\/09\/02\/otan-echa-raices-industria-viguesa-vig-sec-drone-crecer-facturacion-133865650.html\">La OTAN echa ra\u00edces en la industria viguesa: selecciona la plataforma creada por Vig-Sec Drone entre 15 proyectos a nivel mundial<\/a> (exclusivo suscriptores)<\/p>\n<p style=\"text-align: center;\">Interempresas.net<\/p>\n<p style=\"text-align: center;\"><a href=\"https:\/\/www.interempresas.net\/construccion-naval\/661267-Entrevista-a-Jose-Luis-Trillo-Mariscal-CEO-de-Atridel.html\">Entrevista a Jos\u00e9 Luis Trillo Mariscal, CEO de Atridel<\/a><\/p>\n<p style=\"text-align: center;\">Atl\u00e1ntico Diario<\/p>\n<p style=\"text-align: center;\"><a href=\"https:\/\/www.atlantico.net\/economia\/cardama-demanda-uruguay-rescindir-contrato_1_20260902-4400546.html\">Cardama demanda a Uruguay por rescindir el contrato de dos buques para la Armada<\/a><\/p>\n<p style=\"text-align: center;\"><a href=\"https:\/\/www.atlantico.net\/economia\/otan-elige-vig-sec-drone_1_20260902-4399923.html\">La nigranesa Vig-Sec Drone acceder\u00e1 a proyectos de Defensa de los pa\u00edses de la OTAN<\/a><\/p>\n<p style=\"text-align: center;\">Vigoe.es<\/p>\n<p style=\"text-align: center;\"><a href=\"https:\/\/www.vigoe.es\/vigo\/economia\/la-otan-elige-a-vig-sec-drone-para-participar-en-una-aceleradora-de-innovacion-en-defensa\/\">La OTAN elige a Vig-Sec Drone para participar en una aceleradora de innovaci\u00f3n en defensa<\/a><\/p>\n<p style=\"text-align: center;\">Galicia \u00c1rtabra Digital<\/p>\n<p style=\"text-align: center;\"><a href=\"https:\/\/galiciaartabra.es\/archivos\/428650\">Conferencia en el Museo Naval de Ferrol del Dr. En Historia y Acad\u00e9mico Francisco Conde Mora por el 250 Aniversario de EEUU<\/a><\/p>\n<\/td>\n<\/tr>\n<\/tbody>\n<\/table>\n","protected":false},"excerpt":{"rendered":"<p>Jueves 3 La Voz de Galicia Asime refuerza en Hamburgo la proyecci\u00f3n internacional de la industria naval gallega El astillero vigu\u00e9s Cardama conf\u00eda en cobrar los 82 millones del contrato de las patrulleras que&#46;&#46;&#46;<\/p>\n","protected":false},"author":2,"featured_media":4886,"comment_status":"closed","ping_status":"closed","sticky":false,"template":"","format":"standard","meta":{"om_disable_all_campaigns":false,"_monsterinsights_skip_tracking":false,"footnotes":""},"categories":[3],"tags":[49,43,47],"class_list":["post-10736","post","type-post","status-publish","format-standard","has-post-thumbnail","hentry","category-noticias-gl-es","tag-ingenieros-navales-galicia","tag-noticias-galicia","tag-sector-naval-en-galicia"],"aioseo_notices":[],"aioseo_head":"\n\t\t<!-- All in One SEO 5.0.1.1 - aioseo.com -->\n\t<meta name=\"description\" content=\"Jueves 3 La Voz de Galicia Asime refuerza en Hamburgo la proyecci\u00f3n internacional de la industria naval gallega El astillero vigu\u00e9s Cardama conf\u00eda en cobrar los 82 millones del contrato de las patrulleras que Uruguay rescindi\u00f3 con \u201cmala fe\u201d Industrias Pesqueras West Sea, the Portuguese leader moves up a gear with a new repair dock\" \/>\n\t<meta name=\"robots\" content=\"max-image-preview:large\" \/>\n\t<meta name=\"author\" content=\"Delegaci\u00f3n Galicia\"\/>\n\t<meta name=\"google-site-verification\" content=\"7brmUOAwEmVOzDsnJ9q5QE6pLdw6wH0XiigUsr1GV5s\" \/>\n\t<link rel=\"canonical\" href=\"https:\/\/galicia.ingenierosnavales.com\/index.php\/2026\/09\/03\/noticias-sobre-el-sector-naval-en-galicia-3-septiembre-2026\/\" \/>\n\t<meta name=\"generator\" content=\"All in One SEO (AIOSEO) 5.0.1.1\" \/>\n\t\t<meta property=\"og:locale\" content=\"es_ES\" \/>\n\t\t<meta property=\"og:site_name\" content=\"Delegaci\u00f3n del COIN en Galicia -  -\" \/>\n\t\t<meta property=\"og:type\" content=\"article\" \/>\n\t\t<meta property=\"og:title\" content=\"Noticias sobre el sector naval en Galicia. 3\/septiembre\/2026 - Delegaci\u00f3n del COIN en Galicia -\" \/>\n\t\t<meta property=\"og:description\" content=\"Jueves 3 La Voz de Galicia Asime refuerza en Hamburgo la proyecci\u00f3n internacional de la industria naval gallega El astillero vigu\u00e9s Cardama conf\u00eda en cobrar los 82 millones del contrato de las patrulleras que Uruguay rescindi\u00f3 con \u201cmala fe\u201d Industrias Pesqueras West Sea, the Portuguese leader moves up a gear with a new repair dock\" \/>\n\t\t<meta property=\"og:url\" content=\"https:\/\/galicia.ingenierosnavales.com\/index.php\/2026\/09\/03\/noticias-sobre-el-sector-naval-en-galicia-3-septiembre-2026\/\" \/>\n\t\t<meta property=\"og:image\" content=\"https:\/\/galicia.ingenierosnavales.com\/wp-content\/uploads\/2025\/03\/LOGO-GALICIA.png\" \/>\n\t\t<meta property=\"og:image:secure_url\" content=\"https:\/\/galicia.ingenierosnavales.com\/wp-content\/uploads\/2025\/03\/LOGO-GALICIA.png\" \/>\n\t\t<meta property=\"og:image:width\" content=\"1050\" \/>\n\t\t<meta property=\"og:image:height\" content=\"600\" \/>\n\t\t<meta property=\"article:published_time\" content=\"2026-09-03T06:33:57+00:00\" \/>\n\t\t<meta property=\"article:modified_time\" content=\"2026-09-03T06:33:57+00:00\" \/>\n\t\t<meta property=\"article:publisher\" content=\"https:\/\/facebook.com\/Ingenieros Navales Galicia\" \/>\n\t\t<meta name=\"twitter:card\" content=\"summary_large_image\" \/>\n\t\t<meta name=\"twitter:site\" content=\"@Ingenieros%20Navales%20Galicia\" \/>\n\t\t<meta name=\"twitter:title\" content=\"Noticias sobre el sector naval en Galicia. 3\/septiembre\/2026 - Delegaci\u00f3n del COIN en Galicia -\" \/>\n\t\t<meta name=\"twitter:description\" content=\"Jueves 3 La Voz de Galicia Asime refuerza en Hamburgo la proyecci\u00f3n internacional de la industria naval gallega El astillero vigu\u00e9s Cardama conf\u00eda en cobrar los 82 millones del contrato de las patrulleras que Uruguay rescindi\u00f3 con \u201cmala fe\u201d Industrias Pesqueras West Sea, the Portuguese leader moves up a gear with a new repair dock\" \/>\n\t\t<meta name=\"twitter:creator\" content=\"@Ingenieros%20Navales%20Galicia\" \/>\n\t\t<meta name=\"twitter:image\" content=\"https:\/\/galicia.ingenierosnavales.com\/wp-content\/uploads\/2025\/03\/LOGO-GALICIA.png\" \/>\n\t\t<script type=\"application\/ld+json\" class=\"aioseo-schema\">\n\t\t\t{\"@context\":\"https:\\\/\\\/schema.org\",\"@graph\":[{\"@type\":\"BlogPosting\",\"@id\":\"https:\\\/\\\/galicia.ingenierosnavales.com\\\/index.php\\\/2026\\\/09\\\/03\\\/noticias-sobre-el-sector-naval-en-galicia-3-septiembre-2026\\\/#blogposting\",\"name\":\"Noticias sobre el sector naval en Galicia. 3\\\/septiembre\\\/2026 - Delegaci\\u00f3n del COIN en Galicia -\",\"headline\":\"Noticias sobre el sector naval en Galicia. 3\\\/septiembre\\\/2026\",\"author\":{\"@id\":\"https:\\\/\\\/galicia.ingenierosnavales.com\\\/index.php\\\/author\\\/galicia\\\/#author\"},\"publisher\":{\"@id\":\"https:\\\/\\\/galicia.ingenierosnavales.com\\\/#organization\"},\"image\":{\"@type\":\"ImageObject\",\"url\":\"https:\\\/\\\/galicia.ingenierosnavales.com\\\/wp-content\\\/uploads\\\/2023\\\/04\\\/Morning-news-1.png\",\"width\":700,\"height\":700},\"datePublished\":\"2026-09-03T06:33:57+00:00\",\"dateModified\":\"2026-09-03T06:33:57+00:00\",\"inLanguage\":\"es-ES\",\"mainEntityOfPage\":{\"@id\":\"https:\\\/\\\/galicia.ingenierosnavales.com\\\/index.php\\\/2026\\\/09\\\/03\\\/noticias-sobre-el-sector-naval-en-galicia-3-septiembre-2026\\\/#webpage\"},\"isPartOf\":{\"@id\":\"https:\\\/\\\/galicia.ingenierosnavales.com\\\/index.php\\\/2026\\\/09\\\/03\\\/noticias-sobre-el-sector-naval-en-galicia-3-septiembre-2026\\\/#webpage\"},\"articleSection\":\"Noticias, Ingenieros Navales Galicia, Noticias Galicia, sector naval en Galicia, Espa\\u00f1ol\"},{\"@type\":\"BreadcrumbList\",\"@id\":\"https:\\\/\\\/galicia.ingenierosnavales.com\\\/index.php\\\/2026\\\/09\\\/03\\\/noticias-sobre-el-sector-naval-en-galicia-3-septiembre-2026\\\/#breadcrumblist\",\"itemListElement\":[{\"@type\":\"ListItem\",\"@id\":\"https:\\\/\\\/galicia.ingenierosnavales.com#listItem\",\"position\":1,\"name\":\"Home\",\"item\":\"https:\\\/\\\/galicia.ingenierosnavales.com\",\"nextItem\":{\"@type\":\"ListItem\",\"@id\":\"https:\\\/\\\/galicia.ingenierosnavales.com\\\/index.php\\\/category\\\/noticias-gl-es\\\/#listItem\",\"name\":\"Noticias\"}},{\"@type\":\"ListItem\",\"@id\":\"https:\\\/\\\/galicia.ingenierosnavales.com\\\/index.php\\\/category\\\/noticias-gl-es\\\/#listItem\",\"position\":2,\"name\":\"Noticias\",\"item\":\"https:\\\/\\\/galicia.ingenierosnavales.com\\\/index.php\\\/category\\\/noticias-gl-es\\\/\",\"nextItem\":{\"@type\":\"ListItem\",\"@id\":\"https:\\\/\\\/galicia.ingenierosnavales.com\\\/index.php\\\/2026\\\/09\\\/03\\\/noticias-sobre-el-sector-naval-en-galicia-3-septiembre-2026\\\/#listItem\",\"name\":\"Noticias sobre el sector naval en Galicia. 3\\\/septiembre\\\/2026\"},\"previousItem\":{\"@type\":\"ListItem\",\"@id\":\"https:\\\/\\\/galicia.ingenierosnavales.com#listItem\",\"name\":\"Home\"}},{\"@type\":\"ListItem\",\"@id\":\"https:\\\/\\\/galicia.ingenierosnavales.com\\\/index.php\\\/2026\\\/09\\\/03\\\/noticias-sobre-el-sector-naval-en-galicia-3-septiembre-2026\\\/#listItem\",\"position\":3,\"name\":\"Noticias sobre el sector naval en Galicia. 3\\\/septiembre\\\/2026\",\"previousItem\":{\"@type\":\"ListItem\",\"@id\":\"https:\\\/\\\/galicia.ingenierosnavales.com\\\/index.php\\\/category\\\/noticias-gl-es\\\/#listItem\",\"name\":\"Noticias\"}}]},{\"@type\":\"Organization\",\"@id\":\"https:\\\/\\\/galicia.ingenierosnavales.com\\\/#organization\",\"name\":\"Delegaci\\u00f3n del COIN en Galicia -\",\"url\":\"https:\\\/\\\/galicia.ingenierosnavales.com\\\/\",\"telephone\":\"+34604068370\",\"logo\":{\"@type\":\"ImageObject\",\"url\":\"https:\\\/\\\/galicia.ingenierosnavales.com\\\/wp-content\\\/uploads\\\/2019\\\/09\\\/logo_2-1.png\",\"@id\":\"https:\\\/\\\/galicia.ingenierosnavales.com\\\/index.php\\\/2026\\\/09\\\/03\\\/noticias-sobre-el-sector-naval-en-galicia-3-septiembre-2026\\\/#organizationLogo\",\"width\":240,\"height\":94},\"image\":{\"@id\":\"https:\\\/\\\/galicia.ingenierosnavales.com\\\/index.php\\\/2026\\\/09\\\/03\\\/noticias-sobre-el-sector-naval-en-galicia-3-septiembre-2026\\\/#organizationLogo\"},\"sameAs\":[\"https:\\\/\\\/facebook.com\\\/Ingenieros Navales Galicia\",\"https:\\\/\\\/x.com\\\/Ingenieros Navales Galicia\",\"https:\\\/\\\/instagram.com\\\/Ingenieros Navales Galicia\",\"https:\\\/\\\/tiktok.com\\\/@Ingenieros Navales Galicia\",\"https:\\\/\\\/pinterest.com\\\/Ingenieros Navales Galicia\",\"https:\\\/\\\/youtube.com\\\/Ingenieros Navales Galicia\",\"https:\\\/\\\/linkedin.com\\\/in\\\/Ingenieros Navales Galicia\"]},{\"@type\":\"Person\",\"@id\":\"https:\\\/\\\/galicia.ingenierosnavales.com\\\/index.php\\\/author\\\/galicia\\\/#author\",\"url\":\"https:\\\/\\\/galicia.ingenierosnavales.com\\\/index.php\\\/author\\\/galicia\\\/\",\"name\":\"Delegaci\\u00f3n Galicia\",\"image\":{\"@type\":\"ImageObject\",\"@id\":\"https:\\\/\\\/galicia.ingenierosnavales.com\\\/index.php\\\/2026\\\/09\\\/03\\\/noticias-sobre-el-sector-naval-en-galicia-3-septiembre-2026\\\/#authorImage\",\"url\":\"https:\\\/\\\/secure.gravatar.com\\\/avatar\\\/784387c8ee70f0747950d2413aa515282183abc3726ddcd1d89e0d4fccc292b5?s=96&d=mm&r=g\",\"width\":96,\"height\":96,\"caption\":\"Delegaci\\u00f3n Galicia\"}},{\"@type\":\"WebPage\",\"@id\":\"https:\\\/\\\/galicia.ingenierosnavales.com\\\/index.php\\\/2026\\\/09\\\/03\\\/noticias-sobre-el-sector-naval-en-galicia-3-septiembre-2026\\\/#webpage\",\"url\":\"https:\\\/\\\/galicia.ingenierosnavales.com\\\/index.php\\\/2026\\\/09\\\/03\\\/noticias-sobre-el-sector-naval-en-galicia-3-septiembre-2026\\\/\",\"name\":\"Noticias sobre el sector naval en Galicia. 3\\\/septiembre\\\/2026 - Delegaci\\u00f3n del COIN en Galicia -\",\"description\":\"Jueves 3 La Voz de Galicia Asime refuerza en Hamburgo la proyecci\\u00f3n internacional de la industria naval gallega El astillero vigu\\u00e9s Cardama conf\\u00eda en cobrar los 82 millones del contrato de las patrulleras que Uruguay rescindi\\u00f3 con \\u201cmala fe\\u201d Industrias Pesqueras West Sea, the Portuguese leader moves up a gear with a new repair dock\",\"inLanguage\":\"es-ES\",\"isPartOf\":{\"@id\":\"https:\\\/\\\/galicia.ingenierosnavales.com\\\/#website\"},\"breadcrumb\":{\"@id\":\"https:\\\/\\\/galicia.ingenierosnavales.com\\\/index.php\\\/2026\\\/09\\\/03\\\/noticias-sobre-el-sector-naval-en-galicia-3-septiembre-2026\\\/#breadcrumblist\"},\"author\":{\"@id\":\"https:\\\/\\\/galicia.ingenierosnavales.com\\\/index.php\\\/author\\\/galicia\\\/#author\"},\"creator\":{\"@id\":\"https:\\\/\\\/galicia.ingenierosnavales.com\\\/index.php\\\/author\\\/galicia\\\/#author\"},\"image\":{\"@type\":\"ImageObject\",\"url\":\"https:\\\/\\\/galicia.ingenierosnavales.com\\\/wp-content\\\/uploads\\\/2023\\\/04\\\/Morning-news-1.png\",\"@id\":\"https:\\\/\\\/galicia.ingenierosnavales.com\\\/index.php\\\/2026\\\/09\\\/03\\\/noticias-sobre-el-sector-naval-en-galicia-3-septiembre-2026\\\/#mainImage\",\"width\":700,\"height\":700},\"primaryImageOfPage\":{\"@id\":\"https:\\\/\\\/galicia.ingenierosnavales.com\\\/index.php\\\/2026\\\/09\\\/03\\\/noticias-sobre-el-sector-naval-en-galicia-3-septiembre-2026\\\/#mainImage\"},\"datePublished\":\"2026-09-03T06:33:57+00:00\",\"dateModified\":\"2026-09-03T06:33:57+00:00\"},{\"@type\":\"WebSite\",\"@id\":\"https:\\\/\\\/galicia.ingenierosnavales.com\\\/#website\",\"url\":\"https:\\\/\\\/galicia.ingenierosnavales.com\\\/\",\"name\":\"Delegaci\\u00f3n del COIN en Galicia -\",\"inLanguage\":\"es-ES\",\"publisher\":{\"@id\":\"https:\\\/\\\/galicia.ingenierosnavales.com\\\/#organization\"}}]}\n\t\t<\/script>\n\t\t<!-- All in One SEO -->\n\n","aioseo_head_json":{"title":"Noticias sobre el sector naval en Galicia. 3\/septiembre\/2026 - Delegaci\u00f3n del COIN en Galicia -","description":"Jueves 3 La Voz de Galicia Asime refuerza en Hamburgo la proyecci\u00f3n internacional de la industria naval gallega El astillero vigu\u00e9s Cardama conf\u00eda en cobrar los 82 millones del contrato de las patrulleras que Uruguay rescindi\u00f3 con \u201cmala fe\u201d Industrias Pesqueras West Sea, the Portuguese leader moves up a gear with a new repair dock","canonical_url":"https:\/\/galicia.ingenierosnavales.com\/index.php\/2026\/09\/03\/noticias-sobre-el-sector-naval-en-galicia-3-septiembre-2026\/","robots":"max-image-preview:large","keywords":"","webmasterTools":{"google-site-verification":"7brmUOAwEmVOzDsnJ9q5QE6pLdw6wH0XiigUsr1GV5s","miscellaneous":""},"schema":{"@context":"https:\/\/schema.org","@graph":[{"@type":"BlogPosting","@id":"https:\/\/galicia.ingenierosnavales.com\/index.php\/2026\/09\/03\/noticias-sobre-el-sector-naval-en-galicia-3-septiembre-2026\/#blogposting","name":"Noticias sobre el sector naval en Galicia. 3\/septiembre\/2026 - Delegaci\u00f3n del COIN en Galicia -","headline":"Noticias sobre el sector naval en Galicia. 3\/septiembre\/2026","author":{"@id":"https:\/\/galicia.ingenierosnavales.com\/index.php\/author\/galicia\/#author"},"publisher":{"@id":"https:\/\/galicia.ingenierosnavales.com\/#organization"},"image":{"@type":"ImageObject","url":"https:\/\/galicia.ingenierosnavales.com\/wp-content\/uploads\/2023\/04\/Morning-news-1.png","width":700,"height":700},"datePublished":"2026-09-03T06:33:57+00:00","dateModified":"2026-09-03T06:33:57+00:00","inLanguage":"es-ES","mainEntityOfPage":{"@id":"https:\/\/galicia.ingenierosnavales.com\/index.php\/2026\/09\/03\/noticias-sobre-el-sector-naval-en-galicia-3-septiembre-2026\/#webpage"},"isPartOf":{"@id":"https:\/\/galicia.ingenierosnavales.com\/index.php\/2026\/09\/03\/noticias-sobre-el-sector-naval-en-galicia-3-septiembre-2026\/#webpage"},"articleSection":"Noticias, Ingenieros Navales Galicia, Noticias Galicia, sector naval en Galicia, Espa\u00f1ol"},{"@type":"BreadcrumbList","@id":"https:\/\/galicia.ingenierosnavales.com\/index.php\/2026\/09\/03\/noticias-sobre-el-sector-naval-en-galicia-3-septiembre-2026\/#breadcrumblist","itemListElement":[{"@type":"ListItem","@id":"https:\/\/galicia.ingenierosnavales.com#listItem","position":1,"name":"Home","item":"https:\/\/galicia.ingenierosnavales.com","nextItem":{"@type":"ListItem","@id":"https:\/\/galicia.ingenierosnavales.com\/index.php\/category\/noticias-gl-es\/#listItem","name":"Noticias"}},{"@type":"ListItem","@id":"https:\/\/galicia.ingenierosnavales.com\/index.php\/category\/noticias-gl-es\/#listItem","position":2,"name":"Noticias","item":"https:\/\/galicia.ingenierosnavales.com\/index.php\/category\/noticias-gl-es\/","nextItem":{"@type":"ListItem","@id":"https:\/\/galicia.ingenierosnavales.com\/index.php\/2026\/09\/03\/noticias-sobre-el-sector-naval-en-galicia-3-septiembre-2026\/#listItem","name":"Noticias sobre el sector naval en Galicia. 3\/septiembre\/2026"},"previousItem":{"@type":"ListItem","@id":"https:\/\/galicia.ingenierosnavales.com#listItem","name":"Home"}},{"@type":"ListItem","@id":"https:\/\/galicia.ingenierosnavales.com\/index.php\/2026\/09\/03\/noticias-sobre-el-sector-naval-en-galicia-3-septiembre-2026\/#listItem","position":3,"name":"Noticias sobre el sector naval en Galicia. 3\/septiembre\/2026","previousItem":{"@type":"ListItem","@id":"https:\/\/galicia.ingenierosnavales.com\/index.php\/category\/noticias-gl-es\/#listItem","name":"Noticias"}}]},{"@type":"Organization","@id":"https:\/\/galicia.ingenierosnavales.com\/#organization","name":"Delegaci\u00f3n del COIN en Galicia -","url":"https:\/\/galicia.ingenierosnavales.com\/","telephone":"+34604068370","logo":{"@type":"ImageObject","url":"https:\/\/galicia.ingenierosnavales.com\/wp-content\/uploads\/2019\/09\/logo_2-1.png","@id":"https:\/\/galicia.ingenierosnavales.com\/index.php\/2026\/09\/03\/noticias-sobre-el-sector-naval-en-galicia-3-septiembre-2026\/#organizationLogo","width":240,"height":94},"image":{"@id":"https:\/\/galicia.ingenierosnavales.com\/index.php\/2026\/09\/03\/noticias-sobre-el-sector-naval-en-galicia-3-septiembre-2026\/#organizationLogo"},"sameAs":["https:\/\/facebook.com\/Ingenieros Navales Galicia","https:\/\/x.com\/Ingenieros Navales Galicia","https:\/\/instagram.com\/Ingenieros Navales Galicia","https:\/\/tiktok.com\/@Ingenieros Navales Galicia","https:\/\/pinterest.com\/Ingenieros Navales Galicia","https:\/\/youtube.com\/Ingenieros Navales Galicia","https:\/\/linkedin.com\/in\/Ingenieros Navales Galicia"]},{"@type":"Person","@id":"https:\/\/galicia.ingenierosnavales.com\/index.php\/author\/galicia\/#author","url":"https:\/\/galicia.ingenierosnavales.com\/index.php\/author\/galicia\/","name":"Delegaci\u00f3n Galicia","image":{"@type":"ImageObject","@id":"https:\/\/galicia.ingenierosnavales.com\/index.php\/2026\/09\/03\/noticias-sobre-el-sector-naval-en-galicia-3-septiembre-2026\/#authorImage","url":"https:\/\/secure.gravatar.com\/avatar\/784387c8ee70f0747950d2413aa515282183abc3726ddcd1d89e0d4fccc292b5?s=96&d=mm&r=g","width":96,"height":96,"caption":"Delegaci\u00f3n Galicia"}},{"@type":"WebPage","@id":"https:\/\/galicia.ingenierosnavales.com\/index.php\/2026\/09\/03\/noticias-sobre-el-sector-naval-en-galicia-3-septiembre-2026\/#webpage","url":"https:\/\/galicia.ingenierosnavales.com\/index.php\/2026\/09\/03\/noticias-sobre-el-sector-naval-en-galicia-3-septiembre-2026\/","name":"Noticias sobre el sector naval en Galicia. 3\/septiembre\/2026 - Delegaci\u00f3n del COIN en Galicia -","description":"Jueves 3 La Voz de Galicia Asime refuerza en Hamburgo la proyecci\u00f3n internacional de la industria naval gallega El astillero vigu\u00e9s Cardama conf\u00eda en cobrar los 82 millones del contrato de las patrulleras que Uruguay rescindi\u00f3 con \u201cmala fe\u201d Industrias Pesqueras West Sea, the Portuguese leader moves up a gear with a new repair dock","inLanguage":"es-ES","isPartOf":{"@id":"https:\/\/galicia.ingenierosnavales.com\/#website"},"breadcrumb":{"@id":"https:\/\/galicia.ingenierosnavales.com\/index.php\/2026\/09\/03\/noticias-sobre-el-sector-naval-en-galicia-3-septiembre-2026\/#breadcrumblist"},"author":{"@id":"https:\/\/galicia.ingenierosnavales.com\/index.php\/author\/galicia\/#author"},"creator":{"@id":"https:\/\/galicia.ingenierosnavales.com\/index.php\/author\/galicia\/#author"},"image":{"@type":"ImageObject","url":"https:\/\/galicia.ingenierosnavales.com\/wp-content\/uploads\/2023\/04\/Morning-news-1.png","@id":"https:\/\/galicia.ingenierosnavales.com\/index.php\/2026\/09\/03\/noticias-sobre-el-sector-naval-en-galicia-3-septiembre-2026\/#mainImage","width":700,"height":700},"primaryImageOfPage":{"@id":"https:\/\/galicia.ingenierosnavales.com\/index.php\/2026\/09\/03\/noticias-sobre-el-sector-naval-en-galicia-3-septiembre-2026\/#mainImage"},"datePublished":"2026-09-03T06:33:57+00:00","dateModified":"2026-09-03T06:33:57+00:00"},{"@type":"WebSite","@id":"https:\/\/galicia.ingenierosnavales.com\/#website","url":"https:\/\/galicia.ingenierosnavales.com\/","name":"Delegaci\u00f3n del COIN en Galicia -","inLanguage":"es-ES","publisher":{"@id":"https:\/\/galicia.ingenierosnavales.com\/#organization"}}]},"og:locale":"es_ES","og:site_name":"Delegaci\u00f3n del COIN en Galicia -  -","og:type":"article","og:title":"Noticias sobre el sector naval en Galicia. 3\/septiembre\/2026 - Delegaci\u00f3n del COIN en Galicia -","og:description":"Jueves 3 La Voz de Galicia Asime refuerza en Hamburgo la proyecci\u00f3n internacional de la industria naval gallega El astillero vigu\u00e9s Cardama conf\u00eda en cobrar los 82 millones del contrato de las patrulleras que Uruguay rescindi\u00f3 con \u201cmala fe\u201d Industrias Pesqueras West Sea, the Portuguese leader moves up a gear with a new repair dock","og:url":"https:\/\/galicia.ingenierosnavales.com\/index.php\/2026\/09\/03\/noticias-sobre-el-sector-naval-en-galicia-3-septiembre-2026\/","og:image":"https:\/\/galicia.ingenierosnavales.com\/wp-content\/uploads\/2025\/03\/LOGO-GALICIA.png","og:image:secure_url":"https:\/\/galicia.ingenierosnavales.com\/wp-content\/uploads\/2025\/03\/LOGO-GALICIA.png","og:image:width":1050,"og:image:height":600,"article:published_time":"2026-09-03T06:33:57+00:00","article:modified_time":"2026-09-03T06:33:57+00:00","article:publisher":"https:\/\/facebook.com\/Ingenieros Navales Galicia","twitter:card":"summary_large_image","twitter:site":"@Ingenieros%20Navales%20Galicia","twitter:title":"Noticias sobre el sector naval en Galicia. 3\/septiembre\/2026 - Delegaci\u00f3n del COIN en Galicia -","twitter:description":"Jueves 3 La Voz de Galicia Asime refuerza en Hamburgo la proyecci\u00f3n internacional de la industria naval gallega El astillero vigu\u00e9s Cardama conf\u00eda en cobrar los 82 millones del contrato de las patrulleras que Uruguay rescindi\u00f3 con \u201cmala fe\u201d Industrias Pesqueras West Sea, the Portuguese leader moves up a gear with a new repair dock","twitter:creator":"@Ingenieros%20Navales%20Galicia","twitter:image":"https:\/\/galicia.ingenierosnavales.com\/wp-content\/uploads\/2025\/03\/LOGO-GALICIA.png"},"aioseo_meta_data":{"post_id":"10736","title":null,"description":null,"keywords":null,"keyphrases":{"focus":{"keyphrase":"","score":0,"analysis":{"keyphraseInTitle":{"score":0,"maxScore":9,"error":1}}},"additional":[]},"primary_term":null,"canonical_url":null,"og_title":null,"og_description":null,"og_object_type":"default","og_image_type":"default","og_image_url":null,"og_image_width":null,"og_image_height":null,"og_image_custom_url":null,"og_image_custom_fields":null,"og_video":"","og_custom_url":null,"og_article_section":null,"og_article_tags":null,"twitter_use_og":false,"twitter_card":"default","twitter_image_type":"default","twitter_image_url":null,"twitter_image_custom_url":null,"twitter_image_custom_fields":null,"twitter_title":null,"twitter_description":null,"schema":{"blockGraphs":[],"customGraphs":[],"default":{"data":{"Article":[],"Course":[],"Dataset":[],"FAQPage":[],"Movie":[],"Person":[],"Product":[],"ProductReview":[],"Car":[],"Recipe":[],"Service":[],"SoftwareApplication":[],"WebPage":[]},"graphName":"BlogPosting","isEnabled":true},"graphs":[]},"schema_type":"default","schema_type_options":null,"pillar_content":false,"robots_default":true,"robots_noindex":false,"robots_noarchive":false,"robots_nosnippet":false,"robots_nofollow":false,"robots_noimageindex":false,"robots_noodp":false,"robots_notranslate":false,"robots_max_snippet":"-1","robots_max_videopreview":"-1","robots_max_imagepreview":"large","priority":null,"frequency":"default","local_seo":null,"limit_modified_date":false,"created":"2026-09-03 06:33:58","updated":"2026-09-03 06:33:58","ai":{"faqs":[],"keyPoints":[],"schemas":[],"titles":[],"descriptions":[],"socialPosts":{"email":{"subject":"","preview":"","content":""},"linkedin":[],"twitter":[],"facebook":[],"instagram":[]}},"breadcrumb_settings":null,"seo_analyzer_scan_date":null,"focus_keyword":null,"additional_keywords":null,"truseo_locale":null},"aioseo_breadcrumb":"<div class=\"aioseo-breadcrumbs\"><span class=\"aioseo-breadcrumb\">\n\t\t\t<a href=\"https:\/\/galicia.ingenierosnavales.com\" title=\"Home\">Home<\/a>\n\t\t<\/span><span class=\"aioseo-breadcrumb-separator\">&raquo;<\/span><span class=\"aioseo-breadcrumb\">\n\t\t\t<a href=\"https:\/\/galicia.ingenierosnavales.com\/index.php\/category\/noticias-gl-es\/\" title=\"Noticias\">Noticias<\/a>\n\t\t<\/span><span class=\"aioseo-breadcrumb-separator\">&raquo;<\/span><span class=\"aioseo-breadcrumb\">\n\t\t\tNoticias sobre el sector naval en Galicia. 3\/septiembre\/2026\n\t\t<\/span><\/div>","aioseo_breadcrumb_json":[{"label":"Home","link":"https:\/\/galicia.ingenierosnavales.com"},{"label":"Noticias","link":"https:\/\/galicia.ingenierosnavales.com\/index.php\/category\/noticias-gl-es\/"},{"label":"Noticias sobre el sector naval en Galicia. 3\/septiembre\/2026","link":"https:\/\/galicia.ingenierosnavales.com\/index.php\/2026\/09\/03\/noticias-sobre-el-sector-naval-en-galicia-3-septiembre-2026\/"}],"_links":{"self":[{"href":"https:\/\/galicia.ingenierosnavales.com\/index.php\/wp-json\/wp\/v2\/posts\/10736","targetHints":{"allow":["GET"]}}],"collection":[{"href":"https:\/\/galicia.ingenierosnavales.com\/index.php\/wp-json\/wp\/v2\/posts"}],"about":[{"href":"https:\/\/galicia.ingenierosnavales.com\/index.php\/wp-json\/wp\/v2\/types\/post"}],"author":[{"embeddable":true,"href":"https:\/\/galicia.ingenierosnavales.com\/index.php\/wp-json\/wp\/v2\/users\/2"}],"replies":[{"embeddable":true,"href":"https:\/\/galicia.ingenierosnavales.com\/index.php\/wp-json\/wp\/v2\/comments?post=10736"}],"version-history":[{"count":1,"href":"https:\/\/galicia.ingenierosnavales.com\/index.php\/wp-json\/wp\/v2\/posts\/10736\/revisions"}],"predecessor-version":[{"id":10737,"href":"https:\/\/galicia.ingenierosnavales.com\/index.php\/wp-json\/wp\/v2\/posts\/10736\/revisions\/10737"}],"wp:featuredmedia":[{"embeddable":true,"href":"https:\/\/galicia.ingenierosnavales.com\/index.php\/wp-json\/wp\/v2\/media\/4886"}],"wp:attachment":[{"href":"https:\/\/galicia.ingenierosnavales.com\/index.php\/wp-json\/wp\/v2\/media?parent=10736"}],"wp:term":[{"taxonomy":"category","embeddable":true,"href":"https:\/\/galicia.ingenierosnavales.com\/index.php\/wp-json\/wp\/v2\/categories?post=10736"},{"taxonomy":"post_tag","embeddable":true,"href":"https:\/\/galicia.ingenierosnavales.com\/index.php\/wp-json\/wp\/v2\/tags?post=10736"}],"curies":[{"name":"wp","href":"https:\/\/api.w.org\/{rel}","templated":true}]}}