{"id":10734,"date":"2026-09-02T06:24:06","date_gmt":"2026-09-02T06:24:06","guid":{"rendered":"https:\/\/galicia.ingenierosnavales.com\/?p=10734"},"modified":"2026-09-02T06:24:06","modified_gmt":"2026-09-02T06:24:06","slug":"noticias-sobre-el-sector-naval-en-galicia-2-septiembre-2026","status":"publish","type":"post","link":"https:\/\/galicia.ingenierosnavales.com\/index.php\/2026\/09\/02\/noticias-sobre-el-sector-naval-en-galicia-2-septiembre-2026\/","title":{"rendered":"Noticias sobre el sector naval en Galicia. 2\/septiembre\/2026"},"content":{"rendered":"<table style=\"height: 540px;\" width=\"1214\">\n<tbody>\n<tr>\n<td width=\"1007\">\n<p style=\"text-align: center;\"><strong>Mi\u00e9rcoles 2<\/strong><\/p>\n<p style=\"text-align: center;\">La Voz de Galicia<\/p>\n<p style=\"text-align: center;\"><a href=\"https:\/\/www.lavozdegalicia.es\/noticia\/vigo\/vigo\/2026\/09\/02\/cien-duenos-lanchas-recreativas-amanaron-licencias-rias-vigo-pontevedra\/0003_202609V2C1993.htm\">Cien due\u00f1os de lanchas recreativas ama\u00f1aron sus licencias en las r\u00edas de Vigo y Pontevedra<\/a> (exclusivo suscriptores)<\/p>\n<p style=\"text-align: center;\">Vigoe.es<\/p>\n<p style=\"text-align: center;\"><a href=\"https:\/\/www.vigoe.es\/vigo\/economia\/vigo-exhibe-todo-el-potencial-del-naval-gallego-en-la-mayor-feria-mundial-que-se-celebra-en-alemania\/\">Vigo exhibe todo el potencial del naval gallego en la mayor feria mundial que se celebra en Alemania<\/a><\/p>\n<p style=\"text-align: center;\">Industrias Pesqueras<\/p>\n<p style=\"text-align: center;\"><a href=\"https:\/\/www.industriaspesqueras.com\/noticia-90930-seccion-Naval\">Asime, the strength of Galicia\u00b4s shipbuilding industry and its industrial ecosystem<\/a><\/p>\n<p style=\"text-align: center;\"><a href=\"https:\/\/www.industriaspesqueras.com\/noticia-90938-seccion-Naval\">Diversificaci\u00f3n, innovaci\u00f3n y apertura de mercados: la estrategia del naval espa\u00f1ol frente a la volatilidad global<\/a><\/p>\n<p style=\"text-align: center;\">Diario de\u00a0 Ferrol<\/p>\n<p style=\"text-align: center;\"><a href=\"https:\/\/diariodeferrol.elidealgallego.com\/ferrol\/2026-09-01\/defensa-agricultura-y-armada-prolongan-hasta-2030-su-colaboracion-en-la-gestion-del-intermares-con-base-en-ferrol-876571.html\">Defensa, Agricultura y Armada prolongan hasta 2030 su colaboraci\u00f3n en la gesti\u00f3n del \u201cIntermares\u201d, con base en Ferrol<\/a><\/p>\n<p style=\"text-align: center;\">Galicia \u00c1rtabra Digital<\/p>\n<p style=\"text-align: center;\"><a href=\"https:\/\/galiciaartabra.es\/archivos\/428364\">Defensa y Agricultura prolongan hasta 2030 su colaboraci\u00f3n para la gesti\u00f3n del Buque \u201cIntermares\u201d<\/a><\/p>\n<\/td>\n<\/tr>\n<\/tbody>\n<\/table>\n","protected":false},"excerpt":{"rendered":"<p>Mi\u00e9rcoles 2 La Voz de Galicia Cien due\u00f1os de lanchas recreativas ama\u00f1aron sus licencias en las r\u00edas de Vigo y Pontevedra (exclusivo suscriptores) Vigoe.es Vigo exhibe todo el potencial del naval gallego en la&#46;&#46;&#46;<\/p>\n","protected":false},"author":2,"featured_media":4886,"comment_status":"closed","ping_status":"closed","sticky":false,"template":"","format":"standard","meta":{"om_disable_all_campaigns":false,"_monsterinsights_skip_tracking":false,"footnotes":""},"categories":[3],"tags":[49,43,47],"class_list":["post-10734","post","type-post","status-publish","format-standard","has-post-thumbnail","hentry","category-noticias-gl-es","tag-ingenieros-navales-galicia","tag-noticias-galicia","tag-sector-naval-en-galicia"],"aioseo_notices":[],"aioseo_head":"\n\t\t<!-- All in One SEO 5.0.1.1 - aioseo.com -->\n\t<meta name=\"description\" content=\"Mi\u00e9rcoles 2 La Voz de Galicia Cien due\u00f1os de lanchas recreativas ama\u00f1aron sus licencias en las r\u00edas de Vigo y Pontevedra (exclusivo suscriptores) Vigoe.es Vigo exhibe todo el potencial del naval gallego en la mayor feria mundial que se celebra en Alemania Industrias Pesqueras Asime, the strength of Galicia\u00b4s shipbuilding industry and its industrial ecosystem\" \/>\n\t<meta name=\"robots\" content=\"max-image-preview:large\" \/>\n\t<meta name=\"author\" content=\"Delegaci\u00f3n Galicia\"\/>\n\t<meta name=\"google-site-verification\" content=\"7brmUOAwEmVOzDsnJ9q5QE6pLdw6wH0XiigUsr1GV5s\" \/>\n\t<link rel=\"canonical\" href=\"https:\/\/galicia.ingenierosnavales.com\/index.php\/2026\/09\/02\/noticias-sobre-el-sector-naval-en-galicia-2-septiembre-2026\/\" \/>\n\t<meta name=\"generator\" content=\"All in One SEO (AIOSEO) 5.0.1.1\" \/>\n\t\t<meta property=\"og:locale\" content=\"es_ES\" \/>\n\t\t<meta property=\"og:site_name\" content=\"Delegaci\u00f3n del COIN en Galicia -  -\" \/>\n\t\t<meta property=\"og:type\" content=\"article\" \/>\n\t\t<meta property=\"og:title\" content=\"Noticias sobre el sector naval en Galicia. 2\/septiembre\/2026 - Delegaci\u00f3n del COIN en Galicia -\" \/>\n\t\t<meta property=\"og:description\" content=\"Mi\u00e9rcoles 2 La Voz de Galicia Cien due\u00f1os de lanchas recreativas ama\u00f1aron sus licencias en las r\u00edas de Vigo y Pontevedra (exclusivo suscriptores) Vigoe.es Vigo exhibe todo el potencial del naval gallego en la mayor feria mundial que se celebra en Alemania Industrias Pesqueras Asime, the strength of Galicia\u00b4s shipbuilding industry and its industrial ecosystem\" \/>\n\t\t<meta property=\"og:url\" content=\"https:\/\/galicia.ingenierosnavales.com\/index.php\/2026\/09\/02\/noticias-sobre-el-sector-naval-en-galicia-2-septiembre-2026\/\" \/>\n\t\t<meta property=\"og:image\" content=\"https:\/\/galicia.ingenierosnavales.com\/wp-content\/uploads\/2025\/03\/LOGO-GALICIA.png\" \/>\n\t\t<meta property=\"og:image:secure_url\" content=\"https:\/\/galicia.ingenierosnavales.com\/wp-content\/uploads\/2025\/03\/LOGO-GALICIA.png\" \/>\n\t\t<meta property=\"og:image:width\" content=\"1050\" \/>\n\t\t<meta property=\"og:image:height\" content=\"600\" \/>\n\t\t<meta property=\"article:published_time\" content=\"2026-09-02T06:24:06+00:00\" \/>\n\t\t<meta property=\"article:modified_time\" content=\"2026-09-02T06:24:06+00:00\" \/>\n\t\t<meta property=\"article:publisher\" content=\"https:\/\/facebook.com\/Ingenieros Navales Galicia\" \/>\n\t\t<meta name=\"twitter:card\" content=\"summary_large_image\" \/>\n\t\t<meta name=\"twitter:site\" content=\"@Ingenieros%20Navales%20Galicia\" \/>\n\t\t<meta name=\"twitter:title\" content=\"Noticias sobre el sector naval en Galicia. 2\/septiembre\/2026 - Delegaci\u00f3n del COIN en Galicia -\" \/>\n\t\t<meta name=\"twitter:description\" content=\"Mi\u00e9rcoles 2 La Voz de Galicia Cien due\u00f1os de lanchas recreativas ama\u00f1aron sus licencias en las r\u00edas de Vigo y Pontevedra (exclusivo suscriptores) Vigoe.es Vigo exhibe todo el potencial del naval gallego en la mayor feria mundial que se celebra en Alemania Industrias Pesqueras Asime, the strength of Galicia\u00b4s shipbuilding industry and its industrial ecosystem\" \/>\n\t\t<meta name=\"twitter:creator\" content=\"@Ingenieros%20Navales%20Galicia\" \/>\n\t\t<meta name=\"twitter:image\" content=\"https:\/\/galicia.ingenierosnavales.com\/wp-content\/uploads\/2025\/03\/LOGO-GALICIA.png\" \/>\n\t\t<script type=\"application\/ld+json\" class=\"aioseo-schema\">\n\t\t\t{\"@context\":\"https:\\\/\\\/schema.org\",\"@graph\":[{\"@type\":\"BlogPosting\",\"@id\":\"https:\\\/\\\/galicia.ingenierosnavales.com\\\/index.php\\\/2026\\\/09\\\/02\\\/noticias-sobre-el-sector-naval-en-galicia-2-septiembre-2026\\\/#blogposting\",\"name\":\"Noticias sobre el sector naval en Galicia. 2\\\/septiembre\\\/2026 - Delegaci\\u00f3n del COIN en Galicia -\",\"headline\":\"Noticias sobre el sector naval en Galicia. 2\\\/septiembre\\\/2026\",\"author\":{\"@id\":\"https:\\\/\\\/galicia.ingenierosnavales.com\\\/index.php\\\/author\\\/galicia\\\/#author\"},\"publisher\":{\"@id\":\"https:\\\/\\\/galicia.ingenierosnavales.com\\\/#organization\"},\"image\":{\"@type\":\"ImageObject\",\"url\":\"https:\\\/\\\/galicia.ingenierosnavales.com\\\/wp-content\\\/uploads\\\/2023\\\/04\\\/Morning-news-1.png\",\"width\":700,\"height\":700},\"datePublished\":\"2026-09-02T06:24:06+00:00\",\"dateModified\":\"2026-09-02T06:24:06+00:00\",\"inLanguage\":\"es-ES\",\"mainEntityOfPage\":{\"@id\":\"https:\\\/\\\/galicia.ingenierosnavales.com\\\/index.php\\\/2026\\\/09\\\/02\\\/noticias-sobre-el-sector-naval-en-galicia-2-septiembre-2026\\\/#webpage\"},\"isPartOf\":{\"@id\":\"https:\\\/\\\/galicia.ingenierosnavales.com\\\/index.php\\\/2026\\\/09\\\/02\\\/noticias-sobre-el-sector-naval-en-galicia-2-septiembre-2026\\\/#webpage\"},\"articleSection\":\"Noticias, Ingenieros Navales Galicia, Noticias Galicia, sector naval en Galicia, Espa\\u00f1ol\"},{\"@type\":\"BreadcrumbList\",\"@id\":\"https:\\\/\\\/galicia.ingenierosnavales.com\\\/index.php\\\/2026\\\/09\\\/02\\\/noticias-sobre-el-sector-naval-en-galicia-2-septiembre-2026\\\/#breadcrumblist\",\"itemListElement\":[{\"@type\":\"ListItem\",\"@id\":\"https:\\\/\\\/galicia.ingenierosnavales.com#listItem\",\"position\":1,\"name\":\"Home\",\"item\":\"https:\\\/\\\/galicia.ingenierosnavales.com\",\"nextItem\":{\"@type\":\"ListItem\",\"@id\":\"https:\\\/\\\/galicia.ingenierosnavales.com\\\/index.php\\\/category\\\/noticias-gl-es\\\/#listItem\",\"name\":\"Noticias\"}},{\"@type\":\"ListItem\",\"@id\":\"https:\\\/\\\/galicia.ingenierosnavales.com\\\/index.php\\\/category\\\/noticias-gl-es\\\/#listItem\",\"position\":2,\"name\":\"Noticias\",\"item\":\"https:\\\/\\\/galicia.ingenierosnavales.com\\\/index.php\\\/category\\\/noticias-gl-es\\\/\",\"nextItem\":{\"@type\":\"ListItem\",\"@id\":\"https:\\\/\\\/galicia.ingenierosnavales.com\\\/index.php\\\/2026\\\/09\\\/02\\\/noticias-sobre-el-sector-naval-en-galicia-2-septiembre-2026\\\/#listItem\",\"name\":\"Noticias sobre el sector naval en Galicia. 2\\\/septiembre\\\/2026\"},\"previousItem\":{\"@type\":\"ListItem\",\"@id\":\"https:\\\/\\\/galicia.ingenierosnavales.com#listItem\",\"name\":\"Home\"}},{\"@type\":\"ListItem\",\"@id\":\"https:\\\/\\\/galicia.ingenierosnavales.com\\\/index.php\\\/2026\\\/09\\\/02\\\/noticias-sobre-el-sector-naval-en-galicia-2-septiembre-2026\\\/#listItem\",\"position\":3,\"name\":\"Noticias sobre el sector naval en Galicia. 2\\\/septiembre\\\/2026\",\"previousItem\":{\"@type\":\"ListItem\",\"@id\":\"https:\\\/\\\/galicia.ingenierosnavales.com\\\/index.php\\\/category\\\/noticias-gl-es\\\/#listItem\",\"name\":\"Noticias\"}}]},{\"@type\":\"Organization\",\"@id\":\"https:\\\/\\\/galicia.ingenierosnavales.com\\\/#organization\",\"name\":\"Delegaci\\u00f3n del COIN en Galicia -\",\"url\":\"https:\\\/\\\/galicia.ingenierosnavales.com\\\/\",\"telephone\":\"+34604068370\",\"logo\":{\"@type\":\"ImageObject\",\"url\":\"https:\\\/\\\/galicia.ingenierosnavales.com\\\/wp-content\\\/uploads\\\/2019\\\/09\\\/logo_2-1.png\",\"@id\":\"https:\\\/\\\/galicia.ingenierosnavales.com\\\/index.php\\\/2026\\\/09\\\/02\\\/noticias-sobre-el-sector-naval-en-galicia-2-septiembre-2026\\\/#organizationLogo\",\"width\":240,\"height\":94},\"image\":{\"@id\":\"https:\\\/\\\/galicia.ingenierosnavales.com\\\/index.php\\\/2026\\\/09\\\/02\\\/noticias-sobre-el-sector-naval-en-galicia-2-septiembre-2026\\\/#organizationLogo\"},\"sameAs\":[\"https:\\\/\\\/facebook.com\\\/Ingenieros Navales Galicia\",\"https:\\\/\\\/x.com\\\/Ingenieros Navales Galicia\",\"https:\\\/\\\/instagram.com\\\/Ingenieros Navales Galicia\",\"https:\\\/\\\/tiktok.com\\\/@Ingenieros Navales Galicia\",\"https:\\\/\\\/pinterest.com\\\/Ingenieros Navales Galicia\",\"https:\\\/\\\/youtube.com\\\/Ingenieros Navales Galicia\",\"https:\\\/\\\/linkedin.com\\\/in\\\/Ingenieros Navales Galicia\"]},{\"@type\":\"Person\",\"@id\":\"https:\\\/\\\/galicia.ingenierosnavales.com\\\/index.php\\\/author\\\/galicia\\\/#author\",\"url\":\"https:\\\/\\\/galicia.ingenierosnavales.com\\\/index.php\\\/author\\\/galicia\\\/\",\"name\":\"Delegaci\\u00f3n Galicia\",\"image\":{\"@type\":\"ImageObject\",\"@id\":\"https:\\\/\\\/galicia.ingenierosnavales.com\\\/index.php\\\/2026\\\/09\\\/02\\\/noticias-sobre-el-sector-naval-en-galicia-2-septiembre-2026\\\/#authorImage\",\"url\":\"https:\\\/\\\/secure.gravatar.com\\\/avatar\\\/784387c8ee70f0747950d2413aa515282183abc3726ddcd1d89e0d4fccc292b5?s=96&d=mm&r=g\",\"width\":96,\"height\":96,\"caption\":\"Delegaci\\u00f3n Galicia\"}},{\"@type\":\"WebPage\",\"@id\":\"https:\\\/\\\/galicia.ingenierosnavales.com\\\/index.php\\\/2026\\\/09\\\/02\\\/noticias-sobre-el-sector-naval-en-galicia-2-septiembre-2026\\\/#webpage\",\"url\":\"https:\\\/\\\/galicia.ingenierosnavales.com\\\/index.php\\\/2026\\\/09\\\/02\\\/noticias-sobre-el-sector-naval-en-galicia-2-septiembre-2026\\\/\",\"name\":\"Noticias sobre el sector naval en Galicia. 2\\\/septiembre\\\/2026 - Delegaci\\u00f3n del COIN en Galicia -\",\"description\":\"Mi\\u00e9rcoles 2 La Voz de Galicia Cien due\\u00f1os de lanchas recreativas ama\\u00f1aron sus licencias en las r\\u00edas de Vigo y Pontevedra (exclusivo suscriptores) Vigoe.es Vigo exhibe todo el potencial del naval gallego en la mayor feria mundial que se celebra en Alemania Industrias Pesqueras Asime, the strength of Galicia\\u00b4s shipbuilding industry and its industrial ecosystem\",\"inLanguage\":\"es-ES\",\"isPartOf\":{\"@id\":\"https:\\\/\\\/galicia.ingenierosnavales.com\\\/#website\"},\"breadcrumb\":{\"@id\":\"https:\\\/\\\/galicia.ingenierosnavales.com\\\/index.php\\\/2026\\\/09\\\/02\\\/noticias-sobre-el-sector-naval-en-galicia-2-septiembre-2026\\\/#breadcrumblist\"},\"author\":{\"@id\":\"https:\\\/\\\/galicia.ingenierosnavales.com\\\/index.php\\\/author\\\/galicia\\\/#author\"},\"creator\":{\"@id\":\"https:\\\/\\\/galicia.ingenierosnavales.com\\\/index.php\\\/author\\\/galicia\\\/#author\"},\"image\":{\"@type\":\"ImageObject\",\"url\":\"https:\\\/\\\/galicia.ingenierosnavales.com\\\/wp-content\\\/uploads\\\/2023\\\/04\\\/Morning-news-1.png\",\"@id\":\"https:\\\/\\\/galicia.ingenierosnavales.com\\\/index.php\\\/2026\\\/09\\\/02\\\/noticias-sobre-el-sector-naval-en-galicia-2-septiembre-2026\\\/#mainImage\",\"width\":700,\"height\":700},\"primaryImageOfPage\":{\"@id\":\"https:\\\/\\\/galicia.ingenierosnavales.com\\\/index.php\\\/2026\\\/09\\\/02\\\/noticias-sobre-el-sector-naval-en-galicia-2-septiembre-2026\\\/#mainImage\"},\"datePublished\":\"2026-09-02T06:24:06+00:00\",\"dateModified\":\"2026-09-02T06:24:06+00:00\"},{\"@type\":\"WebSite\",\"@id\":\"https:\\\/\\\/galicia.ingenierosnavales.com\\\/#website\",\"url\":\"https:\\\/\\\/galicia.ingenierosnavales.com\\\/\",\"name\":\"Delegaci\\u00f3n del COIN en Galicia -\",\"inLanguage\":\"es-ES\",\"publisher\":{\"@id\":\"https:\\\/\\\/galicia.ingenierosnavales.com\\\/#organization\"}}]}\n\t\t<\/script>\n\t\t<!-- All in One SEO -->\n\n","aioseo_head_json":{"title":"Noticias sobre el sector naval en Galicia. 2\/septiembre\/2026 - Delegaci\u00f3n del COIN en Galicia -","description":"Mi\u00e9rcoles 2 La Voz de Galicia Cien due\u00f1os de lanchas recreativas ama\u00f1aron sus licencias en las r\u00edas de Vigo y Pontevedra (exclusivo suscriptores) Vigoe.es Vigo exhibe todo el potencial del naval gallego en la mayor feria mundial que se celebra en Alemania Industrias Pesqueras Asime, the strength of Galicia\u00b4s shipbuilding industry and its industrial ecosystem","canonical_url":"https:\/\/galicia.ingenierosnavales.com\/index.php\/2026\/09\/02\/noticias-sobre-el-sector-naval-en-galicia-2-septiembre-2026\/","robots":"max-image-preview:large","keywords":"","webmasterTools":{"google-site-verification":"7brmUOAwEmVOzDsnJ9q5QE6pLdw6wH0XiigUsr1GV5s","miscellaneous":""},"schema":{"@context":"https:\/\/schema.org","@graph":[{"@type":"BlogPosting","@id":"https:\/\/galicia.ingenierosnavales.com\/index.php\/2026\/09\/02\/noticias-sobre-el-sector-naval-en-galicia-2-septiembre-2026\/#blogposting","name":"Noticias sobre el sector naval en Galicia. 2\/septiembre\/2026 - Delegaci\u00f3n del COIN en Galicia -","headline":"Noticias sobre el sector naval en Galicia. 2\/septiembre\/2026","author":{"@id":"https:\/\/galicia.ingenierosnavales.com\/index.php\/author\/galicia\/#author"},"publisher":{"@id":"https:\/\/galicia.ingenierosnavales.com\/#organization"},"image":{"@type":"ImageObject","url":"https:\/\/galicia.ingenierosnavales.com\/wp-content\/uploads\/2023\/04\/Morning-news-1.png","width":700,"height":700},"datePublished":"2026-09-02T06:24:06+00:00","dateModified":"2026-09-02T06:24:06+00:00","inLanguage":"es-ES","mainEntityOfPage":{"@id":"https:\/\/galicia.ingenierosnavales.com\/index.php\/2026\/09\/02\/noticias-sobre-el-sector-naval-en-galicia-2-septiembre-2026\/#webpage"},"isPartOf":{"@id":"https:\/\/galicia.ingenierosnavales.com\/index.php\/2026\/09\/02\/noticias-sobre-el-sector-naval-en-galicia-2-septiembre-2026\/#webpage"},"articleSection":"Noticias, Ingenieros Navales Galicia, Noticias Galicia, sector naval en Galicia, Espa\u00f1ol"},{"@type":"BreadcrumbList","@id":"https:\/\/galicia.ingenierosnavales.com\/index.php\/2026\/09\/02\/noticias-sobre-el-sector-naval-en-galicia-2-septiembre-2026\/#breadcrumblist","itemListElement":[{"@type":"ListItem","@id":"https:\/\/galicia.ingenierosnavales.com#listItem","position":1,"name":"Home","item":"https:\/\/galicia.ingenierosnavales.com","nextItem":{"@type":"ListItem","@id":"https:\/\/galicia.ingenierosnavales.com\/index.php\/category\/noticias-gl-es\/#listItem","name":"Noticias"}},{"@type":"ListItem","@id":"https:\/\/galicia.ingenierosnavales.com\/index.php\/category\/noticias-gl-es\/#listItem","position":2,"name":"Noticias","item":"https:\/\/galicia.ingenierosnavales.com\/index.php\/category\/noticias-gl-es\/","nextItem":{"@type":"ListItem","@id":"https:\/\/galicia.ingenierosnavales.com\/index.php\/2026\/09\/02\/noticias-sobre-el-sector-naval-en-galicia-2-septiembre-2026\/#listItem","name":"Noticias sobre el sector naval en Galicia. 2\/septiembre\/2026"},"previousItem":{"@type":"ListItem","@id":"https:\/\/galicia.ingenierosnavales.com#listItem","name":"Home"}},{"@type":"ListItem","@id":"https:\/\/galicia.ingenierosnavales.com\/index.php\/2026\/09\/02\/noticias-sobre-el-sector-naval-en-galicia-2-septiembre-2026\/#listItem","position":3,"name":"Noticias sobre el sector naval en Galicia. 2\/septiembre\/2026","previousItem":{"@type":"ListItem","@id":"https:\/\/galicia.ingenierosnavales.com\/index.php\/category\/noticias-gl-es\/#listItem","name":"Noticias"}}]},{"@type":"Organization","@id":"https:\/\/galicia.ingenierosnavales.com\/#organization","name":"Delegaci\u00f3n del COIN en Galicia -","url":"https:\/\/galicia.ingenierosnavales.com\/","telephone":"+34604068370","logo":{"@type":"ImageObject","url":"https:\/\/galicia.ingenierosnavales.com\/wp-content\/uploads\/2019\/09\/logo_2-1.png","@id":"https:\/\/galicia.ingenierosnavales.com\/index.php\/2026\/09\/02\/noticias-sobre-el-sector-naval-en-galicia-2-septiembre-2026\/#organizationLogo","width":240,"height":94},"image":{"@id":"https:\/\/galicia.ingenierosnavales.com\/index.php\/2026\/09\/02\/noticias-sobre-el-sector-naval-en-galicia-2-septiembre-2026\/#organizationLogo"},"sameAs":["https:\/\/facebook.com\/Ingenieros Navales Galicia","https:\/\/x.com\/Ingenieros Navales Galicia","https:\/\/instagram.com\/Ingenieros Navales Galicia","https:\/\/tiktok.com\/@Ingenieros Navales Galicia","https:\/\/pinterest.com\/Ingenieros Navales Galicia","https:\/\/youtube.com\/Ingenieros Navales Galicia","https:\/\/linkedin.com\/in\/Ingenieros Navales Galicia"]},{"@type":"Person","@id":"https:\/\/galicia.ingenierosnavales.com\/index.php\/author\/galicia\/#author","url":"https:\/\/galicia.ingenierosnavales.com\/index.php\/author\/galicia\/","name":"Delegaci\u00f3n Galicia","image":{"@type":"ImageObject","@id":"https:\/\/galicia.ingenierosnavales.com\/index.php\/2026\/09\/02\/noticias-sobre-el-sector-naval-en-galicia-2-septiembre-2026\/#authorImage","url":"https:\/\/secure.gravatar.com\/avatar\/784387c8ee70f0747950d2413aa515282183abc3726ddcd1d89e0d4fccc292b5?s=96&d=mm&r=g","width":96,"height":96,"caption":"Delegaci\u00f3n Galicia"}},{"@type":"WebPage","@id":"https:\/\/galicia.ingenierosnavales.com\/index.php\/2026\/09\/02\/noticias-sobre-el-sector-naval-en-galicia-2-septiembre-2026\/#webpage","url":"https:\/\/galicia.ingenierosnavales.com\/index.php\/2026\/09\/02\/noticias-sobre-el-sector-naval-en-galicia-2-septiembre-2026\/","name":"Noticias sobre el sector naval en Galicia. 2\/septiembre\/2026 - Delegaci\u00f3n del COIN en Galicia -","description":"Mi\u00e9rcoles 2 La Voz de Galicia Cien due\u00f1os de lanchas recreativas ama\u00f1aron sus licencias en las r\u00edas de Vigo y Pontevedra (exclusivo suscriptores) Vigoe.es Vigo exhibe todo el potencial del naval gallego en la mayor feria mundial que se celebra en Alemania Industrias Pesqueras Asime, the strength of Galicia\u00b4s shipbuilding industry and its industrial ecosystem","inLanguage":"es-ES","isPartOf":{"@id":"https:\/\/galicia.ingenierosnavales.com\/#website"},"breadcrumb":{"@id":"https:\/\/galicia.ingenierosnavales.com\/index.php\/2026\/09\/02\/noticias-sobre-el-sector-naval-en-galicia-2-septiembre-2026\/#breadcrumblist"},"author":{"@id":"https:\/\/galicia.ingenierosnavales.com\/index.php\/author\/galicia\/#author"},"creator":{"@id":"https:\/\/galicia.ingenierosnavales.com\/index.php\/author\/galicia\/#author"},"image":{"@type":"ImageObject","url":"https:\/\/galicia.ingenierosnavales.com\/wp-content\/uploads\/2023\/04\/Morning-news-1.png","@id":"https:\/\/galicia.ingenierosnavales.com\/index.php\/2026\/09\/02\/noticias-sobre-el-sector-naval-en-galicia-2-septiembre-2026\/#mainImage","width":700,"height":700},"primaryImageOfPage":{"@id":"https:\/\/galicia.ingenierosnavales.com\/index.php\/2026\/09\/02\/noticias-sobre-el-sector-naval-en-galicia-2-septiembre-2026\/#mainImage"},"datePublished":"2026-09-02T06:24:06+00:00","dateModified":"2026-09-02T06:24:06+00:00"},{"@type":"WebSite","@id":"https:\/\/galicia.ingenierosnavales.com\/#website","url":"https:\/\/galicia.ingenierosnavales.com\/","name":"Delegaci\u00f3n del COIN en Galicia -","inLanguage":"es-ES","publisher":{"@id":"https:\/\/galicia.ingenierosnavales.com\/#organization"}}]},"og:locale":"es_ES","og:site_name":"Delegaci\u00f3n del COIN en Galicia -  -","og:type":"article","og:title":"Noticias sobre el sector naval en Galicia. 2\/septiembre\/2026 - Delegaci\u00f3n del COIN en Galicia -","og:description":"Mi\u00e9rcoles 2 La Voz de Galicia Cien due\u00f1os de lanchas recreativas ama\u00f1aron sus licencias en las r\u00edas de Vigo y Pontevedra (exclusivo suscriptores) Vigoe.es Vigo exhibe todo el potencial del naval gallego en la mayor feria mundial que se celebra en Alemania Industrias Pesqueras Asime, the strength of Galicia\u00b4s shipbuilding industry and its industrial ecosystem","og:url":"https:\/\/galicia.ingenierosnavales.com\/index.php\/2026\/09\/02\/noticias-sobre-el-sector-naval-en-galicia-2-septiembre-2026\/","og:image":"https:\/\/galicia.ingenierosnavales.com\/wp-content\/uploads\/2025\/03\/LOGO-GALICIA.png","og:image:secure_url":"https:\/\/galicia.ingenierosnavales.com\/wp-content\/uploads\/2025\/03\/LOGO-GALICIA.png","og:image:width":1050,"og:image:height":600,"article:published_time":"2026-09-02T06:24:06+00:00","article:modified_time":"2026-09-02T06:24:06+00:00","article:publisher":"https:\/\/facebook.com\/Ingenieros Navales Galicia","twitter:card":"summary_large_image","twitter:site":"@Ingenieros%20Navales%20Galicia","twitter:title":"Noticias sobre el sector naval en Galicia. 2\/septiembre\/2026 - Delegaci\u00f3n del COIN en Galicia -","twitter:description":"Mi\u00e9rcoles 2 La Voz de Galicia Cien due\u00f1os de lanchas recreativas ama\u00f1aron sus licencias en las r\u00edas de Vigo y Pontevedra (exclusivo suscriptores) Vigoe.es Vigo exhibe todo el potencial del naval gallego en la mayor feria mundial que se celebra en Alemania Industrias Pesqueras Asime, the strength of Galicia\u00b4s shipbuilding industry and its industrial ecosystem","twitter:creator":"@Ingenieros%20Navales%20Galicia","twitter:image":"https:\/\/galicia.ingenierosnavales.com\/wp-content\/uploads\/2025\/03\/LOGO-GALICIA.png"},"aioseo_meta_data":{"post_id":"10734","title":null,"description":null,"keywords":null,"keyphrases":{"focus":{"keyphrase":"","score":0,"analysis":{"keyphraseInTitle":{"score":0,"maxScore":9,"error":1}}},"additional":[]},"primary_term":null,"canonical_url":null,"og_title":null,"og_description":null,"og_object_type":"default","og_image_type":"default","og_image_url":null,"og_image_width":null,"og_image_height":null,"og_image_custom_url":null,"og_image_custom_fields":null,"og_video":"","og_custom_url":null,"og_article_section":null,"og_article_tags":null,"twitter_use_og":false,"twitter_card":"default","twitter_image_type":"default","twitter_image_url":null,"twitter_image_custom_url":null,"twitter_image_custom_fields":null,"twitter_title":null,"twitter_description":null,"schema":{"blockGraphs":[],"customGraphs":[],"default":{"data":{"Article":[],"Course":[],"Dataset":[],"FAQPage":[],"Movie":[],"Person":[],"Product":[],"ProductReview":[],"Car":[],"Recipe":[],"Service":[],"SoftwareApplication":[],"WebPage":[]},"graphName":"BlogPosting","isEnabled":true},"graphs":[]},"schema_type":"default","schema_type_options":null,"pillar_content":false,"robots_default":true,"robots_noindex":false,"robots_noarchive":false,"robots_nosnippet":false,"robots_nofollow":false,"robots_noimageindex":false,"robots_noodp":false,"robots_notranslate":false,"robots_max_snippet":"-1","robots_max_videopreview":"-1","robots_max_imagepreview":"large","priority":null,"frequency":"default","local_seo":null,"limit_modified_date":false,"created":"2026-09-02 06:24:06","updated":"2026-09-02 17:58:44","ai":{"faqs":[],"keyPoints":[],"schemas":[],"titles":[],"descriptions":[],"socialPosts":{"email":{"subject":"","preview":"","content":""},"linkedin":[],"twitter":[],"facebook":[],"instagram":[]}},"breadcrumb_settings":null,"seo_analyzer_scan_date":null,"focus_keyword":null,"additional_keywords":null,"truseo_locale":null},"aioseo_breadcrumb":"<div class=\"aioseo-breadcrumbs\"><span class=\"aioseo-breadcrumb\">\n\t\t\t<a href=\"https:\/\/galicia.ingenierosnavales.com\" title=\"Home\">Home<\/a>\n\t\t<\/span><span class=\"aioseo-breadcrumb-separator\">&raquo;<\/span><span class=\"aioseo-breadcrumb\">\n\t\t\t<a href=\"https:\/\/galicia.ingenierosnavales.com\/index.php\/category\/noticias-gl-es\/\" title=\"Noticias\">Noticias<\/a>\n\t\t<\/span><span class=\"aioseo-breadcrumb-separator\">&raquo;<\/span><span class=\"aioseo-breadcrumb\">\n\t\t\tNoticias sobre el sector naval en Galicia. 2\/septiembre\/2026\n\t\t<\/span><\/div>","aioseo_breadcrumb_json":[{"label":"Home","link":"https:\/\/galicia.ingenierosnavales.com"},{"label":"Noticias","link":"https:\/\/galicia.ingenierosnavales.com\/index.php\/category\/noticias-gl-es\/"},{"label":"Noticias sobre el sector naval en Galicia. 2\/septiembre\/2026","link":"https:\/\/galicia.ingenierosnavales.com\/index.php\/2026\/09\/02\/noticias-sobre-el-sector-naval-en-galicia-2-septiembre-2026\/"}],"_links":{"self":[{"href":"https:\/\/galicia.ingenierosnavales.com\/index.php\/wp-json\/wp\/v2\/posts\/10734","targetHints":{"allow":["GET"]}}],"collection":[{"href":"https:\/\/galicia.ingenierosnavales.com\/index.php\/wp-json\/wp\/v2\/posts"}],"about":[{"href":"https:\/\/galicia.ingenierosnavales.com\/index.php\/wp-json\/wp\/v2\/types\/post"}],"author":[{"embeddable":true,"href":"https:\/\/galicia.ingenierosnavales.com\/index.php\/wp-json\/wp\/v2\/users\/2"}],"replies":[{"embeddable":true,"href":"https:\/\/galicia.ingenierosnavales.com\/index.php\/wp-json\/wp\/v2\/comments?post=10734"}],"version-history":[{"count":1,"href":"https:\/\/galicia.ingenierosnavales.com\/index.php\/wp-json\/wp\/v2\/posts\/10734\/revisions"}],"predecessor-version":[{"id":10735,"href":"https:\/\/galicia.ingenierosnavales.com\/index.php\/wp-json\/wp\/v2\/posts\/10734\/revisions\/10735"}],"wp:featuredmedia":[{"embeddable":true,"href":"https:\/\/galicia.ingenierosnavales.com\/index.php\/wp-json\/wp\/v2\/media\/4886"}],"wp:attachment":[{"href":"https:\/\/galicia.ingenierosnavales.com\/index.php\/wp-json\/wp\/v2\/media?parent=10734"}],"wp:term":[{"taxonomy":"category","embeddable":true,"href":"https:\/\/galicia.ingenierosnavales.com\/index.php\/wp-json\/wp\/v2\/categories?post=10734"},{"taxonomy":"post_tag","embeddable":true,"href":"https:\/\/galicia.ingenierosnavales.com\/index.php\/wp-json\/wp\/v2\/tags?post=10734"}],"curies":[{"name":"wp","href":"https:\/\/api.w.org\/{rel}","templated":true}]}}