{"id":10667,"date":"2026-07-17T06:48:37","date_gmt":"2026-07-17T06:48:37","guid":{"rendered":"https:\/\/galicia.ingenierosnavales.com\/?p=10667"},"modified":"2026-07-17T06:48:37","modified_gmt":"2026-07-17T06:48:37","slug":"agenda-semanal-de-actividades-en-galicia-20-27-julio-2026","status":"publish","type":"post","link":"https:\/\/galicia.ingenierosnavales.com\/index.php\/2026\/07\/17\/agenda-semanal-de-actividades-en-galicia-20-27-julio-2026\/","title":{"rendered":"Agenda Semanal De Actividades En Galicia. 20-27\/julio\/2026"},"content":{"rendered":"<p><a href=\"https:\/\/galicia.ingenierosnavales.com\/index.php\/category\/agenda\/\"><img fetchpriority=\"high\" decoding=\"async\" class=\"aligncenter wp-image-9925 size-full\" src=\"https:\/\/galicia.ingenierosnavales.com\/wp-content\/uploads\/2026\/02\/Agenda-Semanal-de-Actividades-Verano-2.png\" alt=\"\" width=\"1000\" height=\"346\" srcset=\"https:\/\/galicia.ingenierosnavales.com\/wp-content\/uploads\/2026\/02\/Agenda-Semanal-de-Actividades-Verano-2.png 1000w, https:\/\/galicia.ingenierosnavales.com\/wp-content\/uploads\/2026\/02\/Agenda-Semanal-de-Actividades-Verano-2-300x104.png 300w, https:\/\/galicia.ingenierosnavales.com\/wp-content\/uploads\/2026\/02\/Agenda-Semanal-de-Actividades-Verano-2-768x266.png 768w\" sizes=\"(max-width: 1000px) 100vw, 1000px\" \/><\/a><\/p>\n<p style=\"text-align: center;\"><span style=\"color: #333399;\"><strong>DEL 20 AL 27 DE JULIO DE 2026<\/strong><\/span><\/p>\n<p>20.07.2026<\/p>\n<p><a href=\"https:\/\/www.ingenierojorgejuan.com\/es\/c\/93\/energias-renovables-marinas\">Energ\u00edas renovables marinas<\/a><\/p>\n<p>22.07.2026<\/p>\n<p><a href=\"https:\/\/galicia.ingenierosnavales.com\/index.php\/2026\/07\/16\/apertura-do-prazo-de-inscricions-para-participar-na-recalada-encontro-no-mar-15-de-agosto-de-2026\/\">Fin de plazo de inscripci\u00f3n \u201c<em>Recalada, Encontro No Mar\u201d<\/em><\/a><\/p>\n<p>23.07.2026<\/p>\n<p><a href=\"https:\/\/www.ingenierojorgejuan.com\/es\/c\/44\/iso-12215-aplicacion-al-escantillonado-de-embarcaciones-menores-de-24-m\">ISSO 12215, aplicaci\u00f3n al Escantillonado de embarcaciones menores de 24 m<\/a><\/p>\n<p>24.07.2026<\/p>\n<hr \/>\n<p style=\"text-align: center;\"><span style=\"color: #333399;\"><strong>+INFO<\/strong><\/span><\/p>\n<p style=\"text-align: center;\"><a href=\"https:\/\/galicia.ingenierosnavales.com\/index.php\/2026\/07\/14\/galeria-de-imagenes-celebracion-de-la-festividad-de-la-virgen-del-carmen-en-vigo\/\"><strong>Galer\u00eda de Im\u00e1genes &#8211; Celebraci\u00f3n F. Carmen en Vigo<\/strong><\/a><\/p>\n<p style=\"text-align: center;\"><a href=\"https:\/\/galicia.ingenierosnavales.com\/index.php\/2026\/07\/14\/galeria-de-imagenes-celebracion-de-la-festividad-de-la-virgen-del-carmen-en-ferrol\/\"><strong>Galer\u00eda de Im\u00e1genes \u2013 Celebraci\u00f3n F. Carmen en Ferrol<\/strong><\/a><\/p>\n<p style=\"text-align: center;\"><a href=\"https:\/\/galicia.ingenierosnavales.com\/index.php\/2026\/07\/10\/torneo-de-golf-cges-2026\/\"><strong>VII Torneo de Golf CGES 2026<\/strong><\/a><\/p>\n<p style=\"text-align: center;\"><a href=\"https:\/\/galicia.ingenierosnavales.com\/index.php\/2026\/07\/07\/circular-7-26-elecciones-a-vicedecano-a\/\">ELECCIONES A VICEDECANO\/A<\/a><\/p>\n<p style=\"text-align: center;\"><a href=\"https:\/\/oficinaeconomicagalicia.xunta.gal\/actualidade\/eventos\/\">AXENDA XORNADAS IGAPE<\/a><\/p>\n<p style=\"text-align: center;\"><a href=\"https:\/\/galicia.ingenierosnavales.com\/?s=ayudas\">Ayudas y Subvenciones Vigentes<\/a><\/p>\n<p style=\"text-align: center;\"><a href=\"https:\/\/gaiastech.xunta.gal\/gl\/actualidade\/boletin\/do-04-ao-15-de-maio-de-2026\">Bolet\u00edn GAIASTECH<\/a><\/p>\n<p style=\"text-align: center;\"><a href=\"https:\/\/ingenierosnavales.com\/acceso-a-la-normativa-y-tramitacion-para-la-transformacion-reforma-grandes-reparaciones\/\">Acceso a la normativa y tramitaci\u00f3n para la transformaci\u00f3n \/reforma\/grandes reparaciones<\/a><\/p>\n<p style=\"text-align: center;\"><a href=\"https:\/\/galicia.ingenierosnavales.com\/index.php\/2026\/07\/14\/programa-de-voluntariado-interxeracional-rede-galega-de-oficios-vivos\/\">Programa de Voluntariado Inerxeracional \u201cRede Galega de Oficios Vivos\u201d<\/a><\/p>\n<p style=\"text-align: center;\"><a href=\"https:\/\/ingenierosnavales.com\/programa-de-ingenieros-a-consejeros-iii-edicion\/\">Programa De Ingenieros A Consejeros \u2013 III Edici\u00f3n<\/a><\/p>\n<p style=\"text-align: center;\">\n","protected":false},"excerpt":{"rendered":"<p>DEL 20 AL 27 DE JULIO DE 2026 20.07.2026 Energ\u00edas renovables marinas 22.07.2026 Fin de plazo de inscripci\u00f3n \u201cRecalada, Encontro No Mar\u201d 23.07.2026 ISSO 12215, aplicaci\u00f3n al Escantillonado de embarcaciones menores de 24 m&#46;&#46;&#46;<\/p>\n","protected":false},"author":2,"featured_media":9925,"comment_status":"open","ping_status":"closed","sticky":false,"template":"","format":"standard","meta":{"om_disable_all_campaigns":false,"_monsterinsights_skip_tracking":false,"footnotes":""},"categories":[79,1,2],"tags":[75,41,49,47],"class_list":["post-10667","post","type-post","status-publish","format-standard","has-post-thumbnail","hentry","category-agenda","category-eventos","category-formacion","tag-actividades-galicia-es","tag-formacion","tag-ingenieros-navales-galicia","tag-sector-naval-en-galicia"],"aioseo_notices":[],"aioseo_head":"\n\t\t<!-- All in One SEO 5.0.1.1 - aioseo.com -->\n\t<meta name=\"description\" content=\"DEL 20 AL 27 DE JULIO DE 2026 20.07.2026 Energ\u00edas renovables marinas 22.07.2026 Fin de plazo de inscripci\u00f3n \u201cRecalada, Encontro No Mar\u201d 23.07.2026 ISSO 12215, aplicaci\u00f3n al Escantillonado de embarcaciones menores de 24 m 24.07.2026 +INFO Galer\u00eda de Im\u00e1genes - Celebraci\u00f3n F. Carmen en Vigo Galer\u00eda de Im\u00e1genes \u2013 Celebraci\u00f3n F. Carmen en Ferrol VII\" \/>\n\t<meta name=\"robots\" content=\"max-image-preview:large\" \/>\n\t<meta name=\"author\" content=\"Delegaci\u00f3n Galicia\"\/>\n\t<meta name=\"google-site-verification\" content=\"7brmUOAwEmVOzDsnJ9q5QE6pLdw6wH0XiigUsr1GV5s\" \/>\n\t<link rel=\"canonical\" href=\"https:\/\/galicia.ingenierosnavales.com\/index.php\/2026\/07\/17\/agenda-semanal-de-actividades-en-galicia-20-27-julio-2026\/\" \/>\n\t<meta name=\"generator\" content=\"All in One SEO (AIOSEO) 5.0.1.1\" \/>\n\t\t<meta property=\"og:locale\" content=\"es_ES\" \/>\n\t\t<meta property=\"og:site_name\" content=\"Delegaci\u00f3n del COIN en Galicia -  -\" \/>\n\t\t<meta property=\"og:type\" content=\"article\" \/>\n\t\t<meta property=\"og:title\" content=\"Agenda Semanal De Actividades En Galicia. 20-27\/julio\/2026 - Delegaci\u00f3n del COIN en Galicia -\" \/>\n\t\t<meta property=\"og:description\" content=\"DEL 20 AL 27 DE JULIO DE 2026 20.07.2026 Energ\u00edas renovables marinas 22.07.2026 Fin de plazo de inscripci\u00f3n \u201cRecalada, Encontro No Mar\u201d 23.07.2026 ISSO 12215, aplicaci\u00f3n al Escantillonado de embarcaciones menores de 24 m 24.07.2026 +INFO Galer\u00eda de Im\u00e1genes - Celebraci\u00f3n F. Carmen en Vigo Galer\u00eda de Im\u00e1genes \u2013 Celebraci\u00f3n F. Carmen en Ferrol VII\" \/>\n\t\t<meta property=\"og:url\" content=\"https:\/\/galicia.ingenierosnavales.com\/index.php\/2026\/07\/17\/agenda-semanal-de-actividades-en-galicia-20-27-julio-2026\/\" \/>\n\t\t<meta property=\"og:image\" content=\"https:\/\/galicia.ingenierosnavales.com\/wp-content\/uploads\/2025\/03\/LOGO-GALICIA.png\" \/>\n\t\t<meta property=\"og:image:secure_url\" content=\"https:\/\/galicia.ingenierosnavales.com\/wp-content\/uploads\/2025\/03\/LOGO-GALICIA.png\" \/>\n\t\t<meta property=\"og:image:width\" content=\"1050\" \/>\n\t\t<meta property=\"og:image:height\" content=\"600\" \/>\n\t\t<meta property=\"article:published_time\" content=\"2026-07-17T06:48:37+00:00\" \/>\n\t\t<meta property=\"article:modified_time\" content=\"2026-07-17T06:48:37+00:00\" \/>\n\t\t<meta property=\"article:publisher\" content=\"https:\/\/facebook.com\/Ingenieros Navales Galicia\" \/>\n\t\t<meta name=\"twitter:card\" content=\"summary_large_image\" \/>\n\t\t<meta name=\"twitter:site\" content=\"@Ingenieros%20Navales%20Galicia\" \/>\n\t\t<meta name=\"twitter:title\" content=\"Agenda Semanal De Actividades En Galicia. 20-27\/julio\/2026 - Delegaci\u00f3n del COIN en Galicia -\" \/>\n\t\t<meta name=\"twitter:description\" content=\"DEL 20 AL 27 DE JULIO DE 2026 20.07.2026 Energ\u00edas renovables marinas 22.07.2026 Fin de plazo de inscripci\u00f3n \u201cRecalada, Encontro No Mar\u201d 23.07.2026 ISSO 12215, aplicaci\u00f3n al Escantillonado de embarcaciones menores de 24 m 24.07.2026 +INFO Galer\u00eda de Im\u00e1genes - Celebraci\u00f3n F. Carmen en Vigo Galer\u00eda de Im\u00e1genes \u2013 Celebraci\u00f3n F. Carmen en Ferrol VII\" \/>\n\t\t<meta name=\"twitter:creator\" content=\"@Ingenieros%20Navales%20Galicia\" \/>\n\t\t<meta name=\"twitter:image\" content=\"https:\/\/galicia.ingenierosnavales.com\/wp-content\/uploads\/2025\/03\/LOGO-GALICIA.png\" \/>\n\t\t<script type=\"application\/ld+json\" class=\"aioseo-schema\">\n\t\t\t{\"@context\":\"https:\\\/\\\/schema.org\",\"@graph\":[{\"@type\":\"BlogPosting\",\"@id\":\"https:\\\/\\\/galicia.ingenierosnavales.com\\\/index.php\\\/2026\\\/07\\\/17\\\/agenda-semanal-de-actividades-en-galicia-20-27-julio-2026\\\/#blogposting\",\"name\":\"Agenda Semanal De Actividades En Galicia. 20-27\\\/julio\\\/2026 - Delegaci\\u00f3n del COIN en Galicia -\",\"headline\":\"Agenda Semanal De Actividades En Galicia. 20-27\\\/julio\\\/2026\",\"author\":{\"@id\":\"https:\\\/\\\/galicia.ingenierosnavales.com\\\/index.php\\\/author\\\/galicia\\\/#author\"},\"publisher\":{\"@id\":\"https:\\\/\\\/galicia.ingenierosnavales.com\\\/#organization\"},\"image\":{\"@type\":\"ImageObject\",\"url\":\"https:\\\/\\\/galicia.ingenierosnavales.com\\\/wp-content\\\/uploads\\\/2026\\\/02\\\/Agenda-Semanal-de-Actividades-Verano-2.png\",\"width\":1000,\"height\":346},\"datePublished\":\"2026-07-17T06:48:37+00:00\",\"dateModified\":\"2026-07-17T06:48:37+00:00\",\"inLanguage\":\"es-ES\",\"mainEntityOfPage\":{\"@id\":\"https:\\\/\\\/galicia.ingenierosnavales.com\\\/index.php\\\/2026\\\/07\\\/17\\\/agenda-semanal-de-actividades-en-galicia-20-27-julio-2026\\\/#webpage\"},\"isPartOf\":{\"@id\":\"https:\\\/\\\/galicia.ingenierosnavales.com\\\/index.php\\\/2026\\\/07\\\/17\\\/agenda-semanal-de-actividades-en-galicia-20-27-julio-2026\\\/#webpage\"},\"articleSection\":\"Agenda, Eventos, Formaci\\u00f3n, actividades Galicia, formaci\\u00f3n, Ingenieros Navales Galicia, sector naval en Galicia, Espa\\u00f1ol\"},{\"@type\":\"BreadcrumbList\",\"@id\":\"https:\\\/\\\/galicia.ingenierosnavales.com\\\/index.php\\\/2026\\\/07\\\/17\\\/agenda-semanal-de-actividades-en-galicia-20-27-julio-2026\\\/#breadcrumblist\",\"itemListElement\":[{\"@type\":\"ListItem\",\"@id\":\"https:\\\/\\\/galicia.ingenierosnavales.com#listItem\",\"position\":1,\"name\":\"Home\",\"item\":\"https:\\\/\\\/galicia.ingenierosnavales.com\",\"nextItem\":{\"@type\":\"ListItem\",\"@id\":\"https:\\\/\\\/galicia.ingenierosnavales.com\\\/index.php\\\/category\\\/eventos\\\/#listItem\",\"name\":\"Eventos\"}},{\"@type\":\"ListItem\",\"@id\":\"https:\\\/\\\/galicia.ingenierosnavales.com\\\/index.php\\\/category\\\/eventos\\\/#listItem\",\"position\":2,\"name\":\"Eventos\",\"item\":\"https:\\\/\\\/galicia.ingenierosnavales.com\\\/index.php\\\/category\\\/eventos\\\/\",\"nextItem\":{\"@type\":\"ListItem\",\"@id\":\"https:\\\/\\\/galicia.ingenierosnavales.com\\\/index.php\\\/2026\\\/07\\\/17\\\/agenda-semanal-de-actividades-en-galicia-20-27-julio-2026\\\/#listItem\",\"name\":\"Agenda Semanal De Actividades En Galicia. 20-27\\\/julio\\\/2026\"},\"previousItem\":{\"@type\":\"ListItem\",\"@id\":\"https:\\\/\\\/galicia.ingenierosnavales.com#listItem\",\"name\":\"Home\"}},{\"@type\":\"ListItem\",\"@id\":\"https:\\\/\\\/galicia.ingenierosnavales.com\\\/index.php\\\/2026\\\/07\\\/17\\\/agenda-semanal-de-actividades-en-galicia-20-27-julio-2026\\\/#listItem\",\"position\":3,\"name\":\"Agenda Semanal De Actividades En Galicia. 20-27\\\/julio\\\/2026\",\"previousItem\":{\"@type\":\"ListItem\",\"@id\":\"https:\\\/\\\/galicia.ingenierosnavales.com\\\/index.php\\\/category\\\/eventos\\\/#listItem\",\"name\":\"Eventos\"}}]},{\"@type\":\"Organization\",\"@id\":\"https:\\\/\\\/galicia.ingenierosnavales.com\\\/#organization\",\"name\":\"Delegaci\\u00f3n del COIN en Galicia -\",\"url\":\"https:\\\/\\\/galicia.ingenierosnavales.com\\\/\",\"telephone\":\"+34604068370\",\"logo\":{\"@type\":\"ImageObject\",\"url\":\"https:\\\/\\\/galicia.ingenierosnavales.com\\\/wp-content\\\/uploads\\\/2019\\\/09\\\/logo_2-1.png\",\"@id\":\"https:\\\/\\\/galicia.ingenierosnavales.com\\\/index.php\\\/2026\\\/07\\\/17\\\/agenda-semanal-de-actividades-en-galicia-20-27-julio-2026\\\/#organizationLogo\",\"width\":240,\"height\":94},\"image\":{\"@id\":\"https:\\\/\\\/galicia.ingenierosnavales.com\\\/index.php\\\/2026\\\/07\\\/17\\\/agenda-semanal-de-actividades-en-galicia-20-27-julio-2026\\\/#organizationLogo\"},\"sameAs\":[\"https:\\\/\\\/facebook.com\\\/Ingenieros Navales Galicia\",\"https:\\\/\\\/x.com\\\/Ingenieros Navales Galicia\",\"https:\\\/\\\/instagram.com\\\/Ingenieros Navales Galicia\",\"https:\\\/\\\/tiktok.com\\\/@Ingenieros Navales Galicia\",\"https:\\\/\\\/pinterest.com\\\/Ingenieros Navales Galicia\",\"https:\\\/\\\/youtube.com\\\/Ingenieros Navales Galicia\",\"https:\\\/\\\/linkedin.com\\\/in\\\/Ingenieros Navales Galicia\"]},{\"@type\":\"Person\",\"@id\":\"https:\\\/\\\/galicia.ingenierosnavales.com\\\/index.php\\\/author\\\/galicia\\\/#author\",\"url\":\"https:\\\/\\\/galicia.ingenierosnavales.com\\\/index.php\\\/author\\\/galicia\\\/\",\"name\":\"Delegaci\\u00f3n Galicia\",\"image\":{\"@type\":\"ImageObject\",\"@id\":\"https:\\\/\\\/galicia.ingenierosnavales.com\\\/index.php\\\/2026\\\/07\\\/17\\\/agenda-semanal-de-actividades-en-galicia-20-27-julio-2026\\\/#authorImage\",\"url\":\"https:\\\/\\\/secure.gravatar.com\\\/avatar\\\/784387c8ee70f0747950d2413aa515282183abc3726ddcd1d89e0d4fccc292b5?s=96&d=mm&r=g\",\"width\":96,\"height\":96,\"caption\":\"Delegaci\\u00f3n Galicia\"}},{\"@type\":\"WebPage\",\"@id\":\"https:\\\/\\\/galicia.ingenierosnavales.com\\\/index.php\\\/2026\\\/07\\\/17\\\/agenda-semanal-de-actividades-en-galicia-20-27-julio-2026\\\/#webpage\",\"url\":\"https:\\\/\\\/galicia.ingenierosnavales.com\\\/index.php\\\/2026\\\/07\\\/17\\\/agenda-semanal-de-actividades-en-galicia-20-27-julio-2026\\\/\",\"name\":\"Agenda Semanal De Actividades En Galicia. 20-27\\\/julio\\\/2026 - Delegaci\\u00f3n del COIN en Galicia -\",\"description\":\"DEL 20 AL 27 DE JULIO DE 2026 20.07.2026 Energ\\u00edas renovables marinas 22.07.2026 Fin de plazo de inscripci\\u00f3n \\u201cRecalada, Encontro No Mar\\u201d 23.07.2026 ISSO 12215, aplicaci\\u00f3n al Escantillonado de embarcaciones menores de 24 m 24.07.2026 +INFO Galer\\u00eda de Im\\u00e1genes - Celebraci\\u00f3n F. Carmen en Vigo Galer\\u00eda de Im\\u00e1genes \\u2013 Celebraci\\u00f3n F. Carmen en Ferrol VII\",\"inLanguage\":\"es-ES\",\"isPartOf\":{\"@id\":\"https:\\\/\\\/galicia.ingenierosnavales.com\\\/#website\"},\"breadcrumb\":{\"@id\":\"https:\\\/\\\/galicia.ingenierosnavales.com\\\/index.php\\\/2026\\\/07\\\/17\\\/agenda-semanal-de-actividades-en-galicia-20-27-julio-2026\\\/#breadcrumblist\"},\"author\":{\"@id\":\"https:\\\/\\\/galicia.ingenierosnavales.com\\\/index.php\\\/author\\\/galicia\\\/#author\"},\"creator\":{\"@id\":\"https:\\\/\\\/galicia.ingenierosnavales.com\\\/index.php\\\/author\\\/galicia\\\/#author\"},\"image\":{\"@type\":\"ImageObject\",\"url\":\"https:\\\/\\\/galicia.ingenierosnavales.com\\\/wp-content\\\/uploads\\\/2026\\\/02\\\/Agenda-Semanal-de-Actividades-Verano-2.png\",\"@id\":\"https:\\\/\\\/galicia.ingenierosnavales.com\\\/index.php\\\/2026\\\/07\\\/17\\\/agenda-semanal-de-actividades-en-galicia-20-27-julio-2026\\\/#mainImage\",\"width\":1000,\"height\":346},\"primaryImageOfPage\":{\"@id\":\"https:\\\/\\\/galicia.ingenierosnavales.com\\\/index.php\\\/2026\\\/07\\\/17\\\/agenda-semanal-de-actividades-en-galicia-20-27-julio-2026\\\/#mainImage\"},\"datePublished\":\"2026-07-17T06:48:37+00:00\",\"dateModified\":\"2026-07-17T06:48:37+00:00\"},{\"@type\":\"WebSite\",\"@id\":\"https:\\\/\\\/galicia.ingenierosnavales.com\\\/#website\",\"url\":\"https:\\\/\\\/galicia.ingenierosnavales.com\\\/\",\"name\":\"Delegaci\\u00f3n del COIN en Galicia -\",\"inLanguage\":\"es-ES\",\"publisher\":{\"@id\":\"https:\\\/\\\/galicia.ingenierosnavales.com\\\/#organization\"}}]}\n\t\t<\/script>\n\t\t<!-- All in One SEO -->\n\n","aioseo_head_json":{"title":"Agenda Semanal De Actividades En Galicia. 20-27\/julio\/2026 - Delegaci\u00f3n del COIN en Galicia -","description":"DEL 20 AL 27 DE JULIO DE 2026 20.07.2026 Energ\u00edas renovables marinas 22.07.2026 Fin de plazo de inscripci\u00f3n \u201cRecalada, Encontro No Mar\u201d 23.07.2026 ISSO 12215, aplicaci\u00f3n al Escantillonado de embarcaciones menores de 24 m 24.07.2026 +INFO Galer\u00eda de Im\u00e1genes - Celebraci\u00f3n F. Carmen en Vigo Galer\u00eda de Im\u00e1genes \u2013 Celebraci\u00f3n F. Carmen en Ferrol VII","canonical_url":"https:\/\/galicia.ingenierosnavales.com\/index.php\/2026\/07\/17\/agenda-semanal-de-actividades-en-galicia-20-27-julio-2026\/","robots":"max-image-preview:large","keywords":"","webmasterTools":{"google-site-verification":"7brmUOAwEmVOzDsnJ9q5QE6pLdw6wH0XiigUsr1GV5s","miscellaneous":""},"schema":{"@context":"https:\/\/schema.org","@graph":[{"@type":"BlogPosting","@id":"https:\/\/galicia.ingenierosnavales.com\/index.php\/2026\/07\/17\/agenda-semanal-de-actividades-en-galicia-20-27-julio-2026\/#blogposting","name":"Agenda Semanal De Actividades En Galicia. 20-27\/julio\/2026 - Delegaci\u00f3n del COIN en Galicia -","headline":"Agenda Semanal De Actividades En Galicia. 20-27\/julio\/2026","author":{"@id":"https:\/\/galicia.ingenierosnavales.com\/index.php\/author\/galicia\/#author"},"publisher":{"@id":"https:\/\/galicia.ingenierosnavales.com\/#organization"},"image":{"@type":"ImageObject","url":"https:\/\/galicia.ingenierosnavales.com\/wp-content\/uploads\/2026\/02\/Agenda-Semanal-de-Actividades-Verano-2.png","width":1000,"height":346},"datePublished":"2026-07-17T06:48:37+00:00","dateModified":"2026-07-17T06:48:37+00:00","inLanguage":"es-ES","mainEntityOfPage":{"@id":"https:\/\/galicia.ingenierosnavales.com\/index.php\/2026\/07\/17\/agenda-semanal-de-actividades-en-galicia-20-27-julio-2026\/#webpage"},"isPartOf":{"@id":"https:\/\/galicia.ingenierosnavales.com\/index.php\/2026\/07\/17\/agenda-semanal-de-actividades-en-galicia-20-27-julio-2026\/#webpage"},"articleSection":"Agenda, Eventos, Formaci\u00f3n, actividades Galicia, formaci\u00f3n, Ingenieros Navales Galicia, sector naval en Galicia, Espa\u00f1ol"},{"@type":"BreadcrumbList","@id":"https:\/\/galicia.ingenierosnavales.com\/index.php\/2026\/07\/17\/agenda-semanal-de-actividades-en-galicia-20-27-julio-2026\/#breadcrumblist","itemListElement":[{"@type":"ListItem","@id":"https:\/\/galicia.ingenierosnavales.com#listItem","position":1,"name":"Home","item":"https:\/\/galicia.ingenierosnavales.com","nextItem":{"@type":"ListItem","@id":"https:\/\/galicia.ingenierosnavales.com\/index.php\/category\/eventos\/#listItem","name":"Eventos"}},{"@type":"ListItem","@id":"https:\/\/galicia.ingenierosnavales.com\/index.php\/category\/eventos\/#listItem","position":2,"name":"Eventos","item":"https:\/\/galicia.ingenierosnavales.com\/index.php\/category\/eventos\/","nextItem":{"@type":"ListItem","@id":"https:\/\/galicia.ingenierosnavales.com\/index.php\/2026\/07\/17\/agenda-semanal-de-actividades-en-galicia-20-27-julio-2026\/#listItem","name":"Agenda Semanal De Actividades En Galicia. 20-27\/julio\/2026"},"previousItem":{"@type":"ListItem","@id":"https:\/\/galicia.ingenierosnavales.com#listItem","name":"Home"}},{"@type":"ListItem","@id":"https:\/\/galicia.ingenierosnavales.com\/index.php\/2026\/07\/17\/agenda-semanal-de-actividades-en-galicia-20-27-julio-2026\/#listItem","position":3,"name":"Agenda Semanal De Actividades En Galicia. 20-27\/julio\/2026","previousItem":{"@type":"ListItem","@id":"https:\/\/galicia.ingenierosnavales.com\/index.php\/category\/eventos\/#listItem","name":"Eventos"}}]},{"@type":"Organization","@id":"https:\/\/galicia.ingenierosnavales.com\/#organization","name":"Delegaci\u00f3n del COIN en Galicia -","url":"https:\/\/galicia.ingenierosnavales.com\/","telephone":"+34604068370","logo":{"@type":"ImageObject","url":"https:\/\/galicia.ingenierosnavales.com\/wp-content\/uploads\/2019\/09\/logo_2-1.png","@id":"https:\/\/galicia.ingenierosnavales.com\/index.php\/2026\/07\/17\/agenda-semanal-de-actividades-en-galicia-20-27-julio-2026\/#organizationLogo","width":240,"height":94},"image":{"@id":"https:\/\/galicia.ingenierosnavales.com\/index.php\/2026\/07\/17\/agenda-semanal-de-actividades-en-galicia-20-27-julio-2026\/#organizationLogo"},"sameAs":["https:\/\/facebook.com\/Ingenieros Navales Galicia","https:\/\/x.com\/Ingenieros Navales Galicia","https:\/\/instagram.com\/Ingenieros Navales Galicia","https:\/\/tiktok.com\/@Ingenieros Navales Galicia","https:\/\/pinterest.com\/Ingenieros Navales Galicia","https:\/\/youtube.com\/Ingenieros Navales Galicia","https:\/\/linkedin.com\/in\/Ingenieros Navales Galicia"]},{"@type":"Person","@id":"https:\/\/galicia.ingenierosnavales.com\/index.php\/author\/galicia\/#author","url":"https:\/\/galicia.ingenierosnavales.com\/index.php\/author\/galicia\/","name":"Delegaci\u00f3n Galicia","image":{"@type":"ImageObject","@id":"https:\/\/galicia.ingenierosnavales.com\/index.php\/2026\/07\/17\/agenda-semanal-de-actividades-en-galicia-20-27-julio-2026\/#authorImage","url":"https:\/\/secure.gravatar.com\/avatar\/784387c8ee70f0747950d2413aa515282183abc3726ddcd1d89e0d4fccc292b5?s=96&d=mm&r=g","width":96,"height":96,"caption":"Delegaci\u00f3n Galicia"}},{"@type":"WebPage","@id":"https:\/\/galicia.ingenierosnavales.com\/index.php\/2026\/07\/17\/agenda-semanal-de-actividades-en-galicia-20-27-julio-2026\/#webpage","url":"https:\/\/galicia.ingenierosnavales.com\/index.php\/2026\/07\/17\/agenda-semanal-de-actividades-en-galicia-20-27-julio-2026\/","name":"Agenda Semanal De Actividades En Galicia. 20-27\/julio\/2026 - Delegaci\u00f3n del COIN en Galicia -","description":"DEL 20 AL 27 DE JULIO DE 2026 20.07.2026 Energ\u00edas renovables marinas 22.07.2026 Fin de plazo de inscripci\u00f3n \u201cRecalada, Encontro No Mar\u201d 23.07.2026 ISSO 12215, aplicaci\u00f3n al Escantillonado de embarcaciones menores de 24 m 24.07.2026 +INFO Galer\u00eda de Im\u00e1genes - Celebraci\u00f3n F. Carmen en Vigo Galer\u00eda de Im\u00e1genes \u2013 Celebraci\u00f3n F. Carmen en Ferrol VII","inLanguage":"es-ES","isPartOf":{"@id":"https:\/\/galicia.ingenierosnavales.com\/#website"},"breadcrumb":{"@id":"https:\/\/galicia.ingenierosnavales.com\/index.php\/2026\/07\/17\/agenda-semanal-de-actividades-en-galicia-20-27-julio-2026\/#breadcrumblist"},"author":{"@id":"https:\/\/galicia.ingenierosnavales.com\/index.php\/author\/galicia\/#author"},"creator":{"@id":"https:\/\/galicia.ingenierosnavales.com\/index.php\/author\/galicia\/#author"},"image":{"@type":"ImageObject","url":"https:\/\/galicia.ingenierosnavales.com\/wp-content\/uploads\/2026\/02\/Agenda-Semanal-de-Actividades-Verano-2.png","@id":"https:\/\/galicia.ingenierosnavales.com\/index.php\/2026\/07\/17\/agenda-semanal-de-actividades-en-galicia-20-27-julio-2026\/#mainImage","width":1000,"height":346},"primaryImageOfPage":{"@id":"https:\/\/galicia.ingenierosnavales.com\/index.php\/2026\/07\/17\/agenda-semanal-de-actividades-en-galicia-20-27-julio-2026\/#mainImage"},"datePublished":"2026-07-17T06:48:37+00:00","dateModified":"2026-07-17T06:48:37+00:00"},{"@type":"WebSite","@id":"https:\/\/galicia.ingenierosnavales.com\/#website","url":"https:\/\/galicia.ingenierosnavales.com\/","name":"Delegaci\u00f3n del COIN en Galicia -","inLanguage":"es-ES","publisher":{"@id":"https:\/\/galicia.ingenierosnavales.com\/#organization"}}]},"og:locale":"es_ES","og:site_name":"Delegaci\u00f3n del COIN en Galicia -  -","og:type":"article","og:title":"Agenda Semanal De Actividades En Galicia. 20-27\/julio\/2026 - Delegaci\u00f3n del COIN en Galicia -","og:description":"DEL 20 AL 27 DE JULIO DE 2026 20.07.2026 Energ\u00edas renovables marinas 22.07.2026 Fin de plazo de inscripci\u00f3n \u201cRecalada, Encontro No Mar\u201d 23.07.2026 ISSO 12215, aplicaci\u00f3n al Escantillonado de embarcaciones menores de 24 m 24.07.2026 +INFO Galer\u00eda de Im\u00e1genes - Celebraci\u00f3n F. Carmen en Vigo Galer\u00eda de Im\u00e1genes \u2013 Celebraci\u00f3n F. Carmen en Ferrol VII","og:url":"https:\/\/galicia.ingenierosnavales.com\/index.php\/2026\/07\/17\/agenda-semanal-de-actividades-en-galicia-20-27-julio-2026\/","og:image":"https:\/\/galicia.ingenierosnavales.com\/wp-content\/uploads\/2025\/03\/LOGO-GALICIA.png","og:image:secure_url":"https:\/\/galicia.ingenierosnavales.com\/wp-content\/uploads\/2025\/03\/LOGO-GALICIA.png","og:image:width":1050,"og:image:height":600,"article:published_time":"2026-07-17T06:48:37+00:00","article:modified_time":"2026-07-17T06:48:37+00:00","article:publisher":"https:\/\/facebook.com\/Ingenieros Navales Galicia","twitter:card":"summary_large_image","twitter:site":"@Ingenieros%20Navales%20Galicia","twitter:title":"Agenda Semanal De Actividades En Galicia. 20-27\/julio\/2026 - Delegaci\u00f3n del COIN en Galicia -","twitter:description":"DEL 20 AL 27 DE JULIO DE 2026 20.07.2026 Energ\u00edas renovables marinas 22.07.2026 Fin de plazo de inscripci\u00f3n \u201cRecalada, Encontro No Mar\u201d 23.07.2026 ISSO 12215, aplicaci\u00f3n al Escantillonado de embarcaciones menores de 24 m 24.07.2026 +INFO Galer\u00eda de Im\u00e1genes - Celebraci\u00f3n F. Carmen en Vigo Galer\u00eda de Im\u00e1genes \u2013 Celebraci\u00f3n F. Carmen en Ferrol VII","twitter:creator":"@Ingenieros%20Navales%20Galicia","twitter:image":"https:\/\/galicia.ingenierosnavales.com\/wp-content\/uploads\/2025\/03\/LOGO-GALICIA.png"},"aioseo_meta_data":{"post_id":"10667","title":null,"description":null,"keywords":null,"keyphrases":{"focus":{"keyphrase":"","score":0,"analysis":{"keyphraseInTitle":{"score":0,"maxScore":9,"error":1}}},"additional":[]},"primary_term":null,"canonical_url":null,"og_title":null,"og_description":null,"og_object_type":"default","og_image_type":"default","og_image_url":null,"og_image_width":null,"og_image_height":null,"og_image_custom_url":null,"og_image_custom_fields":null,"og_video":"","og_custom_url":null,"og_article_section":null,"og_article_tags":null,"twitter_use_og":false,"twitter_card":"default","twitter_image_type":"default","twitter_image_url":null,"twitter_image_custom_url":null,"twitter_image_custom_fields":null,"twitter_title":null,"twitter_description":null,"schema":{"blockGraphs":[],"customGraphs":[],"default":{"data":{"Article":[],"Course":[],"Dataset":[],"FAQPage":[],"Movie":[],"Person":[],"Product":[],"ProductReview":[],"Car":[],"Recipe":[],"Service":[],"SoftwareApplication":[],"WebPage":[]},"graphName":"BlogPosting","isEnabled":true},"graphs":[]},"schema_type":"default","schema_type_options":null,"pillar_content":false,"robots_default":true,"robots_noindex":false,"robots_noarchive":false,"robots_nosnippet":false,"robots_nofollow":false,"robots_noimageindex":false,"robots_noodp":false,"robots_notranslate":false,"robots_max_snippet":"-1","robots_max_videopreview":"-1","robots_max_imagepreview":"large","priority":null,"frequency":"default","local_seo":null,"limit_modified_date":false,"created":"2026-07-17 06:48:37","updated":"2026-07-28 00:03:28","ai":null,"breadcrumb_settings":null,"seo_analyzer_scan_date":null,"focus_keyword":null,"additional_keywords":null,"truseo_locale":null},"aioseo_breadcrumb":"<div class=\"aioseo-breadcrumbs\"><span class=\"aioseo-breadcrumb\">\n\t\t\t<a href=\"https:\/\/galicia.ingenierosnavales.com\" title=\"Home\">Home<\/a>\n\t\t<\/span><span class=\"aioseo-breadcrumb-separator\">&raquo;<\/span><span class=\"aioseo-breadcrumb\">\n\t\t\t<a href=\"https:\/\/galicia.ingenierosnavales.com\/index.php\/category\/eventos\/\" title=\"Eventos\">Eventos<\/a>\n\t\t<\/span><span class=\"aioseo-breadcrumb-separator\">&raquo;<\/span><span class=\"aioseo-breadcrumb\">\n\t\t\tAgenda Semanal De Actividades En Galicia. 20-27\/julio\/2026\n\t\t<\/span><\/div>","aioseo_breadcrumb_json":[{"label":"Home","link":"https:\/\/galicia.ingenierosnavales.com"},{"label":"Eventos","link":"https:\/\/galicia.ingenierosnavales.com\/index.php\/category\/eventos\/"},{"label":"Agenda Semanal De Actividades En Galicia. 20-27\/julio\/2026","link":"https:\/\/galicia.ingenierosnavales.com\/index.php\/2026\/07\/17\/agenda-semanal-de-actividades-en-galicia-20-27-julio-2026\/"}],"_links":{"self":[{"href":"https:\/\/galicia.ingenierosnavales.com\/index.php\/wp-json\/wp\/v2\/posts\/10667","targetHints":{"allow":["GET"]}}],"collection":[{"href":"https:\/\/galicia.ingenierosnavales.com\/index.php\/wp-json\/wp\/v2\/posts"}],"about":[{"href":"https:\/\/galicia.ingenierosnavales.com\/index.php\/wp-json\/wp\/v2\/types\/post"}],"author":[{"embeddable":true,"href":"https:\/\/galicia.ingenierosnavales.com\/index.php\/wp-json\/wp\/v2\/users\/2"}],"replies":[{"embeddable":true,"href":"https:\/\/galicia.ingenierosnavales.com\/index.php\/wp-json\/wp\/v2\/comments?post=10667"}],"version-history":[{"count":1,"href":"https:\/\/galicia.ingenierosnavales.com\/index.php\/wp-json\/wp\/v2\/posts\/10667\/revisions"}],"predecessor-version":[{"id":10668,"href":"https:\/\/galicia.ingenierosnavales.com\/index.php\/wp-json\/wp\/v2\/posts\/10667\/revisions\/10668"}],"wp:featuredmedia":[{"embeddable":true,"href":"https:\/\/galicia.ingenierosnavales.com\/index.php\/wp-json\/wp\/v2\/media\/9925"}],"wp:attachment":[{"href":"https:\/\/galicia.ingenierosnavales.com\/index.php\/wp-json\/wp\/v2\/media?parent=10667"}],"wp:term":[{"taxonomy":"category","embeddable":true,"href":"https:\/\/galicia.ingenierosnavales.com\/index.php\/wp-json\/wp\/v2\/categories?post=10667"},{"taxonomy":"post_tag","embeddable":true,"href":"https:\/\/galicia.ingenierosnavales.com\/index.php\/wp-json\/wp\/v2\/tags?post=10667"}],"curies":[{"name":"wp","href":"https:\/\/api.w.org\/{rel}","templated":true}]}}