{"id":10654,"date":"2026-07-16T11:08:52","date_gmt":"2026-07-16T11:08:52","guid":{"rendered":"https:\/\/galicia.ingenierosnavales.com\/?p=10654"},"modified":"2026-07-16T11:08:52","modified_gmt":"2026-07-16T11:08:52","slug":"apertura-do-prazo-de-inscricions-para-participar-na-recalada-encontro-no-mar-15-de-agosto-de-2026","status":"publish","type":"post","link":"https:\/\/galicia.ingenierosnavales.com\/index.php\/2026\/07\/16\/apertura-do-prazo-de-inscricions-para-participar-na-recalada-encontro-no-mar-15-de-agosto-de-2026\/","title":{"rendered":"Apertura do prazo de inscrici\u00f3ns para participar na \u00abRecalada, Encontro No Mar\u00bb, 15 de agosto de 2026"},"content":{"rendered":"<p><img fetchpriority=\"high\" decoding=\"async\" class=\"size-medium wp-image-10655 aligncenter\" src=\"https:\/\/galicia.ingenierosnavales.com\/wp-content\/uploads\/2026\/07\/FotoMuxika-225x300.jpg\" alt=\"\" width=\"225\" height=\"300\" srcset=\"https:\/\/galicia.ingenierosnavales.com\/wp-content\/uploads\/2026\/07\/FotoMuxika-225x300.jpg 225w, https:\/\/galicia.ingenierosnavales.com\/wp-content\/uploads\/2026\/07\/FotoMuxika-768x1024.jpg 768w, https:\/\/galicia.ingenierosnavales.com\/wp-content\/uploads\/2026\/07\/FotoMuxika-1152x1536.jpg 1152w, https:\/\/galicia.ingenierosnavales.com\/wp-content\/uploads\/2026\/07\/FotoMuxika-1536x2048.jpg 1536w, https:\/\/galicia.ingenierosnavales.com\/wp-content\/uploads\/2026\/07\/FotoMuxika-scaled.jpg 1920w\" sizes=\"(max-width: 225px) 100vw, 225px\" \/><\/p>\n<p>Como en edici\u00f3ns anteriores, este ano Culturmar participar\u00e1 novamente na <strong><em>III edici\u00f3n da Recalada, Encontro no Mar<\/em><\/strong> que se realizar\u00e1 o s\u00e1bado <strong>15 de agosto no muelle de Arcade<\/strong> (Soutomaior)<strong> en xornada de tarde.<\/strong><\/p>\n<p style=\"text-align: center;\"><a href=\"https:\/\/maps.app.goo.gl\/M3yujhu6cN7knuCb7\">https:\/\/maps.app.goo.gl\/M3yujhu6cN7knuCb7<\/a><\/p>\n<p>\u26f5Participar\u00e1n como en anteriores edici\u00f3ns cunha mostra total de <strong>12 embarcaci\u00f3ns\u00a0<\/strong>tradicionais\u00a0na contorna do peirao (<strong>coa novidade nesta edici\u00f3n de que 4 delas se dispor\u00e1n en terra para a s\u00faa mostra<\/strong>),\u00a0as\u00ed como visitas guiadas para co\u00f1ecer as caracter\u00edsticas e usos das nosas embarcaci\u00f3ns.<\/p>\n<p>\ud83d\udce2\u00c1brese polo tanto o prazo para a inscrici\u00f3n para aqueles colectivos que desexen participar coas s\u00faas embarcaci\u00f3ns nas <strong>condici\u00f3ns<\/strong> que se indican na <strong>folla adxunta.<\/strong><\/p>\n<p style=\"text-align: center;\"><a href=\"https:\/\/galicia.ingenierosnavales.com\/wp-content\/uploads\/2026\/07\/Ficha-inscricion-Muxika-III-Recalada-Arcade-2026.odt\">Ficha inscrici\u00f3n Muxika III Recalada- Arcade 2026<\/a><\/p>\n<p>\u2139\ufe0fXuntamos a <strong>folla de inscrici\u00f3n<\/strong>, que deber\u00e1 ser cumprimentada de xeito individual para cada barco e que ser\u00e1 <strong>necesario cubrir todos os seus campos.\u00a0<\/strong><\/p>\n<p>Para a correcta inscrici\u00f3n ser\u00e1 necesario <strong>achegar unha fotograf\u00eda da embarcaci\u00f3n.<\/strong><\/p>\n<p>&nbsp;<\/p>\n<p>\ud83d\udc49\ud83c\udffbO PRAZO PARA AS INSCRICI\u00d3NS ABREUSE O 8 DE XULLO E REMATAR\u00c1 O <strong>22 DE XULLO.<\/strong><\/p>\n<p style=\"text-align: center;\">Sa\u00fados mari\u00f1eiros<\/p>\n<p><a href=\"https:\/\/culturmar.org\/\"><img decoding=\"async\" class=\"alignnone size-full wp-image-2359 aligncenter\" src=\"https:\/\/galicia.ingenierosnavales.com\/wp-content\/uploads\/2021\/05\/CULTURMAR.png\" alt=\"\" width=\"250\" height=\"90\" \/><\/a><\/p>\n","protected":false},"excerpt":{"rendered":"<p>Como en edici\u00f3ns anteriores, este ano Culturmar participar\u00e1 novamente na III edici\u00f3n da Recalada, Encontro no Mar que se realizar\u00e1 o s\u00e1bado 15 de agosto no muelle de Arcade (Soutomaior) en xornada de tarde.&#46;&#46;&#46;<\/p>\n","protected":false},"author":2,"featured_media":10655,"comment_status":"open","ping_status":"closed","sticky":false,"template":"","format":"standard","meta":{"om_disable_all_campaigns":false,"_monsterinsights_skip_tracking":false,"footnotes":""},"categories":[32],"tags":[],"class_list":["post-10654","post","type-post","status-publish","format-standard","has-post-thumbnail","hentry","category-eventos-g"],"aioseo_notices":[],"aioseo_head":"\n\t\t<!-- All in One SEO 5.0.1.1 - aioseo.com -->\n\t<meta name=\"description\" content=\"Como en edici\u00f3ns anteriores, este ano Culturmar participar\u00e1 novamente na III edici\u00f3n da Recalada, Encontro no Mar que se realizar\u00e1 o s\u00e1bado 15 de agosto no muelle de Arcade (Soutomaior) en xornada de tarde. https:\/\/maps.app.goo.gl\/M3yujhu6cN7knuCb7 \u26f5Participar\u00e1n como en anteriores edici\u00f3ns cunha mostra total de 12 embarcaci\u00f3ns tradicionais na contorna do peirao (coa novidade nesta edici\u00f3n de que\" \/>\n\t<meta name=\"robots\" content=\"max-image-preview:large\" \/>\n\t<meta name=\"author\" content=\"Delegaci\u00f3n Galicia\"\/>\n\t<meta name=\"google-site-verification\" content=\"7brmUOAwEmVOzDsnJ9q5QE6pLdw6wH0XiigUsr1GV5s\" \/>\n\t<link rel=\"canonical\" href=\"https:\/\/galicia.ingenierosnavales.com\/index.php\/2026\/07\/16\/apertura-do-prazo-de-inscricions-para-participar-na-recalada-encontro-no-mar-15-de-agosto-de-2026\/\" \/>\n\t<meta name=\"generator\" content=\"All in One SEO (AIOSEO) 5.0.1.1\" \/>\n\t\t<meta property=\"og:locale\" content=\"es_ES\" \/>\n\t\t<meta property=\"og:site_name\" content=\"Delegaci\u00f3n del COIN en Galicia -  -\" \/>\n\t\t<meta property=\"og:type\" content=\"article\" \/>\n\t\t<meta property=\"og:title\" content=\"Apertura do prazo de inscrici\u00f3ns para participar na \u00abRecalada, Encontro No Mar\u00bb, 15 de agosto de 2026 - Delegaci\u00f3n del COIN en Galicia -\" \/>\n\t\t<meta property=\"og:description\" content=\"Como en edici\u00f3ns anteriores, este ano Culturmar participar\u00e1 novamente na III edici\u00f3n da Recalada, Encontro no Mar que se realizar\u00e1 o s\u00e1bado 15 de agosto no muelle de Arcade (Soutomaior) en xornada de tarde. https:\/\/maps.app.goo.gl\/M3yujhu6cN7knuCb7 \u26f5Participar\u00e1n como en anteriores edici\u00f3ns cunha mostra total de 12 embarcaci\u00f3ns tradicionais na contorna do peirao (coa novidade nesta edici\u00f3n de que\" \/>\n\t\t<meta property=\"og:url\" content=\"https:\/\/galicia.ingenierosnavales.com\/index.php\/2026\/07\/16\/apertura-do-prazo-de-inscricions-para-participar-na-recalada-encontro-no-mar-15-de-agosto-de-2026\/\" \/>\n\t\t<meta property=\"og:image\" content=\"https:\/\/galicia.ingenierosnavales.com\/wp-content\/uploads\/2025\/03\/LOGO-GALICIA.png\" \/>\n\t\t<meta property=\"og:image:secure_url\" content=\"https:\/\/galicia.ingenierosnavales.com\/wp-content\/uploads\/2025\/03\/LOGO-GALICIA.png\" \/>\n\t\t<meta property=\"og:image:width\" content=\"1050\" \/>\n\t\t<meta property=\"og:image:height\" content=\"600\" \/>\n\t\t<meta property=\"article:published_time\" content=\"2026-07-16T11:08:52+00:00\" \/>\n\t\t<meta property=\"article:modified_time\" content=\"2026-07-16T11:08:52+00:00\" \/>\n\t\t<meta property=\"article:publisher\" content=\"https:\/\/facebook.com\/Ingenieros Navales Galicia\" \/>\n\t\t<meta name=\"twitter:card\" content=\"summary_large_image\" \/>\n\t\t<meta name=\"twitter:site\" content=\"@Ingenieros%20Navales%20Galicia\" \/>\n\t\t<meta name=\"twitter:title\" content=\"Apertura do prazo de inscrici\u00f3ns para participar na \u00abRecalada, Encontro No Mar\u00bb, 15 de agosto de 2026 - Delegaci\u00f3n del COIN en Galicia -\" \/>\n\t\t<meta name=\"twitter:description\" content=\"Como en edici\u00f3ns anteriores, este ano Culturmar participar\u00e1 novamente na III edici\u00f3n da Recalada, Encontro no Mar que se realizar\u00e1 o s\u00e1bado 15 de agosto no muelle de Arcade (Soutomaior) en xornada de tarde. https:\/\/maps.app.goo.gl\/M3yujhu6cN7knuCb7 \u26f5Participar\u00e1n como en anteriores edici\u00f3ns cunha mostra total de 12 embarcaci\u00f3ns tradicionais na contorna do peirao (coa novidade nesta edici\u00f3n de que\" \/>\n\t\t<meta name=\"twitter:creator\" content=\"@Ingenieros%20Navales%20Galicia\" \/>\n\t\t<meta name=\"twitter:image\" content=\"https:\/\/galicia.ingenierosnavales.com\/wp-content\/uploads\/2025\/03\/LOGO-GALICIA.png\" \/>\n\t\t<script type=\"application\/ld+json\" class=\"aioseo-schema\">\n\t\t\t{\"@context\":\"https:\\\/\\\/schema.org\",\"@graph\":[{\"@type\":\"BlogPosting\",\"@id\":\"https:\\\/\\\/galicia.ingenierosnavales.com\\\/index.php\\\/2026\\\/07\\\/16\\\/apertura-do-prazo-de-inscricions-para-participar-na-recalada-encontro-no-mar-15-de-agosto-de-2026\\\/#blogposting\",\"name\":\"Apertura do prazo de inscrici\\u00f3ns para participar na \\u00abRecalada, Encontro No Mar\\u00bb, 15 de agosto de 2026 - Delegaci\\u00f3n del COIN en Galicia -\",\"headline\":\"Apertura do prazo de inscrici\\u00f3ns para participar na \\u00abRecalada, Encontro No Mar\\u00bb, 15 de agosto de 2026\",\"author\":{\"@id\":\"https:\\\/\\\/galicia.ingenierosnavales.com\\\/index.php\\\/author\\\/galicia\\\/#author\"},\"publisher\":{\"@id\":\"https:\\\/\\\/galicia.ingenierosnavales.com\\\/#organization\"},\"image\":{\"@type\":\"ImageObject\",\"url\":\"https:\\\/\\\/galicia.ingenierosnavales.com\\\/wp-content\\\/uploads\\\/2026\\\/07\\\/FotoMuxika-scaled.jpg\",\"width\":1920,\"height\":2560},\"datePublished\":\"2026-07-16T11:08:52+00:00\",\"dateModified\":\"2026-07-16T11:08:52+00:00\",\"inLanguage\":\"es-ES\",\"mainEntityOfPage\":{\"@id\":\"https:\\\/\\\/galicia.ingenierosnavales.com\\\/index.php\\\/2026\\\/07\\\/16\\\/apertura-do-prazo-de-inscricions-para-participar-na-recalada-encontro-no-mar-15-de-agosto-de-2026\\\/#webpage\"},\"isPartOf\":{\"@id\":\"https:\\\/\\\/galicia.ingenierosnavales.com\\\/index.php\\\/2026\\\/07\\\/16\\\/apertura-do-prazo-de-inscricions-para-participar-na-recalada-encontro-no-mar-15-de-agosto-de-2026\\\/#webpage\"},\"articleSection\":\"eventos (G), Galego\"},{\"@type\":\"BreadcrumbList\",\"@id\":\"https:\\\/\\\/galicia.ingenierosnavales.com\\\/index.php\\\/2026\\\/07\\\/16\\\/apertura-do-prazo-de-inscricions-para-participar-na-recalada-encontro-no-mar-15-de-agosto-de-2026\\\/#breadcrumblist\",\"itemListElement\":[{\"@type\":\"ListItem\",\"@id\":\"https:\\\/\\\/galicia.ingenierosnavales.com#listItem\",\"position\":1,\"name\":\"Home\",\"item\":\"https:\\\/\\\/galicia.ingenierosnavales.com\",\"nextItem\":{\"@type\":\"ListItem\",\"@id\":\"https:\\\/\\\/galicia.ingenierosnavales.com\\\/index.php\\\/category\\\/eventos-g\\\/#listItem\",\"name\":\"eventos (G)\"}},{\"@type\":\"ListItem\",\"@id\":\"https:\\\/\\\/galicia.ingenierosnavales.com\\\/index.php\\\/category\\\/eventos-g\\\/#listItem\",\"position\":2,\"name\":\"eventos (G)\",\"item\":\"https:\\\/\\\/galicia.ingenierosnavales.com\\\/index.php\\\/category\\\/eventos-g\\\/\",\"nextItem\":{\"@type\":\"ListItem\",\"@id\":\"https:\\\/\\\/galicia.ingenierosnavales.com\\\/index.php\\\/2026\\\/07\\\/16\\\/apertura-do-prazo-de-inscricions-para-participar-na-recalada-encontro-no-mar-15-de-agosto-de-2026\\\/#listItem\",\"name\":\"Apertura do prazo de inscrici\\u00f3ns para participar na \\u00abRecalada, Encontro No Mar\\u00bb, 15 de agosto de 2026\"},\"previousItem\":{\"@type\":\"ListItem\",\"@id\":\"https:\\\/\\\/galicia.ingenierosnavales.com#listItem\",\"name\":\"Home\"}},{\"@type\":\"ListItem\",\"@id\":\"https:\\\/\\\/galicia.ingenierosnavales.com\\\/index.php\\\/2026\\\/07\\\/16\\\/apertura-do-prazo-de-inscricions-para-participar-na-recalada-encontro-no-mar-15-de-agosto-de-2026\\\/#listItem\",\"position\":3,\"name\":\"Apertura do prazo de inscrici\\u00f3ns para participar na \\u00abRecalada, Encontro No Mar\\u00bb, 15 de agosto de 2026\",\"previousItem\":{\"@type\":\"ListItem\",\"@id\":\"https:\\\/\\\/galicia.ingenierosnavales.com\\\/index.php\\\/category\\\/eventos-g\\\/#listItem\",\"name\":\"eventos (G)\"}}]},{\"@type\":\"Organization\",\"@id\":\"https:\\\/\\\/galicia.ingenierosnavales.com\\\/#organization\",\"name\":\"Delegaci\\u00f3n del COIN en Galicia -\",\"url\":\"https:\\\/\\\/galicia.ingenierosnavales.com\\\/\",\"telephone\":\"+34604068370\",\"logo\":{\"@type\":\"ImageObject\",\"url\":\"https:\\\/\\\/galicia.ingenierosnavales.com\\\/wp-content\\\/uploads\\\/2019\\\/09\\\/logo_2-1.png\",\"@id\":\"https:\\\/\\\/galicia.ingenierosnavales.com\\\/index.php\\\/2026\\\/07\\\/16\\\/apertura-do-prazo-de-inscricions-para-participar-na-recalada-encontro-no-mar-15-de-agosto-de-2026\\\/#organizationLogo\",\"width\":240,\"height\":94},\"image\":{\"@id\":\"https:\\\/\\\/galicia.ingenierosnavales.com\\\/index.php\\\/2026\\\/07\\\/16\\\/apertura-do-prazo-de-inscricions-para-participar-na-recalada-encontro-no-mar-15-de-agosto-de-2026\\\/#organizationLogo\"},\"sameAs\":[\"https:\\\/\\\/facebook.com\\\/Ingenieros Navales Galicia\",\"https:\\\/\\\/x.com\\\/Ingenieros Navales Galicia\",\"https:\\\/\\\/instagram.com\\\/Ingenieros Navales Galicia\",\"https:\\\/\\\/tiktok.com\\\/@Ingenieros Navales Galicia\",\"https:\\\/\\\/pinterest.com\\\/Ingenieros Navales Galicia\",\"https:\\\/\\\/youtube.com\\\/Ingenieros Navales Galicia\",\"https:\\\/\\\/linkedin.com\\\/in\\\/Ingenieros Navales Galicia\"]},{\"@type\":\"Person\",\"@id\":\"https:\\\/\\\/galicia.ingenierosnavales.com\\\/index.php\\\/author\\\/galicia\\\/#author\",\"url\":\"https:\\\/\\\/galicia.ingenierosnavales.com\\\/index.php\\\/author\\\/galicia\\\/\",\"name\":\"Delegaci\\u00f3n Galicia\",\"image\":{\"@type\":\"ImageObject\",\"@id\":\"https:\\\/\\\/galicia.ingenierosnavales.com\\\/index.php\\\/2026\\\/07\\\/16\\\/apertura-do-prazo-de-inscricions-para-participar-na-recalada-encontro-no-mar-15-de-agosto-de-2026\\\/#authorImage\",\"url\":\"https:\\\/\\\/secure.gravatar.com\\\/avatar\\\/784387c8ee70f0747950d2413aa515282183abc3726ddcd1d89e0d4fccc292b5?s=96&d=mm&r=g\",\"width\":96,\"height\":96,\"caption\":\"Delegaci\\u00f3n Galicia\"}},{\"@type\":\"WebPage\",\"@id\":\"https:\\\/\\\/galicia.ingenierosnavales.com\\\/index.php\\\/2026\\\/07\\\/16\\\/apertura-do-prazo-de-inscricions-para-participar-na-recalada-encontro-no-mar-15-de-agosto-de-2026\\\/#webpage\",\"url\":\"https:\\\/\\\/galicia.ingenierosnavales.com\\\/index.php\\\/2026\\\/07\\\/16\\\/apertura-do-prazo-de-inscricions-para-participar-na-recalada-encontro-no-mar-15-de-agosto-de-2026\\\/\",\"name\":\"Apertura do prazo de inscrici\\u00f3ns para participar na \\u00abRecalada, Encontro No Mar\\u00bb, 15 de agosto de 2026 - Delegaci\\u00f3n del COIN en Galicia -\",\"description\":\"Como en edici\\u00f3ns anteriores, este ano Culturmar participar\\u00e1 novamente na III edici\\u00f3n da Recalada, Encontro no Mar que se realizar\\u00e1 o s\\u00e1bado 15 de agosto no muelle de Arcade (Soutomaior) en xornada de tarde. https:\\\/\\\/maps.app.goo.gl\\\/M3yujhu6cN7knuCb7 \\u26f5Participar\\u00e1n como en anteriores edici\\u00f3ns cunha mostra total de 12 embarcaci\\u00f3ns tradicionais na contorna do peirao (coa novidade nesta edici\\u00f3n de que\",\"inLanguage\":\"es-ES\",\"isPartOf\":{\"@id\":\"https:\\\/\\\/galicia.ingenierosnavales.com\\\/#website\"},\"breadcrumb\":{\"@id\":\"https:\\\/\\\/galicia.ingenierosnavales.com\\\/index.php\\\/2026\\\/07\\\/16\\\/apertura-do-prazo-de-inscricions-para-participar-na-recalada-encontro-no-mar-15-de-agosto-de-2026\\\/#breadcrumblist\"},\"author\":{\"@id\":\"https:\\\/\\\/galicia.ingenierosnavales.com\\\/index.php\\\/author\\\/galicia\\\/#author\"},\"creator\":{\"@id\":\"https:\\\/\\\/galicia.ingenierosnavales.com\\\/index.php\\\/author\\\/galicia\\\/#author\"},\"image\":{\"@type\":\"ImageObject\",\"url\":\"https:\\\/\\\/galicia.ingenierosnavales.com\\\/wp-content\\\/uploads\\\/2026\\\/07\\\/FotoMuxika-scaled.jpg\",\"@id\":\"https:\\\/\\\/galicia.ingenierosnavales.com\\\/index.php\\\/2026\\\/07\\\/16\\\/apertura-do-prazo-de-inscricions-para-participar-na-recalada-encontro-no-mar-15-de-agosto-de-2026\\\/#mainImage\",\"width\":1920,\"height\":2560},\"primaryImageOfPage\":{\"@id\":\"https:\\\/\\\/galicia.ingenierosnavales.com\\\/index.php\\\/2026\\\/07\\\/16\\\/apertura-do-prazo-de-inscricions-para-participar-na-recalada-encontro-no-mar-15-de-agosto-de-2026\\\/#mainImage\"},\"datePublished\":\"2026-07-16T11:08:52+00:00\",\"dateModified\":\"2026-07-16T11:08:52+00:00\"},{\"@type\":\"WebSite\",\"@id\":\"https:\\\/\\\/galicia.ingenierosnavales.com\\\/#website\",\"url\":\"https:\\\/\\\/galicia.ingenierosnavales.com\\\/\",\"name\":\"Delegaci\\u00f3n del COIN en Galicia -\",\"inLanguage\":\"es-ES\",\"publisher\":{\"@id\":\"https:\\\/\\\/galicia.ingenierosnavales.com\\\/#organization\"}}]}\n\t\t<\/script>\n\t\t<!-- All in One SEO -->\n\n","aioseo_head_json":{"title":"Apertura do prazo de inscrici\u00f3ns para participar na \u00abRecalada, Encontro No Mar\u00bb, 15 de agosto de 2026 - Delegaci\u00f3n del COIN en Galicia -","description":"Como en edici\u00f3ns anteriores, este ano Culturmar participar\u00e1 novamente na III edici\u00f3n da Recalada, Encontro no Mar que se realizar\u00e1 o s\u00e1bado 15 de agosto no muelle de Arcade (Soutomaior) en xornada de tarde. https:\/\/maps.app.goo.gl\/M3yujhu6cN7knuCb7 \u26f5Participar\u00e1n como en anteriores edici\u00f3ns cunha mostra total de 12 embarcaci\u00f3ns tradicionais na contorna do peirao (coa novidade nesta edici\u00f3n de que","canonical_url":"https:\/\/galicia.ingenierosnavales.com\/index.php\/2026\/07\/16\/apertura-do-prazo-de-inscricions-para-participar-na-recalada-encontro-no-mar-15-de-agosto-de-2026\/","robots":"max-image-preview:large","keywords":"","webmasterTools":{"google-site-verification":"7brmUOAwEmVOzDsnJ9q5QE6pLdw6wH0XiigUsr1GV5s","miscellaneous":""},"schema":{"@context":"https:\/\/schema.org","@graph":[{"@type":"BlogPosting","@id":"https:\/\/galicia.ingenierosnavales.com\/index.php\/2026\/07\/16\/apertura-do-prazo-de-inscricions-para-participar-na-recalada-encontro-no-mar-15-de-agosto-de-2026\/#blogposting","name":"Apertura do prazo de inscrici\u00f3ns para participar na \u00abRecalada, Encontro No Mar\u00bb, 15 de agosto de 2026 - Delegaci\u00f3n del COIN en Galicia -","headline":"Apertura do prazo de inscrici\u00f3ns para participar na \u00abRecalada, Encontro No Mar\u00bb, 15 de agosto de 2026","author":{"@id":"https:\/\/galicia.ingenierosnavales.com\/index.php\/author\/galicia\/#author"},"publisher":{"@id":"https:\/\/galicia.ingenierosnavales.com\/#organization"},"image":{"@type":"ImageObject","url":"https:\/\/galicia.ingenierosnavales.com\/wp-content\/uploads\/2026\/07\/FotoMuxika-scaled.jpg","width":1920,"height":2560},"datePublished":"2026-07-16T11:08:52+00:00","dateModified":"2026-07-16T11:08:52+00:00","inLanguage":"es-ES","mainEntityOfPage":{"@id":"https:\/\/galicia.ingenierosnavales.com\/index.php\/2026\/07\/16\/apertura-do-prazo-de-inscricions-para-participar-na-recalada-encontro-no-mar-15-de-agosto-de-2026\/#webpage"},"isPartOf":{"@id":"https:\/\/galicia.ingenierosnavales.com\/index.php\/2026\/07\/16\/apertura-do-prazo-de-inscricions-para-participar-na-recalada-encontro-no-mar-15-de-agosto-de-2026\/#webpage"},"articleSection":"eventos (G), Galego"},{"@type":"BreadcrumbList","@id":"https:\/\/galicia.ingenierosnavales.com\/index.php\/2026\/07\/16\/apertura-do-prazo-de-inscricions-para-participar-na-recalada-encontro-no-mar-15-de-agosto-de-2026\/#breadcrumblist","itemListElement":[{"@type":"ListItem","@id":"https:\/\/galicia.ingenierosnavales.com#listItem","position":1,"name":"Home","item":"https:\/\/galicia.ingenierosnavales.com","nextItem":{"@type":"ListItem","@id":"https:\/\/galicia.ingenierosnavales.com\/index.php\/category\/eventos-g\/#listItem","name":"eventos (G)"}},{"@type":"ListItem","@id":"https:\/\/galicia.ingenierosnavales.com\/index.php\/category\/eventos-g\/#listItem","position":2,"name":"eventos (G)","item":"https:\/\/galicia.ingenierosnavales.com\/index.php\/category\/eventos-g\/","nextItem":{"@type":"ListItem","@id":"https:\/\/galicia.ingenierosnavales.com\/index.php\/2026\/07\/16\/apertura-do-prazo-de-inscricions-para-participar-na-recalada-encontro-no-mar-15-de-agosto-de-2026\/#listItem","name":"Apertura do prazo de inscrici\u00f3ns para participar na \u00abRecalada, Encontro No Mar\u00bb, 15 de agosto de 2026"},"previousItem":{"@type":"ListItem","@id":"https:\/\/galicia.ingenierosnavales.com#listItem","name":"Home"}},{"@type":"ListItem","@id":"https:\/\/galicia.ingenierosnavales.com\/index.php\/2026\/07\/16\/apertura-do-prazo-de-inscricions-para-participar-na-recalada-encontro-no-mar-15-de-agosto-de-2026\/#listItem","position":3,"name":"Apertura do prazo de inscrici\u00f3ns para participar na \u00abRecalada, Encontro No Mar\u00bb, 15 de agosto de 2026","previousItem":{"@type":"ListItem","@id":"https:\/\/galicia.ingenierosnavales.com\/index.php\/category\/eventos-g\/#listItem","name":"eventos (G)"}}]},{"@type":"Organization","@id":"https:\/\/galicia.ingenierosnavales.com\/#organization","name":"Delegaci\u00f3n del COIN en Galicia -","url":"https:\/\/galicia.ingenierosnavales.com\/","telephone":"+34604068370","logo":{"@type":"ImageObject","url":"https:\/\/galicia.ingenierosnavales.com\/wp-content\/uploads\/2019\/09\/logo_2-1.png","@id":"https:\/\/galicia.ingenierosnavales.com\/index.php\/2026\/07\/16\/apertura-do-prazo-de-inscricions-para-participar-na-recalada-encontro-no-mar-15-de-agosto-de-2026\/#organizationLogo","width":240,"height":94},"image":{"@id":"https:\/\/galicia.ingenierosnavales.com\/index.php\/2026\/07\/16\/apertura-do-prazo-de-inscricions-para-participar-na-recalada-encontro-no-mar-15-de-agosto-de-2026\/#organizationLogo"},"sameAs":["https:\/\/facebook.com\/Ingenieros Navales Galicia","https:\/\/x.com\/Ingenieros Navales Galicia","https:\/\/instagram.com\/Ingenieros Navales Galicia","https:\/\/tiktok.com\/@Ingenieros Navales Galicia","https:\/\/pinterest.com\/Ingenieros Navales Galicia","https:\/\/youtube.com\/Ingenieros Navales Galicia","https:\/\/linkedin.com\/in\/Ingenieros Navales Galicia"]},{"@type":"Person","@id":"https:\/\/galicia.ingenierosnavales.com\/index.php\/author\/galicia\/#author","url":"https:\/\/galicia.ingenierosnavales.com\/index.php\/author\/galicia\/","name":"Delegaci\u00f3n Galicia","image":{"@type":"ImageObject","@id":"https:\/\/galicia.ingenierosnavales.com\/index.php\/2026\/07\/16\/apertura-do-prazo-de-inscricions-para-participar-na-recalada-encontro-no-mar-15-de-agosto-de-2026\/#authorImage","url":"https:\/\/secure.gravatar.com\/avatar\/784387c8ee70f0747950d2413aa515282183abc3726ddcd1d89e0d4fccc292b5?s=96&d=mm&r=g","width":96,"height":96,"caption":"Delegaci\u00f3n Galicia"}},{"@type":"WebPage","@id":"https:\/\/galicia.ingenierosnavales.com\/index.php\/2026\/07\/16\/apertura-do-prazo-de-inscricions-para-participar-na-recalada-encontro-no-mar-15-de-agosto-de-2026\/#webpage","url":"https:\/\/galicia.ingenierosnavales.com\/index.php\/2026\/07\/16\/apertura-do-prazo-de-inscricions-para-participar-na-recalada-encontro-no-mar-15-de-agosto-de-2026\/","name":"Apertura do prazo de inscrici\u00f3ns para participar na \u00abRecalada, Encontro No Mar\u00bb, 15 de agosto de 2026 - Delegaci\u00f3n del COIN en Galicia -","description":"Como en edici\u00f3ns anteriores, este ano Culturmar participar\u00e1 novamente na III edici\u00f3n da Recalada, Encontro no Mar que se realizar\u00e1 o s\u00e1bado 15 de agosto no muelle de Arcade (Soutomaior) en xornada de tarde. https:\/\/maps.app.goo.gl\/M3yujhu6cN7knuCb7 \u26f5Participar\u00e1n como en anteriores edici\u00f3ns cunha mostra total de 12 embarcaci\u00f3ns tradicionais na contorna do peirao (coa novidade nesta edici\u00f3n de que","inLanguage":"es-ES","isPartOf":{"@id":"https:\/\/galicia.ingenierosnavales.com\/#website"},"breadcrumb":{"@id":"https:\/\/galicia.ingenierosnavales.com\/index.php\/2026\/07\/16\/apertura-do-prazo-de-inscricions-para-participar-na-recalada-encontro-no-mar-15-de-agosto-de-2026\/#breadcrumblist"},"author":{"@id":"https:\/\/galicia.ingenierosnavales.com\/index.php\/author\/galicia\/#author"},"creator":{"@id":"https:\/\/galicia.ingenierosnavales.com\/index.php\/author\/galicia\/#author"},"image":{"@type":"ImageObject","url":"https:\/\/galicia.ingenierosnavales.com\/wp-content\/uploads\/2026\/07\/FotoMuxika-scaled.jpg","@id":"https:\/\/galicia.ingenierosnavales.com\/index.php\/2026\/07\/16\/apertura-do-prazo-de-inscricions-para-participar-na-recalada-encontro-no-mar-15-de-agosto-de-2026\/#mainImage","width":1920,"height":2560},"primaryImageOfPage":{"@id":"https:\/\/galicia.ingenierosnavales.com\/index.php\/2026\/07\/16\/apertura-do-prazo-de-inscricions-para-participar-na-recalada-encontro-no-mar-15-de-agosto-de-2026\/#mainImage"},"datePublished":"2026-07-16T11:08:52+00:00","dateModified":"2026-07-16T11:08:52+00:00"},{"@type":"WebSite","@id":"https:\/\/galicia.ingenierosnavales.com\/#website","url":"https:\/\/galicia.ingenierosnavales.com\/","name":"Delegaci\u00f3n del COIN en Galicia -","inLanguage":"es-ES","publisher":{"@id":"https:\/\/galicia.ingenierosnavales.com\/#organization"}}]},"og:locale":"es_ES","og:site_name":"Delegaci\u00f3n del COIN en Galicia -  -","og:type":"article","og:title":"Apertura do prazo de inscrici\u00f3ns para participar na \u00abRecalada, Encontro No Mar\u00bb, 15 de agosto de 2026 - Delegaci\u00f3n del COIN en Galicia -","og:description":"Como en edici\u00f3ns anteriores, este ano Culturmar participar\u00e1 novamente na III edici\u00f3n da Recalada, Encontro no Mar que se realizar\u00e1 o s\u00e1bado 15 de agosto no muelle de Arcade (Soutomaior) en xornada de tarde. https:\/\/maps.app.goo.gl\/M3yujhu6cN7knuCb7 \u26f5Participar\u00e1n como en anteriores edici\u00f3ns cunha mostra total de 12 embarcaci\u00f3ns tradicionais na contorna do peirao (coa novidade nesta edici\u00f3n de que","og:url":"https:\/\/galicia.ingenierosnavales.com\/index.php\/2026\/07\/16\/apertura-do-prazo-de-inscricions-para-participar-na-recalada-encontro-no-mar-15-de-agosto-de-2026\/","og:image":"https:\/\/galicia.ingenierosnavales.com\/wp-content\/uploads\/2025\/03\/LOGO-GALICIA.png","og:image:secure_url":"https:\/\/galicia.ingenierosnavales.com\/wp-content\/uploads\/2025\/03\/LOGO-GALICIA.png","og:image:width":1050,"og:image:height":600,"article:published_time":"2026-07-16T11:08:52+00:00","article:modified_time":"2026-07-16T11:08:52+00:00","article:publisher":"https:\/\/facebook.com\/Ingenieros Navales Galicia","twitter:card":"summary_large_image","twitter:site":"@Ingenieros%20Navales%20Galicia","twitter:title":"Apertura do prazo de inscrici\u00f3ns para participar na \u00abRecalada, Encontro No Mar\u00bb, 15 de agosto de 2026 - Delegaci\u00f3n del COIN en Galicia -","twitter:description":"Como en edici\u00f3ns anteriores, este ano Culturmar participar\u00e1 novamente na III edici\u00f3n da Recalada, Encontro no Mar que se realizar\u00e1 o s\u00e1bado 15 de agosto no muelle de Arcade (Soutomaior) en xornada de tarde. https:\/\/maps.app.goo.gl\/M3yujhu6cN7knuCb7 \u26f5Participar\u00e1n como en anteriores edici\u00f3ns cunha mostra total de 12 embarcaci\u00f3ns tradicionais na contorna do peirao (coa novidade nesta edici\u00f3n de que","twitter:creator":"@Ingenieros%20Navales%20Galicia","twitter:image":"https:\/\/galicia.ingenierosnavales.com\/wp-content\/uploads\/2025\/03\/LOGO-GALICIA.png"},"aioseo_meta_data":{"post_id":"10654","title":null,"description":null,"keywords":null,"keyphrases":{"focus":{"keyphrase":"","score":0,"analysis":{"keyphraseInTitle":{"score":0,"maxScore":9,"error":1}}},"additional":[]},"primary_term":null,"canonical_url":null,"og_title":null,"og_description":null,"og_object_type":"default","og_image_type":"default","og_image_url":null,"og_image_width":null,"og_image_height":null,"og_image_custom_url":null,"og_image_custom_fields":null,"og_video":"","og_custom_url":null,"og_article_section":null,"og_article_tags":null,"twitter_use_og":false,"twitter_card":"default","twitter_image_type":"default","twitter_image_url":null,"twitter_image_custom_url":null,"twitter_image_custom_fields":null,"twitter_title":null,"twitter_description":null,"schema":{"blockGraphs":[],"customGraphs":[],"default":{"data":{"Article":[],"Course":[],"Dataset":[],"FAQPage":[],"Movie":[],"Person":[],"Product":[],"ProductReview":[],"Car":[],"Recipe":[],"Service":[],"SoftwareApplication":[],"WebPage":[]},"graphName":"BlogPosting","isEnabled":true},"graphs":[]},"schema_type":"default","schema_type_options":null,"pillar_content":false,"robots_default":true,"robots_noindex":false,"robots_noarchive":false,"robots_nosnippet":false,"robots_nofollow":false,"robots_noimageindex":false,"robots_noodp":false,"robots_notranslate":false,"robots_max_snippet":"-1","robots_max_videopreview":"-1","robots_max_imagepreview":"large","priority":null,"frequency":"default","local_seo":null,"limit_modified_date":false,"created":"2026-07-16 11:08:52","updated":"2026-07-28 00:03:28","ai":null,"breadcrumb_settings":null,"seo_analyzer_scan_date":null,"focus_keyword":null,"additional_keywords":null,"truseo_locale":null},"aioseo_breadcrumb":"<div class=\"aioseo-breadcrumbs\"><span class=\"aioseo-breadcrumb\">\n\t\t\t<a href=\"https:\/\/galicia.ingenierosnavales.com\" title=\"Home\">Home<\/a>\n\t\t<\/span><span class=\"aioseo-breadcrumb-separator\">&raquo;<\/span><span class=\"aioseo-breadcrumb\">\n\t\t\t<a href=\"https:\/\/galicia.ingenierosnavales.com\/index.php\/category\/eventos-g\/\" title=\"eventos (G)\">eventos (G)<\/a>\n\t\t<\/span><span class=\"aioseo-breadcrumb-separator\">&raquo;<\/span><span class=\"aioseo-breadcrumb\">\n\t\t\tApertura do prazo de inscrici\u00f3ns para participar na \u00abRecalada, Encontro No Mar\u00bb, 15 de agosto de 2026\n\t\t<\/span><\/div>","aioseo_breadcrumb_json":[{"label":"Home","link":"https:\/\/galicia.ingenierosnavales.com"},{"label":"eventos (G)","link":"https:\/\/galicia.ingenierosnavales.com\/index.php\/category\/eventos-g\/"},{"label":"Apertura do prazo de inscrici\u00f3ns para participar na \u00abRecalada, Encontro No Mar\u00bb, 15 de agosto de 2026","link":"https:\/\/galicia.ingenierosnavales.com\/index.php\/2026\/07\/16\/apertura-do-prazo-de-inscricions-para-participar-na-recalada-encontro-no-mar-15-de-agosto-de-2026\/"}],"_links":{"self":[{"href":"https:\/\/galicia.ingenierosnavales.com\/index.php\/wp-json\/wp\/v2\/posts\/10654","targetHints":{"allow":["GET"]}}],"collection":[{"href":"https:\/\/galicia.ingenierosnavales.com\/index.php\/wp-json\/wp\/v2\/posts"}],"about":[{"href":"https:\/\/galicia.ingenierosnavales.com\/index.php\/wp-json\/wp\/v2\/types\/post"}],"author":[{"embeddable":true,"href":"https:\/\/galicia.ingenierosnavales.com\/index.php\/wp-json\/wp\/v2\/users\/2"}],"replies":[{"embeddable":true,"href":"https:\/\/galicia.ingenierosnavales.com\/index.php\/wp-json\/wp\/v2\/comments?post=10654"}],"version-history":[{"count":1,"href":"https:\/\/galicia.ingenierosnavales.com\/index.php\/wp-json\/wp\/v2\/posts\/10654\/revisions"}],"predecessor-version":[{"id":10657,"href":"https:\/\/galicia.ingenierosnavales.com\/index.php\/wp-json\/wp\/v2\/posts\/10654\/revisions\/10657"}],"wp:featuredmedia":[{"embeddable":true,"href":"https:\/\/galicia.ingenierosnavales.com\/index.php\/wp-json\/wp\/v2\/media\/10655"}],"wp:attachment":[{"href":"https:\/\/galicia.ingenierosnavales.com\/index.php\/wp-json\/wp\/v2\/media?parent=10654"}],"wp:term":[{"taxonomy":"category","embeddable":true,"href":"https:\/\/galicia.ingenierosnavales.com\/index.php\/wp-json\/wp\/v2\/categories?post=10654"},{"taxonomy":"post_tag","embeddable":true,"href":"https:\/\/galicia.ingenierosnavales.com\/index.php\/wp-json\/wp\/v2\/tags?post=10654"}],"curies":[{"name":"wp","href":"https:\/\/api.w.org\/{rel}","templated":true}]}}